{"id":19051,"date":"2015-08-11T15:52:20","date_gmt":"2015-08-11T14:52:20","guid":{"rendered":"http:\/\/rockpixx.com\/wordpress\/?p=19051"},"modified":"2015-08-11T15:52:20","modified_gmt":"2015-08-11T14:52:20","slug":"amorphis-01-08-2015-wacken-woa-2015","status":"publish","type":"post","link":"http:\/\/www.rockpixx.com\/wordpress\/amorphis-01-08-2015-wacken-woa-2015\/","title":{"rendered":"Amorphis, 01.08.2015, Wacken, W:O:A 2015"},"content":{"rendered":"<p style=\"text-align: left;\">F\u00fcr Amorphis erhielt ich von unserem Fotografen \u2013 \u2192 der <a href=\"http:\/\/rockpixx.com\/wordpress\/amorphis-15-11-2014-metal-hammer-paradise-weissenhaeuser-strand\/\">Amorphis bereits auf dem Metal Hammer Paradise<\/a> vor der Linse hatte \u2013 die Information: Das Gesicht des S\u00e4ngers ist ganz schwer zu erwischen, da meist ein \u201eabenteuerliches\u201c Mikro mit zwei seitlichen Haltegriffen davor h\u00e4ngt. Beim Headbangen wirst Du eher \u201eFlying Dreadlocks\u201c ablichten, die auf Grund der L\u00e4nge der Haare schwer komplett auf dem Bild sind.<!--more--><\/p>\n<p style=\"text-align: left;\">Das Mikro war so wie beschrieben, aber die Dreadlocks sind dem Friseur zum Opfer gefallen und ich pers\u00f6nlich muss sagen, S\u00e4nger Tomi Joutsen hat optisch dadurch gewonnen. Musikalisch gibt es bestimmt gr\u00f6\u00dfere Experten als mich und deswegen lasse ich getreu unserem Motto \u201esee the music\u201c hier die Bilder sprechen.<\/p>\n<p style=\"text-align: right;\">Fotos: <a href=\"mailto:a.roselt@rockpixx.com?subject=Amorphis,%2001.08.2015,%20Wacken,%20W:O:A%202015\">Anja<\/a> | Text: <a href=\"mailto:a.roselt@rockpixx.com?subject=Amorphis,%2001.08.2015,%20Wacken,%20W:O:A%202015\">Anja<\/a><\/p>\n<p>&nbsp;<\/p>\n<div class=\"eat-left eat-right\"><div class=\"thumbs-masonry isotope\"><div class=\"isotope-item block-2 block-h-2\"><a href=\"http:\/\/www.rockpixx.com\/wordpress\/wp-content\/uploads\/2015\/08\/20150801-02-001.jpg\" rel=\"prettyPhoto[postgal_19053]\" class=\"show-hover-link block-h-2\"\"><img decoding=\"async\" src=\"http:\/\/www.rockpixx.com\/wordpress\/wp-content\/uploads\/2015\/08\/20150801-02-001-480x480.jpg\" alt=\"Amorphis, 01.08.2015, Wacken, Wacken Open Air 2015\"\/><span class=\"before\"><\/span><span class=\"after\"><\/span><\/a><\/div><div class=\"isotope-item block-1 block-h-1\"><a href=\"http:\/\/www.rockpixx.com\/wordpress\/wp-content\/uploads\/2015\/08\/20150801-02-009.jpg\" rel=\"prettyPhoto[postgal_19053]\" class=\"show-hover-link block-h-1\"\"><img decoding=\"async\" src=\"http:\/\/www.rockpixx.com\/wordpress\/wp-content\/uploads\/2015\/08\/20150801-02-009-480x480.jpg\" alt=\"Amorphis, 01.08.2015, Wacken, Wacken Open Air 2015\"\/><span class=\"before\"><\/span><span class=\"after\"><\/span><\/a><\/div><div class=\"isotope-item block-1 block-h-1\"><a href=\"http:\/\/www.rockpixx.com\/wordpress\/wp-content\/uploads\/2015\/08\/20150801-02-012.jpg\" rel=\"prettyPhoto[postgal_19053]\" class=\"show-hover-link block-h-1\"\"><img decoding=\"async\" src=\"http:\/\/www.rockpixx.com\/wordpress\/wp-content\/uploads\/2015\/08\/20150801-02-012-480x480.jpg\" alt=\"Amorphis, 01.08.2015, Wacken, Wacken Open Air 2015\"\/><span class=\"before\"><\/span><span class=\"after\"><\/span><\/a><\/div><div class=\"isotope-item block-2 block-h-2\"><a href=\"http:\/\/www.rockpixx.com\/wordpress\/wp-content\/uploads\/2015\/08\/20150801-02-027.jpg\" rel=\"prettyPhoto[postgal_19053]\" class=\"show-hover-link block-h-2\"\"><img decoding=\"async\" src=\"http:\/\/www.rockpixx.com\/wordpress\/wp-content\/uploads\/2015\/08\/20150801-02-027-480x480.jpg\" alt=\"Amorphis, 01.08.2015, Wacken, Wacken Open Air 2015\"\/><span class=\"before\"><\/span><span class=\"after\"><\/span><\/a><\/div><div class=\"isotope-item block-1 block-h-1\"><a href=\"http:\/\/www.rockpixx.com\/wordpress\/wp-content\/uploads\/2015\/08\/20150801-02-031.jpg\" rel=\"prettyPhoto[postgal_19053]\" class=\"show-hover-link block-h-1\"\"><img decoding=\"async\" src=\"http:\/\/www.rockpixx.com\/wordpress\/wp-content\/uploads\/2015\/08\/20150801-02-031-480x480.jpg\" alt=\"Amorphis, 01.08.2015, Wacken, Wacken Open Air 2015\"\/><span class=\"before\"><\/span><span class=\"after\"><\/span><\/a><\/div><div class=\"isotope-item block-1 block-h-1\"><a href=\"http:\/\/www.rockpixx.com\/wordpress\/wp-content\/uploads\/2015\/08\/20150801-02-045.jpg\" rel=\"prettyPhoto[postgal_19053]\" class=\"show-hover-link block-h-1\"\"><img decoding=\"async\" src=\"http:\/\/www.rockpixx.com\/wordpress\/wp-content\/uploads\/2015\/08\/20150801-02-045-480x480.jpg\" alt=\"Amorphis, 01.08.2015, Wacken, Wacken Open Air 2015\"\/><span class=\"before\"><\/span><span class=\"after\"><\/span><\/a><\/div><div class=\"isotope-item block-2 block-h-2\"><a href=\"http:\/\/www.rockpixx.com\/wordpress\/wp-content\/uploads\/2015\/08\/20150801-02-046.jpg\" rel=\"prettyPhoto[postgal_19053]\" class=\"show-hover-link block-h-2\"\"><img decoding=\"async\" src=\"http:\/\/www.rockpixx.com\/wordpress\/wp-content\/uploads\/2015\/08\/20150801-02-046-480x480.jpg\" alt=\"Amorphis, 01.08.2015, Wacken, Wacken Open Air 2015\"\/><span class=\"before\"><\/span><span class=\"after\"><\/span><\/a><\/div><div class=\"isotope-item block-1 block-h-1\"><a href=\"http:\/\/www.rockpixx.com\/wordpress\/wp-content\/uploads\/2015\/08\/20150801-02-047.jpg\" rel=\"prettyPhoto[postgal_19053]\" class=\"show-hover-link block-h-1\"\"><img decoding=\"async\" src=\"http:\/\/www.rockpixx.com\/wordpress\/wp-content\/uploads\/2015\/08\/20150801-02-047-480x480.jpg\" alt=\"Amorphis, 01.08.2015, Wacken, Wacken Open Air 2015\"\/><span class=\"before\"><\/span><span class=\"after\"><\/span><\/a><\/div><div class=\"isotope-item block-1 block-h-1\"><a href=\"http:\/\/www.rockpixx.com\/wordpress\/wp-content\/uploads\/2015\/08\/20150801-02-048.jpg\" rel=\"prettyPhoto[postgal_19053]\" class=\"show-hover-link block-h-1\"\"><img decoding=\"async\" src=\"http:\/\/www.rockpixx.com\/wordpress\/wp-content\/uploads\/2015\/08\/20150801-02-048-480x480.jpg\" alt=\"Amorphis, 01.08.2015, Wacken, Wacken Open Air 2015\"\/><span class=\"before\"><\/span><span class=\"after\"><\/span><\/a><\/div><div class=\"isotope-item block-2 block-h-2\"><a href=\"http:\/\/www.rockpixx.com\/wordpress\/wp-content\/uploads\/2015\/08\/20150801-02-049.jpg\" rel=\"prettyPhoto[postgal_19053]\" class=\"show-hover-link block-h-2\"\"><img decoding=\"async\" src=\"http:\/\/www.rockpixx.com\/wordpress\/wp-content\/uploads\/2015\/08\/20150801-02-049-480x480.jpg\" alt=\"Amorphis, 01.08.2015, Wacken, Wacken Open Air 2015\"\/><span class=\"before\"><\/span><span class=\"after\"><\/span><\/a><\/div><div class=\"isotope-item block-1 block-h-1\"><a href=\"http:\/\/www.rockpixx.com\/wordpress\/wp-content\/uploads\/2015\/08\/20150801-02-050.jpg\" rel=\"prettyPhoto[postgal_19053]\" class=\"show-hover-link block-h-1\"\"><img decoding=\"async\" src=\"http:\/\/www.rockpixx.com\/wordpress\/wp-content\/uploads\/2015\/08\/20150801-02-050-480x480.jpg\" alt=\"Amorphis, 01.08.2015, Wacken, Wacken Open Air 2015\"\/><span class=\"before\"><\/span><span class=\"after\"><\/span><\/a><\/div><div class=\"isotope-item block-1 block-h-1\"><a href=\"http:\/\/www.rockpixx.com\/wordpress\/wp-content\/uploads\/2015\/08\/20150801-02-060.jpg\" rel=\"prettyPhoto[postgal_19053]\" class=\"show-hover-link block-h-1\"\"><img decoding=\"async\" src=\"http:\/\/www.rockpixx.com\/wordpress\/wp-content\/uploads\/2015\/08\/20150801-02-060-480x480.jpg\" alt=\"Amorphis, 01.08.2015, Wacken, Wacken Open Air 2015\"\/><span class=\"before\"><\/span><span class=\"after\"><\/span><\/a><\/div><div class=\"isotope-item block-2 block-h-2\"><a href=\"http:\/\/www.rockpixx.com\/wordpress\/wp-content\/uploads\/2015\/08\/20150801-02-063.jpg\" rel=\"prettyPhoto[postgal_19053]\" class=\"show-hover-link block-h-2\"\"><img decoding=\"async\" src=\"http:\/\/www.rockpixx.com\/wordpress\/wp-content\/uploads\/2015\/08\/20150801-02-063-480x480.jpg\" alt=\"Amorphis, 01.08.2015, Wacken, Wacken Open Air 2015\"\/><span class=\"before\"><\/span><span class=\"after\"><\/span><\/a><\/div><div class=\"isotope-item block-1 block-h-1\"><a href=\"http:\/\/www.rockpixx.com\/wordpress\/wp-content\/uploads\/2015\/08\/20150801-02-065.jpg\" rel=\"prettyPhoto[postgal_19053]\" class=\"show-hover-link block-h-1\"\"><img decoding=\"async\" src=\"http:\/\/www.rockpixx.com\/wordpress\/wp-content\/uploads\/2015\/08\/20150801-02-065-480x480.jpg\" alt=\"Amorphis, 01.08.2015, Wacken, Wacken Open Air 2015\"\/><span class=\"before\"><\/span><span class=\"after\"><\/span><\/a><\/div><div class=\"isotope-item block-1 block-h-1\"><a href=\"http:\/\/www.rockpixx.com\/wordpress\/wp-content\/uploads\/2015\/08\/20150801-02-067.jpg\" rel=\"prettyPhoto[postgal_19053]\" class=\"show-hover-link block-h-1\"\"><img decoding=\"async\" src=\"http:\/\/www.rockpixx.com\/wordpress\/wp-content\/uploads\/2015\/08\/20150801-02-067-480x480.jpg\" alt=\"Amorphis, 01.08.2015, Wacken, Wacken Open Air 2015\"\/><span class=\"before\"><\/span><span class=\"after\"><\/span><\/a><\/div><div class=\"isotope-item block-2 block-h-2\"><a href=\"http:\/\/www.rockpixx.com\/wordpress\/wp-content\/uploads\/2015\/08\/20150801-02-068.jpg\" rel=\"prettyPhoto[postgal_19053]\" class=\"show-hover-link block-h-2\"\"><img decoding=\"async\" src=\"http:\/\/www.rockpixx.com\/wordpress\/wp-content\/uploads\/2015\/08\/20150801-02-068-480x480.jpg\" alt=\"Amorphis, 01.08.2015, Wacken, Wacken Open Air 2015\"\/><span class=\"before\"><\/span><span class=\"after\"><\/span><\/a><\/div><div class=\"isotope-item block-1 block-h-1\"><a href=\"http:\/\/www.rockpixx.com\/wordpress\/wp-content\/uploads\/2015\/08\/20150801-02-073.jpg\" rel=\"prettyPhoto[postgal_19053]\" class=\"show-hover-link block-h-1\"\"><img decoding=\"async\" src=\"http:\/\/www.rockpixx.com\/wordpress\/wp-content\/uploads\/2015\/08\/20150801-02-073-480x480.jpg\" alt=\"Amorphis, 01.08.2015, Wacken, Wacken Open Air 2015\"\/><span class=\"before\"><\/span><span class=\"after\"><\/span><\/a><\/div><div class=\"isotope-item block-1 block-h-1\"><a href=\"http:\/\/www.rockpixx.com\/wordpress\/wp-content\/uploads\/2015\/08\/20150801-02-085.jpg\" rel=\"prettyPhoto[postgal_19053]\" class=\"show-hover-link block-h-1\"\"><img decoding=\"async\" src=\"http:\/\/www.rockpixx.com\/wordpress\/wp-content\/uploads\/2015\/08\/20150801-02-085-480x480.jpg\" alt=\"Amorphis, 01.08.2015, Wacken, Wacken Open Air 2015\"\/><span class=\"before\"><\/span><span class=\"after\"><\/span><\/a><\/div><div class=\"isotope-item block-2 block-h-2\"><a href=\"http:\/\/www.rockpixx.com\/wordpress\/wp-content\/uploads\/2015\/08\/20150801-02-086.jpg\" rel=\"prettyPhoto[postgal_19053]\" class=\"show-hover-link block-h-2\"\"><img decoding=\"async\" src=\"http:\/\/www.rockpixx.com\/wordpress\/wp-content\/uploads\/2015\/08\/20150801-02-086-480x480.jpg\" alt=\"Amorphis, 01.08.2015, Wacken, Wacken Open Air 2015\"\/><span class=\"before\"><\/span><span class=\"after\"><\/span><\/a><\/div><div class=\"isotope-item block-1 block-h-1\"><a href=\"http:\/\/www.rockpixx.com\/wordpress\/wp-content\/uploads\/2015\/08\/20150801-02-092.jpg\" rel=\"prettyPhoto[postgal_19053]\" class=\"show-hover-link block-h-1\"\"><img decoding=\"async\" src=\"http:\/\/www.rockpixx.com\/wordpress\/wp-content\/uploads\/2015\/08\/20150801-02-092-480x480.jpg\" alt=\"Amorphis, 01.08.2015, Wacken, Wacken Open Air 2015\"\/><span class=\"before\"><\/span><span class=\"after\"><\/span><\/a><\/div><div class=\"isotope-item block-1 block-h-1\"><a href=\"http:\/\/www.rockpixx.com\/wordpress\/wp-content\/uploads\/2015\/08\/20150801-02-095.jpg\" rel=\"prettyPhoto[postgal_19053]\" class=\"show-hover-link block-h-1\"\"><img decoding=\"async\" src=\"http:\/\/www.rockpixx.com\/wordpress\/wp-content\/uploads\/2015\/08\/20150801-02-095-480x480.jpg\" alt=\"Amorphis, 01.08.2015, Wacken, Wacken Open Air 2015\"\/><span class=\"before\"><\/span><span class=\"after\"><\/span><\/a><\/div><div class=\"isotope-item block-2 block-h-2\"><a href=\"http:\/\/www.rockpixx.com\/wordpress\/wp-content\/uploads\/2015\/08\/20150801-02-097.jpg\" rel=\"prettyPhoto[postgal_19053]\" class=\"show-hover-link block-h-2\"\"><img decoding=\"async\" src=\"http:\/\/www.rockpixx.com\/wordpress\/wp-content\/uploads\/2015\/08\/20150801-02-097-480x480.jpg\" alt=\"Amorphis, 01.08.2015, Wacken, Wacken Open Air 2015\"\/><span class=\"before\"><\/span><span class=\"after\"><\/span><\/a><\/div><div class=\"isotope-item block-1 block-h-1\"><a href=\"http:\/\/www.rockpixx.com\/wordpress\/wp-content\/uploads\/2015\/08\/20150801-02-098.jpg\" rel=\"prettyPhoto[postgal_19053]\" class=\"show-hover-link block-h-1\"\"><img decoding=\"async\" src=\"http:\/\/www.rockpixx.com\/wordpress\/wp-content\/uploads\/2015\/08\/20150801-02-098-480x480.jpg\" alt=\"Amorphis, 01.08.2015, Wacken, Wacken Open Air 2015\"\/><span class=\"before\"><\/span><span class=\"after\"><\/span><\/a><\/div><div class=\"isotope-item block-1 block-h-1\"><a href=\"http:\/\/www.rockpixx.com\/wordpress\/wp-content\/uploads\/2015\/08\/20150801-02-102.jpg\" rel=\"prettyPhoto[postgal_19053]\" class=\"show-hover-link block-h-1\"\"><img decoding=\"async\" src=\"http:\/\/www.rockpixx.com\/wordpress\/wp-content\/uploads\/2015\/08\/20150801-02-102-480x480.jpg\" alt=\"Amorphis, 01.08.2015, Wacken, Wacken Open Air 2015\"\/><span class=\"before\"><\/span><span class=\"after\"><\/span><\/a><\/div><div class=\"isotope-item block-2 block-h-2\"><a href=\"http:\/\/www.rockpixx.com\/wordpress\/wp-content\/uploads\/2015\/08\/20150801-02-103.jpg\" rel=\"prettyPhoto[postgal_19053]\" class=\"show-hover-link block-h-2\"\"><img decoding=\"async\" src=\"http:\/\/www.rockpixx.com\/wordpress\/wp-content\/uploads\/2015\/08\/20150801-02-103-480x480.jpg\" alt=\"Amorphis, 01.08.2015, Wacken, Wacken Open Air 2015\"\/><span class=\"before\"><\/span><span class=\"after\"><\/span><\/a><\/div><div class=\"isotope-item block-1 block-h-1\"><a href=\"http:\/\/www.rockpixx.com\/wordpress\/wp-content\/uploads\/2015\/08\/20150801-02-107.jpg\" rel=\"prettyPhoto[postgal_19053]\" class=\"show-hover-link block-h-1\"\"><img decoding=\"async\" src=\"http:\/\/www.rockpixx.com\/wordpress\/wp-content\/uploads\/2015\/08\/20150801-02-107-480x480.jpg\" alt=\"Amorphis, 01.08.2015, Wacken, Wacken Open Air 2015\"\/><span class=\"before\"><\/span><span class=\"after\"><\/span><\/a><\/div><\/div><\/div>\n","protected":false},"excerpt":{"rendered":"<p>F\u00fcr Amorphis erhielt ich von unserem Fotografen \u2013 \u2192 der Amorphis bereits auf dem Metal <a href=\"http:\/\/www.rockpixx.com\/wordpress\/amorphis-01-08-2015-wacken-woa-2015\/\">Read more<\/a><\/p>\n","protected":false},"author":2,"featured_media":19067,"comment_status":"open","ping_status":"open","sticky":false,"template":"","format":"standard","meta":{"_jetpack_memberships_contains_paid_content":false,"footnotes":"","jetpack_publicize_message":"#WOA #Wacken #Amorphis Wacken 2015","jetpack_publicize_feature_enabled":true,"jetpack_social_post_already_shared":true,"jetpack_social_options":{"image_generator_settings":{"template":"highway","default_image_id":0,"font":"","enabled":false},"version":2}},"categories":[34,1514],"tags":[1504,1549,133,883,2061,885],"class_list":["post-19051","post","type-post","status-publish","format-standard","has-post-thumbnail","hentry","category-acts","category-amorphis","tag-1504","tag-amorphis","tag-festivals","tag-woa","tag-wacken","tag-wacken-open-air"],"aioseo_notices":[],"jetpack_publicize_connections":[],"jetpack_featured_media_url":"http:\/\/www.rockpixx.com\/wordpress\/wp-content\/uploads\/2015\/08\/20150801-02-065.jpg","jetpack-related-posts":[{"id":17847,"url":"http:\/\/www.rockpixx.com\/wordpress\/amorphis-15-11-2014-metal-hammer-paradise-weissenhaeuser-strand\/","url_meta":{"origin":19051,"position":0},"title":"Amorphis, 15.11.2014, \u201eMetal Hammer Paradise\u201c, Weissenh\u00e4user Strand","author":"Anja","date":"18. November 2014","format":false,"excerpt":"Ich mag ja keine Bilder von S\u00e4ngern mit Mikro vor dem Gesicht \u2013 das hat sich ja mittlerweile herumgesprochen. Und ichversuche auch stets, solche Bilder von vornherein zu vermeiden, das habe ich mir vorgenommen. Aber was tue ich, wenn das Mikro gr\u00f6\u00dfer als der Kopf vom S\u00e4nger ist und wenn\u2026","rel":"","context":"In &quot;Acts&quot;","block_context":{"text":"Acts","link":"http:\/\/www.rockpixx.com\/wordpress\/category\/acts\/"},"img":{"alt_text":"Amorphis, 15.11.2014, Metal Hammer Paradise, Weissenh\u00e4user Strand","src":"https:\/\/i0.wp.com\/www.rockpixx.com\/wordpress\/wp-content\/uploads\/2015\/03\/20141115-08-095_amorphis_Artikel.jpg?resize=350%2C200","width":350,"height":200,"srcset":"https:\/\/i0.wp.com\/www.rockpixx.com\/wordpress\/wp-content\/uploads\/2015\/03\/20141115-08-095_amorphis_Artikel.jpg?resize=350%2C200 1x, https:\/\/i0.wp.com\/www.rockpixx.com\/wordpress\/wp-content\/uploads\/2015\/03\/20141115-08-095_amorphis_Artikel.jpg?resize=525%2C300 1.5x, https:\/\/i0.wp.com\/www.rockpixx.com\/wordpress\/wp-content\/uploads\/2015\/03\/20141115-08-095_amorphis_Artikel.jpg?resize=700%2C400 2x"},"classes":[]},{"id":15991,"url":"http:\/\/www.rockpixx.com\/wordpress\/saxon-31-07-2014-wacken-woa-2014\/","url_meta":{"origin":19051,"position":1},"title":"Saxon, 31.07.2014, Wacken, W:O:A 2014","author":"admin","date":"1. August 2014","format":false,"excerpt":"\u2192 \u201eSaxon\u201c sind sowohl bei uns als auch auf dem W:O:A Wiederholungst\u00e4ter. Insofern freute ich mich, die britischen Urgesteine des Heavy Metal wiederzusehen. Der Auftritt verz\u00f6gert sich leider um knapp 15 Minuten, weil \u2013 unplangem\u00e4\u00df zwei Zauberk\u00fcnstler auf der True Metal Stage sich noch ein wenig produzieren m\u00fcssen. Das Resultat\u2026","rel":"","context":"In &quot;Acts&quot;","block_context":{"text":"Acts","link":"http:\/\/www.rockpixx.com\/wordpress\/category\/acts\/"},"img":{"alt_text":"Saxon, 31.07.2014, Wacken, Wacken Open Air","src":"https:\/\/i0.wp.com\/www.rockpixx.com\/wordpress\/wp-content\/uploads\/2014\/08\/20140731-05-078_saxon_Artikel.jpg?resize=350%2C200","width":350,"height":200,"srcset":"https:\/\/i0.wp.com\/www.rockpixx.com\/wordpress\/wp-content\/uploads\/2014\/08\/20140731-05-078_saxon_Artikel.jpg?resize=350%2C200 1x, https:\/\/i0.wp.com\/www.rockpixx.com\/wordpress\/wp-content\/uploads\/2014\/08\/20140731-05-078_saxon_Artikel.jpg?resize=525%2C300 1.5x, https:\/\/i0.wp.com\/www.rockpixx.com\/wordpress\/wp-content\/uploads\/2014\/08\/20140731-05-078_saxon_Artikel.jpg?resize=700%2C400 2x"},"classes":[]},{"id":15981,"url":"http:\/\/www.rockpixx.com\/wordpress\/fiddlers-green-31-07-2014-wacken-woa-2014\/","url_meta":{"origin":19051,"position":2},"title":"Fiddler\u2019s Green, 31.07.2014, Wacken, W:O:A 2014","author":"admin","date":"1. August 2014","format":false,"excerpt":"Bevor ich mir nun einen sog. \u201eComedian\u201c aus dem Fundus der Fernsehsender bildungsferner Bev\u00f6lkerungsschichten auf der True Metal Stage antue, gehe ich lieber gleich zur Wackinger Stage. Dort sind meistens recht interessante Bands zu finden, die im Schatten der Mainacts der gro\u00dfen B\u00fchnen stehen. Vor ein paar Jahren habe ich\u2026","rel":"","context":"In &quot;Acts&quot;","block_context":{"text":"Acts","link":"http:\/\/www.rockpixx.com\/wordpress\/category\/acts\/"},"img":{"alt_text":"Fiddler's Green, 31.07.2014, Wacken, Wacken Open Air","src":"https:\/\/i0.wp.com\/www.rockpixx.com\/wordpress\/wp-content\/uploads\/2014\/08\/20140731-02-026_fiddlers-green_Artikel.jpg?resize=350%2C200","width":350,"height":200,"srcset":"https:\/\/i0.wp.com\/www.rockpixx.com\/wordpress\/wp-content\/uploads\/2014\/08\/20140731-02-026_fiddlers-green_Artikel.jpg?resize=350%2C200 1x, https:\/\/i0.wp.com\/www.rockpixx.com\/wordpress\/wp-content\/uploads\/2014\/08\/20140731-02-026_fiddlers-green_Artikel.jpg?resize=525%2C300 1.5x, https:\/\/i0.wp.com\/www.rockpixx.com\/wordpress\/wp-content\/uploads\/2014\/08\/20140731-02-026_fiddlers-green_Artikel.jpg?resize=700%2C400 2x"},"classes":[]},{"id":19018,"url":"http:\/\/www.rockpixx.com\/wordpress\/powerwolf-01-08-2015-wacken-woa-2015\/","url_meta":{"origin":19051,"position":3},"title":"Powerwolf, 01.08.2015, Wacken, W:O:A 2015","author":"Anja","date":"9. August 2015","format":false,"excerpt":"\u201e\u2018Powerwolf\u2018 musst Du unbedingt fotografieren und Dir auch den Rest des Konzertes anschauen, die bringen Spa\u00df.\u201c \u2013 Diese Worte bekam ich noch von meinem Kollegen von rockpixx.com mit, den ich krankheitsbedingt auf dem diesj\u00e4hrigen Wacken Open Air vertreten habe. Also ging ich mit einer gewissen Erwartungshaltung in den Graben. Ich\u2026","rel":"","context":"In &quot;Acts&quot;","block_context":{"text":"Acts","link":"http:\/\/www.rockpixx.com\/wordpress\/category\/acts\/"},"img":{"alt_text":"Powerwolf, 01.08.2015, Wacken, Wacken Open Air 2015","src":"https:\/\/i0.wp.com\/www.rockpixx.com\/wordpress\/wp-content\/uploads\/2015\/08\/20150801-01-069.jpg?resize=350%2C200","width":350,"height":200,"srcset":"https:\/\/i0.wp.com\/www.rockpixx.com\/wordpress\/wp-content\/uploads\/2015\/08\/20150801-01-069.jpg?resize=350%2C200 1x, https:\/\/i0.wp.com\/www.rockpixx.com\/wordpress\/wp-content\/uploads\/2015\/08\/20150801-01-069.jpg?resize=525%2C300 1.5x, https:\/\/i0.wp.com\/www.rockpixx.com\/wordpress\/wp-content\/uploads\/2015\/08\/20150801-01-069.jpg?resize=700%2C400 2x"},"classes":[]},{"id":8925,"url":"http:\/\/www.rockpixx.com\/wordpress\/saxon-02-08-2012-wacken-woa-2012\/","url_meta":{"origin":19051,"position":4},"title":"Saxon, 02.08.2012, Wacken, W:O:A 2012","author":"Anja","date":"2. August 2012","format":false,"excerpt":"Und wieder \u201eHeavy Metal\u201c \u2013 jetzt von den Legenden aus Yorkshire, \u201eSaxon\u201c. Es ist witzig, aber als ich 1986 als Leiter eines Sch\u00fcler-Sprachreise dort gewesen bin, h\u00e4tte ich mir nie vorstellen k\u00f6nnen, einmal eine Band aus dieser Gegend 26 Jahre sp\u00e4ter auf dem weltgr\u00f6\u00dften Metal-Festival vor meinen Kameras zu haben\u2026","rel":"","context":"In &quot;Acts&quot;","block_context":{"text":"Acts","link":"http:\/\/www.rockpixx.com\/wordpress\/category\/acts\/"},"img":{"alt_text":"Saxon, 02.08.2012, Wacken, W:O:A 2012","src":"https:\/\/i0.wp.com\/www.rockpixx.com\/wordpress\/wp-content\/uploads\/2013\/02\/20120802-07-saxon-Artikel.jpg?resize=350%2C200","width":350,"height":200,"srcset":"https:\/\/i0.wp.com\/www.rockpixx.com\/wordpress\/wp-content\/uploads\/2013\/02\/20120802-07-saxon-Artikel.jpg?resize=350%2C200 1x, https:\/\/i0.wp.com\/www.rockpixx.com\/wordpress\/wp-content\/uploads\/2013\/02\/20120802-07-saxon-Artikel.jpg?resize=525%2C300 1.5x, https:\/\/i0.wp.com\/www.rockpixx.com\/wordpress\/wp-content\/uploads\/2013\/02\/20120802-07-saxon-Artikel.jpg?resize=700%2C400 2x"},"classes":[]},{"id":11928,"url":"http:\/\/www.rockpixx.com\/wordpress\/ihsahn-02-08-2013-wacken-woa-2013\/","url_meta":{"origin":19051,"position":5},"title":"Ihsahn, 02.08.2013, Wacken, W:O:A 2013","author":"Anja","date":"5. August 2013","format":false,"excerpt":"Tag zwei in Wacken beginnt f\u00fcr mich mit \u201eIhsahn\u201c. (Leider habe ich durch einen Stau \u201ePowerwolf\u201c kurz zuvor nicht mehr erwischt.) Vegard Sverre Tveitan (alias \u201eIhsahn\u201c) ist auch bekannt als Frontmann der Black-Metal-Band \u201eEmperor\u201c. Das sind aber nur einige der unz\u00e4hligen Projekte an denen der norwegische Komponist, Gitarrist, Bassist, Keyboarder\u2026","rel":"","context":"In &quot;Acts&quot;","block_context":{"text":"Acts","link":"http:\/\/www.rockpixx.com\/wordpress\/category\/acts\/"},"img":{"alt_text":"","src":"https:\/\/i0.wp.com\/www.rockpixx.com\/wordpress\/wp-content\/uploads\/2013\/08\/20130802-01-029_ihsahn-Artikel.jpg?resize=350%2C200","width":350,"height":200,"srcset":"https:\/\/i0.wp.com\/www.rockpixx.com\/wordpress\/wp-content\/uploads\/2013\/08\/20130802-01-029_ihsahn-Artikel.jpg?resize=350%2C200 1x, https:\/\/i0.wp.com\/www.rockpixx.com\/wordpress\/wp-content\/uploads\/2013\/08\/20130802-01-029_ihsahn-Artikel.jpg?resize=525%2C300 1.5x, https:\/\/i0.wp.com\/www.rockpixx.com\/wordpress\/wp-content\/uploads\/2013\/08\/20130802-01-029_ihsahn-Artikel.jpg?resize=700%2C400 2x"},"classes":[]}],"jetpack_sharing_enabled":true,"publishpress_future_action":{"enabled":false,"date":"2026-05-06 09:51:01","action":"change-status","newStatus":"draft","terms":[],"taxonomy":"category","extraData":[]},"publishpress_future_workflow_manual_trigger":{"enabledWorkflows":[]},"_links":{"self":[{"href":"http:\/\/www.rockpixx.com\/wordpress\/wp-json\/wp\/v2\/posts\/19051","targetHints":{"allow":["GET"]}}],"collection":[{"href":"http:\/\/www.rockpixx.com\/wordpress\/wp-json\/wp\/v2\/posts"}],"about":[{"href":"http:\/\/www.rockpixx.com\/wordpress\/wp-json\/wp\/v2\/types\/post"}],"author":[{"embeddable":true,"href":"http:\/\/www.rockpixx.com\/wordpress\/wp-json\/wp\/v2\/users\/2"}],"replies":[{"embeddable":true,"href":"http:\/\/www.rockpixx.com\/wordpress\/wp-json\/wp\/v2\/comments?post=19051"}],"version-history":[{"count":0,"href":"http:\/\/www.rockpixx.com\/wordpress\/wp-json\/wp\/v2\/posts\/19051\/revisions"}],"wp:featuredmedia":[{"embeddable":true,"href":"http:\/\/www.rockpixx.com\/wordpress\/wp-json\/wp\/v2\/media\/19067"}],"wp:attachment":[{"href":"http:\/\/www.rockpixx.com\/wordpress\/wp-json\/wp\/v2\/media?parent=19051"}],"wp:term":[{"taxonomy":"category","embeddable":true,"href":"http:\/\/www.rockpixx.com\/wordpress\/wp-json\/wp\/v2\/categories?post=19051"},{"taxonomy":"post_tag","embeddable":true,"href":"http:\/\/www.rockpixx.com\/wordpress\/wp-json\/wp\/v2\/tags?post=19051"}],"curies":[{"name":"wp","href":"https:\/\/api.w.org\/{rel}","templated":true}]}}