{"id":19101,"date":"2015-08-11T19:04:25","date_gmt":"2015-08-11T18:04:25","guid":{"rendered":"http:\/\/rockpixx.com\/wordpress\/?p=19101"},"modified":"2015-08-11T19:04:25","modified_gmt":"2015-08-11T18:04:25","slug":"bloodbath-01-08-2015-wacken-woa-2015","status":"publish","type":"post","link":"http:\/\/www.rockpixx.com\/wordpress\/bloodbath-01-08-2015-wacken-woa-2015\/","title":{"rendered":"Bloodbath, 01.08.2015, Wacken, W:O:A 2015"},"content":{"rendered":"<p>Vom B\u00fchnenoutfit macht die Band \u201eBloodbath\u201c ihrem Namen alle Ehre. Als die Musiker auf die B\u00fchne kamen, erweckten sie den Eindruck, sie h\u00e4tten selbiges im Backstage-Bereich angerichtet.<!--more--><\/p>\n<p>Mikael \u00c5kerfeldt &#8211; \u2192 jetzt Frontmann von \u201e<a href=\"http:\/\/rockpixx.com\/wordpress\/category\/acts\/opeth\/\">Opeth<\/a>\u201c gr\u00fcndete die Band \u201eBloodbath\u201c. Da f\u00e4llt mir nur dazu ein \u2013 \u201eWas f\u00fcr ein optisches Kontrastprogramm.\u201c Macht aber nichts, denn optisch geben die Musiker und die B\u00fchnenshow mehr her als die bei \u201eOpeth\u201c. Musikalisch mag ich mich nicht dazu \u00e4u\u00dfern, weil ich einfach mit den ganzen Stilrichtungen des Metal nicht so vertraut bin. Deswegen lasse ich wie immer die Bilder sprechen.<\/p>\n<p style=\"text-align: right;\">Fotos: <a href=\"mailto:a.roselt@rockpixx.com?subject=Bloodbath,%2001.08.2015,%20Wacken,%20W:O:A%202015\">Anja<\/a> | Text: <a href=\"mailto:a.roselt@rockpixx.com?subject=Bloodbath,%2001.08.2015,%20Wacken,%20W:O:A%202015\">Anja<\/a><\/p>\n<p>&nbsp;<\/p>\n<div class=\"eat-left eat-right\"><div class=\"thumbs-masonry isotope\"><div class=\"isotope-item block-2 block-h-2\"><a href=\"http:\/\/www.rockpixx.com\/wordpress\/wp-content\/uploads\/2015\/08\/20150801-04-010.jpg\" rel=\"prettyPhoto[postgal_19102]\" class=\"show-hover-link block-h-2\"\"><img decoding=\"async\" src=\"http:\/\/www.rockpixx.com\/wordpress\/wp-content\/uploads\/2015\/08\/20150801-04-010-480x480.jpg\" alt=\"Bloodbath, 01.08.2015, Wacken, Wacken Open Air 2015\"\/><span class=\"before\"><\/span><span class=\"after\"><\/span><\/a><\/div><div class=\"isotope-item block-1 block-h-1\"><a href=\"http:\/\/www.rockpixx.com\/wordpress\/wp-content\/uploads\/2015\/08\/20150801-04-011.jpg\" rel=\"prettyPhoto[postgal_19102]\" class=\"show-hover-link block-h-1\"\"><img decoding=\"async\" src=\"http:\/\/www.rockpixx.com\/wordpress\/wp-content\/uploads\/2015\/08\/20150801-04-011-480x480.jpg\" alt=\"Bloodbath, 01.08.2015, Wacken, Wacken Open Air 2015\"\/><span class=\"before\"><\/span><span class=\"after\"><\/span><\/a><\/div><div class=\"isotope-item block-1 block-h-1\"><a href=\"http:\/\/www.rockpixx.com\/wordpress\/wp-content\/uploads\/2015\/08\/20150801-04-012.jpg\" rel=\"prettyPhoto[postgal_19102]\" class=\"show-hover-link block-h-1\"\"><img decoding=\"async\" src=\"http:\/\/www.rockpixx.com\/wordpress\/wp-content\/uploads\/2015\/08\/20150801-04-012-480x480.jpg\" alt=\"Bloodbath, 01.08.2015, Wacken, Wacken Open Air 2015\"\/><span class=\"before\"><\/span><span class=\"after\"><\/span><\/a><\/div><div class=\"isotope-item block-2 block-h-2\"><a href=\"http:\/\/www.rockpixx.com\/wordpress\/wp-content\/uploads\/2015\/08\/20150801-04-013.jpg\" rel=\"prettyPhoto[postgal_19102]\" class=\"show-hover-link block-h-2\"\"><img decoding=\"async\" src=\"http:\/\/www.rockpixx.com\/wordpress\/wp-content\/uploads\/2015\/08\/20150801-04-013-480x480.jpg\" alt=\"Bloodbath, 01.08.2015, Wacken, Wacken Open Air 2015\"\/><span class=\"before\"><\/span><span class=\"after\"><\/span><\/a><\/div><div class=\"isotope-item block-1 block-h-1\"><a href=\"http:\/\/www.rockpixx.com\/wordpress\/wp-content\/uploads\/2015\/08\/20150801-04-014.jpg\" rel=\"prettyPhoto[postgal_19102]\" class=\"show-hover-link block-h-1\"\"><img decoding=\"async\" src=\"http:\/\/www.rockpixx.com\/wordpress\/wp-content\/uploads\/2015\/08\/20150801-04-014-480x480.jpg\" alt=\"Bloodbath, 01.08.2015, Wacken, Wacken Open Air 2015\"\/><span class=\"before\"><\/span><span class=\"after\"><\/span><\/a><\/div><div class=\"isotope-item block-1 block-h-1\"><a href=\"http:\/\/www.rockpixx.com\/wordpress\/wp-content\/uploads\/2015\/08\/20150801-04-019.jpg\" rel=\"prettyPhoto[postgal_19102]\" class=\"show-hover-link block-h-1\"\"><img decoding=\"async\" src=\"http:\/\/www.rockpixx.com\/wordpress\/wp-content\/uploads\/2015\/08\/20150801-04-019-480x480.jpg\" alt=\"Bloodbath, 01.08.2015, Wacken, Wacken Open Air 2015\"\/><span class=\"before\"><\/span><span class=\"after\"><\/span><\/a><\/div><div class=\"isotope-item block-2 block-h-2\"><a href=\"http:\/\/www.rockpixx.com\/wordpress\/wp-content\/uploads\/2015\/08\/20150801-04-020.jpg\" rel=\"prettyPhoto[postgal_19102]\" class=\"show-hover-link block-h-2\"\"><img decoding=\"async\" src=\"http:\/\/www.rockpixx.com\/wordpress\/wp-content\/uploads\/2015\/08\/20150801-04-020-480x480.jpg\" alt=\"Bloodbath, 01.08.2015, Wacken, Wacken Open Air 2015\"\/><span class=\"before\"><\/span><span class=\"after\"><\/span><\/a><\/div><div class=\"isotope-item block-1 block-h-1\"><a href=\"http:\/\/www.rockpixx.com\/wordpress\/wp-content\/uploads\/2015\/08\/20150801-04-024.jpg\" rel=\"prettyPhoto[postgal_19102]\" class=\"show-hover-link block-h-1\"\"><img decoding=\"async\" src=\"http:\/\/www.rockpixx.com\/wordpress\/wp-content\/uploads\/2015\/08\/20150801-04-024-480x480.jpg\" alt=\"Bloodbath, 01.08.2015, Wacken, Wacken Open Air 2015\"\/><span class=\"before\"><\/span><span class=\"after\"><\/span><\/a><\/div><div class=\"isotope-item block-1 block-h-1\"><a href=\"http:\/\/www.rockpixx.com\/wordpress\/wp-content\/uploads\/2015\/08\/20150801-04-025.jpg\" rel=\"prettyPhoto[postgal_19102]\" class=\"show-hover-link block-h-1\"\"><img decoding=\"async\" src=\"http:\/\/www.rockpixx.com\/wordpress\/wp-content\/uploads\/2015\/08\/20150801-04-025-480x480.jpg\" alt=\"Bloodbath, 01.08.2015, Wacken, Wacken Open Air 2015\"\/><span class=\"before\"><\/span><span class=\"after\"><\/span><\/a><\/div><div class=\"isotope-item block-2 block-h-2\"><a href=\"http:\/\/www.rockpixx.com\/wordpress\/wp-content\/uploads\/2015\/08\/20150801-04-026.jpg\" rel=\"prettyPhoto[postgal_19102]\" class=\"show-hover-link block-h-2\"\"><img decoding=\"async\" src=\"http:\/\/www.rockpixx.com\/wordpress\/wp-content\/uploads\/2015\/08\/20150801-04-026-480x480.jpg\" alt=\"Bloodbath, 01.08.2015, Wacken, Wacken Open Air 2015\"\/><span class=\"before\"><\/span><span class=\"after\"><\/span><\/a><\/div><div class=\"isotope-item block-1 block-h-1\"><a href=\"http:\/\/www.rockpixx.com\/wordpress\/wp-content\/uploads\/2015\/08\/20150801-04-027.jpg\" rel=\"prettyPhoto[postgal_19102]\" class=\"show-hover-link block-h-1\"\"><img decoding=\"async\" src=\"http:\/\/www.rockpixx.com\/wordpress\/wp-content\/uploads\/2015\/08\/20150801-04-027-480x480.jpg\" alt=\"Bloodbath, 01.08.2015, Wacken, Wacken Open Air 2015\"\/><span class=\"before\"><\/span><span class=\"after\"><\/span><\/a><\/div><div class=\"isotope-item block-1 block-h-1\"><a href=\"http:\/\/www.rockpixx.com\/wordpress\/wp-content\/uploads\/2015\/08\/20150801-04-032.jpg\" rel=\"prettyPhoto[postgal_19102]\" class=\"show-hover-link block-h-1\"\"><img decoding=\"async\" src=\"http:\/\/www.rockpixx.com\/wordpress\/wp-content\/uploads\/2015\/08\/20150801-04-032-480x480.jpg\" alt=\"Bloodbath, 01.08.2015, Wacken, Wacken Open Air 2015\"\/><span class=\"before\"><\/span><span class=\"after\"><\/span><\/a><\/div><div class=\"isotope-item block-2 block-h-2\"><a href=\"http:\/\/www.rockpixx.com\/wordpress\/wp-content\/uploads\/2015\/08\/20150801-04-035.jpg\" rel=\"prettyPhoto[postgal_19102]\" class=\"show-hover-link block-h-2\"\"><img decoding=\"async\" src=\"http:\/\/www.rockpixx.com\/wordpress\/wp-content\/uploads\/2015\/08\/20150801-04-035-480x480.jpg\" alt=\"Bloodbath, 01.08.2015, Wacken, Wacken Open Air 2015\"\/><span class=\"before\"><\/span><span class=\"after\"><\/span><\/a><\/div><div class=\"isotope-item block-1 block-h-1\"><a href=\"http:\/\/www.rockpixx.com\/wordpress\/wp-content\/uploads\/2015\/08\/20150801-04-036.jpg\" rel=\"prettyPhoto[postgal_19102]\" class=\"show-hover-link block-h-1\"\"><img decoding=\"async\" src=\"http:\/\/www.rockpixx.com\/wordpress\/wp-content\/uploads\/2015\/08\/20150801-04-036-480x480.jpg\" alt=\"Bloodbath, 01.08.2015, Wacken, Wacken Open Air 2015\"\/><span class=\"before\"><\/span><span class=\"after\"><\/span><\/a><\/div><div class=\"isotope-item block-1 block-h-1\"><a href=\"http:\/\/www.rockpixx.com\/wordpress\/wp-content\/uploads\/2015\/08\/20150801-04-037.jpg\" rel=\"prettyPhoto[postgal_19102]\" class=\"show-hover-link block-h-1\"\"><img decoding=\"async\" src=\"http:\/\/www.rockpixx.com\/wordpress\/wp-content\/uploads\/2015\/08\/20150801-04-037-480x480.jpg\" alt=\"Bloodbath, 01.08.2015, Wacken, Wacken Open Air 2015\"\/><span class=\"before\"><\/span><span class=\"after\"><\/span><\/a><\/div><div class=\"isotope-item block-2 block-h-2\"><a href=\"http:\/\/www.rockpixx.com\/wordpress\/wp-content\/uploads\/2015\/08\/20150801-04-039.jpg\" rel=\"prettyPhoto[postgal_19102]\" class=\"show-hover-link block-h-2\"\"><img decoding=\"async\" src=\"http:\/\/www.rockpixx.com\/wordpress\/wp-content\/uploads\/2015\/08\/20150801-04-039-480x480.jpg\" alt=\"Bloodbath, 01.08.2015, Wacken, Wacken Open Air 2015\"\/><span class=\"before\"><\/span><span class=\"after\"><\/span><\/a><\/div><div class=\"isotope-item block-1 block-h-1\"><a href=\"http:\/\/www.rockpixx.com\/wordpress\/wp-content\/uploads\/2015\/08\/20150801-04-040.jpg\" rel=\"prettyPhoto[postgal_19102]\" class=\"show-hover-link block-h-1\"\"><img decoding=\"async\" src=\"http:\/\/www.rockpixx.com\/wordpress\/wp-content\/uploads\/2015\/08\/20150801-04-040-480x480.jpg\" alt=\"Bloodbath, 01.08.2015, Wacken, Wacken Open Air 2015\"\/><span class=\"before\"><\/span><span class=\"after\"><\/span><\/a><\/div><div class=\"isotope-item block-1 block-h-1\"><a href=\"http:\/\/www.rockpixx.com\/wordpress\/wp-content\/uploads\/2015\/08\/20150801-04-042.jpg\" rel=\"prettyPhoto[postgal_19102]\" class=\"show-hover-link block-h-1\"\"><img decoding=\"async\" src=\"http:\/\/www.rockpixx.com\/wordpress\/wp-content\/uploads\/2015\/08\/20150801-04-042-480x480.jpg\" alt=\"Bloodbath, 01.08.2015, Wacken, Wacken Open Air 2015\"\/><span class=\"before\"><\/span><span class=\"after\"><\/span><\/a><\/div><div class=\"isotope-item block-2 block-h-2\"><a href=\"http:\/\/www.rockpixx.com\/wordpress\/wp-content\/uploads\/2015\/08\/20150801-04-043.jpg\" rel=\"prettyPhoto[postgal_19102]\" class=\"show-hover-link block-h-2\"\"><img decoding=\"async\" src=\"http:\/\/www.rockpixx.com\/wordpress\/wp-content\/uploads\/2015\/08\/20150801-04-043-480x480.jpg\" alt=\"Bloodbath, 01.08.2015, Wacken, Wacken Open Air 2015\"\/><span class=\"before\"><\/span><span class=\"after\"><\/span><\/a><\/div><div class=\"isotope-item block-1 block-h-1\"><a href=\"http:\/\/www.rockpixx.com\/wordpress\/wp-content\/uploads\/2015\/08\/20150801-04-044.jpg\" rel=\"prettyPhoto[postgal_19102]\" class=\"show-hover-link block-h-1\"\"><img decoding=\"async\" src=\"http:\/\/www.rockpixx.com\/wordpress\/wp-content\/uploads\/2015\/08\/20150801-04-044-480x480.jpg\" alt=\"Bloodbath, 01.08.2015, Wacken, Wacken Open Air 2015\"\/><span class=\"before\"><\/span><span class=\"after\"><\/span><\/a><\/div><div class=\"isotope-item block-1 block-h-1\"><a href=\"http:\/\/www.rockpixx.com\/wordpress\/wp-content\/uploads\/2015\/08\/20150801-04-045.jpg\" rel=\"prettyPhoto[postgal_19102]\" class=\"show-hover-link block-h-1\"\"><img decoding=\"async\" src=\"http:\/\/www.rockpixx.com\/wordpress\/wp-content\/uploads\/2015\/08\/20150801-04-045-480x480.jpg\" alt=\"Bloodbath, 01.08.2015, Wacken, Wacken Open Air 2015\"\/><span class=\"before\"><\/span><span class=\"after\"><\/span><\/a><\/div><\/div><\/div>\n","protected":false},"excerpt":{"rendered":"<p>Vom B\u00fchnenoutfit macht die Band \u201eBloodbath\u201c ihrem Namen alle Ehre. Als die Musiker auf die <a href=\"http:\/\/www.rockpixx.com\/wordpress\/bloodbath-01-08-2015-wacken-woa-2015\/\">Read more<\/a><\/p>\n","protected":false},"author":1,"featured_media":19106,"comment_status":"open","ping_status":"open","sticky":false,"template":"","format":"standard","meta":{"_jetpack_memberships_contains_paid_content":false,"footnotes":"","jetpack_publicize_message":"#WOA #Wacken #Bloodbath Wacken 2015","jetpack_publicize_feature_enabled":true,"jetpack_social_post_already_shared":true,"jetpack_social_options":{"image_generator_settings":{"template":"highway","default_image_id":0,"font":"","enabled":false},"version":2}},"categories":[34,1703],"tags":[1504,1704,133,883,2061,885],"class_list":["post-19101","post","type-post","status-publish","format-standard","has-post-thumbnail","hentry","category-acts","category-bloodbath","tag-1504","tag-bloodbath","tag-festivals","tag-woa","tag-wacken","tag-wacken-open-air"],"aioseo_notices":[],"jetpack_publicize_connections":[],"jetpack_featured_media_url":"http:\/\/www.rockpixx.com\/wordpress\/wp-content\/uploads\/2015\/08\/20150801-04-013.jpg","jetpack-related-posts":[{"id":11957,"url":"http:\/\/www.rockpixx.com\/wordpress\/sabaton-02-08-2013-wacken-woa-2013\/","url_meta":{"origin":19101,"position":0},"title":"Sabaton, 02.08.2013, Wacken, W:O:A 2013","author":"Anja","date":"6. August 2013","format":false,"excerpt":"Power-Metal aus Schweden, der textlich das Thema \u201eKrieg\u201c behandelt \u2013 die Rede ist von \u201eSabaton\u201c. Auch wenn die Band in ihren Texten dieses unsch\u00f6ne Thema lediglich \u201eerz\u00e4hlt\u201c und keine Stellung dazu bezieht, so ist es doch irgendwie komisch, im Publikum eindeutig martialische Anleihen ausmachen zu k\u00f6nnen \u2013 von den Stahlhelmen\u2026","rel":"","context":"In &quot;Acts&quot;","block_context":{"text":"Acts","link":"http:\/\/www.rockpixx.com\/wordpress\/category\/acts\/"},"img":{"alt_text":"Sabaton, W:O:A 2013, 02.08.2013, Wacken","src":"https:\/\/i0.wp.com\/www.rockpixx.com\/wordpress\/wp-content\/uploads\/2013\/08\/20130802-04-004.sabaton.jpg?resize=350%2C200","width":350,"height":200,"srcset":"https:\/\/i0.wp.com\/www.rockpixx.com\/wordpress\/wp-content\/uploads\/2013\/08\/20130802-04-004.sabaton.jpg?resize=350%2C200 1x, https:\/\/i0.wp.com\/www.rockpixx.com\/wordpress\/wp-content\/uploads\/2013\/08\/20130802-04-004.sabaton.jpg?resize=525%2C300 1.5x, https:\/\/i0.wp.com\/www.rockpixx.com\/wordpress\/wp-content\/uploads\/2013\/08\/20130802-04-004.sabaton.jpg?resize=700%2C400 2x"},"classes":[]},{"id":16084,"url":"http:\/\/www.rockpixx.com\/wordpress\/megadeth-02-08-2014-wacken-woa-2014\/","url_meta":{"origin":19101,"position":1},"title":"Megadeth 02.08.2014, Wacken, W:O:A 2014","author":"Anja","date":"3. August 2014","format":false,"excerpt":"\u2192 \u201eSlayer\u201c, \u2192 \u201eAnthrax\u201c, \u201eMetallica\u201c, \u201eMegadeth\u201c \u2013 die gro\u00dfen Vier des Thrash Metal bekommen wir nun also zu drei Vierteln komplett: \u201eMegadeth\u201c stehen als n\u00e4chste Band auf der Black Stage an. Wenn da nicht noch eine Kleinigkeit im Format DIN A4 w\u00e4re\u2026 Diese \u201eKleinigkeit\u201c besteht aus einem in Englisch abgefassten\u2026","rel":"","context":"In &quot;Acts&quot;","block_context":{"text":"Acts","link":"http:\/\/www.rockpixx.com\/wordpress\/category\/acts\/"},"img":{"alt_text":"Megadeth, 02.08.2014, Wacken, Wacken Open Air 2014","src":"https:\/\/i0.wp.com\/www.rockpixx.com\/wordpress\/wp-content\/uploads\/2014\/08\/20140802-05-081.jpg?resize=350%2C200","width":350,"height":200,"srcset":"https:\/\/i0.wp.com\/www.rockpixx.com\/wordpress\/wp-content\/uploads\/2014\/08\/20140802-05-081.jpg?resize=350%2C200 1x, https:\/\/i0.wp.com\/www.rockpixx.com\/wordpress\/wp-content\/uploads\/2014\/08\/20140802-05-081.jpg?resize=525%2C300 1.5x, https:\/\/i0.wp.com\/www.rockpixx.com\/wordpress\/wp-content\/uploads\/2014\/08\/20140802-05-081.jpg?resize=700%2C400 2x"},"classes":[]},{"id":8919,"url":"http:\/\/www.rockpixx.com\/wordpress\/sepultura-02-08-2012-wacken-woa-2012\/","url_meta":{"origin":19101,"position":2},"title":"Sepultura, 02.08.2012, Wacken, W:O:A 2012","author":"Anja","date":"2. August 2012","format":false,"excerpt":"Zwischenzeitlich gab\u2018s noch eine Pressekonferenz mit den Herren von \u2192\u201eSaxon\u201c, die am sp\u00e4teren Abend noch spielen sollen. Ganz konnte ich sie nicht verfolgen, da es mich schon wieder vor die Black Stage zog, \u201eSepultura\u201c & \u201eLes Tamboures Du Bronx\u201c als special guests spielten auf. Letztere sind ein Trommelkollektiv (\u2192\u00a0\u201eRusskaja\u201c\u00a0wirken irgendwie\u2026","rel":"","context":"In &quot;Acts&quot;","block_context":{"text":"Acts","link":"http:\/\/www.rockpixx.com\/wordpress\/category\/acts\/"},"img":{"alt_text":"Sepultura, 02.08.2012, Wacken, W:O:A 2012","src":"https:\/\/i0.wp.com\/www.rockpixx.com\/wordpress\/wp-content\/uploads\/2013\/02\/20120802-05-sepultura-Artikel.jpg?resize=350%2C200","width":350,"height":200,"srcset":"https:\/\/i0.wp.com\/www.rockpixx.com\/wordpress\/wp-content\/uploads\/2013\/02\/20120802-05-sepultura-Artikel.jpg?resize=350%2C200 1x, https:\/\/i0.wp.com\/www.rockpixx.com\/wordpress\/wp-content\/uploads\/2013\/02\/20120802-05-sepultura-Artikel.jpg?resize=525%2C300 1.5x, https:\/\/i0.wp.com\/www.rockpixx.com\/wordpress\/wp-content\/uploads\/2013\/02\/20120802-05-sepultura-Artikel.jpg?resize=700%2C400 2x"},"classes":[]},{"id":16028,"url":"http:\/\/www.rockpixx.com\/wordpress\/devin-townsend-project-02-08-2014-wacken-woa-2014\/","url_meta":{"origin":19101,"position":3},"title":"Devin Townsend Project, 02.08.2014, Wacken, W:O:A 2014","author":"Anja","date":"3. August 2014","format":false,"excerpt":"Beginnen wir mit einem Zitat des Haupt-Protagonisten der folgenden Band: \u201eMan bezeichnet mich immer als den \u201aabgedrehten Professor\u2018, den \u201averr\u00fcckten Wissenschaftler\u2018 und \u201aPsycho-Devin\u2018. Das ist totaler Bullshit, weil ich \u00fcberhaupt nicht verr\u00fcckt bin. Ich bin die vern\u00fcnftigste Person, die ich kenne.\u201c Dementsprechend gespannt war ich also auf das \u201eDevin Townsend\u2026","rel":"","context":"In &quot;Acts&quot;","block_context":{"text":"Acts","link":"http:\/\/www.rockpixx.com\/wordpress\/category\/acts\/"},"img":{"alt_text":"Devin Townsend Project, 02.08.2014, Wacken, Wacken Open Air 2014","src":"https:\/\/i0.wp.com\/www.rockpixx.com\/wordpress\/wp-content\/uploads\/2014\/08\/20140802-02-034.jpg?resize=350%2C200","width":350,"height":200,"srcset":"https:\/\/i0.wp.com\/www.rockpixx.com\/wordpress\/wp-content\/uploads\/2014\/08\/20140802-02-034.jpg?resize=350%2C200 1x, https:\/\/i0.wp.com\/www.rockpixx.com\/wordpress\/wp-content\/uploads\/2014\/08\/20140802-02-034.jpg?resize=525%2C300 1.5x, https:\/\/i0.wp.com\/www.rockpixx.com\/wordpress\/wp-content\/uploads\/2014\/08\/20140802-02-034.jpg?resize=700%2C400 2x"},"classes":[]},{"id":11979,"url":"http:\/\/www.rockpixx.com\/wordpress\/anthrax-02-08-2013-wacken-woa-2013\/","url_meta":{"origin":19101,"position":4},"title":"Anthrax, 03.08.2013, Wacken, W:O:A 2013","author":"Anja","date":"7. August 2013","format":false,"excerpt":"\u201eAnthrax\u201c \u2013 ein Name wie der Ritt auf der Rasierklinge \u2013 vor allem, wenn man eine amerikanische Band ist und an die Anschl\u00e4ge in den USA im Jahr 2011 denkt. F\u00fcr die Fans der Yellow Press ist allerdings auch gesorgt: Gr\u00fcndungsmitglied und Gitarrist Scott Ian (Rosenfeld) ist mit Pearl Aday\u2026","rel":"","context":"In &quot;Acts&quot;","block_context":{"text":"Acts","link":"http:\/\/www.rockpixx.com\/wordpress\/category\/acts\/"},"img":{"alt_text":"","src":"https:\/\/i0.wp.com\/www.rockpixx.com\/wordpress\/wp-content\/uploads\/2013\/08\/20130803-03-114_anthrax-Artikel.jpg?resize=350%2C200","width":350,"height":200,"srcset":"https:\/\/i0.wp.com\/www.rockpixx.com\/wordpress\/wp-content\/uploads\/2013\/08\/20130803-03-114_anthrax-Artikel.jpg?resize=350%2C200 1x, https:\/\/i0.wp.com\/www.rockpixx.com\/wordpress\/wp-content\/uploads\/2013\/08\/20130803-03-114_anthrax-Artikel.jpg?resize=525%2C300 1.5x, https:\/\/i0.wp.com\/www.rockpixx.com\/wordpress\/wp-content\/uploads\/2013\/08\/20130803-03-114_anthrax-Artikel.jpg?resize=700%2C400 2x"},"classes":[]},{"id":19018,"url":"http:\/\/www.rockpixx.com\/wordpress\/powerwolf-01-08-2015-wacken-woa-2015\/","url_meta":{"origin":19101,"position":5},"title":"Powerwolf, 01.08.2015, Wacken, W:O:A 2015","author":"Anja","date":"9. August 2015","format":false,"excerpt":"\u201e\u2018Powerwolf\u2018 musst Du unbedingt fotografieren und Dir auch den Rest des Konzertes anschauen, die bringen Spa\u00df.\u201c \u2013 Diese Worte bekam ich noch von meinem Kollegen von rockpixx.com mit, den ich krankheitsbedingt auf dem diesj\u00e4hrigen Wacken Open Air vertreten habe. Also ging ich mit einer gewissen Erwartungshaltung in den Graben. Ich\u2026","rel":"","context":"In &quot;Acts&quot;","block_context":{"text":"Acts","link":"http:\/\/www.rockpixx.com\/wordpress\/category\/acts\/"},"img":{"alt_text":"Powerwolf, 01.08.2015, Wacken, Wacken Open Air 2015","src":"https:\/\/i0.wp.com\/www.rockpixx.com\/wordpress\/wp-content\/uploads\/2015\/08\/20150801-01-069.jpg?resize=350%2C200","width":350,"height":200,"srcset":"https:\/\/i0.wp.com\/www.rockpixx.com\/wordpress\/wp-content\/uploads\/2015\/08\/20150801-01-069.jpg?resize=350%2C200 1x, https:\/\/i0.wp.com\/www.rockpixx.com\/wordpress\/wp-content\/uploads\/2015\/08\/20150801-01-069.jpg?resize=525%2C300 1.5x, https:\/\/i0.wp.com\/www.rockpixx.com\/wordpress\/wp-content\/uploads\/2015\/08\/20150801-01-069.jpg?resize=700%2C400 2x"},"classes":[]}],"jetpack_sharing_enabled":true,"publishpress_future_action":{"enabled":false,"date":"2026-05-07 07:46:01","action":"change-status","newStatus":"draft","terms":[],"taxonomy":"category","extraData":[]},"publishpress_future_workflow_manual_trigger":{"enabledWorkflows":[]},"_links":{"self":[{"href":"http:\/\/www.rockpixx.com\/wordpress\/wp-json\/wp\/v2\/posts\/19101","targetHints":{"allow":["GET"]}}],"collection":[{"href":"http:\/\/www.rockpixx.com\/wordpress\/wp-json\/wp\/v2\/posts"}],"about":[{"href":"http:\/\/www.rockpixx.com\/wordpress\/wp-json\/wp\/v2\/types\/post"}],"author":[{"embeddable":true,"href":"http:\/\/www.rockpixx.com\/wordpress\/wp-json\/wp\/v2\/users\/1"}],"replies":[{"embeddable":true,"href":"http:\/\/www.rockpixx.com\/wordpress\/wp-json\/wp\/v2\/comments?post=19101"}],"version-history":[{"count":0,"href":"http:\/\/www.rockpixx.com\/wordpress\/wp-json\/wp\/v2\/posts\/19101\/revisions"}],"wp:featuredmedia":[{"embeddable":true,"href":"http:\/\/www.rockpixx.com\/wordpress\/wp-json\/wp\/v2\/media\/19106"}],"wp:attachment":[{"href":"http:\/\/www.rockpixx.com\/wordpress\/wp-json\/wp\/v2\/media?parent=19101"}],"wp:term":[{"taxonomy":"category","embeddable":true,"href":"http:\/\/www.rockpixx.com\/wordpress\/wp-json\/wp\/v2\/categories?post=19101"},{"taxonomy":"post_tag","embeddable":true,"href":"http:\/\/www.rockpixx.com\/wordpress\/wp-json\/wp\/v2\/tags?post=19101"}],"curies":[{"name":"wp","href":"https:\/\/api.w.org\/{rel}","templated":true}]}}