{"id":19618,"date":"2015-12-08T19:02:42","date_gmt":"2015-12-08T18:02:42","guid":{"rendered":"http:\/\/rockpixx.com\/wordpress\/?p=19618"},"modified":"2015-12-08T19:02:42","modified_gmt":"2015-12-08T18:02:42","slug":"maria-mena-04-12-2015-barclaycard-arena-hamburg-night-of-the-proms-2015","status":"publish","type":"post","link":"http:\/\/www.rockpixx.com\/wordpress\/maria-mena-04-12-2015-barclaycard-arena-hamburg-night-of-the-proms-2015\/","title":{"rendered":"Maria Mena, 04.12.2015, Barclaycard Arena, Hamburg, Night of the Proms 2015"},"content":{"rendered":"<p>So, die erste Solok\u00fcnstlerin nach den obligatorischen Einleitungsnummern kommt auf die B\u00fchne \u2013 es ist Maria Mena und die Fotografen freuen sich.<!--more--><\/p>\n<p>Sie ist ja nun keine Unbekannte mehr: Seit 15 Jahren ist die Tochter einer norwegischen Texterin und eines nicaraguanischen Schlagzeugers im Pop-Gesch\u00e4ft und nicht nur in Skandinavien eine gro\u00dfe Nummer. Auch in Deutschland hatte sie schon Chartplatzierungen \u2013 beispielsweise mit \u201eMy Lullaby\u201c oder \u201eAll This Time\u201c.<\/p>\n<p>Was beeindruckt mehr? Ihre Stimme, zart, voller Emotionen, doch nie kraftlos oder beliebig? Oder Ihr Aussehen und ihre Ausstrahlung? Schwer zu sagen, es ist wohl die Kombination aus allem, die das Gesamte gr\u00f6\u00dfer macht, als es die Summe der Teile w\u00e4re.<\/p>\n<p>Fazit: Es ist immer wieder erstaunlich \u2013 und spricht f\u00fcr die Kompetenzen der NOTP-Macher \u2013 welch kreatives und beeindruckendes LineUp Jahr f\u00fcr Jahr zusammengestellt wird. Maria Mena ist ein erneuter Beweis f\u00fcr diese vorgehende Behauptung. Gerne mehr davon und speziell von ihr.<\/p>\n<p style=\"text-align: right;\">Fotos: <a href=\"mailto:info@rockpixx.com\">Alex<\/a> | Text: <a href=\"mailto:info@rockpixx.com\">Alex<\/a><\/p>\n<p>&nbsp;<\/p>\n<div class=\"eat-left eat-right\"><div class=\"thumbs-masonry isotope\"><div class=\"isotope-item block-2 block-h-2\"><a href=\"http:\/\/www.rockpixx.com\/wordpress\/wp-content\/uploads\/2015\/12\/20151204-01-004.jpg\" rel=\"prettyPhoto[postgal_19619]\" class=\"show-hover-link block-h-2\"\"><img decoding=\"async\" src=\"http:\/\/www.rockpixx.com\/wordpress\/wp-content\/uploads\/2015\/12\/20151204-01-004-480x480.jpg\" alt=\"Maria Mena, 04.12.2015, Hamburg,  NOTP 2015\"\/><span class=\"before\"><\/span><span class=\"after\"><\/span><\/a><\/div><div class=\"isotope-item block-1 block-h-1\"><a href=\"http:\/\/www.rockpixx.com\/wordpress\/wp-content\/uploads\/2015\/12\/20151204-01-008.jpg\" rel=\"prettyPhoto[postgal_19619]\" class=\"show-hover-link block-h-1\"\"><img decoding=\"async\" src=\"http:\/\/www.rockpixx.com\/wordpress\/wp-content\/uploads\/2015\/12\/20151204-01-008-480x480.jpg\" alt=\"Maria Mena, 04.12.2015, Hamburg,  NOTP 2015\"\/><span class=\"before\"><\/span><span class=\"after\"><\/span><\/a><\/div><div class=\"isotope-item block-1 block-h-1\"><a href=\"http:\/\/www.rockpixx.com\/wordpress\/wp-content\/uploads\/2015\/12\/20151204-01-011.jpg\" rel=\"prettyPhoto[postgal_19619]\" class=\"show-hover-link block-h-1\"\"><img decoding=\"async\" src=\"http:\/\/www.rockpixx.com\/wordpress\/wp-content\/uploads\/2015\/12\/20151204-01-011-480x480.jpg\" alt=\"Maria Mena, 04.12.2015, Hamburg,  NOTP 2015\"\/><span class=\"before\"><\/span><span class=\"after\"><\/span><\/a><\/div><div class=\"isotope-item block-2 block-h-2\"><a href=\"http:\/\/www.rockpixx.com\/wordpress\/wp-content\/uploads\/2015\/12\/20151204-01-017.jpg\" rel=\"prettyPhoto[postgal_19619]\" class=\"show-hover-link block-h-2\"\"><img decoding=\"async\" src=\"http:\/\/www.rockpixx.com\/wordpress\/wp-content\/uploads\/2015\/12\/20151204-01-017-480x480.jpg\" alt=\"Maria Mena, 04.12.2015, Hamburg,  NOTP 2015\"\/><span class=\"before\"><\/span><span class=\"after\"><\/span><\/a><\/div><div class=\"isotope-item block-1 block-h-1\"><a href=\"http:\/\/www.rockpixx.com\/wordpress\/wp-content\/uploads\/2015\/12\/20151204-01-023.jpg\" rel=\"prettyPhoto[postgal_19619]\" class=\"show-hover-link block-h-1\"\"><img decoding=\"async\" src=\"http:\/\/www.rockpixx.com\/wordpress\/wp-content\/uploads\/2015\/12\/20151204-01-023-480x480.jpg\" alt=\"Maria Mena, 04.12.2015, Hamburg,  NOTP 2015\"\/><span class=\"before\"><\/span><span class=\"after\"><\/span><\/a><\/div><div class=\"isotope-item block-1 block-h-1\"><a href=\"http:\/\/www.rockpixx.com\/wordpress\/wp-content\/uploads\/2015\/12\/20151204-01-028.jpg\" rel=\"prettyPhoto[postgal_19619]\" class=\"show-hover-link block-h-1\"\"><img decoding=\"async\" src=\"http:\/\/www.rockpixx.com\/wordpress\/wp-content\/uploads\/2015\/12\/20151204-01-028-480x480.jpg\" alt=\"Maria Mena, 04.12.2015, Hamburg,  NOTP 2015\"\/><span class=\"before\"><\/span><span class=\"after\"><\/span><\/a><\/div><div class=\"isotope-item block-2 block-h-2\"><a href=\"http:\/\/www.rockpixx.com\/wordpress\/wp-content\/uploads\/2015\/12\/20151204-01-044.jpg\" rel=\"prettyPhoto[postgal_19619]\" class=\"show-hover-link block-h-2\"\"><img decoding=\"async\" src=\"http:\/\/www.rockpixx.com\/wordpress\/wp-content\/uploads\/2015\/12\/20151204-01-044-480x480.jpg\" alt=\"Maria Mena, 04.12.2015, Hamburg,  NOTP 2015\"\/><span class=\"before\"><\/span><span class=\"after\"><\/span><\/a><\/div><div class=\"isotope-item block-1 block-h-1\"><a href=\"http:\/\/www.rockpixx.com\/wordpress\/wp-content\/uploads\/2015\/12\/20151204-01-064.jpg\" rel=\"prettyPhoto[postgal_19619]\" class=\"show-hover-link block-h-1\"\"><img decoding=\"async\" src=\"http:\/\/www.rockpixx.com\/wordpress\/wp-content\/uploads\/2015\/12\/20151204-01-064-480x480.jpg\" alt=\"Maria Mena, 04.12.2015, Hamburg,  NOTP 2015\"\/><span class=\"before\"><\/span><span class=\"after\"><\/span><\/a><\/div><div class=\"isotope-item block-1 block-h-1\"><a href=\"http:\/\/www.rockpixx.com\/wordpress\/wp-content\/uploads\/2015\/12\/20151204-01-065.jpg\" rel=\"prettyPhoto[postgal_19619]\" class=\"show-hover-link block-h-1\"\"><img decoding=\"async\" src=\"http:\/\/www.rockpixx.com\/wordpress\/wp-content\/uploads\/2015\/12\/20151204-01-065-480x480.jpg\" alt=\"Maria Mena, 04.12.2015, Hamburg,  NOTP 2015\"\/><span class=\"before\"><\/span><span class=\"after\"><\/span><\/a><\/div><div class=\"isotope-item block-2 block-h-2\"><a href=\"http:\/\/www.rockpixx.com\/wordpress\/wp-content\/uploads\/2015\/12\/20151204-01-069.jpg\" rel=\"prettyPhoto[postgal_19619]\" class=\"show-hover-link block-h-2\"\"><img decoding=\"async\" src=\"http:\/\/www.rockpixx.com\/wordpress\/wp-content\/uploads\/2015\/12\/20151204-01-069-480x480.jpg\" alt=\"Maria Mena, 04.12.2015, Hamburg,  NOTP 2015\"\/><span class=\"before\"><\/span><span class=\"after\"><\/span><\/a><\/div><div class=\"isotope-item block-1 block-h-1\"><a href=\"http:\/\/www.rockpixx.com\/wordpress\/wp-content\/uploads\/2015\/12\/20151204-01-072.jpg\" rel=\"prettyPhoto[postgal_19619]\" class=\"show-hover-link block-h-1\"\"><img decoding=\"async\" src=\"http:\/\/www.rockpixx.com\/wordpress\/wp-content\/uploads\/2015\/12\/20151204-01-072-480x480.jpg\" alt=\"Maria Mena, 04.12.2015, Hamburg,  NOTP 2015\"\/><span class=\"before\"><\/span><span class=\"after\"><\/span><\/a><\/div><div class=\"isotope-item block-1 block-h-1\"><a href=\"http:\/\/www.rockpixx.com\/wordpress\/wp-content\/uploads\/2015\/12\/20151204-01-073.jpg\" rel=\"prettyPhoto[postgal_19619]\" class=\"show-hover-link block-h-1\"\"><img decoding=\"async\" src=\"http:\/\/www.rockpixx.com\/wordpress\/wp-content\/uploads\/2015\/12\/20151204-01-073-480x480.jpg\" alt=\"Maria Mena, 04.12.2015, Hamburg,  NOTP 2015\"\/><span class=\"before\"><\/span><span class=\"after\"><\/span><\/a><\/div><\/div><\/div>\n","protected":false},"excerpt":{"rendered":"<p>So, die erste Solok\u00fcnstlerin nach den obligatorischen Einleitungsnummern kommt auf die B\u00fchne \u2013 es ist <a href=\"http:\/\/www.rockpixx.com\/wordpress\/maria-mena-04-12-2015-barclaycard-arena-hamburg-night-of-the-proms-2015\/\">Read more<\/a><\/p>\n","protected":false},"author":1,"featured_media":19630,"comment_status":"open","ping_status":"open","sticky":false,"template":"","format":"standard","meta":{"_jetpack_memberships_contains_paid_content":false,"footnotes":"","jetpack_publicize_message":"#MariaMena #NOTP2015","jetpack_publicize_feature_enabled":true,"jetpack_social_post_already_shared":true,"jetpack_social_options":{"image_generator_settings":{"template":"highway","default_image_id":0,"font":"","enabled":false},"version":2}},"categories":[34,2423],"tags":[1504,2056,2422,159],"class_list":["post-19618","post","type-post","status-publish","format-standard","has-post-thumbnail","hentry","category-acts","category-maria-mena","tag-1504","tag-hamburg","tag-maria-mena","tag-night-of-the-proms"],"aioseo_notices":[],"jetpack_publicize_connections":[],"jetpack_featured_media_url":"http:\/\/www.rockpixx.com\/wordpress\/wp-content\/uploads\/2015\/12\/20151204-01-072.jpg","jetpack-related-posts":[{"id":12443,"url":"http:\/\/www.rockpixx.com\/wordpress\/amy-macdonald-20-12-2013-hamburg-o2-world-aida-night-of-the-proms\/","url_meta":{"origin":19618,"position":0},"title":"Amy MacDonald, 20.12.2013, Hamburg, O2 World, AIDA Night of the Proms","author":"Anja","date":"6. Januar 2014","format":false,"excerpt":"Wenn sie singt, verstehe ich ihre Texte \u2013 wenn sie spricht, dann habe ich das Gef\u00fchl, noch nie englisch geh\u00f6rt zu haben. Ein derart harter schottischer Akzent ist mir bis dato noch nicht untergekommen. Zum Gl\u00fcck hat sich Amy Mcdonald aber auf das Singen und Spielen ihrer akustischen Gitarre fokussiert,\u2026","rel":"","context":"In &quot;Acts&quot;","block_context":{"text":"Acts","link":"http:\/\/www.rockpixx.com\/wordpress\/category\/acts\/"},"img":{"alt_text":"Amy Macdonald, 20.12.2013, Hamburg, AIDA Night of the Proms 2013, O2 World","src":"https:\/\/i0.wp.com\/www.rockpixx.com\/wordpress\/wp-content\/uploads\/2014\/01\/20131220-04-033_amy-mcdonald-Artikel.jpg?resize=350%2C200","width":350,"height":200,"srcset":"https:\/\/i0.wp.com\/www.rockpixx.com\/wordpress\/wp-content\/uploads\/2014\/01\/20131220-04-033_amy-mcdonald-Artikel.jpg?resize=350%2C200 1x, https:\/\/i0.wp.com\/www.rockpixx.com\/wordpress\/wp-content\/uploads\/2014\/01\/20131220-04-033_amy-mcdonald-Artikel.jpg?resize=525%2C300 1.5x, https:\/\/i0.wp.com\/www.rockpixx.com\/wordpress\/wp-content\/uploads\/2014\/01\/20131220-04-033_amy-mcdonald-Artikel.jpg?resize=700%2C400 2x"},"classes":[]},{"id":9046,"url":"http:\/\/www.rockpixx.com\/wordpress\/naturally-7-08-12-2012-hamburg-o2-world\/","url_meta":{"origin":19618,"position":1},"title":"Naturally 7, 08.12.2012, Hamburg, O2 World","author":"Anja","date":"8. Dezember 2012","format":false,"excerpt":"\u201eAIDA Night oft he Proms 2012\u201c \u2013 nach drei Jahren in Folge in M\u00fcnchen fotografiere ich diese Veranstaltung nun zum ersten Mal in Hamburg, genauer gesagt, in der O2 Arena. Als beeindruckend empfinde ich die bis unters Dach ausverkaufte Halle, gef\u00fchlsm\u00e4\u00dfig deutlich mehr Publikum als in M\u00fcnchen, faktisch deutlich enger\u2026","rel":"","context":"In &quot;Acts&quot;","block_context":{"text":"Acts","link":"http:\/\/www.rockpixx.com\/wordpress\/category\/acts\/"},"img":{"alt_text":"Naturally 7, 08.12.2012, Hamburg, O2 World","src":"https:\/\/i0.wp.com\/www.rockpixx.com\/wordpress\/wp-content\/uploads\/2013\/02\/20121208-1-naturally-7-Artikel.jpg?resize=350%2C200","width":350,"height":200,"srcset":"https:\/\/i0.wp.com\/www.rockpixx.com\/wordpress\/wp-content\/uploads\/2013\/02\/20121208-1-naturally-7-Artikel.jpg?resize=350%2C200 1x, https:\/\/i0.wp.com\/www.rockpixx.com\/wordpress\/wp-content\/uploads\/2013\/02\/20121208-1-naturally-7-Artikel.jpg?resize=525%2C300 1.5x, https:\/\/i0.wp.com\/www.rockpixx.com\/wordpress\/wp-content\/uploads\/2013\/02\/20121208-1-naturally-7-Artikel.jpg?resize=700%2C400 2x"},"classes":[]},{"id":12447,"url":"http:\/\/www.rockpixx.com\/wordpress\/the-baseballs-20-12-2013-hamburg-o2-world-aida-night-of-the-proms\/","url_meta":{"origin":19618,"position":2},"title":"The Baseballs, 20.12.2013, Hamburg, O2 World, AIDA Night of the Proms","author":"Anja","date":"6. Januar 2014","format":false,"excerpt":"Und dann stehen drei deutsche Musiker auf der B\u00fchne. Am Outfit (Lederjacken, Jeans, T-Shirt und Haar-Tolle) ist unschwer zu erkennen, welcher Musikrichtung sie huldigen: Sie covern Hits und schreiben eigene Songs im Stil des Rock\u2019n\u2019Rolls der F\u00fcnfziger. Ihre erste Single war beispielsweise ein Cover des Hits von Rihanna \u201eUmbrella\u201c. Auch\u2026","rel":"","context":"In &quot;Acts&quot;","block_context":{"text":"Acts","link":"http:\/\/www.rockpixx.com\/wordpress\/category\/acts\/"},"img":{"alt_text":"The Baseballs, 20.12.2013, Hamburg, AIDA Night of the Proms 2013, O2 World","src":"https:\/\/i0.wp.com\/www.rockpixx.com\/wordpress\/wp-content\/uploads\/2014\/01\/20131220-02-068_the-baseballs-Artikel.jpg?resize=350%2C200","width":350,"height":200,"srcset":"https:\/\/i0.wp.com\/www.rockpixx.com\/wordpress\/wp-content\/uploads\/2014\/01\/20131220-02-068_the-baseballs-Artikel.jpg?resize=350%2C200 1x, https:\/\/i0.wp.com\/www.rockpixx.com\/wordpress\/wp-content\/uploads\/2014\/01\/20131220-02-068_the-baseballs-Artikel.jpg?resize=525%2C300 1.5x, https:\/\/i0.wp.com\/www.rockpixx.com\/wordpress\/wp-content\/uploads\/2014\/01\/20131220-02-068_the-baseballs-Artikel.jpg?resize=700%2C400 2x"},"classes":[]},{"id":12441,"url":"http:\/\/www.rockpixx.com\/wordpress\/morten-harket-a-ha-20-12-2013-hamburg-o2-world-aida-night-of-the-proms\/","url_meta":{"origin":19618,"position":3},"title":"Morten Harket (a-ha), 20.12.2013, Hamburg, O2 World, AIDA Night of the Proms","author":"Anja","date":"6. Januar 2014","format":false,"excerpt":"Und er altert also doch! Schien bis zur Aufl\u00f6sung von \u201ea-ha\u201c deren Frontmann und S\u00e4nger Morten Harket nahezu alterslos zu sein und immer noch so auszusehen wie 1985 mit ihrem Riesenhit \u201eTake on me\u201c, so bleibt Ende 2013 festzustellen, dass auch Morten Harket den biologischen Gesetzm\u00e4\u00dfigkeiten hinsichtlich Aussehens und Stimme\u2026","rel":"","context":"In &quot;Acts&quot;","block_context":{"text":"Acts","link":"http:\/\/www.rockpixx.com\/wordpress\/category\/acts\/"},"img":{"alt_text":"Morten Harket (a-ha), 20.12.2013, Hamburg, AIDA Night of the Proms 2013, O2 World","src":"https:\/\/i0.wp.com\/www.rockpixx.com\/wordpress\/wp-content\/uploads\/2014\/01\/20131220-06-030_mortenh-harket-a-ha-Artikel.jpg?resize=350%2C200","width":350,"height":200,"srcset":"https:\/\/i0.wp.com\/www.rockpixx.com\/wordpress\/wp-content\/uploads\/2014\/01\/20131220-06-030_mortenh-harket-a-ha-Artikel.jpg?resize=350%2C200 1x, https:\/\/i0.wp.com\/www.rockpixx.com\/wordpress\/wp-content\/uploads\/2014\/01\/20131220-06-030_mortenh-harket-a-ha-Artikel.jpg?resize=525%2C300 1.5x, https:\/\/i0.wp.com\/www.rockpixx.com\/wordpress\/wp-content\/uploads\/2014\/01\/20131220-06-030_mortenh-harket-a-ha-Artikel.jpg?resize=700%2C400 2x"},"classes":[]},{"id":12449,"url":"http:\/\/www.rockpixx.com\/wordpress\/hiromi-20-12-2013-hamburg-o2-world-aida-night-of-the-proms\/","url_meta":{"origin":19618,"position":4},"title":"Hiromi, 20.12.2013, Hamburg, O2 World, AIDA Night of the Proms","author":"Anja","date":"6. Januar 2014","format":false,"excerpt":"\u201eHereinspaziert meine Damen und Herren! Erleben Sie den einmaligen und unvergleichlichen Kampf der Sch\u00f6nen mit den Tasten! Sehen Sie die Pantherin im Duell mit dem Yamaha-Fl\u00fcgel. Nehmen Sie Anteil am Duell der Superlative!\u201c \u2026 Moooment. Wir sind hier nicht im Zirkus und es steht auch kein Koberer vor der T\u00fcr\u2026","rel":"","context":"In &quot;Acts&quot;","block_context":{"text":"Acts","link":"http:\/\/www.rockpixx.com\/wordpress\/category\/acts\/"},"img":{"alt_text":"Hiromi, 20.12.2013, Hamburg, AIDA Night of the Proms 2013, O2 World","src":"https:\/\/i0.wp.com\/www.rockpixx.com\/wordpress\/wp-content\/uploads\/2014\/01\/20131220-01-061_hiromi-Artikel.jpg?resize=350%2C200","width":350,"height":200,"srcset":"https:\/\/i0.wp.com\/www.rockpixx.com\/wordpress\/wp-content\/uploads\/2014\/01\/20131220-01-061_hiromi-Artikel.jpg?resize=350%2C200 1x, https:\/\/i0.wp.com\/www.rockpixx.com\/wordpress\/wp-content\/uploads\/2014\/01\/20131220-01-061_hiromi-Artikel.jpg?resize=525%2C300 1.5x, https:\/\/i0.wp.com\/www.rockpixx.com\/wordpress\/wp-content\/uploads\/2014\/01\/20131220-01-061_hiromi-Artikel.jpg?resize=700%2C400 2x"},"classes":[]},{"id":17220,"url":"http:\/\/www.rockpixx.com\/wordpress\/madeline-juno-19-12-2014-night-of-the-proms-hamburg-o2-world\/","url_meta":{"origin":19618,"position":5},"title":"Madeline Juno, 19.12.2014, Night of the Proms, Hamburg, O2 World","author":"admin","date":"20. Dezember 2014","format":false,"excerpt":"Alle Jahre wieder\u2026 so auch im Dezember 2014: Die \u201eNight of the Proms\u201c gastiert in Deutschen Landen. Den diesj\u00e4hrigen \u2013 fotografisch erlaubten \u2013 Opener macht Madeline Juno. Mit 19 Jahren ist sie im Feld der Mitwirkenden die J\u00fcngste. Gleichwohl kann sie schon auf ein vielseitiges Leben im musikalischen Umfeld zur\u00fcckblicken:\u2026","rel":"","context":"In &quot;Acts&quot;","block_context":{"text":"Acts","link":"http:\/\/www.rockpixx.com\/wordpress\/category\/acts\/"},"img":{"alt_text":"Madeline Juno, 19.12.2014, NOTP, Hamburg","src":"https:\/\/i0.wp.com\/www.rockpixx.com\/wordpress\/wp-content\/uploads\/2014\/12\/20141219-1-040_madeline-juno_Artikel.jpg?resize=350%2C200","width":350,"height":200,"srcset":"https:\/\/i0.wp.com\/www.rockpixx.com\/wordpress\/wp-content\/uploads\/2014\/12\/20141219-1-040_madeline-juno_Artikel.jpg?resize=350%2C200 1x, https:\/\/i0.wp.com\/www.rockpixx.com\/wordpress\/wp-content\/uploads\/2014\/12\/20141219-1-040_madeline-juno_Artikel.jpg?resize=525%2C300 1.5x, https:\/\/i0.wp.com\/www.rockpixx.com\/wordpress\/wp-content\/uploads\/2014\/12\/20141219-1-040_madeline-juno_Artikel.jpg?resize=700%2C400 2x"},"classes":[]}],"jetpack_sharing_enabled":true,"publishpress_future_action":{"enabled":false,"date":"2026-05-06 08:40:27","action":"change-status","newStatus":"draft","terms":[],"taxonomy":"category","extraData":[]},"publishpress_future_workflow_manual_trigger":{"enabledWorkflows":[]},"_links":{"self":[{"href":"http:\/\/www.rockpixx.com\/wordpress\/wp-json\/wp\/v2\/posts\/19618","targetHints":{"allow":["GET"]}}],"collection":[{"href":"http:\/\/www.rockpixx.com\/wordpress\/wp-json\/wp\/v2\/posts"}],"about":[{"href":"http:\/\/www.rockpixx.com\/wordpress\/wp-json\/wp\/v2\/types\/post"}],"author":[{"embeddable":true,"href":"http:\/\/www.rockpixx.com\/wordpress\/wp-json\/wp\/v2\/users\/1"}],"replies":[{"embeddable":true,"href":"http:\/\/www.rockpixx.com\/wordpress\/wp-json\/wp\/v2\/comments?post=19618"}],"version-history":[{"count":0,"href":"http:\/\/www.rockpixx.com\/wordpress\/wp-json\/wp\/v2\/posts\/19618\/revisions"}],"wp:featuredmedia":[{"embeddable":true,"href":"http:\/\/www.rockpixx.com\/wordpress\/wp-json\/wp\/v2\/media\/19630"}],"wp:attachment":[{"href":"http:\/\/www.rockpixx.com\/wordpress\/wp-json\/wp\/v2\/media?parent=19618"}],"wp:term":[{"taxonomy":"category","embeddable":true,"href":"http:\/\/www.rockpixx.com\/wordpress\/wp-json\/wp\/v2\/categories?post=19618"},{"taxonomy":"post_tag","embeddable":true,"href":"http:\/\/www.rockpixx.com\/wordpress\/wp-json\/wp\/v2\/tags?post=19618"}],"curies":[{"name":"wp","href":"https:\/\/api.w.org\/{rel}","templated":true}]}}