{"id":1965,"date":"2008-05-08T06:00:16","date_gmt":"2008-05-08T05:00:16","guid":{"rendered":"http:\/\/rockpixx.com\/wordpress\/?p=1965"},"modified":"2016-06-26T00:33:50","modified_gmt":"2016-06-25T23:33:50","slug":"sissi-perlinger-08-05-2008-munchen-olympiapark","status":"publish","type":"post","link":"http:\/\/www.rockpixx.com\/wordpress\/sissi-perlinger-08-05-2008-munchen-olympiapark\/","title":{"rendered":"Sissi Perlinger, 08.05.2008, M\u00fcnchen, Olympiapark"},"content":{"rendered":"<p>\u00dcber Sissi Perlinger und ihre geistreichen Texte noch gro\u00df Worte zu verlieren, hie\u00dfe nun wirklich Eulen nach M\u00fcnchen zu tragen.<!--more--> Lehnen wir uns also ganz entspannt zur\u00fcck, genie\u00dfen die Bilder ihres Auftrittes, erfreuen uns an der Mimik und sagen uns dabei im Geiste ihre Texte auf\u2026<\/p>\n<p style=\"text-align: right;\">Fotos:\u00a0<a href=\"mailto:info@rockpixx.com?subject=Fotos%20von%20Sissi%20Perlinger,%20M%C3%BCnchen%20%E2%80%9EOlympiapark%E2%80%9C,%2008.05.2008\">Alex<\/a>\u00a0| Text:\u00a0<a href=\"mailto:info@rockpixx.com?subject=Reviewtext%20von%20Sissi%20Perlinger,%20M%C3%BCnchen%20%E2%80%9EOlympiapark%E2%80%9C,%2008.05.2008\">Alex<\/a><\/p>\n<p style=\"text-align: left;\"><div class=\"eat-left eat-right\"><div class=\"thumbs-masonry isotope\"><div class=\"isotope-item block-2 block-h-2\"><a href=\"http:\/\/www.rockpixx.com\/wordpress\/wp-content\/uploads\/2013\/01\/20080508-06-197.jpg\" rel=\"prettyPhoto[postgal_3761]\" class=\"show-hover-link block-h-2\"\"><img decoding=\"async\" src=\"http:\/\/www.rockpixx.com\/wordpress\/wp-content\/uploads\/2013\/01\/20080508-06-197-480x400.jpg\" alt=\"Sissi Perlinger, 08.05.2008, M\u00fcnchen, Olympiapark\"\/><span class=\"before\"><\/span><span class=\"after\"><\/span><\/a><\/div><div class=\"isotope-item block-1 block-h-1\"><a href=\"http:\/\/www.rockpixx.com\/wordpress\/wp-content\/uploads\/2013\/01\/20080508-06-201.jpg\" rel=\"prettyPhoto[postgal_3761]\" class=\"show-hover-link block-h-1\"\"><img decoding=\"async\" src=\"http:\/\/www.rockpixx.com\/wordpress\/wp-content\/uploads\/2013\/01\/20080508-06-201-480x400.jpg\" alt=\"Sissi Perlinger, 08.05.2008, M\u00fcnchen, Olympiapark\"\/><span class=\"before\"><\/span><span class=\"after\"><\/span><\/a><\/div><div class=\"isotope-item block-1 block-h-1\"><a href=\"http:\/\/www.rockpixx.com\/wordpress\/wp-content\/uploads\/2013\/01\/20080508-06-202.jpg\" rel=\"prettyPhoto[postgal_3761]\" class=\"show-hover-link block-h-1\"\"><img decoding=\"async\" src=\"http:\/\/www.rockpixx.com\/wordpress\/wp-content\/uploads\/2013\/01\/20080508-06-202-480x400.jpg\" alt=\"Sissi Perlinger, 08.05.2008, M\u00fcnchen, Olympiapark\"\/><span class=\"before\"><\/span><span class=\"after\"><\/span><\/a><\/div><div class=\"isotope-item block-2 block-h-2\"><a href=\"http:\/\/www.rockpixx.com\/wordpress\/wp-content\/uploads\/2013\/01\/20080508-06-205.jpg\" rel=\"prettyPhoto[postgal_3761]\" class=\"show-hover-link block-h-2\"\"><img decoding=\"async\" src=\"http:\/\/www.rockpixx.com\/wordpress\/wp-content\/uploads\/2013\/01\/20080508-06-205-480x400.jpg\" alt=\"Sissi Perlinger, 08.05.2008, M\u00fcnchen, Olympiapark\"\/><span class=\"before\"><\/span><span class=\"after\"><\/span><\/a><\/div><div class=\"isotope-item block-1 block-h-1\"><a href=\"http:\/\/www.rockpixx.com\/wordpress\/wp-content\/uploads\/2013\/01\/20080508-06-211.jpg\" rel=\"prettyPhoto[postgal_3761]\" class=\"show-hover-link block-h-1\"\"><img decoding=\"async\" src=\"http:\/\/www.rockpixx.com\/wordpress\/wp-content\/uploads\/2013\/01\/20080508-06-211-480x400.jpg\" alt=\"Sissi Perlinger, 08.05.2008, M\u00fcnchen, Olympiapark\"\/><span class=\"before\"><\/span><span class=\"after\"><\/span><\/a><\/div><div class=\"isotope-item block-1 block-h-1\"><a href=\"http:\/\/www.rockpixx.com\/wordpress\/wp-content\/uploads\/2013\/01\/20080508-06-213.jpg\" rel=\"prettyPhoto[postgal_3761]\" class=\"show-hover-link block-h-1\"\"><img decoding=\"async\" src=\"http:\/\/www.rockpixx.com\/wordpress\/wp-content\/uploads\/2013\/01\/20080508-06-213-480x400.jpg\" alt=\"Sissi Perlinger, 08.05.2008, M\u00fcnchen, Olympiapark\"\/><span class=\"before\"><\/span><span class=\"after\"><\/span><\/a><\/div><div class=\"isotope-item block-2 block-h-2\"><a href=\"http:\/\/www.rockpixx.com\/wordpress\/wp-content\/uploads\/2013\/01\/20080508-06-216.jpg\" rel=\"prettyPhoto[postgal_3761]\" class=\"show-hover-link block-h-2\"\"><img decoding=\"async\" src=\"http:\/\/www.rockpixx.com\/wordpress\/wp-content\/uploads\/2013\/01\/20080508-06-216-480x400.jpg\" alt=\"Sissi Perlinger, 08.05.2008, M\u00fcnchen, Olympiapark\"\/><span class=\"before\"><\/span><span class=\"after\"><\/span><\/a><\/div><div class=\"isotope-item block-1 block-h-1\"><a href=\"http:\/\/www.rockpixx.com\/wordpress\/wp-content\/uploads\/2013\/01\/20080508-06-220.jpg\" rel=\"prettyPhoto[postgal_3761]\" class=\"show-hover-link block-h-1\"\"><img decoding=\"async\" src=\"http:\/\/www.rockpixx.com\/wordpress\/wp-content\/uploads\/2013\/01\/20080508-06-220-480x400.jpg\" alt=\"Sissi Perlinger, 08.05.2008, M\u00fcnchen, Olympiapark\"\/><span class=\"before\"><\/span><span class=\"after\"><\/span><\/a><\/div><div class=\"isotope-item block-1 block-h-1\"><a href=\"http:\/\/www.rockpixx.com\/wordpress\/wp-content\/uploads\/2013\/01\/20080508-06-225.jpg\" rel=\"prettyPhoto[postgal_3761]\" class=\"show-hover-link block-h-1\"\"><img decoding=\"async\" src=\"http:\/\/www.rockpixx.com\/wordpress\/wp-content\/uploads\/2013\/01\/20080508-06-225-480x400.jpg\" alt=\"Sissi Perlinger, 08.05.2008, M\u00fcnchen, Olympiapark\"\/><span class=\"before\"><\/span><span class=\"after\"><\/span><\/a><\/div><div class=\"isotope-item block-2 block-h-2\"><a href=\"http:\/\/www.rockpixx.com\/wordpress\/wp-content\/uploads\/2013\/01\/20080508-06-229.jpg\" rel=\"prettyPhoto[postgal_3761]\" class=\"show-hover-link block-h-2\"\"><img decoding=\"async\" src=\"http:\/\/www.rockpixx.com\/wordpress\/wp-content\/uploads\/2013\/01\/20080508-06-229-480x400.jpg\" alt=\"Sissi Perlinger, 08.05.2008, M\u00fcnchen, Olympiapark\"\/><span class=\"before\"><\/span><span class=\"after\"><\/span><\/a><\/div><\/div><\/div><\/p>\n","protected":false},"excerpt":{"rendered":"<p>\u00dcber Sissi Perlinger und ihre geistreichen Texte noch gro\u00df Worte zu verlieren, hie\u00dfe nun wirklich <a href=\"http:\/\/www.rockpixx.com\/wordpress\/sissi-perlinger-08-05-2008-munchen-olympiapark\/\">Read more<\/a><\/p>\n","protected":false},"author":2,"featured_media":3763,"comment_status":"closed","ping_status":"open","sticky":false,"template":"","format":"standard","meta":{"_jetpack_memberships_contains_paid_content":false,"footnotes":"","jetpack_publicize_message":"","jetpack_publicize_feature_enabled":true,"jetpack_social_post_already_shared":true,"jetpack_social_options":{"image_generator_settings":{"template":"highway","default_image_id":0,"font":"","enabled":false},"version":2}},"categories":[34,2471],"tags":[1763,352,293,366,324],"class_list":["post-1965","post","type-post","status-publish","format-standard","has-post-thumbnail","hentry","category-acts","category-sissi-perlinger","tag-1763","tag-munchen","tag-munchner-rockmuseum","tag-olympiapark","tag-sissi-perlinger"],"aioseo_notices":[],"jetpack_publicize_connections":[],"jetpack_featured_media_url":"http:\/\/www.rockpixx.com\/wordpress\/wp-content\/uploads\/2008\/05\/20080508-06-sissi-perlinger-Artikel.jpg","jetpack-related-posts":[{"id":1974,"url":"http:\/\/www.rockpixx.com\/wordpress\/drownntears-08-05-2008-munchen-olympiapark\/","url_meta":{"origin":1965,"position":0},"title":"Drown\u2019n\u2019Tears, 08.05.2008, M\u00fcnchen, Olympiapark","author":"Anja","date":"8. Mai 2008","format":false,"excerpt":"\u201eThe hardest working Band in Town\u201c \u2013 jetzt von mir bereits zum \u2192\u00a0dritten Mal abgelichtet \u2013 und es macht immer noch Spa\u00df, den Jungs zuzuh\u00f6ren und sie dabei auch zu sehen. Auf Einladung von Drummer Alex war ich bei dieser Veranstaltung dabei und Drown'n'Tears haben zu Recht dort gespielt. Wie\u2026","rel":"","context":"In &quot;Acts&quot;","block_context":{"text":"Acts","link":"http:\/\/www.rockpixx.com\/wordpress\/category\/acts\/"},"img":{"alt_text":"Drown\u2019n\u2019Tears, 08.05.2008, M\u00fcnchen, Olympiapark","src":"https:\/\/i0.wp.com\/www.rockpixx.com\/wordpress\/wp-content\/uploads\/2008\/05\/20080508-08-dnt-Artikel.jpg?resize=350%2C200","width":350,"height":200,"srcset":"https:\/\/i0.wp.com\/www.rockpixx.com\/wordpress\/wp-content\/uploads\/2008\/05\/20080508-08-dnt-Artikel.jpg?resize=350%2C200 1x, https:\/\/i0.wp.com\/www.rockpixx.com\/wordpress\/wp-content\/uploads\/2008\/05\/20080508-08-dnt-Artikel.jpg?resize=525%2C300 1.5x, https:\/\/i0.wp.com\/www.rockpixx.com\/wordpress\/wp-content\/uploads\/2008\/05\/20080508-08-dnt-Artikel.jpg?resize=700%2C400 2x"},"classes":[]},{"id":1940,"url":"http:\/\/www.rockpixx.com\/wordpress\/sandrina-sedona-08-05-2008-munchen-olympiapark\/","url_meta":{"origin":1965,"position":1},"title":"Sandrina Sedona, 08.05.2008, M\u00fcnchen, Olympiapark","author":"Anja","date":"8. Mai 2008","format":false,"excerpt":"Der erste \u201eFarbtupfer\u201c an diesem Tag. Sandrina allerdings nur auf Ihre Haare zu reduzieren, hie\u00dfe, Ihr sehr grobes Unrecht zu tun. Ihre Performance ist vom Feinsten und sehr energiegeladen. Die Stimme tut ein \u00dcbriges, um Ihr die volle Aufmerksamkeit des Publikums zu garantieren \u2013 sehr rockig und sehr ausdrucksstark. Schade\u2026","rel":"","context":"In &quot;Acts&quot;","block_context":{"text":"Acts","link":"http:\/\/www.rockpixx.com\/wordpress\/category\/acts\/"},"img":{"alt_text":"Sandrina Sedona, 08.05.2008, M\u00fcnchen, Olympiapark","src":"https:\/\/i0.wp.com\/www.rockpixx.com\/wordpress\/wp-content\/uploads\/2008\/05\/20080508-03-sandrina-sedona.jpg?resize=350%2C200","width":350,"height":200,"srcset":"https:\/\/i0.wp.com\/www.rockpixx.com\/wordpress\/wp-content\/uploads\/2008\/05\/20080508-03-sandrina-sedona.jpg?resize=350%2C200 1x, https:\/\/i0.wp.com\/www.rockpixx.com\/wordpress\/wp-content\/uploads\/2008\/05\/20080508-03-sandrina-sedona.jpg?resize=525%2C300 1.5x, https:\/\/i0.wp.com\/www.rockpixx.com\/wordpress\/wp-content\/uploads\/2008\/05\/20080508-03-sandrina-sedona.jpg?resize=700%2C400 2x"},"classes":[]},{"id":1970,"url":"http:\/\/www.rockpixx.com\/wordpress\/dolcenera-08-05-2008-munchen-olympiapark\/","url_meta":{"origin":1965,"position":2},"title":"Dolcenera, 08.05.2008, M\u00fcnchen, Olympiapark","author":"Anja","date":"8. Mai 2008","format":false,"excerpt":"Gesch\u00e4tzte 1,65 Meter Lebendgr\u00f6\u00dfe (mit Heels) aber eine Stimme, die mich umgehauen hat! Was f\u00fcr ein Organ \u2013 egal, ob solo am Piano mit einer gef\u00fchlvollen Ballade oder \u201evolle Power\u201c mit Bandunterst\u00fctzung. Beim abschlie\u00dfenden St\u00fcck von Gianna Nannini konnte man durchaus der Meinung sein, hier singt Giannas eigener Nachwuchs, wobei\u2026","rel":"","context":"In &quot;Acts&quot;","block_context":{"text":"Acts","link":"http:\/\/www.rockpixx.com\/wordpress\/category\/acts\/"},"img":{"alt_text":"Dolcenera, 08.05.2008, M\u00fcnchen, Olympiapark","src":"https:\/\/i0.wp.com\/www.rockpixx.com\/wordpress\/wp-content\/uploads\/2008\/05\/20080508-07-dolcenera-Artikel.jpg?resize=350%2C200","width":350,"height":200,"srcset":"https:\/\/i0.wp.com\/www.rockpixx.com\/wordpress\/wp-content\/uploads\/2008\/05\/20080508-07-dolcenera-Artikel.jpg?resize=350%2C200 1x, https:\/\/i0.wp.com\/www.rockpixx.com\/wordpress\/wp-content\/uploads\/2008\/05\/20080508-07-dolcenera-Artikel.jpg?resize=525%2C300 1.5x, https:\/\/i0.wp.com\/www.rockpixx.com\/wordpress\/wp-content\/uploads\/2008\/05\/20080508-07-dolcenera-Artikel.jpg?resize=700%2C400 2x"},"classes":[]},{"id":2787,"url":"http:\/\/www.rockpixx.com\/wordpress\/radiopilot-05-07-2008-munchen-olympiapark\/","url_meta":{"origin":1965,"position":3},"title":"Radiopilot, 05.07.2008, M\u00fcnchen, Olympiapark","author":"Anja","date":"5. Juli 2008","format":false,"excerpt":"Wir sind Radiopilot! Wir kommen aus Berlin und machen Popmusik.\u201c \u2013 so lautete die Selbst-Ansage der Band. Und da mir die f\u00fcnf Jungs bis zu dem Abend g\u00e4nzlich unbekannt waren, belasse ich es bei dieser Ansage. Das Licht h\u00e4tte besser sein k\u00f6nnen, schlie\u00dflich war am Sonntag zuvor bei \u201eBarock\u201c das\u2026","rel":"","context":"In &quot;Acts&quot;","block_context":{"text":"Acts","link":"http:\/\/www.rockpixx.com\/wordpress\/category\/acts\/"},"img":{"alt_text":"Radiopilot, 05.07.2008, M\u00fcnchen, Olympiapark","src":"https:\/\/i0.wp.com\/www.rockpixx.com\/wordpress\/wp-content\/uploads\/2008\/07\/20080705-01-radiopilot-Artikel.jpg?resize=350%2C200","width":350,"height":200,"srcset":"https:\/\/i0.wp.com\/www.rockpixx.com\/wordpress\/wp-content\/uploads\/2008\/07\/20080705-01-radiopilot-Artikel.jpg?resize=350%2C200 1x, https:\/\/i0.wp.com\/www.rockpixx.com\/wordpress\/wp-content\/uploads\/2008\/07\/20080705-01-radiopilot-Artikel.jpg?resize=525%2C300 1.5x, https:\/\/i0.wp.com\/www.rockpixx.com\/wordpress\/wp-content\/uploads\/2008\/07\/20080705-01-radiopilot-Artikel.jpg?resize=700%2C400 2x"},"classes":[]},{"id":2825,"url":"http:\/\/www.rockpixx.com\/wordpress\/ich-und-ich-05-07-2008-munchen-olympiapark\/","url_meta":{"origin":1965,"position":4},"title":"Ich und Ich, 05.07.2008, M\u00fcnchen, Olympiapark","author":"Anja","date":"5. Juli 2008","format":false,"excerpt":"Der Main-Act des Abends \u2013 nach \u2192\u00a0\u201eRadiopilot\u201c. Herr Ich (Adel Tawil) ist ohne seine kongeniale Duo-Partnerin Frau Ich (Annette Humpe) live unterwegs \u2013 daf\u00fcr aber mit einer mehrk\u00f6pfigen Band, die den Studiosound gut r\u00fcberbringt. Herr Ich ist mittlerweile wohl schon so ber\u00fchmt, dass die akkreditierten Fotografen bei ihrer Arbeit auf\u2026","rel":"","context":"In &quot;Acts&quot;","block_context":{"text":"Acts","link":"http:\/\/www.rockpixx.com\/wordpress\/category\/acts\/"},"img":{"alt_text":"Ich und Ich, 05.07.2008, M\u00fcnchen, Olympiapark","src":"https:\/\/i0.wp.com\/www.rockpixx.com\/wordpress\/wp-content\/uploads\/2008\/07\/20080705-02-ich-und-ich-Artikel.jpg?resize=350%2C200","width":350,"height":200,"srcset":"https:\/\/i0.wp.com\/www.rockpixx.com\/wordpress\/wp-content\/uploads\/2008\/07\/20080705-02-ich-und-ich-Artikel.jpg?resize=350%2C200 1x, https:\/\/i0.wp.com\/www.rockpixx.com\/wordpress\/wp-content\/uploads\/2008\/07\/20080705-02-ich-und-ich-Artikel.jpg?resize=525%2C300 1.5x, https:\/\/i0.wp.com\/www.rockpixx.com\/wordpress\/wp-content\/uploads\/2008\/07\/20080705-02-ich-und-ich-Artikel.jpg?resize=700%2C400 2x"},"classes":[]},{"id":1958,"url":"http:\/\/www.rockpixx.com\/wordpress\/claudia-koreck-08-05-2008-munchen-olympiapark\/","url_meta":{"origin":1965,"position":5},"title":"Claudia Koreck, 08.05.2008, M\u00fcnchen, Olympiapark","author":"Anja","date":"8. Mai 2008","format":false,"excerpt":"\u2026 l\u00e4uft ja mittlerweile auf vielen Radiosendern 'rauf und 'runter. Mit Ihrer frischen und unverbrauchten Art\u00a0(und ebensolchen Songs) stellt sie ein angenehmes Gegengewicht zum glattproduzierten Top-40-Einheitsbrei dar. Und genauso frisch, sympatisch und unverbraucht kommt sie auch \u201eon stange\u201c 'r\u00fcber\u2026 Fotos:\u00a0Alex\u00a0| Text:\u00a0Alex","rel":"","context":"In &quot;Acts&quot;","block_context":{"text":"Acts","link":"http:\/\/www.rockpixx.com\/wordpress\/category\/acts\/"},"img":{"alt_text":"Claudia Koreck, 08.05.2008, M\u00fcnchen, Olympiapark","src":"https:\/\/i0.wp.com\/www.rockpixx.com\/wordpress\/wp-content\/uploads\/2008\/05\/20080508-05-claudia-koreck-Artikel.jpg?resize=350%2C200","width":350,"height":200,"srcset":"https:\/\/i0.wp.com\/www.rockpixx.com\/wordpress\/wp-content\/uploads\/2008\/05\/20080508-05-claudia-koreck-Artikel.jpg?resize=350%2C200 1x, https:\/\/i0.wp.com\/www.rockpixx.com\/wordpress\/wp-content\/uploads\/2008\/05\/20080508-05-claudia-koreck-Artikel.jpg?resize=525%2C300 1.5x, https:\/\/i0.wp.com\/www.rockpixx.com\/wordpress\/wp-content\/uploads\/2008\/05\/20080508-05-claudia-koreck-Artikel.jpg?resize=700%2C400 2x"},"classes":[]}],"jetpack_sharing_enabled":true,"publishpress_future_action":{"enabled":false,"date":"2026-05-08 07:13:40","action":"change-status","newStatus":"draft","terms":[],"taxonomy":"category","extraData":[]},"publishpress_future_workflow_manual_trigger":{"enabledWorkflows":[]},"_links":{"self":[{"href":"http:\/\/www.rockpixx.com\/wordpress\/wp-json\/wp\/v2\/posts\/1965","targetHints":{"allow":["GET"]}}],"collection":[{"href":"http:\/\/www.rockpixx.com\/wordpress\/wp-json\/wp\/v2\/posts"}],"about":[{"href":"http:\/\/www.rockpixx.com\/wordpress\/wp-json\/wp\/v2\/types\/post"}],"author":[{"embeddable":true,"href":"http:\/\/www.rockpixx.com\/wordpress\/wp-json\/wp\/v2\/users\/2"}],"replies":[{"embeddable":true,"href":"http:\/\/www.rockpixx.com\/wordpress\/wp-json\/wp\/v2\/comments?post=1965"}],"version-history":[{"count":0,"href":"http:\/\/www.rockpixx.com\/wordpress\/wp-json\/wp\/v2\/posts\/1965\/revisions"}],"wp:featuredmedia":[{"embeddable":true,"href":"http:\/\/www.rockpixx.com\/wordpress\/wp-json\/wp\/v2\/media\/3763"}],"wp:attachment":[{"href":"http:\/\/www.rockpixx.com\/wordpress\/wp-json\/wp\/v2\/media?parent=1965"}],"wp:term":[{"taxonomy":"category","embeddable":true,"href":"http:\/\/www.rockpixx.com\/wordpress\/wp-json\/wp\/v2\/categories?post=1965"},{"taxonomy":"post_tag","embeddable":true,"href":"http:\/\/www.rockpixx.com\/wordpress\/wp-json\/wp\/v2\/tags?post=1965"}],"curies":[{"name":"wp","href":"https:\/\/api.w.org\/{rel}","templated":true}]}}