{"id":1970,"date":"2008-05-08T07:00:08","date_gmt":"2008-05-08T05:00:08","guid":{"rendered":"http:\/\/rockpixx.com\/wordpress\/?p=1970"},"modified":"2013-01-05T01:38:07","modified_gmt":"2013-01-04T23:38:07","slug":"dolcenera-08-05-2008-munchen-olympiapark","status":"publish","type":"post","link":"http:\/\/www.rockpixx.com\/wordpress\/dolcenera-08-05-2008-munchen-olympiapark\/","title":{"rendered":"Dolcenera, 08.05.2008, M\u00fcnchen, Olympiapark"},"content":{"rendered":"<p>Gesch\u00e4tzte 1,65 Meter Lebendgr\u00f6\u00dfe (mit Heels) aber eine Stimme, die mich umgehauen hat!<!--more--><\/p>\n<p>Was f\u00fcr ein Organ \u2013 egal, ob solo am Piano mit einer gef\u00fchlvollen Ballade oder \u201evolle Power\u201c mit Bandunterst\u00fctzung. Beim abschlie\u00dfenden St\u00fcck von Gianna Nannini konnte man durchaus der Meinung sein, hier singt Giannas eigener Nachwuchs, wobei die Stimme runder und weicher als beim Original klang. Sehr sympathisch und bescheiden kommt die \u201ekleine Italienerin\u201c anschlie\u00dfend auch beim Gespr\u00e4ch nach dem Auftritt &#8218;r\u00fcber \u2013 Grazie.<\/p>\n<p>Geht hin und besucht ihre Konzerte, es lohnt sich (nicht nur wegen ihrer Schuhe)!<\/p>\n<p style=\"text-align: right;\">Fotos:\u00a0<a href=\"mailto:info@rockpixx.com?subject=Fotos%20von%20Dolcenera,%20M%C3%BCnchen%20%E2%80%9EOlympiapark%E2%80%9C,%2008.05.2008\">Alex<\/a>\u00a0| Text:\u00a0<a href=\"mailto:info@rockpixx.com?subject=Reviewtext%20von%20Dolcenera,%20M%C3%BCnchen%20%E2%80%9EOlympiapark%E2%80%9C,%2008.05.2008\">Alex<\/a><\/p>\n<p style=\"text-align: left;\"><div class=\"eat-left eat-right\"><div class=\"thumbs-masonry isotope\"><div class=\"isotope-item block-2 block-h-2\"><a href=\"http:\/\/www.rockpixx.com\/wordpress\/wp-content\/uploads\/2013\/01\/20080508-07-005.jpg\" rel=\"prettyPhoto[postgal_3774]\" class=\"show-hover-link block-h-2\"\"><img decoding=\"async\" src=\"http:\/\/www.rockpixx.com\/wordpress\/wp-content\/uploads\/2013\/01\/20080508-07-005-480x400.jpg\" alt=\"Dolcenera, 08.05.2008, M\u00fcnchen, Olympiapark\"\/><span class=\"before\"><\/span><span class=\"after\"><\/span><\/a><\/div><div class=\"isotope-item block-1 block-h-1\"><a href=\"http:\/\/www.rockpixx.com\/wordpress\/wp-content\/uploads\/2013\/01\/20080508-07-306.jpg\" rel=\"prettyPhoto[postgal_3774]\" class=\"show-hover-link block-h-1\"\"><img decoding=\"async\" src=\"http:\/\/www.rockpixx.com\/wordpress\/wp-content\/uploads\/2013\/01\/20080508-07-306-480x400.jpg\" alt=\"Dolcenera, 08.05.2008, M\u00fcnchen, Olympiapark\"\/><span class=\"before\"><\/span><span class=\"after\"><\/span><\/a><\/div><div class=\"isotope-item block-1 block-h-1\"><a href=\"http:\/\/www.rockpixx.com\/wordpress\/wp-content\/uploads\/2013\/01\/20080508-07-309.jpg\" rel=\"prettyPhoto[postgal_3774]\" class=\"show-hover-link block-h-1\"\"><img decoding=\"async\" src=\"http:\/\/www.rockpixx.com\/wordpress\/wp-content\/uploads\/2013\/01\/20080508-07-309-480x400.jpg\" alt=\"Dolcenera, 08.05.2008, M\u00fcnchen, Olympiapark\"\/><span class=\"before\"><\/span><span class=\"after\"><\/span><\/a><\/div><div class=\"isotope-item block-2 block-h-2\"><a href=\"http:\/\/www.rockpixx.com\/wordpress\/wp-content\/uploads\/2013\/01\/20080508-07-312.jpg\" rel=\"prettyPhoto[postgal_3774]\" class=\"show-hover-link block-h-2\"\"><img decoding=\"async\" src=\"http:\/\/www.rockpixx.com\/wordpress\/wp-content\/uploads\/2013\/01\/20080508-07-312-480x400.jpg\" alt=\"Dolcenera, 08.05.2008, M\u00fcnchen, Olympiapark\"\/><span class=\"before\"><\/span><span class=\"after\"><\/span><\/a><\/div><div class=\"isotope-item block-1 block-h-1\"><a href=\"http:\/\/www.rockpixx.com\/wordpress\/wp-content\/uploads\/2013\/01\/20080508-07-315.jpg\" rel=\"prettyPhoto[postgal_3774]\" class=\"show-hover-link block-h-1\"\"><img decoding=\"async\" src=\"http:\/\/www.rockpixx.com\/wordpress\/wp-content\/uploads\/2013\/01\/20080508-07-315-480x400.jpg\" alt=\"Dolcenera, 08.05.2008, M\u00fcnchen, Olympiapark\"\/><span class=\"before\"><\/span><span class=\"after\"><\/span><\/a><\/div><div class=\"isotope-item block-1 block-h-1\"><a href=\"http:\/\/www.rockpixx.com\/wordpress\/wp-content\/uploads\/2013\/01\/20080508-07-318.jpg\" rel=\"prettyPhoto[postgal_3774]\" class=\"show-hover-link block-h-1\"\"><img decoding=\"async\" src=\"http:\/\/www.rockpixx.com\/wordpress\/wp-content\/uploads\/2013\/01\/20080508-07-318-480x400.jpg\" alt=\"Dolcenera, 08.05.2008, M\u00fcnchen, Olympiapark\"\/><span class=\"before\"><\/span><span class=\"after\"><\/span><\/a><\/div><div class=\"isotope-item block-2 block-h-2\"><a href=\"http:\/\/www.rockpixx.com\/wordpress\/wp-content\/uploads\/2013\/01\/20080508-07-327.jpg\" rel=\"prettyPhoto[postgal_3774]\" class=\"show-hover-link block-h-2\"\"><img decoding=\"async\" src=\"http:\/\/www.rockpixx.com\/wordpress\/wp-content\/uploads\/2013\/01\/20080508-07-327-480x400.jpg\" alt=\"Dolcenera, 08.05.2008, M\u00fcnchen, Olympiapark\"\/><span class=\"before\"><\/span><span class=\"after\"><\/span><\/a><\/div><div class=\"isotope-item block-1 block-h-1\"><a href=\"http:\/\/www.rockpixx.com\/wordpress\/wp-content\/uploads\/2013\/01\/20080508-07-330.jpg\" rel=\"prettyPhoto[postgal_3774]\" class=\"show-hover-link block-h-1\"\"><img decoding=\"async\" src=\"http:\/\/www.rockpixx.com\/wordpress\/wp-content\/uploads\/2013\/01\/20080508-07-330-480x400.jpg\" alt=\"Dolcenera, 08.05.2008, M\u00fcnchen, Olympiapark\"\/><span class=\"before\"><\/span><span class=\"after\"><\/span><\/a><\/div><div class=\"isotope-item block-1 block-h-1\"><a href=\"http:\/\/www.rockpixx.com\/wordpress\/wp-content\/uploads\/2013\/01\/20080508-07-335.jpg\" rel=\"prettyPhoto[postgal_3774]\" class=\"show-hover-link block-h-1\"\"><img decoding=\"async\" src=\"http:\/\/www.rockpixx.com\/wordpress\/wp-content\/uploads\/2013\/01\/20080508-07-335-480x400.jpg\" alt=\"Dolcenera, 08.05.2008, M\u00fcnchen, Olympiapark\"\/><span class=\"before\"><\/span><span class=\"after\"><\/span><\/a><\/div><div class=\"isotope-item block-2 block-h-2\"><a href=\"http:\/\/www.rockpixx.com\/wordpress\/wp-content\/uploads\/2013\/01\/20080508-07-342.jpg\" rel=\"prettyPhoto[postgal_3774]\" class=\"show-hover-link block-h-2\"\"><img decoding=\"async\" src=\"http:\/\/www.rockpixx.com\/wordpress\/wp-content\/uploads\/2013\/01\/20080508-07-342-480x400.jpg\" alt=\"Dolcenera, 08.05.2008, M\u00fcnchen, Olympiapark\"\/><span class=\"before\"><\/span><span class=\"after\"><\/span><\/a><\/div><\/div><\/div><\/p>\n<p style=\"text-align: left;\">\n","protected":false},"excerpt":{"rendered":"<p>Gesch\u00e4tzte 1,65 Meter Lebendgr\u00f6\u00dfe (mit Heels) aber eine Stimme, die mich umgehauen hat!<\/p>\n","protected":false},"author":2,"featured_media":3777,"comment_status":"closed","ping_status":"open","sticky":false,"template":"","format":"standard","meta":{"_jetpack_memberships_contains_paid_content":false,"footnotes":"","jetpack_publicize_message":"","jetpack_publicize_feature_enabled":true,"jetpack_social_post_already_shared":true,"jetpack_social_options":{"image_generator_settings":{"template":"highway","default_image_id":0,"font":"","enabled":false},"version":2}},"categories":[34,325],"tags":[1763,1768,352,293,366],"class_list":["post-1970","post","type-post","status-publish","format-standard","has-post-thumbnail","hentry","category-acts","category-dolcenera","tag-1763","tag-dolcenera","tag-munchen","tag-munchner-rockmuseum","tag-olympiapark"],"aioseo_notices":[],"jetpack_publicize_connections":[],"jetpack_featured_media_url":"http:\/\/www.rockpixx.com\/wordpress\/wp-content\/uploads\/2008\/05\/20080508-07-dolcenera-Artikel.jpg","jetpack-related-posts":[{"id":1927,"url":"http:\/\/www.rockpixx.com\/wordpress\/dan-mccafferty-08-05-2008-munchen-olympiapark\/","url_meta":{"origin":1970,"position":0},"title":"Dan McCafferty, 08.05.2008, M\u00fcnchen, Olympiapark","author":"Anja","date":"8. Mai 2008","format":false,"excerpt":"\u201eLove Hurts\u201c \u2013 eine unverwechselbare Reibeisen-Stimme intoniert die ersten Silben dieses Rockklassikers und die K\u00f6rperbehaarung stellt sich auf\u2026 Ein wenig in die Jahre gekommen ist er ja, Dan McCafferty, die Stimme von Nazareth \u2013 seiner Stimme tut das keinen Abbruch, die ist markant wie eh und je. \u00a0Als Opener der\u2026","rel":"","context":"In &quot;Acts&quot;","block_context":{"text":"Acts","link":"http:\/\/www.rockpixx.com\/wordpress\/category\/acts\/"},"img":{"alt_text":"Dan McCafferty, 08.05.2008, M\u00fcnchen, Olympiapark","src":"https:\/\/i0.wp.com\/www.rockpixx.com\/wordpress\/wp-content\/uploads\/2008\/05\/20080508-01-dan-mccafferty-Artikel.jpg?resize=350%2C200","width":350,"height":200,"srcset":"https:\/\/i0.wp.com\/www.rockpixx.com\/wordpress\/wp-content\/uploads\/2008\/05\/20080508-01-dan-mccafferty-Artikel.jpg?resize=350%2C200 1x, https:\/\/i0.wp.com\/www.rockpixx.com\/wordpress\/wp-content\/uploads\/2008\/05\/20080508-01-dan-mccafferty-Artikel.jpg?resize=525%2C300 1.5x, https:\/\/i0.wp.com\/www.rockpixx.com\/wordpress\/wp-content\/uploads\/2008\/05\/20080508-01-dan-mccafferty-Artikel.jpg?resize=700%2C400 2x"},"classes":[]},{"id":2987,"url":"http:\/\/www.rockpixx.com\/wordpress\/dolcenera-13-06-2009-muhldorf-am-inn-trabrennbahn\/","url_meta":{"origin":1970,"position":1},"title":"Dolcenera, 13.06.2009, M\u00fchldorf am Inn, Trabrennbahn","author":"Anja","date":"13. Juni 2009","format":false,"excerpt":"Und wieder Dolcenera! Wie schon \u2192\u00a02008 in M\u00fcnchen, so beeindruckte sie auch dieses Mal wieder - sowohl durch Musik als auch durch Optik. Und aus letzterem Grund m\u00fcssen Ihre Begleitmusiker jetzt auch ganz tapfer sein: Alle 10 Bilder sind f\u00fcr \u201eManu\u201c - wie sie von Ihren Fans genannt wird -\u2026","rel":"","context":"In &quot;Acts&quot;","block_context":{"text":"Acts","link":"http:\/\/www.rockpixx.com\/wordpress\/category\/acts\/"},"img":{"alt_text":"Dolcenera, 13.06.2009, M\u00fchldorf am Inn, Trabrennbahn","src":"https:\/\/i0.wp.com\/www.rockpixx.com\/wordpress\/wp-content\/uploads\/2009\/06\/20090613-02-dolcenera-Artikel.jpg?resize=350%2C200","width":350,"height":200,"srcset":"https:\/\/i0.wp.com\/www.rockpixx.com\/wordpress\/wp-content\/uploads\/2009\/06\/20090613-02-dolcenera-Artikel.jpg?resize=350%2C200 1x, https:\/\/i0.wp.com\/www.rockpixx.com\/wordpress\/wp-content\/uploads\/2009\/06\/20090613-02-dolcenera-Artikel.jpg?resize=525%2C300 1.5x, https:\/\/i0.wp.com\/www.rockpixx.com\/wordpress\/wp-content\/uploads\/2009\/06\/20090613-02-dolcenera-Artikel.jpg?resize=700%2C400 2x"},"classes":[]},{"id":2825,"url":"http:\/\/www.rockpixx.com\/wordpress\/ich-und-ich-05-07-2008-munchen-olympiapark\/","url_meta":{"origin":1970,"position":2},"title":"Ich und Ich, 05.07.2008, M\u00fcnchen, Olympiapark","author":"Anja","date":"5. Juli 2008","format":false,"excerpt":"Der Main-Act des Abends \u2013 nach \u2192\u00a0\u201eRadiopilot\u201c. Herr Ich (Adel Tawil) ist ohne seine kongeniale Duo-Partnerin Frau Ich (Annette Humpe) live unterwegs \u2013 daf\u00fcr aber mit einer mehrk\u00f6pfigen Band, die den Studiosound gut r\u00fcberbringt. Herr Ich ist mittlerweile wohl schon so ber\u00fchmt, dass die akkreditierten Fotografen bei ihrer Arbeit auf\u2026","rel":"","context":"In &quot;Acts&quot;","block_context":{"text":"Acts","link":"http:\/\/www.rockpixx.com\/wordpress\/category\/acts\/"},"img":{"alt_text":"Ich und Ich, 05.07.2008, M\u00fcnchen, Olympiapark","src":"https:\/\/i0.wp.com\/www.rockpixx.com\/wordpress\/wp-content\/uploads\/2008\/07\/20080705-02-ich-und-ich-Artikel.jpg?resize=350%2C200","width":350,"height":200,"srcset":"https:\/\/i0.wp.com\/www.rockpixx.com\/wordpress\/wp-content\/uploads\/2008\/07\/20080705-02-ich-und-ich-Artikel.jpg?resize=350%2C200 1x, https:\/\/i0.wp.com\/www.rockpixx.com\/wordpress\/wp-content\/uploads\/2008\/07\/20080705-02-ich-und-ich-Artikel.jpg?resize=525%2C300 1.5x, https:\/\/i0.wp.com\/www.rockpixx.com\/wordpress\/wp-content\/uploads\/2008\/07\/20080705-02-ich-und-ich-Artikel.jpg?resize=700%2C400 2x"},"classes":[]},{"id":1940,"url":"http:\/\/www.rockpixx.com\/wordpress\/sandrina-sedona-08-05-2008-munchen-olympiapark\/","url_meta":{"origin":1970,"position":3},"title":"Sandrina Sedona, 08.05.2008, M\u00fcnchen, Olympiapark","author":"Anja","date":"8. Mai 2008","format":false,"excerpt":"Der erste \u201eFarbtupfer\u201c an diesem Tag. Sandrina allerdings nur auf Ihre Haare zu reduzieren, hie\u00dfe, Ihr sehr grobes Unrecht zu tun. Ihre Performance ist vom Feinsten und sehr energiegeladen. Die Stimme tut ein \u00dcbriges, um Ihr die volle Aufmerksamkeit des Publikums zu garantieren \u2013 sehr rockig und sehr ausdrucksstark. Schade\u2026","rel":"","context":"In &quot;Acts&quot;","block_context":{"text":"Acts","link":"http:\/\/www.rockpixx.com\/wordpress\/category\/acts\/"},"img":{"alt_text":"Sandrina Sedona, 08.05.2008, M\u00fcnchen, Olympiapark","src":"https:\/\/i0.wp.com\/www.rockpixx.com\/wordpress\/wp-content\/uploads\/2008\/05\/20080508-03-sandrina-sedona.jpg?resize=350%2C200","width":350,"height":200,"srcset":"https:\/\/i0.wp.com\/www.rockpixx.com\/wordpress\/wp-content\/uploads\/2008\/05\/20080508-03-sandrina-sedona.jpg?resize=350%2C200 1x, https:\/\/i0.wp.com\/www.rockpixx.com\/wordpress\/wp-content\/uploads\/2008\/05\/20080508-03-sandrina-sedona.jpg?resize=525%2C300 1.5x, https:\/\/i0.wp.com\/www.rockpixx.com\/wordpress\/wp-content\/uploads\/2008\/05\/20080508-03-sandrina-sedona.jpg?resize=700%2C400 2x"},"classes":[]},{"id":2783,"url":"http:\/\/www.rockpixx.com\/wordpress\/barock-29-06-2008-munchen-olympiapark\/","url_meta":{"origin":1970,"position":4},"title":"Barock, 29.06.2008, M\u00fcnchen, Olympiapark","author":"Anja","date":"29. Juni 2008","format":false,"excerpt":"Irgendwie war ich schon so oft auf Gigs von \u2192\u00a0Barock, da kann ich gar nichts Neues mehr schreiben\u2026 Also: Es ist \u2192\u00a0\u201eSommertollwood\u201c im \u2192\u00a0Olympiapark in \u2192\u00a0M\u00fcnchen, die \u2192\u00a0\u201eKieler Woche 2008\u201c ist mit 21 Acts an 8 Abenden auch nicht ganz spurlos an mir vorbeigegangen und nach einem kurzen \u00dcbernachtungsstop in\u2026","rel":"","context":"In &quot;AC\/DC&quot;","block_context":{"text":"AC\/DC","link":"http:\/\/www.rockpixx.com\/wordpress\/category\/acts\/tributebands\/acdc\/"},"img":{"alt_text":"Barock, 29.06.2008, M\u00fcnchen, Olympiapark","src":"https:\/\/i0.wp.com\/www.rockpixx.com\/wordpress\/wp-content\/uploads\/2008\/06\/20080629-barock-Artikel.jpg?resize=350%2C200","width":350,"height":200,"srcset":"https:\/\/i0.wp.com\/www.rockpixx.com\/wordpress\/wp-content\/uploads\/2008\/06\/20080629-barock-Artikel.jpg?resize=350%2C200 1x, https:\/\/i0.wp.com\/www.rockpixx.com\/wordpress\/wp-content\/uploads\/2008\/06\/20080629-barock-Artikel.jpg?resize=525%2C300 1.5x, https:\/\/i0.wp.com\/www.rockpixx.com\/wordpress\/wp-content\/uploads\/2008\/06\/20080629-barock-Artikel.jpg?resize=700%2C400 2x"},"classes":[]},{"id":1974,"url":"http:\/\/www.rockpixx.com\/wordpress\/drownntears-08-05-2008-munchen-olympiapark\/","url_meta":{"origin":1970,"position":5},"title":"Drown\u2019n\u2019Tears, 08.05.2008, M\u00fcnchen, Olympiapark","author":"Anja","date":"8. Mai 2008","format":false,"excerpt":"\u201eThe hardest working Band in Town\u201c \u2013 jetzt von mir bereits zum \u2192\u00a0dritten Mal abgelichtet \u2013 und es macht immer noch Spa\u00df, den Jungs zuzuh\u00f6ren und sie dabei auch zu sehen. Auf Einladung von Drummer Alex war ich bei dieser Veranstaltung dabei und Drown'n'Tears haben zu Recht dort gespielt. Wie\u2026","rel":"","context":"In &quot;Acts&quot;","block_context":{"text":"Acts","link":"http:\/\/www.rockpixx.com\/wordpress\/category\/acts\/"},"img":{"alt_text":"Drown\u2019n\u2019Tears, 08.05.2008, M\u00fcnchen, Olympiapark","src":"https:\/\/i0.wp.com\/www.rockpixx.com\/wordpress\/wp-content\/uploads\/2008\/05\/20080508-08-dnt-Artikel.jpg?resize=350%2C200","width":350,"height":200,"srcset":"https:\/\/i0.wp.com\/www.rockpixx.com\/wordpress\/wp-content\/uploads\/2008\/05\/20080508-08-dnt-Artikel.jpg?resize=350%2C200 1x, https:\/\/i0.wp.com\/www.rockpixx.com\/wordpress\/wp-content\/uploads\/2008\/05\/20080508-08-dnt-Artikel.jpg?resize=525%2C300 1.5x, https:\/\/i0.wp.com\/www.rockpixx.com\/wordpress\/wp-content\/uploads\/2008\/05\/20080508-08-dnt-Artikel.jpg?resize=700%2C400 2x"},"classes":[]}],"jetpack_sharing_enabled":true,"publishpress_future_action":{"enabled":false,"date":"2026-05-08 05:51:26","action":"change-status","newStatus":"draft","terms":[],"taxonomy":"category","extraData":[]},"publishpress_future_workflow_manual_trigger":{"enabledWorkflows":[]},"_links":{"self":[{"href":"http:\/\/www.rockpixx.com\/wordpress\/wp-json\/wp\/v2\/posts\/1970","targetHints":{"allow":["GET"]}}],"collection":[{"href":"http:\/\/www.rockpixx.com\/wordpress\/wp-json\/wp\/v2\/posts"}],"about":[{"href":"http:\/\/www.rockpixx.com\/wordpress\/wp-json\/wp\/v2\/types\/post"}],"author":[{"embeddable":true,"href":"http:\/\/www.rockpixx.com\/wordpress\/wp-json\/wp\/v2\/users\/2"}],"replies":[{"embeddable":true,"href":"http:\/\/www.rockpixx.com\/wordpress\/wp-json\/wp\/v2\/comments?post=1970"}],"version-history":[{"count":0,"href":"http:\/\/www.rockpixx.com\/wordpress\/wp-json\/wp\/v2\/posts\/1970\/revisions"}],"wp:featuredmedia":[{"embeddable":true,"href":"http:\/\/www.rockpixx.com\/wordpress\/wp-json\/wp\/v2\/media\/3777"}],"wp:attachment":[{"href":"http:\/\/www.rockpixx.com\/wordpress\/wp-json\/wp\/v2\/media?parent=1970"}],"wp:term":[{"taxonomy":"category","embeddable":true,"href":"http:\/\/www.rockpixx.com\/wordpress\/wp-json\/wp\/v2\/categories?post=1970"},{"taxonomy":"post_tag","embeddable":true,"href":"http:\/\/www.rockpixx.com\/wordpress\/wp-json\/wp\/v2\/tags?post=1970"}],"curies":[{"name":"wp","href":"https:\/\/api.w.org\/{rel}","templated":true}]}}