{"id":20126,"date":"2016-06-18T13:37:51","date_gmt":"2016-06-18T12:37:51","guid":{"rendered":"http:\/\/rockpixx.com\/wordpress\/?p=20126"},"modified":"2016-06-18T13:37:51","modified_gmt":"2016-06-18T12:37:51","slug":"rea-garvey-17-06-2016-kieler-woche-hoern-buehne-kiel","status":"publish","type":"post","link":"http:\/\/www.rockpixx.com\/wordpress\/rea-garvey-17-06-2016-kieler-woche-hoern-buehne-kiel\/","title":{"rendered":"Rea Garvey, 17.06.2016, Kieler Woche, H\u00f6rn-B\u00fchne, Kiel"},"content":{"rendered":"<p>Dieses Jahr starten wir mit Rea Garvey in die Kieler Woche 2015 auf der H\u00f6rn-B\u00fchne ganz am Ende der Kieler F\u00f6rde, vor der sich schon zahlreiche Rea Garvey Fans versammelt hatten. Das dies nur ein ganz kleiner Teil war, sollten wir dann sp\u00e4ter merken, denn es war nicht so einfach, den Platz durch die Menschenmassen zu verlassen.<!--more--><\/p>\n<p>Aber zur\u00fcck zur Rea Garvey \u2013 das Erste was auff\u00e4llt, ist die B\u00fchnendeko in schrill leuchtend bunten Schn\u00fcren, welche sp\u00e4ter bei Licht noch schriller leuchten sollten. Dies verspricht schon einmal interessante Bilder.<\/p>\n<p>Im Gegensatz zu den letzen \u2192<a href=\"http:\/\/rockpixx.com\/wordpress\/category\/acts\/rea-garvey\/\"> beiden Konzerten<\/a>, die wir fotografierten, erfreut uns Rea Garvey dieses Mal mit einer Spielfreude und B\u00fchnenperformance, die die Musik und die Emotionen seiner Songs wiederspiegeln. Die Rolle des klampfenden Singer-Songwriters stand ihm nicht, denn eigentlich ist seine Musik ist voller Leben, Temperament und Gef\u00fchl, selbst wenn wie z.B. in \u201eWar\u201c und \u201eAmour\u201c Themen angesprochen werden, die betroffen machen und der Gesellschaft den Spiegel vorhalten.<\/p>\n<p>Nach den drei Songs, die wir fotografieren durften, machen wir uns auf den Weg zu Laith Al Deen und \u201eTorfrock\u201c und k\u00f6nnen selbst am Bahnhof noch die kraftvolle Stimme von Rea Garvey h\u00f6ren. Ein gelungener Anfang der Kieler Woche mit guter Musik und Sonnenschein.<\/p>\n<p style=\"text-align: right;\">Fotos: <a href=\"mailto:info@rockpixx.com?subject=Rea%20Garvey,%2017.06.2016,%20Kieler%20Woche,%20H\u00f6rn-B\u00fchne,%20Kiel\">Alex<\/a>, <a href=\"mailto:a.roselt@rockpixx.com?subject=Rea%20Garvey,%2017.06.2016,%20Kieler%20Woche,%20H\u00f6rn-B\u00fchne,%20Kiel\">Anja<\/a> | Text: <a href=\"mailto:a.roselt@rockpixx.com?subject=Rea%20Garvey,%2017.06.2016,%20Kieler%20Woche,%20H\u00f6rn-B\u00fchne,%20Kiel\">Anja<\/a><\/p>\n<p>&nbsp;<\/p>\n<div class=\"eat-left eat-right\"><div class=\"thumbs-masonry isotope\"><div class=\"isotope-item block-2 block-h-2\"><a href=\"http:\/\/www.rockpixx.com\/wordpress\/wp-content\/uploads\/2016\/06\/20160617-01-002.jpg\" rel=\"prettyPhoto[postgal_20160]\" class=\"show-hover-link block-h-2\"\"><img decoding=\"async\" src=\"http:\/\/www.rockpixx.com\/wordpress\/wp-content\/uploads\/2016\/06\/20160617-01-002-480x480.jpg\" alt=\"Rea Garvey, 17.06.2016, Kiel, Kieler Woche, H\u00f6rnb\u00fchne\"\/><span class=\"before\"><\/span><span class=\"after\"><\/span><\/a><\/div><div class=\"isotope-item block-1 block-h-1\"><a href=\"http:\/\/www.rockpixx.com\/wordpress\/wp-content\/uploads\/2016\/06\/20160617-01-004.jpg\" rel=\"prettyPhoto[postgal_20160]\" class=\"show-hover-link block-h-1\"\"><img decoding=\"async\" src=\"http:\/\/www.rockpixx.com\/wordpress\/wp-content\/uploads\/2016\/06\/20160617-01-004-480x480.jpg\" alt=\"Rea Garvey, 17.06.2016, Kiel, Kieler Woche, H\u00f6rnb\u00fchne\"\/><span class=\"before\"><\/span><span class=\"after\"><\/span><\/a><\/div><div class=\"isotope-item block-1 block-h-1\"><a href=\"http:\/\/www.rockpixx.com\/wordpress\/wp-content\/uploads\/2016\/06\/20160617-01-005.jpg\" rel=\"prettyPhoto[postgal_20160]\" class=\"show-hover-link block-h-1\"\"><img decoding=\"async\" src=\"http:\/\/www.rockpixx.com\/wordpress\/wp-content\/uploads\/2016\/06\/20160617-01-005-480x480.jpg\" alt=\"Rea Garvey, 17.06.2016, Kiel, Kieler Woche, H\u00f6rnb\u00fchne\"\/><span class=\"before\"><\/span><span class=\"after\"><\/span><\/a><\/div><div class=\"isotope-item block-2 block-h-2\"><a href=\"http:\/\/www.rockpixx.com\/wordpress\/wp-content\/uploads\/2016\/06\/20160617-01-006.jpg\" rel=\"prettyPhoto[postgal_20160]\" class=\"show-hover-link block-h-2\"\"><img decoding=\"async\" src=\"http:\/\/www.rockpixx.com\/wordpress\/wp-content\/uploads\/2016\/06\/20160617-01-006-480x480.jpg\" alt=\"Rea Garvey, 17.06.2016, Kiel, Kieler Woche, H\u00f6rnb\u00fchne\"\/><span class=\"before\"><\/span><span class=\"after\"><\/span><\/a><\/div><div class=\"isotope-item block-1 block-h-1\"><a href=\"http:\/\/www.rockpixx.com\/wordpress\/wp-content\/uploads\/2016\/06\/20160617-01-007.jpg\" rel=\"prettyPhoto[postgal_20160]\" class=\"show-hover-link block-h-1\"\"><img decoding=\"async\" src=\"http:\/\/www.rockpixx.com\/wordpress\/wp-content\/uploads\/2016\/06\/20160617-01-007-480x480.jpg\" alt=\"Rea Garvey, 17.06.2016, Kiel, Kieler Woche, H\u00f6rnb\u00fchne\"\/><span class=\"before\"><\/span><span class=\"after\"><\/span><\/a><\/div><div class=\"isotope-item block-1 block-h-1\"><a href=\"http:\/\/www.rockpixx.com\/wordpress\/wp-content\/uploads\/2016\/06\/20160617-01-010.jpg\" rel=\"prettyPhoto[postgal_20160]\" class=\"show-hover-link block-h-1\"\"><img decoding=\"async\" src=\"http:\/\/www.rockpixx.com\/wordpress\/wp-content\/uploads\/2016\/06\/20160617-01-010-480x480.jpg\" alt=\"Rea Garvey, 17.06.2016, Kiel, Kieler Woche, H\u00f6rnb\u00fchne\"\/><span class=\"before\"><\/span><span class=\"after\"><\/span><\/a><\/div><div class=\"isotope-item block-2 block-h-2\"><a href=\"http:\/\/www.rockpixx.com\/wordpress\/wp-content\/uploads\/2016\/06\/20160617-01-020.jpg\" rel=\"prettyPhoto[postgal_20160]\" class=\"show-hover-link block-h-2\"\"><img decoding=\"async\" src=\"http:\/\/www.rockpixx.com\/wordpress\/wp-content\/uploads\/2016\/06\/20160617-01-020-480x480.jpg\" alt=\"Rea Garvey, 17.06.2016, Kiel, Kieler Woche, H\u00f6rnb\u00fchne\"\/><span class=\"before\"><\/span><span class=\"after\"><\/span><\/a><\/div><div class=\"isotope-item block-1 block-h-1\"><a href=\"http:\/\/www.rockpixx.com\/wordpress\/wp-content\/uploads\/2016\/06\/20160617-01-023.jpg\" rel=\"prettyPhoto[postgal_20160]\" class=\"show-hover-link block-h-1\"\"><img decoding=\"async\" src=\"http:\/\/www.rockpixx.com\/wordpress\/wp-content\/uploads\/2016\/06\/20160617-01-023-480x480.jpg\" alt=\"Rea Garvey, 17.06.2016, Kiel, Kieler Woche, H\u00f6rnb\u00fchne\"\/><span class=\"before\"><\/span><span class=\"after\"><\/span><\/a><\/div><div class=\"isotope-item block-1 block-h-1\"><a href=\"http:\/\/www.rockpixx.com\/wordpress\/wp-content\/uploads\/2016\/06\/20160617-01-024.jpg\" rel=\"prettyPhoto[postgal_20160]\" class=\"show-hover-link block-h-1\"\"><img decoding=\"async\" src=\"http:\/\/www.rockpixx.com\/wordpress\/wp-content\/uploads\/2016\/06\/20160617-01-024-480x480.jpg\" alt=\"Rea Garvey, 17.06.2016, Kiel, Kieler Woche, H\u00f6rnb\u00fchne\"\/><span class=\"before\"><\/span><span class=\"after\"><\/span><\/a><\/div><div class=\"isotope-item block-2 block-h-2\"><a href=\"http:\/\/www.rockpixx.com\/wordpress\/wp-content\/uploads\/2016\/06\/20160617-01-027.jpg\" rel=\"prettyPhoto[postgal_20160]\" class=\"show-hover-link block-h-2\"\"><img decoding=\"async\" src=\"http:\/\/www.rockpixx.com\/wordpress\/wp-content\/uploads\/2016\/06\/20160617-01-027-480x480.jpg\" alt=\"Rea Garvey, 17.06.2016, Kiel, Kieler Woche, H\u00f6rnb\u00fchne\"\/><span class=\"before\"><\/span><span class=\"after\"><\/span><\/a><\/div><div class=\"isotope-item block-1 block-h-1\"><a href=\"http:\/\/www.rockpixx.com\/wordpress\/wp-content\/uploads\/2016\/06\/20160617-01-033.jpg\" rel=\"prettyPhoto[postgal_20160]\" class=\"show-hover-link block-h-1\"\"><img decoding=\"async\" src=\"http:\/\/www.rockpixx.com\/wordpress\/wp-content\/uploads\/2016\/06\/20160617-01-033-480x480.jpg\" alt=\"Rea Garvey, 17.06.2016, Kiel, Kieler Woche, H\u00f6rnb\u00fchne\"\/><span class=\"before\"><\/span><span class=\"after\"><\/span><\/a><\/div><div class=\"isotope-item block-1 block-h-1\"><a href=\"http:\/\/www.rockpixx.com\/wordpress\/wp-content\/uploads\/2016\/06\/20160617-01-041.jpg\" rel=\"prettyPhoto[postgal_20160]\" class=\"show-hover-link block-h-1\"\"><img decoding=\"async\" src=\"http:\/\/www.rockpixx.com\/wordpress\/wp-content\/uploads\/2016\/06\/20160617-01-041-480x480.jpg\" alt=\"Rea Garvey, 17.06.2016, Kiel, Kieler Woche, H\u00f6rnb\u00fchne\"\/><span class=\"before\"><\/span><span class=\"after\"><\/span><\/a><\/div><div class=\"isotope-item block-2 block-h-2\"><a href=\"http:\/\/www.rockpixx.com\/wordpress\/wp-content\/uploads\/2016\/06\/20160617-01-052.jpg\" rel=\"prettyPhoto[postgal_20160]\" class=\"show-hover-link block-h-2\"\"><img decoding=\"async\" src=\"http:\/\/www.rockpixx.com\/wordpress\/wp-content\/uploads\/2016\/06\/20160617-01-052-480x480.jpg\" alt=\"Rea Garvey, 17.06.2016, Kiel, Kieler Woche, H\u00f6rnb\u00fchne\"\/><span class=\"before\"><\/span><span class=\"after\"><\/span><\/a><\/div><div class=\"isotope-item block-1 block-h-1\"><a href=\"http:\/\/www.rockpixx.com\/wordpress\/wp-content\/uploads\/2016\/06\/20160617-01-054.jpg\" rel=\"prettyPhoto[postgal_20160]\" class=\"show-hover-link block-h-1\"\"><img decoding=\"async\" src=\"http:\/\/www.rockpixx.com\/wordpress\/wp-content\/uploads\/2016\/06\/20160617-01-054-480x480.jpg\" alt=\"Rea Garvey, 17.06.2016, Kiel, Kieler Woche, H\u00f6rnb\u00fchne\"\/><span class=\"before\"><\/span><span class=\"after\"><\/span><\/a><\/div><div class=\"isotope-item block-1 block-h-1\"><a href=\"http:\/\/www.rockpixx.com\/wordpress\/wp-content\/uploads\/2016\/06\/20160617-01-055.jpg\" rel=\"prettyPhoto[postgal_20160]\" class=\"show-hover-link block-h-1\"\"><img decoding=\"async\" src=\"http:\/\/www.rockpixx.com\/wordpress\/wp-content\/uploads\/2016\/06\/20160617-01-055-480x480.jpg\" alt=\"Rea Garvey, 17.06.2016, Kiel, Kieler Woche, H\u00f6rnb\u00fchne\"\/><span class=\"before\"><\/span><span class=\"after\"><\/span><\/a><\/div><div class=\"isotope-item block-2 block-h-2\"><a href=\"http:\/\/www.rockpixx.com\/wordpress\/wp-content\/uploads\/2016\/06\/20160617-01-066.jpg\" rel=\"prettyPhoto[postgal_20160]\" class=\"show-hover-link block-h-2\"\"><img decoding=\"async\" src=\"http:\/\/www.rockpixx.com\/wordpress\/wp-content\/uploads\/2016\/06\/20160617-01-066-480x480.jpg\" alt=\"Rea Garvey, 17.06.2016, Kiel, Kieler Woche, H\u00f6rnb\u00fchne\"\/><span class=\"before\"><\/span><span class=\"after\"><\/span><\/a><\/div><div class=\"isotope-item block-1 block-h-1\"><a href=\"http:\/\/www.rockpixx.com\/wordpress\/wp-content\/uploads\/2016\/06\/20160617-01-077.jpg\" rel=\"prettyPhoto[postgal_20160]\" class=\"show-hover-link block-h-1\"\"><img decoding=\"async\" src=\"http:\/\/www.rockpixx.com\/wordpress\/wp-content\/uploads\/2016\/06\/20160617-01-077-480x480.jpg\" alt=\"Rea Garvey, 17.06.2016, Kiel, Kieler Woche, H\u00f6rnb\u00fchne\"\/><span class=\"before\"><\/span><span class=\"after\"><\/span><\/a><\/div><div class=\"isotope-item block-1 block-h-1\"><a href=\"http:\/\/www.rockpixx.com\/wordpress\/wp-content\/uploads\/2016\/06\/20160617-01-083.jpg\" rel=\"prettyPhoto[postgal_20160]\" class=\"show-hover-link block-h-1\"\"><img decoding=\"async\" src=\"http:\/\/www.rockpixx.com\/wordpress\/wp-content\/uploads\/2016\/06\/20160617-01-083-480x480.jpg\" alt=\"Rea Garvey, 17.06.2016, Kiel, Kieler Woche, H\u00f6rnb\u00fchne\"\/><span class=\"before\"><\/span><span class=\"after\"><\/span><\/a><\/div><div class=\"isotope-item block-2 block-h-2\"><a href=\"http:\/\/www.rockpixx.com\/wordpress\/wp-content\/uploads\/2016\/06\/20160617-01-085.jpg\" rel=\"prettyPhoto[postgal_20160]\" class=\"show-hover-link block-h-2\"\"><img decoding=\"async\" src=\"http:\/\/www.rockpixx.com\/wordpress\/wp-content\/uploads\/2016\/06\/20160617-01-085-480x480.jpg\" alt=\"Rea Garvey, 17.06.2016, Kiel, Kieler Woche, H\u00f6rnb\u00fchne\"\/><span class=\"before\"><\/span><span class=\"after\"><\/span><\/a><\/div><div class=\"isotope-item block-1 block-h-1\"><a href=\"http:\/\/www.rockpixx.com\/wordpress\/wp-content\/uploads\/2016\/06\/20160617-01-101.jpg\" rel=\"prettyPhoto[postgal_20160]\" class=\"show-hover-link block-h-1\"\"><img decoding=\"async\" src=\"http:\/\/www.rockpixx.com\/wordpress\/wp-content\/uploads\/2016\/06\/20160617-01-101-480x480.jpg\" alt=\"Rea Garvey, 17.06.2016, Kiel, Kieler Woche, H\u00f6rnb\u00fchne\"\/><span class=\"before\"><\/span><span class=\"after\"><\/span><\/a><\/div><div class=\"isotope-item block-1 block-h-1\"><a href=\"http:\/\/www.rockpixx.com\/wordpress\/wp-content\/uploads\/2016\/06\/20160617-01-104.jpg\" rel=\"prettyPhoto[postgal_20160]\" class=\"show-hover-link block-h-1\"\"><img decoding=\"async\" src=\"http:\/\/www.rockpixx.com\/wordpress\/wp-content\/uploads\/2016\/06\/20160617-01-104-480x480.jpg\" alt=\"Rea Garvey, 17.06.2016, Kiel, Kieler Woche, H\u00f6rnb\u00fchne\"\/><span class=\"before\"><\/span><span class=\"after\"><\/span><\/a><\/div><div class=\"isotope-item block-2 block-h-2\"><a href=\"http:\/\/www.rockpixx.com\/wordpress\/wp-content\/uploads\/2016\/06\/20160617-01-109.jpg\" rel=\"prettyPhoto[postgal_20160]\" class=\"show-hover-link block-h-2\"\"><img decoding=\"async\" src=\"http:\/\/www.rockpixx.com\/wordpress\/wp-content\/uploads\/2016\/06\/20160617-01-109-480x480.jpg\" alt=\"Rea Garvey, 17.06.2016, Kiel, Kieler Woche, H\u00f6rnb\u00fchne\"\/><span class=\"before\"><\/span><span class=\"after\"><\/span><\/a><\/div><div class=\"isotope-item block-1 block-h-1\"><a href=\"http:\/\/www.rockpixx.com\/wordpress\/wp-content\/uploads\/2016\/06\/20160617-01-114.jpg\" rel=\"prettyPhoto[postgal_20160]\" class=\"show-hover-link block-h-1\"\"><img decoding=\"async\" src=\"http:\/\/www.rockpixx.com\/wordpress\/wp-content\/uploads\/2016\/06\/20160617-01-114-480x480.jpg\" alt=\"Rea Garvey, 17.06.2016, Kiel, Kieler Woche, H\u00f6rnb\u00fchne\"\/><span class=\"before\"><\/span><span class=\"after\"><\/span><\/a><\/div><div class=\"isotope-item block-1 block-h-1\"><a href=\"http:\/\/www.rockpixx.com\/wordpress\/wp-content\/uploads\/2016\/06\/20160617-01-119.jpg\" rel=\"prettyPhoto[postgal_20160]\" class=\"show-hover-link block-h-1\"\"><img decoding=\"async\" src=\"http:\/\/www.rockpixx.com\/wordpress\/wp-content\/uploads\/2016\/06\/20160617-01-119-480x480.jpg\" alt=\"Rea Garvey, 17.06.2016, Kiel, Kieler Woche, H\u00f6rnb\u00fchne\"\/><span class=\"before\"><\/span><span class=\"after\"><\/span><\/a><\/div><div class=\"isotope-item block-2 block-h-2\"><a href=\"http:\/\/www.rockpixx.com\/wordpress\/wp-content\/uploads\/2016\/06\/20160617-01-120.jpg\" rel=\"prettyPhoto[postgal_20160]\" class=\"show-hover-link block-h-2\"\"><img decoding=\"async\" src=\"http:\/\/www.rockpixx.com\/wordpress\/wp-content\/uploads\/2016\/06\/20160617-01-120-480x480.jpg\" alt=\"Rea Garvey, 17.06.2016, Kiel, Kieler Woche, H\u00f6rnb\u00fchne\"\/><span class=\"before\"><\/span><span class=\"after\"><\/span><\/a><\/div><div class=\"isotope-item block-1 block-h-1\"><a href=\"http:\/\/www.rockpixx.com\/wordpress\/wp-content\/uploads\/2016\/06\/20160617-01-130.jpg\" rel=\"prettyPhoto[postgal_20160]\" class=\"show-hover-link block-h-1\"\"><img decoding=\"async\" src=\"http:\/\/www.rockpixx.com\/wordpress\/wp-content\/uploads\/2016\/06\/20160617-01-130-480x480.jpg\" alt=\"Rea Garvey, 17.06.2016, Kiel, Kieler Woche, H\u00f6rnb\u00fchne\"\/><span class=\"before\"><\/span><span class=\"after\"><\/span><\/a><\/div><div class=\"isotope-item block-1 block-h-1\"><a href=\"http:\/\/www.rockpixx.com\/wordpress\/wp-content\/uploads\/2016\/06\/20160617-01-131.jpg\" rel=\"prettyPhoto[postgal_20160]\" class=\"show-hover-link block-h-1\"\"><img decoding=\"async\" src=\"http:\/\/www.rockpixx.com\/wordpress\/wp-content\/uploads\/2016\/06\/20160617-01-131-480x480.jpg\" alt=\"Rea Garvey, 17.06.2016, Kiel, Kieler Woche, H\u00f6rnb\u00fchne\"\/><span class=\"before\"><\/span><span class=\"after\"><\/span><\/a><\/div><div class=\"isotope-item block-2 block-h-2\"><a href=\"http:\/\/www.rockpixx.com\/wordpress\/wp-content\/uploads\/2016\/06\/20160617-01-134.jpg\" rel=\"prettyPhoto[postgal_20160]\" class=\"show-hover-link block-h-2\"\"><img decoding=\"async\" src=\"http:\/\/www.rockpixx.com\/wordpress\/wp-content\/uploads\/2016\/06\/20160617-01-134-480x480.jpg\" alt=\"Rea Garvey, 17.06.2016, Kiel, Kieler Woche, H\u00f6rnb\u00fchne\"\/><span class=\"before\"><\/span><span class=\"after\"><\/span><\/a><\/div><div class=\"isotope-item block-1 block-h-1\"><a href=\"http:\/\/www.rockpixx.com\/wordpress\/wp-content\/uploads\/2016\/06\/20160617-01-136.jpg\" rel=\"prettyPhoto[postgal_20160]\" class=\"show-hover-link block-h-1\"\"><img decoding=\"async\" src=\"http:\/\/www.rockpixx.com\/wordpress\/wp-content\/uploads\/2016\/06\/20160617-01-136-480x480.jpg\" alt=\"Rea Garvey, 17.06.2016, Kiel, Kieler Woche, H\u00f6rnb\u00fchne\"\/><span class=\"before\"><\/span><span class=\"after\"><\/span><\/a><\/div><div class=\"isotope-item block-1 block-h-1\"><a href=\"http:\/\/www.rockpixx.com\/wordpress\/wp-content\/uploads\/2016\/06\/20160617-01-140.jpg\" rel=\"prettyPhoto[postgal_20160]\" class=\"show-hover-link block-h-1\"\"><img decoding=\"async\" src=\"http:\/\/www.rockpixx.com\/wordpress\/wp-content\/uploads\/2016\/06\/20160617-01-140-480x480.jpg\" alt=\"Rea Garvey, 17.06.2016, Kiel, Kieler Woche, H\u00f6rnb\u00fchne\"\/><span class=\"before\"><\/span><span class=\"after\"><\/span><\/a><\/div><div class=\"isotope-item block-2 block-h-2\"><a href=\"http:\/\/www.rockpixx.com\/wordpress\/wp-content\/uploads\/2016\/06\/20160617-01-159.jpg\" rel=\"prettyPhoto[postgal_20160]\" class=\"show-hover-link block-h-2\"\"><img decoding=\"async\" src=\"http:\/\/www.rockpixx.com\/wordpress\/wp-content\/uploads\/2016\/06\/20160617-01-159-480x480.jpg\" alt=\"Rea Garvey, 17.06.2016, Kiel, Kieler Woche, H\u00f6rnb\u00fchne\"\/><span class=\"before\"><\/span><span class=\"after\"><\/span><\/a><\/div><div class=\"isotope-item block-1 block-h-1\"><a href=\"http:\/\/www.rockpixx.com\/wordpress\/wp-content\/uploads\/2016\/06\/20160617-01-169.jpg\" rel=\"prettyPhoto[postgal_20160]\" class=\"show-hover-link block-h-1\"\"><img decoding=\"async\" src=\"http:\/\/www.rockpixx.com\/wordpress\/wp-content\/uploads\/2016\/06\/20160617-01-169-480x480.jpg\" alt=\"Rea Garvey, 17.06.2016, Kiel, Kieler Woche, H\u00f6rnb\u00fchne\"\/><span class=\"before\"><\/span><span class=\"after\"><\/span><\/a><\/div><\/div><\/div>\n<p>&nbsp;<\/p>\n","protected":false},"excerpt":{"rendered":"<p>Dieses Jahr starten wir mit Rea Garvey in die Kieler Woche 2015 auf der H\u00f6rn-B\u00fchne <a href=\"http:\/\/www.rockpixx.com\/wordpress\/rea-garvey-17-06-2016-kieler-woche-hoern-buehne-kiel\/\">Read more<\/a><\/p>\n","protected":false},"author":3,"featured_media":20143,"comment_status":"open","ping_status":"open","sticky":false,"template":"","format":"standard","meta":{"_jetpack_memberships_contains_paid_content":false,"footnotes":"","jetpack_publicize_message":"#ReaGarvey #KiWo #KielerWoche #kiwohoern","jetpack_publicize_feature_enabled":true,"jetpack_social_post_already_shared":true,"jetpack_social_options":{"image_generator_settings":{"template":"highway","default_image_id":0,"font":"","enabled":false},"version":2}},"categories":[34,1619],"tags":[2434,133,1645,1735,138,567],"class_list":["post-20126","post","type-post","status-publish","format-standard","has-post-thumbnail","hentry","category-acts","category-rea-garvey","tag-2434","tag-festivals","tag-horn-buhne","tag-kiel","tag-kieler-woche","tag-rea-garvey"],"aioseo_notices":[],"jetpack_publicize_connections":[],"jetpack_featured_media_url":"http:\/\/www.rockpixx.com\/wordpress\/wp-content\/uploads\/2016\/06\/20160617-01-077.jpg","jetpack-related-posts":[{"id":14329,"url":"http:\/\/www.rockpixx.com\/wordpress\/rea-garvey-20-06-2014-kiel-ndr-buehne\/","url_meta":{"origin":20126,"position":0},"title":"Rea Garvey, 20.06.2014, Kiel, NDR B\u00fchne","author":"admin","date":"21. Juni 2014","format":false,"excerpt":"Der erste Eindruck ist \u00fcberw\u00e4ltigend! Da ist etwas Au\u00dferirdisches gelandet am Schwedenkai in Kiel. Nein\u2026 nicht Rea Garvey! Die Rede ist von der B\u00fchne, genauer gesagt, dem Dach vor der B\u00fchne, welches der NDR dort hingestellt hat. Auf einem riesigen Areal vor der bekannten gro\u00dfen B\u00fchne sind Catwalk, Graben und\u2026","rel":"","context":"In &quot;Acts&quot;","block_context":{"text":"Acts","link":"http:\/\/www.rockpixx.com\/wordpress\/category\/acts\/"},"img":{"alt_text":"Rea Garvey, 20.06.2014, Kiel, NDR B\u00fchne","src":"https:\/\/i0.wp.com\/www.rockpixx.com\/wordpress\/wp-content\/uploads\/2014\/06\/20140620-03-035_rea-garvey_Artikel.jpg?resize=350%2C200","width":350,"height":200,"srcset":"https:\/\/i0.wp.com\/www.rockpixx.com\/wordpress\/wp-content\/uploads\/2014\/06\/20140620-03-035_rea-garvey_Artikel.jpg?resize=350%2C200 1x, https:\/\/i0.wp.com\/www.rockpixx.com\/wordpress\/wp-content\/uploads\/2014\/06\/20140620-03-035_rea-garvey_Artikel.jpg?resize=525%2C300 1.5x, https:\/\/i0.wp.com\/www.rockpixx.com\/wordpress\/wp-content\/uploads\/2014\/06\/20140620-03-035_rea-garvey_Artikel.jpg?resize=700%2C400 2x"},"classes":[]},{"id":7914,"url":"http:\/\/www.rockpixx.com\/wordpress\/rea-garvey-22-06-2011-kiel-unser-norden-buhne\/","url_meta":{"origin":20126,"position":1},"title":"Rea Garvey, 22.06.2011, Kiel, Unser Norden-B\u00fchne","author":"Anja","date":"22. Juni 2011","format":false,"excerpt":"Der Abend k\u00fcndigt sich irgendwie schon als nicht so prickelnd an: Erst bekommen wir keinen Parkplatz an der MAXB\u00fchne, m\u00fcssen also umdisponieren und an der Unser Norden-B\u00fchne einen Fahrerwechsel einplanen, dann kommt es feucht von oben herunter und die erste Ansage im Graben bei Rea Garvey lautet dann: \u201eNur die\u2026","rel":"","context":"In &quot;Acts&quot;","block_context":{"text":"Acts","link":"http:\/\/www.rockpixx.com\/wordpress\/category\/acts\/"},"img":{"alt_text":"Rea Garvey, 22.06.2011, Kiel, Unser Norden-B\u00fchne","src":"https:\/\/i0.wp.com\/www.rockpixx.com\/wordpress\/wp-content\/uploads\/2013\/02\/20110622-01-rea-garvey-Artikel.jpg?resize=350%2C200","width":350,"height":200,"srcset":"https:\/\/i0.wp.com\/www.rockpixx.com\/wordpress\/wp-content\/uploads\/2013\/02\/20110622-01-rea-garvey-Artikel.jpg?resize=350%2C200 1x, https:\/\/i0.wp.com\/www.rockpixx.com\/wordpress\/wp-content\/uploads\/2013\/02\/20110622-01-rea-garvey-Artikel.jpg?resize=525%2C300 1.5x, https:\/\/i0.wp.com\/www.rockpixx.com\/wordpress\/wp-content\/uploads\/2013\/02\/20110622-01-rea-garvey-Artikel.jpg?resize=700%2C400 2x"},"classes":[]},{"id":11250,"url":"http:\/\/www.rockpixx.com\/wordpress\/reamade-28-06-2013-kiel-maxbuhne\/","url_meta":{"origin":20126,"position":2},"title":"Reamade, 28.06.2013, Kiel, MAXB\u00fchne","author":"Anja","date":"29. Juni 2013","format":false,"excerpt":"Eine in mehrerlei Hinsicht interessante Band erwartet uns zu Beginn an der MAXB\u00fchne: \u201eReamade\u201c. Wie der Name schon vermuten l\u00e4sst, ist es eine Tributeband, die sich der Musik von \u2192\u00a0\u201eReamonn\u201c und \u2192\u00a0Rea Garvey verschrieben hat, beides\u00a0 Acts, die wir auch schon im Original vor unseren Kameras hatten und somit gut\u2026","rel":"","context":"In &quot;Acts&quot;","block_context":{"text":"Acts","link":"http:\/\/www.rockpixx.com\/wordpress\/category\/acts\/"},"img":{"alt_text":"","src":"https:\/\/i0.wp.com\/www.rockpixx.com\/wordpress\/wp-content\/uploads\/2013\/06\/20130628-01-002_reamade-Artikel.jpg?resize=350%2C200","width":350,"height":200,"srcset":"https:\/\/i0.wp.com\/www.rockpixx.com\/wordpress\/wp-content\/uploads\/2013\/06\/20130628-01-002_reamade-Artikel.jpg?resize=350%2C200 1x, https:\/\/i0.wp.com\/www.rockpixx.com\/wordpress\/wp-content\/uploads\/2013\/06\/20130628-01-002_reamade-Artikel.jpg?resize=525%2C300 1.5x, https:\/\/i0.wp.com\/www.rockpixx.com\/wordpress\/wp-content\/uploads\/2013\/06\/20130628-01-002_reamade-Artikel.jpg?resize=700%2C400 2x"},"classes":[]},{"id":11272,"url":"http:\/\/www.rockpixx.com\/wordpress\/coverline-28-06-2013-kiel-maxbuhne\/","url_meta":{"origin":20126,"position":3},"title":"CoverLine, 28.06.2013, Kiel, MAXB\u00fchne","author":"Anja","date":"29. Juni 2013","format":false,"excerpt":"Zum Abschluss des Abends dann noch \u201eCoverLine\u201c an der MAXB\u00fchne. Dieses Jahr feiert die Band ihr zehnj\u00e4hriges Bestehen und l\u00e4sst es daf\u00fcr auf der B\u00fchne ordentlich krachen: Jede Menge Gastmusiker geben sich die Ehre und gratulieren Andr\u00e9 und seinen Mitstreitern auf ihre pers\u00f6nliche Weise. Auch MayaMo\u00a0ist dabei und singt zwei\u2026","rel":"","context":"In &quot;Acts&quot;","block_context":{"text":"Acts","link":"http:\/\/www.rockpixx.com\/wordpress\/category\/acts\/"},"img":{"alt_text":"","src":"https:\/\/i0.wp.com\/www.rockpixx.com\/wordpress\/wp-content\/uploads\/2013\/06\/20130628-05-064_coverline-Artikel.jpg?resize=350%2C200","width":350,"height":200,"srcset":"https:\/\/i0.wp.com\/www.rockpixx.com\/wordpress\/wp-content\/uploads\/2013\/06\/20130628-05-064_coverline-Artikel.jpg?resize=350%2C200 1x, https:\/\/i0.wp.com\/www.rockpixx.com\/wordpress\/wp-content\/uploads\/2013\/06\/20130628-05-064_coverline-Artikel.jpg?resize=525%2C300 1.5x, https:\/\/i0.wp.com\/www.rockpixx.com\/wordpress\/wp-content\/uploads\/2013\/06\/20130628-05-064_coverline-Artikel.jpg?resize=700%2C400 2x"},"classes":[]},{"id":14358,"url":"http:\/\/www.rockpixx.com\/wordpress\/markus-20-06-2014-kiel-kieler-woche-musikzelt\/","url_meta":{"origin":20126,"position":4},"title":"Markus, 20.06.2014, Kiel, Kieler Woche Musikzelt","author":"admin","date":"21. Juni 2014","format":false,"excerpt":"Und noch ein alter Bekannter, eine Stunde sp\u00e4ter als \u2192 Rea Garvey und eine B\u00fchne weiter: Markus versichert dem Publikum, dass sein Ferrari immer noch 210 f\u00e4hrt. Das Kieler Woche Musikzelt ist ja musikalisch eher f\u00fcr die Spa\u00df- und Partymusik zust\u00e4ndig \u2013 so ist es nur folgerichtig, dass zum Auftakt\u2026","rel":"","context":"In &quot;Acts&quot;","block_context":{"text":"Acts","link":"http:\/\/www.rockpixx.com\/wordpress\/category\/acts\/"},"img":{"alt_text":"Markus, 20.06.2014, Kiel, Kieler Woche Musikzelt","src":"https:\/\/i0.wp.com\/www.rockpixx.com\/wordpress\/wp-content\/uploads\/2014\/06\/20140620-04-092_markus_Artikel.jpg?resize=350%2C200","width":350,"height":200,"srcset":"https:\/\/i0.wp.com\/www.rockpixx.com\/wordpress\/wp-content\/uploads\/2014\/06\/20140620-04-092_markus_Artikel.jpg?resize=350%2C200 1x, https:\/\/i0.wp.com\/www.rockpixx.com\/wordpress\/wp-content\/uploads\/2014\/06\/20140620-04-092_markus_Artikel.jpg?resize=525%2C300 1.5x, https:\/\/i0.wp.com\/www.rockpixx.com\/wordpress\/wp-content\/uploads\/2014\/06\/20140620-04-092_markus_Artikel.jpg?resize=700%2C400 2x"},"classes":[]},{"id":18637,"url":"http:\/\/www.rockpixx.com\/wordpress\/anastacia-24-06-2015-kieler-woche-hoern-buehne-kiel\/","url_meta":{"origin":20126,"position":5},"title":"Anastacia, 24.06.2015, Kieler Woche, H\u00f6rn-B\u00fchne, Kiel","author":"Anja","date":"25. Juni 2015","format":false,"excerpt":"Schon im letzten Jahr sollte Anastacia auf der H\u00f6rn-B\u00fchne zur Kieler Woche auftreten. Doch leider musste Sie krankheitsbedingt absagen. Ihren Fans versprach sie aber, dass sie im darauf folgenden Jahr auf der Kieler Woche auftreten wird. Dieses Versprechen hat sie gehalten und so stehen wir hier vor der H\u00f6rn-B\u00fchne und\u2026","rel":"","context":"In &quot;Acts&quot;","block_context":{"text":"Acts","link":"http:\/\/www.rockpixx.com\/wordpress\/category\/acts\/"},"img":{"alt_text":"Anastacia, H\u00f6rn-B\u00fchne, Kiel, 24.06.2015","src":"https:\/\/i0.wp.com\/www.rockpixx.com\/wordpress\/wp-content\/uploads\/2015\/06\/20150624-01-110_anastacia_Artikel.jpg?resize=350%2C200","width":350,"height":200,"srcset":"https:\/\/i0.wp.com\/www.rockpixx.com\/wordpress\/wp-content\/uploads\/2015\/06\/20150624-01-110_anastacia_Artikel.jpg?resize=350%2C200 1x, https:\/\/i0.wp.com\/www.rockpixx.com\/wordpress\/wp-content\/uploads\/2015\/06\/20150624-01-110_anastacia_Artikel.jpg?resize=525%2C300 1.5x, https:\/\/i0.wp.com\/www.rockpixx.com\/wordpress\/wp-content\/uploads\/2015\/06\/20150624-01-110_anastacia_Artikel.jpg?resize=700%2C400 2x"},"classes":[]}],"jetpack_sharing_enabled":true,"publishpress_future_action":{"enabled":false,"date":"2026-05-06 10:01:56","action":"change-status","newStatus":"draft","terms":[],"taxonomy":"category","extraData":[]},"publishpress_future_workflow_manual_trigger":{"enabledWorkflows":[]},"_links":{"self":[{"href":"http:\/\/www.rockpixx.com\/wordpress\/wp-json\/wp\/v2\/posts\/20126","targetHints":{"allow":["GET"]}}],"collection":[{"href":"http:\/\/www.rockpixx.com\/wordpress\/wp-json\/wp\/v2\/posts"}],"about":[{"href":"http:\/\/www.rockpixx.com\/wordpress\/wp-json\/wp\/v2\/types\/post"}],"author":[{"embeddable":true,"href":"http:\/\/www.rockpixx.com\/wordpress\/wp-json\/wp\/v2\/users\/3"}],"replies":[{"embeddable":true,"href":"http:\/\/www.rockpixx.com\/wordpress\/wp-json\/wp\/v2\/comments?post=20126"}],"version-history":[{"count":0,"href":"http:\/\/www.rockpixx.com\/wordpress\/wp-json\/wp\/v2\/posts\/20126\/revisions"}],"wp:featuredmedia":[{"embeddable":true,"href":"http:\/\/www.rockpixx.com\/wordpress\/wp-json\/wp\/v2\/media\/20143"}],"wp:attachment":[{"href":"http:\/\/www.rockpixx.com\/wordpress\/wp-json\/wp\/v2\/media?parent=20126"}],"wp:term":[{"taxonomy":"category","embeddable":true,"href":"http:\/\/www.rockpixx.com\/wordpress\/wp-json\/wp\/v2\/categories?post=20126"},{"taxonomy":"post_tag","embeddable":true,"href":"http:\/\/www.rockpixx.com\/wordpress\/wp-json\/wp\/v2\/tags?post=20126"}],"curies":[{"name":"wp","href":"https:\/\/api.w.org\/{rel}","templated":true}]}}