{"id":20187,"date":"2016-06-18T14:11:46","date_gmt":"2016-06-18T13:11:46","guid":{"rendered":"http:\/\/rockpixx.com\/wordpress\/?p=20187"},"modified":"2016-06-18T14:11:46","modified_gmt":"2016-06-18T13:11:46","slug":"torfrock-17-06-2016-kieler-woche-musikzelt-kiel","status":"publish","type":"post","link":"http:\/\/www.rockpixx.com\/wordpress\/torfrock-17-06-2016-kieler-woche-musikzelt-kiel\/","title":{"rendered":"Torfrock, 17.06.2016, Kieler Woche Musikzelt, Kiel"},"content":{"rendered":"<p>\u201eHeyhey Joe \u2013 das geht aber nich\u2018 so.\u201c \u2013 und ob das ging, gestern Abend im Musikzelt. Aber so was von midde Band aus Torfmoorholm in den \u201eRock\u2019n\u2019Roll-B\u00fcxen\u201c.<!--more--><\/p>\n<p>\u201eTorfrock\u201c zum wiederholten Male vor meinen Kameras und es stellen sich immer noch Gl\u00fccksgef\u00fchle ein, wenn ich diese Band h\u00f6re und sehen kann. Seit 1978 verfolge ich jetzt ihren Werdegang und bei den Live-Auftritten der letzten Jahre beschlich mich so langsam das Gef\u00fchl, dass die Band ein (zugegeben gutes) Standardprogramm mehr oder minder routiniert abspult, wo man schon zu Beginn genau wei\u00df, wann welche Ansage kommt und welcher Song wann gespielt wird. Nicht schlecht, aber auf Dauer auch nicht mehr euphorisierend.<\/p>\n<p>Ganz anders gestern Abend im prall gef\u00fcllten Musikzelt an der Kiellinie: Die Band entert die B\u00fchne und spielt ganz alte \u201eKlassiker\u201c wie das eingangs schon zitierte \u201eHey Joe\u201c, sowie \u201eMidde Band\u201c oder auch \u201eSommertied Blues\u201c. Nat\u00fcrlich d\u00fcrfen auch Klassiker aus den Werner Filmen nicht fehlen oder aber auch der schon vor dem zweiten Song vom Publikum geforderte \u201eTrunkenbold\u201c.<\/p>\n<p>Fazit: \u201eTorfrock\u201c hat gut daran getan, sich wieder auf die eigenen Urspr\u00fcnge zu besinnen, sie sind mit fast 40 Jahren Bandgeschichte n\u00e4mlich mehr als nur eine Spa\u00dfband f\u00fcr \u201eBagaluten\u201c.<\/p>\n<p style=\"text-align: right;\">Fotos: <a href=\"mailto:info@rockpixx.com?subject=Torfrock,%2017.06.2016,%20Kieler%20Woche%20Musikzelt,%20Kiel\">Alex<\/a>| Text: <a href=\"mailto:info@rockpixx.com?subject=Torfrock,%2017.06.2016,%20Kieler%20Woche%20Musikzelt,%20Kiel\">Alex<\/a><\/p>\n<p>&nbsp;<\/p>\n<div class=\"eat-left eat-right\"><div class=\"thumbs-masonry isotope\"><div class=\"isotope-item block-2 block-h-2\"><a href=\"http:\/\/www.rockpixx.com\/wordpress\/wp-content\/uploads\/2016\/06\/20160617-02-011.jpg\" rel=\"prettyPhoto[postgal_20164]\" class=\"show-hover-link block-h-2\"\"><img decoding=\"async\" src=\"http:\/\/www.rockpixx.com\/wordpress\/wp-content\/uploads\/2016\/06\/20160617-02-011-480x480.jpg\" alt=\"Torfrock, 17.06.2016, Kiel, Kieler Woche, Musikzelt\"\/><span class=\"before\"><\/span><span class=\"after\"><\/span><\/a><\/div><div class=\"isotope-item block-1 block-h-1\"><a href=\"http:\/\/www.rockpixx.com\/wordpress\/wp-content\/uploads\/2016\/06\/20160617-02-014.jpg\" rel=\"prettyPhoto[postgal_20164]\" class=\"show-hover-link block-h-1\"\"><img decoding=\"async\" src=\"http:\/\/www.rockpixx.com\/wordpress\/wp-content\/uploads\/2016\/06\/20160617-02-014-480x480.jpg\" alt=\"Torfrock, 17.06.2016, Kiel, Kieler Woche, Musikzelt\"\/><span class=\"before\"><\/span><span class=\"after\"><\/span><\/a><\/div><div class=\"isotope-item block-1 block-h-1\"><a href=\"http:\/\/www.rockpixx.com\/wordpress\/wp-content\/uploads\/2016\/06\/20160617-02-019.jpg\" rel=\"prettyPhoto[postgal_20164]\" class=\"show-hover-link block-h-1\"\"><img decoding=\"async\" src=\"http:\/\/www.rockpixx.com\/wordpress\/wp-content\/uploads\/2016\/06\/20160617-02-019-480x480.jpg\" alt=\"Torfrock, 17.06.2016, Kiel, Kieler Woche, Musikzelt\"\/><span class=\"before\"><\/span><span class=\"after\"><\/span><\/a><\/div><div class=\"isotope-item block-2 block-h-2\"><a href=\"http:\/\/www.rockpixx.com\/wordpress\/wp-content\/uploads\/2016\/06\/20160617-02-021.jpg\" rel=\"prettyPhoto[postgal_20164]\" class=\"show-hover-link block-h-2\"\"><img decoding=\"async\" src=\"http:\/\/www.rockpixx.com\/wordpress\/wp-content\/uploads\/2016\/06\/20160617-02-021-480x480.jpg\" alt=\"Torfrock, 17.06.2016, Kiel, Kieler Woche, Musikzelt\"\/><span class=\"before\"><\/span><span class=\"after\"><\/span><\/a><\/div><div class=\"isotope-item block-1 block-h-1\"><a href=\"http:\/\/www.rockpixx.com\/wordpress\/wp-content\/uploads\/2016\/06\/20160617-02-024.jpg\" rel=\"prettyPhoto[postgal_20164]\" class=\"show-hover-link block-h-1\"\"><img decoding=\"async\" src=\"http:\/\/www.rockpixx.com\/wordpress\/wp-content\/uploads\/2016\/06\/20160617-02-024-480x480.jpg\" alt=\"Torfrock, 17.06.2016, Kiel, Kieler Woche, Musikzelt\"\/><span class=\"before\"><\/span><span class=\"after\"><\/span><\/a><\/div><div class=\"isotope-item block-1 block-h-1\"><a href=\"http:\/\/www.rockpixx.com\/wordpress\/wp-content\/uploads\/2016\/06\/20160617-02-025.jpg\" rel=\"prettyPhoto[postgal_20164]\" class=\"show-hover-link block-h-1\"\"><img decoding=\"async\" src=\"http:\/\/www.rockpixx.com\/wordpress\/wp-content\/uploads\/2016\/06\/20160617-02-025-480x480.jpg\" alt=\"Torfrock, 17.06.2016, Kiel, Kieler Woche, Musikzelt\"\/><span class=\"before\"><\/span><span class=\"after\"><\/span><\/a><\/div><div class=\"isotope-item block-2 block-h-2\"><a href=\"http:\/\/www.rockpixx.com\/wordpress\/wp-content\/uploads\/2016\/06\/20160617-02-037.jpg\" rel=\"prettyPhoto[postgal_20164]\" class=\"show-hover-link block-h-2\"\"><img decoding=\"async\" src=\"http:\/\/www.rockpixx.com\/wordpress\/wp-content\/uploads\/2016\/06\/20160617-02-037-480x480.jpg\" alt=\"Torfrock, 17.06.2016, Kiel, Kieler Woche, Musikzelt\"\/><span class=\"before\"><\/span><span class=\"after\"><\/span><\/a><\/div><div class=\"isotope-item block-1 block-h-1\"><a href=\"http:\/\/www.rockpixx.com\/wordpress\/wp-content\/uploads\/2016\/06\/20160617-02-041.jpg\" rel=\"prettyPhoto[postgal_20164]\" class=\"show-hover-link block-h-1\"\"><img decoding=\"async\" src=\"http:\/\/www.rockpixx.com\/wordpress\/wp-content\/uploads\/2016\/06\/20160617-02-041-480x480.jpg\" alt=\"Torfrock, 17.06.2016, Kiel, Kieler Woche, Musikzelt\"\/><span class=\"before\"><\/span><span class=\"after\"><\/span><\/a><\/div><div class=\"isotope-item block-1 block-h-1\"><a href=\"http:\/\/www.rockpixx.com\/wordpress\/wp-content\/uploads\/2016\/06\/20160617-02-044.jpg\" rel=\"prettyPhoto[postgal_20164]\" class=\"show-hover-link block-h-1\"\"><img decoding=\"async\" src=\"http:\/\/www.rockpixx.com\/wordpress\/wp-content\/uploads\/2016\/06\/20160617-02-044-480x480.jpg\" alt=\"Torfrock, 17.06.2016, Kiel, Kieler Woche, Musikzelt\"\/><span class=\"before\"><\/span><span class=\"after\"><\/span><\/a><\/div><div class=\"isotope-item block-2 block-h-2\"><a href=\"http:\/\/www.rockpixx.com\/wordpress\/wp-content\/uploads\/2016\/06\/20160617-02-046.jpg\" rel=\"prettyPhoto[postgal_20164]\" class=\"show-hover-link block-h-2\"\"><img decoding=\"async\" src=\"http:\/\/www.rockpixx.com\/wordpress\/wp-content\/uploads\/2016\/06\/20160617-02-046-480x480.jpg\" alt=\"Torfrock, 17.06.2016, Kiel, Kieler Woche, Musikzelt\"\/><span class=\"before\"><\/span><span class=\"after\"><\/span><\/a><\/div><div class=\"isotope-item block-1 block-h-1\"><a href=\"http:\/\/www.rockpixx.com\/wordpress\/wp-content\/uploads\/2016\/06\/20160617-02-047.jpg\" rel=\"prettyPhoto[postgal_20164]\" class=\"show-hover-link block-h-1\"\"><img decoding=\"async\" src=\"http:\/\/www.rockpixx.com\/wordpress\/wp-content\/uploads\/2016\/06\/20160617-02-047-480x480.jpg\" alt=\"Torfrock, 17.06.2016, Kiel, Kieler Woche, Musikzelt\"\/><span class=\"before\"><\/span><span class=\"after\"><\/span><\/a><\/div><div class=\"isotope-item block-1 block-h-1\"><a href=\"http:\/\/www.rockpixx.com\/wordpress\/wp-content\/uploads\/2016\/06\/20160617-02-055.jpg\" rel=\"prettyPhoto[postgal_20164]\" class=\"show-hover-link block-h-1\"\"><img decoding=\"async\" src=\"http:\/\/www.rockpixx.com\/wordpress\/wp-content\/uploads\/2016\/06\/20160617-02-055-480x480.jpg\" alt=\"Torfrock, 17.06.2016, Kiel, Kieler Woche, Musikzelt\"\/><span class=\"before\"><\/span><span class=\"after\"><\/span><\/a><\/div><div class=\"isotope-item block-2 block-h-2\"><a href=\"http:\/\/www.rockpixx.com\/wordpress\/wp-content\/uploads\/2016\/06\/20160617-02-061.jpg\" rel=\"prettyPhoto[postgal_20164]\" class=\"show-hover-link block-h-2\"\"><img decoding=\"async\" src=\"http:\/\/www.rockpixx.com\/wordpress\/wp-content\/uploads\/2016\/06\/20160617-02-061-480x480.jpg\" alt=\"Torfrock, 17.06.2016, Kiel, Kieler Woche, Musikzelt\"\/><span class=\"before\"><\/span><span class=\"after\"><\/span><\/a><\/div><div class=\"isotope-item block-1 block-h-1\"><a href=\"http:\/\/www.rockpixx.com\/wordpress\/wp-content\/uploads\/2016\/06\/20160617-02-075.jpg\" rel=\"prettyPhoto[postgal_20164]\" class=\"show-hover-link block-h-1\"\"><img decoding=\"async\" src=\"http:\/\/www.rockpixx.com\/wordpress\/wp-content\/uploads\/2016\/06\/20160617-02-075-480x480.jpg\" alt=\"Torfrock, 17.06.2016, Kiel, Kieler Woche, Musikzelt\"\/><span class=\"before\"><\/span><span class=\"after\"><\/span><\/a><\/div><div class=\"isotope-item block-1 block-h-1\"><a href=\"http:\/\/www.rockpixx.com\/wordpress\/wp-content\/uploads\/2016\/06\/20160617-02-079.jpg\" rel=\"prettyPhoto[postgal_20164]\" class=\"show-hover-link block-h-1\"\"><img decoding=\"async\" src=\"http:\/\/www.rockpixx.com\/wordpress\/wp-content\/uploads\/2016\/06\/20160617-02-079-480x480.jpg\" alt=\"Torfrock, 17.06.2016, Kiel, Kieler Woche, Musikzelt\"\/><span class=\"before\"><\/span><span class=\"after\"><\/span><\/a><\/div><div class=\"isotope-item block-2 block-h-2\"><a href=\"http:\/\/www.rockpixx.com\/wordpress\/wp-content\/uploads\/2016\/06\/20160617-02-081.jpg\" rel=\"prettyPhoto[postgal_20164]\" class=\"show-hover-link block-h-2\"\"><img decoding=\"async\" src=\"http:\/\/www.rockpixx.com\/wordpress\/wp-content\/uploads\/2016\/06\/20160617-02-081-480x480.jpg\" alt=\"Torfrock, 17.06.2016, Kiel, Kieler Woche, Musikzelt\"\/><span class=\"before\"><\/span><span class=\"after\"><\/span><\/a><\/div><div class=\"isotope-item block-1 block-h-1\"><a href=\"http:\/\/www.rockpixx.com\/wordpress\/wp-content\/uploads\/2016\/06\/20160617-02-085.jpg\" rel=\"prettyPhoto[postgal_20164]\" class=\"show-hover-link block-h-1\"\"><img decoding=\"async\" src=\"http:\/\/www.rockpixx.com\/wordpress\/wp-content\/uploads\/2016\/06\/20160617-02-085-480x480.jpg\" alt=\"Torfrock, 17.06.2016, Kiel, Kieler Woche, Musikzelt\"\/><span class=\"before\"><\/span><span class=\"after\"><\/span><\/a><\/div><div class=\"isotope-item block-1 block-h-1\"><a href=\"http:\/\/www.rockpixx.com\/wordpress\/wp-content\/uploads\/2016\/06\/20160617-02-094.jpg\" rel=\"prettyPhoto[postgal_20164]\" class=\"show-hover-link block-h-1\"\"><img decoding=\"async\" src=\"http:\/\/www.rockpixx.com\/wordpress\/wp-content\/uploads\/2016\/06\/20160617-02-094-480x480.jpg\" alt=\"Torfrock, 17.06.2016, Kiel, Kieler Woche, Musikzelt\"\/><span class=\"before\"><\/span><span class=\"after\"><\/span><\/a><\/div><div class=\"isotope-item block-2 block-h-2\"><a href=\"http:\/\/www.rockpixx.com\/wordpress\/wp-content\/uploads\/2016\/06\/20160617-02-109.jpg\" rel=\"prettyPhoto[postgal_20164]\" class=\"show-hover-link block-h-2\"\"><img decoding=\"async\" src=\"http:\/\/www.rockpixx.com\/wordpress\/wp-content\/uploads\/2016\/06\/20160617-02-109-480x480.jpg\" alt=\"Torfrock, 17.06.2016, Kiel, Kieler Woche, Musikzelt\"\/><span class=\"before\"><\/span><span class=\"after\"><\/span><\/a><\/div><div class=\"isotope-item block-1 block-h-1\"><a href=\"http:\/\/www.rockpixx.com\/wordpress\/wp-content\/uploads\/2016\/06\/20160617-02-110.jpg\" rel=\"prettyPhoto[postgal_20164]\" class=\"show-hover-link block-h-1\"\"><img decoding=\"async\" src=\"http:\/\/www.rockpixx.com\/wordpress\/wp-content\/uploads\/2016\/06\/20160617-02-110-480x480.jpg\" alt=\"Torfrock, 17.06.2016, Kiel, Kieler Woche, Musikzelt\"\/><span class=\"before\"><\/span><span class=\"after\"><\/span><\/a><\/div><div class=\"isotope-item block-1 block-h-1\"><a href=\"http:\/\/www.rockpixx.com\/wordpress\/wp-content\/uploads\/2016\/06\/20160617-02-118.jpg\" rel=\"prettyPhoto[postgal_20164]\" class=\"show-hover-link block-h-1\"\"><img decoding=\"async\" src=\"http:\/\/www.rockpixx.com\/wordpress\/wp-content\/uploads\/2016\/06\/20160617-02-118-480x480.jpg\" alt=\"Torfrock, 17.06.2016, Kiel, Kieler Woche, Musikzelt\"\/><span class=\"before\"><\/span><span class=\"after\"><\/span><\/a><\/div><div class=\"isotope-item block-2 block-h-2\"><a href=\"http:\/\/www.rockpixx.com\/wordpress\/wp-content\/uploads\/2016\/06\/20160617-02-120.jpg\" rel=\"prettyPhoto[postgal_20164]\" class=\"show-hover-link block-h-2\"\"><img decoding=\"async\" src=\"http:\/\/www.rockpixx.com\/wordpress\/wp-content\/uploads\/2016\/06\/20160617-02-120-480x480.jpg\" alt=\"Torfrock, 17.06.2016, Kiel, Kieler Woche, Musikzelt\"\/><span class=\"before\"><\/span><span class=\"after\"><\/span><\/a><\/div><\/div><\/div>\n","protected":false},"excerpt":{"rendered":"<p>\u201eHeyhey Joe \u2013 das geht aber nich\u2018 so.\u201c \u2013 und ob das ging, gestern Abend <a href=\"http:\/\/www.rockpixx.com\/wordpress\/torfrock-17-06-2016-kieler-woche-musikzelt-kiel\/\">Read more<\/a><\/p>\n","protected":false},"author":3,"featured_media":20184,"comment_status":"open","ping_status":"open","sticky":false,"template":"","format":"standard","meta":{"_jetpack_memberships_contains_paid_content":false,"footnotes":"","jetpack_publicize_message":"#Torfrock #KiWo #KielerWoche #Musikzelt","jetpack_publicize_feature_enabled":true,"jetpack_social_post_already_shared":true,"jetpack_social_options":{"image_generator_settings":{"template":"highway","default_image_id":0,"font":"","enabled":false},"version":2}},"categories":[34,434],"tags":[2434,133,1735,138,766,1818],"class_list":["post-20187","post","type-post","status-publish","format-standard","has-post-thumbnail","hentry","category-acts","category-torfrock","tag-2434","tag-festivals","tag-kiel","tag-kieler-woche","tag-kieler-woche-musikzelt","tag-torfrock"],"aioseo_notices":[],"jetpack_publicize_connections":[],"jetpack_featured_media_url":"http:\/\/www.rockpixx.com\/wordpress\/wp-content\/uploads\/2016\/06\/20160617-02-110.jpg","jetpack-related-posts":[{"id":4939,"url":"http:\/\/www.rockpixx.com\/wordpress\/torfrock-21-06-2009-kiel-kieler-woche-musikzelt\/","url_meta":{"origin":20187,"position":0},"title":"Torfrock, 21.06.2009, Kiel, Kieler Woche Musikzelt","author":"Anja","date":"21. Juni 2009","format":false,"excerpt":"\u2026 eine Band, die seit den \u201eWerner Beinhart-Zeiten\u201c auch \u00fcber die Grenzen ihrer n\u00f6rdlichen Heimat bekannt geworden ist. Das Musikzelt auf der Kieler Woche war gerammelt voll und die gleiche Menge an Zuschauern stand noch vor den Absperrungen und w\u00e4re gerne im Zelt dabei gewesen. Bei einem Blick in die\u2026","rel":"","context":"In &quot;Acts&quot;","block_context":{"text":"Acts","link":"http:\/\/www.rockpixx.com\/wordpress\/category\/acts\/"},"img":{"alt_text":"Torfrock, 21.06.2009, Kiel, Kieler Woche Musikzelt","src":"https:\/\/i0.wp.com\/www.rockpixx.com\/wordpress\/wp-content\/uploads\/2012\/06\/20090621-05-torfrock-Artikel.jpg?resize=350%2C200","width":350,"height":200,"srcset":"https:\/\/i0.wp.com\/www.rockpixx.com\/wordpress\/wp-content\/uploads\/2012\/06\/20090621-05-torfrock-Artikel.jpg?resize=350%2C200 1x, https:\/\/i0.wp.com\/www.rockpixx.com\/wordpress\/wp-content\/uploads\/2012\/06\/20090621-05-torfrock-Artikel.jpg?resize=525%2C300 1.5x, https:\/\/i0.wp.com\/www.rockpixx.com\/wordpress\/wp-content\/uploads\/2012\/06\/20090621-05-torfrock-Artikel.jpg?resize=700%2C400 2x"},"classes":[]},{"id":6765,"url":"http:\/\/www.rockpixx.com\/wordpress\/torfrock-22-06-2010-kiel-kieler-woche-musikzelt\/","url_meta":{"origin":20187,"position":1},"title":"Torfrock, 22.06.2010, Kiel, Kieler Woche Musikzelt","author":"Anja","date":"22. Juni 2010","format":false,"excerpt":"\u00dcber \u201eTorfrock\u201c noch viel schreiben zu wollen, hie\u00dfe Krabben nach Torfmoorholm tragen zu wollen, also lasse ich es. Erw\u00e4hnen m\u00f6chte ich nur noch, dass ich bereits seit 1979 schwer begeistert bin von den Jungs um Raymond und Klaus. Ansonsten das gewohnte Bild bei einem Torfrock-Konzert, auch im Kieler Woche Musikzelt:\u2026","rel":"","context":"In &quot;Acts&quot;","block_context":{"text":"Acts","link":"http:\/\/www.rockpixx.com\/wordpress\/category\/acts\/"},"img":{"alt_text":"Torfrock, 22.06.2010, Kiel, Kieler Woche Musikzelt","src":"https:\/\/i0.wp.com\/www.rockpixx.com\/wordpress\/wp-content\/uploads\/2013\/01\/20100622-06-torfrock-Artikel.jpg?resize=350%2C200","width":350,"height":200,"srcset":"https:\/\/i0.wp.com\/www.rockpixx.com\/wordpress\/wp-content\/uploads\/2013\/01\/20100622-06-torfrock-Artikel.jpg?resize=350%2C200 1x, https:\/\/i0.wp.com\/www.rockpixx.com\/wordpress\/wp-content\/uploads\/2013\/01\/20100622-06-torfrock-Artikel.jpg?resize=525%2C300 1.5x, https:\/\/i0.wp.com\/www.rockpixx.com\/wordpress\/wp-content\/uploads\/2013\/01\/20100622-06-torfrock-Artikel.jpg?resize=700%2C400 2x"},"classes":[]},{"id":11029,"url":"http:\/\/www.rockpixx.com\/wordpress\/ich-will-spas-band-21-06-2013-kiel-kieler-woche-musikzelt\/","url_meta":{"origin":20187,"position":2},"title":"Ich will Spa\u00df-Band, 21.06.2013, Kiel, Kieler Woche Musikzelt","author":"Anja","date":"22. Juni 2013","format":false,"excerpt":"Die n\u00e4chste Station f\u00fcr den Fotografen von rockpixx.com: Das \u201eKieler Woche-Musikzelt\u201c. War es dort in den letzten Jahren leider immer leerer geworden, so sorgt diese Location heute f\u00fcr positives Erstaunen: Richtig voll ist es dort! Ein guter DJ h\u00e4lt das Publikum vor Beginn und w\u00e4hrend der Pausen bei Laune und\u2026","rel":"","context":"In &quot;Acts&quot;","block_context":{"text":"Acts","link":"http:\/\/www.rockpixx.com\/wordpress\/category\/acts\/"},"img":{"alt_text":"Ich will Spa\u00df-Band, 21.06.2013, Kiel, Musikzelt","src":"https:\/\/i0.wp.com\/www.rockpixx.com\/wordpress\/wp-content\/uploads\/2013\/06\/20130621-04-033_ich-will-spass-band-Artikel.jpg?resize=350%2C200","width":350,"height":200,"srcset":"https:\/\/i0.wp.com\/www.rockpixx.com\/wordpress\/wp-content\/uploads\/2013\/06\/20130621-04-033_ich-will-spass-band-Artikel.jpg?resize=350%2C200 1x, https:\/\/i0.wp.com\/www.rockpixx.com\/wordpress\/wp-content\/uploads\/2013\/06\/20130621-04-033_ich-will-spass-band-Artikel.jpg?resize=525%2C300 1.5x, https:\/\/i0.wp.com\/www.rockpixx.com\/wordpress\/wp-content\/uploads\/2013\/06\/20130621-04-033_ich-will-spass-band-Artikel.jpg?resize=700%2C400 2x"},"classes":[]},{"id":6948,"url":"http:\/\/www.rockpixx.com\/wordpress\/lifeline-25-06-2010-kiel-kieler-woche-musikzelt\/","url_meta":{"origin":20187,"position":3},"title":"Lifeline, 25.06.2010, Kiel, Kieler Woche Musikzelt","author":"Anja","date":"25. Juni 2010","format":false,"excerpt":"Ich war viel zu fr\u00fch im Kieler Woche Musikzelt! Eigentlich h\u00e4tte ich es wissen sollen: Dort fangen alle Gigs immer mit ordentlich Versp\u00e4tung an \u2013 ganz im Gegensatz zu anderen B\u00fchnen, wo es p\u00fcnktlich auf die Minute losgeht. Aber egal. Gekommen war ich wegen \u201eIllegal 2001\u201c, aber es spielte noch\u2026","rel":"","context":"In &quot;Acts&quot;","block_context":{"text":"Acts","link":"http:\/\/www.rockpixx.com\/wordpress\/category\/acts\/"},"img":{"alt_text":"Lifeline, 25.06.2010, Kiel, Kieler Woche Musikzelt","src":"https:\/\/i0.wp.com\/www.rockpixx.com\/wordpress\/wp-content\/uploads\/2013\/01\/20100625-03-lifeline-Artikel.jpg?resize=350%2C200","width":350,"height":200,"srcset":"https:\/\/i0.wp.com\/www.rockpixx.com\/wordpress\/wp-content\/uploads\/2013\/01\/20100625-03-lifeline-Artikel.jpg?resize=350%2C200 1x, https:\/\/i0.wp.com\/www.rockpixx.com\/wordpress\/wp-content\/uploads\/2013\/01\/20100625-03-lifeline-Artikel.jpg?resize=525%2C300 1.5x, https:\/\/i0.wp.com\/www.rockpixx.com\/wordpress\/wp-content\/uploads\/2013\/01\/20100625-03-lifeline-Artikel.jpg?resize=700%2C400 2x"},"classes":[]},{"id":14358,"url":"http:\/\/www.rockpixx.com\/wordpress\/markus-20-06-2014-kiel-kieler-woche-musikzelt\/","url_meta":{"origin":20187,"position":4},"title":"Markus, 20.06.2014, Kiel, Kieler Woche Musikzelt","author":"admin","date":"21. Juni 2014","format":false,"excerpt":"Und noch ein alter Bekannter, eine Stunde sp\u00e4ter als \u2192 Rea Garvey und eine B\u00fchne weiter: Markus versichert dem Publikum, dass sein Ferrari immer noch 210 f\u00e4hrt. Das Kieler Woche Musikzelt ist ja musikalisch eher f\u00fcr die Spa\u00df- und Partymusik zust\u00e4ndig \u2013 so ist es nur folgerichtig, dass zum Auftakt\u2026","rel":"","context":"In &quot;Acts&quot;","block_context":{"text":"Acts","link":"http:\/\/www.rockpixx.com\/wordpress\/category\/acts\/"},"img":{"alt_text":"Markus, 20.06.2014, Kiel, Kieler Woche Musikzelt","src":"https:\/\/i0.wp.com\/www.rockpixx.com\/wordpress\/wp-content\/uploads\/2014\/06\/20140620-04-092_markus_Artikel.jpg?resize=350%2C200","width":350,"height":200,"srcset":"https:\/\/i0.wp.com\/www.rockpixx.com\/wordpress\/wp-content\/uploads\/2014\/06\/20140620-04-092_markus_Artikel.jpg?resize=350%2C200 1x, https:\/\/i0.wp.com\/www.rockpixx.com\/wordpress\/wp-content\/uploads\/2014\/06\/20140620-04-092_markus_Artikel.jpg?resize=525%2C300 1.5x, https:\/\/i0.wp.com\/www.rockpixx.com\/wordpress\/wp-content\/uploads\/2014\/06\/20140620-04-092_markus_Artikel.jpg?resize=700%2C400 2x"},"classes":[]},{"id":18280,"url":"http:\/\/www.rockpixx.com\/wordpress\/red-hot-chilli-pipers-20-06-2015-kieler-woche-kieler-woche-musikzelt-kiel\/","url_meta":{"origin":20187,"position":5},"title":"Red Hot Chilli Pipers, 20.06.2015, Kieler Woche, Kieler Woche Musikzelt, Kiel","author":"Anja","date":"21. Juni 2015","format":false,"excerpt":"K\u00e4men \u201eZZ Top\u201c aus Schottland, dann w\u00fcrden sie vielleicht auch so \u00e4hnlich klingen und aussehen. So aber kommen sie aus Texas, m\u00fcssen so komische H\u00fcte tragen und spielen lediglich Saiteninstrumente. Um wieviel sch\u00f6ner deren Musik doch klingen kann, wenn sie aus Dudels\u00e4cken erklingt, das kann ich hier im Kieler Woche\u2026","rel":"","context":"In &quot;Acts&quot;","block_context":{"text":"Acts","link":"http:\/\/www.rockpixx.com\/wordpress\/category\/acts\/"},"img":{"alt_text":"Red Hot Chillli Pipers, 20.06.2015, Kieler Woche Musikzelt, Kiel","src":"https:\/\/i0.wp.com\/www.rockpixx.com\/wordpress\/wp-content\/uploads\/2015\/06\/20150620-04-003_rhcp_Artikel.jpg?resize=350%2C200","width":350,"height":200,"srcset":"https:\/\/i0.wp.com\/www.rockpixx.com\/wordpress\/wp-content\/uploads\/2015\/06\/20150620-04-003_rhcp_Artikel.jpg?resize=350%2C200 1x, https:\/\/i0.wp.com\/www.rockpixx.com\/wordpress\/wp-content\/uploads\/2015\/06\/20150620-04-003_rhcp_Artikel.jpg?resize=525%2C300 1.5x, https:\/\/i0.wp.com\/www.rockpixx.com\/wordpress\/wp-content\/uploads\/2015\/06\/20150620-04-003_rhcp_Artikel.jpg?resize=700%2C400 2x"},"classes":[]}],"jetpack_sharing_enabled":true,"publishpress_future_action":{"enabled":false,"date":"2026-05-08 23:28:37","action":"change-status","newStatus":"draft","terms":[],"taxonomy":"category","extraData":[]},"publishpress_future_workflow_manual_trigger":{"enabledWorkflows":[]},"_links":{"self":[{"href":"http:\/\/www.rockpixx.com\/wordpress\/wp-json\/wp\/v2\/posts\/20187","targetHints":{"allow":["GET"]}}],"collection":[{"href":"http:\/\/www.rockpixx.com\/wordpress\/wp-json\/wp\/v2\/posts"}],"about":[{"href":"http:\/\/www.rockpixx.com\/wordpress\/wp-json\/wp\/v2\/types\/post"}],"author":[{"embeddable":true,"href":"http:\/\/www.rockpixx.com\/wordpress\/wp-json\/wp\/v2\/users\/3"}],"replies":[{"embeddable":true,"href":"http:\/\/www.rockpixx.com\/wordpress\/wp-json\/wp\/v2\/comments?post=20187"}],"version-history":[{"count":0,"href":"http:\/\/www.rockpixx.com\/wordpress\/wp-json\/wp\/v2\/posts\/20187\/revisions"}],"wp:featuredmedia":[{"embeddable":true,"href":"http:\/\/www.rockpixx.com\/wordpress\/wp-json\/wp\/v2\/media\/20184"}],"wp:attachment":[{"href":"http:\/\/www.rockpixx.com\/wordpress\/wp-json\/wp\/v2\/media?parent=20187"}],"wp:term":[{"taxonomy":"category","embeddable":true,"href":"http:\/\/www.rockpixx.com\/wordpress\/wp-json\/wp\/v2\/categories?post=20187"},{"taxonomy":"post_tag","embeddable":true,"href":"http:\/\/www.rockpixx.com\/wordpress\/wp-json\/wp\/v2\/tags?post=20187"}],"curies":[{"name":"wp","href":"https:\/\/api.w.org\/{rel}","templated":true}]}}