{"id":20274,"date":"2016-06-24T13:00:44","date_gmt":"2016-06-24T12:00:44","guid":{"rendered":"http:\/\/rockpixx.com\/wordpress\/?p=20274"},"modified":"2016-06-24T17:07:07","modified_gmt":"2016-06-24T16:07:07","slug":"mallet-23-06-2016-kieler-woche-holsten-buehne-kiel","status":"publish","type":"post","link":"http:\/\/www.rockpixx.com\/wordpress\/mallet-23-06-2016-kieler-woche-holsten-buehne-kiel\/","title":{"rendered":"Mallet, 23.06.2016, Kieler Woche, Holsten-B\u00fchne, Kiel"},"content":{"rendered":"<p>Es finden sich zwischen den ganzen gro\u00dfen und bekannten Bands und zwischen den \u201eWiederholungst\u00e4tern\u201c, die schon zu Kaisers Zeiten auf der Kieler Woche gespielt haben (und es vermutlich auch dann noch tun werden, wenn die Briten erneut EU-Mitglied sein werden, immer noch \u00fcberraschende Perlen. \u201eMallet\u201c ist so eine.<\/p>\n<p><!--more--><\/p>\n<p>Beim Warten auf Bela B. komme ich noch am Holstenpark vorbei und erwarte den \u00fcblichen Musikmix der letzten Jahre. Weit gefehlt! Da stehen drei Musiker auf der B\u00fchne (der Drummer sitzt nat\u00fcrlich), haben rot-schwarze Lederhosen an (eine dreiviertellang), tragen lange Haare und rocken wie ZZ Top mit Titeln von jenen. Staunen ist angesagt. Noch mehr staune ich, als ich eigene St\u00fccke von \u201eMallet\u201c h\u00f6re und als ich \u201ePersonal Jesus\u201c von \u201eDepeche Mode\u201c im genau gleichen Stil auf die Ohren bekommen. Da muss ich einfach die Kameras z\u00fccken und Bilder machen. Leider ist mein Terminplan heute Abend sehr ung\u00fcnstig, so dass ich nach kurzer Zeit den Holstenplatz verlassen muss. Schade, von \u201eMallet\u201c h\u00e4tte ich sehr gerne noch mehr geh\u00f6rt und gesehen.<\/p>\n<p>Fazit: Auch wenn diese Band aus Wiesbaden sich bislang schon 37 Jahre vor mir verborgen hat, bis zum n\u00e4chsten Aufeinandertreffen wird hoffentlich nicht mehr so viel Zeit vergehen.<\/p>\n<p style=\"text-align: right;\">Fotos: <a href=\"mailto:info@rockpixx.com?subject=Mallet,%2023.06.2016,%20Kieler%20Woche,%20Holsten-B\u00fchne,%20Kiel\">Alex<\/a> | Text: <a href=\"mailto:info@rockpixx.com?subject=Mallet,%2023.06.2016,%20Kieler%20Woche,%20Holsten-B\u00fchne,%20Kiel\">Alex<\/a><\/p>\n<p>&nbsp;<\/p>\n<p style=\"text-align: left;\"><div class=\"eat-left eat-right\"><div class=\"thumbs-masonry isotope\"><div class=\"isotope-item block-2 block-h-2\"><a href=\"http:\/\/www.rockpixx.com\/wordpress\/wp-content\/uploads\/2016\/06\/20160623-01-001.jpg\" rel=\"prettyPhoto[postgal_20278]\" class=\"show-hover-link block-h-2\"\"><img decoding=\"async\" src=\"http:\/\/www.rockpixx.com\/wordpress\/wp-content\/uploads\/2016\/06\/20160623-01-001-480x480.jpg\" alt=\"Mallet, 23.06.2016, Kiel, Kieler Woche, Holstenpark-B\u00fchne\"\/><span class=\"before\"><\/span><span class=\"after\"><\/span><\/a><\/div><div class=\"isotope-item block-1 block-h-1\"><a href=\"http:\/\/www.rockpixx.com\/wordpress\/wp-content\/uploads\/2016\/06\/20160623-01-003.jpg\" rel=\"prettyPhoto[postgal_20278]\" class=\"show-hover-link block-h-1\"\"><img decoding=\"async\" src=\"http:\/\/www.rockpixx.com\/wordpress\/wp-content\/uploads\/2016\/06\/20160623-01-003-480x480.jpg\" alt=\"Mallet, 23.06.2016, Kiel, Kieler Woche, Holstenpark-B\u00fchne\"\/><span class=\"before\"><\/span><span class=\"after\"><\/span><\/a><\/div><div class=\"isotope-item block-1 block-h-1\"><a href=\"http:\/\/www.rockpixx.com\/wordpress\/wp-content\/uploads\/2016\/06\/20160623-01-006.jpg\" rel=\"prettyPhoto[postgal_20278]\" class=\"show-hover-link block-h-1\"\"><img decoding=\"async\" src=\"http:\/\/www.rockpixx.com\/wordpress\/wp-content\/uploads\/2016\/06\/20160623-01-006-480x480.jpg\" alt=\"Mallet, 23.06.2016, Kiel, Kieler Woche, Holstenpark-B\u00fchne\"\/><span class=\"before\"><\/span><span class=\"after\"><\/span><\/a><\/div><div class=\"isotope-item block-2 block-h-2\"><a href=\"http:\/\/www.rockpixx.com\/wordpress\/wp-content\/uploads\/2016\/06\/20160623-01-007.jpg\" rel=\"prettyPhoto[postgal_20278]\" class=\"show-hover-link block-h-2\"\"><img decoding=\"async\" src=\"http:\/\/www.rockpixx.com\/wordpress\/wp-content\/uploads\/2016\/06\/20160623-01-007-480x480.jpg\" alt=\"Mallet, 23.06.2016, Kiel, Kieler Woche, Holstenpark-B\u00fchne\"\/><span class=\"before\"><\/span><span class=\"after\"><\/span><\/a><\/div><div class=\"isotope-item block-1 block-h-1\"><a href=\"http:\/\/www.rockpixx.com\/wordpress\/wp-content\/uploads\/2016\/06\/20160623-01-009.jpg\" rel=\"prettyPhoto[postgal_20278]\" class=\"show-hover-link block-h-1\"\"><img decoding=\"async\" src=\"http:\/\/www.rockpixx.com\/wordpress\/wp-content\/uploads\/2016\/06\/20160623-01-009-480x480.jpg\" alt=\"Mallet, 23.06.2016, Kiel, Kieler Woche, Holstenpark-B\u00fchne\"\/><span class=\"before\"><\/span><span class=\"after\"><\/span><\/a><\/div><div class=\"isotope-item block-1 block-h-1\"><a href=\"http:\/\/www.rockpixx.com\/wordpress\/wp-content\/uploads\/2016\/06\/20160623-01-012.jpg\" rel=\"prettyPhoto[postgal_20278]\" class=\"show-hover-link block-h-1\"\"><img decoding=\"async\" src=\"http:\/\/www.rockpixx.com\/wordpress\/wp-content\/uploads\/2016\/06\/20160623-01-012-480x480.jpg\" alt=\"Mallet, 23.06.2016, Kiel, Kieler Woche, Holstenpark-B\u00fchne\"\/><span class=\"before\"><\/span><span class=\"after\"><\/span><\/a><\/div><div class=\"isotope-item block-2 block-h-2\"><a href=\"http:\/\/www.rockpixx.com\/wordpress\/wp-content\/uploads\/2016\/06\/20160623-01-015.jpg\" rel=\"prettyPhoto[postgal_20278]\" class=\"show-hover-link block-h-2\"\"><img decoding=\"async\" src=\"http:\/\/www.rockpixx.com\/wordpress\/wp-content\/uploads\/2016\/06\/20160623-01-015-480x480.jpg\" alt=\"Mallet, 23.06.2016, Kiel, Kieler Woche, Holstenpark-B\u00fchne\"\/><span class=\"before\"><\/span><span class=\"after\"><\/span><\/a><\/div><div class=\"isotope-item block-1 block-h-1\"><a href=\"http:\/\/www.rockpixx.com\/wordpress\/wp-content\/uploads\/2016\/06\/20160623-01-016.jpg\" rel=\"prettyPhoto[postgal_20278]\" class=\"show-hover-link block-h-1\"\"><img decoding=\"async\" src=\"http:\/\/www.rockpixx.com\/wordpress\/wp-content\/uploads\/2016\/06\/20160623-01-016-480x480.jpg\" alt=\"Mallet, 23.06.2016, Kiel, Kieler Woche, Holstenpark-B\u00fchne\"\/><span class=\"before\"><\/span><span class=\"after\"><\/span><\/a><\/div><div class=\"isotope-item block-1 block-h-1\"><a href=\"http:\/\/www.rockpixx.com\/wordpress\/wp-content\/uploads\/2016\/06\/20160623-01-017.jpg\" rel=\"prettyPhoto[postgal_20278]\" class=\"show-hover-link block-h-1\"\"><img decoding=\"async\" src=\"http:\/\/www.rockpixx.com\/wordpress\/wp-content\/uploads\/2016\/06\/20160623-01-017-480x480.jpg\" alt=\"Mallet, 23.06.2016, Kiel, Kieler Woche, Holstenpark-B\u00fchne\"\/><span class=\"before\"><\/span><span class=\"after\"><\/span><\/a><\/div><div class=\"isotope-item block-2 block-h-2\"><a href=\"http:\/\/www.rockpixx.com\/wordpress\/wp-content\/uploads\/2016\/06\/20160623-01-018.jpg\" rel=\"prettyPhoto[postgal_20278]\" class=\"show-hover-link block-h-2\"\"><img decoding=\"async\" src=\"http:\/\/www.rockpixx.com\/wordpress\/wp-content\/uploads\/2016\/06\/20160623-01-018-480x480.jpg\" alt=\"Mallet, 23.06.2016, Kiel, Kieler Woche, Holstenpark-B\u00fchne\"\/><span class=\"before\"><\/span><span class=\"after\"><\/span><\/a><\/div><div class=\"isotope-item block-1 block-h-1\"><a href=\"http:\/\/www.rockpixx.com\/wordpress\/wp-content\/uploads\/2016\/06\/20160623-01-020.jpg\" rel=\"prettyPhoto[postgal_20278]\" class=\"show-hover-link block-h-1\"\"><img decoding=\"async\" src=\"http:\/\/www.rockpixx.com\/wordpress\/wp-content\/uploads\/2016\/06\/20160623-01-020-480x480.jpg\" alt=\"Mallet, 23.06.2016, Kiel, Kieler Woche, Holstenpark-B\u00fchne\"\/><span class=\"before\"><\/span><span class=\"after\"><\/span><\/a><\/div><\/div><\/div><\/p>\n","protected":false},"excerpt":{"rendered":"<p>Es finden sich zwischen den ganzen gro\u00dfen und bekannten Bands und zwischen den \u201eWiederholungst\u00e4tern\u201c, die <a href=\"http:\/\/www.rockpixx.com\/wordpress\/mallet-23-06-2016-kieler-woche-holsten-buehne-kiel\/\">Read more<\/a><\/p>\n","protected":false},"author":3,"featured_media":20288,"comment_status":"open","ping_status":"open","sticky":false,"template":"","format":"standard","meta":{"_jetpack_memberships_contains_paid_content":false,"footnotes":"","jetpack_publicize_message":"#Mallet #KiWo #KielerWoche","jetpack_publicize_feature_enabled":true,"jetpack_social_post_already_shared":true,"jetpack_social_options":{"image_generator_settings":{"template":"highway","default_image_id":0,"font":"","enabled":false},"version":2}},"categories":[34,2464],"tags":[2434,133,370,1735,138,2465],"class_list":["post-20274","post","type-post","status-publish","format-standard","has-post-thumbnail","hentry","category-acts","category-mallet","tag-2434","tag-festivals","tag-holsten-park-buhne","tag-kiel","tag-kieler-woche","tag-mallet"],"aioseo_notices":[],"jetpack_publicize_connections":[],"jetpack_featured_media_url":"http:\/\/www.rockpixx.com\/wordpress\/wp-content\/uploads\/2016\/06\/20160623-01-018.jpg","jetpack-related-posts":[{"id":4842,"url":"http:\/\/www.rockpixx.com\/wordpress\/coverline-19-06-2009-kiel-holsten-park-buhne\/","url_meta":{"origin":20274,"position":0},"title":"CoverLine, 19.06.2009, Kiel, Holsten-Park-B\u00fchne","author":"Anja","date":"19. Juni 2009","format":false,"excerpt":"Das diesj\u00e4hrige Kieler Woche-Programm ist so dichtgedr\u00e4ngt und auf so vielen B\u00fchnen pr\u00e4sent, wie es 2008 noch nicht der Fall gewesen ist. Von daher konnten die beiden Fotografen von rockpixx.com die B\u00fchne im Holstenpark auch nur im \u201eVorbeihetzen\u201c auf dem Weg zu anderen Acts kurz streifen. Zum Gl\u00fcck spielte \u2192\u00a0\u201eCoverLine\u201c\u2026","rel":"","context":"In &quot;Acts&quot;","block_context":{"text":"Acts","link":"http:\/\/www.rockpixx.com\/wordpress\/category\/acts\/"},"img":{"alt_text":"CoverLine, 19.06.2009, Kiel, Holsten-Park-B\u00fchne","src":"https:\/\/i0.wp.com\/www.rockpixx.com\/wordpress\/wp-content\/uploads\/2013\/01\/20090619-07-coverline-Artikel.jpg?resize=350%2C200","width":350,"height":200,"srcset":"https:\/\/i0.wp.com\/www.rockpixx.com\/wordpress\/wp-content\/uploads\/2013\/01\/20090619-07-coverline-Artikel.jpg?resize=350%2C200 1x, https:\/\/i0.wp.com\/www.rockpixx.com\/wordpress\/wp-content\/uploads\/2013\/01\/20090619-07-coverline-Artikel.jpg?resize=525%2C300 1.5x, https:\/\/i0.wp.com\/www.rockpixx.com\/wordpress\/wp-content\/uploads\/2013\/01\/20090619-07-coverline-Artikel.jpg?resize=700%2C400 2x"},"classes":[]},{"id":5683,"url":"http:\/\/www.rockpixx.com\/wordpress\/pop-shop-boys-28-06-2009-kiel-holsten-park-buhne\/","url_meta":{"origin":20274,"position":1},"title":"Pop Shop Boys, 28.06.2009, Kiel, Holsten-Park-B\u00fchne","author":"Anja","date":"28. Juni 2009","format":false,"excerpt":"Da laufen Fotografin und Fotograf von rockpixx.com am letzten Tag der Kieler Woche unerkannt durch Kiel in Zivilkleidung, um einfach einmal als Touristen auch \u201edabei zu sein\u201c. Keine Kameraausr\u00fcstung dabei, einfach nur zum Abschlu\u00df einmal eine gem\u00fctliche Tour durch die kulinarischen K\u00f6stlichkeiten und nachts dann das Feuerwerk gucken \u2013 dachten\u2026","rel":"","context":"In &quot;Acts&quot;","block_context":{"text":"Acts","link":"http:\/\/www.rockpixx.com\/wordpress\/category\/acts\/"},"img":{"alt_text":"Pop Shop Boys, 28.06.2009, Kiel, Holsten-Park-B\u00fchne","src":"https:\/\/i0.wp.com\/www.rockpixx.com\/wordpress\/wp-content\/uploads\/2013\/01\/20090628-pop-shop-boys-Artikel.jpg?resize=350%2C200","width":350,"height":200,"srcset":"https:\/\/i0.wp.com\/www.rockpixx.com\/wordpress\/wp-content\/uploads\/2013\/01\/20090628-pop-shop-boys-Artikel.jpg?resize=350%2C200 1x, https:\/\/i0.wp.com\/www.rockpixx.com\/wordpress\/wp-content\/uploads\/2013\/01\/20090628-pop-shop-boys-Artikel.jpg?resize=525%2C300 1.5x, https:\/\/i0.wp.com\/www.rockpixx.com\/wordpress\/wp-content\/uploads\/2013\/01\/20090628-pop-shop-boys-Artikel.jpg?resize=700%2C400 2x"},"classes":[]},{"id":5527,"url":"http:\/\/www.rockpixx.com\/wordpress\/united-4-26-06-2009-kiel-holsten-park-buhne\/","url_meta":{"origin":20274,"position":2},"title":"United 4, 26.06.2009, Kiel, Holsten-Park-B\u00fchne","author":"Anja","date":"26. Juni 2009","format":false,"excerpt":"Eigentlich war ich nach einer kurzen Essenspause erneut auf dem Weg zur \u201eHSH Nordbank-B\u00fchne\u201c, um \u201eVoodoo Lounge\u201c abzulichten, da blieben Augen und Ohren an der B\u00fchne im \u201eHolstenpark\u201c h\u00e4ngen. Dort spielten \u201eUnited 4\u201c und ich mogelte mich durch die Absperrung in den Graben, um ein paar Bilder zu machen. Die\u2026","rel":"","context":"In &quot;Acts&quot;","block_context":{"text":"Acts","link":"http:\/\/www.rockpixx.com\/wordpress\/category\/acts\/"},"img":{"alt_text":"United 4, 26.06.2009, Kiel, Holsten-Park-B\u00fchne","src":"https:\/\/i0.wp.com\/www.rockpixx.com\/wordpress\/wp-content\/uploads\/2013\/01\/20090626-04-united-4-Artikel.jpg?resize=350%2C200","width":350,"height":200,"srcset":"https:\/\/i0.wp.com\/www.rockpixx.com\/wordpress\/wp-content\/uploads\/2013\/01\/20090626-04-united-4-Artikel.jpg?resize=350%2C200 1x, https:\/\/i0.wp.com\/www.rockpixx.com\/wordpress\/wp-content\/uploads\/2013\/01\/20090626-04-united-4-Artikel.jpg?resize=525%2C300 1.5x, https:\/\/i0.wp.com\/www.rockpixx.com\/wordpress\/wp-content\/uploads\/2013\/01\/20090626-04-united-4-Artikel.jpg?resize=700%2C400 2x"},"classes":[]},{"id":18642,"url":"http:\/\/www.rockpixx.com\/wordpress\/merqury-24-06-2015-kieler-woche-hoern-buehne-kiel\/","url_meta":{"origin":20274,"position":3},"title":"MerQury, 24.06.2015, Kieler Woche, H\u00f6rn-B\u00fchne, Kiel","author":"Anja","date":"25. Juni 2015","format":false,"excerpt":"Kieler Woche und \u201eMerQury\u201c die Zweite \u2013 nach dem Auftritt am \u2192 Montag auf der NetUSE-B\u00fchne erleben wir heute die Musiker auf der H\u00f6rn-B\u00fchne vor einem gro\u00dfen und begeisterten Publikum. W\u00e4hrend wir Backstage warteten, weil Anastacia noch auf der B\u00fchne war, versprach ich Johnny, Falk, Volker und Norbert diesmal das\u2026","rel":"","context":"In &quot;Acts&quot;","block_context":{"text":"Acts","link":"http:\/\/www.rockpixx.com\/wordpress\/category\/acts\/"},"img":{"alt_text":"MerQury, H\u00f6rn-B\u00fchne, Kiel, 24.06.2015","src":"https:\/\/i0.wp.com\/www.rockpixx.com\/wordpress\/wp-content\/uploads\/2015\/06\/20150624-02-415_merqury_Artikel.jpg?resize=350%2C200","width":350,"height":200,"srcset":"https:\/\/i0.wp.com\/www.rockpixx.com\/wordpress\/wp-content\/uploads\/2015\/06\/20150624-02-415_merqury_Artikel.jpg?resize=350%2C200 1x, https:\/\/i0.wp.com\/www.rockpixx.com\/wordpress\/wp-content\/uploads\/2015\/06\/20150624-02-415_merqury_Artikel.jpg?resize=525%2C300 1.5x, https:\/\/i0.wp.com\/www.rockpixx.com\/wordpress\/wp-content\/uploads\/2015\/06\/20150624-02-415_merqury_Artikel.jpg?resize=700%2C400 2x"},"classes":[]},{"id":14526,"url":"http:\/\/www.rockpixx.com\/wordpress\/the-rockhouse-brothers-22-06-2014-kiel-holsten-park-buehne\/","url_meta":{"origin":20274,"position":4},"title":"The Rockhouse Brothers!, 22.06.2014, Kiel, Holsten-Park-B\u00fchne","author":"Anja","date":"23. Juni 2014","format":false,"excerpt":"Gut, jetzt mal ein Abstecher zur Holsten-Park-B\u00fchne, die ich in diesem Jahr zum ersten Mal besuche. Und nein: Entgegen aller Erwartungen spielen hier heute einmal nicht die Herren in den gefleckten Kuhfellen (\u2192 \u201eUnited 4\u201c), sondern es erklingt guter alter Rock\u2019n\u2019Roll bzw. Rockabilly. Drei j\u00fcngere Herren in schneewei\u00dfen Anz\u00fcgen: Einer\u2026","rel":"","context":"In &quot;Acts&quot;","block_context":{"text":"Acts","link":"http:\/\/www.rockpixx.com\/wordpress\/category\/acts\/"},"img":{"alt_text":"The Rockhouse Brothers!, 22.06.2014, Kiel, Holsten-Park-B\u00fchne","src":"https:\/\/i0.wp.com\/www.rockpixx.com\/wordpress\/wp-content\/uploads\/2014\/06\/20140622-02-015_the-rockhouse-brothers_Artikel.jpg?resize=350%2C200","width":350,"height":200,"srcset":"https:\/\/i0.wp.com\/www.rockpixx.com\/wordpress\/wp-content\/uploads\/2014\/06\/20140622-02-015_the-rockhouse-brothers_Artikel.jpg?resize=350%2C200 1x, https:\/\/i0.wp.com\/www.rockpixx.com\/wordpress\/wp-content\/uploads\/2014\/06\/20140622-02-015_the-rockhouse-brothers_Artikel.jpg?resize=525%2C300 1.5x, https:\/\/i0.wp.com\/www.rockpixx.com\/wordpress\/wp-content\/uploads\/2014\/06\/20140622-02-015_the-rockhouse-brothers_Artikel.jpg?resize=700%2C400 2x"},"classes":[]},{"id":18327,"url":"http:\/\/www.rockpixx.com\/wordpress\/kellerkaos-22-06-2015-kieler-woche-netuse-buehne-kiel\/","url_meta":{"origin":20274,"position":5},"title":"KellerKaos, 22.06.2015, Kieler Woche, NetUSE-B\u00fchne, Kiel","author":"Anja","date":"23. Juni 2015","format":false,"excerpt":"Vorab: Es gibt Bands, die ich nicht kenne (das ist auch nicht verwunderlich) und auf die ich mich schon im Vorfeld freue \u2013 so geschehen bei \u201eKellerKaos\u201c. Meine Erwartungen sollten nicht entt\u00e4uscht werden\u2026 In Kiel herrschte durch diverse Unf\u00e4lle an strategisch wichtigen Stellen nicht Keller- sondern Verkehrschaos. Schon im Stau\u2026","rel":"","context":"In &quot;Acts&quot;","block_context":{"text":"Acts","link":"http:\/\/www.rockpixx.com\/wordpress\/category\/acts\/"},"img":{"alt_text":"KellerKaos, 22.06.2015, NetUSE-B\u00fchne, Kiel","src":"https:\/\/i0.wp.com\/www.rockpixx.com\/wordpress\/wp-content\/uploads\/2015\/06\/20150622-01-014_kellerkaos_Artikel.jpg?resize=350%2C200","width":350,"height":200,"srcset":"https:\/\/i0.wp.com\/www.rockpixx.com\/wordpress\/wp-content\/uploads\/2015\/06\/20150622-01-014_kellerkaos_Artikel.jpg?resize=350%2C200 1x, https:\/\/i0.wp.com\/www.rockpixx.com\/wordpress\/wp-content\/uploads\/2015\/06\/20150622-01-014_kellerkaos_Artikel.jpg?resize=525%2C300 1.5x, https:\/\/i0.wp.com\/www.rockpixx.com\/wordpress\/wp-content\/uploads\/2015\/06\/20150622-01-014_kellerkaos_Artikel.jpg?resize=700%2C400 2x"},"classes":[]}],"jetpack_sharing_enabled":true,"publishpress_future_action":{"enabled":false,"date":"2026-05-07 07:47:32","action":"change-status","newStatus":"draft","terms":[],"taxonomy":"category","extraData":[]},"publishpress_future_workflow_manual_trigger":{"enabledWorkflows":[]},"_links":{"self":[{"href":"http:\/\/www.rockpixx.com\/wordpress\/wp-json\/wp\/v2\/posts\/20274","targetHints":{"allow":["GET"]}}],"collection":[{"href":"http:\/\/www.rockpixx.com\/wordpress\/wp-json\/wp\/v2\/posts"}],"about":[{"href":"http:\/\/www.rockpixx.com\/wordpress\/wp-json\/wp\/v2\/types\/post"}],"author":[{"embeddable":true,"href":"http:\/\/www.rockpixx.com\/wordpress\/wp-json\/wp\/v2\/users\/3"}],"replies":[{"embeddable":true,"href":"http:\/\/www.rockpixx.com\/wordpress\/wp-json\/wp\/v2\/comments?post=20274"}],"version-history":[{"count":0,"href":"http:\/\/www.rockpixx.com\/wordpress\/wp-json\/wp\/v2\/posts\/20274\/revisions"}],"wp:featuredmedia":[{"embeddable":true,"href":"http:\/\/www.rockpixx.com\/wordpress\/wp-json\/wp\/v2\/media\/20288"}],"wp:attachment":[{"href":"http:\/\/www.rockpixx.com\/wordpress\/wp-json\/wp\/v2\/media?parent=20274"}],"wp:term":[{"taxonomy":"category","embeddable":true,"href":"http:\/\/www.rockpixx.com\/wordpress\/wp-json\/wp\/v2\/categories?post=20274"},{"taxonomy":"post_tag","embeddable":true,"href":"http:\/\/www.rockpixx.com\/wordpress\/wp-json\/wp\/v2\/tags?post=20274"}],"curies":[{"name":"wp","href":"https:\/\/api.w.org\/{rel}","templated":true}]}}