{"id":20313,"date":"2016-06-24T13:50:56","date_gmt":"2016-06-24T12:50:56","guid":{"rendered":"http:\/\/rockpixx.com\/wordpress\/?p=20313"},"modified":"2016-06-24T17:38:01","modified_gmt":"2016-06-24T16:38:01","slug":"bela-b-23-06-2016-kieler-woche-rathaus-buehne-kiel","status":"publish","type":"post","link":"http:\/\/www.rockpixx.com\/wordpress\/bela-b-23-06-2016-kieler-woche-rathaus-buehne-kiel\/","title":{"rendered":"Bela B, 23.06.2016, Kieler Woche, Rathaus-B\u00fchne, Kiel"},"content":{"rendered":"<p>Mal sehen, wann wir unser Sammelalbum \u201eDie \u00c4rzte\u201c komplett haben. Nach Rod mit seiner Formation \u201e<a href=\"http:\/\/rockpixx.com\/wordpress\/tag\/mas-shake-2\/\">\u00a1m\u00e1s Shake!<\/a>\u201c heute nun also Bela B auf der Rathausb\u00fchne.<\/p>\n<p><!--more--><\/p>\n<p>Und auch hier zeigt sich, dass wieder ein ganz anderer Musikstil zum Tragen kommt, als bei dem bekannten Trio, in dem er zusammen mit Farin Urlaub und Rodrigo Gonz\u00e1lez spielt. Somit steht vor mir eine gut aufgelegte Band aus Bela B und f\u00fcnf weiteren Musikern, die allesamt ihrem charismatischen Frontmann zuarbeiten, ohne dass dieser sich explizit in den Vordergrund dr\u00e4ngen w\u00fcrde. Optisch ist Bela B nat\u00fcrlich ein Spektakel mit seinem pailettenbestickten Jackett und der Superstar-Sonnenbrille. Dazu passen auch die G\u00fcrtelschnalle sowie der Halsschmuck mit seinen Initialen und die Inlays im Gitarrenhals \u2013 nicht zu vergessen seine Ringe. Musikalisch perlt dem Publikum auf dem mehr als gut gef\u00fcllten Rathausplatz eine Mischung aus Country und Hillbilly mit deutschen Texten ins Ohr plus entsprechender Ansagen des Frontmannes.<\/p>\n<p>Fazit: Das war gut und jetzt hoffen wir mal, dass wir hier bei rockpixx.com unser \u00c4rzte-Sammelalbum doch noch voll bekommen\u2026<\/p>\n<p style=\"text-align: right;\">Fotos: <a href=\"mailto:info@rockpixx.com?subject=Bela%20B,%2023.06.2016,%20Kieler%20Woche,%20Rathaus-B\u00fchne,%20Kiel\">Alex<\/a> | Text: <a href=\"mailto:info@rockpixx.com?subject=Bela%20B,%2023.06.2016,%20Kieler%20Woche,%20Rathaus-B\u00fchne,%20Kiel\">Alex<\/a><\/p>\n<p>&nbsp;<\/p>\n<div class=\"eat-left eat-right\"><div class=\"thumbs-masonry isotope\"><div class=\"isotope-item block-2 block-h-2\"><a href=\"http:\/\/www.rockpixx.com\/wordpress\/wp-content\/uploads\/2016\/06\/20160623-02-005.jpg\" rel=\"prettyPhoto[postgal_20291]\" class=\"show-hover-link block-h-2\"\"><img decoding=\"async\" src=\"http:\/\/www.rockpixx.com\/wordpress\/wp-content\/uploads\/2016\/06\/20160623-02-005-480x480.jpg\" alt=\"Bela B., 23.06.2016, Kiel, Kieler Woche, Rathaus-B\u00fchne\"\/><span class=\"before\"><\/span><span class=\"after\"><\/span><\/a><\/div><div class=\"isotope-item block-1 block-h-1\"><a href=\"http:\/\/www.rockpixx.com\/wordpress\/wp-content\/uploads\/2016\/06\/20160623-02-012.jpg\" rel=\"prettyPhoto[postgal_20291]\" class=\"show-hover-link block-h-1\"\"><img decoding=\"async\" src=\"http:\/\/www.rockpixx.com\/wordpress\/wp-content\/uploads\/2016\/06\/20160623-02-012-480x480.jpg\" alt=\"Bela B., 23.06.2016, Kiel, Kieler Woche, Rathaus-B\u00fchne\"\/><span class=\"before\"><\/span><span class=\"after\"><\/span><\/a><\/div><div class=\"isotope-item block-1 block-h-1\"><a href=\"http:\/\/www.rockpixx.com\/wordpress\/wp-content\/uploads\/2016\/06\/20160623-02-013.jpg\" rel=\"prettyPhoto[postgal_20291]\" class=\"show-hover-link block-h-1\"\"><img decoding=\"async\" src=\"http:\/\/www.rockpixx.com\/wordpress\/wp-content\/uploads\/2016\/06\/20160623-02-013-480x480.jpg\" alt=\"Bela B., 23.06.2016, Kiel, Kieler Woche, Rathaus-B\u00fchne\"\/><span class=\"before\"><\/span><span class=\"after\"><\/span><\/a><\/div><div class=\"isotope-item block-2 block-h-2\"><a href=\"http:\/\/www.rockpixx.com\/wordpress\/wp-content\/uploads\/2016\/06\/20160623-02-014.jpg\" rel=\"prettyPhoto[postgal_20291]\" class=\"show-hover-link block-h-2\"\"><img decoding=\"async\" src=\"http:\/\/www.rockpixx.com\/wordpress\/wp-content\/uploads\/2016\/06\/20160623-02-014-480x480.jpg\" alt=\"Bela B., 23.06.2016, Kiel, Kieler Woche, Rathaus-B\u00fchne\"\/><span class=\"before\"><\/span><span class=\"after\"><\/span><\/a><\/div><div class=\"isotope-item block-1 block-h-1\"><a href=\"http:\/\/www.rockpixx.com\/wordpress\/wp-content\/uploads\/2016\/06\/20160623-02-021.jpg\" rel=\"prettyPhoto[postgal_20291]\" class=\"show-hover-link block-h-1\"\"><img decoding=\"async\" src=\"http:\/\/www.rockpixx.com\/wordpress\/wp-content\/uploads\/2016\/06\/20160623-02-021-480x480.jpg\" alt=\"Bela B., 23.06.2016, Kiel, Kieler Woche, Rathaus-B\u00fchne\"\/><span class=\"before\"><\/span><span class=\"after\"><\/span><\/a><\/div><div class=\"isotope-item block-1 block-h-1\"><a href=\"http:\/\/www.rockpixx.com\/wordpress\/wp-content\/uploads\/2016\/06\/20160623-02-033.jpg\" rel=\"prettyPhoto[postgal_20291]\" class=\"show-hover-link block-h-1\"\"><img decoding=\"async\" src=\"http:\/\/www.rockpixx.com\/wordpress\/wp-content\/uploads\/2016\/06\/20160623-02-033-480x480.jpg\" alt=\"Bela B., 23.06.2016, Kiel, Kieler Woche, Rathaus-B\u00fchne\"\/><span class=\"before\"><\/span><span class=\"after\"><\/span><\/a><\/div><div class=\"isotope-item block-2 block-h-2\"><a href=\"http:\/\/www.rockpixx.com\/wordpress\/wp-content\/uploads\/2016\/06\/20160623-02-036.jpg\" rel=\"prettyPhoto[postgal_20291]\" class=\"show-hover-link block-h-2\"\"><img decoding=\"async\" src=\"http:\/\/www.rockpixx.com\/wordpress\/wp-content\/uploads\/2016\/06\/20160623-02-036-480x480.jpg\" alt=\"Bela B., 23.06.2016, Kiel, Kieler Woche, Rathaus-B\u00fchne\"\/><span class=\"before\"><\/span><span class=\"after\"><\/span><\/a><\/div><div class=\"isotope-item block-1 block-h-1\"><a href=\"http:\/\/www.rockpixx.com\/wordpress\/wp-content\/uploads\/2016\/06\/20160623-02-045.jpg\" rel=\"prettyPhoto[postgal_20291]\" class=\"show-hover-link block-h-1\"\"><img decoding=\"async\" src=\"http:\/\/www.rockpixx.com\/wordpress\/wp-content\/uploads\/2016\/06\/20160623-02-045-480x480.jpg\" alt=\"Bela B., 23.06.2016, Kiel, Kieler Woche, Rathaus-B\u00fchne\"\/><span class=\"before\"><\/span><span class=\"after\"><\/span><\/a><\/div><div class=\"isotope-item block-1 block-h-1\"><a href=\"http:\/\/www.rockpixx.com\/wordpress\/wp-content\/uploads\/2016\/06\/20160623-02-051.jpg\" rel=\"prettyPhoto[postgal_20291]\" class=\"show-hover-link block-h-1\"\"><img decoding=\"async\" src=\"http:\/\/www.rockpixx.com\/wordpress\/wp-content\/uploads\/2016\/06\/20160623-02-051-480x480.jpg\" alt=\"Bela B., 23.06.2016, Kiel, Kieler Woche, Rathaus-B\u00fchne\"\/><span class=\"before\"><\/span><span class=\"after\"><\/span><\/a><\/div><div class=\"isotope-item block-2 block-h-2\"><a href=\"http:\/\/www.rockpixx.com\/wordpress\/wp-content\/uploads\/2016\/06\/20160623-02-052.jpg\" rel=\"prettyPhoto[postgal_20291]\" class=\"show-hover-link block-h-2\"\"><img decoding=\"async\" src=\"http:\/\/www.rockpixx.com\/wordpress\/wp-content\/uploads\/2016\/06\/20160623-02-052-480x480.jpg\" alt=\"Bela B., 23.06.2016, Kiel, Kieler Woche, Rathaus-B\u00fchne\"\/><span class=\"before\"><\/span><span class=\"after\"><\/span><\/a><\/div><div class=\"isotope-item block-1 block-h-1\"><a href=\"http:\/\/www.rockpixx.com\/wordpress\/wp-content\/uploads\/2016\/06\/20160623-02-053.jpg\" rel=\"prettyPhoto[postgal_20291]\" class=\"show-hover-link block-h-1\"\"><img decoding=\"async\" src=\"http:\/\/www.rockpixx.com\/wordpress\/wp-content\/uploads\/2016\/06\/20160623-02-053-480x480.jpg\" alt=\"Bela B., 23.06.2016, Kiel, Kieler Woche, Rathaus-B\u00fchne\"\/><span class=\"before\"><\/span><span class=\"after\"><\/span><\/a><\/div><div class=\"isotope-item block-1 block-h-1\"><a href=\"http:\/\/www.rockpixx.com\/wordpress\/wp-content\/uploads\/2016\/06\/20160623-02-056.jpg\" rel=\"prettyPhoto[postgal_20291]\" class=\"show-hover-link block-h-1\"\"><img decoding=\"async\" src=\"http:\/\/www.rockpixx.com\/wordpress\/wp-content\/uploads\/2016\/06\/20160623-02-056-480x480.jpg\" alt=\"Bela B., 23.06.2016, Kiel, Kieler Woche, Rathaus-B\u00fchne\"\/><span class=\"before\"><\/span><span class=\"after\"><\/span><\/a><\/div><div class=\"isotope-item block-2 block-h-2\"><a href=\"http:\/\/www.rockpixx.com\/wordpress\/wp-content\/uploads\/2016\/06\/20160623-02-058.jpg\" rel=\"prettyPhoto[postgal_20291]\" class=\"show-hover-link block-h-2\"\"><img decoding=\"async\" src=\"http:\/\/www.rockpixx.com\/wordpress\/wp-content\/uploads\/2016\/06\/20160623-02-058-480x480.jpg\" alt=\"Bela B., 23.06.2016, Kiel, Kieler Woche, Rathaus-B\u00fchne\"\/><span class=\"before\"><\/span><span class=\"after\"><\/span><\/a><\/div><div class=\"isotope-item block-1 block-h-1\"><a href=\"http:\/\/www.rockpixx.com\/wordpress\/wp-content\/uploads\/2016\/06\/20160623-02-060.jpg\" rel=\"prettyPhoto[postgal_20291]\" class=\"show-hover-link block-h-1\"\"><img decoding=\"async\" src=\"http:\/\/www.rockpixx.com\/wordpress\/wp-content\/uploads\/2016\/06\/20160623-02-060-480x480.jpg\" alt=\"Bela B., 23.06.2016, Kiel, Kieler Woche, Rathaus-B\u00fchne\"\/><span class=\"before\"><\/span><span class=\"after\"><\/span><\/a><\/div><div class=\"isotope-item block-1 block-h-1\"><a href=\"http:\/\/www.rockpixx.com\/wordpress\/wp-content\/uploads\/2016\/06\/20160623-02-064.jpg\" rel=\"prettyPhoto[postgal_20291]\" class=\"show-hover-link block-h-1\"\"><img decoding=\"async\" src=\"http:\/\/www.rockpixx.com\/wordpress\/wp-content\/uploads\/2016\/06\/20160623-02-064-480x480.jpg\" alt=\"Bela B., 23.06.2016, Kiel, Kieler Woche, Rathaus-B\u00fchne\"\/><span class=\"before\"><\/span><span class=\"after\"><\/span><\/a><\/div><div class=\"isotope-item block-2 block-h-2\"><a href=\"http:\/\/www.rockpixx.com\/wordpress\/wp-content\/uploads\/2016\/06\/20160623-02-069.jpg\" rel=\"prettyPhoto[postgal_20291]\" class=\"show-hover-link block-h-2\"\"><img decoding=\"async\" src=\"http:\/\/www.rockpixx.com\/wordpress\/wp-content\/uploads\/2016\/06\/20160623-02-069-480x480.jpg\" alt=\"Bela B., 23.06.2016, Kiel, Kieler Woche, Rathaus-B\u00fchne\"\/><span class=\"before\"><\/span><span class=\"after\"><\/span><\/a><\/div><div class=\"isotope-item block-1 block-h-1\"><a href=\"http:\/\/www.rockpixx.com\/wordpress\/wp-content\/uploads\/2016\/06\/20160623-02-073.jpg\" rel=\"prettyPhoto[postgal_20291]\" class=\"show-hover-link block-h-1\"\"><img decoding=\"async\" src=\"http:\/\/www.rockpixx.com\/wordpress\/wp-content\/uploads\/2016\/06\/20160623-02-073-480x480.jpg\" alt=\"Bela B., 23.06.2016, Kiel, Kieler Woche, Rathaus-B\u00fchne\"\/><span class=\"before\"><\/span><span class=\"after\"><\/span><\/a><\/div><div class=\"isotope-item block-1 block-h-1\"><a href=\"http:\/\/www.rockpixx.com\/wordpress\/wp-content\/uploads\/2016\/06\/20160623-02-077.jpg\" rel=\"prettyPhoto[postgal_20291]\" class=\"show-hover-link block-h-1\"\"><img decoding=\"async\" src=\"http:\/\/www.rockpixx.com\/wordpress\/wp-content\/uploads\/2016\/06\/20160623-02-077-480x480.jpg\" alt=\"Bela B., 23.06.2016, Kiel, Kieler Woche, Rathaus-B\u00fchne\"\/><span class=\"before\"><\/span><span class=\"after\"><\/span><\/a><\/div><div class=\"isotope-item block-2 block-h-2\"><a href=\"http:\/\/www.rockpixx.com\/wordpress\/wp-content\/uploads\/2016\/06\/20160623-02-078.jpg\" rel=\"prettyPhoto[postgal_20291]\" class=\"show-hover-link block-h-2\"\"><img decoding=\"async\" src=\"http:\/\/www.rockpixx.com\/wordpress\/wp-content\/uploads\/2016\/06\/20160623-02-078-480x480.jpg\" alt=\"Bela B., 23.06.2016, Kiel, Kieler Woche, Rathaus-B\u00fchne\"\/><span class=\"before\"><\/span><span class=\"after\"><\/span><\/a><\/div><div class=\"isotope-item block-1 block-h-1\"><a href=\"http:\/\/www.rockpixx.com\/wordpress\/wp-content\/uploads\/2016\/06\/20160623-02-080.jpg\" rel=\"prettyPhoto[postgal_20291]\" class=\"show-hover-link block-h-1\"\"><img decoding=\"async\" src=\"http:\/\/www.rockpixx.com\/wordpress\/wp-content\/uploads\/2016\/06\/20160623-02-080-480x480.jpg\" alt=\"Bela B., 23.06.2016, Kiel, Kieler Woche, Rathaus-B\u00fchne\"\/><span class=\"before\"><\/span><span class=\"after\"><\/span><\/a><\/div><div class=\"isotope-item block-1 block-h-1\"><a href=\"http:\/\/www.rockpixx.com\/wordpress\/wp-content\/uploads\/2016\/06\/20160623-02-081.jpg\" rel=\"prettyPhoto[postgal_20291]\" class=\"show-hover-link block-h-1\"\"><img decoding=\"async\" src=\"http:\/\/www.rockpixx.com\/wordpress\/wp-content\/uploads\/2016\/06\/20160623-02-081-480x480.jpg\" alt=\"Bela B., 23.06.2016, Kiel, Kieler Woche, Rathaus-B\u00fchne\"\/><span class=\"before\"><\/span><span class=\"after\"><\/span><\/a><\/div><\/div><\/div>\n","protected":false},"excerpt":{"rendered":"<p>Mal sehen, wann wir unser Sammelalbum \u201eDie \u00c4rzte\u201c komplett haben. Nach Rod mit seiner Formation <a href=\"http:\/\/www.rockpixx.com\/wordpress\/bela-b-23-06-2016-kieler-woche-rathaus-buehne-kiel\/\">Read more<\/a><\/p>\n","protected":false},"author":3,"featured_media":20302,"comment_status":"open","ping_status":"open","sticky":false,"template":"","format":"standard","meta":{"_jetpack_memberships_contains_paid_content":false,"footnotes":"","jetpack_publicize_message":"#BellaB #KiWo #KielerWoche #RathausBuehne","jetpack_publicize_feature_enabled":true,"jetpack_social_post_already_shared":true,"jetpack_social_options":{"image_generator_settings":{"template":"highway","default_image_id":0,"font":"","enabled":false},"version":2}},"categories":[34,2466],"tags":[2434,2469,133,1735,138],"class_list":["post-20313","post","type-post","status-publish","format-standard","has-post-thumbnail","hentry","category-acts","category-bela-b","tag-2434","tag-bela-b","tag-festivals","tag-kiel","tag-kieler-woche"],"aioseo_notices":[],"jetpack_publicize_connections":[],"jetpack_featured_media_url":"http:\/\/www.rockpixx.com\/wordpress\/wp-content\/uploads\/2016\/06\/20160623-02-053.jpg","jetpack-related-posts":[{"id":20375,"url":"http:\/\/www.rockpixx.com\/wordpress\/biggs-b-sonic-23-06-2016-kieler-woche-rathaus-buehne-kiel\/","url_meta":{"origin":20313,"position":0},"title":"BIGGS B SONIC, 23.06.2016, Kieler Woche, Rathaus-B\u00fchne, Kiel","author":"A. Hahl","date":"24. Juni 2016","format":false,"excerpt":"Dieser laue bzw. hei\u00dfe Sommerabend steht an der Rathausb\u00fchne ganz unter dem Rockabilly-Motto. Er\u00f6ffnet wurde er von \u2192Bela B und nun warte ich hier im Graben vor der Rathausb\u00fchne auf \u201eBIGGS B SONIC\u201c. Immer wieder gehen die besorgten Blicke zum Himmel \u2013 es wurden ja f\u00fcr den heutigen Tag unwetterartige\u2026","rel":"","context":"In &quot;Acts&quot;","block_context":{"text":"Acts","link":"http:\/\/www.rockpixx.com\/wordpress\/category\/acts\/"},"img":{"alt_text":"BIGGS B SONIC, 23.06.2016, Kiel, Kieler Woche, Rathaus-B\u00fchne","src":"https:\/\/i0.wp.com\/www.rockpixx.com\/wordpress\/wp-content\/uploads\/2016\/06\/20160623-05-094.jpg?resize=350%2C200","width":350,"height":200,"srcset":"https:\/\/i0.wp.com\/www.rockpixx.com\/wordpress\/wp-content\/uploads\/2016\/06\/20160623-05-094.jpg?resize=350%2C200 1x, https:\/\/i0.wp.com\/www.rockpixx.com\/wordpress\/wp-content\/uploads\/2016\/06\/20160623-05-094.jpg?resize=525%2C300 1.5x, https:\/\/i0.wp.com\/www.rockpixx.com\/wordpress\/wp-content\/uploads\/2016\/06\/20160623-05-094.jpg?resize=700%2C400 2x"},"classes":[]},{"id":20274,"url":"http:\/\/www.rockpixx.com\/wordpress\/mallet-23-06-2016-kieler-woche-holsten-buehne-kiel\/","url_meta":{"origin":20313,"position":1},"title":"Mallet, 23.06.2016, Kieler Woche, Holsten-B\u00fchne, Kiel","author":"A. Hahl","date":"24. Juni 2016","format":false,"excerpt":"Es finden sich zwischen den ganzen gro\u00dfen und bekannten Bands und zwischen den \u201eWiederholungst\u00e4tern\u201c, die schon zu Kaisers Zeiten auf der Kieler Woche gespielt haben (und es vermutlich auch dann noch tun werden, wenn die Briten erneut EU-Mitglied sein werden, immer noch \u00fcberraschende Perlen. \u201eMallet\u201c ist so eine. Beim Warten\u2026","rel":"","context":"In &quot;Acts&quot;","block_context":{"text":"Acts","link":"http:\/\/www.rockpixx.com\/wordpress\/category\/acts\/"},"img":{"alt_text":"Mallet, 23.06.2016, Kiel, Kieler Woche, Holstenpark-B\u00fchne","src":"https:\/\/i0.wp.com\/www.rockpixx.com\/wordpress\/wp-content\/uploads\/2016\/06\/20160623-01-018.jpg?resize=350%2C200","width":350,"height":200,"srcset":"https:\/\/i0.wp.com\/www.rockpixx.com\/wordpress\/wp-content\/uploads\/2016\/06\/20160623-01-018.jpg?resize=350%2C200 1x, https:\/\/i0.wp.com\/www.rockpixx.com\/wordpress\/wp-content\/uploads\/2016\/06\/20160623-01-018.jpg?resize=525%2C300 1.5x, https:\/\/i0.wp.com\/www.rockpixx.com\/wordpress\/wp-content\/uploads\/2016\/06\/20160623-01-018.jpg?resize=700%2C400 2x"},"classes":[]},{"id":6637,"url":"http:\/\/www.rockpixx.com\/wordpress\/big-maggas-21-06-2010-kiel-kieler-woche-musikzelt\/","url_meta":{"origin":20313,"position":2},"title":"Big Maggas, 21.06.2010, Kiel, Kieler Woche Musikzelt","author":"Anja","date":"21. Juni 2010","format":false,"excerpt":"So und jetzt Kontrastprogramm\u2026 Big Maggas eine Kultband aus Hamburg. Eine Partyband, die es versteht, Ihr Publikum zu unterhalten. Los ging es schon mit der B\u00fchne, da stand ein K\u00e4fig f\u00fcr einen der Musiker und was mich freute, war, dass das Podest f\u00fcr die Drums am linken B\u00fchnenrand stand. So\u2026","rel":"","context":"In &quot;Acts&quot;","block_context":{"text":"Acts","link":"http:\/\/www.rockpixx.com\/wordpress\/category\/acts\/"},"img":{"alt_text":"Big Maggas, 21.06.2010, Kiel, Kieler Woche Musikzelt","src":"https:\/\/i0.wp.com\/www.rockpixx.com\/wordpress\/wp-content\/uploads\/2013\/01\/20100621-06-big-maggas-Artikel.jpg?resize=350%2C200","width":350,"height":200,"srcset":"https:\/\/i0.wp.com\/www.rockpixx.com\/wordpress\/wp-content\/uploads\/2013\/01\/20100621-06-big-maggas-Artikel.jpg?resize=350%2C200 1x, https:\/\/i0.wp.com\/www.rockpixx.com\/wordpress\/wp-content\/uploads\/2013\/01\/20100621-06-big-maggas-Artikel.jpg?resize=525%2C300 1.5x, https:\/\/i0.wp.com\/www.rockpixx.com\/wordpress\/wp-content\/uploads\/2013\/01\/20100621-06-big-maggas-Artikel.jpg?resize=700%2C400 2x"},"classes":[]},{"id":22565,"url":"http:\/\/www.rockpixx.com\/wordpress\/leony-2022\/","url_meta":{"origin":20313,"position":3},"title":"Leony, 17.06.2022, Kiel, Kieler Woche, F\u00f6rdeb\u00fchne","author":"A. Hahl","date":"18. Juni 2022","format":false,"excerpt":"Und nach 1.094 Tagen stehe ich auch endlich wieder im Graben einer B\u00fchne auf der \u201eKieler Woche\u201c: Heute stehe ich vor der F\u00f6rdeb\u00fchne und als Supportact f\u00fcr Max Giesinger steht nun Leony mit ihrer Band vor mir.","rel":"","context":"In &quot;Acts&quot;","block_context":{"text":"Acts","link":"http:\/\/www.rockpixx.com\/wordpress\/category\/acts\/"},"img":{"alt_text":"Leony, 17.06.2022, Kiel, Kieler Woche, F\u00f6rdeb\u00fchne","src":"https:\/\/i0.wp.com\/www.rockpixx.com\/wordpress\/wp-content\/uploads\/2022\/06\/20220607-1-rp-041.jpg?resize=350%2C200","width":350,"height":200,"srcset":"https:\/\/i0.wp.com\/www.rockpixx.com\/wordpress\/wp-content\/uploads\/2022\/06\/20220607-1-rp-041.jpg?resize=350%2C200 1x, https:\/\/i0.wp.com\/www.rockpixx.com\/wordpress\/wp-content\/uploads\/2022\/06\/20220607-1-rp-041.jpg?resize=525%2C300 1.5x, https:\/\/i0.wp.com\/www.rockpixx.com\/wordpress\/wp-content\/uploads\/2022\/06\/20220607-1-rp-041.jpg?resize=700%2C400 2x, https:\/\/i0.wp.com\/www.rockpixx.com\/wordpress\/wp-content\/uploads\/2022\/06\/20220607-1-rp-041.jpg?resize=1050%2C600 3x"},"classes":[]},{"id":1051,"url":"http:\/\/www.rockpixx.com\/wordpress\/kieler-woche-2011-tag-2\/","url_meta":{"origin":20313,"position":4},"title":"Kieler Woche 2011, Tag 2","author":"admin","date":"19. Juni 2011","format":false,"excerpt":"Moin, die \u201eKieler Woche\u201c f\u00e4ngt eigentlich immer \u00e4hnlich an. Wie schon beim \u2192 Review von \u201eAlphaville\u201c beschrieben, sieht es ungef\u00e4hr so aus: Ein Spitzensportler \u2013 dieses Mal Mannschaftskapit\u00e4n Marcus Ahlm von Deutschlands erfolgreichster Handball-Mannschaft der letzten Jahre, dem THW Kiel, glast, Politiker reden und werden von Demonstranten ausgebuht und dann\u2026","rel":"","context":"In &quot;2011&quot;","block_context":{"text":"2011","link":"http:\/\/www.rockpixx.com\/wordpress\/category\/backstage\/2011\/"},"img":{"alt_text":"","src":"https:\/\/i0.wp.com\/www.rockpixx.com\/wordpress\/wp-content\/uploads\/2013\/02\/20110619-2011-06_Kieler-Woche-0072.jpg?resize=350%2C200","width":350,"height":200,"srcset":"https:\/\/i0.wp.com\/www.rockpixx.com\/wordpress\/wp-content\/uploads\/2013\/02\/20110619-2011-06_Kieler-Woche-0072.jpg?resize=350%2C200 1x, https:\/\/i0.wp.com\/www.rockpixx.com\/wordpress\/wp-content\/uploads\/2013\/02\/20110619-2011-06_Kieler-Woche-0072.jpg?resize=525%2C300 1.5x, https:\/\/i0.wp.com\/www.rockpixx.com\/wordpress\/wp-content\/uploads\/2013\/02\/20110619-2011-06_Kieler-Woche-0072.jpg?resize=700%2C400 2x"},"classes":[]},{"id":6751,"url":"http:\/\/www.rockpixx.com\/wordpress\/wohnraumhelden-22-06-2010-kiel-kieler-woche-musikzelt\/","url_meta":{"origin":20313,"position":5},"title":"Wohnraumhelden, 22.06.2010, Kiel, Kieler Woche Musikzelt","author":"Anja","date":"22. Juni 2010","format":false,"excerpt":"\u201eWir sind Wohnraumhelden und kommen aus Hannover Slash Linden. Wir treten ein f\u00fcr die Verbesserung der Welt.\u201c \u2013 Und dann folgt ein Song mit dem Titel \u201eFleischsalat\u201c! Tja\u2026 was soll man dann noch machen, wenn man beinahe vor Lachen auf dem Boden liegt? Vor allem dann, wenn nach dem Song\u2026","rel":"","context":"In &quot;Acts&quot;","block_context":{"text":"Acts","link":"http:\/\/www.rockpixx.com\/wordpress\/category\/acts\/"},"img":{"alt_text":"Wohnraumhelden, 22.06.2010, Kiel, Kieler Woche Musikzelt","src":"https:\/\/i0.wp.com\/www.rockpixx.com\/wordpress\/wp-content\/uploads\/2013\/01\/20100622-05-wohnraumhelden-Artikel.jpg?resize=350%2C200","width":350,"height":200,"srcset":"https:\/\/i0.wp.com\/www.rockpixx.com\/wordpress\/wp-content\/uploads\/2013\/01\/20100622-05-wohnraumhelden-Artikel.jpg?resize=350%2C200 1x, https:\/\/i0.wp.com\/www.rockpixx.com\/wordpress\/wp-content\/uploads\/2013\/01\/20100622-05-wohnraumhelden-Artikel.jpg?resize=525%2C300 1.5x, https:\/\/i0.wp.com\/www.rockpixx.com\/wordpress\/wp-content\/uploads\/2013\/01\/20100622-05-wohnraumhelden-Artikel.jpg?resize=700%2C400 2x"},"classes":[]}],"jetpack_sharing_enabled":true,"publishpress_future_action":{"enabled":false,"date":"2026-05-07 07:47:30","action":"change-status","newStatus":"draft","terms":[],"taxonomy":"category","extraData":[]},"publishpress_future_workflow_manual_trigger":{"enabledWorkflows":[]},"_links":{"self":[{"href":"http:\/\/www.rockpixx.com\/wordpress\/wp-json\/wp\/v2\/posts\/20313","targetHints":{"allow":["GET"]}}],"collection":[{"href":"http:\/\/www.rockpixx.com\/wordpress\/wp-json\/wp\/v2\/posts"}],"about":[{"href":"http:\/\/www.rockpixx.com\/wordpress\/wp-json\/wp\/v2\/types\/post"}],"author":[{"embeddable":true,"href":"http:\/\/www.rockpixx.com\/wordpress\/wp-json\/wp\/v2\/users\/3"}],"replies":[{"embeddable":true,"href":"http:\/\/www.rockpixx.com\/wordpress\/wp-json\/wp\/v2\/comments?post=20313"}],"version-history":[{"count":0,"href":"http:\/\/www.rockpixx.com\/wordpress\/wp-json\/wp\/v2\/posts\/20313\/revisions"}],"wp:featuredmedia":[{"embeddable":true,"href":"http:\/\/www.rockpixx.com\/wordpress\/wp-json\/wp\/v2\/media\/20302"}],"wp:attachment":[{"href":"http:\/\/www.rockpixx.com\/wordpress\/wp-json\/wp\/v2\/media?parent=20313"}],"wp:term":[{"taxonomy":"category","embeddable":true,"href":"http:\/\/www.rockpixx.com\/wordpress\/wp-json\/wp\/v2\/categories?post=20313"},{"taxonomy":"post_tag","embeddable":true,"href":"http:\/\/www.rockpixx.com\/wordpress\/wp-json\/wp\/v2\/tags?post=20313"}],"curies":[{"name":"wp","href":"https:\/\/api.w.org\/{rel}","templated":true}]}}