{"id":20363,"date":"2016-06-24T15:40:52","date_gmt":"2016-06-24T14:40:52","guid":{"rendered":"http:\/\/rockpixx.com\/wordpress\/?p=20363"},"modified":"2016-06-24T17:55:26","modified_gmt":"2016-06-24T16:55:26","slug":"royal-republic-23-06-2016-kieler-woche-hoern-buehne-kiel","status":"publish","type":"post","link":"http:\/\/www.rockpixx.com\/wordpress\/royal-republic-23-06-2016-kieler-woche-hoern-buehne-kiel\/","title":{"rendered":"Royal Republic, 23.06.2016, Kieler Woche, H\u00f6rn-B\u00fchne, Kiel"},"content":{"rendered":"<p>\u201eSchweden rockt!\u201c habe ich ja schon in diversen anderen Reviews festgestellt und diese Festellung gilt nat\u00fcrlich auch hier und heute erneut f\u00fcr die vier Musiker von \u201eRoyal Republic\u201c. 2013 sah ich sie zuletzt auf dem \u201e<a href=\"http:\/\/rockpixx.com\/wordpress\/royal-republic-21-07-2013-deichbrand-festival-nordholz\/\">Deichbrand-Festival<\/a>\u201c und nun stehen sie erneut vor mir: Die Garderobe etwas edler, das B\u00fchnenbild etwas aufw\u00e4ndiger und die Musik immer noch so rockig wie einst.<\/p>\n<p><!--more--><\/p>\n<p>Frontmann Adam Grahn betreibt sehr viel Interaktion mit dem Publikum und l\u00e4sst auch ansonsten sehr zivilisiert die (Rampen-) Sau raus. Seine Mitstreiter Hannes Ireng\u00e5rd (g), Jonas Alm\u00e9n (b) sowie Per Andreasson (dr) stehen ihm dabei in nichts nach, so dass alle Anwesenden (sehr viel Publikum vor der H\u00f6rn-B\u00fchne plus etliche Fotografen im Graben) voll auf ihre Kosten kommen.<\/p>\n<p>Mir pers\u00f6nlich gefallen die leuchtenden Blitze in der B\u00fchnendeko au\u00dferordentlich gut und auch \u00fcber das Licht gibt es an dieser B\u00fchne wieder einmal absolut nichts zu meckern. Mittlerweile ist die H\u00f6rn-B\u00fchne in dieser Hinsicht mein Favorit auf der diesj\u00e4hrigen Kieler Woche.<\/p>\n<p>Fazit: Da hat \u201edelta radio\u201c einen tollen Act auf die H\u00f6rn-B\u00fchne gestellt, den ich beim Verlassen des Gel\u00e4ndes auch noch in etlichen hundert Metern Entfernung immer noch gut h\u00f6ren kann.<\/p>\n<p>&nbsp;<\/p>\n<p style=\"text-align: right;\">Fotos: <a href=\"mailto:info@rockpixx.com?subject=Royal%20Republic,%2023.06.2016,%20Kieler%20Woche,%20H\u00f6rn-B\u00fchne,%20Kiel\">Alex<\/a> | Text: <a href=\"mailto:info@rockpixx.com?subject=Royal%20Republic,%2023.06.2016,%20Kieler%20Woche,%20H\u00f6rn-B\u00fchne,%20Kiel\">Alex<\/a><\/p>\n<p>&nbsp;<\/p>\n<div class=\"eat-left eat-right\"><div class=\"thumbs-masonry isotope\"><div class=\"isotope-item block-2 block-h-2\"><a href=\"http:\/\/www.rockpixx.com\/wordpress\/wp-content\/uploads\/2016\/06\/20160623-04-002.jpg\" rel=\"prettyPhoto[postgal_20333]\" class=\"show-hover-link block-h-2\"\"><img decoding=\"async\" src=\"http:\/\/www.rockpixx.com\/wordpress\/wp-content\/uploads\/2016\/06\/20160623-04-002-480x480.jpg\" alt=\"Royal Republic, 23.06.2016, Kiel, Kieler Woche, H\u00f6rn-B\u00fchne\"\/><span class=\"before\"><\/span><span class=\"after\"><\/span><\/a><\/div><div class=\"isotope-item block-1 block-h-1\"><a href=\"http:\/\/www.rockpixx.com\/wordpress\/wp-content\/uploads\/2016\/06\/20160623-04-007.jpg\" rel=\"prettyPhoto[postgal_20333]\" class=\"show-hover-link block-h-1\"\"><img decoding=\"async\" src=\"http:\/\/www.rockpixx.com\/wordpress\/wp-content\/uploads\/2016\/06\/20160623-04-007-480x480.jpg\" alt=\"Royal Republic, 23.06.2016, Kiel, Kieler Woche, H\u00f6rn-B\u00fchne\"\/><span class=\"before\"><\/span><span class=\"after\"><\/span><\/a><\/div><div class=\"isotope-item block-1 block-h-1\"><a href=\"http:\/\/www.rockpixx.com\/wordpress\/wp-content\/uploads\/2016\/06\/20160623-04-008.jpg\" rel=\"prettyPhoto[postgal_20333]\" class=\"show-hover-link block-h-1\"\"><img decoding=\"async\" src=\"http:\/\/www.rockpixx.com\/wordpress\/wp-content\/uploads\/2016\/06\/20160623-04-008-480x480.jpg\" alt=\"Royal Republic, 23.06.2016, Kiel, Kieler Woche, H\u00f6rn-B\u00fchne\"\/><span class=\"before\"><\/span><span class=\"after\"><\/span><\/a><\/div><div class=\"isotope-item block-2 block-h-2\"><a href=\"http:\/\/www.rockpixx.com\/wordpress\/wp-content\/uploads\/2016\/06\/20160623-04-012.jpg\" rel=\"prettyPhoto[postgal_20333]\" class=\"show-hover-link block-h-2\"\"><img decoding=\"async\" src=\"http:\/\/www.rockpixx.com\/wordpress\/wp-content\/uploads\/2016\/06\/20160623-04-012-480x480.jpg\" alt=\"Royal Republic, 23.06.2016, Kiel, Kieler Woche, H\u00f6rn-B\u00fchne\"\/><span class=\"before\"><\/span><span class=\"after\"><\/span><\/a><\/div><div class=\"isotope-item block-1 block-h-1\"><a href=\"http:\/\/www.rockpixx.com\/wordpress\/wp-content\/uploads\/2016\/06\/20160623-04-015.jpg\" rel=\"prettyPhoto[postgal_20333]\" class=\"show-hover-link block-h-1\"\"><img decoding=\"async\" src=\"http:\/\/www.rockpixx.com\/wordpress\/wp-content\/uploads\/2016\/06\/20160623-04-015-480x480.jpg\" alt=\"Royal Republic, 23.06.2016, Kiel, Kieler Woche, H\u00f6rn-B\u00fchne\"\/><span class=\"before\"><\/span><span class=\"after\"><\/span><\/a><\/div><div class=\"isotope-item block-1 block-h-1\"><a href=\"http:\/\/www.rockpixx.com\/wordpress\/wp-content\/uploads\/2016\/06\/20160623-04-017.jpg\" rel=\"prettyPhoto[postgal_20333]\" class=\"show-hover-link block-h-1\"\"><img decoding=\"async\" src=\"http:\/\/www.rockpixx.com\/wordpress\/wp-content\/uploads\/2016\/06\/20160623-04-017-480x480.jpg\" alt=\"Royal Republic, 23.06.2016, Kiel, Kieler Woche, H\u00f6rn-B\u00fchne\"\/><span class=\"before\"><\/span><span class=\"after\"><\/span><\/a><\/div><div class=\"isotope-item block-2 block-h-2\"><a href=\"http:\/\/www.rockpixx.com\/wordpress\/wp-content\/uploads\/2016\/06\/20160623-04-019.jpg\" rel=\"prettyPhoto[postgal_20333]\" class=\"show-hover-link block-h-2\"\"><img decoding=\"async\" src=\"http:\/\/www.rockpixx.com\/wordpress\/wp-content\/uploads\/2016\/06\/20160623-04-019-480x480.jpg\" alt=\"Royal Republic, 23.06.2016, Kiel, Kieler Woche, H\u00f6rn-B\u00fchne\"\/><span class=\"before\"><\/span><span class=\"after\"><\/span><\/a><\/div><div class=\"isotope-item block-1 block-h-1\"><a href=\"http:\/\/www.rockpixx.com\/wordpress\/wp-content\/uploads\/2016\/06\/20160623-04-021.jpg\" rel=\"prettyPhoto[postgal_20333]\" class=\"show-hover-link block-h-1\"\"><img decoding=\"async\" src=\"http:\/\/www.rockpixx.com\/wordpress\/wp-content\/uploads\/2016\/06\/20160623-04-021-480x480.jpg\" alt=\"Royal Republic, 23.06.2016, Kiel, Kieler Woche, H\u00f6rn-B\u00fchne\"\/><span class=\"before\"><\/span><span class=\"after\"><\/span><\/a><\/div><div class=\"isotope-item block-1 block-h-1\"><a href=\"http:\/\/www.rockpixx.com\/wordpress\/wp-content\/uploads\/2016\/06\/20160623-04-026.jpg\" rel=\"prettyPhoto[postgal_20333]\" class=\"show-hover-link block-h-1\"\"><img decoding=\"async\" src=\"http:\/\/www.rockpixx.com\/wordpress\/wp-content\/uploads\/2016\/06\/20160623-04-026-480x480.jpg\" alt=\"Royal Republic, 23.06.2016, Kiel, Kieler Woche, H\u00f6rn-B\u00fchne\"\/><span class=\"before\"><\/span><span class=\"after\"><\/span><\/a><\/div><div class=\"isotope-item block-2 block-h-2\"><a href=\"http:\/\/www.rockpixx.com\/wordpress\/wp-content\/uploads\/2016\/06\/20160623-04-030.jpg\" rel=\"prettyPhoto[postgal_20333]\" class=\"show-hover-link block-h-2\"\"><img decoding=\"async\" src=\"http:\/\/www.rockpixx.com\/wordpress\/wp-content\/uploads\/2016\/06\/20160623-04-030-480x480.jpg\" alt=\"Royal Republic, 23.06.2016, Kiel, Kieler Woche, H\u00f6rn-B\u00fchne\"\/><span class=\"before\"><\/span><span class=\"after\"><\/span><\/a><\/div><div class=\"isotope-item block-1 block-h-1\"><a href=\"http:\/\/www.rockpixx.com\/wordpress\/wp-content\/uploads\/2016\/06\/20160623-04-035.jpg\" rel=\"prettyPhoto[postgal_20333]\" class=\"show-hover-link block-h-1\"\"><img decoding=\"async\" src=\"http:\/\/www.rockpixx.com\/wordpress\/wp-content\/uploads\/2016\/06\/20160623-04-035-480x480.jpg\" alt=\"Royal Republic, 23.06.2016, Kiel, Kieler Woche, H\u00f6rn-B\u00fchne\"\/><span class=\"before\"><\/span><span class=\"after\"><\/span><\/a><\/div><div class=\"isotope-item block-1 block-h-1\"><a href=\"http:\/\/www.rockpixx.com\/wordpress\/wp-content\/uploads\/2016\/06\/20160623-04-042.jpg\" rel=\"prettyPhoto[postgal_20333]\" class=\"show-hover-link block-h-1\"\"><img decoding=\"async\" src=\"http:\/\/www.rockpixx.com\/wordpress\/wp-content\/uploads\/2016\/06\/20160623-04-042-480x480.jpg\" alt=\"Royal Republic, 23.06.2016, Kiel, Kieler Woche, H\u00f6rn-B\u00fchne\"\/><span class=\"before\"><\/span><span class=\"after\"><\/span><\/a><\/div><div class=\"isotope-item block-2 block-h-2\"><a href=\"http:\/\/www.rockpixx.com\/wordpress\/wp-content\/uploads\/2016\/06\/20160623-04-051.jpg\" rel=\"prettyPhoto[postgal_20333]\" class=\"show-hover-link block-h-2\"\"><img decoding=\"async\" src=\"http:\/\/www.rockpixx.com\/wordpress\/wp-content\/uploads\/2016\/06\/20160623-04-051-480x480.jpg\" alt=\"Royal Republic, 23.06.2016, Kiel, Kieler Woche, H\u00f6rn-B\u00fchne\"\/><span class=\"before\"><\/span><span class=\"after\"><\/span><\/a><\/div><div class=\"isotope-item block-1 block-h-1\"><a href=\"http:\/\/www.rockpixx.com\/wordpress\/wp-content\/uploads\/2016\/06\/20160623-04-055.jpg\" rel=\"prettyPhoto[postgal_20333]\" class=\"show-hover-link block-h-1\"\"><img decoding=\"async\" src=\"http:\/\/www.rockpixx.com\/wordpress\/wp-content\/uploads\/2016\/06\/20160623-04-055-480x480.jpg\" alt=\"Royal Republic, 23.06.2016, Kiel, Kieler Woche, H\u00f6rn-B\u00fchne\"\/><span class=\"before\"><\/span><span class=\"after\"><\/span><\/a><\/div><div class=\"isotope-item block-1 block-h-1\"><a href=\"http:\/\/www.rockpixx.com\/wordpress\/wp-content\/uploads\/2016\/06\/20160623-04-063.jpg\" rel=\"prettyPhoto[postgal_20333]\" class=\"show-hover-link block-h-1\"\"><img decoding=\"async\" src=\"http:\/\/www.rockpixx.com\/wordpress\/wp-content\/uploads\/2016\/06\/20160623-04-063-480x480.jpg\" alt=\"Royal Republic, 23.06.2016, Kiel, Kieler Woche, H\u00f6rn-B\u00fchne\"\/><span class=\"before\"><\/span><span class=\"after\"><\/span><\/a><\/div><div class=\"isotope-item block-2 block-h-2\"><a href=\"http:\/\/www.rockpixx.com\/wordpress\/wp-content\/uploads\/2016\/06\/20160623-04-078.jpg\" rel=\"prettyPhoto[postgal_20333]\" class=\"show-hover-link block-h-2\"\"><img decoding=\"async\" src=\"http:\/\/www.rockpixx.com\/wordpress\/wp-content\/uploads\/2016\/06\/20160623-04-078-480x480.jpg\" alt=\"Royal Republic, 23.06.2016, Kiel, Kieler Woche, H\u00f6rn-B\u00fchne\"\/><span class=\"before\"><\/span><span class=\"after\"><\/span><\/a><\/div><div class=\"isotope-item block-1 block-h-1\"><a href=\"http:\/\/www.rockpixx.com\/wordpress\/wp-content\/uploads\/2016\/06\/20160623-04-084.jpg\" rel=\"prettyPhoto[postgal_20333]\" class=\"show-hover-link block-h-1\"\"><img decoding=\"async\" src=\"http:\/\/www.rockpixx.com\/wordpress\/wp-content\/uploads\/2016\/06\/20160623-04-084-480x480.jpg\" alt=\"Royal Republic, 23.06.2016, Kiel, Kieler Woche, H\u00f6rn-B\u00fchne\"\/><span class=\"before\"><\/span><span class=\"after\"><\/span><\/a><\/div><div class=\"isotope-item block-1 block-h-1\"><a href=\"http:\/\/www.rockpixx.com\/wordpress\/wp-content\/uploads\/2016\/06\/20160623-04-091.jpg\" rel=\"prettyPhoto[postgal_20333]\" class=\"show-hover-link block-h-1\"\"><img decoding=\"async\" src=\"http:\/\/www.rockpixx.com\/wordpress\/wp-content\/uploads\/2016\/06\/20160623-04-091-480x480.jpg\" alt=\"Royal Republic, 23.06.2016, Kiel, Kieler Woche, H\u00f6rn-B\u00fchne\"\/><span class=\"before\"><\/span><span class=\"after\"><\/span><\/a><\/div><div class=\"isotope-item block-2 block-h-2\"><a href=\"http:\/\/www.rockpixx.com\/wordpress\/wp-content\/uploads\/2016\/06\/20160623-04-094.jpg\" rel=\"prettyPhoto[postgal_20333]\" class=\"show-hover-link block-h-2\"\"><img decoding=\"async\" src=\"http:\/\/www.rockpixx.com\/wordpress\/wp-content\/uploads\/2016\/06\/20160623-04-094-480x480.jpg\" alt=\"Royal Republic, 23.06.2016, Kiel, Kieler Woche, H\u00f6rn-B\u00fchne\"\/><span class=\"before\"><\/span><span class=\"after\"><\/span><\/a><\/div><div class=\"isotope-item block-1 block-h-1\"><a href=\"http:\/\/www.rockpixx.com\/wordpress\/wp-content\/uploads\/2016\/06\/20160623-04-097.jpg\" rel=\"prettyPhoto[postgal_20333]\" class=\"show-hover-link block-h-1\"\"><img decoding=\"async\" src=\"http:\/\/www.rockpixx.com\/wordpress\/wp-content\/uploads\/2016\/06\/20160623-04-097-480x480.jpg\" alt=\"Royal Republic, 23.06.2016, Kiel, Kieler Woche, H\u00f6rn-B\u00fchne\"\/><span class=\"before\"><\/span><span class=\"after\"><\/span><\/a><\/div><div class=\"isotope-item block-1 block-h-1\"><a href=\"http:\/\/www.rockpixx.com\/wordpress\/wp-content\/uploads\/2016\/06\/20160623-04-100.jpg\" rel=\"prettyPhoto[postgal_20333]\" class=\"show-hover-link block-h-1\"\"><img decoding=\"async\" src=\"http:\/\/www.rockpixx.com\/wordpress\/wp-content\/uploads\/2016\/06\/20160623-04-100-480x480.jpg\" alt=\"Royal Republic, 23.06.2016, Kiel, Kieler Woche, H\u00f6rn-B\u00fchne\"\/><span class=\"before\"><\/span><span class=\"after\"><\/span><\/a><\/div><div class=\"isotope-item block-2 block-h-2\"><a href=\"http:\/\/www.rockpixx.com\/wordpress\/wp-content\/uploads\/2016\/06\/20160623-04-107.jpg\" rel=\"prettyPhoto[postgal_20333]\" class=\"show-hover-link block-h-2\"\"><img decoding=\"async\" src=\"http:\/\/www.rockpixx.com\/wordpress\/wp-content\/uploads\/2016\/06\/20160623-04-107-480x480.jpg\" alt=\"Royal Republic, 23.06.2016, Kiel, Kieler Woche, H\u00f6rn-B\u00fchne\"\/><span class=\"before\"><\/span><span class=\"after\"><\/span><\/a><\/div><div class=\"isotope-item block-1 block-h-1\"><a href=\"http:\/\/www.rockpixx.com\/wordpress\/wp-content\/uploads\/2016\/06\/20160623-04-122.jpg\" rel=\"prettyPhoto[postgal_20333]\" class=\"show-hover-link block-h-1\"\"><img decoding=\"async\" src=\"http:\/\/www.rockpixx.com\/wordpress\/wp-content\/uploads\/2016\/06\/20160623-04-122-480x480.jpg\" alt=\"Royal Republic, 23.06.2016, Kiel, Kieler Woche, H\u00f6rn-B\u00fchne\"\/><span class=\"before\"><\/span><span class=\"after\"><\/span><\/a><\/div><div class=\"isotope-item block-1 block-h-1\"><a href=\"http:\/\/www.rockpixx.com\/wordpress\/wp-content\/uploads\/2016\/06\/20160623-04-126.jpg\" rel=\"prettyPhoto[postgal_20333]\" class=\"show-hover-link block-h-1\"\"><img decoding=\"async\" src=\"http:\/\/www.rockpixx.com\/wordpress\/wp-content\/uploads\/2016\/06\/20160623-04-126-480x480.jpg\" alt=\"Royal Republic, 23.06.2016, Kiel, Kieler Woche, H\u00f6rn-B\u00fchne\"\/><span class=\"before\"><\/span><span class=\"after\"><\/span><\/a><\/div><div class=\"isotope-item block-2 block-h-2\"><a href=\"http:\/\/www.rockpixx.com\/wordpress\/wp-content\/uploads\/2016\/06\/20160623-04-142.jpg\" rel=\"prettyPhoto[postgal_20333]\" class=\"show-hover-link block-h-2\"\"><img decoding=\"async\" src=\"http:\/\/www.rockpixx.com\/wordpress\/wp-content\/uploads\/2016\/06\/20160623-04-142-480x480.jpg\" alt=\"Royal Republic, 23.06.2016, Kiel, Kieler Woche, H\u00f6rn-B\u00fchne\"\/><span class=\"before\"><\/span><span class=\"after\"><\/span><\/a><\/div><div class=\"isotope-item block-1 block-h-1\"><a href=\"http:\/\/www.rockpixx.com\/wordpress\/wp-content\/uploads\/2016\/06\/20160623-04-157.jpg\" rel=\"prettyPhoto[postgal_20333]\" class=\"show-hover-link block-h-1\"\"><img decoding=\"async\" src=\"http:\/\/www.rockpixx.com\/wordpress\/wp-content\/uploads\/2016\/06\/20160623-04-157-480x480.jpg\" alt=\"Royal Republic, 23.06.2016, Kiel, Kieler Woche, H\u00f6rn-B\u00fchne\"\/><span class=\"before\"><\/span><span class=\"after\"><\/span><\/a><\/div><\/div><\/div>\n","protected":false},"excerpt":{"rendered":"<p>\u201eSchweden rockt!\u201c habe ich ja schon in diversen anderen Reviews festgestellt und diese Festellung gilt <a href=\"http:\/\/www.rockpixx.com\/wordpress\/royal-republic-23-06-2016-kieler-woche-hoern-buehne-kiel\/\">Read more<\/a><\/p>\n","protected":false},"author":3,"featured_media":20359,"comment_status":"open","ping_status":"open","sticky":false,"template":"","format":"standard","meta":{"_jetpack_memberships_contains_paid_content":false,"footnotes":"","jetpack_publicize_message":"#RoyalRepublic #KiWo #KielerWoche #kiwohoern","jetpack_publicize_feature_enabled":true,"jetpack_social_post_already_shared":true,"jetpack_social_options":{"image_generator_settings":{"template":"highway","default_image_id":0,"font":"","enabled":false},"version":2}},"categories":[34,1230],"tags":[2434,133,1645,1735,138,2251],"class_list":["post-20363","post","type-post","status-publish","format-standard","has-post-thumbnail","hentry","category-acts","category-royal-republic","tag-2434","tag-festivals","tag-horn-buhne","tag-kiel","tag-kieler-woche","tag-royal-republic"],"aioseo_notices":[],"jetpack_publicize_connections":[],"jetpack_featured_media_url":"http:\/\/www.rockpixx.com\/wordpress\/wp-content\/uploads\/2016\/06\/20160623-04-157.jpg","jetpack-related-posts":[{"id":21834,"url":"http:\/\/www.rockpixx.com\/wordpress\/sasha-kiel-2018\/","url_meta":{"origin":20363,"position":0},"title":"Sasha 15.06.2018, H\u00f6rn-B\u00fchne, Kiel","author":"A. Hahl","date":"16. Juni 2018","format":false,"excerpt":"Aller guten Dinge sind Drei: Nach 2009 und 2015 stehe ich nun wieder ein in einem B\u00fchnengaben und lichte Sasha ab. Ok, 2011 und 2012 hatte ich schon seinen kanadischen Zwilling Dick Brave fotografiert, aber das ist eine andere Story\u2026 Nun, im Jahr 2018, ist das neue Album \u201eSchl\u00fcsselkind\u201c frisch\u2026","rel":"","context":"In &quot;Acts&quot;","block_context":{"text":"Acts","link":"http:\/\/www.rockpixx.com\/wordpress\/category\/acts\/"},"img":{"alt_text":"Sasha 15.06.2018, H\u00f6rn-B\u00fchne, Kiel","src":"https:\/\/i0.wp.com\/www.rockpixx.com\/wordpress\/wp-content\/uploads\/2018\/06\/20180615-02-057.jpg?resize=350%2C200","width":350,"height":200,"srcset":"https:\/\/i0.wp.com\/www.rockpixx.com\/wordpress\/wp-content\/uploads\/2018\/06\/20180615-02-057.jpg?resize=350%2C200 1x, https:\/\/i0.wp.com\/www.rockpixx.com\/wordpress\/wp-content\/uploads\/2018\/06\/20180615-02-057.jpg?resize=525%2C300 1.5x, https:\/\/i0.wp.com\/www.rockpixx.com\/wordpress\/wp-content\/uploads\/2018\/06\/20180615-02-057.jpg?resize=700%2C400 2x"},"classes":[]},{"id":18637,"url":"http:\/\/www.rockpixx.com\/wordpress\/anastacia-24-06-2015-kieler-woche-hoern-buehne-kiel\/","url_meta":{"origin":20363,"position":1},"title":"Anastacia, 24.06.2015, Kieler Woche, H\u00f6rn-B\u00fchne, Kiel","author":"Anja","date":"25. Juni 2015","format":false,"excerpt":"Schon im letzten Jahr sollte Anastacia auf der H\u00f6rn-B\u00fchne zur Kieler Woche auftreten. Doch leider musste Sie krankheitsbedingt absagen. Ihren Fans versprach sie aber, dass sie im darauf folgenden Jahr auf der Kieler Woche auftreten wird. Dieses Versprechen hat sie gehalten und so stehen wir hier vor der H\u00f6rn-B\u00fchne und\u2026","rel":"","context":"In &quot;Acts&quot;","block_context":{"text":"Acts","link":"http:\/\/www.rockpixx.com\/wordpress\/category\/acts\/"},"img":{"alt_text":"Anastacia, H\u00f6rn-B\u00fchne, Kiel, 24.06.2015","src":"https:\/\/i0.wp.com\/www.rockpixx.com\/wordpress\/wp-content\/uploads\/2015\/06\/20150624-01-110_anastacia_Artikel.jpg?resize=350%2C200","width":350,"height":200,"srcset":"https:\/\/i0.wp.com\/www.rockpixx.com\/wordpress\/wp-content\/uploads\/2015\/06\/20150624-01-110_anastacia_Artikel.jpg?resize=350%2C200 1x, https:\/\/i0.wp.com\/www.rockpixx.com\/wordpress\/wp-content\/uploads\/2015\/06\/20150624-01-110_anastacia_Artikel.jpg?resize=525%2C300 1.5x, https:\/\/i0.wp.com\/www.rockpixx.com\/wordpress\/wp-content\/uploads\/2015\/06\/20150624-01-110_anastacia_Artikel.jpg?resize=700%2C400 2x"},"classes":[]},{"id":18571,"url":"http:\/\/www.rockpixx.com\/wordpress\/the-subways-23-06-2015-kieler-woche-hoern-buehne-kiel\/","url_meta":{"origin":20363,"position":2},"title":"The Subways, 23.06.2015, Kieler Woche, H\u00f6rn-B\u00fchne, Kiel","author":"Anja","date":"25. Juni 2015","format":false,"excerpt":"Zugegeben, ich tue mich immer etwas schwer, wenn ich Charlotte vor den Kameras habe: Welche Bilder soll ich denn nun rauswerfen? Eigentlich sind doch noch soooo viele mehr auch toll. Kenner haben es schon gemerkt, hier ist von Charlotte Cooper von \u201eThe Subways\u201c die Rede. Ich erlebe erneut, wie diese\u2026","rel":"","context":"In &quot;Acts&quot;","block_context":{"text":"Acts","link":"http:\/\/www.rockpixx.com\/wordpress\/category\/acts\/"},"img":{"alt_text":"The Subways, 23.06.2015, H\u00f6rn-B\u00fchne, Kiel","src":"https:\/\/i0.wp.com\/www.rockpixx.com\/wordpress\/wp-content\/uploads\/2015\/06\/20150623-10-036_the-subways_Artikel.jpg?resize=350%2C200","width":350,"height":200,"srcset":"https:\/\/i0.wp.com\/www.rockpixx.com\/wordpress\/wp-content\/uploads\/2015\/06\/20150623-10-036_the-subways_Artikel.jpg?resize=350%2C200 1x, https:\/\/i0.wp.com\/www.rockpixx.com\/wordpress\/wp-content\/uploads\/2015\/06\/20150623-10-036_the-subways_Artikel.jpg?resize=525%2C300 1.5x, https:\/\/i0.wp.com\/www.rockpixx.com\/wordpress\/wp-content\/uploads\/2015\/06\/20150623-10-036_the-subways_Artikel.jpg?resize=700%2C400 2x"},"classes":[]},{"id":11261,"url":"http:\/\/www.rockpixx.com\/wordpress\/die-fantastischen-vier-28-09-2013-kiel-horn-buhne\/","url_meta":{"origin":20363,"position":3},"title":"Die Fantastischen Vier, 28.06.2013, Kiel, h\u00f6rn b\u00fchne","author":"Anja","date":"29. Juni 2013","format":false,"excerpt":"Einmal eine Premiere und einmal Altbekanntes: Zum ersten Mal w\u00e4hrend dieser Kieler Woche befinde ich mich an der h\u00f6rn b\u00fchne und erneut stehe ich bei den \u201eFantastischen Vier\u201c im Regen \u2013 was auch sonst? (s. \u2192\u00a0Deichbrand Festival 2012). Es ist das einzige Konzert an dieser B\u00fchne, f\u00fcr das dieses Mal\u2026","rel":"","context":"In &quot;Acts&quot;","block_context":{"text":"Acts","link":"http:\/\/www.rockpixx.com\/wordpress\/category\/acts\/"},"img":{"alt_text":"Die Fantastischen Vier","src":"https:\/\/i0.wp.com\/www.rockpixx.com\/wordpress\/wp-content\/uploads\/2013\/06\/20130628-03-122_fanta4-Artikel.jpg?resize=350%2C200","width":350,"height":200,"srcset":"https:\/\/i0.wp.com\/www.rockpixx.com\/wordpress\/wp-content\/uploads\/2013\/06\/20130628-03-122_fanta4-Artikel.jpg?resize=350%2C200 1x, https:\/\/i0.wp.com\/www.rockpixx.com\/wordpress\/wp-content\/uploads\/2013\/06\/20130628-03-122_fanta4-Artikel.jpg?resize=525%2C300 1.5x, https:\/\/i0.wp.com\/www.rockpixx.com\/wordpress\/wp-content\/uploads\/2013\/06\/20130628-03-122_fanta4-Artikel.jpg?resize=700%2C400 2x"},"classes":[]},{"id":18642,"url":"http:\/\/www.rockpixx.com\/wordpress\/merqury-24-06-2015-kieler-woche-hoern-buehne-kiel\/","url_meta":{"origin":20363,"position":4},"title":"MerQury, 24.06.2015, Kieler Woche, H\u00f6rn-B\u00fchne, Kiel","author":"Anja","date":"25. Juni 2015","format":false,"excerpt":"Kieler Woche und \u201eMerQury\u201c die Zweite \u2013 nach dem Auftritt am \u2192 Montag auf der NetUSE-B\u00fchne erleben wir heute die Musiker auf der H\u00f6rn-B\u00fchne vor einem gro\u00dfen und begeisterten Publikum. W\u00e4hrend wir Backstage warteten, weil Anastacia noch auf der B\u00fchne war, versprach ich Johnny, Falk, Volker und Norbert diesmal das\u2026","rel":"","context":"In &quot;Acts&quot;","block_context":{"text":"Acts","link":"http:\/\/www.rockpixx.com\/wordpress\/category\/acts\/"},"img":{"alt_text":"MerQury, H\u00f6rn-B\u00fchne, Kiel, 24.06.2015","src":"https:\/\/i0.wp.com\/www.rockpixx.com\/wordpress\/wp-content\/uploads\/2015\/06\/20150624-02-415_merqury_Artikel.jpg?resize=350%2C200","width":350,"height":200,"srcset":"https:\/\/i0.wp.com\/www.rockpixx.com\/wordpress\/wp-content\/uploads\/2015\/06\/20150624-02-415_merqury_Artikel.jpg?resize=350%2C200 1x, https:\/\/i0.wp.com\/www.rockpixx.com\/wordpress\/wp-content\/uploads\/2015\/06\/20150624-02-415_merqury_Artikel.jpg?resize=525%2C300 1.5x, https:\/\/i0.wp.com\/www.rockpixx.com\/wordpress\/wp-content\/uploads\/2015\/06\/20150624-02-415_merqury_Artikel.jpg?resize=700%2C400 2x"},"classes":[]},{"id":18684,"url":"http:\/\/www.rockpixx.com\/wordpress\/the-baseballs-26-06-2015-kieler-woche-hoern-buehne-kiel\/","url_meta":{"origin":20363,"position":5},"title":"The Baseballs, 26.06.2015, Kieler Woche, H\u00f6rn-B\u00fchne, Kiel","author":"Anja","date":"27. Juni 2015","format":false,"excerpt":"Freitag, der achte Tag der Kieler Woche 2015 \u2013 wir befinden uns auf der Zielgeraden. An der H\u00f6rn regiert der Rock\u2019n\u2019Roll der F\u00fcnfziger des letzen Jahrhunderts. Wer hier jetzt auf Grund der Musikrichtung eine \u201eRenterband\u201c erwartet, der liegt meilenweit daneben. Die B\u00fchne geh\u00f6rte an diesem Abend \u201eThe Baseballs\u201c, die mittlerweile\u2026","rel":"","context":"In &quot;Acts&quot;","block_context":{"text":"Acts","link":"http:\/\/www.rockpixx.com\/wordpress\/category\/acts\/"},"img":{"alt_text":"The Baseballs, 26.06.2015, H\u00f6rn-B\u00fchne, Kiel","src":"https:\/\/i0.wp.com\/www.rockpixx.com\/wordpress\/wp-content\/uploads\/2015\/06\/20150626-01-078_baseballs_Artikel.jpg?resize=350%2C200","width":350,"height":200,"srcset":"https:\/\/i0.wp.com\/www.rockpixx.com\/wordpress\/wp-content\/uploads\/2015\/06\/20150626-01-078_baseballs_Artikel.jpg?resize=350%2C200 1x, https:\/\/i0.wp.com\/www.rockpixx.com\/wordpress\/wp-content\/uploads\/2015\/06\/20150626-01-078_baseballs_Artikel.jpg?resize=525%2C300 1.5x, https:\/\/i0.wp.com\/www.rockpixx.com\/wordpress\/wp-content\/uploads\/2015\/06\/20150626-01-078_baseballs_Artikel.jpg?resize=700%2C400 2x"},"classes":[]}],"jetpack_sharing_enabled":true,"publishpress_future_action":{"enabled":false,"date":"2026-05-06 18:41:33","action":"change-status","newStatus":"draft","terms":[],"taxonomy":"category","extraData":[]},"publishpress_future_workflow_manual_trigger":{"enabledWorkflows":[]},"_links":{"self":[{"href":"http:\/\/www.rockpixx.com\/wordpress\/wp-json\/wp\/v2\/posts\/20363","targetHints":{"allow":["GET"]}}],"collection":[{"href":"http:\/\/www.rockpixx.com\/wordpress\/wp-json\/wp\/v2\/posts"}],"about":[{"href":"http:\/\/www.rockpixx.com\/wordpress\/wp-json\/wp\/v2\/types\/post"}],"author":[{"embeddable":true,"href":"http:\/\/www.rockpixx.com\/wordpress\/wp-json\/wp\/v2\/users\/3"}],"replies":[{"embeddable":true,"href":"http:\/\/www.rockpixx.com\/wordpress\/wp-json\/wp\/v2\/comments?post=20363"}],"version-history":[{"count":0,"href":"http:\/\/www.rockpixx.com\/wordpress\/wp-json\/wp\/v2\/posts\/20363\/revisions"}],"wp:featuredmedia":[{"embeddable":true,"href":"http:\/\/www.rockpixx.com\/wordpress\/wp-json\/wp\/v2\/media\/20359"}],"wp:attachment":[{"href":"http:\/\/www.rockpixx.com\/wordpress\/wp-json\/wp\/v2\/media?parent=20363"}],"wp:term":[{"taxonomy":"category","embeddable":true,"href":"http:\/\/www.rockpixx.com\/wordpress\/wp-json\/wp\/v2\/categories?post=20363"},{"taxonomy":"post_tag","embeddable":true,"href":"http:\/\/www.rockpixx.com\/wordpress\/wp-json\/wp\/v2\/tags?post=20363"}],"curies":[{"name":"wp","href":"https:\/\/api.w.org\/{rel}","templated":true}]}}