{"id":20427,"date":"2016-07-05T12:02:59","date_gmt":"2016-07-05T11:02:59","guid":{"rendered":"http:\/\/rockpixx.com\/wordpress\/?p=20427"},"modified":"2016-07-06T17:53:03","modified_gmt":"2016-07-06T16:53:03","slug":"hermes-house-band-02-07-2016-radio-nora-sommer-open-air-eckernfoerde","status":"publish","type":"post","link":"http:\/\/www.rockpixx.com\/wordpress\/hermes-house-band-02-07-2016-radio-nora-sommer-open-air-eckernfoerde\/","title":{"rendered":"Hermes House Band, 02.07.2016, Radio NORA Sommer Open Air, Eckernf\u00f6rde"},"content":{"rendered":"<p>Man kennt die Situation: \u00dcberall dort, wo eine bekannte Band gut gelaunt Party- und Top 40-Musik verstr\u00f6men soll und auch ein etwas gr\u00f6\u00dferes Budget vorhanden ist, als es ein kleineres Stadtfest zur Verf\u00fcgung hat, da kommt Musik aus Holland aus den Boxen.<\/p>\n<p><!--more--><\/p>\n<p>So auch bei der diesj\u00e4hrigen Auflage des \u201eRadio NORA Sommer Open Airs\u201c am S\u00fcdstrand in Eckernf\u00f6rde direkt an der Ostsee: Die \u201eHermes House Band\u201c er\u00f6ffnet den Reigen am Strand vor etliche tausend Festivalbesuchern und spielt Bew\u00e4hrtes (dazu geh\u00f6rt nat\u00fcrlich auch das geforderte und bekannte \u201eCountry Rose\u201c). Die Musiker um den Kern mit Robin Maas, Jop Wijlacker und Sally Flissinger sind alle durchweg gut gelaunt und verspr\u00fchen gute Stimmung, um gegen spontane Regeng\u00fcsse an zu musizieren.<\/p>\n<p>Fazit: Bei solchen Veranstaltungen funktioniert die \u201eHermes House Band\u201c immer \u2013 wie ich <a href=\"http:\/\/rockpixx.com\/wordpress\/hermes-house-band-25-06-2010-kiel-ndr-buhne\/\">schon 2010 vor der NDR B\u00fchne<\/a> feststellen konnte.<\/p>\n<p>Noch ein erkl\u00e4rendes Wort zum Titel der Veranstaltung: \u201eRadio NORA\u201c sendet ja seit einiger Zeit nur noch \u00fcber drei Streams im www, nicht mehr \u00fcber UKW. Stattdessen gibt es ja jetzt in Schleswig-Holstein auch \u201eRadio BOB!\u201c. Die Veranstaltung wurde allerdings zu der Zeit konzipiert, als \u201eRadio NORA\u201c noch \u00fcber den \u00c4ther zu empfangen gewesen ist und richtet sich vom LineUp her auch eher an die Zielgruppe von \u201eRadio NORA\u201c. Von daher haben die Veranstalter den bekannten Namen behalten.<\/p>\n<p style=\"text-align: right;\">Fotos: <a href=\"mailto:info@rockpixx.com\">Alex<\/a> | Text: <a href=\"mailto:info@rockpixx.com\">Alex<\/a><\/p>\n<p style=\"text-align: right;\">\n<p style=\"text-align: left;\"><div class=\"eat-left eat-right\"><div class=\"thumbs-masonry isotope\"><div class=\"isotope-item block-2 block-h-2\"><a href=\"http:\/\/www.rockpixx.com\/wordpress\/wp-content\/uploads\/2016\/07\/20160702-01-017.jpg\" rel=\"prettyPhoto[postgal_20428]\" class=\"show-hover-link block-h-2\"\"><img decoding=\"async\" src=\"http:\/\/www.rockpixx.com\/wordpress\/wp-content\/uploads\/2016\/07\/20160702-01-017-480x480.jpg\" alt=\"Hermes House Band, 02.07.2016, Radio NORA Sommer Open Air, Eckernf\u00f6rde\"\/><span class=\"before\"><\/span><span class=\"after\"><\/span><\/a><\/div><div class=\"isotope-item block-1 block-h-1\"><a href=\"http:\/\/www.rockpixx.com\/wordpress\/wp-content\/uploads\/2016\/07\/20160702-01-035.jpg\" rel=\"prettyPhoto[postgal_20428]\" class=\"show-hover-link block-h-1\"\"><img decoding=\"async\" src=\"http:\/\/www.rockpixx.com\/wordpress\/wp-content\/uploads\/2016\/07\/20160702-01-035-480x480.jpg\" alt=\"Hermes House Band, 02.07.2016, Radio NORA Sommer Open Air, Eckernf\u00f6rde\"\/><span class=\"before\"><\/span><span class=\"after\"><\/span><\/a><\/div><div class=\"isotope-item block-1 block-h-1\"><a href=\"http:\/\/www.rockpixx.com\/wordpress\/wp-content\/uploads\/2016\/07\/20160702-01-030.jpg\" rel=\"prettyPhoto[postgal_20428]\" class=\"show-hover-link block-h-1\"\"><img decoding=\"async\" src=\"http:\/\/www.rockpixx.com\/wordpress\/wp-content\/uploads\/2016\/07\/20160702-01-030-480x480.jpg\" alt=\"Hermes House Band, 02.07.2016, Radio NORA Sommer Open Air, Eckernf\u00f6rde\"\/><span class=\"before\"><\/span><span class=\"after\"><\/span><\/a><\/div><div class=\"isotope-item block-2 block-h-2\"><a href=\"http:\/\/www.rockpixx.com\/wordpress\/wp-content\/uploads\/2016\/07\/20160702-01-029.jpg\" rel=\"prettyPhoto[postgal_20428]\" class=\"show-hover-link block-h-2\"\"><img decoding=\"async\" src=\"http:\/\/www.rockpixx.com\/wordpress\/wp-content\/uploads\/2016\/07\/20160702-01-029-480x480.jpg\" alt=\"Hermes House Band, 02.07.2016, Radio NORA Sommer Open Air, Eckernf\u00f6rde\"\/><span class=\"before\"><\/span><span class=\"after\"><\/span><\/a><\/div><div class=\"isotope-item block-1 block-h-1\"><a href=\"http:\/\/www.rockpixx.com\/wordpress\/wp-content\/uploads\/2016\/07\/20160702-01-023.jpg\" rel=\"prettyPhoto[postgal_20428]\" class=\"show-hover-link block-h-1\"\"><img decoding=\"async\" src=\"http:\/\/www.rockpixx.com\/wordpress\/wp-content\/uploads\/2016\/07\/20160702-01-023-480x480.jpg\" alt=\"Hermes House Band, 02.07.2016, Radio NORA Sommer Open Air, Eckernf\u00f6rde\"\/><span class=\"before\"><\/span><span class=\"after\"><\/span><\/a><\/div><div class=\"isotope-item block-1 block-h-1\"><a href=\"http:\/\/www.rockpixx.com\/wordpress\/wp-content\/uploads\/2016\/07\/20160702-01-022.jpg\" rel=\"prettyPhoto[postgal_20428]\" class=\"show-hover-link block-h-1\"\"><img decoding=\"async\" src=\"http:\/\/www.rockpixx.com\/wordpress\/wp-content\/uploads\/2016\/07\/20160702-01-022-480x480.jpg\" alt=\"Hermes House Band, 02.07.2016, Radio NORA Sommer Open Air, Eckernf\u00f6rde\"\/><span class=\"before\"><\/span><span class=\"after\"><\/span><\/a><\/div><div class=\"isotope-item block-2 block-h-2\"><a href=\"http:\/\/www.rockpixx.com\/wordpress\/wp-content\/uploads\/2016\/07\/20160702-01-021.jpg\" rel=\"prettyPhoto[postgal_20428]\" class=\"show-hover-link block-h-2\"\"><img decoding=\"async\" src=\"http:\/\/www.rockpixx.com\/wordpress\/wp-content\/uploads\/2016\/07\/20160702-01-021-480x480.jpg\" alt=\"Hermes House Band, 02.07.2016, Radio NORA Sommer Open Air, Eckernf\u00f6rde\"\/><span class=\"before\"><\/span><span class=\"after\"><\/span><\/a><\/div><div class=\"isotope-item block-1 block-h-1\"><a href=\"http:\/\/www.rockpixx.com\/wordpress\/wp-content\/uploads\/2016\/07\/20160702-01-019.jpg\" rel=\"prettyPhoto[postgal_20428]\" class=\"show-hover-link block-h-1\"\"><img decoding=\"async\" src=\"http:\/\/www.rockpixx.com\/wordpress\/wp-content\/uploads\/2016\/07\/20160702-01-019-480x480.jpg\" alt=\"Hermes House Band, 02.07.2016, Radio NORA Sommer Open Air, Eckernf\u00f6rde\"\/><span class=\"before\"><\/span><span class=\"after\"><\/span><\/a><\/div><div class=\"isotope-item block-1 block-h-1\"><a href=\"http:\/\/www.rockpixx.com\/wordpress\/wp-content\/uploads\/2016\/07\/20160702-01-018.jpg\" rel=\"prettyPhoto[postgal_20428]\" class=\"show-hover-link block-h-1\"\"><img decoding=\"async\" src=\"http:\/\/www.rockpixx.com\/wordpress\/wp-content\/uploads\/2016\/07\/20160702-01-018-480x480.jpg\" alt=\"Hermes House Band, 02.07.2016, Radio NORA Sommer Open Air, Eckernf\u00f6rde\"\/><span class=\"before\"><\/span><span class=\"after\"><\/span><\/a><\/div><div class=\"isotope-item block-2 block-h-2\"><a href=\"http:\/\/www.rockpixx.com\/wordpress\/wp-content\/uploads\/2016\/07\/20160702-01-002.jpg\" rel=\"prettyPhoto[postgal_20428]\" class=\"show-hover-link block-h-2\"\"><img decoding=\"async\" src=\"http:\/\/www.rockpixx.com\/wordpress\/wp-content\/uploads\/2016\/07\/20160702-01-002-480x480.jpg\" alt=\"Hermes House Band, 02.07.2016, Radio NORA Sommer Open Air, Eckernf\u00f6rde\"\/><span class=\"before\"><\/span><span class=\"after\"><\/span><\/a><\/div><div class=\"isotope-item block-1 block-h-1\"><a href=\"http:\/\/www.rockpixx.com\/wordpress\/wp-content\/uploads\/2016\/07\/20160702-01-012.jpg\" rel=\"prettyPhoto[postgal_20428]\" class=\"show-hover-link block-h-1\"\"><img decoding=\"async\" src=\"http:\/\/www.rockpixx.com\/wordpress\/wp-content\/uploads\/2016\/07\/20160702-01-012-480x480.jpg\" alt=\"Hermes House Band, 02.07.2016, Radio NORA Sommer Open Air, Eckernf\u00f6rde\"\/><span class=\"before\"><\/span><span class=\"after\"><\/span><\/a><\/div><div class=\"isotope-item block-1 block-h-1\"><a href=\"http:\/\/www.rockpixx.com\/wordpress\/wp-content\/uploads\/2016\/07\/20160702-01-011.jpg\" rel=\"prettyPhoto[postgal_20428]\" class=\"show-hover-link block-h-1\"\"><img decoding=\"async\" src=\"http:\/\/www.rockpixx.com\/wordpress\/wp-content\/uploads\/2016\/07\/20160702-01-011-480x480.jpg\" alt=\"Hermes House Band, 02.07.2016, Radio NORA Sommer Open Air, Eckernf\u00f6rde\"\/><span class=\"before\"><\/span><span class=\"after\"><\/span><\/a><\/div><div class=\"isotope-item block-2 block-h-2\"><a href=\"http:\/\/www.rockpixx.com\/wordpress\/wp-content\/uploads\/2016\/07\/20160702-01-010.jpg\" rel=\"prettyPhoto[postgal_20428]\" class=\"show-hover-link block-h-2\"\"><img decoding=\"async\" src=\"http:\/\/www.rockpixx.com\/wordpress\/wp-content\/uploads\/2016\/07\/20160702-01-010-480x480.jpg\" alt=\"Hermes House Band, 02.07.2016, Radio NORA Sommer Open Air, Eckernf\u00f6rde\"\/><span class=\"before\"><\/span><span class=\"after\"><\/span><\/a><\/div><div class=\"isotope-item block-1 block-h-1\"><a href=\"http:\/\/www.rockpixx.com\/wordpress\/wp-content\/uploads\/2016\/07\/20160702-01-009.jpg\" rel=\"prettyPhoto[postgal_20428]\" class=\"show-hover-link block-h-1\"\"><img decoding=\"async\" src=\"http:\/\/www.rockpixx.com\/wordpress\/wp-content\/uploads\/2016\/07\/20160702-01-009-480x480.jpg\" alt=\"Hermes House Band, 02.07.2016, Radio NORA Sommer Open Air, Eckernf\u00f6rde\"\/><span class=\"before\"><\/span><span class=\"after\"><\/span><\/a><\/div><div class=\"isotope-item block-1 block-h-1\"><a href=\"http:\/\/www.rockpixx.com\/wordpress\/wp-content\/uploads\/2016\/07\/20160702-01-006.jpg\" rel=\"prettyPhoto[postgal_20428]\" class=\"show-hover-link block-h-1\"\"><img decoding=\"async\" src=\"http:\/\/www.rockpixx.com\/wordpress\/wp-content\/uploads\/2016\/07\/20160702-01-006-480x480.jpg\" alt=\"Hermes House Band, 02.07.2016, Radio NORA Sommer Open Air, Eckernf\u00f6rde\"\/><span class=\"before\"><\/span><span class=\"after\"><\/span><\/a><\/div><div class=\"isotope-item block-2 block-h-2\"><a href=\"http:\/\/www.rockpixx.com\/wordpress\/wp-content\/uploads\/2016\/07\/20160702-01-005.jpg\" rel=\"prettyPhoto[postgal_20428]\" class=\"show-hover-link block-h-2\"\"><img decoding=\"async\" src=\"http:\/\/www.rockpixx.com\/wordpress\/wp-content\/uploads\/2016\/07\/20160702-01-005-480x480.jpg\" alt=\"Hermes House Band, 02.07.2016, Radio NORA Sommer Open Air, Eckernf\u00f6rde\"\/><span class=\"before\"><\/span><span class=\"after\"><\/span><\/a><\/div><div class=\"isotope-item block-1 block-h-1\"><a href=\"http:\/\/www.rockpixx.com\/wordpress\/wp-content\/uploads\/2016\/07\/20160702-01-004.jpg\" rel=\"prettyPhoto[postgal_20428]\" class=\"show-hover-link block-h-1\"\"><img decoding=\"async\" src=\"http:\/\/www.rockpixx.com\/wordpress\/wp-content\/uploads\/2016\/07\/20160702-01-004-480x480.jpg\" alt=\"Hermes House Band, 02.07.2016, Radio NORA Sommer Open Air, Eckernf\u00f6rde\"\/><span class=\"before\"><\/span><span class=\"after\"><\/span><\/a><\/div><\/div><\/div><\/p>\n","protected":false},"excerpt":{"rendered":"<p>Man kennt die Situation: \u00dcberall dort, wo eine bekannte Band gut gelaunt Party- und Top <a href=\"http:\/\/www.rockpixx.com\/wordpress\/hermes-house-band-02-07-2016-radio-nora-sommer-open-air-eckernfoerde\/\">Read more<\/a><\/p>\n","protected":false},"author":3,"featured_media":20445,"comment_status":"open","ping_status":"open","sticky":false,"template":"","format":"standard","meta":{"_jetpack_memberships_contains_paid_content":false,"footnotes":"","jetpack_publicize_message":"#HermesHouseBand, 02.07.2016, #RadioNORA Sommer Open Air, Eckernf\u00f6rde","jetpack_publicize_feature_enabled":true,"jetpack_social_post_already_shared":true,"jetpack_social_options":{"image_generator_settings":{"template":"highway","default_image_id":0,"font":"","enabled":false},"version":2}},"categories":[34,512],"tags":[2434,874,1891,1428],"class_list":["post-20427","post","type-post","status-publish","format-standard","has-post-thumbnail","hentry","category-acts","category-hermes-house-band","tag-2434","tag-eckernforde","tag-hermes-house-band","tag-radio-nora-sommer-open-air"],"aioseo_notices":[],"jetpack_publicize_connections":[],"jetpack_featured_media_url":"http:\/\/www.rockpixx.com\/wordpress\/wp-content\/uploads\/2016\/07\/20160702-01-035.jpg","jetpack-related-posts":[{"id":15071,"url":"http:\/\/www.rockpixx.com\/wordpress\/boney-m-feat-liz-mitchell-05-06-2014-suedstrand-eckernfoerde-radio-nora-sommer-open-air\/","url_meta":{"origin":20427,"position":0},"title":"Boney M. feat. Liz Mitchell, 05.06.2014, S\u00fcdstrand, Eckernf\u00f6rde, Radio NORA Sommer Open Air","author":"admin","date":"7. Juli 2014","format":false,"excerpt":"\u2192 \u201eBoney M.\u201c kennt der Besucher unserer Seiten ja auch schon. Hier also wieder einmal Liz Mitchell und ihre Mitstreiter in einer Umgebung, die durchaus zu Songs wie \u201eSunny\u201c passt\u2026 Wie bei \u2192 \u201eThe Weather Girls\u201c kommt auch hier die Musik wieder vom Band, aber Liz Mitchell macht eingangs alleine\u2026","rel":"","context":"In &quot;Acts&quot;","block_context":{"text":"Acts","link":"http:\/\/www.rockpixx.com\/wordpress\/category\/acts\/"},"img":{"alt_text":"Boney M. feat. Liz Mitchell, 05.07.2014, Radio NORA Sommer Open Air, S\u00fcdstrand, Eckernf\u00f6rde","src":"https:\/\/i0.wp.com\/www.rockpixx.com\/wordpress\/wp-content\/uploads\/2014\/07\/20140705-03-068_boney-m_Artikel.jpg?resize=350%2C200","width":350,"height":200,"srcset":"https:\/\/i0.wp.com\/www.rockpixx.com\/wordpress\/wp-content\/uploads\/2014\/07\/20140705-03-068_boney-m_Artikel.jpg?resize=350%2C200 1x, https:\/\/i0.wp.com\/www.rockpixx.com\/wordpress\/wp-content\/uploads\/2014\/07\/20140705-03-068_boney-m_Artikel.jpg?resize=525%2C300 1.5x, https:\/\/i0.wp.com\/www.rockpixx.com\/wordpress\/wp-content\/uploads\/2014\/07\/20140705-03-068_boney-m_Artikel.jpg?resize=700%2C400 2x"},"classes":[]},{"id":15074,"url":"http:\/\/www.rockpixx.com\/wordpress\/alphaville-05-06-2014-suedstrand-eckernfoerde-radio-nora-sommer-open-air\/","url_meta":{"origin":20427,"position":1},"title":"Alphaville, 05.06.2014, S\u00fcdstrand, Eckernf\u00f6rde, Radio NORA Sommer Open Air","author":"admin","date":"7. Juli 2014","format":false,"excerpt":"Vor einiger Zeit hatte ich \u201eAlphaville\u201c ja schon einmal \u2192 in Kiel vor den Kameras \u2013 damals noch mit ihrem langj\u00e4hrigen Keyboarder Martin Lister. Leider ist Martin vor weniger als zwei Monaten verstorben und die diesj\u00e4hrigen Auftritte von \u201eAlphaville\u201c standen kurzzeitig in Frage\u2026 Zum Gl\u00fcck fand sich doch ein Ersatz\u2026","rel":"","context":"In &quot;Acts&quot;","block_context":{"text":"Acts","link":"http:\/\/www.rockpixx.com\/wordpress\/category\/acts\/"},"img":{"alt_text":"Alphaville, 05.07.2014, Radio NORA Sommer Open Air, S\u00fcdstrand, Eckernf\u00f6rde","src":"https:\/\/i0.wp.com\/www.rockpixx.com\/wordpress\/wp-content\/uploads\/2014\/07\/20140705-04-006_alphaville_Artikel.jpg?resize=350%2C200","width":350,"height":200,"srcset":"https:\/\/i0.wp.com\/www.rockpixx.com\/wordpress\/wp-content\/uploads\/2014\/07\/20140705-04-006_alphaville_Artikel.jpg?resize=350%2C200 1x, https:\/\/i0.wp.com\/www.rockpixx.com\/wordpress\/wp-content\/uploads\/2014\/07\/20140705-04-006_alphaville_Artikel.jpg?resize=525%2C300 1.5x, https:\/\/i0.wp.com\/www.rockpixx.com\/wordpress\/wp-content\/uploads\/2014\/07\/20140705-04-006_alphaville_Artikel.jpg?resize=700%2C400 2x"},"classes":[]},{"id":14996,"url":"http:\/\/www.rockpixx.com\/wordpress\/the-weather-girls-05-06-2014-suedstrand-eckernfoerde\/","url_meta":{"origin":20427,"position":2},"title":"The Weather Girls 05.06.2014, S\u00fcdstrand, Eckernf\u00f6rde, Radio NORA Sommer Open Air","author":"Anja","date":"6. Juli 2014","format":false,"excerpt":"Das Radio NORA Sommer Open Air 2014 am S\u00fcdstrand startet auf Tonnen von Sand mit \u201eTwo Tons of Fun\u201c \u2013 bekannter unter dem Namen \u201eThe Weather Girls\u201c. Halbwegs \u201eoriginal\u201c ist ja eigentlich nur noch Dynelle Rhodes, die Tochter von einer der beiden Ur-S\u00e4ngerinnen Izora Rhodes Armstead. Komplettiert wird das jetzige\u2026","rel":"","context":"In &quot;Acts&quot;","block_context":{"text":"Acts","link":"http:\/\/www.rockpixx.com\/wordpress\/category\/acts\/"},"img":{"alt_text":"The Weather Girls, 05.07.2014, Radio NORA Sommer Open Air, S\u00fcdstrand, Eckernf\u00f6rde","src":"https:\/\/i0.wp.com\/www.rockpixx.com\/wordpress\/wp-content\/uploads\/2014\/07\/20140705-01-042_weather-girls_Artikel.jpg?resize=350%2C200","width":350,"height":200,"srcset":"https:\/\/i0.wp.com\/www.rockpixx.com\/wordpress\/wp-content\/uploads\/2014\/07\/20140705-01-042_weather-girls_Artikel.jpg?resize=350%2C200 1x, https:\/\/i0.wp.com\/www.rockpixx.com\/wordpress\/wp-content\/uploads\/2014\/07\/20140705-01-042_weather-girls_Artikel.jpg?resize=525%2C300 1.5x, https:\/\/i0.wp.com\/www.rockpixx.com\/wordpress\/wp-content\/uploads\/2014\/07\/20140705-01-042_weather-girls_Artikel.jpg?resize=700%2C400 2x"},"classes":[]},{"id":15109,"url":"http:\/\/www.rockpixx.com\/wordpress\/smokie-05-06-2014-suedstrand-eckernfoerde-radio-nora-sommer-open-air\/","url_meta":{"origin":20427,"position":3},"title":"Smokie, 05.06.2014, S\u00fcdstrand, Eckernf\u00f6rde, Radio NORA Sommer Open Air","author":"Anja","date":"8. Juli 2014","format":false,"excerpt":"Und noch einmal \u201eHelden meiner Jugend\u201c: Zum Abschluss des Radio NORA Sommer Open Airs standen \u201eSmokie\u201c auf der B\u00fchne am Eckernf\u00f6rder S\u00fcdstrand. Es gab eine Zeit, da hatte ich die \u201eGreatest Hits\u201c von \u201eSmokie\u201c in Dauerschleife in meinem Kassetten-Recorder laufen \u2013 sehr lange ist das her. \u2192 Und \u201eSmokie\u201c war\u2026","rel":"","context":"In &quot;Acts&quot;","block_context":{"text":"Acts","link":"http:\/\/www.rockpixx.com\/wordpress\/category\/acts\/"},"img":{"alt_text":"Smokie, 05.07.2014, Radio NORA Sommer Open Air, S\u00fcdstrand, Eckernf\u00f6rde","src":"https:\/\/i0.wp.com\/www.rockpixx.com\/wordpress\/wp-content\/uploads\/2014\/07\/20140705-05-064_smokie_Artikel1.jpg?resize=350%2C200","width":350,"height":200,"srcset":"https:\/\/i0.wp.com\/www.rockpixx.com\/wordpress\/wp-content\/uploads\/2014\/07\/20140705-05-064_smokie_Artikel1.jpg?resize=350%2C200 1x, https:\/\/i0.wp.com\/www.rockpixx.com\/wordpress\/wp-content\/uploads\/2014\/07\/20140705-05-064_smokie_Artikel1.jpg?resize=525%2C300 1.5x, https:\/\/i0.wp.com\/www.rockpixx.com\/wordpress\/wp-content\/uploads\/2014\/07\/20140705-05-064_smokie_Artikel1.jpg?resize=700%2C400 2x"},"classes":[]},{"id":20447,"url":"http:\/\/www.rockpixx.com\/wordpress\/slade-02-07-2016-radio-nora-sommer-open-air-eckernfoerde\/","url_meta":{"origin":20427,"position":4},"title":"Slade, 02.07.2016, Radio NORA Sommer Open Air, Eckernf\u00f6rde","author":"A. Hahl","date":"5. Juli 2016","format":false,"excerpt":"Wenn man \u00fcberlegt, dass zumindest zwei der aktuellen Mitglieder von \u201eSlade\u201c schon 1964 die Vorg\u00e4ngerband gegr\u00fcndet haben, dann hat man schon das Gef\u00fchl, Legenden beim Musizieren fotografieren zu k\u00f6nnen. Und so gilt auch hier das bereits 2013 Geschriebene: Alles da: \u201eEntsch\u00e4rfte\u201c Glamrock-Klamotten, eine Violine, ein \u201eM\u00e4nnerballett\u201c und nat\u00fcrlich die bekannten\u2026","rel":"","context":"In &quot;Acts&quot;","block_context":{"text":"Acts","link":"http:\/\/www.rockpixx.com\/wordpress\/category\/acts\/"},"img":{"alt_text":"Slade, 02.07.2016, Radio NORA Sommer Open Air, Eckernf\u00f6rde","src":"https:\/\/i0.wp.com\/www.rockpixx.com\/wordpress\/wp-content\/uploads\/2016\/07\/20160702-02-044.jpg?resize=350%2C200","width":350,"height":200,"srcset":"https:\/\/i0.wp.com\/www.rockpixx.com\/wordpress\/wp-content\/uploads\/2016\/07\/20160702-02-044.jpg?resize=350%2C200 1x, https:\/\/i0.wp.com\/www.rockpixx.com\/wordpress\/wp-content\/uploads\/2016\/07\/20160702-02-044.jpg?resize=525%2C300 1.5x, https:\/\/i0.wp.com\/www.rockpixx.com\/wordpress\/wp-content\/uploads\/2016\/07\/20160702-02-044.jpg?resize=700%2C400 2x"},"classes":[]},{"id":20465,"url":"http:\/\/www.rockpixx.com\/wordpress\/bobby-kimball-02-07-2016-radio-nora-sommer-open-air-eckernfoerde\/","url_meta":{"origin":20427,"position":5},"title":"Bobby Kimball, 02.07.2016, Radio NORA Sommer Open Air, Eckernf\u00f6rde","author":"A. Hahl","date":"5. Juli 2016","format":false,"excerpt":"Vorab: Ich mag die Musik von \u201eTOTO\u201c. Weiterhin vorab: Da stand eine richtig gute Begleitband auf der B\u00fchne, sogar die Backing- und Second-Vocals von Drummer und Keyboarder klangen wie seinerzeit von \u201eTOTO\u201c. Warum so eine gute Band allerdings ihrem Maskottchen mit tiefschwarzen Haaren auf dem Kopf und im Gesicht ein\u2026","rel":"","context":"In &quot;Acts&quot;","block_context":{"text":"Acts","link":"http:\/\/www.rockpixx.com\/wordpress\/category\/acts\/"},"img":{"alt_text":"Bobby Kimball, 02.07.2016, Radio NORA Sommer Open Air, Eckernf\u00f6rde","src":"https:\/\/i0.wp.com\/www.rockpixx.com\/wordpress\/wp-content\/uploads\/2016\/07\/20160702-03-002.jpg?resize=350%2C200","width":350,"height":200,"srcset":"https:\/\/i0.wp.com\/www.rockpixx.com\/wordpress\/wp-content\/uploads\/2016\/07\/20160702-03-002.jpg?resize=350%2C200 1x, https:\/\/i0.wp.com\/www.rockpixx.com\/wordpress\/wp-content\/uploads\/2016\/07\/20160702-03-002.jpg?resize=525%2C300 1.5x, https:\/\/i0.wp.com\/www.rockpixx.com\/wordpress\/wp-content\/uploads\/2016\/07\/20160702-03-002.jpg?resize=700%2C400 2x"},"classes":[]}],"jetpack_sharing_enabled":true,"publishpress_future_action":{"enabled":false,"date":"2026-05-08 11:57:07","action":"change-status","newStatus":"draft","terms":[],"taxonomy":"category","extraData":[]},"publishpress_future_workflow_manual_trigger":{"enabledWorkflows":[]},"_links":{"self":[{"href":"http:\/\/www.rockpixx.com\/wordpress\/wp-json\/wp\/v2\/posts\/20427","targetHints":{"allow":["GET"]}}],"collection":[{"href":"http:\/\/www.rockpixx.com\/wordpress\/wp-json\/wp\/v2\/posts"}],"about":[{"href":"http:\/\/www.rockpixx.com\/wordpress\/wp-json\/wp\/v2\/types\/post"}],"author":[{"embeddable":true,"href":"http:\/\/www.rockpixx.com\/wordpress\/wp-json\/wp\/v2\/users\/3"}],"replies":[{"embeddable":true,"href":"http:\/\/www.rockpixx.com\/wordpress\/wp-json\/wp\/v2\/comments?post=20427"}],"version-history":[{"count":0,"href":"http:\/\/www.rockpixx.com\/wordpress\/wp-json\/wp\/v2\/posts\/20427\/revisions"}],"wp:featuredmedia":[{"embeddable":true,"href":"http:\/\/www.rockpixx.com\/wordpress\/wp-json\/wp\/v2\/media\/20445"}],"wp:attachment":[{"href":"http:\/\/www.rockpixx.com\/wordpress\/wp-json\/wp\/v2\/media?parent=20427"}],"wp:term":[{"taxonomy":"category","embeddable":true,"href":"http:\/\/www.rockpixx.com\/wordpress\/wp-json\/wp\/v2\/categories?post=20427"},{"taxonomy":"post_tag","embeddable":true,"href":"http:\/\/www.rockpixx.com\/wordpress\/wp-json\/wp\/v2\/tags?post=20427"}],"curies":[{"name":"wp","href":"https:\/\/api.w.org\/{rel}","templated":true}]}}