{"id":20507,"date":"2016-07-05T12:38:34","date_gmt":"2016-07-05T11:38:34","guid":{"rendered":"http:\/\/rockpixx.com\/wordpress\/?p=20507"},"modified":"2016-07-06T17:53:37","modified_gmt":"2016-07-06T16:53:37","slug":"level-42-02-07-2016-radio-nora-sommer-open-air-eckernfoerde","status":"publish","type":"post","link":"http:\/\/www.rockpixx.com\/wordpress\/level-42-02-07-2016-radio-nora-sommer-open-air-eckernfoerde\/","title":{"rendered":"Level 42, 02.07.2016, Radio NORA Sommer Open Air, Eckernf\u00f6rde"},"content":{"rendered":"<p>Fu\u00dfball Europameisterschaft 2016 in Frankreich.<br \/>\nUnd?<br \/>\nDeutschland spielt im Viertelfinale gegen Italien!<br \/>\nJa und? Die haben doch sowieso noch nie gegen Italien gewonnen. Da haben wir mehr von, uns die letzte Band des Abends anzusehen, \u201eLevel 42\u201c spielen.<\/p>\n<p><!--more--><\/p>\n<p>Und das ist eine gute Entscheidung. Immerhin sind von der Originalbesetzung seit 1979 ja noch Mark King und Mike Lindup mit dabei und der Sound ist live unver\u00e4ndert gut \u2013 wie wir ja schon bei <a href=\"http:\/\/rockpixx.com\/wordpress\/category\/acts\/level-42\/\">mehreren Gelegenheiten<\/a> feststellen konnten. Zeit also, \u201eLove Games\u201c, \u201eLessons in Love\u201c, \u201eRunning in the Family\u201c und andere zu genie\u00dfen. Das Publikum feiert die Band und auch im Fotograben gibt es nichts zu meckern. Es f\u00e4llt \u00fcbrigens auf, dass die Band das Schlagzeug ganz an die Seite gestellt hat und nur sehr wenig Platz auf der gro\u00dfen B\u00fchne einnimmt.<\/p>\n<p>Fazit: \u201eLevel 42\u201c sind live immer noch eine gute Nummer.<br \/>\nErg\u00e4nzendes Fazit: Dieses Mal habe ich am Licht w\u00e4hrend der gesamten Veranstaltung nichts zu meckern \u2013 und das kann dann ja auch einmal ausdr\u00fccklich f\u00fcr das Protokoll festgehalten werden.<\/p>\n<p style=\"text-align: right;\">Fotos: <a href=\"mailto:info@rockpixx.com\">Alex<\/a> | Text: <a href=\"mailto:info@rockpixx.com\">Alex<\/a><\/p>\n<p>&nbsp;<\/p>\n<div class=\"eat-left eat-right\"><div class=\"thumbs-masonry isotope\"><div class=\"isotope-item block-2 block-h-2\"><a href=\"http:\/\/www.rockpixx.com\/wordpress\/wp-content\/uploads\/2016\/07\/20160702-05-072.jpg\" rel=\"prettyPhoto[postgal_20508]\" class=\"show-hover-link block-h-2\"\"><img decoding=\"async\" src=\"http:\/\/www.rockpixx.com\/wordpress\/wp-content\/uploads\/2016\/07\/20160702-05-072-480x480.jpg\" alt=\"Level 42, 02.07.2016, Radio NORA Sommer Open Air, Eckernf\u00f6rde\"\/><span class=\"before\"><\/span><span class=\"after\"><\/span><\/a><\/div><div class=\"isotope-item block-1 block-h-1\"><a href=\"http:\/\/www.rockpixx.com\/wordpress\/wp-content\/uploads\/2016\/07\/20160702-05-104.jpg\" rel=\"prettyPhoto[postgal_20508]\" class=\"show-hover-link block-h-1\"\"><img decoding=\"async\" src=\"http:\/\/www.rockpixx.com\/wordpress\/wp-content\/uploads\/2016\/07\/20160702-05-104-480x480.jpg\" alt=\"Level 42, 02.07.2016, Radio NORA Sommer Open Air, Eckernf\u00f6rde\"\/><span class=\"before\"><\/span><span class=\"after\"><\/span><\/a><\/div><div class=\"isotope-item block-1 block-h-1\"><a href=\"http:\/\/www.rockpixx.com\/wordpress\/wp-content\/uploads\/2016\/07\/20160702-05-101.jpg\" rel=\"prettyPhoto[postgal_20508]\" class=\"show-hover-link block-h-1\"\"><img decoding=\"async\" src=\"http:\/\/www.rockpixx.com\/wordpress\/wp-content\/uploads\/2016\/07\/20160702-05-101-480x480.jpg\" alt=\"Level 42, 02.07.2016, Radio NORA Sommer Open Air, Eckernf\u00f6rde\"\/><span class=\"before\"><\/span><span class=\"after\"><\/span><\/a><\/div><div class=\"isotope-item block-2 block-h-2\"><a href=\"http:\/\/www.rockpixx.com\/wordpress\/wp-content\/uploads\/2016\/07\/20160702-05-100.jpg\" rel=\"prettyPhoto[postgal_20508]\" class=\"show-hover-link block-h-2\"\"><img decoding=\"async\" src=\"http:\/\/www.rockpixx.com\/wordpress\/wp-content\/uploads\/2016\/07\/20160702-05-100-480x480.jpg\" alt=\"Level 42, 02.07.2016, Radio NORA Sommer Open Air, Eckernf\u00f6rde\"\/><span class=\"before\"><\/span><span class=\"after\"><\/span><\/a><\/div><div class=\"isotope-item block-1 block-h-1\"><a href=\"http:\/\/www.rockpixx.com\/wordpress\/wp-content\/uploads\/2016\/07\/20160702-05-098.jpg\" rel=\"prettyPhoto[postgal_20508]\" class=\"show-hover-link block-h-1\"\"><img decoding=\"async\" src=\"http:\/\/www.rockpixx.com\/wordpress\/wp-content\/uploads\/2016\/07\/20160702-05-098-480x480.jpg\" alt=\"Level 42, 02.07.2016, Radio NORA Sommer Open Air, Eckernf\u00f6rde\"\/><span class=\"before\"><\/span><span class=\"after\"><\/span><\/a><\/div><div class=\"isotope-item block-1 block-h-1\"><a href=\"http:\/\/www.rockpixx.com\/wordpress\/wp-content\/uploads\/2016\/07\/20160702-05-093.jpg\" rel=\"prettyPhoto[postgal_20508]\" class=\"show-hover-link block-h-1\"\"><img decoding=\"async\" src=\"http:\/\/www.rockpixx.com\/wordpress\/wp-content\/uploads\/2016\/07\/20160702-05-093-480x480.jpg\" alt=\"Level 42, 02.07.2016, Radio NORA Sommer Open Air, Eckernf\u00f6rde\"\/><span class=\"before\"><\/span><span class=\"after\"><\/span><\/a><\/div><div class=\"isotope-item block-2 block-h-2\"><a href=\"http:\/\/www.rockpixx.com\/wordpress\/wp-content\/uploads\/2016\/07\/20160702-05-089.jpg\" rel=\"prettyPhoto[postgal_20508]\" class=\"show-hover-link block-h-2\"\"><img decoding=\"async\" src=\"http:\/\/www.rockpixx.com\/wordpress\/wp-content\/uploads\/2016\/07\/20160702-05-089-480x480.jpg\" alt=\"Level 42, 02.07.2016, Radio NORA Sommer Open Air, Eckernf\u00f6rde\"\/><span class=\"before\"><\/span><span class=\"after\"><\/span><\/a><\/div><div class=\"isotope-item block-1 block-h-1\"><a href=\"http:\/\/www.rockpixx.com\/wordpress\/wp-content\/uploads\/2016\/07\/20160702-05-088.jpg\" rel=\"prettyPhoto[postgal_20508]\" class=\"show-hover-link block-h-1\"\"><img decoding=\"async\" src=\"http:\/\/www.rockpixx.com\/wordpress\/wp-content\/uploads\/2016\/07\/20160702-05-088-480x480.jpg\" alt=\"Level 42, 02.07.2016, Radio NORA Sommer Open Air, Eckernf\u00f6rde\"\/><span class=\"before\"><\/span><span class=\"after\"><\/span><\/a><\/div><div class=\"isotope-item block-1 block-h-1\"><a href=\"http:\/\/www.rockpixx.com\/wordpress\/wp-content\/uploads\/2016\/07\/20160702-05-086.jpg\" rel=\"prettyPhoto[postgal_20508]\" class=\"show-hover-link block-h-1\"\"><img decoding=\"async\" src=\"http:\/\/www.rockpixx.com\/wordpress\/wp-content\/uploads\/2016\/07\/20160702-05-086-480x480.jpg\" alt=\"Level 42, 02.07.2016, Radio NORA Sommer Open Air, Eckernf\u00f6rde\"\/><span class=\"before\"><\/span><span class=\"after\"><\/span><\/a><\/div><div class=\"isotope-item block-2 block-h-2\"><a href=\"http:\/\/www.rockpixx.com\/wordpress\/wp-content\/uploads\/2016\/07\/20160702-05-083.jpg\" rel=\"prettyPhoto[postgal_20508]\" class=\"show-hover-link block-h-2\"\"><img decoding=\"async\" src=\"http:\/\/www.rockpixx.com\/wordpress\/wp-content\/uploads\/2016\/07\/20160702-05-083-480x480.jpg\" alt=\"Level 42, 02.07.2016, Radio NORA Sommer Open Air, Eckernf\u00f6rde\"\/><span class=\"before\"><\/span><span class=\"after\"><\/span><\/a><\/div><div class=\"isotope-item block-1 block-h-1\"><a href=\"http:\/\/www.rockpixx.com\/wordpress\/wp-content\/uploads\/2016\/07\/20160702-05-081.jpg\" rel=\"prettyPhoto[postgal_20508]\" class=\"show-hover-link block-h-1\"\"><img decoding=\"async\" src=\"http:\/\/www.rockpixx.com\/wordpress\/wp-content\/uploads\/2016\/07\/20160702-05-081-480x480.jpg\" alt=\"Level 42, 02.07.2016, Radio NORA Sommer Open Air, Eckernf\u00f6rde\"\/><span class=\"before\"><\/span><span class=\"after\"><\/span><\/a><\/div><div class=\"isotope-item block-1 block-h-1\"><a href=\"http:\/\/www.rockpixx.com\/wordpress\/wp-content\/uploads\/2016\/07\/20160702-05-076.jpg\" rel=\"prettyPhoto[postgal_20508]\" class=\"show-hover-link block-h-1\"\"><img decoding=\"async\" src=\"http:\/\/www.rockpixx.com\/wordpress\/wp-content\/uploads\/2016\/07\/20160702-05-076-480x480.jpg\" alt=\"Level 42, 02.07.2016, Radio NORA Sommer Open Air, Eckernf\u00f6rde\"\/><span class=\"before\"><\/span><span class=\"after\"><\/span><\/a><\/div><div class=\"isotope-item block-2 block-h-2\"><a href=\"http:\/\/www.rockpixx.com\/wordpress\/wp-content\/uploads\/2016\/07\/20160702-05-004.jpg\" rel=\"prettyPhoto[postgal_20508]\" class=\"show-hover-link block-h-2\"\"><img decoding=\"async\" src=\"http:\/\/www.rockpixx.com\/wordpress\/wp-content\/uploads\/2016\/07\/20160702-05-004-480x480.jpg\" alt=\"Level 42, 02.07.2016, Radio NORA Sommer Open Air, Eckernf\u00f6rde\"\/><span class=\"before\"><\/span><span class=\"after\"><\/span><\/a><\/div><div class=\"isotope-item block-1 block-h-1\"><a href=\"http:\/\/www.rockpixx.com\/wordpress\/wp-content\/uploads\/2016\/07\/20160702-05-045.jpg\" rel=\"prettyPhoto[postgal_20508]\" class=\"show-hover-link block-h-1\"\"><img decoding=\"async\" src=\"http:\/\/www.rockpixx.com\/wordpress\/wp-content\/uploads\/2016\/07\/20160702-05-045-480x480.jpg\" alt=\"Level 42, 02.07.2016, Radio NORA Sommer Open Air, Eckernf\u00f6rde\"\/><span class=\"before\"><\/span><span class=\"after\"><\/span><\/a><\/div><div class=\"isotope-item block-1 block-h-1\"><a href=\"http:\/\/www.rockpixx.com\/wordpress\/wp-content\/uploads\/2016\/07\/20160702-05-041.jpg\" rel=\"prettyPhoto[postgal_20508]\" class=\"show-hover-link block-h-1\"\"><img decoding=\"async\" src=\"http:\/\/www.rockpixx.com\/wordpress\/wp-content\/uploads\/2016\/07\/20160702-05-041-480x480.jpg\" alt=\"Level 42, 02.07.2016, Radio NORA Sommer Open Air, Eckernf\u00f6rde\"\/><span class=\"before\"><\/span><span class=\"after\"><\/span><\/a><\/div><div class=\"isotope-item block-2 block-h-2\"><a href=\"http:\/\/www.rockpixx.com\/wordpress\/wp-content\/uploads\/2016\/07\/20160702-05-035.jpg\" rel=\"prettyPhoto[postgal_20508]\" class=\"show-hover-link block-h-2\"\"><img decoding=\"async\" src=\"http:\/\/www.rockpixx.com\/wordpress\/wp-content\/uploads\/2016\/07\/20160702-05-035-480x480.jpg\" alt=\"Level 42, 02.07.2016, Radio NORA Sommer Open Air, Eckernf\u00f6rde\"\/><span class=\"before\"><\/span><span class=\"after\"><\/span><\/a><\/div><div class=\"isotope-item block-1 block-h-1\"><a href=\"http:\/\/www.rockpixx.com\/wordpress\/wp-content\/uploads\/2016\/07\/20160702-05-032.jpg\" rel=\"prettyPhoto[postgal_20508]\" class=\"show-hover-link block-h-1\"\"><img decoding=\"async\" src=\"http:\/\/www.rockpixx.com\/wordpress\/wp-content\/uploads\/2016\/07\/20160702-05-032-480x480.jpg\" alt=\"Level 42, 02.07.2016, Radio NORA Sommer Open Air, Eckernf\u00f6rde\"\/><span class=\"before\"><\/span><span class=\"after\"><\/span><\/a><\/div><div class=\"isotope-item block-1 block-h-1\"><a href=\"http:\/\/www.rockpixx.com\/wordpress\/wp-content\/uploads\/2016\/07\/20160702-05-030.jpg\" rel=\"prettyPhoto[postgal_20508]\" class=\"show-hover-link block-h-1\"\"><img decoding=\"async\" src=\"http:\/\/www.rockpixx.com\/wordpress\/wp-content\/uploads\/2016\/07\/20160702-05-030-480x480.jpg\" alt=\"Level 42, 02.07.2016, Radio NORA Sommer Open Air, Eckernf\u00f6rde\"\/><span class=\"before\"><\/span><span class=\"after\"><\/span><\/a><\/div><div class=\"isotope-item block-2 block-h-2\"><a href=\"http:\/\/www.rockpixx.com\/wordpress\/wp-content\/uploads\/2016\/07\/20160702-05-028.jpg\" rel=\"prettyPhoto[postgal_20508]\" class=\"show-hover-link block-h-2\"\"><img decoding=\"async\" src=\"http:\/\/www.rockpixx.com\/wordpress\/wp-content\/uploads\/2016\/07\/20160702-05-028-480x480.jpg\" alt=\"Level 42, 02.07.2016, Radio NORA Sommer Open Air, Eckernf\u00f6rde\"\/><span class=\"before\"><\/span><span class=\"after\"><\/span><\/a><\/div><div class=\"isotope-item block-1 block-h-1\"><a href=\"http:\/\/www.rockpixx.com\/wordpress\/wp-content\/uploads\/2016\/07\/20160702-05-026.jpg\" rel=\"prettyPhoto[postgal_20508]\" class=\"show-hover-link block-h-1\"\"><img decoding=\"async\" src=\"http:\/\/www.rockpixx.com\/wordpress\/wp-content\/uploads\/2016\/07\/20160702-05-026-480x480.jpg\" alt=\"Level 42, 02.07.2016, Radio NORA Sommer Open Air, Eckernf\u00f6rde\"\/><span class=\"before\"><\/span><span class=\"after\"><\/span><\/a><\/div><div class=\"isotope-item block-1 block-h-1\"><a href=\"http:\/\/www.rockpixx.com\/wordpress\/wp-content\/uploads\/2016\/07\/20160702-05-022.jpg\" rel=\"prettyPhoto[postgal_20508]\" class=\"show-hover-link block-h-1\"\"><img decoding=\"async\" src=\"http:\/\/www.rockpixx.com\/wordpress\/wp-content\/uploads\/2016\/07\/20160702-05-022-480x480.jpg\" alt=\"Level 42, 02.07.2016, Radio NORA Sommer Open Air, Eckernf\u00f6rde\"\/><span class=\"before\"><\/span><span class=\"after\"><\/span><\/a><\/div><div class=\"isotope-item block-2 block-h-2\"><a href=\"http:\/\/www.rockpixx.com\/wordpress\/wp-content\/uploads\/2016\/07\/20160702-05-019.jpg\" rel=\"prettyPhoto[postgal_20508]\" class=\"show-hover-link block-h-2\"\"><img decoding=\"async\" src=\"http:\/\/www.rockpixx.com\/wordpress\/wp-content\/uploads\/2016\/07\/20160702-05-019-480x480.jpg\" alt=\"Level 42, 02.07.2016, Radio NORA Sommer Open Air, Eckernf\u00f6rde\"\/><span class=\"before\"><\/span><span class=\"after\"><\/span><\/a><\/div><div class=\"isotope-item block-1 block-h-1\"><a href=\"http:\/\/www.rockpixx.com\/wordpress\/wp-content\/uploads\/2016\/07\/20160702-05-006.jpg\" rel=\"prettyPhoto[postgal_20508]\" class=\"show-hover-link block-h-1\"\"><img decoding=\"async\" src=\"http:\/\/www.rockpixx.com\/wordpress\/wp-content\/uploads\/2016\/07\/20160702-05-006-480x480.jpg\" alt=\"Level 42, 02.07.2016, Radio NORA Sommer Open Air, Eckernf\u00f6rde\"\/><span class=\"before\"><\/span><span class=\"after\"><\/span><\/a><\/div><\/div><\/div>\n","protected":false},"excerpt":{"rendered":"<p>Fu\u00dfball Europameisterschaft 2016 in Frankreich. Und? Deutschland spielt im Viertelfinale gegen Italien! Ja und? Die <a href=\"http:\/\/www.rockpixx.com\/wordpress\/level-42-02-07-2016-radio-nora-sommer-open-air-eckernfoerde\/\">Read more<\/a><\/p>\n","protected":false},"author":3,"featured_media":20524,"comment_status":"open","ping_status":"open","sticky":false,"template":"","format":"standard","meta":{"_jetpack_memberships_contains_paid_content":false,"footnotes":"","jetpack_publicize_message":"#Level42, #MarkKing, 02.07.2016, #RadioNORA Sommer Open Air, Eckernf\u00f6rde","jetpack_publicize_feature_enabled":true,"jetpack_social_post_already_shared":true,"jetpack_social_options":{"image_generator_settings":{"template":"highway","default_image_id":0,"font":"","enabled":false},"version":2}},"categories":[34,423],"tags":[2434,874,1806,1428],"class_list":["post-20507","post","type-post","status-publish","format-standard","has-post-thumbnail","hentry","category-acts","category-level-42","tag-2434","tag-eckernforde","tag-level-42","tag-radio-nora-sommer-open-air"],"aioseo_notices":[],"jetpack_publicize_connections":[],"jetpack_featured_media_url":"http:\/\/www.rockpixx.com\/wordpress\/wp-content\/uploads\/2016\/07\/20160702-05-086.jpg","jetpack-related-posts":[{"id":20427,"url":"http:\/\/www.rockpixx.com\/wordpress\/hermes-house-band-02-07-2016-radio-nora-sommer-open-air-eckernfoerde\/","url_meta":{"origin":20507,"position":0},"title":"Hermes House Band, 02.07.2016, Radio NORA Sommer Open Air, Eckernf\u00f6rde","author":"A. Hahl","date":"5. Juli 2016","format":false,"excerpt":"Man kennt die Situation: \u00dcberall dort, wo eine bekannte Band gut gelaunt Party- und Top 40-Musik verstr\u00f6men soll und auch ein etwas gr\u00f6\u00dferes Budget vorhanden ist, als es ein kleineres Stadtfest zur Verf\u00fcgung hat, da kommt Musik aus Holland aus den Boxen. So auch bei der diesj\u00e4hrigen Auflage des \u201eRadio\u2026","rel":"","context":"In &quot;Acts&quot;","block_context":{"text":"Acts","link":"http:\/\/www.rockpixx.com\/wordpress\/category\/acts\/"},"img":{"alt_text":"Hermes House Band, 02.07.2016, Radio NORA Sommer Open Air, Eckernf\u00f6rde","src":"https:\/\/i0.wp.com\/www.rockpixx.com\/wordpress\/wp-content\/uploads\/2016\/07\/20160702-01-035.jpg?resize=350%2C200","width":350,"height":200,"srcset":"https:\/\/i0.wp.com\/www.rockpixx.com\/wordpress\/wp-content\/uploads\/2016\/07\/20160702-01-035.jpg?resize=350%2C200 1x, https:\/\/i0.wp.com\/www.rockpixx.com\/wordpress\/wp-content\/uploads\/2016\/07\/20160702-01-035.jpg?resize=525%2C300 1.5x, https:\/\/i0.wp.com\/www.rockpixx.com\/wordpress\/wp-content\/uploads\/2016\/07\/20160702-01-035.jpg?resize=700%2C400 2x"},"classes":[]},{"id":15109,"url":"http:\/\/www.rockpixx.com\/wordpress\/smokie-05-06-2014-suedstrand-eckernfoerde-radio-nora-sommer-open-air\/","url_meta":{"origin":20507,"position":1},"title":"Smokie, 05.06.2014, S\u00fcdstrand, Eckernf\u00f6rde, Radio NORA Sommer Open Air","author":"Anja","date":"8. Juli 2014","format":false,"excerpt":"Und noch einmal \u201eHelden meiner Jugend\u201c: Zum Abschluss des Radio NORA Sommer Open Airs standen \u201eSmokie\u201c auf der B\u00fchne am Eckernf\u00f6rder S\u00fcdstrand. Es gab eine Zeit, da hatte ich die \u201eGreatest Hits\u201c von \u201eSmokie\u201c in Dauerschleife in meinem Kassetten-Recorder laufen \u2013 sehr lange ist das her. \u2192 Und \u201eSmokie\u201c war\u2026","rel":"","context":"In &quot;Acts&quot;","block_context":{"text":"Acts","link":"http:\/\/www.rockpixx.com\/wordpress\/category\/acts\/"},"img":{"alt_text":"Smokie, 05.07.2014, Radio NORA Sommer Open Air, S\u00fcdstrand, Eckernf\u00f6rde","src":"https:\/\/i0.wp.com\/www.rockpixx.com\/wordpress\/wp-content\/uploads\/2014\/07\/20140705-05-064_smokie_Artikel1.jpg?resize=350%2C200","width":350,"height":200,"srcset":"https:\/\/i0.wp.com\/www.rockpixx.com\/wordpress\/wp-content\/uploads\/2014\/07\/20140705-05-064_smokie_Artikel1.jpg?resize=350%2C200 1x, https:\/\/i0.wp.com\/www.rockpixx.com\/wordpress\/wp-content\/uploads\/2014\/07\/20140705-05-064_smokie_Artikel1.jpg?resize=525%2C300 1.5x, https:\/\/i0.wp.com\/www.rockpixx.com\/wordpress\/wp-content\/uploads\/2014\/07\/20140705-05-064_smokie_Artikel1.jpg?resize=700%2C400 2x"},"classes":[]},{"id":15074,"url":"http:\/\/www.rockpixx.com\/wordpress\/alphaville-05-06-2014-suedstrand-eckernfoerde-radio-nora-sommer-open-air\/","url_meta":{"origin":20507,"position":2},"title":"Alphaville, 05.06.2014, S\u00fcdstrand, Eckernf\u00f6rde, Radio NORA Sommer Open Air","author":"admin","date":"7. Juli 2014","format":false,"excerpt":"Vor einiger Zeit hatte ich \u201eAlphaville\u201c ja schon einmal \u2192 in Kiel vor den Kameras \u2013 damals noch mit ihrem langj\u00e4hrigen Keyboarder Martin Lister. Leider ist Martin vor weniger als zwei Monaten verstorben und die diesj\u00e4hrigen Auftritte von \u201eAlphaville\u201c standen kurzzeitig in Frage\u2026 Zum Gl\u00fcck fand sich doch ein Ersatz\u2026","rel":"","context":"In &quot;Acts&quot;","block_context":{"text":"Acts","link":"http:\/\/www.rockpixx.com\/wordpress\/category\/acts\/"},"img":{"alt_text":"Alphaville, 05.07.2014, Radio NORA Sommer Open Air, S\u00fcdstrand, Eckernf\u00f6rde","src":"https:\/\/i0.wp.com\/www.rockpixx.com\/wordpress\/wp-content\/uploads\/2014\/07\/20140705-04-006_alphaville_Artikel.jpg?resize=350%2C200","width":350,"height":200,"srcset":"https:\/\/i0.wp.com\/www.rockpixx.com\/wordpress\/wp-content\/uploads\/2014\/07\/20140705-04-006_alphaville_Artikel.jpg?resize=350%2C200 1x, https:\/\/i0.wp.com\/www.rockpixx.com\/wordpress\/wp-content\/uploads\/2014\/07\/20140705-04-006_alphaville_Artikel.jpg?resize=525%2C300 1.5x, https:\/\/i0.wp.com\/www.rockpixx.com\/wordpress\/wp-content\/uploads\/2014\/07\/20140705-04-006_alphaville_Artikel.jpg?resize=700%2C400 2x"},"classes":[]},{"id":20465,"url":"http:\/\/www.rockpixx.com\/wordpress\/bobby-kimball-02-07-2016-radio-nora-sommer-open-air-eckernfoerde\/","url_meta":{"origin":20507,"position":3},"title":"Bobby Kimball, 02.07.2016, Radio NORA Sommer Open Air, Eckernf\u00f6rde","author":"A. Hahl","date":"5. Juli 2016","format":false,"excerpt":"Vorab: Ich mag die Musik von \u201eTOTO\u201c. Weiterhin vorab: Da stand eine richtig gute Begleitband auf der B\u00fchne, sogar die Backing- und Second-Vocals von Drummer und Keyboarder klangen wie seinerzeit von \u201eTOTO\u201c. Warum so eine gute Band allerdings ihrem Maskottchen mit tiefschwarzen Haaren auf dem Kopf und im Gesicht ein\u2026","rel":"","context":"In &quot;Acts&quot;","block_context":{"text":"Acts","link":"http:\/\/www.rockpixx.com\/wordpress\/category\/acts\/"},"img":{"alt_text":"Bobby Kimball, 02.07.2016, Radio NORA Sommer Open Air, Eckernf\u00f6rde","src":"https:\/\/i0.wp.com\/www.rockpixx.com\/wordpress\/wp-content\/uploads\/2016\/07\/20160702-03-002.jpg?resize=350%2C200","width":350,"height":200,"srcset":"https:\/\/i0.wp.com\/www.rockpixx.com\/wordpress\/wp-content\/uploads\/2016\/07\/20160702-03-002.jpg?resize=350%2C200 1x, https:\/\/i0.wp.com\/www.rockpixx.com\/wordpress\/wp-content\/uploads\/2016\/07\/20160702-03-002.jpg?resize=525%2C300 1.5x, https:\/\/i0.wp.com\/www.rockpixx.com\/wordpress\/wp-content\/uploads\/2016\/07\/20160702-03-002.jpg?resize=700%2C400 2x"},"classes":[]},{"id":14996,"url":"http:\/\/www.rockpixx.com\/wordpress\/the-weather-girls-05-06-2014-suedstrand-eckernfoerde\/","url_meta":{"origin":20507,"position":4},"title":"The Weather Girls 05.06.2014, S\u00fcdstrand, Eckernf\u00f6rde, Radio NORA Sommer Open Air","author":"Anja","date":"6. Juli 2014","format":false,"excerpt":"Das Radio NORA Sommer Open Air 2014 am S\u00fcdstrand startet auf Tonnen von Sand mit \u201eTwo Tons of Fun\u201c \u2013 bekannter unter dem Namen \u201eThe Weather Girls\u201c. Halbwegs \u201eoriginal\u201c ist ja eigentlich nur noch Dynelle Rhodes, die Tochter von einer der beiden Ur-S\u00e4ngerinnen Izora Rhodes Armstead. Komplettiert wird das jetzige\u2026","rel":"","context":"In &quot;Acts&quot;","block_context":{"text":"Acts","link":"http:\/\/www.rockpixx.com\/wordpress\/category\/acts\/"},"img":{"alt_text":"The Weather Girls, 05.07.2014, Radio NORA Sommer Open Air, S\u00fcdstrand, Eckernf\u00f6rde","src":"https:\/\/i0.wp.com\/www.rockpixx.com\/wordpress\/wp-content\/uploads\/2014\/07\/20140705-01-042_weather-girls_Artikel.jpg?resize=350%2C200","width":350,"height":200,"srcset":"https:\/\/i0.wp.com\/www.rockpixx.com\/wordpress\/wp-content\/uploads\/2014\/07\/20140705-01-042_weather-girls_Artikel.jpg?resize=350%2C200 1x, https:\/\/i0.wp.com\/www.rockpixx.com\/wordpress\/wp-content\/uploads\/2014\/07\/20140705-01-042_weather-girls_Artikel.jpg?resize=525%2C300 1.5x, https:\/\/i0.wp.com\/www.rockpixx.com\/wordpress\/wp-content\/uploads\/2014\/07\/20140705-01-042_weather-girls_Artikel.jpg?resize=700%2C400 2x"},"classes":[]},{"id":20447,"url":"http:\/\/www.rockpixx.com\/wordpress\/slade-02-07-2016-radio-nora-sommer-open-air-eckernfoerde\/","url_meta":{"origin":20507,"position":5},"title":"Slade, 02.07.2016, Radio NORA Sommer Open Air, Eckernf\u00f6rde","author":"A. Hahl","date":"5. Juli 2016","format":false,"excerpt":"Wenn man \u00fcberlegt, dass zumindest zwei der aktuellen Mitglieder von \u201eSlade\u201c schon 1964 die Vorg\u00e4ngerband gegr\u00fcndet haben, dann hat man schon das Gef\u00fchl, Legenden beim Musizieren fotografieren zu k\u00f6nnen. Und so gilt auch hier das bereits 2013 Geschriebene: Alles da: \u201eEntsch\u00e4rfte\u201c Glamrock-Klamotten, eine Violine, ein \u201eM\u00e4nnerballett\u201c und nat\u00fcrlich die bekannten\u2026","rel":"","context":"In &quot;Acts&quot;","block_context":{"text":"Acts","link":"http:\/\/www.rockpixx.com\/wordpress\/category\/acts\/"},"img":{"alt_text":"Slade, 02.07.2016, Radio NORA Sommer Open Air, Eckernf\u00f6rde","src":"https:\/\/i0.wp.com\/www.rockpixx.com\/wordpress\/wp-content\/uploads\/2016\/07\/20160702-02-044.jpg?resize=350%2C200","width":350,"height":200,"srcset":"https:\/\/i0.wp.com\/www.rockpixx.com\/wordpress\/wp-content\/uploads\/2016\/07\/20160702-02-044.jpg?resize=350%2C200 1x, https:\/\/i0.wp.com\/www.rockpixx.com\/wordpress\/wp-content\/uploads\/2016\/07\/20160702-02-044.jpg?resize=525%2C300 1.5x, https:\/\/i0.wp.com\/www.rockpixx.com\/wordpress\/wp-content\/uploads\/2016\/07\/20160702-02-044.jpg?resize=700%2C400 2x"},"classes":[]}],"jetpack_sharing_enabled":true,"publishpress_future_action":{"enabled":false,"date":"2026-05-09 06:03:35","action":"change-status","newStatus":"draft","terms":[],"taxonomy":"category","extraData":[]},"publishpress_future_workflow_manual_trigger":{"enabledWorkflows":[]},"_links":{"self":[{"href":"http:\/\/www.rockpixx.com\/wordpress\/wp-json\/wp\/v2\/posts\/20507","targetHints":{"allow":["GET"]}}],"collection":[{"href":"http:\/\/www.rockpixx.com\/wordpress\/wp-json\/wp\/v2\/posts"}],"about":[{"href":"http:\/\/www.rockpixx.com\/wordpress\/wp-json\/wp\/v2\/types\/post"}],"author":[{"embeddable":true,"href":"http:\/\/www.rockpixx.com\/wordpress\/wp-json\/wp\/v2\/users\/3"}],"replies":[{"embeddable":true,"href":"http:\/\/www.rockpixx.com\/wordpress\/wp-json\/wp\/v2\/comments?post=20507"}],"version-history":[{"count":0,"href":"http:\/\/www.rockpixx.com\/wordpress\/wp-json\/wp\/v2\/posts\/20507\/revisions"}],"wp:featuredmedia":[{"embeddable":true,"href":"http:\/\/www.rockpixx.com\/wordpress\/wp-json\/wp\/v2\/media\/20524"}],"wp:attachment":[{"href":"http:\/\/www.rockpixx.com\/wordpress\/wp-json\/wp\/v2\/media?parent=20507"}],"wp:term":[{"taxonomy":"category","embeddable":true,"href":"http:\/\/www.rockpixx.com\/wordpress\/wp-json\/wp\/v2\/categories?post=20507"},{"taxonomy":"post_tag","embeddable":true,"href":"http:\/\/www.rockpixx.com\/wordpress\/wp-json\/wp\/v2\/tags?post=20507"}],"curies":[{"name":"wp","href":"https:\/\/api.w.org\/{rel}","templated":true}]}}