{"id":20822,"date":"2016-08-01T14:33:11","date_gmt":"2016-08-01T13:33:11","guid":{"rendered":"http:\/\/rockpixx.com\/wordpress\/?p=20822"},"modified":"2016-08-02T13:31:28","modified_gmt":"2016-08-02T12:31:28","slug":"kaeptn-moby-30-07-2016-lentfoehrden-open-air-lentfoehrden","status":"publish","type":"post","link":"http:\/\/www.rockpixx.com\/wordpress\/kaeptn-moby-30-07-2016-lentfoehrden-open-air-lentfoehrden\/","title":{"rendered":"K\u00e4pt\u2019n Moby, 30.07.2016, Lentf\u00f6hrden Open Air, Lentf\u00f6hrden"},"content":{"rendered":"<p>Zum Abschluss des diesj\u00e4hrigen Lentf\u00f6hrden Open Airs spielen \u201eK\u00e4pt\u2019n Moby\u201c aus Duisburg.<\/p>\n<p><!--more--><\/p>\n<p>Wir schon im Jahr zuvor r\u00e4umen die Jungs kr\u00e4ftig ab mit ihrem Mix aus Pop und Rock. Man k\u00f6nnte sie durchaus mit \u201e<a href=\"http:\/\/rockpixx.com\/wordpress\/category\/acts\/revolverheld\/\">Revolverheld<\/a>\u201c vergleichen, wenn etwas mehr Licht auf der B\u00fchne w\u00e4re. So bleiben mir nur Vermutungen, die ich in den kurzen Momenten anstellen kann, wenn mal ein Musiker durch den Lichtkegel eines Scanners huscht. Ansonsten staune ich \u00fcber den \u201esuper professionellen Kollegen\u201c neben mir, der schon wieder mit seinem Blitz Dauerfeuer gibt\u2026 Davon abgesehen bleibt\u2019s aber dunkel. Schade drum, aber dem Publikum gef\u00e4llt\u2019s trotzdem \u2013 und das ist die Hauptsache.<\/p>\n<p>Ich packe zusammen, weil es mangels abgeschalteter Frontlights wohl nicht mehr zu fotografieren geben wird und die A7 voller Urlauber und Baustellen noch auf mich wartet.<\/p>\n<p>Fazit: Auch die letzte Band dieser zwei Tage passt auf dieses Festival, Kompliment an die Macher.<\/p>\n<p style=\"text-align: right;\">Fotos: <a href=\"mailto:info@rockpixx.com?subject=K\u00e4pt\u2019n%20Moby,%2030.07.2016,%20Lentf\u00f6hrden%20Open%20Air,%20Lentf\u00f6hrden\">Alex<\/a> | Text: <a href=\"mailto:info@rockpixx.com?subject=K\u00e4pt\u2019n%20Moby,%2030.07.2016,%20Lentf\u00f6hrden%20Open%20Air,%20Lentf\u00f6hrden\">Alex<\/a><\/p>\n<p>&nbsp;<\/p>\n<div class=\"eat-left eat-right\"><div class=\"thumbs-masonry isotope\"><div class=\"isotope-item block-2 block-h-2\"><a href=\"http:\/\/www.rockpixx.com\/wordpress\/wp-content\/uploads\/2016\/08\/20160730-07-008.jpg\" rel=\"prettyPhoto[postgal_20938]\" class=\"show-hover-link block-h-2\"\"><img decoding=\"async\" src=\"http:\/\/www.rockpixx.com\/wordpress\/wp-content\/uploads\/2016\/08\/20160730-07-008-480x480.jpg\" alt=\"K\u00e4pt&#039;n Moby, 30.07.2016, Lentf\u00f6hrden, Lentf\u00f6hrden Open Air 2016\"\/><span class=\"before\"><\/span><span class=\"after\"><\/span><\/a><\/div><div class=\"isotope-item block-1 block-h-1\"><a href=\"http:\/\/www.rockpixx.com\/wordpress\/wp-content\/uploads\/2016\/08\/20160730-07-012.jpg\" rel=\"prettyPhoto[postgal_20938]\" class=\"show-hover-link block-h-1\"\"><img decoding=\"async\" src=\"http:\/\/www.rockpixx.com\/wordpress\/wp-content\/uploads\/2016\/08\/20160730-07-012-480x480.jpg\" alt=\"K\u00e4pt&#039;n Moby, 30.07.2016, Lentf\u00f6hrden, Lentf\u00f6hrden Open Air 2016\"\/><span class=\"before\"><\/span><span class=\"after\"><\/span><\/a><\/div><div class=\"isotope-item block-1 block-h-1\"><a href=\"http:\/\/www.rockpixx.com\/wordpress\/wp-content\/uploads\/2016\/08\/20160730-07-017.jpg\" rel=\"prettyPhoto[postgal_20938]\" class=\"show-hover-link block-h-1\"\"><img decoding=\"async\" src=\"http:\/\/www.rockpixx.com\/wordpress\/wp-content\/uploads\/2016\/08\/20160730-07-017-480x480.jpg\" alt=\"K\u00e4pt&#039;n Moby, 30.07.2016, Lentf\u00f6hrden, Lentf\u00f6hrden Open Air 2016\"\/><span class=\"before\"><\/span><span class=\"after\"><\/span><\/a><\/div><div class=\"isotope-item block-2 block-h-2\"><a href=\"http:\/\/www.rockpixx.com\/wordpress\/wp-content\/uploads\/2016\/08\/20160730-07-020.jpg\" rel=\"prettyPhoto[postgal_20938]\" class=\"show-hover-link block-h-2\"\"><img decoding=\"async\" src=\"http:\/\/www.rockpixx.com\/wordpress\/wp-content\/uploads\/2016\/08\/20160730-07-020-480x480.jpg\" alt=\"K\u00e4pt&#039;n Moby, 30.07.2016, Lentf\u00f6hrden, Lentf\u00f6hrden Open Air 2016\"\/><span class=\"before\"><\/span><span class=\"after\"><\/span><\/a><\/div><div class=\"isotope-item block-1 block-h-1\"><a href=\"http:\/\/www.rockpixx.com\/wordpress\/wp-content\/uploads\/2016\/08\/20160730-07-024.jpg\" rel=\"prettyPhoto[postgal_20938]\" class=\"show-hover-link block-h-1\"\"><img decoding=\"async\" src=\"http:\/\/www.rockpixx.com\/wordpress\/wp-content\/uploads\/2016\/08\/20160730-07-024-480x480.jpg\" alt=\"K\u00e4pt&#039;n Moby, 30.07.2016, Lentf\u00f6hrden, Lentf\u00f6hrden Open Air 2016\"\/><span class=\"before\"><\/span><span class=\"after\"><\/span><\/a><\/div><div class=\"isotope-item block-1 block-h-1\"><a href=\"http:\/\/www.rockpixx.com\/wordpress\/wp-content\/uploads\/2016\/08\/20160730-07-036.jpg\" rel=\"prettyPhoto[postgal_20938]\" class=\"show-hover-link block-h-1\"\"><img decoding=\"async\" src=\"http:\/\/www.rockpixx.com\/wordpress\/wp-content\/uploads\/2016\/08\/20160730-07-036-480x480.jpg\" alt=\"K\u00e4pt&#039;n Moby, 30.07.2016, Lentf\u00f6hrden, Lentf\u00f6hrden Open Air 2016\"\/><span class=\"before\"><\/span><span class=\"after\"><\/span><\/a><\/div><div class=\"isotope-item block-2 block-h-2\"><a href=\"http:\/\/www.rockpixx.com\/wordpress\/wp-content\/uploads\/2016\/08\/20160730-07-037.jpg\" rel=\"prettyPhoto[postgal_20938]\" class=\"show-hover-link block-h-2\"\"><img decoding=\"async\" src=\"http:\/\/www.rockpixx.com\/wordpress\/wp-content\/uploads\/2016\/08\/20160730-07-037-480x480.jpg\" alt=\"K\u00e4pt&#039;n Moby, 30.07.2016, Lentf\u00f6hrden, Lentf\u00f6hrden Open Air 2016\"\/><span class=\"before\"><\/span><span class=\"after\"><\/span><\/a><\/div><div class=\"isotope-item block-1 block-h-1\"><a href=\"http:\/\/www.rockpixx.com\/wordpress\/wp-content\/uploads\/2016\/08\/20160730-07-044.jpg\" rel=\"prettyPhoto[postgal_20938]\" class=\"show-hover-link block-h-1\"\"><img decoding=\"async\" src=\"http:\/\/www.rockpixx.com\/wordpress\/wp-content\/uploads\/2016\/08\/20160730-07-044-480x480.jpg\" alt=\"K\u00e4pt&#039;n Moby, 30.07.2016, Lentf\u00f6hrden, Lentf\u00f6hrden Open Air 2016\"\/><span class=\"before\"><\/span><span class=\"after\"><\/span><\/a><\/div><div class=\"isotope-item block-1 block-h-1\"><a href=\"http:\/\/www.rockpixx.com\/wordpress\/wp-content\/uploads\/2016\/08\/20160730-07-045.jpg\" rel=\"prettyPhoto[postgal_20938]\" class=\"show-hover-link block-h-1\"\"><img decoding=\"async\" src=\"http:\/\/www.rockpixx.com\/wordpress\/wp-content\/uploads\/2016\/08\/20160730-07-045-480x480.jpg\" alt=\"K\u00e4pt&#039;n Moby, 30.07.2016, Lentf\u00f6hrden, Lentf\u00f6hrden Open Air 2016\"\/><span class=\"before\"><\/span><span class=\"after\"><\/span><\/a><\/div><div class=\"isotope-item block-2 block-h-2\"><a href=\"http:\/\/www.rockpixx.com\/wordpress\/wp-content\/uploads\/2016\/08\/20160730-07-054.jpg\" rel=\"prettyPhoto[postgal_20938]\" class=\"show-hover-link block-h-2\"\"><img decoding=\"async\" src=\"http:\/\/www.rockpixx.com\/wordpress\/wp-content\/uploads\/2016\/08\/20160730-07-054-480x480.jpg\" alt=\"K\u00e4pt&#039;n Moby, 30.07.2016, Lentf\u00f6hrden, Lentf\u00f6hrden Open Air 2016\"\/><span class=\"before\"><\/span><span class=\"after\"><\/span><\/a><\/div><\/div><\/div>\n","protected":false},"excerpt":{"rendered":"<p>Zum Abschluss des diesj\u00e4hrigen Lentf\u00f6hrden Open Airs spielen \u201eK\u00e4pt\u2019n Moby\u201c aus Duisburg.<\/p>\n","protected":false},"author":3,"featured_media":20943,"comment_status":"open","ping_status":"open","sticky":false,"template":"","format":"standard","meta":{"_jetpack_memberships_contains_paid_content":false,"footnotes":"","jetpack_publicize_message":"#K\u00e4ptnMoby #Lentf\u00f6hrdenOpenAir #Lentf\u00f6hrden #Fotografendepp","jetpack_publicize_feature_enabled":true,"jetpack_social_post_already_shared":true,"jetpack_social_options":{"image_generator_settings":{"template":"highway","default_image_id":0,"font":"","enabled":false},"version":2}},"categories":[34,2514],"tags":[2434,2515,2491,2493,2505],"class_list":["post-20822","post","type-post","status-publish","format-standard","has-post-thumbnail","hentry","category-acts","category-kaeptn-moby","tag-2434","tag-kaeptn-moby","tag-lentfoehrden","tag-lentfoehrden-open-air","tag-tag-2"],"aioseo_notices":[],"jetpack_publicize_connections":[],"jetpack_featured_media_url":"http:\/\/www.rockpixx.com\/wordpress\/wp-content\/uploads\/2016\/08\/20160730-07-024.jpg","jetpack-related-posts":[{"id":22035,"url":"http:\/\/www.rockpixx.com\/wordpress\/murphys-law-25-08-2018-lentfoehrden-open-air-2018\/","url_meta":{"origin":20822,"position":0},"title":"Murphy\u2019s Law, 25.08.2018, Lentf\u00f6hrden Open Air 2018","author":"A. Hahl","date":"27. August 2018","format":false,"excerpt":"Wenn ich Musik auf dem Smartphone h\u00f6ren w\u00fcrde (was ich aus Prinzip nicht mache)\u2026 und wenn ich dort dann eine Playlist h\u00e4tte (was ich nat\u00fcrlich auch nicht habe)\u2026 dann\u2026 \u2026 ja dann w\u00fcrde sich das so anh\u00f6ren, wie die fleisch- und klanggewordene Setlist, die \u201eMurphy\u2019s Law\u201c da gerade auf der\u2026","rel":"","context":"In &quot;Acts&quot;","block_context":{"text":"Acts","link":"http:\/\/www.rockpixx.com\/wordpress\/category\/acts\/"},"img":{"alt_text":"Murphy\u2019s Law, 25.08.2018, Lentf\u00f6hrden Open Air 20QC18, Lentf\u00f6hrden","src":"https:\/\/i0.wp.com\/www.rockpixx.com\/wordpress\/wp-content\/uploads\/2018\/08\/20180825-3-034.jpg?resize=350%2C200","width":350,"height":200,"srcset":"https:\/\/i0.wp.com\/www.rockpixx.com\/wordpress\/wp-content\/uploads\/2018\/08\/20180825-3-034.jpg?resize=350%2C200 1x, https:\/\/i0.wp.com\/www.rockpixx.com\/wordpress\/wp-content\/uploads\/2018\/08\/20180825-3-034.jpg?resize=525%2C300 1.5x, https:\/\/i0.wp.com\/www.rockpixx.com\/wordpress\/wp-content\/uploads\/2018\/08\/20180825-3-034.jpg?resize=700%2C400 2x"},"classes":[]},{"id":20715,"url":"http:\/\/www.rockpixx.com\/wordpress\/nohopers-29-07-2016-lentfoehrden-open-air-lentfoehrden\/","url_meta":{"origin":20822,"position":1},"title":"NoHopers, 29.07.2016, Lentf\u00f6hrden Open Air, Lentf\u00f6hrden","author":"A. Hahl","date":"30. Juli 2016","format":false,"excerpt":"Den Opener f\u00fcr das diesj\u00e4hrige Lentf\u00f6hrden Open Air machen die \u201eNoHopers\u201c aus Bad Bramstedt. Vor mir auf der B\u00fchne stehen also Chris, Johnny und Andre (b, g, voc) und im Hintergrund sitzt Klaas an den Drums. Und dann \u2013 nach der Ansage des Moderators \u2013 legen die vier Jungs auch\u2026","rel":"","context":"In &quot;Acts&quot;","block_context":{"text":"Acts","link":"http:\/\/www.rockpixx.com\/wordpress\/category\/acts\/"},"img":{"alt_text":"NoHopers, 29.07.2016, Lentf\u00f6hrden, Lentf\u00f6hrden Open Air 2016","src":"https:\/\/i0.wp.com\/www.rockpixx.com\/wordpress\/wp-content\/uploads\/2016\/07\/20160729-01-006.jpg?resize=350%2C200","width":350,"height":200,"srcset":"https:\/\/i0.wp.com\/www.rockpixx.com\/wordpress\/wp-content\/uploads\/2016\/07\/20160729-01-006.jpg?resize=350%2C200 1x, https:\/\/i0.wp.com\/www.rockpixx.com\/wordpress\/wp-content\/uploads\/2016\/07\/20160729-01-006.jpg?resize=525%2C300 1.5x, https:\/\/i0.wp.com\/www.rockpixx.com\/wordpress\/wp-content\/uploads\/2016\/07\/20160729-01-006.jpg?resize=700%2C400 2x"},"classes":[]},{"id":20812,"url":"http:\/\/www.rockpixx.com\/wordpress\/zungenschuss-30-07-2016-lentfoehrden-open-air-lentfoehrden\/","url_meta":{"origin":20822,"position":2},"title":"Zungenschuss, 30.07.2016, Lentf\u00f6hrden Open Air, Lentf\u00f6hrden","author":"A. Hahl","date":"1. August 2016","format":false,"excerpt":"\u201eAnd Now for Something Completely Different\u2026\u201c Es wird laut, m\u00e4nnlich und elektrisch auf der B\u00fchne: \u201eZungenschuss\u201c aus Hamburg bitten zum Tanze. Dieses Trio war letztes Jahr bereits auf dem Lentf\u00f6hrden Open Air und gewann dort den Nachwuchs-Contest. Insofern ist es nur logisch, sie dieses Jahr auch wieder spielen zu lassen.\u2026","rel":"","context":"In &quot;Acts&quot;","block_context":{"text":"Acts","link":"http:\/\/www.rockpixx.com\/wordpress\/category\/acts\/"},"img":{"alt_text":"Zungenschuss, 30.07.2016, Lentf\u00f6hrden, Lentf\u00f6hrden Open Air 2016","src":"https:\/\/i0.wp.com\/www.rockpixx.com\/wordpress\/wp-content\/uploads\/2016\/08\/20160730-03-004.jpg?resize=350%2C200","width":350,"height":200,"srcset":"https:\/\/i0.wp.com\/www.rockpixx.com\/wordpress\/wp-content\/uploads\/2016\/08\/20160730-03-004.jpg?resize=350%2C200 1x, https:\/\/i0.wp.com\/www.rockpixx.com\/wordpress\/wp-content\/uploads\/2016\/08\/20160730-03-004.jpg?resize=525%2C300 1.5x, https:\/\/i0.wp.com\/www.rockpixx.com\/wordpress\/wp-content\/uploads\/2016\/08\/20160730-03-004.jpg?resize=700%2C400 2x"},"classes":[]},{"id":22072,"url":"http:\/\/www.rockpixx.com\/wordpress\/ez-dz-25-08-2018-lentfoehrden-open-air-2018\/","url_meta":{"origin":20822,"position":3},"title":"EZ\/DZ, 25.08.2018, Lentf\u00f6hrden Open Air 2018","author":"A. Hahl","date":"27. August 2018","format":false,"excerpt":"Das diesj\u00e4hrige \u201eLentf\u00f6hrden Open Air\u201c neigt sich mit dem letzten Act dem Ende zu und dann kann die B\u00fchne auch endg\u00fcltig abgerissen werden. Was eignet sich besser daf\u00fcr als eine AC\/DC-Tributeband?Das m\u00fcssen sich die Musiker von \u201eEZ\/DZ\u201c wohl auch gedacht haben und so legen sie auch gleich mit dem vollen\u2026","rel":"","context":"In &quot;AC\/DC&quot;","block_context":{"text":"AC\/DC","link":"http:\/\/www.rockpixx.com\/wordpress\/category\/acts\/tributebands\/acdc\/"},"img":{"alt_text":"EZ\/DZ, 25.08.2018, Lentf\u00f6hrden Open Air 2018, Lentf\u00f6hrden","src":"https:\/\/i0.wp.com\/www.rockpixx.com\/wordpress\/wp-content\/uploads\/2018\/08\/20180825-5-030.jpg?resize=350%2C200","width":350,"height":200,"srcset":"https:\/\/i0.wp.com\/www.rockpixx.com\/wordpress\/wp-content\/uploads\/2018\/08\/20180825-5-030.jpg?resize=350%2C200 1x, https:\/\/i0.wp.com\/www.rockpixx.com\/wordpress\/wp-content\/uploads\/2018\/08\/20180825-5-030.jpg?resize=525%2C300 1.5x, https:\/\/i0.wp.com\/www.rockpixx.com\/wordpress\/wp-content\/uploads\/2018\/08\/20180825-5-030.jpg?resize=700%2C400 2x"},"classes":[]},{"id":21994,"url":"http:\/\/www.rockpixx.com\/wordpress\/kompliment-24-08-2018-lentfoehrden-open-air-2018\/","url_meta":{"origin":20822,"position":4},"title":"Kompliment, 24.08.2018, Lentf\u00f6hrden Open Air 2018","author":"A. Hahl","date":"25. August 2018","format":false,"excerpt":"Im September 2013 hatten wir Kompliment schon einmal vor unseren Kameras. Heute Nacht ist es mittlerweile 12\u00b0 C kalt \u2013 damals war es in meiner Erinnerung vom Wetter her \u00e4hnlich mistig\u2026 Zum heutigen Auftritt von \u201eKompliment\u201c gibt es auch \u00c4hnliches zu schreiben, wie bereits vor f\u00fcnf Jahren, nur dass es\u2026","rel":"","context":"In &quot;Acts&quot;","block_context":{"text":"Acts","link":"http:\/\/www.rockpixx.com\/wordpress\/category\/acts\/"},"img":{"alt_text":"Kompliment, 24.08.2018, Lentf\u00f6hrden OpeAn Air 2018, Lentf\u00f6hrden","src":"https:\/\/i0.wp.com\/www.rockpixx.com\/wordpress\/wp-content\/uploads\/2018\/08\/20180824-4-016.jpg?resize=350%2C200","width":350,"height":200,"srcset":"https:\/\/i0.wp.com\/www.rockpixx.com\/wordpress\/wp-content\/uploads\/2018\/08\/20180824-4-016.jpg?resize=350%2C200 1x, https:\/\/i0.wp.com\/www.rockpixx.com\/wordpress\/wp-content\/uploads\/2018\/08\/20180824-4-016.jpg?resize=525%2C300 1.5x, https:\/\/i0.wp.com\/www.rockpixx.com\/wordpress\/wp-content\/uploads\/2018\/08\/20180824-4-016.jpg?resize=700%2C400 2x"},"classes":[]},{"id":22054,"url":"http:\/\/www.rockpixx.com\/wordpress\/the-u2s-25-08-2018-lentfoehrden-open-air-2018\/","url_meta":{"origin":20822,"position":5},"title":"The U2s, 25.08.2018, Lentf\u00f6hrden Open Air 2018","author":"A. Hahl","date":"27. August 2018","format":false,"excerpt":"U2-Tributebands habe ich noch nicht so h\u00e4ufig vor den Kameras gehabt \u2013 die erste fast auf den Tag genau vor 13 Jahren und die zweite vor gut 6 Jahren. Umso gespannter war ich, wie sich \u201eThe U2s\u201c heute machen w\u00fcrden.Also Wollm\u00fctze und die passenden Brillen sind da, die Gitarre klingt\u2026","rel":"","context":"In &quot;The U2s&quot;","block_context":{"text":"The U2s","link":"http:\/\/www.rockpixx.com\/wordpress\/category\/acts\/tributebands\/u2\/the-u2s\/"},"img":{"alt_text":"The U2s, 25.08.2018, Lentf\u00f6hrden Open Air 2018, Lentf\u00f6hrden","src":"https:\/\/i0.wp.com\/www.rockpixx.com\/wordpress\/wp-content\/uploads\/2018\/08\/20180825-4-022.jpg?resize=350%2C200","width":350,"height":200,"srcset":"https:\/\/i0.wp.com\/www.rockpixx.com\/wordpress\/wp-content\/uploads\/2018\/08\/20180825-4-022.jpg?resize=350%2C200 1x, https:\/\/i0.wp.com\/www.rockpixx.com\/wordpress\/wp-content\/uploads\/2018\/08\/20180825-4-022.jpg?resize=525%2C300 1.5x, https:\/\/i0.wp.com\/www.rockpixx.com\/wordpress\/wp-content\/uploads\/2018\/08\/20180825-4-022.jpg?resize=700%2C400 2x"},"classes":[]}],"jetpack_sharing_enabled":true,"publishpress_future_action":{"enabled":false,"date":"2026-05-07 07:47:32","action":"change-status","newStatus":"draft","terms":[],"taxonomy":"category","extraData":[]},"publishpress_future_workflow_manual_trigger":{"enabledWorkflows":[]},"_links":{"self":[{"href":"http:\/\/www.rockpixx.com\/wordpress\/wp-json\/wp\/v2\/posts\/20822","targetHints":{"allow":["GET"]}}],"collection":[{"href":"http:\/\/www.rockpixx.com\/wordpress\/wp-json\/wp\/v2\/posts"}],"about":[{"href":"http:\/\/www.rockpixx.com\/wordpress\/wp-json\/wp\/v2\/types\/post"}],"author":[{"embeddable":true,"href":"http:\/\/www.rockpixx.com\/wordpress\/wp-json\/wp\/v2\/users\/3"}],"replies":[{"embeddable":true,"href":"http:\/\/www.rockpixx.com\/wordpress\/wp-json\/wp\/v2\/comments?post=20822"}],"version-history":[{"count":0,"href":"http:\/\/www.rockpixx.com\/wordpress\/wp-json\/wp\/v2\/posts\/20822\/revisions"}],"wp:featuredmedia":[{"embeddable":true,"href":"http:\/\/www.rockpixx.com\/wordpress\/wp-json\/wp\/v2\/media\/20943"}],"wp:attachment":[{"href":"http:\/\/www.rockpixx.com\/wordpress\/wp-json\/wp\/v2\/media?parent=20822"}],"wp:term":[{"taxonomy":"category","embeddable":true,"href":"http:\/\/www.rockpixx.com\/wordpress\/wp-json\/wp\/v2\/categories?post=20822"},{"taxonomy":"post_tag","embeddable":true,"href":"http:\/\/www.rockpixx.com\/wordpress\/wp-json\/wp\/v2\/tags?post=20822"}],"curies":[{"name":"wp","href":"https:\/\/api.w.org\/{rel}","templated":true}]}}