{"id":20960,"date":"2016-08-09T11:41:46","date_gmt":"2016-08-09T10:41:46","guid":{"rendered":"http:\/\/rockpixx.com\/wordpress\/?p=20960"},"modified":"2016-08-12T21:57:52","modified_gmt":"2016-08-12T20:57:52","slug":"jam-delay-04-08-2016-husum","status":"publish","type":"post","link":"http:\/\/www.rockpixx.com\/wordpress\/jam-delay-04-08-2016-husum\/","title":{"rendered":"Jam Delay, 04.08.2016, Husum"},"content":{"rendered":"<p>Zwei Jahre ist es her, dass ich \u201e<a href=\"http:\/\/rockpixx.com\/wordpress\/jan-delay-disko-no-1-19-07-2014-deichbrand-festival-nordholz\/\">Jan Delay &amp; Disko No. 1<\/a>\u201c fotografieren konnte. Ein Jahr ist es her, dass ich hier am Husumer Hafen w\u00e4hrend der \u201eHusumer Hafentage\u201c vor der Volksbank B\u00fchne gestanden habe und die \u201e<a href=\"http:\/\/rockpixx.com\/wordpress\/big-maggas-12-08-2015-husum\/\">Big Maggas<\/a>\u201c fotografiert habe. Was beide miteinander zu tun hat?<\/p>\n<p><!--more--><\/p>\n<p>Heute stehe ich wieder vor dieser B\u00fchne und fotografiere \u201eJam Delay\u201c. Ja, das \u201em\u201c im Namen ist korrekt \u2013 wir haben es hier mit einem verdammt guten Tributeact zu tun, welcher so aussieht und sich so anh\u00f6rt wie das Vorbild. Den Vergleich kann ich durchaus ziehen, schlie\u00dflich\u2026 s. eingangs.<\/p>\n<p>Ausnahmsweise m\u00f6chte ich hier einmal einen fremden Text unterbringen, n\u00e4mlich den von der Homepage der Band (<a href=\"http:\/\/www.jam-delay.de\" target=\"_blank\">www.jam-delay.de<\/a>), der exakt den Kern trifft:<em> \u201eWir sind JAM DELAY. Wir glitzern, wir grooven, wir rocken. Mit einer vierk\u00f6pfigen Funk-Combo, drei swingenden Bl\u00e4sern, zwei strahlenden Power-Ladies und unserem Anzugtr\u00e4ger, unserem Chefstyler, unserem ganz eigenen Headliner. Wir treten in die gro\u00dfen Fu\u00dfstapfen des legend\u00e4ren Jan Delay und seiner Disko No. 1. Ausf\u00fcllen wollen wir sie gar nicht. Sondern sie erkunden, vertiefen, eine Hommage an den Meister abliefern. Ihm huldigen, uns v\u00f6llig verausgaben und Dir die Party Deines Lebens verschaffen.\u201c<\/em><\/p>\n<p>Dem kann und muss ich nichts hinzuf\u00fcgen \u2013 es ist wirklich so.<\/p>\n<p>Fazit: Man muss die Augen nicht erst schlie\u00dfen, um sich beim Original zu w\u00e4hnen. Auch optisch passt es perfekt.<\/p>\n<p style=\"text-align: right;\">Fotos: <a href=\"mailto:a.roselt@rockpixx.com\">Anja<\/a>, <a href=\"mailto:info@rockpixx.com?subject=Vertical%20Blinds,%2023.05.2014,%20Kiel,%20R\u00e4ucherei\">Alex<\/a> | Text: <a href=\"mailto:info@rockpixx.com?subject=Vertical%20Blinds,%2023.05.2014,%20Kiel,%20R\u00e4ucherei\">Alex<\/a><\/p>\n<p>PS: Das ist \u00fcbrigens unser erstes Konzert, bei welchem wir ausschlie\u00dflich mit einer spiegellosen Systemkamera sowie einem modernen Smartphone fotografiert haben. Weiterhin kam eine 360\u00b0-Kamera zum Einsatz:<\/p>\n<p>&nbsp;<\/p>\n<p>[vrview img=&#8220;http:\/\/rockpixx.com\/wordpress\/wp-content\/uploads\/2016\/08\/20160804-01-042.jpg&#8220; width=&#8220;100%&#8220;\u00a0 height=400]<\/p>\n<p>&nbsp;<\/p>\n<div class=\"eat-left eat-right\"><div class=\"thumbs-masonry isotope\"><div class=\"isotope-item block-2 block-h-2\"><a href=\"http:\/\/www.rockpixx.com\/wordpress\/wp-content\/uploads\/2016\/08\/20160804-01-001.jpg\" rel=\"prettyPhoto[postgal_20978]\" class=\"show-hover-link block-h-2\"\"><img decoding=\"async\" src=\"http:\/\/www.rockpixx.com\/wordpress\/wp-content\/uploads\/2016\/08\/20160804-01-001-480x480.jpg\" alt=\"Jam Delay, 04.08.2016, Husumer Hafentage, Volksbank B\u00fchne, Husum\"\/><span class=\"before\"><\/span><span class=\"after\"><\/span><\/a><\/div><div class=\"isotope-item block-1 block-h-1\"><a href=\"http:\/\/www.rockpixx.com\/wordpress\/wp-content\/uploads\/2016\/08\/20160804-01-002.jpg\" rel=\"prettyPhoto[postgal_20978]\" class=\"show-hover-link block-h-1\"\"><img decoding=\"async\" src=\"http:\/\/www.rockpixx.com\/wordpress\/wp-content\/uploads\/2016\/08\/20160804-01-002-480x480.jpg\" alt=\"Jam Delay, 04.08.2016, Husumer Hafentage, Volksbank B\u00fchne, Husum\"\/><span class=\"before\"><\/span><span class=\"after\"><\/span><\/a><\/div><div class=\"isotope-item block-1 block-h-1\"><a href=\"http:\/\/www.rockpixx.com\/wordpress\/wp-content\/uploads\/2016\/08\/20160804-01-007.jpg\" rel=\"prettyPhoto[postgal_20978]\" class=\"show-hover-link block-h-1\"\"><img decoding=\"async\" src=\"http:\/\/www.rockpixx.com\/wordpress\/wp-content\/uploads\/2016\/08\/20160804-01-007-480x480.jpg\" alt=\"Jam Delay, 04.08.2016, Husumer Hafentage, Volksbank B\u00fchne, Husum\"\/><span class=\"before\"><\/span><span class=\"after\"><\/span><\/a><\/div><div class=\"isotope-item block-2 block-h-2\"><a href=\"http:\/\/www.rockpixx.com\/wordpress\/wp-content\/uploads\/2016\/08\/20160804-01-008.jpg\" rel=\"prettyPhoto[postgal_20978]\" class=\"show-hover-link block-h-2\"\"><img decoding=\"async\" src=\"http:\/\/www.rockpixx.com\/wordpress\/wp-content\/uploads\/2016\/08\/20160804-01-008-480x480.jpg\" alt=\"Jam Delay, 04.08.2016, Husumer Hafentage, Volksbank B\u00fchne, Husum\"\/><span class=\"before\"><\/span><span class=\"after\"><\/span><\/a><\/div><div class=\"isotope-item block-1 block-h-1\"><a href=\"http:\/\/www.rockpixx.com\/wordpress\/wp-content\/uploads\/2016\/08\/20160804-01-011.jpg\" rel=\"prettyPhoto[postgal_20978]\" class=\"show-hover-link block-h-1\"\"><img decoding=\"async\" src=\"http:\/\/www.rockpixx.com\/wordpress\/wp-content\/uploads\/2016\/08\/20160804-01-011-480x480.jpg\" alt=\"Jam Delay, 04.08.2016, Husumer Hafentage, Volksbank B\u00fchne, Husum\"\/><span class=\"before\"><\/span><span class=\"after\"><\/span><\/a><\/div><div class=\"isotope-item block-1 block-h-1\"><a href=\"http:\/\/www.rockpixx.com\/wordpress\/wp-content\/uploads\/2016\/08\/20160804-01-018.jpg\" rel=\"prettyPhoto[postgal_20978]\" class=\"show-hover-link block-h-1\"\"><img decoding=\"async\" src=\"http:\/\/www.rockpixx.com\/wordpress\/wp-content\/uploads\/2016\/08\/20160804-01-018-480x480.jpg\" alt=\"Jam Delay, 04.08.2016, Husumer Hafentage, Volksbank B\u00fchne, Husum\"\/><span class=\"before\"><\/span><span class=\"after\"><\/span><\/a><\/div><div class=\"isotope-item block-2 block-h-2\"><a href=\"http:\/\/www.rockpixx.com\/wordpress\/wp-content\/uploads\/2016\/08\/20160804-01-022.jpg\" rel=\"prettyPhoto[postgal_20978]\" class=\"show-hover-link block-h-2\"\"><img decoding=\"async\" src=\"http:\/\/www.rockpixx.com\/wordpress\/wp-content\/uploads\/2016\/08\/20160804-01-022-480x480.jpg\" alt=\"Jam Delay, 04.08.2016, Husumer Hafentage, Volksbank B\u00fchne, Husum\"\/><span class=\"before\"><\/span><span class=\"after\"><\/span><\/a><\/div><div class=\"isotope-item block-1 block-h-1\"><a href=\"http:\/\/www.rockpixx.com\/wordpress\/wp-content\/uploads\/2016\/08\/20160804-01-028.jpg\" rel=\"prettyPhoto[postgal_20978]\" class=\"show-hover-link block-h-1\"\"><img decoding=\"async\" src=\"http:\/\/www.rockpixx.com\/wordpress\/wp-content\/uploads\/2016\/08\/20160804-01-028-480x480.jpg\" alt=\"Jam Delay, 04.08.2016, Husumer Hafentage, Volksbank B\u00fchne, Husum\"\/><span class=\"before\"><\/span><span class=\"after\"><\/span><\/a><\/div><div class=\"isotope-item block-1 block-h-1\"><a href=\"http:\/\/www.rockpixx.com\/wordpress\/wp-content\/uploads\/2016\/08\/20160804-01-029.jpg\" rel=\"prettyPhoto[postgal_20978]\" class=\"show-hover-link block-h-1\"\"><img decoding=\"async\" src=\"http:\/\/www.rockpixx.com\/wordpress\/wp-content\/uploads\/2016\/08\/20160804-01-029-480x480.jpg\" alt=\"Jam Delay, 04.08.2016, Husumer Hafentage, Volksbank B\u00fchne, Husum\"\/><span class=\"before\"><\/span><span class=\"after\"><\/span><\/a><\/div><div class=\"isotope-item block-2 block-h-2\"><a href=\"http:\/\/www.rockpixx.com\/wordpress\/wp-content\/uploads\/2016\/08\/20160804-01-033.jpg\" rel=\"prettyPhoto[postgal_20978]\" class=\"show-hover-link block-h-2\"\"><img decoding=\"async\" src=\"http:\/\/www.rockpixx.com\/wordpress\/wp-content\/uploads\/2016\/08\/20160804-01-033-480x480.jpg\" alt=\"Jam Delay, 04.08.2016, Husumer Hafentage, Volksbank B\u00fchne, Husum\"\/><span class=\"before\"><\/span><span class=\"after\"><\/span><\/a><\/div><div class=\"isotope-item block-1 block-h-1\"><a href=\"http:\/\/www.rockpixx.com\/wordpress\/wp-content\/uploads\/2016\/08\/20160804-01-037.jpg\" rel=\"prettyPhoto[postgal_20978]\" class=\"show-hover-link block-h-1\"\"><img decoding=\"async\" src=\"http:\/\/www.rockpixx.com\/wordpress\/wp-content\/uploads\/2016\/08\/20160804-01-037-480x480.jpg\" alt=\"Jam Delay, 04.08.2016, Husumer Hafentage, Volksbank B\u00fchne, Husum\"\/><span class=\"before\"><\/span><span class=\"after\"><\/span><\/a><\/div><div class=\"isotope-item block-1 block-h-1\"><a href=\"http:\/\/www.rockpixx.com\/wordpress\/wp-content\/uploads\/2016\/08\/20160804-01-038.jpg\" rel=\"prettyPhoto[postgal_20978]\" class=\"show-hover-link block-h-1\"\"><img decoding=\"async\" src=\"http:\/\/www.rockpixx.com\/wordpress\/wp-content\/uploads\/2016\/08\/20160804-01-038-480x480.jpg\" alt=\"Jam Delay, 04.08.2016, Husumer Hafentage, Volksbank B\u00fchne, Husum\"\/><span class=\"before\"><\/span><span class=\"after\"><\/span><\/a><\/div><div class=\"isotope-item block-2 block-h-2\"><a href=\"http:\/\/www.rockpixx.com\/wordpress\/wp-content\/uploads\/2016\/08\/20160804-01-039.jpg\" rel=\"prettyPhoto[postgal_20978]\" class=\"show-hover-link block-h-2\"\"><img decoding=\"async\" src=\"http:\/\/www.rockpixx.com\/wordpress\/wp-content\/uploads\/2016\/08\/20160804-01-039-480x480.jpg\" alt=\"Jam Delay, 04.08.2016, Husumer Hafentage, Volksbank B\u00fchne, Husum\"\/><span class=\"before\"><\/span><span class=\"after\"><\/span><\/a><\/div><\/div><\/div>\n","protected":false},"excerpt":{"rendered":"<p>Zwei Jahre ist es her, dass ich \u201eJan Delay &amp; Disko No. 1\u201c fotografieren konnte. <a href=\"http:\/\/www.rockpixx.com\/wordpress\/jam-delay-04-08-2016-husum\/\">Read more<\/a><\/p>\n","protected":false},"author":3,"featured_media":20975,"comment_status":"open","ping_status":"open","sticky":false,"template":"","format":"standard","meta":{"_jetpack_memberships_contains_paid_content":false,"footnotes":"","jetpack_publicize_message":"#JamDelay, 04.08.2016, #Husum, #HafentageHusum","jetpack_publicize_feature_enabled":true,"jetpack_social_post_already_shared":true,"jetpack_social_options":{"image_generator_settings":{"template":"highway","default_image_id":0,"font":"","enabled":false},"version":2}},"categories":[34,2518,2517,5],"tags":[2434,2059,850,2519,1448],"class_list":["post-20960","post","type-post","status-publish","format-standard","has-post-thumbnail","hentry","category-acts","category-jam-delay","category-jan-delay-disko-no-1","category-tributebands","tag-2434","tag-husum","tag-husumer-hafentage","tag-jam-delay","tag-jan-delay"],"aioseo_notices":[],"jetpack_publicize_connections":[],"jetpack_featured_media_url":"http:\/\/www.rockpixx.com\/wordpress\/wp-content\/uploads\/2016\/08\/20160804-01-038.jpg","jetpack-related-posts":[{"id":21475,"url":"http:\/\/www.rockpixx.com\/wordpress\/merqury-02-08-2017-husumer-hafentage-gp-joule-buehne-husum\/","url_meta":{"origin":20960,"position":0},"title":"MerQury, 02.08.2017, Husumer Hafentage, GP Joule-B\u00fchne, Husum","author":"admin","date":"15. August 2017","format":false,"excerpt":"Irgendwie schaffen wir es anscheinend nicht mehr, vern\u00fcnftig \u00fcber diese Band zu berichten \u2013 keine Ahnung, warum das so ist\u2026 Entweder gehen uns beim Texten die G\u00e4ule durch oder wir sind privat als Besucher auf einem Konzert und machen nur noch \u201ejust for fun\u201c Bilder mit der kleinen Systemkamera aus\u2026","rel":"","context":"In &quot;Acts&quot;","block_context":{"text":"Acts","link":"http:\/\/www.rockpixx.com\/wordpress\/category\/acts\/"},"img":{"alt_text":"MerQury, 02.08.2017, Husum, Hafentage","src":"https:\/\/i0.wp.com\/www.rockpixx.com\/wordpress\/wp-content\/uploads\/2017\/08\/20170802-046.jpg?resize=350%2C200","width":350,"height":200,"srcset":"https:\/\/i0.wp.com\/www.rockpixx.com\/wordpress\/wp-content\/uploads\/2017\/08\/20170802-046.jpg?resize=350%2C200 1x, https:\/\/i0.wp.com\/www.rockpixx.com\/wordpress\/wp-content\/uploads\/2017\/08\/20170802-046.jpg?resize=525%2C300 1.5x, https:\/\/i0.wp.com\/www.rockpixx.com\/wordpress\/wp-content\/uploads\/2017\/08\/20170802-046.jpg?resize=700%2C400 2x"},"classes":[]},{"id":21909,"url":"http:\/\/www.rockpixx.com\/wordpress\/centurys-crime-2018\/","url_meta":{"origin":20960,"position":1},"title":"Century&#8217;s Crime, 12.08.2018, Stadtwerke Husum B\u00fchne, Husum","author":"A. Hahl","date":"13. August 2018","format":false,"excerpt":"Alle Jahre wieder finden wir uns f\u00fcr eine Stippvisite auf den \u201eHusumer Hafentagen\u201c ein. Und jetzt kann ich es ja bekennen: Als eingefleischter Fan von \u201eSupertramp\u201c (aus der \u00c4ra mit Rodger Hodgson) habe ich mich ganz besonders gefreut, zum ersten Mal \u201eCentury's Crime\u201c vor meiner (kleinen) Kamera zu haben. Zudem\u2026","rel":"","context":"In &quot;Acts&quot;","block_context":{"text":"Acts","link":"http:\/\/www.rockpixx.com\/wordpress\/category\/acts\/"},"img":{"alt_text":"Centurys Crime, 12.08.2018, Husumer Hafentage 2018, Husum, Stadtwerke Husum B\u00fchne","src":"https:\/\/i0.wp.com\/www.rockpixx.com\/wordpress\/wp-content\/uploads\/2018\/08\/20180812-0-058.jpg?resize=350%2C200","width":350,"height":200,"srcset":"https:\/\/i0.wp.com\/www.rockpixx.com\/wordpress\/wp-content\/uploads\/2018\/08\/20180812-0-058.jpg?resize=350%2C200 1x, https:\/\/i0.wp.com\/www.rockpixx.com\/wordpress\/wp-content\/uploads\/2018\/08\/20180812-0-058.jpg?resize=525%2C300 1.5x, https:\/\/i0.wp.com\/www.rockpixx.com\/wordpress\/wp-content\/uploads\/2018\/08\/20180812-0-058.jpg?resize=700%2C400 2x"},"classes":[]},{"id":19207,"url":"http:\/\/www.rockpixx.com\/wordpress\/sad-12-08-2015-husum\/","url_meta":{"origin":20960,"position":2},"title":"SaD, 12.08.2015, Husum","author":"admin","date":"13. August 2015","format":false,"excerpt":"Ein eher privater Besuch auf den \u201eHusumer Hafentagen\u201c steht an, die Systemkamera mit zwei Zooms ist dennoch dabei. Und wie es der Zufall so will kommen wir an der Euronics B\u00fchne vorbei und dort erklingen vertraute T\u00f6ne von \u201eMetallica\u201c. Das kann doch nur eine Tributeband sein\u2026 Und es ist eine\u2026","rel":"","context":"In &quot;Acts&quot;","block_context":{"text":"Acts","link":"http:\/\/www.rockpixx.com\/wordpress\/category\/acts\/"},"img":{"alt_text":"SaD, 12.08.2015, Husum","src":"https:\/\/i0.wp.com\/www.rockpixx.com\/wordpress\/wp-content\/uploads\/2015\/08\/20150812-01-006.jpg?resize=350%2C200","width":350,"height":200,"srcset":"https:\/\/i0.wp.com\/www.rockpixx.com\/wordpress\/wp-content\/uploads\/2015\/08\/20150812-01-006.jpg?resize=350%2C200 1x, https:\/\/i0.wp.com\/www.rockpixx.com\/wordpress\/wp-content\/uploads\/2015\/08\/20150812-01-006.jpg?resize=525%2C300 1.5x, https:\/\/i0.wp.com\/www.rockpixx.com\/wordpress\/wp-content\/uploads\/2015\/08\/20150812-01-006.jpg?resize=700%2C400 2x"},"classes":[]},{"id":20983,"url":"http:\/\/www.rockpixx.com\/wordpress\/ceenot71-04-08-2016-husum\/","url_meta":{"origin":20960,"position":3},"title":"Ceenot71, 04.08.2016, Husum","author":"A. Hahl","date":"9. August 2016","format":false,"excerpt":"Auf \u201ehandgemachten Coverrock aus Nordfriesland von den 70ern bis zur Neuzeit\u201c war ich gespannt. Leider kam ich an der Euronics B\u00fchne an der Slipanlage im Husumer Binnenhafen erst zum letzten halben Song w\u00e4hrend des ersten Sets an. Somit blieben nur ein paar fl\u00fcchtige Eindr\u00fccke sowie ganz wenige Fotos. Fotos: Alex\u2026","rel":"","context":"In &quot;Acts&quot;","block_context":{"text":"Acts","link":"http:\/\/www.rockpixx.com\/wordpress\/category\/acts\/"},"img":{"alt_text":"Ceenot 71, 04.08.2016, Husumer Hafentage, Euronics B\u00fchne, Husum","src":"https:\/\/i0.wp.com\/www.rockpixx.com\/wordpress\/wp-content\/uploads\/2016\/08\/20160804-02-007.jpg?resize=350%2C200","width":350,"height":200,"srcset":"https:\/\/i0.wp.com\/www.rockpixx.com\/wordpress\/wp-content\/uploads\/2016\/08\/20160804-02-007.jpg?resize=350%2C200 1x, https:\/\/i0.wp.com\/www.rockpixx.com\/wordpress\/wp-content\/uploads\/2016\/08\/20160804-02-007.jpg?resize=525%2C300 1.5x, https:\/\/i0.wp.com\/www.rockpixx.com\/wordpress\/wp-content\/uploads\/2016\/08\/20160804-02-007.jpg?resize=700%2C400 2x"},"classes":[]},{"id":8295,"url":"http:\/\/www.rockpixx.com\/wordpress\/hot-legs-14-08-2011-husum-repower-buhne\/","url_meta":{"origin":20960,"position":4},"title":"Hot Legs, 14.08.2011, Husum, REpower-B\u00fchne","author":"Anja","date":"14. August 2011","format":false,"excerpt":"Wer kennt sie nicht \u2013 die Hymnen aus den Jahren vor der Zeit von gesichtsloser und gecasteter Einheitsmassenware: \u201eSailing\u201c, \u201eSome Guys have all the Luck\u201c oder \u201eHot Legs\u201c vom fu\u00dfballverr\u00fcckten Altmeister mit der unvergleichlichen Frisur, Rod Stewart? Und genau diese Musik hatte ich (wieder einmal im Dauerregen) vor mir, performt\u2026","rel":"","context":"In &quot;Acts&quot;","block_context":{"text":"Acts","link":"http:\/\/www.rockpixx.com\/wordpress\/category\/acts\/"},"img":{"alt_text":"Hot Legs, 14.08.2011, Husum, REpower-B\u00fchne","src":"https:\/\/i0.wp.com\/www.rockpixx.com\/wordpress\/wp-content\/uploads\/2013\/02\/20110814-01-hot-legs-Artikel.jpg?resize=350%2C200","width":350,"height":200,"srcset":"https:\/\/i0.wp.com\/www.rockpixx.com\/wordpress\/wp-content\/uploads\/2013\/02\/20110814-01-hot-legs-Artikel.jpg?resize=350%2C200 1x, https:\/\/i0.wp.com\/www.rockpixx.com\/wordpress\/wp-content\/uploads\/2013\/02\/20110814-01-hot-legs-Artikel.jpg?resize=525%2C300 1.5x, https:\/\/i0.wp.com\/www.rockpixx.com\/wordpress\/wp-content\/uploads\/2013\/02\/20110814-01-hot-legs-Artikel.jpg?resize=700%2C400 2x"},"classes":[]},{"id":19228,"url":"http:\/\/www.rockpixx.com\/wordpress\/big-maggas-12-08-2015-husum\/","url_meta":{"origin":20960,"position":5},"title":"Big Maggas, 12.08.2015, Husum","author":"admin","date":"13. August 2015","format":false,"excerpt":"Schon in grauer Vorzeit \u2013 im Sommer 2010 \u2013 hatte Anja das Vergn\u00fcgen, die \u201eh\u00e4rteste und sch\u00f6nste Boygroup der Welt\u201c \u2192 in Kiel abzulichten. Sie kam begeistert zur\u00fcck. Aber ist das nicht immer so, dass eine Boygroup das weibliche Publikum an den Rand der Ekstase bringt? Nachdem der private Besuch\u2026","rel":"","context":"In &quot;Acts&quot;","block_context":{"text":"Acts","link":"http:\/\/www.rockpixx.com\/wordpress\/category\/acts\/"},"img":{"alt_text":"Big Maggas, 12.08.2015, Husum","src":"https:\/\/i0.wp.com\/www.rockpixx.com\/wordpress\/wp-content\/uploads\/2015\/08\/20150812-02-005.jpg?resize=350%2C200","width":350,"height":200,"srcset":"https:\/\/i0.wp.com\/www.rockpixx.com\/wordpress\/wp-content\/uploads\/2015\/08\/20150812-02-005.jpg?resize=350%2C200 1x, https:\/\/i0.wp.com\/www.rockpixx.com\/wordpress\/wp-content\/uploads\/2015\/08\/20150812-02-005.jpg?resize=525%2C300 1.5x, https:\/\/i0.wp.com\/www.rockpixx.com\/wordpress\/wp-content\/uploads\/2015\/08\/20150812-02-005.jpg?resize=700%2C400 2x"},"classes":[]}],"jetpack_sharing_enabled":true,"publishpress_future_action":{"enabled":false,"date":"2026-05-07 07:47:19","action":"change-status","newStatus":"draft","terms":[],"taxonomy":"category","extraData":[]},"publishpress_future_workflow_manual_trigger":{"enabledWorkflows":[]},"_links":{"self":[{"href":"http:\/\/www.rockpixx.com\/wordpress\/wp-json\/wp\/v2\/posts\/20960","targetHints":{"allow":["GET"]}}],"collection":[{"href":"http:\/\/www.rockpixx.com\/wordpress\/wp-json\/wp\/v2\/posts"}],"about":[{"href":"http:\/\/www.rockpixx.com\/wordpress\/wp-json\/wp\/v2\/types\/post"}],"author":[{"embeddable":true,"href":"http:\/\/www.rockpixx.com\/wordpress\/wp-json\/wp\/v2\/users\/3"}],"replies":[{"embeddable":true,"href":"http:\/\/www.rockpixx.com\/wordpress\/wp-json\/wp\/v2\/comments?post=20960"}],"version-history":[{"count":0,"href":"http:\/\/www.rockpixx.com\/wordpress\/wp-json\/wp\/v2\/posts\/20960\/revisions"}],"wp:featuredmedia":[{"embeddable":true,"href":"http:\/\/www.rockpixx.com\/wordpress\/wp-json\/wp\/v2\/media\/20975"}],"wp:attachment":[{"href":"http:\/\/www.rockpixx.com\/wordpress\/wp-json\/wp\/v2\/media?parent=20960"}],"wp:term":[{"taxonomy":"category","embeddable":true,"href":"http:\/\/www.rockpixx.com\/wordpress\/wp-json\/wp\/v2\/categories?post=20960"},{"taxonomy":"post_tag","embeddable":true,"href":"http:\/\/www.rockpixx.com\/wordpress\/wp-json\/wp\/v2\/tags?post=20960"}],"curies":[{"name":"wp","href":"https:\/\/api.w.org\/{rel}","templated":true}]}}