{"id":21,"date":"2005-06-22T02:00:16","date_gmt":"2005-06-22T00:00:16","guid":{"rendered":"http:\/\/rockpixx.com\/wordpress\/?p=21"},"modified":"2013-01-27T15:49:24","modified_gmt":"2013-01-27T13:49:24","slug":"hellsbelles-22-06-2005-kiel-radio-nora-buhne","status":"publish","type":"post","link":"http:\/\/www.rockpixx.com\/wordpress\/hellsbelles-22-06-2005-kiel-radio-nora-buhne\/","title":{"rendered":"HellsBelles, 22.06.2005, Kiel, Radio NORA-B\u00fchne"},"content":{"rendered":"<p>Meine erste Begegnung mit den M\u00e4dels. Eigentlich war \u201eKieler Woche\u201c und ich wollte nur ein wenig nette Live-Musik genie\u00dfen<!--more--> \u2013 zuvor hatte ich ja schon in der ersten Reihe vor der B\u00fchne von Radio NORA \u2192 <a title=\"Andy Scott\u2019s Sweet, 22.06.2005, Kiel, Radio NORA-B\u00fchne\" href=\"http:\/\/rockpixx.com\/wordpress\/?p=16\">\u201eAndy Scott\u2019s Sweet\u201c<\/a> gesehen und geh\u00f6rt. Und dann kamen die \u201eHellsBelles\u201c und ich fotografierte weiter. Nach dem Gig sprach ich mit Roxy, der S\u00e4ngerin \u2013 so kam ein netter Kontakt zustande.<\/p>\n<p style=\"text-align: right;\">Fotos: <a href=\"mailto:info@rockpixx.com?subject=Fotos%20von%20Hellsbelles,%20Kiel%20%E2%80%9ERadio%20NORA-B%C3%BChne%E2%80%9C,%2022.06.2005\">Alex<\/a> | Text: <a href=\"mailto:info@rockpixx.com?subject=Reviewtext%20von%20Hellsbelles,%20Kiel%20%E2%80%9ERadio%20NORA-B%C3%BChne%E2%80%9C,%2022.06.2005\">Alex<\/a><\/p>\n","protected":false},"excerpt":{"rendered":"<p>Meine erste Begegnung mit den M\u00e4dels. Eigentlich war \u201eKieler Woche\u201c und ich wollte nur ein <a href=\"http:\/\/www.rockpixx.com\/wordpress\/hellsbelles-22-06-2005-kiel-radio-nora-buhne\/\">Read more<\/a><\/p>\n","protected":false},"author":1,"featured_media":3167,"comment_status":"closed","ping_status":"open","sticky":false,"template":"","format":"standard","meta":{"_jetpack_memberships_contains_paid_content":false,"footnotes":"","jetpack_publicize_message":"","jetpack_publicize_feature_enabled":true,"jetpack_social_post_already_shared":false,"jetpack_social_options":{"image_generator_settings":{"template":"highway","default_image_id":0,"font":"","enabled":false},"version":2}},"categories":[8,34,10,5],"tags":[35,1716,133,1718,1735,138,333],"class_list":["post-21","post","type-post","status-publish","format-standard","has-post-thumbnail","hentry","category-acdc","category-acts","category-hellsbelles","category-tributebands","tag-35","tag-acdc","tag-festivals","tag-hellsbelles","tag-kiel","tag-kieler-woche","tag-radio-nora-buhne"],"aioseo_notices":[],"jetpack_publicize_connections":[],"jetpack_featured_media_url":"http:\/\/www.rockpixx.com\/wordpress\/wp-content\/uploads\/2005\/06\/20050622-02-hellsbelles-Artikel.jpg","jetpack-related-posts":[{"id":231,"url":"http:\/\/www.rockpixx.com\/wordpress\/hellsbelles-30-09-2006-schwabisch-hall-nco-club\/","url_meta":{"origin":21,"position":0},"title":"HellsBelles, 30.09.2006, Schw\u00e4bisch-Hall, NCO-Club","author":"admin","date":"30. September 2006","format":false,"excerpt":"Dieses Mal waren Steffi und ihre Mitstreiterinnen als Vorgruppe gebucht \u2013 vor den Cyberspacehippies. Also: Eine All-Girl-AC\/DC-Coverband als Vorgruppe f\u00fcr eine andere Coverband mit etwas softerem Programm. Das Licht war noch gruseliger als beim Main Act: Am besten Schwamm dr\u00fcber! In diesem Ambiente habe ich es \u00fcbrigens zum bisher einzigen\u2026","rel":"","context":"In &quot;AC\/DC&quot;","block_context":{"text":"AC\/DC","link":"http:\/\/www.rockpixx.com\/wordpress\/category\/acts\/tributebands\/acdc\/"},"img":{"alt_text":"HellsBelles","src":"https:\/\/i0.wp.com\/www.rockpixx.com\/wordpress\/wp-content\/uploads\/2006\/09\/20060930-02-hellsbelles-Artikel.jpg?resize=350%2C200","width":350,"height":200,"srcset":"https:\/\/i0.wp.com\/www.rockpixx.com\/wordpress\/wp-content\/uploads\/2006\/09\/20060930-02-hellsbelles-Artikel.jpg?resize=350%2C200 1x, https:\/\/i0.wp.com\/www.rockpixx.com\/wordpress\/wp-content\/uploads\/2006\/09\/20060930-02-hellsbelles-Artikel.jpg?resize=525%2C300 1.5x, https:\/\/i0.wp.com\/www.rockpixx.com\/wordpress\/wp-content\/uploads\/2006\/09\/20060930-02-hellsbelles-Artikel.jpg?resize=700%2C400 2x"},"classes":[]},{"id":27,"url":"http:\/\/www.rockpixx.com\/wordpress\/hellsbelles-27-08-2005-salzwedel-stadtpark\/","url_meta":{"origin":21,"position":1},"title":"HellsBelles, 27.08.2005, Salzwedel, Stadtpark","author":"admin","date":"27. August 2005","format":false,"excerpt":"Meine zweite Begegnung mit den M\u00e4dels um Steffi Skolik und definitiv das Konzert mit dem besten Catering, was ich jemals erlebt habe. Es fing schon damit an, dass ich \u2013 mit dem entsprechenden Ausweis am Wagen \u2013 bis unmittelbar hinter die B\u00fchne fahren und dort parken konnte. Als ich dann\u2026","rel":"","context":"In &quot;AC\/DC&quot;","block_context":{"text":"AC\/DC","link":"http:\/\/www.rockpixx.com\/wordpress\/category\/acts\/tributebands\/acdc\/"},"img":{"alt_text":"HellsBelles","src":"https:\/\/i0.wp.com\/www.rockpixx.com\/wordpress\/wp-content\/uploads\/2005\/08\/20050827-01-hellsbelles-Artikel.jpg?resize=350%2C200","width":350,"height":200,"srcset":"https:\/\/i0.wp.com\/www.rockpixx.com\/wordpress\/wp-content\/uploads\/2005\/08\/20050827-01-hellsbelles-Artikel.jpg?resize=350%2C200 1x, https:\/\/i0.wp.com\/www.rockpixx.com\/wordpress\/wp-content\/uploads\/2005\/08\/20050827-01-hellsbelles-Artikel.jpg?resize=525%2C300 1.5x, https:\/\/i0.wp.com\/www.rockpixx.com\/wordpress\/wp-content\/uploads\/2005\/08\/20050827-01-hellsbelles-Artikel.jpg?resize=700%2C400 2x"},"classes":[]},{"id":196,"url":"http:\/\/www.rockpixx.com\/wordpress\/hellsbelles-02-12-2005-altenkunstadt-nepomuk\/","url_meta":{"origin":21,"position":2},"title":"HellsBelles, 02.12.2005, Altenkunstadt, Nepomuk","author":"admin","date":"2. Dezember 2005","format":false,"excerpt":"Wieder so ein Gig in einem kleineren Club (\u201eNepomuk\u201c) mit sehr d\u00fcsterem Ambiente und einem Faible f\u00fcr Energiesparlampen on stage\u2026 War bei der Vorgruppe \u2192 \u201eAxxept\u201c die B\u00fchne noch \u00fcberwiegend in ungesundes Gr\u00fcn getaucht, so lie\u00df sich der Lichtmischer beim Mainact wenigstens erweichen, den M\u00e4dels auf der B\u00fchne ein freundliches\u2026","rel":"","context":"In &quot;AC\/DC&quot;","block_context":{"text":"AC\/DC","link":"http:\/\/www.rockpixx.com\/wordpress\/category\/acts\/tributebands\/acdc\/"},"img":{"alt_text":"HellsBelles","src":"https:\/\/i0.wp.com\/www.rockpixx.com\/wordpress\/wp-content\/uploads\/2005\/12\/20051202-02-hellsbelles-Artikel.jpg?resize=350%2C200","width":350,"height":200,"srcset":"https:\/\/i0.wp.com\/www.rockpixx.com\/wordpress\/wp-content\/uploads\/2005\/12\/20051202-02-hellsbelles-Artikel.jpg?resize=350%2C200 1x, https:\/\/i0.wp.com\/www.rockpixx.com\/wordpress\/wp-content\/uploads\/2005\/12\/20051202-02-hellsbelles-Artikel.jpg?resize=525%2C300 1.5x, https:\/\/i0.wp.com\/www.rockpixx.com\/wordpress\/wp-content\/uploads\/2005\/12\/20051202-02-hellsbelles-Artikel.jpg?resize=700%2C400 2x"},"classes":[]},{"id":16,"url":"http:\/\/www.rockpixx.com\/wordpress\/andy-scotts-sweet-22-06-2005-kiel-radio-nora-buhne\/","url_meta":{"origin":21,"position":3},"title":"Andy Scott\u2019s Sweet, 22.06.2005, Kiel, Radio NORA-B\u00fchne","author":"admin","date":"22. Juni 2005","format":false,"excerpt":"Kieler Woche\u201c hei\u00dft auch immer Live-Bands f\u00fcr jeden Geschmack irgendwo auf einer der unz\u00e4hligen B\u00fchnen in der Landeshauptstadt. Es gibt auch Jahre, in denen es zur \u201eKieler Woche\u201c einmal nicht regnet \u2013 2005 hatte ich einen solchen Tag erwischt. Eigentlich wollte ich nur einmal von der Arbeit abgelenkt werden und\u2026","rel":"","context":"In &quot;Acts&quot;","block_context":{"text":"Acts","link":"http:\/\/www.rockpixx.com\/wordpress\/category\/acts\/"},"img":{"alt_text":"Andy Scott\u2019s Sweet","src":"https:\/\/i0.wp.com\/www.rockpixx.com\/wordpress\/wp-content\/uploads\/2005\/06\/20050622-01-sweet-Artikel.jpg?resize=350%2C200","width":350,"height":200,"srcset":"https:\/\/i0.wp.com\/www.rockpixx.com\/wordpress\/wp-content\/uploads\/2005\/06\/20050622-01-sweet-Artikel.jpg?resize=350%2C200 1x, https:\/\/i0.wp.com\/www.rockpixx.com\/wordpress\/wp-content\/uploads\/2005\/06\/20050622-01-sweet-Artikel.jpg?resize=525%2C300 1.5x, https:\/\/i0.wp.com\/www.rockpixx.com\/wordpress\/wp-content\/uploads\/2005\/06\/20050622-01-sweet-Artikel.jpg?resize=700%2C400 2x"},"classes":[]},{"id":2412,"url":"http:\/\/www.rockpixx.com\/wordpress\/jennifer-rush-20-06-2008-kiel-unser-norden-buhne\/","url_meta":{"origin":21,"position":4},"title":"Jennifer Rush, 20.06.2008, Kiel, Unser Norden-B\u00fchne","author":"Anja","date":"20. Juni 2008","format":false,"excerpt":"Ich bin wieder an meiner alten Wirkungsst\u00e4tte, in Kiel. Es ist \u201eKieler Woche\u201c und jede Menge Musiker sind auf vielen B\u00fchnen ebenfalls dort. Den Anfang (noch vor der eigentlichen Er\u00f6ffnung der \u201eKieler Woche\u201c) macht Jennifer Rush auf der Gemeinschaftsb\u00fchne der drei Radiosender \u201er.sh\u201c, \u201eRadio NORA\u201c und \u201edelta radio\u201c. Bange Frage:\u2026","rel":"","context":"In &quot;Acts&quot;","block_context":{"text":"Acts","link":"http:\/\/www.rockpixx.com\/wordpress\/category\/acts\/"},"img":{"alt_text":"Jennifer Rush, 20.06.2008, Kiel, Unser Norden-B\u00fchne","src":"https:\/\/i0.wp.com\/www.rockpixx.com\/wordpress\/wp-content\/uploads\/2008\/06\/20080620-01-jennifer-rush-Artikel.jpg?resize=350%2C200","width":350,"height":200,"srcset":"https:\/\/i0.wp.com\/www.rockpixx.com\/wordpress\/wp-content\/uploads\/2008\/06\/20080620-01-jennifer-rush-Artikel.jpg?resize=350%2C200 1x, https:\/\/i0.wp.com\/www.rockpixx.com\/wordpress\/wp-content\/uploads\/2008\/06\/20080620-01-jennifer-rush-Artikel.jpg?resize=525%2C300 1.5x, https:\/\/i0.wp.com\/www.rockpixx.com\/wordpress\/wp-content\/uploads\/2008\/06\/20080620-01-jennifer-rush-Artikel.jpg?resize=700%2C400 2x"},"classes":[]},{"id":7946,"url":"http:\/\/www.rockpixx.com\/wordpress\/hit-radio-show-23-06-2011-kiel-lubzer-park-buhne\/","url_meta":{"origin":21,"position":5},"title":"Hit Radio Show, 23.06.2011, Kiel, L\u00fcbzer-Park-B\u00fchne","author":"Anja","date":"23. Juni 2011","format":false,"excerpt":"Eigentlich hatte ich heute genug vom Fotografieren, aber wenn man nach einem Konzert auf der Rathausb\u00fchne dann \u00fcber den Asmus-Bremer-Platz heiml\u00e4uft, kommt man zwangsl\u00e4ufig nicht um die L\u00fcbzer-Park-B\u00fchne herum. Dieses Mal wollte ich eigentlich nur schnell in unser Kieler-Woche-Wohnzimmer zur\u00fcck und hatte schon die Kameras wieder verstaut, als ich Tina\u2026","rel":"","context":"In &quot;Acts&quot;","block_context":{"text":"Acts","link":"http:\/\/www.rockpixx.com\/wordpress\/category\/acts\/"},"img":{"alt_text":"Hit Radio Show, 23.06.2011, Kiel, L\u00fcbzer-Park-B\u00fchne","src":"https:\/\/i0.wp.com\/www.rockpixx.com\/wordpress\/wp-content\/uploads\/2013\/02\/20110623-03-hit-radio-show-Artikel.jpg?resize=350%2C200","width":350,"height":200,"srcset":"https:\/\/i0.wp.com\/www.rockpixx.com\/wordpress\/wp-content\/uploads\/2013\/02\/20110623-03-hit-radio-show-Artikel.jpg?resize=350%2C200 1x, https:\/\/i0.wp.com\/www.rockpixx.com\/wordpress\/wp-content\/uploads\/2013\/02\/20110623-03-hit-radio-show-Artikel.jpg?resize=525%2C300 1.5x, https:\/\/i0.wp.com\/www.rockpixx.com\/wordpress\/wp-content\/uploads\/2013\/02\/20110623-03-hit-radio-show-Artikel.jpg?resize=700%2C400 2x"},"classes":[]}],"jetpack_sharing_enabled":true,"publishpress_future_action":{"enabled":false,"date":"2026-05-08 11:24:07","action":"change-status","newStatus":"draft","terms":[],"taxonomy":"category","extraData":[]},"publishpress_future_workflow_manual_trigger":{"enabledWorkflows":[]},"_links":{"self":[{"href":"http:\/\/www.rockpixx.com\/wordpress\/wp-json\/wp\/v2\/posts\/21","targetHints":{"allow":["GET"]}}],"collection":[{"href":"http:\/\/www.rockpixx.com\/wordpress\/wp-json\/wp\/v2\/posts"}],"about":[{"href":"http:\/\/www.rockpixx.com\/wordpress\/wp-json\/wp\/v2\/types\/post"}],"author":[{"embeddable":true,"href":"http:\/\/www.rockpixx.com\/wordpress\/wp-json\/wp\/v2\/users\/1"}],"replies":[{"embeddable":true,"href":"http:\/\/www.rockpixx.com\/wordpress\/wp-json\/wp\/v2\/comments?post=21"}],"version-history":[{"count":0,"href":"http:\/\/www.rockpixx.com\/wordpress\/wp-json\/wp\/v2\/posts\/21\/revisions"}],"wp:featuredmedia":[{"embeddable":true,"href":"http:\/\/www.rockpixx.com\/wordpress\/wp-json\/wp\/v2\/media\/3167"}],"wp:attachment":[{"href":"http:\/\/www.rockpixx.com\/wordpress\/wp-json\/wp\/v2\/media?parent=21"}],"wp:term":[{"taxonomy":"category","embeddable":true,"href":"http:\/\/www.rockpixx.com\/wordpress\/wp-json\/wp\/v2\/categories?post=21"},{"taxonomy":"post_tag","embeddable":true,"href":"http:\/\/www.rockpixx.com\/wordpress\/wp-json\/wp\/v2\/tags?post=21"}],"curies":[{"name":"wp","href":"https:\/\/api.w.org\/{rel}","templated":true}]}}