{"id":21029,"date":"2016-08-15T12:13:23","date_gmt":"2016-08-15T11:13:23","guid":{"rendered":"http:\/\/rockpixx.com\/wordpress\/?p=21029"},"modified":"2016-08-15T23:24:24","modified_gmt":"2016-08-15T22:24:24","slug":"heinz-rudolf-kunze-13-08-2016-eckernfoerde-suedstrand","status":"publish","type":"post","link":"http:\/\/www.rockpixx.com\/wordpress\/heinz-rudolf-kunze-13-08-2016-eckernfoerde-suedstrand\/","title":{"rendered":"Heinz Rudolf Kunze, 13.08.2016, Eckernf\u00f6rde, S\u00fcdstrand"},"content":{"rendered":"<p>Meinen ersten musikalischen Kontakt mit Heinz Rudolf Kunze hatte ich Anfang der Achtziger als ich im Club immer \u201eSicherheitsdienst\u201c auflegte \u2013 ist also schon eine ganze Weile von Jahren her\u2026<\/p>\n<p><!--more--><\/p>\n<p>Und seit dieser Zeit ist Heinz Rudolf Kunze aus der deutschsprachigen Musik nicht mehr wegzudenken, mal mit kritischen Texten, die ihm den wenig schmeichelhaften Titel \u201eNiedermacher\u201c einbrachten, mal mit schlager-esken Songs wie \u201eDein ist mein ganzes Herz\u201c und mal mit witzigen Remakes wie beispielsweise das unvergessene \u201eLola\u201c von den \u201eKinks\u201c. Auch heute meldet er sich mit den wohlbekannten Texten seiner Songs wieder zu Wort und spart vor ausverkauftem Strand direkt an der Ostsee nicht mit kritischen subjektiv gef\u00e4rbten Zwischen-Bemerkungen zum aktuellen Zeitgeschehen. Politiker aus West und S\u00fcd-Ost bekommen mit teilweise drastischen Worten ihr Fett weg \u2013 die 14.000 vor der B\u00fchne goutieren es mit Beifall. Backstage meint irgendjemand \u201eDer kommt mir immer vor wie ein Pastor.\u201c Egal, die knapp 90-min\u00fctige Show kommt besser an als viele sonstige Supportacts und das ist die Hauptsache.<\/p>\n<p>Fazit: Man kann das Publikum auch mit Geist und guter Musik unterhalten, Heinz Rudolf Kunze ist daf\u00fcr ein herausragendes Beispiel.<\/p>\n<p style=\"text-align: right;\">Fotos: <a href=\"mailto:info@rockpixx.com?subject=Vertical%20Blinds,%2023.05.2014,%20Kiel,%20R\u00e4ucherei\">Alex<\/a> | Text: <a href=\"mailto:info@rockpixx.com?subject=Vertical%20Blinds,%2023.05.2014,%20Kiel,%20R\u00e4ucherei\">Alex<\/a><\/p>\n<p>&nbsp;<\/p>\n<div class=\"eat-left eat-right\"><div class=\"thumbs-masonry isotope\"><div class=\"isotope-item block-2 block-h-2\"><a href=\"http:\/\/www.rockpixx.com\/wordpress\/wp-content\/uploads\/2016\/08\/20160813-01-003.jpg\" rel=\"prettyPhoto[postgal_21030]\" class=\"show-hover-link block-h-2\"\"><img decoding=\"async\" src=\"http:\/\/www.rockpixx.com\/wordpress\/wp-content\/uploads\/2016\/08\/20160813-01-003-480x480.jpg\" alt=\"Heinz Rudolf Kunze, 13.08.2016, Eckernf\u00f6rde, S\u00fcdstrand\"\/><span class=\"before\"><\/span><span class=\"after\"><\/span><\/a><\/div><div class=\"isotope-item block-1 block-h-1\"><a href=\"http:\/\/www.rockpixx.com\/wordpress\/wp-content\/uploads\/2016\/08\/20160813-01-007.jpg\" rel=\"prettyPhoto[postgal_21030]\" class=\"show-hover-link block-h-1\"\"><img decoding=\"async\" src=\"http:\/\/www.rockpixx.com\/wordpress\/wp-content\/uploads\/2016\/08\/20160813-01-007-480x480.jpg\" alt=\"Heinz Rudolf Kunze, 13.08.2016, Eckernf\u00f6rde, S\u00fcdstrand\"\/><span class=\"before\"><\/span><span class=\"after\"><\/span><\/a><\/div><div class=\"isotope-item block-1 block-h-1\"><a href=\"http:\/\/www.rockpixx.com\/wordpress\/wp-content\/uploads\/2016\/08\/20160813-01-008.jpg\" rel=\"prettyPhoto[postgal_21030]\" class=\"show-hover-link block-h-1\"\"><img decoding=\"async\" src=\"http:\/\/www.rockpixx.com\/wordpress\/wp-content\/uploads\/2016\/08\/20160813-01-008-480x480.jpg\" alt=\"Heinz Rudolf Kunze, 13.08.2016, Eckernf\u00f6rde, S\u00fcdstrand\"\/><span class=\"before\"><\/span><span class=\"after\"><\/span><\/a><\/div><div class=\"isotope-item block-2 block-h-2\"><a href=\"http:\/\/www.rockpixx.com\/wordpress\/wp-content\/uploads\/2016\/08\/20160813-01-013.jpg\" rel=\"prettyPhoto[postgal_21030]\" class=\"show-hover-link block-h-2\"\"><img decoding=\"async\" src=\"http:\/\/www.rockpixx.com\/wordpress\/wp-content\/uploads\/2016\/08\/20160813-01-013-480x480.jpg\" alt=\"Heinz Rudolf Kunze, 13.08.2016, Eckernf\u00f6rde, S\u00fcdstrand\"\/><span class=\"before\"><\/span><span class=\"after\"><\/span><\/a><\/div><div class=\"isotope-item block-1 block-h-1\"><a href=\"http:\/\/www.rockpixx.com\/wordpress\/wp-content\/uploads\/2016\/08\/20160813-01-016.jpg\" rel=\"prettyPhoto[postgal_21030]\" class=\"show-hover-link block-h-1\"\"><img decoding=\"async\" src=\"http:\/\/www.rockpixx.com\/wordpress\/wp-content\/uploads\/2016\/08\/20160813-01-016-480x480.jpg\" alt=\"Heinz Rudolf Kunze, 13.08.2016, Eckernf\u00f6rde, S\u00fcdstrand\"\/><span class=\"before\"><\/span><span class=\"after\"><\/span><\/a><\/div><div class=\"isotope-item block-1 block-h-1\"><a href=\"http:\/\/www.rockpixx.com\/wordpress\/wp-content\/uploads\/2016\/08\/20160813-01-029.jpg\" rel=\"prettyPhoto[postgal_21030]\" class=\"show-hover-link block-h-1\"\"><img decoding=\"async\" src=\"http:\/\/www.rockpixx.com\/wordpress\/wp-content\/uploads\/2016\/08\/20160813-01-029-480x480.jpg\" alt=\"Heinz Rudolf Kunze, 13.08.2016, Eckernf\u00f6rde, S\u00fcdstrand\"\/><span class=\"before\"><\/span><span class=\"after\"><\/span><\/a><\/div><div class=\"isotope-item block-2 block-h-2\"><a href=\"http:\/\/www.rockpixx.com\/wordpress\/wp-content\/uploads\/2016\/08\/20160813-01-031.jpg\" rel=\"prettyPhoto[postgal_21030]\" class=\"show-hover-link block-h-2\"\"><img decoding=\"async\" src=\"http:\/\/www.rockpixx.com\/wordpress\/wp-content\/uploads\/2016\/08\/20160813-01-031-480x480.jpg\" alt=\"Heinz Rudolf Kunze, 13.08.2016, Eckernf\u00f6rde, S\u00fcdstrand\"\/><span class=\"before\"><\/span><span class=\"after\"><\/span><\/a><\/div><div class=\"isotope-item block-1 block-h-1\"><a href=\"http:\/\/www.rockpixx.com\/wordpress\/wp-content\/uploads\/2016\/08\/20160813-01-039.jpg\" rel=\"prettyPhoto[postgal_21030]\" class=\"show-hover-link block-h-1\"\"><img decoding=\"async\" src=\"http:\/\/www.rockpixx.com\/wordpress\/wp-content\/uploads\/2016\/08\/20160813-01-039-480x480.jpg\" alt=\"Heinz Rudolf Kunze, 13.08.2016, Eckernf\u00f6rde, S\u00fcdstrand\"\/><span class=\"before\"><\/span><span class=\"after\"><\/span><\/a><\/div><div class=\"isotope-item block-1 block-h-1\"><a href=\"http:\/\/www.rockpixx.com\/wordpress\/wp-content\/uploads\/2016\/08\/20160813-01-045.jpg\" rel=\"prettyPhoto[postgal_21030]\" class=\"show-hover-link block-h-1\"\"><img decoding=\"async\" src=\"http:\/\/www.rockpixx.com\/wordpress\/wp-content\/uploads\/2016\/08\/20160813-01-045-480x480.jpg\" alt=\"Heinz Rudolf Kunze, 13.08.2016, Eckernf\u00f6rde, S\u00fcdstrand\"\/><span class=\"before\"><\/span><span class=\"after\"><\/span><\/a><\/div><div class=\"isotope-item block-2 block-h-2\"><a href=\"http:\/\/www.rockpixx.com\/wordpress\/wp-content\/uploads\/2016\/08\/20160813-01-054.jpg\" rel=\"prettyPhoto[postgal_21030]\" class=\"show-hover-link block-h-2\"\"><img decoding=\"async\" src=\"http:\/\/www.rockpixx.com\/wordpress\/wp-content\/uploads\/2016\/08\/20160813-01-054-480x480.jpg\" alt=\"Heinz Rudolf Kunze, 13.08.2016, Eckernf\u00f6rde, S\u00fcdstrand\"\/><span class=\"before\"><\/span><span class=\"after\"><\/span><\/a><\/div><div class=\"isotope-item block-1 block-h-1\"><a href=\"http:\/\/www.rockpixx.com\/wordpress\/wp-content\/uploads\/2016\/08\/20160813-01-056.jpg\" rel=\"prettyPhoto[postgal_21030]\" class=\"show-hover-link block-h-1\"\"><img decoding=\"async\" src=\"http:\/\/www.rockpixx.com\/wordpress\/wp-content\/uploads\/2016\/08\/20160813-01-056-480x480.jpg\" alt=\"Heinz Rudolf Kunze, 13.08.2016, Eckernf\u00f6rde, S\u00fcdstrand\"\/><span class=\"before\"><\/span><span class=\"after\"><\/span><\/a><\/div><\/div><\/div>\n","protected":false},"excerpt":{"rendered":"<p>Meinen ersten musikalischen Kontakt mit Heinz Rudolf Kunze hatte ich Anfang der Achtziger als ich <a href=\"http:\/\/www.rockpixx.com\/wordpress\/heinz-rudolf-kunze-13-08-2016-eckernfoerde-suedstrand\/\">Read more<\/a><\/p>\n","protected":false},"author":3,"featured_media":21041,"comment_status":"open","ping_status":"open","sticky":false,"template":"","format":"standard","meta":{"_jetpack_memberships_contains_paid_content":false,"footnotes":"","jetpack_publicize_message":"#HeinzRudolfKunze, 13.08.2016, #Eckernf\u00f6rde, S\u00fcdstrand","jetpack_publicize_feature_enabled":true,"jetpack_social_post_already_shared":true,"jetpack_social_options":{"image_generator_settings":{"template":"highway","default_image_id":0,"font":"","enabled":false},"version":2}},"categories":[34,2522],"tags":[2434,874,2458,2523,875],"class_list":["post-21029","post","type-post","status-publish","format-standard","has-post-thumbnail","hentry","category-acts","category-heinz-rudolf-kunze","tag-2434","tag-eckernforde","tag-heinz-rudolf-kunze","tag-strand-open-air-2016","tag-sudstrand"],"aioseo_notices":[],"jetpack_publicize_connections":[],"jetpack_featured_media_url":"http:\/\/www.rockpixx.com\/wordpress\/wp-content\/uploads\/2016\/08\/20160813-01-056.jpg","jetpack-related-posts":[{"id":23087,"url":"http:\/\/www.rockpixx.com\/wordpress\/paso-doble-19-07-2025-eggebek-shelter-festival\/","url_meta":{"origin":21029,"position":0},"title":"Paso Doble, 19.07.2025, Eggebek, Shelter Festival","author":"A. Hahl","date":"23. Juli 2025","format":false,"excerpt":"Zu Beginn des Sonnabends hatte ich bei \u201ePaso Doble\u201c nat\u00fcrlich die bekannten Songs wie \u201eComputerliebe\u201c und \u201eHerz an Herz\u201c erwartet \u2013 und ansonsten \u2026? Gro\u00dfes Fragezeichen bei mir plus den Hinweis im Programmtext, der da lautete \u201eHalb-Playback\u201c.","rel":"","context":"In &quot;Acts&quot;","block_context":{"text":"Acts","link":"http:\/\/www.rockpixx.com\/wordpress\/category\/acts\/"},"img":{"alt_text":"Paso Doble, 19.07.2025, Eggebek, Shelter Festival 2025","src":"https:\/\/i0.wp.com\/www.rockpixx.com\/wordpress\/wp-content\/uploads\/2025\/07\/20250719-01-020.jpg?resize=350%2C200","width":350,"height":200,"srcset":"https:\/\/i0.wp.com\/www.rockpixx.com\/wordpress\/wp-content\/uploads\/2025\/07\/20250719-01-020.jpg?resize=350%2C200 1x, https:\/\/i0.wp.com\/www.rockpixx.com\/wordpress\/wp-content\/uploads\/2025\/07\/20250719-01-020.jpg?resize=525%2C300 1.5x, https:\/\/i0.wp.com\/www.rockpixx.com\/wordpress\/wp-content\/uploads\/2025\/07\/20250719-01-020.jpg?resize=700%2C400 2x, https:\/\/i0.wp.com\/www.rockpixx.com\/wordpress\/wp-content\/uploads\/2025\/07\/20250719-01-020.jpg?resize=1050%2C600 3x"},"classes":[]},{"id":21043,"url":"http:\/\/www.rockpixx.com\/wordpress\/pur-13-08-2016-eckernfoerde-suedstrand\/","url_meta":{"origin":21029,"position":1},"title":"PUR, 13.08.2016, Eckernf\u00f6rde, S\u00fcdstrand","author":"A. Hahl","date":"15. August 2016","format":false,"excerpt":"Die \u201eSch\u00fclerband von vor 35 Jahren\u201c steht erneut nach 2013 vor unseren Kameras und irgendwie sind die Musiker um Hartmut Engler schon seit einiger Zeit nicht mehr wirklich gealtert. Ich muss es ja zugeben: Die Musik von \u201ePUR\u201c ist nun wirklich nicht meine, aber ich bewundere die Musiker f\u00fcr ihren\u2026","rel":"","context":"In &quot;Acts&quot;","block_context":{"text":"Acts","link":"http:\/\/www.rockpixx.com\/wordpress\/category\/acts\/"},"img":{"alt_text":"PUR, 13.08.2016, Eckernf\u00f6rde, S\u00fcdstrand","src":"https:\/\/i0.wp.com\/www.rockpixx.com\/wordpress\/wp-content\/uploads\/2016\/08\/20160813-02-116.jpg?resize=350%2C200","width":350,"height":200,"srcset":"https:\/\/i0.wp.com\/www.rockpixx.com\/wordpress\/wp-content\/uploads\/2016\/08\/20160813-02-116.jpg?resize=350%2C200 1x, https:\/\/i0.wp.com\/www.rockpixx.com\/wordpress\/wp-content\/uploads\/2016\/08\/20160813-02-116.jpg?resize=525%2C300 1.5x, https:\/\/i0.wp.com\/www.rockpixx.com\/wordpress\/wp-content\/uploads\/2016\/08\/20160813-02-116.jpg?resize=700%2C400 2x"},"classes":[]},{"id":8752,"url":"http:\/\/www.rockpixx.com\/wordpress\/der-checker-dsds-14-07-2012-eckernforde-sudstrand\/","url_meta":{"origin":21029,"position":2},"title":"Der Checker (DSDS), 14.07.2012, Eckernf\u00f6rde, S\u00fcdstrand","author":"Anja","date":"14. Juli 2012","format":false,"excerpt":"Als n\u00e4chstes stand \u201eDer Checker\u201c auf dem Programm\u2026 nein hier ist nicht Alex Wesselsky von \u2192\u00a0Eisbrecher\u00a0gemeint. Der K\u00fcnstler, der hier auf der B\u00fchne stand, war Teilnehmer in der 7. Staffel von Dieter Bohlens DSDS und erhielt diesen Namen vom Pop-Titan h\u00f6chstselbst verliehen \u2013 aus welchem Grund auch immer. Aus dem\u2026","rel":"","context":"In &quot;Acts&quot;","block_context":{"text":"Acts","link":"http:\/\/www.rockpixx.com\/wordpress\/category\/acts\/"},"img":{"alt_text":"Der Checker (DSDS), 14.07.2012, Eckernf\u00f6rde, S\u00fcdstrand","src":"https:\/\/i0.wp.com\/www.rockpixx.com\/wordpress\/wp-content\/uploads\/2013\/02\/20120714-02-der-checker-Artikel.jpg?resize=350%2C200","width":350,"height":200,"srcset":"https:\/\/i0.wp.com\/www.rockpixx.com\/wordpress\/wp-content\/uploads\/2013\/02\/20120714-02-der-checker-Artikel.jpg?resize=350%2C200 1x, https:\/\/i0.wp.com\/www.rockpixx.com\/wordpress\/wp-content\/uploads\/2013\/02\/20120714-02-der-checker-Artikel.jpg?resize=525%2C300 1.5x, https:\/\/i0.wp.com\/www.rockpixx.com\/wordpress\/wp-content\/uploads\/2013\/02\/20120714-02-der-checker-Artikel.jpg?resize=700%2C400 2x"},"classes":[]},{"id":8767,"url":"http:\/\/www.rockpixx.com\/wordpress\/luca-hanni-dsds-14-07-2012-eckernforde-sudstrand\/","url_meta":{"origin":21029,"position":3},"title":"Luca H\u00e4nni (DSDS), 14.07.2012, Eckernf\u00f6rde, S\u00fcdstrand","author":"Anja","date":"14. Juli 2012","format":false,"excerpt":"Aus meinen anderen Reviews zu diesem Superstar Open-Air mit den DSDS-Teilnehmern war sicherlich bereits herauszulesen, dass diese Sendung nicht unbedingt ein von mir favorisiertes Showformat ist. Deswegen bin ich da nicht so auf dem Laufenden gewesen, wie der Gewinner der diesj\u00e4hrigen Staffel so ist. Ich war positiv \u00fcberrascht: Eine gute\u2026","rel":"","context":"In &quot;Acts&quot;","block_context":{"text":"Acts","link":"http:\/\/www.rockpixx.com\/wordpress\/category\/acts\/"},"img":{"alt_text":"Luca H\u00e4nni (DSDS), 14.07.2012, Eckernf\u00f6rde, S\u00fcdstrand","src":"https:\/\/i0.wp.com\/www.rockpixx.com\/wordpress\/wp-content\/uploads\/2013\/02\/20120714-08-luca-haenni-Artikel.jpg?resize=350%2C200","width":350,"height":200,"srcset":"https:\/\/i0.wp.com\/www.rockpixx.com\/wordpress\/wp-content\/uploads\/2013\/02\/20120714-08-luca-haenni-Artikel.jpg?resize=350%2C200 1x, https:\/\/i0.wp.com\/www.rockpixx.com\/wordpress\/wp-content\/uploads\/2013\/02\/20120714-08-luca-haenni-Artikel.jpg?resize=525%2C300 1.5x, https:\/\/i0.wp.com\/www.rockpixx.com\/wordpress\/wp-content\/uploads\/2013\/02\/20120714-08-luca-haenni-Artikel.jpg?resize=700%2C400 2x"},"classes":[]},{"id":8757,"url":"http:\/\/www.rockpixx.com\/wordpress\/mehrzad-marashi-dsds-14-07-2012-eckernforde-sudstrand\/","url_meta":{"origin":21029,"position":4},"title":"Mehrzad Marashi (DSDS), 14.07.2012, Eckernf\u00f6rde, S\u00fcdstrand","author":"Anja","date":"14. Juli 2012","format":false,"excerpt":"Der Auftritt von Mehrzad Marashi l\u00e4\u00dft erahnen, dass hier ein K\u00fcnstler auf der B\u00fchne steht, der Musik nicht nur auf den Gesang reduziert. Zum ersten Mal an diesem Tag standen auch eine Band und drei stimmgewaltige Background-S\u00e4ngerinnen mit auf der B\u00fchne. Was mir hier von der B\u00fchne entgegen kam, war\u2026","rel":"","context":"In &quot;Acts&quot;","block_context":{"text":"Acts","link":"http:\/\/www.rockpixx.com\/wordpress\/category\/acts\/"},"img":{"alt_text":"Mehrzad Marashi (DSDS), 14.07.2012, Eckernf\u00f6rde, S\u00fcdstrand","src":"https:\/\/i0.wp.com\/www.rockpixx.com\/wordpress\/wp-content\/uploads\/2013\/02\/20120714-04-mehrzad-marashi-Artikel.jpg?resize=350%2C200","width":350,"height":200,"srcset":"https:\/\/i0.wp.com\/www.rockpixx.com\/wordpress\/wp-content\/uploads\/2013\/02\/20120714-04-mehrzad-marashi-Artikel.jpg?resize=350%2C200 1x, https:\/\/i0.wp.com\/www.rockpixx.com\/wordpress\/wp-content\/uploads\/2013\/02\/20120714-04-mehrzad-marashi-Artikel.jpg?resize=525%2C300 1.5x, https:\/\/i0.wp.com\/www.rockpixx.com\/wordpress\/wp-content\/uploads\/2013\/02\/20120714-04-mehrzad-marashi-Artikel.jpg?resize=700%2C400 2x"},"classes":[]},{"id":15034,"url":"http:\/\/www.rockpixx.com\/wordpress\/the-sweet-05-06-2014-suedstrand-eckernfoerde\/","url_meta":{"origin":21029,"position":5},"title":"The Sweet, 05.06.2014, S\u00fcdstrand, Eckernf\u00f6rde, Radio NORA Sommer Open Air","author":"Anja","date":"6. Juli 2014","format":false,"excerpt":"Einer der h\u00e4ufigsten Suchbegriffe auf rockpixx.com ist schon seit Jahren \u201eAndy Scott Per\u00fccke\u201c und wir k\u00f6nnen uns das beim besten Willen nicht erkl\u00e4ren, warum das so ist. Die Helden meiner Jugend sind nat\u00fcrlich auch ein wenig \u00e4lter geworden. Eigentlich ist es ja nur noch ein Held: Andy Scott tourt unter\u2026","rel":"","context":"In &quot;Acts&quot;","block_context":{"text":"Acts","link":"http:\/\/www.rockpixx.com\/wordpress\/category\/acts\/"},"img":{"alt_text":"The Sweet, 05.07.2014, Radio NORA Sommer Open Air, S\u00fcdstrand, Eckernf\u00f6rde","src":"https:\/\/i0.wp.com\/www.rockpixx.com\/wordpress\/wp-content\/uploads\/2014\/07\/20140705-02-041_the-sweet_Artikel.jpg?resize=350%2C200","width":350,"height":200,"srcset":"https:\/\/i0.wp.com\/www.rockpixx.com\/wordpress\/wp-content\/uploads\/2014\/07\/20140705-02-041_the-sweet_Artikel.jpg?resize=350%2C200 1x, https:\/\/i0.wp.com\/www.rockpixx.com\/wordpress\/wp-content\/uploads\/2014\/07\/20140705-02-041_the-sweet_Artikel.jpg?resize=525%2C300 1.5x, https:\/\/i0.wp.com\/www.rockpixx.com\/wordpress\/wp-content\/uploads\/2014\/07\/20140705-02-041_the-sweet_Artikel.jpg?resize=700%2C400 2x"},"classes":[]}],"jetpack_sharing_enabled":true,"publishpress_future_action":{"enabled":false,"date":"2026-05-06 09:23:21","action":"change-status","newStatus":"draft","terms":[],"taxonomy":"category","extraData":[]},"publishpress_future_workflow_manual_trigger":{"enabledWorkflows":[]},"_links":{"self":[{"href":"http:\/\/www.rockpixx.com\/wordpress\/wp-json\/wp\/v2\/posts\/21029","targetHints":{"allow":["GET"]}}],"collection":[{"href":"http:\/\/www.rockpixx.com\/wordpress\/wp-json\/wp\/v2\/posts"}],"about":[{"href":"http:\/\/www.rockpixx.com\/wordpress\/wp-json\/wp\/v2\/types\/post"}],"author":[{"embeddable":true,"href":"http:\/\/www.rockpixx.com\/wordpress\/wp-json\/wp\/v2\/users\/3"}],"replies":[{"embeddable":true,"href":"http:\/\/www.rockpixx.com\/wordpress\/wp-json\/wp\/v2\/comments?post=21029"}],"version-history":[{"count":0,"href":"http:\/\/www.rockpixx.com\/wordpress\/wp-json\/wp\/v2\/posts\/21029\/revisions"}],"wp:featuredmedia":[{"embeddable":true,"href":"http:\/\/www.rockpixx.com\/wordpress\/wp-json\/wp\/v2\/media\/21041"}],"wp:attachment":[{"href":"http:\/\/www.rockpixx.com\/wordpress\/wp-json\/wp\/v2\/media?parent=21029"}],"wp:term":[{"taxonomy":"category","embeddable":true,"href":"http:\/\/www.rockpixx.com\/wordpress\/wp-json\/wp\/v2\/categories?post=21029"},{"taxonomy":"post_tag","embeddable":true,"href":"http:\/\/www.rockpixx.com\/wordpress\/wp-json\/wp\/v2\/tags?post=21029"}],"curies":[{"name":"wp","href":"https:\/\/api.w.org\/{rel}","templated":true}]}}