{"id":21110,"date":"2016-09-21T09:45:08","date_gmt":"2016-09-21T08:45:08","guid":{"rendered":"http:\/\/rockpixx.com\/wordpress\/?p=21110"},"modified":"2016-09-21T09:45:08","modified_gmt":"2016-09-21T08:45:08","slug":"rockpixx-com-macht-pause","status":"publish","type":"post","link":"http:\/\/www.rockpixx.com\/wordpress\/rockpixx-com-macht-pause\/","title":{"rendered":"rockpixx.com macht Pause"},"content":{"rendered":"<p>Moin zusammen,<\/p>\n<p>sicherlich fragen sich viele von Euch, wo denn unsere letzten Bilder und Reviews bleiben \u2013 viel mehr, als wir ohnehin schon Anfragen \u00fcber die sozialen Netzwerke wie facebook, Twitter und Google+ sowie via Mail bekommen&#8230;<\/p>\n<p><!--more--><\/p>\n<p>Keine Angst, die Bilder und Reviews kommen noch \u2013 versprochen. Und wir werden uns auch nicht zur Ruhe setzen.<\/p>\n<h3>rockpixx.com wird es auch weiterhin geben.<\/h3>\n<p>Momentan (genauer gesagt, schon seit einigen Wochen) \u00fcberrollt uns im Haupt-Gesch\u00e4ftsbereich jedoch eine Auftragswelle, die so nicht vorhersehbar gewesen ist. In unserer Werbeagentur <a href=\"http:\/\/double-a-design.de\" target=\"_blank\">double-A-design<\/a> t\u00fcrmen sich die Auftr\u00e4ge und alle Kunden m\u00f6chten nat\u00fcrlich ganz schnell gute Resultate sehen. (Einen kleinen Auszug mit Arbeiten der letzten Wochen findet Ihr in der Galerie.) Dem k\u00f6nnen und werden wir uns nicht verschlie\u00dfen und von daher haben wir den Gesch\u00e4ftsbereich rockpixx.com erst einmal ein wenig hintenangestellt.<\/p>\n<p>Wir denken, Ihr habt daf\u00fcr mit Sicherheit Verst\u00e4ndnis.<\/p>\n<div class=\"eat-left eat-right\"><div class=\"thumbs-masonry isotope\"><div class=\"isotope-item block-2 block-h-2\"><a href=\"http:\/\/www.rockpixx.com\/wordpress\/wp-content\/uploads\/2016\/09\/webseiten.jpg\" rel=\"prettyPhoto[postgal_21109]\" class=\"show-hover-link block-h-2\"\"><img decoding=\"async\" src=\"http:\/\/www.rockpixx.com\/wordpress\/wp-content\/uploads\/2016\/09\/webseiten-480x480.jpg\" alt=\"Webseiten (Relaunch und Neugestaltung, CMS-basiert, responsive)\"\/><span class=\"before\"><\/span><span class=\"after\"><\/span><\/a><\/div><div class=\"isotope-item block-2 block-h-2\"><a href=\"http:\/\/www.rockpixx.com\/wordpress\/wp-content\/uploads\/2016\/09\/plakate.jpg\" rel=\"prettyPhoto[postgal_21109]\" class=\"show-hover-link block-h-2\"\"><img decoding=\"async\" src=\"http:\/\/www.rockpixx.com\/wordpress\/wp-content\/uploads\/2016\/09\/plakate-480x480.jpg\" alt=\"Plakatgestaltung\"\/><span class=\"before\"><\/span><span class=\"after\"><\/span><\/a><\/div><div class=\"isotope-item block-1 block-h-1\"><a href=\"http:\/\/www.rockpixx.com\/wordpress\/wp-content\/uploads\/2016\/09\/periodika.jpg\" rel=\"prettyPhoto[postgal_21109]\" class=\"show-hover-link block-h-1\"\"><img decoding=\"async\" src=\"http:\/\/www.rockpixx.com\/wordpress\/wp-content\/uploads\/2016\/09\/periodika-480x480.jpg\" alt=\"Satz &amp; Design Periodika (Magazin\/Fachzeitschrift, Programmhefte)\"\/><span class=\"before\"><\/span><span class=\"after\"><\/span><\/a><\/div><div class=\"isotope-item block-1 block-h-1\"><a href=\"http:\/\/www.rockpixx.com\/wordpress\/wp-content\/uploads\/2016\/09\/b\u00fccher.jpg\" rel=\"prettyPhoto[postgal_21109]\" class=\"show-hover-link block-h-1\"\"><img decoding=\"async\" src=\"http:\/\/www.rockpixx.com\/wordpress\/wp-content\/uploads\/2016\/09\/b\u00fccher-480x480.jpg\" alt=\"Satz &amp; Design Fachb\u00fccher\"\/><span class=\"before\"><\/span><span class=\"after\"><\/span><\/a><\/div><div class=\"isotope-item block-1 block-h-1\"><a href=\"http:\/\/www.rockpixx.com\/wordpress\/wp-content\/uploads\/2016\/09\/sonstige.jpg\" rel=\"prettyPhoto[postgal_21109]\" class=\"show-hover-link block-h-1\"\"><img decoding=\"async\" src=\"http:\/\/www.rockpixx.com\/wordpress\/wp-content\/uploads\/2016\/09\/sonstige-480x480.jpg\" alt=\"Satz &amp; Design Diverses (Postkarten, Flyer, Banner, Veranstaltungsheft)\"\/><span class=\"before\"><\/span><span class=\"after\"><\/span><\/a><\/div><\/div><\/div>\n","protected":false},"excerpt":{"rendered":"<p>Moin zusammen, sicherlich fragen sich viele von Euch, wo denn unsere letzten Bilder und Reviews <a href=\"http:\/\/www.rockpixx.com\/wordpress\/rockpixx-com-macht-pause\/\">Read more<\/a><\/p>\n","protected":false},"author":1,"featured_media":21108,"comment_status":"open","ping_status":"open","sticky":false,"template":"","format":"standard","meta":{"_jetpack_memberships_contains_paid_content":false,"footnotes":"","jetpack_publicize_message":"rockpixx.com macht Pause #rockpixx #Pause #break #Werbeagentur","jetpack_publicize_feature_enabled":true,"jetpack_social_post_already_shared":true,"jetpack_social_options":{"image_generator_settings":{"template":"highway","default_image_id":0,"font":"","enabled":false},"version":2}},"categories":[2446,19],"tags":[783,109,2535,2536],"class_list":["post-21110","post","type-post","status-publish","format-standard","has-post-thumbnail","hentry","category-2446","category-backstage","tag-double-a-design","tag-intern","tag-pause","tag-werbeagentur"],"aioseo_notices":[],"jetpack_publicize_connections":[],"jetpack_featured_media_url":"http:\/\/www.rockpixx.com\/wordpress\/wp-content\/uploads\/2016\/09\/webseiten.jpg","jetpack-related-posts":[{"id":12304,"url":"http:\/\/www.rockpixx.com\/wordpress\/therockbizz-com-management-und-marketing-fuer-musiker-und-veranstalter\/","url_meta":{"origin":21110,"position":0},"title":"therockbizz.com | Management und Marketing f\u00fcr Musiker und Veranstalter","author":"admin","date":"13. Oktober 2013","format":false,"excerpt":"Ein neuer Gesch\u00e4ftsbereich hat seine Arbeit aufgenommen Wir sind als Werbeagentur unter dem Namen \u2192 \u201edouble-A-design\u201c seit vielen Jahren f\u00fcr Kunden im In- und Ausland t\u00e4tig und durch \u201erockpixx.com\u201c sind wir seit vielen Jahren in der Musikszene bestens verdrahtet. In diesem Jahr haben sich die Anfragen geh\u00e4uft, ob wir kombinierte\u2026","rel":"","context":"In &quot;2013&quot;","block_context":{"text":"2013","link":"http:\/\/www.rockpixx.com\/wordpress\/category\/backstage\/2013\/"},"img":{"alt_text":"therockbizz.com | Management und Marketing f\u00fcr Musiker und Veranstalter","src":"https:\/\/i0.wp.com\/www.rockpixx.com\/wordpress\/wp-content\/uploads\/2013\/10\/20131013_therockbizzcom.jpg?resize=350%2C200","width":350,"height":200,"srcset":"https:\/\/i0.wp.com\/www.rockpixx.com\/wordpress\/wp-content\/uploads\/2013\/10\/20131013_therockbizzcom.jpg?resize=350%2C200 1x, https:\/\/i0.wp.com\/www.rockpixx.com\/wordpress\/wp-content\/uploads\/2013\/10\/20131013_therockbizzcom.jpg?resize=525%2C300 1.5x, https:\/\/i0.wp.com\/www.rockpixx.com\/wordpress\/wp-content\/uploads\/2013\/10\/20131013_therockbizzcom.jpg?resize=700%2C400 2x"},"classes":[]},{"id":11078,"url":"http:\/\/www.rockpixx.com\/wordpress\/kieler-woche-tagebuch-2013-tag-1\/","url_meta":{"origin":21110,"position":1},"title":"Kieler Woche Tagebuch 2013 | Tag 1","author":"admin","date":"23. Juni 2013","format":false,"excerpt":"Moin, wie in den vergangenen Jahren, so werden wir auch dieses Mal wieder von Begebenheiten und Befindlichkeiten w\u00e4hrend der \u201eKieler Woche\u201c berichten. Also: Alles, was nicht unmittelbar mit Konzerten zu tun hat, landet dann hier in diesem \u2192 \u201eKieler Woche Tagebuch\u201c. Freitag, 21.06.2013 Erster Tag und keinen Umzugsstress und keine\u2026","rel":"","context":"In &quot;2013&quot;","block_context":{"text":"2013","link":"http:\/\/www.rockpixx.com\/wordpress\/category\/backstage\/2013\/"},"img":{"alt_text":"Kieler Woche 2013 | Impressionen","src":"https:\/\/i0.wp.com\/www.rockpixx.com\/wordpress\/wp-content\/uploads\/2013\/06\/20130621-00-001_KiWo-2013.jpg?resize=350%2C200","width":350,"height":200,"srcset":"https:\/\/i0.wp.com\/www.rockpixx.com\/wordpress\/wp-content\/uploads\/2013\/06\/20130621-00-001_KiWo-2013.jpg?resize=350%2C200 1x, https:\/\/i0.wp.com\/www.rockpixx.com\/wordpress\/wp-content\/uploads\/2013\/06\/20130621-00-001_KiWo-2013.jpg?resize=525%2C300 1.5x, https:\/\/i0.wp.com\/www.rockpixx.com\/wordpress\/wp-content\/uploads\/2013\/06\/20130621-00-001_KiWo-2013.jpg?resize=700%2C400 2x"},"classes":[]},{"id":1074,"url":"http:\/\/www.rockpixx.com\/wordpress\/das-war-2011\/","url_meta":{"origin":21110,"position":2},"title":"Das war 2011","author":"admin","date":"29. Dezember 2011","format":false,"excerpt":"Ein ereignisreiches Jahr neigt sich dem Ende zu. Es war f\u00fcr uns das Jahr, in dem wir die bisher meisten Acts fotografiert haben: Erstmals haben wir die Hunderter-Marke mit insgesamt 116 Acts geknackt! In der Gesamtheit ist ja alles auf \u2192 rockpixx.com nachzulesen \u2013 hier soll dagegen unser pers\u00f6nliches Fazit\u2026","rel":"","context":"In &quot;2011&quot;","block_context":{"text":"2011","link":"http:\/\/www.rockpixx.com\/wordpress\/category\/backstage\/2011\/"},"img":{"alt_text":"Konzertposter 2011","src":"https:\/\/i0.wp.com\/www.rockpixx.com\/wordpress\/wp-content\/uploads\/2013\/03\/20111229-Konzerte-2011-100x70.jpg?resize=350%2C200","width":350,"height":200,"srcset":"https:\/\/i0.wp.com\/www.rockpixx.com\/wordpress\/wp-content\/uploads\/2013\/03\/20111229-Konzerte-2011-100x70.jpg?resize=350%2C200 1x, https:\/\/i0.wp.com\/www.rockpixx.com\/wordpress\/wp-content\/uploads\/2013\/03\/20111229-Konzerte-2011-100x70.jpg?resize=525%2C300 1.5x, https:\/\/i0.wp.com\/www.rockpixx.com\/wordpress\/wp-content\/uploads\/2013\/03\/20111229-Konzerte-2011-100x70.jpg?resize=700%2C400 2x"},"classes":[]},{"id":1019,"url":"http:\/\/www.rockpixx.com\/wordpress\/kieler-woche-2010-2\/","url_meta":{"origin":21110,"position":3},"title":"Kieler Woche 2010","author":"admin","date":"5. Juni 2010","format":false,"excerpt":"Moin! So, es geht in ein paar Tagen los! Diese Kieler Woche steht dieses Jahr unter einem ganz besonderen Stern: Erstmals ist rockpixx.com Medienpartner einer der gro\u00dfen B\u00fchnen auf der diesj\u00e4hrigen Kieler Woche. Mit der \u201eMAXB\u00fchne\u201c verbindet uns seit 2008 ja eine besondere Beziehung: Wir haben dort backstage gewisserma\u00dfen \u201egewohnt\u201c\u2026","rel":"","context":"In &quot;2010&quot;","block_context":{"text":"2010","link":"http:\/\/www.rockpixx.com\/wordpress\/category\/backstage\/2010\/"},"img":{"alt_text":"","src":"","width":0,"height":0},"classes":[]},{"id":1034,"url":"http:\/\/www.rockpixx.com\/wordpress\/50-gigs-10-tage-2-fotografen-wie-schafft-man-das\/","url_meta":{"origin":21110,"position":4},"title":"50 Gigs, 10 Tage, 2 Fotografen: Wie schafft man das?","author":"admin","date":"9. Juli 2010","format":false,"excerpt":"Vorbemerkung Die \u201eKieler Woche\u201c 2010 sah das Team von rockpixx.com wieder im Einsatz. Um die ausgesuchten Acts ablichten und tagesaktuell auf unsere Seite bringen zu k\u00f6nnen, war sowohl im Vorfeld als auch t\u00e4glich auf der \u201eKieler Woche\u201c eine etwas ausf\u00fchrlichere Planung notwendig. Einige unserer Arbeitsabl\u00e4ufe und manche der zum Einsatz\u2026","rel":"","context":"In &quot;2010&quot;","block_context":{"text":"2010","link":"http:\/\/www.rockpixx.com\/wordpress\/category\/backstage\/2010\/"},"img":{"alt_text":"Workflow Kieler Woche 2010","src":"https:\/\/i0.wp.com\/www.rockpixx.com\/wordpress\/wp-content\/uploads\/2010\/07\/20100709-workflow-kiwo-2010.jpg?resize=350%2C200","width":350,"height":200,"srcset":"https:\/\/i0.wp.com\/www.rockpixx.com\/wordpress\/wp-content\/uploads\/2010\/07\/20100709-workflow-kiwo-2010.jpg?resize=350%2C200 1x, https:\/\/i0.wp.com\/www.rockpixx.com\/wordpress\/wp-content\/uploads\/2010\/07\/20100709-workflow-kiwo-2010.jpg?resize=525%2C300 1.5x, https:\/\/i0.wp.com\/www.rockpixx.com\/wordpress\/wp-content\/uploads\/2010\/07\/20100709-workflow-kiwo-2010.jpg?resize=700%2C400 2x"},"classes":[]},{"id":9664,"url":"http:\/\/www.rockpixx.com\/wordpress\/relaunch-abgeschlossen\/","url_meta":{"origin":21110,"position":5},"title":"Relaunch abgeschlossen","author":"admin","date":"6. M\u00e4rz 2013","format":false,"excerpt":"Moin, am \u2192 13.02.2013 hatten wir ja schon stolz verk\u00fcndet, dass der Relaunch von rockpixx.com fertig sei \u2013 und das war er im Wesentlichen auch. Die vergangenen Tage haben wir genutzt, um noch ein paar Dinge \u201erundzufeilen\u201c und die letzten verbliebenen Artikel aus dem alten Blog zu \u00fcbertragen, neu zu\u2026","rel":"","context":"In &quot;Internes&quot;","block_context":{"text":"Internes","link":"http:\/\/www.rockpixx.com\/wordpress\/category\/sonstiges\/"},"img":{"alt_text":"Relaunch rockpixx.com 2013","src":"https:\/\/i0.wp.com\/www.rockpixx.com\/wordpress\/wp-content\/uploads\/2013\/03\/20130306_relaunch-fertig.jpg?resize=350%2C200","width":350,"height":200,"srcset":"https:\/\/i0.wp.com\/www.rockpixx.com\/wordpress\/wp-content\/uploads\/2013\/03\/20130306_relaunch-fertig.jpg?resize=350%2C200 1x, https:\/\/i0.wp.com\/www.rockpixx.com\/wordpress\/wp-content\/uploads\/2013\/03\/20130306_relaunch-fertig.jpg?resize=525%2C300 1.5x, https:\/\/i0.wp.com\/www.rockpixx.com\/wordpress\/wp-content\/uploads\/2013\/03\/20130306_relaunch-fertig.jpg?resize=700%2C400 2x"},"classes":[]}],"jetpack_sharing_enabled":true,"publishpress_future_action":{"enabled":false,"date":"2026-05-07 05:13:25","action":"change-status","newStatus":"draft","terms":[],"taxonomy":"category","extraData":[]},"publishpress_future_workflow_manual_trigger":{"enabledWorkflows":[]},"_links":{"self":[{"href":"http:\/\/www.rockpixx.com\/wordpress\/wp-json\/wp\/v2\/posts\/21110","targetHints":{"allow":["GET"]}}],"collection":[{"href":"http:\/\/www.rockpixx.com\/wordpress\/wp-json\/wp\/v2\/posts"}],"about":[{"href":"http:\/\/www.rockpixx.com\/wordpress\/wp-json\/wp\/v2\/types\/post"}],"author":[{"embeddable":true,"href":"http:\/\/www.rockpixx.com\/wordpress\/wp-json\/wp\/v2\/users\/1"}],"replies":[{"embeddable":true,"href":"http:\/\/www.rockpixx.com\/wordpress\/wp-json\/wp\/v2\/comments?post=21110"}],"version-history":[{"count":0,"href":"http:\/\/www.rockpixx.com\/wordpress\/wp-json\/wp\/v2\/posts\/21110\/revisions"}],"wp:featuredmedia":[{"embeddable":true,"href":"http:\/\/www.rockpixx.com\/wordpress\/wp-json\/wp\/v2\/media\/21108"}],"wp:attachment":[{"href":"http:\/\/www.rockpixx.com\/wordpress\/wp-json\/wp\/v2\/media?parent=21110"}],"wp:term":[{"taxonomy":"category","embeddable":true,"href":"http:\/\/www.rockpixx.com\/wordpress\/wp-json\/wp\/v2\/categories?post=21110"},{"taxonomy":"post_tag","embeddable":true,"href":"http:\/\/www.rockpixx.com\/wordpress\/wp-json\/wp\/v2\/tags?post=21110"}],"curies":[{"name":"wp","href":"https:\/\/api.w.org\/{rel}","templated":true}]}}