{"id":21147,"date":"2017-06-17T12:13:26","date_gmt":"2017-06-17T11:13:26","guid":{"rendered":"http:\/\/rockpixx.com\/wordpress\/?p=21147"},"modified":"2017-06-17T13:43:37","modified_gmt":"2017-06-17T12:43:37","slug":"amy-macdonald-16-06-2017-kiel-hoernbuehne","status":"publish","type":"post","link":"http:\/\/www.rockpixx.com\/wordpress\/amy-macdonald-16-06-2017-kiel-hoernbuehne\/","title":{"rendered":"Amy Macdonald, 16.06.2017, Kiel, H\u00f6rnb\u00fchne"},"content":{"rendered":"<p>Wir setzen zurzeit innerhalb von <a href=\"http:\/\/double-a-design.de\" target=\"_blank\" rel=\"noopener\">DOUBLE-A-DESIGN<\/a> deutlich anders gewichtete Priorit\u00e4ten \u2013 daher auch die 293-t\u00e4gige Flaute auf rockpixx.com. Nun hat mich aber Amy Macdonald doch wieder einmal in einen Graben gelockt, genauer gesagt, den Graben der H\u00f6rnb\u00fchne zur Kieler Woche 2017. Im Dezember 2013 hatte ich sie ja schon einmal <a href=\"http:\/\/rockpixx.com\/wordpress\/amy-macdonald-20-12-2013-hamburg-o2-world-aida-night-of-the-proms\/\">in Hamburg fotografiert<\/a>.<\/p>\n<p><!--more--><\/p>\n<p>An diesem typischen schleswig-holsteinischen Sommerabend (Sonne, Wolken, Regenschauer, windig) steht sie also mit ihrer Begleitband vor 12.000 begeisterten Menschen aller Altersgruppen mit Blick auf die Kieler Innenf\u00f6rde und l\u00e4utet beim traditionellen \u201eSoundcheck\u201c den Beginn der Kieler Woche ein. Bei ihren Songs sind die Texte immer noch deutlich besser zu verstehen, als bei ihren Ansagen, die einen sehr starken schottischen Akzent haben. Ihre deutschsprachigen Ansagen kommen daf\u00fcr nahezu akzentfrei beim Publikum gut an.<\/p>\n<p>Das musikalische Programm ist ein Abriss ihrer bisherigen gro\u00dfen Hits, auch Songs aus dem aktuellen Album d\u00fcrfen nat\u00fcrlich nicht fehlen. Und so breitet sich eine Welle der Gl\u00fcckseligkeit im Publikum aus, schwappt durch die Kieler Innenf\u00f6rde und sp\u00fclt das vertraute Gef\u00fchl durch die Kieler Innenstadt bis hinauf nach Schilksee: \u201eEs ist wieder Kieler Woche.\u201c \u2013 f\u00fcr rockpixx.com \u00fcbrigens die 10. in Folge.<\/p>\n<p style=\"text-align: right;\">Fotos: <a href=\"mailto:info@rockpixx.com\">Alex<\/a> | Text: <a href=\"mailto:info@rockpixx.com\">Alex<\/a><\/p>\n<p>&nbsp;<\/p>\n<div class=\"eat-left eat-right\"><div class=\"thumbs-masonry isotope\"><div class=\"isotope-item block-2 block-h-2\"><a href=\"http:\/\/www.rockpixx.com\/wordpress\/wp-content\/uploads\/2017\/06\/20170616-009.jpg\" rel=\"prettyPhoto[postgal_21164]\" class=\"show-hover-link block-h-2\"\"><img decoding=\"async\" src=\"http:\/\/www.rockpixx.com\/wordpress\/wp-content\/uploads\/2017\/06\/20170616-009-480x480.jpg\" alt=\"Amy MacDonald, 16.06.2017, Kiel, H\u00f6rnb\u00fchne\"\/><span class=\"before\"><\/span><span class=\"after\"><\/span><\/a><\/div><div class=\"isotope-item block-1 block-h-1\"><a href=\"http:\/\/www.rockpixx.com\/wordpress\/wp-content\/uploads\/2017\/06\/20170616-014.jpg\" rel=\"prettyPhoto[postgal_21164]\" class=\"show-hover-link block-h-1\"\"><img decoding=\"async\" src=\"http:\/\/www.rockpixx.com\/wordpress\/wp-content\/uploads\/2017\/06\/20170616-014-480x480.jpg\" alt=\"Amy MacDonald, 16.06.2017, Kiel, H\u00f6rnb\u00fchne\"\/><span class=\"before\"><\/span><span class=\"after\"><\/span><\/a><\/div><div class=\"isotope-item block-1 block-h-1\"><a href=\"http:\/\/www.rockpixx.com\/wordpress\/wp-content\/uploads\/2017\/06\/20170616-018.jpg\" rel=\"prettyPhoto[postgal_21164]\" class=\"show-hover-link block-h-1\"\"><img decoding=\"async\" src=\"http:\/\/www.rockpixx.com\/wordpress\/wp-content\/uploads\/2017\/06\/20170616-018-480x480.jpg\" alt=\"Amy MacDonald, 16.06.2017, Kiel, H\u00f6rnb\u00fchne\"\/><span class=\"before\"><\/span><span class=\"after\"><\/span><\/a><\/div><div class=\"isotope-item block-2 block-h-2\"><a href=\"http:\/\/www.rockpixx.com\/wordpress\/wp-content\/uploads\/2017\/06\/20170616-041.jpg\" rel=\"prettyPhoto[postgal_21164]\" class=\"show-hover-link block-h-2\"\"><img decoding=\"async\" src=\"http:\/\/www.rockpixx.com\/wordpress\/wp-content\/uploads\/2017\/06\/20170616-041-480x480.jpg\" alt=\"Amy MacDonald, 16.06.2017, Kiel, H\u00f6rnb\u00fchne\"\/><span class=\"before\"><\/span><span class=\"after\"><\/span><\/a><\/div><div class=\"isotope-item block-1 block-h-1\"><a href=\"http:\/\/www.rockpixx.com\/wordpress\/wp-content\/uploads\/2017\/06\/20170616-042.jpg\" rel=\"prettyPhoto[postgal_21164]\" class=\"show-hover-link block-h-1\"\"><img decoding=\"async\" src=\"http:\/\/www.rockpixx.com\/wordpress\/wp-content\/uploads\/2017\/06\/20170616-042-480x480.jpg\" alt=\"Amy MacDonald, 16.06.2017, Kiel, H\u00f6rnb\u00fchne\"\/><span class=\"before\"><\/span><span class=\"after\"><\/span><\/a><\/div><div class=\"isotope-item block-1 block-h-1\"><a href=\"http:\/\/www.rockpixx.com\/wordpress\/wp-content\/uploads\/2017\/06\/20170616-045.jpg\" rel=\"prettyPhoto[postgal_21164]\" class=\"show-hover-link block-h-1\"\"><img decoding=\"async\" src=\"http:\/\/www.rockpixx.com\/wordpress\/wp-content\/uploads\/2017\/06\/20170616-045-480x480.jpg\" alt=\"Amy MacDonald, 16.06.2017, Kiel, H\u00f6rnb\u00fchne\"\/><span class=\"before\"><\/span><span class=\"after\"><\/span><\/a><\/div><div class=\"isotope-item block-2 block-h-2\"><a href=\"http:\/\/www.rockpixx.com\/wordpress\/wp-content\/uploads\/2017\/06\/20170616-047.jpg\" rel=\"prettyPhoto[postgal_21164]\" class=\"show-hover-link block-h-2\"\"><img decoding=\"async\" src=\"http:\/\/www.rockpixx.com\/wordpress\/wp-content\/uploads\/2017\/06\/20170616-047-480x480.jpg\" alt=\"Amy MacDonald, 16.06.2017, Kiel, H\u00f6rnb\u00fchne\"\/><span class=\"before\"><\/span><span class=\"after\"><\/span><\/a><\/div><div class=\"isotope-item block-1 block-h-1\"><a href=\"http:\/\/www.rockpixx.com\/wordpress\/wp-content\/uploads\/2017\/06\/20170616-052.jpg\" rel=\"prettyPhoto[postgal_21164]\" class=\"show-hover-link block-h-1\"\"><img decoding=\"async\" src=\"http:\/\/www.rockpixx.com\/wordpress\/wp-content\/uploads\/2017\/06\/20170616-052-480x480.jpg\" alt=\"Amy MacDonald, 16.06.2017, Kiel, H\u00f6rnb\u00fchne\"\/><span class=\"before\"><\/span><span class=\"after\"><\/span><\/a><\/div><div class=\"isotope-item block-1 block-h-1\"><a href=\"http:\/\/www.rockpixx.com\/wordpress\/wp-content\/uploads\/2017\/06\/20170616-055.jpg\" rel=\"prettyPhoto[postgal_21164]\" class=\"show-hover-link block-h-1\"\"><img decoding=\"async\" src=\"http:\/\/www.rockpixx.com\/wordpress\/wp-content\/uploads\/2017\/06\/20170616-055-480x480.jpg\" alt=\"Amy MacDonald, 16.06.2017, Kiel, H\u00f6rnb\u00fchne\"\/><span class=\"before\"><\/span><span class=\"after\"><\/span><\/a><\/div><div class=\"isotope-item block-2 block-h-2\"><a href=\"http:\/\/www.rockpixx.com\/wordpress\/wp-content\/uploads\/2017\/06\/20170616-064.jpg\" rel=\"prettyPhoto[postgal_21164]\" class=\"show-hover-link block-h-2\"\"><img decoding=\"async\" src=\"http:\/\/www.rockpixx.com\/wordpress\/wp-content\/uploads\/2017\/06\/20170616-064-480x480.jpg\" alt=\"Amy MacDonald, 16.06.2017, Kiel, H\u00f6rnb\u00fchne\"\/><span class=\"before\"><\/span><span class=\"after\"><\/span><\/a><\/div><div class=\"isotope-item block-1 block-h-1\"><a href=\"http:\/\/www.rockpixx.com\/wordpress\/wp-content\/uploads\/2017\/06\/20170616-065.jpg\" rel=\"prettyPhoto[postgal_21164]\" class=\"show-hover-link block-h-1\"\"><img decoding=\"async\" src=\"http:\/\/www.rockpixx.com\/wordpress\/wp-content\/uploads\/2017\/06\/20170616-065-480x480.jpg\" alt=\"Amy MacDonald, 16.06.2017, Kiel, H\u00f6rnb\u00fchne\"\/><span class=\"before\"><\/span><span class=\"after\"><\/span><\/a><\/div><div class=\"isotope-item block-1 block-h-1\"><a href=\"http:\/\/www.rockpixx.com\/wordpress\/wp-content\/uploads\/2017\/06\/20170616-069.jpg\" rel=\"prettyPhoto[postgal_21164]\" class=\"show-hover-link block-h-1\"\"><img decoding=\"async\" src=\"http:\/\/www.rockpixx.com\/wordpress\/wp-content\/uploads\/2017\/06\/20170616-069-480x480.jpg\" alt=\"Amy MacDonald, 16.06.2017, Kiel, H\u00f6rnb\u00fchne\"\/><span class=\"before\"><\/span><span class=\"after\"><\/span><\/a><\/div><div class=\"isotope-item block-2 block-h-2\"><a href=\"http:\/\/www.rockpixx.com\/wordpress\/wp-content\/uploads\/2017\/06\/20170616-075.jpg\" rel=\"prettyPhoto[postgal_21164]\" class=\"show-hover-link block-h-2\"\"><img decoding=\"async\" src=\"http:\/\/www.rockpixx.com\/wordpress\/wp-content\/uploads\/2017\/06\/20170616-075-480x480.jpg\" alt=\"Amy MacDonald, 16.06.2017, Kiel, H\u00f6rnb\u00fchne\"\/><span class=\"before\"><\/span><span class=\"after\"><\/span><\/a><\/div><div class=\"isotope-item block-1 block-h-1\"><a href=\"http:\/\/www.rockpixx.com\/wordpress\/wp-content\/uploads\/2017\/06\/20170616-085.jpg\" rel=\"prettyPhoto[postgal_21164]\" class=\"show-hover-link block-h-1\"\"><img decoding=\"async\" src=\"http:\/\/www.rockpixx.com\/wordpress\/wp-content\/uploads\/2017\/06\/20170616-085-480x480.jpg\" alt=\"Amy MacDonald, 16.06.2017, Kiel, H\u00f6rnb\u00fchne\"\/><span class=\"before\"><\/span><span class=\"after\"><\/span><\/a><\/div><div class=\"isotope-item block-1 block-h-1\"><a href=\"http:\/\/www.rockpixx.com\/wordpress\/wp-content\/uploads\/2017\/06\/20170616-088.jpg\" rel=\"prettyPhoto[postgal_21164]\" class=\"show-hover-link block-h-1\"\"><img decoding=\"async\" src=\"http:\/\/www.rockpixx.com\/wordpress\/wp-content\/uploads\/2017\/06\/20170616-088-480x480.jpg\" alt=\"Amy MacDonald, 16.06.2017, Kiel, H\u00f6rnb\u00fchne\"\/><span class=\"before\"><\/span><span class=\"after\"><\/span><\/a><\/div><\/div><\/div>\n","protected":false},"excerpt":{"rendered":"<p>Wir setzen zurzeit innerhalb von DOUBLE-A-DESIGN deutlich anders gewichtete Priorit\u00e4ten \u2013 daher auch die 293-t\u00e4gige <a href=\"http:\/\/www.rockpixx.com\/wordpress\/amy-macdonald-16-06-2017-kiel-hoernbuehne\/\">Read more<\/a><\/p>\n","protected":false},"author":1,"featured_media":21153,"comment_status":"open","ping_status":"open","sticky":false,"template":"","format":"standard","meta":{"_jetpack_memberships_contains_paid_content":false,"footnotes":"","jetpack_publicize_message":"Amy Macdonald, 16.06.2017, Kiel, H\u00f6rnb\u00fchne","jetpack_publicize_feature_enabled":true,"jetpack_social_post_already_shared":true,"jetpack_social_options":{"image_generator_settings":{"template":"highway","default_image_id":0,"font":"","enabled":false},"version":2}},"categories":[34,1568],"tags":[2537,1325,1645,1735,138],"class_list":["post-21147","post","type-post","status-publish","format-standard","has-post-thumbnail","hentry","category-acts","category-amy-macdonald","tag-2537","tag-amy-macdonald","tag-horn-buhne","tag-kiel","tag-kieler-woche"],"aioseo_notices":[],"jetpack_publicize_connections":[],"jetpack_featured_media_url":"http:\/\/www.rockpixx.com\/wordpress\/wp-content\/uploads\/2017\/06\/20170616-042.jpg","jetpack-related-posts":[{"id":20237,"url":"http:\/\/www.rockpixx.com\/wordpress\/saga-18-06-2016-hoern-buehne-kieler-woche-kiel\/","url_meta":{"origin":21147,"position":0},"title":"SAGA, 18.06.2016, H\u00f6rn-B\u00fchne, Kieler Woche, Kiel","author":"A. Hahl","date":"20. Juni 2016","format":false,"excerpt":"Die Band, welche mit Ihren \u201eChapters\u201c ber\u00fchmt wurde, gastiert in ihrem 39. Jahr des Bestehens in Kiel \u2013 wieder einmal. Und zum vierten Mal kann nun \u201eSAGA\u201c f\u00fcr rockpixx.com fotografieren \u2013 immer wieder ein Genuss. Das Setup f\u00fcr einen gelungenen Abend steht: Zuvor hat die \u201eStatus Quo\u201c-Tributeband \u2192 \u201eQuo\u201c aus\u2026","rel":"","context":"In &quot;Acts&quot;","block_context":{"text":"Acts","link":"http:\/\/www.rockpixx.com\/wordpress\/category\/acts\/"},"img":{"alt_text":"SAGA, 18.06.2016, Kiel, Kieler Woche, H\u00f6rnb\u00fchne","src":"https:\/\/i0.wp.com\/www.rockpixx.com\/wordpress\/wp-content\/uploads\/2016\/06\/20160618-02-117.jpg?resize=350%2C200","width":350,"height":200,"srcset":"https:\/\/i0.wp.com\/www.rockpixx.com\/wordpress\/wp-content\/uploads\/2016\/06\/20160618-02-117.jpg?resize=350%2C200 1x, https:\/\/i0.wp.com\/www.rockpixx.com\/wordpress\/wp-content\/uploads\/2016\/06\/20160618-02-117.jpg?resize=525%2C300 1.5x, https:\/\/i0.wp.com\/www.rockpixx.com\/wordpress\/wp-content\/uploads\/2016\/06\/20160618-02-117.jpg?resize=700%2C400 2x"},"classes":[]},{"id":20208,"url":"http:\/\/www.rockpixx.com\/wordpress\/quo-18-06-2016-hoern-buehne-kieler-woche-kiel\/","url_meta":{"origin":21147,"position":1},"title":"Quo, 18.06.2016, H\u00f6rn-B\u00fchne, Kieler Woche, Kiel","author":"A. Hahl","date":"18. Juni 2016","format":false,"excerpt":"F\u00fcr die Einen ist es Rockmusik, f\u00fcr die Anderen Boogie und wiederum Andere bem\u00e4ngeln, dass es ohnehin nur die immer gleichen drei Akkorde sind. Dieses Ph\u00e4nomen hat die Wissenschaft auf den Plan gerufen und sie hat nach einigen Jahrzehnten intensiver Forschung einen lateinischen Namen daf\u00fcr gefunden: \u2192 \u201eStatus Quo\u201c. In\u2026","rel":"","context":"In &quot;Acts&quot;","block_context":{"text":"Acts","link":"http:\/\/www.rockpixx.com\/wordpress\/category\/acts\/"},"img":{"alt_text":"Quo, 18.06.2016, Kiel, Kieler Woche, H\u00f6rnb\u00fchne","src":"https:\/\/i0.wp.com\/www.rockpixx.com\/wordpress\/wp-content\/uploads\/2016\/06\/20160618-01-039.jpg?resize=350%2C200","width":350,"height":200,"srcset":"https:\/\/i0.wp.com\/www.rockpixx.com\/wordpress\/wp-content\/uploads\/2016\/06\/20160618-01-039.jpg?resize=350%2C200 1x, https:\/\/i0.wp.com\/www.rockpixx.com\/wordpress\/wp-content\/uploads\/2016\/06\/20160618-01-039.jpg?resize=525%2C300 1.5x, https:\/\/i0.wp.com\/www.rockpixx.com\/wordpress\/wp-content\/uploads\/2016\/06\/20160618-01-039.jpg?resize=700%2C400 2x"},"classes":[]},{"id":22565,"url":"http:\/\/www.rockpixx.com\/wordpress\/leony-2022\/","url_meta":{"origin":21147,"position":2},"title":"Leony, 17.06.2022, Kiel, Kieler Woche, F\u00f6rdeb\u00fchne","author":"A. Hahl","date":"18. Juni 2022","format":false,"excerpt":"Und nach 1.094 Tagen stehe ich auch endlich wieder im Graben einer B\u00fchne auf der \u201eKieler Woche\u201c: Heute stehe ich vor der F\u00f6rdeb\u00fchne und als Supportact f\u00fcr Max Giesinger steht nun Leony mit ihrer Band vor mir.","rel":"","context":"In &quot;Acts&quot;","block_context":{"text":"Acts","link":"http:\/\/www.rockpixx.com\/wordpress\/category\/acts\/"},"img":{"alt_text":"Leony, 17.06.2022, Kiel, Kieler Woche, F\u00f6rdeb\u00fchne","src":"https:\/\/i0.wp.com\/www.rockpixx.com\/wordpress\/wp-content\/uploads\/2022\/06\/20220607-1-rp-041.jpg?resize=350%2C200","width":350,"height":200,"srcset":"https:\/\/i0.wp.com\/www.rockpixx.com\/wordpress\/wp-content\/uploads\/2022\/06\/20220607-1-rp-041.jpg?resize=350%2C200 1x, https:\/\/i0.wp.com\/www.rockpixx.com\/wordpress\/wp-content\/uploads\/2022\/06\/20220607-1-rp-041.jpg?resize=525%2C300 1.5x, https:\/\/i0.wp.com\/www.rockpixx.com\/wordpress\/wp-content\/uploads\/2022\/06\/20220607-1-rp-041.jpg?resize=700%2C400 2x, https:\/\/i0.wp.com\/www.rockpixx.com\/wordpress\/wp-content\/uploads\/2022\/06\/20220607-1-rp-041.jpg?resize=1050%2C600 3x"},"classes":[]},{"id":14329,"url":"http:\/\/www.rockpixx.com\/wordpress\/rea-garvey-20-06-2014-kiel-ndr-buehne\/","url_meta":{"origin":21147,"position":3},"title":"Rea Garvey, 20.06.2014, Kiel, NDR B\u00fchne","author":"admin","date":"21. Juni 2014","format":false,"excerpt":"Der erste Eindruck ist \u00fcberw\u00e4ltigend! Da ist etwas Au\u00dferirdisches gelandet am Schwedenkai in Kiel. Nein\u2026 nicht Rea Garvey! Die Rede ist von der B\u00fchne, genauer gesagt, dem Dach vor der B\u00fchne, welches der NDR dort hingestellt hat. Auf einem riesigen Areal vor der bekannten gro\u00dfen B\u00fchne sind Catwalk, Graben und\u2026","rel":"","context":"In &quot;Acts&quot;","block_context":{"text":"Acts","link":"http:\/\/www.rockpixx.com\/wordpress\/category\/acts\/"},"img":{"alt_text":"Rea Garvey, 20.06.2014, Kiel, NDR B\u00fchne","src":"https:\/\/i0.wp.com\/www.rockpixx.com\/wordpress\/wp-content\/uploads\/2014\/06\/20140620-03-035_rea-garvey_Artikel.jpg?resize=350%2C200","width":350,"height":200,"srcset":"https:\/\/i0.wp.com\/www.rockpixx.com\/wordpress\/wp-content\/uploads\/2014\/06\/20140620-03-035_rea-garvey_Artikel.jpg?resize=350%2C200 1x, https:\/\/i0.wp.com\/www.rockpixx.com\/wordpress\/wp-content\/uploads\/2014\/06\/20140620-03-035_rea-garvey_Artikel.jpg?resize=525%2C300 1.5x, https:\/\/i0.wp.com\/www.rockpixx.com\/wordpress\/wp-content\/uploads\/2014\/06\/20140620-03-035_rea-garvey_Artikel.jpg?resize=700%2C400 2x"},"classes":[]},{"id":22633,"url":"http:\/\/www.rockpixx.com\/wordpress\/beyond-the-black-2022\/","url_meta":{"origin":21147,"position":4},"title":"Beyond the Black, 18.06.2022, Kiel, Kieler Woche, Radio BOB! Rockcamp","author":"A. Hahl","date":"19. Juni 2022","format":false,"excerpt":"Beyond the Black ist eine Band, die aus mehreren Gr\u00fcnden bei uns schon seit Jahren auf unserer Wunschliste stand, bei der wir es bislang aber nie geschafft hatten, sie einmal vor unsere Kameras zu bekommen.","rel":"","context":"In &quot;Acts&quot;","block_context":{"text":"Acts","link":"http:\/\/www.rockpixx.com\/wordpress\/category\/acts\/"},"img":{"alt_text":"Beyond the Black, 18.06.2022, Kiel, Kieler Woche, Radio BOB! Rockcamp","src":"https:\/\/i0.wp.com\/www.rockpixx.com\/wordpress\/wp-content\/uploads\/2022\/06\/20220618-rp-204.jpg?resize=350%2C200","width":350,"height":200,"srcset":"https:\/\/i0.wp.com\/www.rockpixx.com\/wordpress\/wp-content\/uploads\/2022\/06\/20220618-rp-204.jpg?resize=350%2C200 1x, https:\/\/i0.wp.com\/www.rockpixx.com\/wordpress\/wp-content\/uploads\/2022\/06\/20220618-rp-204.jpg?resize=525%2C300 1.5x, https:\/\/i0.wp.com\/www.rockpixx.com\/wordpress\/wp-content\/uploads\/2022\/06\/20220618-rp-204.jpg?resize=700%2C400 2x, https:\/\/i0.wp.com\/www.rockpixx.com\/wordpress\/wp-content\/uploads\/2022\/06\/20220618-rp-204.jpg?resize=1050%2C600 3x"},"classes":[]},{"id":20363,"url":"http:\/\/www.rockpixx.com\/wordpress\/royal-republic-23-06-2016-kieler-woche-hoern-buehne-kiel\/","url_meta":{"origin":21147,"position":5},"title":"Royal Republic, 23.06.2016, Kieler Woche, H\u00f6rn-B\u00fchne, Kiel","author":"A. Hahl","date":"24. Juni 2016","format":false,"excerpt":"\u201eSchweden rockt!\u201c habe ich ja schon in diversen anderen Reviews festgestellt und diese Festellung gilt nat\u00fcrlich auch hier und heute erneut f\u00fcr die vier Musiker von \u201eRoyal Republic\u201c. 2013 sah ich sie zuletzt auf dem \u201eDeichbrand-Festival\u201c und nun stehen sie erneut vor mir: Die Garderobe etwas edler, das B\u00fchnenbild etwas\u2026","rel":"","context":"In &quot;Acts&quot;","block_context":{"text":"Acts","link":"http:\/\/www.rockpixx.com\/wordpress\/category\/acts\/"},"img":{"alt_text":"Royal Republic, 23.06.2016, Kiel, Kieler Woche, H\u00f6rn-B\u00fchne","src":"https:\/\/i0.wp.com\/www.rockpixx.com\/wordpress\/wp-content\/uploads\/2016\/06\/20160623-04-157.jpg?resize=350%2C200","width":350,"height":200,"srcset":"https:\/\/i0.wp.com\/www.rockpixx.com\/wordpress\/wp-content\/uploads\/2016\/06\/20160623-04-157.jpg?resize=350%2C200 1x, https:\/\/i0.wp.com\/www.rockpixx.com\/wordpress\/wp-content\/uploads\/2016\/06\/20160623-04-157.jpg?resize=525%2C300 1.5x, https:\/\/i0.wp.com\/www.rockpixx.com\/wordpress\/wp-content\/uploads\/2016\/06\/20160623-04-157.jpg?resize=700%2C400 2x"},"classes":[]}],"jetpack_sharing_enabled":true,"publishpress_future_action":{"enabled":false,"date":"2026-05-07 17:21:14","action":"change-status","newStatus":"draft","terms":[],"taxonomy":"category","extraData":[]},"publishpress_future_workflow_manual_trigger":{"enabledWorkflows":[]},"_links":{"self":[{"href":"http:\/\/www.rockpixx.com\/wordpress\/wp-json\/wp\/v2\/posts\/21147","targetHints":{"allow":["GET"]}}],"collection":[{"href":"http:\/\/www.rockpixx.com\/wordpress\/wp-json\/wp\/v2\/posts"}],"about":[{"href":"http:\/\/www.rockpixx.com\/wordpress\/wp-json\/wp\/v2\/types\/post"}],"author":[{"embeddable":true,"href":"http:\/\/www.rockpixx.com\/wordpress\/wp-json\/wp\/v2\/users\/1"}],"replies":[{"embeddable":true,"href":"http:\/\/www.rockpixx.com\/wordpress\/wp-json\/wp\/v2\/comments?post=21147"}],"version-history":[{"count":0,"href":"http:\/\/www.rockpixx.com\/wordpress\/wp-json\/wp\/v2\/posts\/21147\/revisions"}],"wp:featuredmedia":[{"embeddable":true,"href":"http:\/\/www.rockpixx.com\/wordpress\/wp-json\/wp\/v2\/media\/21153"}],"wp:attachment":[{"href":"http:\/\/www.rockpixx.com\/wordpress\/wp-json\/wp\/v2\/media?parent=21147"}],"wp:term":[{"taxonomy":"category","embeddable":true,"href":"http:\/\/www.rockpixx.com\/wordpress\/wp-json\/wp\/v2\/categories?post=21147"},{"taxonomy":"post_tag","embeddable":true,"href":"http:\/\/www.rockpixx.com\/wordpress\/wp-json\/wp\/v2\/tags?post=21147"}],"curies":[{"name":"wp","href":"https:\/\/api.w.org\/{rel}","templated":true}]}}