{"id":21277,"date":"2017-06-21T15:00:52","date_gmt":"2017-06-21T14:00:52","guid":{"rendered":"http:\/\/rockpixx.com\/wordpress\/?p=21277"},"modified":"2017-06-23T18:03:15","modified_gmt":"2017-06-23T17:03:15","slug":"itchy-20-06-2017-hoernbuehne","status":"publish","type":"post","link":"http:\/\/www.rockpixx.com\/wordpress\/itchy-20-06-2017-hoernbuehne\/","title":{"rendered":"Itchy, 20.06.2017, H\u00f6rnb\u00fchne"},"content":{"rendered":"<p>\u201eItchy\u201c \u2013 mittlerweile ohne Poopzkid \u2013 spielten zum ersten Mal auf der Kieler Woche.<\/p>\n<p>Kurz vor Beginn des Konzertes begann sich der Platz vor der B\u00fchne zu f\u00fcllen und so stand einem gut gelaunten Abend nichts im Weg.<!--more--> Bei so vielen Fans vor der B\u00fchne, der guten Laune des Publikums und des f\u00fcr Kieler Woche Verh\u00e4ltnisse erstaunlich guten Wetters wegen baten die drei Schwaben gleich zu Anfang Ihres Auftritts um \u201eAsyl\u201c. Denn Sibbi schw\u00e4rmte von dem sch\u00f6nen Strandtag, den die Band am Tag zuvor an der F\u00f6rde verbracht hatte. O-Ton \u201eIhr habt es so sch\u00f6n hier.\u201c Anscheinend hat ihnen niemand erz\u00e4hlt, dass dieses Wetter eine Ausnahme ist. Das typische Kieler Woche Wetter ist k\u00fchl und feucht, zum Teil mit Fischen im Regen.<\/p>\n<p>Da ich noch nach \u201eItchy\u201c noch \u201eMadsen\u201c fotografieren wollte, blieb ich die ganze Zeit an der H\u00f6rn und h\u00f6rte mir das ganze Konzert an. Es hat mir gefallen, denn die Band hat sich toll weiterentwickelt, seit ich sie zum letzten Mal auf dem Deichbrandfestival 2013 gesehen habe.<\/p>\n<p>F\u00fcr die Fans gab es auch Songs vom neuen Album zu h\u00f6ren, welches im n\u00e4chsten Monat erscheint.<\/p>\n<p>Fazit: Ich freue mich darauf, wenn ich die \u201eItchy\u201c wieder vor der Kamera habe und auch die Songs des neuen Albums machen Lust auf mehr.<\/p>\n<p style=\"text-align: right;\">Fotos: <a href=\"mailto:a.roselt@rockpixx.com?subject=Itchy\">Anja<\/a> | Text: <a href=\"mailto:a.roselt@rockpixx.com?subject=Itchy\">Anja<\/a><\/p>\n<p>&nbsp;<\/p>\n<div class=\"eat-left eat-right\"><div class=\"thumbs-masonry isotope\"><div class=\"isotope-item block-2 block-h-2\"><a href=\"http:\/\/www.rockpixx.com\/wordpress\/wp-content\/uploads\/2017\/06\/20170620-02-002.jpg\" rel=\"prettyPhoto[postgal_21275]\" class=\"show-hover-link block-h-2\"\"><img decoding=\"async\" src=\"http:\/\/www.rockpixx.com\/wordpress\/wp-content\/uploads\/2017\/06\/20170620-02-002-480x480.jpg\" alt=\"Itchy, 20.06.2017, Kiel, H\u00f6rnb\u00fchne\"\/><span class=\"before\"><\/span><span class=\"after\"><\/span><\/a><\/div><div class=\"isotope-item block-1 block-h-1\"><a href=\"http:\/\/www.rockpixx.com\/wordpress\/wp-content\/uploads\/2017\/06\/20170620-02-004.jpg\" rel=\"prettyPhoto[postgal_21275]\" class=\"show-hover-link block-h-1\"\"><img decoding=\"async\" src=\"http:\/\/www.rockpixx.com\/wordpress\/wp-content\/uploads\/2017\/06\/20170620-02-004-480x480.jpg\" alt=\"Itchy, 20.06.2017, Kiel, H\u00f6rnb\u00fchne\"\/><span class=\"before\"><\/span><span class=\"after\"><\/span><\/a><\/div><div class=\"isotope-item block-1 block-h-1\"><a href=\"http:\/\/www.rockpixx.com\/wordpress\/wp-content\/uploads\/2017\/06\/20170620-02-006.jpg\" rel=\"prettyPhoto[postgal_21275]\" class=\"show-hover-link block-h-1\"\"><img decoding=\"async\" src=\"http:\/\/www.rockpixx.com\/wordpress\/wp-content\/uploads\/2017\/06\/20170620-02-006-480x480.jpg\" alt=\"Itchy, 20.06.2017, Kiel, H\u00f6rnb\u00fchne\"\/><span class=\"before\"><\/span><span class=\"after\"><\/span><\/a><\/div><div class=\"isotope-item block-2 block-h-2\"><a href=\"http:\/\/www.rockpixx.com\/wordpress\/wp-content\/uploads\/2017\/06\/20170620-02-010.jpg\" rel=\"prettyPhoto[postgal_21275]\" class=\"show-hover-link block-h-2\"\"><img decoding=\"async\" src=\"http:\/\/www.rockpixx.com\/wordpress\/wp-content\/uploads\/2017\/06\/20170620-02-010-480x480.jpg\" alt=\"Itchy, 20.06.2017, Kiel, H\u00f6rnb\u00fchne\"\/><span class=\"before\"><\/span><span class=\"after\"><\/span><\/a><\/div><div class=\"isotope-item block-1 block-h-1\"><a href=\"http:\/\/www.rockpixx.com\/wordpress\/wp-content\/uploads\/2017\/06\/20170620-02-014.jpg\" rel=\"prettyPhoto[postgal_21275]\" class=\"show-hover-link block-h-1\"\"><img decoding=\"async\" src=\"http:\/\/www.rockpixx.com\/wordpress\/wp-content\/uploads\/2017\/06\/20170620-02-014-480x480.jpg\" alt=\"Itchy, 20.06.2017, Kiel, H\u00f6rnb\u00fchne\"\/><span class=\"before\"><\/span><span class=\"after\"><\/span><\/a><\/div><div class=\"isotope-item block-1 block-h-1\"><a href=\"http:\/\/www.rockpixx.com\/wordpress\/wp-content\/uploads\/2017\/06\/20170620-02-017.jpg\" rel=\"prettyPhoto[postgal_21275]\" class=\"show-hover-link block-h-1\"\"><img decoding=\"async\" src=\"http:\/\/www.rockpixx.com\/wordpress\/wp-content\/uploads\/2017\/06\/20170620-02-017-480x480.jpg\" alt=\"Itchy, 20.06.2017, Kiel, H\u00f6rnb\u00fchne\"\/><span class=\"before\"><\/span><span class=\"after\"><\/span><\/a><\/div><div class=\"isotope-item block-2 block-h-2\"><a href=\"http:\/\/www.rockpixx.com\/wordpress\/wp-content\/uploads\/2017\/06\/20170620-02-023.jpg\" rel=\"prettyPhoto[postgal_21275]\" class=\"show-hover-link block-h-2\"\"><img decoding=\"async\" src=\"http:\/\/www.rockpixx.com\/wordpress\/wp-content\/uploads\/2017\/06\/20170620-02-023-480x480.jpg\" alt=\"Itchy, 20.06.2017, Kiel, H\u00f6rnb\u00fchne\"\/><span class=\"before\"><\/span><span class=\"after\"><\/span><\/a><\/div><div class=\"isotope-item block-1 block-h-1\"><a href=\"http:\/\/www.rockpixx.com\/wordpress\/wp-content\/uploads\/2017\/06\/20170620-02-029.jpg\" rel=\"prettyPhoto[postgal_21275]\" class=\"show-hover-link block-h-1\"\"><img decoding=\"async\" src=\"http:\/\/www.rockpixx.com\/wordpress\/wp-content\/uploads\/2017\/06\/20170620-02-029-480x480.jpg\" alt=\"Itchy, 20.06.2017, Kiel, H\u00f6rnb\u00fchne\"\/><span class=\"before\"><\/span><span class=\"after\"><\/span><\/a><\/div><div class=\"isotope-item block-1 block-h-1\"><a href=\"http:\/\/www.rockpixx.com\/wordpress\/wp-content\/uploads\/2017\/06\/20170620-02-031.jpg\" rel=\"prettyPhoto[postgal_21275]\" class=\"show-hover-link block-h-1\"\"><img decoding=\"async\" src=\"http:\/\/www.rockpixx.com\/wordpress\/wp-content\/uploads\/2017\/06\/20170620-02-031-480x480.jpg\" alt=\"Itchy, 20.06.2017, Kiel, H\u00f6rnb\u00fchne\"\/><span class=\"before\"><\/span><span class=\"after\"><\/span><\/a><\/div><div class=\"isotope-item block-2 block-h-2\"><a href=\"http:\/\/www.rockpixx.com\/wordpress\/wp-content\/uploads\/2017\/06\/20170620-02-049.jpg\" rel=\"prettyPhoto[postgal_21275]\" class=\"show-hover-link block-h-2\"\"><img decoding=\"async\" src=\"http:\/\/www.rockpixx.com\/wordpress\/wp-content\/uploads\/2017\/06\/20170620-02-049-480x480.jpg\" alt=\"Itchy, 20.06.2017, Kiel, H\u00f6rnb\u00fchne\"\/><span class=\"before\"><\/span><span class=\"after\"><\/span><\/a><\/div><div class=\"isotope-item block-1 block-h-1\"><a href=\"http:\/\/www.rockpixx.com\/wordpress\/wp-content\/uploads\/2017\/06\/20170620-02-050.jpg\" rel=\"prettyPhoto[postgal_21275]\" class=\"show-hover-link block-h-1\"\"><img decoding=\"async\" src=\"http:\/\/www.rockpixx.com\/wordpress\/wp-content\/uploads\/2017\/06\/20170620-02-050-480x480.jpg\" alt=\"Itchy, 20.06.2017, Kiel, H\u00f6rnb\u00fchne\"\/><span class=\"before\"><\/span><span class=\"after\"><\/span><\/a><\/div><\/div><\/div>\n<p>&nbsp;<\/p>\n","protected":false},"excerpt":{"rendered":"<p>\u201eItchy\u201c \u2013 mittlerweile ohne Poopzkid \u2013 spielten zum ersten Mal auf der Kieler Woche. Kurz <a href=\"http:\/\/www.rockpixx.com\/wordpress\/itchy-20-06-2017-hoernbuehne\/\">Read more<\/a><\/p>\n","protected":false},"author":2,"featured_media":21289,"comment_status":"open","ping_status":"open","sticky":false,"template":"","format":"standard","meta":{"_jetpack_memberships_contains_paid_content":false,"footnotes":"","jetpack_publicize_message":"","jetpack_publicize_feature_enabled":true,"jetpack_social_post_already_shared":true,"jetpack_social_options":{"image_generator_settings":{"template":"highway","default_image_id":0,"font":"","enabled":false},"version":2}},"categories":[34,2541,1224],"tags":[2537,1645,2542,2245,1735],"class_list":["post-21277","post","type-post","status-publish","format-standard","has-post-thumbnail","hentry","category-acts","category-itchy","category-itchy-poopzkid","tag-2537","tag-horn-buhne","tag-itchy","tag-itchy-poopzkid","tag-kiel"],"aioseo_notices":[],"jetpack_publicize_connections":[],"jetpack_featured_media_url":"http:\/\/www.rockpixx.com\/wordpress\/wp-content\/uploads\/2017\/06\/20170620-02-050.jpg","jetpack-related-posts":[{"id":1056,"url":"http:\/\/www.rockpixx.com\/wordpress\/kieler-woche-2011-tag-6\/","url_meta":{"origin":21277,"position":0},"title":"Kieler Woche 2011, Tag 6","author":"admin","date":"26. Juni 2011","format":false,"excerpt":"Moin, bevor ich f\u00fcr Mittwoch noch einmal abseits des Fotogeschehens aus dem N\u00e4hk\u00e4stchen plaudere, muss ich noch erw\u00e4hnen, dass das der Tag war, an dem einiges nicht so lief, wie es h\u00e4tte laufen sollen: Erst bekamen wir backstage keinen Parkplatz mehr und abends sch\u00fcttete es wie aus K\u00fcbeln. Das war\u2026","rel":"","context":"In &quot;2011&quot;","block_context":{"text":"2011","link":"http:\/\/www.rockpixx.com\/wordpress\/category\/backstage\/2011\/"},"img":{"alt_text":"Kieler Woche 2011, lost & found","src":"https:\/\/i0.wp.com\/www.rockpixx.com\/wordpress\/wp-content\/uploads\/2013\/02\/20110626-2011-06_Kieler-Woche-0131.jpg?resize=350%2C200","width":350,"height":200,"srcset":"https:\/\/i0.wp.com\/www.rockpixx.com\/wordpress\/wp-content\/uploads\/2013\/02\/20110626-2011-06_Kieler-Woche-0131.jpg?resize=350%2C200 1x, https:\/\/i0.wp.com\/www.rockpixx.com\/wordpress\/wp-content\/uploads\/2013\/02\/20110626-2011-06_Kieler-Woche-0131.jpg?resize=525%2C300 1.5x, https:\/\/i0.wp.com\/www.rockpixx.com\/wordpress\/wp-content\/uploads\/2013\/02\/20110626-2011-06_Kieler-Woche-0131.jpg?resize=700%2C400 2x"},"classes":[]},{"id":18327,"url":"http:\/\/www.rockpixx.com\/wordpress\/kellerkaos-22-06-2015-kieler-woche-netuse-buehne-kiel\/","url_meta":{"origin":21277,"position":1},"title":"KellerKaos, 22.06.2015, Kieler Woche, NetUSE-B\u00fchne, Kiel","author":"Anja","date":"23. Juni 2015","format":false,"excerpt":"Vorab: Es gibt Bands, die ich nicht kenne (das ist auch nicht verwunderlich) und auf die ich mich schon im Vorfeld freue \u2013 so geschehen bei \u201eKellerKaos\u201c. Meine Erwartungen sollten nicht entt\u00e4uscht werden\u2026 In Kiel herrschte durch diverse Unf\u00e4lle an strategisch wichtigen Stellen nicht Keller- sondern Verkehrschaos. Schon im Stau\u2026","rel":"","context":"In &quot;Acts&quot;","block_context":{"text":"Acts","link":"http:\/\/www.rockpixx.com\/wordpress\/category\/acts\/"},"img":{"alt_text":"KellerKaos, 22.06.2015, NetUSE-B\u00fchne, Kiel","src":"https:\/\/i0.wp.com\/www.rockpixx.com\/wordpress\/wp-content\/uploads\/2015\/06\/20150622-01-014_kellerkaos_Artikel.jpg?resize=350%2C200","width":350,"height":200,"srcset":"https:\/\/i0.wp.com\/www.rockpixx.com\/wordpress\/wp-content\/uploads\/2015\/06\/20150622-01-014_kellerkaos_Artikel.jpg?resize=350%2C200 1x, https:\/\/i0.wp.com\/www.rockpixx.com\/wordpress\/wp-content\/uploads\/2015\/06\/20150622-01-014_kellerkaos_Artikel.jpg?resize=525%2C300 1.5x, https:\/\/i0.wp.com\/www.rockpixx.com\/wordpress\/wp-content\/uploads\/2015\/06\/20150622-01-014_kellerkaos_Artikel.jpg?resize=700%2C400 2x"},"classes":[]},{"id":6406,"url":"http:\/\/www.rockpixx.com\/wordpress\/quo-19-06-2010-kiel-ndr-buhne\/","url_meta":{"origin":21277,"position":2},"title":"Quo, 19.06.2010, Kiel, NDR-B\u00fchne","author":"Anja","date":"19. Juni 2010","format":false,"excerpt":"Irgendwie geh\u00f6ren die vier Jungs von \u201eQuo\u201c f\u00fcr uns auf der \u201eKieler Woche\u201c ja schon beinahe zum Inventar \u2013 egal auf welcher B\u00fchne. Dieses Jahr liefern sie also auf der NDR-B\u00fchne ihre Show und es f\u00fchlt sich \u2013 wie die Jahre zuvor \u2013 ebenfalls wieder richtig gut nach \u2192\u00a0\u201eStatus Quo\u201c\u2026","rel":"","context":"In &quot;Acts&quot;","block_context":{"text":"Acts","link":"http:\/\/www.rockpixx.com\/wordpress\/category\/acts\/"},"img":{"alt_text":"Quo, 19.06.2010, Kiel, NDR-B\u00fchne","src":"https:\/\/i0.wp.com\/www.rockpixx.com\/wordpress\/wp-content\/uploads\/2013\/01\/20100619-01-quo-Artikel.jpg?resize=350%2C200","width":350,"height":200,"srcset":"https:\/\/i0.wp.com\/www.rockpixx.com\/wordpress\/wp-content\/uploads\/2013\/01\/20100619-01-quo-Artikel.jpg?resize=350%2C200 1x, https:\/\/i0.wp.com\/www.rockpixx.com\/wordpress\/wp-content\/uploads\/2013\/01\/20100619-01-quo-Artikel.jpg?resize=525%2C300 1.5x, https:\/\/i0.wp.com\/www.rockpixx.com\/wordpress\/wp-content\/uploads\/2013\/01\/20100619-01-quo-Artikel.jpg?resize=700%2C400 2x"},"classes":[]},{"id":21834,"url":"http:\/\/www.rockpixx.com\/wordpress\/sasha-kiel-2018\/","url_meta":{"origin":21277,"position":3},"title":"Sasha 15.06.2018, H\u00f6rn-B\u00fchne, Kiel","author":"A. Hahl","date":"16. Juni 2018","format":false,"excerpt":"Aller guten Dinge sind Drei: Nach 2009 und 2015 stehe ich nun wieder ein in einem B\u00fchnengaben und lichte Sasha ab. Ok, 2011 und 2012 hatte ich schon seinen kanadischen Zwilling Dick Brave fotografiert, aber das ist eine andere Story\u2026 Nun, im Jahr 2018, ist das neue Album \u201eSchl\u00fcsselkind\u201c frisch\u2026","rel":"","context":"In &quot;Acts&quot;","block_context":{"text":"Acts","link":"http:\/\/www.rockpixx.com\/wordpress\/category\/acts\/"},"img":{"alt_text":"Sasha 15.06.2018, H\u00f6rn-B\u00fchne, Kiel","src":"https:\/\/i0.wp.com\/www.rockpixx.com\/wordpress\/wp-content\/uploads\/2018\/06\/20180615-02-057.jpg?resize=350%2C200","width":350,"height":200,"srcset":"https:\/\/i0.wp.com\/www.rockpixx.com\/wordpress\/wp-content\/uploads\/2018\/06\/20180615-02-057.jpg?resize=350%2C200 1x, https:\/\/i0.wp.com\/www.rockpixx.com\/wordpress\/wp-content\/uploads\/2018\/06\/20180615-02-057.jpg?resize=525%2C300 1.5x, https:\/\/i0.wp.com\/www.rockpixx.com\/wordpress\/wp-content\/uploads\/2018\/06\/20180615-02-057.jpg?resize=700%2C400 2x"},"classes":[]},{"id":18637,"url":"http:\/\/www.rockpixx.com\/wordpress\/anastacia-24-06-2015-kieler-woche-hoern-buehne-kiel\/","url_meta":{"origin":21277,"position":4},"title":"Anastacia, 24.06.2015, Kieler Woche, H\u00f6rn-B\u00fchne, Kiel","author":"Anja","date":"25. Juni 2015","format":false,"excerpt":"Schon im letzten Jahr sollte Anastacia auf der H\u00f6rn-B\u00fchne zur Kieler Woche auftreten. Doch leider musste Sie krankheitsbedingt absagen. Ihren Fans versprach sie aber, dass sie im darauf folgenden Jahr auf der Kieler Woche auftreten wird. Dieses Versprechen hat sie gehalten und so stehen wir hier vor der H\u00f6rn-B\u00fchne und\u2026","rel":"","context":"In &quot;Acts&quot;","block_context":{"text":"Acts","link":"http:\/\/www.rockpixx.com\/wordpress\/category\/acts\/"},"img":{"alt_text":"Anastacia, H\u00f6rn-B\u00fchne, Kiel, 24.06.2015","src":"https:\/\/i0.wp.com\/www.rockpixx.com\/wordpress\/wp-content\/uploads\/2015\/06\/20150624-01-110_anastacia_Artikel.jpg?resize=350%2C200","width":350,"height":200,"srcset":"https:\/\/i0.wp.com\/www.rockpixx.com\/wordpress\/wp-content\/uploads\/2015\/06\/20150624-01-110_anastacia_Artikel.jpg?resize=350%2C200 1x, https:\/\/i0.wp.com\/www.rockpixx.com\/wordpress\/wp-content\/uploads\/2015\/06\/20150624-01-110_anastacia_Artikel.jpg?resize=525%2C300 1.5x, https:\/\/i0.wp.com\/www.rockpixx.com\/wordpress\/wp-content\/uploads\/2015\/06\/20150624-01-110_anastacia_Artikel.jpg?resize=700%2C400 2x"},"classes":[]},{"id":22565,"url":"http:\/\/www.rockpixx.com\/wordpress\/leony-2022\/","url_meta":{"origin":21277,"position":5},"title":"Leony, 17.06.2022, Kiel, Kieler Woche, F\u00f6rdeb\u00fchne","author":"A. Hahl","date":"18. Juni 2022","format":false,"excerpt":"Und nach 1.094 Tagen stehe ich auch endlich wieder im Graben einer B\u00fchne auf der \u201eKieler Woche\u201c: Heute stehe ich vor der F\u00f6rdeb\u00fchne und als Supportact f\u00fcr Max Giesinger steht nun Leony mit ihrer Band vor mir.","rel":"","context":"In &quot;Acts&quot;","block_context":{"text":"Acts","link":"http:\/\/www.rockpixx.com\/wordpress\/category\/acts\/"},"img":{"alt_text":"Leony, 17.06.2022, Kiel, Kieler Woche, F\u00f6rdeb\u00fchne","src":"https:\/\/i0.wp.com\/www.rockpixx.com\/wordpress\/wp-content\/uploads\/2022\/06\/20220607-1-rp-041.jpg?resize=350%2C200","width":350,"height":200,"srcset":"https:\/\/i0.wp.com\/www.rockpixx.com\/wordpress\/wp-content\/uploads\/2022\/06\/20220607-1-rp-041.jpg?resize=350%2C200 1x, https:\/\/i0.wp.com\/www.rockpixx.com\/wordpress\/wp-content\/uploads\/2022\/06\/20220607-1-rp-041.jpg?resize=525%2C300 1.5x, https:\/\/i0.wp.com\/www.rockpixx.com\/wordpress\/wp-content\/uploads\/2022\/06\/20220607-1-rp-041.jpg?resize=700%2C400 2x, https:\/\/i0.wp.com\/www.rockpixx.com\/wordpress\/wp-content\/uploads\/2022\/06\/20220607-1-rp-041.jpg?resize=1050%2C600 3x"},"classes":[]}],"jetpack_sharing_enabled":true,"publishpress_future_action":{"enabled":false,"date":"2026-05-06 02:19:11","action":"change-status","newStatus":"draft","terms":[],"taxonomy":"category","extraData":[]},"publishpress_future_workflow_manual_trigger":{"enabledWorkflows":[]},"_links":{"self":[{"href":"http:\/\/www.rockpixx.com\/wordpress\/wp-json\/wp\/v2\/posts\/21277","targetHints":{"allow":["GET"]}}],"collection":[{"href":"http:\/\/www.rockpixx.com\/wordpress\/wp-json\/wp\/v2\/posts"}],"about":[{"href":"http:\/\/www.rockpixx.com\/wordpress\/wp-json\/wp\/v2\/types\/post"}],"author":[{"embeddable":true,"href":"http:\/\/www.rockpixx.com\/wordpress\/wp-json\/wp\/v2\/users\/2"}],"replies":[{"embeddable":true,"href":"http:\/\/www.rockpixx.com\/wordpress\/wp-json\/wp\/v2\/comments?post=21277"}],"version-history":[{"count":0,"href":"http:\/\/www.rockpixx.com\/wordpress\/wp-json\/wp\/v2\/posts\/21277\/revisions"}],"wp:featuredmedia":[{"embeddable":true,"href":"http:\/\/www.rockpixx.com\/wordpress\/wp-json\/wp\/v2\/media\/21289"}],"wp:attachment":[{"href":"http:\/\/www.rockpixx.com\/wordpress\/wp-json\/wp\/v2\/media?parent=21277"}],"wp:term":[{"taxonomy":"category","embeddable":true,"href":"http:\/\/www.rockpixx.com\/wordpress\/wp-json\/wp\/v2\/categories?post=21277"},{"taxonomy":"post_tag","embeddable":true,"href":"http:\/\/www.rockpixx.com\/wordpress\/wp-json\/wp\/v2\/tags?post=21277"}],"curies":[{"name":"wp","href":"https:\/\/api.w.org\/{rel}","templated":true}]}}