{"id":21976,"date":"2018-08-25T18:32:34","date_gmt":"2018-08-25T17:32:34","guid":{"rendered":"http:\/\/www.rockpixx.com\/wordpress\/?p=21976"},"modified":"2018-08-28T20:49:01","modified_gmt":"2018-08-28T19:49:01","slug":"leeroy-24-08-2018-lentfoehrden-open-air-2018","status":"publish","type":"post","link":"http:\/\/www.rockpixx.com\/wordpress\/leeroy-24-08-2018-lentfoehrden-open-air-2018\/","title":{"rendered":"Leeroy, 24.08.2018, Lentf\u00f6hrden Open Air 2018"},"content":{"rendered":"<p>Wieder eine Band aus der Nachbarschaft \u2013 dieses Mal allerdings aus der Nachbarschaft von rockpixx.com: \u201eLeeroy\u201c aus Eckernf\u00f6rde. <!--more-->Drei etwas \u00e4ltere \u201eJungs\u201c als bei der Band zuvor spielen druckvollen Rock \u2013 ebenfalls mit deutschen Texten (die zwischenzeitliche Einlage mit dem Songfragment von George Michael lassen wir hier mal unter den Tisch fallen). Mir gef\u00e4llt die Kraft, die von der Musik ausgeht \u2013 ohne dass sie in Krach ausartet. Das kommt einfach authentisch und ehrlich r\u00fcber und das Publikum honoriert diese Art von Musik.<\/p>\n<p>Fazit: Nat\u00fcrlich kommen auch von n\u00f6rdlich des Nord-Ostsee-Kanals gute Bands. Solltet Ihr mal die Chance haben, \u201eLeeroy\u201c live erleben zu k\u00f6nnen, geht hin!<\/p>\n<p style=\"text-align: right;\">Fotos: <a href=\"mailto:info@rockpixx.com\">Alex<\/a> | Text: <a href=\"mailto:info@rockpixx.com\">Alex<\/a><\/p>\n<p>&nbsp;<\/p>\n<div class=\"eat-left eat-right\"><div class=\"thumbs-masonry isotope\"><div class=\"isotope-item block-2 block-h-2\"><a href=\"http:\/\/www.rockpixx.com\/wordpress\/wp-content\/uploads\/2018\/08\/20180824-3-001.jpg\" rel=\"prettyPhoto[postgal_21977]\" class=\"show-hover-link block-h-2\"\"><img decoding=\"async\" src=\"http:\/\/www.rockpixx.com\/wordpress\/wp-content\/uploads\/2018\/08\/20180824-3-001-480x480.jpg\" alt=\"Leeroy, 24.08.2018, Lentf\u00f6hrden Open Air 2018, Lentf\u00f6hrden\"\/><span class=\"before\"><\/span><span class=\"after\"><\/span><\/a><\/div><div class=\"isotope-item block-1 block-h-1\"><a href=\"http:\/\/www.rockpixx.com\/wordpress\/wp-content\/uploads\/2018\/08\/20180824-3-004.jpg\" rel=\"prettyPhoto[postgal_21977]\" class=\"show-hover-link block-h-1\"\"><img decoding=\"async\" src=\"http:\/\/www.rockpixx.com\/wordpress\/wp-content\/uploads\/2018\/08\/20180824-3-004-480x480.jpg\" alt=\"Leeroy, 24.08.2018, Lentf\u00f6hrden Open Air 2018, Lentf\u00f6hrden\"\/><span class=\"before\"><\/span><span class=\"after\"><\/span><\/a><\/div><div class=\"isotope-item block-1 block-h-1\"><a href=\"http:\/\/www.rockpixx.com\/wordpress\/wp-content\/uploads\/2018\/08\/20180824-3-005.jpg\" rel=\"prettyPhoto[postgal_21977]\" class=\"show-hover-link block-h-1\"\"><img decoding=\"async\" src=\"http:\/\/www.rockpixx.com\/wordpress\/wp-content\/uploads\/2018\/08\/20180824-3-005-480x480.jpg\" alt=\"Leeroy, 24.08.2018, Lentf\u00f6hrden Open Air 2018, Lentf\u00f6hrden\"\/><span class=\"before\"><\/span><span class=\"after\"><\/span><\/a><\/div><div class=\"isotope-item block-2 block-h-2\"><a href=\"http:\/\/www.rockpixx.com\/wordpress\/wp-content\/uploads\/2018\/08\/20180824-3-007.jpg\" rel=\"prettyPhoto[postgal_21977]\" class=\"show-hover-link block-h-2\"\"><img decoding=\"async\" src=\"http:\/\/www.rockpixx.com\/wordpress\/wp-content\/uploads\/2018\/08\/20180824-3-007-480x480.jpg\" alt=\"Leeroy, 24.08.2018, Lentf\u00f6hrden Open Air 2018, Lentf\u00f6hrden\"\/><span class=\"before\"><\/span><span class=\"after\"><\/span><\/a><\/div><div class=\"isotope-item block-1 block-h-1\"><a href=\"http:\/\/www.rockpixx.com\/wordpress\/wp-content\/uploads\/2018\/08\/20180824-3-008.jpg\" rel=\"prettyPhoto[postgal_21977]\" class=\"show-hover-link block-h-1\"\"><img decoding=\"async\" src=\"http:\/\/www.rockpixx.com\/wordpress\/wp-content\/uploads\/2018\/08\/20180824-3-008-480x480.jpg\" alt=\"Leeroy, 24.08.2018, Lentf\u00f6hrden Open Air 2018, Lentf\u00f6hrden\"\/><span class=\"before\"><\/span><span class=\"after\"><\/span><\/a><\/div><div class=\"isotope-item block-1 block-h-1\"><a href=\"http:\/\/www.rockpixx.com\/wordpress\/wp-content\/uploads\/2018\/08\/20180824-3-009.jpg\" rel=\"prettyPhoto[postgal_21977]\" class=\"show-hover-link block-h-1\"\"><img decoding=\"async\" src=\"http:\/\/www.rockpixx.com\/wordpress\/wp-content\/uploads\/2018\/08\/20180824-3-009-480x480.jpg\" alt=\"Leeroy, 24.08.2018, Lentf\u00f6hrden Open Air 2018, Lentf\u00f6hrden\"\/><span class=\"before\"><\/span><span class=\"after\"><\/span><\/a><\/div><div class=\"isotope-item block-2 block-h-2\"><a href=\"http:\/\/www.rockpixx.com\/wordpress\/wp-content\/uploads\/2018\/08\/20180824-3-010.jpg\" rel=\"prettyPhoto[postgal_21977]\" class=\"show-hover-link block-h-2\"\"><img decoding=\"async\" src=\"http:\/\/www.rockpixx.com\/wordpress\/wp-content\/uploads\/2018\/08\/20180824-3-010-480x480.jpg\" alt=\"Leeroy, 24.08.2018, Lentf\u00f6hrden Open Air 2018, Lentf\u00f6hrden\"\/><span class=\"before\"><\/span><span class=\"after\"><\/span><\/a><\/div><div class=\"isotope-item block-1 block-h-1\"><a href=\"http:\/\/www.rockpixx.com\/wordpress\/wp-content\/uploads\/2018\/08\/20180824-3-011.jpg\" rel=\"prettyPhoto[postgal_21977]\" class=\"show-hover-link block-h-1\"\"><img decoding=\"async\" src=\"http:\/\/www.rockpixx.com\/wordpress\/wp-content\/uploads\/2018\/08\/20180824-3-011-480x480.jpg\" alt=\"Leeroy, 24.08.2018, Lentf\u00f6hrden Open Air 2018, Lentf\u00f6hrden\"\/><span class=\"before\"><\/span><span class=\"after\"><\/span><\/a><\/div><div class=\"isotope-item block-1 block-h-1\"><a href=\"http:\/\/www.rockpixx.com\/wordpress\/wp-content\/uploads\/2018\/08\/20180824-3-012.jpg\" rel=\"prettyPhoto[postgal_21977]\" class=\"show-hover-link block-h-1\"\"><img decoding=\"async\" src=\"http:\/\/www.rockpixx.com\/wordpress\/wp-content\/uploads\/2018\/08\/20180824-3-012-480x480.jpg\" alt=\"Leeroy, 24.08.2018, Lentf\u00f6hrden Open Air 2018, Lentf\u00f6hrden\"\/><span class=\"before\"><\/span><span class=\"after\"><\/span><\/a><\/div><div class=\"isotope-item block-2 block-h-2\"><a href=\"http:\/\/www.rockpixx.com\/wordpress\/wp-content\/uploads\/2018\/08\/20180824-3-016.jpg\" rel=\"prettyPhoto[postgal_21977]\" class=\"show-hover-link block-h-2\"\"><img decoding=\"async\" src=\"http:\/\/www.rockpixx.com\/wordpress\/wp-content\/uploads\/2018\/08\/20180824-3-016-480x480.jpg\" alt=\"Leeroy, 24.08.2018, Lentf\u00f6hrden Open Air 2018, Lentf\u00f6hrden\"\/><span class=\"before\"><\/span><span class=\"after\"><\/span><\/a><\/div><div class=\"isotope-item block-1 block-h-1\"><a href=\"http:\/\/www.rockpixx.com\/wordpress\/wp-content\/uploads\/2018\/08\/20180824-3-018.jpg\" rel=\"prettyPhoto[postgal_21977]\" class=\"show-hover-link block-h-1\"\"><img decoding=\"async\" src=\"http:\/\/www.rockpixx.com\/wordpress\/wp-content\/uploads\/2018\/08\/20180824-3-018-480x480.jpg\" alt=\"Leeroy, 24.08.2018, Lentf\u00f6hrden Open Air 2018, Lentf\u00f6hrden\"\/><span class=\"before\"><\/span><span class=\"after\"><\/span><\/a><\/div><div class=\"isotope-item block-1 block-h-1\"><a href=\"http:\/\/www.rockpixx.com\/wordpress\/wp-content\/uploads\/2018\/08\/20180824-3-032.jpg\" rel=\"prettyPhoto[postgal_21977]\" class=\"show-hover-link block-h-1\"\"><img decoding=\"async\" src=\"http:\/\/www.rockpixx.com\/wordpress\/wp-content\/uploads\/2018\/08\/20180824-3-032-480x480.jpg\" alt=\"Leeroy, 24.08.2018, Lentf\u00f6hrden Open Air 2018, Lentf\u00f6hrden\"\/><span class=\"before\"><\/span><span class=\"after\"><\/span><\/a><\/div><div class=\"isotope-item block-2 block-h-2\"><a href=\"http:\/\/www.rockpixx.com\/wordpress\/wp-content\/uploads\/2018\/08\/20180824-3-036.jpg\" rel=\"prettyPhoto[postgal_21977]\" class=\"show-hover-link block-h-2\"\"><img decoding=\"async\" src=\"http:\/\/www.rockpixx.com\/wordpress\/wp-content\/uploads\/2018\/08\/20180824-3-036-480x480.jpg\" alt=\"Leeroy, 24.08.2018, Lentf\u00f6hrden Open Air 2018, Lentf\u00f6hrden\"\/><span class=\"before\"><\/span><span class=\"after\"><\/span><\/a><\/div><div class=\"isotope-item block-1 block-h-1\"><a href=\"http:\/\/www.rockpixx.com\/wordpress\/wp-content\/uploads\/2018\/08\/20180824-3-038.jpg\" rel=\"prettyPhoto[postgal_21977]\" class=\"show-hover-link block-h-1\"\"><img decoding=\"async\" src=\"http:\/\/www.rockpixx.com\/wordpress\/wp-content\/uploads\/2018\/08\/20180824-3-038-480x480.jpg\" alt=\"Leeroy, 24.08.2018, Lentf\u00f6hrden Open Air 2018, Lentf\u00f6hrden\"\/><span class=\"before\"><\/span><span class=\"after\"><\/span><\/a><\/div><\/div><\/div>\n","protected":false},"excerpt":{"rendered":"<p>Wieder eine Band aus der Nachbarschaft \u2013 dieses Mal allerdings aus der Nachbarschaft von rockpixx.com: <a href=\"http:\/\/www.rockpixx.com\/wordpress\/leeroy-24-08-2018-lentfoehrden-open-air-2018\/\">Read more<\/a><\/p>\n","protected":false},"author":3,"featured_media":21991,"comment_status":"closed","ping_status":"open","sticky":false,"template":"","format":"standard","meta":{"_jetpack_memberships_contains_paid_content":false,"footnotes":"","jetpack_publicize_message":"","jetpack_publicize_feature_enabled":true,"jetpack_social_post_already_shared":false,"jetpack_social_options":{"image_generator_settings":{"template":"highway","default_image_id":0,"font":"","enabled":false},"version":2}},"categories":[34,2572],"tags":[2561,2573,2491,2493],"class_list":["post-21976","post","type-post","status-publish","format-standard","has-post-thumbnail","hentry","category-acts","category-leeroy","tag-2561","tag-leeroy","tag-lentfoehrden","tag-lentfoehrden-open-air"],"aioseo_notices":[],"jetpack_publicize_connections":[],"jetpack_featured_media_url":"http:\/\/www.rockpixx.com\/wordpress\/wp-content\/uploads\/2018\/08\/20180824-3-038.jpg","jetpack-related-posts":[{"id":22018,"url":"http:\/\/www.rockpixx.com\/wordpress\/schwimmer-25-08-2018-lentfoehrden-open-air-2018\/","url_meta":{"origin":21976,"position":0},"title":"Schwimmer, 25.08.2018, Lentf\u00f6hrden Open Air 2018","author":"A. Hahl","date":"27. August 2018","format":false,"excerpt":"Wie nennt man musizierende Flummies aus L\u00fcneburg auch? Richtig! \u201eSchwimmer\u201c. Und genauso hei\u00dft die Band, die nun gerade die B\u00fchne abrei\u00dft. Da dr\u00f6hnen fette (mitunter auch rotzige) Riffs aus den Boxen und pusten auch die letzten Wassertropen von den vorherigen Regeng\u00fcssen darin endg\u00fcltig weg. Eigene Texte, eigene Musik und das\u2026","rel":"","context":"In &quot;Acts&quot;","block_context":{"text":"Acts","link":"http:\/\/www.rockpixx.com\/wordpress\/category\/acts\/"},"img":{"alt_text":"Schwimmer, 25.08.2018, Lentf\u00f6hrden Open Air 2018, Lentf\u00f6hrden","src":"https:\/\/i0.wp.com\/www.rockpixx.com\/wordpress\/wp-content\/uploads\/2018\/08\/20180825-2-027.jpg?resize=350%2C200","width":350,"height":200,"srcset":"https:\/\/i0.wp.com\/www.rockpixx.com\/wordpress\/wp-content\/uploads\/2018\/08\/20180825-2-027.jpg?resize=350%2C200 1x, https:\/\/i0.wp.com\/www.rockpixx.com\/wordpress\/wp-content\/uploads\/2018\/08\/20180825-2-027.jpg?resize=525%2C300 1.5x, https:\/\/i0.wp.com\/www.rockpixx.com\/wordpress\/wp-content\/uploads\/2018\/08\/20180825-2-027.jpg?resize=700%2C400 2x"},"classes":[]},{"id":21335,"url":"http:\/\/www.rockpixx.com\/wordpress\/jellybay-28-07-2017-lentfoehrden-open-air-lentfoehrden\/","url_meta":{"origin":21976,"position":1},"title":"Jellybay, 28.07.2017, Lentf\u00f6hrden Open Air, Lentf\u00f6hrden","author":"A. Hahl","date":"31. Juli 2017","format":false,"excerpt":"Blaue Haare \u2013 das Markenzeichen der Frontfrau von \u201eJellybay\u201c leuchten uns entgegen. Mal schauen, wie sich der \u201eOhrwurmpop aus Flensburg\u201c entwickelt hat, seit wir \u201eJellybay\u201c das letzte Mal vor 3 Jahren auf der \u2192 Kieler Woche live gesehen haben. Bis auf die L\u00e4nge der blauen Haare hat sich nichts ge\u00e4ndert.\u2026","rel":"","context":"In &quot;Acts&quot;","block_context":{"text":"Acts","link":"http:\/\/www.rockpixx.com\/wordpress\/category\/acts\/"},"img":{"alt_text":"Jellybay, 28.07.2017, Lentf\u00f6hrden, Lentf\u00f6hrden OpenAir","src":"https:\/\/i0.wp.com\/www.rockpixx.com\/wordpress\/wp-content\/uploads\/2017\/07\/20170728-02-023.jpg?resize=350%2C200","width":350,"height":200,"srcset":"https:\/\/i0.wp.com\/www.rockpixx.com\/wordpress\/wp-content\/uploads\/2017\/07\/20170728-02-023.jpg?resize=350%2C200 1x, https:\/\/i0.wp.com\/www.rockpixx.com\/wordpress\/wp-content\/uploads\/2017\/07\/20170728-02-023.jpg?resize=525%2C300 1.5x, https:\/\/i0.wp.com\/www.rockpixx.com\/wordpress\/wp-content\/uploads\/2017\/07\/20170728-02-023.jpg?resize=700%2C400 2x"},"classes":[]},{"id":21994,"url":"http:\/\/www.rockpixx.com\/wordpress\/kompliment-24-08-2018-lentfoehrden-open-air-2018\/","url_meta":{"origin":21976,"position":2},"title":"Kompliment, 24.08.2018, Lentf\u00f6hrden Open Air 2018","author":"A. Hahl","date":"25. August 2018","format":false,"excerpt":"Im September 2013 hatten wir Kompliment schon einmal vor unseren Kameras. Heute Nacht ist es mittlerweile 12\u00b0 C kalt \u2013 damals war es in meiner Erinnerung vom Wetter her \u00e4hnlich mistig\u2026 Zum heutigen Auftritt von \u201eKompliment\u201c gibt es auch \u00c4hnliches zu schreiben, wie bereits vor f\u00fcnf Jahren, nur dass es\u2026","rel":"","context":"In &quot;Acts&quot;","block_context":{"text":"Acts","link":"http:\/\/www.rockpixx.com\/wordpress\/category\/acts\/"},"img":{"alt_text":"Kompliment, 24.08.2018, Lentf\u00f6hrden OpeAn Air 2018, Lentf\u00f6hrden","src":"https:\/\/i0.wp.com\/www.rockpixx.com\/wordpress\/wp-content\/uploads\/2018\/08\/20180824-4-016.jpg?resize=350%2C200","width":350,"height":200,"srcset":"https:\/\/i0.wp.com\/www.rockpixx.com\/wordpress\/wp-content\/uploads\/2018\/08\/20180824-4-016.jpg?resize=350%2C200 1x, https:\/\/i0.wp.com\/www.rockpixx.com\/wordpress\/wp-content\/uploads\/2018\/08\/20180824-4-016.jpg?resize=525%2C300 1.5x, https:\/\/i0.wp.com\/www.rockpixx.com\/wordpress\/wp-content\/uploads\/2018\/08\/20180824-4-016.jpg?resize=700%2C400 2x"},"classes":[]},{"id":21317,"url":"http:\/\/www.rockpixx.com\/wordpress\/frollein-motte-28-07-2017-lentfoehrden-open-air-lentfoehrden\/","url_meta":{"origin":21976,"position":3},"title":"Frollein Motte, 28.07.2017, Lentf\u00f6hrden Open Air, Lentf\u00f6hrden","author":"A. Hahl","date":"31. Juli 2017","format":false,"excerpt":"P\u00fcnktlich zum Beginn des Lentf\u00f6hrden Open Air erwischte uns noch eine etwas ausgiebige Regenfront, so dass die Veranstalter den Start etwas nach hinten hinausschoben. Besucher und Musiker konnten so im Trockenen warten und verloren aber nicht die gute Laune. Der Regen lie\u00df nach und \u201eFrollein Motte\u201c legte los \u2013 mit\u2026","rel":"","context":"In &quot;Acts&quot;","block_context":{"text":"Acts","link":"http:\/\/www.rockpixx.com\/wordpress\/category\/acts\/"},"img":{"alt_text":"Frollein Motte, 28.07.2017, Lentf\u00f6hrden, Lentf\u00f6hrden OpenAir","src":"https:\/\/i0.wp.com\/www.rockpixx.com\/wordpress\/wp-content\/uploads\/2017\/07\/20170728-01-031.jpg?resize=350%2C200","width":350,"height":200,"srcset":"https:\/\/i0.wp.com\/www.rockpixx.com\/wordpress\/wp-content\/uploads\/2017\/07\/20170728-01-031.jpg?resize=350%2C200 1x, https:\/\/i0.wp.com\/www.rockpixx.com\/wordpress\/wp-content\/uploads\/2017\/07\/20170728-01-031.jpg?resize=525%2C300 1.5x, https:\/\/i0.wp.com\/www.rockpixx.com\/wordpress\/wp-content\/uploads\/2017\/07\/20170728-01-031.jpg?resize=700%2C400 2x"},"classes":[]},{"id":20722,"url":"http:\/\/www.rockpixx.com\/wordpress\/beige-29-07-2016-lentfoehrden-open-air-lentfoehrden\/","url_meta":{"origin":21976,"position":4},"title":"Beige, 29.07.2016, Lentf\u00f6hrden Open Air, Lentf\u00f6hrden","author":"A. Hahl","date":"30. Juli 2016","format":false,"excerpt":"Und nun \u201eDas Frollein\u201c (nebst Motte Mottlau) sowie Band \u2013 allesamt gut aufgelegt und von den ersten T\u00f6nen da. Die Rede ist nat\u00fcrlich von \u201eBeige\u201c, die wir ja nun schon seit 2009 ein paar Mal von den Kameras hatten und die uns immer wieder begeistern k\u00f6nnen. Der Regen ist weg,\u2026","rel":"","context":"In &quot;Acts&quot;","block_context":{"text":"Acts","link":"http:\/\/www.rockpixx.com\/wordpress\/category\/acts\/"},"img":{"alt_text":"Beige, 29.07.2016, Lentf\u00f6hrden, Lentf\u00f6hrden Open Air 2016","src":"https:\/\/i0.wp.com\/www.rockpixx.com\/wordpress\/wp-content\/uploads\/2016\/07\/20160729-04-027.jpg?resize=350%2C200","width":350,"height":200,"srcset":"https:\/\/i0.wp.com\/www.rockpixx.com\/wordpress\/wp-content\/uploads\/2016\/07\/20160729-04-027.jpg?resize=350%2C200 1x, https:\/\/i0.wp.com\/www.rockpixx.com\/wordpress\/wp-content\/uploads\/2016\/07\/20160729-04-027.jpg?resize=525%2C300 1.5x, https:\/\/i0.wp.com\/www.rockpixx.com\/wordpress\/wp-content\/uploads\/2016\/07\/20160729-04-027.jpg?resize=700%2C400 2x"},"classes":[]},{"id":20724,"url":"http:\/\/www.rockpixx.com\/wordpress\/steve-breit-band-29-07-2016-lentfoehrden-open-air-lentfoehrden\/","url_meta":{"origin":21976,"position":5},"title":"Steve Breit Band, 29.07.2016, Lentf\u00f6hrden Open Air, Lentf\u00f6hrden","author":"A. Hahl","date":"30. Juli 2016","format":false,"excerpt":"Rock Cover und Eigenkompositionen von der \u201eSteve Breit Band\u201c stehen als letzter Act des Abends auf der B\u00fchne des Lentf\u00f6hrden Open Airs auf der B\u00fchne. Und so erlebe ich also f\u00fcnf gestandene Herren, die auf der immer noch nassen B\u00fchne gepflegt losrocken und kaum einen Chart-Kracher aus dem Mainstream-Rock der\u2026","rel":"","context":"In &quot;Acts&quot;","block_context":{"text":"Acts","link":"http:\/\/www.rockpixx.com\/wordpress\/category\/acts\/"},"img":{"alt_text":"Steve Breit Band, 29.07.2016, Lentf\u00f6hrden, Lentf\u00f6hrden Open Air 2016","src":"https:\/\/i0.wp.com\/www.rockpixx.com\/wordpress\/wp-content\/uploads\/2016\/07\/20160729-05-051.jpg?resize=350%2C200","width":350,"height":200,"srcset":"https:\/\/i0.wp.com\/www.rockpixx.com\/wordpress\/wp-content\/uploads\/2016\/07\/20160729-05-051.jpg?resize=350%2C200 1x, https:\/\/i0.wp.com\/www.rockpixx.com\/wordpress\/wp-content\/uploads\/2016\/07\/20160729-05-051.jpg?resize=525%2C300 1.5x, https:\/\/i0.wp.com\/www.rockpixx.com\/wordpress\/wp-content\/uploads\/2016\/07\/20160729-05-051.jpg?resize=700%2C400 2x"},"classes":[]}],"jetpack_sharing_enabled":true,"publishpress_future_action":{"enabled":false,"date":"2026-05-07 07:47:29","action":"change-status","newStatus":"draft","terms":[],"taxonomy":"category","extraData":[]},"publishpress_future_workflow_manual_trigger":{"enabledWorkflows":[]},"_links":{"self":[{"href":"http:\/\/www.rockpixx.com\/wordpress\/wp-json\/wp\/v2\/posts\/21976","targetHints":{"allow":["GET"]}}],"collection":[{"href":"http:\/\/www.rockpixx.com\/wordpress\/wp-json\/wp\/v2\/posts"}],"about":[{"href":"http:\/\/www.rockpixx.com\/wordpress\/wp-json\/wp\/v2\/types\/post"}],"author":[{"embeddable":true,"href":"http:\/\/www.rockpixx.com\/wordpress\/wp-json\/wp\/v2\/users\/3"}],"replies":[{"embeddable":true,"href":"http:\/\/www.rockpixx.com\/wordpress\/wp-json\/wp\/v2\/comments?post=21976"}],"version-history":[{"count":3,"href":"http:\/\/www.rockpixx.com\/wordpress\/wp-json\/wp\/v2\/posts\/21976\/revisions"}],"predecessor-version":[{"id":22088,"href":"http:\/\/www.rockpixx.com\/wordpress\/wp-json\/wp\/v2\/posts\/21976\/revisions\/22088"}],"wp:featuredmedia":[{"embeddable":true,"href":"http:\/\/www.rockpixx.com\/wordpress\/wp-json\/wp\/v2\/media\/21991"}],"wp:attachment":[{"href":"http:\/\/www.rockpixx.com\/wordpress\/wp-json\/wp\/v2\/media?parent=21976"}],"wp:term":[{"taxonomy":"category","embeddable":true,"href":"http:\/\/www.rockpixx.com\/wordpress\/wp-json\/wp\/v2\/categories?post=21976"},{"taxonomy":"post_tag","embeddable":true,"href":"http:\/\/www.rockpixx.com\/wordpress\/wp-json\/wp\/v2\/tags?post=21976"}],"curies":[{"name":"wp","href":"https:\/\/api.w.org\/{rel}","templated":true}]}}