{"id":22054,"date":"2018-08-27T14:36:00","date_gmt":"2018-08-27T13:36:00","guid":{"rendered":"http:\/\/www.rockpixx.com\/wordpress\/?p=22054"},"modified":"2018-08-28T20:47:24","modified_gmt":"2018-08-28T19:47:24","slug":"the-u2s-25-08-2018-lentfoehrden-open-air-2018","status":"publish","type":"post","link":"http:\/\/www.rockpixx.com\/wordpress\/the-u2s-25-08-2018-lentfoehrden-open-air-2018\/","title":{"rendered":"The U2s, 25.08.2018, Lentf\u00f6hrden Open Air 2018"},"content":{"rendered":"<p>U2-Tributebands habe ich noch nicht so h\u00e4ufig vor den Kameras gehabt \u2013 die erste fast auf den Tag genau vor 13 Jahren und die zweite vor gut 6 Jahren. Umso gespannter war ich, wie sich \u201eThe U2s\u201c heute machen w\u00fcrden.<!--more-->Also Wollm\u00fctze und die passenden Brillen sind da, die Gitarre klingt vom Sound her auch nach den Originalen und der S\u00e4nger ackert auf der B\u00fchne wie sein Vorbild. Guckt man sich die Reaktionen aus dem Publikum an, so geht da trotz wieder einsetzendem Regen und 12\u00b0 C so richtig die Luzie ab. Immer wieder zum Mitsingen aufgefordert, macht die Menge vor der B\u00fchne begeistert mit und feiert die Band.<\/p>\n<p>Fazit: Ich bin vermutlich nicht so der Experte f\u00fcr Bono, The Edge &amp; Co. Aber wenn ich noch nach dem Konzert aus dem Publikum und auch backstage von anderen Musikern h\u00f6re \u201eDas war geil!\u201c, dann m\u00fcssen \u201eThe U2s\u201c ihre Sache wohl richtig ordentlich gemacht haben\u2026<\/p>\n<p style=\"text-align: right;\">Fotos: <a href=\"mailto:info@rockpixx.com\">Alex<\/a> | Text: <a href=\"mailto:info@rockpixx.com\">Alex<\/a><\/p>\n<p>&nbsp;<\/p>\n<div class=\"eat-left eat-right\"><div class=\"thumbs-masonry isotope\"><div class=\"isotope-item block-2 block-h-2\"><a href=\"http:\/\/www.rockpixx.com\/wordpress\/wp-content\/uploads\/2018\/08\/20180825-4-047.jpg\" rel=\"prettyPhoto[postgal_22053]\" class=\"show-hover-link block-h-2\"\"><img decoding=\"async\" src=\"http:\/\/www.rockpixx.com\/wordpress\/wp-content\/uploads\/2018\/08\/20180825-4-047-480x480.jpg\" alt=\"The U2s, 25.08.2018, Lentf\u00f6hrden Open Air 2018, Lentf\u00f6hrden\"\/><span class=\"before\"><\/span><span class=\"after\"><\/span><\/a><\/div><div class=\"isotope-item block-1 block-h-1\"><a href=\"http:\/\/www.rockpixx.com\/wordpress\/wp-content\/uploads\/2018\/08\/20180825-4-046.jpg\" rel=\"prettyPhoto[postgal_22053]\" class=\"show-hover-link block-h-1\"\"><img decoding=\"async\" src=\"http:\/\/www.rockpixx.com\/wordpress\/wp-content\/uploads\/2018\/08\/20180825-4-046-480x480.jpg\" alt=\"The U2s, 25.08.2018, Lentf\u00f6hrden Open Air 2018, Lentf\u00f6hrden\"\/><span class=\"before\"><\/span><span class=\"after\"><\/span><\/a><\/div><div class=\"isotope-item block-1 block-h-1\"><a href=\"http:\/\/www.rockpixx.com\/wordpress\/wp-content\/uploads\/2018\/08\/20180825-4-043.jpg\" rel=\"prettyPhoto[postgal_22053]\" class=\"show-hover-link block-h-1\"\"><img decoding=\"async\" src=\"http:\/\/www.rockpixx.com\/wordpress\/wp-content\/uploads\/2018\/08\/20180825-4-043-480x480.jpg\" alt=\"The U2s, 25.08.2018, Lentf\u00f6hrden Open Air 2018, Lentf\u00f6hrden\"\/><span class=\"before\"><\/span><span class=\"after\"><\/span><\/a><\/div><div class=\"isotope-item block-2 block-h-2\"><a href=\"http:\/\/www.rockpixx.com\/wordpress\/wp-content\/uploads\/2018\/08\/20180825-4-042.jpg\" rel=\"prettyPhoto[postgal_22053]\" class=\"show-hover-link block-h-2\"\"><img decoding=\"async\" src=\"http:\/\/www.rockpixx.com\/wordpress\/wp-content\/uploads\/2018\/08\/20180825-4-042-480x480.jpg\" alt=\"The U2s, 25.08.2018, Lentf\u00f6hrden Open Air 2018, Lentf\u00f6hrden\"\/><span class=\"before\"><\/span><span class=\"after\"><\/span><\/a><\/div><div class=\"isotope-item block-1 block-h-1\"><a href=\"http:\/\/www.rockpixx.com\/wordpress\/wp-content\/uploads\/2018\/08\/20180825-4-037.jpg\" rel=\"prettyPhoto[postgal_22053]\" class=\"show-hover-link block-h-1\"\"><img decoding=\"async\" src=\"http:\/\/www.rockpixx.com\/wordpress\/wp-content\/uploads\/2018\/08\/20180825-4-037-480x480.jpg\" alt=\"The U2s, 25.08.2018, Lentf\u00f6hrden Open Air 2018, Lentf\u00f6hrden\"\/><span class=\"before\"><\/span><span class=\"after\"><\/span><\/a><\/div><div class=\"isotope-item block-1 block-h-1\"><a href=\"http:\/\/www.rockpixx.com\/wordpress\/wp-content\/uploads\/2018\/08\/20180825-4-035.jpg\" rel=\"prettyPhoto[postgal_22053]\" class=\"show-hover-link block-h-1\"\"><img decoding=\"async\" src=\"http:\/\/www.rockpixx.com\/wordpress\/wp-content\/uploads\/2018\/08\/20180825-4-035-480x480.jpg\" alt=\"The U2s, 25.08.2018, Lentf\u00f6hrden Open Air 2018, Lentf\u00f6hrden\"\/><span class=\"before\"><\/span><span class=\"after\"><\/span><\/a><\/div><div class=\"isotope-item block-2 block-h-2\"><a href=\"http:\/\/www.rockpixx.com\/wordpress\/wp-content\/uploads\/2018\/08\/20180825-4-027.jpg\" rel=\"prettyPhoto[postgal_22053]\" class=\"show-hover-link block-h-2\"\"><img decoding=\"async\" src=\"http:\/\/www.rockpixx.com\/wordpress\/wp-content\/uploads\/2018\/08\/20180825-4-027-480x480.jpg\" alt=\"The U2s, 25.08.2018, Lentf\u00f6hrden Open Air 2018, Lentf\u00f6hrden\"\/><span class=\"before\"><\/span><span class=\"after\"><\/span><\/a><\/div><div class=\"isotope-item block-1 block-h-1\"><a href=\"http:\/\/www.rockpixx.com\/wordpress\/wp-content\/uploads\/2018\/08\/20180825-4-026.jpg\" rel=\"prettyPhoto[postgal_22053]\" class=\"show-hover-link block-h-1\"\"><img decoding=\"async\" src=\"http:\/\/www.rockpixx.com\/wordpress\/wp-content\/uploads\/2018\/08\/20180825-4-026-480x480.jpg\" alt=\"The U2s, 25.08.2018, Lentf\u00f6hrden Open Air 2018, Lentf\u00f6hrden\"\/><span class=\"before\"><\/span><span class=\"after\"><\/span><\/a><\/div><div class=\"isotope-item block-1 block-h-1\"><a href=\"http:\/\/www.rockpixx.com\/wordpress\/wp-content\/uploads\/2018\/08\/20180825-4-022.jpg\" rel=\"prettyPhoto[postgal_22053]\" class=\"show-hover-link block-h-1\"\"><img decoding=\"async\" src=\"http:\/\/www.rockpixx.com\/wordpress\/wp-content\/uploads\/2018\/08\/20180825-4-022-480x480.jpg\" alt=\"The U2s, 25.08.2018, Lentf\u00f6hrden Open Air 2018, Lentf\u00f6hrden\"\/><span class=\"before\"><\/span><span class=\"after\"><\/span><\/a><\/div><div class=\"isotope-item block-2 block-h-2\"><a href=\"http:\/\/www.rockpixx.com\/wordpress\/wp-content\/uploads\/2018\/08\/20180825-4-020.jpg\" rel=\"prettyPhoto[postgal_22053]\" class=\"show-hover-link block-h-2\"\"><img decoding=\"async\" src=\"http:\/\/www.rockpixx.com\/wordpress\/wp-content\/uploads\/2018\/08\/20180825-4-020-480x480.jpg\" alt=\"The U2s, 25.08.2018, Lentf\u00f6hrden Open Air 2018, Lentf\u00f6hrden\"\/><span class=\"before\"><\/span><span class=\"after\"><\/span><\/a><\/div><div class=\"isotope-item block-1 block-h-1\"><a href=\"http:\/\/www.rockpixx.com\/wordpress\/wp-content\/uploads\/2018\/08\/20180825-4-013.jpg\" rel=\"prettyPhoto[postgal_22053]\" class=\"show-hover-link block-h-1\"\"><img decoding=\"async\" src=\"http:\/\/www.rockpixx.com\/wordpress\/wp-content\/uploads\/2018\/08\/20180825-4-013-480x480.jpg\" alt=\"The U2s, 25.08.2018, Lentf\u00f6hrden Open Air 2018, Lentf\u00f6hrden\"\/><span class=\"before\"><\/span><span class=\"after\"><\/span><\/a><\/div><div class=\"isotope-item block-1 block-h-1\"><a href=\"http:\/\/www.rockpixx.com\/wordpress\/wp-content\/uploads\/2018\/08\/20180825-4-011.jpg\" rel=\"prettyPhoto[postgal_22053]\" class=\"show-hover-link block-h-1\"\"><img decoding=\"async\" src=\"http:\/\/www.rockpixx.com\/wordpress\/wp-content\/uploads\/2018\/08\/20180825-4-011-480x480.jpg\" alt=\"The U2s, 25.08.2018, Lentf\u00f6hrden Open Air 2018, Lentf\u00f6hrden\"\/><span class=\"before\"><\/span><span class=\"after\"><\/span><\/a><\/div><div class=\"isotope-item block-2 block-h-2\"><a href=\"http:\/\/www.rockpixx.com\/wordpress\/wp-content\/uploads\/2018\/08\/20180825-4-008.jpg\" rel=\"prettyPhoto[postgal_22053]\" class=\"show-hover-link block-h-2\"\"><img decoding=\"async\" src=\"http:\/\/www.rockpixx.com\/wordpress\/wp-content\/uploads\/2018\/08\/20180825-4-008-480x480.jpg\" alt=\"The U2s, 25.08.2018, Lentf\u00f6hrden Open Air 2018, Lentf\u00f6hrden\"\/><span class=\"before\"><\/span><span class=\"after\"><\/span><\/a><\/div><div class=\"isotope-item block-1 block-h-1\"><a href=\"http:\/\/www.rockpixx.com\/wordpress\/wp-content\/uploads\/2018\/08\/20180825-4-007.jpg\" rel=\"prettyPhoto[postgal_22053]\" class=\"show-hover-link block-h-1\"\"><img decoding=\"async\" src=\"http:\/\/www.rockpixx.com\/wordpress\/wp-content\/uploads\/2018\/08\/20180825-4-007-480x480.jpg\" alt=\"The U2s, 25.08.2018, Lentf\u00f6hrden Open Air 2018, Lentf\u00f6hrden\"\/><span class=\"before\"><\/span><span class=\"after\"><\/span><\/a><\/div><div class=\"isotope-item block-1 block-h-1\"><a href=\"http:\/\/www.rockpixx.com\/wordpress\/wp-content\/uploads\/2018\/08\/20180825-4-004.jpg\" rel=\"prettyPhoto[postgal_22053]\" class=\"show-hover-link block-h-1\"\"><img decoding=\"async\" src=\"http:\/\/www.rockpixx.com\/wordpress\/wp-content\/uploads\/2018\/08\/20180825-4-004-480x480.jpg\" alt=\"The U2s, 25.08.2018, Lentf\u00f6hrden Open Air 2018, Lentf\u00f6hrden\"\/><span class=\"before\"><\/span><span class=\"after\"><\/span><\/a><\/div><div class=\"isotope-item block-2 block-h-2\"><a href=\"http:\/\/www.rockpixx.com\/wordpress\/wp-content\/uploads\/2018\/08\/20180825-4-002.jpg\" rel=\"prettyPhoto[postgal_22053]\" class=\"show-hover-link block-h-2\"\"><img decoding=\"async\" src=\"http:\/\/www.rockpixx.com\/wordpress\/wp-content\/uploads\/2018\/08\/20180825-4-002-480x480.jpg\" alt=\"The U2s, 25.08.2018, Lentf\u00f6hrden Open Air 2018, Lentf\u00f6hrden\"\/><span class=\"before\"><\/span><span class=\"after\"><\/span><\/a><\/div><\/div><\/div>\n","protected":false},"excerpt":{"rendered":"<p>U2-Tributebands habe ich noch nicht so h\u00e4ufig vor den Kameras gehabt \u2013 die erste fast <a href=\"http:\/\/www.rockpixx.com\/wordpress\/the-u2s-25-08-2018-lentfoehrden-open-air-2018\/\">Read more<\/a><\/p>\n","protected":false},"author":3,"featured_media":22063,"comment_status":"closed","ping_status":"open","sticky":false,"template":"","format":"standard","meta":{"_jetpack_memberships_contains_paid_content":false,"footnotes":"","jetpack_publicize_message":"","jetpack_publicize_feature_enabled":true,"jetpack_social_post_already_shared":false,"jetpack_social_options":{"image_generator_settings":{"template":"highway","default_image_id":0,"font":"","enabled":false},"version":2}},"categories":[2581,27],"tags":[2491,2493,2582,2122,1720],"class_list":["post-22054","post","type-post","status-publish","format-standard","has-post-thumbnail","hentry","category-the-u2s","category-u2","tag-lentfoehrden","tag-lentfoehrden-open-air","tag-the-u2s","tag-tribute","tag-u2"],"aioseo_notices":[],"jetpack_publicize_connections":[],"jetpack_featured_media_url":"http:\/\/www.rockpixx.com\/wordpress\/wp-content\/uploads\/2018\/08\/20180825-4-022.jpg","jetpack-related-posts":[{"id":21994,"url":"http:\/\/www.rockpixx.com\/wordpress\/kompliment-24-08-2018-lentfoehrden-open-air-2018\/","url_meta":{"origin":22054,"position":0},"title":"Kompliment, 24.08.2018, Lentf\u00f6hrden Open Air 2018","author":"A. Hahl","date":"25. August 2018","format":false,"excerpt":"Im September 2013 hatten wir Kompliment schon einmal vor unseren Kameras. Heute Nacht ist es mittlerweile 12\u00b0 C kalt \u2013 damals war es in meiner Erinnerung vom Wetter her \u00e4hnlich mistig\u2026 Zum heutigen Auftritt von \u201eKompliment\u201c gibt es auch \u00c4hnliches zu schreiben, wie bereits vor f\u00fcnf Jahren, nur dass es\u2026","rel":"","context":"In &quot;Acts&quot;","block_context":{"text":"Acts","link":"http:\/\/www.rockpixx.com\/wordpress\/category\/acts\/"},"img":{"alt_text":"Kompliment, 24.08.2018, Lentf\u00f6hrden OpeAn Air 2018, Lentf\u00f6hrden","src":"https:\/\/i0.wp.com\/www.rockpixx.com\/wordpress\/wp-content\/uploads\/2018\/08\/20180824-4-016.jpg?resize=350%2C200","width":350,"height":200,"srcset":"https:\/\/i0.wp.com\/www.rockpixx.com\/wordpress\/wp-content\/uploads\/2018\/08\/20180824-4-016.jpg?resize=350%2C200 1x, https:\/\/i0.wp.com\/www.rockpixx.com\/wordpress\/wp-content\/uploads\/2018\/08\/20180824-4-016.jpg?resize=525%2C300 1.5x, https:\/\/i0.wp.com\/www.rockpixx.com\/wordpress\/wp-content\/uploads\/2018\/08\/20180824-4-016.jpg?resize=700%2C400 2x"},"classes":[]},{"id":22035,"url":"http:\/\/www.rockpixx.com\/wordpress\/murphys-law-25-08-2018-lentfoehrden-open-air-2018\/","url_meta":{"origin":22054,"position":1},"title":"Murphy\u2019s Law, 25.08.2018, Lentf\u00f6hrden Open Air 2018","author":"A. Hahl","date":"27. August 2018","format":false,"excerpt":"Wenn ich Musik auf dem Smartphone h\u00f6ren w\u00fcrde (was ich aus Prinzip nicht mache)\u2026 und wenn ich dort dann eine Playlist h\u00e4tte (was ich nat\u00fcrlich auch nicht habe)\u2026 dann\u2026 \u2026 ja dann w\u00fcrde sich das so anh\u00f6ren, wie die fleisch- und klanggewordene Setlist, die \u201eMurphy\u2019s Law\u201c da gerade auf der\u2026","rel":"","context":"In &quot;Acts&quot;","block_context":{"text":"Acts","link":"http:\/\/www.rockpixx.com\/wordpress\/category\/acts\/"},"img":{"alt_text":"Murphy\u2019s Law, 25.08.2018, Lentf\u00f6hrden Open Air 20QC18, Lentf\u00f6hrden","src":"https:\/\/i0.wp.com\/www.rockpixx.com\/wordpress\/wp-content\/uploads\/2018\/08\/20180825-3-034.jpg?resize=350%2C200","width":350,"height":200,"srcset":"https:\/\/i0.wp.com\/www.rockpixx.com\/wordpress\/wp-content\/uploads\/2018\/08\/20180825-3-034.jpg?resize=350%2C200 1x, https:\/\/i0.wp.com\/www.rockpixx.com\/wordpress\/wp-content\/uploads\/2018\/08\/20180825-3-034.jpg?resize=525%2C300 1.5x, https:\/\/i0.wp.com\/www.rockpixx.com\/wordpress\/wp-content\/uploads\/2018\/08\/20180825-3-034.jpg?resize=700%2C400 2x"},"classes":[]},{"id":21420,"url":"http:\/\/www.rockpixx.com\/wordpress\/ohrenpost-28-07-2017-lentfoehrden-open-air-lentfoehrden\/","url_meta":{"origin":22054,"position":2},"title":"Ohrenpost, 28.07.2017, Lentf\u00f6hrden Open Air, Lentf\u00f6hrden","author":"A. Hahl","date":"31. Juli 2017","format":false,"excerpt":"Ohrenpost \u2013 das sind zwei Musikerinnen aus M\u00fcnster, die mit frischem Deutschpop und authentischem Charme \u00fcberzeugen. Die Texte handeln vom Leben, der Liebe und von Tr\u00e4umen, die jeder von uns wohl in sich tr\u00e4gt. Die Songs pr\u00e4sentieren sie mit einer Wahnsinns-Spielfreude und nehmen das Publikum mit auf Ihre Reise. Ber\u00fchrungs\u00e4ngste\u2026","rel":"","context":"In &quot;Acts&quot;","block_context":{"text":"Acts","link":"http:\/\/www.rockpixx.com\/wordpress\/category\/acts\/"},"img":{"alt_text":"Ohrenpost, 29.07.2017, Lentf\u00f6hrden, Lentf\u00f6hrden OpenAir","src":"https:\/\/i0.wp.com\/www.rockpixx.com\/wordpress\/wp-content\/uploads\/2017\/07\/20170729-03-017.jpg?resize=350%2C200","width":350,"height":200,"srcset":"https:\/\/i0.wp.com\/www.rockpixx.com\/wordpress\/wp-content\/uploads\/2017\/07\/20170729-03-017.jpg?resize=350%2C200 1x, https:\/\/i0.wp.com\/www.rockpixx.com\/wordpress\/wp-content\/uploads\/2017\/07\/20170729-03-017.jpg?resize=525%2C300 1.5x, https:\/\/i0.wp.com\/www.rockpixx.com\/wordpress\/wp-content\/uploads\/2017\/07\/20170729-03-017.jpg?resize=700%2C400 2x"},"classes":[]},{"id":21396,"url":"http:\/\/www.rockpixx.com\/wordpress\/bum-feat-helene-nissen-29-07-2017-lentfoehrden-open-air-lentfoehrden\/","url_meta":{"origin":22054,"position":3},"title":"BUM feat. Helene Nissen, 29.07.2017, Lentf\u00f6hrden Open Air, Lentf\u00f6hrden","author":"A. Hahl","date":"31. Juli 2017","format":false,"excerpt":"\u201eBUM\u201c sind Bj\u00f6rn und Matthias, zu denen sich noch Helene Nissen gesellte. Zuerst spielten Bj\u00f6rn und Matthias aber ein akustisches Set mit nur zwei Gitarren und Ihren beeindruckenden Stimmen. Sie spielten St\u00fccke von \u201eU2\u201c, \u201eKISS\u201c, den \u201eBeatles\u201c und anderen \u2013 quer durch die Rockgeschichte der letzten 50 Jahre, neu arrangiert\u2026","rel":"","context":"In &quot;Acts&quot;","block_context":{"text":"Acts","link":"http:\/\/www.rockpixx.com\/wordpress\/category\/acts\/"},"img":{"alt_text":"BUM feat. Helene Nissen, 29.07.2017, Lentf\u00f6hrden, Lentf\u00f6hrden OpenAir","src":"https:\/\/i0.wp.com\/www.rockpixx.com\/wordpress\/wp-content\/uploads\/2017\/07\/20170729-01-013.jpg?resize=350%2C200","width":350,"height":200,"srcset":"https:\/\/i0.wp.com\/www.rockpixx.com\/wordpress\/wp-content\/uploads\/2017\/07\/20170729-01-013.jpg?resize=350%2C200 1x, https:\/\/i0.wp.com\/www.rockpixx.com\/wordpress\/wp-content\/uploads\/2017\/07\/20170729-01-013.jpg?resize=525%2C300 1.5x, https:\/\/i0.wp.com\/www.rockpixx.com\/wordpress\/wp-content\/uploads\/2017\/07\/20170729-01-013.jpg?resize=700%2C400 2x"},"classes":[]},{"id":20822,"url":"http:\/\/www.rockpixx.com\/wordpress\/kaeptn-moby-30-07-2016-lentfoehrden-open-air-lentfoehrden\/","url_meta":{"origin":22054,"position":4},"title":"K\u00e4pt\u2019n Moby, 30.07.2016, Lentf\u00f6hrden Open Air, Lentf\u00f6hrden","author":"A. Hahl","date":"1. August 2016","format":false,"excerpt":"Zum Abschluss des diesj\u00e4hrigen Lentf\u00f6hrden Open Airs spielen \u201eK\u00e4pt\u2019n Moby\u201c aus Duisburg. Wir schon im Jahr zuvor r\u00e4umen die Jungs kr\u00e4ftig ab mit ihrem Mix aus Pop und Rock. Man k\u00f6nnte sie durchaus mit \u201eRevolverheld\u201c vergleichen, wenn etwas mehr Licht auf der B\u00fchne w\u00e4re. So bleiben mir nur Vermutungen, die\u2026","rel":"","context":"In &quot;Acts&quot;","block_context":{"text":"Acts","link":"http:\/\/www.rockpixx.com\/wordpress\/category\/acts\/"},"img":{"alt_text":"K\u00e4pt'n Moby, 30.07.2016, Lentf\u00f6hrden, Lentf\u00f6hrden Open Air 2016","src":"https:\/\/i0.wp.com\/www.rockpixx.com\/wordpress\/wp-content\/uploads\/2016\/08\/20160730-07-024.jpg?resize=350%2C200","width":350,"height":200,"srcset":"https:\/\/i0.wp.com\/www.rockpixx.com\/wordpress\/wp-content\/uploads\/2016\/08\/20160730-07-024.jpg?resize=350%2C200 1x, https:\/\/i0.wp.com\/www.rockpixx.com\/wordpress\/wp-content\/uploads\/2016\/08\/20160730-07-024.jpg?resize=525%2C300 1.5x, https:\/\/i0.wp.com\/www.rockpixx.com\/wordpress\/wp-content\/uploads\/2016\/08\/20160730-07-024.jpg?resize=700%2C400 2x"},"classes":[]},{"id":22072,"url":"http:\/\/www.rockpixx.com\/wordpress\/ez-dz-25-08-2018-lentfoehrden-open-air-2018\/","url_meta":{"origin":22054,"position":5},"title":"EZ\/DZ, 25.08.2018, Lentf\u00f6hrden Open Air 2018","author":"A. Hahl","date":"27. August 2018","format":false,"excerpt":"Das diesj\u00e4hrige \u201eLentf\u00f6hrden Open Air\u201c neigt sich mit dem letzten Act dem Ende zu und dann kann die B\u00fchne auch endg\u00fcltig abgerissen werden. Was eignet sich besser daf\u00fcr als eine AC\/DC-Tributeband?Das m\u00fcssen sich die Musiker von \u201eEZ\/DZ\u201c wohl auch gedacht haben und so legen sie auch gleich mit dem vollen\u2026","rel":"","context":"In &quot;AC\/DC&quot;","block_context":{"text":"AC\/DC","link":"http:\/\/www.rockpixx.com\/wordpress\/category\/acts\/tributebands\/acdc\/"},"img":{"alt_text":"EZ\/DZ, 25.08.2018, Lentf\u00f6hrden Open Air 2018, Lentf\u00f6hrden","src":"https:\/\/i0.wp.com\/www.rockpixx.com\/wordpress\/wp-content\/uploads\/2018\/08\/20180825-5-030.jpg?resize=350%2C200","width":350,"height":200,"srcset":"https:\/\/i0.wp.com\/www.rockpixx.com\/wordpress\/wp-content\/uploads\/2018\/08\/20180825-5-030.jpg?resize=350%2C200 1x, https:\/\/i0.wp.com\/www.rockpixx.com\/wordpress\/wp-content\/uploads\/2018\/08\/20180825-5-030.jpg?resize=525%2C300 1.5x, https:\/\/i0.wp.com\/www.rockpixx.com\/wordpress\/wp-content\/uploads\/2018\/08\/20180825-5-030.jpg?resize=700%2C400 2x"},"classes":[]}],"jetpack_sharing_enabled":true,"publishpress_future_action":{"enabled":false,"date":"2026-05-06 07:23:36","action":"change-status","newStatus":"draft","terms":[],"taxonomy":"category","extraData":[]},"publishpress_future_workflow_manual_trigger":{"enabledWorkflows":[]},"_links":{"self":[{"href":"http:\/\/www.rockpixx.com\/wordpress\/wp-json\/wp\/v2\/posts\/22054","targetHints":{"allow":["GET"]}}],"collection":[{"href":"http:\/\/www.rockpixx.com\/wordpress\/wp-json\/wp\/v2\/posts"}],"about":[{"href":"http:\/\/www.rockpixx.com\/wordpress\/wp-json\/wp\/v2\/types\/post"}],"author":[{"embeddable":true,"href":"http:\/\/www.rockpixx.com\/wordpress\/wp-json\/wp\/v2\/users\/3"}],"replies":[{"embeddable":true,"href":"http:\/\/www.rockpixx.com\/wordpress\/wp-json\/wp\/v2\/comments?post=22054"}],"version-history":[{"count":1,"href":"http:\/\/www.rockpixx.com\/wordpress\/wp-json\/wp\/v2\/posts\/22054\/revisions"}],"predecessor-version":[{"id":22071,"href":"http:\/\/www.rockpixx.com\/wordpress\/wp-json\/wp\/v2\/posts\/22054\/revisions\/22071"}],"wp:featuredmedia":[{"embeddable":true,"href":"http:\/\/www.rockpixx.com\/wordpress\/wp-json\/wp\/v2\/media\/22063"}],"wp:attachment":[{"href":"http:\/\/www.rockpixx.com\/wordpress\/wp-json\/wp\/v2\/media?parent=22054"}],"wp:term":[{"taxonomy":"category","embeddable":true,"href":"http:\/\/www.rockpixx.com\/wordpress\/wp-json\/wp\/v2\/categories?post=22054"},{"taxonomy":"post_tag","embeddable":true,"href":"http:\/\/www.rockpixx.com\/wordpress\/wp-json\/wp\/v2\/tags?post=22054"}],"curies":[{"name":"wp","href":"https:\/\/api.w.org\/{rel}","templated":true}]}}