{"id":22199,"date":"2019-06-22T14:08:15","date_gmt":"2019-06-22T13:08:15","guid":{"rendered":"http:\/\/www.rockpixx.com\/wordpress\/abba-fever-kiel-copy\/"},"modified":"2019-06-22T14:44:41","modified_gmt":"2019-06-22T13:44:41","slug":"abba-fever-kiel-2019","status":"publish","type":"post","link":"http:\/\/www.rockpixx.com\/wordpress\/abba-fever-kiel-2019\/","title":{"rendered":"ABBA Fever, 21.06.2019, Unser Norden-B\u00fchne, Kiel"},"content":{"rendered":"<p>Der Auftakt zur Kieler Woche 2019 gestaltet sich wie im letzten Jahr \u2013 na ja, fast:<\/p>\n<ul>\n<li>Coop geh\u00f6rt jetzt zu REWE, aber das Unser Norden-Dorf gibt es noch.<\/li>\n<li>Dieses liegt aber nicht mehr an der H\u00f6rn, sondern im Prinzengarten.<\/li>\n<li>Dort spielen wieder \u201eABBA Fever\u201c, allerdings nicht nur St\u00fccke von ABBA, sondern auch ein Best of Disco, genannt \u201eDiscolicious\u201c.<\/li>\n<li>Daf\u00fcr sind die Kost\u00fcme der S\u00e4ngerinnen rot statt blau.<\/li>\n<li>Ich fotografiere \u2013 allerdings mit DSLM statt DSLR.<\/li>\n<\/ul>\n<p>Aber ansonsten ist alles so wie 2018, siehe hier: <a href=\"http:\/\/www.rockpixx.com\/wordpress\/abba-fever-kiel\/\">ABBA Fever 2018<\/a> \u2013 na ja,\u00a0 fast:<\/p>\n<ul>\n<li>Die Stimme von \u201eFrida\u201c hat mir dieses Mal wesentlich besser gefallen.<\/li>\n<\/ul>\n<p style=\"text-align: right;\">Fotos: <a href=\"mailto:info@rockpixx.com\">Alex<\/a> | Text: <a href=\"mailto:info@rockpixx.com?subject=MerQury,%2024.06.2015,%20Kieler%20Woche,%20H\u00f6rn-B\u00fchne,%20Kiel\">Alex<\/a><\/p>\n<div class=\"eat-left eat-right\"><div class=\"thumbs-masonry isotope\"><div class=\"isotope-item block-2 block-h-2\"><a href=\"http:\/\/www.rockpixx.com\/wordpress\/wp-content\/uploads\/2019\/06\/20190621-1-002.jpg\" rel=\"prettyPhoto[postgal_22215]\" class=\"show-hover-link block-h-2\"\"><img decoding=\"async\" src=\"http:\/\/www.rockpixx.com\/wordpress\/wp-content\/uploads\/2019\/06\/20190621-1-002-480x480.jpg\" alt=\"ABBA Fever, 21.06.2019, Kiel, REWE Unser Norden-B\u00fchne\"\/><span class=\"before\"><\/span><span class=\"after\"><\/span><\/a><\/div><div class=\"isotope-item block-1 block-h-1\"><a href=\"http:\/\/www.rockpixx.com\/wordpress\/wp-content\/uploads\/2019\/06\/20190621-1-003.jpg\" rel=\"prettyPhoto[postgal_22215]\" class=\"show-hover-link block-h-1\"\"><img decoding=\"async\" src=\"http:\/\/www.rockpixx.com\/wordpress\/wp-content\/uploads\/2019\/06\/20190621-1-003-480x480.jpg\" alt=\"ABBA Fever, 21.06.2019, Kiel, REWE Unser Norden-B\u00fchne\"\/><span class=\"before\"><\/span><span class=\"after\"><\/span><\/a><\/div><div class=\"isotope-item block-1 block-h-1\"><a href=\"http:\/\/www.rockpixx.com\/wordpress\/wp-content\/uploads\/2019\/06\/20190621-1-004.jpg\" rel=\"prettyPhoto[postgal_22215]\" class=\"show-hover-link block-h-1\"\"><img decoding=\"async\" src=\"http:\/\/www.rockpixx.com\/wordpress\/wp-content\/uploads\/2019\/06\/20190621-1-004-480x480.jpg\" alt=\"ABBA Fever, 21.06.2019, Kiel, REWE Unser Norden-B\u00fchne\"\/><span class=\"before\"><\/span><span class=\"after\"><\/span><\/a><\/div><div class=\"isotope-item block-2 block-h-2\"><a href=\"http:\/\/www.rockpixx.com\/wordpress\/wp-content\/uploads\/2019\/06\/20190621-1-014.jpg\" rel=\"prettyPhoto[postgal_22215]\" class=\"show-hover-link block-h-2\"\"><img decoding=\"async\" src=\"http:\/\/www.rockpixx.com\/wordpress\/wp-content\/uploads\/2019\/06\/20190621-1-014-480x480.jpg\" alt=\"ABBA Fever, 21.06.2019, Kiel, REWE Unser Norden-B\u00fchne\"\/><span class=\"before\"><\/span><span class=\"after\"><\/span><\/a><\/div><div class=\"isotope-item block-1 block-h-1\"><a href=\"http:\/\/www.rockpixx.com\/wordpress\/wp-content\/uploads\/2019\/06\/20190621-1-016.jpg\" rel=\"prettyPhoto[postgal_22215]\" class=\"show-hover-link block-h-1\"\"><img decoding=\"async\" src=\"http:\/\/www.rockpixx.com\/wordpress\/wp-content\/uploads\/2019\/06\/20190621-1-016-480x480.jpg\" alt=\"ABBA Fever, 21.06.2019, Kiel, REWE Unser Norden-B\u00fchne\"\/><span class=\"before\"><\/span><span class=\"after\"><\/span><\/a><\/div><div class=\"isotope-item block-1 block-h-1\"><a href=\"http:\/\/www.rockpixx.com\/wordpress\/wp-content\/uploads\/2019\/06\/20190621-1-020.jpg\" rel=\"prettyPhoto[postgal_22215]\" class=\"show-hover-link block-h-1\"\"><img decoding=\"async\" src=\"http:\/\/www.rockpixx.com\/wordpress\/wp-content\/uploads\/2019\/06\/20190621-1-020-480x480.jpg\" alt=\"ABBA Fever, 21.06.2019, Kiel, REWE Unser Norden-B\u00fchne\"\/><span class=\"before\"><\/span><span class=\"after\"><\/span><\/a><\/div><div class=\"isotope-item block-2 block-h-2\"><a href=\"http:\/\/www.rockpixx.com\/wordpress\/wp-content\/uploads\/2019\/06\/20190621-1-023.jpg\" rel=\"prettyPhoto[postgal_22215]\" class=\"show-hover-link block-h-2\"\"><img decoding=\"async\" src=\"http:\/\/www.rockpixx.com\/wordpress\/wp-content\/uploads\/2019\/06\/20190621-1-023-480x480.jpg\" alt=\"ABBA Fever, 21.06.2019, Kiel, REWE Unser Norden-B\u00fchne\"\/><span class=\"before\"><\/span><span class=\"after\"><\/span><\/a><\/div><div class=\"isotope-item block-1 block-h-1\"><a href=\"http:\/\/www.rockpixx.com\/wordpress\/wp-content\/uploads\/2019\/06\/20190621-1-024.jpg\" rel=\"prettyPhoto[postgal_22215]\" class=\"show-hover-link block-h-1\"\"><img decoding=\"async\" src=\"http:\/\/www.rockpixx.com\/wordpress\/wp-content\/uploads\/2019\/06\/20190621-1-024-480x480.jpg\" alt=\"ABBA Fever, 21.06.2019, Kiel, REWE Unser Norden-B\u00fchne\"\/><span class=\"before\"><\/span><span class=\"after\"><\/span><\/a><\/div><div class=\"isotope-item block-1 block-h-1\"><a href=\"http:\/\/www.rockpixx.com\/wordpress\/wp-content\/uploads\/2019\/06\/20190621-1-025.jpg\" rel=\"prettyPhoto[postgal_22215]\" class=\"show-hover-link block-h-1\"\"><img decoding=\"async\" src=\"http:\/\/www.rockpixx.com\/wordpress\/wp-content\/uploads\/2019\/06\/20190621-1-025-480x480.jpg\" alt=\"ABBA Fever, 21.06.2019, Kiel, REWE Unser Norden-B\u00fchne\"\/><span class=\"before\"><\/span><span class=\"after\"><\/span><\/a><\/div><div class=\"isotope-item block-2 block-h-2\"><a href=\"http:\/\/www.rockpixx.com\/wordpress\/wp-content\/uploads\/2019\/06\/20190621-1-028.jpg\" rel=\"prettyPhoto[postgal_22215]\" class=\"show-hover-link block-h-2\"\"><img decoding=\"async\" src=\"http:\/\/www.rockpixx.com\/wordpress\/wp-content\/uploads\/2019\/06\/20190621-1-028-480x480.jpg\" alt=\"ABBA Fever, 21.06.2019, Kiel, REWE Unser Norden-B\u00fchne\"\/><span class=\"before\"><\/span><span class=\"after\"><\/span><\/a><\/div><div class=\"isotope-item block-1 block-h-1\"><a href=\"http:\/\/www.rockpixx.com\/wordpress\/wp-content\/uploads\/2019\/06\/20190621-1-031.jpg\" rel=\"prettyPhoto[postgal_22215]\" class=\"show-hover-link block-h-1\"\"><img decoding=\"async\" src=\"http:\/\/www.rockpixx.com\/wordpress\/wp-content\/uploads\/2019\/06\/20190621-1-031-480x480.jpg\" alt=\"ABBA Fever, 21.06.2019, Kiel, REWE Unser Norden-B\u00fchne\"\/><span class=\"before\"><\/span><span class=\"after\"><\/span><\/a><\/div><div class=\"isotope-item block-1 block-h-1\"><a href=\"http:\/\/www.rockpixx.com\/wordpress\/wp-content\/uploads\/2019\/06\/20190621-1-033.jpg\" rel=\"prettyPhoto[postgal_22215]\" class=\"show-hover-link block-h-1\"\"><img decoding=\"async\" src=\"http:\/\/www.rockpixx.com\/wordpress\/wp-content\/uploads\/2019\/06\/20190621-1-033-480x480.jpg\" alt=\"ABBA Fever, 21.06.2019, Kiel, REWE Unser Norden-B\u00fchne\"\/><span class=\"before\"><\/span><span class=\"after\"><\/span><\/a><\/div><div class=\"isotope-item block-2 block-h-2\"><a href=\"http:\/\/www.rockpixx.com\/wordpress\/wp-content\/uploads\/2019\/06\/20190621-1-035.jpg\" rel=\"prettyPhoto[postgal_22215]\" class=\"show-hover-link block-h-2\"\"><img decoding=\"async\" src=\"http:\/\/www.rockpixx.com\/wordpress\/wp-content\/uploads\/2019\/06\/20190621-1-035-480x480.jpg\" alt=\"ABBA Fever, 21.06.2019, Kiel, REWE Unser Norden-B\u00fchne\"\/><span class=\"before\"><\/span><span class=\"after\"><\/span><\/a><\/div><div class=\"isotope-item block-1 block-h-1\"><a href=\"http:\/\/www.rockpixx.com\/wordpress\/wp-content\/uploads\/2019\/06\/20190621-1-037.jpg\" rel=\"prettyPhoto[postgal_22215]\" class=\"show-hover-link block-h-1\"\"><img decoding=\"async\" src=\"http:\/\/www.rockpixx.com\/wordpress\/wp-content\/uploads\/2019\/06\/20190621-1-037-480x480.jpg\" alt=\"ABBA Fever, 21.06.2019, Kiel, REWE Unser Norden-B\u00fchne\"\/><span class=\"before\"><\/span><span class=\"after\"><\/span><\/a><\/div><\/div><\/div>\n","protected":false},"excerpt":{"rendered":"<p>Der Auftakt zur Kieler Woche 2019 gestaltet sich wie im letzten Jahr \u2013 na ja, <a href=\"http:\/\/www.rockpixx.com\/wordpress\/abba-fever-kiel-2019\/\">Read more<\/a><\/p>\n","protected":false},"author":3,"featured_media":22206,"comment_status":"closed","ping_status":"open","sticky":false,"template":"","format":"standard","meta":{"_jetpack_memberships_contains_paid_content":false,"footnotes":"","jetpack_publicize_message":"#WeSaluteYou #ACDC #Roxheim #Premiere #PausevonderPause #Rockpixx","jetpack_publicize_feature_enabled":true,"jetpack_social_post_already_shared":true,"jetpack_social_options":{"image_generator_settings":{"template":"highway","default_image_id":0,"font":"","enabled":false},"version":2}},"categories":[7,2564,34,5],"tags":[2586,1714,2565,1735,138],"class_list":["post-22199","post","type-post","status-publish","format-standard","has-post-thumbnail","hentry","category-abba","category-abba-fever","category-acts","category-tributebands","tag-2586","tag-abba","tag-abba-fever","tag-kiel","tag-kieler-woche"],"aioseo_notices":[],"jetpack_publicize_connections":[],"jetpack_featured_media_url":"http:\/\/www.rockpixx.com\/wordpress\/wp-content\/uploads\/2019\/06\/20190621-1-023.jpg","jetpack-related-posts":[{"id":21820,"url":"http:\/\/www.rockpixx.com\/wordpress\/abba-fever-kiel\/","url_meta":{"origin":22199,"position":0},"title":"ABBA Fever, 15.06.2018, Unser Norden-B\u00fchne, Kiel","author":"A. Hahl","date":"16. Juni 2018","format":false,"excerpt":"Was kaum ein Fan zu hoffen gewagt hatte \u2013 nach mehr als 35 Jahren stehen ABBA doch tats\u00e4chlich wieder zusammen im Studio und nehmen ein paar neue Songs auf. Zum Jahresende 2018 wird die Welt wissen, wie die vier Schweden, die Popgeschichte geschrieben haben, nun klingen. F\u00fcr mich eine gute\u2026","rel":"","context":"In &quot;ABBA&quot;","block_context":{"text":"ABBA","link":"http:\/\/www.rockpixx.com\/wordpress\/category\/acts\/tributebands\/abba\/"},"img":{"alt_text":"ABBA Fever, 15.06.2018, Unser Norden B\u00fchne, Kiel","src":"https:\/\/i0.wp.com\/www.rockpixx.com\/wordpress\/wp-content\/uploads\/2018\/06\/20180615-01-009.jpg?resize=350%2C200","width":350,"height":200,"srcset":"https:\/\/i0.wp.com\/www.rockpixx.com\/wordpress\/wp-content\/uploads\/2018\/06\/20180615-01-009.jpg?resize=350%2C200 1x, https:\/\/i0.wp.com\/www.rockpixx.com\/wordpress\/wp-content\/uploads\/2018\/06\/20180615-01-009.jpg?resize=525%2C300 1.5x, https:\/\/i0.wp.com\/www.rockpixx.com\/wordpress\/wp-content\/uploads\/2018\/06\/20180615-01-009.jpg?resize=700%2C400 2x"},"classes":[]},{"id":11282,"url":"http:\/\/www.rockpixx.com\/wordpress\/abba-cover-29-06-2013-kiel-horn-buhne\/","url_meta":{"origin":22199,"position":1},"title":"ABBA Cover, 29.06.2013, Kiel, h\u00f6rn b\u00fchne","author":"Anja","date":"30. Juni 2013","format":false,"excerpt":"Zum zweiten Mal w\u00e4hrend dieser Kieler Woche bin ich an der h\u00f6rn b\u00fchne, \u201eABBA Cover\u201c erwarten mich dort um 19:00 Uhr. Der Platz ist unmittelbar vor Konzertbeginn noch so was von leer, da k\u00f6nnte glatt ein Jugendfu\u00dfball-Turnier stattfinden. Zum Gl\u00fcck kommen aber dann doch noch einige Zuschauer als die Musik\u2026","rel":"","context":"In &quot;ABBA&quot;","block_context":{"text":"ABBA","link":"http:\/\/www.rockpixx.com\/wordpress\/category\/acts\/tributebands\/abba\/"},"img":{"alt_text":"","src":"https:\/\/i0.wp.com\/www.rockpixx.com\/wordpress\/wp-content\/uploads\/2013\/06\/20130629-02-058_abba-cover-Artikel.jpg?resize=350%2C200","width":350,"height":200,"srcset":"https:\/\/i0.wp.com\/www.rockpixx.com\/wordpress\/wp-content\/uploads\/2013\/06\/20130629-02-058_abba-cover-Artikel.jpg?resize=350%2C200 1x, https:\/\/i0.wp.com\/www.rockpixx.com\/wordpress\/wp-content\/uploads\/2013\/06\/20130629-02-058_abba-cover-Artikel.jpg?resize=525%2C300 1.5x, https:\/\/i0.wp.com\/www.rockpixx.com\/wordpress\/wp-content\/uploads\/2013\/06\/20130629-02-058_abba-cover-Artikel.jpg?resize=700%2C400 2x"},"classes":[]},{"id":11051,"url":"http:\/\/www.rockpixx.com\/wordpress\/abba-review-21-06-2013-kiel-maxbuhne\/","url_meta":{"origin":22199,"position":2},"title":"ABBA Review, 21.06.2013, Kiel, MAXB\u00fchne","author":"Anja","date":"22. Juni 2013","format":false,"excerpt":"Aus dem CD-Player ert\u00f6nt gerade \u201eThe Visitors\u201c von ABBA, auf dem Bildschirm sehe ich: Viele bunte Lichter und eine Spiegelkugel, Kost\u00fcme mit Pailetten, Stiefel mit Plateausohlen und die schwedische Flagge \u2013 so ein Zufall aber auch! Gestern Abend waren \u201eABBA Review\u201c als Headliner auf der MAXB\u00fchne zu Gast und sie\u2026","rel":"","context":"In &quot;ABBA&quot;","block_context":{"text":"ABBA","link":"http:\/\/www.rockpixx.com\/wordpress\/category\/acts\/tributebands\/abba\/"},"img":{"alt_text":"","src":"https:\/\/i0.wp.com\/www.rockpixx.com\/wordpress\/wp-content\/uploads\/2013\/06\/20130621-09-166-1_abba-review-Artikel.jpg?resize=350%2C200","width":350,"height":200,"srcset":"https:\/\/i0.wp.com\/www.rockpixx.com\/wordpress\/wp-content\/uploads\/2013\/06\/20130621-09-166-1_abba-review-Artikel.jpg?resize=350%2C200 1x, https:\/\/i0.wp.com\/www.rockpixx.com\/wordpress\/wp-content\/uploads\/2013\/06\/20130621-09-166-1_abba-review-Artikel.jpg?resize=525%2C300 1.5x, https:\/\/i0.wp.com\/www.rockpixx.com\/wordpress\/wp-content\/uploads\/2013\/06\/20130621-09-166-1_abba-review-Artikel.jpg?resize=700%2C400 2x"},"classes":[]},{"id":11292,"url":"http:\/\/www.rockpixx.com\/wordpress\/steamfly-29-06-2013-kiel-maxbuhne\/","url_meta":{"origin":22199,"position":3},"title":"Steamfly, 29.06.2013, Kiel, MAXB\u00fchne","author":"Anja","date":"30. Juni 2013","format":false,"excerpt":"Auf dem R\u00fcckweg von \u2192\u00a0\u201eABBA Cover\u201c an der h\u00f6rn b\u00fchne habe ich als n\u00e4chste Station dann \u201eSteamfly\u201c an der MAXB\u00fchne auf meinem Laufzettel stehen. Schon vor der Fu\u00dfg\u00e4nger\u00fcberquerung der Kaistra\u00dfe h\u00f6re ich einen ungewohnt lauten, schrillen und leicht kratzigen Sound her\u00fcberwehen. Der wird auch nicht wirklich besser, je n\u00e4her ich\u2026","rel":"","context":"In &quot;Acts&quot;","block_context":{"text":"Acts","link":"http:\/\/www.rockpixx.com\/wordpress\/category\/acts\/"},"img":{"alt_text":"","src":"https:\/\/i0.wp.com\/www.rockpixx.com\/wordpress\/wp-content\/uploads\/2013\/06\/20130629-04-031_steamfly-Artikel.jpg?resize=350%2C200","width":350,"height":200,"srcset":"https:\/\/i0.wp.com\/www.rockpixx.com\/wordpress\/wp-content\/uploads\/2013\/06\/20130629-04-031_steamfly-Artikel.jpg?resize=350%2C200 1x, https:\/\/i0.wp.com\/www.rockpixx.com\/wordpress\/wp-content\/uploads\/2013\/06\/20130629-04-031_steamfly-Artikel.jpg?resize=525%2C300 1.5x, https:\/\/i0.wp.com\/www.rockpixx.com\/wordpress\/wp-content\/uploads\/2013\/06\/20130629-04-031_steamfly-Artikel.jpg?resize=700%2C400 2x"},"classes":[]},{"id":1041,"url":"http:\/\/www.rockpixx.com\/wordpress\/abba-oder-musikantenstadel-das-publikum\/","url_meta":{"origin":22199,"position":4},"title":"ABBA vs. Musikantenstadel: Das Publikum","author":"admin","date":"22. Januar 2011","format":false,"excerpt":"Moin, so, gestern Abend war ich bei \u2192 \u201eABBA The Show\u201c in Kempten. Vorab: Ich mag ABBA seit 1976 sehr und kenne auch so ziemlich alles von denen mehr als gut. Und ich fand die Show gestern Abend auch recht gut. Dennoch habe ich nach sechs Songs fluchtartig die Halle\u2026","rel":"","context":"In &quot;2011&quot;","block_context":{"text":"2011","link":"http:\/\/www.rockpixx.com\/wordpress\/category\/backstage\/2011\/"},"img":{"alt_text":"","src":"","width":0,"height":0},"classes":[]},{"id":7564,"url":"http:\/\/www.rockpixx.com\/wordpress\/abba-the-show-21-01-2011-kempten-bigbox\/","url_meta":{"origin":22199,"position":5},"title":"ABBA The Show, 21.01.2011, Kempten, BigBOX","author":"Anja","date":"21. Januar 2011","format":false,"excerpt":"Unmittelbar nach dem Jubil\u00e4um vom vorhergehenden Wochenende noch ein bemerkenswerter Gig: Vor ziemlich genau 7 Jahren habe ich die \u2192\u00a0Vorg\u00e4ngershow \u201eABBA-Mania\u201c als ersten Gig fotografiert, der auf rockpixx.com zu sehen ist. Als bekennender ABBA-Fan freute ich mich nat\u00fcrlich sehr auf die Show. Im Gegensatz zu \u201eABBA-Mania\u201c von 2004 ist \u201eABBA\u2026","rel":"","context":"In &quot;ABBA&quot;","block_context":{"text":"ABBA","link":"http:\/\/www.rockpixx.com\/wordpress\/category\/acts\/tributebands\/abba\/"},"img":{"alt_text":"ABBA The Show, 21.01.2011, Kempten, BigBOX","src":"https:\/\/i0.wp.com\/www.rockpixx.com\/wordpress\/wp-content\/uploads\/2013\/01\/20110121-abba-the-show-Artikel.jpg?resize=350%2C200","width":350,"height":200,"srcset":"https:\/\/i0.wp.com\/www.rockpixx.com\/wordpress\/wp-content\/uploads\/2013\/01\/20110121-abba-the-show-Artikel.jpg?resize=350%2C200 1x, https:\/\/i0.wp.com\/www.rockpixx.com\/wordpress\/wp-content\/uploads\/2013\/01\/20110121-abba-the-show-Artikel.jpg?resize=525%2C300 1.5x, https:\/\/i0.wp.com\/www.rockpixx.com\/wordpress\/wp-content\/uploads\/2013\/01\/20110121-abba-the-show-Artikel.jpg?resize=700%2C400 2x"},"classes":[]}],"jetpack_sharing_enabled":true,"publishpress_future_action":{"enabled":false,"date":"2026-05-06 07:46:25","action":"change-status","newStatus":"draft","terms":[],"taxonomy":"category","extraData":[]},"publishpress_future_workflow_manual_trigger":{"enabledWorkflows":[]},"_links":{"self":[{"href":"http:\/\/www.rockpixx.com\/wordpress\/wp-json\/wp\/v2\/posts\/22199","targetHints":{"allow":["GET"]}}],"collection":[{"href":"http:\/\/www.rockpixx.com\/wordpress\/wp-json\/wp\/v2\/posts"}],"about":[{"href":"http:\/\/www.rockpixx.com\/wordpress\/wp-json\/wp\/v2\/types\/post"}],"author":[{"embeddable":true,"href":"http:\/\/www.rockpixx.com\/wordpress\/wp-json\/wp\/v2\/users\/3"}],"replies":[{"embeddable":true,"href":"http:\/\/www.rockpixx.com\/wordpress\/wp-json\/wp\/v2\/comments?post=22199"}],"version-history":[{"count":6,"href":"http:\/\/www.rockpixx.com\/wordpress\/wp-json\/wp\/v2\/posts\/22199\/revisions"}],"predecessor-version":[{"id":22252,"href":"http:\/\/www.rockpixx.com\/wordpress\/wp-json\/wp\/v2\/posts\/22199\/revisions\/22252"}],"wp:featuredmedia":[{"embeddable":true,"href":"http:\/\/www.rockpixx.com\/wordpress\/wp-json\/wp\/v2\/media\/22206"}],"wp:attachment":[{"href":"http:\/\/www.rockpixx.com\/wordpress\/wp-json\/wp\/v2\/media?parent=22199"}],"wp:term":[{"taxonomy":"category","embeddable":true,"href":"http:\/\/www.rockpixx.com\/wordpress\/wp-json\/wp\/v2\/categories?post=22199"},{"taxonomy":"post_tag","embeddable":true,"href":"http:\/\/www.rockpixx.com\/wordpress\/wp-json\/wp\/v2\/tags?post=22199"}],"curies":[{"name":"wp","href":"https:\/\/api.w.org\/{rel}","templated":true}]}}