{"id":22565,"date":"2022-06-18T09:03:41","date_gmt":"2022-06-18T08:03:41","guid":{"rendered":"http:\/\/www.rockpixx.com\/wordpress\/motoerizer-2022-copy\/"},"modified":"2022-06-18T11:22:09","modified_gmt":"2022-06-18T10:22:09","slug":"leony-2022","status":"publish","type":"post","link":"http:\/\/www.rockpixx.com\/wordpress\/leony-2022\/","title":{"rendered":"Leony, 17.06.2022, Kiel, Kieler Woche, F\u00f6rdeb\u00fchne"},"content":{"rendered":"\n<p>Und nach 1.094 Tagen stehe ich auch endlich wieder im Graben einer B\u00fchne auf der \u201eKieler Woche\u201c: Irgendwie ist einiges so wie immer in den 18 Jahren zuvor, aber vieles ist auch anders \u2013 angefangen mit der stehenden Anreise im \u00fcbervollen Zug mit einem 40-min\u00fctigen Umweg (das 9-Euro-Ticket l\u00e4sst gr\u00fc\u00dfen) bis hin zum neuen Standort der ehemaligen \u201eH\u00f6rnb\u00fchne\u201c: Diese hei\u00dft jetzt \u201eF\u00f6rdeb\u00fchne\u201c, bietet weiteren Sendern von Regiocast einen Raum und steht nun am neuen Standort \u201eam anderen Ende von Kiel\u201c direkt zwischen Landeshaus und altem Olympiahafen (\u00e4hnlich wie 2009 die NDR-B\u00fchne, auf der wir <a href=\"http:\/\/www.rockpixx.com\/wordpress\/foreigner-24-06-2009-kiel-ndr-buhne\/\">Foreigner<\/a> fotografiert hatten). Heute ist dort der Sender \u201eR.SH\u201c f\u00fcr das Abendprogramm zust\u00e4ndig und als Supportact f\u00fcr Max Giesinger steht nun Leony mit ihrer Band vor mir.<\/p>\n\n\n\n<!--more-->\n\n\n\n<p>Etliche Menschen, die im TV die einschl\u00e4gigen Musik-Castingshows verfolgen, kennen Leony bereits seit 2014, als sie erstmalig eine solche gewinnen konnte und seit dieser Zeit hat sich Leony nach verschiedenen \u201eorganisatorischen Metamorphosen\u201c in der deutschen Popszene etabliert. Positiv f\u00e4llt auf, dass Leony \u2013 anders als viele andere Casting-Sternchen \u2013 wirklich singen kann und live durchaus ansprechend performt. Insofern muss man sich wohl f\u00fcr ihre weitere Karriere keine Sorgen machen, wenn sie dieses Level beibehalten kann. Das Publikum vor der B\u00fchne auf dem gut gef\u00fcllten Platz sieht das jedenfalls \u00e4hnlich und feiert begeistert mit. Vereinzelt sieht man in der Menge noch ein paar Besucher mit Mund-Nasen-Maske aber der \u00fcberwiegende Teil verh\u00e4lt sich so, wie auf den Kieler Woche-Konzerten bis zum Jahr 2019 \u2013 es ist halt sehr viel Nachholbedarf vorhanden und das Wetter spielt ja auch mit.<\/p>\n\n\n\n<p>Fazit: F\u00fcr mich etwas ungewohnt, wieder vor einer solchen B\u00fchne zu stehen, aber ich bin ganz zufrieden mit meinem (Wieder-) Einstieg in die Kieler Woche.<\/p>\n\n\n\n<p class=\"has-text-align-right\">Fotos: <a href=\"mailto:info@rockpixx.com\">Alex<\/a> | Text: <a href=\"mailto:info@rockpixx.com\">Alex<\/a><\/p>\n\n\n\n<figure class=\"wp-block-gallery has-nested-images columns-default is-cropped wp-block-gallery-1 is-layout-flex wp-block-gallery-is-layout-flex\">\n<figure class=\"wp-block-image size-large\"><img loading=\"lazy\" decoding=\"async\" width=\"1200\" height=\"800\" data-attachment-id=\"22552\" data-permalink=\"http:\/\/www.rockpixx.com\/wordpress\/leony-17-06-2022-kiel-kieler-woche-foerdebuehne-4\/\" data-orig-file=\"http:\/\/www.rockpixx.com\/wordpress\/wp-content\/uploads\/2022\/06\/20220607-1-rp-017.jpg\" data-orig-size=\"1200,800\" data-comments-opened=\"0\" data-image-meta=\"{&quot;aperture&quot;:&quot;0&quot;,&quot;credit&quot;:&quot;rockpixx.com | A. Hahl&quot;,&quot;camera&quot;:&quot;&quot;,&quot;caption&quot;:&quot;Leony, 17.06.2022, Kiel, Kieler Woche, F\\u00f6rdeb\\u00fchne&quot;,&quot;created_timestamp&quot;:&quot;1655494189&quot;,&quot;copyright&quot;:&quot;rockpixx.com | A. Hahl&quot;,&quot;focal_length&quot;:&quot;0&quot;,&quot;iso&quot;:&quot;0&quot;,&quot;shutter_speed&quot;:&quot;0&quot;,&quot;title&quot;:&quot;Leony, 17.06.2022, Kiel, Kieler Woche, F\\u00f6rdeb\\u00fchne&quot;,&quot;orientation&quot;:&quot;0&quot;}\" data-image-title=\"Leony, 17.06.2022, Kiel, Kieler Woche, F\u00f6rdeb\u00fchne\" data-image-description=\"&lt;p&gt;Leony, 17.06.2022, Kiel, Kieler Woche, F\u00f6rdeb\u00fchne&lt;\/p&gt;\n\" data-image-caption=\"&lt;p&gt;Leony, 17.06.2022, Kiel, Kieler Woche, F\u00f6rdeb\u00fchne&lt;\/p&gt;\n\" data-large-file=\"http:\/\/www.rockpixx.com\/wordpress\/wp-content\/uploads\/2022\/06\/20220607-1-rp-017-1024x683.jpg\" data-id=\"22552\" src=\"http:\/\/www.rockpixx.com\/wordpress\/wp-content\/uploads\/2022\/06\/20220607-1-rp-017.jpg\" alt=\"Leony, 17.06.2022, Kiel, Kieler Woche, F\u00f6rdeb\u00fchne\" class=\"wp-image-22552\" srcset=\"http:\/\/www.rockpixx.com\/wordpress\/wp-content\/uploads\/2022\/06\/20220607-1-rp-017.jpg 1200w, http:\/\/www.rockpixx.com\/wordpress\/wp-content\/uploads\/2022\/06\/20220607-1-rp-017-300x200.jpg 300w, http:\/\/www.rockpixx.com\/wordpress\/wp-content\/uploads\/2022\/06\/20220607-1-rp-017-1024x683.jpg 1024w, http:\/\/www.rockpixx.com\/wordpress\/wp-content\/uploads\/2022\/06\/20220607-1-rp-017-768x512.jpg 768w, http:\/\/www.rockpixx.com\/wordpress\/wp-content\/uploads\/2022\/06\/20220607-1-rp-017-900x600.jpg 900w, http:\/\/www.rockpixx.com\/wordpress\/wp-content\/uploads\/2022\/06\/20220607-1-rp-017-924x616.jpg 924w\" sizes=\"auto, (max-width: 1200px) 100vw, 1200px\" \/><figcaption>Leony, 17.06.2022, Kiel, Kieler Woche, F\u00f6rdeb\u00fchne<\/figcaption><\/figure>\n\n\n\n<figure class=\"wp-block-image size-large\"><img loading=\"lazy\" decoding=\"async\" width=\"1200\" height=\"800\" data-attachment-id=\"22553\" data-permalink=\"http:\/\/www.rockpixx.com\/wordpress\/leony-17-06-2022-kiel-kieler-woche-foerdebuehne-5\/\" data-orig-file=\"http:\/\/www.rockpixx.com\/wordpress\/wp-content\/uploads\/2022\/06\/20220607-1-rp-030.jpg\" data-orig-size=\"1200,800\" data-comments-opened=\"0\" data-image-meta=\"{&quot;aperture&quot;:&quot;0&quot;,&quot;credit&quot;:&quot;rockpixx.com | A. Hahl&quot;,&quot;camera&quot;:&quot;&quot;,&quot;caption&quot;:&quot;Leony, 17.06.2022, Kiel, Kieler Woche, F\\u00f6rdeb\\u00fchne&quot;,&quot;created_timestamp&quot;:&quot;1655494283&quot;,&quot;copyright&quot;:&quot;rockpixx.com | A. Hahl&quot;,&quot;focal_length&quot;:&quot;0&quot;,&quot;iso&quot;:&quot;0&quot;,&quot;shutter_speed&quot;:&quot;0&quot;,&quot;title&quot;:&quot;Leony, 17.06.2022, Kiel, Kieler Woche, F\\u00f6rdeb\\u00fchne&quot;,&quot;orientation&quot;:&quot;0&quot;}\" data-image-title=\"Leony, 17.06.2022, Kiel, Kieler Woche, F\u00f6rdeb\u00fchne\" data-image-description=\"&lt;p&gt;Leony, 17.06.2022, Kiel, Kieler Woche, F\u00f6rdeb\u00fchne&lt;\/p&gt;\n\" data-image-caption=\"&lt;p&gt;Leony, 17.06.2022, Kiel, Kieler Woche, F\u00f6rdeb\u00fchne&lt;\/p&gt;\n\" data-large-file=\"http:\/\/www.rockpixx.com\/wordpress\/wp-content\/uploads\/2022\/06\/20220607-1-rp-030-1024x683.jpg\" data-id=\"22553\" src=\"http:\/\/www.rockpixx.com\/wordpress\/wp-content\/uploads\/2022\/06\/20220607-1-rp-030.jpg\" alt=\"Leony, 17.06.2022, Kiel, Kieler Woche, F\u00f6rdeb\u00fchne\" class=\"wp-image-22553\" srcset=\"http:\/\/www.rockpixx.com\/wordpress\/wp-content\/uploads\/2022\/06\/20220607-1-rp-030.jpg 1200w, http:\/\/www.rockpixx.com\/wordpress\/wp-content\/uploads\/2022\/06\/20220607-1-rp-030-300x200.jpg 300w, http:\/\/www.rockpixx.com\/wordpress\/wp-content\/uploads\/2022\/06\/20220607-1-rp-030-1024x683.jpg 1024w, http:\/\/www.rockpixx.com\/wordpress\/wp-content\/uploads\/2022\/06\/20220607-1-rp-030-768x512.jpg 768w, http:\/\/www.rockpixx.com\/wordpress\/wp-content\/uploads\/2022\/06\/20220607-1-rp-030-900x600.jpg 900w, http:\/\/www.rockpixx.com\/wordpress\/wp-content\/uploads\/2022\/06\/20220607-1-rp-030-924x616.jpg 924w\" sizes=\"auto, (max-width: 1200px) 100vw, 1200px\" \/><figcaption>Leony, 17.06.2022, Kiel, Kieler Woche, F\u00f6rdeb\u00fchne<\/figcaption><\/figure>\n\n\n\n<figure class=\"wp-block-image size-large\"><img loading=\"lazy\" decoding=\"async\" width=\"1200\" height=\"800\" data-attachment-id=\"22554\" data-permalink=\"http:\/\/www.rockpixx.com\/wordpress\/leony-17-06-2022-kiel-kieler-woche-foerdebuehne-6\/\" data-orig-file=\"http:\/\/www.rockpixx.com\/wordpress\/wp-content\/uploads\/2022\/06\/20220607-1-rp-035.jpg\" data-orig-size=\"1200,800\" data-comments-opened=\"0\" data-image-meta=\"{&quot;aperture&quot;:&quot;0&quot;,&quot;credit&quot;:&quot;rockpixx.com | A. Hahl&quot;,&quot;camera&quot;:&quot;&quot;,&quot;caption&quot;:&quot;Leony, 17.06.2022, Kiel, Kieler Woche, F\\u00f6rdeb\\u00fchne&quot;,&quot;created_timestamp&quot;:&quot;1655494345&quot;,&quot;copyright&quot;:&quot;rockpixx.com | A. Hahl&quot;,&quot;focal_length&quot;:&quot;0&quot;,&quot;iso&quot;:&quot;0&quot;,&quot;shutter_speed&quot;:&quot;0&quot;,&quot;title&quot;:&quot;Leony, 17.06.2022, Kiel, Kieler Woche, F\\u00f6rdeb\\u00fchne&quot;,&quot;orientation&quot;:&quot;0&quot;}\" data-image-title=\"Leony, 17.06.2022, Kiel, Kieler Woche, F\u00f6rdeb\u00fchne\" data-image-description=\"&lt;p&gt;Leony, 17.06.2022, Kiel, Kieler Woche, F\u00f6rdeb\u00fchne&lt;\/p&gt;\n\" data-image-caption=\"&lt;p&gt;Leony, 17.06.2022, Kiel, Kieler Woche, F\u00f6rdeb\u00fchne&lt;\/p&gt;\n\" data-large-file=\"http:\/\/www.rockpixx.com\/wordpress\/wp-content\/uploads\/2022\/06\/20220607-1-rp-035-1024x683.jpg\" data-id=\"22554\" src=\"http:\/\/www.rockpixx.com\/wordpress\/wp-content\/uploads\/2022\/06\/20220607-1-rp-035.jpg\" alt=\"Leony, 17.06.2022, Kiel, Kieler Woche, F\u00f6rdeb\u00fchne\" class=\"wp-image-22554\" srcset=\"http:\/\/www.rockpixx.com\/wordpress\/wp-content\/uploads\/2022\/06\/20220607-1-rp-035.jpg 1200w, http:\/\/www.rockpixx.com\/wordpress\/wp-content\/uploads\/2022\/06\/20220607-1-rp-035-300x200.jpg 300w, http:\/\/www.rockpixx.com\/wordpress\/wp-content\/uploads\/2022\/06\/20220607-1-rp-035-1024x683.jpg 1024w, http:\/\/www.rockpixx.com\/wordpress\/wp-content\/uploads\/2022\/06\/20220607-1-rp-035-768x512.jpg 768w, http:\/\/www.rockpixx.com\/wordpress\/wp-content\/uploads\/2022\/06\/20220607-1-rp-035-900x600.jpg 900w, http:\/\/www.rockpixx.com\/wordpress\/wp-content\/uploads\/2022\/06\/20220607-1-rp-035-924x616.jpg 924w\" sizes=\"auto, (max-width: 1200px) 100vw, 1200px\" \/><figcaption>Leony, 17.06.2022, Kiel, Kieler Woche, F\u00f6rdeb\u00fchne<\/figcaption><\/figure>\n\n\n\n<figure class=\"wp-block-image size-large\"><img loading=\"lazy\" decoding=\"async\" width=\"1200\" height=\"800\" data-attachment-id=\"22555\" data-permalink=\"http:\/\/www.rockpixx.com\/wordpress\/leony-17-06-2022-kiel-kieler-woche-foerdebuehne-7\/\" data-orig-file=\"http:\/\/www.rockpixx.com\/wordpress\/wp-content\/uploads\/2022\/06\/20220607-1-rp-039.jpg\" data-orig-size=\"1200,800\" data-comments-opened=\"0\" data-image-meta=\"{&quot;aperture&quot;:&quot;0&quot;,&quot;credit&quot;:&quot;rockpixx.com | A. Hahl&quot;,&quot;camera&quot;:&quot;&quot;,&quot;caption&quot;:&quot;Leony, 17.06.2022, Kiel, Kieler Woche, F\\u00f6rdeb\\u00fchne&quot;,&quot;created_timestamp&quot;:&quot;1655494354&quot;,&quot;copyright&quot;:&quot;rockpixx.com | A. Hahl&quot;,&quot;focal_length&quot;:&quot;0&quot;,&quot;iso&quot;:&quot;0&quot;,&quot;shutter_speed&quot;:&quot;0&quot;,&quot;title&quot;:&quot;Leony, 17.06.2022, Kiel, Kieler Woche, F\\u00f6rdeb\\u00fchne&quot;,&quot;orientation&quot;:&quot;0&quot;}\" data-image-title=\"Leony, 17.06.2022, Kiel, Kieler Woche, F\u00f6rdeb\u00fchne\" data-image-description=\"&lt;p&gt;Leony, 17.06.2022, Kiel, Kieler Woche, F\u00f6rdeb\u00fchne&lt;\/p&gt;\n\" data-image-caption=\"&lt;p&gt;Leony, 17.06.2022, Kiel, Kieler Woche, F\u00f6rdeb\u00fchne&lt;\/p&gt;\n\" data-large-file=\"http:\/\/www.rockpixx.com\/wordpress\/wp-content\/uploads\/2022\/06\/20220607-1-rp-039-1024x683.jpg\" data-id=\"22555\" src=\"http:\/\/www.rockpixx.com\/wordpress\/wp-content\/uploads\/2022\/06\/20220607-1-rp-039.jpg\" alt=\"Leony, 17.06.2022, Kiel, Kieler Woche, F\u00f6rdeb\u00fchne\" class=\"wp-image-22555\" srcset=\"http:\/\/www.rockpixx.com\/wordpress\/wp-content\/uploads\/2022\/06\/20220607-1-rp-039.jpg 1200w, http:\/\/www.rockpixx.com\/wordpress\/wp-content\/uploads\/2022\/06\/20220607-1-rp-039-300x200.jpg 300w, http:\/\/www.rockpixx.com\/wordpress\/wp-content\/uploads\/2022\/06\/20220607-1-rp-039-1024x683.jpg 1024w, http:\/\/www.rockpixx.com\/wordpress\/wp-content\/uploads\/2022\/06\/20220607-1-rp-039-768x512.jpg 768w, http:\/\/www.rockpixx.com\/wordpress\/wp-content\/uploads\/2022\/06\/20220607-1-rp-039-900x600.jpg 900w, http:\/\/www.rockpixx.com\/wordpress\/wp-content\/uploads\/2022\/06\/20220607-1-rp-039-924x616.jpg 924w\" sizes=\"auto, (max-width: 1200px) 100vw, 1200px\" \/><figcaption>Leony, 17.06.2022, Kiel, Kieler Woche, F\u00f6rdeb\u00fchne<\/figcaption><\/figure>\n\n\n\n<figure class=\"wp-block-image size-large\"><img loading=\"lazy\" decoding=\"async\" width=\"1200\" height=\"800\" data-attachment-id=\"22556\" data-permalink=\"http:\/\/www.rockpixx.com\/wordpress\/leony-17-06-2022-kiel-kieler-woche-foerdebuehne-8\/\" data-orig-file=\"http:\/\/www.rockpixx.com\/wordpress\/wp-content\/uploads\/2022\/06\/20220607-1-rp-041.jpg\" data-orig-size=\"1200,800\" data-comments-opened=\"0\" data-image-meta=\"{&quot;aperture&quot;:&quot;0&quot;,&quot;credit&quot;:&quot;rockpixx.com | A. Hahl&quot;,&quot;camera&quot;:&quot;&quot;,&quot;caption&quot;:&quot;Leony, 17.06.2022, Kiel, Kieler Woche, F\\u00f6rdeb\\u00fchne&quot;,&quot;created_timestamp&quot;:&quot;1655494355&quot;,&quot;copyright&quot;:&quot;rockpixx.com | A. Hahl&quot;,&quot;focal_length&quot;:&quot;0&quot;,&quot;iso&quot;:&quot;0&quot;,&quot;shutter_speed&quot;:&quot;0&quot;,&quot;title&quot;:&quot;Leony, 17.06.2022, Kiel, Kieler Woche, F\\u00f6rdeb\\u00fchne&quot;,&quot;orientation&quot;:&quot;0&quot;}\" data-image-title=\"Leony, 17.06.2022, Kiel, Kieler Woche, F\u00f6rdeb\u00fchne\" data-image-description=\"&lt;p&gt;Leony, 17.06.2022, Kiel, Kieler Woche, F\u00f6rdeb\u00fchne&lt;\/p&gt;\n\" data-image-caption=\"&lt;p&gt;Leony, 17.06.2022, Kiel, Kieler Woche, F\u00f6rdeb\u00fchne&lt;\/p&gt;\n\" data-large-file=\"http:\/\/www.rockpixx.com\/wordpress\/wp-content\/uploads\/2022\/06\/20220607-1-rp-041-1024x683.jpg\" data-id=\"22556\" src=\"http:\/\/www.rockpixx.com\/wordpress\/wp-content\/uploads\/2022\/06\/20220607-1-rp-041.jpg\" alt=\"Leony, 17.06.2022, Kiel, Kieler Woche, F\u00f6rdeb\u00fchne\" class=\"wp-image-22556\" srcset=\"http:\/\/www.rockpixx.com\/wordpress\/wp-content\/uploads\/2022\/06\/20220607-1-rp-041.jpg 1200w, http:\/\/www.rockpixx.com\/wordpress\/wp-content\/uploads\/2022\/06\/20220607-1-rp-041-300x200.jpg 300w, http:\/\/www.rockpixx.com\/wordpress\/wp-content\/uploads\/2022\/06\/20220607-1-rp-041-1024x683.jpg 1024w, http:\/\/www.rockpixx.com\/wordpress\/wp-content\/uploads\/2022\/06\/20220607-1-rp-041-768x512.jpg 768w, http:\/\/www.rockpixx.com\/wordpress\/wp-content\/uploads\/2022\/06\/20220607-1-rp-041-900x600.jpg 900w, http:\/\/www.rockpixx.com\/wordpress\/wp-content\/uploads\/2022\/06\/20220607-1-rp-041-924x616.jpg 924w\" sizes=\"auto, (max-width: 1200px) 100vw, 1200px\" \/><figcaption>Leony, 17.06.2022, Kiel, Kieler Woche, F\u00f6rdeb\u00fchne<\/figcaption><\/figure>\n\n\n\n<figure class=\"wp-block-image size-large\"><img loading=\"lazy\" decoding=\"async\" width=\"1200\" height=\"800\" data-attachment-id=\"22557\" data-permalink=\"http:\/\/www.rockpixx.com\/wordpress\/leony-17-06-2022-kiel-kieler-woche-foerdebuehne-9\/\" data-orig-file=\"http:\/\/www.rockpixx.com\/wordpress\/wp-content\/uploads\/2022\/06\/20220607-1-rp-043.jpg\" data-orig-size=\"1200,800\" data-comments-opened=\"0\" data-image-meta=\"{&quot;aperture&quot;:&quot;0&quot;,&quot;credit&quot;:&quot;rockpixx.com | A. Hahl&quot;,&quot;camera&quot;:&quot;&quot;,&quot;caption&quot;:&quot;Leony, 17.06.2022, Kiel, Kieler Woche, F\\u00f6rdeb\\u00fchne&quot;,&quot;created_timestamp&quot;:&quot;1655494363&quot;,&quot;copyright&quot;:&quot;rockpixx.com | A. Hahl&quot;,&quot;focal_length&quot;:&quot;0&quot;,&quot;iso&quot;:&quot;0&quot;,&quot;shutter_speed&quot;:&quot;0&quot;,&quot;title&quot;:&quot;Leony, 17.06.2022, Kiel, Kieler Woche, F\\u00f6rdeb\\u00fchne&quot;,&quot;orientation&quot;:&quot;0&quot;}\" data-image-title=\"Leony, 17.06.2022, Kiel, Kieler Woche, F\u00f6rdeb\u00fchne\" data-image-description=\"&lt;p&gt;Leony, 17.06.2022, Kiel, Kieler Woche, F\u00f6rdeb\u00fchne&lt;\/p&gt;\n\" data-image-caption=\"&lt;p&gt;Leony, 17.06.2022, Kiel, Kieler Woche, F\u00f6rdeb\u00fchne&lt;\/p&gt;\n\" data-large-file=\"http:\/\/www.rockpixx.com\/wordpress\/wp-content\/uploads\/2022\/06\/20220607-1-rp-043-1024x683.jpg\" data-id=\"22557\" src=\"http:\/\/www.rockpixx.com\/wordpress\/wp-content\/uploads\/2022\/06\/20220607-1-rp-043.jpg\" alt=\"Leony, 17.06.2022, Kiel, Kieler Woche, F\u00f6rdeb\u00fchne\" class=\"wp-image-22557\" srcset=\"http:\/\/www.rockpixx.com\/wordpress\/wp-content\/uploads\/2022\/06\/20220607-1-rp-043.jpg 1200w, http:\/\/www.rockpixx.com\/wordpress\/wp-content\/uploads\/2022\/06\/20220607-1-rp-043-300x200.jpg 300w, http:\/\/www.rockpixx.com\/wordpress\/wp-content\/uploads\/2022\/06\/20220607-1-rp-043-1024x683.jpg 1024w, http:\/\/www.rockpixx.com\/wordpress\/wp-content\/uploads\/2022\/06\/20220607-1-rp-043-768x512.jpg 768w, http:\/\/www.rockpixx.com\/wordpress\/wp-content\/uploads\/2022\/06\/20220607-1-rp-043-900x600.jpg 900w, http:\/\/www.rockpixx.com\/wordpress\/wp-content\/uploads\/2022\/06\/20220607-1-rp-043-924x616.jpg 924w\" sizes=\"auto, (max-width: 1200px) 100vw, 1200px\" \/><figcaption>Leony, 17.06.2022, Kiel, Kieler Woche, F\u00f6rdeb\u00fchne<\/figcaption><\/figure>\n\n\n\n<figure class=\"wp-block-image size-large\"><img loading=\"lazy\" decoding=\"async\" width=\"1200\" height=\"800\" data-attachment-id=\"22558\" data-permalink=\"http:\/\/www.rockpixx.com\/wordpress\/leony-17-06-2022-kiel-kieler-woche-foerdebuehne-10\/\" data-orig-file=\"http:\/\/www.rockpixx.com\/wordpress\/wp-content\/uploads\/2022\/06\/20220607-1-rp-048.jpg\" data-orig-size=\"1200,800\" data-comments-opened=\"0\" data-image-meta=\"{&quot;aperture&quot;:&quot;0&quot;,&quot;credit&quot;:&quot;rockpixx.com | A. Hahl&quot;,&quot;camera&quot;:&quot;&quot;,&quot;caption&quot;:&quot;Leony, 17.06.2022, Kiel, Kieler Woche, F\\u00f6rdeb\\u00fchne&quot;,&quot;created_timestamp&quot;:&quot;1655494421&quot;,&quot;copyright&quot;:&quot;rockpixx.com | A. Hahl&quot;,&quot;focal_length&quot;:&quot;0&quot;,&quot;iso&quot;:&quot;0&quot;,&quot;shutter_speed&quot;:&quot;0&quot;,&quot;title&quot;:&quot;Leony, 17.06.2022, Kiel, Kieler Woche, F\\u00f6rdeb\\u00fchne&quot;,&quot;orientation&quot;:&quot;0&quot;}\" data-image-title=\"Leony, 17.06.2022, Kiel, Kieler Woche, F\u00f6rdeb\u00fchne\" data-image-description=\"&lt;p&gt;Leony, 17.06.2022, Kiel, Kieler Woche, F\u00f6rdeb\u00fchne&lt;\/p&gt;\n\" data-image-caption=\"&lt;p&gt;Leony, 17.06.2022, Kiel, Kieler Woche, F\u00f6rdeb\u00fchne&lt;\/p&gt;\n\" data-large-file=\"http:\/\/www.rockpixx.com\/wordpress\/wp-content\/uploads\/2022\/06\/20220607-1-rp-048-1024x683.jpg\" data-id=\"22558\" src=\"http:\/\/www.rockpixx.com\/wordpress\/wp-content\/uploads\/2022\/06\/20220607-1-rp-048.jpg\" alt=\"Leony, 17.06.2022, Kiel, Kieler Woche, F\u00f6rdeb\u00fchne\" class=\"wp-image-22558\" srcset=\"http:\/\/www.rockpixx.com\/wordpress\/wp-content\/uploads\/2022\/06\/20220607-1-rp-048.jpg 1200w, http:\/\/www.rockpixx.com\/wordpress\/wp-content\/uploads\/2022\/06\/20220607-1-rp-048-300x200.jpg 300w, http:\/\/www.rockpixx.com\/wordpress\/wp-content\/uploads\/2022\/06\/20220607-1-rp-048-1024x683.jpg 1024w, http:\/\/www.rockpixx.com\/wordpress\/wp-content\/uploads\/2022\/06\/20220607-1-rp-048-768x512.jpg 768w, http:\/\/www.rockpixx.com\/wordpress\/wp-content\/uploads\/2022\/06\/20220607-1-rp-048-900x600.jpg 900w, http:\/\/www.rockpixx.com\/wordpress\/wp-content\/uploads\/2022\/06\/20220607-1-rp-048-924x616.jpg 924w\" sizes=\"auto, (max-width: 1200px) 100vw, 1200px\" \/><figcaption>Leony, 17.06.2022, Kiel, Kieler Woche, F\u00f6rdeb\u00fchne<\/figcaption><\/figure>\n\n\n\n<figure class=\"wp-block-image size-large\"><img loading=\"lazy\" decoding=\"async\" width=\"800\" height=\"1200\" data-attachment-id=\"22559\" data-permalink=\"http:\/\/www.rockpixx.com\/wordpress\/leony-17-06-2022-kiel-kieler-woche-foerdebuehne-11\/\" data-orig-file=\"http:\/\/www.rockpixx.com\/wordpress\/wp-content\/uploads\/2022\/06\/20220607-1-rp-053.jpg\" data-orig-size=\"800,1200\" data-comments-opened=\"0\" data-image-meta=\"{&quot;aperture&quot;:&quot;0&quot;,&quot;credit&quot;:&quot;rockpixx.com | A. Hahl&quot;,&quot;camera&quot;:&quot;&quot;,&quot;caption&quot;:&quot;Leony, 17.06.2022, Kiel, Kieler Woche, F\\u00f6rdeb\\u00fchne&quot;,&quot;created_timestamp&quot;:&quot;1655494523&quot;,&quot;copyright&quot;:&quot;rockpixx.com | A. Hahl&quot;,&quot;focal_length&quot;:&quot;0&quot;,&quot;iso&quot;:&quot;0&quot;,&quot;shutter_speed&quot;:&quot;0&quot;,&quot;title&quot;:&quot;Leony, 17.06.2022, Kiel, Kieler Woche, F\\u00f6rdeb\\u00fchne&quot;,&quot;orientation&quot;:&quot;0&quot;}\" data-image-title=\"Leony, 17.06.2022, Kiel, Kieler Woche, F\u00f6rdeb\u00fchne\" data-image-description=\"&lt;p&gt;Leony, 17.06.2022, Kiel, Kieler Woche, F\u00f6rdeb\u00fchne&lt;\/p&gt;\n\" data-image-caption=\"&lt;p&gt;Leony, 17.06.2022, Kiel, Kieler Woche, F\u00f6rdeb\u00fchne&lt;\/p&gt;\n\" data-large-file=\"http:\/\/www.rockpixx.com\/wordpress\/wp-content\/uploads\/2022\/06\/20220607-1-rp-053-683x1024.jpg\" data-id=\"22559\" src=\"http:\/\/www.rockpixx.com\/wordpress\/wp-content\/uploads\/2022\/06\/20220607-1-rp-053.jpg\" alt=\"Leony, 17.06.2022, Kiel, Kieler Woche, F\u00f6rdeb\u00fchne\" class=\"wp-image-22559\" srcset=\"http:\/\/www.rockpixx.com\/wordpress\/wp-content\/uploads\/2022\/06\/20220607-1-rp-053.jpg 800w, http:\/\/www.rockpixx.com\/wordpress\/wp-content\/uploads\/2022\/06\/20220607-1-rp-053-200x300.jpg 200w, http:\/\/www.rockpixx.com\/wordpress\/wp-content\/uploads\/2022\/06\/20220607-1-rp-053-683x1024.jpg 683w, http:\/\/www.rockpixx.com\/wordpress\/wp-content\/uploads\/2022\/06\/20220607-1-rp-053-768x1152.jpg 768w\" sizes=\"auto, (max-width: 800px) 100vw, 800px\" \/><figcaption>Leony, 17.06.2022, Kiel, Kieler Woche, F\u00f6rdeb\u00fchne<\/figcaption><\/figure>\n\n\n\n<figure class=\"wp-block-image size-large\"><img loading=\"lazy\" decoding=\"async\" width=\"1200\" height=\"800\" data-attachment-id=\"22560\" data-permalink=\"http:\/\/www.rockpixx.com\/wordpress\/leony-17-06-2022-kiel-kieler-woche-foerdebuehne-12\/\" data-orig-file=\"http:\/\/www.rockpixx.com\/wordpress\/wp-content\/uploads\/2022\/06\/20220607-1-rp-062.jpg\" data-orig-size=\"1200,800\" data-comments-opened=\"0\" data-image-meta=\"{&quot;aperture&quot;:&quot;0&quot;,&quot;credit&quot;:&quot;rockpixx.com | A. Hahl&quot;,&quot;camera&quot;:&quot;&quot;,&quot;caption&quot;:&quot;Leony, 17.06.2022, Kiel, Kieler Woche, F\\u00f6rdeb\\u00fchne&quot;,&quot;created_timestamp&quot;:&quot;1655494532&quot;,&quot;copyright&quot;:&quot;rockpixx.com | A. Hahl&quot;,&quot;focal_length&quot;:&quot;0&quot;,&quot;iso&quot;:&quot;0&quot;,&quot;shutter_speed&quot;:&quot;0&quot;,&quot;title&quot;:&quot;Leony, 17.06.2022, Kiel, Kieler Woche, F\\u00f6rdeb\\u00fchne&quot;,&quot;orientation&quot;:&quot;0&quot;}\" data-image-title=\"Leony, 17.06.2022, Kiel, Kieler Woche, F\u00f6rdeb\u00fchne\" data-image-description=\"&lt;p&gt;Leony, 17.06.2022, Kiel, Kieler Woche, F\u00f6rdeb\u00fchne&lt;\/p&gt;\n\" data-image-caption=\"&lt;p&gt;Leony, 17.06.2022, Kiel, Kieler Woche, F\u00f6rdeb\u00fchne&lt;\/p&gt;\n\" data-large-file=\"http:\/\/www.rockpixx.com\/wordpress\/wp-content\/uploads\/2022\/06\/20220607-1-rp-062-1024x683.jpg\" data-id=\"22560\" src=\"http:\/\/www.rockpixx.com\/wordpress\/wp-content\/uploads\/2022\/06\/20220607-1-rp-062.jpg\" alt=\"Leony, 17.06.2022, Kiel, Kieler Woche, F\u00f6rdeb\u00fchne\" class=\"wp-image-22560\" srcset=\"http:\/\/www.rockpixx.com\/wordpress\/wp-content\/uploads\/2022\/06\/20220607-1-rp-062.jpg 1200w, http:\/\/www.rockpixx.com\/wordpress\/wp-content\/uploads\/2022\/06\/20220607-1-rp-062-300x200.jpg 300w, http:\/\/www.rockpixx.com\/wordpress\/wp-content\/uploads\/2022\/06\/20220607-1-rp-062-1024x683.jpg 1024w, http:\/\/www.rockpixx.com\/wordpress\/wp-content\/uploads\/2022\/06\/20220607-1-rp-062-768x512.jpg 768w, http:\/\/www.rockpixx.com\/wordpress\/wp-content\/uploads\/2022\/06\/20220607-1-rp-062-900x600.jpg 900w, http:\/\/www.rockpixx.com\/wordpress\/wp-content\/uploads\/2022\/06\/20220607-1-rp-062-924x616.jpg 924w\" sizes=\"auto, (max-width: 1200px) 100vw, 1200px\" \/><figcaption>Leony, 17.06.2022, Kiel, Kieler Woche, F\u00f6rdeb\u00fchne<\/figcaption><\/figure>\n\n\n\n<figure class=\"wp-block-image size-large\"><img loading=\"lazy\" decoding=\"async\" width=\"1200\" height=\"800\" data-attachment-id=\"22561\" data-permalink=\"http:\/\/www.rockpixx.com\/wordpress\/leony-17-06-2022-kiel-kieler-woche-foerdebuehne-13\/\" data-orig-file=\"http:\/\/www.rockpixx.com\/wordpress\/wp-content\/uploads\/2022\/06\/20220607-1-rp-065.jpg\" data-orig-size=\"1200,800\" data-comments-opened=\"0\" data-image-meta=\"{&quot;aperture&quot;:&quot;0&quot;,&quot;credit&quot;:&quot;rockpixx.com | A. Hahl&quot;,&quot;camera&quot;:&quot;&quot;,&quot;caption&quot;:&quot;Leony, 17.06.2022, Kiel, Kieler Woche, F\\u00f6rdeb\\u00fchne&quot;,&quot;created_timestamp&quot;:&quot;1655494545&quot;,&quot;copyright&quot;:&quot;rockpixx.com | A. Hahl&quot;,&quot;focal_length&quot;:&quot;0&quot;,&quot;iso&quot;:&quot;0&quot;,&quot;shutter_speed&quot;:&quot;0&quot;,&quot;title&quot;:&quot;Leony, 17.06.2022, Kiel, Kieler Woche, F\\u00f6rdeb\\u00fchne&quot;,&quot;orientation&quot;:&quot;0&quot;}\" data-image-title=\"Leony, 17.06.2022, Kiel, Kieler Woche, F\u00f6rdeb\u00fchne\" data-image-description=\"&lt;p&gt;Leony, 17.06.2022, Kiel, Kieler Woche, F\u00f6rdeb\u00fchne&lt;\/p&gt;\n\" data-image-caption=\"&lt;p&gt;Leony, 17.06.2022, Kiel, Kieler Woche, F\u00f6rdeb\u00fchne&lt;\/p&gt;\n\" data-large-file=\"http:\/\/www.rockpixx.com\/wordpress\/wp-content\/uploads\/2022\/06\/20220607-1-rp-065-1024x683.jpg\" data-id=\"22561\" src=\"http:\/\/www.rockpixx.com\/wordpress\/wp-content\/uploads\/2022\/06\/20220607-1-rp-065.jpg\" alt=\"Leony, 17.06.2022, Kiel, Kieler Woche, F\u00f6rdeb\u00fchne\" class=\"wp-image-22561\" srcset=\"http:\/\/www.rockpixx.com\/wordpress\/wp-content\/uploads\/2022\/06\/20220607-1-rp-065.jpg 1200w, http:\/\/www.rockpixx.com\/wordpress\/wp-content\/uploads\/2022\/06\/20220607-1-rp-065-300x200.jpg 300w, http:\/\/www.rockpixx.com\/wordpress\/wp-content\/uploads\/2022\/06\/20220607-1-rp-065-1024x683.jpg 1024w, http:\/\/www.rockpixx.com\/wordpress\/wp-content\/uploads\/2022\/06\/20220607-1-rp-065-768x512.jpg 768w, http:\/\/www.rockpixx.com\/wordpress\/wp-content\/uploads\/2022\/06\/20220607-1-rp-065-900x600.jpg 900w, http:\/\/www.rockpixx.com\/wordpress\/wp-content\/uploads\/2022\/06\/20220607-1-rp-065-924x616.jpg 924w\" sizes=\"auto, (max-width: 1200px) 100vw, 1200px\" \/><figcaption>Leony, 17.06.2022, Kiel, Kieler Woche, F\u00f6rdeb\u00fchne<\/figcaption><\/figure>\n\n\n\n<figure class=\"wp-block-image size-large\"><img loading=\"lazy\" decoding=\"async\" width=\"1200\" height=\"800\" data-attachment-id=\"22562\" data-permalink=\"http:\/\/www.rockpixx.com\/wordpress\/leony-17-06-2022-kiel-kieler-woche-foerdebuehne-14\/\" data-orig-file=\"http:\/\/www.rockpixx.com\/wordpress\/wp-content\/uploads\/2022\/06\/20220607-1-rp-069.jpg\" data-orig-size=\"1200,800\" data-comments-opened=\"0\" data-image-meta=\"{&quot;aperture&quot;:&quot;0&quot;,&quot;credit&quot;:&quot;rockpixx.com | A. Hahl&quot;,&quot;camera&quot;:&quot;&quot;,&quot;caption&quot;:&quot;Leony, 17.06.2022, Kiel, Kieler Woche, F\\u00f6rdeb\\u00fchne&quot;,&quot;created_timestamp&quot;:&quot;1655494561&quot;,&quot;copyright&quot;:&quot;rockpixx.com | A. Hahl&quot;,&quot;focal_length&quot;:&quot;0&quot;,&quot;iso&quot;:&quot;0&quot;,&quot;shutter_speed&quot;:&quot;0&quot;,&quot;title&quot;:&quot;Leony, 17.06.2022, Kiel, Kieler Woche, F\\u00f6rdeb\\u00fchne&quot;,&quot;orientation&quot;:&quot;0&quot;}\" data-image-title=\"Leony, 17.06.2022, Kiel, Kieler Woche, F\u00f6rdeb\u00fchne\" data-image-description=\"&lt;p&gt;Leony, 17.06.2022, Kiel, Kieler Woche, F\u00f6rdeb\u00fchne&lt;\/p&gt;\n\" data-image-caption=\"&lt;p&gt;Leony, 17.06.2022, Kiel, Kieler Woche, F\u00f6rdeb\u00fchne&lt;\/p&gt;\n\" data-large-file=\"http:\/\/www.rockpixx.com\/wordpress\/wp-content\/uploads\/2022\/06\/20220607-1-rp-069-1024x683.jpg\" data-id=\"22562\" src=\"http:\/\/www.rockpixx.com\/wordpress\/wp-content\/uploads\/2022\/06\/20220607-1-rp-069.jpg\" alt=\"Leony, 17.06.2022, Kiel, Kieler Woche, F\u00f6rdeb\u00fchne\" class=\"wp-image-22562\" srcset=\"http:\/\/www.rockpixx.com\/wordpress\/wp-content\/uploads\/2022\/06\/20220607-1-rp-069.jpg 1200w, http:\/\/www.rockpixx.com\/wordpress\/wp-content\/uploads\/2022\/06\/20220607-1-rp-069-300x200.jpg 300w, http:\/\/www.rockpixx.com\/wordpress\/wp-content\/uploads\/2022\/06\/20220607-1-rp-069-1024x683.jpg 1024w, http:\/\/www.rockpixx.com\/wordpress\/wp-content\/uploads\/2022\/06\/20220607-1-rp-069-768x512.jpg 768w, http:\/\/www.rockpixx.com\/wordpress\/wp-content\/uploads\/2022\/06\/20220607-1-rp-069-900x600.jpg 900w, http:\/\/www.rockpixx.com\/wordpress\/wp-content\/uploads\/2022\/06\/20220607-1-rp-069-924x616.jpg 924w\" sizes=\"auto, (max-width: 1200px) 100vw, 1200px\" \/><figcaption>Leony, 17.06.2022, Kiel, Kieler Woche, F\u00f6rdeb\u00fchne<\/figcaption><\/figure>\n\n\n\n<figure class=\"wp-block-image size-large\"><img loading=\"lazy\" decoding=\"async\" width=\"1200\" height=\"800\" data-attachment-id=\"22563\" data-permalink=\"http:\/\/www.rockpixx.com\/wordpress\/leony-17-06-2022-kiel-kieler-woche-foerdebuehne-15\/\" data-orig-file=\"http:\/\/www.rockpixx.com\/wordpress\/wp-content\/uploads\/2022\/06\/20220607-1-rp-071.jpg\" data-orig-size=\"1200,800\" data-comments-opened=\"0\" data-image-meta=\"{&quot;aperture&quot;:&quot;0&quot;,&quot;credit&quot;:&quot;rockpixx.com | A. Hahl&quot;,&quot;camera&quot;:&quot;&quot;,&quot;caption&quot;:&quot;Leony, 17.06.2022, Kiel, Kieler Woche, F\\u00f6rdeb\\u00fchne&quot;,&quot;created_timestamp&quot;:&quot;1655494566&quot;,&quot;copyright&quot;:&quot;rockpixx.com | A. Hahl&quot;,&quot;focal_length&quot;:&quot;0&quot;,&quot;iso&quot;:&quot;0&quot;,&quot;shutter_speed&quot;:&quot;0&quot;,&quot;title&quot;:&quot;Leony, 17.06.2022, Kiel, Kieler Woche, F\\u00f6rdeb\\u00fchne&quot;,&quot;orientation&quot;:&quot;0&quot;}\" data-image-title=\"Leony, 17.06.2022, Kiel, Kieler Woche, F\u00f6rdeb\u00fchne\" data-image-description=\"&lt;p&gt;Leony, 17.06.2022, Kiel, Kieler Woche, F\u00f6rdeb\u00fchne&lt;\/p&gt;\n\" data-image-caption=\"&lt;p&gt;Leony, 17.06.2022, Kiel, Kieler Woche, F\u00f6rdeb\u00fchne&lt;\/p&gt;\n\" data-large-file=\"http:\/\/www.rockpixx.com\/wordpress\/wp-content\/uploads\/2022\/06\/20220607-1-rp-071-1024x683.jpg\" data-id=\"22563\" src=\"http:\/\/www.rockpixx.com\/wordpress\/wp-content\/uploads\/2022\/06\/20220607-1-rp-071.jpg\" alt=\"Leony, 17.06.2022, Kiel, Kieler Woche, F\u00f6rdeb\u00fchne\" class=\"wp-image-22563\" srcset=\"http:\/\/www.rockpixx.com\/wordpress\/wp-content\/uploads\/2022\/06\/20220607-1-rp-071.jpg 1200w, http:\/\/www.rockpixx.com\/wordpress\/wp-content\/uploads\/2022\/06\/20220607-1-rp-071-300x200.jpg 300w, http:\/\/www.rockpixx.com\/wordpress\/wp-content\/uploads\/2022\/06\/20220607-1-rp-071-1024x683.jpg 1024w, http:\/\/www.rockpixx.com\/wordpress\/wp-content\/uploads\/2022\/06\/20220607-1-rp-071-768x512.jpg 768w, http:\/\/www.rockpixx.com\/wordpress\/wp-content\/uploads\/2022\/06\/20220607-1-rp-071-900x600.jpg 900w, http:\/\/www.rockpixx.com\/wordpress\/wp-content\/uploads\/2022\/06\/20220607-1-rp-071-924x616.jpg 924w\" sizes=\"auto, (max-width: 1200px) 100vw, 1200px\" \/><figcaption>Leony, 17.06.2022, Kiel, Kieler Woche, F\u00f6rdeb\u00fchne<\/figcaption><\/figure>\n\n\n\n<figure class=\"wp-block-image size-large\"><img loading=\"lazy\" decoding=\"async\" width=\"1200\" height=\"800\" data-attachment-id=\"22564\" data-permalink=\"http:\/\/www.rockpixx.com\/wordpress\/leony-17-06-2022-kiel-kieler-woche-foerdebuehne-16\/\" data-orig-file=\"http:\/\/www.rockpixx.com\/wordpress\/wp-content\/uploads\/2022\/06\/20220607-1-rp-075.jpg\" data-orig-size=\"1200,800\" data-comments-opened=\"0\" data-image-meta=\"{&quot;aperture&quot;:&quot;0&quot;,&quot;credit&quot;:&quot;rockpixx.com | A. Hahl&quot;,&quot;camera&quot;:&quot;&quot;,&quot;caption&quot;:&quot;Leony, 17.06.2022, Kiel, Kieler Woche, F\\u00f6rdeb\\u00fchne&quot;,&quot;created_timestamp&quot;:&quot;1655494616&quot;,&quot;copyright&quot;:&quot;rockpixx.com | A. Hahl&quot;,&quot;focal_length&quot;:&quot;0&quot;,&quot;iso&quot;:&quot;0&quot;,&quot;shutter_speed&quot;:&quot;0&quot;,&quot;title&quot;:&quot;Leony, 17.06.2022, Kiel, Kieler Woche, F\\u00f6rdeb\\u00fchne&quot;,&quot;orientation&quot;:&quot;0&quot;}\" data-image-title=\"Leony, 17.06.2022, Kiel, Kieler Woche, F\u00f6rdeb\u00fchne\" data-image-description=\"&lt;p&gt;Leony, 17.06.2022, Kiel, Kieler Woche, F\u00f6rdeb\u00fchne&lt;\/p&gt;\n\" data-image-caption=\"&lt;p&gt;Leony, 17.06.2022, Kiel, Kieler Woche, F\u00f6rdeb\u00fchne&lt;\/p&gt;\n\" data-large-file=\"http:\/\/www.rockpixx.com\/wordpress\/wp-content\/uploads\/2022\/06\/20220607-1-rp-075-1024x683.jpg\" data-id=\"22564\" src=\"http:\/\/www.rockpixx.com\/wordpress\/wp-content\/uploads\/2022\/06\/20220607-1-rp-075.jpg\" alt=\"Leony, 17.06.2022, Kiel, Kieler Woche, F\u00f6rdeb\u00fchne\" class=\"wp-image-22564\" srcset=\"http:\/\/www.rockpixx.com\/wordpress\/wp-content\/uploads\/2022\/06\/20220607-1-rp-075.jpg 1200w, http:\/\/www.rockpixx.com\/wordpress\/wp-content\/uploads\/2022\/06\/20220607-1-rp-075-300x200.jpg 300w, http:\/\/www.rockpixx.com\/wordpress\/wp-content\/uploads\/2022\/06\/20220607-1-rp-075-1024x683.jpg 1024w, http:\/\/www.rockpixx.com\/wordpress\/wp-content\/uploads\/2022\/06\/20220607-1-rp-075-768x512.jpg 768w, http:\/\/www.rockpixx.com\/wordpress\/wp-content\/uploads\/2022\/06\/20220607-1-rp-075-900x600.jpg 900w, http:\/\/www.rockpixx.com\/wordpress\/wp-content\/uploads\/2022\/06\/20220607-1-rp-075-924x616.jpg 924w\" sizes=\"auto, (max-width: 1200px) 100vw, 1200px\" \/><figcaption>Leony, 17.06.2022, Kiel, Kieler Woche, F\u00f6rdeb\u00fchne<\/figcaption><\/figure>\n<\/figure>\n","protected":false},"excerpt":{"rendered":"<p>Und nach 1.094 Tagen stehe ich auch endlich wieder im Graben einer B\u00fchne auf der \u201eKieler Woche\u201c: Heute stehe ich vor der F\u00f6rdeb\u00fchne und als Supportact f\u00fcr Max Giesinger steht nun Leony mit ihrer Band vor mir.<\/p>\n","protected":false},"author":3,"featured_media":22556,"comment_status":"closed","ping_status":"closed","sticky":false,"template":"","format":"standard","meta":{"_jetpack_memberships_contains_paid_content":false,"footnotes":"","jetpack_publicize_message":"#WeSaluteYou #ACDC #Roxheim #Premiere #PausevonderPause #Rockpixx","jetpack_publicize_feature_enabled":false,"jetpack_social_post_already_shared":true,"jetpack_social_options":{"image_generator_settings":{"template":"highway","default_image_id":0,"font":"","enabled":false},"version":2}},"categories":[34,2599],"tags":[2595,2597,1735,138,2598],"class_list":["post-22565","post","type-post","status-publish","format-standard","has-post-thumbnail","hentry","category-acts","category-leony","tag-2595","tag-foerdebuehne","tag-kiel","tag-kieler-woche","tag-leony"],"aioseo_notices":[],"jetpack_publicize_connections":[],"jetpack_featured_media_url":"http:\/\/www.rockpixx.com\/wordpress\/wp-content\/uploads\/2022\/06\/20220607-1-rp-041.jpg","jetpack-related-posts":[{"id":6406,"url":"http:\/\/www.rockpixx.com\/wordpress\/quo-19-06-2010-kiel-ndr-buhne\/","url_meta":{"origin":22565,"position":0},"title":"Quo, 19.06.2010, Kiel, NDR-B\u00fchne","author":"Anja","date":"19. Juni 2010","format":false,"excerpt":"Irgendwie geh\u00f6ren die vier Jungs von \u201eQuo\u201c f\u00fcr uns auf der \u201eKieler Woche\u201c ja schon beinahe zum Inventar \u2013 egal auf welcher B\u00fchne. Dieses Jahr liefern sie also auf der NDR-B\u00fchne ihre Show und es f\u00fchlt sich \u2013 wie die Jahre zuvor \u2013 ebenfalls wieder richtig gut nach \u2192\u00a0\u201eStatus Quo\u201c\u2026","rel":"","context":"In &quot;Acts&quot;","block_context":{"text":"Acts","link":"http:\/\/www.rockpixx.com\/wordpress\/category\/acts\/"},"img":{"alt_text":"Quo, 19.06.2010, Kiel, NDR-B\u00fchne","src":"https:\/\/i0.wp.com\/www.rockpixx.com\/wordpress\/wp-content\/uploads\/2013\/01\/20100619-01-quo-Artikel.jpg?resize=350%2C200","width":350,"height":200,"srcset":"https:\/\/i0.wp.com\/www.rockpixx.com\/wordpress\/wp-content\/uploads\/2013\/01\/20100619-01-quo-Artikel.jpg?resize=350%2C200 1x, https:\/\/i0.wp.com\/www.rockpixx.com\/wordpress\/wp-content\/uploads\/2013\/01\/20100619-01-quo-Artikel.jpg?resize=525%2C300 1.5x, https:\/\/i0.wp.com\/www.rockpixx.com\/wordpress\/wp-content\/uploads\/2013\/01\/20100619-01-quo-Artikel.jpg?resize=700%2C400 2x"},"classes":[]},{"id":20375,"url":"http:\/\/www.rockpixx.com\/wordpress\/biggs-b-sonic-23-06-2016-kieler-woche-rathaus-buehne-kiel\/","url_meta":{"origin":22565,"position":1},"title":"BIGGS B SONIC, 23.06.2016, Kieler Woche, Rathaus-B\u00fchne, Kiel","author":"A. Hahl","date":"24. Juni 2016","format":false,"excerpt":"Dieser laue bzw. hei\u00dfe Sommerabend steht an der Rathausb\u00fchne ganz unter dem Rockabilly-Motto. Er\u00f6ffnet wurde er von \u2192Bela B und nun warte ich hier im Graben vor der Rathausb\u00fchne auf \u201eBIGGS B SONIC\u201c. Immer wieder gehen die besorgten Blicke zum Himmel \u2013 es wurden ja f\u00fcr den heutigen Tag unwetterartige\u2026","rel":"","context":"In &quot;Acts&quot;","block_context":{"text":"Acts","link":"http:\/\/www.rockpixx.com\/wordpress\/category\/acts\/"},"img":{"alt_text":"BIGGS B SONIC, 23.06.2016, Kiel, Kieler Woche, Rathaus-B\u00fchne","src":"https:\/\/i0.wp.com\/www.rockpixx.com\/wordpress\/wp-content\/uploads\/2016\/06\/20160623-05-094.jpg?resize=350%2C200","width":350,"height":200,"srcset":"https:\/\/i0.wp.com\/www.rockpixx.com\/wordpress\/wp-content\/uploads\/2016\/06\/20160623-05-094.jpg?resize=350%2C200 1x, https:\/\/i0.wp.com\/www.rockpixx.com\/wordpress\/wp-content\/uploads\/2016\/06\/20160623-05-094.jpg?resize=525%2C300 1.5x, https:\/\/i0.wp.com\/www.rockpixx.com\/wordpress\/wp-content\/uploads\/2016\/06\/20160623-05-094.jpg?resize=700%2C400 2x"},"classes":[]},{"id":18134,"url":"http:\/\/www.rockpixx.com\/wordpress\/sasha-19-06-2015-kieler-woche-hoern-buehne-kiel\/","url_meta":{"origin":22565,"position":2},"title":"Sasha, 19.06.2015, Kieler Woche, H\u00f6rn-B\u00fchne, Kiel","author":"Anja","date":"20. Juni 2015","format":false,"excerpt":"Sechs Jahre ist es schon her, dass ich Sasha zuletzt \u2192 vor meinen Kameras hatte. In der Zeit ist viel passiert, inklusive einer zwischenzeitlichen Umorientierung von Sasha hin zu seinem Alter Ego \u201eDick Brave\u201c \u2013 den ich in den Jahren dazwischen auch \u2192 schon mehrmals fotografiert habe. Was ist neu,\u2026","rel":"","context":"In &quot;Acts&quot;","block_context":{"text":"Acts","link":"http:\/\/www.rockpixx.com\/wordpress\/category\/acts\/"},"img":{"alt_text":"Sasha, 19.06.2015, H\u00f6rn-B\u00fchne, Kiel","src":"https:\/\/i0.wp.com\/www.rockpixx.com\/wordpress\/wp-content\/uploads\/2015\/06\/20150619-02-072_sasha_Artikel.jpg?resize=350%2C200","width":350,"height":200,"srcset":"https:\/\/i0.wp.com\/www.rockpixx.com\/wordpress\/wp-content\/uploads\/2015\/06\/20150619-02-072_sasha_Artikel.jpg?resize=350%2C200 1x, https:\/\/i0.wp.com\/www.rockpixx.com\/wordpress\/wp-content\/uploads\/2015\/06\/20150619-02-072_sasha_Artikel.jpg?resize=525%2C300 1.5x, https:\/\/i0.wp.com\/www.rockpixx.com\/wordpress\/wp-content\/uploads\/2015\/06\/20150619-02-072_sasha_Artikel.jpg?resize=700%2C400 2x"},"classes":[]},{"id":18243,"url":"http:\/\/www.rockpixx.com\/wordpress\/guildo-horn-20-06-2015-kieler-woche-hoern-buehne-kiel\/","url_meta":{"origin":22565,"position":3},"title":"Guildo Horn, 20.06.2015, Kieler Woche, H\u00f6rn-B\u00fchne, Kiel","author":"Anja","date":"21. Juni 2015","format":false,"excerpt":"Nach vier Jahren durfte ich Guildo Horn \u2192 zum 2. Mal auf der Kieler Woche erleben. Das Intro mit Klassischer Musik und einer Stimme aus dem Off, die die Nussecke im Stil \u201e\u2026 und der Herr sprach es werde Licht \u2026\u201c anpries, brachte mich zum schmunzeln. Den \u201eEinmarsch\u201c der Musiker\u2026","rel":"","context":"In &quot;Acts&quot;","block_context":{"text":"Acts","link":"http:\/\/www.rockpixx.com\/wordpress\/category\/acts\/"},"img":{"alt_text":"Guildo Horn &amp; Die orthop\u00e4dischen Str\u00fcmpfe, 20.06.2015, H\u00f6rn-B\u00fchne, Kiel","src":"https:\/\/i0.wp.com\/www.rockpixx.com\/wordpress\/wp-content\/uploads\/2015\/06\/20150620-02-067_guildo-horn_Artikel.jpg?resize=350%2C200","width":350,"height":200,"srcset":"https:\/\/i0.wp.com\/www.rockpixx.com\/wordpress\/wp-content\/uploads\/2015\/06\/20150620-02-067_guildo-horn_Artikel.jpg?resize=350%2C200 1x, https:\/\/i0.wp.com\/www.rockpixx.com\/wordpress\/wp-content\/uploads\/2015\/06\/20150620-02-067_guildo-horn_Artikel.jpg?resize=525%2C300 1.5x, https:\/\/i0.wp.com\/www.rockpixx.com\/wordpress\/wp-content\/uploads\/2015\/06\/20150620-02-067_guildo-horn_Artikel.jpg?resize=700%2C400 2x"},"classes":[]},{"id":20363,"url":"http:\/\/www.rockpixx.com\/wordpress\/royal-republic-23-06-2016-kieler-woche-hoern-buehne-kiel\/","url_meta":{"origin":22565,"position":4},"title":"Royal Republic, 23.06.2016, Kieler Woche, H\u00f6rn-B\u00fchne, Kiel","author":"A. Hahl","date":"24. Juni 2016","format":false,"excerpt":"\u201eSchweden rockt!\u201c habe ich ja schon in diversen anderen Reviews festgestellt und diese Festellung gilt nat\u00fcrlich auch hier und heute erneut f\u00fcr die vier Musiker von \u201eRoyal Republic\u201c. 2013 sah ich sie zuletzt auf dem \u201eDeichbrand-Festival\u201c und nun stehen sie erneut vor mir: Die Garderobe etwas edler, das B\u00fchnenbild etwas\u2026","rel":"","context":"In &quot;Acts&quot;","block_context":{"text":"Acts","link":"http:\/\/www.rockpixx.com\/wordpress\/category\/acts\/"},"img":{"alt_text":"Royal Republic, 23.06.2016, Kiel, Kieler Woche, H\u00f6rn-B\u00fchne","src":"https:\/\/i0.wp.com\/www.rockpixx.com\/wordpress\/wp-content\/uploads\/2016\/06\/20160623-04-157.jpg?resize=350%2C200","width":350,"height":200,"srcset":"https:\/\/i0.wp.com\/www.rockpixx.com\/wordpress\/wp-content\/uploads\/2016\/06\/20160623-04-157.jpg?resize=350%2C200 1x, https:\/\/i0.wp.com\/www.rockpixx.com\/wordpress\/wp-content\/uploads\/2016\/06\/20160623-04-157.jpg?resize=525%2C300 1.5x, https:\/\/i0.wp.com\/www.rockpixx.com\/wordpress\/wp-content\/uploads\/2016\/06\/20160623-04-157.jpg?resize=700%2C400 2x"},"classes":[]},{"id":21147,"url":"http:\/\/www.rockpixx.com\/wordpress\/amy-macdonald-16-06-2017-kiel-hoernbuehne\/","url_meta":{"origin":22565,"position":5},"title":"Amy Macdonald, 16.06.2017, Kiel, H\u00f6rnb\u00fchne","author":"admin","date":"17. Juni 2017","format":false,"excerpt":"Wir setzen zurzeit innerhalb von DOUBLE-A-DESIGN deutlich anders gewichtete Priorit\u00e4ten \u2013 daher auch die 293-t\u00e4gige Flaute auf rockpixx.com. Nun hat mich aber Amy Macdonald doch wieder einmal in einen Graben gelockt, genauer gesagt, den Graben der H\u00f6rnb\u00fchne zur Kieler Woche 2017. Im Dezember 2013 hatte ich sie ja schon einmal\u2026","rel":"","context":"In &quot;Acts&quot;","block_context":{"text":"Acts","link":"http:\/\/www.rockpixx.com\/wordpress\/category\/acts\/"},"img":{"alt_text":"Amy MacDonald, 16.06.2017, Kiel, H\u00f6rnb\u00fchne, rockpixx.com | premium concertpics | Alexander Hahl","src":"https:\/\/i0.wp.com\/www.rockpixx.com\/wordpress\/wp-content\/uploads\/2017\/06\/20170616-042.jpg?resize=350%2C200","width":350,"height":200,"srcset":"https:\/\/i0.wp.com\/www.rockpixx.com\/wordpress\/wp-content\/uploads\/2017\/06\/20170616-042.jpg?resize=350%2C200 1x, https:\/\/i0.wp.com\/www.rockpixx.com\/wordpress\/wp-content\/uploads\/2017\/06\/20170616-042.jpg?resize=525%2C300 1.5x, https:\/\/i0.wp.com\/www.rockpixx.com\/wordpress\/wp-content\/uploads\/2017\/06\/20170616-042.jpg?resize=700%2C400 2x"},"classes":[]}],"jetpack_sharing_enabled":true,"publishpress_future_action":{"enabled":false,"date":"2026-05-06 23:13:06","action":"change-status","newStatus":"draft","terms":[],"taxonomy":"category","extraData":[]},"publishpress_future_workflow_manual_trigger":{"enabledWorkflows":[]},"_links":{"self":[{"href":"http:\/\/www.rockpixx.com\/wordpress\/wp-json\/wp\/v2\/posts\/22565","targetHints":{"allow":["GET"]}}],"collection":[{"href":"http:\/\/www.rockpixx.com\/wordpress\/wp-json\/wp\/v2\/posts"}],"about":[{"href":"http:\/\/www.rockpixx.com\/wordpress\/wp-json\/wp\/v2\/types\/post"}],"author":[{"embeddable":true,"href":"http:\/\/www.rockpixx.com\/wordpress\/wp-json\/wp\/v2\/users\/3"}],"replies":[{"embeddable":true,"href":"http:\/\/www.rockpixx.com\/wordpress\/wp-json\/wp\/v2\/comments?post=22565"}],"version-history":[{"count":8,"href":"http:\/\/www.rockpixx.com\/wordpress\/wp-json\/wp\/v2\/posts\/22565\/revisions"}],"predecessor-version":[{"id":22579,"href":"http:\/\/www.rockpixx.com\/wordpress\/wp-json\/wp\/v2\/posts\/22565\/revisions\/22579"}],"wp:featuredmedia":[{"embeddable":true,"href":"http:\/\/www.rockpixx.com\/wordpress\/wp-json\/wp\/v2\/media\/22556"}],"wp:attachment":[{"href":"http:\/\/www.rockpixx.com\/wordpress\/wp-json\/wp\/v2\/media?parent=22565"}],"wp:term":[{"taxonomy":"category","embeddable":true,"href":"http:\/\/www.rockpixx.com\/wordpress\/wp-json\/wp\/v2\/categories?post=22565"},{"taxonomy":"post_tag","embeddable":true,"href":"http:\/\/www.rockpixx.com\/wordpress\/wp-json\/wp\/v2\/tags?post=22565"}],"curies":[{"name":"wp","href":"https:\/\/api.w.org\/{rel}","templated":true}]}}