{"id":22599,"date":"2022-06-18T11:22:28","date_gmt":"2022-06-18T10:22:28","guid":{"rendered":"http:\/\/www.rockpixx.com\/wordpress\/leony-2022-copy\/"},"modified":"2022-06-18T11:41:56","modified_gmt":"2022-06-18T10:41:56","slug":"the-new-roses-2022","status":"publish","type":"post","link":"http:\/\/www.rockpixx.com\/wordpress\/the-new-roses-2022\/","title":{"rendered":"The New Roses, 17.06.2022, Kiel, Kieler Woche, Radio BOB! Rockcamp"},"content":{"rendered":"\n<p>Es gibt auch richtig gute und erfolgreiche Rockmusik aus deutschen Landen \u2013 The New Roses sind ein gutes Beispiel daf\u00fcr. Seit 2012 tourt die Band unter diesem Namen, ihr letztes Album stieg 2019 sogar auf Platz 10 in die Charts ein. Als Supportact sind sie ebenfalls sehr begehrt, so tourten sie u. a. schon mit ZZ Top, den Toten Hosen oder aktuell (2022) auf der (wievielten eigentlich?) Abschiedstournee von Kiss. Aber auch viele Auftritte auf Festivals k\u00f6nnen durchaus als Beleg f\u00fcr die Qualit\u00e4t und Best\u00e4ndigkeit dieser Band gelten.<\/p>\n\n\n\n<!--more-->\n\n\n\n<p>Heute stehen sie auf der B\u00fchne des Radio BOB! Rockcamps und geben dem begeisterten Publikum ordentlich etwas auf die Ohren. Das Licht ist zum Fotografieren etwas fies (oder ich habe mich noch nicht wieder an LEDs ohne Frontlights gew\u00f6hnt) aber ansonsten macht es Spa\u00df, einmal wieder Rockmusikern bei der Arbeit zuzusehen und ab und zu w\u00e4hrend der ersten drei Songs auf den Ausl\u00f6ser einer der mitgef\u00fchrten Kameras zu dr\u00fccken.<\/p>\n\n\n\n<p>Fazit: Der zweite von zwei Gigs am Soundcheck-Abend hat sich ebenfalls gelohnt und ich mache mich wieder auf den Heimweg.<\/p>\n\n\n\n<p class=\"has-text-align-right\">Fotos: <a href=\"mailto:info@rockpixx.com\">Alex<\/a> | Text: <a href=\"mailto:info@rockpixx.com\">Alex<\/a><\/p>\n\n\n\n<figure class=\"wp-block-gallery has-nested-images columns-default is-cropped wp-block-gallery-1 is-layout-flex wp-block-gallery-is-layout-flex\">\n<figure class=\"wp-block-image size-large\"><img loading=\"lazy\" decoding=\"async\" width=\"1200\" height=\"800\" data-attachment-id=\"22580\" data-permalink=\"http:\/\/www.rockpixx.com\/wordpress\/the-new-roses-17-06-2022-kiel-kieler-woche-radio-bob-rockcamp\/\" data-orig-file=\"http:\/\/www.rockpixx.com\/wordpress\/wp-content\/uploads\/2022\/06\/20220607-2-rp-006.jpg\" data-orig-size=\"1200,800\" data-comments-opened=\"0\" data-image-meta=\"{&quot;aperture&quot;:&quot;0&quot;,&quot;credit&quot;:&quot;rockpixx.com | A. Hahl&quot;,&quot;camera&quot;:&quot;&quot;,&quot;caption&quot;:&quot;The New Roses, 17.06.2022, Kiel, Kieler Woche, Radio BOB! Rockcamp&quot;,&quot;created_timestamp&quot;:&quot;1655501777&quot;,&quot;copyright&quot;:&quot;rockpixx.com | A. Hahl&quot;,&quot;focal_length&quot;:&quot;0&quot;,&quot;iso&quot;:&quot;0&quot;,&quot;shutter_speed&quot;:&quot;0&quot;,&quot;title&quot;:&quot;The New Roses, 17.06.2022, Kiel, Kieler Woche, Radio BOB! Rockcamp&quot;,&quot;orientation&quot;:&quot;0&quot;}\" data-image-title=\"The New Roses, 17.06.2022, Kiel, Kieler Woche, Radio BOB! Rockcamp\" data-image-description=\"&lt;p&gt;The New Roses, 17.06.2022, Kiel, Kieler Woche, Radio BOB! Rockcamp&lt;\/p&gt;\n\" data-image-caption=\"&lt;p&gt;The New Roses, 17.06.2022, Kiel, Kieler Woche, Radio BOB! Rockcamp&lt;\/p&gt;\n\" data-large-file=\"http:\/\/www.rockpixx.com\/wordpress\/wp-content\/uploads\/2022\/06\/20220607-2-rp-006-1024x683.jpg\" data-id=\"22580\" src=\"http:\/\/www.rockpixx.com\/wordpress\/wp-content\/uploads\/2022\/06\/20220607-2-rp-006.jpg\" alt=\"The New Roses, 17.06.2022, Kiel, Kieler Woche, Radio BOB! Rockcamp\" class=\"wp-image-22580\" srcset=\"http:\/\/www.rockpixx.com\/wordpress\/wp-content\/uploads\/2022\/06\/20220607-2-rp-006.jpg 1200w, http:\/\/www.rockpixx.com\/wordpress\/wp-content\/uploads\/2022\/06\/20220607-2-rp-006-300x200.jpg 300w, http:\/\/www.rockpixx.com\/wordpress\/wp-content\/uploads\/2022\/06\/20220607-2-rp-006-1024x683.jpg 1024w, http:\/\/www.rockpixx.com\/wordpress\/wp-content\/uploads\/2022\/06\/20220607-2-rp-006-768x512.jpg 768w, http:\/\/www.rockpixx.com\/wordpress\/wp-content\/uploads\/2022\/06\/20220607-2-rp-006-900x600.jpg 900w, http:\/\/www.rockpixx.com\/wordpress\/wp-content\/uploads\/2022\/06\/20220607-2-rp-006-924x616.jpg 924w\" sizes=\"auto, (max-width: 1200px) 100vw, 1200px\" \/><figcaption>The New Roses, 17.06.2022, Kiel, Kieler Woche, Radio BOB! Rockcamp<\/figcaption><\/figure>\n\n\n\n<figure class=\"wp-block-image size-large\"><img loading=\"lazy\" decoding=\"async\" width=\"1200\" height=\"800\" data-attachment-id=\"22581\" data-permalink=\"http:\/\/www.rockpixx.com\/wordpress\/the-new-roses-17-06-2022-kiel-kieler-woche-radio-bob-rockcamp-2\/\" data-orig-file=\"http:\/\/www.rockpixx.com\/wordpress\/wp-content\/uploads\/2022\/06\/20220607-2-rp-008.jpg\" data-orig-size=\"1200,800\" data-comments-opened=\"0\" data-image-meta=\"{&quot;aperture&quot;:&quot;0&quot;,&quot;credit&quot;:&quot;rockpixx.com | A. Hahl&quot;,&quot;camera&quot;:&quot;&quot;,&quot;caption&quot;:&quot;The New Roses, 17.06.2022, Kiel, Kieler Woche, Radio BOB! Rockcamp&quot;,&quot;created_timestamp&quot;:&quot;1655501780&quot;,&quot;copyright&quot;:&quot;rockpixx.com | A. Hahl&quot;,&quot;focal_length&quot;:&quot;0&quot;,&quot;iso&quot;:&quot;0&quot;,&quot;shutter_speed&quot;:&quot;0&quot;,&quot;title&quot;:&quot;The New Roses, 17.06.2022, Kiel, Kieler Woche, Radio BOB! Rockcamp&quot;,&quot;orientation&quot;:&quot;0&quot;}\" data-image-title=\"The New Roses, 17.06.2022, Kiel, Kieler Woche, Radio BOB! Rockcamp\" data-image-description=\"&lt;p&gt;The New Roses, 17.06.2022, Kiel, Kieler Woche, Radio BOB! Rockcamp&lt;\/p&gt;\n\" data-image-caption=\"&lt;p&gt;The New Roses, 17.06.2022, Kiel, Kieler Woche, Radio BOB! Rockcamp&lt;\/p&gt;\n\" data-large-file=\"http:\/\/www.rockpixx.com\/wordpress\/wp-content\/uploads\/2022\/06\/20220607-2-rp-008-1024x683.jpg\" data-id=\"22581\" src=\"http:\/\/www.rockpixx.com\/wordpress\/wp-content\/uploads\/2022\/06\/20220607-2-rp-008.jpg\" alt=\"The New Roses, 17.06.2022, Kiel, Kieler Woche, Radio BOB! Rockcamp\" class=\"wp-image-22581\" srcset=\"http:\/\/www.rockpixx.com\/wordpress\/wp-content\/uploads\/2022\/06\/20220607-2-rp-008.jpg 1200w, http:\/\/www.rockpixx.com\/wordpress\/wp-content\/uploads\/2022\/06\/20220607-2-rp-008-300x200.jpg 300w, http:\/\/www.rockpixx.com\/wordpress\/wp-content\/uploads\/2022\/06\/20220607-2-rp-008-1024x683.jpg 1024w, http:\/\/www.rockpixx.com\/wordpress\/wp-content\/uploads\/2022\/06\/20220607-2-rp-008-768x512.jpg 768w, http:\/\/www.rockpixx.com\/wordpress\/wp-content\/uploads\/2022\/06\/20220607-2-rp-008-900x600.jpg 900w, http:\/\/www.rockpixx.com\/wordpress\/wp-content\/uploads\/2022\/06\/20220607-2-rp-008-924x616.jpg 924w\" sizes=\"auto, (max-width: 1200px) 100vw, 1200px\" \/><figcaption>The New Roses, 17.06.2022, Kiel, Kieler Woche, Radio BOB! Rockcamp<\/figcaption><\/figure>\n\n\n\n<figure class=\"wp-block-image size-large\"><img loading=\"lazy\" decoding=\"async\" width=\"1200\" height=\"800\" data-attachment-id=\"22582\" data-permalink=\"http:\/\/www.rockpixx.com\/wordpress\/the-new-roses-17-06-2022-kiel-kieler-woche-radio-bob-rockcamp-3\/\" data-orig-file=\"http:\/\/www.rockpixx.com\/wordpress\/wp-content\/uploads\/2022\/06\/20220607-2-rp-020.jpg\" data-orig-size=\"1200,800\" data-comments-opened=\"0\" data-image-meta=\"{&quot;aperture&quot;:&quot;0&quot;,&quot;credit&quot;:&quot;rockpixx.com | A. Hahl&quot;,&quot;camera&quot;:&quot;&quot;,&quot;caption&quot;:&quot;The New Roses, 17.06.2022, Kiel, Kieler Woche, Radio BOB! Rockcamp&quot;,&quot;created_timestamp&quot;:&quot;1655501872&quot;,&quot;copyright&quot;:&quot;rockpixx.com | A. Hahl&quot;,&quot;focal_length&quot;:&quot;0&quot;,&quot;iso&quot;:&quot;0&quot;,&quot;shutter_speed&quot;:&quot;0&quot;,&quot;title&quot;:&quot;The New Roses, 17.06.2022, Kiel, Kieler Woche, Radio BOB! Rockcamp&quot;,&quot;orientation&quot;:&quot;0&quot;}\" data-image-title=\"The New Roses, 17.06.2022, Kiel, Kieler Woche, Radio BOB! Rockcamp\" data-image-description=\"&lt;p&gt;The New Roses, 17.06.2022, Kiel, Kieler Woche, Radio BOB! Rockcamp&lt;\/p&gt;\n\" data-image-caption=\"&lt;p&gt;The New Roses, 17.06.2022, Kiel, Kieler Woche, Radio BOB! Rockcamp&lt;\/p&gt;\n\" data-large-file=\"http:\/\/www.rockpixx.com\/wordpress\/wp-content\/uploads\/2022\/06\/20220607-2-rp-020-1024x683.jpg\" data-id=\"22582\" src=\"http:\/\/www.rockpixx.com\/wordpress\/wp-content\/uploads\/2022\/06\/20220607-2-rp-020.jpg\" alt=\"The New Roses, 17.06.2022, Kiel, Kieler Woche, Radio BOB! Rockcamp\" class=\"wp-image-22582\" srcset=\"http:\/\/www.rockpixx.com\/wordpress\/wp-content\/uploads\/2022\/06\/20220607-2-rp-020.jpg 1200w, http:\/\/www.rockpixx.com\/wordpress\/wp-content\/uploads\/2022\/06\/20220607-2-rp-020-300x200.jpg 300w, http:\/\/www.rockpixx.com\/wordpress\/wp-content\/uploads\/2022\/06\/20220607-2-rp-020-1024x683.jpg 1024w, http:\/\/www.rockpixx.com\/wordpress\/wp-content\/uploads\/2022\/06\/20220607-2-rp-020-768x512.jpg 768w, http:\/\/www.rockpixx.com\/wordpress\/wp-content\/uploads\/2022\/06\/20220607-2-rp-020-900x600.jpg 900w, http:\/\/www.rockpixx.com\/wordpress\/wp-content\/uploads\/2022\/06\/20220607-2-rp-020-924x616.jpg 924w\" sizes=\"auto, (max-width: 1200px) 100vw, 1200px\" \/><figcaption>The New Roses, 17.06.2022, Kiel, Kieler Woche, Radio BOB! Rockcamp<\/figcaption><\/figure>\n\n\n\n<figure class=\"wp-block-image size-large\"><img loading=\"lazy\" decoding=\"async\" width=\"1200\" height=\"800\" data-attachment-id=\"22583\" data-permalink=\"http:\/\/www.rockpixx.com\/wordpress\/the-new-roses-17-06-2022-kiel-kieler-woche-radio-bob-rockcamp-4\/\" data-orig-file=\"http:\/\/www.rockpixx.com\/wordpress\/wp-content\/uploads\/2022\/06\/20220607-2-rp-028.jpg\" data-orig-size=\"1200,800\" data-comments-opened=\"0\" data-image-meta=\"{&quot;aperture&quot;:&quot;0&quot;,&quot;credit&quot;:&quot;rockpixx.com | A. Hahl&quot;,&quot;camera&quot;:&quot;&quot;,&quot;caption&quot;:&quot;The New Roses, 17.06.2022, Kiel, Kieler Woche, Radio BOB! Rockcamp&quot;,&quot;created_timestamp&quot;:&quot;1655501913&quot;,&quot;copyright&quot;:&quot;rockpixx.com | A. Hahl&quot;,&quot;focal_length&quot;:&quot;0&quot;,&quot;iso&quot;:&quot;0&quot;,&quot;shutter_speed&quot;:&quot;0&quot;,&quot;title&quot;:&quot;The New Roses, 17.06.2022, Kiel, Kieler Woche, Radio BOB! Rockcamp&quot;,&quot;orientation&quot;:&quot;0&quot;}\" data-image-title=\"The New Roses, 17.06.2022, Kiel, Kieler Woche, Radio BOB! Rockcamp\" data-image-description=\"&lt;p&gt;The New Roses, 17.06.2022, Kiel, Kieler Woche, Radio BOB! Rockcamp&lt;\/p&gt;\n\" data-image-caption=\"&lt;p&gt;The New Roses, 17.06.2022, Kiel, Kieler Woche, Radio BOB! Rockcamp&lt;\/p&gt;\n\" data-large-file=\"http:\/\/www.rockpixx.com\/wordpress\/wp-content\/uploads\/2022\/06\/20220607-2-rp-028-1024x683.jpg\" data-id=\"22583\" src=\"http:\/\/www.rockpixx.com\/wordpress\/wp-content\/uploads\/2022\/06\/20220607-2-rp-028.jpg\" alt=\"The New Roses, 17.06.2022, Kiel, Kieler Woche, Radio BOB! Rockcamp\" class=\"wp-image-22583\" srcset=\"http:\/\/www.rockpixx.com\/wordpress\/wp-content\/uploads\/2022\/06\/20220607-2-rp-028.jpg 1200w, http:\/\/www.rockpixx.com\/wordpress\/wp-content\/uploads\/2022\/06\/20220607-2-rp-028-300x200.jpg 300w, http:\/\/www.rockpixx.com\/wordpress\/wp-content\/uploads\/2022\/06\/20220607-2-rp-028-1024x683.jpg 1024w, http:\/\/www.rockpixx.com\/wordpress\/wp-content\/uploads\/2022\/06\/20220607-2-rp-028-768x512.jpg 768w, http:\/\/www.rockpixx.com\/wordpress\/wp-content\/uploads\/2022\/06\/20220607-2-rp-028-900x600.jpg 900w, http:\/\/www.rockpixx.com\/wordpress\/wp-content\/uploads\/2022\/06\/20220607-2-rp-028-924x616.jpg 924w\" sizes=\"auto, (max-width: 1200px) 100vw, 1200px\" \/><figcaption>The New Roses, 17.06.2022, Kiel, Kieler Woche, Radio BOB! Rockcamp<\/figcaption><\/figure>\n\n\n\n<figure class=\"wp-block-image size-large\"><img loading=\"lazy\" decoding=\"async\" width=\"1200\" height=\"800\" data-attachment-id=\"22584\" data-permalink=\"http:\/\/www.rockpixx.com\/wordpress\/the-new-roses-17-06-2022-kiel-kieler-woche-radio-bob-rockcamp-5\/\" data-orig-file=\"http:\/\/www.rockpixx.com\/wordpress\/wp-content\/uploads\/2022\/06\/20220607-2-rp-033.jpg\" data-orig-size=\"1200,800\" data-comments-opened=\"0\" data-image-meta=\"{&quot;aperture&quot;:&quot;0&quot;,&quot;credit&quot;:&quot;rockpixx.com | A. Hahl&quot;,&quot;camera&quot;:&quot;&quot;,&quot;caption&quot;:&quot;The New Roses, 17.06.2022, Kiel, Kieler Woche, Radio BOB! Rockcamp&quot;,&quot;created_timestamp&quot;:&quot;1655501919&quot;,&quot;copyright&quot;:&quot;rockpixx.com | A. Hahl&quot;,&quot;focal_length&quot;:&quot;0&quot;,&quot;iso&quot;:&quot;0&quot;,&quot;shutter_speed&quot;:&quot;0&quot;,&quot;title&quot;:&quot;The New Roses, 17.06.2022, Kiel, Kieler Woche, Radio BOB! Rockcamp&quot;,&quot;orientation&quot;:&quot;0&quot;}\" data-image-title=\"The New Roses, 17.06.2022, Kiel, Kieler Woche, Radio BOB! Rockcamp\" data-image-description=\"&lt;p&gt;The New Roses, 17.06.2022, Kiel, Kieler Woche, Radio BOB! Rockcamp&lt;\/p&gt;\n\" data-image-caption=\"&lt;p&gt;The New Roses, 17.06.2022, Kiel, Kieler Woche, Radio BOB! Rockcamp&lt;\/p&gt;\n\" data-large-file=\"http:\/\/www.rockpixx.com\/wordpress\/wp-content\/uploads\/2022\/06\/20220607-2-rp-033-1024x683.jpg\" data-id=\"22584\" src=\"http:\/\/www.rockpixx.com\/wordpress\/wp-content\/uploads\/2022\/06\/20220607-2-rp-033.jpg\" alt=\"The New Roses, 17.06.2022, Kiel, Kieler Woche, Radio BOB! Rockcamp\" class=\"wp-image-22584\" srcset=\"http:\/\/www.rockpixx.com\/wordpress\/wp-content\/uploads\/2022\/06\/20220607-2-rp-033.jpg 1200w, http:\/\/www.rockpixx.com\/wordpress\/wp-content\/uploads\/2022\/06\/20220607-2-rp-033-300x200.jpg 300w, http:\/\/www.rockpixx.com\/wordpress\/wp-content\/uploads\/2022\/06\/20220607-2-rp-033-1024x683.jpg 1024w, http:\/\/www.rockpixx.com\/wordpress\/wp-content\/uploads\/2022\/06\/20220607-2-rp-033-768x512.jpg 768w, http:\/\/www.rockpixx.com\/wordpress\/wp-content\/uploads\/2022\/06\/20220607-2-rp-033-900x600.jpg 900w, http:\/\/www.rockpixx.com\/wordpress\/wp-content\/uploads\/2022\/06\/20220607-2-rp-033-924x616.jpg 924w\" sizes=\"auto, (max-width: 1200px) 100vw, 1200px\" \/><figcaption>The New Roses, 17.06.2022, Kiel, Kieler Woche, Radio BOB! Rockcamp<\/figcaption><\/figure>\n\n\n\n<figure class=\"wp-block-image size-large\"><img loading=\"lazy\" decoding=\"async\" width=\"1200\" height=\"800\" data-attachment-id=\"22585\" data-permalink=\"http:\/\/www.rockpixx.com\/wordpress\/the-new-roses-17-06-2022-kiel-kieler-woche-radio-bob-rockcamp-6\/\" data-orig-file=\"http:\/\/www.rockpixx.com\/wordpress\/wp-content\/uploads\/2022\/06\/20220607-2-rp-036.jpg\" data-orig-size=\"1200,800\" data-comments-opened=\"0\" data-image-meta=\"{&quot;aperture&quot;:&quot;0&quot;,&quot;credit&quot;:&quot;rockpixx.com | A. Hahl&quot;,&quot;camera&quot;:&quot;&quot;,&quot;caption&quot;:&quot;The New Roses, 17.06.2022, Kiel, Kieler Woche, Radio BOB! Rockcamp&quot;,&quot;created_timestamp&quot;:&quot;1655501932&quot;,&quot;copyright&quot;:&quot;rockpixx.com | A. Hahl&quot;,&quot;focal_length&quot;:&quot;0&quot;,&quot;iso&quot;:&quot;0&quot;,&quot;shutter_speed&quot;:&quot;0&quot;,&quot;title&quot;:&quot;The New Roses, 17.06.2022, Kiel, Kieler Woche, Radio BOB! Rockcamp&quot;,&quot;orientation&quot;:&quot;0&quot;}\" data-image-title=\"The New Roses, 17.06.2022, Kiel, Kieler Woche, Radio BOB! Rockcamp\" data-image-description=\"&lt;p&gt;The New Roses, 17.06.2022, Kiel, Kieler Woche, Radio BOB! Rockcamp&lt;\/p&gt;\n\" data-image-caption=\"&lt;p&gt;The New Roses, 17.06.2022, Kiel, Kieler Woche, Radio BOB! Rockcamp&lt;\/p&gt;\n\" data-large-file=\"http:\/\/www.rockpixx.com\/wordpress\/wp-content\/uploads\/2022\/06\/20220607-2-rp-036-1024x683.jpg\" data-id=\"22585\" src=\"http:\/\/www.rockpixx.com\/wordpress\/wp-content\/uploads\/2022\/06\/20220607-2-rp-036.jpg\" alt=\"The New Roses, 17.06.2022, Kiel, Kieler Woche, Radio BOB! Rockcamp\" class=\"wp-image-22585\" srcset=\"http:\/\/www.rockpixx.com\/wordpress\/wp-content\/uploads\/2022\/06\/20220607-2-rp-036.jpg 1200w, http:\/\/www.rockpixx.com\/wordpress\/wp-content\/uploads\/2022\/06\/20220607-2-rp-036-300x200.jpg 300w, http:\/\/www.rockpixx.com\/wordpress\/wp-content\/uploads\/2022\/06\/20220607-2-rp-036-1024x683.jpg 1024w, http:\/\/www.rockpixx.com\/wordpress\/wp-content\/uploads\/2022\/06\/20220607-2-rp-036-768x512.jpg 768w, http:\/\/www.rockpixx.com\/wordpress\/wp-content\/uploads\/2022\/06\/20220607-2-rp-036-900x600.jpg 900w, http:\/\/www.rockpixx.com\/wordpress\/wp-content\/uploads\/2022\/06\/20220607-2-rp-036-924x616.jpg 924w\" sizes=\"auto, (max-width: 1200px) 100vw, 1200px\" \/><figcaption>The New Roses, 17.06.2022, Kiel, Kieler Woche, Radio BOB! Rockcamp<\/figcaption><\/figure>\n\n\n\n<figure class=\"wp-block-image size-large\"><img loading=\"lazy\" decoding=\"async\" width=\"1200\" height=\"800\" data-attachment-id=\"22586\" data-permalink=\"http:\/\/www.rockpixx.com\/wordpress\/the-new-roses-17-06-2022-kiel-kieler-woche-radio-bob-rockcamp-7\/\" data-orig-file=\"http:\/\/www.rockpixx.com\/wordpress\/wp-content\/uploads\/2022\/06\/20220607-2-rp-037.jpg\" data-orig-size=\"1200,800\" data-comments-opened=\"0\" data-image-meta=\"{&quot;aperture&quot;:&quot;0&quot;,&quot;credit&quot;:&quot;rockpixx.com | A. Hahl&quot;,&quot;camera&quot;:&quot;&quot;,&quot;caption&quot;:&quot;The New Roses, 17.06.2022, Kiel, Kieler Woche, Radio BOB! Rockcamp&quot;,&quot;created_timestamp&quot;:&quot;1655501933&quot;,&quot;copyright&quot;:&quot;rockpixx.com | A. Hahl&quot;,&quot;focal_length&quot;:&quot;0&quot;,&quot;iso&quot;:&quot;0&quot;,&quot;shutter_speed&quot;:&quot;0&quot;,&quot;title&quot;:&quot;The New Roses, 17.06.2022, Kiel, Kieler Woche, Radio BOB! Rockcamp&quot;,&quot;orientation&quot;:&quot;0&quot;}\" data-image-title=\"The New Roses, 17.06.2022, Kiel, Kieler Woche, Radio BOB! Rockcamp\" data-image-description=\"&lt;p&gt;The New Roses, 17.06.2022, Kiel, Kieler Woche, Radio BOB! Rockcamp&lt;\/p&gt;\n\" data-image-caption=\"&lt;p&gt;The New Roses, 17.06.2022, Kiel, Kieler Woche, Radio BOB! Rockcamp&lt;\/p&gt;\n\" data-large-file=\"http:\/\/www.rockpixx.com\/wordpress\/wp-content\/uploads\/2022\/06\/20220607-2-rp-037-1024x683.jpg\" data-id=\"22586\" src=\"http:\/\/www.rockpixx.com\/wordpress\/wp-content\/uploads\/2022\/06\/20220607-2-rp-037.jpg\" alt=\"The New Roses, 17.06.2022, Kiel, Kieler Woche, Radio BOB! Rockcamp\" class=\"wp-image-22586\" srcset=\"http:\/\/www.rockpixx.com\/wordpress\/wp-content\/uploads\/2022\/06\/20220607-2-rp-037.jpg 1200w, http:\/\/www.rockpixx.com\/wordpress\/wp-content\/uploads\/2022\/06\/20220607-2-rp-037-300x200.jpg 300w, http:\/\/www.rockpixx.com\/wordpress\/wp-content\/uploads\/2022\/06\/20220607-2-rp-037-1024x683.jpg 1024w, http:\/\/www.rockpixx.com\/wordpress\/wp-content\/uploads\/2022\/06\/20220607-2-rp-037-768x512.jpg 768w, http:\/\/www.rockpixx.com\/wordpress\/wp-content\/uploads\/2022\/06\/20220607-2-rp-037-900x600.jpg 900w, http:\/\/www.rockpixx.com\/wordpress\/wp-content\/uploads\/2022\/06\/20220607-2-rp-037-924x616.jpg 924w\" sizes=\"auto, (max-width: 1200px) 100vw, 1200px\" \/><figcaption>The New Roses, 17.06.2022, Kiel, Kieler Woche, Radio BOB! Rockcamp<\/figcaption><\/figure>\n\n\n\n<figure class=\"wp-block-image size-large\"><img loading=\"lazy\" decoding=\"async\" width=\"1200\" height=\"800\" data-attachment-id=\"22587\" data-permalink=\"http:\/\/www.rockpixx.com\/wordpress\/the-new-roses-17-06-2022-kiel-kieler-woche-radio-bob-rockcamp-8\/\" data-orig-file=\"http:\/\/www.rockpixx.com\/wordpress\/wp-content\/uploads\/2022\/06\/20220607-2-rp-038.jpg\" data-orig-size=\"1200,800\" data-comments-opened=\"0\" data-image-meta=\"{&quot;aperture&quot;:&quot;0&quot;,&quot;credit&quot;:&quot;rockpixx.com | A. Hahl&quot;,&quot;camera&quot;:&quot;&quot;,&quot;caption&quot;:&quot;The New Roses, 17.06.2022, Kiel, Kieler Woche, Radio BOB! Rockcamp&quot;,&quot;created_timestamp&quot;:&quot;1655501942&quot;,&quot;copyright&quot;:&quot;rockpixx.com | A. Hahl&quot;,&quot;focal_length&quot;:&quot;0&quot;,&quot;iso&quot;:&quot;0&quot;,&quot;shutter_speed&quot;:&quot;0&quot;,&quot;title&quot;:&quot;The New Roses, 17.06.2022, Kiel, Kieler Woche, Radio BOB! Rockcamp&quot;,&quot;orientation&quot;:&quot;0&quot;}\" data-image-title=\"The New Roses, 17.06.2022, Kiel, Kieler Woche, Radio BOB! Rockcamp\" data-image-description=\"&lt;p&gt;The New Roses, 17.06.2022, Kiel, Kieler Woche, Radio BOB! Rockcamp&lt;\/p&gt;\n\" data-image-caption=\"&lt;p&gt;The New Roses, 17.06.2022, Kiel, Kieler Woche, Radio BOB! Rockcamp&lt;\/p&gt;\n\" data-large-file=\"http:\/\/www.rockpixx.com\/wordpress\/wp-content\/uploads\/2022\/06\/20220607-2-rp-038-1024x683.jpg\" data-id=\"22587\" src=\"http:\/\/www.rockpixx.com\/wordpress\/wp-content\/uploads\/2022\/06\/20220607-2-rp-038.jpg\" alt=\"The New Roses, 17.06.2022, Kiel, Kieler Woche, Radio BOB! Rockcamp\" class=\"wp-image-22587\" srcset=\"http:\/\/www.rockpixx.com\/wordpress\/wp-content\/uploads\/2022\/06\/20220607-2-rp-038.jpg 1200w, http:\/\/www.rockpixx.com\/wordpress\/wp-content\/uploads\/2022\/06\/20220607-2-rp-038-300x200.jpg 300w, http:\/\/www.rockpixx.com\/wordpress\/wp-content\/uploads\/2022\/06\/20220607-2-rp-038-1024x683.jpg 1024w, http:\/\/www.rockpixx.com\/wordpress\/wp-content\/uploads\/2022\/06\/20220607-2-rp-038-768x512.jpg 768w, http:\/\/www.rockpixx.com\/wordpress\/wp-content\/uploads\/2022\/06\/20220607-2-rp-038-900x600.jpg 900w, http:\/\/www.rockpixx.com\/wordpress\/wp-content\/uploads\/2022\/06\/20220607-2-rp-038-924x616.jpg 924w\" sizes=\"auto, (max-width: 1200px) 100vw, 1200px\" \/><figcaption>The New Roses, 17.06.2022, Kiel, Kieler Woche, Radio BOB! Rockcamp<\/figcaption><\/figure>\n\n\n\n<figure class=\"wp-block-image size-large\"><img loading=\"lazy\" decoding=\"async\" width=\"1200\" height=\"800\" data-attachment-id=\"22588\" data-permalink=\"http:\/\/www.rockpixx.com\/wordpress\/the-new-roses-17-06-2022-kiel-kieler-woche-radio-bob-rockcamp-9\/\" data-orig-file=\"http:\/\/www.rockpixx.com\/wordpress\/wp-content\/uploads\/2022\/06\/20220607-2-rp-039.jpg\" data-orig-size=\"1200,800\" data-comments-opened=\"0\" data-image-meta=\"{&quot;aperture&quot;:&quot;0&quot;,&quot;credit&quot;:&quot;rockpixx.com | A. Hahl&quot;,&quot;camera&quot;:&quot;&quot;,&quot;caption&quot;:&quot;The New Roses, 17.06.2022, Kiel, Kieler Woche, Radio BOB! Rockcamp&quot;,&quot;created_timestamp&quot;:&quot;1655501943&quot;,&quot;copyright&quot;:&quot;rockpixx.com | A. Hahl&quot;,&quot;focal_length&quot;:&quot;0&quot;,&quot;iso&quot;:&quot;0&quot;,&quot;shutter_speed&quot;:&quot;0&quot;,&quot;title&quot;:&quot;The New Roses, 17.06.2022, Kiel, Kieler Woche, Radio BOB! Rockcamp&quot;,&quot;orientation&quot;:&quot;0&quot;}\" data-image-title=\"The New Roses, 17.06.2022, Kiel, Kieler Woche, Radio BOB! Rockcamp\" data-image-description=\"&lt;p&gt;The New Roses, 17.06.2022, Kiel, Kieler Woche, Radio BOB! Rockcamp&lt;\/p&gt;\n\" data-image-caption=\"&lt;p&gt;The New Roses, 17.06.2022, Kiel, Kieler Woche, Radio BOB! Rockcamp&lt;\/p&gt;\n\" data-large-file=\"http:\/\/www.rockpixx.com\/wordpress\/wp-content\/uploads\/2022\/06\/20220607-2-rp-039-1024x683.jpg\" data-id=\"22588\" src=\"http:\/\/www.rockpixx.com\/wordpress\/wp-content\/uploads\/2022\/06\/20220607-2-rp-039.jpg\" alt=\"The New Roses, 17.06.2022, Kiel, Kieler Woche, Radio BOB! Rockcamp\" class=\"wp-image-22588\" srcset=\"http:\/\/www.rockpixx.com\/wordpress\/wp-content\/uploads\/2022\/06\/20220607-2-rp-039.jpg 1200w, http:\/\/www.rockpixx.com\/wordpress\/wp-content\/uploads\/2022\/06\/20220607-2-rp-039-300x200.jpg 300w, http:\/\/www.rockpixx.com\/wordpress\/wp-content\/uploads\/2022\/06\/20220607-2-rp-039-1024x683.jpg 1024w, http:\/\/www.rockpixx.com\/wordpress\/wp-content\/uploads\/2022\/06\/20220607-2-rp-039-768x512.jpg 768w, http:\/\/www.rockpixx.com\/wordpress\/wp-content\/uploads\/2022\/06\/20220607-2-rp-039-900x600.jpg 900w, http:\/\/www.rockpixx.com\/wordpress\/wp-content\/uploads\/2022\/06\/20220607-2-rp-039-924x616.jpg 924w\" sizes=\"auto, (max-width: 1200px) 100vw, 1200px\" \/><figcaption>The New Roses, 17.06.2022, Kiel, Kieler Woche, Radio BOB! Rockcamp<\/figcaption><\/figure>\n\n\n\n<figure class=\"wp-block-image size-large\"><img loading=\"lazy\" decoding=\"async\" width=\"1200\" height=\"800\" data-attachment-id=\"22589\" data-permalink=\"http:\/\/www.rockpixx.com\/wordpress\/the-new-roses-17-06-2022-kiel-kieler-woche-radio-bob-rockcamp-10\/\" data-orig-file=\"http:\/\/www.rockpixx.com\/wordpress\/wp-content\/uploads\/2022\/06\/20220607-2-rp-042.jpg\" data-orig-size=\"1200,800\" data-comments-opened=\"0\" data-image-meta=\"{&quot;aperture&quot;:&quot;0&quot;,&quot;credit&quot;:&quot;rockpixx.com | A. Hahl&quot;,&quot;camera&quot;:&quot;&quot;,&quot;caption&quot;:&quot;The New Roses, 17.06.2022, Kiel, Kieler Woche, Radio BOB! Rockcamp&quot;,&quot;created_timestamp&quot;:&quot;1655502016&quot;,&quot;copyright&quot;:&quot;rockpixx.com | A. Hahl&quot;,&quot;focal_length&quot;:&quot;0&quot;,&quot;iso&quot;:&quot;0&quot;,&quot;shutter_speed&quot;:&quot;0&quot;,&quot;title&quot;:&quot;The New Roses, 17.06.2022, Kiel, Kieler Woche, Radio BOB! Rockcamp&quot;,&quot;orientation&quot;:&quot;0&quot;}\" data-image-title=\"The New Roses, 17.06.2022, Kiel, Kieler Woche, Radio BOB! Rockcamp\" data-image-description=\"&lt;p&gt;The New Roses, 17.06.2022, Kiel, Kieler Woche, Radio BOB! Rockcamp&lt;\/p&gt;\n\" data-image-caption=\"&lt;p&gt;The New Roses, 17.06.2022, Kiel, Kieler Woche, Radio BOB! Rockcamp&lt;\/p&gt;\n\" data-large-file=\"http:\/\/www.rockpixx.com\/wordpress\/wp-content\/uploads\/2022\/06\/20220607-2-rp-042-1024x683.jpg\" data-id=\"22589\" src=\"http:\/\/www.rockpixx.com\/wordpress\/wp-content\/uploads\/2022\/06\/20220607-2-rp-042.jpg\" alt=\"The New Roses, 17.06.2022, Kiel, Kieler Woche, Radio BOB! Rockcamp\" class=\"wp-image-22589\" srcset=\"http:\/\/www.rockpixx.com\/wordpress\/wp-content\/uploads\/2022\/06\/20220607-2-rp-042.jpg 1200w, http:\/\/www.rockpixx.com\/wordpress\/wp-content\/uploads\/2022\/06\/20220607-2-rp-042-300x200.jpg 300w, http:\/\/www.rockpixx.com\/wordpress\/wp-content\/uploads\/2022\/06\/20220607-2-rp-042-1024x683.jpg 1024w, http:\/\/www.rockpixx.com\/wordpress\/wp-content\/uploads\/2022\/06\/20220607-2-rp-042-768x512.jpg 768w, http:\/\/www.rockpixx.com\/wordpress\/wp-content\/uploads\/2022\/06\/20220607-2-rp-042-900x600.jpg 900w, http:\/\/www.rockpixx.com\/wordpress\/wp-content\/uploads\/2022\/06\/20220607-2-rp-042-924x616.jpg 924w\" sizes=\"auto, (max-width: 1200px) 100vw, 1200px\" \/><figcaption>The New Roses, 17.06.2022, Kiel, Kieler Woche, Radio BOB! Rockcamp<\/figcaption><\/figure>\n\n\n\n<figure class=\"wp-block-image size-large\"><img loading=\"lazy\" decoding=\"async\" width=\"1200\" height=\"800\" data-attachment-id=\"22590\" data-permalink=\"http:\/\/www.rockpixx.com\/wordpress\/the-new-roses-17-06-2022-kiel-kieler-woche-radio-bob-rockcamp-11\/\" data-orig-file=\"http:\/\/www.rockpixx.com\/wordpress\/wp-content\/uploads\/2022\/06\/20220607-2-rp-050.jpg\" data-orig-size=\"1200,800\" data-comments-opened=\"0\" data-image-meta=\"{&quot;aperture&quot;:&quot;0&quot;,&quot;credit&quot;:&quot;rockpixx.com | A. Hahl&quot;,&quot;camera&quot;:&quot;&quot;,&quot;caption&quot;:&quot;The New Roses, 17.06.2022, Kiel, Kieler Woche, Radio BOB! Rockcamp&quot;,&quot;created_timestamp&quot;:&quot;1655502060&quot;,&quot;copyright&quot;:&quot;rockpixx.com | A. Hahl&quot;,&quot;focal_length&quot;:&quot;0&quot;,&quot;iso&quot;:&quot;0&quot;,&quot;shutter_speed&quot;:&quot;0&quot;,&quot;title&quot;:&quot;The New Roses, 17.06.2022, Kiel, Kieler Woche, Radio BOB! Rockcamp&quot;,&quot;orientation&quot;:&quot;0&quot;}\" data-image-title=\"The New Roses, 17.06.2022, Kiel, Kieler Woche, Radio BOB! Rockcamp\" data-image-description=\"&lt;p&gt;The New Roses, 17.06.2022, Kiel, Kieler Woche, Radio BOB! Rockcamp&lt;\/p&gt;\n\" data-image-caption=\"&lt;p&gt;The New Roses, 17.06.2022, Kiel, Kieler Woche, Radio BOB! Rockcamp&lt;\/p&gt;\n\" data-large-file=\"http:\/\/www.rockpixx.com\/wordpress\/wp-content\/uploads\/2022\/06\/20220607-2-rp-050-1024x683.jpg\" data-id=\"22590\" src=\"http:\/\/www.rockpixx.com\/wordpress\/wp-content\/uploads\/2022\/06\/20220607-2-rp-050.jpg\" alt=\"The New Roses, 17.06.2022, Kiel, Kieler Woche, Radio BOB! Rockcamp\" class=\"wp-image-22590\" srcset=\"http:\/\/www.rockpixx.com\/wordpress\/wp-content\/uploads\/2022\/06\/20220607-2-rp-050.jpg 1200w, http:\/\/www.rockpixx.com\/wordpress\/wp-content\/uploads\/2022\/06\/20220607-2-rp-050-300x200.jpg 300w, http:\/\/www.rockpixx.com\/wordpress\/wp-content\/uploads\/2022\/06\/20220607-2-rp-050-1024x683.jpg 1024w, http:\/\/www.rockpixx.com\/wordpress\/wp-content\/uploads\/2022\/06\/20220607-2-rp-050-768x512.jpg 768w, http:\/\/www.rockpixx.com\/wordpress\/wp-content\/uploads\/2022\/06\/20220607-2-rp-050-900x600.jpg 900w, http:\/\/www.rockpixx.com\/wordpress\/wp-content\/uploads\/2022\/06\/20220607-2-rp-050-924x616.jpg 924w\" sizes=\"auto, (max-width: 1200px) 100vw, 1200px\" \/><figcaption>The New Roses, 17.06.2022, Kiel, Kieler Woche, Radio BOB! Rockcamp<\/figcaption><\/figure>\n\n\n\n<figure class=\"wp-block-image size-large\"><img loading=\"lazy\" decoding=\"async\" width=\"1200\" height=\"800\" data-attachment-id=\"22591\" data-permalink=\"http:\/\/www.rockpixx.com\/wordpress\/the-new-roses-17-06-2022-kiel-kieler-woche-radio-bob-rockcamp-12\/\" data-orig-file=\"http:\/\/www.rockpixx.com\/wordpress\/wp-content\/uploads\/2022\/06\/20220607-2-rp-057.jpg\" data-orig-size=\"1200,800\" data-comments-opened=\"0\" data-image-meta=\"{&quot;aperture&quot;:&quot;0&quot;,&quot;credit&quot;:&quot;rockpixx.com | A. Hahl&quot;,&quot;camera&quot;:&quot;&quot;,&quot;caption&quot;:&quot;The New Roses, 17.06.2022, Kiel, Kieler Woche, Radio BOB! Rockcamp&quot;,&quot;created_timestamp&quot;:&quot;1655502087&quot;,&quot;copyright&quot;:&quot;rockpixx.com | A. Hahl&quot;,&quot;focal_length&quot;:&quot;0&quot;,&quot;iso&quot;:&quot;0&quot;,&quot;shutter_speed&quot;:&quot;0&quot;,&quot;title&quot;:&quot;The New Roses, 17.06.2022, Kiel, Kieler Woche, Radio BOB! Rockcamp&quot;,&quot;orientation&quot;:&quot;0&quot;}\" data-image-title=\"The New Roses, 17.06.2022, Kiel, Kieler Woche, Radio BOB! Rockcamp\" data-image-description=\"&lt;p&gt;The New Roses, 17.06.2022, Kiel, Kieler Woche, Radio BOB! Rockcamp&lt;\/p&gt;\n\" data-image-caption=\"&lt;p&gt;The New Roses, 17.06.2022, Kiel, Kieler Woche, Radio BOB! Rockcamp&lt;\/p&gt;\n\" data-large-file=\"http:\/\/www.rockpixx.com\/wordpress\/wp-content\/uploads\/2022\/06\/20220607-2-rp-057-1024x683.jpg\" data-id=\"22591\" src=\"http:\/\/www.rockpixx.com\/wordpress\/wp-content\/uploads\/2022\/06\/20220607-2-rp-057.jpg\" alt=\"The New Roses, 17.06.2022, Kiel, Kieler Woche, Radio BOB! Rockcamp\" class=\"wp-image-22591\" srcset=\"http:\/\/www.rockpixx.com\/wordpress\/wp-content\/uploads\/2022\/06\/20220607-2-rp-057.jpg 1200w, http:\/\/www.rockpixx.com\/wordpress\/wp-content\/uploads\/2022\/06\/20220607-2-rp-057-300x200.jpg 300w, http:\/\/www.rockpixx.com\/wordpress\/wp-content\/uploads\/2022\/06\/20220607-2-rp-057-1024x683.jpg 1024w, http:\/\/www.rockpixx.com\/wordpress\/wp-content\/uploads\/2022\/06\/20220607-2-rp-057-768x512.jpg 768w, http:\/\/www.rockpixx.com\/wordpress\/wp-content\/uploads\/2022\/06\/20220607-2-rp-057-900x600.jpg 900w, http:\/\/www.rockpixx.com\/wordpress\/wp-content\/uploads\/2022\/06\/20220607-2-rp-057-924x616.jpg 924w\" sizes=\"auto, (max-width: 1200px) 100vw, 1200px\" \/><figcaption>The New Roses, 17.06.2022, Kiel, Kieler Woche, Radio BOB! Rockcamp<\/figcaption><\/figure>\n\n\n\n<figure class=\"wp-block-image size-large\"><img loading=\"lazy\" decoding=\"async\" width=\"1200\" height=\"800\" data-attachment-id=\"22592\" data-permalink=\"http:\/\/www.rockpixx.com\/wordpress\/the-new-roses-17-06-2022-kiel-kieler-woche-radio-bob-rockcamp-13\/\" data-orig-file=\"http:\/\/www.rockpixx.com\/wordpress\/wp-content\/uploads\/2022\/06\/20220607-2-rp-065.jpg\" data-orig-size=\"1200,800\" data-comments-opened=\"0\" data-image-meta=\"{&quot;aperture&quot;:&quot;0&quot;,&quot;credit&quot;:&quot;rockpixx.com | A. Hahl&quot;,&quot;camera&quot;:&quot;&quot;,&quot;caption&quot;:&quot;The New Roses, 17.06.2022, Kiel, Kieler Woche, Radio BOB! Rockcamp&quot;,&quot;created_timestamp&quot;:&quot;1655502103&quot;,&quot;copyright&quot;:&quot;rockpixx.com | A. Hahl&quot;,&quot;focal_length&quot;:&quot;0&quot;,&quot;iso&quot;:&quot;0&quot;,&quot;shutter_speed&quot;:&quot;0&quot;,&quot;title&quot;:&quot;The New Roses, 17.06.2022, Kiel, Kieler Woche, Radio BOB! Rockcamp&quot;,&quot;orientation&quot;:&quot;0&quot;}\" data-image-title=\"The New Roses, 17.06.2022, Kiel, Kieler Woche, Radio BOB! Rockcamp\" data-image-description=\"&lt;p&gt;The New Roses, 17.06.2022, Kiel, Kieler Woche, Radio BOB! Rockcamp&lt;\/p&gt;\n\" data-image-caption=\"&lt;p&gt;The New Roses, 17.06.2022, Kiel, Kieler Woche, Radio BOB! Rockcamp&lt;\/p&gt;\n\" data-large-file=\"http:\/\/www.rockpixx.com\/wordpress\/wp-content\/uploads\/2022\/06\/20220607-2-rp-065-1024x683.jpg\" data-id=\"22592\" src=\"http:\/\/www.rockpixx.com\/wordpress\/wp-content\/uploads\/2022\/06\/20220607-2-rp-065.jpg\" alt=\"The New Roses, 17.06.2022, Kiel, Kieler Woche, Radio BOB! Rockcamp\" class=\"wp-image-22592\" srcset=\"http:\/\/www.rockpixx.com\/wordpress\/wp-content\/uploads\/2022\/06\/20220607-2-rp-065.jpg 1200w, http:\/\/www.rockpixx.com\/wordpress\/wp-content\/uploads\/2022\/06\/20220607-2-rp-065-300x200.jpg 300w, http:\/\/www.rockpixx.com\/wordpress\/wp-content\/uploads\/2022\/06\/20220607-2-rp-065-1024x683.jpg 1024w, http:\/\/www.rockpixx.com\/wordpress\/wp-content\/uploads\/2022\/06\/20220607-2-rp-065-768x512.jpg 768w, http:\/\/www.rockpixx.com\/wordpress\/wp-content\/uploads\/2022\/06\/20220607-2-rp-065-900x600.jpg 900w, http:\/\/www.rockpixx.com\/wordpress\/wp-content\/uploads\/2022\/06\/20220607-2-rp-065-924x616.jpg 924w\" sizes=\"auto, (max-width: 1200px) 100vw, 1200px\" \/><figcaption>The New Roses, 17.06.2022, Kiel, Kieler Woche, Radio BOB! Rockcamp<\/figcaption><\/figure>\n\n\n\n<figure class=\"wp-block-image size-large\"><img loading=\"lazy\" decoding=\"async\" width=\"1200\" height=\"800\" data-attachment-id=\"22593\" data-permalink=\"http:\/\/www.rockpixx.com\/wordpress\/the-new-roses-17-06-2022-kiel-kieler-woche-radio-bob-rockcamp-14\/\" data-orig-file=\"http:\/\/www.rockpixx.com\/wordpress\/wp-content\/uploads\/2022\/06\/20220607-2-rp-068.jpg\" data-orig-size=\"1200,800\" data-comments-opened=\"0\" data-image-meta=\"{&quot;aperture&quot;:&quot;0&quot;,&quot;credit&quot;:&quot;rockpixx.com | A. Hahl&quot;,&quot;camera&quot;:&quot;&quot;,&quot;caption&quot;:&quot;The New Roses, 17.06.2022, Kiel, Kieler Woche, Radio BOB! Rockcamp&quot;,&quot;created_timestamp&quot;:&quot;1655502109&quot;,&quot;copyright&quot;:&quot;rockpixx.com | A. Hahl&quot;,&quot;focal_length&quot;:&quot;0&quot;,&quot;iso&quot;:&quot;0&quot;,&quot;shutter_speed&quot;:&quot;0&quot;,&quot;title&quot;:&quot;The New Roses, 17.06.2022, Kiel, Kieler Woche, Radio BOB! Rockcamp&quot;,&quot;orientation&quot;:&quot;0&quot;}\" data-image-title=\"The New Roses, 17.06.2022, Kiel, Kieler Woche, Radio BOB! Rockcamp\" data-image-description=\"&lt;p&gt;The New Roses, 17.06.2022, Kiel, Kieler Woche, Radio BOB! Rockcamp&lt;\/p&gt;\n\" data-image-caption=\"&lt;p&gt;The New Roses, 17.06.2022, Kiel, Kieler Woche, Radio BOB! Rockcamp&lt;\/p&gt;\n\" data-large-file=\"http:\/\/www.rockpixx.com\/wordpress\/wp-content\/uploads\/2022\/06\/20220607-2-rp-068-1024x683.jpg\" data-id=\"22593\" src=\"http:\/\/www.rockpixx.com\/wordpress\/wp-content\/uploads\/2022\/06\/20220607-2-rp-068.jpg\" alt=\"The New Roses, 17.06.2022, Kiel, Kieler Woche, Radio BOB! Rockcamp\" class=\"wp-image-22593\" srcset=\"http:\/\/www.rockpixx.com\/wordpress\/wp-content\/uploads\/2022\/06\/20220607-2-rp-068.jpg 1200w, http:\/\/www.rockpixx.com\/wordpress\/wp-content\/uploads\/2022\/06\/20220607-2-rp-068-300x200.jpg 300w, http:\/\/www.rockpixx.com\/wordpress\/wp-content\/uploads\/2022\/06\/20220607-2-rp-068-1024x683.jpg 1024w, http:\/\/www.rockpixx.com\/wordpress\/wp-content\/uploads\/2022\/06\/20220607-2-rp-068-768x512.jpg 768w, http:\/\/www.rockpixx.com\/wordpress\/wp-content\/uploads\/2022\/06\/20220607-2-rp-068-900x600.jpg 900w, http:\/\/www.rockpixx.com\/wordpress\/wp-content\/uploads\/2022\/06\/20220607-2-rp-068-924x616.jpg 924w\" sizes=\"auto, (max-width: 1200px) 100vw, 1200px\" \/><figcaption>The New Roses, 17.06.2022, Kiel, Kieler Woche, Radio BOB! Rockcamp<\/figcaption><\/figure>\n\n\n\n<figure class=\"wp-block-image size-large\"><img loading=\"lazy\" decoding=\"async\" width=\"1200\" height=\"800\" data-attachment-id=\"22594\" data-permalink=\"http:\/\/www.rockpixx.com\/wordpress\/the-new-roses-17-06-2022-kiel-kieler-woche-radio-bob-rockcamp-15\/\" data-orig-file=\"http:\/\/www.rockpixx.com\/wordpress\/wp-content\/uploads\/2022\/06\/20220607-2-rp-081.jpg\" data-orig-size=\"1200,800\" data-comments-opened=\"0\" data-image-meta=\"{&quot;aperture&quot;:&quot;0&quot;,&quot;credit&quot;:&quot;rockpixx.com | A. Hahl&quot;,&quot;camera&quot;:&quot;&quot;,&quot;caption&quot;:&quot;The New Roses, 17.06.2022, Kiel, Kieler Woche, Radio BOB! Rockcamp&quot;,&quot;created_timestamp&quot;:&quot;1655502313&quot;,&quot;copyright&quot;:&quot;rockpixx.com | A. Hahl&quot;,&quot;focal_length&quot;:&quot;0&quot;,&quot;iso&quot;:&quot;0&quot;,&quot;shutter_speed&quot;:&quot;0&quot;,&quot;title&quot;:&quot;The New Roses, 17.06.2022, Kiel, Kieler Woche, Radio BOB! Rockcamp&quot;,&quot;orientation&quot;:&quot;0&quot;}\" data-image-title=\"The New Roses, 17.06.2022, Kiel, Kieler Woche, Radio BOB! Rockcamp\" data-image-description=\"&lt;p&gt;The New Roses, 17.06.2022, Kiel, Kieler Woche, Radio BOB! Rockcamp&lt;\/p&gt;\n\" data-image-caption=\"&lt;p&gt;The New Roses, 17.06.2022, Kiel, Kieler Woche, Radio BOB! Rockcamp&lt;\/p&gt;\n\" data-large-file=\"http:\/\/www.rockpixx.com\/wordpress\/wp-content\/uploads\/2022\/06\/20220607-2-rp-081-1024x683.jpg\" data-id=\"22594\" src=\"http:\/\/www.rockpixx.com\/wordpress\/wp-content\/uploads\/2022\/06\/20220607-2-rp-081.jpg\" alt=\"The New Roses, 17.06.2022, Kiel, Kieler Woche, Radio BOB! Rockcamp\" class=\"wp-image-22594\" srcset=\"http:\/\/www.rockpixx.com\/wordpress\/wp-content\/uploads\/2022\/06\/20220607-2-rp-081.jpg 1200w, http:\/\/www.rockpixx.com\/wordpress\/wp-content\/uploads\/2022\/06\/20220607-2-rp-081-300x200.jpg 300w, http:\/\/www.rockpixx.com\/wordpress\/wp-content\/uploads\/2022\/06\/20220607-2-rp-081-1024x683.jpg 1024w, http:\/\/www.rockpixx.com\/wordpress\/wp-content\/uploads\/2022\/06\/20220607-2-rp-081-768x512.jpg 768w, http:\/\/www.rockpixx.com\/wordpress\/wp-content\/uploads\/2022\/06\/20220607-2-rp-081-900x600.jpg 900w, http:\/\/www.rockpixx.com\/wordpress\/wp-content\/uploads\/2022\/06\/20220607-2-rp-081-924x616.jpg 924w\" sizes=\"auto, (max-width: 1200px) 100vw, 1200px\" \/><figcaption>The New Roses, 17.06.2022, Kiel, Kieler Woche, Radio BOB! Rockcamp<\/figcaption><\/figure>\n\n\n\n<figure class=\"wp-block-image size-large\"><img loading=\"lazy\" decoding=\"async\" width=\"1200\" height=\"800\" data-attachment-id=\"22595\" data-permalink=\"http:\/\/www.rockpixx.com\/wordpress\/the-new-roses-17-06-2022-kiel-kieler-woche-radio-bob-rockcamp-16\/\" data-orig-file=\"http:\/\/www.rockpixx.com\/wordpress\/wp-content\/uploads\/2022\/06\/20220607-2-rp-082.jpg\" data-orig-size=\"1200,800\" data-comments-opened=\"0\" data-image-meta=\"{&quot;aperture&quot;:&quot;0&quot;,&quot;credit&quot;:&quot;rockpixx.com | A. Hahl&quot;,&quot;camera&quot;:&quot;&quot;,&quot;caption&quot;:&quot;The New Roses, 17.06.2022, Kiel, Kieler Woche, Radio BOB! Rockcamp&quot;,&quot;created_timestamp&quot;:&quot;1655502314&quot;,&quot;copyright&quot;:&quot;rockpixx.com | A. Hahl&quot;,&quot;focal_length&quot;:&quot;0&quot;,&quot;iso&quot;:&quot;0&quot;,&quot;shutter_speed&quot;:&quot;0&quot;,&quot;title&quot;:&quot;The New Roses, 17.06.2022, Kiel, Kieler Woche, Radio BOB! Rockcamp&quot;,&quot;orientation&quot;:&quot;0&quot;}\" data-image-title=\"The New Roses, 17.06.2022, Kiel, Kieler Woche, Radio BOB! Rockcamp\" data-image-description=\"&lt;p&gt;The New Roses, 17.06.2022, Kiel, Kieler Woche, Radio BOB! Rockcamp&lt;\/p&gt;\n\" data-image-caption=\"&lt;p&gt;The New Roses, 17.06.2022, Kiel, Kieler Woche, Radio BOB! Rockcamp&lt;\/p&gt;\n\" data-large-file=\"http:\/\/www.rockpixx.com\/wordpress\/wp-content\/uploads\/2022\/06\/20220607-2-rp-082-1024x683.jpg\" data-id=\"22595\" src=\"http:\/\/www.rockpixx.com\/wordpress\/wp-content\/uploads\/2022\/06\/20220607-2-rp-082.jpg\" alt=\"The New Roses, 17.06.2022, Kiel, Kieler Woche, Radio BOB! Rockcamp\" class=\"wp-image-22595\" srcset=\"http:\/\/www.rockpixx.com\/wordpress\/wp-content\/uploads\/2022\/06\/20220607-2-rp-082.jpg 1200w, http:\/\/www.rockpixx.com\/wordpress\/wp-content\/uploads\/2022\/06\/20220607-2-rp-082-300x200.jpg 300w, http:\/\/www.rockpixx.com\/wordpress\/wp-content\/uploads\/2022\/06\/20220607-2-rp-082-1024x683.jpg 1024w, http:\/\/www.rockpixx.com\/wordpress\/wp-content\/uploads\/2022\/06\/20220607-2-rp-082-768x512.jpg 768w, http:\/\/www.rockpixx.com\/wordpress\/wp-content\/uploads\/2022\/06\/20220607-2-rp-082-900x600.jpg 900w, http:\/\/www.rockpixx.com\/wordpress\/wp-content\/uploads\/2022\/06\/20220607-2-rp-082-924x616.jpg 924w\" sizes=\"auto, (max-width: 1200px) 100vw, 1200px\" \/><figcaption>The New Roses, 17.06.2022, Kiel, Kieler Woche, Radio BOB! Rockcamp<\/figcaption><\/figure>\n\n\n\n<figure class=\"wp-block-image size-large\"><img loading=\"lazy\" decoding=\"async\" width=\"1200\" height=\"800\" data-attachment-id=\"22596\" data-permalink=\"http:\/\/www.rockpixx.com\/wordpress\/the-new-roses-17-06-2022-kiel-kieler-woche-radio-bob-rockcamp-17\/\" data-orig-file=\"http:\/\/www.rockpixx.com\/wordpress\/wp-content\/uploads\/2022\/06\/20220607-2-rp-088.jpg\" data-orig-size=\"1200,800\" data-comments-opened=\"0\" data-image-meta=\"{&quot;aperture&quot;:&quot;0&quot;,&quot;credit&quot;:&quot;rockpixx.com | A. Hahl&quot;,&quot;camera&quot;:&quot;&quot;,&quot;caption&quot;:&quot;The New Roses, 17.06.2022, Kiel, Kieler Woche, Radio BOB! Rockcamp&quot;,&quot;created_timestamp&quot;:&quot;1655502385&quot;,&quot;copyright&quot;:&quot;rockpixx.com | A. Hahl&quot;,&quot;focal_length&quot;:&quot;0&quot;,&quot;iso&quot;:&quot;0&quot;,&quot;shutter_speed&quot;:&quot;0&quot;,&quot;title&quot;:&quot;The New Roses, 17.06.2022, Kiel, Kieler Woche, Radio BOB! Rockcamp&quot;,&quot;orientation&quot;:&quot;0&quot;}\" data-image-title=\"The New Roses, 17.06.2022, Kiel, Kieler Woche, Radio BOB! Rockcamp\" data-image-description=\"&lt;p&gt;The New Roses, 17.06.2022, Kiel, Kieler Woche, Radio BOB! Rockcamp&lt;\/p&gt;\n\" data-image-caption=\"&lt;p&gt;The New Roses, 17.06.2022, Kiel, Kieler Woche, Radio BOB! Rockcamp&lt;\/p&gt;\n\" data-large-file=\"http:\/\/www.rockpixx.com\/wordpress\/wp-content\/uploads\/2022\/06\/20220607-2-rp-088-1024x683.jpg\" data-id=\"22596\" src=\"http:\/\/www.rockpixx.com\/wordpress\/wp-content\/uploads\/2022\/06\/20220607-2-rp-088.jpg\" alt=\"The New Roses, 17.06.2022, Kiel, Kieler Woche, Radio BOB! Rockcamp\" class=\"wp-image-22596\" srcset=\"http:\/\/www.rockpixx.com\/wordpress\/wp-content\/uploads\/2022\/06\/20220607-2-rp-088.jpg 1200w, http:\/\/www.rockpixx.com\/wordpress\/wp-content\/uploads\/2022\/06\/20220607-2-rp-088-300x200.jpg 300w, http:\/\/www.rockpixx.com\/wordpress\/wp-content\/uploads\/2022\/06\/20220607-2-rp-088-1024x683.jpg 1024w, http:\/\/www.rockpixx.com\/wordpress\/wp-content\/uploads\/2022\/06\/20220607-2-rp-088-768x512.jpg 768w, http:\/\/www.rockpixx.com\/wordpress\/wp-content\/uploads\/2022\/06\/20220607-2-rp-088-900x600.jpg 900w, http:\/\/www.rockpixx.com\/wordpress\/wp-content\/uploads\/2022\/06\/20220607-2-rp-088-924x616.jpg 924w\" sizes=\"auto, (max-width: 1200px) 100vw, 1200px\" \/><figcaption>The New Roses, 17.06.2022, Kiel, Kieler Woche, Radio BOB! Rockcamp<\/figcaption><\/figure>\n\n\n\n<figure class=\"wp-block-image size-large\"><img loading=\"lazy\" decoding=\"async\" width=\"1200\" height=\"800\" data-attachment-id=\"22597\" data-permalink=\"http:\/\/www.rockpixx.com\/wordpress\/the-new-roses-17-06-2022-kiel-kieler-woche-radio-bob-rockcamp-18\/\" data-orig-file=\"http:\/\/www.rockpixx.com\/wordpress\/wp-content\/uploads\/2022\/06\/20220607-2-rp-094.jpg\" data-orig-size=\"1200,800\" data-comments-opened=\"0\" data-image-meta=\"{&quot;aperture&quot;:&quot;0&quot;,&quot;credit&quot;:&quot;rockpixx.com | A. Hahl&quot;,&quot;camera&quot;:&quot;&quot;,&quot;caption&quot;:&quot;The New Roses, 17.06.2022, Kiel, Kieler Woche, Radio BOB! Rockcamp&quot;,&quot;created_timestamp&quot;:&quot;1655502410&quot;,&quot;copyright&quot;:&quot;rockpixx.com | A. Hahl&quot;,&quot;focal_length&quot;:&quot;0&quot;,&quot;iso&quot;:&quot;0&quot;,&quot;shutter_speed&quot;:&quot;0&quot;,&quot;title&quot;:&quot;The New Roses, 17.06.2022, Kiel, Kieler Woche, Radio BOB! Rockcamp&quot;,&quot;orientation&quot;:&quot;0&quot;}\" data-image-title=\"The New Roses, 17.06.2022, Kiel, Kieler Woche, Radio BOB! Rockcamp\" data-image-description=\"&lt;p&gt;The New Roses, 17.06.2022, Kiel, Kieler Woche, Radio BOB! Rockcamp&lt;\/p&gt;\n\" data-image-caption=\"&lt;p&gt;The New Roses, 17.06.2022, Kiel, Kieler Woche, Radio BOB! Rockcamp&lt;\/p&gt;\n\" data-large-file=\"http:\/\/www.rockpixx.com\/wordpress\/wp-content\/uploads\/2022\/06\/20220607-2-rp-094-1024x683.jpg\" data-id=\"22597\" src=\"http:\/\/www.rockpixx.com\/wordpress\/wp-content\/uploads\/2022\/06\/20220607-2-rp-094.jpg\" alt=\"The New Roses, 17.06.2022, Kiel, Kieler Woche, Radio BOB! Rockcamp\" class=\"wp-image-22597\" srcset=\"http:\/\/www.rockpixx.com\/wordpress\/wp-content\/uploads\/2022\/06\/20220607-2-rp-094.jpg 1200w, http:\/\/www.rockpixx.com\/wordpress\/wp-content\/uploads\/2022\/06\/20220607-2-rp-094-300x200.jpg 300w, http:\/\/www.rockpixx.com\/wordpress\/wp-content\/uploads\/2022\/06\/20220607-2-rp-094-1024x683.jpg 1024w, http:\/\/www.rockpixx.com\/wordpress\/wp-content\/uploads\/2022\/06\/20220607-2-rp-094-768x512.jpg 768w, http:\/\/www.rockpixx.com\/wordpress\/wp-content\/uploads\/2022\/06\/20220607-2-rp-094-900x600.jpg 900w, http:\/\/www.rockpixx.com\/wordpress\/wp-content\/uploads\/2022\/06\/20220607-2-rp-094-924x616.jpg 924w\" sizes=\"auto, (max-width: 1200px) 100vw, 1200px\" \/><figcaption>The New Roses, 17.06.2022, Kiel, Kieler Woche, Radio BOB! Rockcamp<\/figcaption><\/figure>\n\n\n\n<figure class=\"wp-block-image size-large\"><img loading=\"lazy\" decoding=\"async\" width=\"1200\" height=\"800\" data-attachment-id=\"22598\" data-permalink=\"http:\/\/www.rockpixx.com\/wordpress\/the-new-roses-17-06-2022-kiel-kieler-woche-radio-bob-rockcamp-19\/\" data-orig-file=\"http:\/\/www.rockpixx.com\/wordpress\/wp-content\/uploads\/2022\/06\/20220607-2-rp-100.jpg\" data-orig-size=\"1200,800\" data-comments-opened=\"0\" data-image-meta=\"{&quot;aperture&quot;:&quot;0&quot;,&quot;credit&quot;:&quot;rockpixx.com | A. Hahl&quot;,&quot;camera&quot;:&quot;&quot;,&quot;caption&quot;:&quot;The New Roses, 17.06.2022, Kiel, Kieler Woche, Radio BOB! Rockcamp&quot;,&quot;created_timestamp&quot;:&quot;1655502495&quot;,&quot;copyright&quot;:&quot;rockpixx.com | A. Hahl&quot;,&quot;focal_length&quot;:&quot;0&quot;,&quot;iso&quot;:&quot;0&quot;,&quot;shutter_speed&quot;:&quot;0&quot;,&quot;title&quot;:&quot;The New Roses, 17.06.2022, Kiel, Kieler Woche, Radio BOB! Rockcamp&quot;,&quot;orientation&quot;:&quot;0&quot;}\" data-image-title=\"The New Roses, 17.06.2022, Kiel, Kieler Woche, Radio BOB! Rockcamp\" data-image-description=\"&lt;p&gt;The New Roses, 17.06.2022, Kiel, Kieler Woche, Radio BOB! Rockcamp&lt;\/p&gt;\n\" data-image-caption=\"&lt;p&gt;The New Roses, 17.06.2022, Kiel, Kieler Woche, Radio BOB! Rockcamp&lt;\/p&gt;\n\" data-large-file=\"http:\/\/www.rockpixx.com\/wordpress\/wp-content\/uploads\/2022\/06\/20220607-2-rp-100-1024x683.jpg\" data-id=\"22598\" src=\"http:\/\/www.rockpixx.com\/wordpress\/wp-content\/uploads\/2022\/06\/20220607-2-rp-100.jpg\" alt=\"The New Roses, 17.06.2022, Kiel, Kieler Woche, Radio BOB! Rockcamp\" class=\"wp-image-22598\" srcset=\"http:\/\/www.rockpixx.com\/wordpress\/wp-content\/uploads\/2022\/06\/20220607-2-rp-100.jpg 1200w, http:\/\/www.rockpixx.com\/wordpress\/wp-content\/uploads\/2022\/06\/20220607-2-rp-100-300x200.jpg 300w, http:\/\/www.rockpixx.com\/wordpress\/wp-content\/uploads\/2022\/06\/20220607-2-rp-100-1024x683.jpg 1024w, http:\/\/www.rockpixx.com\/wordpress\/wp-content\/uploads\/2022\/06\/20220607-2-rp-100-768x512.jpg 768w, http:\/\/www.rockpixx.com\/wordpress\/wp-content\/uploads\/2022\/06\/20220607-2-rp-100-900x600.jpg 900w, http:\/\/www.rockpixx.com\/wordpress\/wp-content\/uploads\/2022\/06\/20220607-2-rp-100-924x616.jpg 924w\" sizes=\"auto, (max-width: 1200px) 100vw, 1200px\" \/><figcaption>The New Roses, 17.06.2022, Kiel, Kieler Woche, Radio BOB! Rockcamp<\/figcaption><\/figure>\n<\/figure>\n","protected":false},"excerpt":{"rendered":"<p>Es gibt auch richtig gute und erfolgreiche Rockmusik aus deutschen Landen \u2013 The New Roses sind ein gutes Beispiel daf\u00fcr. <\/p>\n","protected":false},"author":3,"featured_media":22587,"comment_status":"closed","ping_status":"closed","sticky":false,"template":"","format":"standard","meta":{"_jetpack_memberships_contains_paid_content":false,"footnotes":"","jetpack_publicize_message":"#WeSaluteYou #ACDC #Roxheim #Premiere #PausevonderPause #Rockpixx","jetpack_publicize_feature_enabled":false,"jetpack_social_post_already_shared":true,"jetpack_social_options":{"image_generator_settings":{"template":"highway","default_image_id":0,"font":"","enabled":false},"version":2}},"categories":[34,2601],"tags":[2595,1735,138,2540,2600],"class_list":["post-22599","post","type-post","status-publish","format-standard","has-post-thumbnail","hentry","category-acts","category-the-new-roses","tag-2595","tag-kiel","tag-kieler-woche","tag-radio-bob-rockcamp","tag-the-new-roses"],"aioseo_notices":[],"jetpack_publicize_connections":[],"jetpack_featured_media_url":"http:\/\/www.rockpixx.com\/wordpress\/wp-content\/uploads\/2022\/06\/20220607-2-rp-038.jpg","jetpack-related-posts":[{"id":22633,"url":"http:\/\/www.rockpixx.com\/wordpress\/beyond-the-black-2022\/","url_meta":{"origin":22599,"position":0},"title":"Beyond the Black, 18.06.2022, Kiel, Kieler Woche, Radio BOB! Rockcamp","author":"A. Hahl","date":"19. Juni 2022","format":false,"excerpt":"Beyond the Black ist eine Band, die aus mehreren Gr\u00fcnden bei uns schon seit Jahren auf unserer Wunschliste stand, bei der wir es bislang aber nie geschafft hatten, sie einmal vor unsere Kameras zu bekommen.","rel":"","context":"In &quot;Acts&quot;","block_context":{"text":"Acts","link":"http:\/\/www.rockpixx.com\/wordpress\/category\/acts\/"},"img":{"alt_text":"Beyond the Black, 18.06.2022, Kiel, Kieler Woche, Radio BOB! Rockcamp","src":"https:\/\/i0.wp.com\/www.rockpixx.com\/wordpress\/wp-content\/uploads\/2022\/06\/20220618-rp-204.jpg?resize=350%2C200","width":350,"height":200,"srcset":"https:\/\/i0.wp.com\/www.rockpixx.com\/wordpress\/wp-content\/uploads\/2022\/06\/20220618-rp-204.jpg?resize=350%2C200 1x, https:\/\/i0.wp.com\/www.rockpixx.com\/wordpress\/wp-content\/uploads\/2022\/06\/20220618-rp-204.jpg?resize=525%2C300 1.5x, https:\/\/i0.wp.com\/www.rockpixx.com\/wordpress\/wp-content\/uploads\/2022\/06\/20220618-rp-204.jpg?resize=700%2C400 2x, https:\/\/i0.wp.com\/www.rockpixx.com\/wordpress\/wp-content\/uploads\/2022\/06\/20220618-rp-204.jpg?resize=1050%2C600 3x"},"classes":[]},{"id":22927,"url":"http:\/\/www.rockpixx.com\/wordpress\/forgotten-north-24-06-2024-kiel-radio-bob-rockcamp\/","url_meta":{"origin":22599,"position":1},"title":"Forgotten North, 24.06.2024, Kiel, Radio BOB! Rockcamp","author":"A. Hahl","date":"25. Juni 2024","format":false,"excerpt":"\u201eForgotten North\u201c gibt es schon seit 30 Jahren und sie spielen \u201eFanatasie Wikinger Rock aus Norddeutschland\u201c.","rel":"","context":"In &quot;Acts&quot;","block_context":{"text":"Acts","link":"http:\/\/www.rockpixx.com\/wordpress\/category\/acts\/"},"img":{"alt_text":"Forgotten North, 24.06.2024, Kiel, Radio BOB! Rockcamp","src":"https:\/\/i0.wp.com\/www.rockpixx.com\/wordpress\/wp-content\/uploads\/2024\/06\/20240624-01-023.jpg?resize=350%2C200","width":350,"height":200,"srcset":"https:\/\/i0.wp.com\/www.rockpixx.com\/wordpress\/wp-content\/uploads\/2024\/06\/20240624-01-023.jpg?resize=350%2C200 1x, https:\/\/i0.wp.com\/www.rockpixx.com\/wordpress\/wp-content\/uploads\/2024\/06\/20240624-01-023.jpg?resize=525%2C300 1.5x, https:\/\/i0.wp.com\/www.rockpixx.com\/wordpress\/wp-content\/uploads\/2024\/06\/20240624-01-023.jpg?resize=700%2C400 2x, https:\/\/i0.wp.com\/www.rockpixx.com\/wordpress\/wp-content\/uploads\/2024\/06\/20240624-01-023.jpg?resize=1050%2C600 3x"},"classes":[]},{"id":21173,"url":"http:\/\/www.rockpixx.com\/wordpress\/kissin-time-19-06-2017-kiel-radio-bob-rockcamp\/","url_meta":{"origin":22599,"position":2},"title":"Kissin\u2018 Time, 19.06.2017, Kiel, Radio BOB! Rockcamp","author":"A. Hahl","date":"20. Juni 2017","format":false,"excerpt":"\u2026 und noch eine Tributeband zum Thema \u201eKISS\u201c. Das ist ja nicht so einfach: Mit Schminke und an die Originale angelehnten Kost\u00fcmen und Instrumenten ist es nicht getan. Es muss auch musikalisch und von der gesamten Show her passen. Und da gibt es schon Unterschiede, wie wir im Laufe der\u2026","rel":"","context":"In &quot;Acts&quot;","block_context":{"text":"Acts","link":"http:\/\/www.rockpixx.com\/wordpress\/category\/acts\/"},"img":{"alt_text":"Kissin' Time, 19.06.2017, Kiel, Radio BOB! Rockcamp","src":"https:\/\/i0.wp.com\/www.rockpixx.com\/wordpress\/wp-content\/uploads\/2017\/06\/20170619-01-022.jpg?resize=350%2C200","width":350,"height":200,"srcset":"https:\/\/i0.wp.com\/www.rockpixx.com\/wordpress\/wp-content\/uploads\/2017\/06\/20170619-01-022.jpg?resize=350%2C200 1x, https:\/\/i0.wp.com\/www.rockpixx.com\/wordpress\/wp-content\/uploads\/2017\/06\/20170619-01-022.jpg?resize=525%2C300 1.5x, https:\/\/i0.wp.com\/www.rockpixx.com\/wordpress\/wp-content\/uploads\/2017\/06\/20170619-01-022.jpg?resize=700%2C400 2x"},"classes":[]},{"id":21244,"url":"http:\/\/www.rockpixx.com\/wordpress\/motoerizer-20-06-2017-kiel-radio-bob-rockcamp\/","url_meta":{"origin":22599,"position":3},"title":"Mot\u00f6rizer, 20.06.2017, Kiel, Radio BOB! Rockcamp","author":"admin","date":"21. Juni 2017","format":false,"excerpt":"Es gibt Bands, die meint man schon ewig zu kennen, hat sie aber witzigerweise noch gar nicht so schrecklich oft fotografiert. Dennoch hat man zu den einzelnen Musikern ein ausgesprochen freundschaftliches Verh\u00e4ltnis. So gestern Abend auch wieder erlebt mit \u201eMot\u00f6rizer\u201c auf der gro\u00dfen B\u00fchne im Radio BOB! Rockcamp an der\u2026","rel":"","context":"In &quot;Acts&quot;","block_context":{"text":"Acts","link":"http:\/\/www.rockpixx.com\/wordpress\/category\/acts\/"},"img":{"alt_text":"Mot\u00f6rizer, 20.06.2017, Kiel, Radio BOB! Rockcamp","src":"https:\/\/i0.wp.com\/www.rockpixx.com\/wordpress\/wp-content\/uploads\/2017\/06\/20170620-01-035.jpg?resize=350%2C200","width":350,"height":200,"srcset":"https:\/\/i0.wp.com\/www.rockpixx.com\/wordpress\/wp-content\/uploads\/2017\/06\/20170620-01-035.jpg?resize=350%2C200 1x, https:\/\/i0.wp.com\/www.rockpixx.com\/wordpress\/wp-content\/uploads\/2017\/06\/20170620-01-035.jpg?resize=525%2C300 1.5x, https:\/\/i0.wp.com\/www.rockpixx.com\/wordpress\/wp-content\/uploads\/2017\/06\/20170620-01-035.jpg?resize=700%2C400 2x"},"classes":[]},{"id":22931,"url":"http:\/\/www.rockpixx.com\/wordpress\/saltatio-mortis-24-06-2024-kiel-radio-bob-rockcamp\/","url_meta":{"origin":22599,"position":4},"title":"Saltatio Mortis, 24.06.2024, Kiel, Radio BOB! Rockcamp","author":"A. Hahl","date":"25. Juni 2024","format":false,"excerpt":"Und dann trat um 21:00 Uhr der eigentliche Grund meiner Stippvisite zur B\u00fchne im Radio BOB! Rockcamp auf: \u201eSaltatio Mortis\u201c","rel":"","context":"In &quot;Acts&quot;","block_context":{"text":"Acts","link":"http:\/\/www.rockpixx.com\/wordpress\/category\/acts\/"},"img":{"alt_text":"Saltatio Mortis, 24.06.2024, Kiel, Radio BOB! Rockcamp","src":"https:\/\/i0.wp.com\/www.rockpixx.com\/wordpress\/wp-content\/uploads\/2024\/06\/20240624-02-076.jpg?resize=350%2C200","width":350,"height":200,"srcset":"https:\/\/i0.wp.com\/www.rockpixx.com\/wordpress\/wp-content\/uploads\/2024\/06\/20240624-02-076.jpg?resize=350%2C200 1x, https:\/\/i0.wp.com\/www.rockpixx.com\/wordpress\/wp-content\/uploads\/2024\/06\/20240624-02-076.jpg?resize=525%2C300 1.5x, https:\/\/i0.wp.com\/www.rockpixx.com\/wordpress\/wp-content\/uploads\/2024\/06\/20240624-02-076.jpg?resize=700%2C400 2x, https:\/\/i0.wp.com\/www.rockpixx.com\/wordpress\/wp-content\/uploads\/2024\/06\/20240624-02-076.jpg?resize=1050%2C600 3x"},"classes":[]},{"id":22219,"url":"http:\/\/www.rockpixx.com\/wordpress\/thundermother-2019-06-21-kiel\/","url_meta":{"origin":22599,"position":5},"title":"Thundermother, 21.06.2019, Kiel, Radio BOB! Rockcamp","author":"A. Hahl","date":"22. Juni 2019","format":false,"excerpt":"Irgendwie habe ich heute schon etliche Kilometer an den F\u00fc\u00dfen, mein Schrittz\u00e4hler best\u00e4tigt diesen Verdacht: Die Smartwatch schreit nach einem ansteckbaren Zusatz-Display, weil sie f\u00fcnfstellige Schrittzahlen anzeigen soll. Egal, ich stehe im Radio BOB!-Rockcamp, lasse die letzten Songs von \u201eKensington Road\u201c verstreichen und warte auf die vier schwedischen M\u00e4dels, die\u2026","rel":"","context":"In &quot;Acts&quot;","block_context":{"text":"Acts","link":"http:\/\/www.rockpixx.com\/wordpress\/category\/acts\/"},"img":{"alt_text":"Thundermother, 21.06.2019, Kiel, Radio BOB! Rockcamp","src":"https:\/\/i0.wp.com\/www.rockpixx.com\/wordpress\/wp-content\/uploads\/2019\/06\/20190621-2-049.jpg?resize=350%2C200","width":350,"height":200,"srcset":"https:\/\/i0.wp.com\/www.rockpixx.com\/wordpress\/wp-content\/uploads\/2019\/06\/20190621-2-049.jpg?resize=350%2C200 1x, https:\/\/i0.wp.com\/www.rockpixx.com\/wordpress\/wp-content\/uploads\/2019\/06\/20190621-2-049.jpg?resize=525%2C300 1.5x, https:\/\/i0.wp.com\/www.rockpixx.com\/wordpress\/wp-content\/uploads\/2019\/06\/20190621-2-049.jpg?resize=700%2C400 2x"},"classes":[]}],"jetpack_sharing_enabled":true,"publishpress_future_action":{"enabled":false,"date":"2026-05-08 10:09:25","action":"change-status","newStatus":"draft","terms":[],"taxonomy":"category","extraData":[]},"publishpress_future_workflow_manual_trigger":{"enabledWorkflows":[]},"_links":{"self":[{"href":"http:\/\/www.rockpixx.com\/wordpress\/wp-json\/wp\/v2\/posts\/22599","targetHints":{"allow":["GET"]}}],"collection":[{"href":"http:\/\/www.rockpixx.com\/wordpress\/wp-json\/wp\/v2\/posts"}],"about":[{"href":"http:\/\/www.rockpixx.com\/wordpress\/wp-json\/wp\/v2\/types\/post"}],"author":[{"embeddable":true,"href":"http:\/\/www.rockpixx.com\/wordpress\/wp-json\/wp\/v2\/users\/3"}],"replies":[{"embeddable":true,"href":"http:\/\/www.rockpixx.com\/wordpress\/wp-json\/wp\/v2\/comments?post=22599"}],"version-history":[{"count":3,"href":"http:\/\/www.rockpixx.com\/wordpress\/wp-json\/wp\/v2\/posts\/22599\/revisions"}],"predecessor-version":[{"id":22602,"href":"http:\/\/www.rockpixx.com\/wordpress\/wp-json\/wp\/v2\/posts\/22599\/revisions\/22602"}],"wp:featuredmedia":[{"embeddable":true,"href":"http:\/\/www.rockpixx.com\/wordpress\/wp-json\/wp\/v2\/media\/22587"}],"wp:attachment":[{"href":"http:\/\/www.rockpixx.com\/wordpress\/wp-json\/wp\/v2\/media?parent=22599"}],"wp:term":[{"taxonomy":"category","embeddable":true,"href":"http:\/\/www.rockpixx.com\/wordpress\/wp-json\/wp\/v2\/categories?post=22599"},{"taxonomy":"post_tag","embeddable":true,"href":"http:\/\/www.rockpixx.com\/wordpress\/wp-json\/wp\/v2\/tags?post=22599"}],"curies":[{"name":"wp","href":"https:\/\/api.w.org\/{rel}","templated":true}]}}