{"id":22654,"date":"2022-06-22T07:40:17","date_gmt":"2022-06-22T06:40:17","guid":{"rendered":"http:\/\/www.rockpixx.com\/wordpress\/beyond-the-black-2022-copy\/"},"modified":"2022-06-22T08:05:00","modified_gmt":"2022-06-22T07:05:00","slug":"motoerizer-2022-06","status":"publish","type":"post","link":"http:\/\/www.rockpixx.com\/wordpress\/motoerizer-2022-06\/","title":{"rendered":"Mot\u00f6rizer, 21.06.2022, Kiel, Kieler Woche, Radio BOB! Rockcamp"},"content":{"rendered":"\n<p>Wie jetzt?!? Schon wieder Mot\u00f6rizer? Die hatten wir doch erst vor <a href=\"http:\/\/www.rockpixx.com\/wordpress\/motoerizer-2022\/\" title=\"Mot\u00f6rizer, 22.04.2022, Kiel, R\u00e4ucherei\">zwei Monaten in Kiel in der R\u00e4ucherei<\/a> fotografiert\u2026<\/p>\n\n\n\n<!--more-->\n\n\n\n<p>Ja und? Seit wann sollen wir uns rechtfertigen, wen wir wann, wo und warum fotografieren? Mot\u00f6rizer sind einfach gut, machen Spa\u00df und sind dar\u00fcber hinaus im pers\u00f6nlichen Kontakt mehr als angenehm. Der ganze Rest l\u00e4sst sich in <a href=\"http:\/\/www.rockpixx.com\/wordpress\/category\/acts\/tributebands\/motoerhead-tribute\/motorizer\/\">anderen Konzert-Reviews<\/a> dieser Band nachlesen und -sehen.<\/p>\n\n\n\n<p>Fazit: Der Beginn der Mitsommernacht an der B\u00fchne im Radio BOB! Rockcamp h\u00e4tte nicht besser starten k\u00f6nnen \u2013 zudem Mot\u00f6rizer auch noch \u201eHeroes\u201c von David Bowie im typischen \u201e<a href=\"http:\/\/www.rockpixx.com\/wordpress\/category\/acts\/motoerhead\/\">Mot\u00f6rhead<\/a>\u201c-Sound gespielt haben.<\/p>\n\n\n\n<p class=\"has-text-align-right\">Fotos: <a href=\"mailto:info@rockpixx.com\">Alex<\/a> | Text: <a href=\"mailto:info@rockpixx.com\">Alex<\/a><\/p>\n\n\n\n<figure class=\"wp-block-gallery has-nested-images columns-default is-cropped wp-block-gallery-1 is-layout-flex wp-block-gallery-is-layout-flex\">\n<figure class=\"wp-block-image size-large\"><img loading=\"lazy\" decoding=\"async\" width=\"1200\" height=\"800\" data-attachment-id=\"22639\" data-permalink=\"http:\/\/www.rockpixx.com\/wordpress\/motoerizer-21-06-2022-kiel-radiobob-rockcamp-kieler-w0cohe-2022\/\" data-orig-file=\"http:\/\/www.rockpixx.com\/wordpress\/wp-content\/uploads\/2022\/06\/20220621-rp-009.jpg\" data-orig-size=\"1200,800\" data-comments-opened=\"0\" data-image-meta=\"{&quot;aperture&quot;:&quot;0&quot;,&quot;credit&quot;:&quot;rockpixx.com | A. Hahl&quot;,&quot;camera&quot;:&quot;&quot;,&quot;caption&quot;:&quot;Mot\\u00f6rizer, 21.06.2022, Kiel, RadioBOB! Rockcamp, Kieler W0cohe 2022&quot;,&quot;created_timestamp&quot;:&quot;1655838302&quot;,&quot;copyright&quot;:&quot;rockpixx.com | A. Hahl&quot;,&quot;focal_length&quot;:&quot;0&quot;,&quot;iso&quot;:&quot;0&quot;,&quot;shutter_speed&quot;:&quot;0&quot;,&quot;title&quot;:&quot;Mot\\u00f6rizer, 21.06.2022, Kiel, RadioBOB! Rockcamp, Kieler W0cohe 2022&quot;,&quot;orientation&quot;:&quot;0&quot;}\" data-image-title=\"Mot\u00f6rizer, 21.06.2022, Kiel, RadioBOB! Rockcamp, Kieler Woche 2022\" data-image-description=\"&lt;p&gt;Mot\u00f6rizer, 21.06.2022, Kiel, RadioBOB! Rockcamp, Kieler Woche 2022&lt;\/p&gt;\n\" data-image-caption=\"&lt;p&gt;Mot\u00f6rizer, 21.06.2022, Kiel, RadioBOB! Rockcamp, Kieler Woche 2022&lt;\/p&gt;\n\" data-large-file=\"http:\/\/www.rockpixx.com\/wordpress\/wp-content\/uploads\/2022\/06\/20220621-rp-009-1024x683.jpg\" data-id=\"22639\" src=\"http:\/\/www.rockpixx.com\/wordpress\/wp-content\/uploads\/2022\/06\/20220621-rp-009.jpg\" alt=\"Mot\u00f6rizer, 21.06.2022, Kiel, RadioBOB! Rockcamp, Kieler Woche 2022\" class=\"wp-image-22639\" srcset=\"http:\/\/www.rockpixx.com\/wordpress\/wp-content\/uploads\/2022\/06\/20220621-rp-009.jpg 1200w, http:\/\/www.rockpixx.com\/wordpress\/wp-content\/uploads\/2022\/06\/20220621-rp-009-300x200.jpg 300w, http:\/\/www.rockpixx.com\/wordpress\/wp-content\/uploads\/2022\/06\/20220621-rp-009-1024x683.jpg 1024w, http:\/\/www.rockpixx.com\/wordpress\/wp-content\/uploads\/2022\/06\/20220621-rp-009-768x512.jpg 768w, http:\/\/www.rockpixx.com\/wordpress\/wp-content\/uploads\/2022\/06\/20220621-rp-009-900x600.jpg 900w, http:\/\/www.rockpixx.com\/wordpress\/wp-content\/uploads\/2022\/06\/20220621-rp-009-924x616.jpg 924w\" sizes=\"auto, (max-width: 1200px) 100vw, 1200px\" \/><figcaption>Mot\u00f6rizer, 21.06.2022, Kiel, RadioBOB! Rockcamp, Kieler Woche 2022<\/figcaption><\/figure>\n\n\n\n<figure class=\"wp-block-image size-large\"><img loading=\"lazy\" decoding=\"async\" width=\"1200\" height=\"800\" data-attachment-id=\"22640\" data-permalink=\"http:\/\/www.rockpixx.com\/wordpress\/motoerizer-21-06-2022-kiel-radiobob-rockcamp-kieler-w0cohe-2022-2\/\" data-orig-file=\"http:\/\/www.rockpixx.com\/wordpress\/wp-content\/uploads\/2022\/06\/20220621-rp-011.jpg\" data-orig-size=\"1200,800\" data-comments-opened=\"0\" data-image-meta=\"{&quot;aperture&quot;:&quot;0&quot;,&quot;credit&quot;:&quot;rockpixx.com | A. Hahl&quot;,&quot;camera&quot;:&quot;&quot;,&quot;caption&quot;:&quot;Mot\\u00f6rizer, 21.06.2022, Kiel, RadioBOB! Rockcamp, Kieler W0cohe 2022&quot;,&quot;created_timestamp&quot;:&quot;1655838326&quot;,&quot;copyright&quot;:&quot;rockpixx.com | A. Hahl&quot;,&quot;focal_length&quot;:&quot;0&quot;,&quot;iso&quot;:&quot;0&quot;,&quot;shutter_speed&quot;:&quot;0&quot;,&quot;title&quot;:&quot;Mot\\u00f6rizer, 21.06.2022, Kiel, RadioBOB! Rockcamp, Kieler W0cohe 2022&quot;,&quot;orientation&quot;:&quot;0&quot;}\" data-image-title=\"Mot\u00f6rizer, 21.06.2022, Kiel, RadioBOB! Rockcamp, Kieler Woche 2022\" data-image-description=\"&lt;p&gt;Mot\u00f6rizer, 21.06.2022, Kiel, RadioBOB! Rockcamp, Kieler Woche 2022&lt;\/p&gt;\n\" data-image-caption=\"&lt;p&gt;Mot\u00f6rizer, 21.06.2022, Kiel, RadioBOB! Rockcamp, Kieler Woche 2022&lt;\/p&gt;\n\" data-large-file=\"http:\/\/www.rockpixx.com\/wordpress\/wp-content\/uploads\/2022\/06\/20220621-rp-011-1024x683.jpg\" data-id=\"22640\" src=\"http:\/\/www.rockpixx.com\/wordpress\/wp-content\/uploads\/2022\/06\/20220621-rp-011.jpg\" alt=\"Mot\u00f6rizer, 21.06.2022, Kiel, RadioBOB! Rockcamp, Kieler Woche 2022\" class=\"wp-image-22640\" srcset=\"http:\/\/www.rockpixx.com\/wordpress\/wp-content\/uploads\/2022\/06\/20220621-rp-011.jpg 1200w, http:\/\/www.rockpixx.com\/wordpress\/wp-content\/uploads\/2022\/06\/20220621-rp-011-300x200.jpg 300w, http:\/\/www.rockpixx.com\/wordpress\/wp-content\/uploads\/2022\/06\/20220621-rp-011-1024x683.jpg 1024w, http:\/\/www.rockpixx.com\/wordpress\/wp-content\/uploads\/2022\/06\/20220621-rp-011-768x512.jpg 768w, http:\/\/www.rockpixx.com\/wordpress\/wp-content\/uploads\/2022\/06\/20220621-rp-011-900x600.jpg 900w, http:\/\/www.rockpixx.com\/wordpress\/wp-content\/uploads\/2022\/06\/20220621-rp-011-924x616.jpg 924w\" sizes=\"auto, (max-width: 1200px) 100vw, 1200px\" \/><figcaption>Mot\u00f6rizer, 21.06.2022, Kiel, RadioBOB! Rockcamp, Kieler Woche 2022<\/figcaption><\/figure>\n\n\n\n<figure class=\"wp-block-image size-large\"><img loading=\"lazy\" decoding=\"async\" width=\"1200\" height=\"800\" data-attachment-id=\"22641\" data-permalink=\"http:\/\/www.rockpixx.com\/wordpress\/motoerizer-21-06-2022-kiel-radiobob-rockcamp-kieler-w0cohe-2022-3\/\" data-orig-file=\"http:\/\/www.rockpixx.com\/wordpress\/wp-content\/uploads\/2022\/06\/20220621-rp-015.jpg\" data-orig-size=\"1200,800\" data-comments-opened=\"0\" data-image-meta=\"{&quot;aperture&quot;:&quot;0&quot;,&quot;credit&quot;:&quot;rockpixx.com | A. Hahl&quot;,&quot;camera&quot;:&quot;&quot;,&quot;caption&quot;:&quot;Mot\\u00f6rizer, 21.06.2022, Kiel, RadioBOB! Rockcamp, Kieler W0cohe 2022&quot;,&quot;created_timestamp&quot;:&quot;1655838381&quot;,&quot;copyright&quot;:&quot;rockpixx.com | A. Hahl&quot;,&quot;focal_length&quot;:&quot;0&quot;,&quot;iso&quot;:&quot;0&quot;,&quot;shutter_speed&quot;:&quot;0&quot;,&quot;title&quot;:&quot;Mot\\u00f6rizer, 21.06.2022, Kiel, RadioBOB! Rockcamp, Kieler W0cohe 2022&quot;,&quot;orientation&quot;:&quot;0&quot;}\" data-image-title=\"Mot\u00f6rizer, 21.06.2022, Kiel, RadioBOB! Rockcamp, Kieler Woche 2022\" data-image-description=\"&lt;p&gt;Mot\u00f6rizer, 21.06.2022, Kiel, RadioBOB! Rockcamp, Kieler Woche 2022&lt;\/p&gt;\n\" data-image-caption=\"&lt;p&gt;Mot\u00f6rizer, 21.06.2022, Kiel, RadioBOB! Rockcamp, Kieler Woche 2022&lt;\/p&gt;\n\" data-large-file=\"http:\/\/www.rockpixx.com\/wordpress\/wp-content\/uploads\/2022\/06\/20220621-rp-015-1024x683.jpg\" data-id=\"22641\" src=\"http:\/\/www.rockpixx.com\/wordpress\/wp-content\/uploads\/2022\/06\/20220621-rp-015.jpg\" alt=\"Mot\u00f6rizer, 21.06.2022, Kiel, RadioBOB! Rockcamp, Kieler Woche 2022\" class=\"wp-image-22641\" srcset=\"http:\/\/www.rockpixx.com\/wordpress\/wp-content\/uploads\/2022\/06\/20220621-rp-015.jpg 1200w, http:\/\/www.rockpixx.com\/wordpress\/wp-content\/uploads\/2022\/06\/20220621-rp-015-300x200.jpg 300w, http:\/\/www.rockpixx.com\/wordpress\/wp-content\/uploads\/2022\/06\/20220621-rp-015-1024x683.jpg 1024w, http:\/\/www.rockpixx.com\/wordpress\/wp-content\/uploads\/2022\/06\/20220621-rp-015-768x512.jpg 768w, http:\/\/www.rockpixx.com\/wordpress\/wp-content\/uploads\/2022\/06\/20220621-rp-015-900x600.jpg 900w, http:\/\/www.rockpixx.com\/wordpress\/wp-content\/uploads\/2022\/06\/20220621-rp-015-924x616.jpg 924w\" sizes=\"auto, (max-width: 1200px) 100vw, 1200px\" \/><figcaption>Mot\u00f6rizer, 21.06.2022, Kiel, RadioBOB! Rockcamp, Kieler Woche 2022<\/figcaption><\/figure>\n\n\n\n<figure class=\"wp-block-image size-large\"><img loading=\"lazy\" decoding=\"async\" width=\"1200\" height=\"800\" data-attachment-id=\"22642\" data-permalink=\"http:\/\/www.rockpixx.com\/wordpress\/motoerizer-21-06-2022-kiel-radiobob-rockcamp-kieler-w0cohe-2022-4\/\" data-orig-file=\"http:\/\/www.rockpixx.com\/wordpress\/wp-content\/uploads\/2022\/06\/20220621-rp-016.jpg\" data-orig-size=\"1200,800\" data-comments-opened=\"0\" data-image-meta=\"{&quot;aperture&quot;:&quot;0&quot;,&quot;credit&quot;:&quot;rockpixx.com | A. Hahl&quot;,&quot;camera&quot;:&quot;&quot;,&quot;caption&quot;:&quot;Mot\\u00f6rizer, 21.06.2022, Kiel, RadioBOB! Rockcamp, Kieler W0cohe 2022&quot;,&quot;created_timestamp&quot;:&quot;1655838385&quot;,&quot;copyright&quot;:&quot;rockpixx.com | A. Hahl&quot;,&quot;focal_length&quot;:&quot;0&quot;,&quot;iso&quot;:&quot;0&quot;,&quot;shutter_speed&quot;:&quot;0&quot;,&quot;title&quot;:&quot;Mot\\u00f6rizer, 21.06.2022, Kiel, RadioBOB! Rockcamp, Kieler W0cohe 2022&quot;,&quot;orientation&quot;:&quot;0&quot;}\" data-image-title=\"Mot\u00f6rizer, 21.06.2022, Kiel, RadioBOB! Rockcamp, Kieler Woche 2022\" data-image-description=\"&lt;p&gt;Mot\u00f6rizer, 21.06.2022, Kiel, RadioBOB! Rockcamp, Kieler Woche 2022&lt;\/p&gt;\n\" data-image-caption=\"&lt;p&gt;Mot\u00f6rizer, 21.06.2022, Kiel, RadioBOB! Rockcamp, Kieler Woche 2022&lt;\/p&gt;\n\" data-large-file=\"http:\/\/www.rockpixx.com\/wordpress\/wp-content\/uploads\/2022\/06\/20220621-rp-016-1024x683.jpg\" data-id=\"22642\" src=\"http:\/\/www.rockpixx.com\/wordpress\/wp-content\/uploads\/2022\/06\/20220621-rp-016.jpg\" alt=\"Mot\u00f6rizer, 21.06.2022, Kiel, RadioBOB! Rockcamp, Kieler Woche 2022\" class=\"wp-image-22642\" srcset=\"http:\/\/www.rockpixx.com\/wordpress\/wp-content\/uploads\/2022\/06\/20220621-rp-016.jpg 1200w, http:\/\/www.rockpixx.com\/wordpress\/wp-content\/uploads\/2022\/06\/20220621-rp-016-300x200.jpg 300w, http:\/\/www.rockpixx.com\/wordpress\/wp-content\/uploads\/2022\/06\/20220621-rp-016-1024x683.jpg 1024w, http:\/\/www.rockpixx.com\/wordpress\/wp-content\/uploads\/2022\/06\/20220621-rp-016-768x512.jpg 768w, http:\/\/www.rockpixx.com\/wordpress\/wp-content\/uploads\/2022\/06\/20220621-rp-016-900x600.jpg 900w, http:\/\/www.rockpixx.com\/wordpress\/wp-content\/uploads\/2022\/06\/20220621-rp-016-924x616.jpg 924w\" sizes=\"auto, (max-width: 1200px) 100vw, 1200px\" \/><figcaption>Mot\u00f6rizer, 21.06.2022, Kiel, RadioBOB! Rockcamp, Kieler Woche 2022<\/figcaption><\/figure>\n\n\n\n<figure class=\"wp-block-image size-large\"><img loading=\"lazy\" decoding=\"async\" width=\"1200\" height=\"800\" data-attachment-id=\"22643\" data-permalink=\"http:\/\/www.rockpixx.com\/wordpress\/motoerizer-21-06-2022-kiel-radiobob-rockcamp-kieler-w0cohe-2022-5\/\" data-orig-file=\"http:\/\/www.rockpixx.com\/wordpress\/wp-content\/uploads\/2022\/06\/20220621-rp-021.jpg\" data-orig-size=\"1200,800\" data-comments-opened=\"0\" data-image-meta=\"{&quot;aperture&quot;:&quot;0&quot;,&quot;credit&quot;:&quot;rockpixx.com | A. Hahl&quot;,&quot;camera&quot;:&quot;&quot;,&quot;caption&quot;:&quot;Mot\\u00f6rizer, 21.06.2022, Kiel, RadioBOB! Rockcamp, Kieler W0cohe 2022&quot;,&quot;created_timestamp&quot;:&quot;1655838409&quot;,&quot;copyright&quot;:&quot;rockpixx.com | A. Hahl&quot;,&quot;focal_length&quot;:&quot;0&quot;,&quot;iso&quot;:&quot;0&quot;,&quot;shutter_speed&quot;:&quot;0&quot;,&quot;title&quot;:&quot;Mot\\u00f6rizer, 21.06.2022, Kiel, RadioBOB! Rockcamp, Kieler W0cohe 2022&quot;,&quot;orientation&quot;:&quot;0&quot;}\" data-image-title=\"Mot\u00f6rizer, 21.06.2022, Kiel, RadioBOB! Rockcamp, Kieler Woche 2022\" data-image-description=\"&lt;p&gt;Mot\u00f6rizer, 21.06.2022, Kiel, RadioBOB! Rockcamp, Kieler Woche 2022&lt;\/p&gt;\n\" data-image-caption=\"&lt;p&gt;Mot\u00f6rizer, 21.06.2022, Kiel, RadioBOB! Rockcamp, Kieler Woche 2022&lt;\/p&gt;\n\" data-large-file=\"http:\/\/www.rockpixx.com\/wordpress\/wp-content\/uploads\/2022\/06\/20220621-rp-021-1024x683.jpg\" data-id=\"22643\" src=\"http:\/\/www.rockpixx.com\/wordpress\/wp-content\/uploads\/2022\/06\/20220621-rp-021.jpg\" alt=\"Mot\u00f6rizer, 21.06.2022, Kiel, RadioBOB! Rockcamp, Kieler Woche 2022\" class=\"wp-image-22643\" srcset=\"http:\/\/www.rockpixx.com\/wordpress\/wp-content\/uploads\/2022\/06\/20220621-rp-021.jpg 1200w, http:\/\/www.rockpixx.com\/wordpress\/wp-content\/uploads\/2022\/06\/20220621-rp-021-300x200.jpg 300w, http:\/\/www.rockpixx.com\/wordpress\/wp-content\/uploads\/2022\/06\/20220621-rp-021-1024x683.jpg 1024w, http:\/\/www.rockpixx.com\/wordpress\/wp-content\/uploads\/2022\/06\/20220621-rp-021-768x512.jpg 768w, http:\/\/www.rockpixx.com\/wordpress\/wp-content\/uploads\/2022\/06\/20220621-rp-021-900x600.jpg 900w, http:\/\/www.rockpixx.com\/wordpress\/wp-content\/uploads\/2022\/06\/20220621-rp-021-924x616.jpg 924w\" sizes=\"auto, (max-width: 1200px) 100vw, 1200px\" \/><figcaption>Mot\u00f6rizer, 21.06.2022, Kiel, RadioBOB! Rockcamp, Kieler Woche 2022<\/figcaption><\/figure>\n\n\n\n<figure class=\"wp-block-image size-large\"><img loading=\"lazy\" decoding=\"async\" width=\"1200\" height=\"800\" data-attachment-id=\"22644\" data-permalink=\"http:\/\/www.rockpixx.com\/wordpress\/motoerizer-21-06-2022-kiel-radiobob-rockcamp-kieler-w0cohe-2022-6\/\" data-orig-file=\"http:\/\/www.rockpixx.com\/wordpress\/wp-content\/uploads\/2022\/06\/20220621-rp-023.jpg\" data-orig-size=\"1200,800\" data-comments-opened=\"0\" data-image-meta=\"{&quot;aperture&quot;:&quot;0&quot;,&quot;credit&quot;:&quot;rockpixx.com | A. Hahl&quot;,&quot;camera&quot;:&quot;&quot;,&quot;caption&quot;:&quot;Mot\\u00f6rizer, 21.06.2022, Kiel, RadioBOB! Rockcamp, Kieler W0cohe 2022&quot;,&quot;created_timestamp&quot;:&quot;1655838432&quot;,&quot;copyright&quot;:&quot;rockpixx.com | A. Hahl&quot;,&quot;focal_length&quot;:&quot;0&quot;,&quot;iso&quot;:&quot;0&quot;,&quot;shutter_speed&quot;:&quot;0&quot;,&quot;title&quot;:&quot;Mot\\u00f6rizer, 21.06.2022, Kiel, RadioBOB! Rockcamp, Kieler W0cohe 2022&quot;,&quot;orientation&quot;:&quot;0&quot;}\" data-image-title=\"Mot\u00f6rizer, 21.06.2022, Kiel, RadioBOB! Rockcamp, Kieler Woche 2022\" data-image-description=\"&lt;p&gt;Mot\u00f6rizer, 21.06.2022, Kiel, RadioBOB! Rockcamp, Kieler Woche 2022&lt;\/p&gt;\n\" data-image-caption=\"&lt;p&gt;v&lt;\/p&gt;\n\" data-large-file=\"http:\/\/www.rockpixx.com\/wordpress\/wp-content\/uploads\/2022\/06\/20220621-rp-023-1024x683.jpg\" data-id=\"22644\" src=\"http:\/\/www.rockpixx.com\/wordpress\/wp-content\/uploads\/2022\/06\/20220621-rp-023.jpg\" alt=\"Mot\u00f6rizer, 21.06.2022, Kiel, RadioBOB! Rockcamp, Kieler Woche 2022\" class=\"wp-image-22644\" srcset=\"http:\/\/www.rockpixx.com\/wordpress\/wp-content\/uploads\/2022\/06\/20220621-rp-023.jpg 1200w, http:\/\/www.rockpixx.com\/wordpress\/wp-content\/uploads\/2022\/06\/20220621-rp-023-300x200.jpg 300w, http:\/\/www.rockpixx.com\/wordpress\/wp-content\/uploads\/2022\/06\/20220621-rp-023-1024x683.jpg 1024w, http:\/\/www.rockpixx.com\/wordpress\/wp-content\/uploads\/2022\/06\/20220621-rp-023-768x512.jpg 768w, http:\/\/www.rockpixx.com\/wordpress\/wp-content\/uploads\/2022\/06\/20220621-rp-023-900x600.jpg 900w, http:\/\/www.rockpixx.com\/wordpress\/wp-content\/uploads\/2022\/06\/20220621-rp-023-924x616.jpg 924w\" sizes=\"auto, (max-width: 1200px) 100vw, 1200px\" \/><figcaption>v<\/figcaption><\/figure>\n\n\n\n<figure class=\"wp-block-image size-large\"><img loading=\"lazy\" decoding=\"async\" width=\"1200\" height=\"800\" data-attachment-id=\"22645\" data-permalink=\"http:\/\/www.rockpixx.com\/wordpress\/motoerizer-21-06-2022-kiel-radiobob-rockcamp-kieler-w0cohe-2022-7\/\" data-orig-file=\"http:\/\/www.rockpixx.com\/wordpress\/wp-content\/uploads\/2022\/06\/20220621-rp-024.jpg\" data-orig-size=\"1200,800\" data-comments-opened=\"0\" data-image-meta=\"{&quot;aperture&quot;:&quot;0&quot;,&quot;credit&quot;:&quot;rockpixx.com | A. Hahl&quot;,&quot;camera&quot;:&quot;&quot;,&quot;caption&quot;:&quot;Mot\\u00f6rizer, 21.06.2022, Kiel, RadioBOB! Rockcamp, Kieler W0cohe 2022&quot;,&quot;created_timestamp&quot;:&quot;1655838434&quot;,&quot;copyright&quot;:&quot;rockpixx.com | A. Hahl&quot;,&quot;focal_length&quot;:&quot;0&quot;,&quot;iso&quot;:&quot;0&quot;,&quot;shutter_speed&quot;:&quot;0&quot;,&quot;title&quot;:&quot;Mot\\u00f6rizer, 21.06.2022, Kiel, RadioBOB! Rockcamp, Kieler W0cohe 2022&quot;,&quot;orientation&quot;:&quot;0&quot;}\" data-image-title=\"Mot\u00f6rizer, 21.06.2022, Kiel, RadioBOB! Rockcamp, Kieler Woche 2022\" data-image-description=\"&lt;p&gt;Mot\u00f6rizer, 21.06.2022, Kiel, RadioBOB! Rockcamp, Kieler Woche 2022&lt;\/p&gt;\n\" data-image-caption=\"&lt;p&gt;Mot\u00f6rizer, 21.06.2022, Kiel, RadioBOB! Rockcamp, Kieler Woche 2022&lt;\/p&gt;\n\" data-large-file=\"http:\/\/www.rockpixx.com\/wordpress\/wp-content\/uploads\/2022\/06\/20220621-rp-024-1024x683.jpg\" data-id=\"22645\" src=\"http:\/\/www.rockpixx.com\/wordpress\/wp-content\/uploads\/2022\/06\/20220621-rp-024.jpg\" alt=\"Mot\u00f6rizer, 21.06.2022, Kiel, RadioBOB! Rockcamp, Kieler Woche 2022\" class=\"wp-image-22645\" srcset=\"http:\/\/www.rockpixx.com\/wordpress\/wp-content\/uploads\/2022\/06\/20220621-rp-024.jpg 1200w, http:\/\/www.rockpixx.com\/wordpress\/wp-content\/uploads\/2022\/06\/20220621-rp-024-300x200.jpg 300w, http:\/\/www.rockpixx.com\/wordpress\/wp-content\/uploads\/2022\/06\/20220621-rp-024-1024x683.jpg 1024w, http:\/\/www.rockpixx.com\/wordpress\/wp-content\/uploads\/2022\/06\/20220621-rp-024-768x512.jpg 768w, http:\/\/www.rockpixx.com\/wordpress\/wp-content\/uploads\/2022\/06\/20220621-rp-024-900x600.jpg 900w, http:\/\/www.rockpixx.com\/wordpress\/wp-content\/uploads\/2022\/06\/20220621-rp-024-924x616.jpg 924w\" sizes=\"auto, (max-width: 1200px) 100vw, 1200px\" \/><figcaption>Mot\u00f6rizer, 21.06.2022, Kiel, RadioBOB! Rockcamp, Kieler Woche 2022<\/figcaption><\/figure>\n\n\n\n<figure class=\"wp-block-image size-large\"><img loading=\"lazy\" decoding=\"async\" width=\"1200\" height=\"800\" data-attachment-id=\"22646\" data-permalink=\"http:\/\/www.rockpixx.com\/wordpress\/motoerizer-21-06-2022-kiel-radiobob-rockcamp-kieler-w0cohe-2022-8\/\" data-orig-file=\"http:\/\/www.rockpixx.com\/wordpress\/wp-content\/uploads\/2022\/06\/20220621-rp-033.jpg\" data-orig-size=\"1200,800\" data-comments-opened=\"0\" data-image-meta=\"{&quot;aperture&quot;:&quot;0&quot;,&quot;credit&quot;:&quot;rockpixx.com | A. Hahl&quot;,&quot;camera&quot;:&quot;&quot;,&quot;caption&quot;:&quot;Mot\\u00f6rizer, 21.06.2022, Kiel, RadioBOB! Rockcamp, Kieler W0cohe 2022&quot;,&quot;created_timestamp&quot;:&quot;1655838521&quot;,&quot;copyright&quot;:&quot;rockpixx.com | A. Hahl&quot;,&quot;focal_length&quot;:&quot;0&quot;,&quot;iso&quot;:&quot;0&quot;,&quot;shutter_speed&quot;:&quot;0&quot;,&quot;title&quot;:&quot;Mot\\u00f6rizer, 21.06.2022, Kiel, RadioBOB! Rockcamp, Kieler W0cohe 2022&quot;,&quot;orientation&quot;:&quot;0&quot;}\" data-image-title=\"Mot\u00f6rizer, 21.06.2022, Kiel, RadioBOB! Rockcamp, Kieler Woche 2022\" data-image-description=\"&lt;p&gt;Mot\u00f6rizer, 21.06.2022, Kiel, RadioBOB! Rockcamp, Kieler Woche 2022&lt;\/p&gt;\n\" data-image-caption=\"&lt;p&gt;Mot\u00f6rizer, 21.06.2022, Kiel, RadioBOB! Rockcamp, Kieler Woche 2022&lt;\/p&gt;\n\" data-large-file=\"http:\/\/www.rockpixx.com\/wordpress\/wp-content\/uploads\/2022\/06\/20220621-rp-033-1024x683.jpg\" data-id=\"22646\" src=\"http:\/\/www.rockpixx.com\/wordpress\/wp-content\/uploads\/2022\/06\/20220621-rp-033.jpg\" alt=\"Mot\u00f6rizer, 21.06.2022, Kiel, RadioBOB! Rockcamp, Kieler Woche 2022\" class=\"wp-image-22646\" srcset=\"http:\/\/www.rockpixx.com\/wordpress\/wp-content\/uploads\/2022\/06\/20220621-rp-033.jpg 1200w, http:\/\/www.rockpixx.com\/wordpress\/wp-content\/uploads\/2022\/06\/20220621-rp-033-300x200.jpg 300w, http:\/\/www.rockpixx.com\/wordpress\/wp-content\/uploads\/2022\/06\/20220621-rp-033-1024x683.jpg 1024w, http:\/\/www.rockpixx.com\/wordpress\/wp-content\/uploads\/2022\/06\/20220621-rp-033-768x512.jpg 768w, http:\/\/www.rockpixx.com\/wordpress\/wp-content\/uploads\/2022\/06\/20220621-rp-033-900x600.jpg 900w, http:\/\/www.rockpixx.com\/wordpress\/wp-content\/uploads\/2022\/06\/20220621-rp-033-924x616.jpg 924w\" sizes=\"auto, (max-width: 1200px) 100vw, 1200px\" \/><figcaption>Mot\u00f6rizer, 21.06.2022, Kiel, RadioBOB! Rockcamp, Kieler Woche 2022<\/figcaption><\/figure>\n\n\n\n<figure class=\"wp-block-image size-large\"><img loading=\"lazy\" decoding=\"async\" width=\"1200\" height=\"800\" data-attachment-id=\"22647\" data-permalink=\"http:\/\/www.rockpixx.com\/wordpress\/motoerizer-21-06-2022-kiel-radiobob-rockcamp-kieler-w0cohe-2022-9\/\" data-orig-file=\"http:\/\/www.rockpixx.com\/wordpress\/wp-content\/uploads\/2022\/06\/20220621-rp-035.jpg\" data-orig-size=\"1200,800\" data-comments-opened=\"0\" data-image-meta=\"{&quot;aperture&quot;:&quot;0&quot;,&quot;credit&quot;:&quot;rockpixx.com | A. Hahl&quot;,&quot;camera&quot;:&quot;&quot;,&quot;caption&quot;:&quot;Mot\\u00f6rizer, 21.06.2022, Kiel, RadioBOB! Rockcamp, Kieler W0cohe 2022&quot;,&quot;created_timestamp&quot;:&quot;1655838525&quot;,&quot;copyright&quot;:&quot;rockpixx.com | A. Hahl&quot;,&quot;focal_length&quot;:&quot;0&quot;,&quot;iso&quot;:&quot;0&quot;,&quot;shutter_speed&quot;:&quot;0&quot;,&quot;title&quot;:&quot;Mot\\u00f6rizer, 21.06.2022, Kiel, RadioBOB! Rockcamp, Kieler W0cohe 2022&quot;,&quot;orientation&quot;:&quot;0&quot;}\" data-image-title=\"Mot\u00f6rizer, 21.06.2022, Kiel, RadioBOB! Rockcamp, Kieler Woche 2022\" data-image-description=\"&lt;p&gt;Mot\u00f6rizer, 21.06.2022, Kiel, RadioBOB! Rockcamp, Kieler Woche 2022&lt;\/p&gt;\n\" data-image-caption=\"&lt;p&gt;Mot\u00f6rizer, 21.06.2022, Kiel, RadioBOB! Rockcamp, Kieler Woche 2022&lt;\/p&gt;\n\" data-large-file=\"http:\/\/www.rockpixx.com\/wordpress\/wp-content\/uploads\/2022\/06\/20220621-rp-035-1024x683.jpg\" data-id=\"22647\" src=\"http:\/\/www.rockpixx.com\/wordpress\/wp-content\/uploads\/2022\/06\/20220621-rp-035.jpg\" alt=\"Mot\u00f6rizer, 21.06.2022, Kiel, RadioBOB! Rockcamp, Kieler Woche 2022\" class=\"wp-image-22647\" srcset=\"http:\/\/www.rockpixx.com\/wordpress\/wp-content\/uploads\/2022\/06\/20220621-rp-035.jpg 1200w, http:\/\/www.rockpixx.com\/wordpress\/wp-content\/uploads\/2022\/06\/20220621-rp-035-300x200.jpg 300w, http:\/\/www.rockpixx.com\/wordpress\/wp-content\/uploads\/2022\/06\/20220621-rp-035-1024x683.jpg 1024w, http:\/\/www.rockpixx.com\/wordpress\/wp-content\/uploads\/2022\/06\/20220621-rp-035-768x512.jpg 768w, http:\/\/www.rockpixx.com\/wordpress\/wp-content\/uploads\/2022\/06\/20220621-rp-035-900x600.jpg 900w, http:\/\/www.rockpixx.com\/wordpress\/wp-content\/uploads\/2022\/06\/20220621-rp-035-924x616.jpg 924w\" sizes=\"auto, (max-width: 1200px) 100vw, 1200px\" \/><figcaption>Mot\u00f6rizer, 21.06.2022, Kiel, RadioBOB! Rockcamp, Kieler Woche 2022<\/figcaption><\/figure>\n\n\n\n<figure class=\"wp-block-image size-large\"><img loading=\"lazy\" decoding=\"async\" width=\"1200\" height=\"800\" data-attachment-id=\"22648\" data-permalink=\"http:\/\/www.rockpixx.com\/wordpress\/motoerizer-21-06-2022-kiel-radiobob-rockcamp-kieler-w0cohe-2022-10\/\" data-orig-file=\"http:\/\/www.rockpixx.com\/wordpress\/wp-content\/uploads\/2022\/06\/20220621-rp-037.jpg\" data-orig-size=\"1200,800\" data-comments-opened=\"0\" data-image-meta=\"{&quot;aperture&quot;:&quot;0&quot;,&quot;credit&quot;:&quot;rockpixx.com | A. Hahl&quot;,&quot;camera&quot;:&quot;&quot;,&quot;caption&quot;:&quot;Mot\\u00f6rizer, 21.06.2022, Kiel, RadioBOB! Rockcamp, Kieler W0cohe 2022&quot;,&quot;created_timestamp&quot;:&quot;1655838528&quot;,&quot;copyright&quot;:&quot;rockpixx.com | A. Hahl&quot;,&quot;focal_length&quot;:&quot;0&quot;,&quot;iso&quot;:&quot;0&quot;,&quot;shutter_speed&quot;:&quot;0&quot;,&quot;title&quot;:&quot;Mot\\u00f6rizer, 21.06.2022, Kiel, RadioBOB! Rockcamp, Kieler W0cohe 2022&quot;,&quot;orientation&quot;:&quot;0&quot;}\" data-image-title=\"Mot\u00f6rizer, 21.06.2022, Kiel, RadioBOB! Rockcamp, Kieler Woche 2022\" data-image-description=\"&lt;p&gt;Mot\u00f6rizer, 21.06.2022, Kiel, RadioBOB! Rockcamp, Kieler Woche 2022&lt;\/p&gt;\n\" data-image-caption=\"&lt;p&gt;Mot\u00f6rizer, 21.06.2022, Kiel, RadioBOB! Rockcamp, Kieler Woche 2022&lt;\/p&gt;\n\" data-large-file=\"http:\/\/www.rockpixx.com\/wordpress\/wp-content\/uploads\/2022\/06\/20220621-rp-037-1024x683.jpg\" data-id=\"22648\" src=\"http:\/\/www.rockpixx.com\/wordpress\/wp-content\/uploads\/2022\/06\/20220621-rp-037.jpg\" alt=\"Mot\u00f6rizer, 21.06.2022, Kiel, RadioBOB! Rockcamp, Kieler Woche 2022\" class=\"wp-image-22648\" srcset=\"http:\/\/www.rockpixx.com\/wordpress\/wp-content\/uploads\/2022\/06\/20220621-rp-037.jpg 1200w, http:\/\/www.rockpixx.com\/wordpress\/wp-content\/uploads\/2022\/06\/20220621-rp-037-300x200.jpg 300w, http:\/\/www.rockpixx.com\/wordpress\/wp-content\/uploads\/2022\/06\/20220621-rp-037-1024x683.jpg 1024w, http:\/\/www.rockpixx.com\/wordpress\/wp-content\/uploads\/2022\/06\/20220621-rp-037-768x512.jpg 768w, http:\/\/www.rockpixx.com\/wordpress\/wp-content\/uploads\/2022\/06\/20220621-rp-037-900x600.jpg 900w, http:\/\/www.rockpixx.com\/wordpress\/wp-content\/uploads\/2022\/06\/20220621-rp-037-924x616.jpg 924w\" sizes=\"auto, (max-width: 1200px) 100vw, 1200px\" \/><figcaption>Mot\u00f6rizer, 21.06.2022, Kiel, RadioBOB! Rockcamp, Kieler Woche 2022<\/figcaption><\/figure>\n\n\n\n<figure class=\"wp-block-image size-large\"><img loading=\"lazy\" decoding=\"async\" width=\"1200\" height=\"800\" data-attachment-id=\"22649\" data-permalink=\"http:\/\/www.rockpixx.com\/wordpress\/motoerizer-21-06-2022-kiel-radiobob-rockcamp-kieler-w0cohe-2022-11\/\" data-orig-file=\"http:\/\/www.rockpixx.com\/wordpress\/wp-content\/uploads\/2022\/06\/20220621-rp-041.jpg\" data-orig-size=\"1200,800\" data-comments-opened=\"0\" data-image-meta=\"{&quot;aperture&quot;:&quot;0&quot;,&quot;credit&quot;:&quot;rockpixx.com | A. Hahl&quot;,&quot;camera&quot;:&quot;&quot;,&quot;caption&quot;:&quot;Mot\\u00f6rizer, 21.06.2022, Kiel, RadioBOB! Rockcamp, Kieler W0cohe 2022&quot;,&quot;created_timestamp&quot;:&quot;1655838541&quot;,&quot;copyright&quot;:&quot;rockpixx.com | A. Hahl&quot;,&quot;focal_length&quot;:&quot;0&quot;,&quot;iso&quot;:&quot;0&quot;,&quot;shutter_speed&quot;:&quot;0&quot;,&quot;title&quot;:&quot;Mot\\u00f6rizer, 21.06.2022, Kiel, RadioBOB! Rockcamp, Kieler W0cohe 2022&quot;,&quot;orientation&quot;:&quot;0&quot;}\" data-image-title=\"Mot\u00f6rizer, 21.06.2022, Kiel, RadioBOB! Rockcamp, Kieler Woche 2022\" data-image-description=\"&lt;p&gt;Mot\u00f6rizer, 21.06.2022, Kiel, RadioBOB! Rockcamp, Kieler Woche 2022&lt;\/p&gt;\n\" data-image-caption=\"&lt;p&gt;Mot\u00f6rizer, 21.06.2022, Kiel, RadioBOB! Rockcamp, Kieler Woche 2022&lt;\/p&gt;\n\" data-large-file=\"http:\/\/www.rockpixx.com\/wordpress\/wp-content\/uploads\/2022\/06\/20220621-rp-041-1024x683.jpg\" data-id=\"22649\" src=\"http:\/\/www.rockpixx.com\/wordpress\/wp-content\/uploads\/2022\/06\/20220621-rp-041.jpg\" alt=\"Mot\u00f6rizer, 21.06.2022, Kiel, RadioBOB! Rockcamp, Kieler Woche 2022\" class=\"wp-image-22649\" srcset=\"http:\/\/www.rockpixx.com\/wordpress\/wp-content\/uploads\/2022\/06\/20220621-rp-041.jpg 1200w, http:\/\/www.rockpixx.com\/wordpress\/wp-content\/uploads\/2022\/06\/20220621-rp-041-300x200.jpg 300w, http:\/\/www.rockpixx.com\/wordpress\/wp-content\/uploads\/2022\/06\/20220621-rp-041-1024x683.jpg 1024w, http:\/\/www.rockpixx.com\/wordpress\/wp-content\/uploads\/2022\/06\/20220621-rp-041-768x512.jpg 768w, http:\/\/www.rockpixx.com\/wordpress\/wp-content\/uploads\/2022\/06\/20220621-rp-041-900x600.jpg 900w, http:\/\/www.rockpixx.com\/wordpress\/wp-content\/uploads\/2022\/06\/20220621-rp-041-924x616.jpg 924w\" sizes=\"auto, (max-width: 1200px) 100vw, 1200px\" \/><figcaption>Mot\u00f6rizer, 21.06.2022, Kiel, RadioBOB! Rockcamp, Kieler Woche 2022<\/figcaption><\/figure>\n\n\n\n<figure class=\"wp-block-image size-large\"><img loading=\"lazy\" decoding=\"async\" width=\"1200\" height=\"800\" data-attachment-id=\"22650\" data-permalink=\"http:\/\/www.rockpixx.com\/wordpress\/motoerizer-21-06-2022-kiel-radiobob-rockcamp-kieler-w0cohe-2022-12\/\" data-orig-file=\"http:\/\/www.rockpixx.com\/wordpress\/wp-content\/uploads\/2022\/06\/20220621-rp-042.jpg\" data-orig-size=\"1200,800\" data-comments-opened=\"0\" data-image-meta=\"{&quot;aperture&quot;:&quot;0&quot;,&quot;credit&quot;:&quot;rockpixx.com | A. Hahl&quot;,&quot;camera&quot;:&quot;&quot;,&quot;caption&quot;:&quot;Mot\\u00f6rizer, 21.06.2022, Kiel, RadioBOB! Rockcamp, Kieler W0cohe 2022&quot;,&quot;created_timestamp&quot;:&quot;1655838546&quot;,&quot;copyright&quot;:&quot;rockpixx.com | A. Hahl&quot;,&quot;focal_length&quot;:&quot;0&quot;,&quot;iso&quot;:&quot;0&quot;,&quot;shutter_speed&quot;:&quot;0&quot;,&quot;title&quot;:&quot;Mot\\u00f6rizer, 21.06.2022, Kiel, RadioBOB! Rockcamp, Kieler W0cohe 2022&quot;,&quot;orientation&quot;:&quot;0&quot;}\" data-image-title=\"Mot\u00f6rizer, 21.06.2022, Kiel, RadioBOB! Rockcamp, Kieler Woche 2022\" data-image-description=\"&lt;p&gt;Mot\u00f6rizer, 21.06.2022, Kiel, RadioBOB! Rockcamp, Kieler Woche 2022&lt;\/p&gt;\n\" data-image-caption=\"&lt;p&gt;Mot\u00f6rizer, 21.06.2022, Kiel, RadioBOB! Rockcamp, Kieler Woche 2022&lt;\/p&gt;\n\" data-large-file=\"http:\/\/www.rockpixx.com\/wordpress\/wp-content\/uploads\/2022\/06\/20220621-rp-042-1024x683.jpg\" data-id=\"22650\" src=\"http:\/\/www.rockpixx.com\/wordpress\/wp-content\/uploads\/2022\/06\/20220621-rp-042.jpg\" alt=\"Mot\u00f6rizer, 21.06.2022, Kiel, RadioBOB! Rockcamp, Kieler Woche 2022\" class=\"wp-image-22650\" srcset=\"http:\/\/www.rockpixx.com\/wordpress\/wp-content\/uploads\/2022\/06\/20220621-rp-042.jpg 1200w, http:\/\/www.rockpixx.com\/wordpress\/wp-content\/uploads\/2022\/06\/20220621-rp-042-300x200.jpg 300w, http:\/\/www.rockpixx.com\/wordpress\/wp-content\/uploads\/2022\/06\/20220621-rp-042-1024x683.jpg 1024w, http:\/\/www.rockpixx.com\/wordpress\/wp-content\/uploads\/2022\/06\/20220621-rp-042-768x512.jpg 768w, http:\/\/www.rockpixx.com\/wordpress\/wp-content\/uploads\/2022\/06\/20220621-rp-042-900x600.jpg 900w, http:\/\/www.rockpixx.com\/wordpress\/wp-content\/uploads\/2022\/06\/20220621-rp-042-924x616.jpg 924w\" sizes=\"auto, (max-width: 1200px) 100vw, 1200px\" \/><figcaption>Mot\u00f6rizer, 21.06.2022, Kiel, RadioBOB! Rockcamp, Kieler Woche 2022<\/figcaption><\/figure>\n\n\n\n<figure class=\"wp-block-image size-large\"><img loading=\"lazy\" decoding=\"async\" width=\"1200\" height=\"800\" data-attachment-id=\"22651\" data-permalink=\"http:\/\/www.rockpixx.com\/wordpress\/motoerizer-21-06-2022-kiel-radiobob-rockcamp-kieler-w0cohe-2022-13\/\" data-orig-file=\"http:\/\/www.rockpixx.com\/wordpress\/wp-content\/uploads\/2022\/06\/20220621-rp-049.jpg\" data-orig-size=\"1200,800\" data-comments-opened=\"0\" data-image-meta=\"{&quot;aperture&quot;:&quot;0&quot;,&quot;credit&quot;:&quot;rockpixx.com | A. Hahl&quot;,&quot;camera&quot;:&quot;&quot;,&quot;caption&quot;:&quot;Mot\\u00f6rizer, 21.06.2022, Kiel, RadioBOB! Rockcamp, Kieler W0cohe 2022&quot;,&quot;created_timestamp&quot;:&quot;1655838673&quot;,&quot;copyright&quot;:&quot;rockpixx.com | A. Hahl&quot;,&quot;focal_length&quot;:&quot;0&quot;,&quot;iso&quot;:&quot;0&quot;,&quot;shutter_speed&quot;:&quot;0&quot;,&quot;title&quot;:&quot;Mot\\u00f6rizer, 21.06.2022, Kiel, RadioBOB! Rockcamp, Kieler W0cohe 2022&quot;,&quot;orientation&quot;:&quot;0&quot;}\" data-image-title=\"Mot\u00f6rizer, 21.06.2022, Kiel, RadioBOB! Rockcamp, Kieler Woche 2022\" data-image-description=\"&lt;p&gt;Mot\u00f6rizer, 21.06.2022, Kiel, RadioBOB! Rockcamp, Kieler Woche 2022&lt;\/p&gt;\n\" data-image-caption=\"&lt;p&gt;Mot\u00f6rizer, 21.06.2022, Kiel, RadioBOB! Rockcamp, Kieler Woche 2022&lt;\/p&gt;\n\" data-large-file=\"http:\/\/www.rockpixx.com\/wordpress\/wp-content\/uploads\/2022\/06\/20220621-rp-049-1024x683.jpg\" data-id=\"22651\" src=\"http:\/\/www.rockpixx.com\/wordpress\/wp-content\/uploads\/2022\/06\/20220621-rp-049.jpg\" alt=\"Mot\u00f6rizer, 21.06.2022, Kiel, RadioBOB! Rockcamp, Kieler Woche 2022\" class=\"wp-image-22651\" srcset=\"http:\/\/www.rockpixx.com\/wordpress\/wp-content\/uploads\/2022\/06\/20220621-rp-049.jpg 1200w, http:\/\/www.rockpixx.com\/wordpress\/wp-content\/uploads\/2022\/06\/20220621-rp-049-300x200.jpg 300w, http:\/\/www.rockpixx.com\/wordpress\/wp-content\/uploads\/2022\/06\/20220621-rp-049-1024x683.jpg 1024w, http:\/\/www.rockpixx.com\/wordpress\/wp-content\/uploads\/2022\/06\/20220621-rp-049-768x512.jpg 768w, http:\/\/www.rockpixx.com\/wordpress\/wp-content\/uploads\/2022\/06\/20220621-rp-049-900x600.jpg 900w, http:\/\/www.rockpixx.com\/wordpress\/wp-content\/uploads\/2022\/06\/20220621-rp-049-924x616.jpg 924w\" sizes=\"auto, (max-width: 1200px) 100vw, 1200px\" \/><figcaption>Mot\u00f6rizer, 21.06.2022, Kiel, RadioBOB! Rockcamp, Kieler Woche 2022<\/figcaption><\/figure>\n\n\n\n<figure class=\"wp-block-image size-large\"><img loading=\"lazy\" decoding=\"async\" width=\"1200\" height=\"800\" data-attachment-id=\"22652\" data-permalink=\"http:\/\/www.rockpixx.com\/wordpress\/motoerizer-21-06-2022-kiel-radiobob-rockcamp-kieler-w0cohe-2022-14\/\" data-orig-file=\"http:\/\/www.rockpixx.com\/wordpress\/wp-content\/uploads\/2022\/06\/20220621-rp-052.jpg\" data-orig-size=\"1200,800\" data-comments-opened=\"0\" data-image-meta=\"{&quot;aperture&quot;:&quot;0&quot;,&quot;credit&quot;:&quot;rockpixx.com | A. Hahl&quot;,&quot;camera&quot;:&quot;&quot;,&quot;caption&quot;:&quot;Mot\\u00f6rizer, 21.06.2022, Kiel, RadioBOB! Rockcamp, Kieler W0cohe 2022&quot;,&quot;created_timestamp&quot;:&quot;1655838699&quot;,&quot;copyright&quot;:&quot;rockpixx.com | A. Hahl&quot;,&quot;focal_length&quot;:&quot;0&quot;,&quot;iso&quot;:&quot;0&quot;,&quot;shutter_speed&quot;:&quot;0&quot;,&quot;title&quot;:&quot;Mot\\u00f6rizer, 21.06.2022, Kiel, RadioBOB! Rockcamp, Kieler W0cohe 2022&quot;,&quot;orientation&quot;:&quot;0&quot;}\" data-image-title=\"Mot\u00f6rizer, 21.06.2022, Kiel, RadioBOB! Rockcamp, Kieler Woche 2022\" data-image-description=\"&lt;p&gt;Mot\u00f6rizer, 21.06.2022, Kiel, RadioBOB! Rockcamp, Kieler Woche 2022&lt;\/p&gt;\n\" data-image-caption=\"&lt;p&gt;Mot\u00f6rizer, 21.06.2022, Kiel, RadioBOB! Rockcamp, Kieler W0cohe 2022&lt;\/p&gt;\n\" data-large-file=\"http:\/\/www.rockpixx.com\/wordpress\/wp-content\/uploads\/2022\/06\/20220621-rp-052-1024x683.jpg\" data-id=\"22652\" src=\"http:\/\/www.rockpixx.com\/wordpress\/wp-content\/uploads\/2022\/06\/20220621-rp-052.jpg\" alt=\"Mot\u00f6rizer, 21.06.2022, Kiel, RadioBOB! Rockcamp, Kieler Woche 2022\" class=\"wp-image-22652\" srcset=\"http:\/\/www.rockpixx.com\/wordpress\/wp-content\/uploads\/2022\/06\/20220621-rp-052.jpg 1200w, http:\/\/www.rockpixx.com\/wordpress\/wp-content\/uploads\/2022\/06\/20220621-rp-052-300x200.jpg 300w, http:\/\/www.rockpixx.com\/wordpress\/wp-content\/uploads\/2022\/06\/20220621-rp-052-1024x683.jpg 1024w, http:\/\/www.rockpixx.com\/wordpress\/wp-content\/uploads\/2022\/06\/20220621-rp-052-768x512.jpg 768w, http:\/\/www.rockpixx.com\/wordpress\/wp-content\/uploads\/2022\/06\/20220621-rp-052-900x600.jpg 900w, http:\/\/www.rockpixx.com\/wordpress\/wp-content\/uploads\/2022\/06\/20220621-rp-052-924x616.jpg 924w\" sizes=\"auto, (max-width: 1200px) 100vw, 1200px\" \/><figcaption>Mot\u00f6rizer, 21.06.2022, Kiel, RadioBOB! Rockcamp, Kieler W0cohe 2022<\/figcaption><\/figure>\n\n\n\n<figure class=\"wp-block-image size-large\"><img loading=\"lazy\" decoding=\"async\" width=\"1200\" height=\"800\" data-attachment-id=\"22653\" data-permalink=\"http:\/\/www.rockpixx.com\/wordpress\/motoerizer-21-06-2022-kiel-radiobob-rockcamp-kieler-w0cohe-2022-15\/\" data-orig-file=\"http:\/\/www.rockpixx.com\/wordpress\/wp-content\/uploads\/2022\/06\/20220621-rp-060.jpg\" data-orig-size=\"1200,800\" data-comments-opened=\"0\" data-image-meta=\"{&quot;aperture&quot;:&quot;0&quot;,&quot;credit&quot;:&quot;rockpixx.com | A. Hahl&quot;,&quot;camera&quot;:&quot;&quot;,&quot;caption&quot;:&quot;Mot\\u00f6rizer, 21.06.2022, Kiel, RadioBOB! Rockcamp, Kieler W0cohe 2022&quot;,&quot;created_timestamp&quot;:&quot;1655838757&quot;,&quot;copyright&quot;:&quot;rockpixx.com | A. Hahl&quot;,&quot;focal_length&quot;:&quot;0&quot;,&quot;iso&quot;:&quot;0&quot;,&quot;shutter_speed&quot;:&quot;0&quot;,&quot;title&quot;:&quot;Mot\\u00f6rizer, 21.06.2022, Kiel, RadioBOB! Rockcamp, Kieler W0cohe 2022&quot;,&quot;orientation&quot;:&quot;0&quot;}\" data-image-title=\"Mot\u00f6rizer, 21.06.2022, Kiel, RadioBOB! Rockcamp, Kieler Woche 2022\" data-image-description=\"&lt;p&gt;Mot\u00f6rizer, 21.06.2022, Kiel, RadioBOB! Rockcamp, Kieler Woche 2022&lt;\/p&gt;\n\" data-image-caption=\"&lt;p&gt;Mot\u00f6rizer, 21.06.2022, Kiel, RadioBOB! Rockcamp, Kieler Woche 2022&lt;\/p&gt;\n\" data-large-file=\"http:\/\/www.rockpixx.com\/wordpress\/wp-content\/uploads\/2022\/06\/20220621-rp-060-1024x683.jpg\" data-id=\"22653\" src=\"http:\/\/www.rockpixx.com\/wordpress\/wp-content\/uploads\/2022\/06\/20220621-rp-060.jpg\" alt=\"Mot\u00f6rizer, 21.06.2022, Kiel, RadioBOB! Rockcamp, Kieler Woche 2022\" class=\"wp-image-22653\" srcset=\"http:\/\/www.rockpixx.com\/wordpress\/wp-content\/uploads\/2022\/06\/20220621-rp-060.jpg 1200w, http:\/\/www.rockpixx.com\/wordpress\/wp-content\/uploads\/2022\/06\/20220621-rp-060-300x200.jpg 300w, http:\/\/www.rockpixx.com\/wordpress\/wp-content\/uploads\/2022\/06\/20220621-rp-060-1024x683.jpg 1024w, http:\/\/www.rockpixx.com\/wordpress\/wp-content\/uploads\/2022\/06\/20220621-rp-060-768x512.jpg 768w, http:\/\/www.rockpixx.com\/wordpress\/wp-content\/uploads\/2022\/06\/20220621-rp-060-900x600.jpg 900w, http:\/\/www.rockpixx.com\/wordpress\/wp-content\/uploads\/2022\/06\/20220621-rp-060-924x616.jpg 924w\" sizes=\"auto, (max-width: 1200px) 100vw, 1200px\" \/><figcaption>Mot\u00f6rizer, 21.06.2022, Kiel, RadioBOB! Rockcamp, Kieler Woche 2022<\/figcaption><\/figure>\n<\/figure>\n","protected":false},"excerpt":{"rendered":"<p>Wie jetzt?!? Schon wieder Mot\u00f6rizer? Die hatten wir doch erst vor zwei Monaten in Kiel in der R\u00e4ucherei fotografiert\u2026<\/p>\n","protected":false},"author":3,"featured_media":22652,"comment_status":"closed","ping_status":"closed","sticky":false,"template":"","format":"standard","meta":{"_jetpack_memberships_contains_paid_content":false,"footnotes":"","jetpack_publicize_message":"#WeSaluteYou #ACDC #Roxheim #Premiere #PausevonderPause #Rockpixx","jetpack_publicize_feature_enabled":false,"jetpack_social_post_already_shared":true,"jetpack_social_options":{"image_generator_settings":{"template":"highway","default_image_id":0,"font":"","enabled":false},"version":2}},"categories":[34,1639,1182,5],"tags":[2595,1735,138,2196,2198,2540,2604],"class_list":["post-22654","post","type-post","status-publish","format-standard","has-post-thumbnail","hentry","category-acts","category-motoerhead-tribute","category-motorizer","category-tributebands","tag-2595","tag-kiel","tag-kieler-woche","tag-motorhead","tag-motorizer","tag-radio-bob-rockcamp","tag-tributeband"],"aioseo_notices":[],"jetpack_publicize_connections":[],"jetpack_featured_media_url":"http:\/\/www.rockpixx.com\/wordpress\/wp-content\/uploads\/2022\/06\/20220621-rp-052.jpg","jetpack-related-posts":[{"id":21244,"url":"http:\/\/www.rockpixx.com\/wordpress\/motoerizer-20-06-2017-kiel-radio-bob-rockcamp\/","url_meta":{"origin":22654,"position":0},"title":"Mot\u00f6rizer, 20.06.2017, Kiel, Radio BOB! Rockcamp","author":"admin","date":"21. Juni 2017","format":false,"excerpt":"Es gibt Bands, die meint man schon ewig zu kennen, hat sie aber witzigerweise noch gar nicht so schrecklich oft fotografiert. Dennoch hat man zu den einzelnen Musikern ein ausgesprochen freundschaftliches Verh\u00e4ltnis. So gestern Abend auch wieder erlebt mit \u201eMot\u00f6rizer\u201c auf der gro\u00dfen B\u00fchne im Radio BOB! Rockcamp an der\u2026","rel":"","context":"In &quot;Acts&quot;","block_context":{"text":"Acts","link":"http:\/\/www.rockpixx.com\/wordpress\/category\/acts\/"},"img":{"alt_text":"Mot\u00f6rizer, 20.06.2017, Kiel, Radio BOB! Rockcamp","src":"https:\/\/i0.wp.com\/www.rockpixx.com\/wordpress\/wp-content\/uploads\/2017\/06\/20170620-01-035.jpg?resize=350%2C200","width":350,"height":200,"srcset":"https:\/\/i0.wp.com\/www.rockpixx.com\/wordpress\/wp-content\/uploads\/2017\/06\/20170620-01-035.jpg?resize=350%2C200 1x, https:\/\/i0.wp.com\/www.rockpixx.com\/wordpress\/wp-content\/uploads\/2017\/06\/20170620-01-035.jpg?resize=525%2C300 1.5x, https:\/\/i0.wp.com\/www.rockpixx.com\/wordpress\/wp-content\/uploads\/2017\/06\/20170620-01-035.jpg?resize=700%2C400 2x"},"classes":[]},{"id":22535,"url":"http:\/\/www.rockpixx.com\/wordpress\/motoerizer-2022\/","url_meta":{"origin":22654,"position":1},"title":"Mot\u00f6rizer, 22.04.2022, Kiel, R\u00e4ucherei","author":"A. Hahl","date":"23. April 2022","format":false,"excerpt":"846 Tage ist es her, seit dem letzten Konzert von \u201eMot\u00f6rizer\u201c welches ich in Hamburg in der Markthalle fotografiert habe. Leider ist es auch generell 846 Tage her, seitdem ich zum letzten Mal (mit der Kamera in den H\u00e4nden) \u00fcberhaupt vor einer Konzertb\u00fchne gestanden habe.","rel":"","context":"In &quot;Acts&quot;","block_context":{"text":"Acts","link":"http:\/\/www.rockpixx.com\/wordpress\/category\/acts\/"},"img":{"alt_text":"Mot\u00f6rizer, 22.04.2022, Kiel, R\u00e4ucherei | rockpixx.com","src":"https:\/\/i0.wp.com\/www.rockpixx.com\/wordpress\/wp-content\/uploads\/2022\/04\/20220422-rp-109.jpg?resize=350%2C200","width":350,"height":200,"srcset":"https:\/\/i0.wp.com\/www.rockpixx.com\/wordpress\/wp-content\/uploads\/2022\/04\/20220422-rp-109.jpg?resize=350%2C200 1x, https:\/\/i0.wp.com\/www.rockpixx.com\/wordpress\/wp-content\/uploads\/2022\/04\/20220422-rp-109.jpg?resize=525%2C300 1.5x, https:\/\/i0.wp.com\/www.rockpixx.com\/wordpress\/wp-content\/uploads\/2022\/04\/20220422-rp-109.jpg?resize=700%2C400 2x"},"classes":[]},{"id":11347,"url":"http:\/\/www.rockpixx.com\/wordpress\/motorizer-30-06-2012-kiel-maxbuhne\/","url_meta":{"origin":22654,"position":2},"title":"Mot\u00f6rizer, 30.06.2013, Kiel, MAXB\u00fchne","author":"Anja","date":"1. Juli 2013","format":false,"excerpt":"Der PickUp steht immer noch backstage \u2013 wo soll er auch hin? Sein Besitzer hat nur eben das T-Shirt gewechselt und spielt mit seinen Kollegen von \u201eCorporate ID\u201c munter unter anderem Namen weiter. Jetzt hei\u00dft die Losung \u201eMot\u00f6rizer\u201c und gespielt wird... nat\u00fcrlich \u201eMot\u00f6rhead\u201c. Die Stimme aus den Boxen klingt sehr\u2026","rel":"","context":"In &quot;Acts&quot;","block_context":{"text":"Acts","link":"http:\/\/www.rockpixx.com\/wordpress\/category\/acts\/"},"img":{"alt_text":"Mot\u00f6rizer, 30.06.2013, Kiel, MAXB\u00fchne","src":"https:\/\/i0.wp.com\/www.rockpixx.com\/wordpress\/wp-content\/uploads\/2013\/07\/20130630-03-007_motoerizer-Artikel.jpg?resize=350%2C200","width":350,"height":200,"srcset":"https:\/\/i0.wp.com\/www.rockpixx.com\/wordpress\/wp-content\/uploads\/2013\/07\/20130630-03-007_motoerizer-Artikel.jpg?resize=350%2C200 1x, https:\/\/i0.wp.com\/www.rockpixx.com\/wordpress\/wp-content\/uploads\/2013\/07\/20130630-03-007_motoerizer-Artikel.jpg?resize=525%2C300 1.5x, https:\/\/i0.wp.com\/www.rockpixx.com\/wordpress\/wp-content\/uploads\/2013\/07\/20130630-03-007_motoerizer-Artikel.jpg?resize=700%2C400 2x"},"classes":[]},{"id":22817,"url":"http:\/\/www.rockpixx.com\/wordpress\/motoerizer-28-12-2023-hamburg-markthalle\/","url_meta":{"origin":22654,"position":3},"title":"Mot\u00f6rizer, 28.12.2023, Hamburg, Markthalle","author":"A. Hahl","date":"2. Januar 2024","format":false,"excerpt":"Nun, Ende Dezember, stehe ich als wieder einmal in der Markthalle in Hamburg und wohne einem weiteren \u201eLemmyversary\u201c bei, mit dem die Band j\u00e4hrlich am Todestag von Lemmy Kilmister seinem Schaffen mit \u201eMot\u00f6rhead\u201c huldigt.","rel":"","context":"In &quot;Acts&quot;","block_context":{"text":"Acts","link":"http:\/\/www.rockpixx.com\/wordpress\/category\/acts\/"},"img":{"alt_text":"Mot\u00f6rizer, 28.12.2023, Hamburg, Markthalle","src":"https:\/\/i0.wp.com\/www.rockpixx.com\/wordpress\/wp-content\/uploads\/2024\/01\/20231228-02-160.jpg?resize=350%2C200","width":350,"height":200,"srcset":"https:\/\/i0.wp.com\/www.rockpixx.com\/wordpress\/wp-content\/uploads\/2024\/01\/20231228-02-160.jpg?resize=350%2C200 1x, https:\/\/i0.wp.com\/www.rockpixx.com\/wordpress\/wp-content\/uploads\/2024\/01\/20231228-02-160.jpg?resize=525%2C300 1.5x, https:\/\/i0.wp.com\/www.rockpixx.com\/wordpress\/wp-content\/uploads\/2024\/01\/20231228-02-160.jpg?resize=700%2C400 2x, https:\/\/i0.wp.com\/www.rockpixx.com\/wordpress\/wp-content\/uploads\/2024\/01\/20231228-02-160.jpg?resize=1050%2C600 3x"},"classes":[]},{"id":22633,"url":"http:\/\/www.rockpixx.com\/wordpress\/beyond-the-black-2022\/","url_meta":{"origin":22654,"position":4},"title":"Beyond the Black, 18.06.2022, Kiel, Kieler Woche, Radio BOB! Rockcamp","author":"A. Hahl","date":"19. Juni 2022","format":false,"excerpt":"Beyond the Black ist eine Band, die aus mehreren Gr\u00fcnden bei uns schon seit Jahren auf unserer Wunschliste stand, bei der wir es bislang aber nie geschafft hatten, sie einmal vor unsere Kameras zu bekommen.","rel":"","context":"In &quot;Acts&quot;","block_context":{"text":"Acts","link":"http:\/\/www.rockpixx.com\/wordpress\/category\/acts\/"},"img":{"alt_text":"Beyond the Black, 18.06.2022, Kiel, Kieler Woche, Radio BOB! Rockcamp","src":"https:\/\/i0.wp.com\/www.rockpixx.com\/wordpress\/wp-content\/uploads\/2022\/06\/20220618-rp-204.jpg?resize=350%2C200","width":350,"height":200,"srcset":"https:\/\/i0.wp.com\/www.rockpixx.com\/wordpress\/wp-content\/uploads\/2022\/06\/20220618-rp-204.jpg?resize=350%2C200 1x, https:\/\/i0.wp.com\/www.rockpixx.com\/wordpress\/wp-content\/uploads\/2022\/06\/20220618-rp-204.jpg?resize=525%2C300 1.5x, https:\/\/i0.wp.com\/www.rockpixx.com\/wordpress\/wp-content\/uploads\/2022\/06\/20220618-rp-204.jpg?resize=700%2C400 2x, https:\/\/i0.wp.com\/www.rockpixx.com\/wordpress\/wp-content\/uploads\/2022\/06\/20220618-rp-204.jpg?resize=1050%2C600 3x"},"classes":[]},{"id":13251,"url":"http:\/\/www.rockpixx.com\/wordpress\/corporate-id-23-05-2014-kiel-raeucherei\/","url_meta":{"origin":22654,"position":5},"title":"Corporate ID, 23.05.2014, Kiel, R\u00e4ucherei","author":"admin","date":"23. Mai 2014","format":false,"excerpt":"\u201eCorporate ID? Das sind doch die mit dem gro\u00dfen PickUp, der immer mindestens drei Parkpl\u00e4tze hinter der MAXB\u00fchne braucht?\u201c Richtig, sie sind es, auch wenn der PickUp mittlerweile einem anderen Fahrzeug gewichen ist. Aber darum soll es hier ja nicht gehen, hier geht\u2019s um Musik. Als dritter Acts stehen nun\u2026","rel":"","context":"In &quot;Acts&quot;","block_context":{"text":"Acts","link":"http:\/\/www.rockpixx.com\/wordpress\/category\/acts\/"},"img":{"alt_text":"Corporate ID, 23.05.2014, Kiel, R\u00e4ucherei","src":"https:\/\/i0.wp.com\/www.rockpixx.com\/wordpress\/wp-content\/uploads\/2014\/05\/20140523-03-037.jpg?resize=350%2C200","width":350,"height":200,"srcset":"https:\/\/i0.wp.com\/www.rockpixx.com\/wordpress\/wp-content\/uploads\/2014\/05\/20140523-03-037.jpg?resize=350%2C200 1x, https:\/\/i0.wp.com\/www.rockpixx.com\/wordpress\/wp-content\/uploads\/2014\/05\/20140523-03-037.jpg?resize=525%2C300 1.5x, https:\/\/i0.wp.com\/www.rockpixx.com\/wordpress\/wp-content\/uploads\/2014\/05\/20140523-03-037.jpg?resize=700%2C400 2x"},"classes":[]}],"jetpack_sharing_enabled":true,"publishpress_future_action":{"enabled":false,"date":"2026-05-08 10:11:14","action":"change-status","newStatus":"draft","terms":[],"taxonomy":"category","extraData":[]},"publishpress_future_workflow_manual_trigger":{"enabledWorkflows":[]},"_links":{"self":[{"href":"http:\/\/www.rockpixx.com\/wordpress\/wp-json\/wp\/v2\/posts\/22654","targetHints":{"allow":["GET"]}}],"collection":[{"href":"http:\/\/www.rockpixx.com\/wordpress\/wp-json\/wp\/v2\/posts"}],"about":[{"href":"http:\/\/www.rockpixx.com\/wordpress\/wp-json\/wp\/v2\/types\/post"}],"author":[{"embeddable":true,"href":"http:\/\/www.rockpixx.com\/wordpress\/wp-json\/wp\/v2\/users\/3"}],"replies":[{"embeddable":true,"href":"http:\/\/www.rockpixx.com\/wordpress\/wp-json\/wp\/v2\/comments?post=22654"}],"version-history":[{"count":4,"href":"http:\/\/www.rockpixx.com\/wordpress\/wp-json\/wp\/v2\/posts\/22654\/revisions"}],"predecessor-version":[{"id":22700,"href":"http:\/\/www.rockpixx.com\/wordpress\/wp-json\/wp\/v2\/posts\/22654\/revisions\/22700"}],"wp:featuredmedia":[{"embeddable":true,"href":"http:\/\/www.rockpixx.com\/wordpress\/wp-json\/wp\/v2\/media\/22652"}],"wp:attachment":[{"href":"http:\/\/www.rockpixx.com\/wordpress\/wp-json\/wp\/v2\/media?parent=22654"}],"wp:term":[{"taxonomy":"category","embeddable":true,"href":"http:\/\/www.rockpixx.com\/wordpress\/wp-json\/wp\/v2\/categories?post=22654"},{"taxonomy":"post_tag","embeddable":true,"href":"http:\/\/www.rockpixx.com\/wordpress\/wp-json\/wp\/v2\/tags?post=22654"}],"curies":[{"name":"wp","href":"https:\/\/api.w.org\/{rel}","templated":true}]}}