{"id":22927,"date":"2024-06-25T18:16:57","date_gmt":"2024-06-25T17:16:57","guid":{"rendered":"http:\/\/www.rockpixx.com\/wordpress\/stahlzeit-03-02-2024-kiel-wunderino-arena-copy\/"},"modified":"2024-06-25T18:28:06","modified_gmt":"2024-06-25T17:28:06","slug":"forgotten-north-24-06-2024-kiel-radio-bob-rockcamp","status":"publish","type":"post","link":"http:\/\/www.rockpixx.com\/wordpress\/forgotten-north-24-06-2024-kiel-radio-bob-rockcamp\/","title":{"rendered":"Forgotten North, 24.06.2024, Kiel, Radio BOB! Rockcamp"},"content":{"rendered":"\n<p>So gegen 19:00 Uhr trudele ich am mittlerweile vierten Tag der Kieler Woche 2024 vor der B\u00fchne am Radio BOB! Rockcamp ein, um mir meinen Fotopass f\u00fcr dieses Jahr abzuholen. Nach einem Jahr Zwangspause von der Kieler Woche ist aber sogleich das vertraute Gef\u00fchl wieder da \u2013 umso mehr, als ich sehe, dass ich sogar noch den Support-Act f\u00fcr \u201eSaltatio Mortis\u201c \u2013 \u201eForgotten North\u201c \u2013 ablichten kann.<\/p>\n\n\n\n<!--more-->\n\n\n\n<p>Was da nun vor mir auf der B\u00fchne passiert, sieht interessant aus und h\u00f6rt sich auch gut an. Laut eigenem Bekunden gibt es diese Band schon seit 30 Jahren und sie spielen \u201eFanatasie Wikinger Rock aus Norddeutschland\u201c. Mehr Infos zur Band und zu den einzelnen Mitgliedern kann ich leider in meiner Recherche nicht auftreiben, da diese Band tats\u00e4chlich online nur in diversen sozialen Netzwerken existiert. Schade drum, zumindest ein paar weitere Hintergrund-Informationen h\u00e4tte ich hier gerne weitergegeben \u2013 ebenso eine Empfehlung f\u00fcr anstehende Gigs.<\/p>\n\n\n\n<p>Fazit: Odin wurde mit heftigen Rockkl\u00e4ngen \u2013 inklusive weiblich besetzter Violine \u2013 ordentlich gefeiert, f\u00fcr die Augen gab es in Person des beeindruckenden Frontmannes auch etwas, und mich hat das alte Kieler Woche-Konzertgef\u00fchl wieder gepackt.<\/p>\n\n\n\n<figure class=\"wp-block-gallery has-nested-images columns-default is-cropped wp-block-gallery-1 is-layout-flex wp-block-gallery-is-layout-flex\">\n<figure class=\"wp-block-image size-large\"><img loading=\"lazy\" decoding=\"async\" width=\"1024\" height=\"683\" data-attachment-id=\"22917\" data-permalink=\"http:\/\/www.rockpixx.com\/wordpress\/forgotten-north-24-06-2024-kiel-radio-bob-rockcamp\/\" data-orig-file=\"http:\/\/www.rockpixx.com\/wordpress\/wp-content\/uploads\/2024\/06\/20240624-01-005.jpg\" data-orig-size=\"1200,800\" data-comments-opened=\"0\" data-image-meta=\"{&quot;aperture&quot;:&quot;0&quot;,&quot;credit&quot;:&quot;rockpixx.com | A. Hahl&quot;,&quot;camera&quot;:&quot;&quot;,&quot;caption&quot;:&quot;Forgotten North, 24.06.2024, Kiel, Radio BOB! Rockcamp&quot;,&quot;created_timestamp&quot;:&quot;1719251946&quot;,&quot;copyright&quot;:&quot;rockpixx.com | A. Hahl&quot;,&quot;focal_length&quot;:&quot;0&quot;,&quot;iso&quot;:&quot;0&quot;,&quot;shutter_speed&quot;:&quot;0&quot;,&quot;title&quot;:&quot;Forgotten North, 24.06.2024, Kiel, Radio BOB! Rockcamp&quot;,&quot;orientation&quot;:&quot;0&quot;}\" data-image-title=\"Forgotten North, 24.06.2024, Kiel, Radio BOB! Rockcamp\" data-image-description=\"&lt;p&gt;Forgotten North, 24.06.2024, Kiel, Radio BOB! Rockcamp&lt;\/p&gt;\n\" data-image-caption=\"\" data-large-file=\"http:\/\/www.rockpixx.com\/wordpress\/wp-content\/uploads\/2024\/06\/20240624-01-005-1024x683.jpg\" data-id=\"22917\" src=\"http:\/\/www.rockpixx.com\/wordpress\/wp-content\/uploads\/2024\/06\/20240624-01-005-1024x683.jpg\" alt=\"Forgotten North, 24.06.2024, Kiel, Radio BOB! Rockcamp\" class=\"wp-image-22917\" srcset=\"http:\/\/www.rockpixx.com\/wordpress\/wp-content\/uploads\/2024\/06\/20240624-01-005-1024x683.jpg 1024w, http:\/\/www.rockpixx.com\/wordpress\/wp-content\/uploads\/2024\/06\/20240624-01-005-300x200.jpg 300w, http:\/\/www.rockpixx.com\/wordpress\/wp-content\/uploads\/2024\/06\/20240624-01-005-768x512.jpg 768w, http:\/\/www.rockpixx.com\/wordpress\/wp-content\/uploads\/2024\/06\/20240624-01-005-900x600.jpg 900w, http:\/\/www.rockpixx.com\/wordpress\/wp-content\/uploads\/2024\/06\/20240624-01-005-924x616.jpg 924w, http:\/\/www.rockpixx.com\/wordpress\/wp-content\/uploads\/2024\/06\/20240624-01-005.jpg 1200w\" sizes=\"auto, (max-width: 1024px) 100vw, 1024px\" \/><\/figure>\n\n\n\n<figure class=\"wp-block-image size-large\"><img loading=\"lazy\" decoding=\"async\" width=\"1024\" height=\"683\" data-attachment-id=\"22918\" data-permalink=\"http:\/\/www.rockpixx.com\/wordpress\/forgotten-north-24-06-2024-kiel-radio-bob-rockcamp-2\/\" data-orig-file=\"http:\/\/www.rockpixx.com\/wordpress\/wp-content\/uploads\/2024\/06\/20240624-01-018.jpg\" data-orig-size=\"1200,800\" data-comments-opened=\"0\" data-image-meta=\"{&quot;aperture&quot;:&quot;0&quot;,&quot;credit&quot;:&quot;rockpixx.com | A. Hahl&quot;,&quot;camera&quot;:&quot;&quot;,&quot;caption&quot;:&quot;Forgotten North, 24.06.2024, Kiel, Radio BOB! Rockcamp&quot;,&quot;created_timestamp&quot;:&quot;1719252085&quot;,&quot;copyright&quot;:&quot;rockpixx.com | A. Hahl&quot;,&quot;focal_length&quot;:&quot;0&quot;,&quot;iso&quot;:&quot;0&quot;,&quot;shutter_speed&quot;:&quot;0&quot;,&quot;title&quot;:&quot;Forgotten North, 24.06.2024, Kiel, Radio BOB! Rockcamp&quot;,&quot;orientation&quot;:&quot;0&quot;}\" data-image-title=\"Forgotten North, 24.06.2024, Kiel, Radio BOB! Rockcamp\" data-image-description=\"&lt;p&gt;Forgotten North, 24.06.2024, Kiel, Radio BOB! Rockcamp&lt;\/p&gt;\n\" data-image-caption=\"\" data-large-file=\"http:\/\/www.rockpixx.com\/wordpress\/wp-content\/uploads\/2024\/06\/20240624-01-018-1024x683.jpg\" data-id=\"22918\" src=\"http:\/\/www.rockpixx.com\/wordpress\/wp-content\/uploads\/2024\/06\/20240624-01-018-1024x683.jpg\" alt=\"Forgotten North, 24.06.2024, Kiel, Radio BOB! Rockcamp\" class=\"wp-image-22918\" srcset=\"http:\/\/www.rockpixx.com\/wordpress\/wp-content\/uploads\/2024\/06\/20240624-01-018-1024x683.jpg 1024w, http:\/\/www.rockpixx.com\/wordpress\/wp-content\/uploads\/2024\/06\/20240624-01-018-300x200.jpg 300w, http:\/\/www.rockpixx.com\/wordpress\/wp-content\/uploads\/2024\/06\/20240624-01-018-768x512.jpg 768w, http:\/\/www.rockpixx.com\/wordpress\/wp-content\/uploads\/2024\/06\/20240624-01-018-900x600.jpg 900w, http:\/\/www.rockpixx.com\/wordpress\/wp-content\/uploads\/2024\/06\/20240624-01-018-924x616.jpg 924w, http:\/\/www.rockpixx.com\/wordpress\/wp-content\/uploads\/2024\/06\/20240624-01-018.jpg 1200w\" sizes=\"auto, (max-width: 1024px) 100vw, 1024px\" \/><\/figure>\n\n\n\n<figure class=\"wp-block-image size-large\"><img loading=\"lazy\" decoding=\"async\" width=\"1024\" height=\"683\" data-attachment-id=\"22919\" data-permalink=\"http:\/\/www.rockpixx.com\/wordpress\/forgotten-north-24-06-2024-kiel-radio-bob-rockcamp-3\/\" data-orig-file=\"http:\/\/www.rockpixx.com\/wordpress\/wp-content\/uploads\/2024\/06\/20240624-01-023.jpg\" data-orig-size=\"1200,800\" data-comments-opened=\"0\" data-image-meta=\"{&quot;aperture&quot;:&quot;0&quot;,&quot;credit&quot;:&quot;rockpixx.com | A. Hahl&quot;,&quot;camera&quot;:&quot;&quot;,&quot;caption&quot;:&quot;Forgotten North, 24.06.2024, Kiel, Radio BOB! Rockcamp&quot;,&quot;created_timestamp&quot;:&quot;1719252170&quot;,&quot;copyright&quot;:&quot;rockpixx.com | A. Hahl&quot;,&quot;focal_length&quot;:&quot;0&quot;,&quot;iso&quot;:&quot;0&quot;,&quot;shutter_speed&quot;:&quot;0&quot;,&quot;title&quot;:&quot;Forgotten North, 24.06.2024, Kiel, Radio BOB! Rockcamp&quot;,&quot;orientation&quot;:&quot;0&quot;}\" data-image-title=\"Forgotten North, 24.06.2024, Kiel, Radio BOB! Rockcamp\" data-image-description=\"&lt;p&gt;Forgotten North, 24.06.2024, Kiel, Radio BOB! Rockcamp&lt;\/p&gt;\n\" data-image-caption=\"\" data-large-file=\"http:\/\/www.rockpixx.com\/wordpress\/wp-content\/uploads\/2024\/06\/20240624-01-023-1024x683.jpg\" data-id=\"22919\" src=\"http:\/\/www.rockpixx.com\/wordpress\/wp-content\/uploads\/2024\/06\/20240624-01-023-1024x683.jpg\" alt=\"Forgotten North, 24.06.2024, Kiel, Radio BOB! Rockcamp\" class=\"wp-image-22919\" srcset=\"http:\/\/www.rockpixx.com\/wordpress\/wp-content\/uploads\/2024\/06\/20240624-01-023-1024x683.jpg 1024w, http:\/\/www.rockpixx.com\/wordpress\/wp-content\/uploads\/2024\/06\/20240624-01-023-300x200.jpg 300w, http:\/\/www.rockpixx.com\/wordpress\/wp-content\/uploads\/2024\/06\/20240624-01-023-768x512.jpg 768w, http:\/\/www.rockpixx.com\/wordpress\/wp-content\/uploads\/2024\/06\/20240624-01-023-900x600.jpg 900w, http:\/\/www.rockpixx.com\/wordpress\/wp-content\/uploads\/2024\/06\/20240624-01-023-924x616.jpg 924w, http:\/\/www.rockpixx.com\/wordpress\/wp-content\/uploads\/2024\/06\/20240624-01-023.jpg 1200w\" sizes=\"auto, (max-width: 1024px) 100vw, 1024px\" \/><\/figure>\n\n\n\n<figure class=\"wp-block-image size-large\"><img loading=\"lazy\" decoding=\"async\" width=\"1024\" height=\"683\" data-attachment-id=\"22920\" data-permalink=\"http:\/\/www.rockpixx.com\/wordpress\/forgotten-north-24-06-2024-kiel-radio-bob-rockcamp-4\/\" data-orig-file=\"http:\/\/www.rockpixx.com\/wordpress\/wp-content\/uploads\/2024\/06\/20240624-01-024.jpg\" data-orig-size=\"1200,800\" data-comments-opened=\"0\" data-image-meta=\"{&quot;aperture&quot;:&quot;0&quot;,&quot;credit&quot;:&quot;rockpixx.com | A. Hahl&quot;,&quot;camera&quot;:&quot;&quot;,&quot;caption&quot;:&quot;Forgotten North, 24.06.2024, Kiel, Radio BOB! Rockcamp&quot;,&quot;created_timestamp&quot;:&quot;1719252173&quot;,&quot;copyright&quot;:&quot;rockpixx.com | A. Hahl&quot;,&quot;focal_length&quot;:&quot;0&quot;,&quot;iso&quot;:&quot;0&quot;,&quot;shutter_speed&quot;:&quot;0&quot;,&quot;title&quot;:&quot;Forgotten North, 24.06.2024, Kiel, Radio BOB! Rockcamp&quot;,&quot;orientation&quot;:&quot;0&quot;}\" data-image-title=\"Forgotten North, 24.06.2024, Kiel, Radio BOB! Rockcamp\" data-image-description=\"&lt;p&gt;Forgotten North, 24.06.2024, Kiel, Radio BOB! Rockcamp&lt;\/p&gt;\n\" data-image-caption=\"\" data-large-file=\"http:\/\/www.rockpixx.com\/wordpress\/wp-content\/uploads\/2024\/06\/20240624-01-024-1024x683.jpg\" data-id=\"22920\" src=\"http:\/\/www.rockpixx.com\/wordpress\/wp-content\/uploads\/2024\/06\/20240624-01-024-1024x683.jpg\" alt=\"Forgotten North, 24.06.2024, Kiel, Radio BOB! Rockcamp\" class=\"wp-image-22920\" srcset=\"http:\/\/www.rockpixx.com\/wordpress\/wp-content\/uploads\/2024\/06\/20240624-01-024-1024x683.jpg 1024w, http:\/\/www.rockpixx.com\/wordpress\/wp-content\/uploads\/2024\/06\/20240624-01-024-300x200.jpg 300w, http:\/\/www.rockpixx.com\/wordpress\/wp-content\/uploads\/2024\/06\/20240624-01-024-768x512.jpg 768w, http:\/\/www.rockpixx.com\/wordpress\/wp-content\/uploads\/2024\/06\/20240624-01-024-900x600.jpg 900w, http:\/\/www.rockpixx.com\/wordpress\/wp-content\/uploads\/2024\/06\/20240624-01-024-924x616.jpg 924w, http:\/\/www.rockpixx.com\/wordpress\/wp-content\/uploads\/2024\/06\/20240624-01-024.jpg 1200w\" sizes=\"auto, (max-width: 1024px) 100vw, 1024px\" \/><\/figure>\n\n\n\n<figure class=\"wp-block-image size-large\"><img loading=\"lazy\" decoding=\"async\" width=\"1024\" height=\"683\" data-attachment-id=\"22921\" data-permalink=\"http:\/\/www.rockpixx.com\/wordpress\/forgotten-north-24-06-2024-kiel-radio-bob-rockcamp-5\/\" data-orig-file=\"http:\/\/www.rockpixx.com\/wordpress\/wp-content\/uploads\/2024\/06\/20240624-01-027.jpg\" data-orig-size=\"1200,800\" data-comments-opened=\"0\" data-image-meta=\"{&quot;aperture&quot;:&quot;0&quot;,&quot;credit&quot;:&quot;rockpixx.com | A. Hahl&quot;,&quot;camera&quot;:&quot;&quot;,&quot;caption&quot;:&quot;Forgotten North, 24.06.2024, Kiel, Radio BOB! Rockcamp&quot;,&quot;created_timestamp&quot;:&quot;1719252203&quot;,&quot;copyright&quot;:&quot;rockpixx.com | A. Hahl&quot;,&quot;focal_length&quot;:&quot;0&quot;,&quot;iso&quot;:&quot;0&quot;,&quot;shutter_speed&quot;:&quot;0&quot;,&quot;title&quot;:&quot;Forgotten North, 24.06.2024, Kiel, Radio BOB! Rockcamp&quot;,&quot;orientation&quot;:&quot;0&quot;}\" data-image-title=\"Forgotten North, 24.06.2024, Kiel, Radio BOB! Rockcamp\" data-image-description=\"&lt;p&gt;Forgotten North, 24.06.2024, Kiel, Radio BOB! Rockcamp&lt;\/p&gt;\n\" data-image-caption=\"\" data-large-file=\"http:\/\/www.rockpixx.com\/wordpress\/wp-content\/uploads\/2024\/06\/20240624-01-027-1024x683.jpg\" data-id=\"22921\" src=\"http:\/\/www.rockpixx.com\/wordpress\/wp-content\/uploads\/2024\/06\/20240624-01-027-1024x683.jpg\" alt=\"Forgotten North, 24.06.2024, Kiel, Radio BOB! Rockcamp\" class=\"wp-image-22921\" srcset=\"http:\/\/www.rockpixx.com\/wordpress\/wp-content\/uploads\/2024\/06\/20240624-01-027-1024x683.jpg 1024w, http:\/\/www.rockpixx.com\/wordpress\/wp-content\/uploads\/2024\/06\/20240624-01-027-300x200.jpg 300w, http:\/\/www.rockpixx.com\/wordpress\/wp-content\/uploads\/2024\/06\/20240624-01-027-768x512.jpg 768w, http:\/\/www.rockpixx.com\/wordpress\/wp-content\/uploads\/2024\/06\/20240624-01-027-900x600.jpg 900w, http:\/\/www.rockpixx.com\/wordpress\/wp-content\/uploads\/2024\/06\/20240624-01-027-924x616.jpg 924w, http:\/\/www.rockpixx.com\/wordpress\/wp-content\/uploads\/2024\/06\/20240624-01-027.jpg 1200w\" sizes=\"auto, (max-width: 1024px) 100vw, 1024px\" \/><\/figure>\n\n\n\n<figure class=\"wp-block-image size-large\"><img loading=\"lazy\" decoding=\"async\" width=\"1024\" height=\"683\" data-attachment-id=\"22922\" data-permalink=\"http:\/\/www.rockpixx.com\/wordpress\/forgotten-north-24-06-2024-kiel-radio-bob-rockcamp-6\/\" data-orig-file=\"http:\/\/www.rockpixx.com\/wordpress\/wp-content\/uploads\/2024\/06\/20240624-01-028.jpg\" data-orig-size=\"1200,800\" data-comments-opened=\"0\" data-image-meta=\"{&quot;aperture&quot;:&quot;0&quot;,&quot;credit&quot;:&quot;rockpixx.com | A. Hahl&quot;,&quot;camera&quot;:&quot;&quot;,&quot;caption&quot;:&quot;Forgotten North, 24.06.2024, Kiel, Radio BOB! Rockcamp&quot;,&quot;created_timestamp&quot;:&quot;1719252206&quot;,&quot;copyright&quot;:&quot;rockpixx.com | A. Hahl&quot;,&quot;focal_length&quot;:&quot;0&quot;,&quot;iso&quot;:&quot;0&quot;,&quot;shutter_speed&quot;:&quot;0&quot;,&quot;title&quot;:&quot;Forgotten North, 24.06.2024, Kiel, Radio BOB! Rockcamp&quot;,&quot;orientation&quot;:&quot;0&quot;}\" data-image-title=\"Forgotten North, 24.06.2024, Kiel, Radio BOB! Rockcamp\" data-image-description=\"&lt;p&gt;Forgotten North, 24.06.2024, Kiel, Radio BOB! Rockcamp&lt;\/p&gt;\n\" data-image-caption=\"\" data-large-file=\"http:\/\/www.rockpixx.com\/wordpress\/wp-content\/uploads\/2024\/06\/20240624-01-028-1024x683.jpg\" data-id=\"22922\" src=\"http:\/\/www.rockpixx.com\/wordpress\/wp-content\/uploads\/2024\/06\/20240624-01-028-1024x683.jpg\" alt=\"Forgotten North, 24.06.2024, Kiel, Radio BOB! Rockcamp\" class=\"wp-image-22922\" srcset=\"http:\/\/www.rockpixx.com\/wordpress\/wp-content\/uploads\/2024\/06\/20240624-01-028-1024x683.jpg 1024w, http:\/\/www.rockpixx.com\/wordpress\/wp-content\/uploads\/2024\/06\/20240624-01-028-300x200.jpg 300w, http:\/\/www.rockpixx.com\/wordpress\/wp-content\/uploads\/2024\/06\/20240624-01-028-768x512.jpg 768w, http:\/\/www.rockpixx.com\/wordpress\/wp-content\/uploads\/2024\/06\/20240624-01-028-900x600.jpg 900w, http:\/\/www.rockpixx.com\/wordpress\/wp-content\/uploads\/2024\/06\/20240624-01-028-924x616.jpg 924w, http:\/\/www.rockpixx.com\/wordpress\/wp-content\/uploads\/2024\/06\/20240624-01-028.jpg 1200w\" sizes=\"auto, (max-width: 1024px) 100vw, 1024px\" \/><\/figure>\n\n\n\n<figure class=\"wp-block-image size-large\"><img loading=\"lazy\" decoding=\"async\" width=\"1024\" height=\"683\" data-attachment-id=\"22923\" data-permalink=\"http:\/\/www.rockpixx.com\/wordpress\/forgotten-north-24-06-2024-kiel-radio-bob-rockcamp-7\/\" data-orig-file=\"http:\/\/www.rockpixx.com\/wordpress\/wp-content\/uploads\/2024\/06\/20240624-01-033.jpg\" data-orig-size=\"1200,800\" data-comments-opened=\"0\" data-image-meta=\"{&quot;aperture&quot;:&quot;0&quot;,&quot;credit&quot;:&quot;rockpixx.com | A. Hahl&quot;,&quot;camera&quot;:&quot;&quot;,&quot;caption&quot;:&quot;Forgotten North, 24.06.2024, Kiel, Radio BOB! Rockcamp&quot;,&quot;created_timestamp&quot;:&quot;1719252262&quot;,&quot;copyright&quot;:&quot;rockpixx.com | A. Hahl&quot;,&quot;focal_length&quot;:&quot;0&quot;,&quot;iso&quot;:&quot;0&quot;,&quot;shutter_speed&quot;:&quot;0&quot;,&quot;title&quot;:&quot;Forgotten North, 24.06.2024, Kiel, Radio BOB! Rockcamp&quot;,&quot;orientation&quot;:&quot;0&quot;}\" data-image-title=\"Forgotten North, 24.06.2024, Kiel, Radio BOB! Rockcamp\" data-image-description=\"&lt;p&gt;Forgotten North, 24.06.2024, Kiel, Radio BOB! Rockcamp&lt;\/p&gt;\n\" data-image-caption=\"\" data-large-file=\"http:\/\/www.rockpixx.com\/wordpress\/wp-content\/uploads\/2024\/06\/20240624-01-033-1024x683.jpg\" data-id=\"22923\" src=\"http:\/\/www.rockpixx.com\/wordpress\/wp-content\/uploads\/2024\/06\/20240624-01-033-1024x683.jpg\" alt=\"Forgotten North, 24.06.2024, Kiel, Radio BOB! Rockcamp\" class=\"wp-image-22923\" srcset=\"http:\/\/www.rockpixx.com\/wordpress\/wp-content\/uploads\/2024\/06\/20240624-01-033-1024x683.jpg 1024w, http:\/\/www.rockpixx.com\/wordpress\/wp-content\/uploads\/2024\/06\/20240624-01-033-300x200.jpg 300w, http:\/\/www.rockpixx.com\/wordpress\/wp-content\/uploads\/2024\/06\/20240624-01-033-768x512.jpg 768w, http:\/\/www.rockpixx.com\/wordpress\/wp-content\/uploads\/2024\/06\/20240624-01-033-900x600.jpg 900w, http:\/\/www.rockpixx.com\/wordpress\/wp-content\/uploads\/2024\/06\/20240624-01-033-924x616.jpg 924w, http:\/\/www.rockpixx.com\/wordpress\/wp-content\/uploads\/2024\/06\/20240624-01-033.jpg 1200w\" sizes=\"auto, (max-width: 1024px) 100vw, 1024px\" \/><\/figure>\n\n\n\n<figure class=\"wp-block-image size-large\"><img loading=\"lazy\" decoding=\"async\" width=\"1024\" height=\"683\" data-attachment-id=\"22924\" data-permalink=\"http:\/\/www.rockpixx.com\/wordpress\/forgotten-north-24-06-2024-kiel-radio-bob-rockcamp-8\/\" data-orig-file=\"http:\/\/www.rockpixx.com\/wordpress\/wp-content\/uploads\/2024\/06\/20240624-01-040.jpg\" data-orig-size=\"1200,800\" data-comments-opened=\"0\" data-image-meta=\"{&quot;aperture&quot;:&quot;0&quot;,&quot;credit&quot;:&quot;rockpixx.com | A. Hahl&quot;,&quot;camera&quot;:&quot;&quot;,&quot;caption&quot;:&quot;Forgotten North, 24.06.2024, Kiel, Radio BOB! Rockcamp&quot;,&quot;created_timestamp&quot;:&quot;1719252345&quot;,&quot;copyright&quot;:&quot;rockpixx.com | A. Hahl&quot;,&quot;focal_length&quot;:&quot;0&quot;,&quot;iso&quot;:&quot;0&quot;,&quot;shutter_speed&quot;:&quot;0&quot;,&quot;title&quot;:&quot;Forgotten North, 24.06.2024, Kiel, Radio BOB! Rockcamp&quot;,&quot;orientation&quot;:&quot;0&quot;}\" data-image-title=\"Forgotten North, 24.06.2024, Kiel, Radio BOB! Rockcamp\" data-image-description=\"&lt;p&gt;Forgotten North, 24.06.2024, Kiel, Radio BOB! Rockcamp&lt;\/p&gt;\n\" data-image-caption=\"\" data-large-file=\"http:\/\/www.rockpixx.com\/wordpress\/wp-content\/uploads\/2024\/06\/20240624-01-040-1024x683.jpg\" data-id=\"22924\" src=\"http:\/\/www.rockpixx.com\/wordpress\/wp-content\/uploads\/2024\/06\/20240624-01-040-1024x683.jpg\" alt=\"Forgotten North, 24.06.2024, Kiel, Radio BOB! Rockcamp\" class=\"wp-image-22924\" srcset=\"http:\/\/www.rockpixx.com\/wordpress\/wp-content\/uploads\/2024\/06\/20240624-01-040-1024x683.jpg 1024w, http:\/\/www.rockpixx.com\/wordpress\/wp-content\/uploads\/2024\/06\/20240624-01-040-300x200.jpg 300w, http:\/\/www.rockpixx.com\/wordpress\/wp-content\/uploads\/2024\/06\/20240624-01-040-768x512.jpg 768w, http:\/\/www.rockpixx.com\/wordpress\/wp-content\/uploads\/2024\/06\/20240624-01-040-900x600.jpg 900w, http:\/\/www.rockpixx.com\/wordpress\/wp-content\/uploads\/2024\/06\/20240624-01-040-924x616.jpg 924w, http:\/\/www.rockpixx.com\/wordpress\/wp-content\/uploads\/2024\/06\/20240624-01-040.jpg 1200w\" sizes=\"auto, (max-width: 1024px) 100vw, 1024px\" \/><\/figure>\n\n\n\n<figure class=\"wp-block-image size-large\"><img loading=\"lazy\" decoding=\"async\" width=\"1024\" height=\"683\" data-attachment-id=\"22925\" data-permalink=\"http:\/\/www.rockpixx.com\/wordpress\/forgotten-north-24-06-2024-kiel-radio-bob-rockcamp-9\/\" data-orig-file=\"http:\/\/www.rockpixx.com\/wordpress\/wp-content\/uploads\/2024\/06\/20240624-01-043.jpg\" data-orig-size=\"1200,800\" data-comments-opened=\"0\" data-image-meta=\"{&quot;aperture&quot;:&quot;0&quot;,&quot;credit&quot;:&quot;rockpixx.com | A. Hahl&quot;,&quot;camera&quot;:&quot;&quot;,&quot;caption&quot;:&quot;Forgotten North, 24.06.2024, Kiel, Radio BOB! Rockcamp&quot;,&quot;created_timestamp&quot;:&quot;1719252376&quot;,&quot;copyright&quot;:&quot;rockpixx.com | A. Hahl&quot;,&quot;focal_length&quot;:&quot;0&quot;,&quot;iso&quot;:&quot;0&quot;,&quot;shutter_speed&quot;:&quot;0&quot;,&quot;title&quot;:&quot;Forgotten North, 24.06.2024, Kiel, Radio BOB! Rockcamp&quot;,&quot;orientation&quot;:&quot;0&quot;}\" data-image-title=\"Forgotten North, 24.06.2024, Kiel, Radio BOB! Rockcamp\" data-image-description=\"&lt;p&gt;Forgotten North, 24.06.2024, Kiel, Radio BOB! Rockcamp&lt;\/p&gt;\n\" data-image-caption=\"\" data-large-file=\"http:\/\/www.rockpixx.com\/wordpress\/wp-content\/uploads\/2024\/06\/20240624-01-043-1024x683.jpg\" data-id=\"22925\" src=\"http:\/\/www.rockpixx.com\/wordpress\/wp-content\/uploads\/2024\/06\/20240624-01-043-1024x683.jpg\" alt=\"Forgotten North, 24.06.2024, Kiel, Radio BOB! Rockcamp\" class=\"wp-image-22925\" srcset=\"http:\/\/www.rockpixx.com\/wordpress\/wp-content\/uploads\/2024\/06\/20240624-01-043-1024x683.jpg 1024w, http:\/\/www.rockpixx.com\/wordpress\/wp-content\/uploads\/2024\/06\/20240624-01-043-300x200.jpg 300w, http:\/\/www.rockpixx.com\/wordpress\/wp-content\/uploads\/2024\/06\/20240624-01-043-768x512.jpg 768w, http:\/\/www.rockpixx.com\/wordpress\/wp-content\/uploads\/2024\/06\/20240624-01-043-900x600.jpg 900w, http:\/\/www.rockpixx.com\/wordpress\/wp-content\/uploads\/2024\/06\/20240624-01-043-924x616.jpg 924w, http:\/\/www.rockpixx.com\/wordpress\/wp-content\/uploads\/2024\/06\/20240624-01-043.jpg 1200w\" sizes=\"auto, (max-width: 1024px) 100vw, 1024px\" \/><\/figure>\n\n\n\n<figure class=\"wp-block-image size-large\"><img loading=\"lazy\" decoding=\"async\" width=\"1024\" height=\"683\" data-attachment-id=\"22926\" data-permalink=\"http:\/\/www.rockpixx.com\/wordpress\/forgotten-north-24-06-2024-kiel-radio-bob-rockcamp-10\/\" data-orig-file=\"http:\/\/www.rockpixx.com\/wordpress\/wp-content\/uploads\/2024\/06\/20240624-01-044.jpg\" data-orig-size=\"1200,800\" data-comments-opened=\"0\" data-image-meta=\"{&quot;aperture&quot;:&quot;0&quot;,&quot;credit&quot;:&quot;rockpixx.com | A. Hahl&quot;,&quot;camera&quot;:&quot;&quot;,&quot;caption&quot;:&quot;Forgotten North, 24.06.2024, Kiel, Radio BOB! Rockcamp&quot;,&quot;created_timestamp&quot;:&quot;1719252423&quot;,&quot;copyright&quot;:&quot;rockpixx.com | A. Hahl&quot;,&quot;focal_length&quot;:&quot;0&quot;,&quot;iso&quot;:&quot;0&quot;,&quot;shutter_speed&quot;:&quot;0&quot;,&quot;title&quot;:&quot;Forgotten North, 24.06.2024, Kiel, Radio BOB! Rockcamp&quot;,&quot;orientation&quot;:&quot;0&quot;}\" data-image-title=\"Forgotten North, 24.06.2024, Kiel, Radio BOB! Rockcamp\" data-image-description=\"&lt;p&gt;Forgotten North, 24.06.2024, Kiel, Radio BOB! Rockcamp&lt;\/p&gt;\n\" data-image-caption=\"\" data-large-file=\"http:\/\/www.rockpixx.com\/wordpress\/wp-content\/uploads\/2024\/06\/20240624-01-044-1024x683.jpg\" data-id=\"22926\" src=\"http:\/\/www.rockpixx.com\/wordpress\/wp-content\/uploads\/2024\/06\/20240624-01-044-1024x683.jpg\" alt=\"Forgotten North, 24.06.2024, Kiel, Radio BOB! Rockcamp\" class=\"wp-image-22926\" srcset=\"http:\/\/www.rockpixx.com\/wordpress\/wp-content\/uploads\/2024\/06\/20240624-01-044-1024x683.jpg 1024w, http:\/\/www.rockpixx.com\/wordpress\/wp-content\/uploads\/2024\/06\/20240624-01-044-300x200.jpg 300w, http:\/\/www.rockpixx.com\/wordpress\/wp-content\/uploads\/2024\/06\/20240624-01-044-768x512.jpg 768w, http:\/\/www.rockpixx.com\/wordpress\/wp-content\/uploads\/2024\/06\/20240624-01-044-900x600.jpg 900w, http:\/\/www.rockpixx.com\/wordpress\/wp-content\/uploads\/2024\/06\/20240624-01-044-924x616.jpg 924w, http:\/\/www.rockpixx.com\/wordpress\/wp-content\/uploads\/2024\/06\/20240624-01-044.jpg 1200w\" sizes=\"auto, (max-width: 1024px) 100vw, 1024px\" \/><\/figure>\n<\/figure>\n\n\n\n<p class=\"has-text-align-right\">Fotos: <a href=\"mailto:info@rockpixx.com?subject=We%20Salute%20You,%20Jahrhunderthalle,%20Frankfurt,%2030.12.2018\">Alex<\/a> | Text: <a href=\"mailto:info@rockpixx.com?subject=We%20Salute%20You,%20Jahrhunderthalle,%20Frankfurt,%2030.12.2018\">Alex<\/a><\/p>\n","protected":false},"excerpt":{"rendered":"<p>\u201eForgotten North\u201c gibt es schon seit 30 Jahren und sie spielen \u201eFanatasie Wikinger Rock aus Norddeutschland\u201c.<\/p>\n","protected":false},"author":3,"featured_media":22919,"comment_status":"closed","ping_status":"closed","sticky":false,"template":"","format":"standard","meta":{"_jetpack_memberships_contains_paid_content":false,"footnotes":"","jetpack_publicize_message":"","jetpack_publicize_feature_enabled":false,"jetpack_social_post_already_shared":true,"jetpack_social_options":{"image_generator_settings":{"template":"highway","default_image_id":0,"font":"","enabled":false},"version":2}},"categories":[34,2613,5],"tags":[2609,2612,1735,138,2540],"class_list":["post-22927","post","type-post","status-publish","format-standard","has-post-thumbnail","hentry","category-acts","category-forgotten-north","category-tributebands","tag-2609","tag-forgotten-north","tag-kiel","tag-kieler-woche","tag-radio-bob-rockcamp"],"aioseo_notices":[],"jetpack_publicize_connections":[],"jetpack_featured_media_url":"http:\/\/www.rockpixx.com\/wordpress\/wp-content\/uploads\/2024\/06\/20240624-01-023.jpg","jetpack-related-posts":[{"id":22633,"url":"http:\/\/www.rockpixx.com\/wordpress\/beyond-the-black-2022\/","url_meta":{"origin":22927,"position":0},"title":"Beyond the Black, 18.06.2022, Kiel, Kieler Woche, Radio BOB! Rockcamp","author":"A. Hahl","date":"19. Juni 2022","format":false,"excerpt":"Beyond the Black ist eine Band, die aus mehreren Gr\u00fcnden bei uns schon seit Jahren auf unserer Wunschliste stand, bei der wir es bislang aber nie geschafft hatten, sie einmal vor unsere Kameras zu bekommen.","rel":"","context":"In &quot;Acts&quot;","block_context":{"text":"Acts","link":"http:\/\/www.rockpixx.com\/wordpress\/category\/acts\/"},"img":{"alt_text":"Beyond the Black, 18.06.2022, Kiel, Kieler Woche, Radio BOB! Rockcamp","src":"https:\/\/i0.wp.com\/www.rockpixx.com\/wordpress\/wp-content\/uploads\/2022\/06\/20220618-rp-204.jpg?resize=350%2C200","width":350,"height":200,"srcset":"https:\/\/i0.wp.com\/www.rockpixx.com\/wordpress\/wp-content\/uploads\/2022\/06\/20220618-rp-204.jpg?resize=350%2C200 1x, https:\/\/i0.wp.com\/www.rockpixx.com\/wordpress\/wp-content\/uploads\/2022\/06\/20220618-rp-204.jpg?resize=525%2C300 1.5x, https:\/\/i0.wp.com\/www.rockpixx.com\/wordpress\/wp-content\/uploads\/2022\/06\/20220618-rp-204.jpg?resize=700%2C400 2x, https:\/\/i0.wp.com\/www.rockpixx.com\/wordpress\/wp-content\/uploads\/2022\/06\/20220618-rp-204.jpg?resize=1050%2C600 3x"},"classes":[]},{"id":22599,"url":"http:\/\/www.rockpixx.com\/wordpress\/the-new-roses-2022\/","url_meta":{"origin":22927,"position":1},"title":"The New Roses, 17.06.2022, Kiel, Kieler Woche, Radio BOB! Rockcamp","author":"A. Hahl","date":"18. Juni 2022","format":false,"excerpt":"Es gibt auch richtig gute und erfolgreiche Rockmusik aus deutschen Landen \u2013 The New Roses sind ein gutes Beispiel daf\u00fcr.","rel":"","context":"In &quot;Acts&quot;","block_context":{"text":"Acts","link":"http:\/\/www.rockpixx.com\/wordpress\/category\/acts\/"},"img":{"alt_text":"The New Roses, 17.06.2022, Kiel, Kieler Woche, Radio BOB! Rockcamp","src":"https:\/\/i0.wp.com\/www.rockpixx.com\/wordpress\/wp-content\/uploads\/2022\/06\/20220607-2-rp-038.jpg?resize=350%2C200","width":350,"height":200,"srcset":"https:\/\/i0.wp.com\/www.rockpixx.com\/wordpress\/wp-content\/uploads\/2022\/06\/20220607-2-rp-038.jpg?resize=350%2C200 1x, https:\/\/i0.wp.com\/www.rockpixx.com\/wordpress\/wp-content\/uploads\/2022\/06\/20220607-2-rp-038.jpg?resize=525%2C300 1.5x, https:\/\/i0.wp.com\/www.rockpixx.com\/wordpress\/wp-content\/uploads\/2022\/06\/20220607-2-rp-038.jpg?resize=700%2C400 2x, https:\/\/i0.wp.com\/www.rockpixx.com\/wordpress\/wp-content\/uploads\/2022\/06\/20220607-2-rp-038.jpg?resize=1050%2C600 3x"},"classes":[]},{"id":21173,"url":"http:\/\/www.rockpixx.com\/wordpress\/kissin-time-19-06-2017-kiel-radio-bob-rockcamp\/","url_meta":{"origin":22927,"position":2},"title":"Kissin\u2018 Time, 19.06.2017, Kiel, Radio BOB! Rockcamp","author":"A. Hahl","date":"20. Juni 2017","format":false,"excerpt":"\u2026 und noch eine Tributeband zum Thema \u201eKISS\u201c. Das ist ja nicht so einfach: Mit Schminke und an die Originale angelehnten Kost\u00fcmen und Instrumenten ist es nicht getan. Es muss auch musikalisch und von der gesamten Show her passen. Und da gibt es schon Unterschiede, wie wir im Laufe der\u2026","rel":"","context":"In &quot;Acts&quot;","block_context":{"text":"Acts","link":"http:\/\/www.rockpixx.com\/wordpress\/category\/acts\/"},"img":{"alt_text":"Kissin' Time, 19.06.2017, Kiel, Radio BOB! Rockcamp","src":"https:\/\/i0.wp.com\/www.rockpixx.com\/wordpress\/wp-content\/uploads\/2017\/06\/20170619-01-022.jpg?resize=350%2C200","width":350,"height":200,"srcset":"https:\/\/i0.wp.com\/www.rockpixx.com\/wordpress\/wp-content\/uploads\/2017\/06\/20170619-01-022.jpg?resize=350%2C200 1x, https:\/\/i0.wp.com\/www.rockpixx.com\/wordpress\/wp-content\/uploads\/2017\/06\/20170619-01-022.jpg?resize=525%2C300 1.5x, https:\/\/i0.wp.com\/www.rockpixx.com\/wordpress\/wp-content\/uploads\/2017\/06\/20170619-01-022.jpg?resize=700%2C400 2x"},"classes":[]},{"id":21244,"url":"http:\/\/www.rockpixx.com\/wordpress\/motoerizer-20-06-2017-kiel-radio-bob-rockcamp\/","url_meta":{"origin":22927,"position":3},"title":"Mot\u00f6rizer, 20.06.2017, Kiel, Radio BOB! Rockcamp","author":"admin","date":"21. Juni 2017","format":false,"excerpt":"Es gibt Bands, die meint man schon ewig zu kennen, hat sie aber witzigerweise noch gar nicht so schrecklich oft fotografiert. Dennoch hat man zu den einzelnen Musikern ein ausgesprochen freundschaftliches Verh\u00e4ltnis. So gestern Abend auch wieder erlebt mit \u201eMot\u00f6rizer\u201c auf der gro\u00dfen B\u00fchne im Radio BOB! Rockcamp an der\u2026","rel":"","context":"In &quot;Acts&quot;","block_context":{"text":"Acts","link":"http:\/\/www.rockpixx.com\/wordpress\/category\/acts\/"},"img":{"alt_text":"Mot\u00f6rizer, 20.06.2017, Kiel, Radio BOB! Rockcamp","src":"https:\/\/i0.wp.com\/www.rockpixx.com\/wordpress\/wp-content\/uploads\/2017\/06\/20170620-01-035.jpg?resize=350%2C200","width":350,"height":200,"srcset":"https:\/\/i0.wp.com\/www.rockpixx.com\/wordpress\/wp-content\/uploads\/2017\/06\/20170620-01-035.jpg?resize=350%2C200 1x, https:\/\/i0.wp.com\/www.rockpixx.com\/wordpress\/wp-content\/uploads\/2017\/06\/20170620-01-035.jpg?resize=525%2C300 1.5x, https:\/\/i0.wp.com\/www.rockpixx.com\/wordpress\/wp-content\/uploads\/2017\/06\/20170620-01-035.jpg?resize=700%2C400 2x"},"classes":[]},{"id":21246,"url":"http:\/\/www.rockpixx.com\/wordpress\/torfrock-20-06-2017-kiel-radio-bob-rockcamp\/","url_meta":{"origin":22927,"position":4},"title":"Torfrock, 20.06.2017, Kiel, Radio BOB! Rockcamp","author":"admin","date":"21. Juni 2017","format":false,"excerpt":"Seit Sp\u00e4tsommer 1978 kreiseln bei mir daheim die Platten mit dem Torfmoorholmer Gebrauchsrock von \u201eTorfrock\u201c auf dem Grammophon. Unz\u00e4hlige Male geh\u00f6rt \u2013 selbst als ich im Ausland gelebt habe \u2013 und mittlerweile reichlich oft fotografiert und dar\u00fcber geschrieben \u2013 womit soll ich also noch diese Zeile f\u00fcllen, ohne mich zu\u2026","rel":"","context":"In &quot;Acts&quot;","block_context":{"text":"Acts","link":"http:\/\/www.rockpixx.com\/wordpress\/category\/acts\/"},"img":{"alt_text":"Torfrock, 20.06.2017, Kiel, Radio BOB! Rockcamp","src":"https:\/\/i0.wp.com\/www.rockpixx.com\/wordpress\/wp-content\/uploads\/2017\/06\/20170620-03-077.jpg?resize=350%2C200","width":350,"height":200,"srcset":"https:\/\/i0.wp.com\/www.rockpixx.com\/wordpress\/wp-content\/uploads\/2017\/06\/20170620-03-077.jpg?resize=350%2C200 1x, https:\/\/i0.wp.com\/www.rockpixx.com\/wordpress\/wp-content\/uploads\/2017\/06\/20170620-03-077.jpg?resize=525%2C300 1.5x, https:\/\/i0.wp.com\/www.rockpixx.com\/wordpress\/wp-content\/uploads\/2017\/06\/20170620-03-077.jpg?resize=700%2C400 2x"},"classes":[]},{"id":22654,"url":"http:\/\/www.rockpixx.com\/wordpress\/motoerizer-2022-06\/","url_meta":{"origin":22927,"position":5},"title":"Mot\u00f6rizer, 21.06.2022, Kiel, Kieler Woche, Radio BOB! Rockcamp","author":"A. Hahl","date":"22. Juni 2022","format":false,"excerpt":"Wie jetzt?!? Schon wieder Mot\u00f6rizer? Die hatten wir doch erst vor zwei Monaten in Kiel in der R\u00e4ucherei fotografiert\u2026","rel":"","context":"In &quot;Acts&quot;","block_context":{"text":"Acts","link":"http:\/\/www.rockpixx.com\/wordpress\/category\/acts\/"},"img":{"alt_text":"Mot\u00f6rizer, 21.06.2022, Kiel, RadioBOB! Rockcamp, Kieler Woche 2022","src":"https:\/\/i0.wp.com\/www.rockpixx.com\/wordpress\/wp-content\/uploads\/2022\/06\/20220621-rp-052.jpg?resize=350%2C200","width":350,"height":200,"srcset":"https:\/\/i0.wp.com\/www.rockpixx.com\/wordpress\/wp-content\/uploads\/2022\/06\/20220621-rp-052.jpg?resize=350%2C200 1x, https:\/\/i0.wp.com\/www.rockpixx.com\/wordpress\/wp-content\/uploads\/2022\/06\/20220621-rp-052.jpg?resize=525%2C300 1.5x, https:\/\/i0.wp.com\/www.rockpixx.com\/wordpress\/wp-content\/uploads\/2022\/06\/20220621-rp-052.jpg?resize=700%2C400 2x, https:\/\/i0.wp.com\/www.rockpixx.com\/wordpress\/wp-content\/uploads\/2022\/06\/20220621-rp-052.jpg?resize=1050%2C600 3x"},"classes":[]}],"jetpack_sharing_enabled":true,"publishpress_future_action":{"enabled":false,"date":"2026-05-06 08:40:14","action":"change-status","newStatus":"draft","terms":[],"taxonomy":"category","extraData":[]},"publishpress_future_workflow_manual_trigger":{"enabledWorkflows":[]},"_links":{"self":[{"href":"http:\/\/www.rockpixx.com\/wordpress\/wp-json\/wp\/v2\/posts\/22927","targetHints":{"allow":["GET"]}}],"collection":[{"href":"http:\/\/www.rockpixx.com\/wordpress\/wp-json\/wp\/v2\/posts"}],"about":[{"href":"http:\/\/www.rockpixx.com\/wordpress\/wp-json\/wp\/v2\/types\/post"}],"author":[{"embeddable":true,"href":"http:\/\/www.rockpixx.com\/wordpress\/wp-json\/wp\/v2\/users\/3"}],"replies":[{"embeddable":true,"href":"http:\/\/www.rockpixx.com\/wordpress\/wp-json\/wp\/v2\/comments?post=22927"}],"version-history":[{"count":2,"href":"http:\/\/www.rockpixx.com\/wordpress\/wp-json\/wp\/v2\/posts\/22927\/revisions"}],"predecessor-version":[{"id":22930,"href":"http:\/\/www.rockpixx.com\/wordpress\/wp-json\/wp\/v2\/posts\/22927\/revisions\/22930"}],"wp:featuredmedia":[{"embeddable":true,"href":"http:\/\/www.rockpixx.com\/wordpress\/wp-json\/wp\/v2\/media\/22919"}],"wp:attachment":[{"href":"http:\/\/www.rockpixx.com\/wordpress\/wp-json\/wp\/v2\/media?parent=22927"}],"wp:term":[{"taxonomy":"category","embeddable":true,"href":"http:\/\/www.rockpixx.com\/wordpress\/wp-json\/wp\/v2\/categories?post=22927"},{"taxonomy":"post_tag","embeddable":true,"href":"http:\/\/www.rockpixx.com\/wordpress\/wp-json\/wp\/v2\/tags?post=22927"}],"curies":[{"name":"wp","href":"https:\/\/api.w.org\/{rel}","templated":true}]}}