{"id":22990,"date":"2025-03-24T14:47:14","date_gmt":"2025-03-24T13:47:14","guid":{"rendered":"http:\/\/www.rockpixx.com\/wordpress\/?p=22990"},"modified":"2025-06-10T18:17:06","modified_gmt":"2025-06-10T17:17:06","slug":"stahlzeit-21-03-2025-kiel-wunderino-arena","status":"publish","type":"post","link":"http:\/\/www.rockpixx.com\/wordpress\/stahlzeit-21-03-2025-kiel-wunderino-arena\/","title":{"rendered":"Stahlzeit, 21.03.2025, Kiel, Wunderino Arena"},"content":{"rendered":"\n<p>Ein paar Daten und Zahlen vorab: 27 Songs, gut 2,5 Stunden Spielzeit, deutlich mehr als die 3.000 Zuschauer, die im letzten Jahr dabei gewesen sind, 6 Musiker und mindestens der Brennstoffverbrauch einer mittleren Kleinstadt f\u00fcr Pyros, Flammen und die \u00fcblichen hei\u00dfen Sachen. Stahlzeit lieferten wieder einmal eine mehr als w\u00fcrdige Show zum Thema \u201eRammstein\u201c ab!<\/p>\n\n\n\n<!--more-->\n\n\n\n<p>Man kann zu der Musik und den Texten des Originales stehen, wie man will, festzustellen bleibt aber, dass Stahlzeit dem Original mehr als nur sehr nahekommen \u2013 sei es bei den Requisiten, der Performance, dem Sound und der gesamten B\u00fchnenshow. Alle Musiker sind mit den ersten Noten \u201evoll da\u201c und bleiben es auch bis nach der Zugabe, wenn sie sich einzeln und gemeinsam vom Publikum verabschieden und dieses feiern.<\/p>\n\n\n\n<p>Was gab es nun eigentlich an Songs zu erleben? Die \u201eZeitlos 20\u201c-Jubil\u00e4umstour von Stahlzeit hat alles das im Gep\u00e4ck, was der Rammstein-Fan erwartet und feiert: \u201eDu riechst so gut\u201c, \u201eBenzin\u201c, \u201eDicke Titten\u201c, \u201eHaifisch\u201c, \u201eWiener Blut\u201c, \u201eDeutschland\u201c und noch viele mehr \u2013 wer nicht dort gewesen ist, hat noch 21 weitere bekannte Songs definitiv verpasst.<\/p>\n\n\n\n<p>Fazit: Stahlzeit sind auf jeden Fall empfehlenswert \u2013 aber das haben wir ja schon letztes Jahr festgestellt. Kalt wird einem auch nicht, einige Flames sind bis zum Ende des Infields noch deutlich zu sp\u00fcren und unser besonderer Dank geht erneut an Management von Stahlzeit, PHI\/SCH Art, sowie an Franky von Mittag-Tourservice, die es erm\u00f6glichten, dass ich wieder f\u00fcr zwei Songs in die \u201eDanger-Zone\u201c \u2013 also den Graben \u2013 hineindurfte.<\/p>\n\n\n\n<figure class=\"wp-block-gallery has-nested-images columns-default is-cropped wp-block-gallery-1 is-layout-flex wp-block-gallery-is-layout-flex\">\n<figure class=\"wp-block-image size-large\"><img loading=\"lazy\" decoding=\"async\" width=\"1024\" height=\"683\" data-attachment-id=\"22963\" data-permalink=\"http:\/\/www.rockpixx.com\/wordpress\/stahlzeit-21-03-2024-kiel-wunderino-arena\/\" data-orig-file=\"http:\/\/www.rockpixx.com\/wordpress\/wp-content\/uploads\/2025\/03\/20250321-rp-011.jpg\" data-orig-size=\"1200,800\" data-comments-opened=\"0\" data-image-meta=\"{&quot;aperture&quot;:&quot;0&quot;,&quot;credit&quot;:&quot;rockpixx.com | A. Hahl&quot;,&quot;camera&quot;:&quot;&quot;,&quot;caption&quot;:&quot;Stahlzeit, 21.03.2024, Kiel, Wunderino Arena&quot;,&quot;created_timestamp&quot;:&quot;1742587520&quot;,&quot;copyright&quot;:&quot;rockpixx.com | A. Hahl&quot;,&quot;focal_length&quot;:&quot;0&quot;,&quot;iso&quot;:&quot;0&quot;,&quot;shutter_speed&quot;:&quot;0&quot;,&quot;title&quot;:&quot;Stahlzeit, 21.03.2024, Kiel, Wunderino Arena&quot;,&quot;orientation&quot;:&quot;0&quot;}\" data-image-title=\"Stahlzeit, 21.03.2024, Kiel, Wunderino Arena\" data-image-description=\"&lt;p&gt;Stahlzeit, 21.03.2024, Kiel, Wunderino Arena&lt;\/p&gt;\n\" data-image-caption=\"\" data-large-file=\"http:\/\/www.rockpixx.com\/wordpress\/wp-content\/uploads\/2025\/03\/20250321-rp-011-1024x683.jpg\" data-id=\"22963\" src=\"http:\/\/www.rockpixx.com\/wordpress\/wp-content\/uploads\/2025\/03\/20250321-rp-011-1024x683.jpg\" alt=\"Stahlzeit, 21.03.2024, Kiel, Wunderino Arena\" class=\"wp-image-22963\" srcset=\"http:\/\/www.rockpixx.com\/wordpress\/wp-content\/uploads\/2025\/03\/20250321-rp-011-1024x683.jpg 1024w, http:\/\/www.rockpixx.com\/wordpress\/wp-content\/uploads\/2025\/03\/20250321-rp-011-300x200.jpg 300w, http:\/\/www.rockpixx.com\/wordpress\/wp-content\/uploads\/2025\/03\/20250321-rp-011-768x512.jpg 768w, http:\/\/www.rockpixx.com\/wordpress\/wp-content\/uploads\/2025\/03\/20250321-rp-011-900x600.jpg 900w, http:\/\/www.rockpixx.com\/wordpress\/wp-content\/uploads\/2025\/03\/20250321-rp-011-924x616.jpg 924w, http:\/\/www.rockpixx.com\/wordpress\/wp-content\/uploads\/2025\/03\/20250321-rp-011.jpg 1200w\" sizes=\"auto, (max-width: 1024px) 100vw, 1024px\" \/><\/figure>\n\n\n\n<figure class=\"wp-block-image size-large\"><img loading=\"lazy\" decoding=\"async\" width=\"1024\" height=\"683\" data-attachment-id=\"22964\" data-permalink=\"http:\/\/www.rockpixx.com\/wordpress\/stahlzeit-21-03-2024-kiel-wunderino-arena-2\/\" data-orig-file=\"http:\/\/www.rockpixx.com\/wordpress\/wp-content\/uploads\/2025\/03\/20250321-rp-030.jpg\" data-orig-size=\"1200,800\" data-comments-opened=\"0\" data-image-meta=\"{&quot;aperture&quot;:&quot;0&quot;,&quot;credit&quot;:&quot;rockpixx.com | A. Hahl&quot;,&quot;camera&quot;:&quot;&quot;,&quot;caption&quot;:&quot;Stahlzeit, 21.03.2024, Kiel, Wunderino Arena&quot;,&quot;created_timestamp&quot;:&quot;1742587863&quot;,&quot;copyright&quot;:&quot;rockpixx.com | A. Hahl&quot;,&quot;focal_length&quot;:&quot;0&quot;,&quot;iso&quot;:&quot;0&quot;,&quot;shutter_speed&quot;:&quot;0&quot;,&quot;title&quot;:&quot;Stahlzeit, 21.03.2024, Kiel, Wunderino Arena&quot;,&quot;orientation&quot;:&quot;0&quot;}\" data-image-title=\"Stahlzeit, 21.03.2024, Kiel, Wunderino Arena\" data-image-description=\"&lt;p&gt;Stahlzeit, 21.03.2024, Kiel, Wunderino Arena&lt;\/p&gt;\n\" data-image-caption=\"\" data-large-file=\"http:\/\/www.rockpixx.com\/wordpress\/wp-content\/uploads\/2025\/03\/20250321-rp-030-1024x683.jpg\" data-id=\"22964\" src=\"http:\/\/www.rockpixx.com\/wordpress\/wp-content\/uploads\/2025\/03\/20250321-rp-030-1024x683.jpg\" alt=\"Stahlzeit, 21.03.2024, Kiel, Wunderino Arena\" class=\"wp-image-22964\" srcset=\"http:\/\/www.rockpixx.com\/wordpress\/wp-content\/uploads\/2025\/03\/20250321-rp-030-1024x683.jpg 1024w, http:\/\/www.rockpixx.com\/wordpress\/wp-content\/uploads\/2025\/03\/20250321-rp-030-300x200.jpg 300w, http:\/\/www.rockpixx.com\/wordpress\/wp-content\/uploads\/2025\/03\/20250321-rp-030-768x512.jpg 768w, http:\/\/www.rockpixx.com\/wordpress\/wp-content\/uploads\/2025\/03\/20250321-rp-030-900x600.jpg 900w, http:\/\/www.rockpixx.com\/wordpress\/wp-content\/uploads\/2025\/03\/20250321-rp-030-924x616.jpg 924w, http:\/\/www.rockpixx.com\/wordpress\/wp-content\/uploads\/2025\/03\/20250321-rp-030.jpg 1200w\" sizes=\"auto, (max-width: 1024px) 100vw, 1024px\" \/><\/figure>\n\n\n\n<figure class=\"wp-block-image size-large\"><img loading=\"lazy\" decoding=\"async\" width=\"1024\" height=\"683\" data-attachment-id=\"22965\" data-permalink=\"http:\/\/www.rockpixx.com\/wordpress\/stahlzeit-21-03-2024-kiel-wunderino-arena-3\/\" data-orig-file=\"http:\/\/www.rockpixx.com\/wordpress\/wp-content\/uploads\/2025\/03\/20250321-rp-032.jpg\" data-orig-size=\"1200,800\" data-comments-opened=\"0\" data-image-meta=\"{&quot;aperture&quot;:&quot;0&quot;,&quot;credit&quot;:&quot;rockpixx.com | A. Hahl&quot;,&quot;camera&quot;:&quot;&quot;,&quot;caption&quot;:&quot;Stahlzeit, 21.03.2024, Kiel, Wunderino Arena&quot;,&quot;created_timestamp&quot;:&quot;1742587912&quot;,&quot;copyright&quot;:&quot;rockpixx.com | A. Hahl&quot;,&quot;focal_length&quot;:&quot;0&quot;,&quot;iso&quot;:&quot;0&quot;,&quot;shutter_speed&quot;:&quot;0&quot;,&quot;title&quot;:&quot;Stahlzeit, 21.03.2024, Kiel, Wunderino Arena&quot;,&quot;orientation&quot;:&quot;0&quot;}\" data-image-title=\"Stahlzeit, 21.03.2024, Kiel, Wunderino Arena\" data-image-description=\"&lt;p&gt;Stahlzeit, 21.03.2024, Kiel, Wunderino Arena&lt;\/p&gt;\n\" data-image-caption=\"\" data-large-file=\"http:\/\/www.rockpixx.com\/wordpress\/wp-content\/uploads\/2025\/03\/20250321-rp-032-1024x683.jpg\" data-id=\"22965\" src=\"http:\/\/www.rockpixx.com\/wordpress\/wp-content\/uploads\/2025\/03\/20250321-rp-032-1024x683.jpg\" alt=\"Stahlzeit, 21.03.2024, Kiel, Wunderino Arena\" class=\"wp-image-22965\" srcset=\"http:\/\/www.rockpixx.com\/wordpress\/wp-content\/uploads\/2025\/03\/20250321-rp-032-1024x683.jpg 1024w, http:\/\/www.rockpixx.com\/wordpress\/wp-content\/uploads\/2025\/03\/20250321-rp-032-300x200.jpg 300w, http:\/\/www.rockpixx.com\/wordpress\/wp-content\/uploads\/2025\/03\/20250321-rp-032-768x512.jpg 768w, http:\/\/www.rockpixx.com\/wordpress\/wp-content\/uploads\/2025\/03\/20250321-rp-032-900x600.jpg 900w, http:\/\/www.rockpixx.com\/wordpress\/wp-content\/uploads\/2025\/03\/20250321-rp-032-924x616.jpg 924w, http:\/\/www.rockpixx.com\/wordpress\/wp-content\/uploads\/2025\/03\/20250321-rp-032.jpg 1200w\" sizes=\"auto, (max-width: 1024px) 100vw, 1024px\" \/><\/figure>\n\n\n\n<figure class=\"wp-block-image size-large\"><img loading=\"lazy\" decoding=\"async\" width=\"1024\" height=\"683\" data-attachment-id=\"22966\" data-permalink=\"http:\/\/www.rockpixx.com\/wordpress\/stahlzeit-21-03-2024-kiel-wunderino-arena-4\/\" data-orig-file=\"http:\/\/www.rockpixx.com\/wordpress\/wp-content\/uploads\/2025\/03\/20250321-rp-057.jpg\" data-orig-size=\"1200,800\" data-comments-opened=\"0\" data-image-meta=\"{&quot;aperture&quot;:&quot;0&quot;,&quot;credit&quot;:&quot;rockpixx.com | A. Hahl&quot;,&quot;camera&quot;:&quot;&quot;,&quot;caption&quot;:&quot;Stahlzeit, 21.03.2024, Kiel, Wunderino Arena&quot;,&quot;created_timestamp&quot;:&quot;1742588449&quot;,&quot;copyright&quot;:&quot;rockpixx.com | A. Hahl&quot;,&quot;focal_length&quot;:&quot;0&quot;,&quot;iso&quot;:&quot;0&quot;,&quot;shutter_speed&quot;:&quot;0&quot;,&quot;title&quot;:&quot;Stahlzeit, 21.03.2024, Kiel, Wunderino Arena&quot;,&quot;orientation&quot;:&quot;0&quot;}\" data-image-title=\"Stahlzeit, 21.03.2024, Kiel, Wunderino Arena\" data-image-description=\"&lt;p&gt;Stahlzeit, 21.03.2024, Kiel, Wunderino Arena&lt;\/p&gt;\n\" data-image-caption=\"\" data-large-file=\"http:\/\/www.rockpixx.com\/wordpress\/wp-content\/uploads\/2025\/03\/20250321-rp-057-1024x683.jpg\" data-id=\"22966\" src=\"http:\/\/www.rockpixx.com\/wordpress\/wp-content\/uploads\/2025\/03\/20250321-rp-057-1024x683.jpg\" alt=\"Stahlzeit, 21.03.2024, Kiel, Wunderino Arena\" class=\"wp-image-22966\" srcset=\"http:\/\/www.rockpixx.com\/wordpress\/wp-content\/uploads\/2025\/03\/20250321-rp-057-1024x683.jpg 1024w, http:\/\/www.rockpixx.com\/wordpress\/wp-content\/uploads\/2025\/03\/20250321-rp-057-300x200.jpg 300w, http:\/\/www.rockpixx.com\/wordpress\/wp-content\/uploads\/2025\/03\/20250321-rp-057-768x512.jpg 768w, http:\/\/www.rockpixx.com\/wordpress\/wp-content\/uploads\/2025\/03\/20250321-rp-057-900x600.jpg 900w, http:\/\/www.rockpixx.com\/wordpress\/wp-content\/uploads\/2025\/03\/20250321-rp-057-924x616.jpg 924w, http:\/\/www.rockpixx.com\/wordpress\/wp-content\/uploads\/2025\/03\/20250321-rp-057.jpg 1200w\" sizes=\"auto, (max-width: 1024px) 100vw, 1024px\" \/><\/figure>\n\n\n\n<figure class=\"wp-block-image size-large\"><img loading=\"lazy\" decoding=\"async\" width=\"1024\" height=\"683\" data-attachment-id=\"22967\" data-permalink=\"http:\/\/www.rockpixx.com\/wordpress\/stahlzeit-21-03-2024-kiel-wunderino-arena-5\/\" data-orig-file=\"http:\/\/www.rockpixx.com\/wordpress\/wp-content\/uploads\/2025\/03\/20250321-rp-086.jpg\" data-orig-size=\"1200,800\" data-comments-opened=\"0\" data-image-meta=\"{&quot;aperture&quot;:&quot;0&quot;,&quot;credit&quot;:&quot;rockpixx.com | A. Hahl&quot;,&quot;camera&quot;:&quot;&quot;,&quot;caption&quot;:&quot;Stahlzeit, 21.03.2024, Kiel, Wunderino Arena&quot;,&quot;created_timestamp&quot;:&quot;1742588963&quot;,&quot;copyright&quot;:&quot;rockpixx.com | A. Hahl&quot;,&quot;focal_length&quot;:&quot;0&quot;,&quot;iso&quot;:&quot;0&quot;,&quot;shutter_speed&quot;:&quot;0&quot;,&quot;title&quot;:&quot;Stahlzeit, 21.03.2024, Kiel, Wunderino Arena&quot;,&quot;orientation&quot;:&quot;0&quot;}\" data-image-title=\"Stahlzeit, 21.03.2024, Kiel, Wunderino Arena\" data-image-description=\"&lt;p&gt;Stahlzeit, 21.03.2024, Kiel, Wunderino Arena&lt;\/p&gt;\n\" data-image-caption=\"\" data-large-file=\"http:\/\/www.rockpixx.com\/wordpress\/wp-content\/uploads\/2025\/03\/20250321-rp-086-1024x683.jpg\" data-id=\"22967\" src=\"http:\/\/www.rockpixx.com\/wordpress\/wp-content\/uploads\/2025\/03\/20250321-rp-086-1024x683.jpg\" alt=\"Stahlzeit, 21.03.2024, Kiel, Wunderino Arena\" class=\"wp-image-22967\" srcset=\"http:\/\/www.rockpixx.com\/wordpress\/wp-content\/uploads\/2025\/03\/20250321-rp-086-1024x683.jpg 1024w, http:\/\/www.rockpixx.com\/wordpress\/wp-content\/uploads\/2025\/03\/20250321-rp-086-300x200.jpg 300w, http:\/\/www.rockpixx.com\/wordpress\/wp-content\/uploads\/2025\/03\/20250321-rp-086-768x512.jpg 768w, http:\/\/www.rockpixx.com\/wordpress\/wp-content\/uploads\/2025\/03\/20250321-rp-086-900x600.jpg 900w, http:\/\/www.rockpixx.com\/wordpress\/wp-content\/uploads\/2025\/03\/20250321-rp-086-924x616.jpg 924w, http:\/\/www.rockpixx.com\/wordpress\/wp-content\/uploads\/2025\/03\/20250321-rp-086.jpg 1200w\" sizes=\"auto, (max-width: 1024px) 100vw, 1024px\" \/><\/figure>\n\n\n\n<figure class=\"wp-block-image size-large\"><img loading=\"lazy\" decoding=\"async\" width=\"1024\" height=\"683\" data-attachment-id=\"22968\" data-permalink=\"http:\/\/www.rockpixx.com\/wordpress\/stahlzeit-21-03-2024-kiel-wunderino-arena-6\/\" data-orig-file=\"http:\/\/www.rockpixx.com\/wordpress\/wp-content\/uploads\/2025\/03\/20250321-rp-087.jpg\" data-orig-size=\"1200,800\" data-comments-opened=\"0\" data-image-meta=\"{&quot;aperture&quot;:&quot;0&quot;,&quot;credit&quot;:&quot;rockpixx.com | A. Hahl&quot;,&quot;camera&quot;:&quot;&quot;,&quot;caption&quot;:&quot;Stahlzeit, 21.03.2024, Kiel, Wunderino Arena&quot;,&quot;created_timestamp&quot;:&quot;1742588988&quot;,&quot;copyright&quot;:&quot;rockpixx.com | A. Hahl&quot;,&quot;focal_length&quot;:&quot;0&quot;,&quot;iso&quot;:&quot;0&quot;,&quot;shutter_speed&quot;:&quot;0&quot;,&quot;title&quot;:&quot;Stahlzeit, 21.03.2024, Kiel, Wunderino Arena&quot;,&quot;orientation&quot;:&quot;0&quot;}\" data-image-title=\"Stahlzeit, 21.03.2024, Kiel, Wunderino Arena\" data-image-description=\"&lt;p&gt;Stahlzeit, 21.03.2024, Kiel, Wunderino Arena&lt;\/p&gt;\n\" data-image-caption=\"\" data-large-file=\"http:\/\/www.rockpixx.com\/wordpress\/wp-content\/uploads\/2025\/03\/20250321-rp-087-1024x683.jpg\" data-id=\"22968\" src=\"http:\/\/www.rockpixx.com\/wordpress\/wp-content\/uploads\/2025\/03\/20250321-rp-087-1024x683.jpg\" alt=\"Stahlzeit, 21.03.2024, Kiel, Wunderino Arena\" class=\"wp-image-22968\" srcset=\"http:\/\/www.rockpixx.com\/wordpress\/wp-content\/uploads\/2025\/03\/20250321-rp-087-1024x683.jpg 1024w, http:\/\/www.rockpixx.com\/wordpress\/wp-content\/uploads\/2025\/03\/20250321-rp-087-300x200.jpg 300w, http:\/\/www.rockpixx.com\/wordpress\/wp-content\/uploads\/2025\/03\/20250321-rp-087-768x512.jpg 768w, http:\/\/www.rockpixx.com\/wordpress\/wp-content\/uploads\/2025\/03\/20250321-rp-087-900x600.jpg 900w, http:\/\/www.rockpixx.com\/wordpress\/wp-content\/uploads\/2025\/03\/20250321-rp-087-924x616.jpg 924w, http:\/\/www.rockpixx.com\/wordpress\/wp-content\/uploads\/2025\/03\/20250321-rp-087.jpg 1200w\" sizes=\"auto, (max-width: 1024px) 100vw, 1024px\" \/><\/figure>\n\n\n\n<figure class=\"wp-block-image size-large\"><img loading=\"lazy\" decoding=\"async\" width=\"1024\" height=\"683\" data-attachment-id=\"22969\" data-permalink=\"http:\/\/www.rockpixx.com\/wordpress\/stahlzeit-21-03-2024-kiel-wunderino-arena-7\/\" data-orig-file=\"http:\/\/www.rockpixx.com\/wordpress\/wp-content\/uploads\/2025\/03\/20250321-rp-141.jpg\" data-orig-size=\"1200,800\" data-comments-opened=\"0\" data-image-meta=\"{&quot;aperture&quot;:&quot;0&quot;,&quot;credit&quot;:&quot;rockpixx.com | A. Hahl&quot;,&quot;camera&quot;:&quot;&quot;,&quot;caption&quot;:&quot;Stahlzeit, 21.03.2024, Kiel, Wunderino Arena&quot;,&quot;created_timestamp&quot;:&quot;1742590287&quot;,&quot;copyright&quot;:&quot;rockpixx.com | A. Hahl&quot;,&quot;focal_length&quot;:&quot;0&quot;,&quot;iso&quot;:&quot;0&quot;,&quot;shutter_speed&quot;:&quot;0&quot;,&quot;title&quot;:&quot;Stahlzeit, 21.03.2024, Kiel, Wunderino Arena&quot;,&quot;orientation&quot;:&quot;0&quot;}\" data-image-title=\"Stahlzeit, 21.03.2024, Kiel, Wunderino Arena\" data-image-description=\"&lt;p&gt;Stahlzeit, 21.03.2024, Kiel, Wunderino Arena&lt;\/p&gt;\n\" data-image-caption=\"\" data-large-file=\"http:\/\/www.rockpixx.com\/wordpress\/wp-content\/uploads\/2025\/03\/20250321-rp-141-1024x683.jpg\" data-id=\"22969\" src=\"http:\/\/www.rockpixx.com\/wordpress\/wp-content\/uploads\/2025\/03\/20250321-rp-141-1024x683.jpg\" alt=\"Stahlzeit, 21.03.2024, Kiel, Wunderino Arena\" class=\"wp-image-22969\" srcset=\"http:\/\/www.rockpixx.com\/wordpress\/wp-content\/uploads\/2025\/03\/20250321-rp-141-1024x683.jpg 1024w, http:\/\/www.rockpixx.com\/wordpress\/wp-content\/uploads\/2025\/03\/20250321-rp-141-300x200.jpg 300w, http:\/\/www.rockpixx.com\/wordpress\/wp-content\/uploads\/2025\/03\/20250321-rp-141-768x512.jpg 768w, http:\/\/www.rockpixx.com\/wordpress\/wp-content\/uploads\/2025\/03\/20250321-rp-141-900x600.jpg 900w, http:\/\/www.rockpixx.com\/wordpress\/wp-content\/uploads\/2025\/03\/20250321-rp-141-924x616.jpg 924w, http:\/\/www.rockpixx.com\/wordpress\/wp-content\/uploads\/2025\/03\/20250321-rp-141.jpg 1200w\" sizes=\"auto, (max-width: 1024px) 100vw, 1024px\" \/><\/figure>\n\n\n\n<figure class=\"wp-block-image size-large\"><img loading=\"lazy\" decoding=\"async\" width=\"1024\" height=\"683\" data-attachment-id=\"22970\" data-permalink=\"http:\/\/www.rockpixx.com\/wordpress\/stahlzeit-21-03-2024-kiel-wunderino-arena-8\/\" data-orig-file=\"http:\/\/www.rockpixx.com\/wordpress\/wp-content\/uploads\/2025\/03\/20250321-rp-151.jpg\" data-orig-size=\"1200,800\" data-comments-opened=\"0\" data-image-meta=\"{&quot;aperture&quot;:&quot;0&quot;,&quot;credit&quot;:&quot;rockpixx.com | A. Hahl&quot;,&quot;camera&quot;:&quot;&quot;,&quot;caption&quot;:&quot;Stahlzeit, 21.03.2024, Kiel, Wunderino Arena&quot;,&quot;created_timestamp&quot;:&quot;1742590518&quot;,&quot;copyright&quot;:&quot;rockpixx.com | A. Hahl&quot;,&quot;focal_length&quot;:&quot;0&quot;,&quot;iso&quot;:&quot;0&quot;,&quot;shutter_speed&quot;:&quot;0&quot;,&quot;title&quot;:&quot;Stahlzeit, 21.03.2024, Kiel, Wunderino Arena&quot;,&quot;orientation&quot;:&quot;0&quot;}\" data-image-title=\"Stahlzeit, 21.03.2024, Kiel, Wunderino Arena\" data-image-description=\"&lt;p&gt;Stahlzeit, 21.03.2024, Kiel, Wunderino Arena&lt;\/p&gt;\n\" data-image-caption=\"\" data-large-file=\"http:\/\/www.rockpixx.com\/wordpress\/wp-content\/uploads\/2025\/03\/20250321-rp-151-1024x683.jpg\" data-id=\"22970\" src=\"http:\/\/www.rockpixx.com\/wordpress\/wp-content\/uploads\/2025\/03\/20250321-rp-151-1024x683.jpg\" alt=\"Stahlzeit, 21.03.2024, Kiel, Wunderino Arena\" class=\"wp-image-22970\" srcset=\"http:\/\/www.rockpixx.com\/wordpress\/wp-content\/uploads\/2025\/03\/20250321-rp-151-1024x683.jpg 1024w, http:\/\/www.rockpixx.com\/wordpress\/wp-content\/uploads\/2025\/03\/20250321-rp-151-300x200.jpg 300w, http:\/\/www.rockpixx.com\/wordpress\/wp-content\/uploads\/2025\/03\/20250321-rp-151-768x512.jpg 768w, http:\/\/www.rockpixx.com\/wordpress\/wp-content\/uploads\/2025\/03\/20250321-rp-151-900x600.jpg 900w, http:\/\/www.rockpixx.com\/wordpress\/wp-content\/uploads\/2025\/03\/20250321-rp-151-924x616.jpg 924w, http:\/\/www.rockpixx.com\/wordpress\/wp-content\/uploads\/2025\/03\/20250321-rp-151.jpg 1200w\" sizes=\"auto, (max-width: 1024px) 100vw, 1024px\" \/><\/figure>\n\n\n\n<figure class=\"wp-block-image size-large\"><img loading=\"lazy\" decoding=\"async\" width=\"1024\" height=\"683\" data-attachment-id=\"22971\" data-permalink=\"http:\/\/www.rockpixx.com\/wordpress\/stahlzeit-21-03-2024-kiel-wunderino-arena-9\/\" data-orig-file=\"http:\/\/www.rockpixx.com\/wordpress\/wp-content\/uploads\/2025\/03\/20250321-rp-176.jpg\" data-orig-size=\"1200,800\" data-comments-opened=\"0\" data-image-meta=\"{&quot;aperture&quot;:&quot;0&quot;,&quot;credit&quot;:&quot;rockpixx.com | A. Hahl&quot;,&quot;camera&quot;:&quot;&quot;,&quot;caption&quot;:&quot;Stahlzeit, 21.03.2024, Kiel, Wunderino Arena&quot;,&quot;created_timestamp&quot;:&quot;1742590629&quot;,&quot;copyright&quot;:&quot;rockpixx.com | A. Hahl&quot;,&quot;focal_length&quot;:&quot;0&quot;,&quot;iso&quot;:&quot;0&quot;,&quot;shutter_speed&quot;:&quot;0&quot;,&quot;title&quot;:&quot;Stahlzeit, 21.03.2024, Kiel, Wunderino Arena&quot;,&quot;orientation&quot;:&quot;0&quot;}\" data-image-title=\"Stahlzeit, 21.03.2024, Kiel, Wunderino Arena\" data-image-description=\"&lt;p&gt;Stahlzeit, 21.03.2024, Kiel, Wunderino Arena&lt;\/p&gt;\n\" data-image-caption=\"\" data-large-file=\"http:\/\/www.rockpixx.com\/wordpress\/wp-content\/uploads\/2025\/03\/20250321-rp-176-1024x683.jpg\" data-id=\"22971\" src=\"http:\/\/www.rockpixx.com\/wordpress\/wp-content\/uploads\/2025\/03\/20250321-rp-176-1024x683.jpg\" alt=\"Stahlzeit, 21.03.2024, Kiel, Wunderino Arena\" class=\"wp-image-22971\" srcset=\"http:\/\/www.rockpixx.com\/wordpress\/wp-content\/uploads\/2025\/03\/20250321-rp-176-1024x683.jpg 1024w, http:\/\/www.rockpixx.com\/wordpress\/wp-content\/uploads\/2025\/03\/20250321-rp-176-300x200.jpg 300w, http:\/\/www.rockpixx.com\/wordpress\/wp-content\/uploads\/2025\/03\/20250321-rp-176-768x512.jpg 768w, http:\/\/www.rockpixx.com\/wordpress\/wp-content\/uploads\/2025\/03\/20250321-rp-176-900x600.jpg 900w, http:\/\/www.rockpixx.com\/wordpress\/wp-content\/uploads\/2025\/03\/20250321-rp-176-924x616.jpg 924w, http:\/\/www.rockpixx.com\/wordpress\/wp-content\/uploads\/2025\/03\/20250321-rp-176.jpg 1200w\" sizes=\"auto, (max-width: 1024px) 100vw, 1024px\" \/><\/figure>\n\n\n\n<figure class=\"wp-block-image size-large\"><img loading=\"lazy\" decoding=\"async\" width=\"1024\" height=\"683\" data-attachment-id=\"22972\" data-permalink=\"http:\/\/www.rockpixx.com\/wordpress\/stahlzeit-21-03-2024-kiel-wunderino-arena-10\/\" data-orig-file=\"http:\/\/www.rockpixx.com\/wordpress\/wp-content\/uploads\/2025\/03\/20250321-rp-206.jpg\" data-orig-size=\"1200,800\" data-comments-opened=\"0\" data-image-meta=\"{&quot;aperture&quot;:&quot;0&quot;,&quot;credit&quot;:&quot;rockpixx.com | A. Hahl&quot;,&quot;camera&quot;:&quot;&quot;,&quot;caption&quot;:&quot;Stahlzeit, 21.03.2024, Kiel, Wunderino Arena&quot;,&quot;created_timestamp&quot;:&quot;1742590991&quot;,&quot;copyright&quot;:&quot;rockpixx.com | A. Hahl&quot;,&quot;focal_length&quot;:&quot;0&quot;,&quot;iso&quot;:&quot;0&quot;,&quot;shutter_speed&quot;:&quot;0&quot;,&quot;title&quot;:&quot;Stahlzeit, 21.03.2024, Kiel, Wunderino Arena&quot;,&quot;orientation&quot;:&quot;0&quot;}\" data-image-title=\"Stahlzeit, 21.03.2024, Kiel, Wunderino Arena\" data-image-description=\"&lt;p&gt;Stahlzeit, 21.03.2024, Kiel, Wunderino Arena&lt;\/p&gt;\n\" data-image-caption=\"\" data-large-file=\"http:\/\/www.rockpixx.com\/wordpress\/wp-content\/uploads\/2025\/03\/20250321-rp-206-1024x683.jpg\" data-id=\"22972\" src=\"http:\/\/www.rockpixx.com\/wordpress\/wp-content\/uploads\/2025\/03\/20250321-rp-206-1024x683.jpg\" alt=\"Stahlzeit, 21.03.2024, Kiel, Wunderino Arena\" class=\"wp-image-22972\" srcset=\"http:\/\/www.rockpixx.com\/wordpress\/wp-content\/uploads\/2025\/03\/20250321-rp-206-1024x683.jpg 1024w, http:\/\/www.rockpixx.com\/wordpress\/wp-content\/uploads\/2025\/03\/20250321-rp-206-300x200.jpg 300w, http:\/\/www.rockpixx.com\/wordpress\/wp-content\/uploads\/2025\/03\/20250321-rp-206-768x512.jpg 768w, http:\/\/www.rockpixx.com\/wordpress\/wp-content\/uploads\/2025\/03\/20250321-rp-206-900x600.jpg 900w, http:\/\/www.rockpixx.com\/wordpress\/wp-content\/uploads\/2025\/03\/20250321-rp-206-924x616.jpg 924w, http:\/\/www.rockpixx.com\/wordpress\/wp-content\/uploads\/2025\/03\/20250321-rp-206.jpg 1200w\" sizes=\"auto, (max-width: 1024px) 100vw, 1024px\" \/><\/figure>\n\n\n\n<figure class=\"wp-block-image size-large\"><img loading=\"lazy\" decoding=\"async\" width=\"1024\" height=\"683\" data-attachment-id=\"22973\" data-permalink=\"http:\/\/www.rockpixx.com\/wordpress\/stahlzeit-21-03-2024-kiel-wunderino-arena-11\/\" data-orig-file=\"http:\/\/www.rockpixx.com\/wordpress\/wp-content\/uploads\/2025\/03\/20250321-rp-235.jpg\" data-orig-size=\"1200,800\" data-comments-opened=\"0\" data-image-meta=\"{&quot;aperture&quot;:&quot;0&quot;,&quot;credit&quot;:&quot;rockpixx.com | A. Hahl&quot;,&quot;camera&quot;:&quot;&quot;,&quot;caption&quot;:&quot;Stahlzeit, 21.03.2024, Kiel, Wunderino Arena&quot;,&quot;created_timestamp&quot;:&quot;1742591380&quot;,&quot;copyright&quot;:&quot;rockpixx.com | A. Hahl&quot;,&quot;focal_length&quot;:&quot;0&quot;,&quot;iso&quot;:&quot;0&quot;,&quot;shutter_speed&quot;:&quot;0&quot;,&quot;title&quot;:&quot;Stahlzeit, 21.03.2024, Kiel, Wunderino Arena&quot;,&quot;orientation&quot;:&quot;0&quot;}\" data-image-title=\"Stahlzeit, 21.03.2024, Kiel, Wunderino Arena\" data-image-description=\"&lt;p&gt;Stahlzeit, 21.03.2024, Kiel, Wunderino Arena&lt;\/p&gt;\n\" data-image-caption=\"\" data-large-file=\"http:\/\/www.rockpixx.com\/wordpress\/wp-content\/uploads\/2025\/03\/20250321-rp-235-1024x683.jpg\" data-id=\"22973\" src=\"http:\/\/www.rockpixx.com\/wordpress\/wp-content\/uploads\/2025\/03\/20250321-rp-235-1024x683.jpg\" alt=\"Stahlzeit, 21.03.2024, Kiel, Wunderino Arena\" class=\"wp-image-22973\" srcset=\"http:\/\/www.rockpixx.com\/wordpress\/wp-content\/uploads\/2025\/03\/20250321-rp-235-1024x683.jpg 1024w, http:\/\/www.rockpixx.com\/wordpress\/wp-content\/uploads\/2025\/03\/20250321-rp-235-300x200.jpg 300w, http:\/\/www.rockpixx.com\/wordpress\/wp-content\/uploads\/2025\/03\/20250321-rp-235-768x512.jpg 768w, http:\/\/www.rockpixx.com\/wordpress\/wp-content\/uploads\/2025\/03\/20250321-rp-235-900x600.jpg 900w, http:\/\/www.rockpixx.com\/wordpress\/wp-content\/uploads\/2025\/03\/20250321-rp-235-924x616.jpg 924w, http:\/\/www.rockpixx.com\/wordpress\/wp-content\/uploads\/2025\/03\/20250321-rp-235.jpg 1200w\" sizes=\"auto, (max-width: 1024px) 100vw, 1024px\" \/><\/figure>\n\n\n\n<figure class=\"wp-block-image size-large\"><img loading=\"lazy\" decoding=\"async\" width=\"1024\" height=\"683\" data-attachment-id=\"22974\" data-permalink=\"http:\/\/www.rockpixx.com\/wordpress\/stahlzeit-21-03-2024-kiel-wunderino-arena-12\/\" data-orig-file=\"http:\/\/www.rockpixx.com\/wordpress\/wp-content\/uploads\/2025\/03\/20250321-rp-245.jpg\" data-orig-size=\"1200,800\" data-comments-opened=\"0\" data-image-meta=\"{&quot;aperture&quot;:&quot;0&quot;,&quot;credit&quot;:&quot;rockpixx.com | A. Hahl&quot;,&quot;camera&quot;:&quot;&quot;,&quot;caption&quot;:&quot;Stahlzeit, 21.03.2024, Kiel, Wunderino Arena&quot;,&quot;created_timestamp&quot;:&quot;1742591634&quot;,&quot;copyright&quot;:&quot;rockpixx.com | A. Hahl&quot;,&quot;focal_length&quot;:&quot;0&quot;,&quot;iso&quot;:&quot;0&quot;,&quot;shutter_speed&quot;:&quot;0&quot;,&quot;title&quot;:&quot;Stahlzeit, 21.03.2024, Kiel, Wunderino Arena&quot;,&quot;orientation&quot;:&quot;0&quot;}\" data-image-title=\"Stahlzeit, 21.03.2024, Kiel, Wunderino Arena\" data-image-description=\"&lt;p&gt;Stahlzeit, 21.03.2024, Kiel, Wunderino Arena&lt;\/p&gt;\n\" data-image-caption=\"\" data-large-file=\"http:\/\/www.rockpixx.com\/wordpress\/wp-content\/uploads\/2025\/03\/20250321-rp-245-1024x683.jpg\" data-id=\"22974\" src=\"http:\/\/www.rockpixx.com\/wordpress\/wp-content\/uploads\/2025\/03\/20250321-rp-245-1024x683.jpg\" alt=\"Stahlzeit, 21.03.2024, Kiel, Wunderino Arena\" class=\"wp-image-22974\" srcset=\"http:\/\/www.rockpixx.com\/wordpress\/wp-content\/uploads\/2025\/03\/20250321-rp-245-1024x683.jpg 1024w, http:\/\/www.rockpixx.com\/wordpress\/wp-content\/uploads\/2025\/03\/20250321-rp-245-300x200.jpg 300w, http:\/\/www.rockpixx.com\/wordpress\/wp-content\/uploads\/2025\/03\/20250321-rp-245-768x512.jpg 768w, http:\/\/www.rockpixx.com\/wordpress\/wp-content\/uploads\/2025\/03\/20250321-rp-245-900x600.jpg 900w, http:\/\/www.rockpixx.com\/wordpress\/wp-content\/uploads\/2025\/03\/20250321-rp-245-924x616.jpg 924w, http:\/\/www.rockpixx.com\/wordpress\/wp-content\/uploads\/2025\/03\/20250321-rp-245.jpg 1200w\" sizes=\"auto, (max-width: 1024px) 100vw, 1024px\" \/><\/figure>\n\n\n\n<figure class=\"wp-block-image size-large\"><img loading=\"lazy\" decoding=\"async\" width=\"1024\" height=\"683\" data-attachment-id=\"22975\" data-permalink=\"http:\/\/www.rockpixx.com\/wordpress\/stahlzeit-21-03-2024-kiel-wunderino-arena-13\/\" data-orig-file=\"http:\/\/www.rockpixx.com\/wordpress\/wp-content\/uploads\/2025\/03\/20250321-rp-255.jpg\" data-orig-size=\"1200,800\" data-comments-opened=\"0\" data-image-meta=\"{&quot;aperture&quot;:&quot;0&quot;,&quot;credit&quot;:&quot;rockpixx.com | A. Hahl&quot;,&quot;camera&quot;:&quot;&quot;,&quot;caption&quot;:&quot;Stahlzeit, 21.03.2024, Kiel, Wunderino Arena&quot;,&quot;created_timestamp&quot;:&quot;1742591718&quot;,&quot;copyright&quot;:&quot;rockpixx.com | A. Hahl&quot;,&quot;focal_length&quot;:&quot;0&quot;,&quot;iso&quot;:&quot;0&quot;,&quot;shutter_speed&quot;:&quot;0&quot;,&quot;title&quot;:&quot;Stahlzeit, 21.03.2024, Kiel, Wunderino Arena&quot;,&quot;orientation&quot;:&quot;0&quot;}\" data-image-title=\"Stahlzeit, 21.03.2024, Kiel, Wunderino Arena\" data-image-description=\"&lt;p&gt;Stahlzeit, 21.03.2024, Kiel, Wunderino Arena&lt;\/p&gt;\n\" data-image-caption=\"\" data-large-file=\"http:\/\/www.rockpixx.com\/wordpress\/wp-content\/uploads\/2025\/03\/20250321-rp-255-1024x683.jpg\" data-id=\"22975\" src=\"http:\/\/www.rockpixx.com\/wordpress\/wp-content\/uploads\/2025\/03\/20250321-rp-255-1024x683.jpg\" alt=\"Stahlzeit, 21.03.2024, Kiel, Wunderino Arena\" class=\"wp-image-22975\" srcset=\"http:\/\/www.rockpixx.com\/wordpress\/wp-content\/uploads\/2025\/03\/20250321-rp-255-1024x683.jpg 1024w, http:\/\/www.rockpixx.com\/wordpress\/wp-content\/uploads\/2025\/03\/20250321-rp-255-300x200.jpg 300w, http:\/\/www.rockpixx.com\/wordpress\/wp-content\/uploads\/2025\/03\/20250321-rp-255-768x512.jpg 768w, http:\/\/www.rockpixx.com\/wordpress\/wp-content\/uploads\/2025\/03\/20250321-rp-255-900x600.jpg 900w, http:\/\/www.rockpixx.com\/wordpress\/wp-content\/uploads\/2025\/03\/20250321-rp-255-924x616.jpg 924w, http:\/\/www.rockpixx.com\/wordpress\/wp-content\/uploads\/2025\/03\/20250321-rp-255.jpg 1200w\" sizes=\"auto, (max-width: 1024px) 100vw, 1024px\" \/><\/figure>\n\n\n\n<figure class=\"wp-block-image size-large\"><img loading=\"lazy\" decoding=\"async\" width=\"1024\" height=\"683\" data-attachment-id=\"22976\" data-permalink=\"http:\/\/www.rockpixx.com\/wordpress\/stahlzeit-21-03-2024-kiel-wunderino-arena-14\/\" data-orig-file=\"http:\/\/www.rockpixx.com\/wordpress\/wp-content\/uploads\/2025\/03\/20250321-rp-263.jpg\" data-orig-size=\"1200,800\" data-comments-opened=\"0\" data-image-meta=\"{&quot;aperture&quot;:&quot;0&quot;,&quot;credit&quot;:&quot;rockpixx.com | A. Hahl&quot;,&quot;camera&quot;:&quot;&quot;,&quot;caption&quot;:&quot;Stahlzeit, 21.03.2024, Kiel, Wunderino Arena&quot;,&quot;created_timestamp&quot;:&quot;1742591857&quot;,&quot;copyright&quot;:&quot;rockpixx.com | A. Hahl&quot;,&quot;focal_length&quot;:&quot;0&quot;,&quot;iso&quot;:&quot;0&quot;,&quot;shutter_speed&quot;:&quot;0&quot;,&quot;title&quot;:&quot;Stahlzeit, 21.03.2024, Kiel, Wunderino Arena&quot;,&quot;orientation&quot;:&quot;0&quot;}\" data-image-title=\"Stahlzeit, 21.03.2024, Kiel, Wunderino Arena\" data-image-description=\"&lt;p&gt;Stahlzeit, 21.03.2024, Kiel, Wunderino Arena&lt;\/p&gt;\n\" data-image-caption=\"\" data-large-file=\"http:\/\/www.rockpixx.com\/wordpress\/wp-content\/uploads\/2025\/03\/20250321-rp-263-1024x683.jpg\" data-id=\"22976\" src=\"http:\/\/www.rockpixx.com\/wordpress\/wp-content\/uploads\/2025\/03\/20250321-rp-263-1024x683.jpg\" alt=\"Stahlzeit, 21.03.2024, Kiel, Wunderino Arena\" class=\"wp-image-22976\" srcset=\"http:\/\/www.rockpixx.com\/wordpress\/wp-content\/uploads\/2025\/03\/20250321-rp-263-1024x683.jpg 1024w, http:\/\/www.rockpixx.com\/wordpress\/wp-content\/uploads\/2025\/03\/20250321-rp-263-300x200.jpg 300w, http:\/\/www.rockpixx.com\/wordpress\/wp-content\/uploads\/2025\/03\/20250321-rp-263-768x512.jpg 768w, http:\/\/www.rockpixx.com\/wordpress\/wp-content\/uploads\/2025\/03\/20250321-rp-263-900x600.jpg 900w, http:\/\/www.rockpixx.com\/wordpress\/wp-content\/uploads\/2025\/03\/20250321-rp-263-924x616.jpg 924w, http:\/\/www.rockpixx.com\/wordpress\/wp-content\/uploads\/2025\/03\/20250321-rp-263.jpg 1200w\" sizes=\"auto, (max-width: 1024px) 100vw, 1024px\" \/><\/figure>\n\n\n\n<figure class=\"wp-block-image size-large\"><img loading=\"lazy\" decoding=\"async\" width=\"1024\" height=\"683\" data-attachment-id=\"22977\" data-permalink=\"http:\/\/www.rockpixx.com\/wordpress\/stahlzeit-21-03-2024-kiel-wunderino-arena-15\/\" data-orig-file=\"http:\/\/www.rockpixx.com\/wordpress\/wp-content\/uploads\/2025\/03\/20250321-rp-266.jpg\" data-orig-size=\"1200,800\" data-comments-opened=\"0\" data-image-meta=\"{&quot;aperture&quot;:&quot;0&quot;,&quot;credit&quot;:&quot;rockpixx.com | A. Hahl&quot;,&quot;camera&quot;:&quot;&quot;,&quot;caption&quot;:&quot;Stahlzeit, 21.03.2024, Kiel, Wunderino Arena&quot;,&quot;created_timestamp&quot;:&quot;1742591923&quot;,&quot;copyright&quot;:&quot;rockpixx.com | A. Hahl&quot;,&quot;focal_length&quot;:&quot;0&quot;,&quot;iso&quot;:&quot;0&quot;,&quot;shutter_speed&quot;:&quot;0&quot;,&quot;title&quot;:&quot;Stahlzeit, 21.03.2024, Kiel, Wunderino Arena&quot;,&quot;orientation&quot;:&quot;0&quot;}\" data-image-title=\"Stahlzeit, 21.03.2024, Kiel, Wunderino Arena\" data-image-description=\"&lt;p&gt;Stahlzeit, 21.03.2024, Kiel, Wunderino Arena&lt;\/p&gt;\n\" data-image-caption=\"\" data-large-file=\"http:\/\/www.rockpixx.com\/wordpress\/wp-content\/uploads\/2025\/03\/20250321-rp-266-1024x683.jpg\" data-id=\"22977\" src=\"http:\/\/www.rockpixx.com\/wordpress\/wp-content\/uploads\/2025\/03\/20250321-rp-266-1024x683.jpg\" alt=\"Stahlzeit, 21.03.2024, Kiel, Wunderino Arena\" class=\"wp-image-22977\" srcset=\"http:\/\/www.rockpixx.com\/wordpress\/wp-content\/uploads\/2025\/03\/20250321-rp-266-1024x683.jpg 1024w, http:\/\/www.rockpixx.com\/wordpress\/wp-content\/uploads\/2025\/03\/20250321-rp-266-300x200.jpg 300w, http:\/\/www.rockpixx.com\/wordpress\/wp-content\/uploads\/2025\/03\/20250321-rp-266-768x512.jpg 768w, http:\/\/www.rockpixx.com\/wordpress\/wp-content\/uploads\/2025\/03\/20250321-rp-266-900x600.jpg 900w, http:\/\/www.rockpixx.com\/wordpress\/wp-content\/uploads\/2025\/03\/20250321-rp-266-924x616.jpg 924w, http:\/\/www.rockpixx.com\/wordpress\/wp-content\/uploads\/2025\/03\/20250321-rp-266.jpg 1200w\" sizes=\"auto, (max-width: 1024px) 100vw, 1024px\" \/><\/figure>\n\n\n\n<figure class=\"wp-block-image size-large\"><img loading=\"lazy\" decoding=\"async\" width=\"1024\" height=\"683\" data-attachment-id=\"22978\" data-permalink=\"http:\/\/www.rockpixx.com\/wordpress\/stahlzeit-21-03-2024-kiel-wunderino-arena-16\/\" data-orig-file=\"http:\/\/www.rockpixx.com\/wordpress\/wp-content\/uploads\/2025\/03\/20250321-rp-313.jpg\" data-orig-size=\"1200,800\" data-comments-opened=\"0\" data-image-meta=\"{&quot;aperture&quot;:&quot;0&quot;,&quot;credit&quot;:&quot;rockpixx.com | A. Hahl&quot;,&quot;camera&quot;:&quot;&quot;,&quot;caption&quot;:&quot;Stahlzeit, 21.03.2024, Kiel, Wunderino Arena&quot;,&quot;created_timestamp&quot;:&quot;1742593123&quot;,&quot;copyright&quot;:&quot;rockpixx.com | A. Hahl&quot;,&quot;focal_length&quot;:&quot;0&quot;,&quot;iso&quot;:&quot;0&quot;,&quot;shutter_speed&quot;:&quot;0&quot;,&quot;title&quot;:&quot;Stahlzeit, 21.03.2024, Kiel, Wunderino Arena&quot;,&quot;orientation&quot;:&quot;0&quot;}\" data-image-title=\"Stahlzeit, 21.03.2024, Kiel, Wunderino Arena\" data-image-description=\"&lt;p&gt;Stahlzeit, 21.03.2024, Kiel, Wunderino Arena&lt;\/p&gt;\n\" data-image-caption=\"\" data-large-file=\"http:\/\/www.rockpixx.com\/wordpress\/wp-content\/uploads\/2025\/03\/20250321-rp-313-1024x683.jpg\" data-id=\"22978\" src=\"http:\/\/www.rockpixx.com\/wordpress\/wp-content\/uploads\/2025\/03\/20250321-rp-313-1024x683.jpg\" alt=\"Stahlzeit, 21.03.2024, Kiel, Wunderino Arena\" class=\"wp-image-22978\" srcset=\"http:\/\/www.rockpixx.com\/wordpress\/wp-content\/uploads\/2025\/03\/20250321-rp-313-1024x683.jpg 1024w, http:\/\/www.rockpixx.com\/wordpress\/wp-content\/uploads\/2025\/03\/20250321-rp-313-300x200.jpg 300w, http:\/\/www.rockpixx.com\/wordpress\/wp-content\/uploads\/2025\/03\/20250321-rp-313-768x512.jpg 768w, http:\/\/www.rockpixx.com\/wordpress\/wp-content\/uploads\/2025\/03\/20250321-rp-313-900x600.jpg 900w, http:\/\/www.rockpixx.com\/wordpress\/wp-content\/uploads\/2025\/03\/20250321-rp-313-924x616.jpg 924w, http:\/\/www.rockpixx.com\/wordpress\/wp-content\/uploads\/2025\/03\/20250321-rp-313.jpg 1200w\" sizes=\"auto, (max-width: 1024px) 100vw, 1024px\" \/><\/figure>\n\n\n\n<figure class=\"wp-block-image size-large\"><img loading=\"lazy\" decoding=\"async\" width=\"1024\" height=\"683\" data-attachment-id=\"22979\" data-permalink=\"http:\/\/www.rockpixx.com\/wordpress\/stahlzeit-21-03-2024-kiel-wunderino-arena-17\/\" data-orig-file=\"http:\/\/www.rockpixx.com\/wordpress\/wp-content\/uploads\/2025\/03\/20250321-rp-342.jpg\" data-orig-size=\"1200,800\" data-comments-opened=\"0\" data-image-meta=\"{&quot;aperture&quot;:&quot;0&quot;,&quot;credit&quot;:&quot;rockpixx.com | A. Hahl&quot;,&quot;camera&quot;:&quot;&quot;,&quot;caption&quot;:&quot;Stahlzeit, 21.03.2024, Kiel, Wunderino Arena&quot;,&quot;created_timestamp&quot;:&quot;1742593436&quot;,&quot;copyright&quot;:&quot;rockpixx.com | A. Hahl&quot;,&quot;focal_length&quot;:&quot;0&quot;,&quot;iso&quot;:&quot;0&quot;,&quot;shutter_speed&quot;:&quot;0&quot;,&quot;title&quot;:&quot;Stahlzeit, 21.03.2024, Kiel, Wunderino Arena&quot;,&quot;orientation&quot;:&quot;0&quot;}\" data-image-title=\"Stahlzeit, 21.03.2024, Kiel, Wunderino Arena\" data-image-description=\"&lt;p&gt;Stahlzeit, 21.03.2024, Kiel, Wunderino Arena&lt;\/p&gt;\n\" data-image-caption=\"\" data-large-file=\"http:\/\/www.rockpixx.com\/wordpress\/wp-content\/uploads\/2025\/03\/20250321-rp-342-1024x683.jpg\" data-id=\"22979\" src=\"http:\/\/www.rockpixx.com\/wordpress\/wp-content\/uploads\/2025\/03\/20250321-rp-342-1024x683.jpg\" alt=\"Stahlzeit, 21.03.2024, Kiel, Wunderino Arena\" class=\"wp-image-22979\" srcset=\"http:\/\/www.rockpixx.com\/wordpress\/wp-content\/uploads\/2025\/03\/20250321-rp-342-1024x683.jpg 1024w, http:\/\/www.rockpixx.com\/wordpress\/wp-content\/uploads\/2025\/03\/20250321-rp-342-300x200.jpg 300w, http:\/\/www.rockpixx.com\/wordpress\/wp-content\/uploads\/2025\/03\/20250321-rp-342-768x512.jpg 768w, http:\/\/www.rockpixx.com\/wordpress\/wp-content\/uploads\/2025\/03\/20250321-rp-342-900x600.jpg 900w, http:\/\/www.rockpixx.com\/wordpress\/wp-content\/uploads\/2025\/03\/20250321-rp-342-924x616.jpg 924w, http:\/\/www.rockpixx.com\/wordpress\/wp-content\/uploads\/2025\/03\/20250321-rp-342.jpg 1200w\" sizes=\"auto, (max-width: 1024px) 100vw, 1024px\" \/><\/figure>\n\n\n\n<figure class=\"wp-block-image size-large\"><img loading=\"lazy\" decoding=\"async\" width=\"1024\" height=\"683\" data-attachment-id=\"22980\" data-permalink=\"http:\/\/www.rockpixx.com\/wordpress\/stahlzeit-21-03-2024-kiel-wunderino-arena-18\/\" data-orig-file=\"http:\/\/www.rockpixx.com\/wordpress\/wp-content\/uploads\/2025\/03\/20250321-rp-363.jpg\" data-orig-size=\"1200,800\" data-comments-opened=\"0\" data-image-meta=\"{&quot;aperture&quot;:&quot;0&quot;,&quot;credit&quot;:&quot;rockpixx.com | A. Hahl&quot;,&quot;camera&quot;:&quot;&quot;,&quot;caption&quot;:&quot;Stahlzeit, 21.03.2024, Kiel, Wunderino Arena&quot;,&quot;created_timestamp&quot;:&quot;1742593787&quot;,&quot;copyright&quot;:&quot;rockpixx.com | A. Hahl&quot;,&quot;focal_length&quot;:&quot;0&quot;,&quot;iso&quot;:&quot;0&quot;,&quot;shutter_speed&quot;:&quot;0&quot;,&quot;title&quot;:&quot;Stahlzeit, 21.03.2024, Kiel, Wunderino Arena&quot;,&quot;orientation&quot;:&quot;0&quot;}\" data-image-title=\"Stahlzeit, 21.03.2024, Kiel, Wunderino Arena\" data-image-description=\"&lt;p&gt;Stahlzeit, 21.03.2024, Kiel, Wunderino Arena&lt;\/p&gt;\n\" data-image-caption=\"\" data-large-file=\"http:\/\/www.rockpixx.com\/wordpress\/wp-content\/uploads\/2025\/03\/20250321-rp-363-1024x683.jpg\" data-id=\"22980\" src=\"http:\/\/www.rockpixx.com\/wordpress\/wp-content\/uploads\/2025\/03\/20250321-rp-363-1024x683.jpg\" alt=\"Stahlzeit, 21.03.2024, Kiel, Wunderino Arena\" class=\"wp-image-22980\" srcset=\"http:\/\/www.rockpixx.com\/wordpress\/wp-content\/uploads\/2025\/03\/20250321-rp-363-1024x683.jpg 1024w, http:\/\/www.rockpixx.com\/wordpress\/wp-content\/uploads\/2025\/03\/20250321-rp-363-300x200.jpg 300w, http:\/\/www.rockpixx.com\/wordpress\/wp-content\/uploads\/2025\/03\/20250321-rp-363-768x512.jpg 768w, http:\/\/www.rockpixx.com\/wordpress\/wp-content\/uploads\/2025\/03\/20250321-rp-363-900x600.jpg 900w, http:\/\/www.rockpixx.com\/wordpress\/wp-content\/uploads\/2025\/03\/20250321-rp-363-924x616.jpg 924w, http:\/\/www.rockpixx.com\/wordpress\/wp-content\/uploads\/2025\/03\/20250321-rp-363.jpg 1200w\" sizes=\"auto, (max-width: 1024px) 100vw, 1024px\" \/><\/figure>\n\n\n\n<figure class=\"wp-block-image size-large\"><img loading=\"lazy\" decoding=\"async\" width=\"1024\" height=\"683\" data-attachment-id=\"22981\" data-permalink=\"http:\/\/www.rockpixx.com\/wordpress\/stahlzeit-21-03-2024-kiel-wunderino-arena-19\/\" data-orig-file=\"http:\/\/www.rockpixx.com\/wordpress\/wp-content\/uploads\/2025\/03\/20250321-rp-369.jpg\" data-orig-size=\"1200,800\" data-comments-opened=\"0\" data-image-meta=\"{&quot;aperture&quot;:&quot;0&quot;,&quot;credit&quot;:&quot;rockpixx.com | A. Hahl&quot;,&quot;camera&quot;:&quot;&quot;,&quot;caption&quot;:&quot;Stahlzeit, 21.03.2024, Kiel, Wunderino Arena&quot;,&quot;created_timestamp&quot;:&quot;1742593811&quot;,&quot;copyright&quot;:&quot;rockpixx.com | A. Hahl&quot;,&quot;focal_length&quot;:&quot;0&quot;,&quot;iso&quot;:&quot;0&quot;,&quot;shutter_speed&quot;:&quot;0&quot;,&quot;title&quot;:&quot;Stahlzeit, 21.03.2024, Kiel, Wunderino Arena&quot;,&quot;orientation&quot;:&quot;0&quot;}\" data-image-title=\"Stahlzeit, 21.03.2024, Kiel, Wunderino Arena\" data-image-description=\"&lt;p&gt;Stahlzeit, 21.03.2024, Kiel, Wunderino Arena&lt;\/p&gt;\n\" data-image-caption=\"\" data-large-file=\"http:\/\/www.rockpixx.com\/wordpress\/wp-content\/uploads\/2025\/03\/20250321-rp-369-1024x683.jpg\" data-id=\"22981\" src=\"http:\/\/www.rockpixx.com\/wordpress\/wp-content\/uploads\/2025\/03\/20250321-rp-369-1024x683.jpg\" alt=\"Stahlzeit, 21.03.2024, Kiel, Wunderino Arena\" class=\"wp-image-22981\" srcset=\"http:\/\/www.rockpixx.com\/wordpress\/wp-content\/uploads\/2025\/03\/20250321-rp-369-1024x683.jpg 1024w, http:\/\/www.rockpixx.com\/wordpress\/wp-content\/uploads\/2025\/03\/20250321-rp-369-300x200.jpg 300w, http:\/\/www.rockpixx.com\/wordpress\/wp-content\/uploads\/2025\/03\/20250321-rp-369-768x512.jpg 768w, http:\/\/www.rockpixx.com\/wordpress\/wp-content\/uploads\/2025\/03\/20250321-rp-369-900x600.jpg 900w, http:\/\/www.rockpixx.com\/wordpress\/wp-content\/uploads\/2025\/03\/20250321-rp-369-924x616.jpg 924w, http:\/\/www.rockpixx.com\/wordpress\/wp-content\/uploads\/2025\/03\/20250321-rp-369.jpg 1200w\" sizes=\"auto, (max-width: 1024px) 100vw, 1024px\" \/><\/figure>\n\n\n\n<figure class=\"wp-block-image size-large\"><img loading=\"lazy\" decoding=\"async\" width=\"1024\" height=\"683\" data-attachment-id=\"22982\" data-permalink=\"http:\/\/www.rockpixx.com\/wordpress\/stahlzeit-21-03-2024-kiel-wunderino-arena-20\/\" data-orig-file=\"http:\/\/www.rockpixx.com\/wordpress\/wp-content\/uploads\/2025\/03\/20250321-rp-395.jpg\" data-orig-size=\"1200,800\" data-comments-opened=\"0\" data-image-meta=\"{&quot;aperture&quot;:&quot;0&quot;,&quot;credit&quot;:&quot;rockpixx.com | A. Hahl&quot;,&quot;camera&quot;:&quot;&quot;,&quot;caption&quot;:&quot;Stahlzeit, 21.03.2024, Kiel, Wunderino Arena&quot;,&quot;created_timestamp&quot;:&quot;1742594004&quot;,&quot;copyright&quot;:&quot;rockpixx.com | A. Hahl&quot;,&quot;focal_length&quot;:&quot;0&quot;,&quot;iso&quot;:&quot;0&quot;,&quot;shutter_speed&quot;:&quot;0&quot;,&quot;title&quot;:&quot;Stahlzeit, 21.03.2024, Kiel, Wunderino Arena&quot;,&quot;orientation&quot;:&quot;0&quot;}\" data-image-title=\"Stahlzeit, 21.03.2024, Kiel, Wunderino Arena\" data-image-description=\"&lt;p&gt;Stahlzeit, 21.03.2024, Kiel, Wunderino Arena&lt;\/p&gt;\n\" data-image-caption=\"\" data-large-file=\"http:\/\/www.rockpixx.com\/wordpress\/wp-content\/uploads\/2025\/03\/20250321-rp-395-1024x683.jpg\" data-id=\"22982\" src=\"http:\/\/www.rockpixx.com\/wordpress\/wp-content\/uploads\/2025\/03\/20250321-rp-395-1024x683.jpg\" alt=\"Stahlzeit, 21.03.2024, Kiel, Wunderino Arena\" class=\"wp-image-22982\" srcset=\"http:\/\/www.rockpixx.com\/wordpress\/wp-content\/uploads\/2025\/03\/20250321-rp-395-1024x683.jpg 1024w, http:\/\/www.rockpixx.com\/wordpress\/wp-content\/uploads\/2025\/03\/20250321-rp-395-300x200.jpg 300w, http:\/\/www.rockpixx.com\/wordpress\/wp-content\/uploads\/2025\/03\/20250321-rp-395-768x512.jpg 768w, http:\/\/www.rockpixx.com\/wordpress\/wp-content\/uploads\/2025\/03\/20250321-rp-395-900x600.jpg 900w, http:\/\/www.rockpixx.com\/wordpress\/wp-content\/uploads\/2025\/03\/20250321-rp-395-924x616.jpg 924w, http:\/\/www.rockpixx.com\/wordpress\/wp-content\/uploads\/2025\/03\/20250321-rp-395.jpg 1200w\" sizes=\"auto, (max-width: 1024px) 100vw, 1024px\" \/><\/figure>\n\n\n\n<figure class=\"wp-block-image size-large\"><img loading=\"lazy\" decoding=\"async\" width=\"1024\" height=\"683\" data-attachment-id=\"22983\" data-permalink=\"http:\/\/www.rockpixx.com\/wordpress\/stahlzeit-21-03-2024-kiel-wunderino-arena-21\/\" data-orig-file=\"http:\/\/www.rockpixx.com\/wordpress\/wp-content\/uploads\/2025\/03\/20250321-rp-398.jpg\" data-orig-size=\"1200,800\" data-comments-opened=\"0\" data-image-meta=\"{&quot;aperture&quot;:&quot;0&quot;,&quot;credit&quot;:&quot;rockpixx.com | A. Hahl&quot;,&quot;camera&quot;:&quot;&quot;,&quot;caption&quot;:&quot;Stahlzeit, 21.03.2024, Kiel, Wunderino Arena&quot;,&quot;created_timestamp&quot;:&quot;1742594010&quot;,&quot;copyright&quot;:&quot;rockpixx.com | A. Hahl&quot;,&quot;focal_length&quot;:&quot;0&quot;,&quot;iso&quot;:&quot;0&quot;,&quot;shutter_speed&quot;:&quot;0&quot;,&quot;title&quot;:&quot;Stahlzeit, 21.03.2024, Kiel, Wunderino Arena&quot;,&quot;orientation&quot;:&quot;0&quot;}\" data-image-title=\"Stahlzeit, 21.03.2024, Kiel, Wunderino Arena\" data-image-description=\"&lt;p&gt;Stahlzeit, 21.03.2024, Kiel, Wunderino Arena&lt;\/p&gt;\n\" data-image-caption=\"\" data-large-file=\"http:\/\/www.rockpixx.com\/wordpress\/wp-content\/uploads\/2025\/03\/20250321-rp-398-1024x683.jpg\" data-id=\"22983\" src=\"http:\/\/www.rockpixx.com\/wordpress\/wp-content\/uploads\/2025\/03\/20250321-rp-398-1024x683.jpg\" alt=\"Stahlzeit, 21.03.2024, Kiel, Wunderino Arena\" class=\"wp-image-22983\" srcset=\"http:\/\/www.rockpixx.com\/wordpress\/wp-content\/uploads\/2025\/03\/20250321-rp-398-1024x683.jpg 1024w, http:\/\/www.rockpixx.com\/wordpress\/wp-content\/uploads\/2025\/03\/20250321-rp-398-300x200.jpg 300w, http:\/\/www.rockpixx.com\/wordpress\/wp-content\/uploads\/2025\/03\/20250321-rp-398-768x512.jpg 768w, http:\/\/www.rockpixx.com\/wordpress\/wp-content\/uploads\/2025\/03\/20250321-rp-398-900x600.jpg 900w, http:\/\/www.rockpixx.com\/wordpress\/wp-content\/uploads\/2025\/03\/20250321-rp-398-924x616.jpg 924w, http:\/\/www.rockpixx.com\/wordpress\/wp-content\/uploads\/2025\/03\/20250321-rp-398.jpg 1200w\" sizes=\"auto, (max-width: 1024px) 100vw, 1024px\" \/><\/figure>\n\n\n\n<figure class=\"wp-block-image size-large\"><img loading=\"lazy\" decoding=\"async\" width=\"1024\" height=\"683\" data-attachment-id=\"22984\" data-permalink=\"http:\/\/www.rockpixx.com\/wordpress\/stahlzeit-21-03-2024-kiel-wunderino-arena-22\/\" data-orig-file=\"http:\/\/www.rockpixx.com\/wordpress\/wp-content\/uploads\/2025\/03\/20250321-rp-418.jpg\" data-orig-size=\"1200,800\" data-comments-opened=\"0\" data-image-meta=\"{&quot;aperture&quot;:&quot;0&quot;,&quot;credit&quot;:&quot;rockpixx.com | A. Hahl&quot;,&quot;camera&quot;:&quot;&quot;,&quot;caption&quot;:&quot;Stahlzeit, 21.03.2024, Kiel, Wunderino Arena&quot;,&quot;created_timestamp&quot;:&quot;1742594024&quot;,&quot;copyright&quot;:&quot;rockpixx.com | A. Hahl&quot;,&quot;focal_length&quot;:&quot;0&quot;,&quot;iso&quot;:&quot;0&quot;,&quot;shutter_speed&quot;:&quot;0&quot;,&quot;title&quot;:&quot;Stahlzeit, 21.03.2024, Kiel, Wunderino Arena&quot;,&quot;orientation&quot;:&quot;0&quot;}\" data-image-title=\"Stahlzeit, 21.03.2024, Kiel, Wunderino Arena\" data-image-description=\"&lt;p&gt;Stahlzeit, 21.03.2024, Kiel, Wunderino Arena&lt;\/p&gt;\n\" data-image-caption=\"\" data-large-file=\"http:\/\/www.rockpixx.com\/wordpress\/wp-content\/uploads\/2025\/03\/20250321-rp-418-1024x683.jpg\" data-id=\"22984\" src=\"http:\/\/www.rockpixx.com\/wordpress\/wp-content\/uploads\/2025\/03\/20250321-rp-418-1024x683.jpg\" alt=\"Stahlzeit, 21.03.2024, Kiel, Wunderino Arena\" class=\"wp-image-22984\" srcset=\"http:\/\/www.rockpixx.com\/wordpress\/wp-content\/uploads\/2025\/03\/20250321-rp-418-1024x683.jpg 1024w, http:\/\/www.rockpixx.com\/wordpress\/wp-content\/uploads\/2025\/03\/20250321-rp-418-300x200.jpg 300w, http:\/\/www.rockpixx.com\/wordpress\/wp-content\/uploads\/2025\/03\/20250321-rp-418-768x512.jpg 768w, http:\/\/www.rockpixx.com\/wordpress\/wp-content\/uploads\/2025\/03\/20250321-rp-418-900x600.jpg 900w, http:\/\/www.rockpixx.com\/wordpress\/wp-content\/uploads\/2025\/03\/20250321-rp-418-924x616.jpg 924w, http:\/\/www.rockpixx.com\/wordpress\/wp-content\/uploads\/2025\/03\/20250321-rp-418.jpg 1200w\" sizes=\"auto, (max-width: 1024px) 100vw, 1024px\" \/><\/figure>\n\n\n\n<figure class=\"wp-block-image size-large\"><img loading=\"lazy\" decoding=\"async\" width=\"1024\" height=\"683\" data-attachment-id=\"22985\" data-permalink=\"http:\/\/www.rockpixx.com\/wordpress\/stahlzeit-21-03-2024-kiel-wunderino-arena-23\/\" data-orig-file=\"http:\/\/www.rockpixx.com\/wordpress\/wp-content\/uploads\/2025\/03\/20250321-rp-432.jpg\" data-orig-size=\"1200,800\" data-comments-opened=\"0\" data-image-meta=\"{&quot;aperture&quot;:&quot;0&quot;,&quot;credit&quot;:&quot;rockpixx.com | A. Hahl&quot;,&quot;camera&quot;:&quot;&quot;,&quot;caption&quot;:&quot;Stahlzeit, 21.03.2024, Kiel, Wunderino Arena&quot;,&quot;created_timestamp&quot;:&quot;1742594061&quot;,&quot;copyright&quot;:&quot;rockpixx.com | A. Hahl&quot;,&quot;focal_length&quot;:&quot;0&quot;,&quot;iso&quot;:&quot;0&quot;,&quot;shutter_speed&quot;:&quot;0&quot;,&quot;title&quot;:&quot;Stahlzeit, 21.03.2024, Kiel, Wunderino Arena&quot;,&quot;orientation&quot;:&quot;0&quot;}\" data-image-title=\"Stahlzeit, 21.03.2024, Kiel, Wunderino Arena\" data-image-description=\"&lt;p&gt;Stahlzeit, 21.03.2024, Kiel, Wunderino Arena&lt;\/p&gt;\n\" data-image-caption=\"\" data-large-file=\"http:\/\/www.rockpixx.com\/wordpress\/wp-content\/uploads\/2025\/03\/20250321-rp-432-1024x683.jpg\" data-id=\"22985\" src=\"http:\/\/www.rockpixx.com\/wordpress\/wp-content\/uploads\/2025\/03\/20250321-rp-432-1024x683.jpg\" alt=\"Stahlzeit, 21.03.2024, Kiel, Wunderino Arena\" class=\"wp-image-22985\" srcset=\"http:\/\/www.rockpixx.com\/wordpress\/wp-content\/uploads\/2025\/03\/20250321-rp-432-1024x683.jpg 1024w, http:\/\/www.rockpixx.com\/wordpress\/wp-content\/uploads\/2025\/03\/20250321-rp-432-300x200.jpg 300w, http:\/\/www.rockpixx.com\/wordpress\/wp-content\/uploads\/2025\/03\/20250321-rp-432-768x512.jpg 768w, http:\/\/www.rockpixx.com\/wordpress\/wp-content\/uploads\/2025\/03\/20250321-rp-432-900x600.jpg 900w, http:\/\/www.rockpixx.com\/wordpress\/wp-content\/uploads\/2025\/03\/20250321-rp-432-924x616.jpg 924w, http:\/\/www.rockpixx.com\/wordpress\/wp-content\/uploads\/2025\/03\/20250321-rp-432.jpg 1200w\" sizes=\"auto, (max-width: 1024px) 100vw, 1024px\" \/><\/figure>\n\n\n\n<figure class=\"wp-block-image size-large\"><img loading=\"lazy\" decoding=\"async\" width=\"1024\" height=\"683\" data-attachment-id=\"22986\" data-permalink=\"http:\/\/www.rockpixx.com\/wordpress\/stahlzeit-21-03-2024-kiel-wunderino-arena-24\/\" data-orig-file=\"http:\/\/www.rockpixx.com\/wordpress\/wp-content\/uploads\/2025\/03\/20250321-rp-462.jpg\" data-orig-size=\"1200,800\" data-comments-opened=\"0\" data-image-meta=\"{&quot;aperture&quot;:&quot;0&quot;,&quot;credit&quot;:&quot;rockpixx.com | A. Hahl&quot;,&quot;camera&quot;:&quot;&quot;,&quot;caption&quot;:&quot;Stahlzeit, 21.03.2024, Kiel, Wunderino Arena&quot;,&quot;created_timestamp&quot;:&quot;1742594541&quot;,&quot;copyright&quot;:&quot;rockpixx.com | A. Hahl&quot;,&quot;focal_length&quot;:&quot;0&quot;,&quot;iso&quot;:&quot;0&quot;,&quot;shutter_speed&quot;:&quot;0&quot;,&quot;title&quot;:&quot;Stahlzeit, 21.03.2024, Kiel, Wunderino Arena&quot;,&quot;orientation&quot;:&quot;0&quot;}\" data-image-title=\"Stahlzeit, 21.03.2024, Kiel, Wunderino Arena\" data-image-description=\"&lt;p&gt;Stahlzeit, 21.03.2024, Kiel, Wunderino Arena&lt;\/p&gt;\n\" data-image-caption=\"\" data-large-file=\"http:\/\/www.rockpixx.com\/wordpress\/wp-content\/uploads\/2025\/03\/20250321-rp-462-1024x683.jpg\" data-id=\"22986\" src=\"http:\/\/www.rockpixx.com\/wordpress\/wp-content\/uploads\/2025\/03\/20250321-rp-462-1024x683.jpg\" alt=\"Stahlzeit, 21.03.2024, Kiel, Wunderino Arena\" class=\"wp-image-22986\" srcset=\"http:\/\/www.rockpixx.com\/wordpress\/wp-content\/uploads\/2025\/03\/20250321-rp-462-1024x683.jpg 1024w, http:\/\/www.rockpixx.com\/wordpress\/wp-content\/uploads\/2025\/03\/20250321-rp-462-300x200.jpg 300w, http:\/\/www.rockpixx.com\/wordpress\/wp-content\/uploads\/2025\/03\/20250321-rp-462-768x512.jpg 768w, http:\/\/www.rockpixx.com\/wordpress\/wp-content\/uploads\/2025\/03\/20250321-rp-462-900x600.jpg 900w, http:\/\/www.rockpixx.com\/wordpress\/wp-content\/uploads\/2025\/03\/20250321-rp-462-924x616.jpg 924w, http:\/\/www.rockpixx.com\/wordpress\/wp-content\/uploads\/2025\/03\/20250321-rp-462.jpg 1200w\" sizes=\"auto, (max-width: 1024px) 100vw, 1024px\" \/><\/figure>\n\n\n\n<figure class=\"wp-block-image size-large\"><img loading=\"lazy\" decoding=\"async\" width=\"1024\" height=\"683\" data-attachment-id=\"22987\" data-permalink=\"http:\/\/www.rockpixx.com\/wordpress\/stahlzeit-21-03-2024-kiel-wunderino-arena-25\/\" data-orig-file=\"http:\/\/www.rockpixx.com\/wordpress\/wp-content\/uploads\/2025\/03\/20250321-rp-496.jpg\" data-orig-size=\"1200,800\" data-comments-opened=\"0\" data-image-meta=\"{&quot;aperture&quot;:&quot;0&quot;,&quot;credit&quot;:&quot;rockpixx.com | A. Hahl&quot;,&quot;camera&quot;:&quot;&quot;,&quot;caption&quot;:&quot;Stahlzeit, 21.03.2024, Kiel, Wunderino Arena&quot;,&quot;created_timestamp&quot;:&quot;1742595097&quot;,&quot;copyright&quot;:&quot;rockpixx.com | A. Hahl&quot;,&quot;focal_length&quot;:&quot;0&quot;,&quot;iso&quot;:&quot;0&quot;,&quot;shutter_speed&quot;:&quot;0&quot;,&quot;title&quot;:&quot;Stahlzeit, 21.03.2024, Kiel, Wunderino Arena&quot;,&quot;orientation&quot;:&quot;0&quot;}\" data-image-title=\"Stahlzeit, 21.03.2024, Kiel, Wunderino Arena\" data-image-description=\"&lt;p&gt;Stahlzeit, 21.03.2024, Kiel, Wunderino Arena&lt;\/p&gt;\n\" data-image-caption=\"\" data-large-file=\"http:\/\/www.rockpixx.com\/wordpress\/wp-content\/uploads\/2025\/03\/20250321-rp-496-1024x683.jpg\" data-id=\"22987\" src=\"http:\/\/www.rockpixx.com\/wordpress\/wp-content\/uploads\/2025\/03\/20250321-rp-496-1024x683.jpg\" alt=\"Stahlzeit, 21.03.2024, Kiel, Wunderino Arena\" class=\"wp-image-22987\" srcset=\"http:\/\/www.rockpixx.com\/wordpress\/wp-content\/uploads\/2025\/03\/20250321-rp-496-1024x683.jpg 1024w, http:\/\/www.rockpixx.com\/wordpress\/wp-content\/uploads\/2025\/03\/20250321-rp-496-300x200.jpg 300w, http:\/\/www.rockpixx.com\/wordpress\/wp-content\/uploads\/2025\/03\/20250321-rp-496-768x512.jpg 768w, http:\/\/www.rockpixx.com\/wordpress\/wp-content\/uploads\/2025\/03\/20250321-rp-496-900x600.jpg 900w, http:\/\/www.rockpixx.com\/wordpress\/wp-content\/uploads\/2025\/03\/20250321-rp-496-924x616.jpg 924w, http:\/\/www.rockpixx.com\/wordpress\/wp-content\/uploads\/2025\/03\/20250321-rp-496.jpg 1200w\" sizes=\"auto, (max-width: 1024px) 100vw, 1024px\" \/><\/figure>\n\n\n\n<figure class=\"wp-block-image size-large\"><img loading=\"lazy\" decoding=\"async\" width=\"1024\" height=\"683\" data-attachment-id=\"22988\" data-permalink=\"http:\/\/www.rockpixx.com\/wordpress\/stahlzeit-21-03-2024-kiel-wunderino-arena-26\/\" data-orig-file=\"http:\/\/www.rockpixx.com\/wordpress\/wp-content\/uploads\/2025\/03\/20250321-rp-498.jpg\" data-orig-size=\"1200,800\" data-comments-opened=\"0\" data-image-meta=\"{&quot;aperture&quot;:&quot;0&quot;,&quot;credit&quot;:&quot;rockpixx.com | A. Hahl&quot;,&quot;camera&quot;:&quot;&quot;,&quot;caption&quot;:&quot;Stahlzeit, 21.03.2024, Kiel, Wunderino Arena&quot;,&quot;created_timestamp&quot;:&quot;1742595199&quot;,&quot;copyright&quot;:&quot;rockpixx.com | A. Hahl&quot;,&quot;focal_length&quot;:&quot;0&quot;,&quot;iso&quot;:&quot;0&quot;,&quot;shutter_speed&quot;:&quot;0&quot;,&quot;title&quot;:&quot;Stahlzeit, 21.03.2024, Kiel, Wunderino Arena&quot;,&quot;orientation&quot;:&quot;0&quot;}\" data-image-title=\"Stahlzeit, 21.03.2024, Kiel, Wunderino Arena\" data-image-description=\"&lt;p&gt;Stahlzeit, 21.03.2024, Kiel, Wunderino Arena&lt;\/p&gt;\n\" data-image-caption=\"\" data-large-file=\"http:\/\/www.rockpixx.com\/wordpress\/wp-content\/uploads\/2025\/03\/20250321-rp-498-1024x683.jpg\" data-id=\"22988\" src=\"http:\/\/www.rockpixx.com\/wordpress\/wp-content\/uploads\/2025\/03\/20250321-rp-498-1024x683.jpg\" alt=\"Stahlzeit, 21.03.2024, Kiel, Wunderino Arena\" class=\"wp-image-22988\" srcset=\"http:\/\/www.rockpixx.com\/wordpress\/wp-content\/uploads\/2025\/03\/20250321-rp-498-1024x683.jpg 1024w, http:\/\/www.rockpixx.com\/wordpress\/wp-content\/uploads\/2025\/03\/20250321-rp-498-300x200.jpg 300w, http:\/\/www.rockpixx.com\/wordpress\/wp-content\/uploads\/2025\/03\/20250321-rp-498-768x512.jpg 768w, http:\/\/www.rockpixx.com\/wordpress\/wp-content\/uploads\/2025\/03\/20250321-rp-498-900x600.jpg 900w, http:\/\/www.rockpixx.com\/wordpress\/wp-content\/uploads\/2025\/03\/20250321-rp-498-924x616.jpg 924w, http:\/\/www.rockpixx.com\/wordpress\/wp-content\/uploads\/2025\/03\/20250321-rp-498.jpg 1200w\" sizes=\"auto, (max-width: 1024px) 100vw, 1024px\" \/><\/figure>\n\n\n\n<figure class=\"wp-block-image size-large\"><img loading=\"lazy\" decoding=\"async\" width=\"1024\" height=\"683\" data-attachment-id=\"22989\" data-permalink=\"http:\/\/www.rockpixx.com\/wordpress\/stahlzeit-21-03-2024-kiel-wunderino-arena-27\/\" data-orig-file=\"http:\/\/www.rockpixx.com\/wordpress\/wp-content\/uploads\/2025\/03\/20250321-rp-504.jpg\" data-orig-size=\"1200,800\" data-comments-opened=\"0\" data-image-meta=\"{&quot;aperture&quot;:&quot;0&quot;,&quot;credit&quot;:&quot;rockpixx.com | A. Hahl&quot;,&quot;camera&quot;:&quot;&quot;,&quot;caption&quot;:&quot;Stahlzeit, 21.03.2024, Kiel, Wunderino Arena&quot;,&quot;created_timestamp&quot;:&quot;1742595313&quot;,&quot;copyright&quot;:&quot;rockpixx.com | A. Hahl&quot;,&quot;focal_length&quot;:&quot;0&quot;,&quot;iso&quot;:&quot;0&quot;,&quot;shutter_speed&quot;:&quot;0&quot;,&quot;title&quot;:&quot;Stahlzeit, 21.03.2024, Kiel, Wunderino Arena&quot;,&quot;orientation&quot;:&quot;0&quot;}\" data-image-title=\"Stahlzeit, 21.03.2024, Kiel, Wunderino Arena\" data-image-description=\"&lt;p&gt;Stahlzeit, 21.03.2024, Kiel, Wunderino Arena&lt;\/p&gt;\n\" data-image-caption=\"\" data-large-file=\"http:\/\/www.rockpixx.com\/wordpress\/wp-content\/uploads\/2025\/03\/20250321-rp-504-1024x683.jpg\" data-id=\"22989\" src=\"http:\/\/www.rockpixx.com\/wordpress\/wp-content\/uploads\/2025\/03\/20250321-rp-504-1024x683.jpg\" alt=\"Stahlzeit, 21.03.2024, Kiel, Wunderino Arena\" class=\"wp-image-22989\" srcset=\"http:\/\/www.rockpixx.com\/wordpress\/wp-content\/uploads\/2025\/03\/20250321-rp-504-1024x683.jpg 1024w, http:\/\/www.rockpixx.com\/wordpress\/wp-content\/uploads\/2025\/03\/20250321-rp-504-300x200.jpg 300w, http:\/\/www.rockpixx.com\/wordpress\/wp-content\/uploads\/2025\/03\/20250321-rp-504-768x512.jpg 768w, http:\/\/www.rockpixx.com\/wordpress\/wp-content\/uploads\/2025\/03\/20250321-rp-504-900x600.jpg 900w, http:\/\/www.rockpixx.com\/wordpress\/wp-content\/uploads\/2025\/03\/20250321-rp-504-924x616.jpg 924w, http:\/\/www.rockpixx.com\/wordpress\/wp-content\/uploads\/2025\/03\/20250321-rp-504.jpg 1200w\" sizes=\"auto, (max-width: 1024px) 100vw, 1024px\" \/><\/figure>\n<\/figure>\n\n\n\n<p class=\"has-text-align-right\">Fotos: <a href=\"mailto:info@rockpixx.com?subject=We%20Salute%20You,%20Jahrhunderthalle,%20Frankfurt,%2030.12.2018\">Alex<\/a> (mit Unterst\u00fctzung durch Anja) | Text: <a href=\"mailto:info@rockpixx.com?subject=We%20Salute%20You,%20Jahrhunderthalle,%20Frankfurt,%2030.12.2018\">Alex<\/a><\/p>\n","protected":false},"excerpt":{"rendered":"<p>Man kann zu der Musik und den Texten des Originales stehen, wie man will, festzustellen bleibt aber, dass Stahlzeit dem Original mehr als nur sehr nahekommen \u2013 sei es bei den Requisiten, der Performance, dem Sound und der gesamten B\u00fchnenshow. <\/p>\n","protected":false},"author":3,"featured_media":22966,"comment_status":"closed","ping_status":"closed","sticky":false,"template":"","format":"standard","meta":{"_jetpack_memberships_contains_paid_content":false,"footnotes":"","jetpack_publicize_message":"","jetpack_publicize_feature_enabled":false,"jetpack_social_post_already_shared":true,"jetpack_social_options":{"image_generator_settings":{"template":"highway","default_image_id":0,"font":"","enabled":false},"version":2}},"categories":[34,1100,2610,5],"tags":[2614,1735,2131,2611,2604,2615],"class_list":["post-22990","post","type-post","status-publish","format-standard","has-post-thumbnail","hentry","category-acts","category-rammstein","category-stahlzeit","category-tributebands","tag-2614","tag-kiel","tag-rammstein","tag-stahlzeit","tag-tributeband","tag-wunderino-arena"],"aioseo_notices":[],"jetpack_publicize_connections":[],"jetpack_featured_media_url":"http:\/\/www.rockpixx.com\/wordpress\/wp-content\/uploads\/2025\/03\/20250321-rp-057.jpg","jetpack-related-posts":[{"id":22911,"url":"http:\/\/www.rockpixx.com\/wordpress\/stahlzeit-03-02-2024-kiel-wunderino-arena\/","url_meta":{"origin":22990,"position":0},"title":"Stahlzeit, 03.02.2024, Kiel, Wunderino Arena","author":"A. Hahl","date":"5. Februar 2024","format":false,"excerpt":"Zum dritten Mal haben wir dieses Mal mit \"Stahlzeit\" eine Rammstein Tribute-Band vor unseren Linsen, wobei ich gerade feststelle: Das letzte Mal liegt schon etwas lange zur\u00fcck.","rel":"","context":"In &quot;Acts&quot;","block_context":{"text":"Acts","link":"http:\/\/www.rockpixx.com\/wordpress\/category\/acts\/"},"img":{"alt_text":"Stahlzeit, 03.02.2024, Kiel, Wunderino Arena","src":"https:\/\/i0.wp.com\/www.rockpixx.com\/wordpress\/wp-content\/uploads\/2024\/02\/20240203-rp-058.jpg?resize=350%2C200","width":350,"height":200,"srcset":"https:\/\/i0.wp.com\/www.rockpixx.com\/wordpress\/wp-content\/uploads\/2024\/02\/20240203-rp-058.jpg?resize=350%2C200 1x, https:\/\/i0.wp.com\/www.rockpixx.com\/wordpress\/wp-content\/uploads\/2024\/02\/20240203-rp-058.jpg?resize=525%2C300 1.5x, https:\/\/i0.wp.com\/www.rockpixx.com\/wordpress\/wp-content\/uploads\/2024\/02\/20240203-rp-058.jpg?resize=700%2C400 2x, https:\/\/i0.wp.com\/www.rockpixx.com\/wordpress\/wp-content\/uploads\/2024\/02\/20240203-rp-058.jpg?resize=1050%2C600 3x"},"classes":[]},{"id":10685,"url":"http:\/\/www.rockpixx.com\/wordpress\/los-09-05-2013-wallsbull-open-air-wallsbull\/","url_meta":{"origin":22990,"position":1},"title":"LOS!, 09.05.2013, Wallsb\u00fcll Open Air, Wallsb\u00fcll","author":"Anja","date":"10. Mai 2013","format":false,"excerpt":"Er\u00f6ffnung der Open Air-Saison \u2013 Beginn des Rammstein Jahrs bei rockpixx.com Die diesj\u00e4hrige Neuauflage des Wallsb\u00fcll Open Airs wurde von der Rammstein-Coverband LOS! aus Kiel er\u00f6ffnet. Wer sich ein bisschen mit Open Airs auskennt, wei\u00df dass sich das Wetter dann gern von seiner schlechteren Seite zeigt. So sah es auch\u2026","rel":"","context":"In &quot;Acts&quot;","block_context":{"text":"Acts","link":"http:\/\/www.rockpixx.com\/wordpress\/category\/acts\/"},"img":{"alt_text":"LOS!","src":"https:\/\/i0.wp.com\/www.rockpixx.com\/wordpress\/wp-content\/uploads\/2013\/05\/20130509-01-los.jpg?resize=350%2C200","width":350,"height":200,"srcset":"https:\/\/i0.wp.com\/www.rockpixx.com\/wordpress\/wp-content\/uploads\/2013\/05\/20130509-01-los.jpg?resize=350%2C200 1x, https:\/\/i0.wp.com\/www.rockpixx.com\/wordpress\/wp-content\/uploads\/2013\/05\/20130509-01-los.jpg?resize=525%2C300 1.5x, https:\/\/i0.wp.com\/www.rockpixx.com\/wordpress\/wp-content\/uploads\/2013\/05\/20130509-01-los.jpg?resize=700%2C400 2x"},"classes":[]},{"id":12083,"url":"http:\/\/www.rockpixx.com\/wordpress\/voelkerball-23-08-2013-schleswig-baltic-open-air\/","url_meta":{"origin":22990,"position":2},"title":"V\u00f6lkerball, 23.08.2013, Schleswig, Baltic Open Air","author":"Anja","date":"28. August 2013","format":false,"excerpt":"Den Abschluss des ersten Abends vom Baltic Open Air bestritten \u201eV\u00f6lkerball\u201d. Die Musiker haben eine super Show auf die B\u00fchne gebracht und sind meines Erachtens viel besser als das \u00fcberbewertete Original \u201eRammstein\u201d. Der Wind war zum Gl\u00fcck nicht mehr so stark, so dass das Konzert mit den dazugeh\u00f6rigen Flames- und\u2026","rel":"","context":"In &quot;Acts&quot;","block_context":{"text":"Acts","link":"http:\/\/www.rockpixx.com\/wordpress\/category\/acts\/"},"img":{"alt_text":"","src":"https:\/\/i0.wp.com\/www.rockpixx.com\/wordpress\/wp-content\/uploads\/2013\/08\/20130823-06-466_voelkerball-Artikel.jpg?resize=350%2C200","width":350,"height":200,"srcset":"https:\/\/i0.wp.com\/www.rockpixx.com\/wordpress\/wp-content\/uploads\/2013\/08\/20130823-06-466_voelkerball-Artikel.jpg?resize=350%2C200 1x, https:\/\/i0.wp.com\/www.rockpixx.com\/wordpress\/wp-content\/uploads\/2013\/08\/20130823-06-466_voelkerball-Artikel.jpg?resize=525%2C300 1.5x, https:\/\/i0.wp.com\/www.rockpixx.com\/wordpress\/wp-content\/uploads\/2013\/08\/20130823-06-466_voelkerball-Artikel.jpg?resize=700%2C400 2x"},"classes":[]},{"id":13256,"url":"http:\/\/www.rockpixx.com\/wordpress\/vertical-blinds-23-05-2014-kiel-raeucherei\/","url_meta":{"origin":22990,"position":3},"title":"Vertical Blinds, 23.05.2014, Kiel, R\u00e4ucherei","author":"admin","date":"23. Mai 2014","format":false,"excerpt":"Wie bekommt man f\u00fcnf Musiker plus S\u00e4ngerin auf die B\u00fchne, wenn das Drumset auf einem ausladenden und hohen Raiser steht, aber das Keyboard auch noch untergebracht werden soll? Nun, wer \u201eTetris\u201c kennt, der kann sich vorstellen, dass irgendwie immer alles passt \u2013 selbst auf engstem Raum. So auch bei \u201eVertical\u2026","rel":"","context":"In &quot;Acts&quot;","block_context":{"text":"Acts","link":"http:\/\/www.rockpixx.com\/wordpress\/category\/acts\/"},"img":{"alt_text":"Vertical Blinds, 23.05.2014, Kiel, R\u00e4ucherei","src":"https:\/\/i0.wp.com\/www.rockpixx.com\/wordpress\/wp-content\/uploads\/2014\/05\/20140523-04-060.jpg?resize=350%2C200","width":350,"height":200,"srcset":"https:\/\/i0.wp.com\/www.rockpixx.com\/wordpress\/wp-content\/uploads\/2014\/05\/20140523-04-060.jpg?resize=350%2C200 1x, https:\/\/i0.wp.com\/www.rockpixx.com\/wordpress\/wp-content\/uploads\/2014\/05\/20140523-04-060.jpg?resize=525%2C300 1.5x, https:\/\/i0.wp.com\/www.rockpixx.com\/wordpress\/wp-content\/uploads\/2014\/05\/20140523-04-060.jpg?resize=700%2C400 2x"},"classes":[]},{"id":8483,"url":"http:\/\/www.rockpixx.com\/wordpress\/drive-16-06-2012-kiel-maxbuhne\/","url_meta":{"origin":22990,"position":4},"title":"Drive!, 16.06.2012, Kiel, MAXB\u00fchne","author":"Anja","date":"16. Juni 2012","format":false,"excerpt":"Nachdem wir im letzten Jahr \u2013 im Gegensatz zu \u201eDrive!\u201c \u2013 an deren Auftrittstag an der MAXB\u00fchne eine Pause eingelegt hatten, sind wir dieses Jahr also wieder dabei, als die Musiker locker und voller Elan geschlagene vier Stunden gegen den fiesen Regen anspielen und trotzdem die Leute auf dem Bahnhofsvorplatz\u2026","rel":"","context":"In &quot;Acts&quot;","block_context":{"text":"Acts","link":"http:\/\/www.rockpixx.com\/wordpress\/category\/acts\/"},"img":{"alt_text":"Drive!, 16.06.2012, Kiel, MAXB\u00fchne","src":"https:\/\/i0.wp.com\/www.rockpixx.com\/wordpress\/wp-content\/uploads\/2013\/02\/20120616-04-drive-Artikel.jpg?resize=350%2C200","width":350,"height":200,"srcset":"https:\/\/i0.wp.com\/www.rockpixx.com\/wordpress\/wp-content\/uploads\/2013\/02\/20120616-04-drive-Artikel.jpg?resize=350%2C200 1x, https:\/\/i0.wp.com\/www.rockpixx.com\/wordpress\/wp-content\/uploads\/2013\/02\/20120616-04-drive-Artikel.jpg?resize=525%2C300 1.5x, https:\/\/i0.wp.com\/www.rockpixx.com\/wordpress\/wp-content\/uploads\/2013\/02\/20120616-04-drive-Artikel.jpg?resize=700%2C400 2x"},"classes":[]},{"id":7050,"url":"http:\/\/www.rockpixx.com\/wordpress\/drive-26-06-2010-kiel-maxbuhne\/","url_meta":{"origin":22990,"position":5},"title":"Drive!, 26.06.2010, Kiel, MAXB\u00fchne","author":"Anja","date":"26. Juni 2010","format":false,"excerpt":"Irgendwie haben wir im letzten Jahr \u00fcber die Jungs und das M\u00e4del von \u201eDrive!\u201c etwas geschrieben, das die erfreut hat. Das freut uns. Und dieses Jahr k\u00f6nnen wir auch nichts Negatives schreiben, weil sie wieder gut waren. So gut, dass sie die vom \u2192\u00a0Nena-Konzert zur\u00fcckstr\u00f6menden Massen auf dem Platz vor\u2026","rel":"","context":"In &quot;Acts&quot;","block_context":{"text":"Acts","link":"http:\/\/www.rockpixx.com\/wordpress\/category\/acts\/"},"img":{"alt_text":"Drive!, 26.06.2010, Kiel, MAXB\u00fchne","src":"https:\/\/i0.wp.com\/www.rockpixx.com\/wordpress\/wp-content\/uploads\/2013\/01\/20100626-04-drive-Artikel.jpg?resize=350%2C200","width":350,"height":200,"srcset":"https:\/\/i0.wp.com\/www.rockpixx.com\/wordpress\/wp-content\/uploads\/2013\/01\/20100626-04-drive-Artikel.jpg?resize=350%2C200 1x, https:\/\/i0.wp.com\/www.rockpixx.com\/wordpress\/wp-content\/uploads\/2013\/01\/20100626-04-drive-Artikel.jpg?resize=525%2C300 1.5x, https:\/\/i0.wp.com\/www.rockpixx.com\/wordpress\/wp-content\/uploads\/2013\/01\/20100626-04-drive-Artikel.jpg?resize=700%2C400 2x"},"classes":[]}],"jetpack_sharing_enabled":true,"publishpress_future_action":{"enabled":false,"date":"2026-05-06 10:00:14","action":"change-status","newStatus":"draft","terms":[],"taxonomy":"category","extraData":[]},"publishpress_future_workflow_manual_trigger":{"enabledWorkflows":[]},"_links":{"self":[{"href":"http:\/\/www.rockpixx.com\/wordpress\/wp-json\/wp\/v2\/posts\/22990","targetHints":{"allow":["GET"]}}],"collection":[{"href":"http:\/\/www.rockpixx.com\/wordpress\/wp-json\/wp\/v2\/posts"}],"about":[{"href":"http:\/\/www.rockpixx.com\/wordpress\/wp-json\/wp\/v2\/types\/post"}],"author":[{"embeddable":true,"href":"http:\/\/www.rockpixx.com\/wordpress\/wp-json\/wp\/v2\/users\/3"}],"replies":[{"embeddable":true,"href":"http:\/\/www.rockpixx.com\/wordpress\/wp-json\/wp\/v2\/comments?post=22990"}],"version-history":[{"count":3,"href":"http:\/\/www.rockpixx.com\/wordpress\/wp-json\/wp\/v2\/posts\/22990\/revisions"}],"predecessor-version":[{"id":22995,"href":"http:\/\/www.rockpixx.com\/wordpress\/wp-json\/wp\/v2\/posts\/22990\/revisions\/22995"}],"wp:featuredmedia":[{"embeddable":true,"href":"http:\/\/www.rockpixx.com\/wordpress\/wp-json\/wp\/v2\/media\/22966"}],"wp:attachment":[{"href":"http:\/\/www.rockpixx.com\/wordpress\/wp-json\/wp\/v2\/media?parent=22990"}],"wp:term":[{"taxonomy":"category","embeddable":true,"href":"http:\/\/www.rockpixx.com\/wordpress\/wp-json\/wp\/v2\/categories?post=22990"},{"taxonomy":"post_tag","embeddable":true,"href":"http:\/\/www.rockpixx.com\/wordpress\/wp-json\/wp\/v2\/tags?post=22990"}],"curies":[{"name":"wp","href":"https:\/\/api.w.org\/{rel}","templated":true}]}}