{"id":23021,"date":"2025-07-22T10:44:34","date_gmt":"2025-07-22T09:44:34","guid":{"rendered":"http:\/\/www.rockpixx.com\/wordpress\/?p=23021"},"modified":"2025-07-22T10:55:35","modified_gmt":"2025-07-22T09:55:35","slug":"80s90s-band-18-07-2025-eggebek-shelter-festival","status":"publish","type":"post","link":"http:\/\/www.rockpixx.com\/wordpress\/80s90s-band-18-07-2025-eggebek-shelter-festival\/","title":{"rendered":"80s90s Band, 18.07.2025, Eggebek, Shelter Festival"},"content":{"rendered":"\n<p>Der Regen hat aufgeh\u00f6rt, aber wie komme ich jetzt aus dem Shelter wieder raus? Die Feuerwehr steht zwar schon bereit, um die Fl\u00e4che vor dem ehemaligen Flugzeughangar frei zu pumpen, aber noch steht das Wasser dort ca. 10 cm hoch. Also eine Premiere f\u00fcr mich: Zum ersten Mal seit \u00fcber 20 Jahren Konzertfotografie ziehe ich mir Schuhe und Socken aus, verstaue diese im Fotorucksack und krempele die Hosenbeine bis zum Knie hoch. So gelange ich einmal quer \u00fcber das Gel\u00e4nde bis zum Graben vor der B\u00fchne. Dort wird klar, dass \u201eBon Scott\u201c ihren Slot nicht werden fortsetzen k\u00f6nnen, das Backdrop wird bereits abgeh\u00e4ngt und die B\u00fchne samt Catwalk wird von vielen Helfern trockengelegt. Nach ca. einer knappen halben Stunde Wartezeit werden alle f\u00fcr die Unbilden des Wetters belohnt, weil es pl\u00f6tzlich auf der B\u00fchne richtig bunt wird und vertraute Kl\u00e4nge aus l\u00e4ngst vergangenen Zeiten erklingen.<\/p>\n\n\n\n<!--more-->\n\n\n\n<p>Zwei S\u00e4ngerinnen, ein S\u00e4nger unterst\u00fctzt von Keyboards, Gitarre, Bass und Drums legen los mit all den Hits, die einem sofort wieder ins Ohr pl\u00e4tschern und denen man sich schon damals in den 1980ern bzw. 1990ern nicht entziehen konnte. Das Ganze ist gepaart mit viel Tanz- und Interaktionseinlagen der drei Frontmenschen, sodass auch vor der B\u00fchne recht schnell wieder ausgelassen-fr\u00f6hliche Stimmung herrscht.<\/p>\n\n\n\n<p>Nach dem Auftritt beschlie\u00dfe ich, meine Socken und Schuhe wieder anzuziehen \u2013 das war mal wieder eine neue Erfahrung: Barfu\u00df im Graben.<\/p>\n\n\n\n<p>Fazit: Wer eine musikalisch versierte \u201eGute-Laune-Party-Band\u201c sucht, der ist bei der \u201e80s90s Band\u201c gut aufgehoben. Am letzten Festivaltag sollten sie noch einmal einen Slot bespielen und auch das haben sie gut gemacht.<\/p>\n\n\n\n<p> <\/p>\n\n\n\n<figure class=\"wp-block-gallery has-nested-images columns-default is-cropped wp-block-gallery-1 is-layout-flex wp-block-gallery-is-layout-flex\">\n<figure class=\"wp-block-image size-large\"><img loading=\"lazy\" decoding=\"async\" width=\"1024\" height=\"683\" data-attachment-id=\"23024\" data-permalink=\"http:\/\/www.rockpixx.com\/wordpress\/80s90s-band-18-07-2025-eggebek-shelter-festival-2025\/\" data-orig-file=\"http:\/\/www.rockpixx.com\/wordpress\/wp-content\/uploads\/2025\/07\/20259718-03-011.jpg\" data-orig-size=\"1200,800\" data-comments-opened=\"0\" data-image-meta=\"{&quot;aperture&quot;:&quot;0&quot;,&quot;credit&quot;:&quot;rockpixx.com | A. Hahl&quot;,&quot;camera&quot;:&quot;&quot;,&quot;caption&quot;:&quot;80s90s Band, 18.07.2025, Eggebek, Shelter Festival 2025&quot;,&quot;created_timestamp&quot;:&quot;1752861528&quot;,&quot;copyright&quot;:&quot;rockpixx.com | A. Hahl&quot;,&quot;focal_length&quot;:&quot;0&quot;,&quot;iso&quot;:&quot;0&quot;,&quot;shutter_speed&quot;:&quot;0&quot;,&quot;title&quot;:&quot;80s90s Band, 18.07.2025, Eggebek, Shelter Festival 2025&quot;,&quot;orientation&quot;:&quot;0&quot;}\" data-image-title=\"80s90s Band, 18.07.2025, Eggebek, Shelter Festival 2025\" data-image-description=\"&lt;p&gt;80s90s Band, 18.07.2025, Eggebek, Shelter Festival 2025&lt;\/p&gt;\n\" data-image-caption=\"\" data-large-file=\"http:\/\/www.rockpixx.com\/wordpress\/wp-content\/uploads\/2025\/07\/20259718-03-011-1024x683.jpg\" data-id=\"23024\" src=\"http:\/\/www.rockpixx.com\/wordpress\/wp-content\/uploads\/2025\/07\/20259718-03-011-1024x683.jpg\" alt=\"80s90s Band, 18.07.2025, Eggebek, Shelter Festival 2025\" class=\"wp-image-23024\" srcset=\"http:\/\/www.rockpixx.com\/wordpress\/wp-content\/uploads\/2025\/07\/20259718-03-011-1024x683.jpg 1024w, http:\/\/www.rockpixx.com\/wordpress\/wp-content\/uploads\/2025\/07\/20259718-03-011-300x200.jpg 300w, http:\/\/www.rockpixx.com\/wordpress\/wp-content\/uploads\/2025\/07\/20259718-03-011-768x512.jpg 768w, http:\/\/www.rockpixx.com\/wordpress\/wp-content\/uploads\/2025\/07\/20259718-03-011-900x600.jpg 900w, http:\/\/www.rockpixx.com\/wordpress\/wp-content\/uploads\/2025\/07\/20259718-03-011-924x616.jpg 924w, http:\/\/www.rockpixx.com\/wordpress\/wp-content\/uploads\/2025\/07\/20259718-03-011.jpg 1200w\" sizes=\"auto, (max-width: 1024px) 100vw, 1024px\" \/><\/figure>\n\n\n\n<figure class=\"wp-block-image size-large\"><img loading=\"lazy\" decoding=\"async\" width=\"1024\" height=\"683\" data-attachment-id=\"23025\" data-permalink=\"http:\/\/www.rockpixx.com\/wordpress\/80s90s-band-18-07-2025-eggebek-shelter-festival-2025-2\/\" data-orig-file=\"http:\/\/www.rockpixx.com\/wordpress\/wp-content\/uploads\/2025\/07\/20259718-03-014.jpg\" data-orig-size=\"1200,800\" data-comments-opened=\"0\" data-image-meta=\"{&quot;aperture&quot;:&quot;0&quot;,&quot;credit&quot;:&quot;rockpixx.com | A. Hahl&quot;,&quot;camera&quot;:&quot;&quot;,&quot;caption&quot;:&quot;80s90s Band, 18.07.2025, Eggebek, Shelter Festival 2025&quot;,&quot;created_timestamp&quot;:&quot;1752861545&quot;,&quot;copyright&quot;:&quot;rockpixx.com | A. Hahl&quot;,&quot;focal_length&quot;:&quot;0&quot;,&quot;iso&quot;:&quot;0&quot;,&quot;shutter_speed&quot;:&quot;0&quot;,&quot;title&quot;:&quot;80s90s Band, 18.07.2025, Eggebek, Shelter Festival 2025&quot;,&quot;orientation&quot;:&quot;0&quot;}\" data-image-title=\"80s90s Band, 18.07.2025, Eggebek, Shelter Festival 2025\" data-image-description=\"&lt;p&gt;80s90s Band, 18.07.2025, Eggebek, Shelter Festival 2025&lt;\/p&gt;\n\" data-image-caption=\"\" data-large-file=\"http:\/\/www.rockpixx.com\/wordpress\/wp-content\/uploads\/2025\/07\/20259718-03-014-1024x683.jpg\" data-id=\"23025\" src=\"http:\/\/www.rockpixx.com\/wordpress\/wp-content\/uploads\/2025\/07\/20259718-03-014-1024x683.jpg\" alt=\"80s90s Band, 18.07.2025, Eggebek, Shelter Festival 2025\" class=\"wp-image-23025\" srcset=\"http:\/\/www.rockpixx.com\/wordpress\/wp-content\/uploads\/2025\/07\/20259718-03-014-1024x683.jpg 1024w, http:\/\/www.rockpixx.com\/wordpress\/wp-content\/uploads\/2025\/07\/20259718-03-014-300x200.jpg 300w, http:\/\/www.rockpixx.com\/wordpress\/wp-content\/uploads\/2025\/07\/20259718-03-014-768x512.jpg 768w, http:\/\/www.rockpixx.com\/wordpress\/wp-content\/uploads\/2025\/07\/20259718-03-014-900x600.jpg 900w, http:\/\/www.rockpixx.com\/wordpress\/wp-content\/uploads\/2025\/07\/20259718-03-014-924x616.jpg 924w, http:\/\/www.rockpixx.com\/wordpress\/wp-content\/uploads\/2025\/07\/20259718-03-014.jpg 1200w\" sizes=\"auto, (max-width: 1024px) 100vw, 1024px\" \/><\/figure>\n\n\n\n<figure class=\"wp-block-image size-large\"><img loading=\"lazy\" decoding=\"async\" width=\"1024\" height=\"683\" data-attachment-id=\"23026\" data-permalink=\"http:\/\/www.rockpixx.com\/wordpress\/80s90s-band-18-07-2025-eggebek-shelter-festival-2025-3\/\" data-orig-file=\"http:\/\/www.rockpixx.com\/wordpress\/wp-content\/uploads\/2025\/07\/20259718-03-017.jpg\" data-orig-size=\"1200,800\" data-comments-opened=\"0\" data-image-meta=\"{&quot;aperture&quot;:&quot;0&quot;,&quot;credit&quot;:&quot;rockpixx.com | A. Hahl&quot;,&quot;camera&quot;:&quot;&quot;,&quot;caption&quot;:&quot;80s90s Band, 18.07.2025, Eggebek, Shelter Festival 2025&quot;,&quot;created_timestamp&quot;:&quot;1752861590&quot;,&quot;copyright&quot;:&quot;rockpixx.com | A. Hahl&quot;,&quot;focal_length&quot;:&quot;0&quot;,&quot;iso&quot;:&quot;0&quot;,&quot;shutter_speed&quot;:&quot;0&quot;,&quot;title&quot;:&quot;80s90s Band, 18.07.2025, Eggebek, Shelter Festival 2025&quot;,&quot;orientation&quot;:&quot;0&quot;}\" data-image-title=\"80s90s Band, 18.07.2025, Eggebek, Shelter Festival 2025\" data-image-description=\"&lt;p&gt;80s90s Band, 18.07.2025, Eggebek, Shelter Festival 2025&lt;\/p&gt;\n\" data-image-caption=\"\" data-large-file=\"http:\/\/www.rockpixx.com\/wordpress\/wp-content\/uploads\/2025\/07\/20259718-03-017-1024x683.jpg\" data-id=\"23026\" src=\"http:\/\/www.rockpixx.com\/wordpress\/wp-content\/uploads\/2025\/07\/20259718-03-017-1024x683.jpg\" alt=\"80s90s Band, 18.07.2025, Eggebek, Shelter Festival 2025\" class=\"wp-image-23026\" srcset=\"http:\/\/www.rockpixx.com\/wordpress\/wp-content\/uploads\/2025\/07\/20259718-03-017-1024x683.jpg 1024w, http:\/\/www.rockpixx.com\/wordpress\/wp-content\/uploads\/2025\/07\/20259718-03-017-300x200.jpg 300w, http:\/\/www.rockpixx.com\/wordpress\/wp-content\/uploads\/2025\/07\/20259718-03-017-768x512.jpg 768w, http:\/\/www.rockpixx.com\/wordpress\/wp-content\/uploads\/2025\/07\/20259718-03-017-900x600.jpg 900w, http:\/\/www.rockpixx.com\/wordpress\/wp-content\/uploads\/2025\/07\/20259718-03-017-924x616.jpg 924w, http:\/\/www.rockpixx.com\/wordpress\/wp-content\/uploads\/2025\/07\/20259718-03-017.jpg 1200w\" sizes=\"auto, (max-width: 1024px) 100vw, 1024px\" \/><\/figure>\n\n\n\n<figure class=\"wp-block-image size-large\"><img loading=\"lazy\" decoding=\"async\" width=\"1024\" height=\"683\" data-attachment-id=\"23027\" data-permalink=\"http:\/\/www.rockpixx.com\/wordpress\/80s90s-band-18-07-2025-eggebek-shelter-festival-2025-4\/\" data-orig-file=\"http:\/\/www.rockpixx.com\/wordpress\/wp-content\/uploads\/2025\/07\/20259718-03-020.jpg\" data-orig-size=\"1200,800\" data-comments-opened=\"0\" data-image-meta=\"{&quot;aperture&quot;:&quot;0&quot;,&quot;credit&quot;:&quot;rockpixx.com | A. Hahl&quot;,&quot;camera&quot;:&quot;&quot;,&quot;caption&quot;:&quot;80s90s Band, 18.07.2025, Eggebek, Shelter Festival 2025&quot;,&quot;created_timestamp&quot;:&quot;1752861627&quot;,&quot;copyright&quot;:&quot;rockpixx.com | A. Hahl&quot;,&quot;focal_length&quot;:&quot;0&quot;,&quot;iso&quot;:&quot;0&quot;,&quot;shutter_speed&quot;:&quot;0&quot;,&quot;title&quot;:&quot;80s90s Band, 18.07.2025, Eggebek, Shelter Festival 2025&quot;,&quot;orientation&quot;:&quot;0&quot;}\" data-image-title=\"80s90s Band, 18.07.2025, Eggebek, Shelter Festival 2025\" data-image-description=\"&lt;p&gt;80s90s Band, 18.07.2025, Eggebek, Shelter Festival 2025&lt;\/p&gt;\n\" data-image-caption=\"\" data-large-file=\"http:\/\/www.rockpixx.com\/wordpress\/wp-content\/uploads\/2025\/07\/20259718-03-020-1024x683.jpg\" data-id=\"23027\" src=\"http:\/\/www.rockpixx.com\/wordpress\/wp-content\/uploads\/2025\/07\/20259718-03-020-1024x683.jpg\" alt=\"80s90s Band, 18.07.2025, Eggebek, Shelter Festival 2025\" class=\"wp-image-23027\" srcset=\"http:\/\/www.rockpixx.com\/wordpress\/wp-content\/uploads\/2025\/07\/20259718-03-020-1024x683.jpg 1024w, http:\/\/www.rockpixx.com\/wordpress\/wp-content\/uploads\/2025\/07\/20259718-03-020-300x200.jpg 300w, http:\/\/www.rockpixx.com\/wordpress\/wp-content\/uploads\/2025\/07\/20259718-03-020-768x512.jpg 768w, http:\/\/www.rockpixx.com\/wordpress\/wp-content\/uploads\/2025\/07\/20259718-03-020-900x600.jpg 900w, http:\/\/www.rockpixx.com\/wordpress\/wp-content\/uploads\/2025\/07\/20259718-03-020-924x616.jpg 924w, http:\/\/www.rockpixx.com\/wordpress\/wp-content\/uploads\/2025\/07\/20259718-03-020.jpg 1200w\" sizes=\"auto, (max-width: 1024px) 100vw, 1024px\" \/><\/figure>\n\n\n\n<figure class=\"wp-block-image size-large\"><img loading=\"lazy\" decoding=\"async\" width=\"1024\" height=\"683\" data-attachment-id=\"23028\" data-permalink=\"http:\/\/www.rockpixx.com\/wordpress\/80s90s-band-18-07-2025-eggebek-shelter-festival-2025-5\/\" data-orig-file=\"http:\/\/www.rockpixx.com\/wordpress\/wp-content\/uploads\/2025\/07\/20259718-03-021.jpg\" data-orig-size=\"1200,800\" data-comments-opened=\"0\" data-image-meta=\"{&quot;aperture&quot;:&quot;0&quot;,&quot;credit&quot;:&quot;rockpixx.com | A. Hahl&quot;,&quot;camera&quot;:&quot;&quot;,&quot;caption&quot;:&quot;80s90s Band, 18.07.2025, Eggebek, Shelter Festival 2025&quot;,&quot;created_timestamp&quot;:&quot;1752861639&quot;,&quot;copyright&quot;:&quot;rockpixx.com | A. Hahl&quot;,&quot;focal_length&quot;:&quot;0&quot;,&quot;iso&quot;:&quot;0&quot;,&quot;shutter_speed&quot;:&quot;0&quot;,&quot;title&quot;:&quot;80s90s Band, 18.07.2025, Eggebek, Shelter Festival 2025&quot;,&quot;orientation&quot;:&quot;0&quot;}\" data-image-title=\"80s90s Band, 18.07.2025, Eggebek, Shelter Festival 2025\" data-image-description=\"&lt;p&gt;80s90s Band, 18.07.2025, Eggebek, Shelter Festival 2025&lt;\/p&gt;\n\" data-image-caption=\"\" data-large-file=\"http:\/\/www.rockpixx.com\/wordpress\/wp-content\/uploads\/2025\/07\/20259718-03-021-1024x683.jpg\" data-id=\"23028\" src=\"http:\/\/www.rockpixx.com\/wordpress\/wp-content\/uploads\/2025\/07\/20259718-03-021-1024x683.jpg\" alt=\"80s90s Band, 18.07.2025, Eggebek, Shelter Festival 2025\" class=\"wp-image-23028\" srcset=\"http:\/\/www.rockpixx.com\/wordpress\/wp-content\/uploads\/2025\/07\/20259718-03-021-1024x683.jpg 1024w, http:\/\/www.rockpixx.com\/wordpress\/wp-content\/uploads\/2025\/07\/20259718-03-021-300x200.jpg 300w, http:\/\/www.rockpixx.com\/wordpress\/wp-content\/uploads\/2025\/07\/20259718-03-021-768x512.jpg 768w, http:\/\/www.rockpixx.com\/wordpress\/wp-content\/uploads\/2025\/07\/20259718-03-021-900x600.jpg 900w, http:\/\/www.rockpixx.com\/wordpress\/wp-content\/uploads\/2025\/07\/20259718-03-021-924x616.jpg 924w, http:\/\/www.rockpixx.com\/wordpress\/wp-content\/uploads\/2025\/07\/20259718-03-021.jpg 1200w\" sizes=\"auto, (max-width: 1024px) 100vw, 1024px\" \/><\/figure>\n\n\n\n<figure class=\"wp-block-image size-large\"><img loading=\"lazy\" decoding=\"async\" width=\"1024\" height=\"683\" data-attachment-id=\"23029\" data-permalink=\"http:\/\/www.rockpixx.com\/wordpress\/80s90s-band-18-07-2025-eggebek-shelter-festival-2025-6\/\" data-orig-file=\"http:\/\/www.rockpixx.com\/wordpress\/wp-content\/uploads\/2025\/07\/20259718-03-025.jpg\" data-orig-size=\"1200,800\" data-comments-opened=\"0\" data-image-meta=\"{&quot;aperture&quot;:&quot;0&quot;,&quot;credit&quot;:&quot;rockpixx.com | A. Hahl&quot;,&quot;camera&quot;:&quot;&quot;,&quot;caption&quot;:&quot;80s90s Band, 18.07.2025, Eggebek, Shelter Festival 2025&quot;,&quot;created_timestamp&quot;:&quot;1752861767&quot;,&quot;copyright&quot;:&quot;rockpixx.com | A. Hahl&quot;,&quot;focal_length&quot;:&quot;0&quot;,&quot;iso&quot;:&quot;0&quot;,&quot;shutter_speed&quot;:&quot;0&quot;,&quot;title&quot;:&quot;80s90s Band, 18.07.2025, Eggebek, Shelter Festival 2025&quot;,&quot;orientation&quot;:&quot;0&quot;}\" data-image-title=\"80s90s Band, 18.07.2025, Eggebek, Shelter Festival 2025\" data-image-description=\"&lt;p&gt;80s90s Band, 18.07.2025, Eggebek, Shelter Festival 2025&lt;\/p&gt;\n\" data-image-caption=\"\" data-large-file=\"http:\/\/www.rockpixx.com\/wordpress\/wp-content\/uploads\/2025\/07\/20259718-03-025-1024x683.jpg\" data-id=\"23029\" src=\"http:\/\/www.rockpixx.com\/wordpress\/wp-content\/uploads\/2025\/07\/20259718-03-025-1024x683.jpg\" alt=\"80s90s Band, 18.07.2025, Eggebek, Shelter Festival 2025\" class=\"wp-image-23029\" srcset=\"http:\/\/www.rockpixx.com\/wordpress\/wp-content\/uploads\/2025\/07\/20259718-03-025-1024x683.jpg 1024w, http:\/\/www.rockpixx.com\/wordpress\/wp-content\/uploads\/2025\/07\/20259718-03-025-300x200.jpg 300w, http:\/\/www.rockpixx.com\/wordpress\/wp-content\/uploads\/2025\/07\/20259718-03-025-768x512.jpg 768w, http:\/\/www.rockpixx.com\/wordpress\/wp-content\/uploads\/2025\/07\/20259718-03-025-900x600.jpg 900w, http:\/\/www.rockpixx.com\/wordpress\/wp-content\/uploads\/2025\/07\/20259718-03-025-924x616.jpg 924w, http:\/\/www.rockpixx.com\/wordpress\/wp-content\/uploads\/2025\/07\/20259718-03-025.jpg 1200w\" sizes=\"auto, (max-width: 1024px) 100vw, 1024px\" \/><\/figure>\n\n\n\n<figure class=\"wp-block-image size-large\"><img loading=\"lazy\" decoding=\"async\" width=\"1024\" height=\"683\" data-attachment-id=\"23030\" data-permalink=\"http:\/\/www.rockpixx.com\/wordpress\/80s90s-band-18-07-2025-eggebek-shelter-festival-2025-7\/\" data-orig-file=\"http:\/\/www.rockpixx.com\/wordpress\/wp-content\/uploads\/2025\/07\/20259718-03-027.jpg\" data-orig-size=\"1200,800\" data-comments-opened=\"0\" data-image-meta=\"{&quot;aperture&quot;:&quot;0&quot;,&quot;credit&quot;:&quot;rockpixx.com | A. Hahl&quot;,&quot;camera&quot;:&quot;&quot;,&quot;caption&quot;:&quot;80s90s Band, 18.07.2025, Eggebek, Shelter Festival 2025&quot;,&quot;created_timestamp&quot;:&quot;1752861801&quot;,&quot;copyright&quot;:&quot;rockpixx.com | A. Hahl&quot;,&quot;focal_length&quot;:&quot;0&quot;,&quot;iso&quot;:&quot;0&quot;,&quot;shutter_speed&quot;:&quot;0&quot;,&quot;title&quot;:&quot;80s90s Band, 18.07.2025, Eggebek, Shelter Festival 2025&quot;,&quot;orientation&quot;:&quot;0&quot;}\" data-image-title=\"80s90s Band, 18.07.2025, Eggebek, Shelter Festival 2025\" data-image-description=\"&lt;p&gt;80s90s Band, 18.07.2025, Eggebek, Shelter Festival 2025&lt;\/p&gt;\n\" data-image-caption=\"\" data-large-file=\"http:\/\/www.rockpixx.com\/wordpress\/wp-content\/uploads\/2025\/07\/20259718-03-027-1024x683.jpg\" data-id=\"23030\" src=\"http:\/\/www.rockpixx.com\/wordpress\/wp-content\/uploads\/2025\/07\/20259718-03-027-1024x683.jpg\" alt=\"80s90s Band, 18.07.2025, Eggebek, Shelter Festival 2025\" class=\"wp-image-23030\" srcset=\"http:\/\/www.rockpixx.com\/wordpress\/wp-content\/uploads\/2025\/07\/20259718-03-027-1024x683.jpg 1024w, http:\/\/www.rockpixx.com\/wordpress\/wp-content\/uploads\/2025\/07\/20259718-03-027-300x200.jpg 300w, http:\/\/www.rockpixx.com\/wordpress\/wp-content\/uploads\/2025\/07\/20259718-03-027-768x512.jpg 768w, http:\/\/www.rockpixx.com\/wordpress\/wp-content\/uploads\/2025\/07\/20259718-03-027-900x600.jpg 900w, http:\/\/www.rockpixx.com\/wordpress\/wp-content\/uploads\/2025\/07\/20259718-03-027-924x616.jpg 924w, http:\/\/www.rockpixx.com\/wordpress\/wp-content\/uploads\/2025\/07\/20259718-03-027.jpg 1200w\" sizes=\"auto, (max-width: 1024px) 100vw, 1024px\" \/><\/figure>\n\n\n\n<figure class=\"wp-block-image size-large\"><img loading=\"lazy\" decoding=\"async\" width=\"1024\" height=\"683\" data-attachment-id=\"23031\" data-permalink=\"http:\/\/www.rockpixx.com\/wordpress\/80s90s-band-18-07-2025-eggebek-shelter-festival-2025-8\/\" data-orig-file=\"http:\/\/www.rockpixx.com\/wordpress\/wp-content\/uploads\/2025\/07\/20259718-03-032.jpg\" data-orig-size=\"1200,800\" data-comments-opened=\"0\" data-image-meta=\"{&quot;aperture&quot;:&quot;0&quot;,&quot;credit&quot;:&quot;rockpixx.com | A. Hahl&quot;,&quot;camera&quot;:&quot;&quot;,&quot;caption&quot;:&quot;80s90s Band, 18.07.2025, Eggebek, Shelter Festival 2025&quot;,&quot;created_timestamp&quot;:&quot;1752861813&quot;,&quot;copyright&quot;:&quot;rockpixx.com | A. Hahl&quot;,&quot;focal_length&quot;:&quot;0&quot;,&quot;iso&quot;:&quot;0&quot;,&quot;shutter_speed&quot;:&quot;0&quot;,&quot;title&quot;:&quot;80s90s Band, 18.07.2025, Eggebek, Shelter Festival 2025&quot;,&quot;orientation&quot;:&quot;0&quot;}\" data-image-title=\"80s90s Band, 18.07.2025, Eggebek, Shelter Festival 2025\" data-image-description=\"&lt;p&gt;80s90s Band, 18.07.2025, Eggebek, Shelter Festival 2025&lt;\/p&gt;\n\" data-image-caption=\"\" data-large-file=\"http:\/\/www.rockpixx.com\/wordpress\/wp-content\/uploads\/2025\/07\/20259718-03-032-1024x683.jpg\" data-id=\"23031\" src=\"http:\/\/www.rockpixx.com\/wordpress\/wp-content\/uploads\/2025\/07\/20259718-03-032-1024x683.jpg\" alt=\"80s90s Band, 18.07.2025, Eggebek, Shelter Festival 2025\" class=\"wp-image-23031\" srcset=\"http:\/\/www.rockpixx.com\/wordpress\/wp-content\/uploads\/2025\/07\/20259718-03-032-1024x683.jpg 1024w, http:\/\/www.rockpixx.com\/wordpress\/wp-content\/uploads\/2025\/07\/20259718-03-032-300x200.jpg 300w, http:\/\/www.rockpixx.com\/wordpress\/wp-content\/uploads\/2025\/07\/20259718-03-032-768x512.jpg 768w, http:\/\/www.rockpixx.com\/wordpress\/wp-content\/uploads\/2025\/07\/20259718-03-032-900x600.jpg 900w, http:\/\/www.rockpixx.com\/wordpress\/wp-content\/uploads\/2025\/07\/20259718-03-032-924x616.jpg 924w, http:\/\/www.rockpixx.com\/wordpress\/wp-content\/uploads\/2025\/07\/20259718-03-032.jpg 1200w\" sizes=\"auto, (max-width: 1024px) 100vw, 1024px\" \/><\/figure>\n\n\n\n<figure class=\"wp-block-image size-large\"><img loading=\"lazy\" decoding=\"async\" width=\"1024\" height=\"683\" data-attachment-id=\"23032\" data-permalink=\"http:\/\/www.rockpixx.com\/wordpress\/80s90s-band-18-07-2025-eggebek-shelter-festival-2025-9\/\" data-orig-file=\"http:\/\/www.rockpixx.com\/wordpress\/wp-content\/uploads\/2025\/07\/20259718-03-033.jpg\" data-orig-size=\"1200,800\" data-comments-opened=\"0\" data-image-meta=\"{&quot;aperture&quot;:&quot;0&quot;,&quot;credit&quot;:&quot;rockpixx.com | A. Hahl&quot;,&quot;camera&quot;:&quot;&quot;,&quot;caption&quot;:&quot;80s90s Band, 18.07.2025, Eggebek, Shelter Festival 2025&quot;,&quot;created_timestamp&quot;:&quot;1752861826&quot;,&quot;copyright&quot;:&quot;rockpixx.com | A. Hahl&quot;,&quot;focal_length&quot;:&quot;0&quot;,&quot;iso&quot;:&quot;0&quot;,&quot;shutter_speed&quot;:&quot;0&quot;,&quot;title&quot;:&quot;80s90s Band, 18.07.2025, Eggebek, Shelter Festival 2025&quot;,&quot;orientation&quot;:&quot;0&quot;}\" data-image-title=\"80s90s Band, 18.07.2025, Eggebek, Shelter Festival 2025\" data-image-description=\"&lt;p&gt;80s90s Band, 18.07.2025, Eggebek, Shelter Festival 2025&lt;\/p&gt;\n\" data-image-caption=\"\" data-large-file=\"http:\/\/www.rockpixx.com\/wordpress\/wp-content\/uploads\/2025\/07\/20259718-03-033-1024x683.jpg\" data-id=\"23032\" src=\"http:\/\/www.rockpixx.com\/wordpress\/wp-content\/uploads\/2025\/07\/20259718-03-033-1024x683.jpg\" alt=\"80s90s Band, 18.07.2025, Eggebek, Shelter Festival 2025\" class=\"wp-image-23032\" srcset=\"http:\/\/www.rockpixx.com\/wordpress\/wp-content\/uploads\/2025\/07\/20259718-03-033-1024x683.jpg 1024w, http:\/\/www.rockpixx.com\/wordpress\/wp-content\/uploads\/2025\/07\/20259718-03-033-300x200.jpg 300w, http:\/\/www.rockpixx.com\/wordpress\/wp-content\/uploads\/2025\/07\/20259718-03-033-768x512.jpg 768w, http:\/\/www.rockpixx.com\/wordpress\/wp-content\/uploads\/2025\/07\/20259718-03-033-900x600.jpg 900w, http:\/\/www.rockpixx.com\/wordpress\/wp-content\/uploads\/2025\/07\/20259718-03-033-924x616.jpg 924w, http:\/\/www.rockpixx.com\/wordpress\/wp-content\/uploads\/2025\/07\/20259718-03-033.jpg 1200w\" sizes=\"auto, (max-width: 1024px) 100vw, 1024px\" \/><\/figure>\n\n\n\n<figure class=\"wp-block-image size-large\"><img loading=\"lazy\" decoding=\"async\" width=\"1024\" height=\"683\" data-attachment-id=\"23033\" data-permalink=\"http:\/\/www.rockpixx.com\/wordpress\/80s90s-band-18-07-2025-eggebek-shelter-festival-2025-10\/\" data-orig-file=\"http:\/\/www.rockpixx.com\/wordpress\/wp-content\/uploads\/2025\/07\/20259718-03-038.jpg\" data-orig-size=\"1200,800\" data-comments-opened=\"0\" data-image-meta=\"{&quot;aperture&quot;:&quot;0&quot;,&quot;credit&quot;:&quot;rockpixx.com | A. Hahl&quot;,&quot;camera&quot;:&quot;&quot;,&quot;caption&quot;:&quot;80s90s Band, 18.07.2025, Eggebek, Shelter Festival 2025&quot;,&quot;created_timestamp&quot;:&quot;1752861871&quot;,&quot;copyright&quot;:&quot;rockpixx.com | A. Hahl&quot;,&quot;focal_length&quot;:&quot;0&quot;,&quot;iso&quot;:&quot;0&quot;,&quot;shutter_speed&quot;:&quot;0&quot;,&quot;title&quot;:&quot;80s90s Band, 18.07.2025, Eggebek, Shelter Festival 2025&quot;,&quot;orientation&quot;:&quot;0&quot;}\" data-image-title=\"80s90s Band, 18.07.2025, Eggebek, Shelter Festival 2025\" data-image-description=\"&lt;p&gt;80s90s Band, 18.07.2025, Eggebek, Shelter Festival 2025&lt;\/p&gt;\n\" data-image-caption=\"\" data-large-file=\"http:\/\/www.rockpixx.com\/wordpress\/wp-content\/uploads\/2025\/07\/20259718-03-038-1024x683.jpg\" data-id=\"23033\" src=\"http:\/\/www.rockpixx.com\/wordpress\/wp-content\/uploads\/2025\/07\/20259718-03-038-1024x683.jpg\" alt=\"80s90s Band, 18.07.2025, Eggebek, Shelter Festival 2025\" class=\"wp-image-23033\" srcset=\"http:\/\/www.rockpixx.com\/wordpress\/wp-content\/uploads\/2025\/07\/20259718-03-038-1024x683.jpg 1024w, http:\/\/www.rockpixx.com\/wordpress\/wp-content\/uploads\/2025\/07\/20259718-03-038-300x200.jpg 300w, http:\/\/www.rockpixx.com\/wordpress\/wp-content\/uploads\/2025\/07\/20259718-03-038-768x512.jpg 768w, http:\/\/www.rockpixx.com\/wordpress\/wp-content\/uploads\/2025\/07\/20259718-03-038-900x600.jpg 900w, http:\/\/www.rockpixx.com\/wordpress\/wp-content\/uploads\/2025\/07\/20259718-03-038-924x616.jpg 924w, http:\/\/www.rockpixx.com\/wordpress\/wp-content\/uploads\/2025\/07\/20259718-03-038.jpg 1200w\" sizes=\"auto, (max-width: 1024px) 100vw, 1024px\" \/><\/figure>\n\n\n\n<figure class=\"wp-block-image size-large\"><img loading=\"lazy\" decoding=\"async\" width=\"1024\" height=\"683\" data-attachment-id=\"23034\" data-permalink=\"http:\/\/www.rockpixx.com\/wordpress\/80s90s-band-18-07-2025-eggebek-shelter-festival-2025-11\/\" data-orig-file=\"http:\/\/www.rockpixx.com\/wordpress\/wp-content\/uploads\/2025\/07\/20259718-03-042.jpg\" data-orig-size=\"1200,800\" data-comments-opened=\"0\" data-image-meta=\"{&quot;aperture&quot;:&quot;0&quot;,&quot;credit&quot;:&quot;rockpixx.com | A. Hahl&quot;,&quot;camera&quot;:&quot;&quot;,&quot;caption&quot;:&quot;80s90s Band, 18.07.2025, Eggebek, Shelter Festival 2025&quot;,&quot;created_timestamp&quot;:&quot;1752861914&quot;,&quot;copyright&quot;:&quot;rockpixx.com | A. Hahl&quot;,&quot;focal_length&quot;:&quot;0&quot;,&quot;iso&quot;:&quot;0&quot;,&quot;shutter_speed&quot;:&quot;0&quot;,&quot;title&quot;:&quot;80s90s Band, 18.07.2025, Eggebek, Shelter Festival 2025&quot;,&quot;orientation&quot;:&quot;0&quot;}\" data-image-title=\"80s90s Band, 18.07.2025, Eggebek, Shelter Festival 2025\" data-image-description=\"&lt;p&gt;80s90s Band, 18.07.2025, Eggebek, Shelter Festival 2025&lt;\/p&gt;\n\" data-image-caption=\"\" data-large-file=\"http:\/\/www.rockpixx.com\/wordpress\/wp-content\/uploads\/2025\/07\/20259718-03-042-1024x683.jpg\" data-id=\"23034\" src=\"http:\/\/www.rockpixx.com\/wordpress\/wp-content\/uploads\/2025\/07\/20259718-03-042-1024x683.jpg\" alt=\"80s90s Band, 18.07.2025, Eggebek, Shelter Festival 2025\" class=\"wp-image-23034\" srcset=\"http:\/\/www.rockpixx.com\/wordpress\/wp-content\/uploads\/2025\/07\/20259718-03-042-1024x683.jpg 1024w, http:\/\/www.rockpixx.com\/wordpress\/wp-content\/uploads\/2025\/07\/20259718-03-042-300x200.jpg 300w, http:\/\/www.rockpixx.com\/wordpress\/wp-content\/uploads\/2025\/07\/20259718-03-042-768x512.jpg 768w, http:\/\/www.rockpixx.com\/wordpress\/wp-content\/uploads\/2025\/07\/20259718-03-042-900x600.jpg 900w, http:\/\/www.rockpixx.com\/wordpress\/wp-content\/uploads\/2025\/07\/20259718-03-042-924x616.jpg 924w, http:\/\/www.rockpixx.com\/wordpress\/wp-content\/uploads\/2025\/07\/20259718-03-042.jpg 1200w\" sizes=\"auto, (max-width: 1024px) 100vw, 1024px\" \/><\/figure>\n\n\n\n<figure class=\"wp-block-image size-large\"><img loading=\"lazy\" decoding=\"async\" width=\"1024\" height=\"683\" data-attachment-id=\"23035\" data-permalink=\"http:\/\/www.rockpixx.com\/wordpress\/80s90s-band-18-07-2025-eggebek-shelter-festival-2025-12\/\" data-orig-file=\"http:\/\/www.rockpixx.com\/wordpress\/wp-content\/uploads\/2025\/07\/20259718-03-052.jpg\" data-orig-size=\"1200,800\" data-comments-opened=\"0\" data-image-meta=\"{&quot;aperture&quot;:&quot;0&quot;,&quot;credit&quot;:&quot;rockpixx.com | A. Hahl&quot;,&quot;camera&quot;:&quot;&quot;,&quot;caption&quot;:&quot;80s90s Band, 18.07.2025, Eggebek, Shelter Festival 2025&quot;,&quot;created_timestamp&quot;:&quot;1752862047&quot;,&quot;copyright&quot;:&quot;rockpixx.com | A. Hahl&quot;,&quot;focal_length&quot;:&quot;0&quot;,&quot;iso&quot;:&quot;0&quot;,&quot;shutter_speed&quot;:&quot;0&quot;,&quot;title&quot;:&quot;80s90s Band, 18.07.2025, Eggebek, Shelter Festival 2025&quot;,&quot;orientation&quot;:&quot;0&quot;}\" data-image-title=\"80s90s Band, 18.07.2025, Eggebek, Shelter Festival 2025\" data-image-description=\"&lt;p&gt;80s90s Band, 18.07.2025, Eggebek, Shelter Festival 2025&lt;\/p&gt;\n\" data-image-caption=\"\" data-large-file=\"http:\/\/www.rockpixx.com\/wordpress\/wp-content\/uploads\/2025\/07\/20259718-03-052-1024x683.jpg\" data-id=\"23035\" src=\"http:\/\/www.rockpixx.com\/wordpress\/wp-content\/uploads\/2025\/07\/20259718-03-052-1024x683.jpg\" alt=\"80s90s Band, 18.07.2025, Eggebek, Shelter Festival 2025\" class=\"wp-image-23035\" srcset=\"http:\/\/www.rockpixx.com\/wordpress\/wp-content\/uploads\/2025\/07\/20259718-03-052-1024x683.jpg 1024w, http:\/\/www.rockpixx.com\/wordpress\/wp-content\/uploads\/2025\/07\/20259718-03-052-300x200.jpg 300w, http:\/\/www.rockpixx.com\/wordpress\/wp-content\/uploads\/2025\/07\/20259718-03-052-768x512.jpg 768w, http:\/\/www.rockpixx.com\/wordpress\/wp-content\/uploads\/2025\/07\/20259718-03-052-900x600.jpg 900w, http:\/\/www.rockpixx.com\/wordpress\/wp-content\/uploads\/2025\/07\/20259718-03-052-924x616.jpg 924w, http:\/\/www.rockpixx.com\/wordpress\/wp-content\/uploads\/2025\/07\/20259718-03-052.jpg 1200w\" sizes=\"auto, (max-width: 1024px) 100vw, 1024px\" \/><\/figure>\n<\/figure>\n\n\n\n<p><\/p>\n\n\n\n<p class=\"has-text-align-right\">Fotos: <a href=\"mailto:info@rockpixx.com?subject=We%20Salute%20You,%20Jahrhunderthalle,%20Frankfurt,%2030.12.2018\">Alex<\/a> | Text: <a href=\"mailto:info@rockpixx.com?subject=We%20Salute%20You,%20Jahrhunderthalle,%20Frankfurt,%2030.12.2018\">Alex<\/a><\/p>\n","protected":false},"excerpt":{"rendered":"<p>Zwei S\u00e4ngerinnen, ein S\u00e4nger unterst\u00fctzt von Keyboards, Gitarre, Bass und Drums legen los mit all den Hits, die einem sofort wieder ins Ohr pl\u00e4tschern und denen man sich schon damals in den 1980ern bzw. 1990ern nicht entziehen konnte.<\/p>\n","protected":false},"author":3,"featured_media":23026,"comment_status":"closed","ping_status":"closed","sticky":false,"template":"","format":"standard","meta":{"_jetpack_memberships_contains_paid_content":false,"footnotes":"","jetpack_publicize_message":"","jetpack_publicize_feature_enabled":false,"jetpack_social_post_already_shared":true,"jetpack_social_options":{"image_generator_settings":{"template":"highway","default_image_id":0,"font":"","enabled":false},"version":2}},"categories":[2617,34],"tags":[2614,2622,2619,2621],"class_list":["post-23021","post","type-post","status-publish","format-standard","has-post-thumbnail","hentry","category-80s90s-band","category-acts","tag-2614","tag-80s90s-band","tag-eggebek","tag-shelter-festival"],"aioseo_notices":[],"jetpack_publicize_connections":[],"jetpack_featured_media_url":"http:\/\/www.rockpixx.com\/wordpress\/wp-content\/uploads\/2025\/07\/20259718-03-017.jpg","jetpack-related-posts":[{"id":22997,"url":"http:\/\/www.rockpixx.com\/wordpress\/the-zac-schulze-gang-18-07-2025-eggebek-shelter-festival\/","url_meta":{"origin":23021,"position":0},"title":"The Zac Schulze Gang, 18.07.2025, Eggebek, Shelter Festival","author":"A. Hahl","date":"22. Juli 2025","format":false,"excerpt":"\u201eThe Zac Schulze Gang\u201c war angek\u00fcndigt und vor mir agierten drei relativ junge Musiker aus Gro\u00dfbritannien, die mit Gitarre, Bass und Drums ein ordentliches energiegeladenes Soundgewitter ablieferten.","rel":"","context":"In &quot;Acts&quot;","block_context":{"text":"Acts","link":"http:\/\/www.rockpixx.com\/wordpress\/category\/acts\/"},"img":{"alt_text":"The Zac Schulze Gang, 18.07.2025, Eggebek, Shelter Festival 2025","src":"https:\/\/i0.wp.com\/www.rockpixx.com\/wordpress\/wp-content\/uploads\/2025\/07\/20259718-01-014.jpg?resize=350%2C200","width":350,"height":200,"srcset":"https:\/\/i0.wp.com\/www.rockpixx.com\/wordpress\/wp-content\/uploads\/2025\/07\/20259718-01-014.jpg?resize=350%2C200 1x, https:\/\/i0.wp.com\/www.rockpixx.com\/wordpress\/wp-content\/uploads\/2025\/07\/20259718-01-014.jpg?resize=525%2C300 1.5x, https:\/\/i0.wp.com\/www.rockpixx.com\/wordpress\/wp-content\/uploads\/2025\/07\/20259718-01-014.jpg?resize=700%2C400 2x, https:\/\/i0.wp.com\/www.rockpixx.com\/wordpress\/wp-content\/uploads\/2025\/07\/20259718-01-014.jpg?resize=1050%2C600 3x"},"classes":[]},{"id":23008,"url":"http:\/\/www.rockpixx.com\/wordpress\/bon-scott-18-07-2025-eggebek-shelter-festival\/","url_meta":{"origin":23021,"position":1},"title":"Bon Scott, 18.07.2025, Eggebek, Shelter Festival","author":"A. Hahl","date":"22. Juli 2025","format":false,"excerpt":"2008, 2012 und jetzt nach 13 Jahren Pause wieder einmal: AC\/DC \u201eclassic\u201c von \u201eBon Scott\u201c (fr\u00fcher hatten sie noch \u201eTributeband\u201c im Namen, jetzt nicht mehr). Aber wenn man die Jungs auf der B\u00fchne erlebt, ist ohnehin klar, was dort gerade gespielt wird.","rel":"","context":"In &quot;AC\/DC&quot;","block_context":{"text":"AC\/DC","link":"http:\/\/www.rockpixx.com\/wordpress\/category\/acts\/tributebands\/acdc\/"},"img":{"alt_text":"Bon Scott, 18.07.2025, Eggebek, Shelter Festival 2025","src":"https:\/\/i0.wp.com\/www.rockpixx.com\/wordpress\/wp-content\/uploads\/2025\/07\/20259718-02-025.jpg?resize=350%2C200","width":350,"height":200,"srcset":"https:\/\/i0.wp.com\/www.rockpixx.com\/wordpress\/wp-content\/uploads\/2025\/07\/20259718-02-025.jpg?resize=350%2C200 1x, https:\/\/i0.wp.com\/www.rockpixx.com\/wordpress\/wp-content\/uploads\/2025\/07\/20259718-02-025.jpg?resize=525%2C300 1.5x, https:\/\/i0.wp.com\/www.rockpixx.com\/wordpress\/wp-content\/uploads\/2025\/07\/20259718-02-025.jpg?resize=700%2C400 2x, https:\/\/i0.wp.com\/www.rockpixx.com\/wordpress\/wp-content\/uploads\/2025\/07\/20259718-02-025.jpg?resize=1050%2C600 3x"},"classes":[]},{"id":23110,"url":"http:\/\/www.rockpixx.com\/wordpress\/illegal-2001-19-07-2025-eggebek-shelter-festival\/","url_meta":{"origin":23021,"position":2},"title":"Illegal 2001, 19.07.2025, Eggebek, Shelter Festival","author":"A. Hahl","date":"23. Juli 2025","format":false,"excerpt":"Zum bereits sechsten Mal habe ich die \u201eLokalmatadoren\u201c von \u201eIllegal 2001\u201c vor meinen Kameras und ich wei\u00df jetzt schon, dass wieder ein kompletter Slot voller Spa\u00df und ausgelassener Freude auf und vor der B\u00fchne zu erwarten ist.","rel":"","context":"In &quot;Acts&quot;","block_context":{"text":"Acts","link":"http:\/\/www.rockpixx.com\/wordpress\/category\/acts\/"},"img":{"alt_text":"Illegal 2001, 19.07.2025, Eggebek, Shelter Festival 2025","src":"https:\/\/i0.wp.com\/www.rockpixx.com\/wordpress\/wp-content\/uploads\/2025\/07\/20250719-02-056.jpg?resize=350%2C200","width":350,"height":200,"srcset":"https:\/\/i0.wp.com\/www.rockpixx.com\/wordpress\/wp-content\/uploads\/2025\/07\/20250719-02-056.jpg?resize=350%2C200 1x, https:\/\/i0.wp.com\/www.rockpixx.com\/wordpress\/wp-content\/uploads\/2025\/07\/20250719-02-056.jpg?resize=525%2C300 1.5x, https:\/\/i0.wp.com\/www.rockpixx.com\/wordpress\/wp-content\/uploads\/2025\/07\/20250719-02-056.jpg?resize=700%2C400 2x, https:\/\/i0.wp.com\/www.rockpixx.com\/wordpress\/wp-content\/uploads\/2025\/07\/20250719-02-056.jpg?resize=1050%2C600 3x"},"classes":[]},{"id":23039,"url":"http:\/\/www.rockpixx.com\/wordpress\/centurys-crime-18-07-2025-eggebek-shelter-festival\/","url_meta":{"origin":23021,"position":3},"title":"Century&#8217;s Crime, 18.07.2025, Eggebek, Shelter Festival","author":"A. Hahl","date":"22. Juli 2025","format":false,"excerpt":"Und dann kam mein pers\u00f6nliches Highlight des Freitags: \u201eCentury\u2019s Crime\u201c auf der B\u00fchne. Wie der Name schon vermuten l\u00e4sst, gibt es von dieser Band die Musik von Supertramp \u2013 und zwar vom Feinsten.","rel":"","context":"In &quot;Acts&quot;","block_context":{"text":"Acts","link":"http:\/\/www.rockpixx.com\/wordpress\/category\/acts\/"},"img":{"alt_text":"Century's Crime, 18.07.2025, Eggebek, Shelter Festival 2025","src":"https:\/\/i0.wp.com\/www.rockpixx.com\/wordpress\/wp-content\/uploads\/2025\/07\/20250718-04-084.jpg?resize=350%2C200","width":350,"height":200,"srcset":"https:\/\/i0.wp.com\/www.rockpixx.com\/wordpress\/wp-content\/uploads\/2025\/07\/20250718-04-084.jpg?resize=350%2C200 1x, https:\/\/i0.wp.com\/www.rockpixx.com\/wordpress\/wp-content\/uploads\/2025\/07\/20250718-04-084.jpg?resize=525%2C300 1.5x, https:\/\/i0.wp.com\/www.rockpixx.com\/wordpress\/wp-content\/uploads\/2025\/07\/20250718-04-084.jpg?resize=700%2C400 2x, https:\/\/i0.wp.com\/www.rockpixx.com\/wordpress\/wp-content\/uploads\/2025\/07\/20250718-04-084.jpg?resize=1050%2C600 3x"},"classes":[]},{"id":23143,"url":"http:\/\/www.rockpixx.com\/wordpress\/extrabreit-19-07-2025-eggebek-shelter-festival\/","url_meta":{"origin":23021,"position":4},"title":"Extrabreit, 19.07.2025, Eggebek, Shelter Festival","author":"A. Hahl","date":"24. Juli 2025","format":false,"excerpt":"Auch \u201eExtrabreit\u201c fotografiere ich nicht zum ersten Mal, vor ziemlich genau 10 Jahren hatte ich sie schon einmal live auf der \u201eKieler Woche\u201c erleben d\u00fcrfen. Und damalsTM wie heute bin ich wieder schwer begeistert von der Energie, die diese Band verspr\u00fcht.","rel":"","context":"In &quot;Acts&quot;","block_context":{"text":"Acts","link":"http:\/\/www.rockpixx.com\/wordpress\/category\/acts\/"},"img":{"alt_text":"Extrabreit, 19.07.2025, Eggebek, Shelter Festival 2025","src":"https:\/\/i0.wp.com\/www.rockpixx.com\/wordpress\/wp-content\/uploads\/2025\/07\/20250719-04-029.jpg?resize=350%2C200","width":350,"height":200,"srcset":"https:\/\/i0.wp.com\/www.rockpixx.com\/wordpress\/wp-content\/uploads\/2025\/07\/20250719-04-029.jpg?resize=350%2C200 1x, https:\/\/i0.wp.com\/www.rockpixx.com\/wordpress\/wp-content\/uploads\/2025\/07\/20250719-04-029.jpg?resize=525%2C300 1.5x, https:\/\/i0.wp.com\/www.rockpixx.com\/wordpress\/wp-content\/uploads\/2025\/07\/20250719-04-029.jpg?resize=700%2C400 2x, https:\/\/i0.wp.com\/www.rockpixx.com\/wordpress\/wp-content\/uploads\/2025\/07\/20250719-04-029.jpg?resize=1050%2C600 3x"},"classes":[]},{"id":23155,"url":"http:\/\/www.rockpixx.com\/wordpress\/jbo-19-07-2025-eggebek-shelter-festival\/","url_meta":{"origin":23021,"position":5},"title":"J.B.O., 19.07.2025, Eggebek, Shelter Festival","author":"A. Hahl","date":"24. Juli 2025","format":false,"excerpt":"Der Headliner und Abschluss des diesj\u00e4hrigen \u201eShelter Festivals\u201c kommt in Pink und lautstark daher. Vor der B\u00fchne haben noch einmal alle nach zweieinhalb (Feier-)Tagen ihre letzten Kraftreserven mobilisiert und lassen die Party zu den Kl\u00e4ngen von \u201eJ.B.O.\u201c ausklingen.","rel":"","context":"In &quot;Acts&quot;","block_context":{"text":"Acts","link":"http:\/\/www.rockpixx.com\/wordpress\/category\/acts\/"},"img":{"alt_text":"J.B.O., 19.07.2025, Eggebek, Shelter Festival 2025","src":"https:\/\/i0.wp.com\/www.rockpixx.com\/wordpress\/wp-content\/uploads\/2025\/07\/20250719-05-042.jpg?resize=350%2C200","width":350,"height":200,"srcset":"https:\/\/i0.wp.com\/www.rockpixx.com\/wordpress\/wp-content\/uploads\/2025\/07\/20250719-05-042.jpg?resize=350%2C200 1x, https:\/\/i0.wp.com\/www.rockpixx.com\/wordpress\/wp-content\/uploads\/2025\/07\/20250719-05-042.jpg?resize=525%2C300 1.5x, https:\/\/i0.wp.com\/www.rockpixx.com\/wordpress\/wp-content\/uploads\/2025\/07\/20250719-05-042.jpg?resize=700%2C400 2x, https:\/\/i0.wp.com\/www.rockpixx.com\/wordpress\/wp-content\/uploads\/2025\/07\/20250719-05-042.jpg?resize=1050%2C600 3x"},"classes":[]}],"jetpack_sharing_enabled":true,"publishpress_future_action":{"enabled":false,"date":"2026-05-08 14:35:08","action":"change-status","newStatus":"draft","terms":[],"taxonomy":"category","extraData":[]},"publishpress_future_workflow_manual_trigger":{"enabledWorkflows":[]},"_links":{"self":[{"href":"http:\/\/www.rockpixx.com\/wordpress\/wp-json\/wp\/v2\/posts\/23021","targetHints":{"allow":["GET"]}}],"collection":[{"href":"http:\/\/www.rockpixx.com\/wordpress\/wp-json\/wp\/v2\/posts"}],"about":[{"href":"http:\/\/www.rockpixx.com\/wordpress\/wp-json\/wp\/v2\/types\/post"}],"author":[{"embeddable":true,"href":"http:\/\/www.rockpixx.com\/wordpress\/wp-json\/wp\/v2\/users\/3"}],"replies":[{"embeddable":true,"href":"http:\/\/www.rockpixx.com\/wordpress\/wp-json\/wp\/v2\/comments?post=23021"}],"version-history":[{"count":3,"href":"http:\/\/www.rockpixx.com\/wordpress\/wp-json\/wp\/v2\/posts\/23021\/revisions"}],"predecessor-version":[{"id":23038,"href":"http:\/\/www.rockpixx.com\/wordpress\/wp-json\/wp\/v2\/posts\/23021\/revisions\/23038"}],"wp:featuredmedia":[{"embeddable":true,"href":"http:\/\/www.rockpixx.com\/wordpress\/wp-json\/wp\/v2\/media\/23026"}],"wp:attachment":[{"href":"http:\/\/www.rockpixx.com\/wordpress\/wp-json\/wp\/v2\/media?parent=23021"}],"wp:term":[{"taxonomy":"category","embeddable":true,"href":"http:\/\/www.rockpixx.com\/wordpress\/wp-json\/wp\/v2\/categories?post=23021"},{"taxonomy":"post_tag","embeddable":true,"href":"http:\/\/www.rockpixx.com\/wordpress\/wp-json\/wp\/v2\/tags?post=23021"}],"curies":[{"name":"wp","href":"https:\/\/api.w.org\/{rel}","templated":true}]}}