{"id":23087,"date":"2025-07-23T13:06:16","date_gmt":"2025-07-23T12:06:16","guid":{"rendered":"http:\/\/www.rockpixx.com\/wordpress\/?p=23087"},"modified":"2025-07-23T13:17:27","modified_gmt":"2025-07-23T12:17:27","slug":"paso-doble-19-07-2025-eggebek-shelter-festival","status":"publish","type":"post","link":"http:\/\/www.rockpixx.com\/wordpress\/paso-doble-19-07-2025-eggebek-shelter-festival\/","title":{"rendered":"Paso Doble, 19.07.2025, Eggebek, Shelter Festival"},"content":{"rendered":"\n<p>Zu Beginn des Sonnabends hatte ich bei \u201ePaso Doble\u201c nat\u00fcrlich die bekannten Songs wie \u201eComputerliebe\u201c und \u201eHerz an Herz\u201c erwartet \u2013 und ansonsten \u2026? Gro\u00dfes Fragezeichen bei mir plus den Hinweis im Programmtext, der da lautete \u201eHalb-Playback\u201c. Also gut: Ab in den Graben und \u00fcberraschen lassen \u2026<\/p>\n\n\n\n<!--more-->\n\n\n\n<p>Und ich wurde \u00fcberrascht, und zwar sehr angenehm. Neben eigenen (bekannten und unbekannten sowie alten und neuen) Songs, ert\u00f6nten viele bekannte Hits aus NDW- und anderen Zeiten in einem v\u00f6llig neuen Sound: Sehr modern, sehr intensiv und mit viel Gesp\u00fcr f\u00fcr die Charakteristik des jeweiligen Songs neu arrangiert und performt. Ob es nun \u201eCodo\u201c von D\u00d6F, \u201eIch will Spa\u00df\u201c von <a href=\"http:\/\/www.rockpixx.com\/wordpress\/category\/acts\/markus\/\" title=\"\">Markus<\/a> oder \u201eDein ist mein ganzes Herz\u201c von <a href=\"http:\/\/www.rockpixx.com\/wordpress\/tag\/heinz-rudolf-kunze\/\" title=\"\">Heinz Rudolf Kunze<\/a> war. Alles klang irgendwie frisch und zeitgem\u00e4\u00df. Ganz ehrlich: Ich war ziemlich angetan von Rale und Frank \u2013 auch ein kurzfristiger Ausfall der Technik konnte daran nichts \u00e4ndern. Und was das Halb-Playback betrifft: Warum nicht, wenn es offen kommuniziert wird, dann ist das doch ok \u2013 f\u00fcr den Sound h\u00e4tten ansonsten mehrere Musiker plus Background-S\u00e4ngerinnen auf der B\u00fchne stehen m\u00fcssen.<\/p>\n\n\n\n<p>Fazit: \u201ePaso Doble\u201c gibt es nach 40 Jahren immer noch in der Original-Besetzung und sie haben sich der ver\u00e4nderten Zeit angepasst, ohne sich zu verleugnen und ohne sich dieser neuen Zeit anbiedern zu wollen.<\/p>\n\n\n\n<p> <\/p>\n\n\n\n<figure class=\"wp-block-gallery has-nested-images columns-default is-cropped wp-block-gallery-1 is-layout-flex wp-block-gallery-is-layout-flex\">\n<figure class=\"wp-block-image size-large\"><img loading=\"lazy\" decoding=\"async\" width=\"1024\" height=\"683\" data-attachment-id=\"23078\" data-permalink=\"http:\/\/www.rockpixx.com\/wordpress\/paso-doble-19-07-2025-eggebek-shelter-festival-2025\/\" data-orig-file=\"http:\/\/www.rockpixx.com\/wordpress\/wp-content\/uploads\/2025\/07\/20250719-01-001.jpg\" data-orig-size=\"1200,800\" data-comments-opened=\"0\" data-image-meta=\"{&quot;aperture&quot;:&quot;0&quot;,&quot;credit&quot;:&quot;rockpixx.com | A. Hahl&quot;,&quot;camera&quot;:&quot;&quot;,&quot;caption&quot;:&quot;Paso Doble, 19.07.2025, Eggebek, Shelter Festival 2025&quot;,&quot;created_timestamp&quot;:&quot;1752931832&quot;,&quot;copyright&quot;:&quot;rockpixx.com | A. Hahl&quot;,&quot;focal_length&quot;:&quot;0&quot;,&quot;iso&quot;:&quot;0&quot;,&quot;shutter_speed&quot;:&quot;0&quot;,&quot;title&quot;:&quot;Paso Doble, 19.07.2025, Eggebek, Shelter Festival 2025&quot;,&quot;orientation&quot;:&quot;0&quot;}\" data-image-title=\"Paso Doble, 19.07.2025, Eggebek, Shelter Festival 2025\" data-image-description=\"&lt;p&gt;Paso Doble, 19.07.2025, Eggebek, Shelter Festival 2025&lt;\/p&gt;\n\" data-image-caption=\"\" data-large-file=\"http:\/\/www.rockpixx.com\/wordpress\/wp-content\/uploads\/2025\/07\/20250719-01-001-1024x683.jpg\" data-id=\"23078\" src=\"http:\/\/www.rockpixx.com\/wordpress\/wp-content\/uploads\/2025\/07\/20250719-01-001-1024x683.jpg\" alt=\"Paso Doble, 19.07.2025, Eggebek, Shelter Festival 2025\" class=\"wp-image-23078\" srcset=\"http:\/\/www.rockpixx.com\/wordpress\/wp-content\/uploads\/2025\/07\/20250719-01-001-1024x683.jpg 1024w, http:\/\/www.rockpixx.com\/wordpress\/wp-content\/uploads\/2025\/07\/20250719-01-001-300x200.jpg 300w, http:\/\/www.rockpixx.com\/wordpress\/wp-content\/uploads\/2025\/07\/20250719-01-001-768x512.jpg 768w, http:\/\/www.rockpixx.com\/wordpress\/wp-content\/uploads\/2025\/07\/20250719-01-001-900x600.jpg 900w, http:\/\/www.rockpixx.com\/wordpress\/wp-content\/uploads\/2025\/07\/20250719-01-001-924x616.jpg 924w, http:\/\/www.rockpixx.com\/wordpress\/wp-content\/uploads\/2025\/07\/20250719-01-001.jpg 1200w\" sizes=\"auto, (max-width: 1024px) 100vw, 1024px\" \/><\/figure>\n\n\n\n<figure class=\"wp-block-image size-large\"><img loading=\"lazy\" decoding=\"async\" width=\"1024\" height=\"683\" data-attachment-id=\"23079\" data-permalink=\"http:\/\/www.rockpixx.com\/wordpress\/paso-doble-19-07-2025-eggebek-shelter-festival-2025-2\/\" data-orig-file=\"http:\/\/www.rockpixx.com\/wordpress\/wp-content\/uploads\/2025\/07\/20250719-01-004.jpg\" data-orig-size=\"1200,800\" data-comments-opened=\"0\" data-image-meta=\"{&quot;aperture&quot;:&quot;0&quot;,&quot;credit&quot;:&quot;rockpixx.com | A. Hahl&quot;,&quot;camera&quot;:&quot;&quot;,&quot;caption&quot;:&quot;Paso Doble, 19.07.2025, Eggebek, Shelter Festival 2025&quot;,&quot;created_timestamp&quot;:&quot;1752931907&quot;,&quot;copyright&quot;:&quot;rockpixx.com | A. Hahl&quot;,&quot;focal_length&quot;:&quot;0&quot;,&quot;iso&quot;:&quot;0&quot;,&quot;shutter_speed&quot;:&quot;0&quot;,&quot;title&quot;:&quot;Paso Doble, 19.07.2025, Eggebek, Shelter Festival 2025&quot;,&quot;orientation&quot;:&quot;0&quot;}\" data-image-title=\"Paso Doble, 19.07.2025, Eggebek, Shelter Festival 2025\" data-image-description=\"&lt;p&gt;Paso Doble, 19.07.2025, Eggebek, Shelter Festival 2025&lt;\/p&gt;\n\" data-image-caption=\"\" data-large-file=\"http:\/\/www.rockpixx.com\/wordpress\/wp-content\/uploads\/2025\/07\/20250719-01-004-1024x683.jpg\" data-id=\"23079\" src=\"http:\/\/www.rockpixx.com\/wordpress\/wp-content\/uploads\/2025\/07\/20250719-01-004-1024x683.jpg\" alt=\"Paso Doble, 19.07.2025, Eggebek, Shelter Festival 2025\" class=\"wp-image-23079\" srcset=\"http:\/\/www.rockpixx.com\/wordpress\/wp-content\/uploads\/2025\/07\/20250719-01-004-1024x683.jpg 1024w, http:\/\/www.rockpixx.com\/wordpress\/wp-content\/uploads\/2025\/07\/20250719-01-004-300x200.jpg 300w, http:\/\/www.rockpixx.com\/wordpress\/wp-content\/uploads\/2025\/07\/20250719-01-004-768x512.jpg 768w, http:\/\/www.rockpixx.com\/wordpress\/wp-content\/uploads\/2025\/07\/20250719-01-004-900x600.jpg 900w, http:\/\/www.rockpixx.com\/wordpress\/wp-content\/uploads\/2025\/07\/20250719-01-004-924x616.jpg 924w, http:\/\/www.rockpixx.com\/wordpress\/wp-content\/uploads\/2025\/07\/20250719-01-004.jpg 1200w\" sizes=\"auto, (max-width: 1024px) 100vw, 1024px\" \/><\/figure>\n\n\n\n<figure class=\"wp-block-image size-large\"><img loading=\"lazy\" decoding=\"async\" width=\"1024\" height=\"683\" data-attachment-id=\"23080\" data-permalink=\"http:\/\/www.rockpixx.com\/wordpress\/paso-doble-19-07-2025-eggebek-shelter-festival-2025-3\/\" data-orig-file=\"http:\/\/www.rockpixx.com\/wordpress\/wp-content\/uploads\/2025\/07\/20250719-01-010.jpg\" data-orig-size=\"1200,800\" data-comments-opened=\"0\" data-image-meta=\"{&quot;aperture&quot;:&quot;0&quot;,&quot;credit&quot;:&quot;rockpixx.com | A. Hahl&quot;,&quot;camera&quot;:&quot;&quot;,&quot;caption&quot;:&quot;Paso Doble, 19.07.2025, Eggebek, Shelter Festival 2025&quot;,&quot;created_timestamp&quot;:&quot;1752932117&quot;,&quot;copyright&quot;:&quot;rockpixx.com | A. Hahl&quot;,&quot;focal_length&quot;:&quot;0&quot;,&quot;iso&quot;:&quot;0&quot;,&quot;shutter_speed&quot;:&quot;0&quot;,&quot;title&quot;:&quot;Paso Doble, 19.07.2025, Eggebek, Shelter Festival 2025&quot;,&quot;orientation&quot;:&quot;0&quot;}\" data-image-title=\"Paso Doble, 19.07.2025, Eggebek, Shelter Festival 2025\" data-image-description=\"&lt;p&gt;Paso Doble, 19.07.2025, Eggebek, Shelter Festival 2025&lt;\/p&gt;\n\" data-image-caption=\"\" data-large-file=\"http:\/\/www.rockpixx.com\/wordpress\/wp-content\/uploads\/2025\/07\/20250719-01-010-1024x683.jpg\" data-id=\"23080\" src=\"http:\/\/www.rockpixx.com\/wordpress\/wp-content\/uploads\/2025\/07\/20250719-01-010-1024x683.jpg\" alt=\"Paso Doble, 19.07.2025, Eggebek, Shelter Festival 2025\" class=\"wp-image-23080\" srcset=\"http:\/\/www.rockpixx.com\/wordpress\/wp-content\/uploads\/2025\/07\/20250719-01-010-1024x683.jpg 1024w, http:\/\/www.rockpixx.com\/wordpress\/wp-content\/uploads\/2025\/07\/20250719-01-010-300x200.jpg 300w, http:\/\/www.rockpixx.com\/wordpress\/wp-content\/uploads\/2025\/07\/20250719-01-010-768x512.jpg 768w, http:\/\/www.rockpixx.com\/wordpress\/wp-content\/uploads\/2025\/07\/20250719-01-010-900x600.jpg 900w, http:\/\/www.rockpixx.com\/wordpress\/wp-content\/uploads\/2025\/07\/20250719-01-010-924x616.jpg 924w, http:\/\/www.rockpixx.com\/wordpress\/wp-content\/uploads\/2025\/07\/20250719-01-010.jpg 1200w\" sizes=\"auto, (max-width: 1024px) 100vw, 1024px\" \/><\/figure>\n\n\n\n<figure class=\"wp-block-image size-large\"><img loading=\"lazy\" decoding=\"async\" width=\"1024\" height=\"683\" data-attachment-id=\"23081\" data-permalink=\"http:\/\/www.rockpixx.com\/wordpress\/paso-doble-19-07-2025-eggebek-shelter-festival-2025-4\/\" data-orig-file=\"http:\/\/www.rockpixx.com\/wordpress\/wp-content\/uploads\/2025\/07\/20250719-01-011.jpg\" data-orig-size=\"1200,800\" data-comments-opened=\"0\" data-image-meta=\"{&quot;aperture&quot;:&quot;0&quot;,&quot;credit&quot;:&quot;rockpixx.com | A. Hahl&quot;,&quot;camera&quot;:&quot;&quot;,&quot;caption&quot;:&quot;Paso Doble, 19.07.2025, Eggebek, Shelter Festival 2025&quot;,&quot;created_timestamp&quot;:&quot;1752932511&quot;,&quot;copyright&quot;:&quot;rockpixx.com | A. Hahl&quot;,&quot;focal_length&quot;:&quot;0&quot;,&quot;iso&quot;:&quot;0&quot;,&quot;shutter_speed&quot;:&quot;0&quot;,&quot;title&quot;:&quot;Paso Doble, 19.07.2025, Eggebek, Shelter Festival 2025&quot;,&quot;orientation&quot;:&quot;0&quot;}\" data-image-title=\"Paso Doble, 19.07.2025, Eggebek, Shelter Festival 2025\" data-image-description=\"&lt;p&gt;Paso Doble, 19.07.2025, Eggebek, Shelter Festival 2025&lt;\/p&gt;\n\" data-image-caption=\"\" data-large-file=\"http:\/\/www.rockpixx.com\/wordpress\/wp-content\/uploads\/2025\/07\/20250719-01-011-1024x683.jpg\" data-id=\"23081\" src=\"http:\/\/www.rockpixx.com\/wordpress\/wp-content\/uploads\/2025\/07\/20250719-01-011-1024x683.jpg\" alt=\"Paso Doble, 19.07.2025, Eggebek, Shelter Festival 2025\" class=\"wp-image-23081\" srcset=\"http:\/\/www.rockpixx.com\/wordpress\/wp-content\/uploads\/2025\/07\/20250719-01-011-1024x683.jpg 1024w, http:\/\/www.rockpixx.com\/wordpress\/wp-content\/uploads\/2025\/07\/20250719-01-011-300x200.jpg 300w, http:\/\/www.rockpixx.com\/wordpress\/wp-content\/uploads\/2025\/07\/20250719-01-011-768x512.jpg 768w, http:\/\/www.rockpixx.com\/wordpress\/wp-content\/uploads\/2025\/07\/20250719-01-011-900x600.jpg 900w, http:\/\/www.rockpixx.com\/wordpress\/wp-content\/uploads\/2025\/07\/20250719-01-011-924x616.jpg 924w, http:\/\/www.rockpixx.com\/wordpress\/wp-content\/uploads\/2025\/07\/20250719-01-011.jpg 1200w\" sizes=\"auto, (max-width: 1024px) 100vw, 1024px\" \/><\/figure>\n\n\n\n<figure class=\"wp-block-image size-large\"><img loading=\"lazy\" decoding=\"async\" width=\"1024\" height=\"683\" data-attachment-id=\"23082\" data-permalink=\"http:\/\/www.rockpixx.com\/wordpress\/paso-doble-19-07-2025-eggebek-shelter-festival-2025-5\/\" data-orig-file=\"http:\/\/www.rockpixx.com\/wordpress\/wp-content\/uploads\/2025\/07\/20250719-01-014.jpg\" data-orig-size=\"1200,800\" data-comments-opened=\"0\" data-image-meta=\"{&quot;aperture&quot;:&quot;0&quot;,&quot;credit&quot;:&quot;rockpixx.com | A. Hahl&quot;,&quot;camera&quot;:&quot;&quot;,&quot;caption&quot;:&quot;Paso Doble, 19.07.2025, Eggebek, Shelter Festival 2025&quot;,&quot;created_timestamp&quot;:&quot;1752932516&quot;,&quot;copyright&quot;:&quot;rockpixx.com | A. Hahl&quot;,&quot;focal_length&quot;:&quot;0&quot;,&quot;iso&quot;:&quot;0&quot;,&quot;shutter_speed&quot;:&quot;0&quot;,&quot;title&quot;:&quot;Paso Doble, 19.07.2025, Eggebek, Shelter Festival 2025&quot;,&quot;orientation&quot;:&quot;0&quot;}\" data-image-title=\"Paso Doble, 19.07.2025, Eggebek, Shelter Festival 2025\" data-image-description=\"&lt;p&gt;Paso Doble, 19.07.2025, Eggebek, Shelter Festival 2025&lt;\/p&gt;\n\" data-image-caption=\"\" data-large-file=\"http:\/\/www.rockpixx.com\/wordpress\/wp-content\/uploads\/2025\/07\/20250719-01-014-1024x683.jpg\" data-id=\"23082\" src=\"http:\/\/www.rockpixx.com\/wordpress\/wp-content\/uploads\/2025\/07\/20250719-01-014-1024x683.jpg\" alt=\"Paso Doble, 19.07.2025, Eggebek, Shelter Festival 2025\" class=\"wp-image-23082\" srcset=\"http:\/\/www.rockpixx.com\/wordpress\/wp-content\/uploads\/2025\/07\/20250719-01-014-1024x683.jpg 1024w, http:\/\/www.rockpixx.com\/wordpress\/wp-content\/uploads\/2025\/07\/20250719-01-014-300x200.jpg 300w, http:\/\/www.rockpixx.com\/wordpress\/wp-content\/uploads\/2025\/07\/20250719-01-014-768x512.jpg 768w, http:\/\/www.rockpixx.com\/wordpress\/wp-content\/uploads\/2025\/07\/20250719-01-014-900x600.jpg 900w, http:\/\/www.rockpixx.com\/wordpress\/wp-content\/uploads\/2025\/07\/20250719-01-014-924x616.jpg 924w, http:\/\/www.rockpixx.com\/wordpress\/wp-content\/uploads\/2025\/07\/20250719-01-014.jpg 1200w\" sizes=\"auto, (max-width: 1024px) 100vw, 1024px\" \/><\/figure>\n\n\n\n<figure class=\"wp-block-image size-large\"><img loading=\"lazy\" decoding=\"async\" width=\"1024\" height=\"683\" data-attachment-id=\"23083\" data-permalink=\"http:\/\/www.rockpixx.com\/wordpress\/paso-doble-19-07-2025-eggebek-shelter-festival-2025-6\/\" data-orig-file=\"http:\/\/www.rockpixx.com\/wordpress\/wp-content\/uploads\/2025\/07\/20250719-01-015.jpg\" data-orig-size=\"1200,800\" data-comments-opened=\"0\" data-image-meta=\"{&quot;aperture&quot;:&quot;0&quot;,&quot;credit&quot;:&quot;rockpixx.com | A. Hahl&quot;,&quot;camera&quot;:&quot;&quot;,&quot;caption&quot;:&quot;Paso Doble, 19.07.2025, Eggebek, Shelter Festival 2025&quot;,&quot;created_timestamp&quot;:&quot;1752932521&quot;,&quot;copyright&quot;:&quot;rockpixx.com | A. Hahl&quot;,&quot;focal_length&quot;:&quot;0&quot;,&quot;iso&quot;:&quot;0&quot;,&quot;shutter_speed&quot;:&quot;0&quot;,&quot;title&quot;:&quot;Paso Doble, 19.07.2025, Eggebek, Shelter Festival 2025&quot;,&quot;orientation&quot;:&quot;0&quot;}\" data-image-title=\"Paso Doble, 19.07.2025, Eggebek, Shelter Festival 2025\" data-image-description=\"&lt;p&gt;Paso Doble, 19.07.2025, Eggebek, Shelter Festival 2025&lt;\/p&gt;\n\" data-image-caption=\"\" data-large-file=\"http:\/\/www.rockpixx.com\/wordpress\/wp-content\/uploads\/2025\/07\/20250719-01-015-1024x683.jpg\" data-id=\"23083\" src=\"http:\/\/www.rockpixx.com\/wordpress\/wp-content\/uploads\/2025\/07\/20250719-01-015-1024x683.jpg\" alt=\"Paso Doble, 19.07.2025, Eggebek, Shelter Festival 2025\" class=\"wp-image-23083\" srcset=\"http:\/\/www.rockpixx.com\/wordpress\/wp-content\/uploads\/2025\/07\/20250719-01-015-1024x683.jpg 1024w, http:\/\/www.rockpixx.com\/wordpress\/wp-content\/uploads\/2025\/07\/20250719-01-015-300x200.jpg 300w, http:\/\/www.rockpixx.com\/wordpress\/wp-content\/uploads\/2025\/07\/20250719-01-015-768x512.jpg 768w, http:\/\/www.rockpixx.com\/wordpress\/wp-content\/uploads\/2025\/07\/20250719-01-015-900x600.jpg 900w, http:\/\/www.rockpixx.com\/wordpress\/wp-content\/uploads\/2025\/07\/20250719-01-015-924x616.jpg 924w, http:\/\/www.rockpixx.com\/wordpress\/wp-content\/uploads\/2025\/07\/20250719-01-015.jpg 1200w\" sizes=\"auto, (max-width: 1024px) 100vw, 1024px\" \/><\/figure>\n\n\n\n<figure class=\"wp-block-image size-large\"><img loading=\"lazy\" decoding=\"async\" width=\"1024\" height=\"683\" data-attachment-id=\"23084\" data-permalink=\"http:\/\/www.rockpixx.com\/wordpress\/paso-doble-19-07-2025-eggebek-shelter-festival-2025-7\/\" data-orig-file=\"http:\/\/www.rockpixx.com\/wordpress\/wp-content\/uploads\/2025\/07\/20250719-01-019.jpg\" data-orig-size=\"1200,800\" data-comments-opened=\"0\" data-image-meta=\"{&quot;aperture&quot;:&quot;0&quot;,&quot;credit&quot;:&quot;rockpixx.com | A. Hahl&quot;,&quot;camera&quot;:&quot;&quot;,&quot;caption&quot;:&quot;Paso Doble, 19.07.2025, Eggebek, Shelter Festival 2025&quot;,&quot;created_timestamp&quot;:&quot;1752932552&quot;,&quot;copyright&quot;:&quot;rockpixx.com | A. Hahl&quot;,&quot;focal_length&quot;:&quot;0&quot;,&quot;iso&quot;:&quot;0&quot;,&quot;shutter_speed&quot;:&quot;0&quot;,&quot;title&quot;:&quot;Paso Doble, 19.07.2025, Eggebek, Shelter Festival 2025&quot;,&quot;orientation&quot;:&quot;0&quot;}\" data-image-title=\"Paso Doble, 19.07.2025, Eggebek, Shelter Festival 2025\" data-image-description=\"&lt;p&gt;Paso Doble, 19.07.2025, Eggebek, Shelter Festival 2025&lt;\/p&gt;\n\" data-image-caption=\"\" data-large-file=\"http:\/\/www.rockpixx.com\/wordpress\/wp-content\/uploads\/2025\/07\/20250719-01-019-1024x683.jpg\" data-id=\"23084\" src=\"http:\/\/www.rockpixx.com\/wordpress\/wp-content\/uploads\/2025\/07\/20250719-01-019-1024x683.jpg\" alt=\"Paso Doble, 19.07.2025, Eggebek, Shelter Festival 2025\" class=\"wp-image-23084\" srcset=\"http:\/\/www.rockpixx.com\/wordpress\/wp-content\/uploads\/2025\/07\/20250719-01-019-1024x683.jpg 1024w, http:\/\/www.rockpixx.com\/wordpress\/wp-content\/uploads\/2025\/07\/20250719-01-019-300x200.jpg 300w, http:\/\/www.rockpixx.com\/wordpress\/wp-content\/uploads\/2025\/07\/20250719-01-019-768x512.jpg 768w, http:\/\/www.rockpixx.com\/wordpress\/wp-content\/uploads\/2025\/07\/20250719-01-019-900x600.jpg 900w, http:\/\/www.rockpixx.com\/wordpress\/wp-content\/uploads\/2025\/07\/20250719-01-019-924x616.jpg 924w, http:\/\/www.rockpixx.com\/wordpress\/wp-content\/uploads\/2025\/07\/20250719-01-019.jpg 1200w\" sizes=\"auto, (max-width: 1024px) 100vw, 1024px\" \/><\/figure>\n\n\n\n<figure class=\"wp-block-image size-large\"><img loading=\"lazy\" decoding=\"async\" width=\"1024\" height=\"683\" data-attachment-id=\"23085\" data-permalink=\"http:\/\/www.rockpixx.com\/wordpress\/paso-doble-19-07-2025-eggebek-shelter-festival-2025-8\/\" data-orig-file=\"http:\/\/www.rockpixx.com\/wordpress\/wp-content\/uploads\/2025\/07\/20250719-01-020.jpg\" data-orig-size=\"1200,800\" data-comments-opened=\"0\" data-image-meta=\"{&quot;aperture&quot;:&quot;0&quot;,&quot;credit&quot;:&quot;rockpixx.com | A. Hahl&quot;,&quot;camera&quot;:&quot;&quot;,&quot;caption&quot;:&quot;Paso Doble, 19.07.2025, Eggebek, Shelter Festival 2025&quot;,&quot;created_timestamp&quot;:&quot;1752932555&quot;,&quot;copyright&quot;:&quot;rockpixx.com | A. Hahl&quot;,&quot;focal_length&quot;:&quot;0&quot;,&quot;iso&quot;:&quot;0&quot;,&quot;shutter_speed&quot;:&quot;0&quot;,&quot;title&quot;:&quot;Paso Doble, 19.07.2025, Eggebek, Shelter Festival 2025&quot;,&quot;orientation&quot;:&quot;0&quot;}\" data-image-title=\"Paso Doble, 19.07.2025, Eggebek, Shelter Festival 2025\" data-image-description=\"&lt;p&gt;Paso Doble, 19.07.2025, Eggebek, Shelter Festival 2025&lt;\/p&gt;\n\" data-image-caption=\"\" data-large-file=\"http:\/\/www.rockpixx.com\/wordpress\/wp-content\/uploads\/2025\/07\/20250719-01-020-1024x683.jpg\" data-id=\"23085\" src=\"http:\/\/www.rockpixx.com\/wordpress\/wp-content\/uploads\/2025\/07\/20250719-01-020-1024x683.jpg\" alt=\"Paso Doble, 19.07.2025, Eggebek, Shelter Festival 2025\" class=\"wp-image-23085\" srcset=\"http:\/\/www.rockpixx.com\/wordpress\/wp-content\/uploads\/2025\/07\/20250719-01-020-1024x683.jpg 1024w, http:\/\/www.rockpixx.com\/wordpress\/wp-content\/uploads\/2025\/07\/20250719-01-020-300x200.jpg 300w, http:\/\/www.rockpixx.com\/wordpress\/wp-content\/uploads\/2025\/07\/20250719-01-020-768x512.jpg 768w, http:\/\/www.rockpixx.com\/wordpress\/wp-content\/uploads\/2025\/07\/20250719-01-020-900x600.jpg 900w, http:\/\/www.rockpixx.com\/wordpress\/wp-content\/uploads\/2025\/07\/20250719-01-020-924x616.jpg 924w, http:\/\/www.rockpixx.com\/wordpress\/wp-content\/uploads\/2025\/07\/20250719-01-020.jpg 1200w\" sizes=\"auto, (max-width: 1024px) 100vw, 1024px\" \/><\/figure>\n\n\n\n<figure class=\"wp-block-image size-large\"><img loading=\"lazy\" decoding=\"async\" width=\"1024\" height=\"683\" data-attachment-id=\"23086\" data-permalink=\"http:\/\/www.rockpixx.com\/wordpress\/paso-doble-19-07-2025-eggebek-shelter-festival-2025-9\/\" data-orig-file=\"http:\/\/www.rockpixx.com\/wordpress\/wp-content\/uploads\/2025\/07\/20250719-01-022.jpg\" data-orig-size=\"1200,800\" data-comments-opened=\"0\" data-image-meta=\"{&quot;aperture&quot;:&quot;0&quot;,&quot;credit&quot;:&quot;rockpixx.com | A. Hahl&quot;,&quot;camera&quot;:&quot;&quot;,&quot;caption&quot;:&quot;Paso Doble, 19.07.2025, Eggebek, Shelter Festival 2025&quot;,&quot;created_timestamp&quot;:&quot;1752932629&quot;,&quot;copyright&quot;:&quot;rockpixx.com | A. Hahl&quot;,&quot;focal_length&quot;:&quot;0&quot;,&quot;iso&quot;:&quot;0&quot;,&quot;shutter_speed&quot;:&quot;0&quot;,&quot;title&quot;:&quot;Paso Doble, 19.07.2025, Eggebek, Shelter Festival 2025&quot;,&quot;orientation&quot;:&quot;0&quot;}\" data-image-title=\"Paso Doble, 19.07.2025, Eggebek, Shelter Festival 2025\" data-image-description=\"&lt;p&gt;Paso Doble, 19.07.2025, Eggebek, Shelter Festival 2025&lt;\/p&gt;\n\" data-image-caption=\"\" data-large-file=\"http:\/\/www.rockpixx.com\/wordpress\/wp-content\/uploads\/2025\/07\/20250719-01-022-1024x683.jpg\" data-id=\"23086\" src=\"http:\/\/www.rockpixx.com\/wordpress\/wp-content\/uploads\/2025\/07\/20250719-01-022-1024x683.jpg\" alt=\"Paso Doble, 19.07.2025, Eggebek, Shelter Festival 2025\" class=\"wp-image-23086\" srcset=\"http:\/\/www.rockpixx.com\/wordpress\/wp-content\/uploads\/2025\/07\/20250719-01-022-1024x683.jpg 1024w, http:\/\/www.rockpixx.com\/wordpress\/wp-content\/uploads\/2025\/07\/20250719-01-022-300x200.jpg 300w, http:\/\/www.rockpixx.com\/wordpress\/wp-content\/uploads\/2025\/07\/20250719-01-022-768x512.jpg 768w, http:\/\/www.rockpixx.com\/wordpress\/wp-content\/uploads\/2025\/07\/20250719-01-022-900x600.jpg 900w, http:\/\/www.rockpixx.com\/wordpress\/wp-content\/uploads\/2025\/07\/20250719-01-022-924x616.jpg 924w, http:\/\/www.rockpixx.com\/wordpress\/wp-content\/uploads\/2025\/07\/20250719-01-022.jpg 1200w\" sizes=\"auto, (max-width: 1024px) 100vw, 1024px\" \/><\/figure>\n<\/figure>\n\n\n\n<p><\/p>\n\n\n\n<p class=\"has-text-align-right\">Fotos: <a href=\"mailto:info@rockpixx.com?subject=We%20Salute%20You,%20Jahrhunderthalle,%20Frankfurt,%2030.12.2018\">Alex<\/a> | Text: <a href=\"mailto:info@rockpixx.com?subject=We%20Salute%20You,%20Jahrhunderthalle,%20Frankfurt,%2030.12.2018\">Alex<\/a><\/p>\n","protected":false},"excerpt":{"rendered":"<p>Zu Beginn des Sonnabends hatte ich bei \u201ePaso Doble\u201c nat\u00fcrlich die bekannten Songs wie \u201eComputerliebe\u201c und \u201eHerz an Herz\u201c erwartet \u2013 und ansonsten \u2026? Gro\u00dfes Fragezeichen bei mir plus den Hinweis im Programmtext, der da lautete \u201eHalb-Playback\u201c.<\/p>\n","protected":false},"author":3,"featured_media":23085,"comment_status":"closed","ping_status":"closed","sticky":false,"template":"","format":"standard","meta":{"_jetpack_memberships_contains_paid_content":false,"footnotes":"","jetpack_publicize_message":"","jetpack_publicize_feature_enabled":false,"jetpack_social_post_already_shared":true,"jetpack_social_options":{"image_generator_settings":{"template":"highway","default_image_id":0,"font":"","enabled":false},"version":2}},"categories":[34,2624],"tags":[2614,2619,2625,2621],"class_list":["post-23087","post","type-post","status-publish","format-standard","has-post-thumbnail","hentry","category-acts","category-paso-doble","tag-2614","tag-eggebek","tag-paso-doble","tag-shelter-festival"],"aioseo_notices":[],"jetpack_publicize_connections":[],"jetpack_featured_media_url":"http:\/\/www.rockpixx.com\/wordpress\/wp-content\/uploads\/2025\/07\/20250719-01-020.jpg","jetpack-related-posts":[{"id":23114,"url":"http:\/\/www.rockpixx.com\/wordpress\/motoerizer-19-07-2025-eggebek-shelter-festival\/","url_meta":{"origin":23087,"position":0},"title":"Mot\u00f6rizer, 19.07.2025, Eggebek, Shelter Festival","author":"A. Hahl","date":"23. Juli 2025","format":false,"excerpt":"\u201eMot\u00f6rizer\u201c ist eine Tribute-Band, die ich schon recht oft fotografiert habe und bei der ich mich stets sehr willkommen aufgenommen gef\u00fchlt habe.","rel":"","context":"In &quot;Acts&quot;","block_context":{"text":"Acts","link":"http:\/\/www.rockpixx.com\/wordpress\/category\/acts\/"},"img":{"alt_text":"Mot\u00f6rizer, 19.07.2025, Eggebek, Shelter Festival 2025","src":"https:\/\/i0.wp.com\/www.rockpixx.com\/wordpress\/wp-content\/uploads\/2025\/07\/20250719-03-048.jpg?resize=350%2C200","width":350,"height":200,"srcset":"https:\/\/i0.wp.com\/www.rockpixx.com\/wordpress\/wp-content\/uploads\/2025\/07\/20250719-03-048.jpg?resize=350%2C200 1x, https:\/\/i0.wp.com\/www.rockpixx.com\/wordpress\/wp-content\/uploads\/2025\/07\/20250719-03-048.jpg?resize=525%2C300 1.5x, https:\/\/i0.wp.com\/www.rockpixx.com\/wordpress\/wp-content\/uploads\/2025\/07\/20250719-03-048.jpg?resize=700%2C400 2x, https:\/\/i0.wp.com\/www.rockpixx.com\/wordpress\/wp-content\/uploads\/2025\/07\/20250719-03-048.jpg?resize=1050%2C600 3x"},"classes":[]},{"id":23110,"url":"http:\/\/www.rockpixx.com\/wordpress\/illegal-2001-19-07-2025-eggebek-shelter-festival\/","url_meta":{"origin":23087,"position":1},"title":"Illegal 2001, 19.07.2025, Eggebek, Shelter Festival","author":"A. Hahl","date":"23. Juli 2025","format":false,"excerpt":"Zum bereits sechsten Mal habe ich die \u201eLokalmatadoren\u201c von \u201eIllegal 2001\u201c vor meinen Kameras und ich wei\u00df jetzt schon, dass wieder ein kompletter Slot voller Spa\u00df und ausgelassener Freude auf und vor der B\u00fchne zu erwarten ist.","rel":"","context":"In &quot;Acts&quot;","block_context":{"text":"Acts","link":"http:\/\/www.rockpixx.com\/wordpress\/category\/acts\/"},"img":{"alt_text":"Illegal 2001, 19.07.2025, Eggebek, Shelter Festival 2025","src":"https:\/\/i0.wp.com\/www.rockpixx.com\/wordpress\/wp-content\/uploads\/2025\/07\/20250719-02-056.jpg?resize=350%2C200","width":350,"height":200,"srcset":"https:\/\/i0.wp.com\/www.rockpixx.com\/wordpress\/wp-content\/uploads\/2025\/07\/20250719-02-056.jpg?resize=350%2C200 1x, https:\/\/i0.wp.com\/www.rockpixx.com\/wordpress\/wp-content\/uploads\/2025\/07\/20250719-02-056.jpg?resize=525%2C300 1.5x, https:\/\/i0.wp.com\/www.rockpixx.com\/wordpress\/wp-content\/uploads\/2025\/07\/20250719-02-056.jpg?resize=700%2C400 2x, https:\/\/i0.wp.com\/www.rockpixx.com\/wordpress\/wp-content\/uploads\/2025\/07\/20250719-02-056.jpg?resize=1050%2C600 3x"},"classes":[]},{"id":23039,"url":"http:\/\/www.rockpixx.com\/wordpress\/centurys-crime-18-07-2025-eggebek-shelter-festival\/","url_meta":{"origin":23087,"position":2},"title":"Century&#8217;s Crime, 18.07.2025, Eggebek, Shelter Festival","author":"A. Hahl","date":"22. Juli 2025","format":false,"excerpt":"Und dann kam mein pers\u00f6nliches Highlight des Freitags: \u201eCentury\u2019s Crime\u201c auf der B\u00fchne. Wie der Name schon vermuten l\u00e4sst, gibt es von dieser Band die Musik von Supertramp \u2013 und zwar vom Feinsten.","rel":"","context":"In &quot;Acts&quot;","block_context":{"text":"Acts","link":"http:\/\/www.rockpixx.com\/wordpress\/category\/acts\/"},"img":{"alt_text":"Century's Crime, 18.07.2025, Eggebek, Shelter Festival 2025","src":"https:\/\/i0.wp.com\/www.rockpixx.com\/wordpress\/wp-content\/uploads\/2025\/07\/20250718-04-084.jpg?resize=350%2C200","width":350,"height":200,"srcset":"https:\/\/i0.wp.com\/www.rockpixx.com\/wordpress\/wp-content\/uploads\/2025\/07\/20250718-04-084.jpg?resize=350%2C200 1x, https:\/\/i0.wp.com\/www.rockpixx.com\/wordpress\/wp-content\/uploads\/2025\/07\/20250718-04-084.jpg?resize=525%2C300 1.5x, https:\/\/i0.wp.com\/www.rockpixx.com\/wordpress\/wp-content\/uploads\/2025\/07\/20250718-04-084.jpg?resize=700%2C400 2x, https:\/\/i0.wp.com\/www.rockpixx.com\/wordpress\/wp-content\/uploads\/2025\/07\/20250718-04-084.jpg?resize=1050%2C600 3x"},"classes":[]},{"id":23143,"url":"http:\/\/www.rockpixx.com\/wordpress\/extrabreit-19-07-2025-eggebek-shelter-festival\/","url_meta":{"origin":23087,"position":3},"title":"Extrabreit, 19.07.2025, Eggebek, Shelter Festival","author":"A. Hahl","date":"24. Juli 2025","format":false,"excerpt":"Auch \u201eExtrabreit\u201c fotografiere ich nicht zum ersten Mal, vor ziemlich genau 10 Jahren hatte ich sie schon einmal live auf der \u201eKieler Woche\u201c erleben d\u00fcrfen. Und damalsTM wie heute bin ich wieder schwer begeistert von der Energie, die diese Band verspr\u00fcht.","rel":"","context":"In &quot;Acts&quot;","block_context":{"text":"Acts","link":"http:\/\/www.rockpixx.com\/wordpress\/category\/acts\/"},"img":{"alt_text":"Extrabreit, 19.07.2025, Eggebek, Shelter Festival 2025","src":"https:\/\/i0.wp.com\/www.rockpixx.com\/wordpress\/wp-content\/uploads\/2025\/07\/20250719-04-029.jpg?resize=350%2C200","width":350,"height":200,"srcset":"https:\/\/i0.wp.com\/www.rockpixx.com\/wordpress\/wp-content\/uploads\/2025\/07\/20250719-04-029.jpg?resize=350%2C200 1x, https:\/\/i0.wp.com\/www.rockpixx.com\/wordpress\/wp-content\/uploads\/2025\/07\/20250719-04-029.jpg?resize=525%2C300 1.5x, https:\/\/i0.wp.com\/www.rockpixx.com\/wordpress\/wp-content\/uploads\/2025\/07\/20250719-04-029.jpg?resize=700%2C400 2x, https:\/\/i0.wp.com\/www.rockpixx.com\/wordpress\/wp-content\/uploads\/2025\/07\/20250719-04-029.jpg?resize=1050%2C600 3x"},"classes":[]},{"id":23021,"url":"http:\/\/www.rockpixx.com\/wordpress\/80s90s-band-18-07-2025-eggebek-shelter-festival\/","url_meta":{"origin":23087,"position":4},"title":"80s90s Band, 18.07.2025, Eggebek, Shelter Festival","author":"A. Hahl","date":"22. Juli 2025","format":false,"excerpt":"Zwei S\u00e4ngerinnen, ein S\u00e4nger unterst\u00fctzt von Keyboards, Gitarre, Bass und Drums legen los mit all den Hits, die einem sofort wieder ins Ohr pl\u00e4tschern und denen man sich schon damals in den 1980ern bzw. 1990ern nicht entziehen konnte.","rel":"","context":"In &quot;80s90s Band&quot;","block_context":{"text":"80s90s Band","link":"http:\/\/www.rockpixx.com\/wordpress\/category\/acts\/80s90s-band\/"},"img":{"alt_text":"80s90s Band, 18.07.2025, Eggebek, Shelter Festival 2025","src":"https:\/\/i0.wp.com\/www.rockpixx.com\/wordpress\/wp-content\/uploads\/2025\/07\/20259718-03-017.jpg?resize=350%2C200","width":350,"height":200,"srcset":"https:\/\/i0.wp.com\/www.rockpixx.com\/wordpress\/wp-content\/uploads\/2025\/07\/20259718-03-017.jpg?resize=350%2C200 1x, https:\/\/i0.wp.com\/www.rockpixx.com\/wordpress\/wp-content\/uploads\/2025\/07\/20259718-03-017.jpg?resize=525%2C300 1.5x, https:\/\/i0.wp.com\/www.rockpixx.com\/wordpress\/wp-content\/uploads\/2025\/07\/20259718-03-017.jpg?resize=700%2C400 2x, https:\/\/i0.wp.com\/www.rockpixx.com\/wordpress\/wp-content\/uploads\/2025\/07\/20259718-03-017.jpg?resize=1050%2C600 3x"},"classes":[]},{"id":23008,"url":"http:\/\/www.rockpixx.com\/wordpress\/bon-scott-18-07-2025-eggebek-shelter-festival\/","url_meta":{"origin":23087,"position":5},"title":"Bon Scott, 18.07.2025, Eggebek, Shelter Festival","author":"A. Hahl","date":"22. Juli 2025","format":false,"excerpt":"2008, 2012 und jetzt nach 13 Jahren Pause wieder einmal: AC\/DC \u201eclassic\u201c von \u201eBon Scott\u201c (fr\u00fcher hatten sie noch \u201eTributeband\u201c im Namen, jetzt nicht mehr). Aber wenn man die Jungs auf der B\u00fchne erlebt, ist ohnehin klar, was dort gerade gespielt wird.","rel":"","context":"In &quot;AC\/DC&quot;","block_context":{"text":"AC\/DC","link":"http:\/\/www.rockpixx.com\/wordpress\/category\/acts\/tributebands\/acdc\/"},"img":{"alt_text":"Bon Scott, 18.07.2025, Eggebek, Shelter Festival 2025","src":"https:\/\/i0.wp.com\/www.rockpixx.com\/wordpress\/wp-content\/uploads\/2025\/07\/20259718-02-025.jpg?resize=350%2C200","width":350,"height":200,"srcset":"https:\/\/i0.wp.com\/www.rockpixx.com\/wordpress\/wp-content\/uploads\/2025\/07\/20259718-02-025.jpg?resize=350%2C200 1x, https:\/\/i0.wp.com\/www.rockpixx.com\/wordpress\/wp-content\/uploads\/2025\/07\/20259718-02-025.jpg?resize=525%2C300 1.5x, https:\/\/i0.wp.com\/www.rockpixx.com\/wordpress\/wp-content\/uploads\/2025\/07\/20259718-02-025.jpg?resize=700%2C400 2x, https:\/\/i0.wp.com\/www.rockpixx.com\/wordpress\/wp-content\/uploads\/2025\/07\/20259718-02-025.jpg?resize=1050%2C600 3x"},"classes":[]}],"jetpack_sharing_enabled":true,"publishpress_future_action":{"enabled":false,"date":"2026-05-08 10:53:16","action":"change-status","newStatus":"draft","terms":[],"taxonomy":"category","extraData":[]},"publishpress_future_workflow_manual_trigger":{"enabledWorkflows":[]},"_links":{"self":[{"href":"http:\/\/www.rockpixx.com\/wordpress\/wp-json\/wp\/v2\/posts\/23087","targetHints":{"allow":["GET"]}}],"collection":[{"href":"http:\/\/www.rockpixx.com\/wordpress\/wp-json\/wp\/v2\/posts"}],"about":[{"href":"http:\/\/www.rockpixx.com\/wordpress\/wp-json\/wp\/v2\/types\/post"}],"author":[{"embeddable":true,"href":"http:\/\/www.rockpixx.com\/wordpress\/wp-json\/wp\/v2\/users\/3"}],"replies":[{"embeddable":true,"href":"http:\/\/www.rockpixx.com\/wordpress\/wp-json\/wp\/v2\/comments?post=23087"}],"version-history":[{"count":4,"href":"http:\/\/www.rockpixx.com\/wordpress\/wp-json\/wp\/v2\/posts\/23087\/revisions"}],"predecessor-version":[{"id":23092,"href":"http:\/\/www.rockpixx.com\/wordpress\/wp-json\/wp\/v2\/posts\/23087\/revisions\/23092"}],"wp:featuredmedia":[{"embeddable":true,"href":"http:\/\/www.rockpixx.com\/wordpress\/wp-json\/wp\/v2\/media\/23085"}],"wp:attachment":[{"href":"http:\/\/www.rockpixx.com\/wordpress\/wp-json\/wp\/v2\/media?parent=23087"}],"wp:term":[{"taxonomy":"category","embeddable":true,"href":"http:\/\/www.rockpixx.com\/wordpress\/wp-json\/wp\/v2\/categories?post=23087"},{"taxonomy":"post_tag","embeddable":true,"href":"http:\/\/www.rockpixx.com\/wordpress\/wp-json\/wp\/v2\/tags?post=23087"}],"curies":[{"name":"wp","href":"https:\/\/api.w.org\/{rel}","templated":true}]}}