{"id":23110,"date":"2025-07-23T14:47:34","date_gmt":"2025-07-23T13:47:34","guid":{"rendered":"http:\/\/www.rockpixx.com\/wordpress\/?p=23110"},"modified":"2025-07-23T14:52:17","modified_gmt":"2025-07-23T13:52:17","slug":"illegal-2001-19-07-2025-eggebek-shelter-festival","status":"publish","type":"post","link":"http:\/\/www.rockpixx.com\/wordpress\/illegal-2001-19-07-2025-eggebek-shelter-festival\/","title":{"rendered":"Illegal 2001, 19.07.2025, Eggebek, Shelter Festival"},"content":{"rendered":"\n<p><a href=\"http:\/\/www.rockpixx.com\/wordpress\/category\/acts\/illegal-2001\/\" title=\"\">Zum bereits sechsten Mal<\/a> habe ich die \u201eLokalmatadoren\u201c von \u201eIllegal 2001\u201c vor meinen Kameras und ich wei\u00df jetzt schon, dass wieder ein kompletter Slot voller Spa\u00df und ausgelassener Freude auf und vor der B\u00fchne zu erwarten ist.<\/p>\n\n\n\n<!--more-->\n\n\n\n<p>Zum ersten Mal ist am zweiten, sehr hei\u00dfen, Tag das Infield richtig gut gef\u00fcllt und es herrscht ausgelassene Partystimmung. Fast alle k\u00f6nnen die einschl\u00e4gigen Hits mitsingen, sei es die Ode an die A7 oder auch die Lobeshymne auf das Dosenbier. Zwischen den Songs wird von Frontmann Thomas L\u00f6tzsch auf witzige, mitunter auch nachdenkliche Art und Weise der folgende Song anmoderiert \u2013 man merkt, dass hinter vielen scheinbar im Bl\u00f6delgenre angesiedelten Texten mehr Tiefe und Lebenserfahrung steckt, als es beim fl\u00fcchtigen Hinh\u00f6ren den Anschein hat. Aber nie fehlt das Augenzwinkern, nichts kommt betroffenheitsheischend r\u00fcber \u2013 wie es ja zurzeit bei vielen aktuellen \u201eJammerbarden\u201c so schrecklich in ist. Was mich vor allem erstaunt, ist, woher diese f\u00fcnf \u201eHerren im nun mittlerweile besten Alter\u201c die Energie und Kondition hernehmen, nahezu 90 Minuten in der sengenden Hitze im prallen Sonnenschein so Vollgas geben zu k\u00f6nnen.<\/p>\n\n\n\n<p>Fazit: Sollte ich \u201eIllegal 2001\u201c noch weitere sechs Mal vor die Kameras bekommen k\u00f6nnen, ich w\u00fcrde nicht z\u00f6gern und sofort wieder im Graben stehen.<\/p>\n\n\n\n<p><\/p>\n\n\n\n<figure class=\"wp-block-gallery has-nested-images columns-default is-cropped wp-block-gallery-1 is-layout-flex wp-block-gallery-is-layout-flex\">\n<figure class=\"wp-block-image size-large\"><img loading=\"lazy\" decoding=\"async\" width=\"1024\" height=\"683\" data-attachment-id=\"23097\" data-permalink=\"http:\/\/www.rockpixx.com\/wordpress\/illegal-2001-19-07-2025-eggebek-shelter-festival-2025\/\" data-orig-file=\"http:\/\/www.rockpixx.com\/wordpress\/wp-content\/uploads\/2025\/07\/20250719-02-003.jpg\" data-orig-size=\"1200,800\" data-comments-opened=\"0\" data-image-meta=\"{&quot;aperture&quot;:&quot;0&quot;,&quot;credit&quot;:&quot;rockpixx.com | A. Hahl&quot;,&quot;camera&quot;:&quot;&quot;,&quot;caption&quot;:&quot;Illegal 2001, 19.07.2025, Eggebek, Shelter Festival 2025&quot;,&quot;created_timestamp&quot;:&quot;1752940620&quot;,&quot;copyright&quot;:&quot;rockpixx.com | A. Hahl&quot;,&quot;focal_length&quot;:&quot;0&quot;,&quot;iso&quot;:&quot;0&quot;,&quot;shutter_speed&quot;:&quot;0&quot;,&quot;title&quot;:&quot;Illegal 2001, 19.07.2025, Eggebek, Shelter Festival 2025&quot;,&quot;orientation&quot;:&quot;0&quot;}\" data-image-title=\"Illegal 2001, 19.07.2025, Eggebek, Shelter Festival 2025\" data-image-description=\"&lt;p&gt;Illegal 2001, 19.07.2025, Eggebek, Shelter Festival 2025&lt;\/p&gt;\n\" data-image-caption=\"\" data-large-file=\"http:\/\/www.rockpixx.com\/wordpress\/wp-content\/uploads\/2025\/07\/20250719-02-003-1024x683.jpg\" data-id=\"23097\" src=\"http:\/\/www.rockpixx.com\/wordpress\/wp-content\/uploads\/2025\/07\/20250719-02-003-1024x683.jpg\" alt=\"Illegal 2001, 19.07.2025, Eggebek, Shelter Festival 2025\" class=\"wp-image-23097\" srcset=\"http:\/\/www.rockpixx.com\/wordpress\/wp-content\/uploads\/2025\/07\/20250719-02-003-1024x683.jpg 1024w, http:\/\/www.rockpixx.com\/wordpress\/wp-content\/uploads\/2025\/07\/20250719-02-003-300x200.jpg 300w, http:\/\/www.rockpixx.com\/wordpress\/wp-content\/uploads\/2025\/07\/20250719-02-003-768x512.jpg 768w, http:\/\/www.rockpixx.com\/wordpress\/wp-content\/uploads\/2025\/07\/20250719-02-003-900x600.jpg 900w, http:\/\/www.rockpixx.com\/wordpress\/wp-content\/uploads\/2025\/07\/20250719-02-003-924x616.jpg 924w, http:\/\/www.rockpixx.com\/wordpress\/wp-content\/uploads\/2025\/07\/20250719-02-003.jpg 1200w\" sizes=\"auto, (max-width: 1024px) 100vw, 1024px\" \/><\/figure>\n\n\n\n<figure class=\"wp-block-image size-large\"><img loading=\"lazy\" decoding=\"async\" width=\"1024\" height=\"683\" data-attachment-id=\"23098\" data-permalink=\"http:\/\/www.rockpixx.com\/wordpress\/illegal-2001-19-07-2025-eggebek-shelter-festival-2025-2\/\" data-orig-file=\"http:\/\/www.rockpixx.com\/wordpress\/wp-content\/uploads\/2025\/07\/20250719-02-005.jpg\" data-orig-size=\"1200,800\" data-comments-opened=\"0\" data-image-meta=\"{&quot;aperture&quot;:&quot;0&quot;,&quot;credit&quot;:&quot;rockpixx.com | A. Hahl&quot;,&quot;camera&quot;:&quot;&quot;,&quot;caption&quot;:&quot;Illegal 2001, 19.07.2025, Eggebek, Shelter Festival 2025&quot;,&quot;created_timestamp&quot;:&quot;1752940651&quot;,&quot;copyright&quot;:&quot;rockpixx.com | A. Hahl&quot;,&quot;focal_length&quot;:&quot;0&quot;,&quot;iso&quot;:&quot;0&quot;,&quot;shutter_speed&quot;:&quot;0&quot;,&quot;title&quot;:&quot;Illegal 2001, 19.07.2025, Eggebek, Shelter Festival 2025&quot;,&quot;orientation&quot;:&quot;0&quot;}\" data-image-title=\"Illegal 2001, 19.07.2025, Eggebek, Shelter Festival 2025\" data-image-description=\"&lt;p&gt;Illegal 2001, 19.07.2025, Eggebek, Shelter Festival 2025&lt;\/p&gt;\n\" data-image-caption=\"\" data-large-file=\"http:\/\/www.rockpixx.com\/wordpress\/wp-content\/uploads\/2025\/07\/20250719-02-005-1024x683.jpg\" data-id=\"23098\" src=\"http:\/\/www.rockpixx.com\/wordpress\/wp-content\/uploads\/2025\/07\/20250719-02-005-1024x683.jpg\" alt=\"Illegal 2001, 19.07.2025, Eggebek, Shelter Festival 2025\" class=\"wp-image-23098\" srcset=\"http:\/\/www.rockpixx.com\/wordpress\/wp-content\/uploads\/2025\/07\/20250719-02-005-1024x683.jpg 1024w, http:\/\/www.rockpixx.com\/wordpress\/wp-content\/uploads\/2025\/07\/20250719-02-005-300x200.jpg 300w, http:\/\/www.rockpixx.com\/wordpress\/wp-content\/uploads\/2025\/07\/20250719-02-005-768x512.jpg 768w, http:\/\/www.rockpixx.com\/wordpress\/wp-content\/uploads\/2025\/07\/20250719-02-005-900x600.jpg 900w, http:\/\/www.rockpixx.com\/wordpress\/wp-content\/uploads\/2025\/07\/20250719-02-005-924x616.jpg 924w, http:\/\/www.rockpixx.com\/wordpress\/wp-content\/uploads\/2025\/07\/20250719-02-005.jpg 1200w\" sizes=\"auto, (max-width: 1024px) 100vw, 1024px\" \/><\/figure>\n\n\n\n<figure class=\"wp-block-image size-large\"><img loading=\"lazy\" decoding=\"async\" width=\"1024\" height=\"683\" data-attachment-id=\"23099\" data-permalink=\"http:\/\/www.rockpixx.com\/wordpress\/illegal-2001-19-07-2025-eggebek-shelter-festival-2025-3\/\" data-orig-file=\"http:\/\/www.rockpixx.com\/wordpress\/wp-content\/uploads\/2025\/07\/20250719-02-006.jpg\" data-orig-size=\"1200,800\" data-comments-opened=\"0\" data-image-meta=\"{&quot;aperture&quot;:&quot;0&quot;,&quot;credit&quot;:&quot;rockpixx.com | A. Hahl&quot;,&quot;camera&quot;:&quot;&quot;,&quot;caption&quot;:&quot;Illegal 2001, 19.07.2025, Eggebek, Shelter Festival 2025&quot;,&quot;created_timestamp&quot;:&quot;1752940660&quot;,&quot;copyright&quot;:&quot;rockpixx.com | A. Hahl&quot;,&quot;focal_length&quot;:&quot;0&quot;,&quot;iso&quot;:&quot;0&quot;,&quot;shutter_speed&quot;:&quot;0&quot;,&quot;title&quot;:&quot;Illegal 2001, 19.07.2025, Eggebek, Shelter Festival 2025&quot;,&quot;orientation&quot;:&quot;0&quot;}\" data-image-title=\"Illegal 2001, 19.07.2025, Eggebek, Shelter Festival 2025\" data-image-description=\"&lt;p&gt;Illegal 2001, 19.07.2025, Eggebek, Shelter Festival 2025&lt;\/p&gt;\n\" data-image-caption=\"\" data-large-file=\"http:\/\/www.rockpixx.com\/wordpress\/wp-content\/uploads\/2025\/07\/20250719-02-006-1024x683.jpg\" data-id=\"23099\" src=\"http:\/\/www.rockpixx.com\/wordpress\/wp-content\/uploads\/2025\/07\/20250719-02-006-1024x683.jpg\" alt=\"Illegal 2001, 19.07.2025, Eggebek, Shelter Festival 2025\" class=\"wp-image-23099\" srcset=\"http:\/\/www.rockpixx.com\/wordpress\/wp-content\/uploads\/2025\/07\/20250719-02-006-1024x683.jpg 1024w, http:\/\/www.rockpixx.com\/wordpress\/wp-content\/uploads\/2025\/07\/20250719-02-006-300x200.jpg 300w, http:\/\/www.rockpixx.com\/wordpress\/wp-content\/uploads\/2025\/07\/20250719-02-006-768x512.jpg 768w, http:\/\/www.rockpixx.com\/wordpress\/wp-content\/uploads\/2025\/07\/20250719-02-006-900x600.jpg 900w, http:\/\/www.rockpixx.com\/wordpress\/wp-content\/uploads\/2025\/07\/20250719-02-006-924x616.jpg 924w, http:\/\/www.rockpixx.com\/wordpress\/wp-content\/uploads\/2025\/07\/20250719-02-006.jpg 1200w\" sizes=\"auto, (max-width: 1024px) 100vw, 1024px\" \/><\/figure>\n\n\n\n<figure class=\"wp-block-image size-large\"><img loading=\"lazy\" decoding=\"async\" width=\"1024\" height=\"683\" data-attachment-id=\"23100\" data-permalink=\"http:\/\/www.rockpixx.com\/wordpress\/illegal-2001-19-07-2025-eggebek-shelter-festival-2025-4\/\" data-orig-file=\"http:\/\/www.rockpixx.com\/wordpress\/wp-content\/uploads\/2025\/07\/20250719-02-011.jpg\" data-orig-size=\"1200,800\" data-comments-opened=\"0\" data-image-meta=\"{&quot;aperture&quot;:&quot;0&quot;,&quot;credit&quot;:&quot;rockpixx.com | A. Hahl&quot;,&quot;camera&quot;:&quot;&quot;,&quot;caption&quot;:&quot;Illegal 2001, 19.07.2025, Eggebek, Shelter Festival 2025&quot;,&quot;created_timestamp&quot;:&quot;1752940690&quot;,&quot;copyright&quot;:&quot;rockpixx.com | A. Hahl&quot;,&quot;focal_length&quot;:&quot;0&quot;,&quot;iso&quot;:&quot;0&quot;,&quot;shutter_speed&quot;:&quot;0&quot;,&quot;title&quot;:&quot;Illegal 2001, 19.07.2025, Eggebek, Shelter Festival 2025&quot;,&quot;orientation&quot;:&quot;0&quot;}\" data-image-title=\"Illegal 2001, 19.07.2025, Eggebek, Shelter Festival 2025\" data-image-description=\"&lt;p&gt;Illegal 2001, 19.07.2025, Eggebek, Shelter Festival 2025&lt;\/p&gt;\n\" data-image-caption=\"\" data-large-file=\"http:\/\/www.rockpixx.com\/wordpress\/wp-content\/uploads\/2025\/07\/20250719-02-011-1024x683.jpg\" data-id=\"23100\" src=\"http:\/\/www.rockpixx.com\/wordpress\/wp-content\/uploads\/2025\/07\/20250719-02-011-1024x683.jpg\" alt=\"Illegal 2001, 19.07.2025, Eggebek, Shelter Festival 2025\" class=\"wp-image-23100\" srcset=\"http:\/\/www.rockpixx.com\/wordpress\/wp-content\/uploads\/2025\/07\/20250719-02-011-1024x683.jpg 1024w, http:\/\/www.rockpixx.com\/wordpress\/wp-content\/uploads\/2025\/07\/20250719-02-011-300x200.jpg 300w, http:\/\/www.rockpixx.com\/wordpress\/wp-content\/uploads\/2025\/07\/20250719-02-011-768x512.jpg 768w, http:\/\/www.rockpixx.com\/wordpress\/wp-content\/uploads\/2025\/07\/20250719-02-011-900x600.jpg 900w, http:\/\/www.rockpixx.com\/wordpress\/wp-content\/uploads\/2025\/07\/20250719-02-011-924x616.jpg 924w, http:\/\/www.rockpixx.com\/wordpress\/wp-content\/uploads\/2025\/07\/20250719-02-011.jpg 1200w\" sizes=\"auto, (max-width: 1024px) 100vw, 1024px\" \/><\/figure>\n\n\n\n<figure class=\"wp-block-image size-large\"><img loading=\"lazy\" decoding=\"async\" width=\"1024\" height=\"683\" data-attachment-id=\"23101\" data-permalink=\"http:\/\/www.rockpixx.com\/wordpress\/illegal-2001-19-07-2025-eggebek-shelter-festival-2025-5\/\" data-orig-file=\"http:\/\/www.rockpixx.com\/wordpress\/wp-content\/uploads\/2025\/07\/20250719-02-012.jpg\" data-orig-size=\"1200,800\" data-comments-opened=\"0\" data-image-meta=\"{&quot;aperture&quot;:&quot;0&quot;,&quot;credit&quot;:&quot;rockpixx.com | A. Hahl&quot;,&quot;camera&quot;:&quot;&quot;,&quot;caption&quot;:&quot;Illegal 2001, 19.07.2025, Eggebek, Shelter Festival 2025&quot;,&quot;created_timestamp&quot;:&quot;1752940690&quot;,&quot;copyright&quot;:&quot;rockpixx.com | A. Hahl&quot;,&quot;focal_length&quot;:&quot;0&quot;,&quot;iso&quot;:&quot;0&quot;,&quot;shutter_speed&quot;:&quot;0&quot;,&quot;title&quot;:&quot;Illegal 2001, 19.07.2025, Eggebek, Shelter Festival 2025&quot;,&quot;orientation&quot;:&quot;0&quot;}\" data-image-title=\"Illegal 2001, 19.07.2025, Eggebek, Shelter Festival 2025\" data-image-description=\"&lt;p&gt;Illegal 2001, 19.07.2025, Eggebek, Shelter Festival 2025&lt;\/p&gt;\n\" data-image-caption=\"\" data-large-file=\"http:\/\/www.rockpixx.com\/wordpress\/wp-content\/uploads\/2025\/07\/20250719-02-012-1024x683.jpg\" data-id=\"23101\" src=\"http:\/\/www.rockpixx.com\/wordpress\/wp-content\/uploads\/2025\/07\/20250719-02-012-1024x683.jpg\" alt=\"Illegal 2001, 19.07.2025, Eggebek, Shelter Festival 2025\" class=\"wp-image-23101\" srcset=\"http:\/\/www.rockpixx.com\/wordpress\/wp-content\/uploads\/2025\/07\/20250719-02-012-1024x683.jpg 1024w, http:\/\/www.rockpixx.com\/wordpress\/wp-content\/uploads\/2025\/07\/20250719-02-012-300x200.jpg 300w, http:\/\/www.rockpixx.com\/wordpress\/wp-content\/uploads\/2025\/07\/20250719-02-012-768x512.jpg 768w, http:\/\/www.rockpixx.com\/wordpress\/wp-content\/uploads\/2025\/07\/20250719-02-012-900x600.jpg 900w, http:\/\/www.rockpixx.com\/wordpress\/wp-content\/uploads\/2025\/07\/20250719-02-012-924x616.jpg 924w, http:\/\/www.rockpixx.com\/wordpress\/wp-content\/uploads\/2025\/07\/20250719-02-012.jpg 1200w\" sizes=\"auto, (max-width: 1024px) 100vw, 1024px\" \/><\/figure>\n\n\n\n<figure class=\"wp-block-image size-large\"><img loading=\"lazy\" decoding=\"async\" width=\"1024\" height=\"683\" data-attachment-id=\"23102\" data-permalink=\"http:\/\/www.rockpixx.com\/wordpress\/illegal-2001-19-07-2025-eggebek-shelter-festival-2025-6\/\" data-orig-file=\"http:\/\/www.rockpixx.com\/wordpress\/wp-content\/uploads\/2025\/07\/20250719-02-017.jpg\" data-orig-size=\"1200,800\" data-comments-opened=\"0\" data-image-meta=\"{&quot;aperture&quot;:&quot;0&quot;,&quot;credit&quot;:&quot;rockpixx.com | A. Hahl&quot;,&quot;camera&quot;:&quot;&quot;,&quot;caption&quot;:&quot;Illegal 2001, 19.07.2025, Eggebek, Shelter Festival 2025&quot;,&quot;created_timestamp&quot;:&quot;1752940725&quot;,&quot;copyright&quot;:&quot;rockpixx.com | A. Hahl&quot;,&quot;focal_length&quot;:&quot;0&quot;,&quot;iso&quot;:&quot;0&quot;,&quot;shutter_speed&quot;:&quot;0&quot;,&quot;title&quot;:&quot;Illegal 2001, 19.07.2025, Eggebek, Shelter Festival 2025&quot;,&quot;orientation&quot;:&quot;0&quot;}\" data-image-title=\"Illegal 2001, 19.07.2025, Eggebek, Shelter Festival 2025\" data-image-description=\"&lt;p&gt;Illegal 2001, 19.07.2025, Eggebek, Shelter Festival 2025&lt;\/p&gt;\n\" data-image-caption=\"\" data-large-file=\"http:\/\/www.rockpixx.com\/wordpress\/wp-content\/uploads\/2025\/07\/20250719-02-017-1024x683.jpg\" data-id=\"23102\" src=\"http:\/\/www.rockpixx.com\/wordpress\/wp-content\/uploads\/2025\/07\/20250719-02-017-1024x683.jpg\" alt=\"Illegal 2001, 19.07.2025, Eggebek, Shelter Festival 2025\" class=\"wp-image-23102\" srcset=\"http:\/\/www.rockpixx.com\/wordpress\/wp-content\/uploads\/2025\/07\/20250719-02-017-1024x683.jpg 1024w, http:\/\/www.rockpixx.com\/wordpress\/wp-content\/uploads\/2025\/07\/20250719-02-017-300x200.jpg 300w, http:\/\/www.rockpixx.com\/wordpress\/wp-content\/uploads\/2025\/07\/20250719-02-017-768x512.jpg 768w, http:\/\/www.rockpixx.com\/wordpress\/wp-content\/uploads\/2025\/07\/20250719-02-017-900x600.jpg 900w, http:\/\/www.rockpixx.com\/wordpress\/wp-content\/uploads\/2025\/07\/20250719-02-017-924x616.jpg 924w, http:\/\/www.rockpixx.com\/wordpress\/wp-content\/uploads\/2025\/07\/20250719-02-017.jpg 1200w\" sizes=\"auto, (max-width: 1024px) 100vw, 1024px\" \/><\/figure>\n\n\n\n<figure class=\"wp-block-image size-large\"><img loading=\"lazy\" decoding=\"async\" width=\"1024\" height=\"683\" data-attachment-id=\"23103\" data-permalink=\"http:\/\/www.rockpixx.com\/wordpress\/illegal-2001-19-07-2025-eggebek-shelter-festival-2025-7\/\" data-orig-file=\"http:\/\/www.rockpixx.com\/wordpress\/wp-content\/uploads\/2025\/07\/20250719-02-024.jpg\" data-orig-size=\"1200,800\" data-comments-opened=\"0\" data-image-meta=\"{&quot;aperture&quot;:&quot;0&quot;,&quot;credit&quot;:&quot;rockpixx.com | A. Hahl&quot;,&quot;camera&quot;:&quot;&quot;,&quot;caption&quot;:&quot;Illegal 2001, 19.07.2025, Eggebek, Shelter Festival 2025&quot;,&quot;created_timestamp&quot;:&quot;1752940838&quot;,&quot;copyright&quot;:&quot;rockpixx.com | A. Hahl&quot;,&quot;focal_length&quot;:&quot;0&quot;,&quot;iso&quot;:&quot;0&quot;,&quot;shutter_speed&quot;:&quot;0&quot;,&quot;title&quot;:&quot;Illegal 2001, 19.07.2025, Eggebek, Shelter Festival 2025&quot;,&quot;orientation&quot;:&quot;0&quot;}\" data-image-title=\"Illegal 2001, 19.07.2025, Eggebek, Shelter Festival 2025\" data-image-description=\"&lt;p&gt;Illegal 2001, 19.07.2025, Eggebek, Shelter Festival 2025&lt;\/p&gt;\n\" data-image-caption=\"\" data-large-file=\"http:\/\/www.rockpixx.com\/wordpress\/wp-content\/uploads\/2025\/07\/20250719-02-024-1024x683.jpg\" data-id=\"23103\" src=\"http:\/\/www.rockpixx.com\/wordpress\/wp-content\/uploads\/2025\/07\/20250719-02-024-1024x683.jpg\" alt=\"Illegal 2001, 19.07.2025, Eggebek, Shelter Festival 2025\" class=\"wp-image-23103\" srcset=\"http:\/\/www.rockpixx.com\/wordpress\/wp-content\/uploads\/2025\/07\/20250719-02-024-1024x683.jpg 1024w, http:\/\/www.rockpixx.com\/wordpress\/wp-content\/uploads\/2025\/07\/20250719-02-024-300x200.jpg 300w, http:\/\/www.rockpixx.com\/wordpress\/wp-content\/uploads\/2025\/07\/20250719-02-024-768x512.jpg 768w, http:\/\/www.rockpixx.com\/wordpress\/wp-content\/uploads\/2025\/07\/20250719-02-024-900x600.jpg 900w, http:\/\/www.rockpixx.com\/wordpress\/wp-content\/uploads\/2025\/07\/20250719-02-024-924x616.jpg 924w, http:\/\/www.rockpixx.com\/wordpress\/wp-content\/uploads\/2025\/07\/20250719-02-024.jpg 1200w\" sizes=\"auto, (max-width: 1024px) 100vw, 1024px\" \/><\/figure>\n\n\n\n<figure class=\"wp-block-image size-large\"><img loading=\"lazy\" decoding=\"async\" width=\"1024\" height=\"683\" data-attachment-id=\"23104\" data-permalink=\"http:\/\/www.rockpixx.com\/wordpress\/illegal-2001-19-07-2025-eggebek-shelter-festival-2025-8\/\" data-orig-file=\"http:\/\/www.rockpixx.com\/wordpress\/wp-content\/uploads\/2025\/07\/20250719-02-036.jpg\" data-orig-size=\"1200,800\" data-comments-opened=\"0\" data-image-meta=\"{&quot;aperture&quot;:&quot;0&quot;,&quot;credit&quot;:&quot;rockpixx.com | A. Hahl&quot;,&quot;camera&quot;:&quot;&quot;,&quot;caption&quot;:&quot;Illegal 2001, 19.07.2025, Eggebek, Shelter Festival 2025&quot;,&quot;created_timestamp&quot;:&quot;1752941182&quot;,&quot;copyright&quot;:&quot;rockpixx.com | A. Hahl&quot;,&quot;focal_length&quot;:&quot;0&quot;,&quot;iso&quot;:&quot;0&quot;,&quot;shutter_speed&quot;:&quot;0&quot;,&quot;title&quot;:&quot;Illegal 2001, 19.07.2025, Eggebek, Shelter Festival 2025&quot;,&quot;orientation&quot;:&quot;0&quot;}\" data-image-title=\"Illegal 2001, 19.07.2025, Eggebek, Shelter Festival 2025\" data-image-description=\"&lt;p&gt;Illegal 2001, 19.07.2025, Eggebek, Shelter Festival 2025&lt;\/p&gt;\n\" data-image-caption=\"\" data-large-file=\"http:\/\/www.rockpixx.com\/wordpress\/wp-content\/uploads\/2025\/07\/20250719-02-036-1024x683.jpg\" data-id=\"23104\" src=\"http:\/\/www.rockpixx.com\/wordpress\/wp-content\/uploads\/2025\/07\/20250719-02-036-1024x683.jpg\" alt=\"Illegal 2001, 19.07.2025, Eggebek, Shelter Festival 2025\" class=\"wp-image-23104\" srcset=\"http:\/\/www.rockpixx.com\/wordpress\/wp-content\/uploads\/2025\/07\/20250719-02-036-1024x683.jpg 1024w, http:\/\/www.rockpixx.com\/wordpress\/wp-content\/uploads\/2025\/07\/20250719-02-036-300x200.jpg 300w, http:\/\/www.rockpixx.com\/wordpress\/wp-content\/uploads\/2025\/07\/20250719-02-036-768x512.jpg 768w, http:\/\/www.rockpixx.com\/wordpress\/wp-content\/uploads\/2025\/07\/20250719-02-036-900x600.jpg 900w, http:\/\/www.rockpixx.com\/wordpress\/wp-content\/uploads\/2025\/07\/20250719-02-036-924x616.jpg 924w, http:\/\/www.rockpixx.com\/wordpress\/wp-content\/uploads\/2025\/07\/20250719-02-036.jpg 1200w\" sizes=\"auto, (max-width: 1024px) 100vw, 1024px\" \/><\/figure>\n\n\n\n<figure class=\"wp-block-image size-large\"><img loading=\"lazy\" decoding=\"async\" width=\"1024\" height=\"683\" data-attachment-id=\"23105\" data-permalink=\"http:\/\/www.rockpixx.com\/wordpress\/illegal-2001-19-07-2025-eggebek-shelter-festival-2025-9\/\" data-orig-file=\"http:\/\/www.rockpixx.com\/wordpress\/wp-content\/uploads\/2025\/07\/20250719-02-040.jpg\" data-orig-size=\"1200,800\" data-comments-opened=\"0\" data-image-meta=\"{&quot;aperture&quot;:&quot;0&quot;,&quot;credit&quot;:&quot;rockpixx.com | A. Hahl&quot;,&quot;camera&quot;:&quot;&quot;,&quot;caption&quot;:&quot;Illegal 2001, 19.07.2025, Eggebek, Shelter Festival 2025&quot;,&quot;created_timestamp&quot;:&quot;1752941242&quot;,&quot;copyright&quot;:&quot;rockpixx.com | A. Hahl&quot;,&quot;focal_length&quot;:&quot;0&quot;,&quot;iso&quot;:&quot;0&quot;,&quot;shutter_speed&quot;:&quot;0&quot;,&quot;title&quot;:&quot;Illegal 2001, 19.07.2025, Eggebek, Shelter Festival 2025&quot;,&quot;orientation&quot;:&quot;0&quot;}\" data-image-title=\"Illegal 2001, 19.07.2025, Eggebek, Shelter Festival 2025\" data-image-description=\"&lt;p&gt;Illegal 2001, 19.07.2025, Eggebek, Shelter Festival 2025&lt;\/p&gt;\n\" data-image-caption=\"\" data-large-file=\"http:\/\/www.rockpixx.com\/wordpress\/wp-content\/uploads\/2025\/07\/20250719-02-040-1024x683.jpg\" data-id=\"23105\" src=\"http:\/\/www.rockpixx.com\/wordpress\/wp-content\/uploads\/2025\/07\/20250719-02-040-1024x683.jpg\" alt=\"Illegal 2001, 19.07.2025, Eggebek, Shelter Festival 2025\" class=\"wp-image-23105\" srcset=\"http:\/\/www.rockpixx.com\/wordpress\/wp-content\/uploads\/2025\/07\/20250719-02-040-1024x683.jpg 1024w, http:\/\/www.rockpixx.com\/wordpress\/wp-content\/uploads\/2025\/07\/20250719-02-040-300x200.jpg 300w, http:\/\/www.rockpixx.com\/wordpress\/wp-content\/uploads\/2025\/07\/20250719-02-040-768x512.jpg 768w, http:\/\/www.rockpixx.com\/wordpress\/wp-content\/uploads\/2025\/07\/20250719-02-040-900x600.jpg 900w, http:\/\/www.rockpixx.com\/wordpress\/wp-content\/uploads\/2025\/07\/20250719-02-040-924x616.jpg 924w, http:\/\/www.rockpixx.com\/wordpress\/wp-content\/uploads\/2025\/07\/20250719-02-040.jpg 1200w\" sizes=\"auto, (max-width: 1024px) 100vw, 1024px\" \/><\/figure>\n\n\n\n<figure class=\"wp-block-image size-large\"><img loading=\"lazy\" decoding=\"async\" width=\"1024\" height=\"683\" data-attachment-id=\"23106\" data-permalink=\"http:\/\/www.rockpixx.com\/wordpress\/illegal-2001-19-07-2025-eggebek-shelter-festival-2025-10\/\" data-orig-file=\"http:\/\/www.rockpixx.com\/wordpress\/wp-content\/uploads\/2025\/07\/20250719-02-043.jpg\" data-orig-size=\"1200,800\" data-comments-opened=\"0\" data-image-meta=\"{&quot;aperture&quot;:&quot;0&quot;,&quot;credit&quot;:&quot;rockpixx.com | A. Hahl&quot;,&quot;camera&quot;:&quot;&quot;,&quot;caption&quot;:&quot;Illegal 2001, 19.07.2025, Eggebek, Shelter Festival 2025&quot;,&quot;created_timestamp&quot;:&quot;1752941340&quot;,&quot;copyright&quot;:&quot;rockpixx.com | A. Hahl&quot;,&quot;focal_length&quot;:&quot;0&quot;,&quot;iso&quot;:&quot;0&quot;,&quot;shutter_speed&quot;:&quot;0&quot;,&quot;title&quot;:&quot;Illegal 2001, 19.07.2025, Eggebek, Shelter Festival 2025&quot;,&quot;orientation&quot;:&quot;0&quot;}\" data-image-title=\"Illegal 2001, 19.07.2025, Eggebek, Shelter Festival 2025\" data-image-description=\"&lt;p&gt;Illegal 2001, 19.07.2025, Eggebek, Shelter Festival 2025&lt;\/p&gt;\n\" data-image-caption=\"\" data-large-file=\"http:\/\/www.rockpixx.com\/wordpress\/wp-content\/uploads\/2025\/07\/20250719-02-043-1024x683.jpg\" data-id=\"23106\" src=\"http:\/\/www.rockpixx.com\/wordpress\/wp-content\/uploads\/2025\/07\/20250719-02-043-1024x683.jpg\" alt=\"Illegal 2001, 19.07.2025, Eggebek, Shelter Festival 2025\" class=\"wp-image-23106\" srcset=\"http:\/\/www.rockpixx.com\/wordpress\/wp-content\/uploads\/2025\/07\/20250719-02-043-1024x683.jpg 1024w, http:\/\/www.rockpixx.com\/wordpress\/wp-content\/uploads\/2025\/07\/20250719-02-043-300x200.jpg 300w, http:\/\/www.rockpixx.com\/wordpress\/wp-content\/uploads\/2025\/07\/20250719-02-043-768x512.jpg 768w, http:\/\/www.rockpixx.com\/wordpress\/wp-content\/uploads\/2025\/07\/20250719-02-043-900x600.jpg 900w, http:\/\/www.rockpixx.com\/wordpress\/wp-content\/uploads\/2025\/07\/20250719-02-043-924x616.jpg 924w, http:\/\/www.rockpixx.com\/wordpress\/wp-content\/uploads\/2025\/07\/20250719-02-043.jpg 1200w\" sizes=\"auto, (max-width: 1024px) 100vw, 1024px\" \/><\/figure>\n\n\n\n<figure class=\"wp-block-image size-large\"><img loading=\"lazy\" decoding=\"async\" width=\"1024\" height=\"683\" data-attachment-id=\"23107\" data-permalink=\"http:\/\/www.rockpixx.com\/wordpress\/illegal-2001-19-07-2025-eggebek-shelter-festival-2025-11\/\" data-orig-file=\"http:\/\/www.rockpixx.com\/wordpress\/wp-content\/uploads\/2025\/07\/20250719-02-048.jpg\" data-orig-size=\"1200,800\" data-comments-opened=\"0\" data-image-meta=\"{&quot;aperture&quot;:&quot;0&quot;,&quot;credit&quot;:&quot;rockpixx.com | A. Hahl&quot;,&quot;camera&quot;:&quot;&quot;,&quot;caption&quot;:&quot;Illegal 2001, 19.07.2025, Eggebek, Shelter Festival 2025&quot;,&quot;created_timestamp&quot;:&quot;1752941465&quot;,&quot;copyright&quot;:&quot;rockpixx.com | A. Hahl&quot;,&quot;focal_length&quot;:&quot;0&quot;,&quot;iso&quot;:&quot;0&quot;,&quot;shutter_speed&quot;:&quot;0&quot;,&quot;title&quot;:&quot;Illegal 2001, 19.07.2025, Eggebek, Shelter Festival 2025&quot;,&quot;orientation&quot;:&quot;0&quot;}\" data-image-title=\"Illegal 2001, 19.07.2025, Eggebek, Shelter Festival 2025\" data-image-description=\"&lt;p&gt;Illegal 2001, 19.07.2025, Eggebek, Shelter Festival 2025&lt;\/p&gt;\n\" data-image-caption=\"\" data-large-file=\"http:\/\/www.rockpixx.com\/wordpress\/wp-content\/uploads\/2025\/07\/20250719-02-048-1024x683.jpg\" data-id=\"23107\" src=\"http:\/\/www.rockpixx.com\/wordpress\/wp-content\/uploads\/2025\/07\/20250719-02-048-1024x683.jpg\" alt=\"Illegal 2001, 19.07.2025, Eggebek, Shelter Festival 2025\" class=\"wp-image-23107\" srcset=\"http:\/\/www.rockpixx.com\/wordpress\/wp-content\/uploads\/2025\/07\/20250719-02-048-1024x683.jpg 1024w, http:\/\/www.rockpixx.com\/wordpress\/wp-content\/uploads\/2025\/07\/20250719-02-048-300x200.jpg 300w, http:\/\/www.rockpixx.com\/wordpress\/wp-content\/uploads\/2025\/07\/20250719-02-048-768x512.jpg 768w, http:\/\/www.rockpixx.com\/wordpress\/wp-content\/uploads\/2025\/07\/20250719-02-048-900x600.jpg 900w, http:\/\/www.rockpixx.com\/wordpress\/wp-content\/uploads\/2025\/07\/20250719-02-048-924x616.jpg 924w, http:\/\/www.rockpixx.com\/wordpress\/wp-content\/uploads\/2025\/07\/20250719-02-048.jpg 1200w\" sizes=\"auto, (max-width: 1024px) 100vw, 1024px\" \/><\/figure>\n\n\n\n<figure class=\"wp-block-image size-large\"><img loading=\"lazy\" decoding=\"async\" width=\"1024\" height=\"683\" data-attachment-id=\"23108\" data-permalink=\"http:\/\/www.rockpixx.com\/wordpress\/illegal-2001-19-07-2025-eggebek-shelter-festival-2025-12\/\" data-orig-file=\"http:\/\/www.rockpixx.com\/wordpress\/wp-content\/uploads\/2025\/07\/20250719-02-055.jpg\" data-orig-size=\"1200,800\" data-comments-opened=\"0\" data-image-meta=\"{&quot;aperture&quot;:&quot;0&quot;,&quot;credit&quot;:&quot;rockpixx.com | A. Hahl&quot;,&quot;camera&quot;:&quot;&quot;,&quot;caption&quot;:&quot;Illegal 2001, 19.07.2025, Eggebek, Shelter Festival 2025&quot;,&quot;created_timestamp&quot;:&quot;1752941721&quot;,&quot;copyright&quot;:&quot;rockpixx.com | A. Hahl&quot;,&quot;focal_length&quot;:&quot;0&quot;,&quot;iso&quot;:&quot;0&quot;,&quot;shutter_speed&quot;:&quot;0&quot;,&quot;title&quot;:&quot;Illegal 2001, 19.07.2025, Eggebek, Shelter Festival 2025&quot;,&quot;orientation&quot;:&quot;0&quot;}\" data-image-title=\"Illegal 2001, 19.07.2025, Eggebek, Shelter Festival 2025\" data-image-description=\"&lt;p&gt;Illegal 2001, 19.07.2025, Eggebek, Shelter Festival 2025&lt;\/p&gt;\n\" data-image-caption=\"\" data-large-file=\"http:\/\/www.rockpixx.com\/wordpress\/wp-content\/uploads\/2025\/07\/20250719-02-055-1024x683.jpg\" data-id=\"23108\" src=\"http:\/\/www.rockpixx.com\/wordpress\/wp-content\/uploads\/2025\/07\/20250719-02-055-1024x683.jpg\" alt=\"Illegal 2001, 19.07.2025, Eggebek, Shelter Festival 2025\" class=\"wp-image-23108\" srcset=\"http:\/\/www.rockpixx.com\/wordpress\/wp-content\/uploads\/2025\/07\/20250719-02-055-1024x683.jpg 1024w, http:\/\/www.rockpixx.com\/wordpress\/wp-content\/uploads\/2025\/07\/20250719-02-055-300x200.jpg 300w, http:\/\/www.rockpixx.com\/wordpress\/wp-content\/uploads\/2025\/07\/20250719-02-055-768x512.jpg 768w, http:\/\/www.rockpixx.com\/wordpress\/wp-content\/uploads\/2025\/07\/20250719-02-055-900x600.jpg 900w, http:\/\/www.rockpixx.com\/wordpress\/wp-content\/uploads\/2025\/07\/20250719-02-055-924x616.jpg 924w, http:\/\/www.rockpixx.com\/wordpress\/wp-content\/uploads\/2025\/07\/20250719-02-055.jpg 1200w\" sizes=\"auto, (max-width: 1024px) 100vw, 1024px\" \/><\/figure>\n\n\n\n<figure class=\"wp-block-image size-large\"><img loading=\"lazy\" decoding=\"async\" width=\"1024\" height=\"683\" data-attachment-id=\"23109\" data-permalink=\"http:\/\/www.rockpixx.com\/wordpress\/illegal-2001-19-07-2025-eggebek-shelter-festival-2025-13\/\" data-orig-file=\"http:\/\/www.rockpixx.com\/wordpress\/wp-content\/uploads\/2025\/07\/20250719-02-056.jpg\" data-orig-size=\"1200,800\" data-comments-opened=\"0\" data-image-meta=\"{&quot;aperture&quot;:&quot;0&quot;,&quot;credit&quot;:&quot;rockpixx.com | A. Hahl&quot;,&quot;camera&quot;:&quot;&quot;,&quot;caption&quot;:&quot;Illegal 2001, 19.07.2025, Eggebek, Shelter Festival 2025&quot;,&quot;created_timestamp&quot;:&quot;1752941801&quot;,&quot;copyright&quot;:&quot;rockpixx.com | A. Hahl&quot;,&quot;focal_length&quot;:&quot;0&quot;,&quot;iso&quot;:&quot;0&quot;,&quot;shutter_speed&quot;:&quot;0&quot;,&quot;title&quot;:&quot;Illegal 2001, 19.07.2025, Eggebek, Shelter Festival 2025&quot;,&quot;orientation&quot;:&quot;0&quot;}\" data-image-title=\"Illegal 2001, 19.07.2025, Eggebek, Shelter Festival 2025\" data-image-description=\"&lt;p&gt;Illegal 2001, 19.07.2025, Eggebek, Shelter Festival 2025&lt;\/p&gt;\n\" data-image-caption=\"\" data-large-file=\"http:\/\/www.rockpixx.com\/wordpress\/wp-content\/uploads\/2025\/07\/20250719-02-056-1024x683.jpg\" data-id=\"23109\" src=\"http:\/\/www.rockpixx.com\/wordpress\/wp-content\/uploads\/2025\/07\/20250719-02-056-1024x683.jpg\" alt=\"Illegal 2001, 19.07.2025, Eggebek, Shelter Festival 2025\" class=\"wp-image-23109\" srcset=\"http:\/\/www.rockpixx.com\/wordpress\/wp-content\/uploads\/2025\/07\/20250719-02-056-1024x683.jpg 1024w, http:\/\/www.rockpixx.com\/wordpress\/wp-content\/uploads\/2025\/07\/20250719-02-056-300x200.jpg 300w, http:\/\/www.rockpixx.com\/wordpress\/wp-content\/uploads\/2025\/07\/20250719-02-056-768x512.jpg 768w, http:\/\/www.rockpixx.com\/wordpress\/wp-content\/uploads\/2025\/07\/20250719-02-056-900x600.jpg 900w, http:\/\/www.rockpixx.com\/wordpress\/wp-content\/uploads\/2025\/07\/20250719-02-056-924x616.jpg 924w, http:\/\/www.rockpixx.com\/wordpress\/wp-content\/uploads\/2025\/07\/20250719-02-056.jpg 1200w\" sizes=\"auto, (max-width: 1024px) 100vw, 1024px\" \/><\/figure>\n<\/figure>\n\n\n\n<p><\/p>\n\n\n\n<p class=\"has-text-align-right\">Fotos: <a href=\"mailto:info@rockpixx.com?subject=We%20Salute%20You,%20Jahrhunderthalle,%20Frankfurt,%2030.12.2018\">Alex<\/a> | Text: <a href=\"mailto:info@rockpixx.com?subject=We%20Salute%20You,%20Jahrhunderthalle,%20Frankfurt,%2030.12.2018\">Alex<\/a><\/p>\n","protected":false},"excerpt":{"rendered":"<p>Zum bereits sechsten Mal habe ich die \u201eLokalmatadoren\u201c von \u201eIllegal 2001\u201c vor meinen Kameras und ich wei\u00df jetzt schon, dass wieder ein kompletter Slot voller Spa\u00df und ausgelassener Freude auf und vor der B\u00fchne zu erwarten ist.<\/p>\n","protected":false},"author":3,"featured_media":23109,"comment_status":"closed","ping_status":"closed","sticky":false,"template":"","format":"standard","meta":{"_jetpack_memberships_contains_paid_content":false,"footnotes":"","jetpack_publicize_message":"","jetpack_publicize_feature_enabled":false,"jetpack_social_post_already_shared":true,"jetpack_social_options":{"image_generator_settings":{"template":"highway","default_image_id":0,"font":"","enabled":false},"version":2}},"categories":[34,454],"tags":[2614,2619,1841,2621],"class_list":["post-23110","post","type-post","status-publish","format-standard","has-post-thumbnail","hentry","category-acts","category-illegal-2001","tag-2614","tag-eggebek","tag-illegal-2001","tag-shelter-festival"],"aioseo_notices":[],"jetpack_publicize_connections":[],"jetpack_featured_media_url":"http:\/\/www.rockpixx.com\/wordpress\/wp-content\/uploads\/2025\/07\/20250719-02-056.jpg","jetpack-related-posts":[{"id":23143,"url":"http:\/\/www.rockpixx.com\/wordpress\/extrabreit-19-07-2025-eggebek-shelter-festival\/","url_meta":{"origin":23110,"position":0},"title":"Extrabreit, 19.07.2025, Eggebek, Shelter Festival","author":"A. Hahl","date":"24. Juli 2025","format":false,"excerpt":"Auch \u201eExtrabreit\u201c fotografiere ich nicht zum ersten Mal, vor ziemlich genau 10 Jahren hatte ich sie schon einmal live auf der \u201eKieler Woche\u201c erleben d\u00fcrfen. Und damalsTM wie heute bin ich wieder schwer begeistert von der Energie, die diese Band verspr\u00fcht.","rel":"","context":"In &quot;Acts&quot;","block_context":{"text":"Acts","link":"http:\/\/www.rockpixx.com\/wordpress\/category\/acts\/"},"img":{"alt_text":"Extrabreit, 19.07.2025, Eggebek, Shelter Festival 2025","src":"https:\/\/i0.wp.com\/www.rockpixx.com\/wordpress\/wp-content\/uploads\/2025\/07\/20250719-04-029.jpg?resize=350%2C200","width":350,"height":200,"srcset":"https:\/\/i0.wp.com\/www.rockpixx.com\/wordpress\/wp-content\/uploads\/2025\/07\/20250719-04-029.jpg?resize=350%2C200 1x, https:\/\/i0.wp.com\/www.rockpixx.com\/wordpress\/wp-content\/uploads\/2025\/07\/20250719-04-029.jpg?resize=525%2C300 1.5x, https:\/\/i0.wp.com\/www.rockpixx.com\/wordpress\/wp-content\/uploads\/2025\/07\/20250719-04-029.jpg?resize=700%2C400 2x, https:\/\/i0.wp.com\/www.rockpixx.com\/wordpress\/wp-content\/uploads\/2025\/07\/20250719-04-029.jpg?resize=1050%2C600 3x"},"classes":[]},{"id":23021,"url":"http:\/\/www.rockpixx.com\/wordpress\/80s90s-band-18-07-2025-eggebek-shelter-festival\/","url_meta":{"origin":23110,"position":1},"title":"80s90s Band, 18.07.2025, Eggebek, Shelter Festival","author":"A. Hahl","date":"22. Juli 2025","format":false,"excerpt":"Zwei S\u00e4ngerinnen, ein S\u00e4nger unterst\u00fctzt von Keyboards, Gitarre, Bass und Drums legen los mit all den Hits, die einem sofort wieder ins Ohr pl\u00e4tschern und denen man sich schon damals in den 1980ern bzw. 1990ern nicht entziehen konnte.","rel":"","context":"In &quot;80s90s Band&quot;","block_context":{"text":"80s90s Band","link":"http:\/\/www.rockpixx.com\/wordpress\/category\/acts\/80s90s-band\/"},"img":{"alt_text":"80s90s Band, 18.07.2025, Eggebek, Shelter Festival 2025","src":"https:\/\/i0.wp.com\/www.rockpixx.com\/wordpress\/wp-content\/uploads\/2025\/07\/20259718-03-017.jpg?resize=350%2C200","width":350,"height":200,"srcset":"https:\/\/i0.wp.com\/www.rockpixx.com\/wordpress\/wp-content\/uploads\/2025\/07\/20259718-03-017.jpg?resize=350%2C200 1x, https:\/\/i0.wp.com\/www.rockpixx.com\/wordpress\/wp-content\/uploads\/2025\/07\/20259718-03-017.jpg?resize=525%2C300 1.5x, https:\/\/i0.wp.com\/www.rockpixx.com\/wordpress\/wp-content\/uploads\/2025\/07\/20259718-03-017.jpg?resize=700%2C400 2x, https:\/\/i0.wp.com\/www.rockpixx.com\/wordpress\/wp-content\/uploads\/2025\/07\/20259718-03-017.jpg?resize=1050%2C600 3x"},"classes":[]},{"id":22997,"url":"http:\/\/www.rockpixx.com\/wordpress\/the-zac-schulze-gang-18-07-2025-eggebek-shelter-festival\/","url_meta":{"origin":23110,"position":2},"title":"The Zac Schulze Gang, 18.07.2025, Eggebek, Shelter Festival","author":"A. Hahl","date":"22. Juli 2025","format":false,"excerpt":"\u201eThe Zac Schulze Gang\u201c war angek\u00fcndigt und vor mir agierten drei relativ junge Musiker aus Gro\u00dfbritannien, die mit Gitarre, Bass und Drums ein ordentliches energiegeladenes Soundgewitter ablieferten.","rel":"","context":"In &quot;Acts&quot;","block_context":{"text":"Acts","link":"http:\/\/www.rockpixx.com\/wordpress\/category\/acts\/"},"img":{"alt_text":"The Zac Schulze Gang, 18.07.2025, Eggebek, Shelter Festival 2025","src":"https:\/\/i0.wp.com\/www.rockpixx.com\/wordpress\/wp-content\/uploads\/2025\/07\/20259718-01-014.jpg?resize=350%2C200","width":350,"height":200,"srcset":"https:\/\/i0.wp.com\/www.rockpixx.com\/wordpress\/wp-content\/uploads\/2025\/07\/20259718-01-014.jpg?resize=350%2C200 1x, https:\/\/i0.wp.com\/www.rockpixx.com\/wordpress\/wp-content\/uploads\/2025\/07\/20259718-01-014.jpg?resize=525%2C300 1.5x, https:\/\/i0.wp.com\/www.rockpixx.com\/wordpress\/wp-content\/uploads\/2025\/07\/20259718-01-014.jpg?resize=700%2C400 2x, https:\/\/i0.wp.com\/www.rockpixx.com\/wordpress\/wp-content\/uploads\/2025\/07\/20259718-01-014.jpg?resize=1050%2C600 3x"},"classes":[]},{"id":23155,"url":"http:\/\/www.rockpixx.com\/wordpress\/jbo-19-07-2025-eggebek-shelter-festival\/","url_meta":{"origin":23110,"position":3},"title":"J.B.O., 19.07.2025, Eggebek, Shelter Festival","author":"A. Hahl","date":"24. Juli 2025","format":false,"excerpt":"Der Headliner und Abschluss des diesj\u00e4hrigen \u201eShelter Festivals\u201c kommt in Pink und lautstark daher. Vor der B\u00fchne haben noch einmal alle nach zweieinhalb (Feier-)Tagen ihre letzten Kraftreserven mobilisiert und lassen die Party zu den Kl\u00e4ngen von \u201eJ.B.O.\u201c ausklingen.","rel":"","context":"In &quot;Acts&quot;","block_context":{"text":"Acts","link":"http:\/\/www.rockpixx.com\/wordpress\/category\/acts\/"},"img":{"alt_text":"J.B.O., 19.07.2025, Eggebek, Shelter Festival 2025","src":"https:\/\/i0.wp.com\/www.rockpixx.com\/wordpress\/wp-content\/uploads\/2025\/07\/20250719-05-042.jpg?resize=350%2C200","width":350,"height":200,"srcset":"https:\/\/i0.wp.com\/www.rockpixx.com\/wordpress\/wp-content\/uploads\/2025\/07\/20250719-05-042.jpg?resize=350%2C200 1x, https:\/\/i0.wp.com\/www.rockpixx.com\/wordpress\/wp-content\/uploads\/2025\/07\/20250719-05-042.jpg?resize=525%2C300 1.5x, https:\/\/i0.wp.com\/www.rockpixx.com\/wordpress\/wp-content\/uploads\/2025\/07\/20250719-05-042.jpg?resize=700%2C400 2x, https:\/\/i0.wp.com\/www.rockpixx.com\/wordpress\/wp-content\/uploads\/2025\/07\/20250719-05-042.jpg?resize=1050%2C600 3x"},"classes":[]},{"id":23039,"url":"http:\/\/www.rockpixx.com\/wordpress\/centurys-crime-18-07-2025-eggebek-shelter-festival\/","url_meta":{"origin":23110,"position":4},"title":"Century&#8217;s Crime, 18.07.2025, Eggebek, Shelter Festival","author":"A. Hahl","date":"22. Juli 2025","format":false,"excerpt":"Und dann kam mein pers\u00f6nliches Highlight des Freitags: \u201eCentury\u2019s Crime\u201c auf der B\u00fchne. Wie der Name schon vermuten l\u00e4sst, gibt es von dieser Band die Musik von Supertramp \u2013 und zwar vom Feinsten.","rel":"","context":"In &quot;Acts&quot;","block_context":{"text":"Acts","link":"http:\/\/www.rockpixx.com\/wordpress\/category\/acts\/"},"img":{"alt_text":"Century's Crime, 18.07.2025, Eggebek, Shelter Festival 2025","src":"https:\/\/i0.wp.com\/www.rockpixx.com\/wordpress\/wp-content\/uploads\/2025\/07\/20250718-04-084.jpg?resize=350%2C200","width":350,"height":200,"srcset":"https:\/\/i0.wp.com\/www.rockpixx.com\/wordpress\/wp-content\/uploads\/2025\/07\/20250718-04-084.jpg?resize=350%2C200 1x, https:\/\/i0.wp.com\/www.rockpixx.com\/wordpress\/wp-content\/uploads\/2025\/07\/20250718-04-084.jpg?resize=525%2C300 1.5x, https:\/\/i0.wp.com\/www.rockpixx.com\/wordpress\/wp-content\/uploads\/2025\/07\/20250718-04-084.jpg?resize=700%2C400 2x, https:\/\/i0.wp.com\/www.rockpixx.com\/wordpress\/wp-content\/uploads\/2025\/07\/20250718-04-084.jpg?resize=1050%2C600 3x"},"classes":[]},{"id":23114,"url":"http:\/\/www.rockpixx.com\/wordpress\/motoerizer-19-07-2025-eggebek-shelter-festival\/","url_meta":{"origin":23110,"position":5},"title":"Mot\u00f6rizer, 19.07.2025, Eggebek, Shelter Festival","author":"A. Hahl","date":"23. Juli 2025","format":false,"excerpt":"\u201eMot\u00f6rizer\u201c ist eine Tribute-Band, die ich schon recht oft fotografiert habe und bei der ich mich stets sehr willkommen aufgenommen gef\u00fchlt habe.","rel":"","context":"In &quot;Acts&quot;","block_context":{"text":"Acts","link":"http:\/\/www.rockpixx.com\/wordpress\/category\/acts\/"},"img":{"alt_text":"Mot\u00f6rizer, 19.07.2025, Eggebek, Shelter Festival 2025","src":"https:\/\/i0.wp.com\/www.rockpixx.com\/wordpress\/wp-content\/uploads\/2025\/07\/20250719-03-048.jpg?resize=350%2C200","width":350,"height":200,"srcset":"https:\/\/i0.wp.com\/www.rockpixx.com\/wordpress\/wp-content\/uploads\/2025\/07\/20250719-03-048.jpg?resize=350%2C200 1x, https:\/\/i0.wp.com\/www.rockpixx.com\/wordpress\/wp-content\/uploads\/2025\/07\/20250719-03-048.jpg?resize=525%2C300 1.5x, https:\/\/i0.wp.com\/www.rockpixx.com\/wordpress\/wp-content\/uploads\/2025\/07\/20250719-03-048.jpg?resize=700%2C400 2x, https:\/\/i0.wp.com\/www.rockpixx.com\/wordpress\/wp-content\/uploads\/2025\/07\/20250719-03-048.jpg?resize=1050%2C600 3x"},"classes":[]}],"jetpack_sharing_enabled":true,"publishpress_future_action":{"enabled":false,"date":"2026-05-08 09:05:25","action":"change-status","newStatus":"draft","terms":[],"taxonomy":"category","extraData":[]},"publishpress_future_workflow_manual_trigger":{"enabledWorkflows":[]},"_links":{"self":[{"href":"http:\/\/www.rockpixx.com\/wordpress\/wp-json\/wp\/v2\/posts\/23110","targetHints":{"allow":["GET"]}}],"collection":[{"href":"http:\/\/www.rockpixx.com\/wordpress\/wp-json\/wp\/v2\/posts"}],"about":[{"href":"http:\/\/www.rockpixx.com\/wordpress\/wp-json\/wp\/v2\/types\/post"}],"author":[{"embeddable":true,"href":"http:\/\/www.rockpixx.com\/wordpress\/wp-json\/wp\/v2\/users\/3"}],"replies":[{"embeddable":true,"href":"http:\/\/www.rockpixx.com\/wordpress\/wp-json\/wp\/v2\/comments?post=23110"}],"version-history":[{"count":3,"href":"http:\/\/www.rockpixx.com\/wordpress\/wp-json\/wp\/v2\/posts\/23110\/revisions"}],"predecessor-version":[{"id":23113,"href":"http:\/\/www.rockpixx.com\/wordpress\/wp-json\/wp\/v2\/posts\/23110\/revisions\/23113"}],"wp:featuredmedia":[{"embeddable":true,"href":"http:\/\/www.rockpixx.com\/wordpress\/wp-json\/wp\/v2\/media\/23109"}],"wp:attachment":[{"href":"http:\/\/www.rockpixx.com\/wordpress\/wp-json\/wp\/v2\/media?parent=23110"}],"wp:term":[{"taxonomy":"category","embeddable":true,"href":"http:\/\/www.rockpixx.com\/wordpress\/wp-json\/wp\/v2\/categories?post=23110"},{"taxonomy":"post_tag","embeddable":true,"href":"http:\/\/www.rockpixx.com\/wordpress\/wp-json\/wp\/v2\/tags?post=23110"}],"curies":[{"name":"wp","href":"https:\/\/api.w.org\/{rel}","templated":true}]}}