{"id":23114,"date":"2025-07-23T18:31:23","date_gmt":"2025-07-23T17:31:23","guid":{"rendered":"http:\/\/www.rockpixx.com\/wordpress\/?p=23114"},"modified":"2025-07-23T18:41:03","modified_gmt":"2025-07-23T17:41:03","slug":"motoerizer-19-07-2025-eggebek-shelter-festival","status":"publish","type":"post","link":"http:\/\/www.rockpixx.com\/wordpress\/motoerizer-19-07-2025-eggebek-shelter-festival\/","title":{"rendered":"Mot\u00f6rizer, 19.07.2025, Eggebek, Shelter Festival"},"content":{"rendered":"\n<p>\u201eMot\u00f6rizer\u201c ist eine Tribute-Band, die ich schon<a href=\"http:\/\/www.rockpixx.com\/wordpress\/tag\/motorizer\/\" title=\"\"> recht oft fotografier<\/a>t habe und bei der ich mich stets sehr willkommen aufgenommen gef\u00fchlt habe. So auch dieses Jahr auf dem \u201eShelter Festival\u201c, wo sie es mir erneut erm\u00f6glichten, onstage zu fotografieren \u2013 herzlichen Dank daf\u00fcr.<\/p>\n\n\n\n<!--more-->\n\n\n\n<p>Zur Musik und der B\u00fchnenperformance gibt es nichts Neues zu schreiben, was nicht auch schon in fast allen anderen Reviews gestanden h\u00e4tte: Gewohnt laut und erdig, sehr nah an der Performance des <a href=\"http:\/\/www.rockpixx.com\/wordpress\/category\/acts\/motoerhead\/\" title=\"\">Originals<\/a> und stets mit einem \u201eCheers\u201c ans Publikum sowie an Lemmy, der bei dieser Band immer von oben zusieht und mith\u00f6rt.<\/p>\n\n\n\n<p>Fazit: Auch bei dieser M\u00f6rderhitze sind wieder alle auf ihre Kosten gekommen, lediglich die Requisite des Bombers \u00fcber dem Drumset musste dieses Mal zu Hause bleiben.<\/p>\n\n\n\n<p>Ach ja: Und endlich konnte ich auch einmal den Techniker Heiko in Action ablichten.<\/p>\n\n\n\n<p> <\/p>\n\n\n\n<figure class=\"wp-block-gallery has-nested-images columns-default is-cropped wp-block-gallery-1 is-layout-flex wp-block-gallery-is-layout-flex\">\n<figure class=\"wp-block-image size-large\"><img loading=\"lazy\" decoding=\"async\" width=\"1024\" height=\"683\" data-attachment-id=\"23116\" data-permalink=\"http:\/\/www.rockpixx.com\/wordpress\/motoerizer-19-07-2025-eggebek-shelter-festival-2025\/\" data-orig-file=\"http:\/\/www.rockpixx.com\/wordpress\/wp-content\/uploads\/2025\/07\/20250719-03-003.jpg\" data-orig-size=\"1200,800\" data-comments-opened=\"0\" data-image-meta=\"{&quot;aperture&quot;:&quot;0&quot;,&quot;credit&quot;:&quot;rockpixx.com | A. Hahl&quot;,&quot;camera&quot;:&quot;&quot;,&quot;caption&quot;:&quot;Mot\\u00f6rizer, 19.07.2025, Eggebek, Shelter Festival 2025&quot;,&quot;created_timestamp&quot;:&quot;1752948107&quot;,&quot;copyright&quot;:&quot;rockpixx.com | A. Hahl&quot;,&quot;focal_length&quot;:&quot;0&quot;,&quot;iso&quot;:&quot;0&quot;,&quot;shutter_speed&quot;:&quot;0&quot;,&quot;title&quot;:&quot;Mot\\u00f6rizer, 19.07.2025, Eggebek, Shelter Festival 2025&quot;,&quot;orientation&quot;:&quot;0&quot;}\" data-image-title=\"Mot\u00f6rizer, 19.07.2025, Eggebek, Shelter Festival 2025\" data-image-description=\"&lt;p&gt;Mot\u00f6rizer, 19.07.2025, Eggebek, Shelter Festival 2025&lt;\/p&gt;\n\" data-image-caption=\"\" data-large-file=\"http:\/\/www.rockpixx.com\/wordpress\/wp-content\/uploads\/2025\/07\/20250719-03-003-1024x683.jpg\" data-id=\"23116\" src=\"http:\/\/www.rockpixx.com\/wordpress\/wp-content\/uploads\/2025\/07\/20250719-03-003-1024x683.jpg\" alt=\"Mot\u00f6rizer, 19.07.2025, Eggebek, Shelter Festival 2025\" class=\"wp-image-23116\" srcset=\"http:\/\/www.rockpixx.com\/wordpress\/wp-content\/uploads\/2025\/07\/20250719-03-003-1024x683.jpg 1024w, http:\/\/www.rockpixx.com\/wordpress\/wp-content\/uploads\/2025\/07\/20250719-03-003-300x200.jpg 300w, http:\/\/www.rockpixx.com\/wordpress\/wp-content\/uploads\/2025\/07\/20250719-03-003-768x512.jpg 768w, http:\/\/www.rockpixx.com\/wordpress\/wp-content\/uploads\/2025\/07\/20250719-03-003-900x600.jpg 900w, http:\/\/www.rockpixx.com\/wordpress\/wp-content\/uploads\/2025\/07\/20250719-03-003-924x616.jpg 924w, http:\/\/www.rockpixx.com\/wordpress\/wp-content\/uploads\/2025\/07\/20250719-03-003.jpg 1200w\" sizes=\"auto, (max-width: 1024px) 100vw, 1024px\" \/><\/figure>\n\n\n\n<figure class=\"wp-block-image size-large\"><img loading=\"lazy\" decoding=\"async\" width=\"1024\" height=\"683\" data-attachment-id=\"23117\" data-permalink=\"http:\/\/www.rockpixx.com\/wordpress\/motoerizer-19-07-2025-eggebek-shelter-festival-2025-2\/\" data-orig-file=\"http:\/\/www.rockpixx.com\/wordpress\/wp-content\/uploads\/2025\/07\/20250719-03-011.jpg\" data-orig-size=\"1200,800\" data-comments-opened=\"0\" data-image-meta=\"{&quot;aperture&quot;:&quot;0&quot;,&quot;credit&quot;:&quot;rockpixx.com | A. Hahl&quot;,&quot;camera&quot;:&quot;&quot;,&quot;caption&quot;:&quot;Mot\\u00f6rizer, 19.07.2025, Eggebek, Shelter Festival 2025&quot;,&quot;created_timestamp&quot;:&quot;1752948184&quot;,&quot;copyright&quot;:&quot;rockpixx.com | A. Hahl&quot;,&quot;focal_length&quot;:&quot;0&quot;,&quot;iso&quot;:&quot;0&quot;,&quot;shutter_speed&quot;:&quot;0&quot;,&quot;title&quot;:&quot;Mot\\u00f6rizer, 19.07.2025, Eggebek, Shelter Festival 2025&quot;,&quot;orientation&quot;:&quot;0&quot;}\" data-image-title=\"Mot\u00f6rizer, 19.07.2025, Eggebek, Shelter Festival 2025\" data-image-description=\"&lt;p&gt;Mot\u00f6rizer, 19.07.2025, Eggebek, Shelter Festival 2025&lt;\/p&gt;\n\" data-image-caption=\"\" data-large-file=\"http:\/\/www.rockpixx.com\/wordpress\/wp-content\/uploads\/2025\/07\/20250719-03-011-1024x683.jpg\" data-id=\"23117\" src=\"http:\/\/www.rockpixx.com\/wordpress\/wp-content\/uploads\/2025\/07\/20250719-03-011-1024x683.jpg\" alt=\"Mot\u00f6rizer, 19.07.2025, Eggebek, Shelter Festival 2025\" class=\"wp-image-23117\" srcset=\"http:\/\/www.rockpixx.com\/wordpress\/wp-content\/uploads\/2025\/07\/20250719-03-011-1024x683.jpg 1024w, http:\/\/www.rockpixx.com\/wordpress\/wp-content\/uploads\/2025\/07\/20250719-03-011-300x200.jpg 300w, http:\/\/www.rockpixx.com\/wordpress\/wp-content\/uploads\/2025\/07\/20250719-03-011-768x512.jpg 768w, http:\/\/www.rockpixx.com\/wordpress\/wp-content\/uploads\/2025\/07\/20250719-03-011-900x600.jpg 900w, http:\/\/www.rockpixx.com\/wordpress\/wp-content\/uploads\/2025\/07\/20250719-03-011-924x616.jpg 924w, http:\/\/www.rockpixx.com\/wordpress\/wp-content\/uploads\/2025\/07\/20250719-03-011.jpg 1200w\" sizes=\"auto, (max-width: 1024px) 100vw, 1024px\" \/><\/figure>\n\n\n\n<figure class=\"wp-block-image size-large\"><img loading=\"lazy\" decoding=\"async\" width=\"1024\" height=\"683\" data-attachment-id=\"23118\" data-permalink=\"http:\/\/www.rockpixx.com\/wordpress\/motoerizer-19-07-2025-eggebek-shelter-festival-2025-3\/\" data-orig-file=\"http:\/\/www.rockpixx.com\/wordpress\/wp-content\/uploads\/2025\/07\/20250719-03-013.jpg\" data-orig-size=\"1200,800\" data-comments-opened=\"0\" data-image-meta=\"{&quot;aperture&quot;:&quot;0&quot;,&quot;credit&quot;:&quot;rockpixx.com | A. Hahl&quot;,&quot;camera&quot;:&quot;&quot;,&quot;caption&quot;:&quot;Mot\\u00f6rizer, 19.07.2025, Eggebek, Shelter Festival 2025&quot;,&quot;created_timestamp&quot;:&quot;1752948215&quot;,&quot;copyright&quot;:&quot;rockpixx.com | A. Hahl&quot;,&quot;focal_length&quot;:&quot;0&quot;,&quot;iso&quot;:&quot;0&quot;,&quot;shutter_speed&quot;:&quot;0&quot;,&quot;title&quot;:&quot;Mot\\u00f6rizer, 19.07.2025, Eggebek, Shelter Festival 2025&quot;,&quot;orientation&quot;:&quot;0&quot;}\" data-image-title=\"Mot\u00f6rizer, 19.07.2025, Eggebek, Shelter Festival 2025\" data-image-description=\"&lt;p&gt;Mot\u00f6rizer, 19.07.2025, Eggebek, Shelter Festival 2025&lt;\/p&gt;\n\" data-image-caption=\"\" data-large-file=\"http:\/\/www.rockpixx.com\/wordpress\/wp-content\/uploads\/2025\/07\/20250719-03-013-1024x683.jpg\" data-id=\"23118\" src=\"http:\/\/www.rockpixx.com\/wordpress\/wp-content\/uploads\/2025\/07\/20250719-03-013-1024x683.jpg\" alt=\"Mot\u00f6rizer, 19.07.2025, Eggebek, Shelter Festival 2025\" class=\"wp-image-23118\" srcset=\"http:\/\/www.rockpixx.com\/wordpress\/wp-content\/uploads\/2025\/07\/20250719-03-013-1024x683.jpg 1024w, http:\/\/www.rockpixx.com\/wordpress\/wp-content\/uploads\/2025\/07\/20250719-03-013-300x200.jpg 300w, http:\/\/www.rockpixx.com\/wordpress\/wp-content\/uploads\/2025\/07\/20250719-03-013-768x512.jpg 768w, http:\/\/www.rockpixx.com\/wordpress\/wp-content\/uploads\/2025\/07\/20250719-03-013-900x600.jpg 900w, http:\/\/www.rockpixx.com\/wordpress\/wp-content\/uploads\/2025\/07\/20250719-03-013-924x616.jpg 924w, http:\/\/www.rockpixx.com\/wordpress\/wp-content\/uploads\/2025\/07\/20250719-03-013.jpg 1200w\" sizes=\"auto, (max-width: 1024px) 100vw, 1024px\" \/><\/figure>\n\n\n\n<figure class=\"wp-block-image size-large\"><img loading=\"lazy\" decoding=\"async\" width=\"1024\" height=\"683\" data-attachment-id=\"23119\" data-permalink=\"http:\/\/www.rockpixx.com\/wordpress\/motoerizer-19-07-2025-eggebek-shelter-festival-2025-4\/\" data-orig-file=\"http:\/\/www.rockpixx.com\/wordpress\/wp-content\/uploads\/2025\/07\/20250719-03-026.jpg\" data-orig-size=\"1200,800\" data-comments-opened=\"0\" data-image-meta=\"{&quot;aperture&quot;:&quot;0&quot;,&quot;credit&quot;:&quot;rockpixx.com | A. Hahl&quot;,&quot;camera&quot;:&quot;&quot;,&quot;caption&quot;:&quot;Mot\\u00f6rizer, 19.07.2025, Eggebek, Shelter Festival 2025&quot;,&quot;created_timestamp&quot;:&quot;1752948542&quot;,&quot;copyright&quot;:&quot;rockpixx.com | A. Hahl&quot;,&quot;focal_length&quot;:&quot;0&quot;,&quot;iso&quot;:&quot;0&quot;,&quot;shutter_speed&quot;:&quot;0&quot;,&quot;title&quot;:&quot;Mot\\u00f6rizer, 19.07.2025, Eggebek, Shelter Festival 2025&quot;,&quot;orientation&quot;:&quot;0&quot;}\" data-image-title=\"Mot\u00f6rizer, 19.07.2025, Eggebek, Shelter Festival 2025\" data-image-description=\"&lt;p&gt;Mot\u00f6rizer, 19.07.2025, Eggebek, Shelter Festival 2025&lt;\/p&gt;\n\" data-image-caption=\"\" data-large-file=\"http:\/\/www.rockpixx.com\/wordpress\/wp-content\/uploads\/2025\/07\/20250719-03-026-1024x683.jpg\" data-id=\"23119\" src=\"http:\/\/www.rockpixx.com\/wordpress\/wp-content\/uploads\/2025\/07\/20250719-03-026-1024x683.jpg\" alt=\"Mot\u00f6rizer, 19.07.2025, Eggebek, Shelter Festival 2025\" class=\"wp-image-23119\" srcset=\"http:\/\/www.rockpixx.com\/wordpress\/wp-content\/uploads\/2025\/07\/20250719-03-026-1024x683.jpg 1024w, http:\/\/www.rockpixx.com\/wordpress\/wp-content\/uploads\/2025\/07\/20250719-03-026-300x200.jpg 300w, http:\/\/www.rockpixx.com\/wordpress\/wp-content\/uploads\/2025\/07\/20250719-03-026-768x512.jpg 768w, http:\/\/www.rockpixx.com\/wordpress\/wp-content\/uploads\/2025\/07\/20250719-03-026-900x600.jpg 900w, http:\/\/www.rockpixx.com\/wordpress\/wp-content\/uploads\/2025\/07\/20250719-03-026-924x616.jpg 924w, http:\/\/www.rockpixx.com\/wordpress\/wp-content\/uploads\/2025\/07\/20250719-03-026.jpg 1200w\" sizes=\"auto, (max-width: 1024px) 100vw, 1024px\" \/><\/figure>\n\n\n\n<figure class=\"wp-block-image size-large\"><img loading=\"lazy\" decoding=\"async\" width=\"1024\" height=\"683\" data-attachment-id=\"23120\" data-permalink=\"http:\/\/www.rockpixx.com\/wordpress\/motoerizer-19-07-2025-eggebek-shelter-festival-2025-5\/\" data-orig-file=\"http:\/\/www.rockpixx.com\/wordpress\/wp-content\/uploads\/2025\/07\/20250719-03-027.jpg\" data-orig-size=\"1200,800\" data-comments-opened=\"0\" data-image-meta=\"{&quot;aperture&quot;:&quot;0&quot;,&quot;credit&quot;:&quot;rockpixx.com | A. Hahl&quot;,&quot;camera&quot;:&quot;&quot;,&quot;caption&quot;:&quot;Mot\\u00f6rizer, 19.07.2025, Eggebek, Shelter Festival 2025&quot;,&quot;created_timestamp&quot;:&quot;1752948704&quot;,&quot;copyright&quot;:&quot;rockpixx.com | A. Hahl&quot;,&quot;focal_length&quot;:&quot;0&quot;,&quot;iso&quot;:&quot;0&quot;,&quot;shutter_speed&quot;:&quot;0&quot;,&quot;title&quot;:&quot;Mot\\u00f6rizer, 19.07.2025, Eggebek, Shelter Festival 2025&quot;,&quot;orientation&quot;:&quot;0&quot;}\" data-image-title=\"Mot\u00f6rizer, 19.07.2025, Eggebek, Shelter Festival 2025\" data-image-description=\"&lt;p&gt;Mot\u00f6rizer, 19.07.2025, Eggebek, Shelter Festival 2025&lt;\/p&gt;\n\" data-image-caption=\"\" data-large-file=\"http:\/\/www.rockpixx.com\/wordpress\/wp-content\/uploads\/2025\/07\/20250719-03-027-1024x683.jpg\" data-id=\"23120\" src=\"http:\/\/www.rockpixx.com\/wordpress\/wp-content\/uploads\/2025\/07\/20250719-03-027-1024x683.jpg\" alt=\"Mot\u00f6rizer, 19.07.2025, Eggebek, Shelter Festival 2025\" class=\"wp-image-23120\" srcset=\"http:\/\/www.rockpixx.com\/wordpress\/wp-content\/uploads\/2025\/07\/20250719-03-027-1024x683.jpg 1024w, http:\/\/www.rockpixx.com\/wordpress\/wp-content\/uploads\/2025\/07\/20250719-03-027-300x200.jpg 300w, http:\/\/www.rockpixx.com\/wordpress\/wp-content\/uploads\/2025\/07\/20250719-03-027-768x512.jpg 768w, http:\/\/www.rockpixx.com\/wordpress\/wp-content\/uploads\/2025\/07\/20250719-03-027-900x600.jpg 900w, http:\/\/www.rockpixx.com\/wordpress\/wp-content\/uploads\/2025\/07\/20250719-03-027-924x616.jpg 924w, http:\/\/www.rockpixx.com\/wordpress\/wp-content\/uploads\/2025\/07\/20250719-03-027.jpg 1200w\" sizes=\"auto, (max-width: 1024px) 100vw, 1024px\" \/><\/figure>\n\n\n\n<figure class=\"wp-block-image size-large\"><img loading=\"lazy\" decoding=\"async\" width=\"1024\" height=\"683\" data-attachment-id=\"23121\" data-permalink=\"http:\/\/www.rockpixx.com\/wordpress\/motoerizer-19-07-2025-eggebek-shelter-festival-2025-6\/\" data-orig-file=\"http:\/\/www.rockpixx.com\/wordpress\/wp-content\/uploads\/2025\/07\/20250719-03-031.jpg\" data-orig-size=\"1200,800\" data-comments-opened=\"0\" data-image-meta=\"{&quot;aperture&quot;:&quot;0&quot;,&quot;credit&quot;:&quot;rockpixx.com | A. Hahl&quot;,&quot;camera&quot;:&quot;&quot;,&quot;caption&quot;:&quot;Mot\\u00f6rizer, 19.07.2025, Eggebek, Shelter Festival 2025&quot;,&quot;created_timestamp&quot;:&quot;1752948741&quot;,&quot;copyright&quot;:&quot;rockpixx.com | A. Hahl&quot;,&quot;focal_length&quot;:&quot;0&quot;,&quot;iso&quot;:&quot;0&quot;,&quot;shutter_speed&quot;:&quot;0&quot;,&quot;title&quot;:&quot;Mot\\u00f6rizer, 19.07.2025, Eggebek, Shelter Festival 2025&quot;,&quot;orientation&quot;:&quot;0&quot;}\" data-image-title=\"Mot\u00f6rizer, 19.07.2025, Eggebek, Shelter Festival 2025\" data-image-description=\"&lt;p&gt;Mot\u00f6rizer, 19.07.2025, Eggebek, Shelter Festival 2025&lt;\/p&gt;\n\" data-image-caption=\"\" data-large-file=\"http:\/\/www.rockpixx.com\/wordpress\/wp-content\/uploads\/2025\/07\/20250719-03-031-1024x683.jpg\" data-id=\"23121\" src=\"http:\/\/www.rockpixx.com\/wordpress\/wp-content\/uploads\/2025\/07\/20250719-03-031-1024x683.jpg\" alt=\"Mot\u00f6rizer, 19.07.2025, Eggebek, Shelter Festival 2025\" class=\"wp-image-23121\" srcset=\"http:\/\/www.rockpixx.com\/wordpress\/wp-content\/uploads\/2025\/07\/20250719-03-031-1024x683.jpg 1024w, http:\/\/www.rockpixx.com\/wordpress\/wp-content\/uploads\/2025\/07\/20250719-03-031-300x200.jpg 300w, http:\/\/www.rockpixx.com\/wordpress\/wp-content\/uploads\/2025\/07\/20250719-03-031-768x512.jpg 768w, http:\/\/www.rockpixx.com\/wordpress\/wp-content\/uploads\/2025\/07\/20250719-03-031-900x600.jpg 900w, http:\/\/www.rockpixx.com\/wordpress\/wp-content\/uploads\/2025\/07\/20250719-03-031-924x616.jpg 924w, http:\/\/www.rockpixx.com\/wordpress\/wp-content\/uploads\/2025\/07\/20250719-03-031.jpg 1200w\" sizes=\"auto, (max-width: 1024px) 100vw, 1024px\" \/><\/figure>\n\n\n\n<figure class=\"wp-block-image size-large\"><img loading=\"lazy\" decoding=\"async\" width=\"1024\" height=\"683\" data-attachment-id=\"23122\" data-permalink=\"http:\/\/www.rockpixx.com\/wordpress\/motoerizer-19-07-2025-eggebek-shelter-festival-2025-7\/\" data-orig-file=\"http:\/\/www.rockpixx.com\/wordpress\/wp-content\/uploads\/2025\/07\/20250719-03-034.jpg\" data-orig-size=\"1200,800\" data-comments-opened=\"0\" data-image-meta=\"{&quot;aperture&quot;:&quot;0&quot;,&quot;credit&quot;:&quot;rockpixx.com | A. Hahl&quot;,&quot;camera&quot;:&quot;&quot;,&quot;caption&quot;:&quot;Mot\\u00f6rizer, 19.07.2025, Eggebek, Shelter Festival 2025&quot;,&quot;created_timestamp&quot;:&quot;1752948771&quot;,&quot;copyright&quot;:&quot;rockpixx.com | A. Hahl&quot;,&quot;focal_length&quot;:&quot;0&quot;,&quot;iso&quot;:&quot;0&quot;,&quot;shutter_speed&quot;:&quot;0&quot;,&quot;title&quot;:&quot;Mot\\u00f6rizer, 19.07.2025, Eggebek, Shelter Festival 2025&quot;,&quot;orientation&quot;:&quot;0&quot;}\" data-image-title=\"Mot\u00f6rizer, 19.07.2025, Eggebek, Shelter Festival 2025\" data-image-description=\"&lt;p&gt;Mot\u00f6rizer, 19.07.2025, Eggebek, Shelter Festival 2025&lt;\/p&gt;\n\" data-image-caption=\"\" data-large-file=\"http:\/\/www.rockpixx.com\/wordpress\/wp-content\/uploads\/2025\/07\/20250719-03-034-1024x683.jpg\" data-id=\"23122\" src=\"http:\/\/www.rockpixx.com\/wordpress\/wp-content\/uploads\/2025\/07\/20250719-03-034-1024x683.jpg\" alt=\"Mot\u00f6rizer, 19.07.2025, Eggebek, Shelter Festival 2025\" class=\"wp-image-23122\" srcset=\"http:\/\/www.rockpixx.com\/wordpress\/wp-content\/uploads\/2025\/07\/20250719-03-034-1024x683.jpg 1024w, http:\/\/www.rockpixx.com\/wordpress\/wp-content\/uploads\/2025\/07\/20250719-03-034-300x200.jpg 300w, http:\/\/www.rockpixx.com\/wordpress\/wp-content\/uploads\/2025\/07\/20250719-03-034-768x512.jpg 768w, http:\/\/www.rockpixx.com\/wordpress\/wp-content\/uploads\/2025\/07\/20250719-03-034-900x600.jpg 900w, http:\/\/www.rockpixx.com\/wordpress\/wp-content\/uploads\/2025\/07\/20250719-03-034-924x616.jpg 924w, http:\/\/www.rockpixx.com\/wordpress\/wp-content\/uploads\/2025\/07\/20250719-03-034.jpg 1200w\" sizes=\"auto, (max-width: 1024px) 100vw, 1024px\" \/><\/figure>\n\n\n\n<figure class=\"wp-block-image size-large\"><img loading=\"lazy\" decoding=\"async\" width=\"1024\" height=\"683\" data-attachment-id=\"23123\" data-permalink=\"http:\/\/www.rockpixx.com\/wordpress\/motoerizer-19-07-2025-eggebek-shelter-festival-2025-8\/\" data-orig-file=\"http:\/\/www.rockpixx.com\/wordpress\/wp-content\/uploads\/2025\/07\/20250719-03-040.jpg\" data-orig-size=\"1200,800\" data-comments-opened=\"0\" data-image-meta=\"{&quot;aperture&quot;:&quot;0&quot;,&quot;credit&quot;:&quot;rockpixx.com | A. Hahl&quot;,&quot;camera&quot;:&quot;&quot;,&quot;caption&quot;:&quot;Mot\\u00f6rizer, 19.07.2025, Eggebek, Shelter Festival 2025&quot;,&quot;created_timestamp&quot;:&quot;1752948986&quot;,&quot;copyright&quot;:&quot;rockpixx.com | A. Hahl&quot;,&quot;focal_length&quot;:&quot;0&quot;,&quot;iso&quot;:&quot;0&quot;,&quot;shutter_speed&quot;:&quot;0&quot;,&quot;title&quot;:&quot;Mot\\u00f6rizer, 19.07.2025, Eggebek, Shelter Festival 2025&quot;,&quot;orientation&quot;:&quot;0&quot;}\" data-image-title=\"Mot\u00f6rizer, 19.07.2025, Eggebek, Shelter Festival 2025\" data-image-description=\"&lt;p&gt;Mot\u00f6rizer, 19.07.2025, Eggebek, Shelter Festival 2025&lt;\/p&gt;\n\" data-image-caption=\"\" data-large-file=\"http:\/\/www.rockpixx.com\/wordpress\/wp-content\/uploads\/2025\/07\/20250719-03-040-1024x683.jpg\" data-id=\"23123\" src=\"http:\/\/www.rockpixx.com\/wordpress\/wp-content\/uploads\/2025\/07\/20250719-03-040-1024x683.jpg\" alt=\"Mot\u00f6rizer, 19.07.2025, Eggebek, Shelter Festival 2025\" class=\"wp-image-23123\" srcset=\"http:\/\/www.rockpixx.com\/wordpress\/wp-content\/uploads\/2025\/07\/20250719-03-040-1024x683.jpg 1024w, http:\/\/www.rockpixx.com\/wordpress\/wp-content\/uploads\/2025\/07\/20250719-03-040-300x200.jpg 300w, http:\/\/www.rockpixx.com\/wordpress\/wp-content\/uploads\/2025\/07\/20250719-03-040-768x512.jpg 768w, http:\/\/www.rockpixx.com\/wordpress\/wp-content\/uploads\/2025\/07\/20250719-03-040-900x600.jpg 900w, http:\/\/www.rockpixx.com\/wordpress\/wp-content\/uploads\/2025\/07\/20250719-03-040-924x616.jpg 924w, http:\/\/www.rockpixx.com\/wordpress\/wp-content\/uploads\/2025\/07\/20250719-03-040.jpg 1200w\" sizes=\"auto, (max-width: 1024px) 100vw, 1024px\" \/><\/figure>\n\n\n\n<figure class=\"wp-block-image size-large\"><img loading=\"lazy\" decoding=\"async\" width=\"1024\" height=\"683\" data-attachment-id=\"23124\" data-permalink=\"http:\/\/www.rockpixx.com\/wordpress\/motoerizer-19-07-2025-eggebek-shelter-festival-2025-9\/\" data-orig-file=\"http:\/\/www.rockpixx.com\/wordpress\/wp-content\/uploads\/2025\/07\/20250719-03-046.jpg\" data-orig-size=\"1200,800\" data-comments-opened=\"0\" data-image-meta=\"{&quot;aperture&quot;:&quot;0&quot;,&quot;credit&quot;:&quot;rockpixx.com | A. Hahl&quot;,&quot;camera&quot;:&quot;&quot;,&quot;caption&quot;:&quot;Mot\\u00f6rizer, 19.07.2025, Eggebek, Shelter Festival 2025&quot;,&quot;created_timestamp&quot;:&quot;1752949085&quot;,&quot;copyright&quot;:&quot;rockpixx.com | A. Hahl&quot;,&quot;focal_length&quot;:&quot;0&quot;,&quot;iso&quot;:&quot;0&quot;,&quot;shutter_speed&quot;:&quot;0&quot;,&quot;title&quot;:&quot;Mot\\u00f6rizer, 19.07.2025, Eggebek, Shelter Festival 2025&quot;,&quot;orientation&quot;:&quot;0&quot;}\" data-image-title=\"Mot\u00f6rizer, 19.07.2025, Eggebek, Shelter Festival 2025\" data-image-description=\"&lt;p&gt;Mot\u00f6rizer, 19.07.2025, Eggebek, Shelter Festival 2025&lt;\/p&gt;\n\" data-image-caption=\"\" data-large-file=\"http:\/\/www.rockpixx.com\/wordpress\/wp-content\/uploads\/2025\/07\/20250719-03-046-1024x683.jpg\" data-id=\"23124\" src=\"http:\/\/www.rockpixx.com\/wordpress\/wp-content\/uploads\/2025\/07\/20250719-03-046-1024x683.jpg\" alt=\"Mot\u00f6rizer, 19.07.2025, Eggebek, Shelter Festival 2025\" class=\"wp-image-23124\" srcset=\"http:\/\/www.rockpixx.com\/wordpress\/wp-content\/uploads\/2025\/07\/20250719-03-046-1024x683.jpg 1024w, http:\/\/www.rockpixx.com\/wordpress\/wp-content\/uploads\/2025\/07\/20250719-03-046-300x200.jpg 300w, http:\/\/www.rockpixx.com\/wordpress\/wp-content\/uploads\/2025\/07\/20250719-03-046-768x512.jpg 768w, http:\/\/www.rockpixx.com\/wordpress\/wp-content\/uploads\/2025\/07\/20250719-03-046-900x600.jpg 900w, http:\/\/www.rockpixx.com\/wordpress\/wp-content\/uploads\/2025\/07\/20250719-03-046-924x616.jpg 924w, http:\/\/www.rockpixx.com\/wordpress\/wp-content\/uploads\/2025\/07\/20250719-03-046.jpg 1200w\" sizes=\"auto, (max-width: 1024px) 100vw, 1024px\" \/><\/figure>\n\n\n\n<figure class=\"wp-block-image size-large\"><img loading=\"lazy\" decoding=\"async\" width=\"1024\" height=\"683\" data-attachment-id=\"23125\" data-permalink=\"http:\/\/www.rockpixx.com\/wordpress\/motoerizer-19-07-2025-eggebek-shelter-festival-2025-10\/\" data-orig-file=\"http:\/\/www.rockpixx.com\/wordpress\/wp-content\/uploads\/2025\/07\/20250719-03-048.jpg\" data-orig-size=\"1200,800\" data-comments-opened=\"0\" data-image-meta=\"{&quot;aperture&quot;:&quot;0&quot;,&quot;credit&quot;:&quot;rockpixx.com | A. Hahl&quot;,&quot;camera&quot;:&quot;&quot;,&quot;caption&quot;:&quot;Mot\\u00f6rizer, 19.07.2025, Eggebek, Shelter Festival 2025&quot;,&quot;created_timestamp&quot;:&quot;1752949133&quot;,&quot;copyright&quot;:&quot;rockpixx.com | A. Hahl&quot;,&quot;focal_length&quot;:&quot;0&quot;,&quot;iso&quot;:&quot;0&quot;,&quot;shutter_speed&quot;:&quot;0&quot;,&quot;title&quot;:&quot;Mot\\u00f6rizer, 19.07.2025, Eggebek, Shelter Festival 2025&quot;,&quot;orientation&quot;:&quot;0&quot;}\" data-image-title=\"Mot\u00f6rizer, 19.07.2025, Eggebek, Shelter Festival 2025\" data-image-description=\"&lt;p&gt;Mot\u00f6rizer, 19.07.2025, Eggebek, Shelter Festival 2025&lt;\/p&gt;\n\" data-image-caption=\"\" data-large-file=\"http:\/\/www.rockpixx.com\/wordpress\/wp-content\/uploads\/2025\/07\/20250719-03-048-1024x683.jpg\" data-id=\"23125\" src=\"http:\/\/www.rockpixx.com\/wordpress\/wp-content\/uploads\/2025\/07\/20250719-03-048-1024x683.jpg\" alt=\"Mot\u00f6rizer, 19.07.2025, Eggebek, Shelter Festival 2025\" class=\"wp-image-23125\" srcset=\"http:\/\/www.rockpixx.com\/wordpress\/wp-content\/uploads\/2025\/07\/20250719-03-048-1024x683.jpg 1024w, http:\/\/www.rockpixx.com\/wordpress\/wp-content\/uploads\/2025\/07\/20250719-03-048-300x200.jpg 300w, http:\/\/www.rockpixx.com\/wordpress\/wp-content\/uploads\/2025\/07\/20250719-03-048-768x512.jpg 768w, http:\/\/www.rockpixx.com\/wordpress\/wp-content\/uploads\/2025\/07\/20250719-03-048-900x600.jpg 900w, http:\/\/www.rockpixx.com\/wordpress\/wp-content\/uploads\/2025\/07\/20250719-03-048-924x616.jpg 924w, http:\/\/www.rockpixx.com\/wordpress\/wp-content\/uploads\/2025\/07\/20250719-03-048.jpg 1200w\" sizes=\"auto, (max-width: 1024px) 100vw, 1024px\" \/><\/figure>\n\n\n\n<figure class=\"wp-block-image size-large\"><img loading=\"lazy\" decoding=\"async\" width=\"1024\" height=\"683\" data-attachment-id=\"23126\" data-permalink=\"http:\/\/www.rockpixx.com\/wordpress\/motoerizer-19-07-2025-eggebek-shelter-festival-2025-11\/\" data-orig-file=\"http:\/\/www.rockpixx.com\/wordpress\/wp-content\/uploads\/2025\/07\/20250719-03-050.jpg\" data-orig-size=\"1200,800\" data-comments-opened=\"0\" data-image-meta=\"{&quot;aperture&quot;:&quot;0&quot;,&quot;credit&quot;:&quot;rockpixx.com | A. Hahl&quot;,&quot;camera&quot;:&quot;&quot;,&quot;caption&quot;:&quot;Mot\\u00f6rizer, 19.07.2025, Eggebek, Shelter Festival 2025&quot;,&quot;created_timestamp&quot;:&quot;1752949167&quot;,&quot;copyright&quot;:&quot;rockpixx.com | A. Hahl&quot;,&quot;focal_length&quot;:&quot;0&quot;,&quot;iso&quot;:&quot;0&quot;,&quot;shutter_speed&quot;:&quot;0&quot;,&quot;title&quot;:&quot;Mot\\u00f6rizer, 19.07.2025, Eggebek, Shelter Festival 2025&quot;,&quot;orientation&quot;:&quot;0&quot;}\" data-image-title=\"Mot\u00f6rizer, 19.07.2025, Eggebek, Shelter Festival 2025\" data-image-description=\"&lt;p&gt;Mot\u00f6rizer, 19.07.2025, Eggebek, Shelter Festival 2025&lt;\/p&gt;\n\" data-image-caption=\"\" data-large-file=\"http:\/\/www.rockpixx.com\/wordpress\/wp-content\/uploads\/2025\/07\/20250719-03-050-1024x683.jpg\" data-id=\"23126\" src=\"http:\/\/www.rockpixx.com\/wordpress\/wp-content\/uploads\/2025\/07\/20250719-03-050-1024x683.jpg\" alt=\"Mot\u00f6rizer, 19.07.2025, Eggebek, Shelter Festival 2025\" class=\"wp-image-23126\" srcset=\"http:\/\/www.rockpixx.com\/wordpress\/wp-content\/uploads\/2025\/07\/20250719-03-050-1024x683.jpg 1024w, http:\/\/www.rockpixx.com\/wordpress\/wp-content\/uploads\/2025\/07\/20250719-03-050-300x200.jpg 300w, http:\/\/www.rockpixx.com\/wordpress\/wp-content\/uploads\/2025\/07\/20250719-03-050-768x512.jpg 768w, http:\/\/www.rockpixx.com\/wordpress\/wp-content\/uploads\/2025\/07\/20250719-03-050-900x600.jpg 900w, http:\/\/www.rockpixx.com\/wordpress\/wp-content\/uploads\/2025\/07\/20250719-03-050-924x616.jpg 924w, http:\/\/www.rockpixx.com\/wordpress\/wp-content\/uploads\/2025\/07\/20250719-03-050.jpg 1200w\" sizes=\"auto, (max-width: 1024px) 100vw, 1024px\" \/><\/figure>\n\n\n\n<figure class=\"wp-block-image size-large\"><img loading=\"lazy\" decoding=\"async\" width=\"1024\" height=\"683\" data-attachment-id=\"23127\" data-permalink=\"http:\/\/www.rockpixx.com\/wordpress\/motoerizer-19-07-2025-eggebek-shelter-festival-2025-12\/\" data-orig-file=\"http:\/\/www.rockpixx.com\/wordpress\/wp-content\/uploads\/2025\/07\/20250719-03-053.jpg\" data-orig-size=\"1200,800\" data-comments-opened=\"0\" data-image-meta=\"{&quot;aperture&quot;:&quot;0&quot;,&quot;credit&quot;:&quot;rockpixx.com | A. Hahl&quot;,&quot;camera&quot;:&quot;&quot;,&quot;caption&quot;:&quot;Mot\\u00f6rizer, 19.07.2025, Eggebek, Shelter Festival 2025&quot;,&quot;created_timestamp&quot;:&quot;1752950591&quot;,&quot;copyright&quot;:&quot;rockpixx.com | A. Hahl&quot;,&quot;focal_length&quot;:&quot;0&quot;,&quot;iso&quot;:&quot;0&quot;,&quot;shutter_speed&quot;:&quot;0&quot;,&quot;title&quot;:&quot;Mot\\u00f6rizer, 19.07.2025, Eggebek, Shelter Festival 2025&quot;,&quot;orientation&quot;:&quot;0&quot;}\" data-image-title=\"Mot\u00f6rizer, 19.07.2025, Eggebek, Shelter Festival 2025\" data-image-description=\"&lt;p&gt;Mot\u00f6rizer, 19.07.2025, Eggebek, Shelter Festival 2025&lt;\/p&gt;\n\" data-image-caption=\"\" data-large-file=\"http:\/\/www.rockpixx.com\/wordpress\/wp-content\/uploads\/2025\/07\/20250719-03-053-1024x683.jpg\" data-id=\"23127\" src=\"http:\/\/www.rockpixx.com\/wordpress\/wp-content\/uploads\/2025\/07\/20250719-03-053-1024x683.jpg\" alt=\"Mot\u00f6rizer, 19.07.2025, Eggebek, Shelter Festival 2025\" class=\"wp-image-23127\" srcset=\"http:\/\/www.rockpixx.com\/wordpress\/wp-content\/uploads\/2025\/07\/20250719-03-053-1024x683.jpg 1024w, http:\/\/www.rockpixx.com\/wordpress\/wp-content\/uploads\/2025\/07\/20250719-03-053-300x200.jpg 300w, http:\/\/www.rockpixx.com\/wordpress\/wp-content\/uploads\/2025\/07\/20250719-03-053-768x512.jpg 768w, http:\/\/www.rockpixx.com\/wordpress\/wp-content\/uploads\/2025\/07\/20250719-03-053-900x600.jpg 900w, http:\/\/www.rockpixx.com\/wordpress\/wp-content\/uploads\/2025\/07\/20250719-03-053-924x616.jpg 924w, http:\/\/www.rockpixx.com\/wordpress\/wp-content\/uploads\/2025\/07\/20250719-03-053.jpg 1200w\" sizes=\"auto, (max-width: 1024px) 100vw, 1024px\" \/><\/figure>\n\n\n\n<figure class=\"wp-block-image size-large\"><img loading=\"lazy\" decoding=\"async\" width=\"1024\" height=\"683\" data-attachment-id=\"23128\" data-permalink=\"http:\/\/www.rockpixx.com\/wordpress\/motoerizer-19-07-2025-eggebek-shelter-festival-2025-13\/\" data-orig-file=\"http:\/\/www.rockpixx.com\/wordpress\/wp-content\/uploads\/2025\/07\/20250719-03-055.jpg\" data-orig-size=\"1200,800\" data-comments-opened=\"0\" data-image-meta=\"{&quot;aperture&quot;:&quot;0&quot;,&quot;credit&quot;:&quot;rockpixx.com | A. Hahl&quot;,&quot;camera&quot;:&quot;&quot;,&quot;caption&quot;:&quot;Mot\\u00f6rizer, 19.07.2025, Eggebek, Shelter Festival 2025&quot;,&quot;created_timestamp&quot;:&quot;1752951008&quot;,&quot;copyright&quot;:&quot;rockpixx.com | A. Hahl&quot;,&quot;focal_length&quot;:&quot;0&quot;,&quot;iso&quot;:&quot;0&quot;,&quot;shutter_speed&quot;:&quot;0&quot;,&quot;title&quot;:&quot;Mot\\u00f6rizer, 19.07.2025, Eggebek, Shelter Festival 2025&quot;,&quot;orientation&quot;:&quot;0&quot;}\" data-image-title=\"Mot\u00f6rizer, 19.07.2025, Eggebek, Shelter Festival 2025\" data-image-description=\"&lt;p&gt;Mot\u00f6rizer, 19.07.2025, Eggebek, Shelter Festival 2025&lt;\/p&gt;\n\" data-image-caption=\"\" data-large-file=\"http:\/\/www.rockpixx.com\/wordpress\/wp-content\/uploads\/2025\/07\/20250719-03-055-1024x683.jpg\" data-id=\"23128\" src=\"http:\/\/www.rockpixx.com\/wordpress\/wp-content\/uploads\/2025\/07\/20250719-03-055-1024x683.jpg\" alt=\"Mot\u00f6rizer, 19.07.2025, Eggebek, Shelter Festival 2025\" class=\"wp-image-23128\" srcset=\"http:\/\/www.rockpixx.com\/wordpress\/wp-content\/uploads\/2025\/07\/20250719-03-055-1024x683.jpg 1024w, http:\/\/www.rockpixx.com\/wordpress\/wp-content\/uploads\/2025\/07\/20250719-03-055-300x200.jpg 300w, http:\/\/www.rockpixx.com\/wordpress\/wp-content\/uploads\/2025\/07\/20250719-03-055-768x512.jpg 768w, http:\/\/www.rockpixx.com\/wordpress\/wp-content\/uploads\/2025\/07\/20250719-03-055-900x600.jpg 900w, http:\/\/www.rockpixx.com\/wordpress\/wp-content\/uploads\/2025\/07\/20250719-03-055-924x616.jpg 924w, http:\/\/www.rockpixx.com\/wordpress\/wp-content\/uploads\/2025\/07\/20250719-03-055.jpg 1200w\" sizes=\"auto, (max-width: 1024px) 100vw, 1024px\" \/><\/figure>\n\n\n\n<figure class=\"wp-block-image size-large\"><img loading=\"lazy\" decoding=\"async\" width=\"1024\" height=\"683\" data-attachment-id=\"23129\" data-permalink=\"http:\/\/www.rockpixx.com\/wordpress\/motoerizer-19-07-2025-eggebek-shelter-festival-2025-14\/\" data-orig-file=\"http:\/\/www.rockpixx.com\/wordpress\/wp-content\/uploads\/2025\/07\/20250719-03-063.jpg\" data-orig-size=\"1200,800\" data-comments-opened=\"0\" data-image-meta=\"{&quot;aperture&quot;:&quot;0&quot;,&quot;credit&quot;:&quot;rockpixx.com | A. Hahl&quot;,&quot;camera&quot;:&quot;&quot;,&quot;caption&quot;:&quot;Mot\\u00f6rizer, 19.07.2025, Eggebek, Shelter Festival 2025&quot;,&quot;created_timestamp&quot;:&quot;1752951193&quot;,&quot;copyright&quot;:&quot;rockpixx.com | A. Hahl&quot;,&quot;focal_length&quot;:&quot;0&quot;,&quot;iso&quot;:&quot;0&quot;,&quot;shutter_speed&quot;:&quot;0&quot;,&quot;title&quot;:&quot;Mot\\u00f6rizer, 19.07.2025, Eggebek, Shelter Festival 2025&quot;,&quot;orientation&quot;:&quot;0&quot;}\" data-image-title=\"Mot\u00f6rizer, 19.07.2025, Eggebek, Shelter Festival 2025\" data-image-description=\"&lt;p&gt;Mot\u00f6rizer, 19.07.2025, Eggebek, Shelter Festival 2025&lt;\/p&gt;\n\" data-image-caption=\"\" data-large-file=\"http:\/\/www.rockpixx.com\/wordpress\/wp-content\/uploads\/2025\/07\/20250719-03-063-1024x683.jpg\" data-id=\"23129\" src=\"http:\/\/www.rockpixx.com\/wordpress\/wp-content\/uploads\/2025\/07\/20250719-03-063-1024x683.jpg\" alt=\"Mot\u00f6rizer, 19.07.2025, Eggebek, Shelter Festival 2025\" class=\"wp-image-23129\" srcset=\"http:\/\/www.rockpixx.com\/wordpress\/wp-content\/uploads\/2025\/07\/20250719-03-063-1024x683.jpg 1024w, http:\/\/www.rockpixx.com\/wordpress\/wp-content\/uploads\/2025\/07\/20250719-03-063-300x200.jpg 300w, http:\/\/www.rockpixx.com\/wordpress\/wp-content\/uploads\/2025\/07\/20250719-03-063-768x512.jpg 768w, http:\/\/www.rockpixx.com\/wordpress\/wp-content\/uploads\/2025\/07\/20250719-03-063-900x600.jpg 900w, http:\/\/www.rockpixx.com\/wordpress\/wp-content\/uploads\/2025\/07\/20250719-03-063-924x616.jpg 924w, http:\/\/www.rockpixx.com\/wordpress\/wp-content\/uploads\/2025\/07\/20250719-03-063.jpg 1200w\" sizes=\"auto, (max-width: 1024px) 100vw, 1024px\" \/><\/figure>\n<\/figure>\n\n\n\n<p class=\"has-text-align-right\">Fotos: <a href=\"mailto:info@rockpixx.com?subject=We%20Salute%20You,%20Jahrhunderthalle,%20Frankfurt,%2030.12.2018\">Alex<\/a> | Text: <a href=\"mailto:info@rockpixx.com?subject=We%20Salute%20You,%20Jahrhunderthalle,%20Frankfurt,%2030.12.2018\">Alex<\/a><\/p>\n","protected":false},"excerpt":{"rendered":"<p>\u201eMot\u00f6rizer\u201c ist eine Tribute-Band, die ich schon recht oft fotografiert habe und bei der ich mich stets sehr willkommen aufgenommen gef\u00fchlt habe. <\/p>\n","protected":false},"author":3,"featured_media":23125,"comment_status":"closed","ping_status":"closed","sticky":false,"template":"","format":"standard","meta":{"_jetpack_memberships_contains_paid_content":false,"footnotes":"","jetpack_publicize_message":"","jetpack_publicize_feature_enabled":false,"jetpack_social_post_already_shared":true,"jetpack_social_options":{"image_generator_settings":{"template":"highway","default_image_id":0,"font":"","enabled":false},"version":2}},"categories":[34,1639,1182,5],"tags":[2614,2619,2196,2198,2621,2604],"class_list":["post-23114","post","type-post","status-publish","format-standard","has-post-thumbnail","hentry","category-acts","category-motoerhead-tribute","category-motorizer","category-tributebands","tag-2614","tag-eggebek","tag-motorhead","tag-motorizer","tag-shelter-festival","tag-tributeband"],"aioseo_notices":[],"jetpack_publicize_connections":[],"jetpack_featured_media_url":"http:\/\/www.rockpixx.com\/wordpress\/wp-content\/uploads\/2025\/07\/20250719-03-048.jpg","jetpack-related-posts":[{"id":22817,"url":"http:\/\/www.rockpixx.com\/wordpress\/motoerizer-28-12-2023-hamburg-markthalle\/","url_meta":{"origin":23114,"position":0},"title":"Mot\u00f6rizer, 28.12.2023, Hamburg, Markthalle","author":"A. Hahl","date":"2. Januar 2024","format":false,"excerpt":"Nun, Ende Dezember, stehe ich als wieder einmal in der Markthalle in Hamburg und wohne einem weiteren \u201eLemmyversary\u201c bei, mit dem die Band j\u00e4hrlich am Todestag von Lemmy Kilmister seinem Schaffen mit \u201eMot\u00f6rhead\u201c huldigt.","rel":"","context":"In &quot;Acts&quot;","block_context":{"text":"Acts","link":"http:\/\/www.rockpixx.com\/wordpress\/category\/acts\/"},"img":{"alt_text":"Mot\u00f6rizer, 28.12.2023, Hamburg, Markthalle","src":"https:\/\/i0.wp.com\/www.rockpixx.com\/wordpress\/wp-content\/uploads\/2024\/01\/20231228-02-160.jpg?resize=350%2C200","width":350,"height":200,"srcset":"https:\/\/i0.wp.com\/www.rockpixx.com\/wordpress\/wp-content\/uploads\/2024\/01\/20231228-02-160.jpg?resize=350%2C200 1x, https:\/\/i0.wp.com\/www.rockpixx.com\/wordpress\/wp-content\/uploads\/2024\/01\/20231228-02-160.jpg?resize=525%2C300 1.5x, https:\/\/i0.wp.com\/www.rockpixx.com\/wordpress\/wp-content\/uploads\/2024\/01\/20231228-02-160.jpg?resize=700%2C400 2x, https:\/\/i0.wp.com\/www.rockpixx.com\/wordpress\/wp-content\/uploads\/2024\/01\/20231228-02-160.jpg?resize=1050%2C600 3x"},"classes":[]},{"id":22535,"url":"http:\/\/www.rockpixx.com\/wordpress\/motoerizer-2022\/","url_meta":{"origin":23114,"position":1},"title":"Mot\u00f6rizer, 22.04.2022, Kiel, R\u00e4ucherei","author":"A. Hahl","date":"23. April 2022","format":false,"excerpt":"846 Tage ist es her, seit dem letzten Konzert von \u201eMot\u00f6rizer\u201c welches ich in Hamburg in der Markthalle fotografiert habe. Leider ist es auch generell 846 Tage her, seitdem ich zum letzten Mal (mit der Kamera in den H\u00e4nden) \u00fcberhaupt vor einer Konzertb\u00fchne gestanden habe.","rel":"","context":"In &quot;Acts&quot;","block_context":{"text":"Acts","link":"http:\/\/www.rockpixx.com\/wordpress\/category\/acts\/"},"img":{"alt_text":"Mot\u00f6rizer, 22.04.2022, Kiel, R\u00e4ucherei | rockpixx.com","src":"https:\/\/i0.wp.com\/www.rockpixx.com\/wordpress\/wp-content\/uploads\/2022\/04\/20220422-rp-109.jpg?resize=350%2C200","width":350,"height":200,"srcset":"https:\/\/i0.wp.com\/www.rockpixx.com\/wordpress\/wp-content\/uploads\/2022\/04\/20220422-rp-109.jpg?resize=350%2C200 1x, https:\/\/i0.wp.com\/www.rockpixx.com\/wordpress\/wp-content\/uploads\/2022\/04\/20220422-rp-109.jpg?resize=525%2C300 1.5x, https:\/\/i0.wp.com\/www.rockpixx.com\/wordpress\/wp-content\/uploads\/2022\/04\/20220422-rp-109.jpg?resize=700%2C400 2x"},"classes":[]},{"id":21244,"url":"http:\/\/www.rockpixx.com\/wordpress\/motoerizer-20-06-2017-kiel-radio-bob-rockcamp\/","url_meta":{"origin":23114,"position":2},"title":"Mot\u00f6rizer, 20.06.2017, Kiel, Radio BOB! Rockcamp","author":"admin","date":"21. Juni 2017","format":false,"excerpt":"Es gibt Bands, die meint man schon ewig zu kennen, hat sie aber witzigerweise noch gar nicht so schrecklich oft fotografiert. Dennoch hat man zu den einzelnen Musikern ein ausgesprochen freundschaftliches Verh\u00e4ltnis. So gestern Abend auch wieder erlebt mit \u201eMot\u00f6rizer\u201c auf der gro\u00dfen B\u00fchne im Radio BOB! Rockcamp an der\u2026","rel":"","context":"In &quot;Acts&quot;","block_context":{"text":"Acts","link":"http:\/\/www.rockpixx.com\/wordpress\/category\/acts\/"},"img":{"alt_text":"Mot\u00f6rizer, 20.06.2017, Kiel, Radio BOB! Rockcamp","src":"https:\/\/i0.wp.com\/www.rockpixx.com\/wordpress\/wp-content\/uploads\/2017\/06\/20170620-01-035.jpg?resize=350%2C200","width":350,"height":200,"srcset":"https:\/\/i0.wp.com\/www.rockpixx.com\/wordpress\/wp-content\/uploads\/2017\/06\/20170620-01-035.jpg?resize=350%2C200 1x, https:\/\/i0.wp.com\/www.rockpixx.com\/wordpress\/wp-content\/uploads\/2017\/06\/20170620-01-035.jpg?resize=525%2C300 1.5x, https:\/\/i0.wp.com\/www.rockpixx.com\/wordpress\/wp-content\/uploads\/2017\/06\/20170620-01-035.jpg?resize=700%2C400 2x"},"classes":[]},{"id":22448,"url":"http:\/\/www.rockpixx.com\/wordpress\/motoerizer-2019\/","url_meta":{"origin":23114,"position":3},"title":"Mot\u00f6rizer, 28.12.2019, Hamburg, Markthalle","author":"A. Hahl","date":"29. Dezember 2019","format":false,"excerpt":"Das mittlerweile vierte \u201eLemmyversary\u201c findet in der Hamburger Markhalle an Lemmy Kilmisters viertem Todestag statt. Und nat\u00fcrlich sind Martin, Peter und Plug als \u201eMot\u00f6rizer\u201c die Gastgeber und Headliner. Schon beim Supportact \u201ePure Tonic\u201c war klar, dass die Markhalle heute proppevoll sein w\u00fcrde und als nach dem Intro die ersten Kl\u00e4nge\u2026","rel":"","context":"In &quot;Acts&quot;","block_context":{"text":"Acts","link":"http:\/\/www.rockpixx.com\/wordpress\/category\/acts\/"},"img":{"alt_text":"Mot\u00f6rizer, 28.12.2019, Hamburg, Markthalle","src":"https:\/\/i0.wp.com\/www.rockpixx.com\/wordpress\/wp-content\/uploads\/2019\/12\/20191228-2-145.jpg?resize=350%2C200","width":350,"height":200,"srcset":"https:\/\/i0.wp.com\/www.rockpixx.com\/wordpress\/wp-content\/uploads\/2019\/12\/20191228-2-145.jpg?resize=350%2C200 1x, https:\/\/i0.wp.com\/www.rockpixx.com\/wordpress\/wp-content\/uploads\/2019\/12\/20191228-2-145.jpg?resize=525%2C300 1.5x, https:\/\/i0.wp.com\/www.rockpixx.com\/wordpress\/wp-content\/uploads\/2019\/12\/20191228-2-145.jpg?resize=700%2C400 2x"},"classes":[]},{"id":11347,"url":"http:\/\/www.rockpixx.com\/wordpress\/motorizer-30-06-2012-kiel-maxbuhne\/","url_meta":{"origin":23114,"position":4},"title":"Mot\u00f6rizer, 30.06.2013, Kiel, MAXB\u00fchne","author":"Anja","date":"1. Juli 2013","format":false,"excerpt":"Der PickUp steht immer noch backstage \u2013 wo soll er auch hin? Sein Besitzer hat nur eben das T-Shirt gewechselt und spielt mit seinen Kollegen von \u201eCorporate ID\u201c munter unter anderem Namen weiter. Jetzt hei\u00dft die Losung \u201eMot\u00f6rizer\u201c und gespielt wird... nat\u00fcrlich \u201eMot\u00f6rhead\u201c. Die Stimme aus den Boxen klingt sehr\u2026","rel":"","context":"In &quot;Acts&quot;","block_context":{"text":"Acts","link":"http:\/\/www.rockpixx.com\/wordpress\/category\/acts\/"},"img":{"alt_text":"Mot\u00f6rizer, 30.06.2013, Kiel, MAXB\u00fchne","src":"https:\/\/i0.wp.com\/www.rockpixx.com\/wordpress\/wp-content\/uploads\/2013\/07\/20130630-03-007_motoerizer-Artikel.jpg?resize=350%2C200","width":350,"height":200,"srcset":"https:\/\/i0.wp.com\/www.rockpixx.com\/wordpress\/wp-content\/uploads\/2013\/07\/20130630-03-007_motoerizer-Artikel.jpg?resize=350%2C200 1x, https:\/\/i0.wp.com\/www.rockpixx.com\/wordpress\/wp-content\/uploads\/2013\/07\/20130630-03-007_motoerizer-Artikel.jpg?resize=525%2C300 1.5x, https:\/\/i0.wp.com\/www.rockpixx.com\/wordpress\/wp-content\/uploads\/2013\/07\/20130630-03-007_motoerizer-Artikel.jpg?resize=700%2C400 2x"},"classes":[]},{"id":23039,"url":"http:\/\/www.rockpixx.com\/wordpress\/centurys-crime-18-07-2025-eggebek-shelter-festival\/","url_meta":{"origin":23114,"position":5},"title":"Century&#8217;s Crime, 18.07.2025, Eggebek, Shelter Festival","author":"A. Hahl","date":"22. Juli 2025","format":false,"excerpt":"Und dann kam mein pers\u00f6nliches Highlight des Freitags: \u201eCentury\u2019s Crime\u201c auf der B\u00fchne. Wie der Name schon vermuten l\u00e4sst, gibt es von dieser Band die Musik von Supertramp \u2013 und zwar vom Feinsten.","rel":"","context":"In &quot;Acts&quot;","block_context":{"text":"Acts","link":"http:\/\/www.rockpixx.com\/wordpress\/category\/acts\/"},"img":{"alt_text":"Century's Crime, 18.07.2025, Eggebek, Shelter Festival 2025","src":"https:\/\/i0.wp.com\/www.rockpixx.com\/wordpress\/wp-content\/uploads\/2025\/07\/20250718-04-084.jpg?resize=350%2C200","width":350,"height":200,"srcset":"https:\/\/i0.wp.com\/www.rockpixx.com\/wordpress\/wp-content\/uploads\/2025\/07\/20250718-04-084.jpg?resize=350%2C200 1x, https:\/\/i0.wp.com\/www.rockpixx.com\/wordpress\/wp-content\/uploads\/2025\/07\/20250718-04-084.jpg?resize=525%2C300 1.5x, https:\/\/i0.wp.com\/www.rockpixx.com\/wordpress\/wp-content\/uploads\/2025\/07\/20250718-04-084.jpg?resize=700%2C400 2x, https:\/\/i0.wp.com\/www.rockpixx.com\/wordpress\/wp-content\/uploads\/2025\/07\/20250718-04-084.jpg?resize=1050%2C600 3x"},"classes":[]}],"jetpack_sharing_enabled":true,"publishpress_future_action":{"enabled":false,"date":"2026-05-07 00:36:51","action":"change-status","newStatus":"draft","terms":[],"taxonomy":"category","extraData":[]},"publishpress_future_workflow_manual_trigger":{"enabledWorkflows":[]},"_links":{"self":[{"href":"http:\/\/www.rockpixx.com\/wordpress\/wp-json\/wp\/v2\/posts\/23114","targetHints":{"allow":["GET"]}}],"collection":[{"href":"http:\/\/www.rockpixx.com\/wordpress\/wp-json\/wp\/v2\/posts"}],"about":[{"href":"http:\/\/www.rockpixx.com\/wordpress\/wp-json\/wp\/v2\/types\/post"}],"author":[{"embeddable":true,"href":"http:\/\/www.rockpixx.com\/wordpress\/wp-json\/wp\/v2\/users\/3"}],"replies":[{"embeddable":true,"href":"http:\/\/www.rockpixx.com\/wordpress\/wp-json\/wp\/v2\/comments?post=23114"}],"version-history":[{"count":2,"href":"http:\/\/www.rockpixx.com\/wordpress\/wp-json\/wp\/v2\/posts\/23114\/revisions"}],"predecessor-version":[{"id":23130,"href":"http:\/\/www.rockpixx.com\/wordpress\/wp-json\/wp\/v2\/posts\/23114\/revisions\/23130"}],"wp:featuredmedia":[{"embeddable":true,"href":"http:\/\/www.rockpixx.com\/wordpress\/wp-json\/wp\/v2\/media\/23125"}],"wp:attachment":[{"href":"http:\/\/www.rockpixx.com\/wordpress\/wp-json\/wp\/v2\/media?parent=23114"}],"wp:term":[{"taxonomy":"category","embeddable":true,"href":"http:\/\/www.rockpixx.com\/wordpress\/wp-json\/wp\/v2\/categories?post=23114"},{"taxonomy":"post_tag","embeddable":true,"href":"http:\/\/www.rockpixx.com\/wordpress\/wp-json\/wp\/v2\/tags?post=23114"}],"curies":[{"name":"wp","href":"https:\/\/api.w.org\/{rel}","templated":true}]}}