{"id":23155,"date":"2025-07-24T14:32:36","date_gmt":"2025-07-24T13:32:36","guid":{"rendered":"http:\/\/www.rockpixx.com\/wordpress\/?p=23155"},"modified":"2025-07-24T14:40:57","modified_gmt":"2025-07-24T13:40:57","slug":"jbo-19-07-2025-eggebek-shelter-festival","status":"publish","type":"post","link":"http:\/\/www.rockpixx.com\/wordpress\/jbo-19-07-2025-eggebek-shelter-festival\/","title":{"rendered":"J.B.O., 19.07.2025, Eggebek, Shelter Festival"},"content":{"rendered":"\n<p>Nun wird\u2019s Fr\u00e4nkisch: Der Headliner und Abschluss des diesj\u00e4hrigen \u201eShelter Festivals\u201c kommt in Pink und lautstark daher. Vor der B\u00fchne haben noch einmal alle nach zweieinhalb (Feier-)Tagen ihre letzten Kraftreserven mobilisiert und lassen die Party zu den Kl\u00e4ngen von \u201eJ.B.O.\u201c ausklingen.<\/p>\n\n\n\n<!--more-->\n\n\n\n<p>Wir Fotografen hatten vorher noch (erstmalig w\u00e4hrend des gesamten Festivals) die Ansage bekommen \u201eNach dem dritten Song will die Band, dass der Graben leer ist.\u201c \u2013 und das ist auch v\u00f6llig in Ordnung. Vor mir und meinen Kameras war\u2019s dunkel, ab und zu war einmal etwas Pink zu sehen, ansonsten eher d\u00fcsterrotes Gl\u00fchen \u2013 Frontlights? Fehlanzeige!<\/p>\n\n\n\n<p>Fazit: Pink k\u00f6nnte das neue Schwarz sein und so sollte man \u201eJ.B.O.\u201c auch sehen: Spa\u00df mit Metal-Ankl\u00e4ngen. Anja hatte \u201eJ.B.O.\u201c bereits <a href=\"http:\/\/www.rockpixx.com\/wordpress\/j-b-o-13-11-2015-maximum-metal-stage-metal-hammer-paradise-2015\/\" title=\"\">2015<\/a> auf dem \u201eMetal Hammer Paradise\u201c fotografiert und auch ein entsprechendes Review dazu verfasst. Heute stellen wir fest: Wir beide kommen in unserer Beurteilung des Erlebten auf keinen gemeinsamen Nenner \u2013 aber das ist auch nicht schlimm.<\/p>\n\n\n\n<p>   <\/p>\n\n\n\n<figure class=\"wp-block-gallery has-nested-images columns-default is-cropped wp-block-gallery-1 is-layout-flex wp-block-gallery-is-layout-flex\">\n<figure class=\"wp-block-image size-large\"><img loading=\"lazy\" decoding=\"async\" width=\"1024\" height=\"683\" data-attachment-id=\"23146\" data-permalink=\"http:\/\/www.rockpixx.com\/wordpress\/j-b-o-19-07-2025-eggebek-shelter-festival-2025\/\" data-orig-file=\"http:\/\/www.rockpixx.com\/wordpress\/wp-content\/uploads\/2025\/07\/20250719-05-012.jpg\" data-orig-size=\"1200,800\" data-comments-opened=\"0\" data-image-meta=\"{&quot;aperture&quot;:&quot;0&quot;,&quot;credit&quot;:&quot;rockpixx.com | A. Hahl&quot;,&quot;camera&quot;:&quot;&quot;,&quot;caption&quot;:&quot;J.B.O., 19.07.2025, Eggebek, Shelter Festival 2025&quot;,&quot;created_timestamp&quot;:&quot;1752960497&quot;,&quot;copyright&quot;:&quot;rockpixx.com | A. Hahl&quot;,&quot;focal_length&quot;:&quot;0&quot;,&quot;iso&quot;:&quot;0&quot;,&quot;shutter_speed&quot;:&quot;0&quot;,&quot;title&quot;:&quot;J.B.O., 19.07.2025, Eggebek, Shelter Festival 2025&quot;,&quot;orientation&quot;:&quot;0&quot;}\" data-image-title=\"J.B.O., 19.07.2025, Eggebek, Shelter Festival 2025\" data-image-description=\"&lt;p&gt;J.B.O., 19.07.2025, Eggebek, Shelter Festival 2025&lt;\/p&gt;\n\" data-image-caption=\"\" data-large-file=\"http:\/\/www.rockpixx.com\/wordpress\/wp-content\/uploads\/2025\/07\/20250719-05-012-1024x683.jpg\" data-id=\"23146\" src=\"http:\/\/www.rockpixx.com\/wordpress\/wp-content\/uploads\/2025\/07\/20250719-05-012-1024x683.jpg\" alt=\"J.B.O., 19.07.2025, Eggebek, Shelter Festival 2025\" class=\"wp-image-23146\" srcset=\"http:\/\/www.rockpixx.com\/wordpress\/wp-content\/uploads\/2025\/07\/20250719-05-012-1024x683.jpg 1024w, http:\/\/www.rockpixx.com\/wordpress\/wp-content\/uploads\/2025\/07\/20250719-05-012-300x200.jpg 300w, http:\/\/www.rockpixx.com\/wordpress\/wp-content\/uploads\/2025\/07\/20250719-05-012-768x512.jpg 768w, http:\/\/www.rockpixx.com\/wordpress\/wp-content\/uploads\/2025\/07\/20250719-05-012-900x600.jpg 900w, http:\/\/www.rockpixx.com\/wordpress\/wp-content\/uploads\/2025\/07\/20250719-05-012-924x616.jpg 924w, http:\/\/www.rockpixx.com\/wordpress\/wp-content\/uploads\/2025\/07\/20250719-05-012.jpg 1200w\" sizes=\"auto, (max-width: 1024px) 100vw, 1024px\" \/><\/figure>\n\n\n\n<figure class=\"wp-block-image size-large\"><img loading=\"lazy\" decoding=\"async\" width=\"1024\" height=\"683\" data-attachment-id=\"23147\" data-permalink=\"http:\/\/www.rockpixx.com\/wordpress\/j-b-o-19-07-2025-eggebek-shelter-festival-2025-2\/\" data-orig-file=\"http:\/\/www.rockpixx.com\/wordpress\/wp-content\/uploads\/2025\/07\/20250719-05-019.jpg\" data-orig-size=\"1200,800\" data-comments-opened=\"0\" data-image-meta=\"{&quot;aperture&quot;:&quot;0&quot;,&quot;credit&quot;:&quot;rockpixx.com | A. Hahl&quot;,&quot;camera&quot;:&quot;&quot;,&quot;caption&quot;:&quot;J.B.O., 19.07.2025, Eggebek, Shelter Festival 2025&quot;,&quot;created_timestamp&quot;:&quot;1752960555&quot;,&quot;copyright&quot;:&quot;rockpixx.com | A. Hahl&quot;,&quot;focal_length&quot;:&quot;0&quot;,&quot;iso&quot;:&quot;0&quot;,&quot;shutter_speed&quot;:&quot;0&quot;,&quot;title&quot;:&quot;J.B.O., 19.07.2025, Eggebek, Shelter Festival 2025&quot;,&quot;orientation&quot;:&quot;0&quot;}\" data-image-title=\"J.B.O., 19.07.2025, Eggebek, Shelter Festival 2025\" data-image-description=\"&lt;p&gt;J.B.O., 19.07.2025, Eggebek, Shelter Festival 2025&lt;\/p&gt;\n\" data-image-caption=\"\" data-large-file=\"http:\/\/www.rockpixx.com\/wordpress\/wp-content\/uploads\/2025\/07\/20250719-05-019-1024x683.jpg\" data-id=\"23147\" src=\"http:\/\/www.rockpixx.com\/wordpress\/wp-content\/uploads\/2025\/07\/20250719-05-019-1024x683.jpg\" alt=\"J.B.O., 19.07.2025, Eggebek, Shelter Festival 2025\" class=\"wp-image-23147\" srcset=\"http:\/\/www.rockpixx.com\/wordpress\/wp-content\/uploads\/2025\/07\/20250719-05-019-1024x683.jpg 1024w, http:\/\/www.rockpixx.com\/wordpress\/wp-content\/uploads\/2025\/07\/20250719-05-019-300x200.jpg 300w, http:\/\/www.rockpixx.com\/wordpress\/wp-content\/uploads\/2025\/07\/20250719-05-019-768x512.jpg 768w, http:\/\/www.rockpixx.com\/wordpress\/wp-content\/uploads\/2025\/07\/20250719-05-019-900x600.jpg 900w, http:\/\/www.rockpixx.com\/wordpress\/wp-content\/uploads\/2025\/07\/20250719-05-019-924x616.jpg 924w, http:\/\/www.rockpixx.com\/wordpress\/wp-content\/uploads\/2025\/07\/20250719-05-019.jpg 1200w\" sizes=\"auto, (max-width: 1024px) 100vw, 1024px\" \/><\/figure>\n\n\n\n<figure class=\"wp-block-image size-large\"><img loading=\"lazy\" decoding=\"async\" width=\"1024\" height=\"683\" data-attachment-id=\"23148\" data-permalink=\"http:\/\/www.rockpixx.com\/wordpress\/j-b-o-19-07-2025-eggebek-shelter-festival-2025-3\/\" data-orig-file=\"http:\/\/www.rockpixx.com\/wordpress\/wp-content\/uploads\/2025\/07\/20250719-05-023.jpg\" data-orig-size=\"1200,800\" data-comments-opened=\"0\" data-image-meta=\"{&quot;aperture&quot;:&quot;0&quot;,&quot;credit&quot;:&quot;rockpixx.com | A. Hahl&quot;,&quot;camera&quot;:&quot;&quot;,&quot;caption&quot;:&quot;J.B.O., 19.07.2025, Eggebek, Shelter Festival 2025&quot;,&quot;created_timestamp&quot;:&quot;1752960600&quot;,&quot;copyright&quot;:&quot;rockpixx.com | A. Hahl&quot;,&quot;focal_length&quot;:&quot;0&quot;,&quot;iso&quot;:&quot;0&quot;,&quot;shutter_speed&quot;:&quot;0&quot;,&quot;title&quot;:&quot;J.B.O., 19.07.2025, Eggebek, Shelter Festival 2025&quot;,&quot;orientation&quot;:&quot;0&quot;}\" data-image-title=\"J.B.O., 19.07.2025, Eggebek, Shelter Festival 2025\" data-image-description=\"&lt;p&gt;J.B.O., 19.07.2025, Eggebek, Shelter Festival 2025&lt;\/p&gt;\n\" data-image-caption=\"\" data-large-file=\"http:\/\/www.rockpixx.com\/wordpress\/wp-content\/uploads\/2025\/07\/20250719-05-023-1024x683.jpg\" data-id=\"23148\" src=\"http:\/\/www.rockpixx.com\/wordpress\/wp-content\/uploads\/2025\/07\/20250719-05-023-1024x683.jpg\" alt=\"J.B.O., 19.07.2025, Eggebek, Shelter Festival 2025\" class=\"wp-image-23148\" srcset=\"http:\/\/www.rockpixx.com\/wordpress\/wp-content\/uploads\/2025\/07\/20250719-05-023-1024x683.jpg 1024w, http:\/\/www.rockpixx.com\/wordpress\/wp-content\/uploads\/2025\/07\/20250719-05-023-300x200.jpg 300w, http:\/\/www.rockpixx.com\/wordpress\/wp-content\/uploads\/2025\/07\/20250719-05-023-768x512.jpg 768w, http:\/\/www.rockpixx.com\/wordpress\/wp-content\/uploads\/2025\/07\/20250719-05-023-900x600.jpg 900w, http:\/\/www.rockpixx.com\/wordpress\/wp-content\/uploads\/2025\/07\/20250719-05-023-924x616.jpg 924w, http:\/\/www.rockpixx.com\/wordpress\/wp-content\/uploads\/2025\/07\/20250719-05-023.jpg 1200w\" sizes=\"auto, (max-width: 1024px) 100vw, 1024px\" \/><\/figure>\n\n\n\n<figure class=\"wp-block-image size-large\"><img loading=\"lazy\" decoding=\"async\" width=\"1024\" height=\"683\" data-attachment-id=\"23149\" data-permalink=\"http:\/\/www.rockpixx.com\/wordpress\/j-b-o-19-07-2025-eggebek-shelter-festival-2025-4\/\" data-orig-file=\"http:\/\/www.rockpixx.com\/wordpress\/wp-content\/uploads\/2025\/07\/20250719-05-026.jpg\" data-orig-size=\"1200,800\" data-comments-opened=\"0\" data-image-meta=\"{&quot;aperture&quot;:&quot;0&quot;,&quot;credit&quot;:&quot;rockpixx.com | A. Hahl&quot;,&quot;camera&quot;:&quot;&quot;,&quot;caption&quot;:&quot;J.B.O., 19.07.2025, Eggebek, Shelter Festival 2025&quot;,&quot;created_timestamp&quot;:&quot;1752960610&quot;,&quot;copyright&quot;:&quot;rockpixx.com | A. Hahl&quot;,&quot;focal_length&quot;:&quot;0&quot;,&quot;iso&quot;:&quot;0&quot;,&quot;shutter_speed&quot;:&quot;0&quot;,&quot;title&quot;:&quot;J.B.O., 19.07.2025, Eggebek, Shelter Festival 2025&quot;,&quot;orientation&quot;:&quot;0&quot;}\" data-image-title=\"J.B.O., 19.07.2025, Eggebek, Shelter Festival 2025\" data-image-description=\"&lt;p&gt;J.B.O., 19.07.2025, Eggebek, Shelter Festival 2025&lt;\/p&gt;\n\" data-image-caption=\"\" data-large-file=\"http:\/\/www.rockpixx.com\/wordpress\/wp-content\/uploads\/2025\/07\/20250719-05-026-1024x683.jpg\" data-id=\"23149\" src=\"http:\/\/www.rockpixx.com\/wordpress\/wp-content\/uploads\/2025\/07\/20250719-05-026-1024x683.jpg\" alt=\"J.B.O., 19.07.2025, Eggebek, Shelter Festival 2025\" class=\"wp-image-23149\" srcset=\"http:\/\/www.rockpixx.com\/wordpress\/wp-content\/uploads\/2025\/07\/20250719-05-026-1024x683.jpg 1024w, http:\/\/www.rockpixx.com\/wordpress\/wp-content\/uploads\/2025\/07\/20250719-05-026-300x200.jpg 300w, http:\/\/www.rockpixx.com\/wordpress\/wp-content\/uploads\/2025\/07\/20250719-05-026-768x512.jpg 768w, http:\/\/www.rockpixx.com\/wordpress\/wp-content\/uploads\/2025\/07\/20250719-05-026-900x600.jpg 900w, http:\/\/www.rockpixx.com\/wordpress\/wp-content\/uploads\/2025\/07\/20250719-05-026-924x616.jpg 924w, http:\/\/www.rockpixx.com\/wordpress\/wp-content\/uploads\/2025\/07\/20250719-05-026.jpg 1200w\" sizes=\"auto, (max-width: 1024px) 100vw, 1024px\" \/><\/figure>\n\n\n\n<figure class=\"wp-block-image size-large\"><img loading=\"lazy\" decoding=\"async\" width=\"1024\" height=\"683\" data-attachment-id=\"23150\" data-permalink=\"http:\/\/www.rockpixx.com\/wordpress\/j-b-o-19-07-2025-eggebek-shelter-festival-2025-5\/\" data-orig-file=\"http:\/\/www.rockpixx.com\/wordpress\/wp-content\/uploads\/2025\/07\/20250719-05-032.jpg\" data-orig-size=\"1200,800\" data-comments-opened=\"0\" data-image-meta=\"{&quot;aperture&quot;:&quot;0&quot;,&quot;credit&quot;:&quot;rockpixx.com | A. Hahl&quot;,&quot;camera&quot;:&quot;&quot;,&quot;caption&quot;:&quot;J.B.O., 19.07.2025, Eggebek, Shelter Festival 2025&quot;,&quot;created_timestamp&quot;:&quot;1752960675&quot;,&quot;copyright&quot;:&quot;rockpixx.com | A. Hahl&quot;,&quot;focal_length&quot;:&quot;0&quot;,&quot;iso&quot;:&quot;0&quot;,&quot;shutter_speed&quot;:&quot;0&quot;,&quot;title&quot;:&quot;J.B.O., 19.07.2025, Eggebek, Shelter Festival 2025&quot;,&quot;orientation&quot;:&quot;0&quot;}\" data-image-title=\"J.B.O., 19.07.2025, Eggebek, Shelter Festival 2025\" data-image-description=\"&lt;p&gt;J.B.O., 19.07.2025, Eggebek, Shelter Festival 2025&lt;\/p&gt;\n\" data-image-caption=\"\" data-large-file=\"http:\/\/www.rockpixx.com\/wordpress\/wp-content\/uploads\/2025\/07\/20250719-05-032-1024x683.jpg\" data-id=\"23150\" src=\"http:\/\/www.rockpixx.com\/wordpress\/wp-content\/uploads\/2025\/07\/20250719-05-032-1024x683.jpg\" alt=\"J.B.O., 19.07.2025, Eggebek, Shelter Festival 2025\" class=\"wp-image-23150\" srcset=\"http:\/\/www.rockpixx.com\/wordpress\/wp-content\/uploads\/2025\/07\/20250719-05-032-1024x683.jpg 1024w, http:\/\/www.rockpixx.com\/wordpress\/wp-content\/uploads\/2025\/07\/20250719-05-032-300x200.jpg 300w, http:\/\/www.rockpixx.com\/wordpress\/wp-content\/uploads\/2025\/07\/20250719-05-032-768x512.jpg 768w, http:\/\/www.rockpixx.com\/wordpress\/wp-content\/uploads\/2025\/07\/20250719-05-032-900x600.jpg 900w, http:\/\/www.rockpixx.com\/wordpress\/wp-content\/uploads\/2025\/07\/20250719-05-032-924x616.jpg 924w, http:\/\/www.rockpixx.com\/wordpress\/wp-content\/uploads\/2025\/07\/20250719-05-032.jpg 1200w\" sizes=\"auto, (max-width: 1024px) 100vw, 1024px\" \/><\/figure>\n\n\n\n<figure class=\"wp-block-image size-large\"><img loading=\"lazy\" decoding=\"async\" width=\"1024\" height=\"683\" data-attachment-id=\"23151\" data-permalink=\"http:\/\/www.rockpixx.com\/wordpress\/j-b-o-19-07-2025-eggebek-shelter-festival-2025-6\/\" data-orig-file=\"http:\/\/www.rockpixx.com\/wordpress\/wp-content\/uploads\/2025\/07\/20250719-05-036.jpg\" data-orig-size=\"1200,800\" data-comments-opened=\"0\" data-image-meta=\"{&quot;aperture&quot;:&quot;0&quot;,&quot;credit&quot;:&quot;rockpixx.com | A. Hahl&quot;,&quot;camera&quot;:&quot;&quot;,&quot;caption&quot;:&quot;J.B.O., 19.07.2025, Eggebek, Shelter Festival 2025&quot;,&quot;created_timestamp&quot;:&quot;1752960686&quot;,&quot;copyright&quot;:&quot;rockpixx.com | A. Hahl&quot;,&quot;focal_length&quot;:&quot;0&quot;,&quot;iso&quot;:&quot;0&quot;,&quot;shutter_speed&quot;:&quot;0&quot;,&quot;title&quot;:&quot;J.B.O., 19.07.2025, Eggebek, Shelter Festival 2025&quot;,&quot;orientation&quot;:&quot;0&quot;}\" data-image-title=\"J.B.O., 19.07.2025, Eggebek, Shelter Festival 2025\" data-image-description=\"&lt;p&gt;J.B.O., 19.07.2025, Eggebek, Shelter Festival 2025&lt;\/p&gt;\n\" data-image-caption=\"\" data-large-file=\"http:\/\/www.rockpixx.com\/wordpress\/wp-content\/uploads\/2025\/07\/20250719-05-036-1024x683.jpg\" data-id=\"23151\" src=\"http:\/\/www.rockpixx.com\/wordpress\/wp-content\/uploads\/2025\/07\/20250719-05-036-1024x683.jpg\" alt=\"J.B.O., 19.07.2025, Eggebek, Shelter Festival 2025\" class=\"wp-image-23151\" srcset=\"http:\/\/www.rockpixx.com\/wordpress\/wp-content\/uploads\/2025\/07\/20250719-05-036-1024x683.jpg 1024w, http:\/\/www.rockpixx.com\/wordpress\/wp-content\/uploads\/2025\/07\/20250719-05-036-300x200.jpg 300w, http:\/\/www.rockpixx.com\/wordpress\/wp-content\/uploads\/2025\/07\/20250719-05-036-768x512.jpg 768w, http:\/\/www.rockpixx.com\/wordpress\/wp-content\/uploads\/2025\/07\/20250719-05-036-900x600.jpg 900w, http:\/\/www.rockpixx.com\/wordpress\/wp-content\/uploads\/2025\/07\/20250719-05-036-924x616.jpg 924w, http:\/\/www.rockpixx.com\/wordpress\/wp-content\/uploads\/2025\/07\/20250719-05-036.jpg 1200w\" sizes=\"auto, (max-width: 1024px) 100vw, 1024px\" \/><\/figure>\n\n\n\n<figure class=\"wp-block-image size-large\"><img loading=\"lazy\" decoding=\"async\" width=\"1024\" height=\"683\" data-attachment-id=\"23152\" data-permalink=\"http:\/\/www.rockpixx.com\/wordpress\/j-b-o-19-07-2025-eggebek-shelter-festival-2025-7\/\" data-orig-file=\"http:\/\/www.rockpixx.com\/wordpress\/wp-content\/uploads\/2025\/07\/20250719-05-038.jpg\" data-orig-size=\"1200,800\" data-comments-opened=\"0\" data-image-meta=\"{&quot;aperture&quot;:&quot;0&quot;,&quot;credit&quot;:&quot;rockpixx.com | A. Hahl&quot;,&quot;camera&quot;:&quot;&quot;,&quot;caption&quot;:&quot;J.B.O., 19.07.2025, Eggebek, Shelter Festival 2025&quot;,&quot;created_timestamp&quot;:&quot;1752960696&quot;,&quot;copyright&quot;:&quot;rockpixx.com | A. Hahl&quot;,&quot;focal_length&quot;:&quot;0&quot;,&quot;iso&quot;:&quot;0&quot;,&quot;shutter_speed&quot;:&quot;0&quot;,&quot;title&quot;:&quot;J.B.O., 19.07.2025, Eggebek, Shelter Festival 2025&quot;,&quot;orientation&quot;:&quot;0&quot;}\" data-image-title=\"J.B.O., 19.07.2025, Eggebek, Shelter Festival 2025\" data-image-description=\"&lt;p&gt;J.B.O., 19.07.2025, Eggebek, Shelter Festival 2025&lt;\/p&gt;\n\" data-image-caption=\"\" data-large-file=\"http:\/\/www.rockpixx.com\/wordpress\/wp-content\/uploads\/2025\/07\/20250719-05-038-1024x683.jpg\" data-id=\"23152\" src=\"http:\/\/www.rockpixx.com\/wordpress\/wp-content\/uploads\/2025\/07\/20250719-05-038-1024x683.jpg\" alt=\"J.B.O., 19.07.2025, Eggebek, Shelter Festival 2025\" class=\"wp-image-23152\" srcset=\"http:\/\/www.rockpixx.com\/wordpress\/wp-content\/uploads\/2025\/07\/20250719-05-038-1024x683.jpg 1024w, http:\/\/www.rockpixx.com\/wordpress\/wp-content\/uploads\/2025\/07\/20250719-05-038-300x200.jpg 300w, http:\/\/www.rockpixx.com\/wordpress\/wp-content\/uploads\/2025\/07\/20250719-05-038-768x512.jpg 768w, http:\/\/www.rockpixx.com\/wordpress\/wp-content\/uploads\/2025\/07\/20250719-05-038-900x600.jpg 900w, http:\/\/www.rockpixx.com\/wordpress\/wp-content\/uploads\/2025\/07\/20250719-05-038-924x616.jpg 924w, http:\/\/www.rockpixx.com\/wordpress\/wp-content\/uploads\/2025\/07\/20250719-05-038.jpg 1200w\" sizes=\"auto, (max-width: 1024px) 100vw, 1024px\" \/><\/figure>\n\n\n\n<figure class=\"wp-block-image size-large\"><img loading=\"lazy\" decoding=\"async\" width=\"1024\" height=\"683\" data-attachment-id=\"23153\" data-permalink=\"http:\/\/www.rockpixx.com\/wordpress\/j-b-o-19-07-2025-eggebek-shelter-festival-2025-8\/\" data-orig-file=\"http:\/\/www.rockpixx.com\/wordpress\/wp-content\/uploads\/2025\/07\/20250719-05-042.jpg\" data-orig-size=\"1200,800\" data-comments-opened=\"0\" data-image-meta=\"{&quot;aperture&quot;:&quot;0&quot;,&quot;credit&quot;:&quot;rockpixx.com | A. Hahl&quot;,&quot;camera&quot;:&quot;&quot;,&quot;caption&quot;:&quot;J.B.O., 19.07.2025, Eggebek, Shelter Festival 2025&quot;,&quot;created_timestamp&quot;:&quot;1752960713&quot;,&quot;copyright&quot;:&quot;rockpixx.com | A. Hahl&quot;,&quot;focal_length&quot;:&quot;0&quot;,&quot;iso&quot;:&quot;0&quot;,&quot;shutter_speed&quot;:&quot;0&quot;,&quot;title&quot;:&quot;J.B.O., 19.07.2025, Eggebek, Shelter Festival 2025&quot;,&quot;orientation&quot;:&quot;0&quot;}\" data-image-title=\"J.B.O., 19.07.2025, Eggebek, Shelter Festival 2025\" data-image-description=\"&lt;p&gt;J.B.O., 19.07.2025, Eggebek, Shelter Festival 2025&lt;\/p&gt;\n\" data-image-caption=\"\" data-large-file=\"http:\/\/www.rockpixx.com\/wordpress\/wp-content\/uploads\/2025\/07\/20250719-05-042-1024x683.jpg\" data-id=\"23153\" src=\"http:\/\/www.rockpixx.com\/wordpress\/wp-content\/uploads\/2025\/07\/20250719-05-042-1024x683.jpg\" alt=\"J.B.O., 19.07.2025, Eggebek, Shelter Festival 2025\" class=\"wp-image-23153\" srcset=\"http:\/\/www.rockpixx.com\/wordpress\/wp-content\/uploads\/2025\/07\/20250719-05-042-1024x683.jpg 1024w, http:\/\/www.rockpixx.com\/wordpress\/wp-content\/uploads\/2025\/07\/20250719-05-042-300x200.jpg 300w, http:\/\/www.rockpixx.com\/wordpress\/wp-content\/uploads\/2025\/07\/20250719-05-042-768x512.jpg 768w, http:\/\/www.rockpixx.com\/wordpress\/wp-content\/uploads\/2025\/07\/20250719-05-042-900x600.jpg 900w, http:\/\/www.rockpixx.com\/wordpress\/wp-content\/uploads\/2025\/07\/20250719-05-042-924x616.jpg 924w, http:\/\/www.rockpixx.com\/wordpress\/wp-content\/uploads\/2025\/07\/20250719-05-042.jpg 1200w\" sizes=\"auto, (max-width: 1024px) 100vw, 1024px\" \/><\/figure>\n\n\n\n<figure class=\"wp-block-image size-large\"><img loading=\"lazy\" decoding=\"async\" width=\"1024\" height=\"683\" data-attachment-id=\"23154\" data-permalink=\"http:\/\/www.rockpixx.com\/wordpress\/j-b-o-19-07-2025-eggebek-shelter-festival-2025-9\/\" data-orig-file=\"http:\/\/www.rockpixx.com\/wordpress\/wp-content\/uploads\/2025\/07\/20250719-05-046.jpg\" data-orig-size=\"1200,800\" data-comments-opened=\"0\" data-image-meta=\"{&quot;aperture&quot;:&quot;0&quot;,&quot;credit&quot;:&quot;rockpixx.com | A. Hahl&quot;,&quot;camera&quot;:&quot;&quot;,&quot;caption&quot;:&quot;J.B.O., 19.07.2025, Eggebek, Shelter Festival 2025&quot;,&quot;created_timestamp&quot;:&quot;1752960822&quot;,&quot;copyright&quot;:&quot;rockpixx.com | A. Hahl&quot;,&quot;focal_length&quot;:&quot;0&quot;,&quot;iso&quot;:&quot;0&quot;,&quot;shutter_speed&quot;:&quot;0&quot;,&quot;title&quot;:&quot;J.B.O., 19.07.2025, Eggebek, Shelter Festival 2025&quot;,&quot;orientation&quot;:&quot;0&quot;}\" data-image-title=\"J.B.O., 19.07.2025, Eggebek, Shelter Festival 2025\" data-image-description=\"&lt;p&gt;J.B.O., 19.07.2025, Eggebek, Shelter Festival 2025&lt;\/p&gt;\n\" data-image-caption=\"\" data-large-file=\"http:\/\/www.rockpixx.com\/wordpress\/wp-content\/uploads\/2025\/07\/20250719-05-046-1024x683.jpg\" data-id=\"23154\" src=\"http:\/\/www.rockpixx.com\/wordpress\/wp-content\/uploads\/2025\/07\/20250719-05-046-1024x683.jpg\" alt=\"J.B.O., 19.07.2025, Eggebek, Shelter Festival 2025\" class=\"wp-image-23154\" srcset=\"http:\/\/www.rockpixx.com\/wordpress\/wp-content\/uploads\/2025\/07\/20250719-05-046-1024x683.jpg 1024w, http:\/\/www.rockpixx.com\/wordpress\/wp-content\/uploads\/2025\/07\/20250719-05-046-300x200.jpg 300w, http:\/\/www.rockpixx.com\/wordpress\/wp-content\/uploads\/2025\/07\/20250719-05-046-768x512.jpg 768w, http:\/\/www.rockpixx.com\/wordpress\/wp-content\/uploads\/2025\/07\/20250719-05-046-900x600.jpg 900w, http:\/\/www.rockpixx.com\/wordpress\/wp-content\/uploads\/2025\/07\/20250719-05-046-924x616.jpg 924w, http:\/\/www.rockpixx.com\/wordpress\/wp-content\/uploads\/2025\/07\/20250719-05-046.jpg 1200w\" sizes=\"auto, (max-width: 1024px) 100vw, 1024px\" \/><\/figure>\n<\/figure>\n\n\n\n<p class=\"has-text-align-right\">Fotos: <a href=\"mailto:info@rockpixx.com?subject=We%20Salute%20You,%20Jahrhunderthalle,%20Frankfurt,%2030.12.2018\">Alex<\/a> | Text: <a href=\"mailto:info@rockpixx.com?subject=We%20Salute%20You,%20Jahrhunderthalle,%20Frankfurt,%2030.12.2018\">Alex<\/a><\/p>\n","protected":false},"excerpt":{"rendered":"<p>Der Headliner und Abschluss des diesj\u00e4hrigen \u201eShelter Festivals\u201c kommt in Pink und lautstark daher. Vor der B\u00fchne haben noch einmal alle nach zweieinhalb (Feier-)Tagen ihre letzten Kraftreserven mobilisiert und lassen die Party zu den Kl\u00e4ngen von \u201eJ.B.O.\u201c ausklingen.<\/p>\n","protected":false},"author":3,"featured_media":23153,"comment_status":"closed","ping_status":"closed","sticky":false,"template":"","format":"standard","meta":{"_jetpack_memberships_contains_paid_content":false,"footnotes":"","jetpack_publicize_message":"","jetpack_publicize_feature_enabled":false,"jetpack_social_post_already_shared":true,"jetpack_social_options":{"image_generator_settings":{"template":"highway","default_image_id":0,"font":"","enabled":false},"version":2}},"categories":[34,2408],"tags":[2614,2619,2409,2621],"class_list":["post-23155","post","type-post","status-publish","format-standard","has-post-thumbnail","hentry","category-acts","category-j-b-o","tag-2614","tag-eggebek","tag-j-b-o","tag-shelter-festival"],"aioseo_notices":[],"jetpack_publicize_connections":[],"jetpack_featured_media_url":"http:\/\/www.rockpixx.com\/wordpress\/wp-content\/uploads\/2025\/07\/20250719-05-042.jpg","jetpack-related-posts":[{"id":19430,"url":"http:\/\/www.rockpixx.com\/wordpress\/j-b-o-13-11-2015-maximum-metal-stage-metal-hammer-paradise-2015\/","url_meta":{"origin":23155,"position":0},"title":"J.B.O., 13.11.2015, Maximum Metal Stage, Metal Hammer Paradise 2015","author":"Anja","date":"22. November 2015","format":false,"excerpt":"Von der kleinsten B\u00fchne \u2013 der Riff Alm \u2013 geht es nun auf die gr\u00f6\u00dfte B\u00fchne des Metal Hammer Paradise. Die Maximum Stage ist in einem gro\u00dfen Zirkuszelt aufgebaut worden \u2013 direkt vor der \u201eMall\u201c des Ferienzentrums am Wei\u00dfenh\u00e4user Strand. So kurze Wege zwischen den einzelnen B\u00fchnen hatte ich noch\u2026","rel":"","context":"In &quot;Acts&quot;","block_context":{"text":"Acts","link":"http:\/\/www.rockpixx.com\/wordpress\/category\/acts\/"},"img":{"alt_text":"J.B.O., 13.11.2015, Wei\u00dfenh\u00e4user Strand, Metal Hammer Paradise","src":"https:\/\/i0.wp.com\/www.rockpixx.com\/wordpress\/wp-content\/uploads\/2015\/11\/20151113-03-054.jpg?resize=350%2C200","width":350,"height":200,"srcset":"https:\/\/i0.wp.com\/www.rockpixx.com\/wordpress\/wp-content\/uploads\/2015\/11\/20151113-03-054.jpg?resize=350%2C200 1x, https:\/\/i0.wp.com\/www.rockpixx.com\/wordpress\/wp-content\/uploads\/2015\/11\/20151113-03-054.jpg?resize=525%2C300 1.5x, https:\/\/i0.wp.com\/www.rockpixx.com\/wordpress\/wp-content\/uploads\/2015\/11\/20151113-03-054.jpg?resize=700%2C400 2x"},"classes":[]},{"id":23143,"url":"http:\/\/www.rockpixx.com\/wordpress\/extrabreit-19-07-2025-eggebek-shelter-festival\/","url_meta":{"origin":23155,"position":1},"title":"Extrabreit, 19.07.2025, Eggebek, Shelter Festival","author":"A. Hahl","date":"24. Juli 2025","format":false,"excerpt":"Auch \u201eExtrabreit\u201c fotografiere ich nicht zum ersten Mal, vor ziemlich genau 10 Jahren hatte ich sie schon einmal live auf der \u201eKieler Woche\u201c erleben d\u00fcrfen. Und damalsTM wie heute bin ich wieder schwer begeistert von der Energie, die diese Band verspr\u00fcht.","rel":"","context":"In &quot;Acts&quot;","block_context":{"text":"Acts","link":"http:\/\/www.rockpixx.com\/wordpress\/category\/acts\/"},"img":{"alt_text":"Extrabreit, 19.07.2025, Eggebek, Shelter Festival 2025","src":"https:\/\/i0.wp.com\/www.rockpixx.com\/wordpress\/wp-content\/uploads\/2025\/07\/20250719-04-029.jpg?resize=350%2C200","width":350,"height":200,"srcset":"https:\/\/i0.wp.com\/www.rockpixx.com\/wordpress\/wp-content\/uploads\/2025\/07\/20250719-04-029.jpg?resize=350%2C200 1x, https:\/\/i0.wp.com\/www.rockpixx.com\/wordpress\/wp-content\/uploads\/2025\/07\/20250719-04-029.jpg?resize=525%2C300 1.5x, https:\/\/i0.wp.com\/www.rockpixx.com\/wordpress\/wp-content\/uploads\/2025\/07\/20250719-04-029.jpg?resize=700%2C400 2x, https:\/\/i0.wp.com\/www.rockpixx.com\/wordpress\/wp-content\/uploads\/2025\/07\/20250719-04-029.jpg?resize=1050%2C600 3x"},"classes":[]},{"id":23008,"url":"http:\/\/www.rockpixx.com\/wordpress\/bon-scott-18-07-2025-eggebek-shelter-festival\/","url_meta":{"origin":23155,"position":2},"title":"Bon Scott, 18.07.2025, Eggebek, Shelter Festival","author":"A. Hahl","date":"22. Juli 2025","format":false,"excerpt":"2008, 2012 und jetzt nach 13 Jahren Pause wieder einmal: AC\/DC \u201eclassic\u201c von \u201eBon Scott\u201c (fr\u00fcher hatten sie noch \u201eTributeband\u201c im Namen, jetzt nicht mehr). Aber wenn man die Jungs auf der B\u00fchne erlebt, ist ohnehin klar, was dort gerade gespielt wird.","rel":"","context":"In &quot;AC\/DC&quot;","block_context":{"text":"AC\/DC","link":"http:\/\/www.rockpixx.com\/wordpress\/category\/acts\/tributebands\/acdc\/"},"img":{"alt_text":"Bon Scott, 18.07.2025, Eggebek, Shelter Festival 2025","src":"https:\/\/i0.wp.com\/www.rockpixx.com\/wordpress\/wp-content\/uploads\/2025\/07\/20259718-02-025.jpg?resize=350%2C200","width":350,"height":200,"srcset":"https:\/\/i0.wp.com\/www.rockpixx.com\/wordpress\/wp-content\/uploads\/2025\/07\/20259718-02-025.jpg?resize=350%2C200 1x, https:\/\/i0.wp.com\/www.rockpixx.com\/wordpress\/wp-content\/uploads\/2025\/07\/20259718-02-025.jpg?resize=525%2C300 1.5x, https:\/\/i0.wp.com\/www.rockpixx.com\/wordpress\/wp-content\/uploads\/2025\/07\/20259718-02-025.jpg?resize=700%2C400 2x, https:\/\/i0.wp.com\/www.rockpixx.com\/wordpress\/wp-content\/uploads\/2025\/07\/20259718-02-025.jpg?resize=1050%2C600 3x"},"classes":[]},{"id":23021,"url":"http:\/\/www.rockpixx.com\/wordpress\/80s90s-band-18-07-2025-eggebek-shelter-festival\/","url_meta":{"origin":23155,"position":3},"title":"80s90s Band, 18.07.2025, Eggebek, Shelter Festival","author":"A. Hahl","date":"22. Juli 2025","format":false,"excerpt":"Zwei S\u00e4ngerinnen, ein S\u00e4nger unterst\u00fctzt von Keyboards, Gitarre, Bass und Drums legen los mit all den Hits, die einem sofort wieder ins Ohr pl\u00e4tschern und denen man sich schon damals in den 1980ern bzw. 1990ern nicht entziehen konnte.","rel":"","context":"In &quot;80s90s Band&quot;","block_context":{"text":"80s90s Band","link":"http:\/\/www.rockpixx.com\/wordpress\/category\/acts\/80s90s-band\/"},"img":{"alt_text":"80s90s Band, 18.07.2025, Eggebek, Shelter Festival 2025","src":"https:\/\/i0.wp.com\/www.rockpixx.com\/wordpress\/wp-content\/uploads\/2025\/07\/20259718-03-017.jpg?resize=350%2C200","width":350,"height":200,"srcset":"https:\/\/i0.wp.com\/www.rockpixx.com\/wordpress\/wp-content\/uploads\/2025\/07\/20259718-03-017.jpg?resize=350%2C200 1x, https:\/\/i0.wp.com\/www.rockpixx.com\/wordpress\/wp-content\/uploads\/2025\/07\/20259718-03-017.jpg?resize=525%2C300 1.5x, https:\/\/i0.wp.com\/www.rockpixx.com\/wordpress\/wp-content\/uploads\/2025\/07\/20259718-03-017.jpg?resize=700%2C400 2x, https:\/\/i0.wp.com\/www.rockpixx.com\/wordpress\/wp-content\/uploads\/2025\/07\/20259718-03-017.jpg?resize=1050%2C600 3x"},"classes":[]},{"id":22997,"url":"http:\/\/www.rockpixx.com\/wordpress\/the-zac-schulze-gang-18-07-2025-eggebek-shelter-festival\/","url_meta":{"origin":23155,"position":4},"title":"The Zac Schulze Gang, 18.07.2025, Eggebek, Shelter Festival","author":"A. Hahl","date":"22. Juli 2025","format":false,"excerpt":"\u201eThe Zac Schulze Gang\u201c war angek\u00fcndigt und vor mir agierten drei relativ junge Musiker aus Gro\u00dfbritannien, die mit Gitarre, Bass und Drums ein ordentliches energiegeladenes Soundgewitter ablieferten.","rel":"","context":"In &quot;Acts&quot;","block_context":{"text":"Acts","link":"http:\/\/www.rockpixx.com\/wordpress\/category\/acts\/"},"img":{"alt_text":"The Zac Schulze Gang, 18.07.2025, Eggebek, Shelter Festival 2025","src":"https:\/\/i0.wp.com\/www.rockpixx.com\/wordpress\/wp-content\/uploads\/2025\/07\/20259718-01-014.jpg?resize=350%2C200","width":350,"height":200,"srcset":"https:\/\/i0.wp.com\/www.rockpixx.com\/wordpress\/wp-content\/uploads\/2025\/07\/20259718-01-014.jpg?resize=350%2C200 1x, https:\/\/i0.wp.com\/www.rockpixx.com\/wordpress\/wp-content\/uploads\/2025\/07\/20259718-01-014.jpg?resize=525%2C300 1.5x, https:\/\/i0.wp.com\/www.rockpixx.com\/wordpress\/wp-content\/uploads\/2025\/07\/20259718-01-014.jpg?resize=700%2C400 2x, https:\/\/i0.wp.com\/www.rockpixx.com\/wordpress\/wp-content\/uploads\/2025\/07\/20259718-01-014.jpg?resize=1050%2C600 3x"},"classes":[]},{"id":23069,"url":"http:\/\/www.rockpixx.com\/wordpress\/mesh-18-07-2025-eggebek-shelter-festival\/","url_meta":{"origin":23155,"position":5},"title":"Mesh, 18.07.2025, Eggebek, Shelter Festival","author":"A. Hahl","date":"22. Juli 2025","format":false,"excerpt":"Zum Abschluss des Freitags gibt\u2019s dann noch Synthiepop\/-rock aus England von \u201eMesh\u201c. Wer dabei sofort an \u201eDepeche Mode\u201c denkt, liegt nicht ganz so verkehrt, auch wenn das Klanggewitter von \u201eMesh\u201c nicht ganz so kalt und technisch klingt wie bei der bekannteren Combo.","rel":"","context":"In &quot;Acts&quot;","block_context":{"text":"Acts","link":"http:\/\/www.rockpixx.com\/wordpress\/category\/acts\/"},"img":{"alt_text":"Mesh, 18.07.2025, Eggebek, Shelter Festival 2025","src":"https:\/\/i0.wp.com\/www.rockpixx.com\/wordpress\/wp-content\/uploads\/2025\/07\/20250718-05-008.jpg?resize=350%2C200","width":350,"height":200,"srcset":"https:\/\/i0.wp.com\/www.rockpixx.com\/wordpress\/wp-content\/uploads\/2025\/07\/20250718-05-008.jpg?resize=350%2C200 1x, https:\/\/i0.wp.com\/www.rockpixx.com\/wordpress\/wp-content\/uploads\/2025\/07\/20250718-05-008.jpg?resize=525%2C300 1.5x, https:\/\/i0.wp.com\/www.rockpixx.com\/wordpress\/wp-content\/uploads\/2025\/07\/20250718-05-008.jpg?resize=700%2C400 2x, https:\/\/i0.wp.com\/www.rockpixx.com\/wordpress\/wp-content\/uploads\/2025\/07\/20250718-05-008.jpg?resize=1050%2C600 3x"},"classes":[]}],"jetpack_sharing_enabled":true,"publishpress_future_action":{"enabled":false,"date":"2026-05-09 10:49:46","action":"change-status","newStatus":"draft","terms":[],"taxonomy":"category","extraData":[]},"publishpress_future_workflow_manual_trigger":{"enabledWorkflows":[]},"_links":{"self":[{"href":"http:\/\/www.rockpixx.com\/wordpress\/wp-json\/wp\/v2\/posts\/23155","targetHints":{"allow":["GET"]}}],"collection":[{"href":"http:\/\/www.rockpixx.com\/wordpress\/wp-json\/wp\/v2\/posts"}],"about":[{"href":"http:\/\/www.rockpixx.com\/wordpress\/wp-json\/wp\/v2\/types\/post"}],"author":[{"embeddable":true,"href":"http:\/\/www.rockpixx.com\/wordpress\/wp-json\/wp\/v2\/users\/3"}],"replies":[{"embeddable":true,"href":"http:\/\/www.rockpixx.com\/wordpress\/wp-json\/wp\/v2\/comments?post=23155"}],"version-history":[{"count":3,"href":"http:\/\/www.rockpixx.com\/wordpress\/wp-json\/wp\/v2\/posts\/23155\/revisions"}],"predecessor-version":[{"id":23159,"href":"http:\/\/www.rockpixx.com\/wordpress\/wp-json\/wp\/v2\/posts\/23155\/revisions\/23159"}],"wp:featuredmedia":[{"embeddable":true,"href":"http:\/\/www.rockpixx.com\/wordpress\/wp-json\/wp\/v2\/media\/23153"}],"wp:attachment":[{"href":"http:\/\/www.rockpixx.com\/wordpress\/wp-json\/wp\/v2\/media?parent=23155"}],"wp:term":[{"taxonomy":"category","embeddable":true,"href":"http:\/\/www.rockpixx.com\/wordpress\/wp-json\/wp\/v2\/categories?post=23155"},{"taxonomy":"post_tag","embeddable":true,"href":"http:\/\/www.rockpixx.com\/wordpress\/wp-json\/wp\/v2\/tags?post=23155"}],"curies":[{"name":"wp","href":"https:\/\/api.w.org\/{rel}","templated":true}]}}