{"id":24,"date":"2005-08-27T01:00:01","date_gmt":"2005-08-26T23:00:01","guid":{"rendered":"http:\/\/rockpixx.com\/wordpress\/?p=24"},"modified":"2012-12-30T17:33:53","modified_gmt":"2012-12-30T15:33:53","slug":"u2nl-kite-27-08-2005-salzwedel-stadtpark","status":"publish","type":"post","link":"http:\/\/www.rockpixx.com\/wordpress\/u2nl-kite-27-08-2005-salzwedel-stadtpark\/","title":{"rendered":"U2NL (Kite), 27.08.2005, Salzwedel, Stadtpark"},"content":{"rendered":"<p>Ein mehrt\u00e4giges Festival nur mit Covergruppen aus ganz Europa.<!--more--> Ich kam gerade noch zum Ende eines Auftritts einer niederl\u00e4ndischen U2-Coverband, deren Frontmann eine gewisse \u00c4hnlichkeit mit Bono nicht verleugnen kann.<\/p>\n<p style=\"text-align: right;\">Fotos: <a href=\"mailto:info@rockpixx.com?subject=Fotos%20von%20U2NL%20%28Kite%29,%20Salzwedel%20%E2%80%9EStadtpark%E2%80%9C,%2027.08.2005\">Alex<\/a> | Text: <a href=\"mailto:info@rockpixx.com?subject=Reviewtext%20von%20U2NL%20%28Kite%29,%20Salzwedel%20%E2%80%9EStadtpark%E2%80%9C,%2027.08.2005\">Alex<\/a><\/p>\n","protected":false},"excerpt":{"rendered":"<p>Ein mehrt\u00e4giges Festival nur mit Covergruppen aus ganz Europa.<\/p>\n","protected":false},"author":1,"featured_media":3171,"comment_status":"open","ping_status":"closed","sticky":false,"template":"","format":"standard","meta":{"_jetpack_memberships_contains_paid_content":false,"footnotes":"","jetpack_publicize_message":"","jetpack_publicize_feature_enabled":true,"jetpack_social_post_already_shared":false,"jetpack_social_options":{"image_generator_settings":{"template":"highway","default_image_id":0,"font":"","enabled":false},"version":2}},"categories":[34,5,27,28],"tags":[35,133,336,334,335,1720,29],"class_list":["post-24","post","type-post","status-publish","format-standard","has-post-thumbnail","hentry","category-acts","category-tributebands","category-u2","category-u2nl-kite","tag-35","tag-festivals","tag-parkfest","tag-salzwedel","tag-stadtpark","tag-u2","tag-u2nl-kite-2"],"aioseo_notices":[],"jetpack_publicize_connections":[],"jetpack_featured_media_url":"http:\/\/www.rockpixx.com\/wordpress\/wp-content\/uploads\/2005\/08\/20050827-02-kite-Artikel.jpg","jetpack-related-posts":[{"id":579,"url":"http:\/\/www.rockpixx.com\/wordpress\/manfred-manns-earth-band-29-07-2007-mindelheim-stadtpark\/","url_meta":{"origin":24,"position":0},"title":"Manfred Mann\u2019s Earth Band, 29.07.2007, Mindelheim, Stadtpark","author":"Anja","date":"29. Juli 2007","format":false,"excerpt":"Manfred Mann zum Dritten (f\u00fcr mich pers\u00f6nlich) \u2013 dieses Mal Open Air. Und damit begann das Drama: Mit den letzten Nachwehen einer Erk\u00e4ltung fuhr ich mit meiner Akkreditierung dorthin. Endlich im Graben angekommen, hatte ich gef\u00fchlte 3.000 aufgespannte Regenschirme im Publikum hinter mir. Einen davon h\u00e4tte ich mir auch f\u00fcr\u2026","rel":"","context":"In &quot;Acts&quot;","block_context":{"text":"Acts","link":"http:\/\/www.rockpixx.com\/wordpress\/category\/acts\/"},"img":{"alt_text":"Manfred Mann\u2019s Earth Band, 29.07.2007, Mindelheim, Stadtpark","src":"https:\/\/i0.wp.com\/www.rockpixx.com\/wordpress\/wp-content\/uploads\/2007\/07\/20070729-manfred-manns-earth-band-Artikel.jpg?resize=350%2C200","width":350,"height":200,"srcset":"https:\/\/i0.wp.com\/www.rockpixx.com\/wordpress\/wp-content\/uploads\/2007\/07\/20070729-manfred-manns-earth-band-Artikel.jpg?resize=350%2C200 1x, https:\/\/i0.wp.com\/www.rockpixx.com\/wordpress\/wp-content\/uploads\/2007\/07\/20070729-manfred-manns-earth-band-Artikel.jpg?resize=525%2C300 1.5x, https:\/\/i0.wp.com\/www.rockpixx.com\/wordpress\/wp-content\/uploads\/2007\/07\/20070729-manfred-manns-earth-band-Artikel.jpg?resize=700%2C400 2x"},"classes":[]},{"id":27,"url":"http:\/\/www.rockpixx.com\/wordpress\/hellsbelles-27-08-2005-salzwedel-stadtpark\/","url_meta":{"origin":24,"position":1},"title":"HellsBelles, 27.08.2005, Salzwedel, Stadtpark","author":"admin","date":"27. August 2005","format":false,"excerpt":"Meine zweite Begegnung mit den M\u00e4dels um Steffi Skolik und definitiv das Konzert mit dem besten Catering, was ich jemals erlebt habe. Es fing schon damit an, dass ich \u2013 mit dem entsprechenden Ausweis am Wagen \u2013 bis unmittelbar hinter die B\u00fchne fahren und dort parken konnte. Als ich dann\u2026","rel":"","context":"In &quot;AC\/DC&quot;","block_context":{"text":"AC\/DC","link":"http:\/\/www.rockpixx.com\/wordpress\/category\/acts\/tributebands\/acdc\/"},"img":{"alt_text":"HellsBelles","src":"https:\/\/i0.wp.com\/www.rockpixx.com\/wordpress\/wp-content\/uploads\/2005\/08\/20050827-01-hellsbelles-Artikel.jpg?resize=350%2C200","width":350,"height":200,"srcset":"https:\/\/i0.wp.com\/www.rockpixx.com\/wordpress\/wp-content\/uploads\/2005\/08\/20050827-01-hellsbelles-Artikel.jpg?resize=350%2C200 1x, https:\/\/i0.wp.com\/www.rockpixx.com\/wordpress\/wp-content\/uploads\/2005\/08\/20050827-01-hellsbelles-Artikel.jpg?resize=525%2C300 1.5x, https:\/\/i0.wp.com\/www.rockpixx.com\/wordpress\/wp-content\/uploads\/2005\/08\/20050827-01-hellsbelles-Artikel.jpg?resize=700%2C400 2x"},"classes":[]},{"id":5778,"url":"http:\/\/www.rockpixx.com\/wordpress\/john-lees-barclay-james-harvest-15-08-2009-homburg-saar-stadtpark\/","url_meta":{"origin":24,"position":2},"title":"John Lees&#8216; Barclay James Harvest, 15.08.2009, Homburg \/ Saar, Stadtpark","author":"Anja","date":"15. August 2009","format":false,"excerpt":"Also in den sp\u00e4ten Siebzigern war das in der gymnasialen Oberstufe so: Wollte man mit den M\u00e4dels, die man gut fand, \u00fcberhaupt irgendwie ins Gespr\u00e4ch kommen, dann musste man Barclay James Harvest kennen - das h\u00f6rten die n\u00e4mlich (fast) alle. Tja und nun - ca. 30 Jahre sp\u00e4ter - stehe\u2026","rel":"","context":"In &quot;Acts&quot;","block_context":{"text":"Acts","link":"http:\/\/www.rockpixx.com\/wordpress\/category\/acts\/"},"img":{"alt_text":"John Lees' Barclay James Harvest, 15.08.2009, Homburg \/ Saar, Stadtpark","src":"https:\/\/i0.wp.com\/www.rockpixx.com\/wordpress\/wp-content\/uploads\/2013\/01\/20090815-03-bjh-Artikel.jpg?resize=350%2C200","width":350,"height":200,"srcset":"https:\/\/i0.wp.com\/www.rockpixx.com\/wordpress\/wp-content\/uploads\/2013\/01\/20090815-03-bjh-Artikel.jpg?resize=350%2C200 1x, https:\/\/i0.wp.com\/www.rockpixx.com\/wordpress\/wp-content\/uploads\/2013\/01\/20090815-03-bjh-Artikel.jpg?resize=525%2C300 1.5x, https:\/\/i0.wp.com\/www.rockpixx.com\/wordpress\/wp-content\/uploads\/2013\/01\/20090815-03-bjh-Artikel.jpg?resize=700%2C400 2x"},"classes":[]},{"id":2562,"url":"http:\/\/www.rockpixx.com\/wordpress\/zootv-u2-25-06-2008-kiel-maxbuhne\/","url_meta":{"origin":24,"position":3},"title":"ZooTV, 25.06.2008, Kiel, MAXB\u00fchne","author":"Anja","date":"25. Juni 2008","format":false,"excerpt":"Zoo TV, die U2-Tributeband aus Hamburg zum zweiten Mal. War ich noch \u2192\u00a02007 im November in Braunschweig nicht vollends zufrieden mit der gebotenen Performance, so wurde ich dieses Mal restlos zufrieden gestellt. Jetzt stimmte alles: Musik, Sound, Licht und Performance. Auch der S\u00e4nger war dieses Mal mehr am Singen als\u2026","rel":"","context":"In &quot;Acts&quot;","block_context":{"text":"Acts","link":"http:\/\/www.rockpixx.com\/wordpress\/category\/acts\/"},"img":{"alt_text":"ZooTV, 25.06.2008, Kiel, MAXB\u00fchne","src":"https:\/\/i0.wp.com\/www.rockpixx.com\/wordpress\/wp-content\/uploads\/2008\/06\/20080625-03-zootv-Artikel.jpg?resize=350%2C200","width":350,"height":200,"srcset":"https:\/\/i0.wp.com\/www.rockpixx.com\/wordpress\/wp-content\/uploads\/2008\/06\/20080625-03-zootv-Artikel.jpg?resize=350%2C200 1x, https:\/\/i0.wp.com\/www.rockpixx.com\/wordpress\/wp-content\/uploads\/2008\/06\/20080625-03-zootv-Artikel.jpg?resize=525%2C300 1.5x, https:\/\/i0.wp.com\/www.rockpixx.com\/wordpress\/wp-content\/uploads\/2008\/06\/20080625-03-zootv-Artikel.jpg?resize=700%2C400 2x"},"classes":[]},{"id":1372,"url":"http:\/\/www.rockpixx.com\/wordpress\/zootv-10-11-2007-braunschweig-volkswagenhalle\/","url_meta":{"origin":24,"position":4},"title":"ZooTV, 10.11.2007, Braunschweig, Volkswagenhalle","author":"Anja","date":"10. November 2007","format":false,"excerpt":"Nach dem fulminanten Auftritt von \u2192\u00a0\u201eBarock\u201c wird's schwer f\u00fcr \u201eZoo TV\u201c, diese Performance noch zu toppen. Die Musik von \u201eU2\u201c ist naturgem\u00e4\u00df etwas ruhiger und das Publikum muss auch erst einmal wieder auf T\u00f6ne eingestimmt werden, bei denen es nicht \u201evoll auf die Ohren gibt\u201c. Eigentlich gelingt es den Musikern\u2026","rel":"","context":"In &quot;Acts&quot;","block_context":{"text":"Acts","link":"http:\/\/www.rockpixx.com\/wordpress\/category\/acts\/"},"img":{"alt_text":"ZooTV, 10.11.2007, Braunschweig, Volkswagenhalle","src":"https:\/\/i0.wp.com\/www.rockpixx.com\/wordpress\/wp-content\/uploads\/2007\/11\/20071110-05-zootv-Artikel.jpg?resize=350%2C200","width":350,"height":200,"srcset":"https:\/\/i0.wp.com\/www.rockpixx.com\/wordpress\/wp-content\/uploads\/2007\/11\/20071110-05-zootv-Artikel.jpg?resize=350%2C200 1x, https:\/\/i0.wp.com\/www.rockpixx.com\/wordpress\/wp-content\/uploads\/2007\/11\/20071110-05-zootv-Artikel.jpg?resize=525%2C300 1.5x, https:\/\/i0.wp.com\/www.rockpixx.com\/wordpress\/wp-content\/uploads\/2007\/11\/20071110-05-zootv-Artikel.jpg?resize=700%2C400 2x"},"classes":[]},{"id":5762,"url":"http:\/\/www.rockpixx.com\/wordpress\/the-pink-floyd-project-15-08-2009-homburg-saar-stadtpark\/","url_meta":{"origin":24,"position":5},"title":"The Pink Floyd Project, 15.08.2009, Homburg \/ Saar, Stadtpark","author":"Anja","date":"15. August 2009","format":false,"excerpt":"\u2192\u00a0The Pink Floyd Project zum Zweiten nach dem Termin in V\u00f6lklingen im Februar 2009. Sound und B\u00fchnenpr\u00e4senz wie gehabt sehr gut, leider ergab die durch die Headliner \u201eBarclay James Harvest\u201c bedingte kurzfristige Set\u00e4nderung den unsch\u00f6nen Nebeneffekt, dass 90% des Konzertes bei Tageslicht und der Rest in der einsetzenden D\u00e4mmerung stattfinden\u2026","rel":"","context":"In &quot;Acts&quot;","block_context":{"text":"Acts","link":"http:\/\/www.rockpixx.com\/wordpress\/category\/acts\/"},"img":{"alt_text":"The Pink Floyd Project, 15.08.2009, Homburg \/ Saar, Stadtpark","src":"https:\/\/i0.wp.com\/www.rockpixx.com\/wordpress\/wp-content\/uploads\/2013\/01\/20090815-02-pink-floyd-project-Artikel.jpg?resize=350%2C200","width":350,"height":200,"srcset":"https:\/\/i0.wp.com\/www.rockpixx.com\/wordpress\/wp-content\/uploads\/2013\/01\/20090815-02-pink-floyd-project-Artikel.jpg?resize=350%2C200 1x, https:\/\/i0.wp.com\/www.rockpixx.com\/wordpress\/wp-content\/uploads\/2013\/01\/20090815-02-pink-floyd-project-Artikel.jpg?resize=525%2C300 1.5x, https:\/\/i0.wp.com\/www.rockpixx.com\/wordpress\/wp-content\/uploads\/2013\/01\/20090815-02-pink-floyd-project-Artikel.jpg?resize=700%2C400 2x"},"classes":[]}],"jetpack_sharing_enabled":true,"publishpress_future_action":{"enabled":false,"date":"2026-05-07 07:47:21","action":"change-status","newStatus":"draft","terms":[],"taxonomy":"category","extraData":[]},"publishpress_future_workflow_manual_trigger":{"enabledWorkflows":[]},"_links":{"self":[{"href":"http:\/\/www.rockpixx.com\/wordpress\/wp-json\/wp\/v2\/posts\/24","targetHints":{"allow":["GET"]}}],"collection":[{"href":"http:\/\/www.rockpixx.com\/wordpress\/wp-json\/wp\/v2\/posts"}],"about":[{"href":"http:\/\/www.rockpixx.com\/wordpress\/wp-json\/wp\/v2\/types\/post"}],"author":[{"embeddable":true,"href":"http:\/\/www.rockpixx.com\/wordpress\/wp-json\/wp\/v2\/users\/1"}],"replies":[{"embeddable":true,"href":"http:\/\/www.rockpixx.com\/wordpress\/wp-json\/wp\/v2\/comments?post=24"}],"version-history":[{"count":0,"href":"http:\/\/www.rockpixx.com\/wordpress\/wp-json\/wp\/v2\/posts\/24\/revisions"}],"wp:featuredmedia":[{"embeddable":true,"href":"http:\/\/www.rockpixx.com\/wordpress\/wp-json\/wp\/v2\/media\/3171"}],"wp:attachment":[{"href":"http:\/\/www.rockpixx.com\/wordpress\/wp-json\/wp\/v2\/media?parent=24"}],"wp:term":[{"taxonomy":"category","embeddable":true,"href":"http:\/\/www.rockpixx.com\/wordpress\/wp-json\/wp\/v2\/categories?post=24"},{"taxonomy":"post_tag","embeddable":true,"href":"http:\/\/www.rockpixx.com\/wordpress\/wp-json\/wp\/v2\/tags?post=24"}],"curies":[{"name":"wp","href":"https:\/\/api.w.org\/{rel}","templated":true}]}}