{"id":241,"date":"2007-05-12T01:00:41","date_gmt":"2007-05-11T23:00:41","guid":{"rendered":"http:\/\/rockpixx.com\/wordpress\/?p=241"},"modified":"2013-04-17T22:52:10","modified_gmt":"2013-04-17T21:52:10","slug":"barock-12-05-2007-kempten-bigbox","status":"publish","type":"post","link":"http:\/\/www.rockpixx.com\/wordpress\/barock-12-05-2007-kempten-bigbox\/","title":{"rendered":"Barock, 12.05.2007, Kempten, BigBOX"},"content":{"rendered":"<p>Mein erstes Zusammentreffen mit den Jungs um Eugen Torscher. Laut Presse gelten Barock als die beste AC\/DC-Coverband Europas. Die Show ist top, Licht und Sound ebenfalls. <!--more-->Eugen tobt als Angus wie ein Wirbelwind \u00fcber die B\u00fchne und selbst der obligatorische Strip fehlt nicht. Vom fotografischen Standpunkt her betrachtet, war das einer der besten Gigs, die mir bislang untergekommen sind.<\/p>\n<p style=\"text-align: right;\">Fotos:\u00a0<a href=\"mailto:info@rockpixx.com?subject=Fotos%20von%20Z%C3%BCndstoff,%20Riezlern%20(A)%20%E2%80%9EGemeindeplatz%E2%80%9C,%2028.12.2007\">Alex<\/a>\u00a0| Text:\u00a0<a href=\"mailto:info@rockpixx.com?subject=Reviewtext%20von%20Z%C3%BCndstoff,%20Riezlern%20(A)%20%E2%80%9EGemeindeplatz%E2%80%9C,%2028.12.2007\">Alex<\/a><\/p>\n<p style=\"text-align: left;\"><div class=\"eat-left eat-right\"><div class=\"thumbs-masonry isotope\"><div class=\"isotope-item block-2 block-h-2\"><a href=\"http:\/\/www.rockpixx.com\/wordpress\/wp-content\/uploads\/2012\/12\/20070512-497.jpg\" rel=\"prettyPhoto[postgal_3214]\" class=\"show-hover-link block-h-2\"\"><img decoding=\"async\" src=\"http:\/\/www.rockpixx.com\/wordpress\/wp-content\/uploads\/2012\/12\/20070512-497-480x400.jpg\" alt=\"Barock, 12.05.2007, Kempten, BigBOX\"\/><span class=\"before\"><\/span><span class=\"after\"><\/span><\/a><\/div><div class=\"isotope-item block-1 block-h-1\"><a href=\"http:\/\/www.rockpixx.com\/wordpress\/wp-content\/uploads\/2012\/12\/20070512-532.jpg\" rel=\"prettyPhoto[postgal_3214]\" class=\"show-hover-link block-h-1\"\"><img decoding=\"async\" src=\"http:\/\/www.rockpixx.com\/wordpress\/wp-content\/uploads\/2012\/12\/20070512-532-480x400.jpg\" alt=\"Barock, 12.05.2007, Kempten, BigBOX\"\/><span class=\"before\"><\/span><span class=\"after\"><\/span><\/a><\/div><div class=\"isotope-item block-1 block-h-1\"><a href=\"http:\/\/www.rockpixx.com\/wordpress\/wp-content\/uploads\/2012\/12\/20070512-555.jpg\" rel=\"prettyPhoto[postgal_3214]\" class=\"show-hover-link block-h-1\"\"><img decoding=\"async\" src=\"http:\/\/www.rockpixx.com\/wordpress\/wp-content\/uploads\/2012\/12\/20070512-555-480x400.jpg\" alt=\"Barock, 12.05.2007, Kempten, BigBOX\"\/><span class=\"before\"><\/span><span class=\"after\"><\/span><\/a><\/div><div class=\"isotope-item block-2 block-h-2\"><a href=\"http:\/\/www.rockpixx.com\/wordpress\/wp-content\/uploads\/2012\/12\/20070512-667.jpg\" rel=\"prettyPhoto[postgal_3214]\" class=\"show-hover-link block-h-2\"\"><img decoding=\"async\" src=\"http:\/\/www.rockpixx.com\/wordpress\/wp-content\/uploads\/2012\/12\/20070512-667-480x400.jpg\" alt=\"Barock, 12.05.2007, Kempten, BigBOX\"\/><span class=\"before\"><\/span><span class=\"after\"><\/span><\/a><\/div><div class=\"isotope-item block-1 block-h-1\"><a href=\"http:\/\/www.rockpixx.com\/wordpress\/wp-content\/uploads\/2012\/12\/20070512-561.jpg\" rel=\"prettyPhoto[postgal_3214]\" class=\"show-hover-link block-h-1\"\"><img decoding=\"async\" src=\"http:\/\/www.rockpixx.com\/wordpress\/wp-content\/uploads\/2012\/12\/20070512-561-480x400.jpg\" alt=\"Barock, 12.05.2007, Kempten, BigBOX\"\/><span class=\"before\"><\/span><span class=\"after\"><\/span><\/a><\/div><div class=\"isotope-item block-1 block-h-1\"><a href=\"http:\/\/www.rockpixx.com\/wordpress\/wp-content\/uploads\/2012\/12\/20070512-614.jpg\" rel=\"prettyPhoto[postgal_3214]\" class=\"show-hover-link block-h-1\"\"><img decoding=\"async\" src=\"http:\/\/www.rockpixx.com\/wordpress\/wp-content\/uploads\/2012\/12\/20070512-614-480x400.jpg\" alt=\"Barock, 12.05.2007, Kempten, BigBOX\"\/><span class=\"before\"><\/span><span class=\"after\"><\/span><\/a><\/div><div class=\"isotope-item block-2 block-h-2\"><a href=\"http:\/\/www.rockpixx.com\/wordpress\/wp-content\/uploads\/2012\/12\/20070512-810.jpg\" rel=\"prettyPhoto[postgal_3214]\" class=\"show-hover-link block-h-2\"\"><img decoding=\"async\" src=\"http:\/\/www.rockpixx.com\/wordpress\/wp-content\/uploads\/2012\/12\/20070512-810-480x400.jpg\" alt=\"Barock, 12.05.2007, Kempten, BigBOX\"\/><span class=\"before\"><\/span><span class=\"after\"><\/span><\/a><\/div><div class=\"isotope-item block-1 block-h-1\"><a href=\"http:\/\/www.rockpixx.com\/wordpress\/wp-content\/uploads\/2012\/12\/20070512-303.jpg\" rel=\"prettyPhoto[postgal_3214]\" class=\"show-hover-link block-h-1\"\"><img decoding=\"async\" src=\"http:\/\/www.rockpixx.com\/wordpress\/wp-content\/uploads\/2012\/12\/20070512-303-480x400.jpg\" alt=\"Barock, 12.05.2007, Kempten, BigBOX\"\/><span class=\"before\"><\/span><span class=\"after\"><\/span><\/a><\/div><div class=\"isotope-item block-1 block-h-1\"><a href=\"http:\/\/www.rockpixx.com\/wordpress\/wp-content\/uploads\/2012\/12\/20070512-470.jpg\" rel=\"prettyPhoto[postgal_3214]\" class=\"show-hover-link block-h-1\"\"><img decoding=\"async\" src=\"http:\/\/www.rockpixx.com\/wordpress\/wp-content\/uploads\/2012\/12\/20070512-470-480x400.jpg\" alt=\"Barock, 12.05.2007, Kempten, BigBOX\"\/><span class=\"before\"><\/span><span class=\"after\"><\/span><\/a><\/div><div class=\"isotope-item block-2 block-h-2\"><a href=\"http:\/\/www.rockpixx.com\/wordpress\/wp-content\/uploads\/2012\/12\/20070512-472.jpg\" rel=\"prettyPhoto[postgal_3214]\" class=\"show-hover-link block-h-2\"\"><img decoding=\"async\" src=\"http:\/\/www.rockpixx.com\/wordpress\/wp-content\/uploads\/2012\/12\/20070512-472-480x400.jpg\" alt=\"Barock, 12.05.2007, Kempten, BigBOX\"\/><span class=\"before\"><\/span><span class=\"after\"><\/span><\/a><\/div><\/div><\/div><\/p>\n","protected":false},"excerpt":{"rendered":"<p>Mein erstes Zusammentreffen mit den Jungs um Eugen Torscher. Laut Presse gelten Barock als die <a href=\"http:\/\/www.rockpixx.com\/wordpress\/barock-12-05-2007-kempten-bigbox\/\">Read more<\/a><\/p>\n","protected":false},"author":1,"featured_media":3190,"comment_status":"closed","ping_status":"open","sticky":false,"template":"","format":"standard","meta":{"_jetpack_memberships_contains_paid_content":false,"footnotes":"","jetpack_publicize_message":"","jetpack_publicize_feature_enabled":true,"jetpack_social_post_already_shared":false,"jetpack_social_options":{"image_generator_settings":{"template":"highway","default_image_id":0,"font":"","enabled":false},"version":2}},"categories":[8,34,47,5],"tags":[1725,1716,1724,344,343],"class_list":["post-241","post","type-post","status-publish","format-standard","has-post-thumbnail","hentry","category-acdc","category-acts","category-barock","category-tributebands","tag-1725","tag-acdc","tag-barock","tag-bigbox","tag-kempten"],"aioseo_notices":[],"jetpack_publicize_connections":[],"jetpack_featured_media_url":"http:\/\/www.rockpixx.com\/wordpress\/wp-content\/uploads\/2007\/05\/20070512-barock-Artikel.jpg","jetpack-related-posts":[{"id":5865,"url":"http:\/\/www.rockpixx.com\/wordpress\/barock-06-11-2009-kempten-bigbox\/","url_meta":{"origin":241,"position":0},"title":"Barock, 06.11.2009, Kempten, BigBOX","author":"Anja","date":"6. November 2009","format":false,"excerpt":"Also \u2192\u00a0wieder einmal eine XL-Show von \u201eBarock\u201c mit beiden S\u00e4ngern. Es ist schon ein witziges Gef\u00fchl zu genau der Band an genau die ausverkaufte Location zur\u00fcckzukehren, wo ca. zweieinhalb Jahre zuvor die eigentliche Geburtsst\u00e4tte von rockpixx.com lag... Aber bevor es hier nun sentimental wird, kurz die Fakten: Show gut, Sound\u2026","rel":"","context":"In &quot;AC\/DC&quot;","block_context":{"text":"AC\/DC","link":"http:\/\/www.rockpixx.com\/wordpress\/category\/acts\/tributebands\/acdc\/"},"img":{"alt_text":"Barock, 06.11.2009, Kempten, BigBOX","src":"https:\/\/i0.wp.com\/www.rockpixx.com\/wordpress\/wp-content\/uploads\/2013\/01\/20091106-barock-Artikel.jpg?resize=350%2C200","width":350,"height":200,"srcset":"https:\/\/i0.wp.com\/www.rockpixx.com\/wordpress\/wp-content\/uploads\/2013\/01\/20091106-barock-Artikel.jpg?resize=350%2C200 1x, https:\/\/i0.wp.com\/www.rockpixx.com\/wordpress\/wp-content\/uploads\/2013\/01\/20091106-barock-Artikel.jpg?resize=525%2C300 1.5x, https:\/\/i0.wp.com\/www.rockpixx.com\/wordpress\/wp-content\/uploads\/2013\/01\/20091106-barock-Artikel.jpg?resize=700%2C400 2x"},"classes":[]},{"id":8330,"url":"http:\/\/www.rockpixx.com\/wordpress\/barock-12-11-2011-kempten-bigbox\/","url_meta":{"origin":241,"position":1},"title":"Barock, 12.11.2011, Kempten, BigBOX","author":"Anja","date":"12. November 2011","format":false,"excerpt":"Und dann \u201eBarock\u201c, zum dritten Mal an dem Ort, wo mit ihnen auch bei rockpixx.com alles so richtig losging. Und weil wir schon so oft \u00fcber \u201eBarock\u201c geschrieben haben, hier nur ganz kurz die Updates: Ja, es ist knapp f\u00fcnf Monate her, dass wir die Jungs zum letzten Mal gesehen\u2026","rel":"","context":"In &quot;AC\/DC&quot;","block_context":{"text":"AC\/DC","link":"http:\/\/www.rockpixx.com\/wordpress\/category\/acts\/tributebands\/acdc\/"},"img":{"alt_text":"Barock, 12.11.2011, Kempten, BigBOX","src":"https:\/\/i0.wp.com\/www.rockpixx.com\/wordpress\/wp-content\/uploads\/2013\/02\/20111112-2-barock-Artikel.jpg?resize=350%2C200","width":350,"height":200,"srcset":"https:\/\/i0.wp.com\/www.rockpixx.com\/wordpress\/wp-content\/uploads\/2013\/02\/20111112-2-barock-Artikel.jpg?resize=350%2C200 1x, https:\/\/i0.wp.com\/www.rockpixx.com\/wordpress\/wp-content\/uploads\/2013\/02\/20111112-2-barock-Artikel.jpg?resize=525%2C300 1.5x, https:\/\/i0.wp.com\/www.rockpixx.com\/wordpress\/wp-content\/uploads\/2013\/02\/20111112-2-barock-Artikel.jpg?resize=700%2C400 2x"},"classes":[]},{"id":1304,"url":"http:\/\/www.rockpixx.com\/wordpress\/barock-10-11-2007-braunschweig-volkswagenhalle\/","url_meta":{"origin":241,"position":2},"title":"Barock, 10.11.2007, Braunschweig, Volkswagenhalle","author":"Anja","date":"10. November 2007","format":false,"excerpt":"Nix Neues in Sachen AC\/DC-Tribute: Die B\u00fchne ist dieses Mal gro\u00df genug f\u00fcr Eugen \u201eAngus\u201c Torscher und S\u00e4nger Grant Foster aus Great Britain. Und so fesseln die beiden \u2013 tatkr\u00e4ftig unterst\u00fctzt von ihrer dreik\u00f6pfigen Rhythmus-Sektion \u2013 von der ersten Note an das Publikum, welches vor der wirklich riesigen B\u00fchne begeistert\u2026","rel":"","context":"In &quot;AC\/DC&quot;","block_context":{"text":"AC\/DC","link":"http:\/\/www.rockpixx.com\/wordpress\/category\/acts\/tributebands\/acdc\/"},"img":{"alt_text":"Barock, 10.11.2007, Braunschweig, Volkswagenhalle","src":"https:\/\/i0.wp.com\/www.rockpixx.com\/wordpress\/wp-content\/uploads\/2007\/11\/20071110-04-barock-Artikel.jpg?resize=350%2C200","width":350,"height":200,"srcset":"https:\/\/i0.wp.com\/www.rockpixx.com\/wordpress\/wp-content\/uploads\/2007\/11\/20071110-04-barock-Artikel.jpg?resize=350%2C200 1x, https:\/\/i0.wp.com\/www.rockpixx.com\/wordpress\/wp-content\/uploads\/2007\/11\/20071110-04-barock-Artikel.jpg?resize=525%2C300 1.5x, https:\/\/i0.wp.com\/www.rockpixx.com\/wordpress\/wp-content\/uploads\/2007\/11\/20071110-04-barock-Artikel.jpg?resize=700%2C400 2x"},"classes":[]},{"id":9070,"url":"http:\/\/www.rockpixx.com\/wordpress\/barock-18-01-2013-beverungen-stadthalle\/","url_meta":{"origin":241,"position":3},"title":"Barock, 18.01.2013, Beverungen, Stadthalle","author":"Anja","date":"18. Januar 2013","format":false,"excerpt":"Dann machen wir das doch jetzt mal im Telegrammstil: Barock, Folge 29\u2026\u00a0 Anreise: gut\u2026 hinter der Halle die erste \u00dcberraschung: da parkt ein 40t Sattelschlepper\u2026 Show: erstmals sehen wir die neuen Kanonen (wenn auch aus Platzgr\u00fcnden nur vier St\u00fcck aufgebaut sind), Barock zelebriert 2013 \u201e40 years of AC\/DC\u201c\u2026 Nebel: fast\u2026","rel":"","context":"In &quot;AC\/DC&quot;","block_context":{"text":"AC\/DC","link":"http:\/\/www.rockpixx.com\/wordpress\/category\/acts\/tributebands\/acdc\/"},"img":{"alt_text":"Barock, 18.01.2013, Beverungen, Stadthalle","src":"https:\/\/i0.wp.com\/www.rockpixx.com\/wordpress\/wp-content\/uploads\/2013\/02\/20130118-03-barock-Artikel.jpg?resize=350%2C200","width":350,"height":200,"srcset":"https:\/\/i0.wp.com\/www.rockpixx.com\/wordpress\/wp-content\/uploads\/2013\/02\/20130118-03-barock-Artikel.jpg?resize=350%2C200 1x, https:\/\/i0.wp.com\/www.rockpixx.com\/wordpress\/wp-content\/uploads\/2013\/02\/20130118-03-barock-Artikel.jpg?resize=525%2C300 1.5x, https:\/\/i0.wp.com\/www.rockpixx.com\/wordpress\/wp-content\/uploads\/2013\/02\/20130118-03-barock-Artikel.jpg?resize=700%2C400 2x"},"classes":[]},{"id":1199,"url":"http:\/\/www.rockpixx.com\/wordpress\/barock-acdc-03-11-2007-feuchtwangen-tanzcenter\/","url_meta":{"origin":241,"position":4},"title":"Barock, 03.11.2007, Feuchtwangen, Tanzcenter","author":"Anja","date":"3. November 2007","format":false,"excerpt":"Das Frankenland \u2013 unendliche Weiten. Dies sind die Abenteuer des dunkelgr\u00fcnen V6, der mit seiner 2 Mann starken Besatzung drei Stunden lang unterwegs ist, um neue Bandmitglieder zu sehen, neue Locations und neue Shows. Viele Kilometer von zu Hause entfernt, dringt der V6 dabei in D\u00f6rfer vor, die nie ein\u2026","rel":"","context":"In &quot;AC\/DC&quot;","block_context":{"text":"AC\/DC","link":"http:\/\/www.rockpixx.com\/wordpress\/category\/acts\/tributebands\/acdc\/"},"img":{"alt_text":"Barock, 03.11.2007, Feuchtwangen, Tanzcenter","src":"https:\/\/i0.wp.com\/www.rockpixx.com\/wordpress\/wp-content\/uploads\/2007\/11\/20071103-2-barock-Artikel.jpg?resize=350%2C200","width":350,"height":200,"srcset":"https:\/\/i0.wp.com\/www.rockpixx.com\/wordpress\/wp-content\/uploads\/2007\/11\/20071103-2-barock-Artikel.jpg?resize=350%2C200 1x, https:\/\/i0.wp.com\/www.rockpixx.com\/wordpress\/wp-content\/uploads\/2007\/11\/20071103-2-barock-Artikel.jpg?resize=525%2C300 1.5x, https:\/\/i0.wp.com\/www.rockpixx.com\/wordpress\/wp-content\/uploads\/2007\/11\/20071103-2-barock-Artikel.jpg?resize=700%2C400 2x"},"classes":[]},{"id":6019,"url":"http:\/\/www.rockpixx.com\/wordpress\/andy-scotts-sweet-17-12-2009-kempten-bigbox\/","url_meta":{"origin":241,"position":5},"title":"Andy Scott&#8217;s Sweet, 17.12.2009, Kempten, BigBOX","author":"Anja","date":"17. Dezember 2009","format":false,"excerpt":"Viereinhalb Jahre ist es her, dass ich \u2192 \u00a0\u201eAndy Scott's Sweet\u201c zuletzt gesehen hatte \u2013 damals (im Hochsommer) Andy Scott ohne Glamrock-Per\u00fccke. Er tourt also noch immer durch die Lande und l\u00e4sst die zahlreichen Hits von \u201eThe Sweet\u201c aus den Siebzigern weiterleben. Dieses Mal in einem Package mit \u2192\u00a0\u201eManfred Mann's\u2026","rel":"","context":"In &quot;Acts&quot;","block_context":{"text":"Acts","link":"http:\/\/www.rockpixx.com\/wordpress\/category\/acts\/"},"img":{"alt_text":"The Sweet","src":"https:\/\/i0.wp.com\/www.rockpixx.com\/wordpress\/wp-content\/uploads\/2013\/01\/20091217-1-the-sweet-Artikel.jpg?resize=350%2C200","width":350,"height":200,"srcset":"https:\/\/i0.wp.com\/www.rockpixx.com\/wordpress\/wp-content\/uploads\/2013\/01\/20091217-1-the-sweet-Artikel.jpg?resize=350%2C200 1x, https:\/\/i0.wp.com\/www.rockpixx.com\/wordpress\/wp-content\/uploads\/2013\/01\/20091217-1-the-sweet-Artikel.jpg?resize=525%2C300 1.5x, https:\/\/i0.wp.com\/www.rockpixx.com\/wordpress\/wp-content\/uploads\/2013\/01\/20091217-1-the-sweet-Artikel.jpg?resize=700%2C400 2x"},"classes":[]}],"jetpack_sharing_enabled":true,"publishpress_future_action":{"enabled":false,"date":"2026-05-07 07:47:19","action":"change-status","newStatus":"draft","terms":[],"taxonomy":"category","extraData":[]},"publishpress_future_workflow_manual_trigger":{"enabledWorkflows":[]},"_links":{"self":[{"href":"http:\/\/www.rockpixx.com\/wordpress\/wp-json\/wp\/v2\/posts\/241","targetHints":{"allow":["GET"]}}],"collection":[{"href":"http:\/\/www.rockpixx.com\/wordpress\/wp-json\/wp\/v2\/posts"}],"about":[{"href":"http:\/\/www.rockpixx.com\/wordpress\/wp-json\/wp\/v2\/types\/post"}],"author":[{"embeddable":true,"href":"http:\/\/www.rockpixx.com\/wordpress\/wp-json\/wp\/v2\/users\/1"}],"replies":[{"embeddable":true,"href":"http:\/\/www.rockpixx.com\/wordpress\/wp-json\/wp\/v2\/comments?post=241"}],"version-history":[{"count":0,"href":"http:\/\/www.rockpixx.com\/wordpress\/wp-json\/wp\/v2\/posts\/241\/revisions"}],"wp:featuredmedia":[{"embeddable":true,"href":"http:\/\/www.rockpixx.com\/wordpress\/wp-json\/wp\/v2\/media\/3190"}],"wp:attachment":[{"href":"http:\/\/www.rockpixx.com\/wordpress\/wp-json\/wp\/v2\/media?parent=241"}],"wp:term":[{"taxonomy":"category","embeddable":true,"href":"http:\/\/www.rockpixx.com\/wordpress\/wp-json\/wp\/v2\/categories?post=241"},{"taxonomy":"post_tag","embeddable":true,"href":"http:\/\/www.rockpixx.com\/wordpress\/wp-json\/wp\/v2\/tags?post=241"}],"curies":[{"name":"wp","href":"https:\/\/api.w.org\/{rel}","templated":true}]}}