{"id":2412,"date":"2008-06-20T01:00:38","date_gmt":"2008-06-19T23:00:38","guid":{"rendered":"http:\/\/rockpixx.com\/wordpress\/?p=2412"},"modified":"2013-01-27T15:59:39","modified_gmt":"2013-01-27T13:59:39","slug":"jennifer-rush-20-06-2008-kiel-unser-norden-buhne","status":"publish","type":"post","link":"http:\/\/www.rockpixx.com\/wordpress\/jennifer-rush-20-06-2008-kiel-unser-norden-buhne\/","title":{"rendered":"Jennifer Rush, 20.06.2008, Kiel, Unser Norden-B\u00fchne"},"content":{"rendered":"<p>Ich bin wieder an meiner alten Wirkungsst\u00e4tte, in Kiel. Es ist \u201eKieler Woche\u201c und jede Menge Musiker sind auf vielen B\u00fchnen ebenfalls dort. Den Anfang (noch vor der eigentlichen Er\u00f6ffnung der \u201eKieler Woche\u201c) macht Jennifer Rush auf der Gemeinschaftsb\u00fchne der drei Radiosender \u201er.sh\u201c, \u201eRadio NORA\u201c und \u201edelta radio\u201c.<!--more--><\/p>\n<p>Bange Frage: Von Jennifer Rush war in Deutschland nach ihren gro\u00dfen Erfolgen in den Achtzigern ja nicht mehr viel zu h\u00f6ren bzw. zu sehen \u2013 wie gut ist sie noch? Die Beantwortung dieser Frage verz\u00f6gert sich etwas, der Pressesprecher informiert uns im Graben dar\u00fcber, dass erst einmal Ihre Begleitband 20 \u2013 30 Minuten spielen werde, bevor Jennifer auftrete\u2026 Nachdem ich also ein paar belanglose Coversongs f\u00fcr Testbilder genutzt hatte kam SIE. Die gro\u00dfen Hits wurden selbstverst\u00e4ndlich gegeben und stimmlich ist Jennifer Rush auch noch ganz passabel dabei \u2013 auf jeden Fall merkt man ihr ihre ausgebildete Stimme immer noch an \u2013 auch wenn bei einigen \u201ekritischen\u201c Passagen die beiden Backgrounds\u00e4ngerinnen dezent eingreifen. Optisch sind die 20 Jahre nat\u00fcrlich nicht ganz spurlos an Jennifer Rush vorbei gegangen, aber f\u00fcr ihr Alter macht sie noch ein gutes Bild. Das einzige Manko an diesem Abend: Der typische Sound von Jennifer Rush hat mir pers\u00f6nlich gefehlt \u2013 irgendwie schafften es die neun Begleitmusiker ganz gut, alles im typischen Stil der heutigen Zeit \u201eglattzub\u00fcgeln\u201c\u2026<\/p>\n<p style=\"text-align: right;\">Fotos:\u00a0<a href=\"mailto:info@rockpixx.com?subject=Fotos%20von%20Jennifer%20Rush,%20Kiel%20%E2%80%9EUnser%20Norden-B%C3%BChne%E2%80%9C,%2020.06.2008\">Alex<\/a>\u00a0| Text:\u00a0<a href=\"mailto:info@rockpixx.com?subject=Reviewtext%20von%20Jennifer%20Rush,%20Kiel%20%E2%80%9EUnser%20Norden-B%C3%BChne%E2%80%9C,%2020.06.2008\">Alex<\/a><\/p>\n<p style=\"text-align: left;\"><div class=\"eat-left eat-right\"><div class=\"thumbs-masonry isotope\"><div class=\"isotope-item block-2 block-h-2\"><a href=\"http:\/\/www.rockpixx.com\/wordpress\/wp-content\/uploads\/2013\/01\/20080620-01-027.jpg\" rel=\"prettyPhoto[postgal_3826]\" class=\"show-hover-link block-h-2\"\"><img decoding=\"async\" src=\"http:\/\/www.rockpixx.com\/wordpress\/wp-content\/uploads\/2013\/01\/20080620-01-027-480x400.jpg\" alt=\"Jennifer Rush, 20.06.2008, Kiel, Unser Norden-B\u00fchne\"\/><span class=\"before\"><\/span><span class=\"after\"><\/span><\/a><\/div><div class=\"isotope-item block-1 block-h-1\"><a href=\"http:\/\/www.rockpixx.com\/wordpress\/wp-content\/uploads\/2013\/01\/20080620-01-051.jpg\" rel=\"prettyPhoto[postgal_3826]\" class=\"show-hover-link block-h-1\"\"><img decoding=\"async\" src=\"http:\/\/www.rockpixx.com\/wordpress\/wp-content\/uploads\/2013\/01\/20080620-01-051-480x400.jpg\" alt=\"Jennifer Rush, 20.06.2008, Kiel, Unser Norden-B\u00fchne\"\/><span class=\"before\"><\/span><span class=\"after\"><\/span><\/a><\/div><div class=\"isotope-item block-1 block-h-1\"><a href=\"http:\/\/www.rockpixx.com\/wordpress\/wp-content\/uploads\/2013\/01\/20080620-01-058.jpg\" rel=\"prettyPhoto[postgal_3826]\" class=\"show-hover-link block-h-1\"\"><img decoding=\"async\" src=\"http:\/\/www.rockpixx.com\/wordpress\/wp-content\/uploads\/2013\/01\/20080620-01-058-480x400.jpg\" alt=\"Jennifer Rush, 20.06.2008, Kiel, Unser Norden-B\u00fchne\"\/><span class=\"before\"><\/span><span class=\"after\"><\/span><\/a><\/div><div class=\"isotope-item block-2 block-h-2\"><a href=\"http:\/\/www.rockpixx.com\/wordpress\/wp-content\/uploads\/2013\/01\/20080620-01-075.jpg\" rel=\"prettyPhoto[postgal_3826]\" class=\"show-hover-link block-h-2\"\"><img decoding=\"async\" src=\"http:\/\/www.rockpixx.com\/wordpress\/wp-content\/uploads\/2013\/01\/20080620-01-075-480x400.jpg\" alt=\"Jennifer Rush, 20.06.2008, Kiel, Unser Norden-B\u00fchne\"\/><span class=\"before\"><\/span><span class=\"after\"><\/span><\/a><\/div><div class=\"isotope-item block-1 block-h-1\"><a href=\"http:\/\/www.rockpixx.com\/wordpress\/wp-content\/uploads\/2013\/01\/20080620-01-103.jpg\" rel=\"prettyPhoto[postgal_3826]\" class=\"show-hover-link block-h-1\"\"><img decoding=\"async\" src=\"http:\/\/www.rockpixx.com\/wordpress\/wp-content\/uploads\/2013\/01\/20080620-01-103-480x400.jpg\" alt=\"Jennifer Rush, 20.06.2008, Kiel, Unser Norden-B\u00fchne\"\/><span class=\"before\"><\/span><span class=\"after\"><\/span><\/a><\/div><div class=\"isotope-item block-1 block-h-1\"><a href=\"http:\/\/www.rockpixx.com\/wordpress\/wp-content\/uploads\/2013\/01\/20080620-01-110.jpg\" rel=\"prettyPhoto[postgal_3826]\" class=\"show-hover-link block-h-1\"\"><img decoding=\"async\" src=\"http:\/\/www.rockpixx.com\/wordpress\/wp-content\/uploads\/2013\/01\/20080620-01-110-480x400.jpg\" alt=\"Jennifer Rush, 20.06.2008, Kiel, Unser Norden-B\u00fchne\"\/><span class=\"before\"><\/span><span class=\"after\"><\/span><\/a><\/div><div class=\"isotope-item block-2 block-h-2\"><a href=\"http:\/\/www.rockpixx.com\/wordpress\/wp-content\/uploads\/2013\/01\/20080620-01-133.jpg\" rel=\"prettyPhoto[postgal_3826]\" class=\"show-hover-link block-h-2\"\"><img decoding=\"async\" src=\"http:\/\/www.rockpixx.com\/wordpress\/wp-content\/uploads\/2013\/01\/20080620-01-133-480x400.jpg\" alt=\"Jennifer Rush, 20.06.2008, Kiel, Unser Norden-B\u00fchne\"\/><span class=\"before\"><\/span><span class=\"after\"><\/span><\/a><\/div><div class=\"isotope-item block-1 block-h-1\"><a href=\"http:\/\/www.rockpixx.com\/wordpress\/wp-content\/uploads\/2013\/01\/20080620-01-137.jpg\" rel=\"prettyPhoto[postgal_3826]\" class=\"show-hover-link block-h-1\"\"><img decoding=\"async\" src=\"http:\/\/www.rockpixx.com\/wordpress\/wp-content\/uploads\/2013\/01\/20080620-01-137-480x400.jpg\" alt=\"Jennifer Rush, 20.06.2008, Kiel, Unser Norden-B\u00fchne\"\/><span class=\"before\"><\/span><span class=\"after\"><\/span><\/a><\/div><div class=\"isotope-item block-1 block-h-1\"><a href=\"http:\/\/www.rockpixx.com\/wordpress\/wp-content\/uploads\/2013\/01\/20080620-01-157.jpg\" rel=\"prettyPhoto[postgal_3826]\" class=\"show-hover-link block-h-1\"\"><img decoding=\"async\" src=\"http:\/\/www.rockpixx.com\/wordpress\/wp-content\/uploads\/2013\/01\/20080620-01-157-480x400.jpg\" alt=\"Jennifer Rush, 20.06.2008, Kiel, Unser Norden-B\u00fchne\"\/><span class=\"before\"><\/span><span class=\"after\"><\/span><\/a><\/div><div class=\"isotope-item block-2 block-h-2\"><a href=\"http:\/\/www.rockpixx.com\/wordpress\/wp-content\/uploads\/2013\/01\/20080620-01-181.jpg\" rel=\"prettyPhoto[postgal_3826]\" class=\"show-hover-link block-h-2\"\"><img decoding=\"async\" src=\"http:\/\/www.rockpixx.com\/wordpress\/wp-content\/uploads\/2013\/01\/20080620-01-181-480x400.jpg\" alt=\"Jennifer Rush, 20.06.2008, Kiel, Unser Norden-B\u00fchne\"\/><span class=\"before\"><\/span><span class=\"after\"><\/span><\/a><\/div><\/div><\/div><\/p>\n","protected":false},"excerpt":{"rendered":"<p>Ich bin wieder an meiner alten Wirkungsst\u00e4tte, in Kiel. Es ist \u201eKieler Woche\u201c und jede <a href=\"http:\/\/www.rockpixx.com\/wordpress\/jennifer-rush-20-06-2008-kiel-unser-norden-buhne\/\">Read more<\/a><\/p>\n","protected":false},"author":2,"featured_media":3825,"comment_status":"closed","ping_status":"open","sticky":false,"template":"","format":"standard","meta":{"_jetpack_memberships_contains_paid_content":false,"footnotes":"","jetpack_publicize_message":"","jetpack_publicize_feature_enabled":true,"jetpack_social_post_already_shared":true,"jetpack_social_options":{"image_generator_settings":{"template":"highway","default_image_id":0,"font":"","enabled":false},"version":2}},"categories":[34,1595],"tags":[1763,133,329,1735,138,328],"class_list":["post-2412","post","type-post","status-publish","format-standard","has-post-thumbnail","hentry","category-acts","category-jennifer-rush","tag-1763","tag-festivals","tag-jennifer-rush","tag-kiel","tag-kieler-woche","tag-unser-norden-buhne"],"aioseo_notices":[],"jetpack_publicize_connections":[],"jetpack_featured_media_url":"http:\/\/www.rockpixx.com\/wordpress\/wp-content\/uploads\/2008\/06\/20080620-01-jennifer-rush-Artikel.jpg","jetpack-related-posts":[{"id":5030,"url":"http:\/\/www.rockpixx.com\/wordpress\/stefanie-heinzmann-23-06-2009-kiel-unser-norden-buhne\/","url_meta":{"origin":2412,"position":0},"title":"Stefanie Heinzmann, 23.06.2009, Kiel, Unser Norden-B\u00fchne","author":"Anja","date":"23. Juni 2009","format":false,"excerpt":"\u2026 zum \u2192\u00a0zweiten Mal auf der Kieler Woche vor unseren Linsen und vor deutlich mehr Publikum als am Vorabend \u2192\u00a0\u201ePolarkreis 18\u201c an gleicher Stelle. Bei so einem zierlichen Pers\u00f6nchen war ich wieder sehr beeindruckt von der kraftvollen Rockstimme, die in ihr steckt. P\u00fcnktlich zu Konzertbeginn st\u00fcrmte sie auf die B\u00fchne\u2026","rel":"","context":"In &quot;Acts&quot;","block_context":{"text":"Acts","link":"http:\/\/www.rockpixx.com\/wordpress\/category\/acts\/"},"img":{"alt_text":"Stefanie Heinzmann, 23.06.2009, Kiel, Unser Norden-B\u00fchne","src":"https:\/\/i0.wp.com\/www.rockpixx.com\/wordpress\/wp-content\/uploads\/2013\/01\/20090623-01-stefanie-heinzmann-Artikel.jpg?resize=350%2C200","width":350,"height":200,"srcset":"https:\/\/i0.wp.com\/www.rockpixx.com\/wordpress\/wp-content\/uploads\/2013\/01\/20090623-01-stefanie-heinzmann-Artikel.jpg?resize=350%2C200 1x, https:\/\/i0.wp.com\/www.rockpixx.com\/wordpress\/wp-content\/uploads\/2013\/01\/20090623-01-stefanie-heinzmann-Artikel.jpg?resize=525%2C300 1.5x, https:\/\/i0.wp.com\/www.rockpixx.com\/wordpress\/wp-content\/uploads\/2013\/01\/20090623-01-stefanie-heinzmann-Artikel.jpg?resize=700%2C400 2x"},"classes":[]},{"id":7641,"url":"http:\/\/www.rockpixx.com\/wordpress\/sohne-mannheims-17-06-2011-kiel-unser-norden-buhne\/","url_meta":{"origin":2412,"position":1},"title":"S\u00f6hne Mannheims, 17.06.2011, Kiel, Unser Norden-B\u00fchne","author":"Anja","date":"17. Juni 2011","format":false,"excerpt":"Mein diesj\u00e4hriger Kieler Woche Opener sind die S\u00f6hne Mannheims. Wer die \u201eUnser Norden B\u00fchne\u201c an der Kieler H\u00f6rn kennt, der wei\u00df, dass sie eine der gr\u00f6\u00dferen B\u00fchnen ist. Heute habe ich sie zum ersten Mal \u00fcberf\u00fcllt erlebt. Wo bei anderen Bands ein S\u00e4nger rumtobt, wechseln sich bei den S\u00f6hnen Henning\u2026","rel":"","context":"In &quot;Acts&quot;","block_context":{"text":"Acts","link":"http:\/\/www.rockpixx.com\/wordpress\/category\/acts\/"},"img":{"alt_text":"S\u00f6hne Mannheims, 17.06.2011, Kiel, Unser Norden-B\u00fchne","src":"https:\/\/i0.wp.com\/www.rockpixx.com\/wordpress\/wp-content\/uploads\/2013\/01\/20110617-02-soehne-mannheims-Artikel.jpg?resize=350%2C200","width":350,"height":200,"srcset":"https:\/\/i0.wp.com\/www.rockpixx.com\/wordpress\/wp-content\/uploads\/2013\/01\/20110617-02-soehne-mannheims-Artikel.jpg?resize=350%2C200 1x, https:\/\/i0.wp.com\/www.rockpixx.com\/wordpress\/wp-content\/uploads\/2013\/01\/20110617-02-soehne-mannheims-Artikel.jpg?resize=525%2C300 1.5x, https:\/\/i0.wp.com\/www.rockpixx.com\/wordpress\/wp-content\/uploads\/2013\/01\/20110617-02-soehne-mannheims-Artikel.jpg?resize=700%2C400 2x"},"classes":[]},{"id":7742,"url":"http:\/\/www.rockpixx.com\/wordpress\/quo-19-06-2011-kiel-unser-norden-buhne\/","url_meta":{"origin":2412,"position":2},"title":"Quo, 19.06.2011, Kiel, Unser Norden-B\u00fchne","author":"Anja","date":"19. Juni 2011","format":false,"excerpt":"\u201eQuo\u201c aus Hamburg, rockpixx.com und die \u201eKieler Woche\u201c: Drei Dinge, die anscheinend zusammen geh\u00f6ren. Jetzt die vier Musiker also zum vierten Mal in Folge vor unseren Kameras und zum ersten Mal konnte ich w\u00e4hrend des gesamten Gigs hautnah auf der gro\u00dfen \u201eUnser Norden-B\u00fchne\u201c mit den Jungs auf Tuchf\u00fchlung gehen. Zu\u2026","rel":"","context":"In &quot;Acts&quot;","block_context":{"text":"Acts","link":"http:\/\/www.rockpixx.com\/wordpress\/category\/acts\/"},"img":{"alt_text":"Quo, 19.06.2011, Kiel, Unser Norden-B\u00fchne","src":"https:\/\/i0.wp.com\/www.rockpixx.com\/wordpress\/wp-content\/uploads\/2013\/01\/20110619-03-quo-Artikel.jpg?resize=350%2C200","width":350,"height":200,"srcset":"https:\/\/i0.wp.com\/www.rockpixx.com\/wordpress\/wp-content\/uploads\/2013\/01\/20110619-03-quo-Artikel.jpg?resize=350%2C200 1x, https:\/\/i0.wp.com\/www.rockpixx.com\/wordpress\/wp-content\/uploads\/2013\/01\/20110619-03-quo-Artikel.jpg?resize=525%2C300 1.5x, https:\/\/i0.wp.com\/www.rockpixx.com\/wordpress\/wp-content\/uploads\/2013\/01\/20110619-03-quo-Artikel.jpg?resize=700%2C400 2x"},"classes":[]},{"id":2476,"url":"http:\/\/www.rockpixx.com\/wordpress\/the-weather-girls-21-06-2008-kiel-hsh-nordbank-buhne\/","url_meta":{"origin":2412,"position":3},"title":"The Weather Girls, 21.06.2008, Kiel, HSH Nordbank-B\u00fchne","author":"Anja","date":"21. Juni 2008","format":false,"excerpt":"Und der Kollege im Graben bei Jennifer Rush witzelte am Vortag noch: \u201eAuf jeden Fall das Weitwinkel mitnehmen!\u201c Nun ja: Irgendwie haben die beiden Damen schon ein gewisses Kultpotential \u2013 egal welches die aktuelle Besetzung im Moment auch gerade sein mag. Den Sound fand ich pers\u00f6nlich nicht so prickelnd und\u2026","rel":"","context":"In &quot;Acts&quot;","block_context":{"text":"Acts","link":"http:\/\/www.rockpixx.com\/wordpress\/category\/acts\/"},"img":{"alt_text":"Weather Girls","src":"https:\/\/i0.wp.com\/www.rockpixx.com\/wordpress\/wp-content\/uploads\/2008\/06\/20080621-01-weather-girls-Artikel.jpg?resize=350%2C200","width":350,"height":200,"srcset":"https:\/\/i0.wp.com\/www.rockpixx.com\/wordpress\/wp-content\/uploads\/2008\/06\/20080621-01-weather-girls-Artikel.jpg?resize=350%2C200 1x, https:\/\/i0.wp.com\/www.rockpixx.com\/wordpress\/wp-content\/uploads\/2008\/06\/20080621-01-weather-girls-Artikel.jpg?resize=525%2C300 1.5x, https:\/\/i0.wp.com\/www.rockpixx.com\/wordpress\/wp-content\/uploads\/2008\/06\/20080621-01-weather-girls-Artikel.jpg?resize=700%2C400 2x"},"classes":[]},{"id":6297,"url":"http:\/\/www.rockpixx.com\/wordpress\/fischer-z-18-06-2010-kiel-unser-norden-buhne\/","url_meta":{"origin":2412,"position":4},"title":"Fischer Z, 18.06.2010, Kiel, Unser Norden-B\u00fchne","author":"Anja","date":"18. Juni 2010","format":false,"excerpt":"Fischer Z \u2026 New Wave Kult aus den 80 Jahren \u2026 sind mein diesj\u00e4hriger Opener der Kieler Woche. Schon beim Soundcheck ging\u2019s laut aber auch lustig zu. Von der Originalbesetzung ist nur noch John Watts dabei, dies tat der Stimmung aber keinen Abbruch. Der Platz vor der B\u00fchne war proppenvoll\u2026","rel":"","context":"In &quot;Acts&quot;","block_context":{"text":"Acts","link":"http:\/\/www.rockpixx.com\/wordpress\/category\/acts\/"},"img":{"alt_text":"Fischer Z, 18.06.2010, Kiel, Unser Norden-B\u00fchne","src":"https:\/\/i0.wp.com\/www.rockpixx.com\/wordpress\/wp-content\/uploads\/2013\/01\/20100618-02-fischer-z-Artikel.jpg?resize=350%2C200","width":350,"height":200,"srcset":"https:\/\/i0.wp.com\/www.rockpixx.com\/wordpress\/wp-content\/uploads\/2013\/01\/20100618-02-fischer-z-Artikel.jpg?resize=350%2C200 1x, https:\/\/i0.wp.com\/www.rockpixx.com\/wordpress\/wp-content\/uploads\/2013\/01\/20100618-02-fischer-z-Artikel.jpg?resize=525%2C300 1.5x, https:\/\/i0.wp.com\/www.rockpixx.com\/wordpress\/wp-content\/uploads\/2013\/01\/20100618-02-fischer-z-Artikel.jpg?resize=700%2C400 2x"},"classes":[]},{"id":4670,"url":"http:\/\/www.rockpixx.com\/wordpress\/level-42-19-06-2009-kiel-unser-norden-buhne\/","url_meta":{"origin":2412,"position":5},"title":"Level 42, 19.06.2009, Kiel, Unser Norden-B\u00fchne","author":"Anja","date":"19. Juni 2009","format":false,"excerpt":"So \u2026 hier meldet sich die Fotografin, von rockpixx.com zu Wort. Meine Premiere bei der Kieler Woche begann gleich mit einem Paukenschlag. Level 42 \u2013 die Helden meiner Teenagerzeit, wir haben damals die Lieder im Schlaf mitsingen k\u00f6nnen und damals war es f\u00fcr mich undenkbar die Jungs mal live erleben\u2026","rel":"","context":"In &quot;Acts&quot;","block_context":{"text":"Acts","link":"http:\/\/www.rockpixx.com\/wordpress\/category\/acts\/"},"img":{"alt_text":"Level 42, 19.06.2009, Kiel, Unser Norden-B\u00fchne","src":"https:\/\/i0.wp.com\/www.rockpixx.com\/wordpress\/wp-content\/uploads\/2012\/06\/20090619-01-level-42-Artikel.jpg?resize=350%2C200","width":350,"height":200,"srcset":"https:\/\/i0.wp.com\/www.rockpixx.com\/wordpress\/wp-content\/uploads\/2012\/06\/20090619-01-level-42-Artikel.jpg?resize=350%2C200 1x, https:\/\/i0.wp.com\/www.rockpixx.com\/wordpress\/wp-content\/uploads\/2012\/06\/20090619-01-level-42-Artikel.jpg?resize=525%2C300 1.5x, https:\/\/i0.wp.com\/www.rockpixx.com\/wordpress\/wp-content\/uploads\/2012\/06\/20090619-01-level-42-Artikel.jpg?resize=700%2C400 2x"},"classes":[]}],"jetpack_sharing_enabled":true,"publishpress_future_action":{"enabled":false,"date":"2026-05-08 06:52:49","action":"change-status","newStatus":"draft","terms":[],"taxonomy":"category","extraData":[]},"publishpress_future_workflow_manual_trigger":{"enabledWorkflows":[]},"_links":{"self":[{"href":"http:\/\/www.rockpixx.com\/wordpress\/wp-json\/wp\/v2\/posts\/2412","targetHints":{"allow":["GET"]}}],"collection":[{"href":"http:\/\/www.rockpixx.com\/wordpress\/wp-json\/wp\/v2\/posts"}],"about":[{"href":"http:\/\/www.rockpixx.com\/wordpress\/wp-json\/wp\/v2\/types\/post"}],"author":[{"embeddable":true,"href":"http:\/\/www.rockpixx.com\/wordpress\/wp-json\/wp\/v2\/users\/2"}],"replies":[{"embeddable":true,"href":"http:\/\/www.rockpixx.com\/wordpress\/wp-json\/wp\/v2\/comments?post=2412"}],"version-history":[{"count":0,"href":"http:\/\/www.rockpixx.com\/wordpress\/wp-json\/wp\/v2\/posts\/2412\/revisions"}],"wp:featuredmedia":[{"embeddable":true,"href":"http:\/\/www.rockpixx.com\/wordpress\/wp-json\/wp\/v2\/media\/3825"}],"wp:attachment":[{"href":"http:\/\/www.rockpixx.com\/wordpress\/wp-json\/wp\/v2\/media?parent=2412"}],"wp:term":[{"taxonomy":"category","embeddable":true,"href":"http:\/\/www.rockpixx.com\/wordpress\/wp-json\/wp\/v2\/categories?post=2412"},{"taxonomy":"post_tag","embeddable":true,"href":"http:\/\/www.rockpixx.com\/wordpress\/wp-json\/wp\/v2\/tags?post=2412"}],"curies":[{"name":"wp","href":"https:\/\/api.w.org\/{rel}","templated":true}]}}