{"id":2546,"date":"2008-06-24T02:00:47","date_gmt":"2008-06-24T00:00:47","guid":{"rendered":"http:\/\/rockpixx.com\/wordpress\/?p=2546"},"modified":"2013-01-27T15:55:26","modified_gmt":"2013-01-27T13:55:26","slug":"marquess-24-06-2008-kiel-ndr-buhne","status":"publish","type":"post","link":"http:\/\/www.rockpixx.com\/wordpress\/marquess-24-06-2008-kiel-ndr-buhne\/","title":{"rendered":"Marquess, 24.06.2008, Kiel, NDR-B\u00fchne"},"content":{"rendered":"<p style=\"text-align: left;\">Kurz nach \u2192\u00a0<a title=\"Stefanie Heinzmann, 24.06.2008, Kiel, NDR-B\u00fchne\" href=\"http:\/\/rockpixx.com\/wordpress\/?p=2543\">Stefanie Heinzmann<\/a> kommen die smarten Jungs von \u201eMarquess\u201c auf die B\u00fchne \u2013 die Menge der hyperventilierenden Mittelstufenhupen ist noch einmal gewachsen, offiziell spricht der NDR von 18.000 Zuschauern.\u00a0<!--more--><\/p>\n<p style=\"text-align: left;\">Die versammelten M\u00e4dchenschw\u00e4rme aus Hannover sind Profis genug, um gekonnt ihr Programm mit entsprechend \u201espanischem Temperament\u201c darzubieten. Ich h\u00e4tte mir vermutlich aus dem Seitenbereich der B\u00fchne noch mehr von ihnen angesehen und -geh\u00f6rt, wenn nicht bereits \u2192\u00a0<a title=\"MerQury\" href=\"http:\/\/rockpixx.com\/wordpress\/?cat=264\">MerQury<\/a> auf der n\u00e4chsten B\u00fchne angefangen h\u00e4tten \u2013 und bis dorthin sind es noch 20 Minuten strammer Fu\u00dfmarsch\u2026<\/p>\n<p style=\"text-align: right;\">Fotos: <a href=\"mailto:info@rockpixx.com?subject=Fotos%20von%20Marquess,%20Kiel%20%E2%80%9ENDR-B%C3%BChne%E2%80%9C,%2024.06.2008\">Alex<\/a> | Text: <a href=\"mailto:info@rockpixx.com?subject=Reviewtext%20von%20Marquess,%20Kiel%20%E2%80%9ENDR-B%C3%BChne%E2%80%9C,%2024.06.2008\">Alex<\/a><\/p>\n<p style=\"text-align: left;\"><div class=\"eat-left eat-right\"><div class=\"thumbs-masonry isotope\"><div class=\"isotope-item block-2 block-h-2\"><a href=\"http:\/\/www.rockpixx.com\/wordpress\/wp-content\/uploads\/2013\/01\/20080624-02-009.jpg\" rel=\"prettyPhoto[postgal_3987]\" class=\"show-hover-link block-h-2\"\"><img decoding=\"async\" src=\"http:\/\/www.rockpixx.com\/wordpress\/wp-content\/uploads\/2013\/01\/20080624-02-009-480x400.jpg\" alt=\"Marquess, 24.06.2008, Kiel, NDR-B\u00fchne\"\/><span class=\"before\"><\/span><span class=\"after\"><\/span><\/a><\/div><div class=\"isotope-item block-1 block-h-1\"><a href=\"http:\/\/www.rockpixx.com\/wordpress\/wp-content\/uploads\/2013\/01\/20080624-02-011.jpg\" rel=\"prettyPhoto[postgal_3987]\" class=\"show-hover-link block-h-1\"\"><img decoding=\"async\" src=\"http:\/\/www.rockpixx.com\/wordpress\/wp-content\/uploads\/2013\/01\/20080624-02-011-480x400.jpg\" alt=\"Marquess, 24.06.2008, Kiel, NDR-B\u00fchne\"\/><span class=\"before\"><\/span><span class=\"after\"><\/span><\/a><\/div><div class=\"isotope-item block-1 block-h-1\"><a href=\"http:\/\/www.rockpixx.com\/wordpress\/wp-content\/uploads\/2013\/01\/20080624-02-015.jpg\" rel=\"prettyPhoto[postgal_3987]\" class=\"show-hover-link block-h-1\"\"><img decoding=\"async\" src=\"http:\/\/www.rockpixx.com\/wordpress\/wp-content\/uploads\/2013\/01\/20080624-02-015-480x400.jpg\" alt=\"Marquess, 24.06.2008, Kiel, NDR-B\u00fchne\"\/><span class=\"before\"><\/span><span class=\"after\"><\/span><\/a><\/div><div class=\"isotope-item block-2 block-h-2\"><a href=\"http:\/\/www.rockpixx.com\/wordpress\/wp-content\/uploads\/2013\/01\/20080624-02-022.jpg\" rel=\"prettyPhoto[postgal_3987]\" class=\"show-hover-link block-h-2\"\"><img decoding=\"async\" src=\"http:\/\/www.rockpixx.com\/wordpress\/wp-content\/uploads\/2013\/01\/20080624-02-022-480x400.jpg\" alt=\"Marquess, 24.06.2008, Kiel, NDR-B\u00fchne\"\/><span class=\"before\"><\/span><span class=\"after\"><\/span><\/a><\/div><div class=\"isotope-item block-1 block-h-1\"><a href=\"http:\/\/www.rockpixx.com\/wordpress\/wp-content\/uploads\/2013\/01\/20080624-02-023.jpg\" rel=\"prettyPhoto[postgal_3987]\" class=\"show-hover-link block-h-1\"\"><img decoding=\"async\" src=\"http:\/\/www.rockpixx.com\/wordpress\/wp-content\/uploads\/2013\/01\/20080624-02-023-480x400.jpg\" alt=\"Marquess, 24.06.2008, Kiel, NDR-B\u00fchne\"\/><span class=\"before\"><\/span><span class=\"after\"><\/span><\/a><\/div><div class=\"isotope-item block-1 block-h-1\"><a href=\"http:\/\/www.rockpixx.com\/wordpress\/wp-content\/uploads\/2013\/01\/20080624-02-025.jpg\" rel=\"prettyPhoto[postgal_3987]\" class=\"show-hover-link block-h-1\"\"><img decoding=\"async\" src=\"http:\/\/www.rockpixx.com\/wordpress\/wp-content\/uploads\/2013\/01\/20080624-02-025-480x400.jpg\" alt=\"Marquess, 24.06.2008, Kiel, NDR-B\u00fchne\"\/><span class=\"before\"><\/span><span class=\"after\"><\/span><\/a><\/div><div class=\"isotope-item block-2 block-h-2\"><a href=\"http:\/\/www.rockpixx.com\/wordpress\/wp-content\/uploads\/2013\/01\/20080624-02-033.jpg\" rel=\"prettyPhoto[postgal_3987]\" class=\"show-hover-link block-h-2\"\"><img decoding=\"async\" src=\"http:\/\/www.rockpixx.com\/wordpress\/wp-content\/uploads\/2013\/01\/20080624-02-033-480x400.jpg\" alt=\"Marquess, 24.06.2008, Kiel, NDR-B\u00fchne\"\/><span class=\"before\"><\/span><span class=\"after\"><\/span><\/a><\/div><div class=\"isotope-item block-1 block-h-1\"><a href=\"http:\/\/www.rockpixx.com\/wordpress\/wp-content\/uploads\/2013\/01\/20080624-02-043.jpg\" rel=\"prettyPhoto[postgal_3987]\" class=\"show-hover-link block-h-1\"\"><img decoding=\"async\" src=\"http:\/\/www.rockpixx.com\/wordpress\/wp-content\/uploads\/2013\/01\/20080624-02-043-480x400.jpg\" alt=\"Marquess, 24.06.2008, Kiel, NDR-B\u00fchne\"\/><span class=\"before\"><\/span><span class=\"after\"><\/span><\/a><\/div><div class=\"isotope-item block-1 block-h-1\"><a href=\"http:\/\/www.rockpixx.com\/wordpress\/wp-content\/uploads\/2013\/01\/20080624-02-068.jpg\" rel=\"prettyPhoto[postgal_3987]\" class=\"show-hover-link block-h-1\"\"><img decoding=\"async\" src=\"http:\/\/www.rockpixx.com\/wordpress\/wp-content\/uploads\/2013\/01\/20080624-02-068-480x400.jpg\" alt=\"Marquess, 24.06.2008, Kiel, NDR-B\u00fchne\"\/><span class=\"before\"><\/span><span class=\"after\"><\/span><\/a><\/div><div class=\"isotope-item block-2 block-h-2\"><a href=\"http:\/\/www.rockpixx.com\/wordpress\/wp-content\/uploads\/2013\/01\/20080624-02-079.jpg\" rel=\"prettyPhoto[postgal_3987]\" class=\"show-hover-link block-h-2\"\"><img decoding=\"async\" src=\"http:\/\/www.rockpixx.com\/wordpress\/wp-content\/uploads\/2013\/01\/20080624-02-079-480x400.jpg\" alt=\"Marquess, 24.06.2008, Kiel, NDR-B\u00fchne\"\/><span class=\"before\"><\/span><span class=\"after\"><\/span><\/a><\/div><\/div><\/div><\/p>\n","protected":false},"excerpt":{"rendered":"<p>Kurz nach \u2192\u00a0Stefanie Heinzmann kommen die smarten Jungs von \u201eMarquess\u201c auf die B\u00fchne \u2013 die <a href=\"http:\/\/www.rockpixx.com\/wordpress\/marquess-24-06-2008-kiel-ndr-buhne\/\">Read more<\/a><\/p>\n","protected":false},"author":2,"featured_media":3986,"comment_status":"closed","ping_status":"open","sticky":false,"template":"","format":"standard","meta":{"_jetpack_memberships_contains_paid_content":false,"footnotes":"","jetpack_publicize_message":"","jetpack_publicize_feature_enabled":true,"jetpack_social_post_already_shared":true,"jetpack_social_options":{"image_generator_settings":{"template":"highway","default_image_id":0,"font":"","enabled":false},"version":2}},"categories":[34,384],"tags":[1763,133,1735,138,1779,1775],"class_list":["post-2546","post","type-post","status-publish","format-standard","has-post-thumbnail","hentry","category-acts","category-marquess","tag-1763","tag-festivals","tag-kiel","tag-kieler-woche","tag-marquess","tag-ndr-buhne"],"aioseo_notices":[],"jetpack_publicize_connections":[],"jetpack_featured_media_url":"http:\/\/www.rockpixx.com\/wordpress\/wp-content\/uploads\/2008\/06\/20080624-02-marquess-Artikel.jpg","jetpack-related-posts":[{"id":14699,"url":"http:\/\/www.rockpixx.com\/wordpress\/marquess-23-06-2014-kiel-ndr-buehne\/","url_meta":{"origin":2546,"position":0},"title":"Marquess, 23.06.2014, Kiel, NDR-B\u00fchne","author":"Anja","date":"24. Juni 2014","format":false,"excerpt":"Was mir auff\u00e4llt, ist zum einen das riesige Dach \u00fcber dem B\u00fchnenvorplatz, welches mich an den Deckel einer Suppensch\u00fcssel erinnert \u2013 meine Oma hat noch so ein Teil im Schrank stehen. Das zweite ist \u2013 die B\u00fchne ist h\u00f6her und schmaler als in den vergangenen Jahren und es fehlt ein\u2026","rel":"","context":"In &quot;Acts&quot;","block_context":{"text":"Acts","link":"http:\/\/www.rockpixx.com\/wordpress\/category\/acts\/"},"img":{"alt_text":"Marquess, 23.06.2014, Kiel, NDR-B\u00fchne","src":"https:\/\/i0.wp.com\/www.rockpixx.com\/wordpress\/wp-content\/uploads\/2014\/06\/20140623-03-030_marquess_Artikel.jpg?resize=350%2C200","width":350,"height":200,"srcset":"https:\/\/i0.wp.com\/www.rockpixx.com\/wordpress\/wp-content\/uploads\/2014\/06\/20140623-03-030_marquess_Artikel.jpg?resize=350%2C200 1x, https:\/\/i0.wp.com\/www.rockpixx.com\/wordpress\/wp-content\/uploads\/2014\/06\/20140623-03-030_marquess_Artikel.jpg?resize=525%2C300 1.5x, https:\/\/i0.wp.com\/www.rockpixx.com\/wordpress\/wp-content\/uploads\/2014\/06\/20140623-03-030_marquess_Artikel.jpg?resize=700%2C400 2x"},"classes":[]},{"id":16465,"url":"http:\/\/www.rockpixx.com\/wordpress\/marquess-16-08-2014-wahlstedt\/","url_meta":{"origin":2546,"position":1},"title":"Marquess, 16.08.2014, Wahlstedt","author":"admin","date":"18. August 2014","format":false,"excerpt":"Kommen wir zu den zweiten \u2192 \u201eWiederholungst\u00e4tern\u201c des Abends: \u201eMarquess\u201c. Ein Anruf der Band wenige Tage zuvor f\u00fchrte erst dazu, dass wir \u2013 nach einem Termin in Hamburg \u2013 den Sonnabendabend in Wahlstedt verbringen. \u201eFavoritas\u201c \u2013 das aktuelle Album von \u201eMarquess\u201c tummelt sich im Moment ja munter in den Top\u2026","rel":"","context":"In &quot;Acts&quot;","block_context":{"text":"Acts","link":"http:\/\/www.rockpixx.com\/wordpress\/category\/acts\/"},"img":{"alt_text":"Marquess, 16.08.2014, Wahlstedt, NDR Sommertour","src":"https:\/\/i0.wp.com\/www.rockpixx.com\/wordpress\/wp-content\/uploads\/2014\/08\/20140816-02-217.jpg?resize=350%2C200","width":350,"height":200,"srcset":"https:\/\/i0.wp.com\/www.rockpixx.com\/wordpress\/wp-content\/uploads\/2014\/08\/20140816-02-217.jpg?resize=350%2C200 1x, https:\/\/i0.wp.com\/www.rockpixx.com\/wordpress\/wp-content\/uploads\/2014\/08\/20140816-02-217.jpg?resize=525%2C300 1.5x, https:\/\/i0.wp.com\/www.rockpixx.com\/wordpress\/wp-content\/uploads\/2014\/08\/20140816-02-217.jpg?resize=700%2C400 2x"},"classes":[]},{"id":8414,"url":"http:\/\/www.rockpixx.com\/wordpress\/marquess-15-06-2012-kiel-rathausbuhne\/","url_meta":{"origin":2546,"position":2},"title":"Marquess, 15.06.2012, Kiel, Rathausb\u00fchne","author":"Anja","date":"15. Juni 2012","format":false,"excerpt":"Das typische Kieler Woche Wetter \u2013 Wasser von oben, von der Seite usw. \u2013 bescherte mir einen freien Weg von der h\u00f6rn b\u00fchne zur Rathausb\u00fchne und so schaffte ich den Weg in gut 20 min. An der Rathausb\u00fchne erwartete mich Marquess eine deutsche Band, die durch Lieder wie \u201eEl Temperamento\u201c\u2026","rel":"","context":"In &quot;Acts&quot;","block_context":{"text":"Acts","link":"http:\/\/www.rockpixx.com\/wordpress\/category\/acts\/"},"img":{"alt_text":"Marquess, 15.06.2012, Kiel, Rathausb\u00fchne","src":"https:\/\/i0.wp.com\/www.rockpixx.com\/wordpress\/wp-content\/uploads\/2013\/02\/20120615-04-marquess-Artikel.jpg?resize=350%2C200","width":350,"height":200,"srcset":"https:\/\/i0.wp.com\/www.rockpixx.com\/wordpress\/wp-content\/uploads\/2013\/02\/20120615-04-marquess-Artikel.jpg?resize=350%2C200 1x, https:\/\/i0.wp.com\/www.rockpixx.com\/wordpress\/wp-content\/uploads\/2013\/02\/20120615-04-marquess-Artikel.jpg?resize=525%2C300 1.5x, https:\/\/i0.wp.com\/www.rockpixx.com\/wordpress\/wp-content\/uploads\/2013\/02\/20120615-04-marquess-Artikel.jpg?resize=700%2C400 2x"},"classes":[]},{"id":11136,"url":"http:\/\/www.rockpixx.com\/wordpress\/alive-and-kicking-24-06-2013-kiel-ndr-buhne\/","url_meta":{"origin":2546,"position":3},"title":"Alive &#038; Kicking, 24.06.2013, Kiel, NDR-B\u00fchne","author":"Anja","date":"25. Juni 2013","format":false,"excerpt":"\u201eAlive & Kicking\u201c \u2013 eine der besten Simple Minds Tributebands \u2013 sind der Grund, dass ich mich zu sp\u00e4ter Stunde noch auf den Weg zur NDR-B\u00fchne mache. Inst\u00e4ndig hoffe ich, dass der K\u00fcnstler davor schon das \u201eTaxi nach Paris\u201c bestiegen hat und die B\u00fchne frei w\u00e4re\u2026 Pustekuchen! Also darf ich\u2026","rel":"","context":"In &quot;Acts&quot;","block_context":{"text":"Acts","link":"http:\/\/www.rockpixx.com\/wordpress\/category\/acts\/"},"img":{"alt_text":"","src":"https:\/\/i0.wp.com\/www.rockpixx.com\/wordpress\/wp-content\/uploads\/2013\/06\/20130624-03-033_alive-and-kicking-Artikel.jpg?resize=350%2C200","width":350,"height":200,"srcset":"https:\/\/i0.wp.com\/www.rockpixx.com\/wordpress\/wp-content\/uploads\/2013\/06\/20130624-03-033_alive-and-kicking-Artikel.jpg?resize=350%2C200 1x, https:\/\/i0.wp.com\/www.rockpixx.com\/wordpress\/wp-content\/uploads\/2013\/06\/20130624-03-033_alive-and-kicking-Artikel.jpg?resize=525%2C300 1.5x, https:\/\/i0.wp.com\/www.rockpixx.com\/wordpress\/wp-content\/uploads\/2013\/06\/20130624-03-033_alive-and-kicking-Artikel.jpg?resize=700%2C400 2x"},"classes":[]},{"id":14329,"url":"http:\/\/www.rockpixx.com\/wordpress\/rea-garvey-20-06-2014-kiel-ndr-buehne\/","url_meta":{"origin":2546,"position":4},"title":"Rea Garvey, 20.06.2014, Kiel, NDR B\u00fchne","author":"admin","date":"21. Juni 2014","format":false,"excerpt":"Der erste Eindruck ist \u00fcberw\u00e4ltigend! Da ist etwas Au\u00dferirdisches gelandet am Schwedenkai in Kiel. Nein\u2026 nicht Rea Garvey! Die Rede ist von der B\u00fchne, genauer gesagt, dem Dach vor der B\u00fchne, welches der NDR dort hingestellt hat. Auf einem riesigen Areal vor der bekannten gro\u00dfen B\u00fchne sind Catwalk, Graben und\u2026","rel":"","context":"In &quot;Acts&quot;","block_context":{"text":"Acts","link":"http:\/\/www.rockpixx.com\/wordpress\/category\/acts\/"},"img":{"alt_text":"Rea Garvey, 20.06.2014, Kiel, NDR B\u00fchne","src":"https:\/\/i0.wp.com\/www.rockpixx.com\/wordpress\/wp-content\/uploads\/2014\/06\/20140620-03-035_rea-garvey_Artikel.jpg?resize=350%2C200","width":350,"height":200,"srcset":"https:\/\/i0.wp.com\/www.rockpixx.com\/wordpress\/wp-content\/uploads\/2014\/06\/20140620-03-035_rea-garvey_Artikel.jpg?resize=350%2C200 1x, https:\/\/i0.wp.com\/www.rockpixx.com\/wordpress\/wp-content\/uploads\/2014\/06\/20140620-03-035_rea-garvey_Artikel.jpg?resize=525%2C300 1.5x, https:\/\/i0.wp.com\/www.rockpixx.com\/wordpress\/wp-content\/uploads\/2014\/06\/20140620-03-035_rea-garvey_Artikel.jpg?resize=700%2C400 2x"},"classes":[]},{"id":8062,"url":"http:\/\/www.rockpixx.com\/wordpress\/saga-26-06-2011-kiel-ndr-buhne\/","url_meta":{"origin":2546,"position":5},"title":"Saga, 26.06.2011, Kiel, NDR-B\u00fchne","author":"Anja","date":"26. Juni 2011","format":false,"excerpt":"Mit Beginn des Jahres 2011 ist die vierj\u00e4hrige \u201eDurststrecke\u201c von \u201eSaga\u201c ohne Frontman Michael Sadler wieder beendet. Und so standen die f\u00fcnf Musiker bei ihrem ersten Auftritt in Deutschland w\u00e4hrend ihrer 2011er Sommertour durch Europa in Kiel auf der NDR-B\u00fchne und legten gleich fulminant los. Neo-Progrock aus Kanada flutete die\u2026","rel":"","context":"In &quot;Acts&quot;","block_context":{"text":"Acts","link":"http:\/\/www.rockpixx.com\/wordpress\/category\/acts\/"},"img":{"alt_text":"Saga, 26.06.2011, Kiel, NDR-B\u00fchne","src":"https:\/\/i0.wp.com\/www.rockpixx.com\/wordpress\/wp-content\/uploads\/2013\/02\/20110626-02-saga-Artikel.jpg?resize=350%2C200","width":350,"height":200,"srcset":"https:\/\/i0.wp.com\/www.rockpixx.com\/wordpress\/wp-content\/uploads\/2013\/02\/20110626-02-saga-Artikel.jpg?resize=350%2C200 1x, https:\/\/i0.wp.com\/www.rockpixx.com\/wordpress\/wp-content\/uploads\/2013\/02\/20110626-02-saga-Artikel.jpg?resize=525%2C300 1.5x, https:\/\/i0.wp.com\/www.rockpixx.com\/wordpress\/wp-content\/uploads\/2013\/02\/20110626-02-saga-Artikel.jpg?resize=700%2C400 2x"},"classes":[]}],"jetpack_sharing_enabled":true,"publishpress_future_action":{"enabled":false,"date":"2026-05-08 11:14:34","action":"change-status","newStatus":"draft","terms":[],"taxonomy":"category","extraData":[]},"publishpress_future_workflow_manual_trigger":{"enabledWorkflows":[]},"_links":{"self":[{"href":"http:\/\/www.rockpixx.com\/wordpress\/wp-json\/wp\/v2\/posts\/2546","targetHints":{"allow":["GET"]}}],"collection":[{"href":"http:\/\/www.rockpixx.com\/wordpress\/wp-json\/wp\/v2\/posts"}],"about":[{"href":"http:\/\/www.rockpixx.com\/wordpress\/wp-json\/wp\/v2\/types\/post"}],"author":[{"embeddable":true,"href":"http:\/\/www.rockpixx.com\/wordpress\/wp-json\/wp\/v2\/users\/2"}],"replies":[{"embeddable":true,"href":"http:\/\/www.rockpixx.com\/wordpress\/wp-json\/wp\/v2\/comments?post=2546"}],"version-history":[{"count":0,"href":"http:\/\/www.rockpixx.com\/wordpress\/wp-json\/wp\/v2\/posts\/2546\/revisions"}],"wp:featuredmedia":[{"embeddable":true,"href":"http:\/\/www.rockpixx.com\/wordpress\/wp-json\/wp\/v2\/media\/3986"}],"wp:attachment":[{"href":"http:\/\/www.rockpixx.com\/wordpress\/wp-json\/wp\/v2\/media?parent=2546"}],"wp:term":[{"taxonomy":"category","embeddable":true,"href":"http:\/\/www.rockpixx.com\/wordpress\/wp-json\/wp\/v2\/categories?post=2546"},{"taxonomy":"post_tag","embeddable":true,"href":"http:\/\/www.rockpixx.com\/wordpress\/wp-json\/wp\/v2\/tags?post=2546"}],"curies":[{"name":"wp","href":"https:\/\/api.w.org\/{rel}","templated":true}]}}