{"id":2557,"date":"2008-12-16T23:14:51","date_gmt":"2008-12-16T22:14:51","guid":{"rendered":"http:\/\/rockpixx.com\/wordpress\/?p=2557"},"modified":"2013-02-22T12:53:52","modified_gmt":"2013-02-22T11:53:52","slug":"ausstellung-und-poster","status":"publish","type":"post","link":"http:\/\/www.rockpixx.com\/wordpress\/ausstellung-und-poster\/","title":{"rendered":"Ausstellung unserer Konzertbilder\u2026"},"content":{"rendered":"<p>In den R\u00e4umen der Sparkasse Dornbirn in Riezlern (A) haben wir unsere erste Ausstellung mit Konzertbildern erfolgreich er\u00f6ffnet. Das ist das erste Mal, dass wir alleine eine Ausstellung ausschlie\u00dflich mit Konzertbildern best\u00fcckt haben.<\/p>\n<p>Passend dazu gab&#8217;s dann auch ein Poster und einen Flyer.<\/p>\n<div id=\"attachment_2574\" style=\"width: 310px\" class=\"wp-caption alignleft\"><a href=\"http:\/\/rockpixx.com\/wordpress\/ausstellung-und-poster\/ausstellung-flyer-2008\/\" rel=\"attachment wp-att-2574\"><img loading=\"lazy\" decoding=\"async\" aria-describedby=\"caption-attachment-2574\" data-attachment-id=\"2574\" data-permalink=\"http:\/\/www.rockpixx.com\/wordpress\/ausstellung-und-poster\/ausstellung-flyer-2008\/\" data-orig-file=\"http:\/\/www.rockpixx.com\/wordpress\/wp-content\/uploads\/2012\/12\/Ausstellung-Flyer-2008.jpg\" data-orig-size=\"1024,768\" data-comments-opened=\"0\" data-image-meta=\"{&quot;aperture&quot;:&quot;0&quot;,&quot;credit&quot;:&quot;&quot;,&quot;camera&quot;:&quot;&quot;,&quot;caption&quot;:&quot;&quot;,&quot;created_timestamp&quot;:&quot;0&quot;,&quot;copyright&quot;:&quot;&quot;,&quot;focal_length&quot;:&quot;0&quot;,&quot;iso&quot;:&quot;0&quot;,&quot;shutter_speed&quot;:&quot;0&quot;,&quot;title&quot;:&quot;&quot;}\" data-image-title=\"Ausstellung-Flyer-2008\" data-image-description=\"&lt;p&gt;Ausstellung-Flyer-2008&lt;\/p&gt;\n\" data-image-caption=\"&lt;p&gt;Ausstellung-Flyer-2008&lt;\/p&gt;\n\" data-large-file=\"http:\/\/www.rockpixx.com\/wordpress\/wp-content\/uploads\/2012\/12\/Ausstellung-Flyer-2008.jpg\" class=\"size-medium wp-image-2574\" title=\"Ausstellung-Flyer-2008\" alt=\"Ausstellung-Flyer-2008\" src=\"http:\/\/rockpixx.com\/wordpress\/wp-content\/uploads\/2012\/12\/Ausstellung-Flyer-2008-300x225.jpg\" width=\"300\" height=\"225\" srcset=\"http:\/\/www.rockpixx.com\/wordpress\/wp-content\/uploads\/2012\/12\/Ausstellung-Flyer-2008-300x225.jpg 300w, http:\/\/www.rockpixx.com\/wordpress\/wp-content\/uploads\/2012\/12\/Ausstellung-Flyer-2008-900x675.jpg 900w, http:\/\/www.rockpixx.com\/wordpress\/wp-content\/uploads\/2012\/12\/Ausstellung-Flyer-2008-924x693.jpg 924w, http:\/\/www.rockpixx.com\/wordpress\/wp-content\/uploads\/2012\/12\/Ausstellung-Flyer-2008.jpg 1024w\" sizes=\"auto, (max-width: 300px) 100vw, 300px\" \/><\/a><p id=\"caption-attachment-2574\" class=\"wp-caption-text\">Ausstellung-Flyer-2008<\/p><\/div>\n","protected":false},"excerpt":{"rendered":"<p>In den R\u00e4umen der Sparkasse Dornbirn in Riezlern (A) haben wir unsere erste Ausstellung mit <a href=\"http:\/\/www.rockpixx.com\/wordpress\/ausstellung-und-poster\/\">Read more<\/a><\/p>\n","protected":false},"author":1,"featured_media":2563,"comment_status":"closed","ping_status":"open","sticky":false,"template":"","format":"standard","meta":{"_jetpack_memberships_contains_paid_content":false,"footnotes":"","jetpack_publicize_message":"","jetpack_publicize_feature_enabled":true,"jetpack_social_post_already_shared":true,"jetpack_social_options":{"image_generator_settings":{"template":"highway","default_image_id":0,"font":"","enabled":false},"version":2}},"categories":[277,19],"tags":[390,391,210,350],"class_list":["post-2557","post","type-post","status-publish","format-standard","has-post-thumbnail","hentry","category-277","category-backstage","tag-ausstellung","tag-flyer","tag-poster","tag-riezlern-a"],"aioseo_notices":[],"jetpack_publicize_connections":[],"jetpack_featured_media_url":"http:\/\/www.rockpixx.com\/wordpress\/wp-content\/uploads\/2012\/12\/Konzerte-2004-2008.jpg","jetpack-related-posts":[{"id":1749,"url":"http:\/\/www.rockpixx.com\/wordpress\/zundstoff-02-01-2008-riezlern-a-gemeindeplatz\/","url_meta":{"origin":2557,"position":0},"title":"Z\u00fcndstoff, 02.01.2008, Riezlern (A), Gemeindeplatz","author":"admin","date":"2. Januar 2008","format":false,"excerpt":"Das neue Jahr f\u00e4ngt irgendwie genauso an, wie das alte aufgeh\u00f6rt hat: K\u00e4lte, Schnee und hei\u00dfe Musik. Hier Bilder vom zweiten Auftritt von \u201eZ\u00fcndstoff\u201c (s. auch Gig vom 28.12.2007) beim Apr\u00e9s-Ski in Riezlern. Dieses Mal habe ich \u00fcbrigens auch noch eine Wurst und einen Becher Jagertee bekommen. (Und ich wei\u00df,\u2026","rel":"","context":"In &quot;Acts&quot;","block_context":{"text":"Acts","link":"http:\/\/www.rockpixx.com\/wordpress\/category\/acts\/"},"img":{"alt_text":"Z\u00fcndstoff, 02.01.2008, Riezlern (A), Gemeindeplatz","src":"https:\/\/i0.wp.com\/www.rockpixx.com\/wordpress\/wp-content\/uploads\/2008\/01\/20080102-zuendstoff-Artikel.jpg?resize=350%2C200","width":350,"height":200,"srcset":"https:\/\/i0.wp.com\/www.rockpixx.com\/wordpress\/wp-content\/uploads\/2008\/01\/20080102-zuendstoff-Artikel.jpg?resize=350%2C200 1x, https:\/\/i0.wp.com\/www.rockpixx.com\/wordpress\/wp-content\/uploads\/2008\/01\/20080102-zuendstoff-Artikel.jpg?resize=525%2C300 1.5x, https:\/\/i0.wp.com\/www.rockpixx.com\/wordpress\/wp-content\/uploads\/2008\/01\/20080102-zuendstoff-Artikel.jpg?resize=700%2C400 2x"},"classes":[]},{"id":1708,"url":"http:\/\/www.rockpixx.com\/wordpress\/zundstoff-28-12-2007-riezlern-a-gemeindeplatz\/","url_meta":{"origin":2557,"position":1},"title":"Z\u00fcndstoff, 28.12.2007, Riezlern (A), Gemeindeplatz","author":"Anja","date":"28. Dezember 2007","format":false,"excerpt":"Eigentlich dachte ich ja f\u00fcr dieses Jahr mit den Konzerten \u201edurch zu sein\u201c, bevor es denn im Januar 2008 gleich wieder weitergeht\u2026 Und da geht man zum Feierabend noch schnell runter ins Dorf zum gem\u00fctlichen Apr\u00e9s-Ski um einen Jagertee zu trinken, eine Wurst zu essen und ein paar Bilder von\u2026","rel":"","context":"In &quot;Acts&quot;","block_context":{"text":"Acts","link":"http:\/\/www.rockpixx.com\/wordpress\/category\/acts\/"},"img":{"alt_text":"Z\u00fcndstoff, 28.12.2007, Riezlern (A), Gemeindeplatz","src":"https:\/\/i0.wp.com\/www.rockpixx.com\/wordpress\/wp-content\/uploads\/2007\/12\/20071228-zuendstoff-Artikel.jpg?resize=350%2C200","width":350,"height":200,"srcset":"https:\/\/i0.wp.com\/www.rockpixx.com\/wordpress\/wp-content\/uploads\/2007\/12\/20071228-zuendstoff-Artikel.jpg?resize=350%2C200 1x, https:\/\/i0.wp.com\/www.rockpixx.com\/wordpress\/wp-content\/uploads\/2007\/12\/20071228-zuendstoff-Artikel.jpg?resize=525%2C300 1.5x, https:\/\/i0.wp.com\/www.rockpixx.com\/wordpress\/wp-content\/uploads\/2007\/12\/20071228-zuendstoff-Artikel.jpg?resize=700%2C400 2x"},"classes":[]},{"id":1927,"url":"http:\/\/www.rockpixx.com\/wordpress\/dan-mccafferty-08-05-2008-munchen-olympiapark\/","url_meta":{"origin":2557,"position":2},"title":"Dan McCafferty, 08.05.2008, M\u00fcnchen, Olympiapark","author":"Anja","date":"8. Mai 2008","format":false,"excerpt":"\u201eLove Hurts\u201c \u2013 eine unverwechselbare Reibeisen-Stimme intoniert die ersten Silben dieses Rockklassikers und die K\u00f6rperbehaarung stellt sich auf\u2026 Ein wenig in die Jahre gekommen ist er ja, Dan McCafferty, die Stimme von Nazareth \u2013 seiner Stimme tut das keinen Abbruch, die ist markant wie eh und je. \u00a0Als Opener der\u2026","rel":"","context":"In &quot;Acts&quot;","block_context":{"text":"Acts","link":"http:\/\/www.rockpixx.com\/wordpress\/category\/acts\/"},"img":{"alt_text":"Dan McCafferty, 08.05.2008, M\u00fcnchen, Olympiapark","src":"https:\/\/i0.wp.com\/www.rockpixx.com\/wordpress\/wp-content\/uploads\/2008\/05\/20080508-01-dan-mccafferty-Artikel.jpg?resize=350%2C200","width":350,"height":200,"srcset":"https:\/\/i0.wp.com\/www.rockpixx.com\/wordpress\/wp-content\/uploads\/2008\/05\/20080508-01-dan-mccafferty-Artikel.jpg?resize=350%2C200 1x, https:\/\/i0.wp.com\/www.rockpixx.com\/wordpress\/wp-content\/uploads\/2008\/05\/20080508-01-dan-mccafferty-Artikel.jpg?resize=525%2C300 1.5x, https:\/\/i0.wp.com\/www.rockpixx.com\/wordpress\/wp-content\/uploads\/2008\/05\/20080508-01-dan-mccafferty-Artikel.jpg?resize=700%2C400 2x"},"classes":[]},{"id":617,"url":"http:\/\/www.rockpixx.com\/wordpress\/3-ravens-and-a-puffin-21-09-2007-riezlern-a-cafe-sternpassage\/","url_meta":{"origin":2557,"position":3},"title":"3 Ravens and a Puffin, 21.09.2007, Riezlern (A), Caf\u00e9 Sternpassage","author":"Anja","date":"21. September 2007","format":false,"excerpt":"Vier junge Musiker (drei M\u00e4nner und eine Frau) spielen in einem Caf\u00e9 Irisch Folk in sparsamer Instrumentierung. F\u00fcr mich einmal etwas anderes: Sitzend an einem Caf\u00e9haus-Tisch, direkt vor der B\u00fchne, angenehm gedimmtes Licht, keine Ohrst\u00f6psel und vor mir auf dem Tisch ein Getr\u00e4nk. (Fast) alle Bilder habe ich bequem im\u2026","rel":"","context":"In &quot;3 Ravens and a Puffin&quot;","block_context":{"text":"3 Ravens and a Puffin","link":"http:\/\/www.rockpixx.com\/wordpress\/category\/acts\/3-ravens-and-a-puffin\/"},"img":{"alt_text":"3 Ravens and a Puffin, 21.09.2007, Riezlern (A), Caf\u00e9 Sternpassage","src":"https:\/\/i0.wp.com\/www.rockpixx.com\/wordpress\/wp-content\/uploads\/2007\/09\/20070921-3-ravens-Artikel.jpg?resize=350%2C200","width":350,"height":200,"srcset":"https:\/\/i0.wp.com\/www.rockpixx.com\/wordpress\/wp-content\/uploads\/2007\/09\/20070921-3-ravens-Artikel.jpg?resize=350%2C200 1x, https:\/\/i0.wp.com\/www.rockpixx.com\/wordpress\/wp-content\/uploads\/2007\/09\/20070921-3-ravens-Artikel.jpg?resize=525%2C300 1.5x, https:\/\/i0.wp.com\/www.rockpixx.com\/wordpress\/wp-content\/uploads\/2007\/09\/20070921-3-ravens-Artikel.jpg?resize=700%2C400 2x"},"classes":[]},{"id":1019,"url":"http:\/\/www.rockpixx.com\/wordpress\/kieler-woche-2010-2\/","url_meta":{"origin":2557,"position":4},"title":"Kieler Woche 2010","author":"admin","date":"5. Juni 2010","format":false,"excerpt":"Moin! So, es geht in ein paar Tagen los! Diese Kieler Woche steht dieses Jahr unter einem ganz besonderen Stern: Erstmals ist rockpixx.com Medienpartner einer der gro\u00dfen B\u00fchnen auf der diesj\u00e4hrigen Kieler Woche. Mit der \u201eMAXB\u00fchne\u201c verbindet uns seit 2008 ja eine besondere Beziehung: Wir haben dort backstage gewisserma\u00dfen \u201egewohnt\u201c\u2026","rel":"","context":"In &quot;2010&quot;","block_context":{"text":"2010","link":"http:\/\/www.rockpixx.com\/wordpress\/category\/backstage\/2010\/"},"img":{"alt_text":"","src":"","width":0,"height":0},"classes":[]},{"id":1048,"url":"http:\/\/www.rockpixx.com\/wordpress\/kieler-woche-2011-tag-1\/","url_meta":{"origin":2557,"position":5},"title":"Kieler Woche 2011, Tag -2","author":"admin","date":"16. Juni 2011","format":false,"excerpt":"Moin, so\u2026 die \u201eKieler Woche 2011\u201c steht vor der T\u00fcr und das Team von rockpixx.com macht sich auf den Weg. Plakate und Flyer f\u00fcr die \u201eMAXB\u00fchne\u201c bringen wir zu zehntausenden noch mit und auch der Rest unserer ganzen Foto- und EDV-Technik muss im betagten aber immer noch topfitten V6 Platz\u2026","rel":"","context":"In &quot;2011&quot;","block_context":{"text":"2011","link":"http:\/\/www.rockpixx.com\/wordpress\/category\/backstage\/2011\/"},"img":{"alt_text":"Kieler Woche 2011, lost & found","src":"https:\/\/i0.wp.com\/www.rockpixx.com\/wordpress\/wp-content\/uploads\/2013\/02\/20110611-2011-06_Kieler-Woche-0001.jpg?resize=350%2C200","width":350,"height":200,"srcset":"https:\/\/i0.wp.com\/www.rockpixx.com\/wordpress\/wp-content\/uploads\/2013\/02\/20110611-2011-06_Kieler-Woche-0001.jpg?resize=350%2C200 1x, https:\/\/i0.wp.com\/www.rockpixx.com\/wordpress\/wp-content\/uploads\/2013\/02\/20110611-2011-06_Kieler-Woche-0001.jpg?resize=525%2C300 1.5x, https:\/\/i0.wp.com\/www.rockpixx.com\/wordpress\/wp-content\/uploads\/2013\/02\/20110611-2011-06_Kieler-Woche-0001.jpg?resize=700%2C400 2x"},"classes":[]}],"jetpack_sharing_enabled":true,"publishpress_future_action":{"enabled":false,"date":"2026-05-08 19:52:13","action":"change-status","newStatus":"draft","terms":[],"taxonomy":"category","extraData":[]},"publishpress_future_workflow_manual_trigger":{"enabledWorkflows":[]},"_links":{"self":[{"href":"http:\/\/www.rockpixx.com\/wordpress\/wp-json\/wp\/v2\/posts\/2557","targetHints":{"allow":["GET"]}}],"collection":[{"href":"http:\/\/www.rockpixx.com\/wordpress\/wp-json\/wp\/v2\/posts"}],"about":[{"href":"http:\/\/www.rockpixx.com\/wordpress\/wp-json\/wp\/v2\/types\/post"}],"author":[{"embeddable":true,"href":"http:\/\/www.rockpixx.com\/wordpress\/wp-json\/wp\/v2\/users\/1"}],"replies":[{"embeddable":true,"href":"http:\/\/www.rockpixx.com\/wordpress\/wp-json\/wp\/v2\/comments?post=2557"}],"version-history":[{"count":0,"href":"http:\/\/www.rockpixx.com\/wordpress\/wp-json\/wp\/v2\/posts\/2557\/revisions"}],"wp:featuredmedia":[{"embeddable":true,"href":"http:\/\/www.rockpixx.com\/wordpress\/wp-json\/wp\/v2\/media\/2563"}],"wp:attachment":[{"href":"http:\/\/www.rockpixx.com\/wordpress\/wp-json\/wp\/v2\/media?parent=2557"}],"wp:term":[{"taxonomy":"category","embeddable":true,"href":"http:\/\/www.rockpixx.com\/wordpress\/wp-json\/wp\/v2\/categories?post=2557"},{"taxonomy":"post_tag","embeddable":true,"href":"http:\/\/www.rockpixx.com\/wordpress\/wp-json\/wp\/v2\/tags?post=2557"}],"curies":[{"name":"wp","href":"https:\/\/api.w.org\/{rel}","templated":true}]}}