{"id":2857,"date":"2008-11-22T01:00:52","date_gmt":"2008-11-21T23:00:52","guid":{"rendered":"http:\/\/rockpixx.com\/wordpress\/?p=2857"},"modified":"2013-01-08T01:16:06","modified_gmt":"2013-01-07T23:16:06","slug":"siggi-schwarz-and-the-guitarlegends-22-11-2008-heidenheim-karl-rau-halle","status":"publish","type":"post","link":"http:\/\/www.rockpixx.com\/wordpress\/siggi-schwarz-and-the-guitarlegends-22-11-2008-heidenheim-karl-rau-halle\/","title":{"rendered":"Siggi Schwarz and The Guitarlegends, 22.11.2008, Heidenheim, Karl Rau-Halle"},"content":{"rendered":"<p>Wie das Leben so spielt: Da bekommt der Fotograf (auch dank Empfehlung eines anderen Veranstalters) eine Akkreditierung und sieht sich pl\u00f6tzlich im Backstage-Bereich den versammelten Legenden Frank Dietz, Alex Conti und Ingo Bischoff gegen\u00fcber.<!--more--> Gef\u00fchlte 300 Jahre Deutsche Musikgeschichte trafen da also zusammen, um zusammen mit dem Veranstalter Siggi Schwarz und seiner Band als \u201eSiggi Schwarz &amp; the Guitarlegends feat. Frank Dietz &amp; Alex Conti\u201c gepflegt aufzuspielen\u2026<\/p>\n<p>Und sie haben als Vorgruppe zu \u2192\u00a0<a title=\"Manfred Mann\u2019s Earth Band\" href=\"http:\/\/rockpixx.com\/wordpress\/?cat=82\">\u201eManfred Mann&#8217;s Earth Band\u201c<\/a> den Blues wirklich richtig \u201esch\u00f6n schmierig\u201c hinbekommen \u2013 Kompliment!<\/p>\n<p style=\"text-align: right;\">Fotos:\u00a0<a href=\"mailto:info@rockpixx.com?subject=Fotos%20von%20Siggi%20Schwarz%20and%20The%20Guitarlegends,%20Heidenheim%20%E2%80%9EKarl%20Rau-Halle%E2%80%9C,%2022.11.2008\">Alex<\/a>\u00a0| Text:\u00a0<a href=\"mailto:info@rockpixx.com?subject=Reviewtext%20von%20Siggi%20Schwarz%20and%20The%20Guitarlegends,%20Heidenheim%20%E2%80%9EKarl%20Rau-Halle%E2%80%9C,%2022.11.2008\">Alex<\/a><\/p>\n<p style=\"text-align: left;\"><div class=\"eat-left eat-right\"><div class=\"thumbs-masonry isotope\"><div class=\"isotope-item block-2 block-h-2\"><a href=\"http:\/\/www.rockpixx.com\/wordpress\/wp-content\/uploads\/2013\/01\/20081122-01-016.jpg\" rel=\"prettyPhoto[postgal_4296]\" class=\"show-hover-link block-h-2\"\"><img decoding=\"async\" src=\"http:\/\/www.rockpixx.com\/wordpress\/wp-content\/uploads\/2013\/01\/20081122-01-016-480x400.jpg\" alt=\"Siggi Schwarz and The Guitarlegends, 22.11.2008, Heidenheim, Karl Rau-Halle\"\/><span class=\"before\"><\/span><span class=\"after\"><\/span><\/a><\/div><div class=\"isotope-item block-1 block-h-1\"><a href=\"http:\/\/www.rockpixx.com\/wordpress\/wp-content\/uploads\/2013\/01\/20081122-01-017.jpg\" rel=\"prettyPhoto[postgal_4296]\" class=\"show-hover-link block-h-1\"\"><img decoding=\"async\" src=\"http:\/\/www.rockpixx.com\/wordpress\/wp-content\/uploads\/2013\/01\/20081122-01-017-480x400.jpg\" alt=\"Siggi Schwarz and The Guitarlegends, 22.11.2008, Heidenheim, Karl Rau-Halle\"\/><span class=\"before\"><\/span><span class=\"after\"><\/span><\/a><\/div><div class=\"isotope-item block-1 block-h-1\"><a href=\"http:\/\/www.rockpixx.com\/wordpress\/wp-content\/uploads\/2013\/01\/20081122-01-039.jpg\" rel=\"prettyPhoto[postgal_4296]\" class=\"show-hover-link block-h-1\"\"><img decoding=\"async\" src=\"http:\/\/www.rockpixx.com\/wordpress\/wp-content\/uploads\/2013\/01\/20081122-01-039-480x400.jpg\" alt=\"Siggi Schwarz and The Guitarlegends, 22.11.2008, Heidenheim, Karl Rau-Halle\"\/><span class=\"before\"><\/span><span class=\"after\"><\/span><\/a><\/div><div class=\"isotope-item block-2 block-h-2\"><a href=\"http:\/\/www.rockpixx.com\/wordpress\/wp-content\/uploads\/2013\/01\/20081122-01-043.jpg\" rel=\"prettyPhoto[postgal_4296]\" class=\"show-hover-link block-h-2\"\"><img decoding=\"async\" src=\"http:\/\/www.rockpixx.com\/wordpress\/wp-content\/uploads\/2013\/01\/20081122-01-043-480x400.jpg\" alt=\"Siggi Schwarz and The Guitarlegends, 22.11.2008, Heidenheim, Karl Rau-Halle\"\/><span class=\"before\"><\/span><span class=\"after\"><\/span><\/a><\/div><div class=\"isotope-item block-1 block-h-1\"><a href=\"http:\/\/www.rockpixx.com\/wordpress\/wp-content\/uploads\/2013\/01\/20081122-01-075.jpg\" rel=\"prettyPhoto[postgal_4296]\" class=\"show-hover-link block-h-1\"\"><img decoding=\"async\" src=\"http:\/\/www.rockpixx.com\/wordpress\/wp-content\/uploads\/2013\/01\/20081122-01-075-480x400.jpg\" alt=\"Siggi Schwarz and The Guitarlegends, 22.11.2008, Heidenheim, Karl Rau-Halle\"\/><span class=\"before\"><\/span><span class=\"after\"><\/span><\/a><\/div><div class=\"isotope-item block-1 block-h-1\"><a href=\"http:\/\/www.rockpixx.com\/wordpress\/wp-content\/uploads\/2013\/01\/20081122-01-148.jpg\" rel=\"prettyPhoto[postgal_4296]\" class=\"show-hover-link block-h-1\"\"><img decoding=\"async\" src=\"http:\/\/www.rockpixx.com\/wordpress\/wp-content\/uploads\/2013\/01\/20081122-01-148-480x400.jpg\" alt=\"Siggi Schwarz and The Guitarlegends, 22.11.2008, Heidenheim, Karl Rau-Halle\"\/><span class=\"before\"><\/span><span class=\"after\"><\/span><\/a><\/div><div class=\"isotope-item block-2 block-h-2\"><a href=\"http:\/\/www.rockpixx.com\/wordpress\/wp-content\/uploads\/2013\/01\/20081122-01-154.jpg\" rel=\"prettyPhoto[postgal_4296]\" class=\"show-hover-link block-h-2\"\"><img decoding=\"async\" src=\"http:\/\/www.rockpixx.com\/wordpress\/wp-content\/uploads\/2013\/01\/20081122-01-154-480x400.jpg\" alt=\"Siggi Schwarz and The Guitarlegends, 22.11.2008, Heidenheim, Karl Rau-Halle\"\/><span class=\"before\"><\/span><span class=\"after\"><\/span><\/a><\/div><div class=\"isotope-item block-1 block-h-1\"><a href=\"http:\/\/www.rockpixx.com\/wordpress\/wp-content\/uploads\/2013\/01\/20081122-01-172.jpg\" rel=\"prettyPhoto[postgal_4296]\" class=\"show-hover-link block-h-1\"\"><img decoding=\"async\" src=\"http:\/\/www.rockpixx.com\/wordpress\/wp-content\/uploads\/2013\/01\/20081122-01-172-480x400.jpg\" alt=\"Siggi Schwarz and The Guitarlegends, 22.11.2008, Heidenheim, Karl Rau-Halle\"\/><span class=\"before\"><\/span><span class=\"after\"><\/span><\/a><\/div><div class=\"isotope-item block-1 block-h-1\"><a href=\"http:\/\/www.rockpixx.com\/wordpress\/wp-content\/uploads\/2013\/01\/20081122-01-189.jpg\" rel=\"prettyPhoto[postgal_4296]\" class=\"show-hover-link block-h-1\"\"><img decoding=\"async\" src=\"http:\/\/www.rockpixx.com\/wordpress\/wp-content\/uploads\/2013\/01\/20081122-01-189-480x400.jpg\" alt=\"Siggi Schwarz and The Guitarlegends, 22.11.2008, Heidenheim, Karl Rau-Halle\"\/><span class=\"before\"><\/span><span class=\"after\"><\/span><\/a><\/div><div class=\"isotope-item block-2 block-h-2\"><a href=\"http:\/\/www.rockpixx.com\/wordpress\/wp-content\/uploads\/2013\/01\/20081122-01-191.jpg\" rel=\"prettyPhoto[postgal_4296]\" class=\"show-hover-link block-h-2\"\"><img decoding=\"async\" src=\"http:\/\/www.rockpixx.com\/wordpress\/wp-content\/uploads\/2013\/01\/20081122-01-191-480x400.jpg\" alt=\"Siggi Schwarz and The Guitarlegends, 22.11.2008, Heidenheim, Karl Rau-Halle\"\/><span class=\"before\"><\/span><span class=\"after\"><\/span><\/a><\/div><\/div><\/div><\/p>\n","protected":false},"excerpt":{"rendered":"<p>Wie das Leben so spielt: Da bekommt der Fotograf (auch dank Empfehlung eines anderen Veranstalters) <a href=\"http:\/\/www.rockpixx.com\/wordpress\/siggi-schwarz-and-the-guitarlegends-22-11-2008-heidenheim-karl-rau-halle\/\">Read more<\/a><\/p>\n","protected":false},"author":2,"featured_media":4299,"comment_status":"closed","ping_status":"open","sticky":false,"template":"","format":"standard","meta":{"_jetpack_memberships_contains_paid_content":false,"footnotes":"","jetpack_publicize_message":"","jetpack_publicize_feature_enabled":true,"jetpack_social_post_already_shared":true,"jetpack_social_options":{"image_generator_settings":{"template":"highway","default_image_id":0,"font":"","enabled":false},"version":2}},"categories":[34,401],"tags":[1763,722,721,719,723,720,1794],"class_list":["post-2857","post","type-post","status-publish","format-standard","has-post-thumbnail","hentry","category-acts","category-siggi-schwarz-and-the-guitarlegends","tag-1763","tag-alex-conti","tag-frank-dietz","tag-heidenheim","tag-ingo-bischoff","tag-karl-rau-halle","tag-siggi-schwarz-and-the-guitarlegends"],"aioseo_notices":[],"jetpack_publicize_connections":[],"jetpack_featured_media_url":"http:\/\/www.rockpixx.com\/wordpress\/wp-content\/uploads\/2008\/11\/20081122-01-siggi-schwarz-Artikel.jpg","jetpack-related-posts":[{"id":2862,"url":"http:\/\/www.rockpixx.com\/wordpress\/manfred-manns-earth-band-22-11-2008-heidenheim-karl-rau-halle\/","url_meta":{"origin":2857,"position":0},"title":"Manfred Mann\u2019s Earth Band, 22.11.2008, Heidenheim, Karl Rau-Halle","author":"Anja","date":"22. November 2008","format":false,"excerpt":"Eine richtig sch\u00f6ne gro\u00dfe B\u00fchne war da aufgebaut in der Heidenheimer Karl Rau-Halle und auch sch\u00f6n viel Licht \u2013 zu sehen im Vorprogramm bei \u2192\u00a0\u201eSiggi Schwarz & the Guitarlegends\u201c. Und dann kam unmittelbar vor dem Auftritt leider die Ansage, dass S\u00e4nger Noel McCalla gewaltige Stimmprobleme habe und schon das Konzert\u2026","rel":"","context":"In &quot;Acts&quot;","block_context":{"text":"Acts","link":"http:\/\/www.rockpixx.com\/wordpress\/category\/acts\/"},"img":{"alt_text":"Manfred Mann\u2019s Earth Band, 22.11.2008, Heidenheim, Karl Rau-Halle","src":"https:\/\/i0.wp.com\/www.rockpixx.com\/wordpress\/wp-content\/uploads\/2008\/11\/20081122-02-manfred-manns-earthband-Artikel.jpg?resize=350%2C200","width":350,"height":200,"srcset":"https:\/\/i0.wp.com\/www.rockpixx.com\/wordpress\/wp-content\/uploads\/2008\/11\/20081122-02-manfred-manns-earthband-Artikel.jpg?resize=350%2C200 1x, https:\/\/i0.wp.com\/www.rockpixx.com\/wordpress\/wp-content\/uploads\/2008\/11\/20081122-02-manfred-manns-earthband-Artikel.jpg?resize=525%2C300 1.5x, https:\/\/i0.wp.com\/www.rockpixx.com\/wordpress\/wp-content\/uploads\/2008\/11\/20081122-02-manfred-manns-earthband-Artikel.jpg?resize=700%2C400 2x"},"classes":[]},{"id":7661,"url":"http:\/\/www.rockpixx.com\/wordpress\/lake-17-06-2011-kiel-kieler-woche-musikzelt\/","url_meta":{"origin":2857,"position":1},"title":"Lake, 17.06.2011, Kiel, Kieler Woche Musikzelt","author":"Anja","date":"17. Juni 2011","format":false,"excerpt":"Kurze Umbaupause im Musikzelt, ich nutze die Chance, schon einmal die ersten Speicherkarten auf das Netbook zu kopieren \u2013 wer wei\u00df, wieviel Platz ich im Laufe des Abends noch brauchen werde\u2026 Dann also \u201eLake\u201c: Urspr\u00fcnglich norddeutsche Urgesteine, die in den Siebziger Jahren in den USA gro\u00dfe Erfolge mit ihrem Westcoast\u2026","rel":"","context":"In &quot;Acts&quot;","block_context":{"text":"Acts","link":"http:\/\/www.rockpixx.com\/wordpress\/category\/acts\/"},"img":{"alt_text":"Lake, 17.06.2011, Kiel, Kieler Woche Musikzelt","src":"https:\/\/i0.wp.com\/www.rockpixx.com\/wordpress\/wp-content\/uploads\/2013\/01\/20110617-05-lake-Artikel.jpg?resize=350%2C200","width":350,"height":200,"srcset":"https:\/\/i0.wp.com\/www.rockpixx.com\/wordpress\/wp-content\/uploads\/2013\/01\/20110617-05-lake-Artikel.jpg?resize=350%2C200 1x, https:\/\/i0.wp.com\/www.rockpixx.com\/wordpress\/wp-content\/uploads\/2013\/01\/20110617-05-lake-Artikel.jpg?resize=525%2C300 1.5x, https:\/\/i0.wp.com\/www.rockpixx.com\/wordpress\/wp-content\/uploads\/2013\/01\/20110617-05-lake-Artikel.jpg?resize=700%2C400 2x"},"classes":[]},{"id":2967,"url":"http:\/\/www.rockpixx.com\/wordpress\/kiss-forever-band-kiss-14-03-2009-reichenbachfils-die-halle\/","url_meta":{"origin":2857,"position":2},"title":"KISS Forever Band, 14.03.2009, Reichenbach\/Fils, die halle","author":"Anja","date":"14. M\u00e4rz 2009","format":false,"excerpt":"Ein Bass in Axtform, Spucken von Kunstblut, schwarz-wei\u00df geschminkte Gesichter, futuristische Kost\u00fcme\u2026 eigentlich sollte sp\u00e4testens jetzt jedem klar sein, dass es sich nur um eine KISS Tributeband handeln kann. \u201eKISS Forever Band\u201c, das sind vier Musiker aus Ungarn, die ihren Vorbildern alle Ehre machen: Sound und Show sind perfekt umgesetzt\u2026","rel":"","context":"In &quot;Acts&quot;","block_context":{"text":"Acts","link":"http:\/\/www.rockpixx.com\/wordpress\/category\/acts\/"},"img":{"alt_text":"KISS Forever Band, KISS, 14.03.2009, Reichenbach\/Fils, die halle","src":"https:\/\/i0.wp.com\/www.rockpixx.com\/wordpress\/wp-content\/uploads\/2009\/03\/20090314-kiss-forever-band-Artikel.jpg?resize=350%2C200","width":350,"height":200,"srcset":"https:\/\/i0.wp.com\/www.rockpixx.com\/wordpress\/wp-content\/uploads\/2009\/03\/20090314-kiss-forever-band-Artikel.jpg?resize=350%2C200 1x, https:\/\/i0.wp.com\/www.rockpixx.com\/wordpress\/wp-content\/uploads\/2009\/03\/20090314-kiss-forever-band-Artikel.jpg?resize=525%2C300 1.5x, https:\/\/i0.wp.com\/www.rockpixx.com\/wordpress\/wp-content\/uploads\/2009\/03\/20090314-kiss-forever-band-Artikel.jpg?resize=700%2C400 2x"},"classes":[]},{"id":10210,"url":"http:\/\/www.rockpixx.com\/wordpress\/trojaner-flensburg-flensburg-unplugged-22-03-2013\/","url_meta":{"origin":2857,"position":3},"title":"Trojaner, Flensburg, flensburg unplugged, 22.03.2013","author":"Anja","date":"24. M\u00e4rz 2013","format":false,"excerpt":"Das Intro f\u00fcr den n\u00e4chsten K\u00fcnstler bei \u2192 \u201eflensburg unplugged\u201c, war echt witzig gemacht: Auf der Leinwand hinter den Musikern sieht man zwei leicht \u201et\u00fcddelige Omis\u201c auf einer Parkbank sitzen. Im breitesten Platt schnackten \u00a0sie \u00fcber den n\u00e4chsten K\u00fcnstler und seine Musik. Ich war als \u201eNicht-Nordlicht\u201c doch erstaunt, dass ich\u2026","rel":"","context":"In &quot;Acts&quot;","block_context":{"text":"Acts","link":"http:\/\/www.rockpixx.com\/wordpress\/category\/acts\/"},"img":{"alt_text":"Trojaner","src":"https:\/\/i0.wp.com\/www.rockpixx.com\/wordpress\/wp-content\/uploads\/2013\/03\/20130322-05-trojaner-Artikel.jpg?resize=350%2C200","width":350,"height":200,"srcset":"https:\/\/i0.wp.com\/www.rockpixx.com\/wordpress\/wp-content\/uploads\/2013\/03\/20130322-05-trojaner-Artikel.jpg?resize=350%2C200 1x, https:\/\/i0.wp.com\/www.rockpixx.com\/wordpress\/wp-content\/uploads\/2013\/03\/20130322-05-trojaner-Artikel.jpg?resize=525%2C300 1.5x, https:\/\/i0.wp.com\/www.rockpixx.com\/wordpress\/wp-content\/uploads\/2013\/03\/20130322-05-trojaner-Artikel.jpg?resize=700%2C400 2x"},"classes":[]},{"id":21661,"url":"http:\/\/www.rockpixx.com\/wordpress\/we-salute-you-16-12-2017-roxheim-birkenberghalle\/","url_meta":{"origin":2857,"position":4},"title":"We Salute You, 16.12.2017, Roxheim, Birkenberghalle","author":"A. Hahl","date":"18. Dezember 2017","format":false,"excerpt":"Wie fange ich dieses Review an? Das ist eine Frage, die mich schon vor dem Konzert besch\u00e4ftigt hat. Ich denke, ich starte mit dem \u00fcblichen Ende meiner Texte \u2013 \u00fcber den Mittelteil mache ich mir dann Gedanken\u2026 Also, das Fazit lautet: Absolut sehens- und h\u00f6renswert, das war mehr AC\/DC als\u2026","rel":"","context":"In &quot;AC\/DC&quot;","block_context":{"text":"AC\/DC","link":"http:\/\/www.rockpixx.com\/wordpress\/category\/acts\/tributebands\/acdc\/"},"img":{"alt_text":"We Salute You, 16.12.2017, Roxheim, Birkenberghalle","src":"https:\/\/i0.wp.com\/www.rockpixx.com\/wordpress\/wp-content\/uploads\/2017\/12\/201712160-122.jpg?resize=350%2C200","width":350,"height":200,"srcset":"https:\/\/i0.wp.com\/www.rockpixx.com\/wordpress\/wp-content\/uploads\/2017\/12\/201712160-122.jpg?resize=350%2C200 1x, https:\/\/i0.wp.com\/www.rockpixx.com\/wordpress\/wp-content\/uploads\/2017\/12\/201712160-122.jpg?resize=525%2C300 1.5x, https:\/\/i0.wp.com\/www.rockpixx.com\/wordpress\/wp-content\/uploads\/2017\/12\/201712160-122.jpg?resize=700%2C400 2x"},"classes":[]},{"id":17566,"url":"http:\/\/www.rockpixx.com\/wordpress\/grey-attack-20-03-2015-baltic-open-air-warm-up-schleswig\/","url_meta":{"origin":2857,"position":5},"title":"Grey Attack, 20.03.2015, Baltic Open Air Warm Up, Schleswig","author":"Anja","date":"21. M\u00e4rz 2015","format":false,"excerpt":"Vier Herren gesetzteren Alters kommen aus dem fernen Aachen schwarz gewandet mit blaugrau gesprayten Haaren auf die B\u00fchne. Und nein: Rollatoren sind nicht zu sehen. Und dann legen sie los \u2013 ganz nach dem Motto \u201eje oller \u2013 je doller!\u201c. Das ist doch mal richtig deftige Rockmusik, die zudem sehr\u2026","rel":"","context":"In &quot;Acts&quot;","block_context":{"text":"Acts","link":"http:\/\/www.rockpixx.com\/wordpress\/category\/acts\/"},"img":{"alt_text":"Grey Attack, BOA WarmUp, Schleswig, 20.03.2015","src":"https:\/\/i0.wp.com\/www.rockpixx.com\/wordpress\/wp-content\/uploads\/2015\/03\/20150320-05-018_grey-attack_Artikel.jpg?resize=350%2C200","width":350,"height":200,"srcset":"https:\/\/i0.wp.com\/www.rockpixx.com\/wordpress\/wp-content\/uploads\/2015\/03\/20150320-05-018_grey-attack_Artikel.jpg?resize=350%2C200 1x, https:\/\/i0.wp.com\/www.rockpixx.com\/wordpress\/wp-content\/uploads\/2015\/03\/20150320-05-018_grey-attack_Artikel.jpg?resize=525%2C300 1.5x, https:\/\/i0.wp.com\/www.rockpixx.com\/wordpress\/wp-content\/uploads\/2015\/03\/20150320-05-018_grey-attack_Artikel.jpg?resize=700%2C400 2x"},"classes":[]}],"jetpack_sharing_enabled":true,"publishpress_future_action":{"enabled":false,"date":"2026-05-08 00:10:04","action":"change-status","newStatus":"draft","terms":[],"taxonomy":"category","extraData":[]},"publishpress_future_workflow_manual_trigger":{"enabledWorkflows":[]},"_links":{"self":[{"href":"http:\/\/www.rockpixx.com\/wordpress\/wp-json\/wp\/v2\/posts\/2857","targetHints":{"allow":["GET"]}}],"collection":[{"href":"http:\/\/www.rockpixx.com\/wordpress\/wp-json\/wp\/v2\/posts"}],"about":[{"href":"http:\/\/www.rockpixx.com\/wordpress\/wp-json\/wp\/v2\/types\/post"}],"author":[{"embeddable":true,"href":"http:\/\/www.rockpixx.com\/wordpress\/wp-json\/wp\/v2\/users\/2"}],"replies":[{"embeddable":true,"href":"http:\/\/www.rockpixx.com\/wordpress\/wp-json\/wp\/v2\/comments?post=2857"}],"version-history":[{"count":0,"href":"http:\/\/www.rockpixx.com\/wordpress\/wp-json\/wp\/v2\/posts\/2857\/revisions"}],"wp:featuredmedia":[{"embeddable":true,"href":"http:\/\/www.rockpixx.com\/wordpress\/wp-json\/wp\/v2\/media\/4299"}],"wp:attachment":[{"href":"http:\/\/www.rockpixx.com\/wordpress\/wp-json\/wp\/v2\/media?parent=2857"}],"wp:term":[{"taxonomy":"category","embeddable":true,"href":"http:\/\/www.rockpixx.com\/wordpress\/wp-json\/wp\/v2\/categories?post=2857"},{"taxonomy":"post_tag","embeddable":true,"href":"http:\/\/www.rockpixx.com\/wordpress\/wp-json\/wp\/v2\/tags?post=2857"}],"curies":[{"name":"wp","href":"https:\/\/api.w.org\/{rel}","templated":true}]}}