{"id":4414,"date":"2009-02-07T02:00:43","date_gmt":"2009-02-07T00:00:43","guid":{"rendered":"http:\/\/rockpixx.com\/wordpress\/?p=4414"},"modified":"2013-01-08T02:36:15","modified_gmt":"2013-01-08T00:36:15","slug":"the-pink-floyd-project-07-02-2009-volklingen-geblasehalle","status":"publish","type":"post","link":"http:\/\/www.rockpixx.com\/wordpress\/the-pink-floyd-project-07-02-2009-volklingen-geblasehalle\/","title":{"rendered":"The Pink Floyd Project, 07.02.2009, V\u00f6lklingen, Gebl\u00e4sehalle"},"content":{"rendered":"<p>Einige \u2192\u00a0<a title=\"Pink Floyd-Tribut-Bands\" href=\"http:\/\/rockpixx.com\/wordpress\/?cat=117\">Pink Floyd-Tribute-Bands<\/a> hatte ich ja schon gesehen, \u201eThe Pink Floyd Project\u201c bislang noch nicht. Und es war wieder einmal eine interessante Erfahrung, wie unterschiedlich das Konzept sein kann: <!--more-->Hier orientierten sich insgesamt 10 Musiker und Musikerinnen im Wesentlichen am Setup der legend\u00e4ren \u201eP.U.L.S.E-Tour\u201c der sp\u00e4ten Floyds um David Gilmour \u2013 bis hin zum doppelten Drumset und den drei Backgrounds\u00e4ngerinnen (inklusive Kost\u00fcmwechsel zur Pause). Insgesamt gab&#8217;s hier \u00fcber zweieinhalb Stunden ein beeindruckendes Programm zu h\u00f6ren.<\/p>\n<p>Einzig vom Lichtsetup war ich als Fotograf entt\u00e4uscht: Waren zuvor bei \u201ePurple\u201c die Musiker noch gut auszumachen gewesen und auch beeindruckende Mixturen aus Back- und Frontlights plus Nebel anzutreffen, so muss das harte Urteil hier lauten: Sound gut, Performance ebenfalls, Licht bestenfalls unterdurchschnittlich. Das schm\u00e4lert aber keinesfalls die Leistung aller beteiligten Musiker. Was sie geboten haben, das war ohne Einschr\u00e4nkung empfehlenswert.<\/p>\n<p style=\"text-align: right;\">Fotos:\u00a0<a href=\"mailto:info@rockpixx.com?subject=Fotos%20von%20The%20Pink%20Floyd%20Project,%20V%C3%B6lklingen%20%E2%80%9EGebl%C3%A4sehalle%E2%80%9C,%2007.02.2009\">Alex<\/a>\u00a0| Text:\u00a0<a href=\"mailto:info@rockpixx.com?subject=Reviewtext%20von%20The%20Pink%20Floyd%20Project,%20V%C3%B6lklingen%20%E2%80%9EGebl%C3%A4sehalle%E2%80%9C,%2007.02.2009\">Alex<\/a><\/p>\n<p style=\"text-align: left;\"><div class=\"eat-left eat-right\"><div class=\"thumbs-masonry isotope\"><div class=\"isotope-item block-2 block-h-2\"><a href=\"http:\/\/www.rockpixx.com\/wordpress\/wp-content\/uploads\/2013\/01\/20090207-02-002.jpg\" rel=\"prettyPhoto[postgal_4416]\" class=\"show-hover-link block-h-2\"\"><img decoding=\"async\" src=\"http:\/\/www.rockpixx.com\/wordpress\/wp-content\/uploads\/2013\/01\/20090207-02-002-480x400.jpg\" alt=\"The Pink Floyd Project, 07.02.2009, V\u00f6lklingen, Gebl\u00e4sehalle\"\/><span class=\"before\"><\/span><span class=\"after\"><\/span><\/a><\/div><div class=\"isotope-item block-1 block-h-1\"><a href=\"http:\/\/www.rockpixx.com\/wordpress\/wp-content\/uploads\/2013\/01\/20090207-02-059.jpg\" rel=\"prettyPhoto[postgal_4416]\" class=\"show-hover-link block-h-1\"\"><img decoding=\"async\" src=\"http:\/\/www.rockpixx.com\/wordpress\/wp-content\/uploads\/2013\/01\/20090207-02-059-480x400.jpg\" alt=\"The Pink Floyd Project, 07.02.2009, V\u00f6lklingen, Gebl\u00e4sehalle\"\/><span class=\"before\"><\/span><span class=\"after\"><\/span><\/a><\/div><div class=\"isotope-item block-1 block-h-1\"><a href=\"http:\/\/www.rockpixx.com\/wordpress\/wp-content\/uploads\/2013\/01\/20090207-02-146.jpg\" rel=\"prettyPhoto[postgal_4416]\" class=\"show-hover-link block-h-1\"\"><img decoding=\"async\" src=\"http:\/\/www.rockpixx.com\/wordpress\/wp-content\/uploads\/2013\/01\/20090207-02-146-480x400.jpg\" alt=\"The Pink Floyd Project, 07.02.2009, V\u00f6lklingen, Gebl\u00e4sehalle\"\/><span class=\"before\"><\/span><span class=\"after\"><\/span><\/a><\/div><div class=\"isotope-item block-2 block-h-2\"><a href=\"http:\/\/www.rockpixx.com\/wordpress\/wp-content\/uploads\/2013\/01\/20090207-02-155.jpg\" rel=\"prettyPhoto[postgal_4416]\" class=\"show-hover-link block-h-2\"\"><img decoding=\"async\" src=\"http:\/\/www.rockpixx.com\/wordpress\/wp-content\/uploads\/2013\/01\/20090207-02-155-480x400.jpg\" alt=\"The Pink Floyd Project, 07.02.2009, V\u00f6lklingen, Gebl\u00e4sehalle\"\/><span class=\"before\"><\/span><span class=\"after\"><\/span><\/a><\/div><div class=\"isotope-item block-1 block-h-1\"><a href=\"http:\/\/www.rockpixx.com\/wordpress\/wp-content\/uploads\/2013\/01\/20090207-02-166.jpg\" rel=\"prettyPhoto[postgal_4416]\" class=\"show-hover-link block-h-1\"\"><img decoding=\"async\" src=\"http:\/\/www.rockpixx.com\/wordpress\/wp-content\/uploads\/2013\/01\/20090207-02-166-480x400.jpg\" alt=\"The Pink Floyd Project, 07.02.2009, V\u00f6lklingen, Gebl\u00e4sehalle\"\/><span class=\"before\"><\/span><span class=\"after\"><\/span><\/a><\/div><div class=\"isotope-item block-1 block-h-1\"><a href=\"http:\/\/www.rockpixx.com\/wordpress\/wp-content\/uploads\/2013\/01\/20090207-02-225.jpg\" rel=\"prettyPhoto[postgal_4416]\" class=\"show-hover-link block-h-1\"\"><img decoding=\"async\" src=\"http:\/\/www.rockpixx.com\/wordpress\/wp-content\/uploads\/2013\/01\/20090207-02-225-480x400.jpg\" alt=\"The Pink Floyd Project, 07.02.2009, V\u00f6lklingen, Gebl\u00e4sehalle\"\/><span class=\"before\"><\/span><span class=\"after\"><\/span><\/a><\/div><div class=\"isotope-item block-2 block-h-2\"><a href=\"http:\/\/www.rockpixx.com\/wordpress\/wp-content\/uploads\/2013\/01\/20090207-02-238.jpg\" rel=\"prettyPhoto[postgal_4416]\" class=\"show-hover-link block-h-2\"\"><img decoding=\"async\" src=\"http:\/\/www.rockpixx.com\/wordpress\/wp-content\/uploads\/2013\/01\/20090207-02-238-480x400.jpg\" alt=\"The Pink Floyd Project, 07.02.2009, V\u00f6lklingen, Gebl\u00e4sehalle\"\/><span class=\"before\"><\/span><span class=\"after\"><\/span><\/a><\/div><div class=\"isotope-item block-1 block-h-1\"><a href=\"http:\/\/www.rockpixx.com\/wordpress\/wp-content\/uploads\/2013\/01\/20090207-02-375.jpg\" rel=\"prettyPhoto[postgal_4416]\" class=\"show-hover-link block-h-1\"\"><img decoding=\"async\" src=\"http:\/\/www.rockpixx.com\/wordpress\/wp-content\/uploads\/2013\/01\/20090207-02-375-480x400.jpg\" alt=\"The Pink Floyd Project, 07.02.2009, V\u00f6lklingen, Gebl\u00e4sehalle\"\/><span class=\"before\"><\/span><span class=\"after\"><\/span><\/a><\/div><div class=\"isotope-item block-1 block-h-1\"><a href=\"http:\/\/www.rockpixx.com\/wordpress\/wp-content\/uploads\/2013\/01\/20090207-02-509.jpg\" rel=\"prettyPhoto[postgal_4416]\" class=\"show-hover-link block-h-1\"\"><img decoding=\"async\" src=\"http:\/\/www.rockpixx.com\/wordpress\/wp-content\/uploads\/2013\/01\/20090207-02-509-480x400.jpg\" alt=\"The Pink Floyd Project, 07.02.2009, V\u00f6lklingen, Gebl\u00e4sehalle\"\/><span class=\"before\"><\/span><span class=\"after\"><\/span><\/a><\/div><div class=\"isotope-item block-2 block-h-2\"><a href=\"http:\/\/www.rockpixx.com\/wordpress\/wp-content\/uploads\/2013\/01\/20090207-02-516.jpg\" rel=\"prettyPhoto[postgal_4416]\" class=\"show-hover-link block-h-2\"\"><img decoding=\"async\" src=\"http:\/\/www.rockpixx.com\/wordpress\/wp-content\/uploads\/2013\/01\/20090207-02-516-480x400.jpg\" alt=\"The Pink Floyd Project, 07.02.2009, V\u00f6lklingen, Gebl\u00e4sehalle\"\/><span class=\"before\"><\/span><span class=\"after\"><\/span><\/a><\/div><\/div><\/div><\/p>\n<p style=\"text-align: left;\">\n","protected":false},"excerpt":{"rendered":"<p>Einige \u2192\u00a0Pink Floyd-Tribute-Bands hatte ich ja schon gesehen, \u201eThe Pink Floyd Project\u201c bislang noch nicht. <a href=\"http:\/\/www.rockpixx.com\/wordpress\/the-pink-floyd-project-07-02-2009-volklingen-geblasehalle\/\">Read more<\/a><\/p>\n","protected":false},"author":2,"featured_media":4415,"comment_status":"open","ping_status":"open","sticky":false,"template":"","format":"standard","meta":{"_jetpack_memberships_contains_paid_content":false,"footnotes":"","jetpack_publicize_message":"","jetpack_publicize_feature_enabled":true,"jetpack_social_post_already_shared":true,"jetpack_social_options":{"image_generator_settings":{"template":"highway","default_image_id":0,"font":"","enabled":false},"version":2}},"categories":[34,117,404,5],"tags":[1831,763,733,133,732,1732,762,731],"class_list":["post-4414","post","type-post","status-publish","format-standard","has-post-thumbnail","hentry","category-acts","category-pink-floyd","category-the-pink-floyd-project","category-tributebands","tag-1831","tag-david-gilmour","tag-erz-rock-festivals","tag-festivals","tag-geblasehalle","tag-pink-floyd","tag-the-pink-floyd-project-2","tag-volklingen"],"aioseo_notices":[],"jetpack_publicize_connections":[],"jetpack_featured_media_url":"http:\/\/www.rockpixx.com\/wordpress\/wp-content\/uploads\/2013\/01\/20090207-02-pink-floy-project-Artikel.jpg","jetpack-related-posts":[{"id":5762,"url":"http:\/\/www.rockpixx.com\/wordpress\/the-pink-floyd-project-15-08-2009-homburg-saar-stadtpark\/","url_meta":{"origin":4414,"position":0},"title":"The Pink Floyd Project, 15.08.2009, Homburg \/ Saar, Stadtpark","author":"Anja","date":"15. August 2009","format":false,"excerpt":"\u2192\u00a0The Pink Floyd Project zum Zweiten nach dem Termin in V\u00f6lklingen im Februar 2009. Sound und B\u00fchnenpr\u00e4senz wie gehabt sehr gut, leider ergab die durch die Headliner \u201eBarclay James Harvest\u201c bedingte kurzfristige Set\u00e4nderung den unsch\u00f6nen Nebeneffekt, dass 90% des Konzertes bei Tageslicht und der Rest in der einsetzenden D\u00e4mmerung stattfinden\u2026","rel":"","context":"In &quot;Acts&quot;","block_context":{"text":"Acts","link":"http:\/\/www.rockpixx.com\/wordpress\/category\/acts\/"},"img":{"alt_text":"The Pink Floyd Project, 15.08.2009, Homburg \/ Saar, Stadtpark","src":"https:\/\/i0.wp.com\/www.rockpixx.com\/wordpress\/wp-content\/uploads\/2013\/01\/20090815-02-pink-floyd-project-Artikel.jpg?resize=350%2C200","width":350,"height":200,"srcset":"https:\/\/i0.wp.com\/www.rockpixx.com\/wordpress\/wp-content\/uploads\/2013\/01\/20090815-02-pink-floyd-project-Artikel.jpg?resize=350%2C200 1x, https:\/\/i0.wp.com\/www.rockpixx.com\/wordpress\/wp-content\/uploads\/2013\/01\/20090815-02-pink-floyd-project-Artikel.jpg?resize=525%2C300 1.5x, https:\/\/i0.wp.com\/www.rockpixx.com\/wordpress\/wp-content\/uploads\/2013\/01\/20090815-02-pink-floyd-project-Artikel.jpg?resize=700%2C400 2x"},"classes":[]},{"id":7598,"url":"http:\/\/www.rockpixx.com\/wordpress\/brit-floyd-20-04-2011-london-gb-royal-albert-hall\/","url_meta":{"origin":4414,"position":1},"title":"Brit Floyd, 20.04.2011, London (GB), Royal Albert Hall","author":"Anja","date":"20. April 2011","format":false,"excerpt":"Ein altehrw\u00fcrdiger Ort, an dem Pink Floyd irgendwann einmal ein lebenslanges Auftrittsverbot kassierten, weil Ihre Pyros einen Teil der Vorh\u00e4nge abfackelten: The Royal Albert Hall im noblen Londoner Stadtteil Kensington. Das war also nun mein Revier, um eine Show von \u201eBrit Floyd \u2013 The British Pink Floyd Show\u201c abzulichten. Nachdem\u2026","rel":"","context":"In &quot;Acts&quot;","block_context":{"text":"Acts","link":"http:\/\/www.rockpixx.com\/wordpress\/category\/acts\/"},"img":{"alt_text":"Brit Floyd, 20.04.2011, London (GB), Royal Albert Hall","src":"https:\/\/i0.wp.com\/www.rockpixx.com\/wordpress\/wp-content\/uploads\/2013\/01\/20110420-brit-floyd-Artikel.jpg?resize=350%2C200","width":350,"height":200,"srcset":"https:\/\/i0.wp.com\/www.rockpixx.com\/wordpress\/wp-content\/uploads\/2013\/01\/20110420-brit-floyd-Artikel.jpg?resize=350%2C200 1x, https:\/\/i0.wp.com\/www.rockpixx.com\/wordpress\/wp-content\/uploads\/2013\/01\/20110420-brit-floyd-Artikel.jpg?resize=525%2C300 1.5x, https:\/\/i0.wp.com\/www.rockpixx.com\/wordpress\/wp-content\/uploads\/2013\/01\/20110420-brit-floyd-Artikel.jpg?resize=700%2C400 2x"},"classes":[]},{"id":12684,"url":"http:\/\/www.rockpixx.com\/wordpress\/und-wieder-pink-floyd\/","url_meta":{"origin":4414,"position":2},"title":"Und wieder Pink Floyd","author":"admin","date":"7. April 2014","format":false,"excerpt":"Schon das zweite Mal in diesem noch recht jungen Jahr gibt's musikalisch wieder etwas von den Herren (Syd Barrett), David Gilmour, Nick Mason, Roger Waters und Richard Wright. Nach dem Konzert von \u2192 \u201eEchoes\u201c im Hamburger Edelfettwerk am 01.02.2014 folgen nun am 08.04.2014 in der Kieler Sparkassenarena (bekannter unter dem\u2026","rel":"","context":"In &quot;2014&quot;","block_context":{"text":"2014","link":"http:\/\/www.rockpixx.com\/wordpress\/category\/backstage\/2014\/"},"img":{"alt_text":"The Australian Pink Floyd Show, 16.02.2011, Kempten, BigBOX","src":"https:\/\/i0.wp.com\/www.rockpixx.com\/wordpress\/wp-content\/uploads\/2014\/04\/20110216-1321.jpg?resize=350%2C200","width":350,"height":200,"srcset":"https:\/\/i0.wp.com\/www.rockpixx.com\/wordpress\/wp-content\/uploads\/2014\/04\/20110216-1321.jpg?resize=350%2C200 1x, https:\/\/i0.wp.com\/www.rockpixx.com\/wordpress\/wp-content\/uploads\/2014\/04\/20110216-1321.jpg?resize=525%2C300 1.5x, https:\/\/i0.wp.com\/www.rockpixx.com\/wordpress\/wp-content\/uploads\/2014\/04\/20110216-1321.jpg?resize=700%2C400 2x"},"classes":[]},{"id":6252,"url":"http:\/\/www.rockpixx.com\/wordpress\/inside-out-27-03-2010-sonneberg-gesellschaftshaus\/","url_meta":{"origin":4414,"position":3},"title":"Inside Out, 27.03.2010, Sonneberg, Gesellschaftshaus","author":"Anja","date":"27. M\u00e4rz 2010","format":false,"excerpt":"Wieder einmal etwas zum Thema \u201ePink Floyd\u201c \u2013 dieses Mal \u201eInside Out\u201c in Sonneberg\/Th\u00fcringen. Der Sound ist fantastisch und auch die Interpretation von \u201eEchoes\u201c gef\u00e4llt mir au\u00dferordentlich gut. Die Klippen in \u201eThe great Gig in the Sky\u201c werden von der S\u00e4ngerin grandios umschifft und der Keyboarder hat zwar keine gro\u00dfe\u2026","rel":"","context":"In &quot;Acts&quot;","block_context":{"text":"Acts","link":"http:\/\/www.rockpixx.com\/wordpress\/category\/acts\/"},"img":{"alt_text":"Inside Out, 27.03.2010, Sonneberg, Gesellschaftshaus","src":"https:\/\/i0.wp.com\/www.rockpixx.com\/wordpress\/wp-content\/uploads\/2013\/01\/20100327-inside-out-Artikel.jpg?resize=350%2C200","width":350,"height":200,"srcset":"https:\/\/i0.wp.com\/www.rockpixx.com\/wordpress\/wp-content\/uploads\/2013\/01\/20100327-inside-out-Artikel.jpg?resize=350%2C200 1x, https:\/\/i0.wp.com\/www.rockpixx.com\/wordpress\/wp-content\/uploads\/2013\/01\/20100327-inside-out-Artikel.jpg?resize=525%2C300 1.5x, https:\/\/i0.wp.com\/www.rockpixx.com\/wordpress\/wp-content\/uploads\/2013\/01\/20100327-inside-out-Artikel.jpg?resize=700%2C400 2x"},"classes":[]},{"id":8320,"url":"http:\/\/www.rockpixx.com\/wordpress\/brit-floyd-29-10-2011-munchen-kleine-olympiahalle\/","url_meta":{"origin":4414,"position":4},"title":"Brit Floyd, 29.10.2011, M\u00fcnchen, Kleine Olympiahalle","author":"Anja","date":"29. Oktober 2011","format":false,"excerpt":"Kaum aus dem Urlaub zur\u00fcck, gibt's schon wieder einen Leckerbissen: Zum zweiten Mal in diesem Jahr habe ich \u201eBrit Floyd\u201c vor den Kameras, dieses Mal allerdings nicht in \u2192\u00a0London's ehrw\u00fcrdiger Royal Albert Hall, sondern in der (neuen) \u201eKleinen Olympiahalle\u201c in M\u00fcnchen. Und das ist sogar f\u00fcr uns noch eine Premiere:\u2026","rel":"","context":"In &quot;Acts&quot;","block_context":{"text":"Acts","link":"http:\/\/www.rockpixx.com\/wordpress\/category\/acts\/"},"img":{"alt_text":"Brit Floyd, 29.10.2011, M\u00fcnchen, Kleine Olympiahalle","src":"https:\/\/i0.wp.com\/www.rockpixx.com\/wordpress\/wp-content\/uploads\/2013\/02\/20111029-brit-floyd-Artikel.jpg?resize=350%2C200","width":350,"height":200,"srcset":"https:\/\/i0.wp.com\/www.rockpixx.com\/wordpress\/wp-content\/uploads\/2013\/02\/20111029-brit-floyd-Artikel.jpg?resize=350%2C200 1x, https:\/\/i0.wp.com\/www.rockpixx.com\/wordpress\/wp-content\/uploads\/2013\/02\/20111029-brit-floyd-Artikel.jpg?resize=525%2C300 1.5x, https:\/\/i0.wp.com\/www.rockpixx.com\/wordpress\/wp-content\/uploads\/2013\/02\/20111029-brit-floyd-Artikel.jpg?resize=700%2C400 2x"},"classes":[]},{"id":1775,"url":"http:\/\/www.rockpixx.com\/wordpress\/the-floyd-council-09-02-2008-garching-a-d-alz-gasthaus-zum-brau\/","url_meta":{"origin":4414,"position":5},"title":"The Floyd Council, 09.02.2008, Garching a. d. Alz, Gasthaus zum Br\u00e4u","author":"Anja","date":"3. Februar 2008","format":false,"excerpt":"\u201eStill first in space\u201c \u2013 wenn die immer noch unerreichte Musik von Pink Floyd erklingt, wird mir ganz warm um's Herz. So auch in Garching, als sich die \u00f6sterreichische Tribute Band \u201eThe Floyd Council\u201c aufmachte, sowohl Fr\u00fch- als auch Sp\u00e4twerke dieser Rock-Giganten life auf die B\u00fchne zu bringen\u2026 Fazit: Es\u2026","rel":"","context":"In &quot;Acts&quot;","block_context":{"text":"Acts","link":"http:\/\/www.rockpixx.com\/wordpress\/category\/acts\/"},"img":{"alt_text":"The Floyd Council, 09.02.2008, Garching a. d. Alz, Gasthaus zum Br\u00e4u","src":"https:\/\/i0.wp.com\/www.rockpixx.com\/wordpress\/wp-content\/uploads\/2008\/02\/20080209-the-floyd-council-Artikel.jpg?resize=350%2C200","width":350,"height":200,"srcset":"https:\/\/i0.wp.com\/www.rockpixx.com\/wordpress\/wp-content\/uploads\/2008\/02\/20080209-the-floyd-council-Artikel.jpg?resize=350%2C200 1x, https:\/\/i0.wp.com\/www.rockpixx.com\/wordpress\/wp-content\/uploads\/2008\/02\/20080209-the-floyd-council-Artikel.jpg?resize=525%2C300 1.5x, https:\/\/i0.wp.com\/www.rockpixx.com\/wordpress\/wp-content\/uploads\/2008\/02\/20080209-the-floyd-council-Artikel.jpg?resize=700%2C400 2x"},"classes":[]}],"jetpack_sharing_enabled":true,"publishpress_future_action":{"enabled":false,"date":"2026-05-06 07:32:05","action":"change-status","newStatus":"draft","terms":[],"taxonomy":"category","extraData":[]},"publishpress_future_workflow_manual_trigger":{"enabledWorkflows":[]},"_links":{"self":[{"href":"http:\/\/www.rockpixx.com\/wordpress\/wp-json\/wp\/v2\/posts\/4414","targetHints":{"allow":["GET"]}}],"collection":[{"href":"http:\/\/www.rockpixx.com\/wordpress\/wp-json\/wp\/v2\/posts"}],"about":[{"href":"http:\/\/www.rockpixx.com\/wordpress\/wp-json\/wp\/v2\/types\/post"}],"author":[{"embeddable":true,"href":"http:\/\/www.rockpixx.com\/wordpress\/wp-json\/wp\/v2\/users\/2"}],"replies":[{"embeddable":true,"href":"http:\/\/www.rockpixx.com\/wordpress\/wp-json\/wp\/v2\/comments?post=4414"}],"version-history":[{"count":0,"href":"http:\/\/www.rockpixx.com\/wordpress\/wp-json\/wp\/v2\/posts\/4414\/revisions"}],"wp:featuredmedia":[{"embeddable":true,"href":"http:\/\/www.rockpixx.com\/wordpress\/wp-json\/wp\/v2\/media\/4415"}],"wp:attachment":[{"href":"http:\/\/www.rockpixx.com\/wordpress\/wp-json\/wp\/v2\/media?parent=4414"}],"wp:term":[{"taxonomy":"category","embeddable":true,"href":"http:\/\/www.rockpixx.com\/wordpress\/wp-json\/wp\/v2\/categories?post=4414"},{"taxonomy":"post_tag","embeddable":true,"href":"http:\/\/www.rockpixx.com\/wordpress\/wp-json\/wp\/v2\/tags?post=4414"}],"curies":[{"name":"wp","href":"https:\/\/api.w.org\/{rel}","templated":true}]}}