{"id":4670,"date":"2009-06-19T01:00:45","date_gmt":"2009-06-18T23:00:45","guid":{"rendered":"http:\/\/rockpixx.com\/wordpress\/?p=4670"},"modified":"2013-01-27T16:15:40","modified_gmt":"2013-01-27T14:15:40","slug":"level-42-19-06-2009-kiel-unser-norden-buhne","status":"publish","type":"post","link":"http:\/\/www.rockpixx.com\/wordpress\/level-42-19-06-2009-kiel-unser-norden-buhne\/","title":{"rendered":"Level 42, 19.06.2009, Kiel, Unser Norden-B\u00fchne"},"content":{"rendered":"<p>So \u2026 hier meldet sich die Fotografin, von rockpixx.com zu Wort. Meine Premiere bei der Kieler Woche begann gleich mit einem Paukenschlag. Level 42 \u2013 die Helden meiner Teenagerzeit, wir haben damals die Lieder im Schlaf mitsingen k\u00f6nnen und damals war es f\u00fcr mich undenkbar die Jungs mal live erleben zu d\u00fcrfen &#8211; ganz zu schweigen davon, dass ich sie fotografieren kann.<!--more--><\/p>\n<p>Da dies das erste Konzert des Tages war, hatte ich genug Zeit und war recht fr\u00fch an der B\u00fchne und hatte das Vergn\u00fcgen den Jungs um Mark King und Mike Lindup beim Soundcheck zuschauen und zuh\u00f6ren zu d\u00fcrfen. Eins stand f\u00fcr mich gleich zu Anfang fest, die Jungs hatten es noch drauf, zwar \u00e4u\u00dferlich in die Jahre gekommen (aber wer kann schon von sich behaupten j\u00fcnger zu werden \ud83d\ude09 ) aber musikm\u00e4\u00dfig immer noch erste Liga.<\/p>\n<p>Ausgelassene Stimmung im Publikum und viel Spielfreude der Musiker machten dies zu einem gelungen Auftakt in die Kieler Woche.<\/p>\n<p style=\"text-align: right;\">Fotos:\u00a0<a href=\"mailto:a.roselt@rockpixx.com?subject=Fotos%20von%20Level%2042,%20Kiel%20%E2%80%9EUnser%20Norden-B%C3%BChne%E2%80%9C,%2019.06.2009\">Anja<\/a>\u00a0| Text:\u00a0<a href=\"mailto:a.roselt@rockpixx.com?subject=Reviewtext%20von%20Level%2042,%20Kiel%20%E2%80%9EUnser%20Norden-B%C3%BChne%E2%80%9C,%2019.06.2009\">Anja<\/a><\/p>\n<p>&nbsp;<\/p>\n<div class=\"eat-left eat-right\"><div class=\"thumbs-masonry isotope\"><div class=\"isotope-item block-2 block-h-2\"><a href=\"http:\/\/www.rockpixx.com\/wordpress\/wp-content\/uploads\/2013\/01\/20090619-01-034.jpg\" rel=\"prettyPhoto[postgal_4673]\" class=\"show-hover-link block-h-2\"\"><img decoding=\"async\" src=\"http:\/\/www.rockpixx.com\/wordpress\/wp-content\/uploads\/2013\/01\/20090619-01-034-480x400.jpg\" alt=\"Level 42, 19.06.2009, Kiel, Unser Norden-B\u00fchne\"\/><span class=\"before\"><\/span><span class=\"after\"><\/span><\/a><\/div><div class=\"isotope-item block-1 block-h-1\"><a href=\"http:\/\/www.rockpixx.com\/wordpress\/wp-content\/uploads\/2013\/01\/20090619-01-046.jpg\" rel=\"prettyPhoto[postgal_4673]\" class=\"show-hover-link block-h-1\"\"><img decoding=\"async\" src=\"http:\/\/www.rockpixx.com\/wordpress\/wp-content\/uploads\/2013\/01\/20090619-01-046-480x400.jpg\" alt=\"Level 42, 19.06.2009, Kiel, Unser Norden-B\u00fchne\"\/><span class=\"before\"><\/span><span class=\"after\"><\/span><\/a><\/div><div class=\"isotope-item block-1 block-h-1\"><a href=\"http:\/\/www.rockpixx.com\/wordpress\/wp-content\/uploads\/2013\/01\/20090619-01-062.jpg\" rel=\"prettyPhoto[postgal_4673]\" class=\"show-hover-link block-h-1\"\"><img decoding=\"async\" src=\"http:\/\/www.rockpixx.com\/wordpress\/wp-content\/uploads\/2013\/01\/20090619-01-062-480x400.jpg\" alt=\"Level 42, 19.06.2009, Kiel, Unser Norden-B\u00fchne\"\/><span class=\"before\"><\/span><span class=\"after\"><\/span><\/a><\/div><div class=\"isotope-item block-2 block-h-2\"><a href=\"http:\/\/www.rockpixx.com\/wordpress\/wp-content\/uploads\/2013\/01\/20090619-01-063.jpg\" rel=\"prettyPhoto[postgal_4673]\" class=\"show-hover-link block-h-2\"\"><img decoding=\"async\" src=\"http:\/\/www.rockpixx.com\/wordpress\/wp-content\/uploads\/2013\/01\/20090619-01-063-480x400.jpg\" alt=\"Level 42, 19.06.2009, Kiel, Unser Norden-B\u00fchne\"\/><span class=\"before\"><\/span><span class=\"after\"><\/span><\/a><\/div><div class=\"isotope-item block-1 block-h-1\"><a href=\"http:\/\/www.rockpixx.com\/wordpress\/wp-content\/uploads\/2013\/01\/20090619-01-068.jpg\" rel=\"prettyPhoto[postgal_4673]\" class=\"show-hover-link block-h-1\"\"><img decoding=\"async\" src=\"http:\/\/www.rockpixx.com\/wordpress\/wp-content\/uploads\/2013\/01\/20090619-01-068-480x400.jpg\" alt=\"Level 42, 19.06.2009, Kiel, Unser Norden-B\u00fchne\"\/><span class=\"before\"><\/span><span class=\"after\"><\/span><\/a><\/div><div class=\"isotope-item block-1 block-h-1\"><a href=\"http:\/\/www.rockpixx.com\/wordpress\/wp-content\/uploads\/2013\/01\/20090619-01-078.jpg\" rel=\"prettyPhoto[postgal_4673]\" class=\"show-hover-link block-h-1\"\"><img decoding=\"async\" src=\"http:\/\/www.rockpixx.com\/wordpress\/wp-content\/uploads\/2013\/01\/20090619-01-078-480x400.jpg\" alt=\"Level 42, 19.06.2009, Kiel, Unser Norden-B\u00fchne\"\/><span class=\"before\"><\/span><span class=\"after\"><\/span><\/a><\/div><div class=\"isotope-item block-2 block-h-2\"><a href=\"http:\/\/www.rockpixx.com\/wordpress\/wp-content\/uploads\/2013\/01\/20090619-01-102.jpg\" rel=\"prettyPhoto[postgal_4673]\" class=\"show-hover-link block-h-2\"\"><img decoding=\"async\" src=\"http:\/\/www.rockpixx.com\/wordpress\/wp-content\/uploads\/2013\/01\/20090619-01-102-480x400.jpg\" alt=\"Level 42, 19.06.2009, Kiel, Unser Norden-B\u00fchne\"\/><span class=\"before\"><\/span><span class=\"after\"><\/span><\/a><\/div><div class=\"isotope-item block-1 block-h-1\"><a href=\"http:\/\/www.rockpixx.com\/wordpress\/wp-content\/uploads\/2013\/01\/20090619-01-106.jpg\" rel=\"prettyPhoto[postgal_4673]\" class=\"show-hover-link block-h-1\"\"><img decoding=\"async\" src=\"http:\/\/www.rockpixx.com\/wordpress\/wp-content\/uploads\/2013\/01\/20090619-01-106-480x400.jpg\" alt=\"Level 42, 19.06.2009, Kiel, Unser Norden-B\u00fchne\"\/><span class=\"before\"><\/span><span class=\"after\"><\/span><\/a><\/div><div class=\"isotope-item block-1 block-h-1\"><a href=\"http:\/\/www.rockpixx.com\/wordpress\/wp-content\/uploads\/2013\/01\/20090619-01-153.jpg\" rel=\"prettyPhoto[postgal_4673]\" class=\"show-hover-link block-h-1\"\"><img decoding=\"async\" src=\"http:\/\/www.rockpixx.com\/wordpress\/wp-content\/uploads\/2013\/01\/20090619-01-153-480x400.jpg\" alt=\"Level 42, 19.06.2009, Kiel, Unser Norden-B\u00fchne\"\/><span class=\"before\"><\/span><span class=\"after\"><\/span><\/a><\/div><div class=\"isotope-item block-2 block-h-2\"><a href=\"http:\/\/www.rockpixx.com\/wordpress\/wp-content\/uploads\/2013\/01\/20090619-01-154.jpg\" rel=\"prettyPhoto[postgal_4673]\" class=\"show-hover-link block-h-2\"\"><img decoding=\"async\" src=\"http:\/\/www.rockpixx.com\/wordpress\/wp-content\/uploads\/2013\/01\/20090619-01-154-480x400.jpg\" alt=\"Level 42, 19.06.2009, Kiel, Unser Norden-B\u00fchne\"\/><span class=\"before\"><\/span><span class=\"after\"><\/span><\/a><\/div><\/div><\/div>\n","protected":false},"excerpt":{"rendered":"<p>So \u2026 hier meldet sich die Fotografin, von rockpixx.com zu Wort. Meine Premiere bei der <a href=\"http:\/\/www.rockpixx.com\/wordpress\/level-42-19-06-2009-kiel-unser-norden-buhne\/\">Read more<\/a><\/p>\n","protected":false},"author":2,"featured_media":6145,"comment_status":"open","ping_status":"open","sticky":false,"template":"","format":"standard","meta":{"_jetpack_memberships_contains_paid_content":false,"footnotes":"","jetpack_publicize_message":"","jetpack_publicize_feature_enabled":true,"jetpack_social_post_already_shared":true,"jetpack_social_options":{"image_generator_settings":{"template":"highway","default_image_id":0,"font":"","enabled":false},"version":2}},"categories":[34,423],"tags":[1831,133,1735,138,1806,764,765,328],"class_list":["post-4670","post","type-post","status-publish","format-standard","has-post-thumbnail","hentry","category-acts","category-level-42","tag-1831","tag-festivals","tag-kiel","tag-kieler-woche","tag-level-42","tag-mark-king","tag-mike-lindup","tag-unser-norden-buhne"],"aioseo_notices":[],"jetpack_publicize_connections":[],"jetpack_featured_media_url":"http:\/\/www.rockpixx.com\/wordpress\/wp-content\/uploads\/2012\/06\/20090619-01-level-42-Artikel.jpg","jetpack-related-posts":[{"id":7771,"url":"http:\/\/www.rockpixx.com\/wordpress\/sunrise-avenue-20-06-2011-kiel-unser-norden-buhne\/","url_meta":{"origin":4670,"position":0},"title":"Sunrise Avenue, 20.06.2011, Kiel, Unser Norden-B\u00fchne","author":"Anja","date":"20. Juni 2011","format":false,"excerpt":"Sunrise Avenue sorgten heute wieder f\u00fcr eine \u201e\u00fcbervolle\u201c Unser Norden B\u00fchne. Das \u00fcbervoll in \u201e\u201c steht, liegt daran, dass auch heute wieder nur 8.000 Zuschauer auf das Gel\u00e4nde durften. Der Rest stand wie bei \u2192\u00a0\u201eS\u00f6hne Mannheims\u201c und \u2192\u00a0\u201eXavier Naidoo\u201c auf der Gablenzbr\u00fccke. Als ich dann die Jungs um Samu Haber\u2026","rel":"","context":"In &quot;Acts&quot;","block_context":{"text":"Acts","link":"http:\/\/www.rockpixx.com\/wordpress\/category\/acts\/"},"img":{"alt_text":"Sunrise Avenue, 20.06.2011, Kiel, Unser Norden-B\u00fchne","src":"https:\/\/i0.wp.com\/www.rockpixx.com\/wordpress\/wp-content\/uploads\/2013\/01\/20110620-02-sunrise-avenue-Artikel.jpg?resize=350%2C200","width":350,"height":200,"srcset":"https:\/\/i0.wp.com\/www.rockpixx.com\/wordpress\/wp-content\/uploads\/2013\/01\/20110620-02-sunrise-avenue-Artikel.jpg?resize=350%2C200 1x, https:\/\/i0.wp.com\/www.rockpixx.com\/wordpress\/wp-content\/uploads\/2013\/01\/20110620-02-sunrise-avenue-Artikel.jpg?resize=525%2C300 1.5x, https:\/\/i0.wp.com\/www.rockpixx.com\/wordpress\/wp-content\/uploads\/2013\/01\/20110620-02-sunrise-avenue-Artikel.jpg?resize=700%2C400 2x"},"classes":[]},{"id":7742,"url":"http:\/\/www.rockpixx.com\/wordpress\/quo-19-06-2011-kiel-unser-norden-buhne\/","url_meta":{"origin":4670,"position":1},"title":"Quo, 19.06.2011, Kiel, Unser Norden-B\u00fchne","author":"Anja","date":"19. Juni 2011","format":false,"excerpt":"\u201eQuo\u201c aus Hamburg, rockpixx.com und die \u201eKieler Woche\u201c: Drei Dinge, die anscheinend zusammen geh\u00f6ren. Jetzt die vier Musiker also zum vierten Mal in Folge vor unseren Kameras und zum ersten Mal konnte ich w\u00e4hrend des gesamten Gigs hautnah auf der gro\u00dfen \u201eUnser Norden-B\u00fchne\u201c mit den Jungs auf Tuchf\u00fchlung gehen. Zu\u2026","rel":"","context":"In &quot;Acts&quot;","block_context":{"text":"Acts","link":"http:\/\/www.rockpixx.com\/wordpress\/category\/acts\/"},"img":{"alt_text":"Quo, 19.06.2011, Kiel, Unser Norden-B\u00fchne","src":"https:\/\/i0.wp.com\/www.rockpixx.com\/wordpress\/wp-content\/uploads\/2013\/01\/20110619-03-quo-Artikel.jpg?resize=350%2C200","width":350,"height":200,"srcset":"https:\/\/i0.wp.com\/www.rockpixx.com\/wordpress\/wp-content\/uploads\/2013\/01\/20110619-03-quo-Artikel.jpg?resize=350%2C200 1x, https:\/\/i0.wp.com\/www.rockpixx.com\/wordpress\/wp-content\/uploads\/2013\/01\/20110619-03-quo-Artikel.jpg?resize=525%2C300 1.5x, https:\/\/i0.wp.com\/www.rockpixx.com\/wordpress\/wp-content\/uploads\/2013\/01\/20110619-03-quo-Artikel.jpg?resize=700%2C400 2x"},"classes":[]},{"id":4979,"url":"http:\/\/www.rockpixx.com\/wordpress\/polarkreis-18-22-06-2009-kiel-unser-norden-buhne\/","url_meta":{"origin":4670,"position":2},"title":"Polarkreis 18, 22.06.2009, Kiel, Unser Norden-B\u00fchne","author":"Anja","date":"22. Juni 2009","format":false,"excerpt":"\u201eAllein Allein\u201c dudelte die letzen Wochen im Radio rauf und runter, jetzt war ich echt gespannt was \u201ePolarkreis 18\u201c so live drauf hatte. Erst mal hie\u00df es warten, denn irgendwie laufen die Uhren bei manchen Bands anders. Als dann die Jungs entlich auf die B\u00fchne kamen, ging ein Aufkreischen durch\u2026","rel":"","context":"In &quot;Acts&quot;","block_context":{"text":"Acts","link":"http:\/\/www.rockpixx.com\/wordpress\/category\/acts\/"},"img":{"alt_text":"Polarkreis 18, 22.06.2009, Kiel, Unser Norden-B\u00fchne","src":"https:\/\/i0.wp.com\/www.rockpixx.com\/wordpress\/wp-content\/uploads\/2009\/06\/20090622-01-polarkreis-18-Artikel.jpg?resize=350%2C200","width":350,"height":200,"srcset":"https:\/\/i0.wp.com\/www.rockpixx.com\/wordpress\/wp-content\/uploads\/2009\/06\/20090622-01-polarkreis-18-Artikel.jpg?resize=350%2C200 1x, https:\/\/i0.wp.com\/www.rockpixx.com\/wordpress\/wp-content\/uploads\/2009\/06\/20090622-01-polarkreis-18-Artikel.jpg?resize=525%2C300 1.5x, https:\/\/i0.wp.com\/www.rockpixx.com\/wordpress\/wp-content\/uploads\/2009\/06\/20090622-01-polarkreis-18-Artikel.jpg?resize=700%2C400 2x"},"classes":[]},{"id":6734,"url":"http:\/\/www.rockpixx.com\/wordpress\/one-fine-day-22-06-2010-kiel-unser-norden-buhne\/","url_meta":{"origin":4670,"position":3},"title":"One Fine Day, 22.06.2010, Kiel, Unser Norden-B\u00fchne","author":"Anja","date":"22. Juni 2010","format":false,"excerpt":"So heute der zweite Anlauf auf der Unser Norden-B\u00fchne. Hoffentlich ist das Management von \u201eOne Fine Day\u201c vern\u00fcnftiger. Ich kam an der B\u00fchne an und war auch etwas erleichtert, als es hie\u00df, \u201edie Presse darf in den Graben\u201c. Sonst w\u00e4ren heute f\u00fcr Euch nicht so viele Bilder hier online gegangen.\u00a0Die\u2026","rel":"","context":"In &quot;Acts&quot;","block_context":{"text":"Acts","link":"http:\/\/www.rockpixx.com\/wordpress\/category\/acts\/"},"img":{"alt_text":"One Fine Day, 22.06.2010, Kiel, Unser Norden-B\u00fchne","src":"https:\/\/i0.wp.com\/www.rockpixx.com\/wordpress\/wp-content\/uploads\/2013\/01\/20100622-04-one-fine-day-Artikel.jpg?resize=350%2C200","width":350,"height":200,"srcset":"https:\/\/i0.wp.com\/www.rockpixx.com\/wordpress\/wp-content\/uploads\/2013\/01\/20100622-04-one-fine-day-Artikel.jpg?resize=350%2C200 1x, https:\/\/i0.wp.com\/www.rockpixx.com\/wordpress\/wp-content\/uploads\/2013\/01\/20100622-04-one-fine-day-Artikel.jpg?resize=525%2C300 1.5x, https:\/\/i0.wp.com\/www.rockpixx.com\/wordpress\/wp-content\/uploads\/2013\/01\/20100622-04-one-fine-day-Artikel.jpg?resize=700%2C400 2x"},"classes":[]},{"id":5030,"url":"http:\/\/www.rockpixx.com\/wordpress\/stefanie-heinzmann-23-06-2009-kiel-unser-norden-buhne\/","url_meta":{"origin":4670,"position":4},"title":"Stefanie Heinzmann, 23.06.2009, Kiel, Unser Norden-B\u00fchne","author":"Anja","date":"23. Juni 2009","format":false,"excerpt":"\u2026 zum \u2192\u00a0zweiten Mal auf der Kieler Woche vor unseren Linsen und vor deutlich mehr Publikum als am Vorabend \u2192\u00a0\u201ePolarkreis 18\u201c an gleicher Stelle. Bei so einem zierlichen Pers\u00f6nchen war ich wieder sehr beeindruckt von der kraftvollen Rockstimme, die in ihr steckt. P\u00fcnktlich zu Konzertbeginn st\u00fcrmte sie auf die B\u00fchne\u2026","rel":"","context":"In &quot;Acts&quot;","block_context":{"text":"Acts","link":"http:\/\/www.rockpixx.com\/wordpress\/category\/acts\/"},"img":{"alt_text":"Stefanie Heinzmann, 23.06.2009, Kiel, Unser Norden-B\u00fchne","src":"https:\/\/i0.wp.com\/www.rockpixx.com\/wordpress\/wp-content\/uploads\/2013\/01\/20090623-01-stefanie-heinzmann-Artikel.jpg?resize=350%2C200","width":350,"height":200,"srcset":"https:\/\/i0.wp.com\/www.rockpixx.com\/wordpress\/wp-content\/uploads\/2013\/01\/20090623-01-stefanie-heinzmann-Artikel.jpg?resize=350%2C200 1x, https:\/\/i0.wp.com\/www.rockpixx.com\/wordpress\/wp-content\/uploads\/2013\/01\/20090623-01-stefanie-heinzmann-Artikel.jpg?resize=525%2C300 1.5x, https:\/\/i0.wp.com\/www.rockpixx.com\/wordpress\/wp-content\/uploads\/2013\/01\/20090623-01-stefanie-heinzmann-Artikel.jpg?resize=700%2C400 2x"},"classes":[]},{"id":21820,"url":"http:\/\/www.rockpixx.com\/wordpress\/abba-fever-kiel\/","url_meta":{"origin":4670,"position":5},"title":"ABBA Fever, 15.06.2018, Unser Norden-B\u00fchne, Kiel","author":"A. Hahl","date":"16. Juni 2018","format":false,"excerpt":"Was kaum ein Fan zu hoffen gewagt hatte \u2013 nach mehr als 35 Jahren stehen ABBA doch tats\u00e4chlich wieder zusammen im Studio und nehmen ein paar neue Songs auf. Zum Jahresende 2018 wird die Welt wissen, wie die vier Schweden, die Popgeschichte geschrieben haben, nun klingen. F\u00fcr mich eine gute\u2026","rel":"","context":"In &quot;ABBA&quot;","block_context":{"text":"ABBA","link":"http:\/\/www.rockpixx.com\/wordpress\/category\/acts\/tributebands\/abba\/"},"img":{"alt_text":"ABBA Fever, 15.06.2018, Unser Norden B\u00fchne, Kiel","src":"https:\/\/i0.wp.com\/www.rockpixx.com\/wordpress\/wp-content\/uploads\/2018\/06\/20180615-01-009.jpg?resize=350%2C200","width":350,"height":200,"srcset":"https:\/\/i0.wp.com\/www.rockpixx.com\/wordpress\/wp-content\/uploads\/2018\/06\/20180615-01-009.jpg?resize=350%2C200 1x, https:\/\/i0.wp.com\/www.rockpixx.com\/wordpress\/wp-content\/uploads\/2018\/06\/20180615-01-009.jpg?resize=525%2C300 1.5x, https:\/\/i0.wp.com\/www.rockpixx.com\/wordpress\/wp-content\/uploads\/2018\/06\/20180615-01-009.jpg?resize=700%2C400 2x"},"classes":[]}],"jetpack_sharing_enabled":true,"publishpress_future_action":{"enabled":false,"date":"2026-05-06 12:05:07","action":"change-status","newStatus":"draft","terms":[],"taxonomy":"category","extraData":[]},"publishpress_future_workflow_manual_trigger":{"enabledWorkflows":[]},"_links":{"self":[{"href":"http:\/\/www.rockpixx.com\/wordpress\/wp-json\/wp\/v2\/posts\/4670","targetHints":{"allow":["GET"]}}],"collection":[{"href":"http:\/\/www.rockpixx.com\/wordpress\/wp-json\/wp\/v2\/posts"}],"about":[{"href":"http:\/\/www.rockpixx.com\/wordpress\/wp-json\/wp\/v2\/types\/post"}],"author":[{"embeddable":true,"href":"http:\/\/www.rockpixx.com\/wordpress\/wp-json\/wp\/v2\/users\/2"}],"replies":[{"embeddable":true,"href":"http:\/\/www.rockpixx.com\/wordpress\/wp-json\/wp\/v2\/comments?post=4670"}],"version-history":[{"count":0,"href":"http:\/\/www.rockpixx.com\/wordpress\/wp-json\/wp\/v2\/posts\/4670\/revisions"}],"wp:featuredmedia":[{"embeddable":true,"href":"http:\/\/www.rockpixx.com\/wordpress\/wp-json\/wp\/v2\/media\/6145"}],"wp:attachment":[{"href":"http:\/\/www.rockpixx.com\/wordpress\/wp-json\/wp\/v2\/media?parent=4670"}],"wp:term":[{"taxonomy":"category","embeddable":true,"href":"http:\/\/www.rockpixx.com\/wordpress\/wp-json\/wp\/v2\/categories?post=4670"},{"taxonomy":"post_tag","embeddable":true,"href":"http:\/\/www.rockpixx.com\/wordpress\/wp-json\/wp\/v2\/tags?post=4670"}],"curies":[{"name":"wp","href":"https:\/\/api.w.org\/{rel}","templated":true}]}}