{"id":4777,"date":"2009-06-19T03:00:15","date_gmt":"2009-06-19T01:00:15","guid":{"rendered":"http:\/\/rockpixx.com\/wordpress\/?p=4777"},"modified":"2013-01-27T16:14:52","modified_gmt":"2013-01-27T14:14:52","slug":"boney-m-feat-liz-mitchell-19-06-2009-kiel-kieler-woche-musikzelt","status":"publish","type":"post","link":"http:\/\/www.rockpixx.com\/wordpress\/boney-m-feat-liz-mitchell-19-06-2009-kiel-kieler-woche-musikzelt\/","title":{"rendered":"Boney M. feat. Liz Mitchell, 19.06.2009, Kiel, Kieler Woche Musikzelt"},"content":{"rendered":"<p>\u201eBoney M.\u201c \u2013 da war ich ja noch auf dem Weg zwischen Kind und Jugendlichem. Welche \u201eBoney M.\u201c? Nun, dieses Mal die mit dem Zusatz \u201efeat. Liz Mitchell\u201c \u2013 also neue Musiker\/innen plus die ehemalige Leads\u00e4ngerin.\u00a0<!--more--><\/p>\n<p>Die Musik kam sehr routiniert und fehlerfrei aus den Boxen \u2013 vielleicht lag\u2019s daran, dass sie vom Band eingespielt wurde. Zwei Backgrounds\u00e4ngerinnen unterst\u00fctzten derweil Liz Mitchell und beim dritten Song kam ein Enkel von Bobby Farell dazu, guckte genauso intelligent wie der damalige Vort\u00e4nzer und versuchte auch, \u00e4hnliche Bewegungen hinzubekommen.<\/p>\n<p>Fazit: Es gibt Legenden, die sollten welche bleiben.<\/p>\n<p style=\"text-align: right;\">Fotos:\u00a0<a href=\"mailto:info@rockpixx.com?subject=Fotos%20von%20Boney%20M.%20feat.%20Liz%20Mitchell,%20Kiel%20%E2%80%9EKieler%20Woche%20Musikzelt%E2%80%9C,%2019.06.2009\">Alex<\/a>\u00a0| Text:\u00a0<a href=\"mailto:info@rockpixx.com?subject=Reviewtext%20von%20Boney%20M.%20feat.%20Liz%20Mitchell,%20Kiel%20%E2%80%9EKieler%20Woche%20Musikzelt%E2%80%9C,%2019.06.2009\">Alex<\/a><\/p>\n<div class=\"eat-left eat-right\"><div class=\"thumbs-masonry isotope\"><div class=\"isotope-item block-2 block-h-2\"><a href=\"http:\/\/www.rockpixx.com\/wordpress\/wp-content\/uploads\/2013\/01\/20090619-03-003.jpg\" rel=\"prettyPhoto[postgal_4773]\" class=\"show-hover-link block-h-2\"\"><img decoding=\"async\" src=\"http:\/\/www.rockpixx.com\/wordpress\/wp-content\/uploads\/2013\/01\/20090619-03-003-480x400.jpg\" alt=\"Boney M. feat. Liz Mitchell, 19.06.2009, Kiel, Kieler Woche Musikzelt\"\/><span class=\"before\"><\/span><span class=\"after\"><\/span><\/a><\/div><div class=\"isotope-item block-1 block-h-1\"><a href=\"http:\/\/www.rockpixx.com\/wordpress\/wp-content\/uploads\/2013\/01\/20090619-03-031.jpg\" rel=\"prettyPhoto[postgal_4773]\" class=\"show-hover-link block-h-1\"\"><img decoding=\"async\" src=\"http:\/\/www.rockpixx.com\/wordpress\/wp-content\/uploads\/2013\/01\/20090619-03-031-480x400.jpg\" alt=\"Boney M. feat. Liz Mitchell, 19.06.2009, Kiel, Kieler Woche Musikzelt\"\/><span class=\"before\"><\/span><span class=\"after\"><\/span><\/a><\/div><div class=\"isotope-item block-1 block-h-1\"><a href=\"http:\/\/www.rockpixx.com\/wordpress\/wp-content\/uploads\/2013\/01\/20090619-03-034.jpg\" rel=\"prettyPhoto[postgal_4773]\" class=\"show-hover-link block-h-1\"\"><img decoding=\"async\" src=\"http:\/\/www.rockpixx.com\/wordpress\/wp-content\/uploads\/2013\/01\/20090619-03-034-480x400.jpg\" alt=\"Boney M. feat. Liz Mitchell, 19.06.2009, Kiel, Kieler Woche Musikzelt\"\/><span class=\"before\"><\/span><span class=\"after\"><\/span><\/a><\/div><div class=\"isotope-item block-2 block-h-2\"><a href=\"http:\/\/www.rockpixx.com\/wordpress\/wp-content\/uploads\/2013\/01\/20090619-03-058.jpg\" rel=\"prettyPhoto[postgal_4773]\" class=\"show-hover-link block-h-2\"\"><img decoding=\"async\" src=\"http:\/\/www.rockpixx.com\/wordpress\/wp-content\/uploads\/2013\/01\/20090619-03-058-480x400.jpg\" alt=\"Boney M. feat. Liz Mitchell, 19.06.2009, Kiel, Kieler Woche Musikzelt\"\/><span class=\"before\"><\/span><span class=\"after\"><\/span><\/a><\/div><div class=\"isotope-item block-1 block-h-1\"><a href=\"http:\/\/www.rockpixx.com\/wordpress\/wp-content\/uploads\/2013\/01\/20090619-03-078.jpg\" rel=\"prettyPhoto[postgal_4773]\" class=\"show-hover-link block-h-1\"\"><img decoding=\"async\" src=\"http:\/\/www.rockpixx.com\/wordpress\/wp-content\/uploads\/2013\/01\/20090619-03-078-480x400.jpg\" alt=\"Boney M. feat. Liz Mitchell, 19.06.2009, Kiel, Kieler Woche Musikzelt\"\/><span class=\"before\"><\/span><span class=\"after\"><\/span><\/a><\/div><div class=\"isotope-item block-1 block-h-1\"><a href=\"http:\/\/www.rockpixx.com\/wordpress\/wp-content\/uploads\/2013\/01\/20090619-03-083.jpg\" rel=\"prettyPhoto[postgal_4773]\" class=\"show-hover-link block-h-1\"\"><img decoding=\"async\" src=\"http:\/\/www.rockpixx.com\/wordpress\/wp-content\/uploads\/2013\/01\/20090619-03-083-480x400.jpg\" alt=\"Boney M. feat. Liz Mitchell, 19.06.2009, Kiel, Kieler Woche Musikzelt\"\/><span class=\"before\"><\/span><span class=\"after\"><\/span><\/a><\/div><div class=\"isotope-item block-2 block-h-2\"><a href=\"http:\/\/www.rockpixx.com\/wordpress\/wp-content\/uploads\/2013\/01\/20090619-03-088.jpg\" rel=\"prettyPhoto[postgal_4773]\" class=\"show-hover-link block-h-2\"\"><img decoding=\"async\" src=\"http:\/\/www.rockpixx.com\/wordpress\/wp-content\/uploads\/2013\/01\/20090619-03-088-480x400.jpg\" alt=\"Boney M. feat. Liz Mitchell, 19.06.2009, Kiel, Kieler Woche Musikzelt\"\/><span class=\"before\"><\/span><span class=\"after\"><\/span><\/a><\/div><div class=\"isotope-item block-1 block-h-1\"><a href=\"http:\/\/www.rockpixx.com\/wordpress\/wp-content\/uploads\/2013\/01\/20090619-03-101.jpg\" rel=\"prettyPhoto[postgal_4773]\" class=\"show-hover-link block-h-1\"\"><img decoding=\"async\" src=\"http:\/\/www.rockpixx.com\/wordpress\/wp-content\/uploads\/2013\/01\/20090619-03-101-480x400.jpg\" alt=\"Boney M. feat. Liz Mitchell, 19.06.2009, Kiel, Kieler Woche Musikzelt\"\/><span class=\"before\"><\/span><span class=\"after\"><\/span><\/a><\/div><div class=\"isotope-item block-1 block-h-1\"><a href=\"http:\/\/www.rockpixx.com\/wordpress\/wp-content\/uploads\/2013\/01\/20090619-03-123.jpg\" rel=\"prettyPhoto[postgal_4773]\" class=\"show-hover-link block-h-1\"\"><img decoding=\"async\" src=\"http:\/\/www.rockpixx.com\/wordpress\/wp-content\/uploads\/2013\/01\/20090619-03-123-480x400.jpg\" alt=\"Boney M. feat. Liz Mitchell, 19.06.2009, Kiel, Kieler Woche Musikzelt\"\/><span class=\"before\"><\/span><span class=\"after\"><\/span><\/a><\/div><div class=\"isotope-item block-2 block-h-2\"><a href=\"http:\/\/www.rockpixx.com\/wordpress\/wp-content\/uploads\/2013\/01\/20090619-03-129.jpg\" rel=\"prettyPhoto[postgal_4773]\" class=\"show-hover-link block-h-2\"\"><img decoding=\"async\" src=\"http:\/\/www.rockpixx.com\/wordpress\/wp-content\/uploads\/2013\/01\/20090619-03-129-480x400.jpg\" alt=\"Boney M. feat. Liz Mitchell, 19.06.2009, Kiel, Kieler Woche Musikzelt\"\/><span class=\"before\"><\/span><span class=\"after\"><\/span><\/a><\/div><\/div><\/div>\n","protected":false},"excerpt":{"rendered":"<p>\u201eBoney M.\u201c \u2013 da war ich ja noch auf dem Weg zwischen Kind und Jugendlichem. <a href=\"http:\/\/www.rockpixx.com\/wordpress\/boney-m-feat-liz-mitchell-19-06-2009-kiel-kieler-woche-musikzelt\/\">Read more<\/a><\/p>\n","protected":false},"author":2,"featured_media":4778,"comment_status":"open","ping_status":"open","sticky":false,"template":"","format":"standard","meta":{"_jetpack_memberships_contains_paid_content":false,"footnotes":"","jetpack_publicize_message":"","jetpack_publicize_feature_enabled":true,"jetpack_social_post_already_shared":true,"jetpack_social_options":{"image_generator_settings":{"template":"highway","default_image_id":0,"font":"","enabled":false},"version":2}},"categories":[34,425],"tags":[1831,1808,133,1735,138,766],"class_list":["post-4777","post","type-post","status-publish","format-standard","has-post-thumbnail","hentry","category-acts","category-boney-m-feat-liz-mitchell","tag-1831","tag-boney-m-feat-liz-mitchell","tag-festivals","tag-kiel","tag-kieler-woche","tag-kieler-woche-musikzelt"],"aioseo_notices":[],"jetpack_publicize_connections":[],"jetpack_featured_media_url":"http:\/\/www.rockpixx.com\/wordpress\/wp-content\/uploads\/2013\/01\/20090619-03-boneym-Artikel.jpg","jetpack-related-posts":[{"id":15071,"url":"http:\/\/www.rockpixx.com\/wordpress\/boney-m-feat-liz-mitchell-05-06-2014-suedstrand-eckernfoerde-radio-nora-sommer-open-air\/","url_meta":{"origin":4777,"position":0},"title":"Boney M. feat. Liz Mitchell, 05.06.2014, S\u00fcdstrand, Eckernf\u00f6rde, Radio NORA Sommer Open Air","author":"admin","date":"7. Juli 2014","format":false,"excerpt":"\u2192 \u201eBoney M.\u201c kennt der Besucher unserer Seiten ja auch schon. Hier also wieder einmal Liz Mitchell und ihre Mitstreiter in einer Umgebung, die durchaus zu Songs wie \u201eSunny\u201c passt\u2026 Wie bei \u2192 \u201eThe Weather Girls\u201c kommt auch hier die Musik wieder vom Band, aber Liz Mitchell macht eingangs alleine\u2026","rel":"","context":"In &quot;Acts&quot;","block_context":{"text":"Acts","link":"http:\/\/www.rockpixx.com\/wordpress\/category\/acts\/"},"img":{"alt_text":"Boney M. feat. Liz Mitchell, 05.07.2014, Radio NORA Sommer Open Air, S\u00fcdstrand, Eckernf\u00f6rde","src":"https:\/\/i0.wp.com\/www.rockpixx.com\/wordpress\/wp-content\/uploads\/2014\/07\/20140705-03-068_boney-m_Artikel.jpg?resize=350%2C200","width":350,"height":200,"srcset":"https:\/\/i0.wp.com\/www.rockpixx.com\/wordpress\/wp-content\/uploads\/2014\/07\/20140705-03-068_boney-m_Artikel.jpg?resize=350%2C200 1x, https:\/\/i0.wp.com\/www.rockpixx.com\/wordpress\/wp-content\/uploads\/2014\/07\/20140705-03-068_boney-m_Artikel.jpg?resize=525%2C300 1.5x, https:\/\/i0.wp.com\/www.rockpixx.com\/wordpress\/wp-content\/uploads\/2014\/07\/20140705-03-068_boney-m_Artikel.jpg?resize=700%2C400 2x"},"classes":[]},{"id":18280,"url":"http:\/\/www.rockpixx.com\/wordpress\/red-hot-chilli-pipers-20-06-2015-kieler-woche-kieler-woche-musikzelt-kiel\/","url_meta":{"origin":4777,"position":1},"title":"Red Hot Chilli Pipers, 20.06.2015, Kieler Woche, Kieler Woche Musikzelt, Kiel","author":"Anja","date":"21. Juni 2015","format":false,"excerpt":"K\u00e4men \u201eZZ Top\u201c aus Schottland, dann w\u00fcrden sie vielleicht auch so \u00e4hnlich klingen und aussehen. So aber kommen sie aus Texas, m\u00fcssen so komische H\u00fcte tragen und spielen lediglich Saiteninstrumente. Um wieviel sch\u00f6ner deren Musik doch klingen kann, wenn sie aus Dudels\u00e4cken erklingt, das kann ich hier im Kieler Woche\u2026","rel":"","context":"In &quot;Acts&quot;","block_context":{"text":"Acts","link":"http:\/\/www.rockpixx.com\/wordpress\/category\/acts\/"},"img":{"alt_text":"Red Hot Chillli Pipers, 20.06.2015, Kieler Woche Musikzelt, Kiel","src":"https:\/\/i0.wp.com\/www.rockpixx.com\/wordpress\/wp-content\/uploads\/2015\/06\/20150620-04-003_rhcp_Artikel.jpg?resize=350%2C200","width":350,"height":200,"srcset":"https:\/\/i0.wp.com\/www.rockpixx.com\/wordpress\/wp-content\/uploads\/2015\/06\/20150620-04-003_rhcp_Artikel.jpg?resize=350%2C200 1x, https:\/\/i0.wp.com\/www.rockpixx.com\/wordpress\/wp-content\/uploads\/2015\/06\/20150620-04-003_rhcp_Artikel.jpg?resize=525%2C300 1.5x, https:\/\/i0.wp.com\/www.rockpixx.com\/wordpress\/wp-content\/uploads\/2015\/06\/20150620-04-003_rhcp_Artikel.jpg?resize=700%2C400 2x"},"classes":[]},{"id":5071,"url":"http:\/\/www.rockpixx.com\/wordpress\/dj-otzi-23-06-2009-kiel-kieler-woche-musikzelt\/","url_meta":{"origin":4777,"position":2},"title":"DJ \u00d6tzi, 23.06.2009, Kiel, Kieler Woche Musikzelt","author":"Anja","date":"23. Juni 2009","format":false,"excerpt":"Wer kennt ihn nicht, den \u201eAnton aus Tirol\u201c? Anscheinend nur wenige, dann das Musikzelt war gerammelt voll, der Vorplatz ebenso und das Gel\u00e4nde war abgesperrt, um weitere Massen fernzuhalten. Und DJ \u00d6zti erweist sich von Beginn an im positiven Sinne als wahre \u201eRampensau\u201c: Selten habe ich es erlebt, dass ein\u2026","rel":"","context":"In &quot;Acts&quot;","block_context":{"text":"Acts","link":"http:\/\/www.rockpixx.com\/wordpress\/category\/acts\/"},"img":{"alt_text":"DJ \u00d6tzi, 23.06.2009, Kiel, Kieler Woche Musikzelt","src":"https:\/\/i0.wp.com\/www.rockpixx.com\/wordpress\/wp-content\/uploads\/2013\/01\/20090623-03-dj-oetzi-Artikel.jpg?resize=350%2C200","width":350,"height":200,"srcset":"https:\/\/i0.wp.com\/www.rockpixx.com\/wordpress\/wp-content\/uploads\/2013\/01\/20090623-03-dj-oetzi-Artikel.jpg?resize=350%2C200 1x, https:\/\/i0.wp.com\/www.rockpixx.com\/wordpress\/wp-content\/uploads\/2013\/01\/20090623-03-dj-oetzi-Artikel.jpg?resize=525%2C300 1.5x, https:\/\/i0.wp.com\/www.rockpixx.com\/wordpress\/wp-content\/uploads\/2013\/01\/20090623-03-dj-oetzi-Artikel.jpg?resize=700%2C400 2x"},"classes":[]},{"id":6375,"url":"http:\/\/www.rockpixx.com\/wordpress\/ukw-18-06-2010-kiel-kieler-woche-musikzelt\/","url_meta":{"origin":4777,"position":3},"title":"UKW, 18.06.2010, Kiel, Kieler Woche Musikzelt","author":"Anja","date":"18. Juni 2010","format":false,"excerpt":"Von UKW ist nur noch Peter Hubert \u00fcbriggeblieben aber das ist ja auch die entscheidende Stimme \u2013 der Rest kommt ohnehin von \u2192\u00a0\u201eRockpirat\u201c. Kurzgefasstes Fazit: Wie schon bei \u2192\u00a0Markus viel Spa\u00df, viel Power und auch hier einige Adaptionen fremder Songs. Der Knaller schlechthin an diesem Abend ist dabei (nat\u00fcrlich) der\u2026","rel":"","context":"In &quot;Acts&quot;","block_context":{"text":"Acts","link":"http:\/\/www.rockpixx.com\/wordpress\/category\/acts\/"},"img":{"alt_text":"UKW, 18.06.2010, Kiel, Kieler Woche Musikzelt","src":"https:\/\/i0.wp.com\/www.rockpixx.com\/wordpress\/wp-content\/uploads\/2013\/01\/20100618-07-ukw-Artikel.jpg?resize=350%2C200","width":350,"height":200,"srcset":"https:\/\/i0.wp.com\/www.rockpixx.com\/wordpress\/wp-content\/uploads\/2013\/01\/20100618-07-ukw-Artikel.jpg?resize=350%2C200 1x, https:\/\/i0.wp.com\/www.rockpixx.com\/wordpress\/wp-content\/uploads\/2013\/01\/20100618-07-ukw-Artikel.jpg?resize=525%2C300 1.5x, https:\/\/i0.wp.com\/www.rockpixx.com\/wordpress\/wp-content\/uploads\/2013\/01\/20100618-07-ukw-Artikel.jpg?resize=700%2C400 2x"},"classes":[]},{"id":8623,"url":"http:\/\/www.rockpixx.com\/wordpress\/falco-the-show-21-06-2012-kiel-kieler-woche-musikzelt\/","url_meta":{"origin":4777,"position":4},"title":"Falco The Show, 21.06.2012, Kiel, Kieler Woche Musikzelt","author":"Anja","date":"21. Juni 2012","format":false,"excerpt":"Eigentlich sollte ich mich ja langsam daran gew\u00f6hnt haben, dass die Crew im \u201eMusikzelt\u201c es nie auf die Reihe bekommt, einen Gig p\u00fcnktlich beginnen zu lassen \u2013 selbst dann nicht, wenn schon 15 Minuten vor dem eigentlichen Beginn alles steht und der Soundcheck durchgelaufen ist\u2026 Vielleicht ist das mit ein\u2026","rel":"","context":"In &quot;Acts&quot;","block_context":{"text":"Acts","link":"http:\/\/www.rockpixx.com\/wordpress\/category\/acts\/"},"img":{"alt_text":"Falco The Show, 21.06.2012, Kiel, Kieler Woche Musikzelt","src":"https:\/\/i0.wp.com\/www.rockpixx.com\/wordpress\/wp-content\/uploads\/2013\/02\/20120621-03-falco-the-show-Artikel.jpg?resize=350%2C200","width":350,"height":200,"srcset":"https:\/\/i0.wp.com\/www.rockpixx.com\/wordpress\/wp-content\/uploads\/2013\/02\/20120621-03-falco-the-show-Artikel.jpg?resize=350%2C200 1x, https:\/\/i0.wp.com\/www.rockpixx.com\/wordpress\/wp-content\/uploads\/2013\/02\/20120621-03-falco-the-show-Artikel.jpg?resize=525%2C300 1.5x, https:\/\/i0.wp.com\/www.rockpixx.com\/wordpress\/wp-content\/uploads\/2013\/02\/20120621-03-falco-the-show-Artikel.jpg?resize=700%2C400 2x"},"classes":[]},{"id":6751,"url":"http:\/\/www.rockpixx.com\/wordpress\/wohnraumhelden-22-06-2010-kiel-kieler-woche-musikzelt\/","url_meta":{"origin":4777,"position":5},"title":"Wohnraumhelden, 22.06.2010, Kiel, Kieler Woche Musikzelt","author":"Anja","date":"22. Juni 2010","format":false,"excerpt":"\u201eWir sind Wohnraumhelden und kommen aus Hannover Slash Linden. Wir treten ein f\u00fcr die Verbesserung der Welt.\u201c \u2013 Und dann folgt ein Song mit dem Titel \u201eFleischsalat\u201c! Tja\u2026 was soll man dann noch machen, wenn man beinahe vor Lachen auf dem Boden liegt? Vor allem dann, wenn nach dem Song\u2026","rel":"","context":"In &quot;Acts&quot;","block_context":{"text":"Acts","link":"http:\/\/www.rockpixx.com\/wordpress\/category\/acts\/"},"img":{"alt_text":"Wohnraumhelden, 22.06.2010, Kiel, Kieler Woche Musikzelt","src":"https:\/\/i0.wp.com\/www.rockpixx.com\/wordpress\/wp-content\/uploads\/2013\/01\/20100622-05-wohnraumhelden-Artikel.jpg?resize=350%2C200","width":350,"height":200,"srcset":"https:\/\/i0.wp.com\/www.rockpixx.com\/wordpress\/wp-content\/uploads\/2013\/01\/20100622-05-wohnraumhelden-Artikel.jpg?resize=350%2C200 1x, https:\/\/i0.wp.com\/www.rockpixx.com\/wordpress\/wp-content\/uploads\/2013\/01\/20100622-05-wohnraumhelden-Artikel.jpg?resize=525%2C300 1.5x, https:\/\/i0.wp.com\/www.rockpixx.com\/wordpress\/wp-content\/uploads\/2013\/01\/20100622-05-wohnraumhelden-Artikel.jpg?resize=700%2C400 2x"},"classes":[]}],"jetpack_sharing_enabled":true,"publishpress_future_action":{"enabled":false,"date":"2026-05-07 07:45:51","action":"change-status","newStatus":"draft","terms":[],"taxonomy":"category","extraData":[]},"publishpress_future_workflow_manual_trigger":{"enabledWorkflows":[]},"_links":{"self":[{"href":"http:\/\/www.rockpixx.com\/wordpress\/wp-json\/wp\/v2\/posts\/4777","targetHints":{"allow":["GET"]}}],"collection":[{"href":"http:\/\/www.rockpixx.com\/wordpress\/wp-json\/wp\/v2\/posts"}],"about":[{"href":"http:\/\/www.rockpixx.com\/wordpress\/wp-json\/wp\/v2\/types\/post"}],"author":[{"embeddable":true,"href":"http:\/\/www.rockpixx.com\/wordpress\/wp-json\/wp\/v2\/users\/2"}],"replies":[{"embeddable":true,"href":"http:\/\/www.rockpixx.com\/wordpress\/wp-json\/wp\/v2\/comments?post=4777"}],"version-history":[{"count":0,"href":"http:\/\/www.rockpixx.com\/wordpress\/wp-json\/wp\/v2\/posts\/4777\/revisions"}],"wp:featuredmedia":[{"embeddable":true,"href":"http:\/\/www.rockpixx.com\/wordpress\/wp-json\/wp\/v2\/media\/4778"}],"wp:attachment":[{"href":"http:\/\/www.rockpixx.com\/wordpress\/wp-json\/wp\/v2\/media?parent=4777"}],"wp:term":[{"taxonomy":"category","embeddable":true,"href":"http:\/\/www.rockpixx.com\/wordpress\/wp-json\/wp\/v2\/categories?post=4777"},{"taxonomy":"post_tag","embeddable":true,"href":"http:\/\/www.rockpixx.com\/wordpress\/wp-json\/wp\/v2\/tags?post=4777"}],"curies":[{"name":"wp","href":"https:\/\/api.w.org\/{rel}","templated":true}]}}