{"id":4793,"date":"2009-06-19T04:00:40","date_gmt":"2009-06-19T02:00:40","guid":{"rendered":"http:\/\/rockpixx.com\/wordpress\/?p=4793"},"modified":"2013-01-27T16:14:26","modified_gmt":"2013-01-27T14:14:26","slug":"quo-19-06-2009-kiel-unser-norden-buhne","status":"publish","type":"post","link":"http:\/\/www.rockpixx.com\/wordpress\/quo-19-06-2009-kiel-unser-norden-buhne\/","title":{"rendered":"Quo, 19.06.2009, Kiel, Unser Norden-B\u00fchne"},"content":{"rendered":"<p>Den zweiten Gig dieses Abends bestritten \u201eQuo\u201c ein Coverband aus Hamburg, die sich der Musik von Status Quo verschrieben haben. <!--more-->Leider lie\u00dfen sich die Zuschauer nur schwer aus ihren trockenen Unterst\u00e4nden vor die B\u00fchne locken, da es wieder \u2013 wie schon so oft an diesem Abend \u2013 aus K\u00fcbeln goss. Aber nach den ersten beiden Liedern fing sich doch der Platz vor der B\u00fchne an zu f\u00fcllen.<\/p>\n<p>Die Musiker steckten ihr Publikum mit viel Spielfreude an und immer \u00f6fters h\u00f6rte ich Songw\u00fcnsche aus dem Publikum hinter mir. Dieser Gig war f\u00fcr mich pers\u00f6nlich ganz ungewohnt, weil ich den Graben vor der B\u00fchne f\u00fcr mich ganz allein hatte. Den \u201eKollegen\u201c der Presse ist damit ein sehr gutes Konzert entgangen und sie sollen den Musikern ruhig mehr Aufmerksamkeit schenken, denn \u201enur\u201c weil man sich der Musik eines gro\u00dfen Vorbildes verschrieben hat, ist man als Musiker nicht zweitklassig. Eher im Gegenteil, die Musiker von \u201eQuo\u201c haben mit ihrem Auftritt Ihren gro\u00dfen Vorbildern alle Ehre gemacht \u2013 wie schon bei der \u2192\u00a0<a title=\"Quo, 21.06.2008, Kiel, HSH Nordbank-B\u00fchne\" href=\"http:\/\/rockpixx.com\/wordpress\/?p=2517\">letztj\u00e4hrigen Kieler Woche<\/a>. Und gerade weil wir erst <a title=\"Status Quo, 13.06.2009, M\u00fchldorf am Inn, Trabrennbahn\" href=\"http:\/\/rockpixx.com\/wordpress\/?p=2997\">\u2192\u00a0f\u00fcnf Tage zuvor die Originale<\/a> (mit mittlerweile deutlich k\u00fcrzeren Haaren) vor den Kameras hatten, lie\u00dfen sich die beiden Bands gut vergleichen.<\/p>\n<p style=\"text-align: right;\">Fotos:\u00a0<a href=\"mailto:a.roselt@rockpixx.com?subject=Fotos%20von%20Quo,%20Kiel%20%E2%80%9EUnser%20Norden-B%C3%BChne%E2%80%9C,%2019.06.2009\">Anja<\/a>\u00a0| Text:\u00a0<a href=\"mailto:a.roselt@rockpixx.com?subject=Reviewtext%20von%20Quo,%20Kiel%20%E2%80%9EUnser%20Norden-B%C3%BChne%E2%80%9C,%2019.06.2009\">Anja<\/a><\/p>\n<p style=\"text-align: left;\"><div class=\"eat-left eat-right\"><div class=\"thumbs-masonry isotope\"><div class=\"isotope-item block-2 block-h-2\"><a href=\"http:\/\/www.rockpixx.com\/wordpress\/wp-content\/uploads\/2013\/01\/20090619-04-011.jpg\" rel=\"prettyPhoto[postgal_4795]\" class=\"show-hover-link block-h-2\"\"><img decoding=\"async\" src=\"http:\/\/www.rockpixx.com\/wordpress\/wp-content\/uploads\/2013\/01\/20090619-04-011-480x400.jpg\" alt=\"Quo, 19.06.2009, Kiel, Unser Norden-B\u00fchne\"\/><span class=\"before\"><\/span><span class=\"after\"><\/span><\/a><\/div><div class=\"isotope-item block-1 block-h-1\"><a href=\"http:\/\/www.rockpixx.com\/wordpress\/wp-content\/uploads\/2013\/01\/20090619-04-021.jpg\" rel=\"prettyPhoto[postgal_4795]\" class=\"show-hover-link block-h-1\"\"><img decoding=\"async\" src=\"http:\/\/www.rockpixx.com\/wordpress\/wp-content\/uploads\/2013\/01\/20090619-04-021-480x400.jpg\" alt=\"Quo, 19.06.2009, Kiel, Unser Norden-B\u00fchne\"\/><span class=\"before\"><\/span><span class=\"after\"><\/span><\/a><\/div><div class=\"isotope-item block-1 block-h-1\"><a href=\"http:\/\/www.rockpixx.com\/wordpress\/wp-content\/uploads\/2013\/01\/20090619-04-028.jpg\" rel=\"prettyPhoto[postgal_4795]\" class=\"show-hover-link block-h-1\"\"><img decoding=\"async\" src=\"http:\/\/www.rockpixx.com\/wordpress\/wp-content\/uploads\/2013\/01\/20090619-04-028-480x400.jpg\" alt=\"Quo, 19.06.2009, Kiel, Unser Norden-B\u00fchne\"\/><span class=\"before\"><\/span><span class=\"after\"><\/span><\/a><\/div><div class=\"isotope-item block-2 block-h-2\"><a href=\"http:\/\/www.rockpixx.com\/wordpress\/wp-content\/uploads\/2013\/01\/20090619-04-032.jpg\" rel=\"prettyPhoto[postgal_4795]\" class=\"show-hover-link block-h-2\"\"><img decoding=\"async\" src=\"http:\/\/www.rockpixx.com\/wordpress\/wp-content\/uploads\/2013\/01\/20090619-04-032-480x400.jpg\" alt=\"Quo, 19.06.2009, Kiel, Unser Norden-B\u00fchne\"\/><span class=\"before\"><\/span><span class=\"after\"><\/span><\/a><\/div><div class=\"isotope-item block-1 block-h-1\"><a href=\"http:\/\/www.rockpixx.com\/wordpress\/wp-content\/uploads\/2013\/01\/20090619-04-042.jpg\" rel=\"prettyPhoto[postgal_4795]\" class=\"show-hover-link block-h-1\"\"><img decoding=\"async\" src=\"http:\/\/www.rockpixx.com\/wordpress\/wp-content\/uploads\/2013\/01\/20090619-04-042-480x400.jpg\" alt=\"Quo, 19.06.2009, Kiel, Unser Norden-B\u00fchne\"\/><span class=\"before\"><\/span><span class=\"after\"><\/span><\/a><\/div><div class=\"isotope-item block-1 block-h-1\"><a href=\"http:\/\/www.rockpixx.com\/wordpress\/wp-content\/uploads\/2013\/01\/20090619-04-047.jpg\" rel=\"prettyPhoto[postgal_4795]\" class=\"show-hover-link block-h-1\"\"><img decoding=\"async\" src=\"http:\/\/www.rockpixx.com\/wordpress\/wp-content\/uploads\/2013\/01\/20090619-04-047-480x400.jpg\" alt=\"Quo, 19.06.2009, Kiel, Unser Norden-B\u00fchne\"\/><span class=\"before\"><\/span><span class=\"after\"><\/span><\/a><\/div><div class=\"isotope-item block-2 block-h-2\"><a href=\"http:\/\/www.rockpixx.com\/wordpress\/wp-content\/uploads\/2013\/01\/20090619-04-054.jpg\" rel=\"prettyPhoto[postgal_4795]\" class=\"show-hover-link block-h-2\"\"><img decoding=\"async\" src=\"http:\/\/www.rockpixx.com\/wordpress\/wp-content\/uploads\/2013\/01\/20090619-04-054-480x400.jpg\" alt=\"Quo, 19.06.2009, Kiel, Unser Norden-B\u00fchne\"\/><span class=\"before\"><\/span><span class=\"after\"><\/span><\/a><\/div><div class=\"isotope-item block-1 block-h-1\"><a href=\"http:\/\/www.rockpixx.com\/wordpress\/wp-content\/uploads\/2013\/01\/20090619-04-068.jpg\" rel=\"prettyPhoto[postgal_4795]\" class=\"show-hover-link block-h-1\"\"><img decoding=\"async\" src=\"http:\/\/www.rockpixx.com\/wordpress\/wp-content\/uploads\/2013\/01\/20090619-04-068-480x400.jpg\" alt=\"Quo, 19.06.2009, Kiel, Unser Norden-B\u00fchne\"\/><span class=\"before\"><\/span><span class=\"after\"><\/span><\/a><\/div><div class=\"isotope-item block-1 block-h-1\"><a href=\"http:\/\/www.rockpixx.com\/wordpress\/wp-content\/uploads\/2013\/01\/20090619-04-081.jpg\" rel=\"prettyPhoto[postgal_4795]\" class=\"show-hover-link block-h-1\"\"><img decoding=\"async\" src=\"http:\/\/www.rockpixx.com\/wordpress\/wp-content\/uploads\/2013\/01\/20090619-04-081-480x400.jpg\" alt=\"Quo, 19.06.2009, Kiel, Unser Norden-B\u00fchne\"\/><span class=\"before\"><\/span><span class=\"after\"><\/span><\/a><\/div><div class=\"isotope-item block-2 block-h-2\"><a href=\"http:\/\/www.rockpixx.com\/wordpress\/wp-content\/uploads\/2013\/01\/20090619-04-085.jpg\" rel=\"prettyPhoto[postgal_4795]\" class=\"show-hover-link block-h-2\"\"><img decoding=\"async\" src=\"http:\/\/www.rockpixx.com\/wordpress\/wp-content\/uploads\/2013\/01\/20090619-04-085-480x400.jpg\" alt=\"Quo, 19.06.2009, Kiel, Unser Norden-B\u00fchne\"\/><span class=\"before\"><\/span><span class=\"after\"><\/span><\/a><\/div><\/div><\/div><\/p>\n","protected":false},"excerpt":{"rendered":"<p>Den zweiten Gig dieses Abends bestritten \u201eQuo\u201c ein Coverband aus Hamburg, die sich der Musik <a href=\"http:\/\/www.rockpixx.com\/wordpress\/quo-19-06-2009-kiel-unser-norden-buhne\/\">Read more<\/a><\/p>\n","protected":false},"author":2,"featured_media":4794,"comment_status":"open","ping_status":"open","sticky":false,"template":"","format":"standard","meta":{"_jetpack_memberships_contains_paid_content":false,"footnotes":"","jetpack_publicize_message":"","jetpack_publicize_feature_enabled":true,"jetpack_social_post_already_shared":true,"jetpack_social_options":{"image_generator_settings":{"template":"highway","default_image_id":0,"font":"","enabled":false},"version":2}},"categories":[34,374,1643,5],"tags":[1831,133,1735,138,1773,218,328],"class_list":["post-4793","post","type-post","status-publish","format-standard","has-post-thumbnail","hentry","category-acts","category-quo","category-status-quo-tribute","category-tributebands","tag-1831","tag-festivals","tag-kiel","tag-kieler-woche","tag-quo","tag-status-quo","tag-unser-norden-buhne"],"aioseo_notices":[],"jetpack_publicize_connections":[],"jetpack_featured_media_url":"http:\/\/www.rockpixx.com\/wordpress\/wp-content\/uploads\/2013\/01\/20090619-04-quo-Artikel.jpg","jetpack-related-posts":[{"id":7742,"url":"http:\/\/www.rockpixx.com\/wordpress\/quo-19-06-2011-kiel-unser-norden-buhne\/","url_meta":{"origin":4793,"position":0},"title":"Quo, 19.06.2011, Kiel, Unser Norden-B\u00fchne","author":"Anja","date":"19. Juni 2011","format":false,"excerpt":"\u201eQuo\u201c aus Hamburg, rockpixx.com und die \u201eKieler Woche\u201c: Drei Dinge, die anscheinend zusammen geh\u00f6ren. Jetzt die vier Musiker also zum vierten Mal in Folge vor unseren Kameras und zum ersten Mal konnte ich w\u00e4hrend des gesamten Gigs hautnah auf der gro\u00dfen \u201eUnser Norden-B\u00fchne\u201c mit den Jungs auf Tuchf\u00fchlung gehen. Zu\u2026","rel":"","context":"In &quot;Acts&quot;","block_context":{"text":"Acts","link":"http:\/\/www.rockpixx.com\/wordpress\/category\/acts\/"},"img":{"alt_text":"Quo, 19.06.2011, Kiel, Unser Norden-B\u00fchne","src":"https:\/\/i0.wp.com\/www.rockpixx.com\/wordpress\/wp-content\/uploads\/2013\/01\/20110619-03-quo-Artikel.jpg?resize=350%2C200","width":350,"height":200,"srcset":"https:\/\/i0.wp.com\/www.rockpixx.com\/wordpress\/wp-content\/uploads\/2013\/01\/20110619-03-quo-Artikel.jpg?resize=350%2C200 1x, https:\/\/i0.wp.com\/www.rockpixx.com\/wordpress\/wp-content\/uploads\/2013\/01\/20110619-03-quo-Artikel.jpg?resize=525%2C300 1.5x, https:\/\/i0.wp.com\/www.rockpixx.com\/wordpress\/wp-content\/uploads\/2013\/01\/20110619-03-quo-Artikel.jpg?resize=700%2C400 2x"},"classes":[]},{"id":6866,"url":"http:\/\/www.rockpixx.com\/wordpress\/milow-24-06-2010-kiel-unser-norden-buhne\/","url_meta":{"origin":4793,"position":1},"title":"Milow, 24.06.2010, Kiel, Unser Norden-B\u00fchne","author":"Anja","date":"24. Juni 2010","format":false,"excerpt":"Heute stand f\u00fcr mich Milow auf dem Programm. Den ersten \u201eSchock\u201c bekam ich, als ich die Menschenmassen sah, das bedeutete f\u00fcr mich nach dem Fotografieren ein \u201eSchwimmen in der Sardinenb\u00fcchse\u201c. Aber der Reihe nach\u2026 Vor dem Gig hatte ich noch etwas Zeit und konnte mich getrost noch etwas umsehen. Viele\u2026","rel":"","context":"In &quot;Acts&quot;","block_context":{"text":"Acts","link":"http:\/\/www.rockpixx.com\/wordpress\/category\/acts\/"},"img":{"alt_text":"Milow, 24.06.2010, Kiel, Unser Norden-B\u00fchne","src":"https:\/\/i0.wp.com\/www.rockpixx.com\/wordpress\/wp-content\/uploads\/2013\/01\/20100624-02-milow-Artikel.jpg?resize=350%2C200","width":350,"height":200,"srcset":"https:\/\/i0.wp.com\/www.rockpixx.com\/wordpress\/wp-content\/uploads\/2013\/01\/20100624-02-milow-Artikel.jpg?resize=350%2C200 1x, https:\/\/i0.wp.com\/www.rockpixx.com\/wordpress\/wp-content\/uploads\/2013\/01\/20100624-02-milow-Artikel.jpg?resize=525%2C300 1.5x, https:\/\/i0.wp.com\/www.rockpixx.com\/wordpress\/wp-content\/uploads\/2013\/01\/20100624-02-milow-Artikel.jpg?resize=700%2C400 2x"},"classes":[]},{"id":6297,"url":"http:\/\/www.rockpixx.com\/wordpress\/fischer-z-18-06-2010-kiel-unser-norden-buhne\/","url_meta":{"origin":4793,"position":2},"title":"Fischer Z, 18.06.2010, Kiel, Unser Norden-B\u00fchne","author":"Anja","date":"18. Juni 2010","format":false,"excerpt":"Fischer Z \u2026 New Wave Kult aus den 80 Jahren \u2026 sind mein diesj\u00e4hriger Opener der Kieler Woche. Schon beim Soundcheck ging\u2019s laut aber auch lustig zu. Von der Originalbesetzung ist nur noch John Watts dabei, dies tat der Stimmung aber keinen Abbruch. Der Platz vor der B\u00fchne war proppenvoll\u2026","rel":"","context":"In &quot;Acts&quot;","block_context":{"text":"Acts","link":"http:\/\/www.rockpixx.com\/wordpress\/category\/acts\/"},"img":{"alt_text":"Fischer Z, 18.06.2010, Kiel, Unser Norden-B\u00fchne","src":"https:\/\/i0.wp.com\/www.rockpixx.com\/wordpress\/wp-content\/uploads\/2013\/01\/20100618-02-fischer-z-Artikel.jpg?resize=350%2C200","width":350,"height":200,"srcset":"https:\/\/i0.wp.com\/www.rockpixx.com\/wordpress\/wp-content\/uploads\/2013\/01\/20100618-02-fischer-z-Artikel.jpg?resize=350%2C200 1x, https:\/\/i0.wp.com\/www.rockpixx.com\/wordpress\/wp-content\/uploads\/2013\/01\/20100618-02-fischer-z-Artikel.jpg?resize=525%2C300 1.5x, https:\/\/i0.wp.com\/www.rockpixx.com\/wordpress\/wp-content\/uploads\/2013\/01\/20100618-02-fischer-z-Artikel.jpg?resize=700%2C400 2x"},"classes":[]},{"id":2517,"url":"http:\/\/www.rockpixx.com\/wordpress\/quo-status-quo-21-06-2008-kiel-hsh-nordbank-buhne\/","url_meta":{"origin":4793,"position":3},"title":"Quo, 21.06.2008, Kiel, HSH Nordbank-B\u00fchne","author":"Anja","date":"21. Juni 2008","format":false,"excerpt":"Letztmaliger Szenenwechsel an diesem Abend \u2013 zur\u00fcck zur B\u00fchne auf dem Rathausplatz\u2026 Hier spielen Quo aus Hamburg \u2013 wie der Name schon vermuten l\u00e4sst, eine Tributeband von Status Quo. Genauso rumpelig und voller Spielfreude wie die Originale rocken die Jungs das Kieler Rathaus in Grund und Boden.\u00a0Spa\u00df haben sie mit\u2026","rel":"","context":"In &quot;Acts&quot;","block_context":{"text":"Acts","link":"http:\/\/www.rockpixx.com\/wordpress\/category\/acts\/"},"img":{"alt_text":"Quo, 21.06.2008, Kiel, HSH Nordbank-B\u00fchne","src":"https:\/\/i0.wp.com\/www.rockpixx.com\/wordpress\/wp-content\/uploads\/2008\/06\/20080621-04-quo-Artikel.jpg?resize=350%2C200","width":350,"height":200,"srcset":"https:\/\/i0.wp.com\/www.rockpixx.com\/wordpress\/wp-content\/uploads\/2008\/06\/20080621-04-quo-Artikel.jpg?resize=350%2C200 1x, https:\/\/i0.wp.com\/www.rockpixx.com\/wordpress\/wp-content\/uploads\/2008\/06\/20080621-04-quo-Artikel.jpg?resize=525%2C300 1.5x, https:\/\/i0.wp.com\/www.rockpixx.com\/wordpress\/wp-content\/uploads\/2008\/06\/20080621-04-quo-Artikel.jpg?resize=700%2C400 2x"},"classes":[]},{"id":6734,"url":"http:\/\/www.rockpixx.com\/wordpress\/one-fine-day-22-06-2010-kiel-unser-norden-buhne\/","url_meta":{"origin":4793,"position":4},"title":"One Fine Day, 22.06.2010, Kiel, Unser Norden-B\u00fchne","author":"Anja","date":"22. Juni 2010","format":false,"excerpt":"So heute der zweite Anlauf auf der Unser Norden-B\u00fchne. Hoffentlich ist das Management von \u201eOne Fine Day\u201c vern\u00fcnftiger. Ich kam an der B\u00fchne an und war auch etwas erleichtert, als es hie\u00df, \u201edie Presse darf in den Graben\u201c. Sonst w\u00e4ren heute f\u00fcr Euch nicht so viele Bilder hier online gegangen.\u00a0Die\u2026","rel":"","context":"In &quot;Acts&quot;","block_context":{"text":"Acts","link":"http:\/\/www.rockpixx.com\/wordpress\/category\/acts\/"},"img":{"alt_text":"One Fine Day, 22.06.2010, Kiel, Unser Norden-B\u00fchne","src":"https:\/\/i0.wp.com\/www.rockpixx.com\/wordpress\/wp-content\/uploads\/2013\/01\/20100622-04-one-fine-day-Artikel.jpg?resize=350%2C200","width":350,"height":200,"srcset":"https:\/\/i0.wp.com\/www.rockpixx.com\/wordpress\/wp-content\/uploads\/2013\/01\/20100622-04-one-fine-day-Artikel.jpg?resize=350%2C200 1x, https:\/\/i0.wp.com\/www.rockpixx.com\/wordpress\/wp-content\/uploads\/2013\/01\/20100622-04-one-fine-day-Artikel.jpg?resize=525%2C300 1.5x, https:\/\/i0.wp.com\/www.rockpixx.com\/wordpress\/wp-content\/uploads\/2013\/01\/20100622-04-one-fine-day-Artikel.jpg?resize=700%2C400 2x"},"classes":[]},{"id":20208,"url":"http:\/\/www.rockpixx.com\/wordpress\/quo-18-06-2016-hoern-buehne-kieler-woche-kiel\/","url_meta":{"origin":4793,"position":5},"title":"Quo, 18.06.2016, H\u00f6rn-B\u00fchne, Kieler Woche, Kiel","author":"A. Hahl","date":"18. Juni 2016","format":false,"excerpt":"F\u00fcr die Einen ist es Rockmusik, f\u00fcr die Anderen Boogie und wiederum Andere bem\u00e4ngeln, dass es ohnehin nur die immer gleichen drei Akkorde sind. Dieses Ph\u00e4nomen hat die Wissenschaft auf den Plan gerufen und sie hat nach einigen Jahrzehnten intensiver Forschung einen lateinischen Namen daf\u00fcr gefunden: \u2192 \u201eStatus Quo\u201c. In\u2026","rel":"","context":"In &quot;Acts&quot;","block_context":{"text":"Acts","link":"http:\/\/www.rockpixx.com\/wordpress\/category\/acts\/"},"img":{"alt_text":"Quo, 18.06.2016, Kiel, Kieler Woche, H\u00f6rnb\u00fchne","src":"https:\/\/i0.wp.com\/www.rockpixx.com\/wordpress\/wp-content\/uploads\/2016\/06\/20160618-01-039.jpg?resize=350%2C200","width":350,"height":200,"srcset":"https:\/\/i0.wp.com\/www.rockpixx.com\/wordpress\/wp-content\/uploads\/2016\/06\/20160618-01-039.jpg?resize=350%2C200 1x, https:\/\/i0.wp.com\/www.rockpixx.com\/wordpress\/wp-content\/uploads\/2016\/06\/20160618-01-039.jpg?resize=525%2C300 1.5x, https:\/\/i0.wp.com\/www.rockpixx.com\/wordpress\/wp-content\/uploads\/2016\/06\/20160618-01-039.jpg?resize=700%2C400 2x"},"classes":[]}],"jetpack_sharing_enabled":true,"publishpress_future_action":{"enabled":false,"date":"2026-05-08 05:30:57","action":"change-status","newStatus":"draft","terms":[],"taxonomy":"category","extraData":[]},"publishpress_future_workflow_manual_trigger":{"enabledWorkflows":[]},"_links":{"self":[{"href":"http:\/\/www.rockpixx.com\/wordpress\/wp-json\/wp\/v2\/posts\/4793","targetHints":{"allow":["GET"]}}],"collection":[{"href":"http:\/\/www.rockpixx.com\/wordpress\/wp-json\/wp\/v2\/posts"}],"about":[{"href":"http:\/\/www.rockpixx.com\/wordpress\/wp-json\/wp\/v2\/types\/post"}],"author":[{"embeddable":true,"href":"http:\/\/www.rockpixx.com\/wordpress\/wp-json\/wp\/v2\/users\/2"}],"replies":[{"embeddable":true,"href":"http:\/\/www.rockpixx.com\/wordpress\/wp-json\/wp\/v2\/comments?post=4793"}],"version-history":[{"count":0,"href":"http:\/\/www.rockpixx.com\/wordpress\/wp-json\/wp\/v2\/posts\/4793\/revisions"}],"wp:featuredmedia":[{"embeddable":true,"href":"http:\/\/www.rockpixx.com\/wordpress\/wp-json\/wp\/v2\/media\/4794"}],"wp:attachment":[{"href":"http:\/\/www.rockpixx.com\/wordpress\/wp-json\/wp\/v2\/media?parent=4793"}],"wp:term":[{"taxonomy":"category","embeddable":true,"href":"http:\/\/www.rockpixx.com\/wordpress\/wp-json\/wp\/v2\/categories?post=4793"},{"taxonomy":"post_tag","embeddable":true,"href":"http:\/\/www.rockpixx.com\/wordpress\/wp-json\/wp\/v2\/tags?post=4793"}],"curies":[{"name":"wp","href":"https:\/\/api.w.org\/{rel}","templated":true}]}}