{"id":4842,"date":"2009-06-19T07:00:19","date_gmt":"2009-06-19T05:00:19","guid":{"rendered":"http:\/\/rockpixx.com\/wordpress\/?p=4842"},"modified":"2013-01-27T16:13:20","modified_gmt":"2013-01-27T14:13:20","slug":"coverline-19-06-2009-kiel-holsten-park-buhne","status":"publish","type":"post","link":"http:\/\/www.rockpixx.com\/wordpress\/coverline-19-06-2009-kiel-holsten-park-buhne\/","title":{"rendered":"CoverLine, 19.06.2009, Kiel, Holsten-Park-B\u00fchne"},"content":{"rendered":"<p>Das diesj\u00e4hrige Kieler Woche-Programm ist so dichtgedr\u00e4ngt und auf so vielen B\u00fchnen pr\u00e4sent, wie es 2008 noch nicht der Fall gewesen ist.<!--more--> Von daher konnten die beiden Fotografen von rockpixx.com die B\u00fchne im Holstenpark auch nur im \u201eVorbeihetzen\u201c auf dem Weg zu anderen Acts kurz streifen. Zum Gl\u00fcck spielte \u2192\u00a0<a title=\"CoverLine\" href=\"http:\/\/rockpixx.com\/wordpress\/?cat=392\">\u201eCoverLine\u201c<\/a> volle sechs Stunden, so dass es f\u00fcr jeden von uns zu ein paar Sch\u00fcssen aus der ersten Reihe reichte. Die Musik und die Show sind gewohnt mitrei\u00dfend, auch wenn es im Vergleich zum \u2192\u00a0<a title=\"CoverLine, 27.06.2008, Kiel, MAXB\u00fchne\" href=\"http:\/\/rockpixx.com\/wordpress\/?p=2580\">letzten Jahr<\/a> ein paar Umbesetzungen in der Band gegeben hat.<\/p>\n<p>Wir werden CoverLine aber auf der diesj\u00e4hrigen Kieler Woche noch einige Male wiedersehen und freuen uns bereits jetzt darauf\u2026<\/p>\n<p style=\"text-align: right;\">Fotos:\u00a0<a href=\"mailto:info@rockpixx.com?subject=Fotos%20von%20CoverLine,%20Kiel%20%E2%80%9EHolsten-Park-B%C3%BChne%E2%80%9C,%2019.06.2009\">Alex<\/a>,\u00a0<a href=\"mailto:a.roselt@rockpixx.com?subject=Fotos%20von%20CoverLine,%20Kiel%20%E2%80%9EHolsten-Park-B%C3%BChne%E2%80%9C,%2019.06.2009\">Anja<\/a>\u00a0| Text:\u00a0<a href=\"mailto:info@rockpixx.com?subject=Reviewtext%20von%20CoverLine,%20Kiel%20%E2%80%9EHolsten-Park-B%C3%BChne%E2%80%9C,%2019.06.2009\">Alex<\/a><\/p>\n<p style=\"text-align: left;\"><div class=\"eat-left eat-right\"><div class=\"thumbs-masonry isotope\"><div class=\"isotope-item block-2 block-h-2\"><a href=\"http:\/\/www.rockpixx.com\/wordpress\/wp-content\/uploads\/2013\/01\/20090619-07-044.jpg\" rel=\"prettyPhoto[postgal_4844]\" class=\"show-hover-link block-h-2\"\"><img decoding=\"async\" src=\"http:\/\/www.rockpixx.com\/wordpress\/wp-content\/uploads\/2013\/01\/20090619-07-044-480x400.jpg\" alt=\"CoverLine, 19.06.2009, Kiel, Holsten-Park-B\u00fchne\"\/><span class=\"before\"><\/span><span class=\"after\"><\/span><\/a><\/div><div class=\"isotope-item block-1 block-h-1\"><a href=\"http:\/\/www.rockpixx.com\/wordpress\/wp-content\/uploads\/2013\/01\/20090619-07-007.jpg\" rel=\"prettyPhoto[postgal_4844]\" class=\"show-hover-link block-h-1\"\"><img decoding=\"async\" src=\"http:\/\/www.rockpixx.com\/wordpress\/wp-content\/uploads\/2013\/01\/20090619-07-007-480x400.jpg\" alt=\"CoverLine, 19.06.2009, Kiel, Holsten-Park-B\u00fchne\"\/><span class=\"before\"><\/span><span class=\"after\"><\/span><\/a><\/div><div class=\"isotope-item block-1 block-h-1\"><a href=\"http:\/\/www.rockpixx.com\/wordpress\/wp-content\/uploads\/2013\/01\/20090619-07-012.jpg\" rel=\"prettyPhoto[postgal_4844]\" class=\"show-hover-link block-h-1\"\"><img decoding=\"async\" src=\"http:\/\/www.rockpixx.com\/wordpress\/wp-content\/uploads\/2013\/01\/20090619-07-012-480x400.jpg\" alt=\"CoverLine, 19.06.2009, Kiel, Holsten-Park-B\u00fchne\"\/><span class=\"before\"><\/span><span class=\"after\"><\/span><\/a><\/div><div class=\"isotope-item block-2 block-h-2\"><a href=\"http:\/\/www.rockpixx.com\/wordpress\/wp-content\/uploads\/2013\/01\/20090619-07-025.jpg\" rel=\"prettyPhoto[postgal_4844]\" class=\"show-hover-link block-h-2\"\"><img decoding=\"async\" src=\"http:\/\/www.rockpixx.com\/wordpress\/wp-content\/uploads\/2013\/01\/20090619-07-025-480x400.jpg\" alt=\"CoverLine, 19.06.2009, Kiel, Holsten-Park-B\u00fchne\"\/><span class=\"before\"><\/span><span class=\"after\"><\/span><\/a><\/div><div class=\"isotope-item block-1 block-h-1\"><a href=\"http:\/\/www.rockpixx.com\/wordpress\/wp-content\/uploads\/2013\/01\/20090619-07-037.jpg\" rel=\"prettyPhoto[postgal_4844]\" class=\"show-hover-link block-h-1\"\"><img decoding=\"async\" src=\"http:\/\/www.rockpixx.com\/wordpress\/wp-content\/uploads\/2013\/01\/20090619-07-037-480x400.jpg\" alt=\"CoverLine, 19.06.2009, Kiel, Holsten-Park-B\u00fchne\"\/><span class=\"before\"><\/span><span class=\"after\"><\/span><\/a><\/div><div class=\"isotope-item block-1 block-h-1\"><a href=\"http:\/\/www.rockpixx.com\/wordpress\/wp-content\/uploads\/2013\/01\/20090619-07-040.jpg\" rel=\"prettyPhoto[postgal_4844]\" class=\"show-hover-link block-h-1\"\"><img decoding=\"async\" src=\"http:\/\/www.rockpixx.com\/wordpress\/wp-content\/uploads\/2013\/01\/20090619-07-040-480x400.jpg\" alt=\"CoverLine, 19.06.2009, Kiel, Holsten-Park-B\u00fchne\"\/><span class=\"before\"><\/span><span class=\"after\"><\/span><\/a><\/div><div class=\"isotope-item block-2 block-h-2\"><a href=\"http:\/\/www.rockpixx.com\/wordpress\/wp-content\/uploads\/2013\/01\/20090619-07-051.jpg\" rel=\"prettyPhoto[postgal_4844]\" class=\"show-hover-link block-h-2\"\"><img decoding=\"async\" src=\"http:\/\/www.rockpixx.com\/wordpress\/wp-content\/uploads\/2013\/01\/20090619-07-051-480x400.jpg\" alt=\"CoverLine, 19.06.2009, Kiel, Holsten-Park-B\u00fchne\"\/><span class=\"before\"><\/span><span class=\"after\"><\/span><\/a><\/div><div class=\"isotope-item block-1 block-h-1\"><a href=\"http:\/\/www.rockpixx.com\/wordpress\/wp-content\/uploads\/2013\/01\/20090619-07-052.jpg\" rel=\"prettyPhoto[postgal_4844]\" class=\"show-hover-link block-h-1\"\"><img decoding=\"async\" src=\"http:\/\/www.rockpixx.com\/wordpress\/wp-content\/uploads\/2013\/01\/20090619-07-052-480x400.jpg\" alt=\"Konzertaufnahme, CoverLine, 19.06.2009, Kiel\"\/><span class=\"before\"><\/span><span class=\"after\"><\/span><\/a><\/div><div class=\"isotope-item block-1 block-h-1\"><a href=\"http:\/\/www.rockpixx.com\/wordpress\/wp-content\/uploads\/2013\/01\/20090619-07-054.jpg\" rel=\"prettyPhoto[postgal_4844]\" class=\"show-hover-link block-h-1\"\"><img decoding=\"async\" src=\"http:\/\/www.rockpixx.com\/wordpress\/wp-content\/uploads\/2013\/01\/20090619-07-054-480x400.jpg\" alt=\"Konzertaufnahme, CoverLine, 19.06.2009, Kiel\"\/><span class=\"before\"><\/span><span class=\"after\"><\/span><\/a><\/div><div class=\"isotope-item block-2 block-h-2\"><a href=\"http:\/\/www.rockpixx.com\/wordpress\/wp-content\/uploads\/2013\/01\/20090619-07-055.jpg\" rel=\"prettyPhoto[postgal_4844]\" class=\"show-hover-link block-h-2\"\"><img decoding=\"async\" src=\"http:\/\/www.rockpixx.com\/wordpress\/wp-content\/uploads\/2013\/01\/20090619-07-055-480x400.jpg\" alt=\"Konzertaufnahme, CoverLine, 19.06.2009, Kiel\"\/><span class=\"before\"><\/span><span class=\"after\"><\/span><\/a><\/div><\/div><\/div><\/p>\n","protected":false},"excerpt":{"rendered":"<p>Das diesj\u00e4hrige Kieler Woche-Programm ist so dichtgedr\u00e4ngt und auf so vielen B\u00fchnen pr\u00e4sent, wie es <a href=\"http:\/\/www.rockpixx.com\/wordpress\/coverline-19-06-2009-kiel-holsten-park-buhne\/\">Read more<\/a><\/p>\n","protected":false},"author":2,"featured_media":4843,"comment_status":"open","ping_status":"open","sticky":false,"template":"","format":"standard","meta":{"_jetpack_memberships_contains_paid_content":false,"footnotes":"","jetpack_publicize_message":"","jetpack_publicize_feature_enabled":true,"jetpack_social_post_already_shared":true,"jetpack_social_options":{"image_generator_settings":{"template":"highway","default_image_id":0,"font":"","enabled":false},"version":2}},"categories":[34,392],"tags":[1831,814,1786,133,370,1735,138],"class_list":["post-4842","post","type-post","status-publish","format-standard","has-post-thumbnail","hentry","category-acts","category-coverline","tag-1831","tag-asmus-bremer-platz","tag-coverline","tag-festivals","tag-holsten-park-buhne","tag-kiel","tag-kieler-woche"],"aioseo_notices":[],"jetpack_publicize_connections":[],"jetpack_featured_media_url":"http:\/\/www.rockpixx.com\/wordpress\/wp-content\/uploads\/2013\/01\/20090619-07-coverline-Artikel.jpg","jetpack-related-posts":[{"id":5467,"url":"http:\/\/www.rockpixx.com\/wordpress\/coverline-25-06-2009-kiel-maxbuhne\/","url_meta":{"origin":4842,"position":0},"title":"CoverLine, 25.06.2009, Kiel, MAXB\u00fchne","author":"Anja","date":"25. Juni 2009","format":false,"excerpt":"\u2192\u00a0\u201eCoverLine\u201c zum Dritten \u2013 f\u00fcr diese Kieler Woche. Irgendwie und irgendwo treffe ich diese Truppe immer wieder und jedes Mal komme ich nicht umhin, Bilder von Ihnen zu machen. Na ja, sie sind ja auch auf der B\u00fchne ein Erlebnis. Dieses Mal hatten sie \u00fcbrigens eine Ersatzs\u00e4ngerin dabei, die aber\u2026","rel":"","context":"In &quot;Acts&quot;","block_context":{"text":"Acts","link":"http:\/\/www.rockpixx.com\/wordpress\/category\/acts\/"},"img":{"alt_text":"CoverLine, 25.06.2009, Kiel, MAXB\u00fchne","src":"https:\/\/i0.wp.com\/www.rockpixx.com\/wordpress\/wp-content\/uploads\/2013\/01\/20090625-03-coverline-Artikel.jpg?resize=350%2C200","width":350,"height":200,"srcset":"https:\/\/i0.wp.com\/www.rockpixx.com\/wordpress\/wp-content\/uploads\/2013\/01\/20090625-03-coverline-Artikel.jpg?resize=350%2C200 1x, https:\/\/i0.wp.com\/www.rockpixx.com\/wordpress\/wp-content\/uploads\/2013\/01\/20090625-03-coverline-Artikel.jpg?resize=525%2C300 1.5x, https:\/\/i0.wp.com\/www.rockpixx.com\/wordpress\/wp-content\/uploads\/2013\/01\/20090625-03-coverline-Artikel.jpg?resize=700%2C400 2x"},"classes":[]},{"id":2580,"url":"http:\/\/www.rockpixx.com\/wordpress\/coverline-27-06-2008-kiel-maxbuhne\/","url_meta":{"origin":4842,"position":1},"title":"CoverLine, 27.06.2008, Kiel, MAXB\u00fchne","author":"Anja","date":"27. Juni 2008","format":false,"excerpt":"Im Prinzp fast die gleiche Besetzung wie bei \u2192\u00a0\u201eGlamnasty International\u201c \u2013 lediglich erg\u00e4nzt um eine S\u00e4ngerin, daf\u00fcr aber ohne den zweiten Gitarristen und nat\u00fcrlich wesentlich \u201eseri\u00f6ser\u201c als die Glamrocker ein paar Tage zuvor. Das Repertoire ist bunt gemischt, auch viele alte sch\u00f6ne rockige Nummern aus den Jugendtagen des Fotografen bringen\u2026","rel":"","context":"In &quot;Acts&quot;","block_context":{"text":"Acts","link":"http:\/\/www.rockpixx.com\/wordpress\/category\/acts\/"},"img":{"alt_text":"CoverLine, 27.06.2008, Kiel, MAXB\u00fchne","src":"https:\/\/i0.wp.com\/www.rockpixx.com\/wordpress\/wp-content\/uploads\/2008\/06\/20080627-02-coverline-Artikel.jpg?resize=350%2C200","width":350,"height":200,"srcset":"https:\/\/i0.wp.com\/www.rockpixx.com\/wordpress\/wp-content\/uploads\/2008\/06\/20080627-02-coverline-Artikel.jpg?resize=350%2C200 1x, https:\/\/i0.wp.com\/www.rockpixx.com\/wordpress\/wp-content\/uploads\/2008\/06\/20080627-02-coverline-Artikel.jpg?resize=525%2C300 1.5x, https:\/\/i0.wp.com\/www.rockpixx.com\/wordpress\/wp-content\/uploads\/2008\/06\/20080627-02-coverline-Artikel.jpg?resize=700%2C400 2x"},"classes":[]},{"id":18689,"url":"http:\/\/www.rockpixx.com\/wordpress\/coverline-26-06-2015-kieler-woche-netuse-buehne-kiel\/","url_meta":{"origin":4842,"position":2},"title":"CoverLine, 26.06.2015, Kieler Woche, NetUSE-B\u00fchne, Kiel","author":"Anja","date":"27. Juni 2015","format":false,"excerpt":"Das Abendprogramm auf der NetUSE-B\u00fchne bestreiten diesmal \u201eCoverLine\u201c. Lange begleitet diese Band unsere Kieler Woche-Berichte und oft hatte sich f\u00fcr uns durch den Mitgliederwechsel die Optik und die Akustik ge\u00e4ndert. Dieses Mal nicht \u2013 wir treffen die gleiche Formation wie letztes Jahr an und freuen uns, dass die Kontinuit\u00e4t sich\u2026","rel":"","context":"In &quot;Acts&quot;","block_context":{"text":"Acts","link":"http:\/\/www.rockpixx.com\/wordpress\/category\/acts\/"},"img":{"alt_text":"","src":"https:\/\/i0.wp.com\/www.rockpixx.com\/wordpress\/wp-content\/uploads\/2015\/06\/20150626-02-003_coverline_Artikel.jpg?resize=350%2C200","width":350,"height":200,"srcset":"https:\/\/i0.wp.com\/www.rockpixx.com\/wordpress\/wp-content\/uploads\/2015\/06\/20150626-02-003_coverline_Artikel.jpg?resize=350%2C200 1x, https:\/\/i0.wp.com\/www.rockpixx.com\/wordpress\/wp-content\/uploads\/2015\/06\/20150626-02-003_coverline_Artikel.jpg?resize=525%2C300 1.5x, https:\/\/i0.wp.com\/www.rockpixx.com\/wordpress\/wp-content\/uploads\/2015\/06\/20150626-02-003_coverline_Artikel.jpg?resize=700%2C400 2x"},"classes":[]},{"id":11272,"url":"http:\/\/www.rockpixx.com\/wordpress\/coverline-28-06-2013-kiel-maxbuhne\/","url_meta":{"origin":4842,"position":3},"title":"CoverLine, 28.06.2013, Kiel, MAXB\u00fchne","author":"Anja","date":"29. Juni 2013","format":false,"excerpt":"Zum Abschluss des Abends dann noch \u201eCoverLine\u201c an der MAXB\u00fchne. Dieses Jahr feiert die Band ihr zehnj\u00e4hriges Bestehen und l\u00e4sst es daf\u00fcr auf der B\u00fchne ordentlich krachen: Jede Menge Gastmusiker geben sich die Ehre und gratulieren Andr\u00e9 und seinen Mitstreitern auf ihre pers\u00f6nliche Weise. Auch MayaMo\u00a0ist dabei und singt zwei\u2026","rel":"","context":"In &quot;Acts&quot;","block_context":{"text":"Acts","link":"http:\/\/www.rockpixx.com\/wordpress\/category\/acts\/"},"img":{"alt_text":"","src":"https:\/\/i0.wp.com\/www.rockpixx.com\/wordpress\/wp-content\/uploads\/2013\/06\/20130628-05-064_coverline-Artikel.jpg?resize=350%2C200","width":350,"height":200,"srcset":"https:\/\/i0.wp.com\/www.rockpixx.com\/wordpress\/wp-content\/uploads\/2013\/06\/20130628-05-064_coverline-Artikel.jpg?resize=350%2C200 1x, https:\/\/i0.wp.com\/www.rockpixx.com\/wordpress\/wp-content\/uploads\/2013\/06\/20130628-05-064_coverline-Artikel.jpg?resize=525%2C300 1.5x, https:\/\/i0.wp.com\/www.rockpixx.com\/wordpress\/wp-content\/uploads\/2013\/06\/20130628-05-064_coverline-Artikel.jpg?resize=700%2C400 2x"},"classes":[]},{"id":6972,"url":"http:\/\/www.rockpixx.com\/wordpress\/coverline-25-06-2010-kiel-maxbuhne\/","url_meta":{"origin":4842,"position":4},"title":"CoverLine, 25.06.2010, Kiel, MAXB\u00fchne","author":"Anja","date":"25. Juni 2010","format":false,"excerpt":"Was w\u00e4re die Kieler Woche ohne ein Konzert von CoverLine. Wir freuten uns schon auf das Konzert, da wie die Musiker auch pers\u00f6nlich kennen. So war es kein Problem, dass wir auch auf der B\u00fchne fotografieren durften. Leider hatten wir dieses Mal viel Ausschuss bei unseren Bildern, denn in einigen\u2026","rel":"","context":"In &quot;Acts&quot;","block_context":{"text":"Acts","link":"http:\/\/www.rockpixx.com\/wordpress\/category\/acts\/"},"img":{"alt_text":"CoverLine, 25.06.2010, Kiel, MAXB\u00fchne","src":"https:\/\/i0.wp.com\/www.rockpixx.com\/wordpress\/wp-content\/uploads\/2013\/01\/20100625-05-coverline-Artikel.jpg?resize=350%2C200","width":350,"height":200,"srcset":"https:\/\/i0.wp.com\/www.rockpixx.com\/wordpress\/wp-content\/uploads\/2013\/01\/20100625-05-coverline-Artikel.jpg?resize=350%2C200 1x, https:\/\/i0.wp.com\/www.rockpixx.com\/wordpress\/wp-content\/uploads\/2013\/01\/20100625-05-coverline-Artikel.jpg?resize=525%2C300 1.5x, https:\/\/i0.wp.com\/www.rockpixx.com\/wordpress\/wp-content\/uploads\/2013\/01\/20100625-05-coverline-Artikel.jpg?resize=700%2C400 2x"},"classes":[]},{"id":5048,"url":"http:\/\/www.rockpixx.com\/wordpress\/coverline-23-06-2009-kiel-kieler-woche-musikzelt\/","url_meta":{"origin":4842,"position":5},"title":"CoverLine, 23.06.2009, Kiel, Kieler Woche Musikzelt","author":"Anja","date":"23. Juni 2009","format":false,"excerpt":"... zum Zweiten auf dieser Kieler Woche! Dieses Mal im \u201eKieler Woche Musikzelt\u201c als Support f\u00fcr \u201eDJ \u00d6tzi\u201c (dazu sp\u00e4ter mehr). Musik und Show gewohnt gut, Sound und Licht im Musikzelt ebenfalls. Was mir allerdings beim Letzteren aufgefallen ist, ist niederschreibenswert: Die gesamte B\u00fchne ist mit LED-Technik gro\u00dfartig ausgeleuchtet. So\u2026","rel":"","context":"In &quot;Acts&quot;","block_context":{"text":"Acts","link":"http:\/\/www.rockpixx.com\/wordpress\/category\/acts\/"},"img":{"alt_text":"CoverLine, 23.06.2009, Kiel, Kieler Woche Musikzelt","src":"https:\/\/i0.wp.com\/www.rockpixx.com\/wordpress\/wp-content\/uploads\/2013\/01\/20090623-02-coverline-Artikel.jpg?resize=350%2C200","width":350,"height":200,"srcset":"https:\/\/i0.wp.com\/www.rockpixx.com\/wordpress\/wp-content\/uploads\/2013\/01\/20090623-02-coverline-Artikel.jpg?resize=350%2C200 1x, https:\/\/i0.wp.com\/www.rockpixx.com\/wordpress\/wp-content\/uploads\/2013\/01\/20090623-02-coverline-Artikel.jpg?resize=525%2C300 1.5x, https:\/\/i0.wp.com\/www.rockpixx.com\/wordpress\/wp-content\/uploads\/2013\/01\/20090623-02-coverline-Artikel.jpg?resize=700%2C400 2x"},"classes":[]}],"jetpack_sharing_enabled":true,"publishpress_future_action":{"enabled":false,"date":"2026-05-08 03:31:23","action":"change-status","newStatus":"draft","terms":[],"taxonomy":"category","extraData":[]},"publishpress_future_workflow_manual_trigger":{"enabledWorkflows":[]},"_links":{"self":[{"href":"http:\/\/www.rockpixx.com\/wordpress\/wp-json\/wp\/v2\/posts\/4842","targetHints":{"allow":["GET"]}}],"collection":[{"href":"http:\/\/www.rockpixx.com\/wordpress\/wp-json\/wp\/v2\/posts"}],"about":[{"href":"http:\/\/www.rockpixx.com\/wordpress\/wp-json\/wp\/v2\/types\/post"}],"author":[{"embeddable":true,"href":"http:\/\/www.rockpixx.com\/wordpress\/wp-json\/wp\/v2\/users\/2"}],"replies":[{"embeddable":true,"href":"http:\/\/www.rockpixx.com\/wordpress\/wp-json\/wp\/v2\/comments?post=4842"}],"version-history":[{"count":0,"href":"http:\/\/www.rockpixx.com\/wordpress\/wp-json\/wp\/v2\/posts\/4842\/revisions"}],"wp:featuredmedia":[{"embeddable":true,"href":"http:\/\/www.rockpixx.com\/wordpress\/wp-json\/wp\/v2\/media\/4843"}],"wp:attachment":[{"href":"http:\/\/www.rockpixx.com\/wordpress\/wp-json\/wp\/v2\/media?parent=4842"}],"wp:term":[{"taxonomy":"category","embeddable":true,"href":"http:\/\/www.rockpixx.com\/wordpress\/wp-json\/wp\/v2\/categories?post=4842"},{"taxonomy":"post_tag","embeddable":true,"href":"http:\/\/www.rockpixx.com\/wordpress\/wp-json\/wp\/v2\/tags?post=4842"}],"curies":[{"name":"wp","href":"https:\/\/api.w.org\/{rel}","templated":true}]}}