{"id":4859,"date":"2009-06-19T08:00:39","date_gmt":"2009-06-19T06:00:39","guid":{"rendered":"http:\/\/rockpixx.com\/wordpress\/?p=4859"},"modified":"2013-01-27T16:12:35","modified_gmt":"2013-01-27T14:12:35","slug":"drive-19-06-2009-kiel-maxbuhne","status":"publish","type":"post","link":"http:\/\/www.rockpixx.com\/wordpress\/drive-19-06-2009-kiel-maxbuhne\/","title":{"rendered":"Drive!, 19.06.2009, Kiel, MAXB\u00fchne"},"content":{"rendered":"<p>Und dann war da doch noch\u2026 Richtig! Auf unserem Weg zur\u00fcck zum Auto machten wir nat\u00fcrlich den obligatorischen Stop am \u2192\u00a0<a title=\"alle Konzerte auf der MAXB\u00fchne\" href=\"http:\/\/rockpixx.com\/wordpress\/?tag=maxbuhne\">letztj\u00e4hrigen \u201eZuhause\u201c, der \u201eMAX-B\u00fchne\u201c<\/a>. <!--more-->Der gesamte Freitag steht bei allen B\u00fchnen unter dem Motto \u201eSoundcheck\u201c, da die Kieler Woche ja noch nicht offiziell begonnen hat. Dennoch l\u00e4uft eigentlich \u00fcberall schon volles Programm und es l\u00e4uft auch (fast) \u00fcberall schon rund, wenn wir einmal die B\u00fchne \u201eH19-B\u00fchne\u201c an der Seeburg au\u00dfen vor lassen\u2026<\/p>\n<p>Auf der \u201eMax-B\u00fchne\u201c spielte also zu sp\u00e4ter Stunde \u2013 kurz bevor dem Morgen graute \u2013 eine Partyband die Charts der gef\u00fchlten letzten 300 Jahre. Das wiederum taten die Jungs und das M\u00e4del von \u201eDrive!\u201c allerdings richtig gut und mit so viel Elan, dass das Publikum vor der B\u00fchne auch ordentlich etwas zum Mitfeiern hatte.<\/p>\n<p>Und daf\u00fcr, dass das Licht vom \u201eAzubi\u201c gemacht wurde, war nichts zu merken \u2013 da k\u00f6nnen sich so manche \u201eProfis\u201c, die ich in den letzten Jahren erlebt habe, eine ganz dicke Scheibe von abschneiden!<\/p>\n<p style=\"text-align: right;\">Fotos:\u00a0<a href=\"mailto:info@rockpixx.com?subject=Fotos%20von%20Drive!,%20Kiel%20%E2%80%9EMAXB%C3%BChne%E2%80%9C,%2019.06.2009\">Alex<\/a>\u00a0| Text:\u00a0<a href=\"mailto:info@rockpixx.com?subject=Reviewtext%20von%20Drive!,%20Kiel%20%E2%80%9EMAXB%C3%BChne%E2%80%9C,%2019.06.2009\">Alex<\/a><\/p>\n<p style=\"text-align: left;\"><div class=\"eat-left eat-right\"><div class=\"thumbs-masonry isotope\"><div class=\"isotope-item block-2 block-h-2\"><a href=\"http:\/\/www.rockpixx.com\/wordpress\/wp-content\/uploads\/2013\/01\/20090619-08-003.jpg\" rel=\"prettyPhoto[postgal_4860]\" class=\"show-hover-link block-h-2\"\"><img decoding=\"async\" src=\"http:\/\/www.rockpixx.com\/wordpress\/wp-content\/uploads\/2013\/01\/20090619-08-003-480x400.jpg\" alt=\"Drive!, 19.06.2009, Kiel, MAXB\u00fchne\"\/><span class=\"before\"><\/span><span class=\"after\"><\/span><\/a><\/div><div class=\"isotope-item block-1 block-h-1\"><a href=\"http:\/\/www.rockpixx.com\/wordpress\/wp-content\/uploads\/2013\/01\/20090619-08-005.jpg\" rel=\"prettyPhoto[postgal_4860]\" class=\"show-hover-link block-h-1\"\"><img decoding=\"async\" src=\"http:\/\/www.rockpixx.com\/wordpress\/wp-content\/uploads\/2013\/01\/20090619-08-005-480x400.jpg\" alt=\"Drive!, 19.06.2009, Kiel, MAXB\u00fchne\"\/><span class=\"before\"><\/span><span class=\"after\"><\/span><\/a><\/div><div class=\"isotope-item block-1 block-h-1\"><a href=\"http:\/\/www.rockpixx.com\/wordpress\/wp-content\/uploads\/2013\/01\/20090619-08-007.jpg\" rel=\"prettyPhoto[postgal_4860]\" class=\"show-hover-link block-h-1\"\"><img decoding=\"async\" src=\"http:\/\/www.rockpixx.com\/wordpress\/wp-content\/uploads\/2013\/01\/20090619-08-007-480x400.jpg\" alt=\"Drive!, 19.06.2009, Kiel, MAXB\u00fchne\"\/><span class=\"before\"><\/span><span class=\"after\"><\/span><\/a><\/div><div class=\"isotope-item block-2 block-h-2\"><a href=\"http:\/\/www.rockpixx.com\/wordpress\/wp-content\/uploads\/2013\/01\/20090619-08-010.jpg\" rel=\"prettyPhoto[postgal_4860]\" class=\"show-hover-link block-h-2\"\"><img decoding=\"async\" src=\"http:\/\/www.rockpixx.com\/wordpress\/wp-content\/uploads\/2013\/01\/20090619-08-010-480x400.jpg\" alt=\"Drive!, 19.06.2009, Kiel, MAXB\u00fchne\"\/><span class=\"before\"><\/span><span class=\"after\"><\/span><\/a><\/div><div class=\"isotope-item block-1 block-h-1\"><a href=\"http:\/\/www.rockpixx.com\/wordpress\/wp-content\/uploads\/2013\/01\/20090619-08-020.jpg\" rel=\"prettyPhoto[postgal_4860]\" class=\"show-hover-link block-h-1\"\"><img decoding=\"async\" src=\"http:\/\/www.rockpixx.com\/wordpress\/wp-content\/uploads\/2013\/01\/20090619-08-020-480x400.jpg\" alt=\"Drive!, 19.06.2009, Kiel, MAXB\u00fchne\"\/><span class=\"before\"><\/span><span class=\"after\"><\/span><\/a><\/div><div class=\"isotope-item block-1 block-h-1\"><a href=\"http:\/\/www.rockpixx.com\/wordpress\/wp-content\/uploads\/2013\/01\/20090619-08-024.jpg\" rel=\"prettyPhoto[postgal_4860]\" class=\"show-hover-link block-h-1\"\"><img decoding=\"async\" src=\"http:\/\/www.rockpixx.com\/wordpress\/wp-content\/uploads\/2013\/01\/20090619-08-024-480x400.jpg\" alt=\"Drive!, 19.06.2009, Kiel, MAXB\u00fchne\"\/><span class=\"before\"><\/span><span class=\"after\"><\/span><\/a><\/div><div class=\"isotope-item block-2 block-h-2\"><a href=\"http:\/\/www.rockpixx.com\/wordpress\/wp-content\/uploads\/2013\/01\/20090619-08-034.jpg\" rel=\"prettyPhoto[postgal_4860]\" class=\"show-hover-link block-h-2\"\"><img decoding=\"async\" src=\"http:\/\/www.rockpixx.com\/wordpress\/wp-content\/uploads\/2013\/01\/20090619-08-034-480x400.jpg\" alt=\"Drive!, 19.06.2009, Kiel, MAXB\u00fchne\"\/><span class=\"before\"><\/span><span class=\"after\"><\/span><\/a><\/div><\/div><\/div><\/p>\n","protected":false},"excerpt":{"rendered":"<p>Und dann war da doch noch\u2026 Richtig! Auf unserem Weg zur\u00fcck zum Auto machten wir <a href=\"http:\/\/www.rockpixx.com\/wordpress\/drive-19-06-2009-kiel-maxbuhne\/\">Read more<\/a><\/p>\n","protected":false},"author":2,"featured_media":4870,"comment_status":"open","ping_status":"open","sticky":false,"template":"","format":"standard","meta":{"_jetpack_memberships_contains_paid_content":false,"footnotes":"","jetpack_publicize_message":"","jetpack_publicize_feature_enabled":true,"jetpack_social_post_already_shared":true,"jetpack_social_options":{"image_generator_settings":{"template":"highway","default_image_id":0,"font":"","enabled":false},"version":2}},"categories":[34,429],"tags":[1831,1812,133,1735,138,1743],"class_list":["post-4859","post","type-post","status-publish","format-standard","has-post-thumbnail","hentry","category-acts","category-drive","tag-1831","tag-drive","tag-festivals","tag-kiel","tag-kieler-woche","tag-maxbuhne"],"aioseo_notices":[],"jetpack_publicize_connections":[],"jetpack_featured_media_url":"http:\/\/www.rockpixx.com\/wordpress\/wp-content\/uploads\/2009\/06\/20090619-08-drive-Artikel.jpg","jetpack-related-posts":[{"id":11394,"url":"http:\/\/www.rockpixx.com\/wordpress\/juke-box-hero-25-06-2013-kiel-maxbuhne-2\/","url_meta":{"origin":4859,"position":0},"title":"JUKE BOX HERO, 25.06.2013, Kiel, MAXB\u00fchne","author":"admin","date":"26. Juni 2013","format":false,"excerpt":"Da gibt es eine britisch-amerikanische Band, die ab 1977 so richtig tolle Musik gemacht hat und bislang ist es uns in all den Jahren noch nicht gelungen, davon eine Tributeband vor die Kameras zu bekommen. Vielleicht haben wir auch nur nicht genug gesucht, schlie\u00dflich hatten wir \u2013 fast auf den\u2026","rel":"","context":"In &quot;Acts&quot;","block_context":{"text":"Acts","link":"http:\/\/www.rockpixx.com\/wordpress\/category\/acts\/"},"img":{"alt_text":"Juke Box Hero, 25.06.2013, Kiel, MAXB\u00fchne","src":"https:\/\/i0.wp.com\/www.rockpixx.com\/wordpress\/wp-content\/uploads\/2013\/06\/20130625-02-058_juke-box-hero-Artikel.jpg?resize=350%2C200","width":350,"height":200,"srcset":"https:\/\/i0.wp.com\/www.rockpixx.com\/wordpress\/wp-content\/uploads\/2013\/06\/20130625-02-058_juke-box-hero-Artikel.jpg?resize=350%2C200 1x, https:\/\/i0.wp.com\/www.rockpixx.com\/wordpress\/wp-content\/uploads\/2013\/06\/20130625-02-058_juke-box-hero-Artikel.jpg?resize=525%2C300 1.5x, https:\/\/i0.wp.com\/www.rockpixx.com\/wordpress\/wp-content\/uploads\/2013\/06\/20130625-02-058_juke-box-hero-Artikel.jpg?resize=700%2C400 2x"},"classes":[]},{"id":6780,"url":"http:\/\/www.rockpixx.com\/wordpress\/true-collins-22-06-2010-kiel-maxbuhne\/","url_meta":{"origin":4859,"position":1},"title":"True Collins, 22.06.2010, Kiel, MAXB\u00fchne","author":"Anja","date":"22. Juni 2010","format":false,"excerpt":"Donnernde Drums, Keyboardkl\u00e4nge irgendwo angesiedelt zwischen \u00e4therisch und pomp\u00f6s, dazu eine markante Stimme: \u201eTrue Collins\u201c waren wieder auf der MAXB\u00fchne zu Gast. Und wenn es die Eingangsbeschreibung schon erahnen l\u00e4sst \u2013 sp\u00e4testens bei der Namensnennung der Band wird klar, dass es hier ausschlie\u00dflich um die Musik von \u201eGenesis\u201c ging. Wir\u2026","rel":"","context":"In &quot;Acts&quot;","block_context":{"text":"Acts","link":"http:\/\/www.rockpixx.com\/wordpress\/category\/acts\/"},"img":{"alt_text":"True Collins auf rockpixx.com","src":"https:\/\/i0.wp.com\/www.rockpixx.com\/wordpress\/wp-content\/uploads\/2013\/01\/20100622-07-true-collins-Artikel.jpg?resize=350%2C200","width":350,"height":200,"srcset":"https:\/\/i0.wp.com\/www.rockpixx.com\/wordpress\/wp-content\/uploads\/2013\/01\/20100622-07-true-collins-Artikel.jpg?resize=350%2C200 1x, https:\/\/i0.wp.com\/www.rockpixx.com\/wordpress\/wp-content\/uploads\/2013\/01\/20100622-07-true-collins-Artikel.jpg?resize=525%2C300 1.5x, https:\/\/i0.wp.com\/www.rockpixx.com\/wordpress\/wp-content\/uploads\/2013\/01\/20100622-07-true-collins-Artikel.jpg?resize=700%2C400 2x"},"classes":[]},{"id":1060,"url":"http:\/\/www.rockpixx.com\/wordpress\/kieler-woche-2011-tag-10\/","url_meta":{"origin":4859,"position":2},"title":"Kieler Woche 2011, Tag 10","author":"admin","date":"5. Juli 2011","format":false,"excerpt":"Moin, nach unserem \u201eRuhetag\u201c am Sonnabend (der uns im \u00dcbrigen ganz gut getan hat, wir sind schlie\u00dflich auch nicht mehr die J\u00fcngsten), steht nun mit dem abschlie\u00dfenden Sonntag also der letzte Tag in unserem diesj\u00e4hrigen \u201eKieler Woche\u201c-Programm an. Also schnell in die Arbeitsklamotten geschl\u00fcpft (komplett schwarz, versteht sich), alle Fotop\u00e4sse\u2026","rel":"","context":"In &quot;2011&quot;","block_context":{"text":"2011","link":"http:\/\/www.rockpixx.com\/wordpress\/category\/backstage\/2011\/"},"img":{"alt_text":"Kieler Woche 2011, lost & found","src":"https:\/\/i0.wp.com\/www.rockpixx.com\/wordpress\/wp-content\/uploads\/2013\/02\/20110705-2011-06_Kieler-Woche-0155.jpg?resize=350%2C200","width":350,"height":200,"srcset":"https:\/\/i0.wp.com\/www.rockpixx.com\/wordpress\/wp-content\/uploads\/2013\/02\/20110705-2011-06_Kieler-Woche-0155.jpg?resize=350%2C200 1x, https:\/\/i0.wp.com\/www.rockpixx.com\/wordpress\/wp-content\/uploads\/2013\/02\/20110705-2011-06_Kieler-Woche-0155.jpg?resize=525%2C300 1.5x, https:\/\/i0.wp.com\/www.rockpixx.com\/wordpress\/wp-content\/uploads\/2013\/02\/20110705-2011-06_Kieler-Woche-0155.jpg?resize=700%2C400 2x"},"classes":[]},{"id":8585,"url":"http:\/\/www.rockpixx.com\/wordpress\/legends-of-rock-20-06-2012-kiel-maxbuhne\/","url_meta":{"origin":4859,"position":3},"title":"Legends of Rock, 20.06.2012, Kiel, MAXB\u00fchne","author":"Anja","date":"20. Juni 2012","format":false,"excerpt":"Auf dem Weg zur MAXB\u00fchne h\u00f6rte ich schon die harten und lauten Beats, wie sie nur in der Rockmusik vorkommen k\u00f6nnen. \u201eLegends of Rock\u201c waren schon eine ganze Weile auf der B\u00fchne beim Abrocken und das Publikum davor auch. Ich packte schnell meine Kameras aus, und versuchte, in dem Gewusel\u2026","rel":"","context":"In &quot;Acts&quot;","block_context":{"text":"Acts","link":"http:\/\/www.rockpixx.com\/wordpress\/category\/acts\/"},"img":{"alt_text":"Legends of Rock, 20.06.2012, Kiel, MAXB\u00fchne","src":"https:\/\/i0.wp.com\/www.rockpixx.com\/wordpress\/wp-content\/uploads\/2013\/02\/20120620-05-legends-of-rock-Artikel.jpg?resize=350%2C200","width":350,"height":200,"srcset":"https:\/\/i0.wp.com\/www.rockpixx.com\/wordpress\/wp-content\/uploads\/2013\/02\/20120620-05-legends-of-rock-Artikel.jpg?resize=350%2C200 1x, https:\/\/i0.wp.com\/www.rockpixx.com\/wordpress\/wp-content\/uploads\/2013\/02\/20120620-05-legends-of-rock-Artikel.jpg?resize=525%2C300 1.5x, https:\/\/i0.wp.com\/www.rockpixx.com\/wordpress\/wp-content\/uploads\/2013\/02\/20120620-05-legends-of-rock-Artikel.jpg?resize=700%2C400 2x"},"classes":[]},{"id":14286,"url":"http:\/\/www.rockpixx.com\/wordpress\/bad-bobs-20-06-2014-kiel-maxbuehne\/","url_meta":{"origin":4859,"position":4},"title":"Bad Bobs, 20.06.2014, Kiel, MAXB\u00fchne","author":"admin","date":"21. Juni 2014","format":false,"excerpt":"Da treffen wir also alte Bekannte wieder, die die diesj\u00e4hrige \u201eKieler Woche\u201c beim \u201eSoundcheck-Tag\u201c auf der MAXB\u00fchne er\u00f6ffnen: Die \u2192 \u201eBad Bobs\u201c. Andere Frontfrau, neuer Drummer und auch zwei neue Gitarristen - wenn ich das noch richtig in Erinnerung habe - macht ein LineUp von insgesamt acht Personen - die\u2026","rel":"","context":"In &quot;Acts&quot;","block_context":{"text":"Acts","link":"http:\/\/www.rockpixx.com\/wordpress\/category\/acts\/"},"img":{"alt_text":"Bad Bobs, 20.06.2014, Kiel, MAXB\u00fchne","src":"https:\/\/i0.wp.com\/www.rockpixx.com\/wordpress\/wp-content\/uploads\/2014\/06\/20140620-01-010_bad-bobs_Artikel.jpg?resize=350%2C200","width":350,"height":200,"srcset":"https:\/\/i0.wp.com\/www.rockpixx.com\/wordpress\/wp-content\/uploads\/2014\/06\/20140620-01-010_bad-bobs_Artikel.jpg?resize=350%2C200 1x, https:\/\/i0.wp.com\/www.rockpixx.com\/wordpress\/wp-content\/uploads\/2014\/06\/20140620-01-010_bad-bobs_Artikel.jpg?resize=525%2C300 1.5x, https:\/\/i0.wp.com\/www.rockpixx.com\/wordpress\/wp-content\/uploads\/2014\/06\/20140620-01-010_bad-bobs_Artikel.jpg?resize=700%2C400 2x"},"classes":[]},{"id":11282,"url":"http:\/\/www.rockpixx.com\/wordpress\/abba-cover-29-06-2013-kiel-horn-buhne\/","url_meta":{"origin":4859,"position":5},"title":"ABBA Cover, 29.06.2013, Kiel, h\u00f6rn b\u00fchne","author":"Anja","date":"30. Juni 2013","format":false,"excerpt":"Zum zweiten Mal w\u00e4hrend dieser Kieler Woche bin ich an der h\u00f6rn b\u00fchne, \u201eABBA Cover\u201c erwarten mich dort um 19:00 Uhr. Der Platz ist unmittelbar vor Konzertbeginn noch so was von leer, da k\u00f6nnte glatt ein Jugendfu\u00dfball-Turnier stattfinden. Zum Gl\u00fcck kommen aber dann doch noch einige Zuschauer als die Musik\u2026","rel":"","context":"In &quot;ABBA&quot;","block_context":{"text":"ABBA","link":"http:\/\/www.rockpixx.com\/wordpress\/category\/acts\/tributebands\/abba\/"},"img":{"alt_text":"","src":"https:\/\/i0.wp.com\/www.rockpixx.com\/wordpress\/wp-content\/uploads\/2013\/06\/20130629-02-058_abba-cover-Artikel.jpg?resize=350%2C200","width":350,"height":200,"srcset":"https:\/\/i0.wp.com\/www.rockpixx.com\/wordpress\/wp-content\/uploads\/2013\/06\/20130629-02-058_abba-cover-Artikel.jpg?resize=350%2C200 1x, https:\/\/i0.wp.com\/www.rockpixx.com\/wordpress\/wp-content\/uploads\/2013\/06\/20130629-02-058_abba-cover-Artikel.jpg?resize=525%2C300 1.5x, https:\/\/i0.wp.com\/www.rockpixx.com\/wordpress\/wp-content\/uploads\/2013\/06\/20130629-02-058_abba-cover-Artikel.jpg?resize=700%2C400 2x"},"classes":[]}],"jetpack_sharing_enabled":true,"publishpress_future_action":{"enabled":false,"date":"2026-05-08 05:30:57","action":"change-status","newStatus":"draft","terms":[],"taxonomy":"category","extraData":[]},"publishpress_future_workflow_manual_trigger":{"enabledWorkflows":[]},"_links":{"self":[{"href":"http:\/\/www.rockpixx.com\/wordpress\/wp-json\/wp\/v2\/posts\/4859","targetHints":{"allow":["GET"]}}],"collection":[{"href":"http:\/\/www.rockpixx.com\/wordpress\/wp-json\/wp\/v2\/posts"}],"about":[{"href":"http:\/\/www.rockpixx.com\/wordpress\/wp-json\/wp\/v2\/types\/post"}],"author":[{"embeddable":true,"href":"http:\/\/www.rockpixx.com\/wordpress\/wp-json\/wp\/v2\/users\/2"}],"replies":[{"embeddable":true,"href":"http:\/\/www.rockpixx.com\/wordpress\/wp-json\/wp\/v2\/comments?post=4859"}],"version-history":[{"count":0,"href":"http:\/\/www.rockpixx.com\/wordpress\/wp-json\/wp\/v2\/posts\/4859\/revisions"}],"wp:featuredmedia":[{"embeddable":true,"href":"http:\/\/www.rockpixx.com\/wordpress\/wp-json\/wp\/v2\/media\/4870"}],"wp:attachment":[{"href":"http:\/\/www.rockpixx.com\/wordpress\/wp-json\/wp\/v2\/media?parent=4859"}],"wp:term":[{"taxonomy":"category","embeddable":true,"href":"http:\/\/www.rockpixx.com\/wordpress\/wp-json\/wp\/v2\/categories?post=4859"},{"taxonomy":"post_tag","embeddable":true,"href":"http:\/\/www.rockpixx.com\/wordpress\/wp-json\/wp\/v2\/tags?post=4859"}],"curies":[{"name":"wp","href":"https:\/\/api.w.org\/{rel}","templated":true}]}}