{"id":4939,"date":"2009-06-21T05:00:25","date_gmt":"2009-06-21T03:00:25","guid":{"rendered":"http:\/\/rockpixx.com\/wordpress\/?p=4939"},"modified":"2013-01-27T16:11:05","modified_gmt":"2013-01-27T14:11:05","slug":"torfrock-21-06-2009-kiel-kieler-woche-musikzelt","status":"publish","type":"post","link":"http:\/\/www.rockpixx.com\/wordpress\/torfrock-21-06-2009-kiel-kieler-woche-musikzelt\/","title":{"rendered":"Torfrock, 21.06.2009, Kiel, Kieler Woche Musikzelt"},"content":{"rendered":"<p>\u2026 eine Band, die seit den \u201eWerner Beinhart-Zeiten\u201c auch \u00fcber die Grenzen ihrer n\u00f6rdlichen Heimat bekannt geworden ist. <!--more-->Das Musikzelt auf der Kieler Woche war gerammelt voll und die gleiche Menge an Zuschauern stand noch vor den Absperrungen und w\u00e4re gerne im Zelt dabei gewesen. Bei einem Blick in die Zuschauermenge fiel mir spontan der Ausruf \u201eHilfe &#8211; die Wikinger kommen!\u201c ein, so viele beh\u00f6rnte Helme sah man im Publikum. Trotz des mittlerweile auch schon fortgeschrittenen Alters der Musiker hat die Musik mit den Geschichten von Rollo, Renate und Co., sowie die Erz\u00e4hlungen aus Torfmoorholm und die unvermeidlichen Begleitmusiken von Werner und seinen Motorradkumpels auch nach \u00fcber 30 Jahren nichts von ihrem Charme eingeb\u00fc\u00dft \u2013 so zumindest die norddeutsche Meinung.<\/p>\n<p style=\"text-align: right;\">Fotos: <a href=\"mailto:a.roselt@rockpixx.com?subject=Fotos%20von%20Torfrock,%20Kiel%20%E2%80%9EKieler%20Woche%20Musikzelt%E2%80%9C,%2021.06.2009\">Anja<\/a> | Text: <a href=\"mailto:a.roselt@rockpixx.com?subject=Reviewtext%20von%20Torfrock,%20Kiel%20%E2%80%9EKieler%20Woche%20Musikzelt%E2%80%9C,%2021.06.2009\">Anja<\/a><\/p>\n<p style=\"text-align: left;\"><div class=\"eat-left eat-right\"><div class=\"thumbs-masonry isotope\"><div class=\"isotope-item block-2 block-h-2\"><a href=\"http:\/\/www.rockpixx.com\/wordpress\/wp-content\/uploads\/2013\/01\/20090621-05-025.jpg\" rel=\"prettyPhoto[postgal_4952]\" class=\"show-hover-link block-h-2\"\"><img decoding=\"async\" src=\"http:\/\/www.rockpixx.com\/wordpress\/wp-content\/uploads\/2013\/01\/20090621-05-025-480x400.jpg\" alt=\"Torfrock, 21.06.2009, Kiel, Kieler Woche Musikzelt\"\/><span class=\"before\"><\/span><span class=\"after\"><\/span><\/a><\/div><div class=\"isotope-item block-1 block-h-1\"><a href=\"http:\/\/www.rockpixx.com\/wordpress\/wp-content\/uploads\/2013\/01\/20090621-05-030.jpg\" rel=\"prettyPhoto[postgal_4952]\" class=\"show-hover-link block-h-1\"\"><img decoding=\"async\" src=\"http:\/\/www.rockpixx.com\/wordpress\/wp-content\/uploads\/2013\/01\/20090621-05-030-480x400.jpg\" alt=\"Torfrock, 21.06.2009, Kiel, Kieler Woche Musikzelt\"\/><span class=\"before\"><\/span><span class=\"after\"><\/span><\/a><\/div><div class=\"isotope-item block-1 block-h-1\"><a href=\"http:\/\/www.rockpixx.com\/wordpress\/wp-content\/uploads\/2013\/01\/20090621-05-036.jpg\" rel=\"prettyPhoto[postgal_4952]\" class=\"show-hover-link block-h-1\"\"><img decoding=\"async\" src=\"http:\/\/www.rockpixx.com\/wordpress\/wp-content\/uploads\/2013\/01\/20090621-05-036-480x400.jpg\" alt=\"Torfrock, 21.06.2009, Kiel, Kieler Woche Musikzelt\"\/><span class=\"before\"><\/span><span class=\"after\"><\/span><\/a><\/div><div class=\"isotope-item block-2 block-h-2\"><a href=\"http:\/\/www.rockpixx.com\/wordpress\/wp-content\/uploads\/2013\/01\/20090621-05-059.jpg\" rel=\"prettyPhoto[postgal_4952]\" class=\"show-hover-link block-h-2\"\"><img decoding=\"async\" src=\"http:\/\/www.rockpixx.com\/wordpress\/wp-content\/uploads\/2013\/01\/20090621-05-059-480x400.jpg\" alt=\"Torfrock, 21.06.2009, Kiel, Kieler Woche Musikzelt\"\/><span class=\"before\"><\/span><span class=\"after\"><\/span><\/a><\/div><div class=\"isotope-item block-1 block-h-1\"><a href=\"http:\/\/www.rockpixx.com\/wordpress\/wp-content\/uploads\/2013\/01\/20090621-05-064.jpg\" rel=\"prettyPhoto[postgal_4952]\" class=\"show-hover-link block-h-1\"\"><img decoding=\"async\" src=\"http:\/\/www.rockpixx.com\/wordpress\/wp-content\/uploads\/2013\/01\/20090621-05-064-480x400.jpg\" alt=\"Torfrock, 21.06.2009, Kiel, Kieler Woche Musikzelt\"\/><span class=\"before\"><\/span><span class=\"after\"><\/span><\/a><\/div><div class=\"isotope-item block-1 block-h-1\"><a href=\"http:\/\/www.rockpixx.com\/wordpress\/wp-content\/uploads\/2013\/01\/20090621-05-067.jpg\" rel=\"prettyPhoto[postgal_4952]\" class=\"show-hover-link block-h-1\"\"><img decoding=\"async\" src=\"http:\/\/www.rockpixx.com\/wordpress\/wp-content\/uploads\/2013\/01\/20090621-05-067-480x400.jpg\" alt=\"Torfrock, 21.06.2009, Kiel, Kieler Woche Musikzelt\"\/><span class=\"before\"><\/span><span class=\"after\"><\/span><\/a><\/div><div class=\"isotope-item block-2 block-h-2\"><a href=\"http:\/\/www.rockpixx.com\/wordpress\/wp-content\/uploads\/2013\/01\/20090621-05-007.jpg\" rel=\"prettyPhoto[postgal_4952]\" class=\"show-hover-link block-h-2\"\"><img decoding=\"async\" src=\"http:\/\/www.rockpixx.com\/wordpress\/wp-content\/uploads\/2013\/01\/20090621-05-007-480x400.jpg\" alt=\"Torfrock, 21.06.2009, Kiel, Kieler Woche Musikzelt\"\/><span class=\"before\"><\/span><span class=\"after\"><\/span><\/a><\/div><div class=\"isotope-item block-1 block-h-1\"><a href=\"http:\/\/www.rockpixx.com\/wordpress\/wp-content\/uploads\/2013\/01\/20090621-05-015.jpg\" rel=\"prettyPhoto[postgal_4952]\" class=\"show-hover-link block-h-1\"\"><img decoding=\"async\" src=\"http:\/\/www.rockpixx.com\/wordpress\/wp-content\/uploads\/2013\/01\/20090621-05-015-480x400.jpg\" alt=\"Torfrock, 21.06.2009, Kiel, Kieler Woche Musikzelt\"\/><span class=\"before\"><\/span><span class=\"after\"><\/span><\/a><\/div><div class=\"isotope-item block-1 block-h-1\"><a href=\"http:\/\/www.rockpixx.com\/wordpress\/wp-content\/uploads\/2013\/01\/20090621-05-017.jpg\" rel=\"prettyPhoto[postgal_4952]\" class=\"show-hover-link block-h-1\"\"><img decoding=\"async\" src=\"http:\/\/www.rockpixx.com\/wordpress\/wp-content\/uploads\/2013\/01\/20090621-05-017-480x400.jpg\" alt=\"Torfrock, 21.06.2009, Kiel, Kieler Woche Musikzelt\"\/><span class=\"before\"><\/span><span class=\"after\"><\/span><\/a><\/div><div class=\"isotope-item block-2 block-h-2\"><a href=\"http:\/\/www.rockpixx.com\/wordpress\/wp-content\/uploads\/2013\/01\/20090621-05-019.jpg\" rel=\"prettyPhoto[postgal_4952]\" class=\"show-hover-link block-h-2\"\"><img decoding=\"async\" src=\"http:\/\/www.rockpixx.com\/wordpress\/wp-content\/uploads\/2013\/01\/20090621-05-019-480x400.jpg\" alt=\"Torfrock, 21.06.2009, Kiel, Kieler Woche Musikzelt\"\/><span class=\"before\"><\/span><span class=\"after\"><\/span><\/a><\/div><\/div><\/div><\/p>\n","protected":false},"excerpt":{"rendered":"<p>\u2026 eine Band, die seit den \u201eWerner Beinhart-Zeiten\u201c auch \u00fcber die Grenzen ihrer n\u00f6rdlichen Heimat <a href=\"http:\/\/www.rockpixx.com\/wordpress\/torfrock-21-06-2009-kiel-kieler-woche-musikzelt\/\">Read more<\/a><\/p>\n","protected":false},"author":2,"featured_media":6156,"comment_status":"open","ping_status":"open","sticky":false,"template":"","format":"standard","meta":{"_jetpack_memberships_contains_paid_content":false,"footnotes":"","jetpack_publicize_message":"","jetpack_publicize_feature_enabled":true,"jetpack_social_post_already_shared":true,"jetpack_social_options":{"image_generator_settings":{"template":"highway","default_image_id":0,"font":"","enabled":false},"version":2}},"categories":[34,434],"tags":[1831,133,1735,138,766,1818],"class_list":["post-4939","post","type-post","status-publish","format-standard","has-post-thumbnail","hentry","category-acts","category-torfrock","tag-1831","tag-festivals","tag-kiel","tag-kieler-woche","tag-kieler-woche-musikzelt","tag-torfrock"],"aioseo_notices":[],"jetpack_publicize_connections":[],"jetpack_featured_media_url":"http:\/\/www.rockpixx.com\/wordpress\/wp-content\/uploads\/2012\/06\/20090621-05-torfrock-Artikel.jpg","jetpack-related-posts":[{"id":6765,"url":"http:\/\/www.rockpixx.com\/wordpress\/torfrock-22-06-2010-kiel-kieler-woche-musikzelt\/","url_meta":{"origin":4939,"position":0},"title":"Torfrock, 22.06.2010, Kiel, Kieler Woche Musikzelt","author":"Anja","date":"22. Juni 2010","format":false,"excerpt":"\u00dcber \u201eTorfrock\u201c noch viel schreiben zu wollen, hie\u00dfe Krabben nach Torfmoorholm tragen zu wollen, also lasse ich es. Erw\u00e4hnen m\u00f6chte ich nur noch, dass ich bereits seit 1979 schwer begeistert bin von den Jungs um Raymond und Klaus. Ansonsten das gewohnte Bild bei einem Torfrock-Konzert, auch im Kieler Woche Musikzelt:\u2026","rel":"","context":"In &quot;Acts&quot;","block_context":{"text":"Acts","link":"http:\/\/www.rockpixx.com\/wordpress\/category\/acts\/"},"img":{"alt_text":"Torfrock, 22.06.2010, Kiel, Kieler Woche Musikzelt","src":"https:\/\/i0.wp.com\/www.rockpixx.com\/wordpress\/wp-content\/uploads\/2013\/01\/20100622-06-torfrock-Artikel.jpg?resize=350%2C200","width":350,"height":200,"srcset":"https:\/\/i0.wp.com\/www.rockpixx.com\/wordpress\/wp-content\/uploads\/2013\/01\/20100622-06-torfrock-Artikel.jpg?resize=350%2C200 1x, https:\/\/i0.wp.com\/www.rockpixx.com\/wordpress\/wp-content\/uploads\/2013\/01\/20100622-06-torfrock-Artikel.jpg?resize=525%2C300 1.5x, https:\/\/i0.wp.com\/www.rockpixx.com\/wordpress\/wp-content\/uploads\/2013\/01\/20100622-06-torfrock-Artikel.jpg?resize=700%2C400 2x"},"classes":[]},{"id":6345,"url":"http:\/\/www.rockpixx.com\/wordpress\/markus-18-06-2010-kiel-kieler-woche-musikzelt\/","url_meta":{"origin":4939,"position":1},"title":"Markus, 18.06.2010, Kiel, Kieler Woche Musikzelt","author":"Anja","date":"18. Juni 2010","format":false,"excerpt":"Und dann hat nicht nur Markus Spa\u00df, sondern das gesamte Publikum! Hier wirkt es so, als ob Markus kein Jahr gealtert ist, er kommt immer noch so r\u00fcber, als ob er Mitte zwanzig w\u00e4re.Frisch, jugendlich und mit einer gro\u00dfen Portion Power fegt er \u00fcber die B\u00fchne und hat das Publikum\u2026","rel":"","context":"In &quot;Acts&quot;","block_context":{"text":"Acts","link":"http:\/\/www.rockpixx.com\/wordpress\/category\/acts\/"},"img":{"alt_text":"Markus, 18.06.2010, Kiel, Kieler Woche Musikzelt","src":"https:\/\/i0.wp.com\/www.rockpixx.com\/wordpress\/wp-content\/uploads\/2013\/01\/20100618-05-markus-Artikel.jpg?resize=350%2C200","width":350,"height":200,"srcset":"https:\/\/i0.wp.com\/www.rockpixx.com\/wordpress\/wp-content\/uploads\/2013\/01\/20100618-05-markus-Artikel.jpg?resize=350%2C200 1x, https:\/\/i0.wp.com\/www.rockpixx.com\/wordpress\/wp-content\/uploads\/2013\/01\/20100618-05-markus-Artikel.jpg?resize=525%2C300 1.5x, https:\/\/i0.wp.com\/www.rockpixx.com\/wordpress\/wp-content\/uploads\/2013\/01\/20100618-05-markus-Artikel.jpg?resize=700%2C400 2x"},"classes":[]},{"id":5071,"url":"http:\/\/www.rockpixx.com\/wordpress\/dj-otzi-23-06-2009-kiel-kieler-woche-musikzelt\/","url_meta":{"origin":4939,"position":2},"title":"DJ \u00d6tzi, 23.06.2009, Kiel, Kieler Woche Musikzelt","author":"Anja","date":"23. Juni 2009","format":false,"excerpt":"Wer kennt ihn nicht, den \u201eAnton aus Tirol\u201c? Anscheinend nur wenige, dann das Musikzelt war gerammelt voll, der Vorplatz ebenso und das Gel\u00e4nde war abgesperrt, um weitere Massen fernzuhalten. Und DJ \u00d6zti erweist sich von Beginn an im positiven Sinne als wahre \u201eRampensau\u201c: Selten habe ich es erlebt, dass ein\u2026","rel":"","context":"In &quot;Acts&quot;","block_context":{"text":"Acts","link":"http:\/\/www.rockpixx.com\/wordpress\/category\/acts\/"},"img":{"alt_text":"DJ \u00d6tzi, 23.06.2009, Kiel, Kieler Woche Musikzelt","src":"https:\/\/i0.wp.com\/www.rockpixx.com\/wordpress\/wp-content\/uploads\/2013\/01\/20090623-03-dj-oetzi-Artikel.jpg?resize=350%2C200","width":350,"height":200,"srcset":"https:\/\/i0.wp.com\/www.rockpixx.com\/wordpress\/wp-content\/uploads\/2013\/01\/20090623-03-dj-oetzi-Artikel.jpg?resize=350%2C200 1x, https:\/\/i0.wp.com\/www.rockpixx.com\/wordpress\/wp-content\/uploads\/2013\/01\/20090623-03-dj-oetzi-Artikel.jpg?resize=525%2C300 1.5x, https:\/\/i0.wp.com\/www.rockpixx.com\/wordpress\/wp-content\/uploads\/2013\/01\/20090623-03-dj-oetzi-Artikel.jpg?resize=700%2C400 2x"},"classes":[]},{"id":6375,"url":"http:\/\/www.rockpixx.com\/wordpress\/ukw-18-06-2010-kiel-kieler-woche-musikzelt\/","url_meta":{"origin":4939,"position":3},"title":"UKW, 18.06.2010, Kiel, Kieler Woche Musikzelt","author":"Anja","date":"18. Juni 2010","format":false,"excerpt":"Von UKW ist nur noch Peter Hubert \u00fcbriggeblieben aber das ist ja auch die entscheidende Stimme \u2013 der Rest kommt ohnehin von \u2192\u00a0\u201eRockpirat\u201c. Kurzgefasstes Fazit: Wie schon bei \u2192\u00a0Markus viel Spa\u00df, viel Power und auch hier einige Adaptionen fremder Songs. Der Knaller schlechthin an diesem Abend ist dabei (nat\u00fcrlich) der\u2026","rel":"","context":"In &quot;Acts&quot;","block_context":{"text":"Acts","link":"http:\/\/www.rockpixx.com\/wordpress\/category\/acts\/"},"img":{"alt_text":"UKW, 18.06.2010, Kiel, Kieler Woche Musikzelt","src":"https:\/\/i0.wp.com\/www.rockpixx.com\/wordpress\/wp-content\/uploads\/2013\/01\/20100618-07-ukw-Artikel.jpg?resize=350%2C200","width":350,"height":200,"srcset":"https:\/\/i0.wp.com\/www.rockpixx.com\/wordpress\/wp-content\/uploads\/2013\/01\/20100618-07-ukw-Artikel.jpg?resize=350%2C200 1x, https:\/\/i0.wp.com\/www.rockpixx.com\/wordpress\/wp-content\/uploads\/2013\/01\/20100618-07-ukw-Artikel.jpg?resize=525%2C300 1.5x, https:\/\/i0.wp.com\/www.rockpixx.com\/wordpress\/wp-content\/uploads\/2013\/01\/20100618-07-ukw-Artikel.jpg?resize=700%2C400 2x"},"classes":[]},{"id":5542,"url":"http:\/\/www.rockpixx.com\/wordpress\/illegal-2001-26-06-2009-kiel-kieler-woche-musikzelt\/","url_meta":{"origin":4939,"position":4},"title":"Illegal 2001, 26.06.2009, Kiel, Kieler Woche Musikzelt","author":"Anja","date":"26. Juni 2009","format":false,"excerpt":"Eine Kultband im Norden von denen leider noch nix nach \u00d6sterreich gedrungen ist. Witzig war schon die B\u00fchnendeko: An den Keyboards hing eine Lichterkette aus roten Herzchen und an die Drums waren Sonnenblumen gesteckt worden. Vor dem S\u00e4nger stand ein kleines Pult, an dem auch Sonnenblumen steckten und davor hing\u2026","rel":"","context":"In &quot;Acts&quot;","block_context":{"text":"Acts","link":"http:\/\/www.rockpixx.com\/wordpress\/category\/acts\/"},"img":{"alt_text":"Illegal 2001, 26.06.2009, Kiel, Kieler Woche Musikzelt","src":"https:\/\/i0.wp.com\/www.rockpixx.com\/wordpress\/wp-content\/uploads\/2013\/01\/20090626-05-illegal-2001-Artikel.jpg?resize=350%2C200","width":350,"height":200,"srcset":"https:\/\/i0.wp.com\/www.rockpixx.com\/wordpress\/wp-content\/uploads\/2013\/01\/20090626-05-illegal-2001-Artikel.jpg?resize=350%2C200 1x, https:\/\/i0.wp.com\/www.rockpixx.com\/wordpress\/wp-content\/uploads\/2013\/01\/20090626-05-illegal-2001-Artikel.jpg?resize=525%2C300 1.5x, https:\/\/i0.wp.com\/www.rockpixx.com\/wordpress\/wp-content\/uploads\/2013\/01\/20090626-05-illegal-2001-Artikel.jpg?resize=700%2C400 2x"},"classes":[]},{"id":14358,"url":"http:\/\/www.rockpixx.com\/wordpress\/markus-20-06-2014-kiel-kieler-woche-musikzelt\/","url_meta":{"origin":4939,"position":5},"title":"Markus, 20.06.2014, Kiel, Kieler Woche Musikzelt","author":"admin","date":"21. Juni 2014","format":false,"excerpt":"Und noch ein alter Bekannter, eine Stunde sp\u00e4ter als \u2192 Rea Garvey und eine B\u00fchne weiter: Markus versichert dem Publikum, dass sein Ferrari immer noch 210 f\u00e4hrt. Das Kieler Woche Musikzelt ist ja musikalisch eher f\u00fcr die Spa\u00df- und Partymusik zust\u00e4ndig \u2013 so ist es nur folgerichtig, dass zum Auftakt\u2026","rel":"","context":"In &quot;Acts&quot;","block_context":{"text":"Acts","link":"http:\/\/www.rockpixx.com\/wordpress\/category\/acts\/"},"img":{"alt_text":"Markus, 20.06.2014, Kiel, Kieler Woche Musikzelt","src":"https:\/\/i0.wp.com\/www.rockpixx.com\/wordpress\/wp-content\/uploads\/2014\/06\/20140620-04-092_markus_Artikel.jpg?resize=350%2C200","width":350,"height":200,"srcset":"https:\/\/i0.wp.com\/www.rockpixx.com\/wordpress\/wp-content\/uploads\/2014\/06\/20140620-04-092_markus_Artikel.jpg?resize=350%2C200 1x, https:\/\/i0.wp.com\/www.rockpixx.com\/wordpress\/wp-content\/uploads\/2014\/06\/20140620-04-092_markus_Artikel.jpg?resize=525%2C300 1.5x, https:\/\/i0.wp.com\/www.rockpixx.com\/wordpress\/wp-content\/uploads\/2014\/06\/20140620-04-092_markus_Artikel.jpg?resize=700%2C400 2x"},"classes":[]}],"jetpack_sharing_enabled":true,"publishpress_future_action":{"enabled":false,"date":"2026-05-06 06:41:27","action":"change-status","newStatus":"draft","terms":[],"taxonomy":"category","extraData":[]},"publishpress_future_workflow_manual_trigger":{"enabledWorkflows":[]},"_links":{"self":[{"href":"http:\/\/www.rockpixx.com\/wordpress\/wp-json\/wp\/v2\/posts\/4939","targetHints":{"allow":["GET"]}}],"collection":[{"href":"http:\/\/www.rockpixx.com\/wordpress\/wp-json\/wp\/v2\/posts"}],"about":[{"href":"http:\/\/www.rockpixx.com\/wordpress\/wp-json\/wp\/v2\/types\/post"}],"author":[{"embeddable":true,"href":"http:\/\/www.rockpixx.com\/wordpress\/wp-json\/wp\/v2\/users\/2"}],"replies":[{"embeddable":true,"href":"http:\/\/www.rockpixx.com\/wordpress\/wp-json\/wp\/v2\/comments?post=4939"}],"version-history":[{"count":0,"href":"http:\/\/www.rockpixx.com\/wordpress\/wp-json\/wp\/v2\/posts\/4939\/revisions"}],"wp:featuredmedia":[{"embeddable":true,"href":"http:\/\/www.rockpixx.com\/wordpress\/wp-json\/wp\/v2\/media\/6156"}],"wp:attachment":[{"href":"http:\/\/www.rockpixx.com\/wordpress\/wp-json\/wp\/v2\/media?parent=4939"}],"wp:term":[{"taxonomy":"category","embeddable":true,"href":"http:\/\/www.rockpixx.com\/wordpress\/wp-json\/wp\/v2\/categories?post=4939"},{"taxonomy":"post_tag","embeddable":true,"href":"http:\/\/www.rockpixx.com\/wordpress\/wp-json\/wp\/v2\/tags?post=4939"}],"curies":[{"name":"wp","href":"https:\/\/api.w.org\/{rel}","templated":true}]}}