{"id":5377,"date":"2011-09-12T03:20:34","date_gmt":"2011-09-12T01:20:34","guid":{"rendered":"http:\/\/rockpixx.com\/wordpress\/?p=5377"},"modified":"2013-01-13T03:23:06","modified_gmt":"2013-01-13T01:23:06","slug":"update-12-09-2011","status":"publish","type":"post","link":"http:\/\/www.rockpixx.com\/wordpress\/update-12-09-2011\/","title":{"rendered":"Update, 12.09.2011"},"content":{"rendered":"<p>\u201eKomm&#8216; ich getz int Fernsehen\u2026?\u201c \u2013 Nun, nicht ganz, aber am 11.09.2011 war ich in der Radiosendung \u201e60 Minuten in Berlin\u201c auf 88vier zu Gast.<\/p>\n<p>Einen Mitschnitt der Interviewpassagen dieser Sendung gibt es auf \u2192 <a title=\"Radio-Interview\" href=\"http:\/\/rockpixx.com\/wordpress\/?page_id=5371\">dieser Seite<\/a>.<\/p>\n","protected":false},"excerpt":{"rendered":"<p>\u201eKomm&#8216; ich getz int Fernsehen\u2026?\u201c \u2013 Nun, nicht ganz, aber am 11.09.2011 war ich in <a href=\"http:\/\/www.rockpixx.com\/wordpress\/update-12-09-2011\/\">Read more<\/a><\/p>\n","protected":false},"author":1,"featured_media":0,"comment_status":"open","ping_status":"open","sticky":false,"template":"","format":"standard","meta":{"_jetpack_memberships_contains_paid_content":false,"footnotes":"","jetpack_publicize_message":"","jetpack_publicize_feature_enabled":true,"jetpack_social_post_already_shared":true,"jetpack_social_options":{"image_generator_settings":{"template":"highway","default_image_id":0,"font":"","enabled":false},"version":2}},"categories":[32,108],"tags":[109,778,777,110],"class_list":["post-5377","post","type-post","status-publish","format-standard","hentry","category-sonstiges","category-updates","tag-intern","tag-podcast","tag-radio-interview","tag-update"],"aioseo_notices":[],"jetpack_publicize_connections":[],"jetpack_featured_media_url":"","jetpack-related-posts":[{"id":10161,"url":"http:\/\/www.rockpixx.com\/wordpress\/update-20-03-2013\/","url_meta":{"origin":5377,"position":0},"title":"Update, 20.03.2013","author":"admin","date":"20. M\u00e4rz 2013","format":false,"excerpt":"Nachdem immer mehr PreViews hineinschneien, wurde die Anzeige und schnelle Navigation f\u00fcr alle einzelnen PreViews noch einmal auf den Pr\u00fcfstand gestellt und neu konzipiert \u2013 zu sehen \u2192 auf dieser Seite. Gleichzeitig wurde die interne Ablage der einzelnen PreViews vom Typ \u201eSeite\u201c auf \u201eArtikel\u201c ge\u00e4ndert und der Punkt \u201ePreviews\u201c neu\u2026","rel":"","context":"In &quot;Internes&quot;","block_context":{"text":"Internes","link":"http:\/\/www.rockpixx.com\/wordpress\/category\/sonstiges\/"},"img":{"alt_text":"","src":"","width":0,"height":0},"classes":[]},{"id":11121,"url":"http:\/\/www.rockpixx.com\/wordpress\/kieler-woche-tagebuch-2013-tag-3\/","url_meta":{"origin":5377,"position":1},"title":"Kieler Woche Tagebuch 2013 | Tag 3","author":"admin","date":"24. Juni 2013","format":false,"excerpt":"Sonntag, 23.06.2013 Tag drei auf der diesj\u00e4hrigen \u201eKieler Woche\u201c bricht nach wenigen Stunden Schlaf zu Hause mit einem guten Fr\u00fchst\u00fcck (u. a. Baked Beans und R\u00fchrei) an, damit eine gute Grundlage f\u00fcr den kommenden Tag gelegt ist. Unsere Fotografin wird gleich bei der NDR-B\u00fchne abgesetzt, der Abend dort geh\u00f6rt ihr\u2026","rel":"","context":"In &quot;2013&quot;","block_context":{"text":"2013","link":"http:\/\/www.rockpixx.com\/wordpress\/category\/backstage\/2013\/"},"img":{"alt_text":"Kieler Woche 2013, Impressionen","src":"https:\/\/i0.wp.com\/www.rockpixx.com\/wordpress\/wp-content\/uploads\/2013\/06\/20130623-00-018_KiWo-2013.jpg?resize=350%2C200","width":350,"height":200,"srcset":"https:\/\/i0.wp.com\/www.rockpixx.com\/wordpress\/wp-content\/uploads\/2013\/06\/20130623-00-018_KiWo-2013.jpg?resize=350%2C200 1x, https:\/\/i0.wp.com\/www.rockpixx.com\/wordpress\/wp-content\/uploads\/2013\/06\/20130623-00-018_KiWo-2013.jpg?resize=525%2C300 1.5x, https:\/\/i0.wp.com\/www.rockpixx.com\/wordpress\/wp-content\/uploads\/2013\/06\/20130623-00-018_KiWo-2013.jpg?resize=700%2C400 2x"},"classes":[]},{"id":5602,"url":"http:\/\/www.rockpixx.com\/wordpress\/my-excellence-27-06-2009-kiel-unser-norden-buhne\/","url_meta":{"origin":5377,"position":2},"title":"My Excellence, 27.06.2009, Kiel, Unser Norden-B\u00fchne","author":"Anja","date":"27. Juni 2009","format":false,"excerpt":"So heute ging es mal zu einem Konzert von einer Gruppe aus \u00d6sterreich. Die Jungs von My Excellence verbinden in Ihrer Musik gekonnt Elemente von Pop, Punk und klassischer Musik. Ein Hingucker war auch das B\u00fchnenoutfit der Musiker, welche den Gehr\u00f6cken der Zeit von Mozart nachempfunden waren. Ebenso war ein\u2026","rel":"","context":"In &quot;Acts&quot;","block_context":{"text":"Acts","link":"http:\/\/www.rockpixx.com\/wordpress\/category\/acts\/"},"img":{"alt_text":"My Excellence, 27.06.2009, Kiel, Unser Norden-B\u00fchne","src":"https:\/\/i0.wp.com\/www.rockpixx.com\/wordpress\/wp-content\/uploads\/2013\/01\/20090627-01-my-exellence-Artikel.jpg?resize=350%2C200","width":350,"height":200,"srcset":"https:\/\/i0.wp.com\/www.rockpixx.com\/wordpress\/wp-content\/uploads\/2013\/01\/20090627-01-my-exellence-Artikel.jpg?resize=350%2C200 1x, https:\/\/i0.wp.com\/www.rockpixx.com\/wordpress\/wp-content\/uploads\/2013\/01\/20090627-01-my-exellence-Artikel.jpg?resize=525%2C300 1.5x, https:\/\/i0.wp.com\/www.rockpixx.com\/wordpress\/wp-content\/uploads\/2013\/01\/20090627-01-my-exellence-Artikel.jpg?resize=700%2C400 2x"},"classes":[]},{"id":5152,"url":"http:\/\/www.rockpixx.com\/wordpress\/update-07-05-2010\/","url_meta":{"origin":5377,"position":3},"title":"Update, 07.05.2010","author":"admin","date":"7. Mai 2010","format":false,"excerpt":"Fix implementiert, der auf der Resultatseite versucht, ung\u00fctige Suchabfragen abzufangen. Endlich einmal die 403-, 404- und 500-Fehlerseite an das vorhandene Design angepasst. Unten auf jeder Seite gibt's nun via \u201eweitersagen | mailen | merken\u201c eine erweiterte Auswahl, was der Besucher mit dieser Seite tun kann, wenn sie ihm gef\u00e4llt. Der\u2026","rel":"","context":"In &quot;Internes&quot;","block_context":{"text":"Internes","link":"http:\/\/www.rockpixx.com\/wordpress\/category\/sonstiges\/"},"img":{"alt_text":"","src":"","width":0,"height":0},"classes":[]},{"id":327,"url":"http:\/\/www.rockpixx.com\/wordpress\/canon-eos-7d-auf-konzerten-update\/","url_meta":{"origin":5377,"position":4},"title":"Canon EOS 7D auf Konzerten, Update","author":"admin","date":"3. M\u00e4rz 2011","format":false,"excerpt":"Moin, im M\u00e4rz 2010 hatte ich \u2192 in diesem Artikel ganz frisch \u00fcber die ersten Erfahrungen mit der 7D auf Konzerten geschrieben. Mittlerweile ist ein knappes Jahr vergangen und ich bin ein wenig weiter mit den gemachten Erfahrungen. Im M\u00e4rz 2010 sah mein Setup folgenderma\u00dfen aus: Frisch gewechselt von 3\u2026","rel":"","context":"In &quot;2011&quot;","block_context":{"text":"2011","link":"http:\/\/www.rockpixx.com\/wordpress\/category\/backstage\/2011\/"},"img":{"alt_text":"Kameraporn (Erfahrungsbericht 7D, Teil 2))","src":"https:\/\/i0.wp.com\/www.rockpixx.com\/wordpress\/wp-content\/uploads\/2011\/03\/20110303-2011-06_Kieler-Woche-0038.jpg?resize=350%2C200","width":350,"height":200,"srcset":"https:\/\/i0.wp.com\/www.rockpixx.com\/wordpress\/wp-content\/uploads\/2011\/03\/20110303-2011-06_Kieler-Woche-0038.jpg?resize=350%2C200 1x, https:\/\/i0.wp.com\/www.rockpixx.com\/wordpress\/wp-content\/uploads\/2011\/03\/20110303-2011-06_Kieler-Woche-0038.jpg?resize=525%2C300 1.5x, https:\/\/i0.wp.com\/www.rockpixx.com\/wordpress\/wp-content\/uploads\/2011\/03\/20110303-2011-06_Kieler-Woche-0038.jpg?resize=700%2C400 2x"},"classes":[]},{"id":96,"url":"http:\/\/www.rockpixx.com\/wordpress\/dieser-blog-ist-werbefrei\/","url_meta":{"origin":5377,"position":5},"title":"Dieser Blog ist werbefrei!","author":"admin","date":"11. September 2009","format":false,"excerpt":"Moin, vielleicht sollte ich noch einmal gesondert darauf hinweisen: In diesem Blog gibt's leider keine Affiliates von Amazon, eBay, Hansen's Backstube oder Paula's Heimtierbedarf. Das einzige, auf das Ihr klicken k\u00f6nnt, sind Links, die zu irgendwelchen internen Seiten im Blog oder auf\u00a0 rockpixx.com f\u00fchren \u2013 shame on me! Ich wei\u00df,\u2026","rel":"","context":"In &quot;2009&quot;","block_context":{"text":"2009","link":"http:\/\/www.rockpixx.com\/wordpress\/category\/backstage\/2009\/"},"img":{"alt_text":"","src":"","width":0,"height":0},"classes":[]}],"jetpack_sharing_enabled":true,"publishpress_future_action":{"enabled":false,"date":"2026-05-10 11:52:19","action":"change-status","newStatus":"draft","terms":[],"taxonomy":"category","extraData":[]},"publishpress_future_workflow_manual_trigger":{"enabledWorkflows":[]},"_links":{"self":[{"href":"http:\/\/www.rockpixx.com\/wordpress\/wp-json\/wp\/v2\/posts\/5377","targetHints":{"allow":["GET"]}}],"collection":[{"href":"http:\/\/www.rockpixx.com\/wordpress\/wp-json\/wp\/v2\/posts"}],"about":[{"href":"http:\/\/www.rockpixx.com\/wordpress\/wp-json\/wp\/v2\/types\/post"}],"author":[{"embeddable":true,"href":"http:\/\/www.rockpixx.com\/wordpress\/wp-json\/wp\/v2\/users\/1"}],"replies":[{"embeddable":true,"href":"http:\/\/www.rockpixx.com\/wordpress\/wp-json\/wp\/v2\/comments?post=5377"}],"version-history":[{"count":0,"href":"http:\/\/www.rockpixx.com\/wordpress\/wp-json\/wp\/v2\/posts\/5377\/revisions"}],"wp:attachment":[{"href":"http:\/\/www.rockpixx.com\/wordpress\/wp-json\/wp\/v2\/media?parent=5377"}],"wp:term":[{"taxonomy":"category","embeddable":true,"href":"http:\/\/www.rockpixx.com\/wordpress\/wp-json\/wp\/v2\/categories?post=5377"},{"taxonomy":"post_tag","embeddable":true,"href":"http:\/\/www.rockpixx.com\/wordpress\/wp-json\/wp\/v2\/tags?post=5377"}],"curies":[{"name":"wp","href":"https:\/\/api.w.org\/{rel}","templated":true}]}}