{"id":5429,"date":"2009-06-25T01:00:36","date_gmt":"2009-06-24T23:00:36","guid":{"rendered":"http:\/\/rockpixx.com\/wordpress\/?p=5429"},"modified":"2013-01-27T16:19:48","modified_gmt":"2013-01-27T14:19:48","slug":"madcon-25-06-2009-kiel-ndr-buhne","status":"publish","type":"post","link":"http:\/\/www.rockpixx.com\/wordpress\/madcon-25-06-2009-kiel-ndr-buhne\/","title":{"rendered":"Madcon, 25.06.2009, Kiel, NDR-B\u00fchne"},"content":{"rendered":"<p>Heute hatte Petrus kein Mitleid mit uns &#8230; es goss wie aus K\u00fcbeln.<!--more--> Ich wartete in einem einigerma\u00dfen trockenen Platz auf den Beginn des Konzertes und hatte eigentlich keine Lust angesichts der str\u00f6menden und sturmartigen Sturzb\u00e4che, die da vom Himmel herabfielen, das Konzert zu fotografieren. Aber wie hei\u00dft es so sch\u00f6n \u201ethe show must go on\u201c \u2013 also machte ich mich auf in den Graben und hoffte, dass es nicht so schlimm wird. Es wurde nicht so schlimm\u2026 nein\u2026 es wurde schlimmer.<\/p>\n<p>Die Jungs von Madcon waren trotzdem ganz Profis und fingen p\u00fcnktlich an. Leider war nicht so viel Publikum da, wie an den letzen Abenden, aber das tat der guten Laune keinen Abbruch. Die Jungs legten los unter dem Motto \u201ewas st\u00f6rt uns der Regen wir wollen mit euch zusammen Party machen\u201c. Mir erging es im Graben leider nicht so gut: Wasser von unten, von oben Sturzb\u00e4che\u2026 ein \u201ebegossener Pudel\u201c war trocken gegen mich. Ich bin dann auch nach zwei Liedern aus dem Graben raus, weil ich z.T. auch nix mehr gesehen habe und die letzen Bilder im Blindflug entstanden sind. Das n\u00e4chste Konzert von den zweien h\u00f6re mich mir unter Garantie dann im Trockenen an.<\/p>\n<p style=\"text-align: right;\">Fotos:\u00a0<a href=\"mailto:a.roselt@rockpixx.com?subject=Fotos%20von%20Madcon,%20Kiel%20%E2%80%9ENDR-B%C3%BChne%E2%80%9C,%2025.06.2009\">Anja<\/a>\u00a0| Text:\u00a0<a href=\"mailto:a.roselt@rockpixx.com?subject=Reviewtext%20von%20Madcon,%20Kiel%20%E2%80%9ENDR-B%C3%BChne%E2%80%9C,%2025.06.2009\">Anja<\/a><\/p>\n<p style=\"text-align: left;\"><div class=\"eat-left eat-right\"><div class=\"thumbs-masonry isotope\"><div class=\"isotope-item block-2 block-h-2\"><a href=\"http:\/\/www.rockpixx.com\/wordpress\/wp-content\/uploads\/2013\/01\/20090625-01-001.jpg\" rel=\"prettyPhoto[postgal_5431]\" class=\"show-hover-link block-h-2\"\"><img decoding=\"async\" src=\"http:\/\/www.rockpixx.com\/wordpress\/wp-content\/uploads\/2013\/01\/20090625-01-001-480x400.jpg\" alt=\"Madcon, 25.06.2009, Kiel, NDR-B\u00fchne\"\/><span class=\"before\"><\/span><span class=\"after\"><\/span><\/a><\/div><div class=\"isotope-item block-1 block-h-1\"><a href=\"http:\/\/www.rockpixx.com\/wordpress\/wp-content\/uploads\/2013\/01\/20090625-01-007.jpg\" rel=\"prettyPhoto[postgal_5431]\" class=\"show-hover-link block-h-1\"\"><img decoding=\"async\" src=\"http:\/\/www.rockpixx.com\/wordpress\/wp-content\/uploads\/2013\/01\/20090625-01-007-480x400.jpg\" alt=\"Madcon, 25.06.2009, Kiel, NDR-B\u00fchne\"\/><span class=\"before\"><\/span><span class=\"after\"><\/span><\/a><\/div><div class=\"isotope-item block-1 block-h-1\"><a href=\"http:\/\/www.rockpixx.com\/wordpress\/wp-content\/uploads\/2013\/01\/20090625-01-016.jpg\" rel=\"prettyPhoto[postgal_5431]\" class=\"show-hover-link block-h-1\"\"><img decoding=\"async\" src=\"http:\/\/www.rockpixx.com\/wordpress\/wp-content\/uploads\/2013\/01\/20090625-01-016-480x400.jpg\" alt=\"Madcon, 25.06.2009, Kiel, NDR-B\u00fchne\"\/><span class=\"before\"><\/span><span class=\"after\"><\/span><\/a><\/div><div class=\"isotope-item block-2 block-h-2\"><a href=\"http:\/\/www.rockpixx.com\/wordpress\/wp-content\/uploads\/2013\/01\/20090625-01-018.jpg\" rel=\"prettyPhoto[postgal_5431]\" class=\"show-hover-link block-h-2\"\"><img decoding=\"async\" src=\"http:\/\/www.rockpixx.com\/wordpress\/wp-content\/uploads\/2013\/01\/20090625-01-018-480x400.jpg\" alt=\"Madcon, 25.06.2009, Kiel, NDR-B\u00fchne\"\/><span class=\"before\"><\/span><span class=\"after\"><\/span><\/a><\/div><div class=\"isotope-item block-1 block-h-1\"><a href=\"http:\/\/www.rockpixx.com\/wordpress\/wp-content\/uploads\/2013\/01\/20090625-01-029.jpg\" rel=\"prettyPhoto[postgal_5431]\" class=\"show-hover-link block-h-1\"\"><img decoding=\"async\" src=\"http:\/\/www.rockpixx.com\/wordpress\/wp-content\/uploads\/2013\/01\/20090625-01-029-480x400.jpg\" alt=\"Madcon, 25.06.2009, Kiel, NDR-B\u00fchne\"\/><span class=\"before\"><\/span><span class=\"after\"><\/span><\/a><\/div><div class=\"isotope-item block-1 block-h-1\"><a href=\"http:\/\/www.rockpixx.com\/wordpress\/wp-content\/uploads\/2013\/01\/20090625-01-040.jpg\" rel=\"prettyPhoto[postgal_5431]\" class=\"show-hover-link block-h-1\"\"><img decoding=\"async\" src=\"http:\/\/www.rockpixx.com\/wordpress\/wp-content\/uploads\/2013\/01\/20090625-01-040-480x400.jpg\" alt=\"Madcon, 25.06.2009, Kiel, NDR-B\u00fchne\"\/><span class=\"before\"><\/span><span class=\"after\"><\/span><\/a><\/div><div class=\"isotope-item block-2 block-h-2\"><a href=\"http:\/\/www.rockpixx.com\/wordpress\/wp-content\/uploads\/2013\/01\/20090625-01-061.jpg\" rel=\"prettyPhoto[postgal_5431]\" class=\"show-hover-link block-h-2\"\"><img decoding=\"async\" src=\"http:\/\/www.rockpixx.com\/wordpress\/wp-content\/uploads\/2013\/01\/20090625-01-061-480x400.jpg\" alt=\"Madcon, 25.06.2009, Kiel, NDR-B\u00fchne\"\/><span class=\"before\"><\/span><span class=\"after\"><\/span><\/a><\/div><div class=\"isotope-item block-1 block-h-1\"><a href=\"http:\/\/www.rockpixx.com\/wordpress\/wp-content\/uploads\/2013\/01\/20090625-01-066.jpg\" rel=\"prettyPhoto[postgal_5431]\" class=\"show-hover-link block-h-1\"\"><img decoding=\"async\" src=\"http:\/\/www.rockpixx.com\/wordpress\/wp-content\/uploads\/2013\/01\/20090625-01-066-480x400.jpg\" alt=\"Madcon, 25.06.2009, Kiel, NDR-B\u00fchne\"\/><span class=\"before\"><\/span><span class=\"after\"><\/span><\/a><\/div><div class=\"isotope-item block-1 block-h-1\"><a href=\"http:\/\/www.rockpixx.com\/wordpress\/wp-content\/uploads\/2013\/01\/20090625-01-070.jpg\" rel=\"prettyPhoto[postgal_5431]\" class=\"show-hover-link block-h-1\"\"><img decoding=\"async\" src=\"http:\/\/www.rockpixx.com\/wordpress\/wp-content\/uploads\/2013\/01\/20090625-01-070-480x400.jpg\" alt=\"Madcon, 25.06.2009, Kiel, NDR-B\u00fchne\"\/><span class=\"before\"><\/span><span class=\"after\"><\/span><\/a><\/div><div class=\"isotope-item block-2 block-h-2\"><a href=\"http:\/\/www.rockpixx.com\/wordpress\/wp-content\/uploads\/2013\/01\/20090625-01-071.jpg\" rel=\"prettyPhoto[postgal_5431]\" class=\"show-hover-link block-h-2\"\"><img decoding=\"async\" src=\"http:\/\/www.rockpixx.com\/wordpress\/wp-content\/uploads\/2013\/01\/20090625-01-071-480x400.jpg\" alt=\"Madcon, 25.06.2009, Kiel, NDR-B\u00fchne\"\/><span class=\"before\"><\/span><span class=\"after\"><\/span><\/a><\/div><\/div><\/div><\/p>\n","protected":false},"excerpt":{"rendered":"<p>Heute hatte Petrus kein Mitleid mit uns &#8230; es goss wie aus K\u00fcbeln.<\/p>\n","protected":false},"author":2,"featured_media":5430,"comment_status":"open","ping_status":"open","sticky":false,"template":"","format":"standard","meta":{"_jetpack_memberships_contains_paid_content":false,"footnotes":"","jetpack_publicize_message":"","jetpack_publicize_feature_enabled":true,"jetpack_social_post_already_shared":true,"jetpack_social_options":{"image_generator_settings":{"template":"highway","default_image_id":0,"font":"","enabled":false},"version":2}},"categories":[34,448],"tags":[1831,133,138,1834,1775],"class_list":["post-5429","post","type-post","status-publish","format-standard","has-post-thumbnail","hentry","category-acts","category-madcon","tag-1831","tag-festivals","tag-kieler-woche","tag-madcon","tag-ndr-buhne"],"aioseo_notices":[],"jetpack_publicize_connections":[],"jetpack_featured_media_url":"http:\/\/www.rockpixx.com\/wordpress\/wp-content\/uploads\/2013\/01\/20090625-01-madcon-Artikel.jpg","jetpack-related-posts":[{"id":14873,"url":"http:\/\/www.rockpixx.com\/wordpress\/madcon-25-06-2014-kiel-ndr-buehne\/","url_meta":{"origin":5429,"position":0},"title":"Madcon, 25.06.2014, Kiel, NDR-B\u00fchne","author":"Anja","date":"26. Juni 2014","format":false,"excerpt":"Als ich das \u2192 letzte Mal \u201eMadcon\u201c vor der Kamera hatte war die NDR-B\u00fchne noch am alten Olympiahafen und es hatte gesch\u00fcttet wie aus K\u00fcbeln, sprich es waren schon Fische drinnen. Damals ist \u201eMadcon\u201c super gut gelaunt und mit Regenschirmen aufgetreten, diese konnten sie heute in der Garderobe lassen, denn\u2026","rel":"","context":"In &quot;Acts&quot;","block_context":{"text":"Acts","link":"http:\/\/www.rockpixx.com\/wordpress\/category\/acts\/"},"img":{"alt_text":"Madcon, 25.06.2014, Kiel, NDR-B\u00fchne","src":"https:\/\/i0.wp.com\/www.rockpixx.com\/wordpress\/wp-content\/uploads\/2014\/07\/20140625-03-071_madcon_Artikel2.jpg?resize=350%2C200","width":350,"height":200,"srcset":"https:\/\/i0.wp.com\/www.rockpixx.com\/wordpress\/wp-content\/uploads\/2014\/07\/20140625-03-071_madcon_Artikel2.jpg?resize=350%2C200 1x, https:\/\/i0.wp.com\/www.rockpixx.com\/wordpress\/wp-content\/uploads\/2014\/07\/20140625-03-071_madcon_Artikel2.jpg?resize=525%2C300 1.5x, https:\/\/i0.wp.com\/www.rockpixx.com\/wordpress\/wp-content\/uploads\/2014\/07\/20140625-03-071_madcon_Artikel2.jpg?resize=700%2C400 2x"},"classes":[]},{"id":18694,"url":"http:\/\/www.rockpixx.com\/wordpress\/madcon-26-06-2015-kieler-woche-ndr-buehne-kiel\/","url_meta":{"origin":5429,"position":1},"title":"Madcon, 26.06.2015, Kieler Woche, NDR-B\u00fchne, Kiel","author":"Anja","date":"27. Juni 2015","format":false,"excerpt":"F\u00fcr mich war es das dritte Mal, dass ich die Musiker Tshawe Baqwa und Yosef Wolde-Mariam \u2013 einfacher gesagt \u201eMadcon\u201c vor der Linse hatte. Als ich am Ostseekai ankam, war dieser schon recht gut gef\u00fcllt, da vor \u201eMadcon\u201c noch \u201eTeesy\u201c auf der B\u00fchne stand. Die M\u00e4dels sind schier ausgerastet. Aber\u2026","rel":"","context":"In &quot;Acts&quot;","block_context":{"text":"Acts","link":"http:\/\/www.rockpixx.com\/wordpress\/category\/acts\/"},"img":{"alt_text":"Madcon, 26.06.2015, NDR-B\u00fchne, Kiel","src":"https:\/\/i0.wp.com\/www.rockpixx.com\/wordpress\/wp-content\/uploads\/2015\/06\/20150626-04-027_madcon_Artikel.jpg?resize=350%2C200","width":350,"height":200,"srcset":"https:\/\/i0.wp.com\/www.rockpixx.com\/wordpress\/wp-content\/uploads\/2015\/06\/20150626-04-027_madcon_Artikel.jpg?resize=350%2C200 1x, https:\/\/i0.wp.com\/www.rockpixx.com\/wordpress\/wp-content\/uploads\/2015\/06\/20150626-04-027_madcon_Artikel.jpg?resize=525%2C300 1.5x, https:\/\/i0.wp.com\/www.rockpixx.com\/wordpress\/wp-content\/uploads\/2015\/06\/20150626-04-027_madcon_Artikel.jpg?resize=700%2C400 2x"},"classes":[]},{"id":14794,"url":"http:\/\/www.rockpixx.com\/wordpress\/iggy-and-the-german-kids-25-06-2014-kiel-ndr-buehne\/","url_meta":{"origin":5429,"position":2},"title":"Iggy and The German Kids, 25.06.2014, Kiel, NDR-B\u00fchne","author":"Anja","date":"26. Juni 2014","format":false,"excerpt":"Eigentlich stand f\u00fcr diesen Zeitpunkt meines Arbeitstages \u2192 \u201eIllegal 2001\u201c im Kieler Woche Musikzelt auf dem Programm, aber leider hat sich die Zeit f\u00fcr den Auftritt um eine Stunde nach hinten verschoben und da kollidieren sie\u00a0 mit dem Auftritt von \u2192 \u201eMadcon\u201c auf der NDR-B\u00fchne. Also bin ich gem\u00fctlich die\u2026","rel":"","context":"In &quot;Acts&quot;","block_context":{"text":"Acts","link":"http:\/\/www.rockpixx.com\/wordpress\/category\/acts\/"},"img":{"alt_text":"Iggy and The German Kids, 25.06.2014, Kiel, NDR-B\u00fchne","src":"https:\/\/i0.wp.com\/www.rockpixx.com\/wordpress\/wp-content\/uploads\/2014\/07\/20140625-02-025_iggy-and-the-german-kids_Artikel.jpg?resize=350%2C200","width":350,"height":200,"srcset":"https:\/\/i0.wp.com\/www.rockpixx.com\/wordpress\/wp-content\/uploads\/2014\/07\/20140625-02-025_iggy-and-the-german-kids_Artikel.jpg?resize=350%2C200 1x, https:\/\/i0.wp.com\/www.rockpixx.com\/wordpress\/wp-content\/uploads\/2014\/07\/20140625-02-025_iggy-and-the-german-kids_Artikel.jpg?resize=525%2C300 1.5x, https:\/\/i0.wp.com\/www.rockpixx.com\/wordpress\/wp-content\/uploads\/2014\/07\/20140625-02-025_iggy-and-the-german-kids_Artikel.jpg?resize=700%2C400 2x"},"classes":[]},{"id":18689,"url":"http:\/\/www.rockpixx.com\/wordpress\/coverline-26-06-2015-kieler-woche-netuse-buehne-kiel\/","url_meta":{"origin":5429,"position":3},"title":"CoverLine, 26.06.2015, Kieler Woche, NetUSE-B\u00fchne, Kiel","author":"Anja","date":"27. Juni 2015","format":false,"excerpt":"Das Abendprogramm auf der NetUSE-B\u00fchne bestreiten diesmal \u201eCoverLine\u201c. Lange begleitet diese Band unsere Kieler Woche-Berichte und oft hatte sich f\u00fcr uns durch den Mitgliederwechsel die Optik und die Akustik ge\u00e4ndert. Dieses Mal nicht \u2013 wir treffen die gleiche Formation wie letztes Jahr an und freuen uns, dass die Kontinuit\u00e4t sich\u2026","rel":"","context":"In &quot;Acts&quot;","block_context":{"text":"Acts","link":"http:\/\/www.rockpixx.com\/wordpress\/category\/acts\/"},"img":{"alt_text":"","src":"https:\/\/i0.wp.com\/www.rockpixx.com\/wordpress\/wp-content\/uploads\/2015\/06\/20150626-02-003_coverline_Artikel.jpg?resize=350%2C200","width":350,"height":200,"srcset":"https:\/\/i0.wp.com\/www.rockpixx.com\/wordpress\/wp-content\/uploads\/2015\/06\/20150626-02-003_coverline_Artikel.jpg?resize=350%2C200 1x, https:\/\/i0.wp.com\/www.rockpixx.com\/wordpress\/wp-content\/uploads\/2015\/06\/20150626-02-003_coverline_Artikel.jpg?resize=525%2C300 1.5x, https:\/\/i0.wp.com\/www.rockpixx.com\/wordpress\/wp-content\/uploads\/2015\/06\/20150626-02-003_coverline_Artikel.jpg?resize=700%2C400 2x"},"classes":[]},{"id":11353,"url":"http:\/\/www.rockpixx.com\/wordpress\/nena-30-06-2013-kiel-ndr-buhne-2\/","url_meta":{"origin":5429,"position":4},"title":"Nena, 30.06.2013, Kiel, NDR-B\u00fchne","author":"Anja","date":"1. Juli 2013","format":false,"excerpt":"Nena zum \u2192\u00a0zweiten Mal nach 2010 auf der Kieler Woche und auch diesmal berichten wir von diesem Konzert bzw. wir berichten vom ersten Song und zeigen die dazu geh\u00f6renden Bilder. Aber der Reihe nach. Das erste was mir auffiel, war die gro\u00dfe Nervosit\u00e4t der Security-Mitarbeiter an diesem Abend. Ob das\u2026","rel":"","context":"In &quot;Acts&quot;","block_context":{"text":"Acts","link":"http:\/\/www.rockpixx.com\/wordpress\/category\/acts\/"},"img":{"alt_text":"Nena, 30.06.2013, Kiel, NDR-B\u00fchne","src":"https:\/\/i0.wp.com\/www.rockpixx.com\/wordpress\/wp-content\/uploads\/2013\/07\/20130630-04-032_nena-Artikel.jpg?resize=350%2C200","width":350,"height":200,"srcset":"https:\/\/i0.wp.com\/www.rockpixx.com\/wordpress\/wp-content\/uploads\/2013\/07\/20130630-04-032_nena-Artikel.jpg?resize=350%2C200 1x, https:\/\/i0.wp.com\/www.rockpixx.com\/wordpress\/wp-content\/uploads\/2013\/07\/20130630-04-032_nena-Artikel.jpg?resize=525%2C300 1.5x, https:\/\/i0.wp.com\/www.rockpixx.com\/wordpress\/wp-content\/uploads\/2013\/07\/20130630-04-032_nena-Artikel.jpg?resize=700%2C400 2x"},"classes":[]},{"id":51,"url":"http:\/\/www.rockpixx.com\/wordpress\/feucht-nass-landunter-kieler-woche\/","url_meta":{"origin":5429,"position":5},"title":"feucht\u2026 nass\u2026 landunter\u2026 Kieler Woche!","author":"admin","date":"25. Juni 2009","format":false,"excerpt":"Moin, heute Abend war's nass, aber so richtig. So feucht, dass sogar das Warten auf Marianne Rosenberg nach einer Stunde abgebrochen werden musste \u2013 mehr Feuchtigkeit (von au\u00dfen) konnte meine Hose einfach nicht mehr aufsaugen \u2013 schade eigentlich. Nicht mal ein Foto des Regenschirm-Meeres vor der B\u00fchne mochte ich einer\u2026","rel":"","context":"In &quot;2009&quot;","block_context":{"text":"2009","link":"http:\/\/www.rockpixx.com\/wordpress\/category\/backstage\/2009\/"},"img":{"alt_text":"","src":"","width":0,"height":0},"classes":[]}],"jetpack_sharing_enabled":true,"publishpress_future_action":{"enabled":false,"date":"2026-05-06 23:32:16","action":"change-status","newStatus":"draft","terms":[],"taxonomy":"category","extraData":[]},"publishpress_future_workflow_manual_trigger":{"enabledWorkflows":[]},"_links":{"self":[{"href":"http:\/\/www.rockpixx.com\/wordpress\/wp-json\/wp\/v2\/posts\/5429","targetHints":{"allow":["GET"]}}],"collection":[{"href":"http:\/\/www.rockpixx.com\/wordpress\/wp-json\/wp\/v2\/posts"}],"about":[{"href":"http:\/\/www.rockpixx.com\/wordpress\/wp-json\/wp\/v2\/types\/post"}],"author":[{"embeddable":true,"href":"http:\/\/www.rockpixx.com\/wordpress\/wp-json\/wp\/v2\/users\/2"}],"replies":[{"embeddable":true,"href":"http:\/\/www.rockpixx.com\/wordpress\/wp-json\/wp\/v2\/comments?post=5429"}],"version-history":[{"count":0,"href":"http:\/\/www.rockpixx.com\/wordpress\/wp-json\/wp\/v2\/posts\/5429\/revisions"}],"wp:featuredmedia":[{"embeddable":true,"href":"http:\/\/www.rockpixx.com\/wordpress\/wp-json\/wp\/v2\/media\/5430"}],"wp:attachment":[{"href":"http:\/\/www.rockpixx.com\/wordpress\/wp-json\/wp\/v2\/media?parent=5429"}],"wp:term":[{"taxonomy":"category","embeddable":true,"href":"http:\/\/www.rockpixx.com\/wordpress\/wp-json\/wp\/v2\/categories?post=5429"},{"taxonomy":"post_tag","embeddable":true,"href":"http:\/\/www.rockpixx.com\/wordpress\/wp-json\/wp\/v2\/tags?post=5429"}],"curies":[{"name":"wp","href":"https:\/\/api.w.org\/{rel}","templated":true}]}}