{"id":5482,"date":"2009-06-26T01:00:50","date_gmt":"2009-06-25T23:00:50","guid":{"rendered":"http:\/\/rockpixx.com\/wordpress\/?p=5482"},"modified":"2013-01-27T16:19:23","modified_gmt":"2013-01-27T14:19:23","slug":"reamonn-26-06-2009-kiel-unser-norden-buhne","status":"publish","type":"post","link":"http:\/\/www.rockpixx.com\/wordpress\/reamonn-26-06-2009-kiel-unser-norden-buhne\/","title":{"rendered":"Reamonn, 26.06.2009, Kiel, Unser Norden-B\u00fchne"},"content":{"rendered":"<p>Der erste Act f\u00fcr den Fotografen an diesem Abend: \u201eReamonn\u201c stehen auf dem Tagesplan. <!--more-->Allerdings droht es schon fast daran zu scheitern, dass der Graben unerreichbar scheint: SO viele Menschen gab\u2019s die Tage noch nicht vor der \u201eUnser Norden-B\u00fchne\u201c.<\/p>\n<p>Egal \u2013 irgendwie gelingt es mir noch rechtzeitig (und trockenen Fu\u00dfes) den Graben zu erreichen, die Kameras auszupacken und da geht es auch schon los: Leicht bombastischer aber sehr melodi\u00f6ser Rock erschallt und die Musiker von \u201eReamonn\u201c legen sich gleich m\u00e4chtig ins Zeug \u2013 sehr zur Freude von Fans und Fotografen.<\/p>\n<p>Der Weg aus dem Graben heraus durch die Massen ist \u00fcbrigens auch nicht so ganz ohne gewesen\u2026<\/p>\n<p style=\"text-align: right;\">Fotos:\u00a0<a href=\"mailto:info@rockpixx.com?subject=Fotos%20von%20Reamonn,%20Kiel%20%E2%80%9EUnser%20Norden-B%C3%BChne%E2%80%9C,%2026.06.2009\">Alex<\/a>\u00a0| Text:\u00a0<a href=\"mailto:info@rockpixx.com?subject=Reviewtext%20von%20Reamonn,%20Kiel%20%E2%80%9EUnser%20Norden-B%C3%BChne%E2%80%9C,%2026.06.2009\">Alex<\/a><\/p>\n<p style=\"text-align: left;\"><div class=\"eat-left eat-right\"><div class=\"thumbs-masonry isotope\"><div class=\"isotope-item block-2 block-h-2\"><a href=\"http:\/\/www.rockpixx.com\/wordpress\/wp-content\/uploads\/2013\/01\/20090626-01-010.jpg\" rel=\"prettyPhoto[postgal_5484]\" class=\"show-hover-link block-h-2\"\"><img decoding=\"async\" src=\"http:\/\/www.rockpixx.com\/wordpress\/wp-content\/uploads\/2013\/01\/20090626-01-010-480x400.jpg\" alt=\"Reamonn, 26.06.2009, Kiel, Unser Norden-B\u00fchne\"\/><span class=\"before\"><\/span><span class=\"after\"><\/span><\/a><\/div><div class=\"isotope-item block-1 block-h-1\"><a href=\"http:\/\/www.rockpixx.com\/wordpress\/wp-content\/uploads\/2013\/01\/20090626-01-029.jpg\" rel=\"prettyPhoto[postgal_5484]\" class=\"show-hover-link block-h-1\"\"><img decoding=\"async\" src=\"http:\/\/www.rockpixx.com\/wordpress\/wp-content\/uploads\/2013\/01\/20090626-01-029-480x400.jpg\" alt=\"Reamonn, 26.06.2009, Kiel, Unser Norden-B\u00fchne\"\/><span class=\"before\"><\/span><span class=\"after\"><\/span><\/a><\/div><div class=\"isotope-item block-1 block-h-1\"><a href=\"http:\/\/www.rockpixx.com\/wordpress\/wp-content\/uploads\/2013\/01\/20090626-01-036.jpg\" rel=\"prettyPhoto[postgal_5484]\" class=\"show-hover-link block-h-1\"\"><img decoding=\"async\" src=\"http:\/\/www.rockpixx.com\/wordpress\/wp-content\/uploads\/2013\/01\/20090626-01-036-480x400.jpg\" alt=\"Reamonn, 26.06.2009, Kiel, Unser Norden-B\u00fchne\"\/><span class=\"before\"><\/span><span class=\"after\"><\/span><\/a><\/div><div class=\"isotope-item block-2 block-h-2\"><a href=\"http:\/\/www.rockpixx.com\/wordpress\/wp-content\/uploads\/2013\/01\/20090626-01-053.jpg\" rel=\"prettyPhoto[postgal_5484]\" class=\"show-hover-link block-h-2\"\"><img decoding=\"async\" src=\"http:\/\/www.rockpixx.com\/wordpress\/wp-content\/uploads\/2013\/01\/20090626-01-053-480x400.jpg\" alt=\"Reamonn, 26.06.2009, Kiel, Unser Norden-B\u00fchne\"\/><span class=\"before\"><\/span><span class=\"after\"><\/span><\/a><\/div><div class=\"isotope-item block-1 block-h-1\"><a href=\"http:\/\/www.rockpixx.com\/wordpress\/wp-content\/uploads\/2013\/01\/20090626-01-084.jpg\" rel=\"prettyPhoto[postgal_5484]\" class=\"show-hover-link block-h-1\"\"><img decoding=\"async\" src=\"http:\/\/www.rockpixx.com\/wordpress\/wp-content\/uploads\/2013\/01\/20090626-01-084-480x400.jpg\" alt=\"Reamonn, 26.06.2009, Kiel, Unser Norden-B\u00fchne\"\/><span class=\"before\"><\/span><span class=\"after\"><\/span><\/a><\/div><div class=\"isotope-item block-1 block-h-1\"><a href=\"http:\/\/www.rockpixx.com\/wordpress\/wp-content\/uploads\/2013\/01\/20090626-01-089.jpg\" rel=\"prettyPhoto[postgal_5484]\" class=\"show-hover-link block-h-1\"\"><img decoding=\"async\" src=\"http:\/\/www.rockpixx.com\/wordpress\/wp-content\/uploads\/2013\/01\/20090626-01-089-480x400.jpg\" alt=\"Reamonn, 26.06.2009, Kiel, Unser Norden-B\u00fchne\"\/><span class=\"before\"><\/span><span class=\"after\"><\/span><\/a><\/div><div class=\"isotope-item block-2 block-h-2\"><a href=\"http:\/\/www.rockpixx.com\/wordpress\/wp-content\/uploads\/2013\/01\/20090626-01-118.jpg\" rel=\"prettyPhoto[postgal_5484]\" class=\"show-hover-link block-h-2\"\"><img decoding=\"async\" src=\"http:\/\/www.rockpixx.com\/wordpress\/wp-content\/uploads\/2013\/01\/20090626-01-118-480x400.jpg\" alt=\"Reamonn, 26.06.2009, Kiel, Unser Norden-B\u00fchne\"\/><span class=\"before\"><\/span><span class=\"after\"><\/span><\/a><\/div><div class=\"isotope-item block-1 block-h-1\"><a href=\"http:\/\/www.rockpixx.com\/wordpress\/wp-content\/uploads\/2013\/01\/20090626-01-154.jpg\" rel=\"prettyPhoto[postgal_5484]\" class=\"show-hover-link block-h-1\"\"><img decoding=\"async\" src=\"http:\/\/www.rockpixx.com\/wordpress\/wp-content\/uploads\/2013\/01\/20090626-01-154-480x400.jpg\" alt=\"Reamonn, 26.06.2009, Kiel, Unser Norden-B\u00fchne\"\/><span class=\"before\"><\/span><span class=\"after\"><\/span><\/a><\/div><div class=\"isotope-item block-1 block-h-1\"><a href=\"http:\/\/www.rockpixx.com\/wordpress\/wp-content\/uploads\/2013\/01\/20090626-01-165.jpg\" rel=\"prettyPhoto[postgal_5484]\" class=\"show-hover-link block-h-1\"\"><img decoding=\"async\" src=\"http:\/\/www.rockpixx.com\/wordpress\/wp-content\/uploads\/2013\/01\/20090626-01-165-480x400.jpg\" alt=\"Reamonn, 26.06.2009, Kiel, Unser Norden-B\u00fchne\"\/><span class=\"before\"><\/span><span class=\"after\"><\/span><\/a><\/div><div class=\"isotope-item block-2 block-h-2\"><a href=\"http:\/\/www.rockpixx.com\/wordpress\/wp-content\/uploads\/2013\/01\/20090626-01-220.jpg\" rel=\"prettyPhoto[postgal_5484]\" class=\"show-hover-link block-h-2\"\"><img decoding=\"async\" src=\"http:\/\/www.rockpixx.com\/wordpress\/wp-content\/uploads\/2013\/01\/20090626-01-220-480x400.jpg\" alt=\"Reamonn, 26.06.2009, Kiel, Unser Norden-B\u00fchne\"\/><span class=\"before\"><\/span><span class=\"after\"><\/span><\/a><\/div><\/div><\/div><\/p>\n","protected":false},"excerpt":{"rendered":"<p>Der erste Act f\u00fcr den Fotografen an diesem Abend: \u201eReamonn\u201c stehen auf dem Tagesplan.<\/p>\n","protected":false},"author":2,"featured_media":5483,"comment_status":"open","ping_status":"open","sticky":false,"template":"","format":"standard","meta":{"_jetpack_memberships_contains_paid_content":false,"footnotes":"","jetpack_publicize_message":"","jetpack_publicize_feature_enabled":true,"jetpack_social_post_already_shared":true,"jetpack_social_options":{"image_generator_settings":{"template":"highway","default_image_id":0,"font":"","enabled":false},"version":2}},"categories":[34,450],"tags":[1831,133,1735,138,1837,328],"class_list":["post-5482","post","type-post","status-publish","format-standard","has-post-thumbnail","hentry","category-acts","category-reamonn","tag-1831","tag-festivals","tag-kiel","tag-kieler-woche","tag-reamonn","tag-unser-norden-buhne"],"aioseo_notices":[],"jetpack_publicize_connections":[],"jetpack_featured_media_url":"http:\/\/www.rockpixx.com\/wordpress\/wp-content\/uploads\/2013\/01\/20090626-01-reamonn-Artikel.jpg","jetpack-related-posts":[{"id":7914,"url":"http:\/\/www.rockpixx.com\/wordpress\/rea-garvey-22-06-2011-kiel-unser-norden-buhne\/","url_meta":{"origin":5482,"position":0},"title":"Rea Garvey, 22.06.2011, Kiel, Unser Norden-B\u00fchne","author":"Anja","date":"22. Juni 2011","format":false,"excerpt":"Der Abend k\u00fcndigt sich irgendwie schon als nicht so prickelnd an: Erst bekommen wir keinen Parkplatz an der MAXB\u00fchne, m\u00fcssen also umdisponieren und an der Unser Norden-B\u00fchne einen Fahrerwechsel einplanen, dann kommt es feucht von oben herunter und die erste Ansage im Graben bei Rea Garvey lautet dann: \u201eNur die\u2026","rel":"","context":"In &quot;Acts&quot;","block_context":{"text":"Acts","link":"http:\/\/www.rockpixx.com\/wordpress\/category\/acts\/"},"img":{"alt_text":"Rea Garvey, 22.06.2011, Kiel, Unser Norden-B\u00fchne","src":"https:\/\/i0.wp.com\/www.rockpixx.com\/wordpress\/wp-content\/uploads\/2013\/02\/20110622-01-rea-garvey-Artikel.jpg?resize=350%2C200","width":350,"height":200,"srcset":"https:\/\/i0.wp.com\/www.rockpixx.com\/wordpress\/wp-content\/uploads\/2013\/02\/20110622-01-rea-garvey-Artikel.jpg?resize=350%2C200 1x, https:\/\/i0.wp.com\/www.rockpixx.com\/wordpress\/wp-content\/uploads\/2013\/02\/20110622-01-rea-garvey-Artikel.jpg?resize=525%2C300 1.5x, https:\/\/i0.wp.com\/www.rockpixx.com\/wordpress\/wp-content\/uploads\/2013\/02\/20110622-01-rea-garvey-Artikel.jpg?resize=700%2C400 2x"},"classes":[]},{"id":2529,"url":"http:\/\/www.rockpixx.com\/wordpress\/fury-in-the-slaughterhouse-23-06-2008-kiel-unser-norden-buhne\/","url_meta":{"origin":5482,"position":1},"title":"Fury in the Slaughterhouse, 23.06.2008, Kiel, Unser Norden-B\u00fchne","author":"Anja","date":"23. Juni 2008","format":false,"excerpt":"Super Voraussetzungen f\u00fcr einen Gig der voraussichtlichen Abschiedstournee von Fury: Open Air, taghell, kalt und heftige Windb\u00f6en \u2013 daf\u00fcr scheint die Sonne den Musikern aber genau waagerecht von vorne in die Augen\u2026 Dennoch ist eine gut vierstellige Anzahl an Besuchern da und die Musiker entt\u00e4uschen ihr norddeutsches Fanpotential auch nicht.\u00a0Licht\u2026","rel":"","context":"In &quot;Acts&quot;","block_context":{"text":"Acts","link":"http:\/\/www.rockpixx.com\/wordpress\/category\/acts\/"},"img":{"alt_text":"Fury in the Slaughterhouse, 23.06.2008, Kiel, Unser Norden-B\u00fchne","src":"https:\/\/i0.wp.com\/www.rockpixx.com\/wordpress\/wp-content\/uploads\/2008\/06\/20080623-01-fury-in-the-slaughterhouse-Artikel.jpg?resize=350%2C200","width":350,"height":200,"srcset":"https:\/\/i0.wp.com\/www.rockpixx.com\/wordpress\/wp-content\/uploads\/2008\/06\/20080623-01-fury-in-the-slaughterhouse-Artikel.jpg?resize=350%2C200 1x, https:\/\/i0.wp.com\/www.rockpixx.com\/wordpress\/wp-content\/uploads\/2008\/06\/20080623-01-fury-in-the-slaughterhouse-Artikel.jpg?resize=525%2C300 1.5x, https:\/\/i0.wp.com\/www.rockpixx.com\/wordpress\/wp-content\/uploads\/2008\/06\/20080623-01-fury-in-the-slaughterhouse-Artikel.jpg?resize=700%2C400 2x"},"classes":[]},{"id":7717,"url":"http:\/\/www.rockpixx.com\/wordpress\/gentleman-18-06-2011-kiel-unser-norden-buhne\/","url_meta":{"origin":5482,"position":2},"title":"Gentleman, 18.06.2011, Kiel, Unser Norden-B\u00fchne","author":"Anja","date":"18. Juni 2011","format":false,"excerpt":"Reggae und Regen \u2013 das passt \u00fcberhaupt nicht zusammen. Dieser Meinung war auch die Sonne, welche sich sonst den ganzen Tag hinter dicken Regenwolken versteckt hatte. Ich drohte schon mit Streik. Denn bei den Wassermassen von oben w\u00e4re ein Aufenthalt im Graben einem Vollbad in der H\u00f6rn gleichgekommen. Aber wie\u2026","rel":"","context":"In &quot;Acts&quot;","block_context":{"text":"Acts","link":"http:\/\/www.rockpixx.com\/wordpress\/category\/acts\/"},"img":{"alt_text":"Gentleman, 18.06.2011, Kiel, Unser Norden-B\u00fchne","src":"https:\/\/i0.wp.com\/www.rockpixx.com\/wordpress\/wp-content\/uploads\/2013\/01\/20110618-02-gentleman-Artikel.jpg?resize=350%2C200","width":350,"height":200,"srcset":"https:\/\/i0.wp.com\/www.rockpixx.com\/wordpress\/wp-content\/uploads\/2013\/01\/20110618-02-gentleman-Artikel.jpg?resize=350%2C200 1x, https:\/\/i0.wp.com\/www.rockpixx.com\/wordpress\/wp-content\/uploads\/2013\/01\/20110618-02-gentleman-Artikel.jpg?resize=525%2C300 1.5x, https:\/\/i0.wp.com\/www.rockpixx.com\/wordpress\/wp-content\/uploads\/2013\/01\/20110618-02-gentleman-Artikel.jpg?resize=700%2C400 2x"},"classes":[]},{"id":6734,"url":"http:\/\/www.rockpixx.com\/wordpress\/one-fine-day-22-06-2010-kiel-unser-norden-buhne\/","url_meta":{"origin":5482,"position":3},"title":"One Fine Day, 22.06.2010, Kiel, Unser Norden-B\u00fchne","author":"Anja","date":"22. Juni 2010","format":false,"excerpt":"So heute der zweite Anlauf auf der Unser Norden-B\u00fchne. Hoffentlich ist das Management von \u201eOne Fine Day\u201c vern\u00fcnftiger. Ich kam an der B\u00fchne an und war auch etwas erleichtert, als es hie\u00df, \u201edie Presse darf in den Graben\u201c. Sonst w\u00e4ren heute f\u00fcr Euch nicht so viele Bilder hier online gegangen.\u00a0Die\u2026","rel":"","context":"In &quot;Acts&quot;","block_context":{"text":"Acts","link":"http:\/\/www.rockpixx.com\/wordpress\/category\/acts\/"},"img":{"alt_text":"One Fine Day, 22.06.2010, Kiel, Unser Norden-B\u00fchne","src":"https:\/\/i0.wp.com\/www.rockpixx.com\/wordpress\/wp-content\/uploads\/2013\/01\/20100622-04-one-fine-day-Artikel.jpg?resize=350%2C200","width":350,"height":200,"srcset":"https:\/\/i0.wp.com\/www.rockpixx.com\/wordpress\/wp-content\/uploads\/2013\/01\/20100622-04-one-fine-day-Artikel.jpg?resize=350%2C200 1x, https:\/\/i0.wp.com\/www.rockpixx.com\/wordpress\/wp-content\/uploads\/2013\/01\/20100622-04-one-fine-day-Artikel.jpg?resize=525%2C300 1.5x, https:\/\/i0.wp.com\/www.rockpixx.com\/wordpress\/wp-content\/uploads\/2013\/01\/20100622-04-one-fine-day-Artikel.jpg?resize=700%2C400 2x"},"classes":[]},{"id":14329,"url":"http:\/\/www.rockpixx.com\/wordpress\/rea-garvey-20-06-2014-kiel-ndr-buehne\/","url_meta":{"origin":5482,"position":4},"title":"Rea Garvey, 20.06.2014, Kiel, NDR B\u00fchne","author":"admin","date":"21. Juni 2014","format":false,"excerpt":"Der erste Eindruck ist \u00fcberw\u00e4ltigend! Da ist etwas Au\u00dferirdisches gelandet am Schwedenkai in Kiel. Nein\u2026 nicht Rea Garvey! Die Rede ist von der B\u00fchne, genauer gesagt, dem Dach vor der B\u00fchne, welches der NDR dort hingestellt hat. Auf einem riesigen Areal vor der bekannten gro\u00dfen B\u00fchne sind Catwalk, Graben und\u2026","rel":"","context":"In &quot;Acts&quot;","block_context":{"text":"Acts","link":"http:\/\/www.rockpixx.com\/wordpress\/category\/acts\/"},"img":{"alt_text":"Rea Garvey, 20.06.2014, Kiel, NDR B\u00fchne","src":"https:\/\/i0.wp.com\/www.rockpixx.com\/wordpress\/wp-content\/uploads\/2014\/06\/20140620-03-035_rea-garvey_Artikel.jpg?resize=350%2C200","width":350,"height":200,"srcset":"https:\/\/i0.wp.com\/www.rockpixx.com\/wordpress\/wp-content\/uploads\/2014\/06\/20140620-03-035_rea-garvey_Artikel.jpg?resize=350%2C200 1x, https:\/\/i0.wp.com\/www.rockpixx.com\/wordpress\/wp-content\/uploads\/2014\/06\/20140620-03-035_rea-garvey_Artikel.jpg?resize=525%2C300 1.5x, https:\/\/i0.wp.com\/www.rockpixx.com\/wordpress\/wp-content\/uploads\/2014\/06\/20140620-03-035_rea-garvey_Artikel.jpg?resize=700%2C400 2x"},"classes":[]},{"id":6525,"url":"http:\/\/www.rockpixx.com\/wordpress\/tin-lizzy-20-06-2010-kiel-unser-norden-buhne\/","url_meta":{"origin":5482,"position":5},"title":"Tin Lizzy, 20.06.2010, Kiel, Unser Norden-B\u00fchne","author":"Anja","date":"20. Juni 2010","format":false,"excerpt":"Nach \u2192\u00a0UB40 stand auf der \u201eUnser Norden-B\u00fchne\u201c die Gruppe Tin Lizzy. Eine Kult-Partyband hier aus dem Norden. Mir fiel gleich zu Anfang positiv auf, dass die Bandmitglieder sehr gesangssicher sind. Ebenso hat mir das Zusammenspiel der Musiker auf der B\u00fchne gefallen. Keiner von ihnen stand nur steif hinter seinem Instrument\u2026","rel":"","context":"In &quot;Acts&quot;","block_context":{"text":"Acts","link":"http:\/\/www.rockpixx.com\/wordpress\/category\/acts\/"},"img":{"alt_text":"Tin Lizzy, 20.06.2010, Kiel, Unser Norden-B\u00fchne","src":"https:\/\/i0.wp.com\/www.rockpixx.com\/wordpress\/wp-content\/uploads\/2013\/01\/20100620-04-tin-lizzy-Artikel.jpg?resize=350%2C200","width":350,"height":200,"srcset":"https:\/\/i0.wp.com\/www.rockpixx.com\/wordpress\/wp-content\/uploads\/2013\/01\/20100620-04-tin-lizzy-Artikel.jpg?resize=350%2C200 1x, https:\/\/i0.wp.com\/www.rockpixx.com\/wordpress\/wp-content\/uploads\/2013\/01\/20100620-04-tin-lizzy-Artikel.jpg?resize=525%2C300 1.5x, https:\/\/i0.wp.com\/www.rockpixx.com\/wordpress\/wp-content\/uploads\/2013\/01\/20100620-04-tin-lizzy-Artikel.jpg?resize=700%2C400 2x"},"classes":[]}],"jetpack_sharing_enabled":true,"publishpress_future_action":{"enabled":false,"date":"2026-05-06 14:14:45","action":"change-status","newStatus":"draft","terms":[],"taxonomy":"category","extraData":[]},"publishpress_future_workflow_manual_trigger":{"enabledWorkflows":[]},"_links":{"self":[{"href":"http:\/\/www.rockpixx.com\/wordpress\/wp-json\/wp\/v2\/posts\/5482","targetHints":{"allow":["GET"]}}],"collection":[{"href":"http:\/\/www.rockpixx.com\/wordpress\/wp-json\/wp\/v2\/posts"}],"about":[{"href":"http:\/\/www.rockpixx.com\/wordpress\/wp-json\/wp\/v2\/types\/post"}],"author":[{"embeddable":true,"href":"http:\/\/www.rockpixx.com\/wordpress\/wp-json\/wp\/v2\/users\/2"}],"replies":[{"embeddable":true,"href":"http:\/\/www.rockpixx.com\/wordpress\/wp-json\/wp\/v2\/comments?post=5482"}],"version-history":[{"count":0,"href":"http:\/\/www.rockpixx.com\/wordpress\/wp-json\/wp\/v2\/posts\/5482\/revisions"}],"wp:featuredmedia":[{"embeddable":true,"href":"http:\/\/www.rockpixx.com\/wordpress\/wp-json\/wp\/v2\/media\/5483"}],"wp:attachment":[{"href":"http:\/\/www.rockpixx.com\/wordpress\/wp-json\/wp\/v2\/media?parent=5482"}],"wp:term":[{"taxonomy":"category","embeddable":true,"href":"http:\/\/www.rockpixx.com\/wordpress\/wp-json\/wp\/v2\/categories?post=5482"},{"taxonomy":"post_tag","embeddable":true,"href":"http:\/\/www.rockpixx.com\/wordpress\/wp-json\/wp\/v2\/tags?post=5482"}],"curies":[{"name":"wp","href":"https:\/\/api.w.org\/{rel}","templated":true}]}}