{"id":5498,"date":"2009-06-26T02:00:10","date_gmt":"2009-06-26T00:00:10","guid":{"rendered":"http:\/\/rockpixx.com\/wordpress\/?p=5498"},"modified":"2013-01-27T16:19:14","modified_gmt":"2013-01-27T14:19:14","slug":"right-said-fred-26-06-2009-kiel-ndr-buhne","status":"publish","type":"post","link":"http:\/\/www.rockpixx.com\/wordpress\/right-said-fred-26-06-2009-kiel-ndr-buhne\/","title":{"rendered":"Right Said Fred, 26.06.2009, Kiel, NDR-B\u00fchne"},"content":{"rendered":"<p>Heute durfte ich zwei Energieb\u00fcndel aus England ablichten. <!--more-->Die Jungs st\u00fcrmten auf die B\u00fchne und brachten mit Ihrem Song \u201eWe are the Freds\u201c gute Laune und Partystimmung mit. Ganz die Profis merkte man ihrem Auftritt an, dass es ihr Ziel ist, das Publikum zu unterhalten und gute Laune zu verbreiten. Die Jungs haben es einfach immer noch drauf und auch optisch haben sie sich nicht ver\u00e4ndert. Witzigerweise fiel mir auch pl\u00f6tzlich beim Fotografieren der Text von \u201eDon&#8217;t talk just kiss\u201c wieder ein und ich bekam ihn auch nicht mehr aus dem Kopf.<\/p>\n<p>Das war wieder ein Konzert wo ich gerne noch geblieben w\u00e4re, aber leider stand der n\u00e4chste Gig schon auf dem Plan und ich hatte noch einen langen Weg durch die Massen an der Kiellinie entlang zum Musikzelt vor mir. Also hie\u00df es Kamera einpacken und auf zu Illegal 2001.<\/p>\n<p style=\"text-align: right;\">Fotos:\u00a0<a href=\"mailto:a.roselt@rockpixx.com?subject=Fotos%20von%20Right%20Said%20Fred,%20Kiel%20%E2%80%9ENDR-B%C3%BChne%E2%80%9C,%2026.06.2009\">Anja<\/a>\u00a0| Text:\u00a0<a href=\"mailto:a.roselt@rockpixx.com?subject=Reviewtext%20von%20Right%20Said%20Fred,%20Kiel%20%E2%80%9ENDR-B%C3%BChne%E2%80%9C,%2026.06.2009\">Anja<\/a><\/p>\n<p style=\"text-align: left;\"><div class=\"eat-left eat-right\"><div class=\"thumbs-masonry isotope\"><div class=\"isotope-item block-2 block-h-2\"><a href=\"http:\/\/www.rockpixx.com\/wordpress\/wp-content\/uploads\/2013\/01\/20090626-02-010.jpg\" rel=\"prettyPhoto[postgal_5500]\" class=\"show-hover-link block-h-2\"\"><img decoding=\"async\" src=\"http:\/\/www.rockpixx.com\/wordpress\/wp-content\/uploads\/2013\/01\/20090626-02-010-480x400.jpg\" alt=\"Right Said Fred, 26.06.2009, Kiel, NDR-B\u00fchne\"\/><span class=\"before\"><\/span><span class=\"after\"><\/span><\/a><\/div><div class=\"isotope-item block-1 block-h-1\"><a href=\"http:\/\/www.rockpixx.com\/wordpress\/wp-content\/uploads\/2013\/01\/20090626-02-012.jpg\" rel=\"prettyPhoto[postgal_5500]\" class=\"show-hover-link block-h-1\"\"><img decoding=\"async\" src=\"http:\/\/www.rockpixx.com\/wordpress\/wp-content\/uploads\/2013\/01\/20090626-02-012-480x400.jpg\" alt=\"Right Said Fred, 26.06.2009, Kiel, NDR-B\u00fchne\"\/><span class=\"before\"><\/span><span class=\"after\"><\/span><\/a><\/div><div class=\"isotope-item block-1 block-h-1\"><a href=\"http:\/\/www.rockpixx.com\/wordpress\/wp-content\/uploads\/2013\/01\/20090626-02-022.jpg\" rel=\"prettyPhoto[postgal_5500]\" class=\"show-hover-link block-h-1\"\"><img decoding=\"async\" src=\"http:\/\/www.rockpixx.com\/wordpress\/wp-content\/uploads\/2013\/01\/20090626-02-022-480x400.jpg\" alt=\"Right Said Fred, 26.06.2009, Kiel, NDR-B\u00fchne\"\/><span class=\"before\"><\/span><span class=\"after\"><\/span><\/a><\/div><div class=\"isotope-item block-2 block-h-2\"><a href=\"http:\/\/www.rockpixx.com\/wordpress\/wp-content\/uploads\/2013\/01\/20090626-02-026.jpg\" rel=\"prettyPhoto[postgal_5500]\" class=\"show-hover-link block-h-2\"\"><img decoding=\"async\" src=\"http:\/\/www.rockpixx.com\/wordpress\/wp-content\/uploads\/2013\/01\/20090626-02-026-480x400.jpg\" alt=\"Right Said Fred, 26.06.2009, Kiel, NDR-B\u00fchne\"\/><span class=\"before\"><\/span><span class=\"after\"><\/span><\/a><\/div><div class=\"isotope-item block-1 block-h-1\"><a href=\"http:\/\/www.rockpixx.com\/wordpress\/wp-content\/uploads\/2013\/01\/20090626-02-032.jpg\" rel=\"prettyPhoto[postgal_5500]\" class=\"show-hover-link block-h-1\"\"><img decoding=\"async\" src=\"http:\/\/www.rockpixx.com\/wordpress\/wp-content\/uploads\/2013\/01\/20090626-02-032-480x400.jpg\" alt=\"Right Said Fred, 26.06.2009, Kiel, NDR-B\u00fchne\"\/><span class=\"before\"><\/span><span class=\"after\"><\/span><\/a><\/div><div class=\"isotope-item block-1 block-h-1\"><a href=\"http:\/\/www.rockpixx.com\/wordpress\/wp-content\/uploads\/2013\/01\/20090626-02-037.jpg\" rel=\"prettyPhoto[postgal_5500]\" class=\"show-hover-link block-h-1\"\"><img decoding=\"async\" src=\"http:\/\/www.rockpixx.com\/wordpress\/wp-content\/uploads\/2013\/01\/20090626-02-037-480x400.jpg\" alt=\"Right Said Fred, 26.06.2009, Kiel, NDR-B\u00fchne\"\/><span class=\"before\"><\/span><span class=\"after\"><\/span><\/a><\/div><div class=\"isotope-item block-2 block-h-2\"><a href=\"http:\/\/www.rockpixx.com\/wordpress\/wp-content\/uploads\/2013\/01\/20090626-02-042.jpg\" rel=\"prettyPhoto[postgal_5500]\" class=\"show-hover-link block-h-2\"\"><img decoding=\"async\" src=\"http:\/\/www.rockpixx.com\/wordpress\/wp-content\/uploads\/2013\/01\/20090626-02-042-480x400.jpg\" alt=\"Right Said Fred, 26.06.2009, Kiel, NDR-B\u00fchne\"\/><span class=\"before\"><\/span><span class=\"after\"><\/span><\/a><\/div><div class=\"isotope-item block-1 block-h-1\"><a href=\"http:\/\/www.rockpixx.com\/wordpress\/wp-content\/uploads\/2013\/01\/20090626-02-053.jpg\" rel=\"prettyPhoto[postgal_5500]\" class=\"show-hover-link block-h-1\"\"><img decoding=\"async\" src=\"http:\/\/www.rockpixx.com\/wordpress\/wp-content\/uploads\/2013\/01\/20090626-02-053-480x400.jpg\" alt=\"Right Said Fred, 26.06.2009, Kiel, NDR-B\u00fchne\"\/><span class=\"before\"><\/span><span class=\"after\"><\/span><\/a><\/div><div class=\"isotope-item block-1 block-h-1\"><a href=\"http:\/\/www.rockpixx.com\/wordpress\/wp-content\/uploads\/2013\/01\/20090626-02-057.jpg\" rel=\"prettyPhoto[postgal_5500]\" class=\"show-hover-link block-h-1\"\"><img decoding=\"async\" src=\"http:\/\/www.rockpixx.com\/wordpress\/wp-content\/uploads\/2013\/01\/20090626-02-057-480x400.jpg\" alt=\"Right Said Fred, 26.06.2009, Kiel, NDR-B\u00fchne\"\/><span class=\"before\"><\/span><span class=\"after\"><\/span><\/a><\/div><div class=\"isotope-item block-2 block-h-2\"><a href=\"http:\/\/www.rockpixx.com\/wordpress\/wp-content\/uploads\/2013\/01\/20090626-02-080.jpg\" rel=\"prettyPhoto[postgal_5500]\" class=\"show-hover-link block-h-2\"\"><img decoding=\"async\" src=\"http:\/\/www.rockpixx.com\/wordpress\/wp-content\/uploads\/2013\/01\/20090626-02-080-480x400.jpg\" alt=\"Right Said Fred, 26.06.2009, Kiel, NDR-B\u00fchne\"\/><span class=\"before\"><\/span><span class=\"after\"><\/span><\/a><\/div><\/div><\/div><\/p>\n","protected":false},"excerpt":{"rendered":"<p>Heute durfte ich zwei Energieb\u00fcndel aus England ablichten.<\/p>\n","protected":false},"author":2,"featured_media":5499,"comment_status":"open","ping_status":"open","sticky":false,"template":"","format":"standard","meta":{"_jetpack_memberships_contains_paid_content":false,"footnotes":"","jetpack_publicize_message":"","jetpack_publicize_feature_enabled":true,"jetpack_social_post_already_shared":true,"jetpack_social_options":{"image_generator_settings":{"template":"highway","default_image_id":0,"font":"","enabled":false},"version":2}},"categories":[34,451],"tags":[1831,133,1735,138,1775,1838],"class_list":["post-5498","post","type-post","status-publish","format-standard","has-post-thumbnail","hentry","category-acts","category-right-said-fred","tag-1831","tag-festivals","tag-kiel","tag-kieler-woche","tag-ndr-buhne","tag-right-said-fred"],"aioseo_notices":[],"jetpack_publicize_connections":[],"jetpack_featured_media_url":"http:\/\/www.rockpixx.com\/wordpress\/wp-content\/uploads\/2013\/01\/20090626-02-right-said-fred-Artikel.jpg","jetpack-related-posts":[{"id":5429,"url":"http:\/\/www.rockpixx.com\/wordpress\/madcon-25-06-2009-kiel-ndr-buhne\/","url_meta":{"origin":5498,"position":0},"title":"Madcon, 25.06.2009, Kiel, NDR-B\u00fchne","author":"Anja","date":"25. Juni 2009","format":false,"excerpt":"Heute hatte Petrus kein Mitleid mit uns ... es goss wie aus K\u00fcbeln. Ich wartete in einem einigerma\u00dfen trockenen Platz auf den Beginn des Konzertes und hatte eigentlich keine Lust angesichts der str\u00f6menden und sturmartigen Sturzb\u00e4che, die da vom Himmel herabfielen, das Konzert zu fotografieren. Aber wie hei\u00dft es so\u2026","rel":"","context":"In &quot;Acts&quot;","block_context":{"text":"Acts","link":"http:\/\/www.rockpixx.com\/wordpress\/category\/acts\/"},"img":{"alt_text":"Madcon, 25.06.2009, Kiel, NDR-B\u00fchne","src":"https:\/\/i0.wp.com\/www.rockpixx.com\/wordpress\/wp-content\/uploads\/2013\/01\/20090625-01-madcon-Artikel.jpg?resize=350%2C200","width":350,"height":200,"srcset":"https:\/\/i0.wp.com\/www.rockpixx.com\/wordpress\/wp-content\/uploads\/2013\/01\/20090625-01-madcon-Artikel.jpg?resize=350%2C200 1x, https:\/\/i0.wp.com\/www.rockpixx.com\/wordpress\/wp-content\/uploads\/2013\/01\/20090625-01-madcon-Artikel.jpg?resize=525%2C300 1.5x, https:\/\/i0.wp.com\/www.rockpixx.com\/wordpress\/wp-content\/uploads\/2013\/01\/20090625-01-madcon-Artikel.jpg?resize=700%2C400 2x"},"classes":[]},{"id":11136,"url":"http:\/\/www.rockpixx.com\/wordpress\/alive-and-kicking-24-06-2013-kiel-ndr-buhne\/","url_meta":{"origin":5498,"position":1},"title":"Alive &#038; Kicking, 24.06.2013, Kiel, NDR-B\u00fchne","author":"Anja","date":"25. Juni 2013","format":false,"excerpt":"\u201eAlive & Kicking\u201c \u2013 eine der besten Simple Minds Tributebands \u2013 sind der Grund, dass ich mich zu sp\u00e4ter Stunde noch auf den Weg zur NDR-B\u00fchne mache. Inst\u00e4ndig hoffe ich, dass der K\u00fcnstler davor schon das \u201eTaxi nach Paris\u201c bestiegen hat und die B\u00fchne frei w\u00e4re\u2026 Pustekuchen! Also darf ich\u2026","rel":"","context":"In &quot;Acts&quot;","block_context":{"text":"Acts","link":"http:\/\/www.rockpixx.com\/wordpress\/category\/acts\/"},"img":{"alt_text":"","src":"https:\/\/i0.wp.com\/www.rockpixx.com\/wordpress\/wp-content\/uploads\/2013\/06\/20130624-03-033_alive-and-kicking-Artikel.jpg?resize=350%2C200","width":350,"height":200,"srcset":"https:\/\/i0.wp.com\/www.rockpixx.com\/wordpress\/wp-content\/uploads\/2013\/06\/20130624-03-033_alive-and-kicking-Artikel.jpg?resize=350%2C200 1x, https:\/\/i0.wp.com\/www.rockpixx.com\/wordpress\/wp-content\/uploads\/2013\/06\/20130624-03-033_alive-and-kicking-Artikel.jpg?resize=525%2C300 1.5x, https:\/\/i0.wp.com\/www.rockpixx.com\/wordpress\/wp-content\/uploads\/2013\/06\/20130624-03-033_alive-and-kicking-Artikel.jpg?resize=700%2C400 2x"},"classes":[]},{"id":7743,"url":"http:\/\/www.rockpixx.com\/wordpress\/johannes-oerding-19-06-2011-kiel-ndr-buhne\/","url_meta":{"origin":5498,"position":2},"title":"Johannes Oerding, 19.06.2011, Kiel, NDR-B\u00fchne","author":"Anja","date":"19. Juni 2011","format":false,"excerpt":"Vor der NDR B\u00fchne steht schon eine gro\u00dfe Traube weiblichen Publikums, welche auf Johannes Oerding wartet. Leider war nicht der ganze Platz voll, was aber nicht an Johannes Oerding lag, sondern an dem \u201ePl\u00f6dder\u201c-Regen der uns hier oben an der K\u00fcste den Sonntagnachmittag versaute. Ich hatte auch schon nach der\u2026","rel":"","context":"In &quot;Acts&quot;","block_context":{"text":"Acts","link":"http:\/\/www.rockpixx.com\/wordpress\/category\/acts\/"},"img":{"alt_text":"Johannes Oerding, 19.06.2011, Kiel, NDR-B\u00fchne","src":"https:\/\/i0.wp.com\/www.rockpixx.com\/wordpress\/wp-content\/uploads\/2013\/01\/20110619-04-johannes-oerding-Artikel.jpg?resize=350%2C200","width":350,"height":200,"srcset":"https:\/\/i0.wp.com\/www.rockpixx.com\/wordpress\/wp-content\/uploads\/2013\/01\/20110619-04-johannes-oerding-Artikel.jpg?resize=350%2C200 1x, https:\/\/i0.wp.com\/www.rockpixx.com\/wordpress\/wp-content\/uploads\/2013\/01\/20110619-04-johannes-oerding-Artikel.jpg?resize=525%2C300 1.5x, https:\/\/i0.wp.com\/www.rockpixx.com\/wordpress\/wp-content\/uploads\/2013\/01\/20110619-04-johannes-oerding-Artikel.jpg?resize=700%2C400 2x"},"classes":[]},{"id":6734,"url":"http:\/\/www.rockpixx.com\/wordpress\/one-fine-day-22-06-2010-kiel-unser-norden-buhne\/","url_meta":{"origin":5498,"position":3},"title":"One Fine Day, 22.06.2010, Kiel, Unser Norden-B\u00fchne","author":"Anja","date":"22. Juni 2010","format":false,"excerpt":"So heute der zweite Anlauf auf der Unser Norden-B\u00fchne. Hoffentlich ist das Management von \u201eOne Fine Day\u201c vern\u00fcnftiger. Ich kam an der B\u00fchne an und war auch etwas erleichtert, als es hie\u00df, \u201edie Presse darf in den Graben\u201c. Sonst w\u00e4ren heute f\u00fcr Euch nicht so viele Bilder hier online gegangen.\u00a0Die\u2026","rel":"","context":"In &quot;Acts&quot;","block_context":{"text":"Acts","link":"http:\/\/www.rockpixx.com\/wordpress\/category\/acts\/"},"img":{"alt_text":"One Fine Day, 22.06.2010, Kiel, Unser Norden-B\u00fchne","src":"https:\/\/i0.wp.com\/www.rockpixx.com\/wordpress\/wp-content\/uploads\/2013\/01\/20100622-04-one-fine-day-Artikel.jpg?resize=350%2C200","width":350,"height":200,"srcset":"https:\/\/i0.wp.com\/www.rockpixx.com\/wordpress\/wp-content\/uploads\/2013\/01\/20100622-04-one-fine-day-Artikel.jpg?resize=350%2C200 1x, https:\/\/i0.wp.com\/www.rockpixx.com\/wordpress\/wp-content\/uploads\/2013\/01\/20100622-04-one-fine-day-Artikel.jpg?resize=525%2C300 1.5x, https:\/\/i0.wp.com\/www.rockpixx.com\/wordpress\/wp-content\/uploads\/2013\/01\/20100622-04-one-fine-day-Artikel.jpg?resize=700%2C400 2x"},"classes":[]},{"id":14768,"url":"http:\/\/www.rockpixx.com\/wordpress\/mr-rod-23-06-2014-kiel-ndr-buehne\/","url_meta":{"origin":5498,"position":4},"title":"Mr. Rod, 23.06.2014, Kiel, NDR-B\u00fchne","author":"admin","date":"24. Juni 2014","format":false,"excerpt":"Mr. Rod ist meine erste Tributeband zum Thema Rod Stewart und ich war schon gespannt wie sich Mr. Rod auf der NDR-B\u00fchne pr\u00e4sentiert. Jahn Bastick von NDR Welle Nord f\u00fchrte an diesem Abend durchs Programm und bei den Programmank\u00fcndigungen w\u00e4hrend des gesamten Abends kamen immer wieder die Schlagworte: \u201e\u2026er h\u00f6rt\u2026","rel":"","context":"In &quot;Acts&quot;","block_context":{"text":"Acts","link":"http:\/\/www.rockpixx.com\/wordpress\/category\/acts\/"},"img":{"alt_text":"Mr. Rod, 23.06.2014, Kiel, NDR-B\u00fchne","src":"https:\/\/i0.wp.com\/www.rockpixx.com\/wordpress\/wp-content\/uploads\/2014\/06\/20140623-06-072_mr-rod_Artikel.jpg?resize=350%2C200","width":350,"height":200,"srcset":"https:\/\/i0.wp.com\/www.rockpixx.com\/wordpress\/wp-content\/uploads\/2014\/06\/20140623-06-072_mr-rod_Artikel.jpg?resize=350%2C200 1x, https:\/\/i0.wp.com\/www.rockpixx.com\/wordpress\/wp-content\/uploads\/2014\/06\/20140623-06-072_mr-rod_Artikel.jpg?resize=525%2C300 1.5x, https:\/\/i0.wp.com\/www.rockpixx.com\/wordpress\/wp-content\/uploads\/2014\/06\/20140623-06-072_mr-rod_Artikel.jpg?resize=700%2C400 2x"},"classes":[]},{"id":11198,"url":"http:\/\/www.rockpixx.com\/wordpress\/laing-26-06-2013-kiel-ndr-buhne\/","url_meta":{"origin":5498,"position":5},"title":"Laing, 26.06.2013, Kiel, NDR-B\u00fchne","author":"Anja","date":"27. Juni 2013","format":false,"excerpt":"Da beeilt man sich, um p\u00fcnktlich zu Beginn des Konzertes um 20:00 Uhr im Graben vor der NDR-B\u00fchne zu sein und dann ist auf dem Gel\u00e4nde plakatiert: \u201eBeginn 20:30 Uhr\u201c. Ok, bleibt also Zeit f\u00fcr Gespr\u00e4che mit Fotokollegen und\u00a0 gemeinsames Schwelgen in Erinnerungen. Zwischenzeitlich noch ein kurzes Gespr\u00e4ch mit dem\u2026","rel":"","context":"In &quot;Acts&quot;","block_context":{"text":"Acts","link":"http:\/\/www.rockpixx.com\/wordpress\/category\/acts\/"},"img":{"alt_text":"","src":"https:\/\/i0.wp.com\/www.rockpixx.com\/wordpress\/wp-content\/uploads\/2013\/06\/20130626-02-010_laing-Artikel.jpg?resize=350%2C200","width":350,"height":200,"srcset":"https:\/\/i0.wp.com\/www.rockpixx.com\/wordpress\/wp-content\/uploads\/2013\/06\/20130626-02-010_laing-Artikel.jpg?resize=350%2C200 1x, https:\/\/i0.wp.com\/www.rockpixx.com\/wordpress\/wp-content\/uploads\/2013\/06\/20130626-02-010_laing-Artikel.jpg?resize=525%2C300 1.5x, https:\/\/i0.wp.com\/www.rockpixx.com\/wordpress\/wp-content\/uploads\/2013\/06\/20130626-02-010_laing-Artikel.jpg?resize=700%2C400 2x"},"classes":[]}],"jetpack_sharing_enabled":true,"publishpress_future_action":{"enabled":false,"date":"2026-05-09 12:37:59","action":"change-status","newStatus":"draft","terms":[],"taxonomy":"category","extraData":[]},"publishpress_future_workflow_manual_trigger":{"enabledWorkflows":[]},"_links":{"self":[{"href":"http:\/\/www.rockpixx.com\/wordpress\/wp-json\/wp\/v2\/posts\/5498","targetHints":{"allow":["GET"]}}],"collection":[{"href":"http:\/\/www.rockpixx.com\/wordpress\/wp-json\/wp\/v2\/posts"}],"about":[{"href":"http:\/\/www.rockpixx.com\/wordpress\/wp-json\/wp\/v2\/types\/post"}],"author":[{"embeddable":true,"href":"http:\/\/www.rockpixx.com\/wordpress\/wp-json\/wp\/v2\/users\/2"}],"replies":[{"embeddable":true,"href":"http:\/\/www.rockpixx.com\/wordpress\/wp-json\/wp\/v2\/comments?post=5498"}],"version-history":[{"count":0,"href":"http:\/\/www.rockpixx.com\/wordpress\/wp-json\/wp\/v2\/posts\/5498\/revisions"}],"wp:featuredmedia":[{"embeddable":true,"href":"http:\/\/www.rockpixx.com\/wordpress\/wp-json\/wp\/v2\/media\/5499"}],"wp:attachment":[{"href":"http:\/\/www.rockpixx.com\/wordpress\/wp-json\/wp\/v2\/media?parent=5498"}],"wp:term":[{"taxonomy":"category","embeddable":true,"href":"http:\/\/www.rockpixx.com\/wordpress\/wp-json\/wp\/v2\/categories?post=5498"},{"taxonomy":"post_tag","embeddable":true,"href":"http:\/\/www.rockpixx.com\/wordpress\/wp-json\/wp\/v2\/tags?post=5498"}],"curies":[{"name":"wp","href":"https:\/\/api.w.org\/{rel}","templated":true}]}}