{"id":5542,"date":"2009-06-26T05:00:42","date_gmt":"2009-06-26T03:00:42","guid":{"rendered":"http:\/\/rockpixx.com\/wordpress\/?p=5542"},"modified":"2013-01-27T16:18:15","modified_gmt":"2013-01-27T14:18:15","slug":"illegal-2001-26-06-2009-kiel-kieler-woche-musikzelt","status":"publish","type":"post","link":"http:\/\/www.rockpixx.com\/wordpress\/illegal-2001-26-06-2009-kiel-kieler-woche-musikzelt\/","title":{"rendered":"Illegal 2001, 26.06.2009, Kiel, Kieler Woche Musikzelt"},"content":{"rendered":"<p>Eine Kultband im Norden von denen leider noch nix nach \u00d6sterreich gedrungen ist. Witzig war schon die B\u00fchnendeko: An den Keyboards hing eine Lichterkette aus roten Herzchen und an die Drums waren Sonnenblumen gesteckt worden.<!--more--> Vor dem S\u00e4nger stand ein kleines Pult, an dem auch Sonnenblumen steckten und davor hing ein kleines St\u00fcck Regenrinne voller Bananen.<\/p>\n<p>Der Einmarsch der Band hatte was: Alle Musiker hatten Sonnenbrillen und schwarze Per\u00fccken auf &#8211; dazu blaue Trainingsanz\u00fcge und sie kamen im goovigem Gleichschritt auf die B\u00fchne.<\/p>\n<p>Auch wieder ein Konzert, auf dem ich gerne l\u00e4nger geblieben w\u00e4re, aber wie so oft ruft schon der n\u00e4chste Gig, also auf zu PowerAge an die MaxB\u00fchne.<\/p>\n<p style=\"text-align: right;\">Fotos:\u00a0<a href=\"mailto:a.roselt@rockpixx.com?subject=Fotos%20von%20Illegal%202001,%20Kiel%20%E2%80%9EKieler%20Woche%20Musikzelt%E2%80%9C,%2026.06.2009\">Anja<\/a>\u00a0| Text:\u00a0<a href=\"mailto:a.roselt@rockpixx.com?subject=Reviewtext%20von%20Illegal%202001,%20Kiel%20%E2%80%9EKieler%20Woche%20Musikzelt%E2%80%9C,%2026.06.2009\">Anja<\/a><\/p>\n<p style=\"text-align: left;\"><div class=\"eat-left eat-right\"><div class=\"thumbs-masonry isotope\"><div class=\"isotope-item block-2 block-h-2\"><a href=\"http:\/\/www.rockpixx.com\/wordpress\/wp-content\/uploads\/2013\/01\/20090626-05-015.jpg\" rel=\"prettyPhoto[postgal_5544]\" class=\"show-hover-link block-h-2\"\"><img decoding=\"async\" src=\"http:\/\/www.rockpixx.com\/wordpress\/wp-content\/uploads\/2013\/01\/20090626-05-015-480x400.jpg\" alt=\"Illegal 2001, 26.06.2009, Kiel, Kieler Woche Musikzelt\"\/><span class=\"before\"><\/span><span class=\"after\"><\/span><\/a><\/div><div class=\"isotope-item block-1 block-h-1\"><a href=\"http:\/\/www.rockpixx.com\/wordpress\/wp-content\/uploads\/2013\/01\/20090626-05-060.jpg\" rel=\"prettyPhoto[postgal_5544]\" class=\"show-hover-link block-h-1\"\"><img decoding=\"async\" src=\"http:\/\/www.rockpixx.com\/wordpress\/wp-content\/uploads\/2013\/01\/20090626-05-060-480x400.jpg\" alt=\"Illegal 2001, 26.06.2009, Kiel, Kieler Woche Musikzelt\"\/><span class=\"before\"><\/span><span class=\"after\"><\/span><\/a><\/div><div class=\"isotope-item block-1 block-h-1\"><a href=\"http:\/\/www.rockpixx.com\/wordpress\/wp-content\/uploads\/2013\/01\/20090626-05-063.jpg\" rel=\"prettyPhoto[postgal_5544]\" class=\"show-hover-link block-h-1\"\"><img decoding=\"async\" src=\"http:\/\/www.rockpixx.com\/wordpress\/wp-content\/uploads\/2013\/01\/20090626-05-063-480x400.jpg\" alt=\"Illegal 2001, 26.06.2009, Kiel, Kieler Woche Musikzelt\"\/><span class=\"before\"><\/span><span class=\"after\"><\/span><\/a><\/div><div class=\"isotope-item block-2 block-h-2\"><a href=\"http:\/\/www.rockpixx.com\/wordpress\/wp-content\/uploads\/2013\/01\/20090626-05-075.jpg\" rel=\"prettyPhoto[postgal_5544]\" class=\"show-hover-link block-h-2\"\"><img decoding=\"async\" src=\"http:\/\/www.rockpixx.com\/wordpress\/wp-content\/uploads\/2013\/01\/20090626-05-075-480x400.jpg\" alt=\"Illegal 2001, 26.06.2009, Kiel, Kieler Woche Musikzelt\"\/><span class=\"before\"><\/span><span class=\"after\"><\/span><\/a><\/div><div class=\"isotope-item block-1 block-h-1\"><a href=\"http:\/\/www.rockpixx.com\/wordpress\/wp-content\/uploads\/2013\/01\/20090626-05-076.jpg\" rel=\"prettyPhoto[postgal_5544]\" class=\"show-hover-link block-h-1\"\"><img decoding=\"async\" src=\"http:\/\/www.rockpixx.com\/wordpress\/wp-content\/uploads\/2013\/01\/20090626-05-076-480x400.jpg\" alt=\"Illegal 2001, 26.06.2009, Kiel, Kieler Woche Musikzelt\"\/><span class=\"before\"><\/span><span class=\"after\"><\/span><\/a><\/div><div class=\"isotope-item block-1 block-h-1\"><a href=\"http:\/\/www.rockpixx.com\/wordpress\/wp-content\/uploads\/2013\/01\/20090626-05-095.jpg\" rel=\"prettyPhoto[postgal_5544]\" class=\"show-hover-link block-h-1\"\"><img decoding=\"async\" src=\"http:\/\/www.rockpixx.com\/wordpress\/wp-content\/uploads\/2013\/01\/20090626-05-095-480x400.jpg\" alt=\"Illegal 2001, 26.06.2009, Kiel, Kieler Woche Musikzelt\"\/><span class=\"before\"><\/span><span class=\"after\"><\/span><\/a><\/div><div class=\"isotope-item block-2 block-h-2\"><a href=\"http:\/\/www.rockpixx.com\/wordpress\/wp-content\/uploads\/2013\/01\/20090626-05-106.jpg\" rel=\"prettyPhoto[postgal_5544]\" class=\"show-hover-link block-h-2\"\"><img decoding=\"async\" src=\"http:\/\/www.rockpixx.com\/wordpress\/wp-content\/uploads\/2013\/01\/20090626-05-106-480x400.jpg\" alt=\"Illegal 2001, 26.06.2009, Kiel, Kieler Woche Musikzelt\"\/><span class=\"before\"><\/span><span class=\"after\"><\/span><\/a><\/div><div class=\"isotope-item block-1 block-h-1\"><a href=\"http:\/\/www.rockpixx.com\/wordpress\/wp-content\/uploads\/2013\/01\/20090626-05-119.jpg\" rel=\"prettyPhoto[postgal_5544]\" class=\"show-hover-link block-h-1\"\"><img decoding=\"async\" src=\"http:\/\/www.rockpixx.com\/wordpress\/wp-content\/uploads\/2013\/01\/20090626-05-119-480x400.jpg\" alt=\"Illegal 2001, 26.06.2009, Kiel, Kieler Woche Musikzelt\"\/><span class=\"before\"><\/span><span class=\"after\"><\/span><\/a><\/div><div class=\"isotope-item block-1 block-h-1\"><a href=\"http:\/\/www.rockpixx.com\/wordpress\/wp-content\/uploads\/2013\/01\/20090626-05-120.jpg\" rel=\"prettyPhoto[postgal_5544]\" class=\"show-hover-link block-h-1\"\"><img decoding=\"async\" src=\"http:\/\/www.rockpixx.com\/wordpress\/wp-content\/uploads\/2013\/01\/20090626-05-120-480x400.jpg\" alt=\"Illegal 2001, 26.06.2009, Kiel, Kieler Woche Musikzelt\"\/><span class=\"before\"><\/span><span class=\"after\"><\/span><\/a><\/div><div class=\"isotope-item block-2 block-h-2\"><a href=\"http:\/\/www.rockpixx.com\/wordpress\/wp-content\/uploads\/2013\/01\/20090626-05-122.jpg\" rel=\"prettyPhoto[postgal_5544]\" class=\"show-hover-link block-h-2\"\"><img decoding=\"async\" src=\"http:\/\/www.rockpixx.com\/wordpress\/wp-content\/uploads\/2013\/01\/20090626-05-122-480x400.jpg\" alt=\"Illegal 2001, 26.06.2009, Kiel, Kieler Woche Musikzelt\"\/><span class=\"before\"><\/span><span class=\"after\"><\/span><\/a><\/div><\/div><\/div><\/p>\n","protected":false},"excerpt":{"rendered":"<p>Eine Kultband im Norden von denen leider noch nix nach \u00d6sterreich gedrungen ist. Witzig war <a href=\"http:\/\/www.rockpixx.com\/wordpress\/illegal-2001-26-06-2009-kiel-kieler-woche-musikzelt\/\">Read more<\/a><\/p>\n","protected":false},"author":2,"featured_media":5543,"comment_status":"open","ping_status":"open","sticky":false,"template":"","format":"standard","meta":{"_jetpack_memberships_contains_paid_content":false,"footnotes":"","jetpack_publicize_message":"","jetpack_publicize_feature_enabled":true,"jetpack_social_post_already_shared":true,"jetpack_social_options":{"image_generator_settings":{"template":"highway","default_image_id":0,"font":"","enabled":false},"version":2}},"categories":[34,454],"tags":[1831,133,1841,1735,138,766],"class_list":["post-5542","post","type-post","status-publish","format-standard","has-post-thumbnail","hentry","category-acts","category-illegal-2001","tag-1831","tag-festivals","tag-illegal-2001","tag-kiel","tag-kieler-woche","tag-kieler-woche-musikzelt"],"aioseo_notices":[],"jetpack_publicize_connections":[],"jetpack_featured_media_url":"http:\/\/www.rockpixx.com\/wordpress\/wp-content\/uploads\/2013\/01\/20090626-05-illegal-2001-Artikel.jpg","jetpack-related-posts":[{"id":6958,"url":"http:\/\/www.rockpixx.com\/wordpress\/illegal-2001-25-06-2010-kiel-kieler-woche-musikzelt\/","url_meta":{"origin":5542,"position":0},"title":"Illegal 2001, 25.06.2010, Kiel, Kieler Woche Musikzelt","author":"Anja","date":"25. Juni 2010","format":false,"excerpt":"Die (Garten-) Zwerge kommen! Und das so richtig mit dem vollen Programm, also mit Gie\u00dfkanne, Spaten und so weiter\u2026 Aber sp\u00e4testens mit den ersten Riffs erweisen sie sich dann als ausgewachsene Rocker und an die Zwerge erinnert auch nur noch das Outfit von \u201eIllegal 2001\u201c \u2013 sonst nichts. Richtig feine\u2026","rel":"","context":"In &quot;Acts&quot;","block_context":{"text":"Acts","link":"http:\/\/www.rockpixx.com\/wordpress\/category\/acts\/"},"img":{"alt_text":"Illegal 2001 auf rockpixx.com","src":"https:\/\/i0.wp.com\/www.rockpixx.com\/wordpress\/wp-content\/uploads\/2013\/01\/20100625-04-illegal-2001-Artikel.jpg?resize=350%2C200","width":350,"height":200,"srcset":"https:\/\/i0.wp.com\/www.rockpixx.com\/wordpress\/wp-content\/uploads\/2013\/01\/20100625-04-illegal-2001-Artikel.jpg?resize=350%2C200 1x, https:\/\/i0.wp.com\/www.rockpixx.com\/wordpress\/wp-content\/uploads\/2013\/01\/20100625-04-illegal-2001-Artikel.jpg?resize=525%2C300 1.5x, https:\/\/i0.wp.com\/www.rockpixx.com\/wordpress\/wp-content\/uploads\/2013\/01\/20100625-04-illegal-2001-Artikel.jpg?resize=700%2C400 2x"},"classes":[]},{"id":11216,"url":"http:\/\/www.rockpixx.com\/wordpress\/illegal-2001-26-06-2013-kiel-kieler-woche-musikzelt\/","url_meta":{"origin":5542,"position":1},"title":"Illegal 2001, 26.06.2013, Kiel, Kieler Woche Musikzelt","author":"Anja","date":"27. Juni 2013","format":false,"excerpt":"\u00a1Caramba! Da entern waschechte Desperados die B\u00fchne und damit man als geneigter Zuschauer auch wei\u00df, wer welches Instrument spielt, werden beim Einmarsch sicherheitshalber gro\u00dfe Tafeln hochgehalten, die mit \u201eguitarra\u201c, \u201epiano\u201c, \u201ecanto\u201c und \u00c4hnlichem beschriftet sind. Aber eigentlich ist es egal, wer welches Instrument spielt, Hauptsache, es hei\u00dft\u00a0 nun \u201e\u00a1Buenas Noches!\u2026","rel":"","context":"In &quot;Acts&quot;","block_context":{"text":"Acts","link":"http:\/\/www.rockpixx.com\/wordpress\/category\/acts\/"},"img":{"alt_text":"","src":"https:\/\/i0.wp.com\/www.rockpixx.com\/wordpress\/wp-content\/uploads\/2013\/06\/20130626-04-011_illegal-2001-Artikel.jpg?resize=350%2C200","width":350,"height":200,"srcset":"https:\/\/i0.wp.com\/www.rockpixx.com\/wordpress\/wp-content\/uploads\/2013\/06\/20130626-04-011_illegal-2001-Artikel.jpg?resize=350%2C200 1x, https:\/\/i0.wp.com\/www.rockpixx.com\/wordpress\/wp-content\/uploads\/2013\/06\/20130626-04-011_illegal-2001-Artikel.jpg?resize=525%2C300 1.5x, https:\/\/i0.wp.com\/www.rockpixx.com\/wordpress\/wp-content\/uploads\/2013\/06\/20130626-04-011_illegal-2001-Artikel.jpg?resize=700%2C400 2x"},"classes":[]},{"id":6948,"url":"http:\/\/www.rockpixx.com\/wordpress\/lifeline-25-06-2010-kiel-kieler-woche-musikzelt\/","url_meta":{"origin":5542,"position":2},"title":"Lifeline, 25.06.2010, Kiel, Kieler Woche Musikzelt","author":"Anja","date":"25. Juni 2010","format":false,"excerpt":"Ich war viel zu fr\u00fch im Kieler Woche Musikzelt! Eigentlich h\u00e4tte ich es wissen sollen: Dort fangen alle Gigs immer mit ordentlich Versp\u00e4tung an \u2013 ganz im Gegensatz zu anderen B\u00fchnen, wo es p\u00fcnktlich auf die Minute losgeht. Aber egal. Gekommen war ich wegen \u201eIllegal 2001\u201c, aber es spielte noch\u2026","rel":"","context":"In &quot;Acts&quot;","block_context":{"text":"Acts","link":"http:\/\/www.rockpixx.com\/wordpress\/category\/acts\/"},"img":{"alt_text":"Lifeline, 25.06.2010, Kiel, Kieler Woche Musikzelt","src":"https:\/\/i0.wp.com\/www.rockpixx.com\/wordpress\/wp-content\/uploads\/2013\/01\/20100625-03-lifeline-Artikel.jpg?resize=350%2C200","width":350,"height":200,"srcset":"https:\/\/i0.wp.com\/www.rockpixx.com\/wordpress\/wp-content\/uploads\/2013\/01\/20100625-03-lifeline-Artikel.jpg?resize=350%2C200 1x, https:\/\/i0.wp.com\/www.rockpixx.com\/wordpress\/wp-content\/uploads\/2013\/01\/20100625-03-lifeline-Artikel.jpg?resize=525%2C300 1.5x, https:\/\/i0.wp.com\/www.rockpixx.com\/wordpress\/wp-content\/uploads\/2013\/01\/20100625-03-lifeline-Artikel.jpg?resize=700%2C400 2x"},"classes":[]},{"id":6751,"url":"http:\/\/www.rockpixx.com\/wordpress\/wohnraumhelden-22-06-2010-kiel-kieler-woche-musikzelt\/","url_meta":{"origin":5542,"position":3},"title":"Wohnraumhelden, 22.06.2010, Kiel, Kieler Woche Musikzelt","author":"Anja","date":"22. Juni 2010","format":false,"excerpt":"\u201eWir sind Wohnraumhelden und kommen aus Hannover Slash Linden. Wir treten ein f\u00fcr die Verbesserung der Welt.\u201c \u2013 Und dann folgt ein Song mit dem Titel \u201eFleischsalat\u201c! Tja\u2026 was soll man dann noch machen, wenn man beinahe vor Lachen auf dem Boden liegt? Vor allem dann, wenn nach dem Song\u2026","rel":"","context":"In &quot;Acts&quot;","block_context":{"text":"Acts","link":"http:\/\/www.rockpixx.com\/wordpress\/category\/acts\/"},"img":{"alt_text":"Wohnraumhelden, 22.06.2010, Kiel, Kieler Woche Musikzelt","src":"https:\/\/i0.wp.com\/www.rockpixx.com\/wordpress\/wp-content\/uploads\/2013\/01\/20100622-05-wohnraumhelden-Artikel.jpg?resize=350%2C200","width":350,"height":200,"srcset":"https:\/\/i0.wp.com\/www.rockpixx.com\/wordpress\/wp-content\/uploads\/2013\/01\/20100622-05-wohnraumhelden-Artikel.jpg?resize=350%2C200 1x, https:\/\/i0.wp.com\/www.rockpixx.com\/wordpress\/wp-content\/uploads\/2013\/01\/20100622-05-wohnraumhelden-Artikel.jpg?resize=525%2C300 1.5x, https:\/\/i0.wp.com\/www.rockpixx.com\/wordpress\/wp-content\/uploads\/2013\/01\/20100622-05-wohnraumhelden-Artikel.jpg?resize=700%2C400 2x"},"classes":[]},{"id":4939,"url":"http:\/\/www.rockpixx.com\/wordpress\/torfrock-21-06-2009-kiel-kieler-woche-musikzelt\/","url_meta":{"origin":5542,"position":4},"title":"Torfrock, 21.06.2009, Kiel, Kieler Woche Musikzelt","author":"Anja","date":"21. Juni 2009","format":false,"excerpt":"\u2026 eine Band, die seit den \u201eWerner Beinhart-Zeiten\u201c auch \u00fcber die Grenzen ihrer n\u00f6rdlichen Heimat bekannt geworden ist. Das Musikzelt auf der Kieler Woche war gerammelt voll und die gleiche Menge an Zuschauern stand noch vor den Absperrungen und w\u00e4re gerne im Zelt dabei gewesen. Bei einem Blick in die\u2026","rel":"","context":"In &quot;Acts&quot;","block_context":{"text":"Acts","link":"http:\/\/www.rockpixx.com\/wordpress\/category\/acts\/"},"img":{"alt_text":"Torfrock, 21.06.2009, Kiel, Kieler Woche Musikzelt","src":"https:\/\/i0.wp.com\/www.rockpixx.com\/wordpress\/wp-content\/uploads\/2012\/06\/20090621-05-torfrock-Artikel.jpg?resize=350%2C200","width":350,"height":200,"srcset":"https:\/\/i0.wp.com\/www.rockpixx.com\/wordpress\/wp-content\/uploads\/2012\/06\/20090621-05-torfrock-Artikel.jpg?resize=350%2C200 1x, https:\/\/i0.wp.com\/www.rockpixx.com\/wordpress\/wp-content\/uploads\/2012\/06\/20090621-05-torfrock-Artikel.jpg?resize=525%2C300 1.5x, https:\/\/i0.wp.com\/www.rockpixx.com\/wordpress\/wp-content\/uploads\/2012\/06\/20090621-05-torfrock-Artikel.jpg?resize=700%2C400 2x"},"classes":[]},{"id":6637,"url":"http:\/\/www.rockpixx.com\/wordpress\/big-maggas-21-06-2010-kiel-kieler-woche-musikzelt\/","url_meta":{"origin":5542,"position":5},"title":"Big Maggas, 21.06.2010, Kiel, Kieler Woche Musikzelt","author":"Anja","date":"21. Juni 2010","format":false,"excerpt":"So und jetzt Kontrastprogramm\u2026 Big Maggas eine Kultband aus Hamburg. Eine Partyband, die es versteht, Ihr Publikum zu unterhalten. Los ging es schon mit der B\u00fchne, da stand ein K\u00e4fig f\u00fcr einen der Musiker und was mich freute, war, dass das Podest f\u00fcr die Drums am linken B\u00fchnenrand stand. So\u2026","rel":"","context":"In &quot;Acts&quot;","block_context":{"text":"Acts","link":"http:\/\/www.rockpixx.com\/wordpress\/category\/acts\/"},"img":{"alt_text":"Big Maggas, 21.06.2010, Kiel, Kieler Woche Musikzelt","src":"https:\/\/i0.wp.com\/www.rockpixx.com\/wordpress\/wp-content\/uploads\/2013\/01\/20100621-06-big-maggas-Artikel.jpg?resize=350%2C200","width":350,"height":200,"srcset":"https:\/\/i0.wp.com\/www.rockpixx.com\/wordpress\/wp-content\/uploads\/2013\/01\/20100621-06-big-maggas-Artikel.jpg?resize=350%2C200 1x, https:\/\/i0.wp.com\/www.rockpixx.com\/wordpress\/wp-content\/uploads\/2013\/01\/20100621-06-big-maggas-Artikel.jpg?resize=525%2C300 1.5x, https:\/\/i0.wp.com\/www.rockpixx.com\/wordpress\/wp-content\/uploads\/2013\/01\/20100621-06-big-maggas-Artikel.jpg?resize=700%2C400 2x"},"classes":[]}],"jetpack_sharing_enabled":true,"publishpress_future_action":{"enabled":false,"date":"2026-05-07 21:49:49","action":"change-status","newStatus":"draft","terms":[],"taxonomy":"category","extraData":[]},"publishpress_future_workflow_manual_trigger":{"enabledWorkflows":[]},"_links":{"self":[{"href":"http:\/\/www.rockpixx.com\/wordpress\/wp-json\/wp\/v2\/posts\/5542","targetHints":{"allow":["GET"]}}],"collection":[{"href":"http:\/\/www.rockpixx.com\/wordpress\/wp-json\/wp\/v2\/posts"}],"about":[{"href":"http:\/\/www.rockpixx.com\/wordpress\/wp-json\/wp\/v2\/types\/post"}],"author":[{"embeddable":true,"href":"http:\/\/www.rockpixx.com\/wordpress\/wp-json\/wp\/v2\/users\/2"}],"replies":[{"embeddable":true,"href":"http:\/\/www.rockpixx.com\/wordpress\/wp-json\/wp\/v2\/comments?post=5542"}],"version-history":[{"count":0,"href":"http:\/\/www.rockpixx.com\/wordpress\/wp-json\/wp\/v2\/posts\/5542\/revisions"}],"wp:featuredmedia":[{"embeddable":true,"href":"http:\/\/www.rockpixx.com\/wordpress\/wp-json\/wp\/v2\/media\/5543"}],"wp:attachment":[{"href":"http:\/\/www.rockpixx.com\/wordpress\/wp-json\/wp\/v2\/media?parent=5542"}],"wp:term":[{"taxonomy":"category","embeddable":true,"href":"http:\/\/www.rockpixx.com\/wordpress\/wp-json\/wp\/v2\/categories?post=5542"},{"taxonomy":"post_tag","embeddable":true,"href":"http:\/\/www.rockpixx.com\/wordpress\/wp-json\/wp\/v2\/tags?post=5542"}],"curies":[{"name":"wp","href":"https:\/\/api.w.org\/{rel}","templated":true}]}}